{"id":32119,"date":"2017-06-09T08:00:45","date_gmt":"2017-06-09T11:00:45","guid":{"rendered":"http:\/\/anoticiaonline.com.br\/site\/?p=32119"},"modified":"2017-06-22T19:24:41","modified_gmt":"2017-06-22T22:24:41","slug":"fundacao-cristiano-varella-conquista-premio-enats-de-boas-praticas-de-gestao-do-terceiro-setor","status":"publish","type":"post","link":"https:\/\/anoticiaonline.com.br\/site\/fundacao-cristiano-varella-conquista-premio-enats-de-boas-praticas-de-gestao-do-terceiro-setor\/","title":{"rendered":"Funda\u00e7\u00e3o Cristiano Varella conquista Pr\u00eamio \u201cENATS de Boas Pr\u00e1ticas de Gest\u00e3o do Terceiro Setor\u201d"},"content":{"rendered":"<p><a href=\"https:\/\/anoticiaonline.com.br\/site\/wp-content\/uploads\/2017\/06\/IMG_20170605_205856.jpg\"><img fetchpriority=\"high\" decoding=\"async\" class=\" size-medium wp-image-32120 alignleft\" src=\"https:\/\/anoticiaonline.com.br\/site\/wp-content\/uploads\/2017\/06\/IMG_20170605_205856-300x173.jpg\" alt=\"IMG_20170605_205856\" width=\"300\" height=\"173\" srcset=\"https:\/\/anoticiaonline.com.br\/site\/wp-content\/uploads\/2017\/06\/IMG_20170605_205856-300x173.jpg 300w, https:\/\/anoticiaonline.com.br\/site\/wp-content\/uploads\/2017\/06\/IMG_20170605_205856.jpg 640w\" sizes=\"(max-width: 300px) 100vw, 300px\" \/><\/a>A Funda\u00e7\u00e3o Cristiano Varella conquistou mais uma premia\u00e7\u00e3o nesta semana, o Pr\u00eamio \u201cENATS de Boas Pr\u00e1ticas de Gest\u00e3o do Terceiro Setor\u201d. Para receber a condecora\u00e7\u00e3o, a institui\u00e7\u00e3o foi representada pela coordenadora de Capta\u00e7\u00e3o de Recursos e Marketing, K\u00e1tia Moreira, no 13\u00ba Encontro Nacional do Terceiro Setor (ENATS). O evento foi realizado em Belo Horizonte, na segunda e ter\u00e7a-feira (5 e 6). <em>(Confira mais fotos no final da p\u00e1gina)<\/em><\/p>\n<p>Nessa edi\u00e7\u00e3o do encontro, o tema abordado foi \u201cTranspar\u00eancia nas Rela\u00e7\u00f5es Intersetoriais\u201d, visando encontrar estrat\u00e9gias vi\u00e1veis para que governo, iniciativa privada e entidades possam encontrar um caminho comum.<\/p>\n<p>O evento, que j\u00e1 tem mais de 20 anos de tradi\u00e7\u00e3o, reuniu participantes de todo pa\u00eds, entre representantes do governo, iniciativa privada e entidades do terceiro setor, no audit\u00f3rio do Cine Theatro Brasil, na capital mineira.<\/p>\n<p>O objetivo do encontro foi promover caminhos e fomentar o acesso de empresas que querem investir no terceiro setor, al\u00e9m de capacitar representantes de institui\u00e7\u00f5es sociais que necessitam de recursos para buscar parcerias com iniciativa privada e governos. No evento, foram apresentadas experi\u00eancias de sucesso, proporcionando aos inscritos uma oportunidade de estreitar relacionamentos e expor projetos e ideias.<\/p>\n<p>Neste ano, o encontro, que teve aproximadamente 602 pessoas presentes nos dois dias de evento, representando 250 institui\u00e7\u00f5es, totalizou 34 organiza\u00e7\u00f5es inscritas no edital para concorrer \u00e0 premia\u00e7\u00e3o, referentes a nove estados diferentes. Dos concorrentes ao pr\u00eamio, apenas quatro cumpriram todos os requisitos exigidos, sendo a Funda\u00e7\u00e3o Cristiano Varella uma delas.<\/p>\n<p><strong>SOBRE O PR\u00caMIO &#8211;<\/strong> Esta foi a primeira edi\u00e7\u00e3o do Pr\u00eamio \u201cENATS de Boas Pr\u00e1ticas de Gest\u00e3o do Terceiro Setor\u201d e teve como objetivo reconhecer e divulgar boas pr\u00e1ticas de gest\u00e3o de organiza\u00e7\u00f5es sem fins lucrativos em rela\u00e7\u00e3o \u00e0 transpar\u00eancia.<\/p>\n<p>O reconhecimento de cada institui\u00e7\u00e3o contemplada com a premia\u00e7\u00e3o serviu para refor\u00e7ar a imagem de quem j\u00e1 faz um bom trabalho na \u00e1rea. A divulga\u00e7\u00e3o dessas institui\u00e7\u00f5es tem como objetivo contribuir para que mais organiza\u00e7\u00f5es possam se inspirar e tamb\u00e9m adotar esse mesmo tipo de pr\u00e1tica.<\/p>\n<p><strong>GALERIA DE FOTOS:<\/strong><\/p>\n<p><img decoding=\"async\" class=\"ngg_displayed_gallery mceItem\" src=\"https:\/\/anoticiaonline.com.br\/site\/nextgen-attach_to_post\/preview\/id--32129\" alt=\"\" \/><\/p>\n","protected":false},"excerpt":{"rendered":"<p>A Funda\u00e7\u00e3o Cristiano Varella conquistou mais uma premia\u00e7\u00e3o nesta semana, o Pr\u00eamio \u201cENATS de Boas Pr\u00e1ticas de Gest\u00e3o do Terceiro Setor\u201d. Para receber a condecora\u00e7\u00e3o, a institui\u00e7\u00e3o foi representada pela coordenadora de Capta\u00e7\u00e3o de Recursos e Marketing, K\u00e1tia Moreira, no 13\u00ba Encontro Nacional do Terceiro Setor (ENATS). O evento foi realizado em Belo Horizonte, na &#8230; <a title=\"Funda\u00e7\u00e3o Cristiano Varella conquista Pr\u00eamio \u201cENATS de Boas Pr\u00e1ticas de Gest\u00e3o do Terceiro Setor\u201d\" class=\"read-more\" href=\"https:\/\/anoticiaonline.com.br\/site\/fundacao-cristiano-varella-conquista-premio-enats-de-boas-praticas-de-gestao-do-terceiro-setor\/\" aria-label=\"Read more about Funda\u00e7\u00e3o Cristiano Varella conquista Pr\u00eamio \u201cENATS de Boas Pr\u00e1ticas de Gest\u00e3o do Terceiro Setor\u201d\">Ler mais<\/a><\/p>\n","protected":false},"author":2,"featured_media":32120,"comment_status":"open","ping_status":"open","sticky":false,"template":"","format":"standard","meta":{"_acf_changed":false,"_monsterinsights_skip_tracking":false,"footnotes":""},"categories":[30],"tags":[84,127,3],"class_list":["post-32119","post","type-post","status-publish","format-standard","has-post-thumbnail","hentry","category-muriae","tag-fundacao-cristiano-varella","tag-premio-enats","tag-slide"],"acf":[],"aioseo_notices":[],"aioseo_head":"\n\t\t<!-- All in One SEO 5.0.0.1 - aioseo.com -->\n\t<meta name=\"description\" content=\"A Funda\u00e7\u00e3o Cristiano Varella conquistou mais uma premia\u00e7\u00e3o nesta semana, o Pr\u00eamio \u201cENATS de Boas Pr\u00e1ticas de Gest\u00e3o do Terceiro Setor\u201d. Para receber a condecora\u00e7\u00e3o, a institui\u00e7\u00e3o foi representada pela coordenadora de Capta\u00e7\u00e3o de Recursos e Marketing, K\u00e1tia Moreira, no 13\u00ba Encontro Nacional do Terceiro Setor (ENATS). O evento foi realizado em Belo Horizonte, na\" \/>\n\t<meta name=\"robots\" content=\"max-image-preview:large\" \/>\n\t<meta name=\"author\" content=\"Juliana Laviola\"\/>\n\t<link rel=\"canonical\" href=\"https:\/\/anoticiaonline.com.br\/site\/fundacao-cristiano-varella-conquista-premio-enats-de-boas-praticas-de-gestao-do-terceiro-setor\/\" \/>\n\t<meta name=\"generator\" content=\"All in One SEO (AIOSEO) 5.0.0.1\" \/>\n\t\t<meta property=\"og:locale\" content=\"pt_BR\" \/>\n\t\t<meta property=\"og:site_name\" content=\"A Not\u00edcia Online - Noticias de Muria\u00e9 e regi\u00e3o\" \/>\n\t\t<meta property=\"og:type\" content=\"article\" \/>\n\t\t<meta property=\"og:title\" content=\"Funda\u00e7\u00e3o Cristiano Varella conquista Pr\u00eamio \u201cENATS de Boas Pr\u00e1ticas de Gest\u00e3o do Terceiro Setor\u201d - A Not\u00edcia Online\" \/>\n\t\t<meta property=\"og:description\" content=\"A Funda\u00e7\u00e3o Cristiano Varella conquistou mais uma premia\u00e7\u00e3o nesta semana, o Pr\u00eamio \u201cENATS de Boas Pr\u00e1ticas de Gest\u00e3o do Terceiro Setor\u201d. Para receber a condecora\u00e7\u00e3o, a institui\u00e7\u00e3o foi representada pela coordenadora de Capta\u00e7\u00e3o de Recursos e Marketing, K\u00e1tia Moreira, no 13\u00ba Encontro Nacional do Terceiro Setor (ENATS). O evento foi realizado em Belo Horizonte, na\" \/>\n\t\t<meta property=\"og:url\" content=\"https:\/\/anoticiaonline.com.br\/site\/fundacao-cristiano-varella-conquista-premio-enats-de-boas-praticas-de-gestao-do-terceiro-setor\/\" \/>\n\t\t<meta property=\"og:image\" content=\"https:\/\/scontent-gig4-1.xx.fbcdn.net\/v\/t39.30808-1\/270437624_4564083193639691_6907940295614233970_n.jpg?stp=dst-jpg_s200x200_tt6&#038;_nc_cat=111&#038;ccb=1-7&#038;_nc_sid=f907e8&#038;_nc_ohc=SM1wRlP3lJwQ7kNvwEPuBYA&#038;_nc_oc=AdnqrjDN_BNjSSHWO-GbkIWH6fkGMLw4bqvL_NH6e2wMveX7G-rP2dAqsDSq1mJMOaY&#038;_nc_zt=24&#038;_nc_ht=scontent-gig4-1.xx&#038;_nc_gid=AoBFJeGrT1hVaew_6rchkQ&#038;oh=00_AfX7QmFGhQhG2jAllVgXCiM1ZrWgvtp80-Bfppyexh1QEg&#038;oe=689E923C\" \/>\n\t\t<meta property=\"og:image:secure_url\" content=\"https:\/\/scontent-gig4-1.xx.fbcdn.net\/v\/t39.30808-1\/270437624_4564083193639691_6907940295614233970_n.jpg?stp=dst-jpg_s200x200_tt6&#038;_nc_cat=111&#038;ccb=1-7&#038;_nc_sid=f907e8&#038;_nc_ohc=SM1wRlP3lJwQ7kNvwEPuBYA&#038;_nc_oc=AdnqrjDN_BNjSSHWO-GbkIWH6fkGMLw4bqvL_NH6e2wMveX7G-rP2dAqsDSq1mJMOaY&#038;_nc_zt=24&#038;_nc_ht=scontent-gig4-1.xx&#038;_nc_gid=AoBFJeGrT1hVaew_6rchkQ&#038;oh=00_AfX7QmFGhQhG2jAllVgXCiM1ZrWgvtp80-Bfppyexh1QEg&#038;oe=689E923C\" \/>\n\t\t<meta property=\"article:published_time\" content=\"2017-06-09T11:00:45+00:00\" \/>\n\t\t<meta property=\"article:modified_time\" content=\"2017-06-22T22:24:41+00:00\" \/>\n\t\t<meta name=\"twitter:card\" content=\"summary_large_image\" \/>\n\t\t<meta name=\"twitter:title\" content=\"Funda\u00e7\u00e3o Cristiano Varella conquista Pr\u00eamio \u201cENATS de Boas Pr\u00e1ticas de Gest\u00e3o do Terceiro Setor\u201d - A Not\u00edcia Online\" \/>\n\t\t<meta name=\"twitter:description\" content=\"A Funda\u00e7\u00e3o Cristiano Varella conquistou mais uma premia\u00e7\u00e3o nesta semana, o Pr\u00eamio \u201cENATS de Boas Pr\u00e1ticas de Gest\u00e3o do Terceiro Setor\u201d. Para receber a condecora\u00e7\u00e3o, a institui\u00e7\u00e3o foi representada pela coordenadora de Capta\u00e7\u00e3o de Recursos e Marketing, K\u00e1tia Moreira, no 13\u00ba Encontro Nacional do Terceiro Setor (ENATS). O evento foi realizado em Belo Horizonte, na\" \/>\n\t\t<meta name=\"twitter:image\" content=\"https:\/\/scontent-gig4-1.xx.fbcdn.net\/v\/t39.30808-1\/270437624_4564083193639691_6907940295614233970_n.jpg?stp=dst-jpg_s200x200_tt6&amp;_nc_cat=111&amp;ccb=1-7&amp;_nc_sid=f907e8&amp;_nc_ohc=SM1wRlP3lJwQ7kNvwEPuBYA&amp;_nc_oc=AdnqrjDN_BNjSSHWO-GbkIWH6fkGMLw4bqvL_NH6e2wMveX7G-rP2dAqsDSq1mJMOaY&amp;_nc_zt=24&amp;_nc_ht=scontent-gig4-1.xx&amp;_nc_gid=AoBFJeGrT1hVaew_6rchkQ&amp;oh=00_AfX7QmFGhQhG2jAllVgXCiM1ZrWgvtp80-Bfppyexh1QEg&amp;oe=689E923C\" \/>\n\t\t<script type=\"application\/ld+json\" class=\"aioseo-schema\">\n\t\t\t{\"@context\":\"https:\\\/\\\/schema.org\",\"@graph\":[{\"@type\":\"BlogPosting\",\"@id\":\"https:\\\/\\\/anoticiaonline.com.br\\\/site\\\/fundacao-cristiano-varella-conquista-premio-enats-de-boas-praticas-de-gestao-do-terceiro-setor\\\/#blogposting\",\"name\":\"Funda\\u00e7\\u00e3o Cristiano Varella conquista Pr\\u00eamio \\u201cENATS de Boas Pr\\u00e1ticas de Gest\\u00e3o do Terceiro Setor\\u201d - A Not\\u00edcia Online\",\"headline\":\"Funda\\u00e7\\u00e3o Cristiano Varella conquista Pr\\u00eamio \\u201cENATS de Boas Pr\\u00e1ticas de Gest\\u00e3o do Terceiro Setor\\u201d\",\"author\":{\"@id\":\"https:\\\/\\\/anoticiaonline.com.br\\\/site\\\/author\\\/juliana\\\/#author\"},\"publisher\":{\"@id\":\"https:\\\/\\\/anoticiaonline.com.br\\\/site\\\/#organization\"},\"image\":{\"@type\":\"ImageObject\",\"url\":\"https:\\\/\\\/anoticiaonline.com.br\\\/site\\\/wp-content\\\/uploads\\\/2017\\\/06\\\/IMG_20170605_205856.jpg\",\"width\":640,\"height\":370},\"datePublished\":\"2017-06-09T08:00:45-03:00\",\"dateModified\":\"2017-06-22T19:24:41-03:00\",\"inLanguage\":\"pt-BR\",\"mainEntityOfPage\":{\"@id\":\"https:\\\/\\\/anoticiaonline.com.br\\\/site\\\/fundacao-cristiano-varella-conquista-premio-enats-de-boas-praticas-de-gestao-do-terceiro-setor\\\/#webpage\"},\"isPartOf\":{\"@id\":\"https:\\\/\\\/anoticiaonline.com.br\\\/site\\\/fundacao-cristiano-varella-conquista-premio-enats-de-boas-praticas-de-gestao-do-terceiro-setor\\\/#webpage\"},\"articleSection\":\"Blog, funda\\u00e7\\u00e3o cristiano varella, pr\\u00eamio enats, slide\"},{\"@type\":\"BreadcrumbList\",\"@id\":\"https:\\\/\\\/anoticiaonline.com.br\\\/site\\\/fundacao-cristiano-varella-conquista-premio-enats-de-boas-praticas-de-gestao-do-terceiro-setor\\\/#breadcrumblist\",\"itemListElement\":[{\"@type\":\"ListItem\",\"@id\":\"https:\\\/\\\/anoticiaonline.com.br\\\/site#listItem\",\"position\":1,\"name\":\"Home\",\"item\":\"https:\\\/\\\/anoticiaonline.com.br\\\/site\",\"nextItem\":{\"@type\":\"ListItem\",\"@id\":\"https:\\\/\\\/anoticiaonline.com.br\\\/site\\\/categoria\\\/muriae\\\/#listItem\",\"name\":\"Blog\"}},{\"@type\":\"ListItem\",\"@id\":\"https:\\\/\\\/anoticiaonline.com.br\\\/site\\\/categoria\\\/muriae\\\/#listItem\",\"position\":2,\"name\":\"Blog\",\"item\":\"https:\\\/\\\/anoticiaonline.com.br\\\/site\\\/categoria\\\/muriae\\\/\",\"nextItem\":{\"@type\":\"ListItem\",\"@id\":\"https:\\\/\\\/anoticiaonline.com.br\\\/site\\\/fundacao-cristiano-varella-conquista-premio-enats-de-boas-praticas-de-gestao-do-terceiro-setor\\\/#listItem\",\"name\":\"Funda\\u00e7\\u00e3o Cristiano Varella conquista Pr\\u00eamio \\u201cENATS de Boas Pr\\u00e1ticas de Gest\\u00e3o do Terceiro Setor\\u201d\"},\"previousItem\":{\"@type\":\"ListItem\",\"@id\":\"https:\\\/\\\/anoticiaonline.com.br\\\/site#listItem\",\"name\":\"Home\"}},{\"@type\":\"ListItem\",\"@id\":\"https:\\\/\\\/anoticiaonline.com.br\\\/site\\\/fundacao-cristiano-varella-conquista-premio-enats-de-boas-praticas-de-gestao-do-terceiro-setor\\\/#listItem\",\"position\":3,\"name\":\"Funda\\u00e7\\u00e3o Cristiano Varella conquista Pr\\u00eamio \\u201cENATS de Boas Pr\\u00e1ticas de Gest\\u00e3o do Terceiro Setor\\u201d\",\"previousItem\":{\"@type\":\"ListItem\",\"@id\":\"https:\\\/\\\/anoticiaonline.com.br\\\/site\\\/categoria\\\/muriae\\\/#listItem\",\"name\":\"Blog\"}}]},{\"@type\":\"Organization\",\"@id\":\"https:\\\/\\\/anoticiaonline.com.br\\\/site\\\/#organization\",\"name\":\"A Not\\u00edcia Online\",\"description\":\"Noticias de Muria\\u00e9 e regi\\u00e3o\",\"url\":\"https:\\\/\\\/anoticiaonline.com.br\\\/site\\\/\",\"logo\":{\"@type\":\"ImageObject\",\"url\":\"https:\\\/\\\/scontent-gig4-1.xx.fbcdn.net\\\/v\\\/t39.30808-1\\\/270437624_4564083193639691_6907940295614233970_n.jpg?stp=dst-jpg_s200x200_tt6&_nc_cat=111&ccb=1-7&_nc_sid=f907e8&_nc_ohc=SM1wRlP3lJwQ7kNvwEPuBYA&_nc_oc=AdnqrjDN_BNjSSHWO-GbkIWH6fkGMLw4bqvL_NH6e2wMveX7G-rP2dAqsDSq1mJMOaY&_nc_zt=24&_nc_ht=scontent-gig4-1.xx&_nc_gid=AoBFJeGrT1hVaew_6rchkQ&oh=00_AfX7QmFGhQhG2jAllVgXCiM1ZrWgvtp80-Bfppyexh1QEg&oe=689E923C\",\"@id\":\"https:\\\/\\\/anoticiaonline.com.br\\\/site\\\/fundacao-cristiano-varella-conquista-premio-enats-de-boas-praticas-de-gestao-do-terceiro-setor\\\/#organizationLogo\"},\"image\":{\"@id\":\"https:\\\/\\\/anoticiaonline.com.br\\\/site\\\/fundacao-cristiano-varella-conquista-premio-enats-de-boas-praticas-de-gestao-do-terceiro-setor\\\/#organizationLogo\"}},{\"@type\":\"Person\",\"@id\":\"https:\\\/\\\/anoticiaonline.com.br\\\/site\\\/author\\\/juliana\\\/#author\",\"url\":\"https:\\\/\\\/anoticiaonline.com.br\\\/site\\\/author\\\/juliana\\\/\",\"name\":\"Juliana Laviola\",\"image\":{\"@type\":\"ImageObject\",\"@id\":\"https:\\\/\\\/anoticiaonline.com.br\\\/site\\\/fundacao-cristiano-varella-conquista-premio-enats-de-boas-praticas-de-gestao-do-terceiro-setor\\\/#authorImage\",\"url\":\"https:\\\/\\\/secure.gravatar.com\\\/avatar\\\/b8d45f5c699b100dfaf0e543582f38f38bf94cb7ae3a5e9abf8d891a34773335?s=96&d=mm&r=g\",\"width\":96,\"height\":96,\"caption\":\"Juliana Laviola\"}},{\"@type\":\"WebPage\",\"@id\":\"https:\\\/\\\/anoticiaonline.com.br\\\/site\\\/fundacao-cristiano-varella-conquista-premio-enats-de-boas-praticas-de-gestao-do-terceiro-setor\\\/#webpage\",\"url\":\"https:\\\/\\\/anoticiaonline.com.br\\\/site\\\/fundacao-cristiano-varella-conquista-premio-enats-de-boas-praticas-de-gestao-do-terceiro-setor\\\/\",\"name\":\"Funda\\u00e7\\u00e3o Cristiano Varella conquista Pr\\u00eamio \\u201cENATS de Boas Pr\\u00e1ticas de Gest\\u00e3o do Terceiro Setor\\u201d - A Not\\u00edcia Online\",\"description\":\"A Funda\\u00e7\\u00e3o Cristiano Varella conquistou mais uma premia\\u00e7\\u00e3o nesta semana, o Pr\\u00eamio \\u201cENATS de Boas Pr\\u00e1ticas de Gest\\u00e3o do Terceiro Setor\\u201d. Para receber a condecora\\u00e7\\u00e3o, a institui\\u00e7\\u00e3o foi representada pela coordenadora de Capta\\u00e7\\u00e3o de Recursos e Marketing, K\\u00e1tia Moreira, no 13\\u00ba Encontro Nacional do Terceiro Setor (ENATS). O evento foi realizado em Belo Horizonte, na\",\"inLanguage\":\"pt-BR\",\"isPartOf\":{\"@id\":\"https:\\\/\\\/anoticiaonline.com.br\\\/site\\\/#website\"},\"breadcrumb\":{\"@id\":\"https:\\\/\\\/anoticiaonline.com.br\\\/site\\\/fundacao-cristiano-varella-conquista-premio-enats-de-boas-praticas-de-gestao-do-terceiro-setor\\\/#breadcrumblist\"},\"author\":{\"@id\":\"https:\\\/\\\/anoticiaonline.com.br\\\/site\\\/author\\\/juliana\\\/#author\"},\"creator\":{\"@id\":\"https:\\\/\\\/anoticiaonline.com.br\\\/site\\\/author\\\/juliana\\\/#author\"},\"image\":{\"@type\":\"ImageObject\",\"url\":\"https:\\\/\\\/anoticiaonline.com.br\\\/site\\\/wp-content\\\/uploads\\\/2017\\\/06\\\/IMG_20170605_205856.jpg\",\"@id\":\"https:\\\/\\\/anoticiaonline.com.br\\\/site\\\/fundacao-cristiano-varella-conquista-premio-enats-de-boas-praticas-de-gestao-do-terceiro-setor\\\/#mainImage\",\"width\":640,\"height\":370},\"primaryImageOfPage\":{\"@id\":\"https:\\\/\\\/anoticiaonline.com.br\\\/site\\\/fundacao-cristiano-varella-conquista-premio-enats-de-boas-praticas-de-gestao-do-terceiro-setor\\\/#mainImage\"},\"datePublished\":\"2017-06-09T08:00:45-03:00\",\"dateModified\":\"2017-06-22T19:24:41-03:00\"},{\"@type\":\"WebSite\",\"@id\":\"https:\\\/\\\/anoticiaonline.com.br\\\/site\\\/#website\",\"url\":\"https:\\\/\\\/anoticiaonline.com.br\\\/site\\\/\",\"name\":\"A Not\\u00edcia Online\",\"description\":\"Noticias de Muria\\u00e9 e regi\\u00e3o\",\"inLanguage\":\"pt-BR\",\"publisher\":{\"@id\":\"https:\\\/\\\/anoticiaonline.com.br\\\/site\\\/#organization\"}}]}\n\t\t<\/script>\n\t\t<!-- All in One SEO -->\n\n","aioseo_head_json":{"title":"Funda\u00e7\u00e3o Cristiano Varella conquista Pr\u00eamio \u201cENATS de Boas Pr\u00e1ticas de Gest\u00e3o do Terceiro Setor\u201d - A Not\u00edcia Online","description":"A Funda\u00e7\u00e3o Cristiano Varella conquistou mais uma premia\u00e7\u00e3o nesta semana, o Pr\u00eamio \u201cENATS de Boas Pr\u00e1ticas de Gest\u00e3o do Terceiro Setor\u201d. Para receber a condecora\u00e7\u00e3o, a institui\u00e7\u00e3o foi representada pela coordenadora de Capta\u00e7\u00e3o de Recursos e Marketing, K\u00e1tia Moreira, no 13\u00ba Encontro Nacional do Terceiro Setor (ENATS). O evento foi realizado em Belo Horizonte, na","canonical_url":"https:\/\/anoticiaonline.com.br\/site\/fundacao-cristiano-varella-conquista-premio-enats-de-boas-praticas-de-gestao-do-terceiro-setor\/","robots":"max-image-preview:large","keywords":"","webmasterTools":{"miscellaneous":""},"schema":{"@context":"https:\/\/schema.org","@graph":[{"@type":"BlogPosting","@id":"https:\/\/anoticiaonline.com.br\/site\/fundacao-cristiano-varella-conquista-premio-enats-de-boas-praticas-de-gestao-do-terceiro-setor\/#blogposting","name":"Funda\u00e7\u00e3o Cristiano Varella conquista Pr\u00eamio \u201cENATS de Boas Pr\u00e1ticas de Gest\u00e3o do Terceiro Setor\u201d - A Not\u00edcia Online","headline":"Funda\u00e7\u00e3o Cristiano Varella conquista Pr\u00eamio \u201cENATS de Boas Pr\u00e1ticas de Gest\u00e3o do Terceiro Setor\u201d","author":{"@id":"https:\/\/anoticiaonline.com.br\/site\/author\/juliana\/#author"},"publisher":{"@id":"https:\/\/anoticiaonline.com.br\/site\/#organization"},"image":{"@type":"ImageObject","url":"https:\/\/anoticiaonline.com.br\/site\/wp-content\/uploads\/2017\/06\/IMG_20170605_205856.jpg","width":640,"height":370},"datePublished":"2017-06-09T08:00:45-03:00","dateModified":"2017-06-22T19:24:41-03:00","inLanguage":"pt-BR","mainEntityOfPage":{"@id":"https:\/\/anoticiaonline.com.br\/site\/fundacao-cristiano-varella-conquista-premio-enats-de-boas-praticas-de-gestao-do-terceiro-setor\/#webpage"},"isPartOf":{"@id":"https:\/\/anoticiaonline.com.br\/site\/fundacao-cristiano-varella-conquista-premio-enats-de-boas-praticas-de-gestao-do-terceiro-setor\/#webpage"},"articleSection":"Blog, funda\u00e7\u00e3o cristiano varella, pr\u00eamio enats, slide"},{"@type":"BreadcrumbList","@id":"https:\/\/anoticiaonline.com.br\/site\/fundacao-cristiano-varella-conquista-premio-enats-de-boas-praticas-de-gestao-do-terceiro-setor\/#breadcrumblist","itemListElement":[{"@type":"ListItem","@id":"https:\/\/anoticiaonline.com.br\/site#listItem","position":1,"name":"Home","item":"https:\/\/anoticiaonline.com.br\/site","nextItem":{"@type":"ListItem","@id":"https:\/\/anoticiaonline.com.br\/site\/categoria\/muriae\/#listItem","name":"Blog"}},{"@type":"ListItem","@id":"https:\/\/anoticiaonline.com.br\/site\/categoria\/muriae\/#listItem","position":2,"name":"Blog","item":"https:\/\/anoticiaonline.com.br\/site\/categoria\/muriae\/","nextItem":{"@type":"ListItem","@id":"https:\/\/anoticiaonline.com.br\/site\/fundacao-cristiano-varella-conquista-premio-enats-de-boas-praticas-de-gestao-do-terceiro-setor\/#listItem","name":"Funda\u00e7\u00e3o Cristiano Varella conquista Pr\u00eamio \u201cENATS de Boas Pr\u00e1ticas de Gest\u00e3o do Terceiro Setor\u201d"},"previousItem":{"@type":"ListItem","@id":"https:\/\/anoticiaonline.com.br\/site#listItem","name":"Home"}},{"@type":"ListItem","@id":"https:\/\/anoticiaonline.com.br\/site\/fundacao-cristiano-varella-conquista-premio-enats-de-boas-praticas-de-gestao-do-terceiro-setor\/#listItem","position":3,"name":"Funda\u00e7\u00e3o Cristiano Varella conquista Pr\u00eamio \u201cENATS de Boas Pr\u00e1ticas de Gest\u00e3o do Terceiro Setor\u201d","previousItem":{"@type":"ListItem","@id":"https:\/\/anoticiaonline.com.br\/site\/categoria\/muriae\/#listItem","name":"Blog"}}]},{"@type":"Organization","@id":"https:\/\/anoticiaonline.com.br\/site\/#organization","name":"A Not\u00edcia Online","description":"Noticias de Muria\u00e9 e regi\u00e3o","url":"https:\/\/anoticiaonline.com.br\/site\/","logo":{"@type":"ImageObject","url":"https:\/\/scontent-gig4-1.xx.fbcdn.net\/v\/t39.30808-1\/270437624_4564083193639691_6907940295614233970_n.jpg?stp=dst-jpg_s200x200_tt6&_nc_cat=111&ccb=1-7&_nc_sid=f907e8&_nc_ohc=SM1wRlP3lJwQ7kNvwEPuBYA&_nc_oc=AdnqrjDN_BNjSSHWO-GbkIWH6fkGMLw4bqvL_NH6e2wMveX7G-rP2dAqsDSq1mJMOaY&_nc_zt=24&_nc_ht=scontent-gig4-1.xx&_nc_gid=AoBFJeGrT1hVaew_6rchkQ&oh=00_AfX7QmFGhQhG2jAllVgXCiM1ZrWgvtp80-Bfppyexh1QEg&oe=689E923C","@id":"https:\/\/anoticiaonline.com.br\/site\/fundacao-cristiano-varella-conquista-premio-enats-de-boas-praticas-de-gestao-do-terceiro-setor\/#organizationLogo"},"image":{"@id":"https:\/\/anoticiaonline.com.br\/site\/fundacao-cristiano-varella-conquista-premio-enats-de-boas-praticas-de-gestao-do-terceiro-setor\/#organizationLogo"}},{"@type":"Person","@id":"https:\/\/anoticiaonline.com.br\/site\/author\/juliana\/#author","url":"https:\/\/anoticiaonline.com.br\/site\/author\/juliana\/","name":"Juliana Laviola","image":{"@type":"ImageObject","@id":"https:\/\/anoticiaonline.com.br\/site\/fundacao-cristiano-varella-conquista-premio-enats-de-boas-praticas-de-gestao-do-terceiro-setor\/#authorImage","url":"https:\/\/secure.gravatar.com\/avatar\/b8d45f5c699b100dfaf0e543582f38f38bf94cb7ae3a5e9abf8d891a34773335?s=96&d=mm&r=g","width":96,"height":96,"caption":"Juliana Laviola"}},{"@type":"WebPage","@id":"https:\/\/anoticiaonline.com.br\/site\/fundacao-cristiano-varella-conquista-premio-enats-de-boas-praticas-de-gestao-do-terceiro-setor\/#webpage","url":"https:\/\/anoticiaonline.com.br\/site\/fundacao-cristiano-varella-conquista-premio-enats-de-boas-praticas-de-gestao-do-terceiro-setor\/","name":"Funda\u00e7\u00e3o Cristiano Varella conquista Pr\u00eamio \u201cENATS de Boas Pr\u00e1ticas de Gest\u00e3o do Terceiro Setor\u201d - A Not\u00edcia Online","description":"A Funda\u00e7\u00e3o Cristiano Varella conquistou mais uma premia\u00e7\u00e3o nesta semana, o Pr\u00eamio \u201cENATS de Boas Pr\u00e1ticas de Gest\u00e3o do Terceiro Setor\u201d. Para receber a condecora\u00e7\u00e3o, a institui\u00e7\u00e3o foi representada pela coordenadora de Capta\u00e7\u00e3o de Recursos e Marketing, K\u00e1tia Moreira, no 13\u00ba Encontro Nacional do Terceiro Setor (ENATS). O evento foi realizado em Belo Horizonte, na","inLanguage":"pt-BR","isPartOf":{"@id":"https:\/\/anoticiaonline.com.br\/site\/#website"},"breadcrumb":{"@id":"https:\/\/anoticiaonline.com.br\/site\/fundacao-cristiano-varella-conquista-premio-enats-de-boas-praticas-de-gestao-do-terceiro-setor\/#breadcrumblist"},"author":{"@id":"https:\/\/anoticiaonline.com.br\/site\/author\/juliana\/#author"},"creator":{"@id":"https:\/\/anoticiaonline.com.br\/site\/author\/juliana\/#author"},"image":{"@type":"ImageObject","url":"https:\/\/anoticiaonline.com.br\/site\/wp-content\/uploads\/2017\/06\/IMG_20170605_205856.jpg","@id":"https:\/\/anoticiaonline.com.br\/site\/fundacao-cristiano-varella-conquista-premio-enats-de-boas-praticas-de-gestao-do-terceiro-setor\/#mainImage","width":640,"height":370},"primaryImageOfPage":{"@id":"https:\/\/anoticiaonline.com.br\/site\/fundacao-cristiano-varella-conquista-premio-enats-de-boas-praticas-de-gestao-do-terceiro-setor\/#mainImage"},"datePublished":"2017-06-09T08:00:45-03:00","dateModified":"2017-06-22T19:24:41-03:00"},{"@type":"WebSite","@id":"https:\/\/anoticiaonline.com.br\/site\/#website","url":"https:\/\/anoticiaonline.com.br\/site\/","name":"A Not\u00edcia Online","description":"Noticias de Muria\u00e9 e regi\u00e3o","inLanguage":"pt-BR","publisher":{"@id":"https:\/\/anoticiaonline.com.br\/site\/#organization"}}]},"og:locale":"pt_BR","og:site_name":"A Not\u00edcia Online - Noticias de Muria\u00e9 e regi\u00e3o","og:type":"article","og:title":"Funda\u00e7\u00e3o Cristiano Varella conquista Pr\u00eamio \u201cENATS de Boas Pr\u00e1ticas de Gest\u00e3o do Terceiro Setor\u201d - A Not\u00edcia Online","og:description":"A Funda\u00e7\u00e3o Cristiano Varella conquistou mais uma premia\u00e7\u00e3o nesta semana, o Pr\u00eamio \u201cENATS de Boas Pr\u00e1ticas de Gest\u00e3o do Terceiro Setor\u201d. Para receber a condecora\u00e7\u00e3o, a institui\u00e7\u00e3o foi representada pela coordenadora de Capta\u00e7\u00e3o de Recursos e Marketing, K\u00e1tia Moreira, no 13\u00ba Encontro Nacional do Terceiro Setor (ENATS). O evento foi realizado em Belo Horizonte, na","og:url":"https:\/\/anoticiaonline.com.br\/site\/fundacao-cristiano-varella-conquista-premio-enats-de-boas-praticas-de-gestao-do-terceiro-setor\/","og:image":"https:\/\/scontent-gig4-1.xx.fbcdn.net\/v\/t39.30808-1\/270437624_4564083193639691_6907940295614233970_n.jpg?stp=dst-jpg_s200x200_tt6&#038;_nc_cat=111&#038;ccb=1-7&#038;_nc_sid=f907e8&#038;_nc_ohc=SM1wRlP3lJwQ7kNvwEPuBYA&#038;_nc_oc=AdnqrjDN_BNjSSHWO-GbkIWH6fkGMLw4bqvL_NH6e2wMveX7G-rP2dAqsDSq1mJMOaY&#038;_nc_zt=24&#038;_nc_ht=scontent-gig4-1.xx&#038;_nc_gid=AoBFJeGrT1hVaew_6rchkQ&#038;oh=00_AfX7QmFGhQhG2jAllVgXCiM1ZrWgvtp80-Bfppyexh1QEg&#038;oe=689E923C","og:image:secure_url":"https:\/\/scontent-gig4-1.xx.fbcdn.net\/v\/t39.30808-1\/270437624_4564083193639691_6907940295614233970_n.jpg?stp=dst-jpg_s200x200_tt6&#038;_nc_cat=111&#038;ccb=1-7&#038;_nc_sid=f907e8&#038;_nc_ohc=SM1wRlP3lJwQ7kNvwEPuBYA&#038;_nc_oc=AdnqrjDN_BNjSSHWO-GbkIWH6fkGMLw4bqvL_NH6e2wMveX7G-rP2dAqsDSq1mJMOaY&#038;_nc_zt=24&#038;_nc_ht=scontent-gig4-1.xx&#038;_nc_gid=AoBFJeGrT1hVaew_6rchkQ&#038;oh=00_AfX7QmFGhQhG2jAllVgXCiM1ZrWgvtp80-Bfppyexh1QEg&#038;oe=689E923C","article:published_time":"2017-06-09T11:00:45+00:00","article:modified_time":"2017-06-22T22:24:41+00:00","twitter:card":"summary_large_image","twitter:title":"Funda\u00e7\u00e3o Cristiano Varella conquista Pr\u00eamio \u201cENATS de Boas Pr\u00e1ticas de Gest\u00e3o do Terceiro Setor\u201d - A Not\u00edcia Online","twitter:description":"A Funda\u00e7\u00e3o Cristiano Varella conquistou mais uma premia\u00e7\u00e3o nesta semana, o Pr\u00eamio \u201cENATS de Boas Pr\u00e1ticas de Gest\u00e3o do Terceiro Setor\u201d. Para receber a condecora\u00e7\u00e3o, a institui\u00e7\u00e3o foi representada pela coordenadora de Capta\u00e7\u00e3o de Recursos e Marketing, K\u00e1tia Moreira, no 13\u00ba Encontro Nacional do Terceiro Setor (ENATS). O evento foi realizado em Belo Horizonte, na","twitter:image":"https:\/\/scontent-gig4-1.xx.fbcdn.net\/v\/t39.30808-1\/270437624_4564083193639691_6907940295614233970_n.jpg?stp=dst-jpg_s200x200_tt6&_nc_cat=111&ccb=1-7&_nc_sid=f907e8&_nc_ohc=SM1wRlP3lJwQ7kNvwEPuBYA&_nc_oc=AdnqrjDN_BNjSSHWO-GbkIWH6fkGMLw4bqvL_NH6e2wMveX7G-rP2dAqsDSq1mJMOaY&_nc_zt=24&_nc_ht=scontent-gig4-1.xx&_nc_gid=AoBFJeGrT1hVaew_6rchkQ&oh=00_AfX7QmFGhQhG2jAllVgXCiM1ZrWgvtp80-Bfppyexh1QEg&oe=689E923C"},"aioseo_meta_data":{"post_id":"32119","title":null,"description":null,"keywords":null,"keyphrases":null,"primary_term":null,"canonical_url":null,"og_title":null,"og_description":null,"og_object_type":"default","og_image_type":"default","og_image_url":null,"og_image_width":null,"og_image_height":null,"og_image_custom_url":null,"og_image_custom_fields":null,"og_video":null,"og_custom_url":null,"og_article_section":null,"og_article_tags":null,"twitter_use_og":false,"twitter_card":"default","twitter_image_type":"default","twitter_image_url":null,"twitter_image_custom_url":null,"twitter_image_custom_fields":null,"twitter_title":null,"twitter_description":null,"schema":{"blockGraphs":[],"customGraphs":[],"default":{"data":{"Article":[],"Course":[],"Dataset":[],"FAQPage":[],"Movie":[],"Person":[],"Product":[],"ProductReview":[],"Car":[],"Recipe":[],"Service":[],"SoftwareApplication":[],"WebPage":[]},"graphName":"","isEnabled":true},"graphs":[]},"schema_type":"default","schema_type_options":null,"pillar_content":false,"robots_default":true,"robots_noindex":false,"robots_noarchive":false,"robots_nosnippet":false,"robots_nofollow":false,"robots_noimageindex":false,"robots_noodp":false,"robots_notranslate":false,"robots_max_snippet":null,"robots_max_videopreview":null,"robots_max_imagepreview":"large","priority":null,"frequency":null,"local_seo":null,"breadcrumb_settings":null,"limit_modified_date":false,"ai":null,"created":"2025-08-16 18:37:12","updated":"2025-08-16 18:37:12","focus_keyword":null,"additional_keywords":null,"truseo_locale":null,"seo_analyzer_scan_date":null},"aioseo_breadcrumb":"<div class=\"aioseo-breadcrumbs\"><span class=\"aioseo-breadcrumb\">\n\t\t\t<a href=\"https:\/\/anoticiaonline.com.br\/site\" title=\"Home\">Home<\/a>\n\t\t<\/span><span class=\"aioseo-breadcrumb-separator\">&raquo;<\/span><span class=\"aioseo-breadcrumb\">\n\t\t\t<a href=\"https:\/\/anoticiaonline.com.br\/site\/categoria\/muriae\/\" title=\"Blog\">Blog<\/a>\n\t\t<\/span><span class=\"aioseo-breadcrumb-separator\">&raquo;<\/span><span class=\"aioseo-breadcrumb\">\n\t\t\tFunda\u00e7\u00e3o Cristiano Varella conquista Pr\u00eamio \u201cENATS de Boas Pr\u00e1ticas de Gest\u00e3o do Terceiro Setor\u201d\n\t\t<\/span><\/div>","aioseo_breadcrumb_json":[{"label":"Home","link":"https:\/\/anoticiaonline.com.br\/site"},{"label":"Blog","link":"https:\/\/anoticiaonline.com.br\/site\/categoria\/muriae\/"},{"label":"Funda\u00e7\u00e3o Cristiano Varella conquista Pr\u00eamio \u201cENATS de Boas Pr\u00e1ticas de Gest\u00e3o do Terceiro Setor\u201d","link":"https:\/\/anoticiaonline.com.br\/site\/fundacao-cristiano-varella-conquista-premio-enats-de-boas-praticas-de-gestao-do-terceiro-setor\/"}],"views":141,"_links":{"self":[{"href":"https:\/\/anoticiaonline.com.br\/site\/wp-json\/wp\/v2\/posts\/32119","targetHints":{"allow":["GET"]}}],"collection":[{"href":"https:\/\/anoticiaonline.com.br\/site\/wp-json\/wp\/v2\/posts"}],"about":[{"href":"https:\/\/anoticiaonline.com.br\/site\/wp-json\/wp\/v2\/types\/post"}],"author":[{"embeddable":true,"href":"https:\/\/anoticiaonline.com.br\/site\/wp-json\/wp\/v2\/users\/2"}],"replies":[{"embeddable":true,"href":"https:\/\/anoticiaonline.com.br\/site\/wp-json\/wp\/v2\/comments?post=32119"}],"version-history":[{"count":0,"href":"https:\/\/anoticiaonline.com.br\/site\/wp-json\/wp\/v2\/posts\/32119\/revisions"}],"wp:featuredmedia":[{"embeddable":true,"href":"https:\/\/anoticiaonline.com.br\/site\/wp-json\/wp\/v2\/media\/32120"}],"wp:attachment":[{"href":"https:\/\/anoticiaonline.com.br\/site\/wp-json\/wp\/v2\/media?parent=32119"}],"wp:term":[{"taxonomy":"category","embeddable":true,"href":"https:\/\/anoticiaonline.com.br\/site\/wp-json\/wp\/v2\/categories?post=32119"},{"taxonomy":"post_tag","embeddable":true,"href":"https:\/\/anoticiaonline.com.br\/site\/wp-json\/wp\/v2\/tags?post=32119"}],"curies":[{"name":"wp","href":"https:\/\/api.w.org\/{rel}","templated":true}]}}