{"id":32066,"date":"2017-06-08T15:00:42","date_gmt":"2017-06-08T18:00:42","guid":{"rendered":"http:\/\/anoticiaonline.com.br\/site\/?p=32066"},"modified":"2017-06-22T21:00:23","modified_gmt":"2017-06-23T00:00:23","slug":"47o-bpm-lanca-projeto-crianca-cidada","status":"publish","type":"post","link":"https:\/\/anoticiaonline.com.br\/site\/47o-bpm-lanca-projeto-crianca-cidada\/","title":{"rendered":"47\u00ba BPM lan\u00e7a projeto \u201cCrian\u00e7a Cidad\u00e3\u201d"},"content":{"rendered":"<p><a href=\"https:\/\/anoticiaonline.com.br\/site\/wp-content\/uploads\/2017\/06\/WhatsApp-Image-2017-06-07-at-21.30.42.jpeg\"><img fetchpriority=\"high\" decoding=\"async\" class=\" size-medium wp-image-32067 alignleft\" src=\"https:\/\/anoticiaonline.com.br\/site\/wp-content\/uploads\/2017\/06\/WhatsApp-Image-2017-06-07-at-21.30.42-300x209.jpeg\" alt=\"WhatsApp Image 2017-06-07 at 21.30.42\" width=\"300\" height=\"209\" srcset=\"https:\/\/anoticiaonline.com.br\/site\/wp-content\/uploads\/2017\/06\/WhatsApp-Image-2017-06-07-at-21.30.42-300x209.jpeg 300w, https:\/\/anoticiaonline.com.br\/site\/wp-content\/uploads\/2017\/06\/WhatsApp-Image-2017-06-07-at-21.30.42.jpeg 640w\" sizes=\"(max-width: 300px) 100vw, 300px\" \/><\/a>O 47\u00ba Batalh\u00e3o de Pol\u00edcia Militar lan\u00e7ou o projeto \u201cCrian\u00e7a Cidad\u00e3\u201d. A a\u00e7\u00e3o visa trabalhar o sentimento das crian\u00e7as em rela\u00e7\u00e3o aos valores morais e c\u00edvicos, al\u00e9m de proporcionar a quebra de paradigmas sobre a poss\u00edvel imagem truculenta e arbitr\u00e1ria vista principalmente pelos menos favorecidos em rela\u00e7\u00e3o \u00e0 Pol\u00edcia Militar. <em>(Confira a galeria de fotos no final da p\u00e1gina)<\/em><\/p>\n<p>O lan\u00e7amento aconteceu na manh\u00e3 de quarta-feira (7), na sede da unidade, quando o comandante e idealizador do projeto, tenente-coronel Joedson, juntamente com o subcomandante, major Vitor, recebeu os alunos de duas turmas do terceiro ano do ensino fundamental da Escola Municipal Ionyr Bastos Dias, localizada no bairro Padre Tiago, \u00e1rea considerada de vulnerabilidade social. O evento contou tamb\u00e9m com a presen\u00e7a de todo o efetivo do Batalh\u00e3o e do mascote PM Amigo Legal, que chegou em um caminh\u00e3o do Corpo de Bombeiros, atraindo ainda mais a aten\u00e7\u00e3o dos pequenos.<\/p>\n<p>Em seguida, as crian\u00e7as fizeram o hasteamento do Pavilh\u00e3o nacional e receberam orienta\u00e7\u00f5es sobre as atividades desenvolvidas pela Rondas Ostensivas com C\u00e3es (ROCCA) e puderam assistir a uma breve apresenta\u00e7\u00e3o dos animais.<\/p>\n<p>As crian\u00e7as participaram ainda de uma orienta\u00e7\u00e3o sobre sa\u00fade bucal, se divertiram com brinquedos, como pula-pula, e degustarem algod\u00e3o-doce. Ao final, os alunos receberam um presente de uma confec\u00e7\u00e3o parceira e livros did\u00e1ticos, entregues pela escritora Poliana Matos, retornando para a escola com um passeio no micro\u00f4nibus da PM.<\/p>\n<p>A primeira turma de alunos que iniciou o projeto foi escolhida em raz\u00e3o de haver participado de uma pesquisa de inten\u00e7\u00e3o profissional, realizada pela escola, sobressaindo a profiss\u00e3o de policial militar, o que foi o diferencial para escolha da turma para lan\u00e7amento do projeto \u2013 o mesmo acontecer\u00e1 mensalmente.<\/p>\n<p><strong>GALERIA DE FOTOS: \u00a0\u00a0\u00a0\u00a0\u00a0<\/strong><\/p>\n<p><img decoding=\"async\" class=\"ngg_displayed_gallery mceItem\" src=\"https:\/\/anoticiaonline.com.br\/site\/nextgen-attach_to_post\/preview\/id--32100\" alt=\"\" \/><\/p>\n","protected":false},"excerpt":{"rendered":"<p>O 47\u00ba Batalh\u00e3o de Pol\u00edcia Militar lan\u00e7ou o projeto \u201cCrian\u00e7a Cidad\u00e3\u201d. A a\u00e7\u00e3o visa trabalhar o sentimento das crian\u00e7as em rela\u00e7\u00e3o aos valores morais e c\u00edvicos, al\u00e9m de proporcionar a quebra de paradigmas sobre a poss\u00edvel imagem truculenta e arbitr\u00e1ria vista principalmente pelos menos favorecidos em rela\u00e7\u00e3o \u00e0 Pol\u00edcia Militar. (Confira a galeria de fotos &#8230; <a title=\"47\u00ba BPM lan\u00e7a projeto \u201cCrian\u00e7a Cidad\u00e3\u201d\" class=\"read-more\" href=\"https:\/\/anoticiaonline.com.br\/site\/47o-bpm-lanca-projeto-crianca-cidada\/\" aria-label=\"Read more about 47\u00ba BPM lan\u00e7a projeto \u201cCrian\u00e7a Cidad\u00e3\u201d\">Ler mais<\/a><\/p>\n","protected":false},"author":2,"featured_media":32067,"comment_status":"open","ping_status":"open","sticky":false,"template":"","format":"standard","meta":{"_acf_changed":false,"_monsterinsights_skip_tracking":false,"footnotes":""},"categories":[30],"tags":[277,336,230,278,337,3],"class_list":["post-32066","post","type-post","status-publish","format-standard","has-post-thumbnail","hentry","category-muriae","tag-47-bpm","tag-crianca-cidada","tag-pm","tag-pmmg","tag-projetos-sociais","tag-slide"],"acf":[],"aioseo_notices":[],"aioseo_head":"\n\t\t<!-- All in One SEO 5.0.0.1 - aioseo.com -->\n\t<meta name=\"description\" content=\"O 47\u00ba Batalh\u00e3o de Pol\u00edcia Militar lan\u00e7ou o projeto \u201cCrian\u00e7a Cidad\u00e3\u201d. A a\u00e7\u00e3o visa trabalhar o sentimento das crian\u00e7as em rela\u00e7\u00e3o aos valores morais e c\u00edvicos, al\u00e9m de proporcionar a quebra de paradigmas sobre a poss\u00edvel imagem truculenta e arbitr\u00e1ria vista principalmente pelos menos favorecidos em rela\u00e7\u00e3o \u00e0 Pol\u00edcia Militar. (Confira a galeria de fotos\" \/>\n\t<meta name=\"robots\" content=\"max-image-preview:large\" \/>\n\t<meta name=\"author\" content=\"Juliana Laviola\"\/>\n\t<link rel=\"canonical\" href=\"https:\/\/anoticiaonline.com.br\/site\/47o-bpm-lanca-projeto-crianca-cidada\/\" \/>\n\t<meta name=\"generator\" content=\"All in One SEO (AIOSEO) 5.0.0.1\" \/>\n\t\t<meta property=\"og:locale\" content=\"pt_BR\" \/>\n\t\t<meta property=\"og:site_name\" content=\"A Not\u00edcia Online - Noticias de Muria\u00e9 e regi\u00e3o\" \/>\n\t\t<meta property=\"og:type\" content=\"article\" \/>\n\t\t<meta property=\"og:title\" content=\"47\u00ba BPM lan\u00e7a projeto \u201cCrian\u00e7a Cidad\u00e3\u201d - A Not\u00edcia Online\" \/>\n\t\t<meta property=\"og:description\" content=\"O 47\u00ba Batalh\u00e3o de Pol\u00edcia Militar lan\u00e7ou o projeto \u201cCrian\u00e7a Cidad\u00e3\u201d. A a\u00e7\u00e3o visa trabalhar o sentimento das crian\u00e7as em rela\u00e7\u00e3o aos valores morais e c\u00edvicos, al\u00e9m de proporcionar a quebra de paradigmas sobre a poss\u00edvel imagem truculenta e arbitr\u00e1ria vista principalmente pelos menos favorecidos em rela\u00e7\u00e3o \u00e0 Pol\u00edcia Militar. (Confira a galeria de fotos\" \/>\n\t\t<meta property=\"og:url\" content=\"https:\/\/anoticiaonline.com.br\/site\/47o-bpm-lanca-projeto-crianca-cidada\/\" \/>\n\t\t<meta property=\"og:image\" content=\"https:\/\/scontent-gig4-1.xx.fbcdn.net\/v\/t39.30808-1\/270437624_4564083193639691_6907940295614233970_n.jpg?stp=dst-jpg_s200x200_tt6&#038;_nc_cat=111&#038;ccb=1-7&#038;_nc_sid=f907e8&#038;_nc_ohc=SM1wRlP3lJwQ7kNvwEPuBYA&#038;_nc_oc=AdnqrjDN_BNjSSHWO-GbkIWH6fkGMLw4bqvL_NH6e2wMveX7G-rP2dAqsDSq1mJMOaY&#038;_nc_zt=24&#038;_nc_ht=scontent-gig4-1.xx&#038;_nc_gid=AoBFJeGrT1hVaew_6rchkQ&#038;oh=00_AfX7QmFGhQhG2jAllVgXCiM1ZrWgvtp80-Bfppyexh1QEg&#038;oe=689E923C\" \/>\n\t\t<meta property=\"og:image:secure_url\" content=\"https:\/\/scontent-gig4-1.xx.fbcdn.net\/v\/t39.30808-1\/270437624_4564083193639691_6907940295614233970_n.jpg?stp=dst-jpg_s200x200_tt6&#038;_nc_cat=111&#038;ccb=1-7&#038;_nc_sid=f907e8&#038;_nc_ohc=SM1wRlP3lJwQ7kNvwEPuBYA&#038;_nc_oc=AdnqrjDN_BNjSSHWO-GbkIWH6fkGMLw4bqvL_NH6e2wMveX7G-rP2dAqsDSq1mJMOaY&#038;_nc_zt=24&#038;_nc_ht=scontent-gig4-1.xx&#038;_nc_gid=AoBFJeGrT1hVaew_6rchkQ&#038;oh=00_AfX7QmFGhQhG2jAllVgXCiM1ZrWgvtp80-Bfppyexh1QEg&#038;oe=689E923C\" \/>\n\t\t<meta property=\"article:published_time\" content=\"2017-06-08T18:00:42+00:00\" \/>\n\t\t<meta property=\"article:modified_time\" content=\"2017-06-23T00:00:23+00:00\" \/>\n\t\t<meta name=\"twitter:card\" content=\"summary_large_image\" \/>\n\t\t<meta name=\"twitter:title\" content=\"47\u00ba BPM lan\u00e7a projeto \u201cCrian\u00e7a Cidad\u00e3\u201d - A Not\u00edcia Online\" \/>\n\t\t<meta name=\"twitter:description\" content=\"O 47\u00ba Batalh\u00e3o de Pol\u00edcia Militar lan\u00e7ou o projeto \u201cCrian\u00e7a Cidad\u00e3\u201d. A a\u00e7\u00e3o visa trabalhar o sentimento das crian\u00e7as em rela\u00e7\u00e3o aos valores morais e c\u00edvicos, al\u00e9m de proporcionar a quebra de paradigmas sobre a poss\u00edvel imagem truculenta e arbitr\u00e1ria vista principalmente pelos menos favorecidos em rela\u00e7\u00e3o \u00e0 Pol\u00edcia Militar. (Confira a galeria de fotos\" \/>\n\t\t<meta name=\"twitter:image\" content=\"https:\/\/scontent-gig4-1.xx.fbcdn.net\/v\/t39.30808-1\/270437624_4564083193639691_6907940295614233970_n.jpg?stp=dst-jpg_s200x200_tt6&amp;_nc_cat=111&amp;ccb=1-7&amp;_nc_sid=f907e8&amp;_nc_ohc=SM1wRlP3lJwQ7kNvwEPuBYA&amp;_nc_oc=AdnqrjDN_BNjSSHWO-GbkIWH6fkGMLw4bqvL_NH6e2wMveX7G-rP2dAqsDSq1mJMOaY&amp;_nc_zt=24&amp;_nc_ht=scontent-gig4-1.xx&amp;_nc_gid=AoBFJeGrT1hVaew_6rchkQ&amp;oh=00_AfX7QmFGhQhG2jAllVgXCiM1ZrWgvtp80-Bfppyexh1QEg&amp;oe=689E923C\" \/>\n\t\t<script type=\"application\/ld+json\" class=\"aioseo-schema\">\n\t\t\t{\"@context\":\"https:\\\/\\\/schema.org\",\"@graph\":[{\"@type\":\"BlogPosting\",\"@id\":\"https:\\\/\\\/anoticiaonline.com.br\\\/site\\\/47o-bpm-lanca-projeto-crianca-cidada\\\/#blogposting\",\"name\":\"47\\u00ba BPM lan\\u00e7a projeto \\u201cCrian\\u00e7a Cidad\\u00e3\\u201d - A Not\\u00edcia Online\",\"headline\":\"47\\u00ba BPM lan\\u00e7a projeto \\u201cCrian\\u00e7a Cidad\\u00e3\\u201d\",\"author\":{\"@id\":\"https:\\\/\\\/anoticiaonline.com.br\\\/site\\\/author\\\/juliana\\\/#author\"},\"publisher\":{\"@id\":\"https:\\\/\\\/anoticiaonline.com.br\\\/site\\\/#organization\"},\"image\":{\"@type\":\"ImageObject\",\"url\":\"https:\\\/\\\/anoticiaonline.com.br\\\/site\\\/wp-content\\\/uploads\\\/2017\\\/06\\\/WhatsApp-Image-2017-06-07-at-21.30.42.jpeg\",\"width\":640,\"height\":446},\"datePublished\":\"2017-06-08T15:00:42-03:00\",\"dateModified\":\"2017-06-22T21:00:23-03:00\",\"inLanguage\":\"pt-BR\",\"mainEntityOfPage\":{\"@id\":\"https:\\\/\\\/anoticiaonline.com.br\\\/site\\\/47o-bpm-lanca-projeto-crianca-cidada\\\/#webpage\"},\"isPartOf\":{\"@id\":\"https:\\\/\\\/anoticiaonline.com.br\\\/site\\\/47o-bpm-lanca-projeto-crianca-cidada\\\/#webpage\"},\"articleSection\":\"Blog, 47 BPM, crian\\u00e7a cidad\\u00e3, pm, pmmg, projetos sociais, slide\"},{\"@type\":\"BreadcrumbList\",\"@id\":\"https:\\\/\\\/anoticiaonline.com.br\\\/site\\\/47o-bpm-lanca-projeto-crianca-cidada\\\/#breadcrumblist\",\"itemListElement\":[{\"@type\":\"ListItem\",\"@id\":\"https:\\\/\\\/anoticiaonline.com.br\\\/site#listItem\",\"position\":1,\"name\":\"Home\",\"item\":\"https:\\\/\\\/anoticiaonline.com.br\\\/site\",\"nextItem\":{\"@type\":\"ListItem\",\"@id\":\"https:\\\/\\\/anoticiaonline.com.br\\\/site\\\/categoria\\\/muriae\\\/#listItem\",\"name\":\"Blog\"}},{\"@type\":\"ListItem\",\"@id\":\"https:\\\/\\\/anoticiaonline.com.br\\\/site\\\/categoria\\\/muriae\\\/#listItem\",\"position\":2,\"name\":\"Blog\",\"item\":\"https:\\\/\\\/anoticiaonline.com.br\\\/site\\\/categoria\\\/muriae\\\/\",\"nextItem\":{\"@type\":\"ListItem\",\"@id\":\"https:\\\/\\\/anoticiaonline.com.br\\\/site\\\/47o-bpm-lanca-projeto-crianca-cidada\\\/#listItem\",\"name\":\"47\\u00ba BPM lan\\u00e7a projeto \\u201cCrian\\u00e7a Cidad\\u00e3\\u201d\"},\"previousItem\":{\"@type\":\"ListItem\",\"@id\":\"https:\\\/\\\/anoticiaonline.com.br\\\/site#listItem\",\"name\":\"Home\"}},{\"@type\":\"ListItem\",\"@id\":\"https:\\\/\\\/anoticiaonline.com.br\\\/site\\\/47o-bpm-lanca-projeto-crianca-cidada\\\/#listItem\",\"position\":3,\"name\":\"47\\u00ba BPM lan\\u00e7a projeto \\u201cCrian\\u00e7a Cidad\\u00e3\\u201d\",\"previousItem\":{\"@type\":\"ListItem\",\"@id\":\"https:\\\/\\\/anoticiaonline.com.br\\\/site\\\/categoria\\\/muriae\\\/#listItem\",\"name\":\"Blog\"}}]},{\"@type\":\"Organization\",\"@id\":\"https:\\\/\\\/anoticiaonline.com.br\\\/site\\\/#organization\",\"name\":\"A Not\\u00edcia Online\",\"description\":\"Noticias de Muria\\u00e9 e regi\\u00e3o\",\"url\":\"https:\\\/\\\/anoticiaonline.com.br\\\/site\\\/\",\"logo\":{\"@type\":\"ImageObject\",\"url\":\"https:\\\/\\\/scontent-gig4-1.xx.fbcdn.net\\\/v\\\/t39.30808-1\\\/270437624_4564083193639691_6907940295614233970_n.jpg?stp=dst-jpg_s200x200_tt6&_nc_cat=111&ccb=1-7&_nc_sid=f907e8&_nc_ohc=SM1wRlP3lJwQ7kNvwEPuBYA&_nc_oc=AdnqrjDN_BNjSSHWO-GbkIWH6fkGMLw4bqvL_NH6e2wMveX7G-rP2dAqsDSq1mJMOaY&_nc_zt=24&_nc_ht=scontent-gig4-1.xx&_nc_gid=AoBFJeGrT1hVaew_6rchkQ&oh=00_AfX7QmFGhQhG2jAllVgXCiM1ZrWgvtp80-Bfppyexh1QEg&oe=689E923C\",\"@id\":\"https:\\\/\\\/anoticiaonline.com.br\\\/site\\\/47o-bpm-lanca-projeto-crianca-cidada\\\/#organizationLogo\"},\"image\":{\"@id\":\"https:\\\/\\\/anoticiaonline.com.br\\\/site\\\/47o-bpm-lanca-projeto-crianca-cidada\\\/#organizationLogo\"}},{\"@type\":\"Person\",\"@id\":\"https:\\\/\\\/anoticiaonline.com.br\\\/site\\\/author\\\/juliana\\\/#author\",\"url\":\"https:\\\/\\\/anoticiaonline.com.br\\\/site\\\/author\\\/juliana\\\/\",\"name\":\"Juliana Laviola\",\"image\":{\"@type\":\"ImageObject\",\"@id\":\"https:\\\/\\\/anoticiaonline.com.br\\\/site\\\/47o-bpm-lanca-projeto-crianca-cidada\\\/#authorImage\",\"url\":\"https:\\\/\\\/secure.gravatar.com\\\/avatar\\\/b8d45f5c699b100dfaf0e543582f38f38bf94cb7ae3a5e9abf8d891a34773335?s=96&d=mm&r=g\",\"width\":96,\"height\":96,\"caption\":\"Juliana Laviola\"}},{\"@type\":\"WebPage\",\"@id\":\"https:\\\/\\\/anoticiaonline.com.br\\\/site\\\/47o-bpm-lanca-projeto-crianca-cidada\\\/#webpage\",\"url\":\"https:\\\/\\\/anoticiaonline.com.br\\\/site\\\/47o-bpm-lanca-projeto-crianca-cidada\\\/\",\"name\":\"47\\u00ba BPM lan\\u00e7a projeto \\u201cCrian\\u00e7a Cidad\\u00e3\\u201d - A Not\\u00edcia Online\",\"description\":\"O 47\\u00ba Batalh\\u00e3o de Pol\\u00edcia Militar lan\\u00e7ou o projeto \\u201cCrian\\u00e7a Cidad\\u00e3\\u201d. A a\\u00e7\\u00e3o visa trabalhar o sentimento das crian\\u00e7as em rela\\u00e7\\u00e3o aos valores morais e c\\u00edvicos, al\\u00e9m de proporcionar a quebra de paradigmas sobre a poss\\u00edvel imagem truculenta e arbitr\\u00e1ria vista principalmente pelos menos favorecidos em rela\\u00e7\\u00e3o \\u00e0 Pol\\u00edcia Militar. (Confira a galeria de fotos\",\"inLanguage\":\"pt-BR\",\"isPartOf\":{\"@id\":\"https:\\\/\\\/anoticiaonline.com.br\\\/site\\\/#website\"},\"breadcrumb\":{\"@id\":\"https:\\\/\\\/anoticiaonline.com.br\\\/site\\\/47o-bpm-lanca-projeto-crianca-cidada\\\/#breadcrumblist\"},\"author\":{\"@id\":\"https:\\\/\\\/anoticiaonline.com.br\\\/site\\\/author\\\/juliana\\\/#author\"},\"creator\":{\"@id\":\"https:\\\/\\\/anoticiaonline.com.br\\\/site\\\/author\\\/juliana\\\/#author\"},\"image\":{\"@type\":\"ImageObject\",\"url\":\"https:\\\/\\\/anoticiaonline.com.br\\\/site\\\/wp-content\\\/uploads\\\/2017\\\/06\\\/WhatsApp-Image-2017-06-07-at-21.30.42.jpeg\",\"@id\":\"https:\\\/\\\/anoticiaonline.com.br\\\/site\\\/47o-bpm-lanca-projeto-crianca-cidada\\\/#mainImage\",\"width\":640,\"height\":446},\"primaryImageOfPage\":{\"@id\":\"https:\\\/\\\/anoticiaonline.com.br\\\/site\\\/47o-bpm-lanca-projeto-crianca-cidada\\\/#mainImage\"},\"datePublished\":\"2017-06-08T15:00:42-03:00\",\"dateModified\":\"2017-06-22T21:00:23-03:00\"},{\"@type\":\"WebSite\",\"@id\":\"https:\\\/\\\/anoticiaonline.com.br\\\/site\\\/#website\",\"url\":\"https:\\\/\\\/anoticiaonline.com.br\\\/site\\\/\",\"name\":\"A Not\\u00edcia Online\",\"description\":\"Noticias de Muria\\u00e9 e regi\\u00e3o\",\"inLanguage\":\"pt-BR\",\"publisher\":{\"@id\":\"https:\\\/\\\/anoticiaonline.com.br\\\/site\\\/#organization\"}}]}\n\t\t<\/script>\n\t\t<!-- All in One SEO -->\n\n","aioseo_head_json":{"title":"47\u00ba BPM lan\u00e7a projeto \u201cCrian\u00e7a Cidad\u00e3\u201d - A Not\u00edcia Online","description":"O 47\u00ba Batalh\u00e3o de Pol\u00edcia Militar lan\u00e7ou o projeto \u201cCrian\u00e7a Cidad\u00e3\u201d. A a\u00e7\u00e3o visa trabalhar o sentimento das crian\u00e7as em rela\u00e7\u00e3o aos valores morais e c\u00edvicos, al\u00e9m de proporcionar a quebra de paradigmas sobre a poss\u00edvel imagem truculenta e arbitr\u00e1ria vista principalmente pelos menos favorecidos em rela\u00e7\u00e3o \u00e0 Pol\u00edcia Militar. (Confira a galeria de fotos","canonical_url":"https:\/\/anoticiaonline.com.br\/site\/47o-bpm-lanca-projeto-crianca-cidada\/","robots":"max-image-preview:large","keywords":"","webmasterTools":{"miscellaneous":""},"schema":{"@context":"https:\/\/schema.org","@graph":[{"@type":"BlogPosting","@id":"https:\/\/anoticiaonline.com.br\/site\/47o-bpm-lanca-projeto-crianca-cidada\/#blogposting","name":"47\u00ba BPM lan\u00e7a projeto \u201cCrian\u00e7a Cidad\u00e3\u201d - A Not\u00edcia Online","headline":"47\u00ba BPM lan\u00e7a projeto \u201cCrian\u00e7a Cidad\u00e3\u201d","author":{"@id":"https:\/\/anoticiaonline.com.br\/site\/author\/juliana\/#author"},"publisher":{"@id":"https:\/\/anoticiaonline.com.br\/site\/#organization"},"image":{"@type":"ImageObject","url":"https:\/\/anoticiaonline.com.br\/site\/wp-content\/uploads\/2017\/06\/WhatsApp-Image-2017-06-07-at-21.30.42.jpeg","width":640,"height":446},"datePublished":"2017-06-08T15:00:42-03:00","dateModified":"2017-06-22T21:00:23-03:00","inLanguage":"pt-BR","mainEntityOfPage":{"@id":"https:\/\/anoticiaonline.com.br\/site\/47o-bpm-lanca-projeto-crianca-cidada\/#webpage"},"isPartOf":{"@id":"https:\/\/anoticiaonline.com.br\/site\/47o-bpm-lanca-projeto-crianca-cidada\/#webpage"},"articleSection":"Blog, 47 BPM, crian\u00e7a cidad\u00e3, pm, pmmg, projetos sociais, slide"},{"@type":"BreadcrumbList","@id":"https:\/\/anoticiaonline.com.br\/site\/47o-bpm-lanca-projeto-crianca-cidada\/#breadcrumblist","itemListElement":[{"@type":"ListItem","@id":"https:\/\/anoticiaonline.com.br\/site#listItem","position":1,"name":"Home","item":"https:\/\/anoticiaonline.com.br\/site","nextItem":{"@type":"ListItem","@id":"https:\/\/anoticiaonline.com.br\/site\/categoria\/muriae\/#listItem","name":"Blog"}},{"@type":"ListItem","@id":"https:\/\/anoticiaonline.com.br\/site\/categoria\/muriae\/#listItem","position":2,"name":"Blog","item":"https:\/\/anoticiaonline.com.br\/site\/categoria\/muriae\/","nextItem":{"@type":"ListItem","@id":"https:\/\/anoticiaonline.com.br\/site\/47o-bpm-lanca-projeto-crianca-cidada\/#listItem","name":"47\u00ba BPM lan\u00e7a projeto \u201cCrian\u00e7a Cidad\u00e3\u201d"},"previousItem":{"@type":"ListItem","@id":"https:\/\/anoticiaonline.com.br\/site#listItem","name":"Home"}},{"@type":"ListItem","@id":"https:\/\/anoticiaonline.com.br\/site\/47o-bpm-lanca-projeto-crianca-cidada\/#listItem","position":3,"name":"47\u00ba BPM lan\u00e7a projeto \u201cCrian\u00e7a Cidad\u00e3\u201d","previousItem":{"@type":"ListItem","@id":"https:\/\/anoticiaonline.com.br\/site\/categoria\/muriae\/#listItem","name":"Blog"}}]},{"@type":"Organization","@id":"https:\/\/anoticiaonline.com.br\/site\/#organization","name":"A Not\u00edcia Online","description":"Noticias de Muria\u00e9 e regi\u00e3o","url":"https:\/\/anoticiaonline.com.br\/site\/","logo":{"@type":"ImageObject","url":"https:\/\/scontent-gig4-1.xx.fbcdn.net\/v\/t39.30808-1\/270437624_4564083193639691_6907940295614233970_n.jpg?stp=dst-jpg_s200x200_tt6&_nc_cat=111&ccb=1-7&_nc_sid=f907e8&_nc_ohc=SM1wRlP3lJwQ7kNvwEPuBYA&_nc_oc=AdnqrjDN_BNjSSHWO-GbkIWH6fkGMLw4bqvL_NH6e2wMveX7G-rP2dAqsDSq1mJMOaY&_nc_zt=24&_nc_ht=scontent-gig4-1.xx&_nc_gid=AoBFJeGrT1hVaew_6rchkQ&oh=00_AfX7QmFGhQhG2jAllVgXCiM1ZrWgvtp80-Bfppyexh1QEg&oe=689E923C","@id":"https:\/\/anoticiaonline.com.br\/site\/47o-bpm-lanca-projeto-crianca-cidada\/#organizationLogo"},"image":{"@id":"https:\/\/anoticiaonline.com.br\/site\/47o-bpm-lanca-projeto-crianca-cidada\/#organizationLogo"}},{"@type":"Person","@id":"https:\/\/anoticiaonline.com.br\/site\/author\/juliana\/#author","url":"https:\/\/anoticiaonline.com.br\/site\/author\/juliana\/","name":"Juliana Laviola","image":{"@type":"ImageObject","@id":"https:\/\/anoticiaonline.com.br\/site\/47o-bpm-lanca-projeto-crianca-cidada\/#authorImage","url":"https:\/\/secure.gravatar.com\/avatar\/b8d45f5c699b100dfaf0e543582f38f38bf94cb7ae3a5e9abf8d891a34773335?s=96&d=mm&r=g","width":96,"height":96,"caption":"Juliana Laviola"}},{"@type":"WebPage","@id":"https:\/\/anoticiaonline.com.br\/site\/47o-bpm-lanca-projeto-crianca-cidada\/#webpage","url":"https:\/\/anoticiaonline.com.br\/site\/47o-bpm-lanca-projeto-crianca-cidada\/","name":"47\u00ba BPM lan\u00e7a projeto \u201cCrian\u00e7a Cidad\u00e3\u201d - A Not\u00edcia Online","description":"O 47\u00ba Batalh\u00e3o de Pol\u00edcia Militar lan\u00e7ou o projeto \u201cCrian\u00e7a Cidad\u00e3\u201d. A a\u00e7\u00e3o visa trabalhar o sentimento das crian\u00e7as em rela\u00e7\u00e3o aos valores morais e c\u00edvicos, al\u00e9m de proporcionar a quebra de paradigmas sobre a poss\u00edvel imagem truculenta e arbitr\u00e1ria vista principalmente pelos menos favorecidos em rela\u00e7\u00e3o \u00e0 Pol\u00edcia Militar. (Confira a galeria de fotos","inLanguage":"pt-BR","isPartOf":{"@id":"https:\/\/anoticiaonline.com.br\/site\/#website"},"breadcrumb":{"@id":"https:\/\/anoticiaonline.com.br\/site\/47o-bpm-lanca-projeto-crianca-cidada\/#breadcrumblist"},"author":{"@id":"https:\/\/anoticiaonline.com.br\/site\/author\/juliana\/#author"},"creator":{"@id":"https:\/\/anoticiaonline.com.br\/site\/author\/juliana\/#author"},"image":{"@type":"ImageObject","url":"https:\/\/anoticiaonline.com.br\/site\/wp-content\/uploads\/2017\/06\/WhatsApp-Image-2017-06-07-at-21.30.42.jpeg","@id":"https:\/\/anoticiaonline.com.br\/site\/47o-bpm-lanca-projeto-crianca-cidada\/#mainImage","width":640,"height":446},"primaryImageOfPage":{"@id":"https:\/\/anoticiaonline.com.br\/site\/47o-bpm-lanca-projeto-crianca-cidada\/#mainImage"},"datePublished":"2017-06-08T15:00:42-03:00","dateModified":"2017-06-22T21:00:23-03:00"},{"@type":"WebSite","@id":"https:\/\/anoticiaonline.com.br\/site\/#website","url":"https:\/\/anoticiaonline.com.br\/site\/","name":"A Not\u00edcia Online","description":"Noticias de Muria\u00e9 e regi\u00e3o","inLanguage":"pt-BR","publisher":{"@id":"https:\/\/anoticiaonline.com.br\/site\/#organization"}}]},"og:locale":"pt_BR","og:site_name":"A Not\u00edcia Online - Noticias de Muria\u00e9 e regi\u00e3o","og:type":"article","og:title":"47\u00ba BPM lan\u00e7a projeto \u201cCrian\u00e7a Cidad\u00e3\u201d - A Not\u00edcia Online","og:description":"O 47\u00ba Batalh\u00e3o de Pol\u00edcia Militar lan\u00e7ou o projeto \u201cCrian\u00e7a Cidad\u00e3\u201d. A a\u00e7\u00e3o visa trabalhar o sentimento das crian\u00e7as em rela\u00e7\u00e3o aos valores morais e c\u00edvicos, al\u00e9m de proporcionar a quebra de paradigmas sobre a poss\u00edvel imagem truculenta e arbitr\u00e1ria vista principalmente pelos menos favorecidos em rela\u00e7\u00e3o \u00e0 Pol\u00edcia Militar. (Confira a galeria de fotos","og:url":"https:\/\/anoticiaonline.com.br\/site\/47o-bpm-lanca-projeto-crianca-cidada\/","og:image":"https:\/\/scontent-gig4-1.xx.fbcdn.net\/v\/t39.30808-1\/270437624_4564083193639691_6907940295614233970_n.jpg?stp=dst-jpg_s200x200_tt6&#038;_nc_cat=111&#038;ccb=1-7&#038;_nc_sid=f907e8&#038;_nc_ohc=SM1wRlP3lJwQ7kNvwEPuBYA&#038;_nc_oc=AdnqrjDN_BNjSSHWO-GbkIWH6fkGMLw4bqvL_NH6e2wMveX7G-rP2dAqsDSq1mJMOaY&#038;_nc_zt=24&#038;_nc_ht=scontent-gig4-1.xx&#038;_nc_gid=AoBFJeGrT1hVaew_6rchkQ&#038;oh=00_AfX7QmFGhQhG2jAllVgXCiM1ZrWgvtp80-Bfppyexh1QEg&#038;oe=689E923C","og:image:secure_url":"https:\/\/scontent-gig4-1.xx.fbcdn.net\/v\/t39.30808-1\/270437624_4564083193639691_6907940295614233970_n.jpg?stp=dst-jpg_s200x200_tt6&#038;_nc_cat=111&#038;ccb=1-7&#038;_nc_sid=f907e8&#038;_nc_ohc=SM1wRlP3lJwQ7kNvwEPuBYA&#038;_nc_oc=AdnqrjDN_BNjSSHWO-GbkIWH6fkGMLw4bqvL_NH6e2wMveX7G-rP2dAqsDSq1mJMOaY&#038;_nc_zt=24&#038;_nc_ht=scontent-gig4-1.xx&#038;_nc_gid=AoBFJeGrT1hVaew_6rchkQ&#038;oh=00_AfX7QmFGhQhG2jAllVgXCiM1ZrWgvtp80-Bfppyexh1QEg&#038;oe=689E923C","article:published_time":"2017-06-08T18:00:42+00:00","article:modified_time":"2017-06-23T00:00:23+00:00","twitter:card":"summary_large_image","twitter:title":"47\u00ba BPM lan\u00e7a projeto \u201cCrian\u00e7a Cidad\u00e3\u201d - A Not\u00edcia Online","twitter:description":"O 47\u00ba Batalh\u00e3o de Pol\u00edcia Militar lan\u00e7ou o projeto \u201cCrian\u00e7a Cidad\u00e3\u201d. A a\u00e7\u00e3o visa trabalhar o sentimento das crian\u00e7as em rela\u00e7\u00e3o aos valores morais e c\u00edvicos, al\u00e9m de proporcionar a quebra de paradigmas sobre a poss\u00edvel imagem truculenta e arbitr\u00e1ria vista principalmente pelos menos favorecidos em rela\u00e7\u00e3o \u00e0 Pol\u00edcia Militar. (Confira a galeria de fotos","twitter:image":"https:\/\/scontent-gig4-1.xx.fbcdn.net\/v\/t39.30808-1\/270437624_4564083193639691_6907940295614233970_n.jpg?stp=dst-jpg_s200x200_tt6&_nc_cat=111&ccb=1-7&_nc_sid=f907e8&_nc_ohc=SM1wRlP3lJwQ7kNvwEPuBYA&_nc_oc=AdnqrjDN_BNjSSHWO-GbkIWH6fkGMLw4bqvL_NH6e2wMveX7G-rP2dAqsDSq1mJMOaY&_nc_zt=24&_nc_ht=scontent-gig4-1.xx&_nc_gid=AoBFJeGrT1hVaew_6rchkQ&oh=00_AfX7QmFGhQhG2jAllVgXCiM1ZrWgvtp80-Bfppyexh1QEg&oe=689E923C"},"aioseo_meta_data":{"post_id":"32066","title":null,"description":null,"keywords":null,"keyphrases":null,"primary_term":null,"canonical_url":null,"og_title":null,"og_description":null,"og_object_type":"default","og_image_type":"default","og_image_url":null,"og_image_width":null,"og_image_height":null,"og_image_custom_url":null,"og_image_custom_fields":null,"og_video":null,"og_custom_url":null,"og_article_section":null,"og_article_tags":null,"twitter_use_og":false,"twitter_card":"default","twitter_image_type":"default","twitter_image_url":null,"twitter_image_custom_url":null,"twitter_image_custom_fields":null,"twitter_title":null,"twitter_description":null,"schema":{"blockGraphs":[],"customGraphs":[],"default":{"data":{"Article":[],"Course":[],"Dataset":[],"FAQPage":[],"Movie":[],"Person":[],"Product":[],"ProductReview":[],"Car":[],"Recipe":[],"Service":[],"SoftwareApplication":[],"WebPage":[]},"graphName":"","isEnabled":true},"graphs":[]},"schema_type":"default","schema_type_options":null,"pillar_content":false,"robots_default":true,"robots_noindex":false,"robots_noarchive":false,"robots_nosnippet":false,"robots_nofollow":false,"robots_noimageindex":false,"robots_noodp":false,"robots_notranslate":false,"robots_max_snippet":null,"robots_max_videopreview":null,"robots_max_imagepreview":"large","priority":null,"frequency":null,"local_seo":null,"breadcrumb_settings":null,"limit_modified_date":false,"ai":null,"created":"2025-08-16 18:36:13","updated":"2025-08-16 18:36:13","focus_keyword":null,"additional_keywords":null,"truseo_locale":null,"seo_analyzer_scan_date":null},"aioseo_breadcrumb":"<div class=\"aioseo-breadcrumbs\"><span class=\"aioseo-breadcrumb\">\n\t\t\t<a href=\"https:\/\/anoticiaonline.com.br\/site\" title=\"Home\">Home<\/a>\n\t\t<\/span><span class=\"aioseo-breadcrumb-separator\">&raquo;<\/span><span class=\"aioseo-breadcrumb\">\n\t\t\t<a href=\"https:\/\/anoticiaonline.com.br\/site\/categoria\/muriae\/\" title=\"Blog\">Blog<\/a>\n\t\t<\/span><span class=\"aioseo-breadcrumb-separator\">&raquo;<\/span><span class=\"aioseo-breadcrumb\">\n\t\t\t47\u00ba BPM lan\u00e7a projeto \u201cCrian\u00e7a Cidad\u00e3\u201d\n\t\t<\/span><\/div>","aioseo_breadcrumb_json":[{"label":"Home","link":"https:\/\/anoticiaonline.com.br\/site"},{"label":"Blog","link":"https:\/\/anoticiaonline.com.br\/site\/categoria\/muriae\/"},{"label":"47\u00ba BPM lan\u00e7a projeto \u201cCrian\u00e7a Cidad\u00e3\u201d","link":"https:\/\/anoticiaonline.com.br\/site\/47o-bpm-lanca-projeto-crianca-cidada\/"}],"views":150,"_links":{"self":[{"href":"https:\/\/anoticiaonline.com.br\/site\/wp-json\/wp\/v2\/posts\/32066","targetHints":{"allow":["GET"]}}],"collection":[{"href":"https:\/\/anoticiaonline.com.br\/site\/wp-json\/wp\/v2\/posts"}],"about":[{"href":"https:\/\/anoticiaonline.com.br\/site\/wp-json\/wp\/v2\/types\/post"}],"author":[{"embeddable":true,"href":"https:\/\/anoticiaonline.com.br\/site\/wp-json\/wp\/v2\/users\/2"}],"replies":[{"embeddable":true,"href":"https:\/\/anoticiaonline.com.br\/site\/wp-json\/wp\/v2\/comments?post=32066"}],"version-history":[{"count":0,"href":"https:\/\/anoticiaonline.com.br\/site\/wp-json\/wp\/v2\/posts\/32066\/revisions"}],"wp:featuredmedia":[{"embeddable":true,"href":"https:\/\/anoticiaonline.com.br\/site\/wp-json\/wp\/v2\/media\/32067"}],"wp:attachment":[{"href":"https:\/\/anoticiaonline.com.br\/site\/wp-json\/wp\/v2\/media?parent=32066"}],"wp:term":[{"taxonomy":"category","embeddable":true,"href":"https:\/\/anoticiaonline.com.br\/site\/wp-json\/wp\/v2\/categories?post=32066"},{"taxonomy":"post_tag","embeddable":true,"href":"https:\/\/anoticiaonline.com.br\/site\/wp-json\/wp\/v2\/tags?post=32066"}],"curies":[{"name":"wp","href":"https:\/\/api.w.org\/{rel}","templated":true}]}}