{"id":32033,"date":"2017-06-08T08:58:08","date_gmt":"2017-06-08T11:58:08","guid":{"rendered":"http:\/\/anoticiaonline.com.br\/site\/?p=32033"},"modified":"2017-06-22T19:27:47","modified_gmt":"2017-06-22T22:27:47","slug":"gastronomia-na-serra-acontecera-de-10-a-13-de-agosto","status":"publish","type":"post","link":"https:\/\/anoticiaonline.com.br\/site\/gastronomia-na-serra-acontecera-de-10-a-13-de-agosto\/","title":{"rendered":"\u201cGastronomia na Serra\u201d acontecer\u00e1 de 10 a 13 de agosto"},"content":{"rendered":"<p><a href=\"https:\/\/anoticiaonline.com.br\/site\/wp-content\/uploads\/2017\/06\/DSCN8351.jpg\"><img fetchpriority=\"high\" decoding=\"async\" class=\" size-medium wp-image-32035 alignleft\" src=\"https:\/\/anoticiaonline.com.br\/site\/wp-content\/uploads\/2017\/06\/DSCN8351-300x240.jpg\" alt=\"DSCN8351\" width=\"300\" height=\"240\" srcset=\"https:\/\/anoticiaonline.com.br\/site\/wp-content\/uploads\/2017\/06\/DSCN8351-300x240.jpg 300w, https:\/\/anoticiaonline.com.br\/site\/wp-content\/uploads\/2017\/06\/DSCN8351.jpg 640w\" sizes=\"(max-width: 300px) 100vw, 300px\" \/><\/a>A s\u00e9tima edi\u00e7\u00e3o do festival Gastronomia na Serra, em Pirapanema, j\u00e1 tem data marcada para acontecer. De 10 a 13 de agosto, o distrito receber\u00e1 novamente milhares de visitantes para o evento, organizado pela Prefeitura de Muria\u00e9, por meio da Fundarte.<\/p>\n<p>Neste ano, a principal novidade dever\u00e1 ser a parceria firmada com o Circuito Vi Jazz &amp; Blues, que ficar\u00e1 respons\u00e1vel pelos shows que animar\u00e3o o p\u00fablico ao longo dos quatro dias de festival. A ideia \u00e9 que o palco retorne para a quadra poliesportiva, de modo que possa ser visto tamb\u00e9m por quem estiver na \u00e1rea do chamado Espa\u00e7o Gourmet. Com isso, a pra\u00e7a do distrito dever\u00e1 abrigar atra\u00e7\u00f5es de lazer e recrea\u00e7\u00e3o infantil, enquanto o quintal do Armaz\u00e9m Cultural poder\u00e1 receber sess\u00f5es de cinema para os visitantes.<\/p>\n<p>No que diz respeito \u00e0 gastronomia, al\u00e9m de restaurantes de Pirapanema e Muria\u00e9, o evento dever\u00e1 contar tamb\u00e9m com food trucks, principalmente aqueles especializados na venda de cervejas artesanais. O planejamento tamb\u00e9m inclui a realiza\u00e7\u00e3o de festins, com a participa\u00e7\u00e3o do chef Eduardo Avelar e de outros nomes a serem confirmados.<\/p>\n<p>Os projetos n\u00e3o param por a\u00ed. Tamb\u00e9m est\u00e1 em curso a poss\u00edvel realiza\u00e7\u00e3o de parceria com o curso de Gastronomia do Centro Unifaminas, com o objetivo de se desenvolver projeto de assist\u00eancia continuada, oferecendo cursos de capacita\u00e7\u00e3o aos moradores da comunidade. &#8220;Pirapanema possui enorme potencial tur\u00edstico. \u00c9 um local aconchegante, de clima agrad\u00e1vel, com vista deslumbrante para a cidade e que vem mostrando sua voca\u00e7\u00e3o para a gastronomia, algo que queremos desenvolver cada vez mais\u02dc, afirma o prefeito Grego.<\/p>\n<p><strong>OPEN DE PARAPENTE &#8211;<\/strong> Tradicionalmente realizado simultaneamente com o &#8220;Gastronomia na Serra&#8221;, o Open de Parapente tamb\u00e9m est\u00e1 nos planos da Prefeitura para acontecer em 2017 &#8211; tendo sido, inclusive, fator determinante para o evento ser reagendado para agosto. Vale lembrar que, nos dois \u00faltimos anos, os participantes foram prejudicados por ventos inexistentes ou em dire\u00e7\u00e3o contr\u00e1ria \u00e0 desejada para os voos.<\/p>\n","protected":false},"excerpt":{"rendered":"<p>A s\u00e9tima edi\u00e7\u00e3o do festival Gastronomia na Serra, em Pirapanema, j\u00e1 tem data marcada para acontecer. De 10 a 13 de agosto, o distrito receber\u00e1 novamente milhares de visitantes para o evento, organizado pela Prefeitura de Muria\u00e9, por meio da Fundarte. Neste ano, a principal novidade dever\u00e1 ser a parceria firmada com o Circuito Vi &#8230; <a title=\"\u201cGastronomia na Serra\u201d acontecer\u00e1 de 10 a 13 de agosto\" class=\"read-more\" href=\"https:\/\/anoticiaonline.com.br\/site\/gastronomia-na-serra-acontecera-de-10-a-13-de-agosto\/\" aria-label=\"Read more about \u201cGastronomia na Serra\u201d acontecer\u00e1 de 10 a 13 de agosto\">Ler mais<\/a><\/p>\n","protected":false},"author":2,"featured_media":32035,"comment_status":"open","ping_status":"open","sticky":false,"template":"","format":"standard","meta":{"_acf_changed":false,"_monsterinsights_skip_tracking":false,"footnotes":""},"categories":[30],"tags":[134,74,135,3],"class_list":["post-32033","post","type-post","status-publish","format-standard","has-post-thumbnail","hentry","category-muriae","tag-gastronomia-na-serra","tag-muriae","tag-pirapanema","tag-slide"],"acf":[],"aioseo_notices":[],"aioseo_head":"\n\t\t<!-- All in One SEO 5.0.0.1 - aioseo.com -->\n\t<meta name=\"description\" content=\"A s\u00e9tima edi\u00e7\u00e3o do festival Gastronomia na Serra, em Pirapanema, j\u00e1 tem data marcada para acontecer. De 10 a 13 de agosto, o distrito receber\u00e1 novamente milhares de visitantes para o evento, organizado pela Prefeitura de Muria\u00e9, por meio da Fundarte. Neste ano, a principal novidade dever\u00e1 ser a parceria firmada com o Circuito Vi\" \/>\n\t<meta name=\"robots\" content=\"max-image-preview:large\" \/>\n\t<meta name=\"author\" content=\"Juliana Laviola\"\/>\n\t<link rel=\"canonical\" href=\"https:\/\/anoticiaonline.com.br\/site\/gastronomia-na-serra-acontecera-de-10-a-13-de-agosto\/\" \/>\n\t<meta name=\"generator\" content=\"All in One SEO (AIOSEO) 5.0.0.1\" \/>\n\t\t<meta property=\"og:locale\" content=\"pt_BR\" \/>\n\t\t<meta property=\"og:site_name\" content=\"A Not\u00edcia Online - Noticias de Muria\u00e9 e regi\u00e3o\" \/>\n\t\t<meta property=\"og:type\" content=\"article\" \/>\n\t\t<meta property=\"og:title\" content=\"\u201cGastronomia na Serra\u201d acontecer\u00e1 de 10 a 13 de agosto - A Not\u00edcia Online\" \/>\n\t\t<meta property=\"og:description\" content=\"A s\u00e9tima edi\u00e7\u00e3o do festival Gastronomia na Serra, em Pirapanema, j\u00e1 tem data marcada para acontecer. De 10 a 13 de agosto, o distrito receber\u00e1 novamente milhares de visitantes para o evento, organizado pela Prefeitura de Muria\u00e9, por meio da Fundarte. Neste ano, a principal novidade dever\u00e1 ser a parceria firmada com o Circuito Vi\" \/>\n\t\t<meta property=\"og:url\" content=\"https:\/\/anoticiaonline.com.br\/site\/gastronomia-na-serra-acontecera-de-10-a-13-de-agosto\/\" \/>\n\t\t<meta property=\"og:image\" content=\"https:\/\/scontent-gig4-1.xx.fbcdn.net\/v\/t39.30808-1\/270437624_4564083193639691_6907940295614233970_n.jpg?stp=dst-jpg_s200x200_tt6&#038;_nc_cat=111&#038;ccb=1-7&#038;_nc_sid=f907e8&#038;_nc_ohc=SM1wRlP3lJwQ7kNvwEPuBYA&#038;_nc_oc=AdnqrjDN_BNjSSHWO-GbkIWH6fkGMLw4bqvL_NH6e2wMveX7G-rP2dAqsDSq1mJMOaY&#038;_nc_zt=24&#038;_nc_ht=scontent-gig4-1.xx&#038;_nc_gid=AoBFJeGrT1hVaew_6rchkQ&#038;oh=00_AfX7QmFGhQhG2jAllVgXCiM1ZrWgvtp80-Bfppyexh1QEg&#038;oe=689E923C\" \/>\n\t\t<meta property=\"og:image:secure_url\" content=\"https:\/\/scontent-gig4-1.xx.fbcdn.net\/v\/t39.30808-1\/270437624_4564083193639691_6907940295614233970_n.jpg?stp=dst-jpg_s200x200_tt6&#038;_nc_cat=111&#038;ccb=1-7&#038;_nc_sid=f907e8&#038;_nc_ohc=SM1wRlP3lJwQ7kNvwEPuBYA&#038;_nc_oc=AdnqrjDN_BNjSSHWO-GbkIWH6fkGMLw4bqvL_NH6e2wMveX7G-rP2dAqsDSq1mJMOaY&#038;_nc_zt=24&#038;_nc_ht=scontent-gig4-1.xx&#038;_nc_gid=AoBFJeGrT1hVaew_6rchkQ&#038;oh=00_AfX7QmFGhQhG2jAllVgXCiM1ZrWgvtp80-Bfppyexh1QEg&#038;oe=689E923C\" \/>\n\t\t<meta property=\"article:published_time\" content=\"2017-06-08T11:58:08+00:00\" \/>\n\t\t<meta property=\"article:modified_time\" content=\"2017-06-22T22:27:47+00:00\" \/>\n\t\t<meta name=\"twitter:card\" content=\"summary_large_image\" \/>\n\t\t<meta name=\"twitter:title\" content=\"\u201cGastronomia na Serra\u201d acontecer\u00e1 de 10 a 13 de agosto - A Not\u00edcia Online\" \/>\n\t\t<meta name=\"twitter:description\" content=\"A s\u00e9tima edi\u00e7\u00e3o do festival Gastronomia na Serra, em Pirapanema, j\u00e1 tem data marcada para acontecer. De 10 a 13 de agosto, o distrito receber\u00e1 novamente milhares de visitantes para o evento, organizado pela Prefeitura de Muria\u00e9, por meio da Fundarte. Neste ano, a principal novidade dever\u00e1 ser a parceria firmada com o Circuito Vi\" \/>\n\t\t<meta name=\"twitter:image\" content=\"https:\/\/scontent-gig4-1.xx.fbcdn.net\/v\/t39.30808-1\/270437624_4564083193639691_6907940295614233970_n.jpg?stp=dst-jpg_s200x200_tt6&amp;_nc_cat=111&amp;ccb=1-7&amp;_nc_sid=f907e8&amp;_nc_ohc=SM1wRlP3lJwQ7kNvwEPuBYA&amp;_nc_oc=AdnqrjDN_BNjSSHWO-GbkIWH6fkGMLw4bqvL_NH6e2wMveX7G-rP2dAqsDSq1mJMOaY&amp;_nc_zt=24&amp;_nc_ht=scontent-gig4-1.xx&amp;_nc_gid=AoBFJeGrT1hVaew_6rchkQ&amp;oh=00_AfX7QmFGhQhG2jAllVgXCiM1ZrWgvtp80-Bfppyexh1QEg&amp;oe=689E923C\" \/>\n\t\t<script type=\"application\/ld+json\" class=\"aioseo-schema\">\n\t\t\t{\"@context\":\"https:\\\/\\\/schema.org\",\"@graph\":[{\"@type\":\"BlogPosting\",\"@id\":\"https:\\\/\\\/anoticiaonline.com.br\\\/site\\\/gastronomia-na-serra-acontecera-de-10-a-13-de-agosto\\\/#blogposting\",\"name\":\"\\u201cGastronomia na Serra\\u201d acontecer\\u00e1 de 10 a 13 de agosto - A Not\\u00edcia Online\",\"headline\":\"\\u201cGastronomia na Serra\\u201d acontecer\\u00e1 de 10 a 13 de agosto\",\"author\":{\"@id\":\"https:\\\/\\\/anoticiaonline.com.br\\\/site\\\/author\\\/juliana\\\/#author\"},\"publisher\":{\"@id\":\"https:\\\/\\\/anoticiaonline.com.br\\\/site\\\/#organization\"},\"image\":{\"@type\":\"ImageObject\",\"url\":\"https:\\\/\\\/anoticiaonline.com.br\\\/site\\\/wp-content\\\/uploads\\\/2017\\\/06\\\/DSCN8351.jpg\",\"width\":640,\"height\":511},\"datePublished\":\"2017-06-08T08:58:08-03:00\",\"dateModified\":\"2017-06-22T19:27:47-03:00\",\"inLanguage\":\"pt-BR\",\"mainEntityOfPage\":{\"@id\":\"https:\\\/\\\/anoticiaonline.com.br\\\/site\\\/gastronomia-na-serra-acontecera-de-10-a-13-de-agosto\\\/#webpage\"},\"isPartOf\":{\"@id\":\"https:\\\/\\\/anoticiaonline.com.br\\\/site\\\/gastronomia-na-serra-acontecera-de-10-a-13-de-agosto\\\/#webpage\"},\"articleSection\":\"Blog, gastronomia na serra, Muria\\u00e9, pirapanema, slide\"},{\"@type\":\"BreadcrumbList\",\"@id\":\"https:\\\/\\\/anoticiaonline.com.br\\\/site\\\/gastronomia-na-serra-acontecera-de-10-a-13-de-agosto\\\/#breadcrumblist\",\"itemListElement\":[{\"@type\":\"ListItem\",\"@id\":\"https:\\\/\\\/anoticiaonline.com.br\\\/site#listItem\",\"position\":1,\"name\":\"Home\",\"item\":\"https:\\\/\\\/anoticiaonline.com.br\\\/site\",\"nextItem\":{\"@type\":\"ListItem\",\"@id\":\"https:\\\/\\\/anoticiaonline.com.br\\\/site\\\/categoria\\\/muriae\\\/#listItem\",\"name\":\"Blog\"}},{\"@type\":\"ListItem\",\"@id\":\"https:\\\/\\\/anoticiaonline.com.br\\\/site\\\/categoria\\\/muriae\\\/#listItem\",\"position\":2,\"name\":\"Blog\",\"item\":\"https:\\\/\\\/anoticiaonline.com.br\\\/site\\\/categoria\\\/muriae\\\/\",\"nextItem\":{\"@type\":\"ListItem\",\"@id\":\"https:\\\/\\\/anoticiaonline.com.br\\\/site\\\/gastronomia-na-serra-acontecera-de-10-a-13-de-agosto\\\/#listItem\",\"name\":\"\\u201cGastronomia na Serra\\u201d acontecer\\u00e1 de 10 a 13 de agosto\"},\"previousItem\":{\"@type\":\"ListItem\",\"@id\":\"https:\\\/\\\/anoticiaonline.com.br\\\/site#listItem\",\"name\":\"Home\"}},{\"@type\":\"ListItem\",\"@id\":\"https:\\\/\\\/anoticiaonline.com.br\\\/site\\\/gastronomia-na-serra-acontecera-de-10-a-13-de-agosto\\\/#listItem\",\"position\":3,\"name\":\"\\u201cGastronomia na Serra\\u201d acontecer\\u00e1 de 10 a 13 de agosto\",\"previousItem\":{\"@type\":\"ListItem\",\"@id\":\"https:\\\/\\\/anoticiaonline.com.br\\\/site\\\/categoria\\\/muriae\\\/#listItem\",\"name\":\"Blog\"}}]},{\"@type\":\"Organization\",\"@id\":\"https:\\\/\\\/anoticiaonline.com.br\\\/site\\\/#organization\",\"name\":\"A Not\\u00edcia Online\",\"description\":\"Noticias de Muria\\u00e9 e regi\\u00e3o\",\"url\":\"https:\\\/\\\/anoticiaonline.com.br\\\/site\\\/\",\"logo\":{\"@type\":\"ImageObject\",\"url\":\"https:\\\/\\\/scontent-gig4-1.xx.fbcdn.net\\\/v\\\/t39.30808-1\\\/270437624_4564083193639691_6907940295614233970_n.jpg?stp=dst-jpg_s200x200_tt6&_nc_cat=111&ccb=1-7&_nc_sid=f907e8&_nc_ohc=SM1wRlP3lJwQ7kNvwEPuBYA&_nc_oc=AdnqrjDN_BNjSSHWO-GbkIWH6fkGMLw4bqvL_NH6e2wMveX7G-rP2dAqsDSq1mJMOaY&_nc_zt=24&_nc_ht=scontent-gig4-1.xx&_nc_gid=AoBFJeGrT1hVaew_6rchkQ&oh=00_AfX7QmFGhQhG2jAllVgXCiM1ZrWgvtp80-Bfppyexh1QEg&oe=689E923C\",\"@id\":\"https:\\\/\\\/anoticiaonline.com.br\\\/site\\\/gastronomia-na-serra-acontecera-de-10-a-13-de-agosto\\\/#organizationLogo\"},\"image\":{\"@id\":\"https:\\\/\\\/anoticiaonline.com.br\\\/site\\\/gastronomia-na-serra-acontecera-de-10-a-13-de-agosto\\\/#organizationLogo\"}},{\"@type\":\"Person\",\"@id\":\"https:\\\/\\\/anoticiaonline.com.br\\\/site\\\/author\\\/juliana\\\/#author\",\"url\":\"https:\\\/\\\/anoticiaonline.com.br\\\/site\\\/author\\\/juliana\\\/\",\"name\":\"Juliana Laviola\",\"image\":{\"@type\":\"ImageObject\",\"@id\":\"https:\\\/\\\/anoticiaonline.com.br\\\/site\\\/gastronomia-na-serra-acontecera-de-10-a-13-de-agosto\\\/#authorImage\",\"url\":\"https:\\\/\\\/secure.gravatar.com\\\/avatar\\\/b8d45f5c699b100dfaf0e543582f38f38bf94cb7ae3a5e9abf8d891a34773335?s=96&d=mm&r=g\",\"width\":96,\"height\":96,\"caption\":\"Juliana Laviola\"}},{\"@type\":\"WebPage\",\"@id\":\"https:\\\/\\\/anoticiaonline.com.br\\\/site\\\/gastronomia-na-serra-acontecera-de-10-a-13-de-agosto\\\/#webpage\",\"url\":\"https:\\\/\\\/anoticiaonline.com.br\\\/site\\\/gastronomia-na-serra-acontecera-de-10-a-13-de-agosto\\\/\",\"name\":\"\\u201cGastronomia na Serra\\u201d acontecer\\u00e1 de 10 a 13 de agosto - A Not\\u00edcia Online\",\"description\":\"A s\\u00e9tima edi\\u00e7\\u00e3o do festival Gastronomia na Serra, em Pirapanema, j\\u00e1 tem data marcada para acontecer. De 10 a 13 de agosto, o distrito receber\\u00e1 novamente milhares de visitantes para o evento, organizado pela Prefeitura de Muria\\u00e9, por meio da Fundarte. Neste ano, a principal novidade dever\\u00e1 ser a parceria firmada com o Circuito Vi\",\"inLanguage\":\"pt-BR\",\"isPartOf\":{\"@id\":\"https:\\\/\\\/anoticiaonline.com.br\\\/site\\\/#website\"},\"breadcrumb\":{\"@id\":\"https:\\\/\\\/anoticiaonline.com.br\\\/site\\\/gastronomia-na-serra-acontecera-de-10-a-13-de-agosto\\\/#breadcrumblist\"},\"author\":{\"@id\":\"https:\\\/\\\/anoticiaonline.com.br\\\/site\\\/author\\\/juliana\\\/#author\"},\"creator\":{\"@id\":\"https:\\\/\\\/anoticiaonline.com.br\\\/site\\\/author\\\/juliana\\\/#author\"},\"image\":{\"@type\":\"ImageObject\",\"url\":\"https:\\\/\\\/anoticiaonline.com.br\\\/site\\\/wp-content\\\/uploads\\\/2017\\\/06\\\/DSCN8351.jpg\",\"@id\":\"https:\\\/\\\/anoticiaonline.com.br\\\/site\\\/gastronomia-na-serra-acontecera-de-10-a-13-de-agosto\\\/#mainImage\",\"width\":640,\"height\":511},\"primaryImageOfPage\":{\"@id\":\"https:\\\/\\\/anoticiaonline.com.br\\\/site\\\/gastronomia-na-serra-acontecera-de-10-a-13-de-agosto\\\/#mainImage\"},\"datePublished\":\"2017-06-08T08:58:08-03:00\",\"dateModified\":\"2017-06-22T19:27:47-03:00\"},{\"@type\":\"WebSite\",\"@id\":\"https:\\\/\\\/anoticiaonline.com.br\\\/site\\\/#website\",\"url\":\"https:\\\/\\\/anoticiaonline.com.br\\\/site\\\/\",\"name\":\"A Not\\u00edcia Online\",\"description\":\"Noticias de Muria\\u00e9 e regi\\u00e3o\",\"inLanguage\":\"pt-BR\",\"publisher\":{\"@id\":\"https:\\\/\\\/anoticiaonline.com.br\\\/site\\\/#organization\"}}]}\n\t\t<\/script>\n\t\t<!-- All in One SEO -->\n\n","aioseo_head_json":{"title":"\u201cGastronomia na Serra\u201d acontecer\u00e1 de 10 a 13 de agosto - A Not\u00edcia Online","description":"A s\u00e9tima edi\u00e7\u00e3o do festival Gastronomia na Serra, em Pirapanema, j\u00e1 tem data marcada para acontecer. De 10 a 13 de agosto, o distrito receber\u00e1 novamente milhares de visitantes para o evento, organizado pela Prefeitura de Muria\u00e9, por meio da Fundarte. Neste ano, a principal novidade dever\u00e1 ser a parceria firmada com o Circuito Vi","canonical_url":"https:\/\/anoticiaonline.com.br\/site\/gastronomia-na-serra-acontecera-de-10-a-13-de-agosto\/","robots":"max-image-preview:large","keywords":"","webmasterTools":{"miscellaneous":""},"schema":{"@context":"https:\/\/schema.org","@graph":[{"@type":"BlogPosting","@id":"https:\/\/anoticiaonline.com.br\/site\/gastronomia-na-serra-acontecera-de-10-a-13-de-agosto\/#blogposting","name":"\u201cGastronomia na Serra\u201d acontecer\u00e1 de 10 a 13 de agosto - A Not\u00edcia Online","headline":"\u201cGastronomia na Serra\u201d acontecer\u00e1 de 10 a 13 de agosto","author":{"@id":"https:\/\/anoticiaonline.com.br\/site\/author\/juliana\/#author"},"publisher":{"@id":"https:\/\/anoticiaonline.com.br\/site\/#organization"},"image":{"@type":"ImageObject","url":"https:\/\/anoticiaonline.com.br\/site\/wp-content\/uploads\/2017\/06\/DSCN8351.jpg","width":640,"height":511},"datePublished":"2017-06-08T08:58:08-03:00","dateModified":"2017-06-22T19:27:47-03:00","inLanguage":"pt-BR","mainEntityOfPage":{"@id":"https:\/\/anoticiaonline.com.br\/site\/gastronomia-na-serra-acontecera-de-10-a-13-de-agosto\/#webpage"},"isPartOf":{"@id":"https:\/\/anoticiaonline.com.br\/site\/gastronomia-na-serra-acontecera-de-10-a-13-de-agosto\/#webpage"},"articleSection":"Blog, gastronomia na serra, Muria\u00e9, pirapanema, slide"},{"@type":"BreadcrumbList","@id":"https:\/\/anoticiaonline.com.br\/site\/gastronomia-na-serra-acontecera-de-10-a-13-de-agosto\/#breadcrumblist","itemListElement":[{"@type":"ListItem","@id":"https:\/\/anoticiaonline.com.br\/site#listItem","position":1,"name":"Home","item":"https:\/\/anoticiaonline.com.br\/site","nextItem":{"@type":"ListItem","@id":"https:\/\/anoticiaonline.com.br\/site\/categoria\/muriae\/#listItem","name":"Blog"}},{"@type":"ListItem","@id":"https:\/\/anoticiaonline.com.br\/site\/categoria\/muriae\/#listItem","position":2,"name":"Blog","item":"https:\/\/anoticiaonline.com.br\/site\/categoria\/muriae\/","nextItem":{"@type":"ListItem","@id":"https:\/\/anoticiaonline.com.br\/site\/gastronomia-na-serra-acontecera-de-10-a-13-de-agosto\/#listItem","name":"\u201cGastronomia na Serra\u201d acontecer\u00e1 de 10 a 13 de agosto"},"previousItem":{"@type":"ListItem","@id":"https:\/\/anoticiaonline.com.br\/site#listItem","name":"Home"}},{"@type":"ListItem","@id":"https:\/\/anoticiaonline.com.br\/site\/gastronomia-na-serra-acontecera-de-10-a-13-de-agosto\/#listItem","position":3,"name":"\u201cGastronomia na Serra\u201d acontecer\u00e1 de 10 a 13 de agosto","previousItem":{"@type":"ListItem","@id":"https:\/\/anoticiaonline.com.br\/site\/categoria\/muriae\/#listItem","name":"Blog"}}]},{"@type":"Organization","@id":"https:\/\/anoticiaonline.com.br\/site\/#organization","name":"A Not\u00edcia Online","description":"Noticias de Muria\u00e9 e regi\u00e3o","url":"https:\/\/anoticiaonline.com.br\/site\/","logo":{"@type":"ImageObject","url":"https:\/\/scontent-gig4-1.xx.fbcdn.net\/v\/t39.30808-1\/270437624_4564083193639691_6907940295614233970_n.jpg?stp=dst-jpg_s200x200_tt6&_nc_cat=111&ccb=1-7&_nc_sid=f907e8&_nc_ohc=SM1wRlP3lJwQ7kNvwEPuBYA&_nc_oc=AdnqrjDN_BNjSSHWO-GbkIWH6fkGMLw4bqvL_NH6e2wMveX7G-rP2dAqsDSq1mJMOaY&_nc_zt=24&_nc_ht=scontent-gig4-1.xx&_nc_gid=AoBFJeGrT1hVaew_6rchkQ&oh=00_AfX7QmFGhQhG2jAllVgXCiM1ZrWgvtp80-Bfppyexh1QEg&oe=689E923C","@id":"https:\/\/anoticiaonline.com.br\/site\/gastronomia-na-serra-acontecera-de-10-a-13-de-agosto\/#organizationLogo"},"image":{"@id":"https:\/\/anoticiaonline.com.br\/site\/gastronomia-na-serra-acontecera-de-10-a-13-de-agosto\/#organizationLogo"}},{"@type":"Person","@id":"https:\/\/anoticiaonline.com.br\/site\/author\/juliana\/#author","url":"https:\/\/anoticiaonline.com.br\/site\/author\/juliana\/","name":"Juliana Laviola","image":{"@type":"ImageObject","@id":"https:\/\/anoticiaonline.com.br\/site\/gastronomia-na-serra-acontecera-de-10-a-13-de-agosto\/#authorImage","url":"https:\/\/secure.gravatar.com\/avatar\/b8d45f5c699b100dfaf0e543582f38f38bf94cb7ae3a5e9abf8d891a34773335?s=96&d=mm&r=g","width":96,"height":96,"caption":"Juliana Laviola"}},{"@type":"WebPage","@id":"https:\/\/anoticiaonline.com.br\/site\/gastronomia-na-serra-acontecera-de-10-a-13-de-agosto\/#webpage","url":"https:\/\/anoticiaonline.com.br\/site\/gastronomia-na-serra-acontecera-de-10-a-13-de-agosto\/","name":"\u201cGastronomia na Serra\u201d acontecer\u00e1 de 10 a 13 de agosto - A Not\u00edcia Online","description":"A s\u00e9tima edi\u00e7\u00e3o do festival Gastronomia na Serra, em Pirapanema, j\u00e1 tem data marcada para acontecer. De 10 a 13 de agosto, o distrito receber\u00e1 novamente milhares de visitantes para o evento, organizado pela Prefeitura de Muria\u00e9, por meio da Fundarte. Neste ano, a principal novidade dever\u00e1 ser a parceria firmada com o Circuito Vi","inLanguage":"pt-BR","isPartOf":{"@id":"https:\/\/anoticiaonline.com.br\/site\/#website"},"breadcrumb":{"@id":"https:\/\/anoticiaonline.com.br\/site\/gastronomia-na-serra-acontecera-de-10-a-13-de-agosto\/#breadcrumblist"},"author":{"@id":"https:\/\/anoticiaonline.com.br\/site\/author\/juliana\/#author"},"creator":{"@id":"https:\/\/anoticiaonline.com.br\/site\/author\/juliana\/#author"},"image":{"@type":"ImageObject","url":"https:\/\/anoticiaonline.com.br\/site\/wp-content\/uploads\/2017\/06\/DSCN8351.jpg","@id":"https:\/\/anoticiaonline.com.br\/site\/gastronomia-na-serra-acontecera-de-10-a-13-de-agosto\/#mainImage","width":640,"height":511},"primaryImageOfPage":{"@id":"https:\/\/anoticiaonline.com.br\/site\/gastronomia-na-serra-acontecera-de-10-a-13-de-agosto\/#mainImage"},"datePublished":"2017-06-08T08:58:08-03:00","dateModified":"2017-06-22T19:27:47-03:00"},{"@type":"WebSite","@id":"https:\/\/anoticiaonline.com.br\/site\/#website","url":"https:\/\/anoticiaonline.com.br\/site\/","name":"A Not\u00edcia Online","description":"Noticias de Muria\u00e9 e regi\u00e3o","inLanguage":"pt-BR","publisher":{"@id":"https:\/\/anoticiaonline.com.br\/site\/#organization"}}]},"og:locale":"pt_BR","og:site_name":"A Not\u00edcia Online - Noticias de Muria\u00e9 e regi\u00e3o","og:type":"article","og:title":"\u201cGastronomia na Serra\u201d acontecer\u00e1 de 10 a 13 de agosto - A Not\u00edcia Online","og:description":"A s\u00e9tima edi\u00e7\u00e3o do festival Gastronomia na Serra, em Pirapanema, j\u00e1 tem data marcada para acontecer. De 10 a 13 de agosto, o distrito receber\u00e1 novamente milhares de visitantes para o evento, organizado pela Prefeitura de Muria\u00e9, por meio da Fundarte. Neste ano, a principal novidade dever\u00e1 ser a parceria firmada com o Circuito Vi","og:url":"https:\/\/anoticiaonline.com.br\/site\/gastronomia-na-serra-acontecera-de-10-a-13-de-agosto\/","og:image":"https:\/\/scontent-gig4-1.xx.fbcdn.net\/v\/t39.30808-1\/270437624_4564083193639691_6907940295614233970_n.jpg?stp=dst-jpg_s200x200_tt6&#038;_nc_cat=111&#038;ccb=1-7&#038;_nc_sid=f907e8&#038;_nc_ohc=SM1wRlP3lJwQ7kNvwEPuBYA&#038;_nc_oc=AdnqrjDN_BNjSSHWO-GbkIWH6fkGMLw4bqvL_NH6e2wMveX7G-rP2dAqsDSq1mJMOaY&#038;_nc_zt=24&#038;_nc_ht=scontent-gig4-1.xx&#038;_nc_gid=AoBFJeGrT1hVaew_6rchkQ&#038;oh=00_AfX7QmFGhQhG2jAllVgXCiM1ZrWgvtp80-Bfppyexh1QEg&#038;oe=689E923C","og:image:secure_url":"https:\/\/scontent-gig4-1.xx.fbcdn.net\/v\/t39.30808-1\/270437624_4564083193639691_6907940295614233970_n.jpg?stp=dst-jpg_s200x200_tt6&#038;_nc_cat=111&#038;ccb=1-7&#038;_nc_sid=f907e8&#038;_nc_ohc=SM1wRlP3lJwQ7kNvwEPuBYA&#038;_nc_oc=AdnqrjDN_BNjSSHWO-GbkIWH6fkGMLw4bqvL_NH6e2wMveX7G-rP2dAqsDSq1mJMOaY&#038;_nc_zt=24&#038;_nc_ht=scontent-gig4-1.xx&#038;_nc_gid=AoBFJeGrT1hVaew_6rchkQ&#038;oh=00_AfX7QmFGhQhG2jAllVgXCiM1ZrWgvtp80-Bfppyexh1QEg&#038;oe=689E923C","article:published_time":"2017-06-08T11:58:08+00:00","article:modified_time":"2017-06-22T22:27:47+00:00","twitter:card":"summary_large_image","twitter:title":"\u201cGastronomia na Serra\u201d acontecer\u00e1 de 10 a 13 de agosto - A Not\u00edcia Online","twitter:description":"A s\u00e9tima edi\u00e7\u00e3o do festival Gastronomia na Serra, em Pirapanema, j\u00e1 tem data marcada para acontecer. De 10 a 13 de agosto, o distrito receber\u00e1 novamente milhares de visitantes para o evento, organizado pela Prefeitura de Muria\u00e9, por meio da Fundarte. Neste ano, a principal novidade dever\u00e1 ser a parceria firmada com o Circuito Vi","twitter:image":"https:\/\/scontent-gig4-1.xx.fbcdn.net\/v\/t39.30808-1\/270437624_4564083193639691_6907940295614233970_n.jpg?stp=dst-jpg_s200x200_tt6&_nc_cat=111&ccb=1-7&_nc_sid=f907e8&_nc_ohc=SM1wRlP3lJwQ7kNvwEPuBYA&_nc_oc=AdnqrjDN_BNjSSHWO-GbkIWH6fkGMLw4bqvL_NH6e2wMveX7G-rP2dAqsDSq1mJMOaY&_nc_zt=24&_nc_ht=scontent-gig4-1.xx&_nc_gid=AoBFJeGrT1hVaew_6rchkQ&oh=00_AfX7QmFGhQhG2jAllVgXCiM1ZrWgvtp80-Bfppyexh1QEg&oe=689E923C"},"aioseo_meta_data":{"post_id":"32033","title":null,"description":null,"keywords":null,"keyphrases":null,"primary_term":null,"canonical_url":null,"og_title":null,"og_description":null,"og_object_type":"default","og_image_type":"default","og_image_url":null,"og_image_width":null,"og_image_height":null,"og_image_custom_url":null,"og_image_custom_fields":null,"og_video":null,"og_custom_url":null,"og_article_section":null,"og_article_tags":null,"twitter_use_og":false,"twitter_card":"default","twitter_image_type":"default","twitter_image_url":null,"twitter_image_custom_url":null,"twitter_image_custom_fields":null,"twitter_title":null,"twitter_description":null,"schema":{"blockGraphs":[],"customGraphs":[],"default":{"data":{"Article":[],"Course":[],"Dataset":[],"FAQPage":[],"Movie":[],"Person":[],"Product":[],"ProductReview":[],"Car":[],"Recipe":[],"Service":[],"SoftwareApplication":[],"WebPage":[]},"graphName":"","isEnabled":true},"graphs":[]},"schema_type":"default","schema_type_options":null,"pillar_content":false,"robots_default":true,"robots_noindex":false,"robots_noarchive":false,"robots_nosnippet":false,"robots_nofollow":false,"robots_noimageindex":false,"robots_noodp":false,"robots_notranslate":false,"robots_max_snippet":null,"robots_max_videopreview":null,"robots_max_imagepreview":"large","priority":null,"frequency":null,"local_seo":null,"breadcrumb_settings":null,"limit_modified_date":false,"ai":null,"created":"2025-08-16 18:36:13","updated":"2025-08-16 18:36:13","focus_keyword":null,"additional_keywords":null,"truseo_locale":null,"seo_analyzer_scan_date":null},"aioseo_breadcrumb":"<div class=\"aioseo-breadcrumbs\"><span class=\"aioseo-breadcrumb\">\n\t\t\t<a href=\"https:\/\/anoticiaonline.com.br\/site\" title=\"Home\">Home<\/a>\n\t\t<\/span><span class=\"aioseo-breadcrumb-separator\">&raquo;<\/span><span class=\"aioseo-breadcrumb\">\n\t\t\t<a href=\"https:\/\/anoticiaonline.com.br\/site\/categoria\/muriae\/\" title=\"Blog\">Blog<\/a>\n\t\t<\/span><span class=\"aioseo-breadcrumb-separator\">&raquo;<\/span><span class=\"aioseo-breadcrumb\">\n\t\t\t\u201cGastronomia na Serra\u201d acontecer\u00e1 de 10 a 13 de agosto\n\t\t<\/span><\/div>","aioseo_breadcrumb_json":[{"label":"Home","link":"https:\/\/anoticiaonline.com.br\/site"},{"label":"Blog","link":"https:\/\/anoticiaonline.com.br\/site\/categoria\/muriae\/"},{"label":"\u201cGastronomia na Serra\u201d acontecer\u00e1 de 10 a 13 de agosto","link":"https:\/\/anoticiaonline.com.br\/site\/gastronomia-na-serra-acontecera-de-10-a-13-de-agosto\/"}],"views":185,"_links":{"self":[{"href":"https:\/\/anoticiaonline.com.br\/site\/wp-json\/wp\/v2\/posts\/32033","targetHints":{"allow":["GET"]}}],"collection":[{"href":"https:\/\/anoticiaonline.com.br\/site\/wp-json\/wp\/v2\/posts"}],"about":[{"href":"https:\/\/anoticiaonline.com.br\/site\/wp-json\/wp\/v2\/types\/post"}],"author":[{"embeddable":true,"href":"https:\/\/anoticiaonline.com.br\/site\/wp-json\/wp\/v2\/users\/2"}],"replies":[{"embeddable":true,"href":"https:\/\/anoticiaonline.com.br\/site\/wp-json\/wp\/v2\/comments?post=32033"}],"version-history":[{"count":0,"href":"https:\/\/anoticiaonline.com.br\/site\/wp-json\/wp\/v2\/posts\/32033\/revisions"}],"wp:featuredmedia":[{"embeddable":true,"href":"https:\/\/anoticiaonline.com.br\/site\/wp-json\/wp\/v2\/media\/32035"}],"wp:attachment":[{"href":"https:\/\/anoticiaonline.com.br\/site\/wp-json\/wp\/v2\/media?parent=32033"}],"wp:term":[{"taxonomy":"category","embeddable":true,"href":"https:\/\/anoticiaonline.com.br\/site\/wp-json\/wp\/v2\/categories?post=32033"},{"taxonomy":"post_tag","embeddable":true,"href":"https:\/\/anoticiaonline.com.br\/site\/wp-json\/wp\/v2\/tags?post=32033"}],"curies":[{"name":"wp","href":"https:\/\/api.w.org\/{rel}","templated":true}]}}