{"id":31760,"date":"2017-06-07T14:53:14","date_gmt":"2017-06-07T17:53:14","guid":{"rendered":"http:\/\/anoticiaonline.com.br\/site\/?p=31760"},"modified":"2017-06-22T19:48:54","modified_gmt":"2017-06-22T22:48:54","slug":"fundacao-cristiano-varella-participa-de-debate-na-camara-dos-deputados-sobre-desafios-para-combate-ao-cancer","status":"publish","type":"post","link":"https:\/\/anoticiaonline.com.br\/site\/fundacao-cristiano-varella-participa-de-debate-na-camara-dos-deputados-sobre-desafios-para-combate-ao-cancer\/","title":{"rendered":"Funda\u00e7\u00e3o Cristiano Varella participa de debate na C\u00e2mara dos Deputados sobre desafios para combate ao c\u00e2ncer"},"content":{"rendered":"<figure id=\"attachment_31761\" aria-describedby=\"caption-attachment-31761\" style=\"width: 290px\" class=\"wp-caption alignleft\"><a href=\"https:\/\/anoticiaonline.com.br\/site\/wp-content\/uploads\/2017\/06\/Funda\u00e7\u00e3o-Cristiano-Varella-participa-de-debate-na-C\u00e2mara-dos-Deputados-sobre-desafios-para-combate-ao-c\u00e2ncer.jpg\"><img fetchpriority=\"high\" decoding=\"async\" class=\"size-medium wp-image-31761\" src=\"https:\/\/anoticiaonline.com.br\/site\/wp-content\/uploads\/2017\/06\/Funda\u00e7\u00e3o-Cristiano-Varella-participa-de-debate-na-C\u00e2mara-dos-Deputados-sobre-desafios-para-combate-ao-c\u00e2ncer-300x211.jpg\" alt=\"S\u00e9rgio Henriques e o ministro da Sa\u00fade, Ricardo Barros\" width=\"300\" height=\"211\" srcset=\"https:\/\/anoticiaonline.com.br\/site\/wp-content\/uploads\/2017\/06\/Funda\u00e7\u00e3o-Cristiano-Varella-participa-de-debate-na-C\u00e2mara-dos-Deputados-sobre-desafios-para-combate-ao-c\u00e2ncer-300x211.jpg 300w, https:\/\/anoticiaonline.com.br\/site\/wp-content\/uploads\/2017\/06\/Funda\u00e7\u00e3o-Cristiano-Varella-participa-de-debate-na-C\u00e2mara-dos-Deputados-sobre-desafios-para-combate-ao-c\u00e2ncer.jpg 640w\" sizes=\"(max-width: 300px) 100vw, 300px\" \/><\/a><figcaption id=\"caption-attachment-31761\" class=\"wp-caption-text\">S\u00e9rgio Henriques e o ministro da Sa\u00fade, Ricardo Barros<\/figcaption><\/figure>\n<p>A Funda\u00e7\u00e3o Cristiano Varella foi representada, atrav\u00e9s de seu diretor Administrativo, S\u00e9rgio Dias Henriques, em um debate realizado no plen\u00e1rio da C\u00e2mara dos Deputados, em Bras\u00edlia (DF), na ter\u00e7a-feira (6). Na ocasi\u00e3o, foram apontados assuntos relacionados aos desafios enfrentados no pa\u00eds para o combate ao c\u00e2ncer. Preven\u00e7\u00e3o, diagn\u00f3stico, acesso ao tratamento e o financiamento foram alguns dos itens abordados. A proposta do debate foi uma iniciativa do deputado Caio Narcio (PSDB\/MG), que j\u00e1 perdeu familiares para a doen\u00e7a.<\/p>\n<p>Durante seu discurso, S\u00e9rgio apontou algumas dificuldades enfrentadas pelos pacientes que sofrem com o c\u00e2ncer ao procurar tratamento para a doen\u00e7a nos hospitais Brasil afora. Ele destacou a corrida contra o tempo para essas pessoas. Tamb\u00e9m lembrou as longas filas encontradas por esses pacientes para conseguir acesso a exames, bi\u00f3psias, cirurgias, quimioterapia, radioterapia e outros. O diretor Administrativo da FCV aproveitou ainda o espa\u00e7o para relatar que o sistema padece com recursos ultrapassados e tabelas de pre\u00e7os que n\u00e3o s\u00e3o reajustadas h\u00e1 mais de dez anos.<\/p>\n<p>\u201cComo discutir a incorpora\u00e7\u00e3o de novas tecnologias nesse cen\u00e1rio? O tratamento avan\u00e7a, com novas tecnologias e maiores chances de cura, mas ainda atrelados a custos astron\u00f4micos, o que faz com que muitas vezes o acesso ocorra por determina\u00e7\u00e3o judicial\u201d, afirma S\u00e9rgio.<\/p>\n<p>O ministro da Sa\u00fade, Ricardo Barros, que estava presente no debate, admitiu que o Brasil n\u00e3o disp\u00f5e de recursos para dar tratamento para todos os brasileiros como deveria. Segundo ele, as novas tecnologias e os tratamentos individualizados s\u00e3o \u201cmuito caros\u201d, mas ressaltou que o pa\u00eds tem buscado outros caminhos, seja pelo investimento em preven\u00e7\u00e3o, ou pelo barateamento da produ\u00e7\u00e3o de medicamentos.<\/p>\n<p>\u201cEconomizamos R$ 3,2 bilh\u00f5es neste primeiro ano de gest\u00e3o, praticamente reduzindo pre\u00e7o de medicamento. Quanto mais barato, mais acesso damos \u00e0s pessoas. Precisamos resistir \u00e0 press\u00e3o da ind\u00fastria farmac\u00eautica em descontinuar a produ\u00e7\u00e3o de medicamentos baratos\u201d, diz o ministro.<\/p>\n<p>N\u00daMEROS DO C\u00c2NCER NO BRASIL &#8211; Segundo o Instituto Nacional de C\u00e2ncer (Inca), em 2016 e 2017, aproximadamente 600 mil pessoas desenvolver\u00e3o algum tipo de c\u00e2ncer no Brasil, dos quais cerca de 180 mil ser\u00e3o de pele, 61 mil de pr\u00f3stata e 58 mil de mama. Segundo a Organiza\u00e7\u00e3o Mundial da Sa\u00fade (OMS), o c\u00e2ncer \u00e9 respons\u00e1vel por uma em cada seis mortes no mundo.<\/p>\n<p>Ainda de acordo com a OMS, no mundo, a cada ano, 8,8 milh\u00f5es de pessoas morrem de c\u00e2ncer. O principal problema, segundo a entidade, \u00e9 a demora no diagn\u00f3stico da doen\u00e7a. Por isso, a OMS afirma que \u00e9 necess\u00e1rio investir em equipamentos m\u00e9dicos, no fortalecimento dos servi\u00e7os de sa\u00fade e no treinamento de profissionais da sa\u00fade, para que eles possam realizar diagn\u00f3sticos apurados rapidamente.<\/p>\n<p>Al\u00e9m disso, tamb\u00e9m \u00e9 preciso garantir que as pessoas vivendo com c\u00e2ncer tenham acesso a tratamento seguro e efetivo. Os diagn\u00f3sticos precoces, ressalta o Inca, podem aumentar a possibilidade de cura para alguns c\u00e2nceres e reduzir a morbidade resultante da doen\u00e7a e de seu tratamento.<\/p>\n","protected":false},"excerpt":{"rendered":"<p>A Funda\u00e7\u00e3o Cristiano Varella foi representada, atrav\u00e9s de seu diretor Administrativo, S\u00e9rgio Dias Henriques, em um debate realizado no plen\u00e1rio da C\u00e2mara dos Deputados, em Bras\u00edlia (DF), na ter\u00e7a-feira (6). Na ocasi\u00e3o, foram apontados assuntos relacionados aos desafios enfrentados no pa\u00eds para o combate ao c\u00e2ncer. Preven\u00e7\u00e3o, diagn\u00f3stico, acesso ao tratamento e o financiamento foram &#8230; <a title=\"Funda\u00e7\u00e3o Cristiano Varella participa de debate na C\u00e2mara dos Deputados sobre desafios para combate ao c\u00e2ncer\" class=\"read-more\" href=\"https:\/\/anoticiaonline.com.br\/site\/fundacao-cristiano-varella-participa-de-debate-na-camara-dos-deputados-sobre-desafios-para-combate-ao-cancer\/\" aria-label=\"Read more about Funda\u00e7\u00e3o Cristiano Varella participa de debate na C\u00e2mara dos Deputados sobre desafios para combate ao c\u00e2ncer\">Ler mais<\/a><\/p>\n","protected":false},"author":2,"featured_media":31761,"comment_status":"open","ping_status":"open","sticky":false,"template":"","format":"standard","meta":{"_acf_changed":false,"_monsterinsights_skip_tracking":false,"footnotes":""},"categories":[30],"tags":[84,74,3],"class_list":["post-31760","post","type-post","status-publish","format-standard","has-post-thumbnail","hentry","category-muriae","tag-fundacao-cristiano-varella","tag-muriae","tag-slide"],"acf":[],"aioseo_notices":[],"aioseo_head":"\n\t\t<!-- All in One SEO 5.0.0.1 - aioseo.com -->\n\t<meta name=\"description\" content=\"A Funda\u00e7\u00e3o Cristiano Varella foi representada, atrav\u00e9s de seu diretor Administrativo, S\u00e9rgio Dias Henriques, em um debate realizado no plen\u00e1rio da C\u00e2mara dos Deputados, em Bras\u00edlia (DF), na ter\u00e7a-feira (6). Na ocasi\u00e3o, foram apontados assuntos relacionados aos desafios enfrentados no pa\u00eds para o combate ao c\u00e2ncer. Preven\u00e7\u00e3o, diagn\u00f3stico, acesso ao tratamento e o financiamento foram\" \/>\n\t<meta name=\"robots\" content=\"max-image-preview:large\" \/>\n\t<meta name=\"author\" content=\"Juliana Laviola\"\/>\n\t<link rel=\"canonical\" href=\"https:\/\/anoticiaonline.com.br\/site\/fundacao-cristiano-varella-participa-de-debate-na-camara-dos-deputados-sobre-desafios-para-combate-ao-cancer\/\" \/>\n\t<meta name=\"generator\" content=\"All in One SEO (AIOSEO) 5.0.0.1\" \/>\n\t\t<meta property=\"og:locale\" content=\"pt_BR\" \/>\n\t\t<meta property=\"og:site_name\" content=\"A Not\u00edcia Online - Noticias de Muria\u00e9 e regi\u00e3o\" \/>\n\t\t<meta property=\"og:type\" content=\"article\" \/>\n\t\t<meta property=\"og:title\" content=\"Funda\u00e7\u00e3o Cristiano Varella participa de debate na C\u00e2mara dos Deputados sobre desafios para combate ao c\u00e2ncer - A Not\u00edcia Online\" \/>\n\t\t<meta property=\"og:description\" content=\"A Funda\u00e7\u00e3o Cristiano Varella foi representada, atrav\u00e9s de seu diretor Administrativo, S\u00e9rgio Dias Henriques, em um debate realizado no plen\u00e1rio da C\u00e2mara dos Deputados, em Bras\u00edlia (DF), na ter\u00e7a-feira (6). Na ocasi\u00e3o, foram apontados assuntos relacionados aos desafios enfrentados no pa\u00eds para o combate ao c\u00e2ncer. Preven\u00e7\u00e3o, diagn\u00f3stico, acesso ao tratamento e o financiamento foram\" \/>\n\t\t<meta property=\"og:url\" content=\"https:\/\/anoticiaonline.com.br\/site\/fundacao-cristiano-varella-participa-de-debate-na-camara-dos-deputados-sobre-desafios-para-combate-ao-cancer\/\" \/>\n\t\t<meta property=\"og:image\" content=\"https:\/\/scontent-gig4-1.xx.fbcdn.net\/v\/t39.30808-1\/270437624_4564083193639691_6907940295614233970_n.jpg?stp=dst-jpg_s200x200_tt6&#038;_nc_cat=111&#038;ccb=1-7&#038;_nc_sid=f907e8&#038;_nc_ohc=SM1wRlP3lJwQ7kNvwEPuBYA&#038;_nc_oc=AdnqrjDN_BNjSSHWO-GbkIWH6fkGMLw4bqvL_NH6e2wMveX7G-rP2dAqsDSq1mJMOaY&#038;_nc_zt=24&#038;_nc_ht=scontent-gig4-1.xx&#038;_nc_gid=AoBFJeGrT1hVaew_6rchkQ&#038;oh=00_AfX7QmFGhQhG2jAllVgXCiM1ZrWgvtp80-Bfppyexh1QEg&#038;oe=689E923C\" \/>\n\t\t<meta property=\"og:image:secure_url\" content=\"https:\/\/scontent-gig4-1.xx.fbcdn.net\/v\/t39.30808-1\/270437624_4564083193639691_6907940295614233970_n.jpg?stp=dst-jpg_s200x200_tt6&#038;_nc_cat=111&#038;ccb=1-7&#038;_nc_sid=f907e8&#038;_nc_ohc=SM1wRlP3lJwQ7kNvwEPuBYA&#038;_nc_oc=AdnqrjDN_BNjSSHWO-GbkIWH6fkGMLw4bqvL_NH6e2wMveX7G-rP2dAqsDSq1mJMOaY&#038;_nc_zt=24&#038;_nc_ht=scontent-gig4-1.xx&#038;_nc_gid=AoBFJeGrT1hVaew_6rchkQ&#038;oh=00_AfX7QmFGhQhG2jAllVgXCiM1ZrWgvtp80-Bfppyexh1QEg&#038;oe=689E923C\" \/>\n\t\t<meta property=\"article:published_time\" content=\"2017-06-07T17:53:14+00:00\" \/>\n\t\t<meta property=\"article:modified_time\" content=\"2017-06-22T22:48:54+00:00\" \/>\n\t\t<meta name=\"twitter:card\" content=\"summary_large_image\" \/>\n\t\t<meta name=\"twitter:title\" content=\"Funda\u00e7\u00e3o Cristiano Varella participa de debate na C\u00e2mara dos Deputados sobre desafios para combate ao c\u00e2ncer - A Not\u00edcia Online\" \/>\n\t\t<meta name=\"twitter:description\" content=\"A Funda\u00e7\u00e3o Cristiano Varella foi representada, atrav\u00e9s de seu diretor Administrativo, S\u00e9rgio Dias Henriques, em um debate realizado no plen\u00e1rio da C\u00e2mara dos Deputados, em Bras\u00edlia (DF), na ter\u00e7a-feira (6). Na ocasi\u00e3o, foram apontados assuntos relacionados aos desafios enfrentados no pa\u00eds para o combate ao c\u00e2ncer. Preven\u00e7\u00e3o, diagn\u00f3stico, acesso ao tratamento e o financiamento foram\" \/>\n\t\t<meta name=\"twitter:image\" content=\"https:\/\/scontent-gig4-1.xx.fbcdn.net\/v\/t39.30808-1\/270437624_4564083193639691_6907940295614233970_n.jpg?stp=dst-jpg_s200x200_tt6&amp;_nc_cat=111&amp;ccb=1-7&amp;_nc_sid=f907e8&amp;_nc_ohc=SM1wRlP3lJwQ7kNvwEPuBYA&amp;_nc_oc=AdnqrjDN_BNjSSHWO-GbkIWH6fkGMLw4bqvL_NH6e2wMveX7G-rP2dAqsDSq1mJMOaY&amp;_nc_zt=24&amp;_nc_ht=scontent-gig4-1.xx&amp;_nc_gid=AoBFJeGrT1hVaew_6rchkQ&amp;oh=00_AfX7QmFGhQhG2jAllVgXCiM1ZrWgvtp80-Bfppyexh1QEg&amp;oe=689E923C\" \/>\n\t\t<script type=\"application\/ld+json\" class=\"aioseo-schema\">\n\t\t\t{\"@context\":\"https:\\\/\\\/schema.org\",\"@graph\":[{\"@type\":\"BlogPosting\",\"@id\":\"https:\\\/\\\/anoticiaonline.com.br\\\/site\\\/fundacao-cristiano-varella-participa-de-debate-na-camara-dos-deputados-sobre-desafios-para-combate-ao-cancer\\\/#blogposting\",\"name\":\"Funda\\u00e7\\u00e3o Cristiano Varella participa de debate na C\\u00e2mara dos Deputados sobre desafios para combate ao c\\u00e2ncer - A Not\\u00edcia Online\",\"headline\":\"Funda\\u00e7\\u00e3o Cristiano Varella participa de debate na C\\u00e2mara dos Deputados sobre desafios para combate ao c\\u00e2ncer\",\"author\":{\"@id\":\"https:\\\/\\\/anoticiaonline.com.br\\\/site\\\/author\\\/juliana\\\/#author\"},\"publisher\":{\"@id\":\"https:\\\/\\\/anoticiaonline.com.br\\\/site\\\/#organization\"},\"image\":{\"@type\":\"ImageObject\",\"url\":\"https:\\\/\\\/anoticiaonline.com.br\\\/site\\\/wp-content\\\/uploads\\\/2017\\\/06\\\/Funda\\u00e7\\u00e3o-Cristiano-Varella-participa-de-debate-na-C\\u00e2mara-dos-Deputados-sobre-desafios-para-combate-ao-c\\u00e2ncer.jpg\",\"width\":640,\"height\":450,\"caption\":\"S\\u00e9rgio Henriques e o ministro da Sa\\u00fade, Ricardo Barros\"},\"datePublished\":\"2017-06-07T14:53:14-03:00\",\"dateModified\":\"2017-06-22T19:48:54-03:00\",\"inLanguage\":\"pt-BR\",\"mainEntityOfPage\":{\"@id\":\"https:\\\/\\\/anoticiaonline.com.br\\\/site\\\/fundacao-cristiano-varella-participa-de-debate-na-camara-dos-deputados-sobre-desafios-para-combate-ao-cancer\\\/#webpage\"},\"isPartOf\":{\"@id\":\"https:\\\/\\\/anoticiaonline.com.br\\\/site\\\/fundacao-cristiano-varella-participa-de-debate-na-camara-dos-deputados-sobre-desafios-para-combate-ao-cancer\\\/#webpage\"},\"articleSection\":\"Blog, funda\\u00e7\\u00e3o cristiano varella, Muria\\u00e9, slide\"},{\"@type\":\"BreadcrumbList\",\"@id\":\"https:\\\/\\\/anoticiaonline.com.br\\\/site\\\/fundacao-cristiano-varella-participa-de-debate-na-camara-dos-deputados-sobre-desafios-para-combate-ao-cancer\\\/#breadcrumblist\",\"itemListElement\":[{\"@type\":\"ListItem\",\"@id\":\"https:\\\/\\\/anoticiaonline.com.br\\\/site#listItem\",\"position\":1,\"name\":\"Home\",\"item\":\"https:\\\/\\\/anoticiaonline.com.br\\\/site\",\"nextItem\":{\"@type\":\"ListItem\",\"@id\":\"https:\\\/\\\/anoticiaonline.com.br\\\/site\\\/categoria\\\/muriae\\\/#listItem\",\"name\":\"Blog\"}},{\"@type\":\"ListItem\",\"@id\":\"https:\\\/\\\/anoticiaonline.com.br\\\/site\\\/categoria\\\/muriae\\\/#listItem\",\"position\":2,\"name\":\"Blog\",\"item\":\"https:\\\/\\\/anoticiaonline.com.br\\\/site\\\/categoria\\\/muriae\\\/\",\"nextItem\":{\"@type\":\"ListItem\",\"@id\":\"https:\\\/\\\/anoticiaonline.com.br\\\/site\\\/fundacao-cristiano-varella-participa-de-debate-na-camara-dos-deputados-sobre-desafios-para-combate-ao-cancer\\\/#listItem\",\"name\":\"Funda\\u00e7\\u00e3o Cristiano Varella participa de debate na C\\u00e2mara dos Deputados sobre desafios para combate ao c\\u00e2ncer\"},\"previousItem\":{\"@type\":\"ListItem\",\"@id\":\"https:\\\/\\\/anoticiaonline.com.br\\\/site#listItem\",\"name\":\"Home\"}},{\"@type\":\"ListItem\",\"@id\":\"https:\\\/\\\/anoticiaonline.com.br\\\/site\\\/fundacao-cristiano-varella-participa-de-debate-na-camara-dos-deputados-sobre-desafios-para-combate-ao-cancer\\\/#listItem\",\"position\":3,\"name\":\"Funda\\u00e7\\u00e3o Cristiano Varella participa de debate na C\\u00e2mara dos Deputados sobre desafios para combate ao c\\u00e2ncer\",\"previousItem\":{\"@type\":\"ListItem\",\"@id\":\"https:\\\/\\\/anoticiaonline.com.br\\\/site\\\/categoria\\\/muriae\\\/#listItem\",\"name\":\"Blog\"}}]},{\"@type\":\"Organization\",\"@id\":\"https:\\\/\\\/anoticiaonline.com.br\\\/site\\\/#organization\",\"name\":\"A Not\\u00edcia Online\",\"description\":\"Noticias de Muria\\u00e9 e regi\\u00e3o\",\"url\":\"https:\\\/\\\/anoticiaonline.com.br\\\/site\\\/\",\"logo\":{\"@type\":\"ImageObject\",\"url\":\"https:\\\/\\\/scontent-gig4-1.xx.fbcdn.net\\\/v\\\/t39.30808-1\\\/270437624_4564083193639691_6907940295614233970_n.jpg?stp=dst-jpg_s200x200_tt6&_nc_cat=111&ccb=1-7&_nc_sid=f907e8&_nc_ohc=SM1wRlP3lJwQ7kNvwEPuBYA&_nc_oc=AdnqrjDN_BNjSSHWO-GbkIWH6fkGMLw4bqvL_NH6e2wMveX7G-rP2dAqsDSq1mJMOaY&_nc_zt=24&_nc_ht=scontent-gig4-1.xx&_nc_gid=AoBFJeGrT1hVaew_6rchkQ&oh=00_AfX7QmFGhQhG2jAllVgXCiM1ZrWgvtp80-Bfppyexh1QEg&oe=689E923C\",\"@id\":\"https:\\\/\\\/anoticiaonline.com.br\\\/site\\\/fundacao-cristiano-varella-participa-de-debate-na-camara-dos-deputados-sobre-desafios-para-combate-ao-cancer\\\/#organizationLogo\"},\"image\":{\"@id\":\"https:\\\/\\\/anoticiaonline.com.br\\\/site\\\/fundacao-cristiano-varella-participa-de-debate-na-camara-dos-deputados-sobre-desafios-para-combate-ao-cancer\\\/#organizationLogo\"}},{\"@type\":\"Person\",\"@id\":\"https:\\\/\\\/anoticiaonline.com.br\\\/site\\\/author\\\/juliana\\\/#author\",\"url\":\"https:\\\/\\\/anoticiaonline.com.br\\\/site\\\/author\\\/juliana\\\/\",\"name\":\"Juliana Laviola\",\"image\":{\"@type\":\"ImageObject\",\"@id\":\"https:\\\/\\\/anoticiaonline.com.br\\\/site\\\/fundacao-cristiano-varella-participa-de-debate-na-camara-dos-deputados-sobre-desafios-para-combate-ao-cancer\\\/#authorImage\",\"url\":\"https:\\\/\\\/secure.gravatar.com\\\/avatar\\\/b8d45f5c699b100dfaf0e543582f38f38bf94cb7ae3a5e9abf8d891a34773335?s=96&d=mm&r=g\",\"width\":96,\"height\":96,\"caption\":\"Juliana Laviola\"}},{\"@type\":\"WebPage\",\"@id\":\"https:\\\/\\\/anoticiaonline.com.br\\\/site\\\/fundacao-cristiano-varella-participa-de-debate-na-camara-dos-deputados-sobre-desafios-para-combate-ao-cancer\\\/#webpage\",\"url\":\"https:\\\/\\\/anoticiaonline.com.br\\\/site\\\/fundacao-cristiano-varella-participa-de-debate-na-camara-dos-deputados-sobre-desafios-para-combate-ao-cancer\\\/\",\"name\":\"Funda\\u00e7\\u00e3o Cristiano Varella participa de debate na C\\u00e2mara dos Deputados sobre desafios para combate ao c\\u00e2ncer - A Not\\u00edcia Online\",\"description\":\"A Funda\\u00e7\\u00e3o Cristiano Varella foi representada, atrav\\u00e9s de seu diretor Administrativo, S\\u00e9rgio Dias Henriques, em um debate realizado no plen\\u00e1rio da C\\u00e2mara dos Deputados, em Bras\\u00edlia (DF), na ter\\u00e7a-feira (6). Na ocasi\\u00e3o, foram apontados assuntos relacionados aos desafios enfrentados no pa\\u00eds para o combate ao c\\u00e2ncer. Preven\\u00e7\\u00e3o, diagn\\u00f3stico, acesso ao tratamento e o financiamento foram\",\"inLanguage\":\"pt-BR\",\"isPartOf\":{\"@id\":\"https:\\\/\\\/anoticiaonline.com.br\\\/site\\\/#website\"},\"breadcrumb\":{\"@id\":\"https:\\\/\\\/anoticiaonline.com.br\\\/site\\\/fundacao-cristiano-varella-participa-de-debate-na-camara-dos-deputados-sobre-desafios-para-combate-ao-cancer\\\/#breadcrumblist\"},\"author\":{\"@id\":\"https:\\\/\\\/anoticiaonline.com.br\\\/site\\\/author\\\/juliana\\\/#author\"},\"creator\":{\"@id\":\"https:\\\/\\\/anoticiaonline.com.br\\\/site\\\/author\\\/juliana\\\/#author\"},\"image\":{\"@type\":\"ImageObject\",\"url\":\"https:\\\/\\\/anoticiaonline.com.br\\\/site\\\/wp-content\\\/uploads\\\/2017\\\/06\\\/Funda\\u00e7\\u00e3o-Cristiano-Varella-participa-de-debate-na-C\\u00e2mara-dos-Deputados-sobre-desafios-para-combate-ao-c\\u00e2ncer.jpg\",\"@id\":\"https:\\\/\\\/anoticiaonline.com.br\\\/site\\\/fundacao-cristiano-varella-participa-de-debate-na-camara-dos-deputados-sobre-desafios-para-combate-ao-cancer\\\/#mainImage\",\"width\":640,\"height\":450,\"caption\":\"S\\u00e9rgio Henriques e o ministro da Sa\\u00fade, Ricardo Barros\"},\"primaryImageOfPage\":{\"@id\":\"https:\\\/\\\/anoticiaonline.com.br\\\/site\\\/fundacao-cristiano-varella-participa-de-debate-na-camara-dos-deputados-sobre-desafios-para-combate-ao-cancer\\\/#mainImage\"},\"datePublished\":\"2017-06-07T14:53:14-03:00\",\"dateModified\":\"2017-06-22T19:48:54-03:00\"},{\"@type\":\"WebSite\",\"@id\":\"https:\\\/\\\/anoticiaonline.com.br\\\/site\\\/#website\",\"url\":\"https:\\\/\\\/anoticiaonline.com.br\\\/site\\\/\",\"name\":\"A Not\\u00edcia Online\",\"description\":\"Noticias de Muria\\u00e9 e regi\\u00e3o\",\"inLanguage\":\"pt-BR\",\"publisher\":{\"@id\":\"https:\\\/\\\/anoticiaonline.com.br\\\/site\\\/#organization\"}}]}\n\t\t<\/script>\n\t\t<!-- All in One SEO -->\n\n","aioseo_head_json":{"title":"Funda\u00e7\u00e3o Cristiano Varella participa de debate na C\u00e2mara dos Deputados sobre desafios para combate ao c\u00e2ncer - A Not\u00edcia Online","description":"A Funda\u00e7\u00e3o Cristiano Varella foi representada, atrav\u00e9s de seu diretor Administrativo, S\u00e9rgio Dias Henriques, em um debate realizado no plen\u00e1rio da C\u00e2mara dos Deputados, em Bras\u00edlia (DF), na ter\u00e7a-feira (6). Na ocasi\u00e3o, foram apontados assuntos relacionados aos desafios enfrentados no pa\u00eds para o combate ao c\u00e2ncer. Preven\u00e7\u00e3o, diagn\u00f3stico, acesso ao tratamento e o financiamento foram","canonical_url":"https:\/\/anoticiaonline.com.br\/site\/fundacao-cristiano-varella-participa-de-debate-na-camara-dos-deputados-sobre-desafios-para-combate-ao-cancer\/","robots":"max-image-preview:large","keywords":"","webmasterTools":{"miscellaneous":""},"schema":{"@context":"https:\/\/schema.org","@graph":[{"@type":"BlogPosting","@id":"https:\/\/anoticiaonline.com.br\/site\/fundacao-cristiano-varella-participa-de-debate-na-camara-dos-deputados-sobre-desafios-para-combate-ao-cancer\/#blogposting","name":"Funda\u00e7\u00e3o Cristiano Varella participa de debate na C\u00e2mara dos Deputados sobre desafios para combate ao c\u00e2ncer - A Not\u00edcia Online","headline":"Funda\u00e7\u00e3o Cristiano Varella participa de debate na C\u00e2mara dos Deputados sobre desafios para combate ao c\u00e2ncer","author":{"@id":"https:\/\/anoticiaonline.com.br\/site\/author\/juliana\/#author"},"publisher":{"@id":"https:\/\/anoticiaonline.com.br\/site\/#organization"},"image":{"@type":"ImageObject","url":"https:\/\/anoticiaonline.com.br\/site\/wp-content\/uploads\/2017\/06\/Funda\u00e7\u00e3o-Cristiano-Varella-participa-de-debate-na-C\u00e2mara-dos-Deputados-sobre-desafios-para-combate-ao-c\u00e2ncer.jpg","width":640,"height":450,"caption":"S\u00e9rgio Henriques e o ministro da Sa\u00fade, Ricardo Barros"},"datePublished":"2017-06-07T14:53:14-03:00","dateModified":"2017-06-22T19:48:54-03:00","inLanguage":"pt-BR","mainEntityOfPage":{"@id":"https:\/\/anoticiaonline.com.br\/site\/fundacao-cristiano-varella-participa-de-debate-na-camara-dos-deputados-sobre-desafios-para-combate-ao-cancer\/#webpage"},"isPartOf":{"@id":"https:\/\/anoticiaonline.com.br\/site\/fundacao-cristiano-varella-participa-de-debate-na-camara-dos-deputados-sobre-desafios-para-combate-ao-cancer\/#webpage"},"articleSection":"Blog, funda\u00e7\u00e3o cristiano varella, Muria\u00e9, slide"},{"@type":"BreadcrumbList","@id":"https:\/\/anoticiaonline.com.br\/site\/fundacao-cristiano-varella-participa-de-debate-na-camara-dos-deputados-sobre-desafios-para-combate-ao-cancer\/#breadcrumblist","itemListElement":[{"@type":"ListItem","@id":"https:\/\/anoticiaonline.com.br\/site#listItem","position":1,"name":"Home","item":"https:\/\/anoticiaonline.com.br\/site","nextItem":{"@type":"ListItem","@id":"https:\/\/anoticiaonline.com.br\/site\/categoria\/muriae\/#listItem","name":"Blog"}},{"@type":"ListItem","@id":"https:\/\/anoticiaonline.com.br\/site\/categoria\/muriae\/#listItem","position":2,"name":"Blog","item":"https:\/\/anoticiaonline.com.br\/site\/categoria\/muriae\/","nextItem":{"@type":"ListItem","@id":"https:\/\/anoticiaonline.com.br\/site\/fundacao-cristiano-varella-participa-de-debate-na-camara-dos-deputados-sobre-desafios-para-combate-ao-cancer\/#listItem","name":"Funda\u00e7\u00e3o Cristiano Varella participa de debate na C\u00e2mara dos Deputados sobre desafios para combate ao c\u00e2ncer"},"previousItem":{"@type":"ListItem","@id":"https:\/\/anoticiaonline.com.br\/site#listItem","name":"Home"}},{"@type":"ListItem","@id":"https:\/\/anoticiaonline.com.br\/site\/fundacao-cristiano-varella-participa-de-debate-na-camara-dos-deputados-sobre-desafios-para-combate-ao-cancer\/#listItem","position":3,"name":"Funda\u00e7\u00e3o Cristiano Varella participa de debate na C\u00e2mara dos Deputados sobre desafios para combate ao c\u00e2ncer","previousItem":{"@type":"ListItem","@id":"https:\/\/anoticiaonline.com.br\/site\/categoria\/muriae\/#listItem","name":"Blog"}}]},{"@type":"Organization","@id":"https:\/\/anoticiaonline.com.br\/site\/#organization","name":"A Not\u00edcia Online","description":"Noticias de Muria\u00e9 e regi\u00e3o","url":"https:\/\/anoticiaonline.com.br\/site\/","logo":{"@type":"ImageObject","url":"https:\/\/scontent-gig4-1.xx.fbcdn.net\/v\/t39.30808-1\/270437624_4564083193639691_6907940295614233970_n.jpg?stp=dst-jpg_s200x200_tt6&_nc_cat=111&ccb=1-7&_nc_sid=f907e8&_nc_ohc=SM1wRlP3lJwQ7kNvwEPuBYA&_nc_oc=AdnqrjDN_BNjSSHWO-GbkIWH6fkGMLw4bqvL_NH6e2wMveX7G-rP2dAqsDSq1mJMOaY&_nc_zt=24&_nc_ht=scontent-gig4-1.xx&_nc_gid=AoBFJeGrT1hVaew_6rchkQ&oh=00_AfX7QmFGhQhG2jAllVgXCiM1ZrWgvtp80-Bfppyexh1QEg&oe=689E923C","@id":"https:\/\/anoticiaonline.com.br\/site\/fundacao-cristiano-varella-participa-de-debate-na-camara-dos-deputados-sobre-desafios-para-combate-ao-cancer\/#organizationLogo"},"image":{"@id":"https:\/\/anoticiaonline.com.br\/site\/fundacao-cristiano-varella-participa-de-debate-na-camara-dos-deputados-sobre-desafios-para-combate-ao-cancer\/#organizationLogo"}},{"@type":"Person","@id":"https:\/\/anoticiaonline.com.br\/site\/author\/juliana\/#author","url":"https:\/\/anoticiaonline.com.br\/site\/author\/juliana\/","name":"Juliana Laviola","image":{"@type":"ImageObject","@id":"https:\/\/anoticiaonline.com.br\/site\/fundacao-cristiano-varella-participa-de-debate-na-camara-dos-deputados-sobre-desafios-para-combate-ao-cancer\/#authorImage","url":"https:\/\/secure.gravatar.com\/avatar\/b8d45f5c699b100dfaf0e543582f38f38bf94cb7ae3a5e9abf8d891a34773335?s=96&d=mm&r=g","width":96,"height":96,"caption":"Juliana Laviola"}},{"@type":"WebPage","@id":"https:\/\/anoticiaonline.com.br\/site\/fundacao-cristiano-varella-participa-de-debate-na-camara-dos-deputados-sobre-desafios-para-combate-ao-cancer\/#webpage","url":"https:\/\/anoticiaonline.com.br\/site\/fundacao-cristiano-varella-participa-de-debate-na-camara-dos-deputados-sobre-desafios-para-combate-ao-cancer\/","name":"Funda\u00e7\u00e3o Cristiano Varella participa de debate na C\u00e2mara dos Deputados sobre desafios para combate ao c\u00e2ncer - A Not\u00edcia Online","description":"A Funda\u00e7\u00e3o Cristiano Varella foi representada, atrav\u00e9s de seu diretor Administrativo, S\u00e9rgio Dias Henriques, em um debate realizado no plen\u00e1rio da C\u00e2mara dos Deputados, em Bras\u00edlia (DF), na ter\u00e7a-feira (6). Na ocasi\u00e3o, foram apontados assuntos relacionados aos desafios enfrentados no pa\u00eds para o combate ao c\u00e2ncer. Preven\u00e7\u00e3o, diagn\u00f3stico, acesso ao tratamento e o financiamento foram","inLanguage":"pt-BR","isPartOf":{"@id":"https:\/\/anoticiaonline.com.br\/site\/#website"},"breadcrumb":{"@id":"https:\/\/anoticiaonline.com.br\/site\/fundacao-cristiano-varella-participa-de-debate-na-camara-dos-deputados-sobre-desafios-para-combate-ao-cancer\/#breadcrumblist"},"author":{"@id":"https:\/\/anoticiaonline.com.br\/site\/author\/juliana\/#author"},"creator":{"@id":"https:\/\/anoticiaonline.com.br\/site\/author\/juliana\/#author"},"image":{"@type":"ImageObject","url":"https:\/\/anoticiaonline.com.br\/site\/wp-content\/uploads\/2017\/06\/Funda\u00e7\u00e3o-Cristiano-Varella-participa-de-debate-na-C\u00e2mara-dos-Deputados-sobre-desafios-para-combate-ao-c\u00e2ncer.jpg","@id":"https:\/\/anoticiaonline.com.br\/site\/fundacao-cristiano-varella-participa-de-debate-na-camara-dos-deputados-sobre-desafios-para-combate-ao-cancer\/#mainImage","width":640,"height":450,"caption":"S\u00e9rgio Henriques e o ministro da Sa\u00fade, Ricardo Barros"},"primaryImageOfPage":{"@id":"https:\/\/anoticiaonline.com.br\/site\/fundacao-cristiano-varella-participa-de-debate-na-camara-dos-deputados-sobre-desafios-para-combate-ao-cancer\/#mainImage"},"datePublished":"2017-06-07T14:53:14-03:00","dateModified":"2017-06-22T19:48:54-03:00"},{"@type":"WebSite","@id":"https:\/\/anoticiaonline.com.br\/site\/#website","url":"https:\/\/anoticiaonline.com.br\/site\/","name":"A Not\u00edcia Online","description":"Noticias de Muria\u00e9 e regi\u00e3o","inLanguage":"pt-BR","publisher":{"@id":"https:\/\/anoticiaonline.com.br\/site\/#organization"}}]},"og:locale":"pt_BR","og:site_name":"A Not\u00edcia Online - Noticias de Muria\u00e9 e regi\u00e3o","og:type":"article","og:title":"Funda\u00e7\u00e3o Cristiano Varella participa de debate na C\u00e2mara dos Deputados sobre desafios para combate ao c\u00e2ncer - A Not\u00edcia Online","og:description":"A Funda\u00e7\u00e3o Cristiano Varella foi representada, atrav\u00e9s de seu diretor Administrativo, S\u00e9rgio Dias Henriques, em um debate realizado no plen\u00e1rio da C\u00e2mara dos Deputados, em Bras\u00edlia (DF), na ter\u00e7a-feira (6). Na ocasi\u00e3o, foram apontados assuntos relacionados aos desafios enfrentados no pa\u00eds para o combate ao c\u00e2ncer. Preven\u00e7\u00e3o, diagn\u00f3stico, acesso ao tratamento e o financiamento foram","og:url":"https:\/\/anoticiaonline.com.br\/site\/fundacao-cristiano-varella-participa-de-debate-na-camara-dos-deputados-sobre-desafios-para-combate-ao-cancer\/","og:image":"https:\/\/scontent-gig4-1.xx.fbcdn.net\/v\/t39.30808-1\/270437624_4564083193639691_6907940295614233970_n.jpg?stp=dst-jpg_s200x200_tt6&#038;_nc_cat=111&#038;ccb=1-7&#038;_nc_sid=f907e8&#038;_nc_ohc=SM1wRlP3lJwQ7kNvwEPuBYA&#038;_nc_oc=AdnqrjDN_BNjSSHWO-GbkIWH6fkGMLw4bqvL_NH6e2wMveX7G-rP2dAqsDSq1mJMOaY&#038;_nc_zt=24&#038;_nc_ht=scontent-gig4-1.xx&#038;_nc_gid=AoBFJeGrT1hVaew_6rchkQ&#038;oh=00_AfX7QmFGhQhG2jAllVgXCiM1ZrWgvtp80-Bfppyexh1QEg&#038;oe=689E923C","og:image:secure_url":"https:\/\/scontent-gig4-1.xx.fbcdn.net\/v\/t39.30808-1\/270437624_4564083193639691_6907940295614233970_n.jpg?stp=dst-jpg_s200x200_tt6&#038;_nc_cat=111&#038;ccb=1-7&#038;_nc_sid=f907e8&#038;_nc_ohc=SM1wRlP3lJwQ7kNvwEPuBYA&#038;_nc_oc=AdnqrjDN_BNjSSHWO-GbkIWH6fkGMLw4bqvL_NH6e2wMveX7G-rP2dAqsDSq1mJMOaY&#038;_nc_zt=24&#038;_nc_ht=scontent-gig4-1.xx&#038;_nc_gid=AoBFJeGrT1hVaew_6rchkQ&#038;oh=00_AfX7QmFGhQhG2jAllVgXCiM1ZrWgvtp80-Bfppyexh1QEg&#038;oe=689E923C","article:published_time":"2017-06-07T17:53:14+00:00","article:modified_time":"2017-06-22T22:48:54+00:00","twitter:card":"summary_large_image","twitter:title":"Funda\u00e7\u00e3o Cristiano Varella participa de debate na C\u00e2mara dos Deputados sobre desafios para combate ao c\u00e2ncer - A Not\u00edcia Online","twitter:description":"A Funda\u00e7\u00e3o Cristiano Varella foi representada, atrav\u00e9s de seu diretor Administrativo, S\u00e9rgio Dias Henriques, em um debate realizado no plen\u00e1rio da C\u00e2mara dos Deputados, em Bras\u00edlia (DF), na ter\u00e7a-feira (6). Na ocasi\u00e3o, foram apontados assuntos relacionados aos desafios enfrentados no pa\u00eds para o combate ao c\u00e2ncer. Preven\u00e7\u00e3o, diagn\u00f3stico, acesso ao tratamento e o financiamento foram","twitter:image":"https:\/\/scontent-gig4-1.xx.fbcdn.net\/v\/t39.30808-1\/270437624_4564083193639691_6907940295614233970_n.jpg?stp=dst-jpg_s200x200_tt6&_nc_cat=111&ccb=1-7&_nc_sid=f907e8&_nc_ohc=SM1wRlP3lJwQ7kNvwEPuBYA&_nc_oc=AdnqrjDN_BNjSSHWO-GbkIWH6fkGMLw4bqvL_NH6e2wMveX7G-rP2dAqsDSq1mJMOaY&_nc_zt=24&_nc_ht=scontent-gig4-1.xx&_nc_gid=AoBFJeGrT1hVaew_6rchkQ&oh=00_AfX7QmFGhQhG2jAllVgXCiM1ZrWgvtp80-Bfppyexh1QEg&oe=689E923C"},"aioseo_meta_data":{"post_id":"31760","title":null,"description":null,"keywords":null,"keyphrases":null,"primary_term":null,"canonical_url":null,"og_title":null,"og_description":null,"og_object_type":"default","og_image_type":"default","og_image_url":null,"og_image_width":null,"og_image_height":null,"og_image_custom_url":null,"og_image_custom_fields":null,"og_video":null,"og_custom_url":null,"og_article_section":null,"og_article_tags":null,"twitter_use_og":false,"twitter_card":"default","twitter_image_type":"default","twitter_image_url":null,"twitter_image_custom_url":null,"twitter_image_custom_fields":null,"twitter_title":null,"twitter_description":null,"schema":{"blockGraphs":[],"customGraphs":[],"default":{"data":{"Article":[],"Course":[],"Dataset":[],"FAQPage":[],"Movie":[],"Person":[],"Product":[],"ProductReview":[],"Car":[],"Recipe":[],"Service":[],"SoftwareApplication":[],"WebPage":[]},"graphName":"","isEnabled":true},"graphs":[]},"schema_type":"default","schema_type_options":null,"pillar_content":false,"robots_default":true,"robots_noindex":false,"robots_noarchive":false,"robots_nosnippet":false,"robots_nofollow":false,"robots_noimageindex":false,"robots_noodp":false,"robots_notranslate":false,"robots_max_snippet":null,"robots_max_videopreview":null,"robots_max_imagepreview":"large","priority":null,"frequency":null,"local_seo":null,"breadcrumb_settings":null,"limit_modified_date":false,"ai":null,"created":"2025-08-16 18:36:13","updated":"2025-08-16 18:36:13","focus_keyword":null,"additional_keywords":null,"truseo_locale":null,"seo_analyzer_scan_date":null},"aioseo_breadcrumb":"<div class=\"aioseo-breadcrumbs\"><span class=\"aioseo-breadcrumb\">\n\t\t\t<a href=\"https:\/\/anoticiaonline.com.br\/site\" title=\"Home\">Home<\/a>\n\t\t<\/span><span class=\"aioseo-breadcrumb-separator\">&raquo;<\/span><span class=\"aioseo-breadcrumb\">\n\t\t\t<a href=\"https:\/\/anoticiaonline.com.br\/site\/categoria\/muriae\/\" title=\"Blog\">Blog<\/a>\n\t\t<\/span><span class=\"aioseo-breadcrumb-separator\">&raquo;<\/span><span class=\"aioseo-breadcrumb\">\n\t\t\tFunda\u00e7\u00e3o Cristiano Varella participa de debate na C\u00e2mara dos Deputados sobre desafios para combate ao c\u00e2ncer\n\t\t<\/span><\/div>","aioseo_breadcrumb_json":[{"label":"Home","link":"https:\/\/anoticiaonline.com.br\/site"},{"label":"Blog","link":"https:\/\/anoticiaonline.com.br\/site\/categoria\/muriae\/"},{"label":"Funda\u00e7\u00e3o Cristiano Varella participa de debate na C\u00e2mara dos Deputados sobre desafios para combate ao c\u00e2ncer","link":"https:\/\/anoticiaonline.com.br\/site\/fundacao-cristiano-varella-participa-de-debate-na-camara-dos-deputados-sobre-desafios-para-combate-ao-cancer\/"}],"views":138,"_links":{"self":[{"href":"https:\/\/anoticiaonline.com.br\/site\/wp-json\/wp\/v2\/posts\/31760","targetHints":{"allow":["GET"]}}],"collection":[{"href":"https:\/\/anoticiaonline.com.br\/site\/wp-json\/wp\/v2\/posts"}],"about":[{"href":"https:\/\/anoticiaonline.com.br\/site\/wp-json\/wp\/v2\/types\/post"}],"author":[{"embeddable":true,"href":"https:\/\/anoticiaonline.com.br\/site\/wp-json\/wp\/v2\/users\/2"}],"replies":[{"embeddable":true,"href":"https:\/\/anoticiaonline.com.br\/site\/wp-json\/wp\/v2\/comments?post=31760"}],"version-history":[{"count":0,"href":"https:\/\/anoticiaonline.com.br\/site\/wp-json\/wp\/v2\/posts\/31760\/revisions"}],"wp:featuredmedia":[{"embeddable":true,"href":"https:\/\/anoticiaonline.com.br\/site\/wp-json\/wp\/v2\/media\/31761"}],"wp:attachment":[{"href":"https:\/\/anoticiaonline.com.br\/site\/wp-json\/wp\/v2\/media?parent=31760"}],"wp:term":[{"taxonomy":"category","embeddable":true,"href":"https:\/\/anoticiaonline.com.br\/site\/wp-json\/wp\/v2\/categories?post=31760"},{"taxonomy":"post_tag","embeddable":true,"href":"https:\/\/anoticiaonline.com.br\/site\/wp-json\/wp\/v2\/tags?post=31760"}],"curies":[{"name":"wp","href":"https:\/\/api.w.org\/{rel}","templated":true}]}}