{"id":31701,"date":"2017-06-07T08:00:56","date_gmt":"2017-06-07T11:00:56","guid":{"rendered":"http:\/\/anoticiaonline.com.br\/site\/?p=31701"},"modified":"2017-06-22T19:51:58","modified_gmt":"2017-06-22T22:51:58","slug":"festa-de-ervalia-tera-show-de-gino-geno","status":"publish","type":"post","link":"https:\/\/anoticiaonline.com.br\/site\/festa-de-ervalia-tera-show-de-gino-geno\/","title":{"rendered":"Festa de Erv\u00e1lia ter\u00e1 show de Gino &#038; Geno"},"content":{"rendered":"<figure id=\"attachment_31702\" aria-describedby=\"caption-attachment-31702\" style=\"width: 290px\" class=\"wp-caption alignleft\"><a href=\"https:\/\/anoticiaonline.com.br\/site\/wp-content\/uploads\/2017\/06\/ba4dc4bf-d5a3-4d79-b4e1-f94b2ab319e1.jpg\"><img fetchpriority=\"high\" decoding=\"async\" class=\"wp-image-31702 size-medium\" src=\"https:\/\/anoticiaonline.com.br\/site\/wp-content\/uploads\/2017\/06\/ba4dc4bf-d5a3-4d79-b4e1-f94b2ab319e1-300x212.jpg\" alt=\"Foto: Arquivo A NOT\u00cdCIA\" width=\"300\" height=\"212\" srcset=\"https:\/\/anoticiaonline.com.br\/site\/wp-content\/uploads\/2017\/06\/ba4dc4bf-d5a3-4d79-b4e1-f94b2ab319e1-300x212.jpg 300w, https:\/\/anoticiaonline.com.br\/site\/wp-content\/uploads\/2017\/06\/ba4dc4bf-d5a3-4d79-b4e1-f94b2ab319e1.jpg 600w\" sizes=\"(max-width: 300px) 100vw, 300px\" \/><\/a><figcaption id=\"caption-attachment-31702\" class=\"wp-caption-text\">Gino &amp; Geno durante apresenta\u00e7\u00e3o (Foto: Arquivo A NOT\u00cdCIA)<\/figcaption><\/figure>\n<p>Uma das duplas sertanejas mais conhecidas do Brasil, Gino &amp; Geno, vai se apresentar na Festa da Cidade de Erv\u00e1lia, que acontecer\u00e1 entre os dias 16 e 18 de junho. A dupla sobe ao palco no domingo, a partir das 20h.<\/p>\n<p>O evento ser\u00e1 realizado no parque de exposi\u00e7\u00f5es do munic\u00edpio. A programa\u00e7\u00e3o inclui ainda motocross e shows de Beto Kau\u00ea, Lex Luthor, MCs Nandinho &amp; Nego Bam, Renan &amp; Rafael e Free Farra. A entrada \u00e9 gratuita em todos os tr\u00eas dias de festa.<\/p>\n<p><strong>PROGRAMA\u00c7\u00c3O:<\/strong><br \/>\n<strong>Sexta Feira (16):<\/strong><br \/>\n22h30min &#8211; Beto Kau\u00ea<br \/>\n0h &#8211; Lex Luthor<\/p>\n<p><strong>S\u00e1bado (17):<\/strong><br \/>\n22h &#8211; MCs Nandinho &amp; Nego Bam<br \/>\n23h &#8211; Renan &amp; Rafael<br \/>\n0h30min &#8211; Chapahalls<\/p>\n<p><strong>Domingo (18):<\/strong><br \/>\n12h &#8211; Motocross<br \/>\n20h &#8211; Gino e Geno<br \/>\n21h30min &#8211; Free Farra<\/p>\n<p>&nbsp;<\/p>\n<p><strong>CLIQUE NA FOTO PARA VER O CARTAZ DA FESTA:<\/strong><\/p>\n<p><a href=\"https:\/\/anoticiaonline.com.br\/site\/wp-content\/uploads\/2017\/06\/Festa-da-Cidade-de-Erv\u00e1lia.jpg\"><img decoding=\"async\" class=\"alignnone size-medium wp-image-31703\" src=\"https:\/\/anoticiaonline.com.br\/site\/wp-content\/uploads\/2017\/06\/Festa-da-Cidade-de-Erv\u00e1lia-300x217.jpg\" alt=\"Festa da Cidade de Erv\u00e1lia\" width=\"300\" height=\"217\" srcset=\"https:\/\/anoticiaonline.com.br\/site\/wp-content\/uploads\/2017\/06\/Festa-da-Cidade-de-Erv\u00e1lia-300x217.jpg 300w, https:\/\/anoticiaonline.com.br\/site\/wp-content\/uploads\/2017\/06\/Festa-da-Cidade-de-Erv\u00e1lia.jpg 640w\" sizes=\"(max-width: 300px) 100vw, 300px\" \/><\/a><\/p>\n","protected":false},"excerpt":{"rendered":"<p>Uma das duplas sertanejas mais conhecidas do Brasil, Gino &amp; Geno, vai se apresentar na Festa da Cidade de Erv\u00e1lia, que acontecer\u00e1 entre os dias 16 e 18 de junho. A dupla sobe ao palco no domingo, a partir das 20h. O evento ser\u00e1 realizado no parque de exposi\u00e7\u00f5es do munic\u00edpio. A programa\u00e7\u00e3o inclui ainda &#8230; <a title=\"Festa de Erv\u00e1lia ter\u00e1 show de Gino &#038; Geno\" class=\"read-more\" href=\"https:\/\/anoticiaonline.com.br\/site\/festa-de-ervalia-tera-show-de-gino-geno\/\" aria-label=\"Read more about Festa de Erv\u00e1lia ter\u00e1 show de Gino &#038; Geno\">Ler mais<\/a><\/p>\n","protected":false},"author":2,"featured_media":31702,"comment_status":"open","ping_status":"open","sticky":false,"template":"","format":"standard","meta":{"_acf_changed":false,"_monsterinsights_skip_tracking":false,"footnotes":""},"categories":[24],"tags":[169,168,170,3],"class_list":["post-31701","post","type-post","status-publish","format-standard","has-post-thumbnail","hentry","category-eventos","tag-ervalia","tag-festa-de-ervalia","tag-gino-e-geno","tag-slide"],"acf":[],"aioseo_notices":[],"aioseo_head":"\n\t\t<!-- All in One SEO 5.0.0.1 - aioseo.com -->\n\t<meta name=\"description\" content=\"Uma das duplas sertanejas mais conhecidas do Brasil, Gino &amp; Geno, vai se apresentar na Festa da Cidade de Erv\u00e1lia, que acontecer\u00e1 entre os dias 16 e 18 de junho. A dupla sobe ao palco no domingo, a partir das 20h. O evento ser\u00e1 realizado no parque de exposi\u00e7\u00f5es do munic\u00edpio. A programa\u00e7\u00e3o inclui ainda\" \/>\n\t<meta name=\"robots\" content=\"max-image-preview:large\" \/>\n\t<meta name=\"author\" content=\"Juliana Laviola\"\/>\n\t<link rel=\"canonical\" href=\"https:\/\/anoticiaonline.com.br\/site\/festa-de-ervalia-tera-show-de-gino-geno\/\" \/>\n\t<meta name=\"generator\" content=\"All in One SEO (AIOSEO) 5.0.0.1\" \/>\n\t\t<meta property=\"og:locale\" content=\"pt_BR\" \/>\n\t\t<meta property=\"og:site_name\" content=\"A Not\u00edcia Online - Noticias de Muria\u00e9 e regi\u00e3o\" \/>\n\t\t<meta property=\"og:type\" content=\"article\" \/>\n\t\t<meta property=\"og:title\" content=\"Festa de Erv\u00e1lia ter\u00e1 show de Gino &amp; Geno - A Not\u00edcia Online\" \/>\n\t\t<meta property=\"og:description\" content=\"Uma das duplas sertanejas mais conhecidas do Brasil, Gino &amp; Geno, vai se apresentar na Festa da Cidade de Erv\u00e1lia, que acontecer\u00e1 entre os dias 16 e 18 de junho. A dupla sobe ao palco no domingo, a partir das 20h. O evento ser\u00e1 realizado no parque de exposi\u00e7\u00f5es do munic\u00edpio. A programa\u00e7\u00e3o inclui ainda\" \/>\n\t\t<meta property=\"og:url\" content=\"https:\/\/anoticiaonline.com.br\/site\/festa-de-ervalia-tera-show-de-gino-geno\/\" \/>\n\t\t<meta property=\"og:image\" content=\"https:\/\/scontent-gig4-1.xx.fbcdn.net\/v\/t39.30808-1\/270437624_4564083193639691_6907940295614233970_n.jpg?stp=dst-jpg_s200x200_tt6&#038;_nc_cat=111&#038;ccb=1-7&#038;_nc_sid=f907e8&#038;_nc_ohc=SM1wRlP3lJwQ7kNvwEPuBYA&#038;_nc_oc=AdnqrjDN_BNjSSHWO-GbkIWH6fkGMLw4bqvL_NH6e2wMveX7G-rP2dAqsDSq1mJMOaY&#038;_nc_zt=24&#038;_nc_ht=scontent-gig4-1.xx&#038;_nc_gid=AoBFJeGrT1hVaew_6rchkQ&#038;oh=00_AfX7QmFGhQhG2jAllVgXCiM1ZrWgvtp80-Bfppyexh1QEg&#038;oe=689E923C\" \/>\n\t\t<meta property=\"og:image:secure_url\" content=\"https:\/\/scontent-gig4-1.xx.fbcdn.net\/v\/t39.30808-1\/270437624_4564083193639691_6907940295614233970_n.jpg?stp=dst-jpg_s200x200_tt6&#038;_nc_cat=111&#038;ccb=1-7&#038;_nc_sid=f907e8&#038;_nc_ohc=SM1wRlP3lJwQ7kNvwEPuBYA&#038;_nc_oc=AdnqrjDN_BNjSSHWO-GbkIWH6fkGMLw4bqvL_NH6e2wMveX7G-rP2dAqsDSq1mJMOaY&#038;_nc_zt=24&#038;_nc_ht=scontent-gig4-1.xx&#038;_nc_gid=AoBFJeGrT1hVaew_6rchkQ&#038;oh=00_AfX7QmFGhQhG2jAllVgXCiM1ZrWgvtp80-Bfppyexh1QEg&#038;oe=689E923C\" \/>\n\t\t<meta property=\"article:published_time\" content=\"2017-06-07T11:00:56+00:00\" \/>\n\t\t<meta property=\"article:modified_time\" content=\"2017-06-22T22:51:58+00:00\" \/>\n\t\t<meta name=\"twitter:card\" content=\"summary_large_image\" \/>\n\t\t<meta name=\"twitter:title\" content=\"Festa de Erv\u00e1lia ter\u00e1 show de Gino &amp; Geno - A Not\u00edcia Online\" \/>\n\t\t<meta name=\"twitter:description\" content=\"Uma das duplas sertanejas mais conhecidas do Brasil, Gino &amp; Geno, vai se apresentar na Festa da Cidade de Erv\u00e1lia, que acontecer\u00e1 entre os dias 16 e 18 de junho. A dupla sobe ao palco no domingo, a partir das 20h. O evento ser\u00e1 realizado no parque de exposi\u00e7\u00f5es do munic\u00edpio. A programa\u00e7\u00e3o inclui ainda\" \/>\n\t\t<meta name=\"twitter:image\" content=\"https:\/\/scontent-gig4-1.xx.fbcdn.net\/v\/t39.30808-1\/270437624_4564083193639691_6907940295614233970_n.jpg?stp=dst-jpg_s200x200_tt6&amp;_nc_cat=111&amp;ccb=1-7&amp;_nc_sid=f907e8&amp;_nc_ohc=SM1wRlP3lJwQ7kNvwEPuBYA&amp;_nc_oc=AdnqrjDN_BNjSSHWO-GbkIWH6fkGMLw4bqvL_NH6e2wMveX7G-rP2dAqsDSq1mJMOaY&amp;_nc_zt=24&amp;_nc_ht=scontent-gig4-1.xx&amp;_nc_gid=AoBFJeGrT1hVaew_6rchkQ&amp;oh=00_AfX7QmFGhQhG2jAllVgXCiM1ZrWgvtp80-Bfppyexh1QEg&amp;oe=689E923C\" \/>\n\t\t<script type=\"application\/ld+json\" class=\"aioseo-schema\">\n\t\t\t{\"@context\":\"https:\\\/\\\/schema.org\",\"@graph\":[{\"@type\":\"BlogPosting\",\"@id\":\"https:\\\/\\\/anoticiaonline.com.br\\\/site\\\/festa-de-ervalia-tera-show-de-gino-geno\\\/#blogposting\",\"name\":\"Festa de Erv\\u00e1lia ter\\u00e1 show de Gino & Geno - A Not\\u00edcia Online\",\"headline\":\"Festa de Erv\\u00e1lia ter\\u00e1 show de Gino &#038; Geno\",\"author\":{\"@id\":\"https:\\\/\\\/anoticiaonline.com.br\\\/site\\\/author\\\/juliana\\\/#author\"},\"publisher\":{\"@id\":\"https:\\\/\\\/anoticiaonline.com.br\\\/site\\\/#organization\"},\"image\":{\"@type\":\"ImageObject\",\"url\":\"https:\\\/\\\/anoticiaonline.com.br\\\/site\\\/wp-content\\\/uploads\\\/2017\\\/06\\\/ba4dc4bf-d5a3-4d79-b4e1-f94b2ab319e1.jpg\",\"width\":600,\"height\":423,\"caption\":\"Foto: Arquivo A NOT\\u00cdCIA\"},\"datePublished\":\"2017-06-07T08:00:56-03:00\",\"dateModified\":\"2017-06-22T19:51:58-03:00\",\"inLanguage\":\"pt-BR\",\"mainEntityOfPage\":{\"@id\":\"https:\\\/\\\/anoticiaonline.com.br\\\/site\\\/festa-de-ervalia-tera-show-de-gino-geno\\\/#webpage\"},\"isPartOf\":{\"@id\":\"https:\\\/\\\/anoticiaonline.com.br\\\/site\\\/festa-de-ervalia-tera-show-de-gino-geno\\\/#webpage\"},\"articleSection\":\"Eventos, erv\\u00e1lia, festa de erv\\u00e1lia, gino e geno, slide\"},{\"@type\":\"BreadcrumbList\",\"@id\":\"https:\\\/\\\/anoticiaonline.com.br\\\/site\\\/festa-de-ervalia-tera-show-de-gino-geno\\\/#breadcrumblist\",\"itemListElement\":[{\"@type\":\"ListItem\",\"@id\":\"https:\\\/\\\/anoticiaonline.com.br\\\/site#listItem\",\"position\":1,\"name\":\"Home\",\"item\":\"https:\\\/\\\/anoticiaonline.com.br\\\/site\",\"nextItem\":{\"@type\":\"ListItem\",\"@id\":\"https:\\\/\\\/anoticiaonline.com.br\\\/site\\\/categoria\\\/eventos\\\/#listItem\",\"name\":\"Eventos\"}},{\"@type\":\"ListItem\",\"@id\":\"https:\\\/\\\/anoticiaonline.com.br\\\/site\\\/categoria\\\/eventos\\\/#listItem\",\"position\":2,\"name\":\"Eventos\",\"item\":\"https:\\\/\\\/anoticiaonline.com.br\\\/site\\\/categoria\\\/eventos\\\/\",\"nextItem\":{\"@type\":\"ListItem\",\"@id\":\"https:\\\/\\\/anoticiaonline.com.br\\\/site\\\/festa-de-ervalia-tera-show-de-gino-geno\\\/#listItem\",\"name\":\"Festa de Erv\\u00e1lia ter\\u00e1 show de Gino &#038; Geno\"},\"previousItem\":{\"@type\":\"ListItem\",\"@id\":\"https:\\\/\\\/anoticiaonline.com.br\\\/site#listItem\",\"name\":\"Home\"}},{\"@type\":\"ListItem\",\"@id\":\"https:\\\/\\\/anoticiaonline.com.br\\\/site\\\/festa-de-ervalia-tera-show-de-gino-geno\\\/#listItem\",\"position\":3,\"name\":\"Festa de Erv\\u00e1lia ter\\u00e1 show de Gino &#038; Geno\",\"previousItem\":{\"@type\":\"ListItem\",\"@id\":\"https:\\\/\\\/anoticiaonline.com.br\\\/site\\\/categoria\\\/eventos\\\/#listItem\",\"name\":\"Eventos\"}}]},{\"@type\":\"Organization\",\"@id\":\"https:\\\/\\\/anoticiaonline.com.br\\\/site\\\/#organization\",\"name\":\"A Not\\u00edcia Online\",\"description\":\"Noticias de Muria\\u00e9 e regi\\u00e3o\",\"url\":\"https:\\\/\\\/anoticiaonline.com.br\\\/site\\\/\",\"logo\":{\"@type\":\"ImageObject\",\"url\":\"https:\\\/\\\/scontent-gig4-1.xx.fbcdn.net\\\/v\\\/t39.30808-1\\\/270437624_4564083193639691_6907940295614233970_n.jpg?stp=dst-jpg_s200x200_tt6&_nc_cat=111&ccb=1-7&_nc_sid=f907e8&_nc_ohc=SM1wRlP3lJwQ7kNvwEPuBYA&_nc_oc=AdnqrjDN_BNjSSHWO-GbkIWH6fkGMLw4bqvL_NH6e2wMveX7G-rP2dAqsDSq1mJMOaY&_nc_zt=24&_nc_ht=scontent-gig4-1.xx&_nc_gid=AoBFJeGrT1hVaew_6rchkQ&oh=00_AfX7QmFGhQhG2jAllVgXCiM1ZrWgvtp80-Bfppyexh1QEg&oe=689E923C\",\"@id\":\"https:\\\/\\\/anoticiaonline.com.br\\\/site\\\/festa-de-ervalia-tera-show-de-gino-geno\\\/#organizationLogo\"},\"image\":{\"@id\":\"https:\\\/\\\/anoticiaonline.com.br\\\/site\\\/festa-de-ervalia-tera-show-de-gino-geno\\\/#organizationLogo\"}},{\"@type\":\"Person\",\"@id\":\"https:\\\/\\\/anoticiaonline.com.br\\\/site\\\/author\\\/juliana\\\/#author\",\"url\":\"https:\\\/\\\/anoticiaonline.com.br\\\/site\\\/author\\\/juliana\\\/\",\"name\":\"Juliana Laviola\",\"image\":{\"@type\":\"ImageObject\",\"@id\":\"https:\\\/\\\/anoticiaonline.com.br\\\/site\\\/festa-de-ervalia-tera-show-de-gino-geno\\\/#authorImage\",\"url\":\"https:\\\/\\\/secure.gravatar.com\\\/avatar\\\/b8d45f5c699b100dfaf0e543582f38f38bf94cb7ae3a5e9abf8d891a34773335?s=96&d=mm&r=g\",\"width\":96,\"height\":96,\"caption\":\"Juliana Laviola\"}},{\"@type\":\"WebPage\",\"@id\":\"https:\\\/\\\/anoticiaonline.com.br\\\/site\\\/festa-de-ervalia-tera-show-de-gino-geno\\\/#webpage\",\"url\":\"https:\\\/\\\/anoticiaonline.com.br\\\/site\\\/festa-de-ervalia-tera-show-de-gino-geno\\\/\",\"name\":\"Festa de Erv\\u00e1lia ter\\u00e1 show de Gino & Geno - A Not\\u00edcia Online\",\"description\":\"Uma das duplas sertanejas mais conhecidas do Brasil, Gino & Geno, vai se apresentar na Festa da Cidade de Erv\\u00e1lia, que acontecer\\u00e1 entre os dias 16 e 18 de junho. A dupla sobe ao palco no domingo, a partir das 20h. O evento ser\\u00e1 realizado no parque de exposi\\u00e7\\u00f5es do munic\\u00edpio. A programa\\u00e7\\u00e3o inclui ainda\",\"inLanguage\":\"pt-BR\",\"isPartOf\":{\"@id\":\"https:\\\/\\\/anoticiaonline.com.br\\\/site\\\/#website\"},\"breadcrumb\":{\"@id\":\"https:\\\/\\\/anoticiaonline.com.br\\\/site\\\/festa-de-ervalia-tera-show-de-gino-geno\\\/#breadcrumblist\"},\"author\":{\"@id\":\"https:\\\/\\\/anoticiaonline.com.br\\\/site\\\/author\\\/juliana\\\/#author\"},\"creator\":{\"@id\":\"https:\\\/\\\/anoticiaonline.com.br\\\/site\\\/author\\\/juliana\\\/#author\"},\"image\":{\"@type\":\"ImageObject\",\"url\":\"https:\\\/\\\/anoticiaonline.com.br\\\/site\\\/wp-content\\\/uploads\\\/2017\\\/06\\\/ba4dc4bf-d5a3-4d79-b4e1-f94b2ab319e1.jpg\",\"@id\":\"https:\\\/\\\/anoticiaonline.com.br\\\/site\\\/festa-de-ervalia-tera-show-de-gino-geno\\\/#mainImage\",\"width\":600,\"height\":423,\"caption\":\"Foto: Arquivo A NOT\\u00cdCIA\"},\"primaryImageOfPage\":{\"@id\":\"https:\\\/\\\/anoticiaonline.com.br\\\/site\\\/festa-de-ervalia-tera-show-de-gino-geno\\\/#mainImage\"},\"datePublished\":\"2017-06-07T08:00:56-03:00\",\"dateModified\":\"2017-06-22T19:51:58-03:00\"},{\"@type\":\"WebSite\",\"@id\":\"https:\\\/\\\/anoticiaonline.com.br\\\/site\\\/#website\",\"url\":\"https:\\\/\\\/anoticiaonline.com.br\\\/site\\\/\",\"name\":\"A Not\\u00edcia Online\",\"description\":\"Noticias de Muria\\u00e9 e regi\\u00e3o\",\"inLanguage\":\"pt-BR\",\"publisher\":{\"@id\":\"https:\\\/\\\/anoticiaonline.com.br\\\/site\\\/#organization\"}}]}\n\t\t<\/script>\n\t\t<!-- All in One SEO -->\n\n","aioseo_head_json":{"title":"Festa de Erv\u00e1lia ter\u00e1 show de Gino & Geno - A Not\u00edcia Online","description":"Uma das duplas sertanejas mais conhecidas do Brasil, Gino & Geno, vai se apresentar na Festa da Cidade de Erv\u00e1lia, que acontecer\u00e1 entre os dias 16 e 18 de junho. A dupla sobe ao palco no domingo, a partir das 20h. O evento ser\u00e1 realizado no parque de exposi\u00e7\u00f5es do munic\u00edpio. A programa\u00e7\u00e3o inclui ainda","canonical_url":"https:\/\/anoticiaonline.com.br\/site\/festa-de-ervalia-tera-show-de-gino-geno\/","robots":"max-image-preview:large","keywords":"","webmasterTools":{"miscellaneous":""},"schema":{"@context":"https:\/\/schema.org","@graph":[{"@type":"BlogPosting","@id":"https:\/\/anoticiaonline.com.br\/site\/festa-de-ervalia-tera-show-de-gino-geno\/#blogposting","name":"Festa de Erv\u00e1lia ter\u00e1 show de Gino & Geno - A Not\u00edcia Online","headline":"Festa de Erv\u00e1lia ter\u00e1 show de Gino &#038; Geno","author":{"@id":"https:\/\/anoticiaonline.com.br\/site\/author\/juliana\/#author"},"publisher":{"@id":"https:\/\/anoticiaonline.com.br\/site\/#organization"},"image":{"@type":"ImageObject","url":"https:\/\/anoticiaonline.com.br\/site\/wp-content\/uploads\/2017\/06\/ba4dc4bf-d5a3-4d79-b4e1-f94b2ab319e1.jpg","width":600,"height":423,"caption":"Foto: Arquivo A NOT\u00cdCIA"},"datePublished":"2017-06-07T08:00:56-03:00","dateModified":"2017-06-22T19:51:58-03:00","inLanguage":"pt-BR","mainEntityOfPage":{"@id":"https:\/\/anoticiaonline.com.br\/site\/festa-de-ervalia-tera-show-de-gino-geno\/#webpage"},"isPartOf":{"@id":"https:\/\/anoticiaonline.com.br\/site\/festa-de-ervalia-tera-show-de-gino-geno\/#webpage"},"articleSection":"Eventos, erv\u00e1lia, festa de erv\u00e1lia, gino e geno, slide"},{"@type":"BreadcrumbList","@id":"https:\/\/anoticiaonline.com.br\/site\/festa-de-ervalia-tera-show-de-gino-geno\/#breadcrumblist","itemListElement":[{"@type":"ListItem","@id":"https:\/\/anoticiaonline.com.br\/site#listItem","position":1,"name":"Home","item":"https:\/\/anoticiaonline.com.br\/site","nextItem":{"@type":"ListItem","@id":"https:\/\/anoticiaonline.com.br\/site\/categoria\/eventos\/#listItem","name":"Eventos"}},{"@type":"ListItem","@id":"https:\/\/anoticiaonline.com.br\/site\/categoria\/eventos\/#listItem","position":2,"name":"Eventos","item":"https:\/\/anoticiaonline.com.br\/site\/categoria\/eventos\/","nextItem":{"@type":"ListItem","@id":"https:\/\/anoticiaonline.com.br\/site\/festa-de-ervalia-tera-show-de-gino-geno\/#listItem","name":"Festa de Erv\u00e1lia ter\u00e1 show de Gino &#038; Geno"},"previousItem":{"@type":"ListItem","@id":"https:\/\/anoticiaonline.com.br\/site#listItem","name":"Home"}},{"@type":"ListItem","@id":"https:\/\/anoticiaonline.com.br\/site\/festa-de-ervalia-tera-show-de-gino-geno\/#listItem","position":3,"name":"Festa de Erv\u00e1lia ter\u00e1 show de Gino &#038; Geno","previousItem":{"@type":"ListItem","@id":"https:\/\/anoticiaonline.com.br\/site\/categoria\/eventos\/#listItem","name":"Eventos"}}]},{"@type":"Organization","@id":"https:\/\/anoticiaonline.com.br\/site\/#organization","name":"A Not\u00edcia Online","description":"Noticias de Muria\u00e9 e regi\u00e3o","url":"https:\/\/anoticiaonline.com.br\/site\/","logo":{"@type":"ImageObject","url":"https:\/\/scontent-gig4-1.xx.fbcdn.net\/v\/t39.30808-1\/270437624_4564083193639691_6907940295614233970_n.jpg?stp=dst-jpg_s200x200_tt6&_nc_cat=111&ccb=1-7&_nc_sid=f907e8&_nc_ohc=SM1wRlP3lJwQ7kNvwEPuBYA&_nc_oc=AdnqrjDN_BNjSSHWO-GbkIWH6fkGMLw4bqvL_NH6e2wMveX7G-rP2dAqsDSq1mJMOaY&_nc_zt=24&_nc_ht=scontent-gig4-1.xx&_nc_gid=AoBFJeGrT1hVaew_6rchkQ&oh=00_AfX7QmFGhQhG2jAllVgXCiM1ZrWgvtp80-Bfppyexh1QEg&oe=689E923C","@id":"https:\/\/anoticiaonline.com.br\/site\/festa-de-ervalia-tera-show-de-gino-geno\/#organizationLogo"},"image":{"@id":"https:\/\/anoticiaonline.com.br\/site\/festa-de-ervalia-tera-show-de-gino-geno\/#organizationLogo"}},{"@type":"Person","@id":"https:\/\/anoticiaonline.com.br\/site\/author\/juliana\/#author","url":"https:\/\/anoticiaonline.com.br\/site\/author\/juliana\/","name":"Juliana Laviola","image":{"@type":"ImageObject","@id":"https:\/\/anoticiaonline.com.br\/site\/festa-de-ervalia-tera-show-de-gino-geno\/#authorImage","url":"https:\/\/secure.gravatar.com\/avatar\/b8d45f5c699b100dfaf0e543582f38f38bf94cb7ae3a5e9abf8d891a34773335?s=96&d=mm&r=g","width":96,"height":96,"caption":"Juliana Laviola"}},{"@type":"WebPage","@id":"https:\/\/anoticiaonline.com.br\/site\/festa-de-ervalia-tera-show-de-gino-geno\/#webpage","url":"https:\/\/anoticiaonline.com.br\/site\/festa-de-ervalia-tera-show-de-gino-geno\/","name":"Festa de Erv\u00e1lia ter\u00e1 show de Gino & Geno - A Not\u00edcia Online","description":"Uma das duplas sertanejas mais conhecidas do Brasil, Gino & Geno, vai se apresentar na Festa da Cidade de Erv\u00e1lia, que acontecer\u00e1 entre os dias 16 e 18 de junho. A dupla sobe ao palco no domingo, a partir das 20h. O evento ser\u00e1 realizado no parque de exposi\u00e7\u00f5es do munic\u00edpio. A programa\u00e7\u00e3o inclui ainda","inLanguage":"pt-BR","isPartOf":{"@id":"https:\/\/anoticiaonline.com.br\/site\/#website"},"breadcrumb":{"@id":"https:\/\/anoticiaonline.com.br\/site\/festa-de-ervalia-tera-show-de-gino-geno\/#breadcrumblist"},"author":{"@id":"https:\/\/anoticiaonline.com.br\/site\/author\/juliana\/#author"},"creator":{"@id":"https:\/\/anoticiaonline.com.br\/site\/author\/juliana\/#author"},"image":{"@type":"ImageObject","url":"https:\/\/anoticiaonline.com.br\/site\/wp-content\/uploads\/2017\/06\/ba4dc4bf-d5a3-4d79-b4e1-f94b2ab319e1.jpg","@id":"https:\/\/anoticiaonline.com.br\/site\/festa-de-ervalia-tera-show-de-gino-geno\/#mainImage","width":600,"height":423,"caption":"Foto: Arquivo A NOT\u00cdCIA"},"primaryImageOfPage":{"@id":"https:\/\/anoticiaonline.com.br\/site\/festa-de-ervalia-tera-show-de-gino-geno\/#mainImage"},"datePublished":"2017-06-07T08:00:56-03:00","dateModified":"2017-06-22T19:51:58-03:00"},{"@type":"WebSite","@id":"https:\/\/anoticiaonline.com.br\/site\/#website","url":"https:\/\/anoticiaonline.com.br\/site\/","name":"A Not\u00edcia Online","description":"Noticias de Muria\u00e9 e regi\u00e3o","inLanguage":"pt-BR","publisher":{"@id":"https:\/\/anoticiaonline.com.br\/site\/#organization"}}]},"og:locale":"pt_BR","og:site_name":"A Not\u00edcia Online - Noticias de Muria\u00e9 e regi\u00e3o","og:type":"article","og:title":"Festa de Erv\u00e1lia ter\u00e1 show de Gino &amp; Geno - A Not\u00edcia Online","og:description":"Uma das duplas sertanejas mais conhecidas do Brasil, Gino &amp; Geno, vai se apresentar na Festa da Cidade de Erv\u00e1lia, que acontecer\u00e1 entre os dias 16 e 18 de junho. A dupla sobe ao palco no domingo, a partir das 20h. O evento ser\u00e1 realizado no parque de exposi\u00e7\u00f5es do munic\u00edpio. A programa\u00e7\u00e3o inclui ainda","og:url":"https:\/\/anoticiaonline.com.br\/site\/festa-de-ervalia-tera-show-de-gino-geno\/","og:image":"https:\/\/scontent-gig4-1.xx.fbcdn.net\/v\/t39.30808-1\/270437624_4564083193639691_6907940295614233970_n.jpg?stp=dst-jpg_s200x200_tt6&#038;_nc_cat=111&#038;ccb=1-7&#038;_nc_sid=f907e8&#038;_nc_ohc=SM1wRlP3lJwQ7kNvwEPuBYA&#038;_nc_oc=AdnqrjDN_BNjSSHWO-GbkIWH6fkGMLw4bqvL_NH6e2wMveX7G-rP2dAqsDSq1mJMOaY&#038;_nc_zt=24&#038;_nc_ht=scontent-gig4-1.xx&#038;_nc_gid=AoBFJeGrT1hVaew_6rchkQ&#038;oh=00_AfX7QmFGhQhG2jAllVgXCiM1ZrWgvtp80-Bfppyexh1QEg&#038;oe=689E923C","og:image:secure_url":"https:\/\/scontent-gig4-1.xx.fbcdn.net\/v\/t39.30808-1\/270437624_4564083193639691_6907940295614233970_n.jpg?stp=dst-jpg_s200x200_tt6&#038;_nc_cat=111&#038;ccb=1-7&#038;_nc_sid=f907e8&#038;_nc_ohc=SM1wRlP3lJwQ7kNvwEPuBYA&#038;_nc_oc=AdnqrjDN_BNjSSHWO-GbkIWH6fkGMLw4bqvL_NH6e2wMveX7G-rP2dAqsDSq1mJMOaY&#038;_nc_zt=24&#038;_nc_ht=scontent-gig4-1.xx&#038;_nc_gid=AoBFJeGrT1hVaew_6rchkQ&#038;oh=00_AfX7QmFGhQhG2jAllVgXCiM1ZrWgvtp80-Bfppyexh1QEg&#038;oe=689E923C","article:published_time":"2017-06-07T11:00:56+00:00","article:modified_time":"2017-06-22T22:51:58+00:00","twitter:card":"summary_large_image","twitter:title":"Festa de Erv\u00e1lia ter\u00e1 show de Gino &amp; Geno - A Not\u00edcia Online","twitter:description":"Uma das duplas sertanejas mais conhecidas do Brasil, Gino &amp; Geno, vai se apresentar na Festa da Cidade de Erv\u00e1lia, que acontecer\u00e1 entre os dias 16 e 18 de junho. A dupla sobe ao palco no domingo, a partir das 20h. O evento ser\u00e1 realizado no parque de exposi\u00e7\u00f5es do munic\u00edpio. A programa\u00e7\u00e3o inclui ainda","twitter:image":"https:\/\/scontent-gig4-1.xx.fbcdn.net\/v\/t39.30808-1\/270437624_4564083193639691_6907940295614233970_n.jpg?stp=dst-jpg_s200x200_tt6&_nc_cat=111&ccb=1-7&_nc_sid=f907e8&_nc_ohc=SM1wRlP3lJwQ7kNvwEPuBYA&_nc_oc=AdnqrjDN_BNjSSHWO-GbkIWH6fkGMLw4bqvL_NH6e2wMveX7G-rP2dAqsDSq1mJMOaY&_nc_zt=24&_nc_ht=scontent-gig4-1.xx&_nc_gid=AoBFJeGrT1hVaew_6rchkQ&oh=00_AfX7QmFGhQhG2jAllVgXCiM1ZrWgvtp80-Bfppyexh1QEg&oe=689E923C"},"aioseo_meta_data":{"post_id":"31701","title":null,"description":null,"keywords":null,"keyphrases":null,"primary_term":null,"canonical_url":null,"og_title":null,"og_description":null,"og_object_type":"default","og_image_type":"default","og_image_url":null,"og_image_width":null,"og_image_height":null,"og_image_custom_url":null,"og_image_custom_fields":null,"og_video":null,"og_custom_url":null,"og_article_section":null,"og_article_tags":null,"twitter_use_og":false,"twitter_card":"default","twitter_image_type":"default","twitter_image_url":null,"twitter_image_custom_url":null,"twitter_image_custom_fields":null,"twitter_title":null,"twitter_description":null,"schema":{"blockGraphs":[],"customGraphs":[],"default":{"data":{"Article":[],"Course":[],"Dataset":[],"FAQPage":[],"Movie":[],"Person":[],"Product":[],"ProductReview":[],"Car":[],"Recipe":[],"Service":[],"SoftwareApplication":[],"WebPage":[]},"graphName":"","isEnabled":true},"graphs":[]},"schema_type":"default","schema_type_options":null,"pillar_content":false,"robots_default":true,"robots_noindex":false,"robots_noarchive":false,"robots_nosnippet":false,"robots_nofollow":false,"robots_noimageindex":false,"robots_noodp":false,"robots_notranslate":false,"robots_max_snippet":null,"robots_max_videopreview":null,"robots_max_imagepreview":"large","priority":null,"frequency":null,"local_seo":null,"breadcrumb_settings":null,"limit_modified_date":false,"ai":null,"created":"2025-08-16 18:35:03","updated":"2025-08-16 18:35:03","focus_keyword":null,"additional_keywords":null,"truseo_locale":null,"seo_analyzer_scan_date":null},"aioseo_breadcrumb":"<div class=\"aioseo-breadcrumbs\"><span class=\"aioseo-breadcrumb\">\n\t\t\t<a href=\"https:\/\/anoticiaonline.com.br\/site\" title=\"Home\">Home<\/a>\n\t\t<\/span><span class=\"aioseo-breadcrumb-separator\">&raquo;<\/span><span class=\"aioseo-breadcrumb\">\n\t\t\t<a href=\"https:\/\/anoticiaonline.com.br\/site\/categoria\/eventos\/\" title=\"Eventos\">Eventos<\/a>\n\t\t<\/span><span class=\"aioseo-breadcrumb-separator\">&raquo;<\/span><span class=\"aioseo-breadcrumb\">\n\t\t\tFesta de Erv\u00e1lia ter\u00e1 show de Gino &amp; Geno\n\t\t<\/span><\/div>","aioseo_breadcrumb_json":[{"label":"Home","link":"https:\/\/anoticiaonline.com.br\/site"},{"label":"Eventos","link":"https:\/\/anoticiaonline.com.br\/site\/categoria\/eventos\/"},{"label":"Festa de Erv\u00e1lia ter\u00e1 show de Gino &#038; Geno","link":"https:\/\/anoticiaonline.com.br\/site\/festa-de-ervalia-tera-show-de-gino-geno\/"}],"views":1025,"_links":{"self":[{"href":"https:\/\/anoticiaonline.com.br\/site\/wp-json\/wp\/v2\/posts\/31701","targetHints":{"allow":["GET"]}}],"collection":[{"href":"https:\/\/anoticiaonline.com.br\/site\/wp-json\/wp\/v2\/posts"}],"about":[{"href":"https:\/\/anoticiaonline.com.br\/site\/wp-json\/wp\/v2\/types\/post"}],"author":[{"embeddable":true,"href":"https:\/\/anoticiaonline.com.br\/site\/wp-json\/wp\/v2\/users\/2"}],"replies":[{"embeddable":true,"href":"https:\/\/anoticiaonline.com.br\/site\/wp-json\/wp\/v2\/comments?post=31701"}],"version-history":[{"count":0,"href":"https:\/\/anoticiaonline.com.br\/site\/wp-json\/wp\/v2\/posts\/31701\/revisions"}],"wp:featuredmedia":[{"embeddable":true,"href":"https:\/\/anoticiaonline.com.br\/site\/wp-json\/wp\/v2\/media\/31702"}],"wp:attachment":[{"href":"https:\/\/anoticiaonline.com.br\/site\/wp-json\/wp\/v2\/media?parent=31701"}],"wp:term":[{"taxonomy":"category","embeddable":true,"href":"https:\/\/anoticiaonline.com.br\/site\/wp-json\/wp\/v2\/categories?post=31701"},{"taxonomy":"post_tag","embeddable":true,"href":"https:\/\/anoticiaonline.com.br\/site\/wp-json\/wp\/v2\/tags?post=31701"}],"curies":[{"name":"wp","href":"https:\/\/api.w.org\/{rel}","templated":true}]}}