{"id":31619,"date":"2017-06-05T17:52:10","date_gmt":"2017-06-05T20:52:10","guid":{"rendered":"http:\/\/anoticiaonline.com.br\/site\/?p=31619"},"modified":"2017-06-22T19:53:08","modified_gmt":"2017-06-22T22:53:08","slug":"demsur-e-alunos-fazem-acao-na-praca-em-comemoracao-ao-dia-mundial-do-meio-ambiente","status":"publish","type":"post","link":"https:\/\/anoticiaonline.com.br\/site\/demsur-e-alunos-fazem-acao-na-praca-em-comemoracao-ao-dia-mundial-do-meio-ambiente\/","title":{"rendered":"Demsur e alunos fazem a\u00e7\u00e3o na pra\u00e7a em comemora\u00e7\u00e3o ao Dia Mundial do Meio Ambiente"},"content":{"rendered":"<p><a href=\"https:\/\/anoticiaonline.com.br\/site\/wp-content\/uploads\/2017\/06\/f3t.jpg\"><img fetchpriority=\"high\" decoding=\"async\" class=\" size-medium wp-image-31620 alignleft\" src=\"https:\/\/anoticiaonline.com.br\/site\/wp-content\/uploads\/2017\/06\/f3t-300x200.jpg\" alt=\"f3t\" width=\"300\" height=\"200\" srcset=\"https:\/\/anoticiaonline.com.br\/site\/wp-content\/uploads\/2017\/06\/f3t-300x200.jpg 300w, https:\/\/anoticiaonline.com.br\/site\/wp-content\/uploads\/2017\/06\/f3t.jpg 640w\" sizes=\"(max-width: 300px) 100vw, 300px\" \/><\/a>Em comemora\u00e7\u00e3o ao Dia Mundial do Meio Ambiente (5 de junho), o Demsur promoveu com os alunos da Escola Estadual Dr. Silveira Brum uma a\u00e7\u00e3o de conscientiza\u00e7\u00e3o sobre atitudes ambientalmente corretas na segunda-feira, na Pra\u00e7a Coronel Pacheco de Medeiros, Centro.<\/p>\n<p>Em um primeiro momento, cinco alunos de cada turma que participam do Programa de Educa\u00e7\u00e3o Ambiental (Progea), desenvolvido pela Pol\u00edcia Militar do Meio Ambiente, fizeram a limpeza da pra\u00e7a. Eles receberam luvas e sacos de lixo, e junto com uma equipe de monitores do Demsur e da pol\u00edcia, retiraram o lixo do local.<\/p>\n<p>Depois eles conversaram sobre os itens de encontraram e discutiram a import\u00e2ncia de manter a cidade limpa. As crian\u00e7as tamb\u00e9m tiveram a chance de conhecer os garis respons\u00e1veis pela limpeza di\u00e1ria da pra\u00e7a, Luiz e Gilberto.<\/p>\n<p>Em seguida, foi a vez dos funcion\u00e1rios da autarquia e dos palha\u00e7os Mocot\u00f3 e Lili alegrarem a crian\u00e7ada com um teatro que fala da import\u00e2ncia de preservar o meio ambiente, n\u00e3o desperdi\u00e7ando \u00e1gua e jogando o lixo no lixo.<\/p>\n<p>Para a diretora da escola, Nilza Salvato, \u201c\u00e9 importante trabalhar conscientiza\u00e7\u00e3o ambiental com as crian\u00e7as desde cedo, para que no futuro elas fa\u00e7am a diferen\u00e7a na sociedade\u201d.<\/p>\n<p>Foram expostos na pra\u00e7a dezenas de cartazes feitos pelos alunos falando sobre o tema. Os cartazes foram levados para o hall de entrada da Prefeitura e v\u00e3o ficar em exposi\u00e7\u00e3o at\u00e9 quarta-feira (7), no andar t\u00e9rreo do Centro Administrativo.<\/p>\n<p>Tamb\u00e9m na quarta-feira, o Demsur promove a palestra \u201cO meio ambiente e a conserva\u00e7\u00e3o de recursos h\u00eddricos\u201d, com a presen\u00e7a do presidente da ONG Iracambi Mata Atl\u00e2ntica, Robin Le Breton.\u00a0 O evento acontece no Teatro Zaccaria Marques e \u00e9 aberto ao p\u00fablico. Antes da palestra, a partir das 8h30min, uma equipe do Sesc Muria\u00e9 far\u00e1 uma din\u00e2mica com os convidados.<\/p>\n<p><strong>GALERIA DE FOTOS:<\/strong><\/p>\n<p><img decoding=\"async\" class=\"ngg_displayed_gallery mceItem\" src=\"https:\/\/anoticiaonline.com.br\/site\/nextgen-attach_to_post\/preview\/id--31677\" alt=\"\" \/><\/p>\n","protected":false},"excerpt":{"rendered":"<p>Em comemora\u00e7\u00e3o ao Dia Mundial do Meio Ambiente (5 de junho), o Demsur promoveu com os alunos da Escola Estadual Dr. Silveira Brum uma a\u00e7\u00e3o de conscientiza\u00e7\u00e3o sobre atitudes ambientalmente corretas na segunda-feira, na Pra\u00e7a Coronel Pacheco de Medeiros, Centro. Em um primeiro momento, cinco alunos de cada turma que participam do Programa de Educa\u00e7\u00e3o &#8230; <a title=\"Demsur e alunos fazem a\u00e7\u00e3o na pra\u00e7a em comemora\u00e7\u00e3o ao Dia Mundial do Meio Ambiente\" class=\"read-more\" href=\"https:\/\/anoticiaonline.com.br\/site\/demsur-e-alunos-fazem-acao-na-praca-em-comemoracao-ao-dia-mundial-do-meio-ambiente\/\" aria-label=\"Read more about Demsur e alunos fazem a\u00e7\u00e3o na pra\u00e7a em comemora\u00e7\u00e3o ao Dia Mundial do Meio Ambiente\">Ler mais<\/a><\/p>\n","protected":false},"author":2,"featured_media":31620,"comment_status":"open","ping_status":"open","sticky":false,"template":"","format":"standard","meta":{"_acf_changed":false,"_monsterinsights_skip_tracking":false,"footnotes":""},"categories":[30],"tags":[115,174,74,3],"class_list":["post-31619","post","type-post","status-publish","format-standard","has-post-thumbnail","hentry","category-muriae","tag-demsur","tag-dia-meio-ambiente","tag-muriae","tag-slide"],"acf":[],"aioseo_notices":[],"aioseo_head":"\n\t\t<!-- All in One SEO 5.0.0.1 - aioseo.com -->\n\t<meta name=\"description\" content=\"Em comemora\u00e7\u00e3o ao Dia Mundial do Meio Ambiente (5 de junho), o Demsur promoveu com os alunos da Escola Estadual Dr. Silveira Brum uma a\u00e7\u00e3o de conscientiza\u00e7\u00e3o sobre atitudes ambientalmente corretas na segunda-feira, na Pra\u00e7a Coronel Pacheco de Medeiros, Centro. Em um primeiro momento, cinco alunos de cada turma que participam do Programa de Educa\u00e7\u00e3o\" \/>\n\t<meta name=\"robots\" content=\"max-image-preview:large\" \/>\n\t<meta name=\"author\" content=\"Juliana Laviola\"\/>\n\t<link rel=\"canonical\" href=\"https:\/\/anoticiaonline.com.br\/site\/demsur-e-alunos-fazem-acao-na-praca-em-comemoracao-ao-dia-mundial-do-meio-ambiente\/\" \/>\n\t<meta name=\"generator\" content=\"All in One SEO (AIOSEO) 5.0.0.1\" \/>\n\t\t<meta property=\"og:locale\" content=\"pt_BR\" \/>\n\t\t<meta property=\"og:site_name\" content=\"A Not\u00edcia Online - Noticias de Muria\u00e9 e regi\u00e3o\" \/>\n\t\t<meta property=\"og:type\" content=\"article\" \/>\n\t\t<meta property=\"og:title\" content=\"Demsur e alunos fazem a\u00e7\u00e3o na pra\u00e7a em comemora\u00e7\u00e3o ao Dia Mundial do Meio Ambiente - A Not\u00edcia Online\" \/>\n\t\t<meta property=\"og:description\" content=\"Em comemora\u00e7\u00e3o ao Dia Mundial do Meio Ambiente (5 de junho), o Demsur promoveu com os alunos da Escola Estadual Dr. Silveira Brum uma a\u00e7\u00e3o de conscientiza\u00e7\u00e3o sobre atitudes ambientalmente corretas na segunda-feira, na Pra\u00e7a Coronel Pacheco de Medeiros, Centro. Em um primeiro momento, cinco alunos de cada turma que participam do Programa de Educa\u00e7\u00e3o\" \/>\n\t\t<meta property=\"og:url\" content=\"https:\/\/anoticiaonline.com.br\/site\/demsur-e-alunos-fazem-acao-na-praca-em-comemoracao-ao-dia-mundial-do-meio-ambiente\/\" \/>\n\t\t<meta property=\"og:image\" content=\"https:\/\/scontent-gig4-1.xx.fbcdn.net\/v\/t39.30808-1\/270437624_4564083193639691_6907940295614233970_n.jpg?stp=dst-jpg_s200x200_tt6&#038;_nc_cat=111&#038;ccb=1-7&#038;_nc_sid=f907e8&#038;_nc_ohc=SM1wRlP3lJwQ7kNvwEPuBYA&#038;_nc_oc=AdnqrjDN_BNjSSHWO-GbkIWH6fkGMLw4bqvL_NH6e2wMveX7G-rP2dAqsDSq1mJMOaY&#038;_nc_zt=24&#038;_nc_ht=scontent-gig4-1.xx&#038;_nc_gid=AoBFJeGrT1hVaew_6rchkQ&#038;oh=00_AfX7QmFGhQhG2jAllVgXCiM1ZrWgvtp80-Bfppyexh1QEg&#038;oe=689E923C\" \/>\n\t\t<meta property=\"og:image:secure_url\" content=\"https:\/\/scontent-gig4-1.xx.fbcdn.net\/v\/t39.30808-1\/270437624_4564083193639691_6907940295614233970_n.jpg?stp=dst-jpg_s200x200_tt6&#038;_nc_cat=111&#038;ccb=1-7&#038;_nc_sid=f907e8&#038;_nc_ohc=SM1wRlP3lJwQ7kNvwEPuBYA&#038;_nc_oc=AdnqrjDN_BNjSSHWO-GbkIWH6fkGMLw4bqvL_NH6e2wMveX7G-rP2dAqsDSq1mJMOaY&#038;_nc_zt=24&#038;_nc_ht=scontent-gig4-1.xx&#038;_nc_gid=AoBFJeGrT1hVaew_6rchkQ&#038;oh=00_AfX7QmFGhQhG2jAllVgXCiM1ZrWgvtp80-Bfppyexh1QEg&#038;oe=689E923C\" \/>\n\t\t<meta property=\"article:published_time\" content=\"2017-06-05T20:52:10+00:00\" \/>\n\t\t<meta property=\"article:modified_time\" content=\"2017-06-22T22:53:08+00:00\" \/>\n\t\t<meta name=\"twitter:card\" content=\"summary_large_image\" \/>\n\t\t<meta name=\"twitter:title\" content=\"Demsur e alunos fazem a\u00e7\u00e3o na pra\u00e7a em comemora\u00e7\u00e3o ao Dia Mundial do Meio Ambiente - A Not\u00edcia Online\" \/>\n\t\t<meta name=\"twitter:description\" content=\"Em comemora\u00e7\u00e3o ao Dia Mundial do Meio Ambiente (5 de junho), o Demsur promoveu com os alunos da Escola Estadual Dr. Silveira Brum uma a\u00e7\u00e3o de conscientiza\u00e7\u00e3o sobre atitudes ambientalmente corretas na segunda-feira, na Pra\u00e7a Coronel Pacheco de Medeiros, Centro. Em um primeiro momento, cinco alunos de cada turma que participam do Programa de Educa\u00e7\u00e3o\" \/>\n\t\t<meta name=\"twitter:image\" content=\"https:\/\/scontent-gig4-1.xx.fbcdn.net\/v\/t39.30808-1\/270437624_4564083193639691_6907940295614233970_n.jpg?stp=dst-jpg_s200x200_tt6&amp;_nc_cat=111&amp;ccb=1-7&amp;_nc_sid=f907e8&amp;_nc_ohc=SM1wRlP3lJwQ7kNvwEPuBYA&amp;_nc_oc=AdnqrjDN_BNjSSHWO-GbkIWH6fkGMLw4bqvL_NH6e2wMveX7G-rP2dAqsDSq1mJMOaY&amp;_nc_zt=24&amp;_nc_ht=scontent-gig4-1.xx&amp;_nc_gid=AoBFJeGrT1hVaew_6rchkQ&amp;oh=00_AfX7QmFGhQhG2jAllVgXCiM1ZrWgvtp80-Bfppyexh1QEg&amp;oe=689E923C\" \/>\n\t\t<script type=\"application\/ld+json\" class=\"aioseo-schema\">\n\t\t\t{\"@context\":\"https:\\\/\\\/schema.org\",\"@graph\":[{\"@type\":\"BlogPosting\",\"@id\":\"https:\\\/\\\/anoticiaonline.com.br\\\/site\\\/demsur-e-alunos-fazem-acao-na-praca-em-comemoracao-ao-dia-mundial-do-meio-ambiente\\\/#blogposting\",\"name\":\"Demsur e alunos fazem a\\u00e7\\u00e3o na pra\\u00e7a em comemora\\u00e7\\u00e3o ao Dia Mundial do Meio Ambiente - A Not\\u00edcia Online\",\"headline\":\"Demsur e alunos fazem a\\u00e7\\u00e3o na pra\\u00e7a em comemora\\u00e7\\u00e3o ao Dia Mundial do Meio Ambiente\",\"author\":{\"@id\":\"https:\\\/\\\/anoticiaonline.com.br\\\/site\\\/author\\\/juliana\\\/#author\"},\"publisher\":{\"@id\":\"https:\\\/\\\/anoticiaonline.com.br\\\/site\\\/#organization\"},\"image\":{\"@type\":\"ImageObject\",\"url\":\"https:\\\/\\\/anoticiaonline.com.br\\\/site\\\/wp-content\\\/uploads\\\/2017\\\/06\\\/f3t.jpg\",\"width\":640,\"height\":426},\"datePublished\":\"2017-06-05T17:52:10-03:00\",\"dateModified\":\"2017-06-22T19:53:08-03:00\",\"inLanguage\":\"pt-BR\",\"mainEntityOfPage\":{\"@id\":\"https:\\\/\\\/anoticiaonline.com.br\\\/site\\\/demsur-e-alunos-fazem-acao-na-praca-em-comemoracao-ao-dia-mundial-do-meio-ambiente\\\/#webpage\"},\"isPartOf\":{\"@id\":\"https:\\\/\\\/anoticiaonline.com.br\\\/site\\\/demsur-e-alunos-fazem-acao-na-praca-em-comemoracao-ao-dia-mundial-do-meio-ambiente\\\/#webpage\"},\"articleSection\":\"Blog, demsur, dia meio ambiente, Muria\\u00e9, slide\"},{\"@type\":\"BreadcrumbList\",\"@id\":\"https:\\\/\\\/anoticiaonline.com.br\\\/site\\\/demsur-e-alunos-fazem-acao-na-praca-em-comemoracao-ao-dia-mundial-do-meio-ambiente\\\/#breadcrumblist\",\"itemListElement\":[{\"@type\":\"ListItem\",\"@id\":\"https:\\\/\\\/anoticiaonline.com.br\\\/site#listItem\",\"position\":1,\"name\":\"Home\",\"item\":\"https:\\\/\\\/anoticiaonline.com.br\\\/site\",\"nextItem\":{\"@type\":\"ListItem\",\"@id\":\"https:\\\/\\\/anoticiaonline.com.br\\\/site\\\/categoria\\\/muriae\\\/#listItem\",\"name\":\"Blog\"}},{\"@type\":\"ListItem\",\"@id\":\"https:\\\/\\\/anoticiaonline.com.br\\\/site\\\/categoria\\\/muriae\\\/#listItem\",\"position\":2,\"name\":\"Blog\",\"item\":\"https:\\\/\\\/anoticiaonline.com.br\\\/site\\\/categoria\\\/muriae\\\/\",\"nextItem\":{\"@type\":\"ListItem\",\"@id\":\"https:\\\/\\\/anoticiaonline.com.br\\\/site\\\/demsur-e-alunos-fazem-acao-na-praca-em-comemoracao-ao-dia-mundial-do-meio-ambiente\\\/#listItem\",\"name\":\"Demsur e alunos fazem a\\u00e7\\u00e3o na pra\\u00e7a em comemora\\u00e7\\u00e3o ao Dia Mundial do Meio Ambiente\"},\"previousItem\":{\"@type\":\"ListItem\",\"@id\":\"https:\\\/\\\/anoticiaonline.com.br\\\/site#listItem\",\"name\":\"Home\"}},{\"@type\":\"ListItem\",\"@id\":\"https:\\\/\\\/anoticiaonline.com.br\\\/site\\\/demsur-e-alunos-fazem-acao-na-praca-em-comemoracao-ao-dia-mundial-do-meio-ambiente\\\/#listItem\",\"position\":3,\"name\":\"Demsur e alunos fazem a\\u00e7\\u00e3o na pra\\u00e7a em comemora\\u00e7\\u00e3o ao Dia Mundial do Meio Ambiente\",\"previousItem\":{\"@type\":\"ListItem\",\"@id\":\"https:\\\/\\\/anoticiaonline.com.br\\\/site\\\/categoria\\\/muriae\\\/#listItem\",\"name\":\"Blog\"}}]},{\"@type\":\"Organization\",\"@id\":\"https:\\\/\\\/anoticiaonline.com.br\\\/site\\\/#organization\",\"name\":\"A Not\\u00edcia Online\",\"description\":\"Noticias de Muria\\u00e9 e regi\\u00e3o\",\"url\":\"https:\\\/\\\/anoticiaonline.com.br\\\/site\\\/\",\"logo\":{\"@type\":\"ImageObject\",\"url\":\"https:\\\/\\\/scontent-gig4-1.xx.fbcdn.net\\\/v\\\/t39.30808-1\\\/270437624_4564083193639691_6907940295614233970_n.jpg?stp=dst-jpg_s200x200_tt6&_nc_cat=111&ccb=1-7&_nc_sid=f907e8&_nc_ohc=SM1wRlP3lJwQ7kNvwEPuBYA&_nc_oc=AdnqrjDN_BNjSSHWO-GbkIWH6fkGMLw4bqvL_NH6e2wMveX7G-rP2dAqsDSq1mJMOaY&_nc_zt=24&_nc_ht=scontent-gig4-1.xx&_nc_gid=AoBFJeGrT1hVaew_6rchkQ&oh=00_AfX7QmFGhQhG2jAllVgXCiM1ZrWgvtp80-Bfppyexh1QEg&oe=689E923C\",\"@id\":\"https:\\\/\\\/anoticiaonline.com.br\\\/site\\\/demsur-e-alunos-fazem-acao-na-praca-em-comemoracao-ao-dia-mundial-do-meio-ambiente\\\/#organizationLogo\"},\"image\":{\"@id\":\"https:\\\/\\\/anoticiaonline.com.br\\\/site\\\/demsur-e-alunos-fazem-acao-na-praca-em-comemoracao-ao-dia-mundial-do-meio-ambiente\\\/#organizationLogo\"}},{\"@type\":\"Person\",\"@id\":\"https:\\\/\\\/anoticiaonline.com.br\\\/site\\\/author\\\/juliana\\\/#author\",\"url\":\"https:\\\/\\\/anoticiaonline.com.br\\\/site\\\/author\\\/juliana\\\/\",\"name\":\"Juliana Laviola\",\"image\":{\"@type\":\"ImageObject\",\"@id\":\"https:\\\/\\\/anoticiaonline.com.br\\\/site\\\/demsur-e-alunos-fazem-acao-na-praca-em-comemoracao-ao-dia-mundial-do-meio-ambiente\\\/#authorImage\",\"url\":\"https:\\\/\\\/secure.gravatar.com\\\/avatar\\\/b8d45f5c699b100dfaf0e543582f38f38bf94cb7ae3a5e9abf8d891a34773335?s=96&d=mm&r=g\",\"width\":96,\"height\":96,\"caption\":\"Juliana Laviola\"}},{\"@type\":\"WebPage\",\"@id\":\"https:\\\/\\\/anoticiaonline.com.br\\\/site\\\/demsur-e-alunos-fazem-acao-na-praca-em-comemoracao-ao-dia-mundial-do-meio-ambiente\\\/#webpage\",\"url\":\"https:\\\/\\\/anoticiaonline.com.br\\\/site\\\/demsur-e-alunos-fazem-acao-na-praca-em-comemoracao-ao-dia-mundial-do-meio-ambiente\\\/\",\"name\":\"Demsur e alunos fazem a\\u00e7\\u00e3o na pra\\u00e7a em comemora\\u00e7\\u00e3o ao Dia Mundial do Meio Ambiente - A Not\\u00edcia Online\",\"description\":\"Em comemora\\u00e7\\u00e3o ao Dia Mundial do Meio Ambiente (5 de junho), o Demsur promoveu com os alunos da Escola Estadual Dr. Silveira Brum uma a\\u00e7\\u00e3o de conscientiza\\u00e7\\u00e3o sobre atitudes ambientalmente corretas na segunda-feira, na Pra\\u00e7a Coronel Pacheco de Medeiros, Centro. Em um primeiro momento, cinco alunos de cada turma que participam do Programa de Educa\\u00e7\\u00e3o\",\"inLanguage\":\"pt-BR\",\"isPartOf\":{\"@id\":\"https:\\\/\\\/anoticiaonline.com.br\\\/site\\\/#website\"},\"breadcrumb\":{\"@id\":\"https:\\\/\\\/anoticiaonline.com.br\\\/site\\\/demsur-e-alunos-fazem-acao-na-praca-em-comemoracao-ao-dia-mundial-do-meio-ambiente\\\/#breadcrumblist\"},\"author\":{\"@id\":\"https:\\\/\\\/anoticiaonline.com.br\\\/site\\\/author\\\/juliana\\\/#author\"},\"creator\":{\"@id\":\"https:\\\/\\\/anoticiaonline.com.br\\\/site\\\/author\\\/juliana\\\/#author\"},\"image\":{\"@type\":\"ImageObject\",\"url\":\"https:\\\/\\\/anoticiaonline.com.br\\\/site\\\/wp-content\\\/uploads\\\/2017\\\/06\\\/f3t.jpg\",\"@id\":\"https:\\\/\\\/anoticiaonline.com.br\\\/site\\\/demsur-e-alunos-fazem-acao-na-praca-em-comemoracao-ao-dia-mundial-do-meio-ambiente\\\/#mainImage\",\"width\":640,\"height\":426},\"primaryImageOfPage\":{\"@id\":\"https:\\\/\\\/anoticiaonline.com.br\\\/site\\\/demsur-e-alunos-fazem-acao-na-praca-em-comemoracao-ao-dia-mundial-do-meio-ambiente\\\/#mainImage\"},\"datePublished\":\"2017-06-05T17:52:10-03:00\",\"dateModified\":\"2017-06-22T19:53:08-03:00\"},{\"@type\":\"WebSite\",\"@id\":\"https:\\\/\\\/anoticiaonline.com.br\\\/site\\\/#website\",\"url\":\"https:\\\/\\\/anoticiaonline.com.br\\\/site\\\/\",\"name\":\"A Not\\u00edcia Online\",\"description\":\"Noticias de Muria\\u00e9 e regi\\u00e3o\",\"inLanguage\":\"pt-BR\",\"publisher\":{\"@id\":\"https:\\\/\\\/anoticiaonline.com.br\\\/site\\\/#organization\"}}]}\n\t\t<\/script>\n\t\t<!-- All in One SEO -->\n\n","aioseo_head_json":{"title":"Demsur e alunos fazem a\u00e7\u00e3o na pra\u00e7a em comemora\u00e7\u00e3o ao Dia Mundial do Meio Ambiente - A Not\u00edcia Online","description":"Em comemora\u00e7\u00e3o ao Dia Mundial do Meio Ambiente (5 de junho), o Demsur promoveu com os alunos da Escola Estadual Dr. Silveira Brum uma a\u00e7\u00e3o de conscientiza\u00e7\u00e3o sobre atitudes ambientalmente corretas na segunda-feira, na Pra\u00e7a Coronel Pacheco de Medeiros, Centro. Em um primeiro momento, cinco alunos de cada turma que participam do Programa de Educa\u00e7\u00e3o","canonical_url":"https:\/\/anoticiaonline.com.br\/site\/demsur-e-alunos-fazem-acao-na-praca-em-comemoracao-ao-dia-mundial-do-meio-ambiente\/","robots":"max-image-preview:large","keywords":"","webmasterTools":{"miscellaneous":""},"schema":{"@context":"https:\/\/schema.org","@graph":[{"@type":"BlogPosting","@id":"https:\/\/anoticiaonline.com.br\/site\/demsur-e-alunos-fazem-acao-na-praca-em-comemoracao-ao-dia-mundial-do-meio-ambiente\/#blogposting","name":"Demsur e alunos fazem a\u00e7\u00e3o na pra\u00e7a em comemora\u00e7\u00e3o ao Dia Mundial do Meio Ambiente - A Not\u00edcia Online","headline":"Demsur e alunos fazem a\u00e7\u00e3o na pra\u00e7a em comemora\u00e7\u00e3o ao Dia Mundial do Meio Ambiente","author":{"@id":"https:\/\/anoticiaonline.com.br\/site\/author\/juliana\/#author"},"publisher":{"@id":"https:\/\/anoticiaonline.com.br\/site\/#organization"},"image":{"@type":"ImageObject","url":"https:\/\/anoticiaonline.com.br\/site\/wp-content\/uploads\/2017\/06\/f3t.jpg","width":640,"height":426},"datePublished":"2017-06-05T17:52:10-03:00","dateModified":"2017-06-22T19:53:08-03:00","inLanguage":"pt-BR","mainEntityOfPage":{"@id":"https:\/\/anoticiaonline.com.br\/site\/demsur-e-alunos-fazem-acao-na-praca-em-comemoracao-ao-dia-mundial-do-meio-ambiente\/#webpage"},"isPartOf":{"@id":"https:\/\/anoticiaonline.com.br\/site\/demsur-e-alunos-fazem-acao-na-praca-em-comemoracao-ao-dia-mundial-do-meio-ambiente\/#webpage"},"articleSection":"Blog, demsur, dia meio ambiente, Muria\u00e9, slide"},{"@type":"BreadcrumbList","@id":"https:\/\/anoticiaonline.com.br\/site\/demsur-e-alunos-fazem-acao-na-praca-em-comemoracao-ao-dia-mundial-do-meio-ambiente\/#breadcrumblist","itemListElement":[{"@type":"ListItem","@id":"https:\/\/anoticiaonline.com.br\/site#listItem","position":1,"name":"Home","item":"https:\/\/anoticiaonline.com.br\/site","nextItem":{"@type":"ListItem","@id":"https:\/\/anoticiaonline.com.br\/site\/categoria\/muriae\/#listItem","name":"Blog"}},{"@type":"ListItem","@id":"https:\/\/anoticiaonline.com.br\/site\/categoria\/muriae\/#listItem","position":2,"name":"Blog","item":"https:\/\/anoticiaonline.com.br\/site\/categoria\/muriae\/","nextItem":{"@type":"ListItem","@id":"https:\/\/anoticiaonline.com.br\/site\/demsur-e-alunos-fazem-acao-na-praca-em-comemoracao-ao-dia-mundial-do-meio-ambiente\/#listItem","name":"Demsur e alunos fazem a\u00e7\u00e3o na pra\u00e7a em comemora\u00e7\u00e3o ao Dia Mundial do Meio Ambiente"},"previousItem":{"@type":"ListItem","@id":"https:\/\/anoticiaonline.com.br\/site#listItem","name":"Home"}},{"@type":"ListItem","@id":"https:\/\/anoticiaonline.com.br\/site\/demsur-e-alunos-fazem-acao-na-praca-em-comemoracao-ao-dia-mundial-do-meio-ambiente\/#listItem","position":3,"name":"Demsur e alunos fazem a\u00e7\u00e3o na pra\u00e7a em comemora\u00e7\u00e3o ao Dia Mundial do Meio Ambiente","previousItem":{"@type":"ListItem","@id":"https:\/\/anoticiaonline.com.br\/site\/categoria\/muriae\/#listItem","name":"Blog"}}]},{"@type":"Organization","@id":"https:\/\/anoticiaonline.com.br\/site\/#organization","name":"A Not\u00edcia Online","description":"Noticias de Muria\u00e9 e regi\u00e3o","url":"https:\/\/anoticiaonline.com.br\/site\/","logo":{"@type":"ImageObject","url":"https:\/\/scontent-gig4-1.xx.fbcdn.net\/v\/t39.30808-1\/270437624_4564083193639691_6907940295614233970_n.jpg?stp=dst-jpg_s200x200_tt6&_nc_cat=111&ccb=1-7&_nc_sid=f907e8&_nc_ohc=SM1wRlP3lJwQ7kNvwEPuBYA&_nc_oc=AdnqrjDN_BNjSSHWO-GbkIWH6fkGMLw4bqvL_NH6e2wMveX7G-rP2dAqsDSq1mJMOaY&_nc_zt=24&_nc_ht=scontent-gig4-1.xx&_nc_gid=AoBFJeGrT1hVaew_6rchkQ&oh=00_AfX7QmFGhQhG2jAllVgXCiM1ZrWgvtp80-Bfppyexh1QEg&oe=689E923C","@id":"https:\/\/anoticiaonline.com.br\/site\/demsur-e-alunos-fazem-acao-na-praca-em-comemoracao-ao-dia-mundial-do-meio-ambiente\/#organizationLogo"},"image":{"@id":"https:\/\/anoticiaonline.com.br\/site\/demsur-e-alunos-fazem-acao-na-praca-em-comemoracao-ao-dia-mundial-do-meio-ambiente\/#organizationLogo"}},{"@type":"Person","@id":"https:\/\/anoticiaonline.com.br\/site\/author\/juliana\/#author","url":"https:\/\/anoticiaonline.com.br\/site\/author\/juliana\/","name":"Juliana Laviola","image":{"@type":"ImageObject","@id":"https:\/\/anoticiaonline.com.br\/site\/demsur-e-alunos-fazem-acao-na-praca-em-comemoracao-ao-dia-mundial-do-meio-ambiente\/#authorImage","url":"https:\/\/secure.gravatar.com\/avatar\/b8d45f5c699b100dfaf0e543582f38f38bf94cb7ae3a5e9abf8d891a34773335?s=96&d=mm&r=g","width":96,"height":96,"caption":"Juliana Laviola"}},{"@type":"WebPage","@id":"https:\/\/anoticiaonline.com.br\/site\/demsur-e-alunos-fazem-acao-na-praca-em-comemoracao-ao-dia-mundial-do-meio-ambiente\/#webpage","url":"https:\/\/anoticiaonline.com.br\/site\/demsur-e-alunos-fazem-acao-na-praca-em-comemoracao-ao-dia-mundial-do-meio-ambiente\/","name":"Demsur e alunos fazem a\u00e7\u00e3o na pra\u00e7a em comemora\u00e7\u00e3o ao Dia Mundial do Meio Ambiente - A Not\u00edcia Online","description":"Em comemora\u00e7\u00e3o ao Dia Mundial do Meio Ambiente (5 de junho), o Demsur promoveu com os alunos da Escola Estadual Dr. Silveira Brum uma a\u00e7\u00e3o de conscientiza\u00e7\u00e3o sobre atitudes ambientalmente corretas na segunda-feira, na Pra\u00e7a Coronel Pacheco de Medeiros, Centro. Em um primeiro momento, cinco alunos de cada turma que participam do Programa de Educa\u00e7\u00e3o","inLanguage":"pt-BR","isPartOf":{"@id":"https:\/\/anoticiaonline.com.br\/site\/#website"},"breadcrumb":{"@id":"https:\/\/anoticiaonline.com.br\/site\/demsur-e-alunos-fazem-acao-na-praca-em-comemoracao-ao-dia-mundial-do-meio-ambiente\/#breadcrumblist"},"author":{"@id":"https:\/\/anoticiaonline.com.br\/site\/author\/juliana\/#author"},"creator":{"@id":"https:\/\/anoticiaonline.com.br\/site\/author\/juliana\/#author"},"image":{"@type":"ImageObject","url":"https:\/\/anoticiaonline.com.br\/site\/wp-content\/uploads\/2017\/06\/f3t.jpg","@id":"https:\/\/anoticiaonline.com.br\/site\/demsur-e-alunos-fazem-acao-na-praca-em-comemoracao-ao-dia-mundial-do-meio-ambiente\/#mainImage","width":640,"height":426},"primaryImageOfPage":{"@id":"https:\/\/anoticiaonline.com.br\/site\/demsur-e-alunos-fazem-acao-na-praca-em-comemoracao-ao-dia-mundial-do-meio-ambiente\/#mainImage"},"datePublished":"2017-06-05T17:52:10-03:00","dateModified":"2017-06-22T19:53:08-03:00"},{"@type":"WebSite","@id":"https:\/\/anoticiaonline.com.br\/site\/#website","url":"https:\/\/anoticiaonline.com.br\/site\/","name":"A Not\u00edcia Online","description":"Noticias de Muria\u00e9 e regi\u00e3o","inLanguage":"pt-BR","publisher":{"@id":"https:\/\/anoticiaonline.com.br\/site\/#organization"}}]},"og:locale":"pt_BR","og:site_name":"A Not\u00edcia Online - Noticias de Muria\u00e9 e regi\u00e3o","og:type":"article","og:title":"Demsur e alunos fazem a\u00e7\u00e3o na pra\u00e7a em comemora\u00e7\u00e3o ao Dia Mundial do Meio Ambiente - A Not\u00edcia Online","og:description":"Em comemora\u00e7\u00e3o ao Dia Mundial do Meio Ambiente (5 de junho), o Demsur promoveu com os alunos da Escola Estadual Dr. Silveira Brum uma a\u00e7\u00e3o de conscientiza\u00e7\u00e3o sobre atitudes ambientalmente corretas na segunda-feira, na Pra\u00e7a Coronel Pacheco de Medeiros, Centro. Em um primeiro momento, cinco alunos de cada turma que participam do Programa de Educa\u00e7\u00e3o","og:url":"https:\/\/anoticiaonline.com.br\/site\/demsur-e-alunos-fazem-acao-na-praca-em-comemoracao-ao-dia-mundial-do-meio-ambiente\/","og:image":"https:\/\/scontent-gig4-1.xx.fbcdn.net\/v\/t39.30808-1\/270437624_4564083193639691_6907940295614233970_n.jpg?stp=dst-jpg_s200x200_tt6&#038;_nc_cat=111&#038;ccb=1-7&#038;_nc_sid=f907e8&#038;_nc_ohc=SM1wRlP3lJwQ7kNvwEPuBYA&#038;_nc_oc=AdnqrjDN_BNjSSHWO-GbkIWH6fkGMLw4bqvL_NH6e2wMveX7G-rP2dAqsDSq1mJMOaY&#038;_nc_zt=24&#038;_nc_ht=scontent-gig4-1.xx&#038;_nc_gid=AoBFJeGrT1hVaew_6rchkQ&#038;oh=00_AfX7QmFGhQhG2jAllVgXCiM1ZrWgvtp80-Bfppyexh1QEg&#038;oe=689E923C","og:image:secure_url":"https:\/\/scontent-gig4-1.xx.fbcdn.net\/v\/t39.30808-1\/270437624_4564083193639691_6907940295614233970_n.jpg?stp=dst-jpg_s200x200_tt6&#038;_nc_cat=111&#038;ccb=1-7&#038;_nc_sid=f907e8&#038;_nc_ohc=SM1wRlP3lJwQ7kNvwEPuBYA&#038;_nc_oc=AdnqrjDN_BNjSSHWO-GbkIWH6fkGMLw4bqvL_NH6e2wMveX7G-rP2dAqsDSq1mJMOaY&#038;_nc_zt=24&#038;_nc_ht=scontent-gig4-1.xx&#038;_nc_gid=AoBFJeGrT1hVaew_6rchkQ&#038;oh=00_AfX7QmFGhQhG2jAllVgXCiM1ZrWgvtp80-Bfppyexh1QEg&#038;oe=689E923C","article:published_time":"2017-06-05T20:52:10+00:00","article:modified_time":"2017-06-22T22:53:08+00:00","twitter:card":"summary_large_image","twitter:title":"Demsur e alunos fazem a\u00e7\u00e3o na pra\u00e7a em comemora\u00e7\u00e3o ao Dia Mundial do Meio Ambiente - A Not\u00edcia Online","twitter:description":"Em comemora\u00e7\u00e3o ao Dia Mundial do Meio Ambiente (5 de junho), o Demsur promoveu com os alunos da Escola Estadual Dr. Silveira Brum uma a\u00e7\u00e3o de conscientiza\u00e7\u00e3o sobre atitudes ambientalmente corretas na segunda-feira, na Pra\u00e7a Coronel Pacheco de Medeiros, Centro. Em um primeiro momento, cinco alunos de cada turma que participam do Programa de Educa\u00e7\u00e3o","twitter:image":"https:\/\/scontent-gig4-1.xx.fbcdn.net\/v\/t39.30808-1\/270437624_4564083193639691_6907940295614233970_n.jpg?stp=dst-jpg_s200x200_tt6&_nc_cat=111&ccb=1-7&_nc_sid=f907e8&_nc_ohc=SM1wRlP3lJwQ7kNvwEPuBYA&_nc_oc=AdnqrjDN_BNjSSHWO-GbkIWH6fkGMLw4bqvL_NH6e2wMveX7G-rP2dAqsDSq1mJMOaY&_nc_zt=24&_nc_ht=scontent-gig4-1.xx&_nc_gid=AoBFJeGrT1hVaew_6rchkQ&oh=00_AfX7QmFGhQhG2jAllVgXCiM1ZrWgvtp80-Bfppyexh1QEg&oe=689E923C"},"aioseo_meta_data":{"post_id":"31619","title":null,"description":null,"keywords":null,"keyphrases":null,"primary_term":null,"canonical_url":null,"og_title":null,"og_description":null,"og_object_type":"default","og_image_type":"default","og_image_url":null,"og_image_width":null,"og_image_height":null,"og_image_custom_url":null,"og_image_custom_fields":null,"og_video":null,"og_custom_url":null,"og_article_section":null,"og_article_tags":null,"twitter_use_og":false,"twitter_card":"default","twitter_image_type":"default","twitter_image_url":null,"twitter_image_custom_url":null,"twitter_image_custom_fields":null,"twitter_title":null,"twitter_description":null,"schema":{"blockGraphs":[],"customGraphs":[],"default":{"data":{"Article":[],"Course":[],"Dataset":[],"FAQPage":[],"Movie":[],"Person":[],"Product":[],"ProductReview":[],"Car":[],"Recipe":[],"Service":[],"SoftwareApplication":[],"WebPage":[]},"graphName":"","isEnabled":true},"graphs":[]},"schema_type":"default","schema_type_options":null,"pillar_content":false,"robots_default":true,"robots_noindex":false,"robots_noarchive":false,"robots_nosnippet":false,"robots_nofollow":false,"robots_noimageindex":false,"robots_noodp":false,"robots_notranslate":false,"robots_max_snippet":null,"robots_max_videopreview":null,"robots_max_imagepreview":"large","priority":null,"frequency":null,"local_seo":null,"breadcrumb_settings":null,"limit_modified_date":false,"ai":null,"created":"2025-08-16 18:35:03","updated":"2025-08-16 18:35:03","focus_keyword":null,"additional_keywords":null,"truseo_locale":null,"seo_analyzer_scan_date":null},"aioseo_breadcrumb":"<div class=\"aioseo-breadcrumbs\"><span class=\"aioseo-breadcrumb\">\n\t\t\t<a href=\"https:\/\/anoticiaonline.com.br\/site\" title=\"Home\">Home<\/a>\n\t\t<\/span><span class=\"aioseo-breadcrumb-separator\">&raquo;<\/span><span class=\"aioseo-breadcrumb\">\n\t\t\t<a href=\"https:\/\/anoticiaonline.com.br\/site\/categoria\/muriae\/\" title=\"Blog\">Blog<\/a>\n\t\t<\/span><span class=\"aioseo-breadcrumb-separator\">&raquo;<\/span><span class=\"aioseo-breadcrumb\">\n\t\t\tDemsur e alunos fazem a\u00e7\u00e3o na pra\u00e7a em comemora\u00e7\u00e3o ao Dia Mundial do Meio Ambiente\n\t\t<\/span><\/div>","aioseo_breadcrumb_json":[{"label":"Home","link":"https:\/\/anoticiaonline.com.br\/site"},{"label":"Blog","link":"https:\/\/anoticiaonline.com.br\/site\/categoria\/muriae\/"},{"label":"Demsur e alunos fazem a\u00e7\u00e3o na pra\u00e7a em comemora\u00e7\u00e3o ao Dia Mundial do Meio Ambiente","link":"https:\/\/anoticiaonline.com.br\/site\/demsur-e-alunos-fazem-acao-na-praca-em-comemoracao-ao-dia-mundial-do-meio-ambiente\/"}],"views":155,"_links":{"self":[{"href":"https:\/\/anoticiaonline.com.br\/site\/wp-json\/wp\/v2\/posts\/31619","targetHints":{"allow":["GET"]}}],"collection":[{"href":"https:\/\/anoticiaonline.com.br\/site\/wp-json\/wp\/v2\/posts"}],"about":[{"href":"https:\/\/anoticiaonline.com.br\/site\/wp-json\/wp\/v2\/types\/post"}],"author":[{"embeddable":true,"href":"https:\/\/anoticiaonline.com.br\/site\/wp-json\/wp\/v2\/users\/2"}],"replies":[{"embeddable":true,"href":"https:\/\/anoticiaonline.com.br\/site\/wp-json\/wp\/v2\/comments?post=31619"}],"version-history":[{"count":0,"href":"https:\/\/anoticiaonline.com.br\/site\/wp-json\/wp\/v2\/posts\/31619\/revisions"}],"wp:featuredmedia":[{"embeddable":true,"href":"https:\/\/anoticiaonline.com.br\/site\/wp-json\/wp\/v2\/media\/31620"}],"wp:attachment":[{"href":"https:\/\/anoticiaonline.com.br\/site\/wp-json\/wp\/v2\/media?parent=31619"}],"wp:term":[{"taxonomy":"category","embeddable":true,"href":"https:\/\/anoticiaonline.com.br\/site\/wp-json\/wp\/v2\/categories?post=31619"},{"taxonomy":"post_tag","embeddable":true,"href":"https:\/\/anoticiaonline.com.br\/site\/wp-json\/wp\/v2\/tags?post=31619"}],"curies":[{"name":"wp","href":"https:\/\/api.w.org\/{rel}","templated":true}]}}