{"id":31094,"date":"2017-06-01T08:00:09","date_gmt":"2017-06-01T11:00:09","guid":{"rendered":"http:\/\/anoticiaonline.com.br\/site\/?p=31094"},"modified":"2017-06-22T19:59:45","modified_gmt":"2017-06-22T22:59:45","slug":"grande-hotel-recebe-mostra-de-estudos-fotograficos","status":"publish","type":"post","link":"https:\/\/anoticiaonline.com.br\/site\/grande-hotel-recebe-mostra-de-estudos-fotograficos\/","title":{"rendered":"Grande Hotel recebe Mostra de Estudos Fotogr\u00e1ficos"},"content":{"rendered":"<p><a href=\"https:\/\/anoticiaonline.com.br\/site\/wp-content\/uploads\/2017\/05\/Grande-Hotel-recebe-Mostra-de-Estudos-Fotogr\u00e1ficos.jpg\"><img fetchpriority=\"high\" decoding=\"async\" class=\" size-medium wp-image-31095 alignleft\" src=\"https:\/\/anoticiaonline.com.br\/site\/wp-content\/uploads\/2017\/05\/Grande-Hotel-recebe-Mostra-de-Estudos-Fotogr\u00e1ficos-300x236.jpg\" alt=\"Grande Hotel recebe Mostra de Estudos Fotogr\u00e1ficos\" width=\"300\" height=\"236\" srcset=\"https:\/\/anoticiaonline.com.br\/site\/wp-content\/uploads\/2017\/05\/Grande-Hotel-recebe-Mostra-de-Estudos-Fotogr\u00e1ficos-300x236.jpg 300w, https:\/\/anoticiaonline.com.br\/site\/wp-content\/uploads\/2017\/05\/Grande-Hotel-recebe-Mostra-de-Estudos-Fotogr\u00e1ficos.jpg 640w\" sizes=\"(max-width: 300px) 100vw, 300px\" \/><\/a>Est\u00e1 em cartaz na Galeria de Artes do Grande Hotel Muria\u00e9 a I Mostra de Estudos Fotogr\u00e1ficos da Escola Municipal de Audiovisual Carlos Scalla. A exposi\u00e7\u00e3o consiste em uma composi\u00e7\u00e3o de imagens, captadas por alunos e ex-alunos da escola.<\/p>\n<p>Ultrapassando os limites da sala de aula, os flashes alcan\u00e7am um universo mais amplo, num vi\u00e9s cr\u00edtico e sens\u00edvel, explorando-se, na imagem, muito mais do que se pode ver.<\/p>\n<p>Retratos e express\u00f5es simples do cotidiano, paisagens do mundo urbano e rural ou at\u00e9 mesmo um prato servido \u00e0 mesa transformam-se em arte pelas lentes da c\u00e2mera.<\/p>\n<p>Com curadoria coletiva, esta primeira edi\u00e7\u00e3o concretiza o objetivo de projetar, para o p\u00fablico, o processo de cria\u00e7\u00e3o que envolve as atividades do Curso B\u00e1sico de Produ\u00e7\u00e3o Audiovisual.<\/p>\n<p>A mostra fica em cartaz at\u00e9 o dia 16 de junho e pode ser visitada de segunda a sexta-feira, das 8h \u00e0s 11h e das 13h \u00e0s 17h.<\/p>\n","protected":false},"excerpt":{"rendered":"<p>Est\u00e1 em cartaz na Galeria de Artes do Grande Hotel Muria\u00e9 a I Mostra de Estudos Fotogr\u00e1ficos da Escola Municipal de Audiovisual Carlos Scalla. A exposi\u00e7\u00e3o consiste em uma composi\u00e7\u00e3o de imagens, captadas por alunos e ex-alunos da escola. Ultrapassando os limites da sala de aula, os flashes alcan\u00e7am um universo mais amplo, num vi\u00e9s &#8230; <a title=\"Grande Hotel recebe Mostra de Estudos Fotogr\u00e1ficos\" class=\"read-more\" href=\"https:\/\/anoticiaonline.com.br\/site\/grande-hotel-recebe-mostra-de-estudos-fotograficos\/\" aria-label=\"Read more about Grande Hotel recebe Mostra de Estudos Fotogr\u00e1ficos\">Ler mais<\/a><\/p>\n","protected":false},"author":2,"featured_media":31095,"comment_status":"open","ping_status":"open","sticky":false,"template":"","format":"standard","meta":{"_acf_changed":false,"_monsterinsights_skip_tracking":false,"footnotes":""},"categories":[30],"tags":[197,196,74,3],"class_list":["post-31094","post","type-post","status-publish","format-standard","has-post-thumbnail","hentry","category-muriae","tag-fotografia","tag-grande-hotel","tag-muriae","tag-slide"],"acf":[],"aioseo_notices":[],"aioseo_head":"\n\t\t<!-- All in One SEO 5.0.0.1 - aioseo.com -->\n\t<meta name=\"description\" content=\"Est\u00e1 em cartaz na Galeria de Artes do Grande Hotel Muria\u00e9 a I Mostra de Estudos Fotogr\u00e1ficos da Escola Municipal de Audiovisual Carlos Scalla. A exposi\u00e7\u00e3o consiste em uma composi\u00e7\u00e3o de imagens, captadas por alunos e ex-alunos da escola. Ultrapassando os limites da sala de aula, os flashes alcan\u00e7am um universo mais amplo, num vi\u00e9s\" \/>\n\t<meta name=\"robots\" content=\"max-image-preview:large\" \/>\n\t<meta name=\"author\" content=\"Juliana Laviola\"\/>\n\t<link rel=\"canonical\" href=\"https:\/\/anoticiaonline.com.br\/site\/grande-hotel-recebe-mostra-de-estudos-fotograficos\/\" \/>\n\t<meta name=\"generator\" content=\"All in One SEO (AIOSEO) 5.0.0.1\" \/>\n\t\t<meta property=\"og:locale\" content=\"pt_BR\" \/>\n\t\t<meta property=\"og:site_name\" content=\"A Not\u00edcia Online - Noticias de Muria\u00e9 e regi\u00e3o\" \/>\n\t\t<meta property=\"og:type\" content=\"article\" \/>\n\t\t<meta property=\"og:title\" content=\"Grande Hotel recebe Mostra de Estudos Fotogr\u00e1ficos - A Not\u00edcia Online\" \/>\n\t\t<meta property=\"og:description\" content=\"Est\u00e1 em cartaz na Galeria de Artes do Grande Hotel Muria\u00e9 a I Mostra de Estudos Fotogr\u00e1ficos da Escola Municipal de Audiovisual Carlos Scalla. A exposi\u00e7\u00e3o consiste em uma composi\u00e7\u00e3o de imagens, captadas por alunos e ex-alunos da escola. Ultrapassando os limites da sala de aula, os flashes alcan\u00e7am um universo mais amplo, num vi\u00e9s\" \/>\n\t\t<meta property=\"og:url\" content=\"https:\/\/anoticiaonline.com.br\/site\/grande-hotel-recebe-mostra-de-estudos-fotograficos\/\" \/>\n\t\t<meta property=\"og:image\" content=\"https:\/\/scontent-gig4-1.xx.fbcdn.net\/v\/t39.30808-1\/270437624_4564083193639691_6907940295614233970_n.jpg?stp=dst-jpg_s200x200_tt6&#038;_nc_cat=111&#038;ccb=1-7&#038;_nc_sid=f907e8&#038;_nc_ohc=SM1wRlP3lJwQ7kNvwEPuBYA&#038;_nc_oc=AdnqrjDN_BNjSSHWO-GbkIWH6fkGMLw4bqvL_NH6e2wMveX7G-rP2dAqsDSq1mJMOaY&#038;_nc_zt=24&#038;_nc_ht=scontent-gig4-1.xx&#038;_nc_gid=AoBFJeGrT1hVaew_6rchkQ&#038;oh=00_AfX7QmFGhQhG2jAllVgXCiM1ZrWgvtp80-Bfppyexh1QEg&#038;oe=689E923C\" \/>\n\t\t<meta property=\"og:image:secure_url\" content=\"https:\/\/scontent-gig4-1.xx.fbcdn.net\/v\/t39.30808-1\/270437624_4564083193639691_6907940295614233970_n.jpg?stp=dst-jpg_s200x200_tt6&#038;_nc_cat=111&#038;ccb=1-7&#038;_nc_sid=f907e8&#038;_nc_ohc=SM1wRlP3lJwQ7kNvwEPuBYA&#038;_nc_oc=AdnqrjDN_BNjSSHWO-GbkIWH6fkGMLw4bqvL_NH6e2wMveX7G-rP2dAqsDSq1mJMOaY&#038;_nc_zt=24&#038;_nc_ht=scontent-gig4-1.xx&#038;_nc_gid=AoBFJeGrT1hVaew_6rchkQ&#038;oh=00_AfX7QmFGhQhG2jAllVgXCiM1ZrWgvtp80-Bfppyexh1QEg&#038;oe=689E923C\" \/>\n\t\t<meta property=\"article:published_time\" content=\"2017-06-01T11:00:09+00:00\" \/>\n\t\t<meta property=\"article:modified_time\" content=\"2017-06-22T22:59:45+00:00\" \/>\n\t\t<meta name=\"twitter:card\" content=\"summary_large_image\" \/>\n\t\t<meta name=\"twitter:title\" content=\"Grande Hotel recebe Mostra de Estudos Fotogr\u00e1ficos - A Not\u00edcia Online\" \/>\n\t\t<meta name=\"twitter:description\" content=\"Est\u00e1 em cartaz na Galeria de Artes do Grande Hotel Muria\u00e9 a I Mostra de Estudos Fotogr\u00e1ficos da Escola Municipal de Audiovisual Carlos Scalla. A exposi\u00e7\u00e3o consiste em uma composi\u00e7\u00e3o de imagens, captadas por alunos e ex-alunos da escola. Ultrapassando os limites da sala de aula, os flashes alcan\u00e7am um universo mais amplo, num vi\u00e9s\" \/>\n\t\t<meta name=\"twitter:image\" content=\"https:\/\/scontent-gig4-1.xx.fbcdn.net\/v\/t39.30808-1\/270437624_4564083193639691_6907940295614233970_n.jpg?stp=dst-jpg_s200x200_tt6&amp;_nc_cat=111&amp;ccb=1-7&amp;_nc_sid=f907e8&amp;_nc_ohc=SM1wRlP3lJwQ7kNvwEPuBYA&amp;_nc_oc=AdnqrjDN_BNjSSHWO-GbkIWH6fkGMLw4bqvL_NH6e2wMveX7G-rP2dAqsDSq1mJMOaY&amp;_nc_zt=24&amp;_nc_ht=scontent-gig4-1.xx&amp;_nc_gid=AoBFJeGrT1hVaew_6rchkQ&amp;oh=00_AfX7QmFGhQhG2jAllVgXCiM1ZrWgvtp80-Bfppyexh1QEg&amp;oe=689E923C\" \/>\n\t\t<script type=\"application\/ld+json\" class=\"aioseo-schema\">\n\t\t\t{\"@context\":\"https:\\\/\\\/schema.org\",\"@graph\":[{\"@type\":\"BlogPosting\",\"@id\":\"https:\\\/\\\/anoticiaonline.com.br\\\/site\\\/grande-hotel-recebe-mostra-de-estudos-fotograficos\\\/#blogposting\",\"name\":\"Grande Hotel recebe Mostra de Estudos Fotogr\\u00e1ficos - A Not\\u00edcia Online\",\"headline\":\"Grande Hotel recebe Mostra de Estudos Fotogr\\u00e1ficos\",\"author\":{\"@id\":\"https:\\\/\\\/anoticiaonline.com.br\\\/site\\\/author\\\/juliana\\\/#author\"},\"publisher\":{\"@id\":\"https:\\\/\\\/anoticiaonline.com.br\\\/site\\\/#organization\"},\"image\":{\"@type\":\"ImageObject\",\"url\":\"https:\\\/\\\/anoticiaonline.com.br\\\/site\\\/wp-content\\\/uploads\\\/2017\\\/05\\\/Grande-Hotel-recebe-Mostra-de-Estudos-Fotogr\\u00e1ficos.jpg\",\"width\":640,\"height\":504},\"datePublished\":\"2017-06-01T08:00:09-03:00\",\"dateModified\":\"2017-06-22T19:59:45-03:00\",\"inLanguage\":\"pt-BR\",\"mainEntityOfPage\":{\"@id\":\"https:\\\/\\\/anoticiaonline.com.br\\\/site\\\/grande-hotel-recebe-mostra-de-estudos-fotograficos\\\/#webpage\"},\"isPartOf\":{\"@id\":\"https:\\\/\\\/anoticiaonline.com.br\\\/site\\\/grande-hotel-recebe-mostra-de-estudos-fotograficos\\\/#webpage\"},\"articleSection\":\"Blog, fotografia, grande hotel, Muria\\u00e9, slide\"},{\"@type\":\"BreadcrumbList\",\"@id\":\"https:\\\/\\\/anoticiaonline.com.br\\\/site\\\/grande-hotel-recebe-mostra-de-estudos-fotograficos\\\/#breadcrumblist\",\"itemListElement\":[{\"@type\":\"ListItem\",\"@id\":\"https:\\\/\\\/anoticiaonline.com.br\\\/site#listItem\",\"position\":1,\"name\":\"Home\",\"item\":\"https:\\\/\\\/anoticiaonline.com.br\\\/site\",\"nextItem\":{\"@type\":\"ListItem\",\"@id\":\"https:\\\/\\\/anoticiaonline.com.br\\\/site\\\/categoria\\\/muriae\\\/#listItem\",\"name\":\"Blog\"}},{\"@type\":\"ListItem\",\"@id\":\"https:\\\/\\\/anoticiaonline.com.br\\\/site\\\/categoria\\\/muriae\\\/#listItem\",\"position\":2,\"name\":\"Blog\",\"item\":\"https:\\\/\\\/anoticiaonline.com.br\\\/site\\\/categoria\\\/muriae\\\/\",\"nextItem\":{\"@type\":\"ListItem\",\"@id\":\"https:\\\/\\\/anoticiaonline.com.br\\\/site\\\/grande-hotel-recebe-mostra-de-estudos-fotograficos\\\/#listItem\",\"name\":\"Grande Hotel recebe Mostra de Estudos Fotogr\\u00e1ficos\"},\"previousItem\":{\"@type\":\"ListItem\",\"@id\":\"https:\\\/\\\/anoticiaonline.com.br\\\/site#listItem\",\"name\":\"Home\"}},{\"@type\":\"ListItem\",\"@id\":\"https:\\\/\\\/anoticiaonline.com.br\\\/site\\\/grande-hotel-recebe-mostra-de-estudos-fotograficos\\\/#listItem\",\"position\":3,\"name\":\"Grande Hotel recebe Mostra de Estudos Fotogr\\u00e1ficos\",\"previousItem\":{\"@type\":\"ListItem\",\"@id\":\"https:\\\/\\\/anoticiaonline.com.br\\\/site\\\/categoria\\\/muriae\\\/#listItem\",\"name\":\"Blog\"}}]},{\"@type\":\"Organization\",\"@id\":\"https:\\\/\\\/anoticiaonline.com.br\\\/site\\\/#organization\",\"name\":\"A Not\\u00edcia Online\",\"description\":\"Noticias de Muria\\u00e9 e regi\\u00e3o\",\"url\":\"https:\\\/\\\/anoticiaonline.com.br\\\/site\\\/\",\"logo\":{\"@type\":\"ImageObject\",\"url\":\"https:\\\/\\\/scontent-gig4-1.xx.fbcdn.net\\\/v\\\/t39.30808-1\\\/270437624_4564083193639691_6907940295614233970_n.jpg?stp=dst-jpg_s200x200_tt6&_nc_cat=111&ccb=1-7&_nc_sid=f907e8&_nc_ohc=SM1wRlP3lJwQ7kNvwEPuBYA&_nc_oc=AdnqrjDN_BNjSSHWO-GbkIWH6fkGMLw4bqvL_NH6e2wMveX7G-rP2dAqsDSq1mJMOaY&_nc_zt=24&_nc_ht=scontent-gig4-1.xx&_nc_gid=AoBFJeGrT1hVaew_6rchkQ&oh=00_AfX7QmFGhQhG2jAllVgXCiM1ZrWgvtp80-Bfppyexh1QEg&oe=689E923C\",\"@id\":\"https:\\\/\\\/anoticiaonline.com.br\\\/site\\\/grande-hotel-recebe-mostra-de-estudos-fotograficos\\\/#organizationLogo\"},\"image\":{\"@id\":\"https:\\\/\\\/anoticiaonline.com.br\\\/site\\\/grande-hotel-recebe-mostra-de-estudos-fotograficos\\\/#organizationLogo\"}},{\"@type\":\"Person\",\"@id\":\"https:\\\/\\\/anoticiaonline.com.br\\\/site\\\/author\\\/juliana\\\/#author\",\"url\":\"https:\\\/\\\/anoticiaonline.com.br\\\/site\\\/author\\\/juliana\\\/\",\"name\":\"Juliana Laviola\",\"image\":{\"@type\":\"ImageObject\",\"@id\":\"https:\\\/\\\/anoticiaonline.com.br\\\/site\\\/grande-hotel-recebe-mostra-de-estudos-fotograficos\\\/#authorImage\",\"url\":\"https:\\\/\\\/secure.gravatar.com\\\/avatar\\\/b8d45f5c699b100dfaf0e543582f38f38bf94cb7ae3a5e9abf8d891a34773335?s=96&d=mm&r=g\",\"width\":96,\"height\":96,\"caption\":\"Juliana Laviola\"}},{\"@type\":\"WebPage\",\"@id\":\"https:\\\/\\\/anoticiaonline.com.br\\\/site\\\/grande-hotel-recebe-mostra-de-estudos-fotograficos\\\/#webpage\",\"url\":\"https:\\\/\\\/anoticiaonline.com.br\\\/site\\\/grande-hotel-recebe-mostra-de-estudos-fotograficos\\\/\",\"name\":\"Grande Hotel recebe Mostra de Estudos Fotogr\\u00e1ficos - A Not\\u00edcia Online\",\"description\":\"Est\\u00e1 em cartaz na Galeria de Artes do Grande Hotel Muria\\u00e9 a I Mostra de Estudos Fotogr\\u00e1ficos da Escola Municipal de Audiovisual Carlos Scalla. A exposi\\u00e7\\u00e3o consiste em uma composi\\u00e7\\u00e3o de imagens, captadas por alunos e ex-alunos da escola. Ultrapassando os limites da sala de aula, os flashes alcan\\u00e7am um universo mais amplo, num vi\\u00e9s\",\"inLanguage\":\"pt-BR\",\"isPartOf\":{\"@id\":\"https:\\\/\\\/anoticiaonline.com.br\\\/site\\\/#website\"},\"breadcrumb\":{\"@id\":\"https:\\\/\\\/anoticiaonline.com.br\\\/site\\\/grande-hotel-recebe-mostra-de-estudos-fotograficos\\\/#breadcrumblist\"},\"author\":{\"@id\":\"https:\\\/\\\/anoticiaonline.com.br\\\/site\\\/author\\\/juliana\\\/#author\"},\"creator\":{\"@id\":\"https:\\\/\\\/anoticiaonline.com.br\\\/site\\\/author\\\/juliana\\\/#author\"},\"image\":{\"@type\":\"ImageObject\",\"url\":\"https:\\\/\\\/anoticiaonline.com.br\\\/site\\\/wp-content\\\/uploads\\\/2017\\\/05\\\/Grande-Hotel-recebe-Mostra-de-Estudos-Fotogr\\u00e1ficos.jpg\",\"@id\":\"https:\\\/\\\/anoticiaonline.com.br\\\/site\\\/grande-hotel-recebe-mostra-de-estudos-fotograficos\\\/#mainImage\",\"width\":640,\"height\":504},\"primaryImageOfPage\":{\"@id\":\"https:\\\/\\\/anoticiaonline.com.br\\\/site\\\/grande-hotel-recebe-mostra-de-estudos-fotograficos\\\/#mainImage\"},\"datePublished\":\"2017-06-01T08:00:09-03:00\",\"dateModified\":\"2017-06-22T19:59:45-03:00\"},{\"@type\":\"WebSite\",\"@id\":\"https:\\\/\\\/anoticiaonline.com.br\\\/site\\\/#website\",\"url\":\"https:\\\/\\\/anoticiaonline.com.br\\\/site\\\/\",\"name\":\"A Not\\u00edcia Online\",\"description\":\"Noticias de Muria\\u00e9 e regi\\u00e3o\",\"inLanguage\":\"pt-BR\",\"publisher\":{\"@id\":\"https:\\\/\\\/anoticiaonline.com.br\\\/site\\\/#organization\"}}]}\n\t\t<\/script>\n\t\t<!-- All in One SEO -->\n\n","aioseo_head_json":{"title":"Grande Hotel recebe Mostra de Estudos Fotogr\u00e1ficos - A Not\u00edcia Online","description":"Est\u00e1 em cartaz na Galeria de Artes do Grande Hotel Muria\u00e9 a I Mostra de Estudos Fotogr\u00e1ficos da Escola Municipal de Audiovisual Carlos Scalla. A exposi\u00e7\u00e3o consiste em uma composi\u00e7\u00e3o de imagens, captadas por alunos e ex-alunos da escola. Ultrapassando os limites da sala de aula, os flashes alcan\u00e7am um universo mais amplo, num vi\u00e9s","canonical_url":"https:\/\/anoticiaonline.com.br\/site\/grande-hotel-recebe-mostra-de-estudos-fotograficos\/","robots":"max-image-preview:large","keywords":"","webmasterTools":{"miscellaneous":""},"schema":{"@context":"https:\/\/schema.org","@graph":[{"@type":"BlogPosting","@id":"https:\/\/anoticiaonline.com.br\/site\/grande-hotel-recebe-mostra-de-estudos-fotograficos\/#blogposting","name":"Grande Hotel recebe Mostra de Estudos Fotogr\u00e1ficos - A Not\u00edcia Online","headline":"Grande Hotel recebe Mostra de Estudos Fotogr\u00e1ficos","author":{"@id":"https:\/\/anoticiaonline.com.br\/site\/author\/juliana\/#author"},"publisher":{"@id":"https:\/\/anoticiaonline.com.br\/site\/#organization"},"image":{"@type":"ImageObject","url":"https:\/\/anoticiaonline.com.br\/site\/wp-content\/uploads\/2017\/05\/Grande-Hotel-recebe-Mostra-de-Estudos-Fotogr\u00e1ficos.jpg","width":640,"height":504},"datePublished":"2017-06-01T08:00:09-03:00","dateModified":"2017-06-22T19:59:45-03:00","inLanguage":"pt-BR","mainEntityOfPage":{"@id":"https:\/\/anoticiaonline.com.br\/site\/grande-hotel-recebe-mostra-de-estudos-fotograficos\/#webpage"},"isPartOf":{"@id":"https:\/\/anoticiaonline.com.br\/site\/grande-hotel-recebe-mostra-de-estudos-fotograficos\/#webpage"},"articleSection":"Blog, fotografia, grande hotel, Muria\u00e9, slide"},{"@type":"BreadcrumbList","@id":"https:\/\/anoticiaonline.com.br\/site\/grande-hotel-recebe-mostra-de-estudos-fotograficos\/#breadcrumblist","itemListElement":[{"@type":"ListItem","@id":"https:\/\/anoticiaonline.com.br\/site#listItem","position":1,"name":"Home","item":"https:\/\/anoticiaonline.com.br\/site","nextItem":{"@type":"ListItem","@id":"https:\/\/anoticiaonline.com.br\/site\/categoria\/muriae\/#listItem","name":"Blog"}},{"@type":"ListItem","@id":"https:\/\/anoticiaonline.com.br\/site\/categoria\/muriae\/#listItem","position":2,"name":"Blog","item":"https:\/\/anoticiaonline.com.br\/site\/categoria\/muriae\/","nextItem":{"@type":"ListItem","@id":"https:\/\/anoticiaonline.com.br\/site\/grande-hotel-recebe-mostra-de-estudos-fotograficos\/#listItem","name":"Grande Hotel recebe Mostra de Estudos Fotogr\u00e1ficos"},"previousItem":{"@type":"ListItem","@id":"https:\/\/anoticiaonline.com.br\/site#listItem","name":"Home"}},{"@type":"ListItem","@id":"https:\/\/anoticiaonline.com.br\/site\/grande-hotel-recebe-mostra-de-estudos-fotograficos\/#listItem","position":3,"name":"Grande Hotel recebe Mostra de Estudos Fotogr\u00e1ficos","previousItem":{"@type":"ListItem","@id":"https:\/\/anoticiaonline.com.br\/site\/categoria\/muriae\/#listItem","name":"Blog"}}]},{"@type":"Organization","@id":"https:\/\/anoticiaonline.com.br\/site\/#organization","name":"A Not\u00edcia Online","description":"Noticias de Muria\u00e9 e regi\u00e3o","url":"https:\/\/anoticiaonline.com.br\/site\/","logo":{"@type":"ImageObject","url":"https:\/\/scontent-gig4-1.xx.fbcdn.net\/v\/t39.30808-1\/270437624_4564083193639691_6907940295614233970_n.jpg?stp=dst-jpg_s200x200_tt6&_nc_cat=111&ccb=1-7&_nc_sid=f907e8&_nc_ohc=SM1wRlP3lJwQ7kNvwEPuBYA&_nc_oc=AdnqrjDN_BNjSSHWO-GbkIWH6fkGMLw4bqvL_NH6e2wMveX7G-rP2dAqsDSq1mJMOaY&_nc_zt=24&_nc_ht=scontent-gig4-1.xx&_nc_gid=AoBFJeGrT1hVaew_6rchkQ&oh=00_AfX7QmFGhQhG2jAllVgXCiM1ZrWgvtp80-Bfppyexh1QEg&oe=689E923C","@id":"https:\/\/anoticiaonline.com.br\/site\/grande-hotel-recebe-mostra-de-estudos-fotograficos\/#organizationLogo"},"image":{"@id":"https:\/\/anoticiaonline.com.br\/site\/grande-hotel-recebe-mostra-de-estudos-fotograficos\/#organizationLogo"}},{"@type":"Person","@id":"https:\/\/anoticiaonline.com.br\/site\/author\/juliana\/#author","url":"https:\/\/anoticiaonline.com.br\/site\/author\/juliana\/","name":"Juliana Laviola","image":{"@type":"ImageObject","@id":"https:\/\/anoticiaonline.com.br\/site\/grande-hotel-recebe-mostra-de-estudos-fotograficos\/#authorImage","url":"https:\/\/secure.gravatar.com\/avatar\/b8d45f5c699b100dfaf0e543582f38f38bf94cb7ae3a5e9abf8d891a34773335?s=96&d=mm&r=g","width":96,"height":96,"caption":"Juliana Laviola"}},{"@type":"WebPage","@id":"https:\/\/anoticiaonline.com.br\/site\/grande-hotel-recebe-mostra-de-estudos-fotograficos\/#webpage","url":"https:\/\/anoticiaonline.com.br\/site\/grande-hotel-recebe-mostra-de-estudos-fotograficos\/","name":"Grande Hotel recebe Mostra de Estudos Fotogr\u00e1ficos - A Not\u00edcia Online","description":"Est\u00e1 em cartaz na Galeria de Artes do Grande Hotel Muria\u00e9 a I Mostra de Estudos Fotogr\u00e1ficos da Escola Municipal de Audiovisual Carlos Scalla. A exposi\u00e7\u00e3o consiste em uma composi\u00e7\u00e3o de imagens, captadas por alunos e ex-alunos da escola. Ultrapassando os limites da sala de aula, os flashes alcan\u00e7am um universo mais amplo, num vi\u00e9s","inLanguage":"pt-BR","isPartOf":{"@id":"https:\/\/anoticiaonline.com.br\/site\/#website"},"breadcrumb":{"@id":"https:\/\/anoticiaonline.com.br\/site\/grande-hotel-recebe-mostra-de-estudos-fotograficos\/#breadcrumblist"},"author":{"@id":"https:\/\/anoticiaonline.com.br\/site\/author\/juliana\/#author"},"creator":{"@id":"https:\/\/anoticiaonline.com.br\/site\/author\/juliana\/#author"},"image":{"@type":"ImageObject","url":"https:\/\/anoticiaonline.com.br\/site\/wp-content\/uploads\/2017\/05\/Grande-Hotel-recebe-Mostra-de-Estudos-Fotogr\u00e1ficos.jpg","@id":"https:\/\/anoticiaonline.com.br\/site\/grande-hotel-recebe-mostra-de-estudos-fotograficos\/#mainImage","width":640,"height":504},"primaryImageOfPage":{"@id":"https:\/\/anoticiaonline.com.br\/site\/grande-hotel-recebe-mostra-de-estudos-fotograficos\/#mainImage"},"datePublished":"2017-06-01T08:00:09-03:00","dateModified":"2017-06-22T19:59:45-03:00"},{"@type":"WebSite","@id":"https:\/\/anoticiaonline.com.br\/site\/#website","url":"https:\/\/anoticiaonline.com.br\/site\/","name":"A Not\u00edcia Online","description":"Noticias de Muria\u00e9 e regi\u00e3o","inLanguage":"pt-BR","publisher":{"@id":"https:\/\/anoticiaonline.com.br\/site\/#organization"}}]},"og:locale":"pt_BR","og:site_name":"A Not\u00edcia Online - Noticias de Muria\u00e9 e regi\u00e3o","og:type":"article","og:title":"Grande Hotel recebe Mostra de Estudos Fotogr\u00e1ficos - A Not\u00edcia Online","og:description":"Est\u00e1 em cartaz na Galeria de Artes do Grande Hotel Muria\u00e9 a I Mostra de Estudos Fotogr\u00e1ficos da Escola Municipal de Audiovisual Carlos Scalla. A exposi\u00e7\u00e3o consiste em uma composi\u00e7\u00e3o de imagens, captadas por alunos e ex-alunos da escola. Ultrapassando os limites da sala de aula, os flashes alcan\u00e7am um universo mais amplo, num vi\u00e9s","og:url":"https:\/\/anoticiaonline.com.br\/site\/grande-hotel-recebe-mostra-de-estudos-fotograficos\/","og:image":"https:\/\/scontent-gig4-1.xx.fbcdn.net\/v\/t39.30808-1\/270437624_4564083193639691_6907940295614233970_n.jpg?stp=dst-jpg_s200x200_tt6&#038;_nc_cat=111&#038;ccb=1-7&#038;_nc_sid=f907e8&#038;_nc_ohc=SM1wRlP3lJwQ7kNvwEPuBYA&#038;_nc_oc=AdnqrjDN_BNjSSHWO-GbkIWH6fkGMLw4bqvL_NH6e2wMveX7G-rP2dAqsDSq1mJMOaY&#038;_nc_zt=24&#038;_nc_ht=scontent-gig4-1.xx&#038;_nc_gid=AoBFJeGrT1hVaew_6rchkQ&#038;oh=00_AfX7QmFGhQhG2jAllVgXCiM1ZrWgvtp80-Bfppyexh1QEg&#038;oe=689E923C","og:image:secure_url":"https:\/\/scontent-gig4-1.xx.fbcdn.net\/v\/t39.30808-1\/270437624_4564083193639691_6907940295614233970_n.jpg?stp=dst-jpg_s200x200_tt6&#038;_nc_cat=111&#038;ccb=1-7&#038;_nc_sid=f907e8&#038;_nc_ohc=SM1wRlP3lJwQ7kNvwEPuBYA&#038;_nc_oc=AdnqrjDN_BNjSSHWO-GbkIWH6fkGMLw4bqvL_NH6e2wMveX7G-rP2dAqsDSq1mJMOaY&#038;_nc_zt=24&#038;_nc_ht=scontent-gig4-1.xx&#038;_nc_gid=AoBFJeGrT1hVaew_6rchkQ&#038;oh=00_AfX7QmFGhQhG2jAllVgXCiM1ZrWgvtp80-Bfppyexh1QEg&#038;oe=689E923C","article:published_time":"2017-06-01T11:00:09+00:00","article:modified_time":"2017-06-22T22:59:45+00:00","twitter:card":"summary_large_image","twitter:title":"Grande Hotel recebe Mostra de Estudos Fotogr\u00e1ficos - A Not\u00edcia Online","twitter:description":"Est\u00e1 em cartaz na Galeria de Artes do Grande Hotel Muria\u00e9 a I Mostra de Estudos Fotogr\u00e1ficos da Escola Municipal de Audiovisual Carlos Scalla. A exposi\u00e7\u00e3o consiste em uma composi\u00e7\u00e3o de imagens, captadas por alunos e ex-alunos da escola. Ultrapassando os limites da sala de aula, os flashes alcan\u00e7am um universo mais amplo, num vi\u00e9s","twitter:image":"https:\/\/scontent-gig4-1.xx.fbcdn.net\/v\/t39.30808-1\/270437624_4564083193639691_6907940295614233970_n.jpg?stp=dst-jpg_s200x200_tt6&_nc_cat=111&ccb=1-7&_nc_sid=f907e8&_nc_ohc=SM1wRlP3lJwQ7kNvwEPuBYA&_nc_oc=AdnqrjDN_BNjSSHWO-GbkIWH6fkGMLw4bqvL_NH6e2wMveX7G-rP2dAqsDSq1mJMOaY&_nc_zt=24&_nc_ht=scontent-gig4-1.xx&_nc_gid=AoBFJeGrT1hVaew_6rchkQ&oh=00_AfX7QmFGhQhG2jAllVgXCiM1ZrWgvtp80-Bfppyexh1QEg&oe=689E923C"},"aioseo_meta_data":{"post_id":"31094","title":null,"description":null,"keywords":null,"keyphrases":null,"primary_term":null,"canonical_url":null,"og_title":null,"og_description":null,"og_object_type":"default","og_image_type":"default","og_image_url":null,"og_image_width":null,"og_image_height":null,"og_image_custom_url":null,"og_image_custom_fields":null,"og_video":null,"og_custom_url":null,"og_article_section":null,"og_article_tags":null,"twitter_use_og":false,"twitter_card":"default","twitter_image_type":"default","twitter_image_url":null,"twitter_image_custom_url":null,"twitter_image_custom_fields":null,"twitter_title":null,"twitter_description":null,"schema":{"blockGraphs":[],"customGraphs":[],"default":{"data":{"Article":[],"Course":[],"Dataset":[],"FAQPage":[],"Movie":[],"Person":[],"Product":[],"ProductReview":[],"Car":[],"Recipe":[],"Service":[],"SoftwareApplication":[],"WebPage":[]},"graphName":"","isEnabled":true},"graphs":[]},"schema_type":"default","schema_type_options":null,"pillar_content":false,"robots_default":true,"robots_noindex":false,"robots_noarchive":false,"robots_nosnippet":false,"robots_nofollow":false,"robots_noimageindex":false,"robots_noodp":false,"robots_notranslate":false,"robots_max_snippet":null,"robots_max_videopreview":null,"robots_max_imagepreview":"large","priority":null,"frequency":null,"local_seo":null,"breadcrumb_settings":null,"limit_modified_date":false,"ai":null,"created":"2025-08-16 18:32:07","updated":"2025-08-16 18:32:07","focus_keyword":null,"additional_keywords":null,"truseo_locale":null,"seo_analyzer_scan_date":null},"aioseo_breadcrumb":"<div class=\"aioseo-breadcrumbs\"><span class=\"aioseo-breadcrumb\">\n\t\t\t<a href=\"https:\/\/anoticiaonline.com.br\/site\" title=\"Home\">Home<\/a>\n\t\t<\/span><span class=\"aioseo-breadcrumb-separator\">&raquo;<\/span><span class=\"aioseo-breadcrumb\">\n\t\t\t<a href=\"https:\/\/anoticiaonline.com.br\/site\/categoria\/muriae\/\" title=\"Blog\">Blog<\/a>\n\t\t<\/span><span class=\"aioseo-breadcrumb-separator\">&raquo;<\/span><span class=\"aioseo-breadcrumb\">\n\t\t\tGrande Hotel recebe Mostra de Estudos Fotogr\u00e1ficos\n\t\t<\/span><\/div>","aioseo_breadcrumb_json":[{"label":"Home","link":"https:\/\/anoticiaonline.com.br\/site"},{"label":"Blog","link":"https:\/\/anoticiaonline.com.br\/site\/categoria\/muriae\/"},{"label":"Grande Hotel recebe Mostra de Estudos Fotogr\u00e1ficos","link":"https:\/\/anoticiaonline.com.br\/site\/grande-hotel-recebe-mostra-de-estudos-fotograficos\/"}],"views":136,"_links":{"self":[{"href":"https:\/\/anoticiaonline.com.br\/site\/wp-json\/wp\/v2\/posts\/31094","targetHints":{"allow":["GET"]}}],"collection":[{"href":"https:\/\/anoticiaonline.com.br\/site\/wp-json\/wp\/v2\/posts"}],"about":[{"href":"https:\/\/anoticiaonline.com.br\/site\/wp-json\/wp\/v2\/types\/post"}],"author":[{"embeddable":true,"href":"https:\/\/anoticiaonline.com.br\/site\/wp-json\/wp\/v2\/users\/2"}],"replies":[{"embeddable":true,"href":"https:\/\/anoticiaonline.com.br\/site\/wp-json\/wp\/v2\/comments?post=31094"}],"version-history":[{"count":0,"href":"https:\/\/anoticiaonline.com.br\/site\/wp-json\/wp\/v2\/posts\/31094\/revisions"}],"wp:featuredmedia":[{"embeddable":true,"href":"https:\/\/anoticiaonline.com.br\/site\/wp-json\/wp\/v2\/media\/31095"}],"wp:attachment":[{"href":"https:\/\/anoticiaonline.com.br\/site\/wp-json\/wp\/v2\/media?parent=31094"}],"wp:term":[{"taxonomy":"category","embeddable":true,"href":"https:\/\/anoticiaonline.com.br\/site\/wp-json\/wp\/v2\/categories?post=31094"},{"taxonomy":"post_tag","embeddable":true,"href":"https:\/\/anoticiaonline.com.br\/site\/wp-json\/wp\/v2\/tags?post=31094"}],"curies":[{"name":"wp","href":"https:\/\/api.w.org\/{rel}","templated":true}]}}