{"id":31086,"date":"2017-05-31T17:16:47","date_gmt":"2017-05-31T20:16:47","guid":{"rendered":"http:\/\/anoticiaonline.com.br\/site\/?p=31086"},"modified":"2017-06-22T20:00:55","modified_gmt":"2017-06-22T23:00:55","slug":"licenciamento-2017-de-veiculos-e-obrigatorio-a-partir-desta-quinta-feira","status":"publish","type":"post","link":"https:\/\/anoticiaonline.com.br\/site\/licenciamento-2017-de-veiculos-e-obrigatorio-a-partir-desta-quinta-feira\/","title":{"rendered":"Licenciamento 2017 de ve\u00edculos \u00e9 obrigat\u00f3rio a partir desta quinta-feira"},"content":{"rendered":"<p><a href=\"https:\/\/anoticiaonline.com.br\/site\/wp-content\/uploads\/2017\/05\/DSC02607.jpg\"><img fetchpriority=\"high\" decoding=\"async\" class=\" size-medium wp-image-31087 alignleft\" src=\"https:\/\/anoticiaonline.com.br\/site\/wp-content\/uploads\/2017\/05\/DSC02607-300x173.jpg\" alt=\"DSC02607\" width=\"300\" height=\"173\" srcset=\"https:\/\/anoticiaonline.com.br\/site\/wp-content\/uploads\/2017\/05\/DSC02607-300x173.jpg 300w, https:\/\/anoticiaonline.com.br\/site\/wp-content\/uploads\/2017\/05\/DSC02607.jpg 640w\" sizes=\"(max-width: 300px) 100vw, 300px\" \/><\/a>A partir desta quinta-feira (1\u00ba), torna-se obrigat\u00f3rio o porte do Certificado de Registro e Licenciamento Veicular (CRLV) 2017 para os ve\u00edculos com final de placa 1 a 5. Em rela\u00e7\u00e3o aos ve\u00edculos com placa final de 6 a 0, o porte obrigat\u00f3rio do documento de 2017 ser\u00e1 exigido a partir de 1\u00ba de julho. O alerta \u00e9 da Pol\u00edcia Civil, por meio do Departamento de Tr\u00e2nsito de Minas Gerais (Detran-MG), que j\u00e1 tem 60,92% dos ve\u00edculos devidamente licenciados, o que equivale a 5.502.864 entre os 9.032.253 ve\u00edculos em condi\u00e7\u00f5es de serem licenciados.<\/p>\n<p>De acordo com o C\u00f3digo de Tr\u00e2nsito Brasileiro (CTB), conduzir ve\u00edculo que n\u00e3o esteja registrado e licenciado \u00e9 considerada infra\u00e7\u00e3o grav\u00edssima, com multa de R$ 293,47, perda de 7 pontos na Carteira Nacional de Habita\u00e7\u00e3o (CNH) e remo\u00e7\u00e3o do ve\u00edculo. As datas para regulariza\u00e7\u00e3o e renova\u00e7\u00e3o do CRLV foram publicadas na Portaria 143\/17, no dia 29 de mar\u00e7o passado. Essa informa\u00e7\u00e3o tamb\u00e9m foi repassada aos \u00f3rg\u00e3os e \u00e0s entidades do Sistema Nacional de Tr\u00e2nsito, inclusive de outros estados, por meio do Departamento Nacional de Tr\u00e2nsito (Denatran).<\/p>\n<p>O CTB diz tamb\u00e9m que o ve\u00edculo \u00e9 considerado licenciado ap\u00f3s a quita\u00e7\u00e3o do Imposto de Propriedade de Ve\u00edculo Automotor (IPVA), Seguro Obrigat\u00f3rio, Licenciamento e multas, se houver. O CRLV \u00e9 enviado pelos Correios, com Aviso de Recebimento (AR). Quando h\u00e1 d\u00e9bito e ou irregularidade cadastral, o CRLV n\u00e3o \u00e9 emitido e o propriet\u00e1rio \u00e9 informado, desde que o endere\u00e7o esteja atualizado no sistema de informa\u00e7\u00f5es do Detran-MG.<\/p>\n<p>Depois de tr\u00eas tentativas de entrega frustradas, o documento \u00e9 encaminhado para a Unidade de Atendimento Integrado (UAI) nos munic\u00edpios onde existem esses postos. Nas demais cidades, o documento fica dispon\u00edvel para o propriet\u00e1rio do ve\u00edculo nas delegacias de tr\u00e2nsito. Para ve\u00edculos com final de placa de 6 a 0, que t\u00eam prazo at\u00e9 30 de junho para regulariza\u00e7\u00e3o, em caso de perda do documento de 2016, ou se o propriet\u00e1rio do ve\u00edculo tiver quitado d\u00e9bitos anteriores recentemente e por isso n\u00e3o tiver o CRLV 2016, dever\u00e1 na Ciretran respons\u00e1vel pela cidade, para emiss\u00e3o do documento (CRLV 2017).<\/p>\n<p><strong>ENDERE\u00c7O ATUALIZADO \u00c9 IMPRESCIND\u00cdVEL &#8211;<\/strong> O Detran-MG alerta que os propriet\u00e1rios de ve\u00edculos devem manter o endere\u00e7o atualizado no \u00f3rg\u00e3o, o que garantir\u00e1 o recebimento de documentos como o CRLV. A mudan\u00e7a de endere\u00e7o no mesmo munic\u00edpio pode ser realizada por meio do site. Caso a altera\u00e7\u00e3o seja para outro munic\u00edpio, o propriet\u00e1rio do ve\u00edculo ter\u00e1 de ir \u00e0 delegacia de tr\u00e2nsito local.<\/p>\n<p>No momento da fiscaliza\u00e7\u00e3o numa abordagem policial, os comprovantes de pagamento das taxas n\u00e3o s\u00e3o v\u00e1lidos. O documento exigido \u00e9 o CRLV 2017. O porte do licenciamento s\u00f3 ser\u00e1 dispensado numa fiscaliza\u00e7\u00e3o se for poss\u00edvel acesso ao sistema informatizado para verificar se o ve\u00edculo est\u00e1 licenciado, conforme a Lei Federal 13.281\/16.<\/p>\n<p>O Detran-MG registra situa\u00e7\u00f5es em que o ve\u00edculo n\u00e3o tem d\u00e9bitos, por\u00e9m, possui pend\u00eancias cadastrais (endere\u00e7o desatualizado, impedimentos administrativos, comunica\u00e7\u00e3o de venda ativa, etc). Estas pend\u00eancias tamb\u00e9m impedem a emiss\u00e3o do CRLV. Por este motivo, o cidad\u00e3o que ainda n\u00e3o recebeu o CRLV\/2017 deve verificar no site do Detran-MG o motivo do n\u00e3o licenciamento, dispon\u00edvel no link www.detran.mg.gov.br\/veiculos\/situacao-do-veiculo\/motivo-de-nao-licenciamento.<\/p>\n","protected":false},"excerpt":{"rendered":"<p>A partir desta quinta-feira (1\u00ba), torna-se obrigat\u00f3rio o porte do Certificado de Registro e Licenciamento Veicular (CRLV) 2017 para os ve\u00edculos com final de placa 1 a 5. Em rela\u00e7\u00e3o aos ve\u00edculos com placa final de 6 a 0, o porte obrigat\u00f3rio do documento de 2017 ser\u00e1 exigido a partir de 1\u00ba de julho. O &#8230; <a title=\"Licenciamento 2017 de ve\u00edculos \u00e9 obrigat\u00f3rio a partir desta quinta-feira\" class=\"read-more\" href=\"https:\/\/anoticiaonline.com.br\/site\/licenciamento-2017-de-veiculos-e-obrigatorio-a-partir-desta-quinta-feira\/\" aria-label=\"Read more about Licenciamento 2017 de ve\u00edculos \u00e9 obrigat\u00f3rio a partir desta quinta-feira\">Ler mais<\/a><\/p>\n","protected":false},"author":2,"featured_media":31087,"comment_status":"open","ping_status":"open","sticky":false,"template":"","format":"standard","meta":{"_acf_changed":false,"_monsterinsights_skip_tracking":false,"footnotes":""},"categories":[1],"tags":[200,3],"class_list":["post-31086","post","type-post","status-publish","format-standard","has-post-thumbnail","hentry","category-gerais","tag-crlv","tag-slide"],"acf":[],"aioseo_notices":[],"aioseo_head":"\n\t\t<!-- All in One SEO 5.0.0.1 - aioseo.com -->\n\t<meta name=\"description\" content=\"A partir desta quinta-feira (1\u00ba), torna-se obrigat\u00f3rio o porte do Certificado de Registro e Licenciamento Veicular (CRLV) 2017 para os ve\u00edculos com final de placa 1 a 5. Em rela\u00e7\u00e3o aos ve\u00edculos com placa final de 6 a 0, o porte obrigat\u00f3rio do documento de 2017 ser\u00e1 exigido a partir de 1\u00ba de julho. O\" \/>\n\t<meta name=\"robots\" content=\"max-image-preview:large\" \/>\n\t<meta name=\"author\" content=\"Juliana Laviola\"\/>\n\t<link rel=\"canonical\" href=\"https:\/\/anoticiaonline.com.br\/site\/licenciamento-2017-de-veiculos-e-obrigatorio-a-partir-desta-quinta-feira\/\" \/>\n\t<meta name=\"generator\" content=\"All in One SEO (AIOSEO) 5.0.0.1\" \/>\n\t\t<meta property=\"og:locale\" content=\"pt_BR\" \/>\n\t\t<meta property=\"og:site_name\" content=\"A Not\u00edcia Online - Noticias de Muria\u00e9 e regi\u00e3o\" \/>\n\t\t<meta property=\"og:type\" content=\"article\" \/>\n\t\t<meta property=\"og:title\" content=\"Licenciamento 2017 de ve\u00edculos \u00e9 obrigat\u00f3rio a partir desta quinta-feira - A Not\u00edcia Online\" \/>\n\t\t<meta property=\"og:description\" content=\"A partir desta quinta-feira (1\u00ba), torna-se obrigat\u00f3rio o porte do Certificado de Registro e Licenciamento Veicular (CRLV) 2017 para os ve\u00edculos com final de placa 1 a 5. Em rela\u00e7\u00e3o aos ve\u00edculos com placa final de 6 a 0, o porte obrigat\u00f3rio do documento de 2017 ser\u00e1 exigido a partir de 1\u00ba de julho. O\" \/>\n\t\t<meta property=\"og:url\" content=\"https:\/\/anoticiaonline.com.br\/site\/licenciamento-2017-de-veiculos-e-obrigatorio-a-partir-desta-quinta-feira\/\" \/>\n\t\t<meta property=\"og:image\" content=\"https:\/\/scontent-gig4-1.xx.fbcdn.net\/v\/t39.30808-1\/270437624_4564083193639691_6907940295614233970_n.jpg?stp=dst-jpg_s200x200_tt6&#038;_nc_cat=111&#038;ccb=1-7&#038;_nc_sid=f907e8&#038;_nc_ohc=SM1wRlP3lJwQ7kNvwEPuBYA&#038;_nc_oc=AdnqrjDN_BNjSSHWO-GbkIWH6fkGMLw4bqvL_NH6e2wMveX7G-rP2dAqsDSq1mJMOaY&#038;_nc_zt=24&#038;_nc_ht=scontent-gig4-1.xx&#038;_nc_gid=AoBFJeGrT1hVaew_6rchkQ&#038;oh=00_AfX7QmFGhQhG2jAllVgXCiM1ZrWgvtp80-Bfppyexh1QEg&#038;oe=689E923C\" \/>\n\t\t<meta property=\"og:image:secure_url\" content=\"https:\/\/scontent-gig4-1.xx.fbcdn.net\/v\/t39.30808-1\/270437624_4564083193639691_6907940295614233970_n.jpg?stp=dst-jpg_s200x200_tt6&#038;_nc_cat=111&#038;ccb=1-7&#038;_nc_sid=f907e8&#038;_nc_ohc=SM1wRlP3lJwQ7kNvwEPuBYA&#038;_nc_oc=AdnqrjDN_BNjSSHWO-GbkIWH6fkGMLw4bqvL_NH6e2wMveX7G-rP2dAqsDSq1mJMOaY&#038;_nc_zt=24&#038;_nc_ht=scontent-gig4-1.xx&#038;_nc_gid=AoBFJeGrT1hVaew_6rchkQ&#038;oh=00_AfX7QmFGhQhG2jAllVgXCiM1ZrWgvtp80-Bfppyexh1QEg&#038;oe=689E923C\" \/>\n\t\t<meta property=\"article:published_time\" content=\"2017-05-31T20:16:47+00:00\" \/>\n\t\t<meta property=\"article:modified_time\" content=\"2017-06-22T23:00:55+00:00\" \/>\n\t\t<meta name=\"twitter:card\" content=\"summary_large_image\" \/>\n\t\t<meta name=\"twitter:title\" content=\"Licenciamento 2017 de ve\u00edculos \u00e9 obrigat\u00f3rio a partir desta quinta-feira - A Not\u00edcia Online\" \/>\n\t\t<meta name=\"twitter:description\" content=\"A partir desta quinta-feira (1\u00ba), torna-se obrigat\u00f3rio o porte do Certificado de Registro e Licenciamento Veicular (CRLV) 2017 para os ve\u00edculos com final de placa 1 a 5. Em rela\u00e7\u00e3o aos ve\u00edculos com placa final de 6 a 0, o porte obrigat\u00f3rio do documento de 2017 ser\u00e1 exigido a partir de 1\u00ba de julho. O\" \/>\n\t\t<meta name=\"twitter:image\" content=\"https:\/\/scontent-gig4-1.xx.fbcdn.net\/v\/t39.30808-1\/270437624_4564083193639691_6907940295614233970_n.jpg?stp=dst-jpg_s200x200_tt6&amp;_nc_cat=111&amp;ccb=1-7&amp;_nc_sid=f907e8&amp;_nc_ohc=SM1wRlP3lJwQ7kNvwEPuBYA&amp;_nc_oc=AdnqrjDN_BNjSSHWO-GbkIWH6fkGMLw4bqvL_NH6e2wMveX7G-rP2dAqsDSq1mJMOaY&amp;_nc_zt=24&amp;_nc_ht=scontent-gig4-1.xx&amp;_nc_gid=AoBFJeGrT1hVaew_6rchkQ&amp;oh=00_AfX7QmFGhQhG2jAllVgXCiM1ZrWgvtp80-Bfppyexh1QEg&amp;oe=689E923C\" \/>\n\t\t<script type=\"application\/ld+json\" class=\"aioseo-schema\">\n\t\t\t{\"@context\":\"https:\\\/\\\/schema.org\",\"@graph\":[{\"@type\":\"BlogPosting\",\"@id\":\"https:\\\/\\\/anoticiaonline.com.br\\\/site\\\/licenciamento-2017-de-veiculos-e-obrigatorio-a-partir-desta-quinta-feira\\\/#blogposting\",\"name\":\"Licenciamento 2017 de ve\\u00edculos \\u00e9 obrigat\\u00f3rio a partir desta quinta-feira - A Not\\u00edcia Online\",\"headline\":\"Licenciamento 2017 de ve\\u00edculos \\u00e9 obrigat\\u00f3rio a partir desta quinta-feira\",\"author\":{\"@id\":\"https:\\\/\\\/anoticiaonline.com.br\\\/site\\\/author\\\/juliana\\\/#author\"},\"publisher\":{\"@id\":\"https:\\\/\\\/anoticiaonline.com.br\\\/site\\\/#organization\"},\"image\":{\"@type\":\"ImageObject\",\"url\":\"https:\\\/\\\/anoticiaonline.com.br\\\/site\\\/wp-content\\\/uploads\\\/2017\\\/05\\\/DSC02607.jpg\",\"width\":640,\"height\":368},\"datePublished\":\"2017-05-31T17:16:47-03:00\",\"dateModified\":\"2017-06-22T20:00:55-03:00\",\"inLanguage\":\"pt-BR\",\"mainEntityOfPage\":{\"@id\":\"https:\\\/\\\/anoticiaonline.com.br\\\/site\\\/licenciamento-2017-de-veiculos-e-obrigatorio-a-partir-desta-quinta-feira\\\/#webpage\"},\"isPartOf\":{\"@id\":\"https:\\\/\\\/anoticiaonline.com.br\\\/site\\\/licenciamento-2017-de-veiculos-e-obrigatorio-a-partir-desta-quinta-feira\\\/#webpage\"},\"articleSection\":\"Gerais, CRLV, slide\"},{\"@type\":\"BreadcrumbList\",\"@id\":\"https:\\\/\\\/anoticiaonline.com.br\\\/site\\\/licenciamento-2017-de-veiculos-e-obrigatorio-a-partir-desta-quinta-feira\\\/#breadcrumblist\",\"itemListElement\":[{\"@type\":\"ListItem\",\"@id\":\"https:\\\/\\\/anoticiaonline.com.br\\\/site#listItem\",\"position\":1,\"name\":\"Home\",\"item\":\"https:\\\/\\\/anoticiaonline.com.br\\\/site\",\"nextItem\":{\"@type\":\"ListItem\",\"@id\":\"https:\\\/\\\/anoticiaonline.com.br\\\/site\\\/categoria\\\/gerais\\\/#listItem\",\"name\":\"Gerais\"}},{\"@type\":\"ListItem\",\"@id\":\"https:\\\/\\\/anoticiaonline.com.br\\\/site\\\/categoria\\\/gerais\\\/#listItem\",\"position\":2,\"name\":\"Gerais\",\"item\":\"https:\\\/\\\/anoticiaonline.com.br\\\/site\\\/categoria\\\/gerais\\\/\",\"nextItem\":{\"@type\":\"ListItem\",\"@id\":\"https:\\\/\\\/anoticiaonline.com.br\\\/site\\\/licenciamento-2017-de-veiculos-e-obrigatorio-a-partir-desta-quinta-feira\\\/#listItem\",\"name\":\"Licenciamento 2017 de ve\\u00edculos \\u00e9 obrigat\\u00f3rio a partir desta quinta-feira\"},\"previousItem\":{\"@type\":\"ListItem\",\"@id\":\"https:\\\/\\\/anoticiaonline.com.br\\\/site#listItem\",\"name\":\"Home\"}},{\"@type\":\"ListItem\",\"@id\":\"https:\\\/\\\/anoticiaonline.com.br\\\/site\\\/licenciamento-2017-de-veiculos-e-obrigatorio-a-partir-desta-quinta-feira\\\/#listItem\",\"position\":3,\"name\":\"Licenciamento 2017 de ve\\u00edculos \\u00e9 obrigat\\u00f3rio a partir desta quinta-feira\",\"previousItem\":{\"@type\":\"ListItem\",\"@id\":\"https:\\\/\\\/anoticiaonline.com.br\\\/site\\\/categoria\\\/gerais\\\/#listItem\",\"name\":\"Gerais\"}}]},{\"@type\":\"Organization\",\"@id\":\"https:\\\/\\\/anoticiaonline.com.br\\\/site\\\/#organization\",\"name\":\"A Not\\u00edcia Online\",\"description\":\"Noticias de Muria\\u00e9 e regi\\u00e3o\",\"url\":\"https:\\\/\\\/anoticiaonline.com.br\\\/site\\\/\",\"logo\":{\"@type\":\"ImageObject\",\"url\":\"https:\\\/\\\/scontent-gig4-1.xx.fbcdn.net\\\/v\\\/t39.30808-1\\\/270437624_4564083193639691_6907940295614233970_n.jpg?stp=dst-jpg_s200x200_tt6&_nc_cat=111&ccb=1-7&_nc_sid=f907e8&_nc_ohc=SM1wRlP3lJwQ7kNvwEPuBYA&_nc_oc=AdnqrjDN_BNjSSHWO-GbkIWH6fkGMLw4bqvL_NH6e2wMveX7G-rP2dAqsDSq1mJMOaY&_nc_zt=24&_nc_ht=scontent-gig4-1.xx&_nc_gid=AoBFJeGrT1hVaew_6rchkQ&oh=00_AfX7QmFGhQhG2jAllVgXCiM1ZrWgvtp80-Bfppyexh1QEg&oe=689E923C\",\"@id\":\"https:\\\/\\\/anoticiaonline.com.br\\\/site\\\/licenciamento-2017-de-veiculos-e-obrigatorio-a-partir-desta-quinta-feira\\\/#organizationLogo\"},\"image\":{\"@id\":\"https:\\\/\\\/anoticiaonline.com.br\\\/site\\\/licenciamento-2017-de-veiculos-e-obrigatorio-a-partir-desta-quinta-feira\\\/#organizationLogo\"}},{\"@type\":\"Person\",\"@id\":\"https:\\\/\\\/anoticiaonline.com.br\\\/site\\\/author\\\/juliana\\\/#author\",\"url\":\"https:\\\/\\\/anoticiaonline.com.br\\\/site\\\/author\\\/juliana\\\/\",\"name\":\"Juliana Laviola\",\"image\":{\"@type\":\"ImageObject\",\"@id\":\"https:\\\/\\\/anoticiaonline.com.br\\\/site\\\/licenciamento-2017-de-veiculos-e-obrigatorio-a-partir-desta-quinta-feira\\\/#authorImage\",\"url\":\"https:\\\/\\\/secure.gravatar.com\\\/avatar\\\/b8d45f5c699b100dfaf0e543582f38f38bf94cb7ae3a5e9abf8d891a34773335?s=96&d=mm&r=g\",\"width\":96,\"height\":96,\"caption\":\"Juliana Laviola\"}},{\"@type\":\"WebPage\",\"@id\":\"https:\\\/\\\/anoticiaonline.com.br\\\/site\\\/licenciamento-2017-de-veiculos-e-obrigatorio-a-partir-desta-quinta-feira\\\/#webpage\",\"url\":\"https:\\\/\\\/anoticiaonline.com.br\\\/site\\\/licenciamento-2017-de-veiculos-e-obrigatorio-a-partir-desta-quinta-feira\\\/\",\"name\":\"Licenciamento 2017 de ve\\u00edculos \\u00e9 obrigat\\u00f3rio a partir desta quinta-feira - A Not\\u00edcia Online\",\"description\":\"A partir desta quinta-feira (1\\u00ba), torna-se obrigat\\u00f3rio o porte do Certificado de Registro e Licenciamento Veicular (CRLV) 2017 para os ve\\u00edculos com final de placa 1 a 5. Em rela\\u00e7\\u00e3o aos ve\\u00edculos com placa final de 6 a 0, o porte obrigat\\u00f3rio do documento de 2017 ser\\u00e1 exigido a partir de 1\\u00ba de julho. O\",\"inLanguage\":\"pt-BR\",\"isPartOf\":{\"@id\":\"https:\\\/\\\/anoticiaonline.com.br\\\/site\\\/#website\"},\"breadcrumb\":{\"@id\":\"https:\\\/\\\/anoticiaonline.com.br\\\/site\\\/licenciamento-2017-de-veiculos-e-obrigatorio-a-partir-desta-quinta-feira\\\/#breadcrumblist\"},\"author\":{\"@id\":\"https:\\\/\\\/anoticiaonline.com.br\\\/site\\\/author\\\/juliana\\\/#author\"},\"creator\":{\"@id\":\"https:\\\/\\\/anoticiaonline.com.br\\\/site\\\/author\\\/juliana\\\/#author\"},\"image\":{\"@type\":\"ImageObject\",\"url\":\"https:\\\/\\\/anoticiaonline.com.br\\\/site\\\/wp-content\\\/uploads\\\/2017\\\/05\\\/DSC02607.jpg\",\"@id\":\"https:\\\/\\\/anoticiaonline.com.br\\\/site\\\/licenciamento-2017-de-veiculos-e-obrigatorio-a-partir-desta-quinta-feira\\\/#mainImage\",\"width\":640,\"height\":368},\"primaryImageOfPage\":{\"@id\":\"https:\\\/\\\/anoticiaonline.com.br\\\/site\\\/licenciamento-2017-de-veiculos-e-obrigatorio-a-partir-desta-quinta-feira\\\/#mainImage\"},\"datePublished\":\"2017-05-31T17:16:47-03:00\",\"dateModified\":\"2017-06-22T20:00:55-03:00\"},{\"@type\":\"WebSite\",\"@id\":\"https:\\\/\\\/anoticiaonline.com.br\\\/site\\\/#website\",\"url\":\"https:\\\/\\\/anoticiaonline.com.br\\\/site\\\/\",\"name\":\"A Not\\u00edcia Online\",\"description\":\"Noticias de Muria\\u00e9 e regi\\u00e3o\",\"inLanguage\":\"pt-BR\",\"publisher\":{\"@id\":\"https:\\\/\\\/anoticiaonline.com.br\\\/site\\\/#organization\"}}]}\n\t\t<\/script>\n\t\t<!-- All in One SEO -->\n\n","aioseo_head_json":{"title":"Licenciamento 2017 de ve\u00edculos \u00e9 obrigat\u00f3rio a partir desta quinta-feira - A Not\u00edcia Online","description":"A partir desta quinta-feira (1\u00ba), torna-se obrigat\u00f3rio o porte do Certificado de Registro e Licenciamento Veicular (CRLV) 2017 para os ve\u00edculos com final de placa 1 a 5. Em rela\u00e7\u00e3o aos ve\u00edculos com placa final de 6 a 0, o porte obrigat\u00f3rio do documento de 2017 ser\u00e1 exigido a partir de 1\u00ba de julho. O","canonical_url":"https:\/\/anoticiaonline.com.br\/site\/licenciamento-2017-de-veiculos-e-obrigatorio-a-partir-desta-quinta-feira\/","robots":"max-image-preview:large","keywords":"","webmasterTools":{"miscellaneous":""},"schema":{"@context":"https:\/\/schema.org","@graph":[{"@type":"BlogPosting","@id":"https:\/\/anoticiaonline.com.br\/site\/licenciamento-2017-de-veiculos-e-obrigatorio-a-partir-desta-quinta-feira\/#blogposting","name":"Licenciamento 2017 de ve\u00edculos \u00e9 obrigat\u00f3rio a partir desta quinta-feira - A Not\u00edcia Online","headline":"Licenciamento 2017 de ve\u00edculos \u00e9 obrigat\u00f3rio a partir desta quinta-feira","author":{"@id":"https:\/\/anoticiaonline.com.br\/site\/author\/juliana\/#author"},"publisher":{"@id":"https:\/\/anoticiaonline.com.br\/site\/#organization"},"image":{"@type":"ImageObject","url":"https:\/\/anoticiaonline.com.br\/site\/wp-content\/uploads\/2017\/05\/DSC02607.jpg","width":640,"height":368},"datePublished":"2017-05-31T17:16:47-03:00","dateModified":"2017-06-22T20:00:55-03:00","inLanguage":"pt-BR","mainEntityOfPage":{"@id":"https:\/\/anoticiaonline.com.br\/site\/licenciamento-2017-de-veiculos-e-obrigatorio-a-partir-desta-quinta-feira\/#webpage"},"isPartOf":{"@id":"https:\/\/anoticiaonline.com.br\/site\/licenciamento-2017-de-veiculos-e-obrigatorio-a-partir-desta-quinta-feira\/#webpage"},"articleSection":"Gerais, CRLV, slide"},{"@type":"BreadcrumbList","@id":"https:\/\/anoticiaonline.com.br\/site\/licenciamento-2017-de-veiculos-e-obrigatorio-a-partir-desta-quinta-feira\/#breadcrumblist","itemListElement":[{"@type":"ListItem","@id":"https:\/\/anoticiaonline.com.br\/site#listItem","position":1,"name":"Home","item":"https:\/\/anoticiaonline.com.br\/site","nextItem":{"@type":"ListItem","@id":"https:\/\/anoticiaonline.com.br\/site\/categoria\/gerais\/#listItem","name":"Gerais"}},{"@type":"ListItem","@id":"https:\/\/anoticiaonline.com.br\/site\/categoria\/gerais\/#listItem","position":2,"name":"Gerais","item":"https:\/\/anoticiaonline.com.br\/site\/categoria\/gerais\/","nextItem":{"@type":"ListItem","@id":"https:\/\/anoticiaonline.com.br\/site\/licenciamento-2017-de-veiculos-e-obrigatorio-a-partir-desta-quinta-feira\/#listItem","name":"Licenciamento 2017 de ve\u00edculos \u00e9 obrigat\u00f3rio a partir desta quinta-feira"},"previousItem":{"@type":"ListItem","@id":"https:\/\/anoticiaonline.com.br\/site#listItem","name":"Home"}},{"@type":"ListItem","@id":"https:\/\/anoticiaonline.com.br\/site\/licenciamento-2017-de-veiculos-e-obrigatorio-a-partir-desta-quinta-feira\/#listItem","position":3,"name":"Licenciamento 2017 de ve\u00edculos \u00e9 obrigat\u00f3rio a partir desta quinta-feira","previousItem":{"@type":"ListItem","@id":"https:\/\/anoticiaonline.com.br\/site\/categoria\/gerais\/#listItem","name":"Gerais"}}]},{"@type":"Organization","@id":"https:\/\/anoticiaonline.com.br\/site\/#organization","name":"A Not\u00edcia Online","description":"Noticias de Muria\u00e9 e regi\u00e3o","url":"https:\/\/anoticiaonline.com.br\/site\/","logo":{"@type":"ImageObject","url":"https:\/\/scontent-gig4-1.xx.fbcdn.net\/v\/t39.30808-1\/270437624_4564083193639691_6907940295614233970_n.jpg?stp=dst-jpg_s200x200_tt6&_nc_cat=111&ccb=1-7&_nc_sid=f907e8&_nc_ohc=SM1wRlP3lJwQ7kNvwEPuBYA&_nc_oc=AdnqrjDN_BNjSSHWO-GbkIWH6fkGMLw4bqvL_NH6e2wMveX7G-rP2dAqsDSq1mJMOaY&_nc_zt=24&_nc_ht=scontent-gig4-1.xx&_nc_gid=AoBFJeGrT1hVaew_6rchkQ&oh=00_AfX7QmFGhQhG2jAllVgXCiM1ZrWgvtp80-Bfppyexh1QEg&oe=689E923C","@id":"https:\/\/anoticiaonline.com.br\/site\/licenciamento-2017-de-veiculos-e-obrigatorio-a-partir-desta-quinta-feira\/#organizationLogo"},"image":{"@id":"https:\/\/anoticiaonline.com.br\/site\/licenciamento-2017-de-veiculos-e-obrigatorio-a-partir-desta-quinta-feira\/#organizationLogo"}},{"@type":"Person","@id":"https:\/\/anoticiaonline.com.br\/site\/author\/juliana\/#author","url":"https:\/\/anoticiaonline.com.br\/site\/author\/juliana\/","name":"Juliana Laviola","image":{"@type":"ImageObject","@id":"https:\/\/anoticiaonline.com.br\/site\/licenciamento-2017-de-veiculos-e-obrigatorio-a-partir-desta-quinta-feira\/#authorImage","url":"https:\/\/secure.gravatar.com\/avatar\/b8d45f5c699b100dfaf0e543582f38f38bf94cb7ae3a5e9abf8d891a34773335?s=96&d=mm&r=g","width":96,"height":96,"caption":"Juliana Laviola"}},{"@type":"WebPage","@id":"https:\/\/anoticiaonline.com.br\/site\/licenciamento-2017-de-veiculos-e-obrigatorio-a-partir-desta-quinta-feira\/#webpage","url":"https:\/\/anoticiaonline.com.br\/site\/licenciamento-2017-de-veiculos-e-obrigatorio-a-partir-desta-quinta-feira\/","name":"Licenciamento 2017 de ve\u00edculos \u00e9 obrigat\u00f3rio a partir desta quinta-feira - A Not\u00edcia Online","description":"A partir desta quinta-feira (1\u00ba), torna-se obrigat\u00f3rio o porte do Certificado de Registro e Licenciamento Veicular (CRLV) 2017 para os ve\u00edculos com final de placa 1 a 5. Em rela\u00e7\u00e3o aos ve\u00edculos com placa final de 6 a 0, o porte obrigat\u00f3rio do documento de 2017 ser\u00e1 exigido a partir de 1\u00ba de julho. O","inLanguage":"pt-BR","isPartOf":{"@id":"https:\/\/anoticiaonline.com.br\/site\/#website"},"breadcrumb":{"@id":"https:\/\/anoticiaonline.com.br\/site\/licenciamento-2017-de-veiculos-e-obrigatorio-a-partir-desta-quinta-feira\/#breadcrumblist"},"author":{"@id":"https:\/\/anoticiaonline.com.br\/site\/author\/juliana\/#author"},"creator":{"@id":"https:\/\/anoticiaonline.com.br\/site\/author\/juliana\/#author"},"image":{"@type":"ImageObject","url":"https:\/\/anoticiaonline.com.br\/site\/wp-content\/uploads\/2017\/05\/DSC02607.jpg","@id":"https:\/\/anoticiaonline.com.br\/site\/licenciamento-2017-de-veiculos-e-obrigatorio-a-partir-desta-quinta-feira\/#mainImage","width":640,"height":368},"primaryImageOfPage":{"@id":"https:\/\/anoticiaonline.com.br\/site\/licenciamento-2017-de-veiculos-e-obrigatorio-a-partir-desta-quinta-feira\/#mainImage"},"datePublished":"2017-05-31T17:16:47-03:00","dateModified":"2017-06-22T20:00:55-03:00"},{"@type":"WebSite","@id":"https:\/\/anoticiaonline.com.br\/site\/#website","url":"https:\/\/anoticiaonline.com.br\/site\/","name":"A Not\u00edcia Online","description":"Noticias de Muria\u00e9 e regi\u00e3o","inLanguage":"pt-BR","publisher":{"@id":"https:\/\/anoticiaonline.com.br\/site\/#organization"}}]},"og:locale":"pt_BR","og:site_name":"A Not\u00edcia Online - Noticias de Muria\u00e9 e regi\u00e3o","og:type":"article","og:title":"Licenciamento 2017 de ve\u00edculos \u00e9 obrigat\u00f3rio a partir desta quinta-feira - A Not\u00edcia Online","og:description":"A partir desta quinta-feira (1\u00ba), torna-se obrigat\u00f3rio o porte do Certificado de Registro e Licenciamento Veicular (CRLV) 2017 para os ve\u00edculos com final de placa 1 a 5. Em rela\u00e7\u00e3o aos ve\u00edculos com placa final de 6 a 0, o porte obrigat\u00f3rio do documento de 2017 ser\u00e1 exigido a partir de 1\u00ba de julho. O","og:url":"https:\/\/anoticiaonline.com.br\/site\/licenciamento-2017-de-veiculos-e-obrigatorio-a-partir-desta-quinta-feira\/","og:image":"https:\/\/scontent-gig4-1.xx.fbcdn.net\/v\/t39.30808-1\/270437624_4564083193639691_6907940295614233970_n.jpg?stp=dst-jpg_s200x200_tt6&#038;_nc_cat=111&#038;ccb=1-7&#038;_nc_sid=f907e8&#038;_nc_ohc=SM1wRlP3lJwQ7kNvwEPuBYA&#038;_nc_oc=AdnqrjDN_BNjSSHWO-GbkIWH6fkGMLw4bqvL_NH6e2wMveX7G-rP2dAqsDSq1mJMOaY&#038;_nc_zt=24&#038;_nc_ht=scontent-gig4-1.xx&#038;_nc_gid=AoBFJeGrT1hVaew_6rchkQ&#038;oh=00_AfX7QmFGhQhG2jAllVgXCiM1ZrWgvtp80-Bfppyexh1QEg&#038;oe=689E923C","og:image:secure_url":"https:\/\/scontent-gig4-1.xx.fbcdn.net\/v\/t39.30808-1\/270437624_4564083193639691_6907940295614233970_n.jpg?stp=dst-jpg_s200x200_tt6&#038;_nc_cat=111&#038;ccb=1-7&#038;_nc_sid=f907e8&#038;_nc_ohc=SM1wRlP3lJwQ7kNvwEPuBYA&#038;_nc_oc=AdnqrjDN_BNjSSHWO-GbkIWH6fkGMLw4bqvL_NH6e2wMveX7G-rP2dAqsDSq1mJMOaY&#038;_nc_zt=24&#038;_nc_ht=scontent-gig4-1.xx&#038;_nc_gid=AoBFJeGrT1hVaew_6rchkQ&#038;oh=00_AfX7QmFGhQhG2jAllVgXCiM1ZrWgvtp80-Bfppyexh1QEg&#038;oe=689E923C","article:published_time":"2017-05-31T20:16:47+00:00","article:modified_time":"2017-06-22T23:00:55+00:00","twitter:card":"summary_large_image","twitter:title":"Licenciamento 2017 de ve\u00edculos \u00e9 obrigat\u00f3rio a partir desta quinta-feira - A Not\u00edcia Online","twitter:description":"A partir desta quinta-feira (1\u00ba), torna-se obrigat\u00f3rio o porte do Certificado de Registro e Licenciamento Veicular (CRLV) 2017 para os ve\u00edculos com final de placa 1 a 5. Em rela\u00e7\u00e3o aos ve\u00edculos com placa final de 6 a 0, o porte obrigat\u00f3rio do documento de 2017 ser\u00e1 exigido a partir de 1\u00ba de julho. O","twitter:image":"https:\/\/scontent-gig4-1.xx.fbcdn.net\/v\/t39.30808-1\/270437624_4564083193639691_6907940295614233970_n.jpg?stp=dst-jpg_s200x200_tt6&_nc_cat=111&ccb=1-7&_nc_sid=f907e8&_nc_ohc=SM1wRlP3lJwQ7kNvwEPuBYA&_nc_oc=AdnqrjDN_BNjSSHWO-GbkIWH6fkGMLw4bqvL_NH6e2wMveX7G-rP2dAqsDSq1mJMOaY&_nc_zt=24&_nc_ht=scontent-gig4-1.xx&_nc_gid=AoBFJeGrT1hVaew_6rchkQ&oh=00_AfX7QmFGhQhG2jAllVgXCiM1ZrWgvtp80-Bfppyexh1QEg&oe=689E923C"},"aioseo_meta_data":{"post_id":"31086","title":null,"description":null,"keywords":null,"keyphrases":null,"primary_term":null,"canonical_url":null,"og_title":null,"og_description":null,"og_object_type":"default","og_image_type":"default","og_image_url":null,"og_image_width":null,"og_image_height":null,"og_image_custom_url":null,"og_image_custom_fields":null,"og_video":null,"og_custom_url":null,"og_article_section":null,"og_article_tags":null,"twitter_use_og":false,"twitter_card":"default","twitter_image_type":"default","twitter_image_url":null,"twitter_image_custom_url":null,"twitter_image_custom_fields":null,"twitter_title":null,"twitter_description":null,"schema":{"blockGraphs":[],"customGraphs":[],"default":{"data":{"Article":[],"Course":[],"Dataset":[],"FAQPage":[],"Movie":[],"Person":[],"Product":[],"ProductReview":[],"Car":[],"Recipe":[],"Service":[],"SoftwareApplication":[],"WebPage":[]},"graphName":"","isEnabled":true},"graphs":[]},"schema_type":"default","schema_type_options":null,"pillar_content":false,"robots_default":true,"robots_noindex":false,"robots_noarchive":false,"robots_nosnippet":false,"robots_nofollow":false,"robots_noimageindex":false,"robots_noodp":false,"robots_notranslate":false,"robots_max_snippet":null,"robots_max_videopreview":null,"robots_max_imagepreview":"large","priority":null,"frequency":null,"local_seo":null,"breadcrumb_settings":null,"limit_modified_date":false,"ai":null,"created":"2025-08-16 18:32:07","updated":"2025-08-16 18:32:07","focus_keyword":null,"additional_keywords":null,"truseo_locale":null,"seo_analyzer_scan_date":null},"aioseo_breadcrumb":"<div class=\"aioseo-breadcrumbs\"><span class=\"aioseo-breadcrumb\">\n\t\t\t<a href=\"https:\/\/anoticiaonline.com.br\/site\" title=\"Home\">Home<\/a>\n\t\t<\/span><span class=\"aioseo-breadcrumb-separator\">&raquo;<\/span><span class=\"aioseo-breadcrumb\">\n\t\t\t<a href=\"https:\/\/anoticiaonline.com.br\/site\/categoria\/gerais\/\" title=\"Gerais\">Gerais<\/a>\n\t\t<\/span><span class=\"aioseo-breadcrumb-separator\">&raquo;<\/span><span class=\"aioseo-breadcrumb\">\n\t\t\tLicenciamento 2017 de ve\u00edculos \u00e9 obrigat\u00f3rio a partir desta quinta-feira\n\t\t<\/span><\/div>","aioseo_breadcrumb_json":[{"label":"Home","link":"https:\/\/anoticiaonline.com.br\/site"},{"label":"Gerais","link":"https:\/\/anoticiaonline.com.br\/site\/categoria\/gerais\/"},{"label":"Licenciamento 2017 de ve\u00edculos \u00e9 obrigat\u00f3rio a partir desta quinta-feira","link":"https:\/\/anoticiaonline.com.br\/site\/licenciamento-2017-de-veiculos-e-obrigatorio-a-partir-desta-quinta-feira\/"}],"views":129,"_links":{"self":[{"href":"https:\/\/anoticiaonline.com.br\/site\/wp-json\/wp\/v2\/posts\/31086","targetHints":{"allow":["GET"]}}],"collection":[{"href":"https:\/\/anoticiaonline.com.br\/site\/wp-json\/wp\/v2\/posts"}],"about":[{"href":"https:\/\/anoticiaonline.com.br\/site\/wp-json\/wp\/v2\/types\/post"}],"author":[{"embeddable":true,"href":"https:\/\/anoticiaonline.com.br\/site\/wp-json\/wp\/v2\/users\/2"}],"replies":[{"embeddable":true,"href":"https:\/\/anoticiaonline.com.br\/site\/wp-json\/wp\/v2\/comments?post=31086"}],"version-history":[{"count":0,"href":"https:\/\/anoticiaonline.com.br\/site\/wp-json\/wp\/v2\/posts\/31086\/revisions"}],"wp:featuredmedia":[{"embeddable":true,"href":"https:\/\/anoticiaonline.com.br\/site\/wp-json\/wp\/v2\/media\/31087"}],"wp:attachment":[{"href":"https:\/\/anoticiaonline.com.br\/site\/wp-json\/wp\/v2\/media?parent=31086"}],"wp:term":[{"taxonomy":"category","embeddable":true,"href":"https:\/\/anoticiaonline.com.br\/site\/wp-json\/wp\/v2\/categories?post=31086"},{"taxonomy":"post_tag","embeddable":true,"href":"https:\/\/anoticiaonline.com.br\/site\/wp-json\/wp\/v2\/tags?post=31086"}],"curies":[{"name":"wp","href":"https:\/\/api.w.org\/{rel}","templated":true}]}}