{"id":30922,"date":"2017-05-29T15:56:13","date_gmt":"2017-05-29T18:56:13","guid":{"rendered":"http:\/\/anoticiaonline.com.br\/site\/?p=30922"},"modified":"2017-06-22T21:07:27","modified_gmt":"2017-06-23T00:07:27","slug":"camara-vai-conceder-o-titulo-chico-mendes-a-personalidades-que-contribuem-para-a-preservacao-ambiental","status":"publish","type":"post","link":"https:\/\/anoticiaonline.com.br\/site\/camara-vai-conceder-o-titulo-chico-mendes-a-personalidades-que-contribuem-para-a-preservacao-ambiental\/","title":{"rendered":"C\u00e2mara vai conceder o t\u00edtulo \u201cChico Mendes\u201d a personalidades que contribuem para a preserva\u00e7\u00e3o ambiental"},"content":{"rendered":"<p><a href=\"https:\/\/anoticiaonline.com.br\/site\/wp-content\/uploads\/2017\/05\/C\u00e2mara-Municipal.jpg\"><img fetchpriority=\"high\" decoding=\"async\" class=\" size-medium wp-image-30923 alignleft\" src=\"https:\/\/anoticiaonline.com.br\/site\/wp-content\/uploads\/2017\/05\/C\u00e2mara-Municipal-300x225.jpg\" alt=\"C\u00e2mara Municipal\" width=\"300\" height=\"225\" srcset=\"https:\/\/anoticiaonline.com.br\/site\/wp-content\/uploads\/2017\/05\/C\u00e2mara-Municipal-300x225.jpg 300w, https:\/\/anoticiaonline.com.br\/site\/wp-content\/uploads\/2017\/05\/C\u00e2mara-Municipal.jpg 640w\" sizes=\"(max-width: 300px) 100vw, 300px\" \/><\/a>Dezoito pessoas ou institui\u00e7\u00f5es que tenham contribu\u00eddo para a preserva\u00e7\u00e3o ambiental e pela conscientiza\u00e7\u00e3o ecol\u00f3gica em Muria\u00e9 ser\u00e3o agraciadas com o T\u00edtulo da Ordem \u201cChico Mendes\u201d, durante cerim\u00f4nia a ser realizada no dia 6 de junho, no plen\u00e1rio da Casa legislativa.<\/p>\n<p>Baseado na Lei 5.387\/2017, de autoria da vereadora Miriam Facchini, o t\u00edtulo \u00e9 concedido como forma de reconhecer o trabalho prestado \u00e0 preserva\u00e7\u00e3o ambiental na cidade. A vereadora considera que a outorga da honraria poder\u00e1 ser um incentivo para que a\u00e7\u00f5es de preserva\u00e7\u00e3o do meio ambiente se tornem cada vez mais comuns na cidade.<\/p>\n<p>A ideia \u00e9 que a cerim\u00f4nia seja parte das comemora\u00e7\u00f5es do Dia Mundial do Meio Ambiente, celebrado em 5 de junho.<\/p>\n<p>Dos 18 agraciados, 17 s\u00e3o indica\u00e7\u00e3o dos vereadores e um do prefeito Grego.<\/p>\n<p><strong>CHICO MENDES &#8211;<\/strong> Francisco Alves Mendes Filho, o Chico Mendes, foi um dos mais importantes ambientalistas brasileiros. Nasceu na cidade de Xapuri (estado do Acre), no dia 15 de dezembro de 1944.<\/p>\n<p>Ficou conhecido internacionalmente por ser defensor da floresta e dos direitos dos seringueiros. Ele organizou os trabalhadores para proteger o ambiente, suas casas e fam\u00edlias contra a viol\u00eancia e a destrui\u00e7\u00e3o dos fazendeiros. Tornou-se s\u00edmbolo da luta em defesa da Amaz\u00f4nia e dos povos da floresta.<\/p>\n<p>Foi assassinado em 22 de dezembro de 1988, aos 44 anos, na porta de sua casa.<\/p>\n<p>Em 16 de dezembro de 2013, foi publicada no Di\u00e1rio Oficial da Uni\u00e3o a lei que declara Chico Mendes como sendo o patrono do meio ambiente no Brasil.<\/p>\n","protected":false},"excerpt":{"rendered":"<p>Dezoito pessoas ou institui\u00e7\u00f5es que tenham contribu\u00eddo para a preserva\u00e7\u00e3o ambiental e pela conscientiza\u00e7\u00e3o ecol\u00f3gica em Muria\u00e9 ser\u00e3o agraciadas com o T\u00edtulo da Ordem \u201cChico Mendes\u201d, durante cerim\u00f4nia a ser realizada no dia 6 de junho, no plen\u00e1rio da Casa legislativa. Baseado na Lei 5.387\/2017, de autoria da vereadora Miriam Facchini, o t\u00edtulo \u00e9 concedido &#8230; <a title=\"C\u00e2mara vai conceder o t\u00edtulo \u201cChico Mendes\u201d a personalidades que contribuem para a preserva\u00e7\u00e3o ambiental\" class=\"read-more\" href=\"https:\/\/anoticiaonline.com.br\/site\/camara-vai-conceder-o-titulo-chico-mendes-a-personalidades-que-contribuem-para-a-preservacao-ambiental\/\" aria-label=\"Read more about C\u00e2mara vai conceder o t\u00edtulo \u201cChico Mendes\u201d a personalidades que contribuem para a preserva\u00e7\u00e3o ambiental\">Ler mais<\/a><\/p>\n","protected":false},"author":2,"featured_media":30924,"comment_status":"open","ping_status":"open","sticky":false,"template":"","format":"standard","meta":{"_acf_changed":false,"_monsterinsights_skip_tracking":false,"footnotes":""},"categories":[30],"tags":[61,357,58,3],"class_list":["post-30922","post","type-post","status-publish","format-standard","has-post-thumbnail","hentry","category-muriae","tag-camara-muriae","tag-chico-mendes","tag-meio-ambiente","tag-slide"],"acf":[],"aioseo_notices":[],"aioseo_head":"\n\t\t<!-- All in One SEO 5.0.0.1 - aioseo.com -->\n\t<meta name=\"description\" content=\"Dezoito pessoas ou institui\u00e7\u00f5es que tenham contribu\u00eddo para a preserva\u00e7\u00e3o ambiental e pela conscientiza\u00e7\u00e3o ecol\u00f3gica em Muria\u00e9 ser\u00e3o agraciadas com o T\u00edtulo da Ordem \u201cChico Mendes\u201d, durante cerim\u00f4nia a ser realizada no dia 6 de junho, no plen\u00e1rio da Casa legislativa. Baseado na Lei 5.387\/2017, de autoria da vereadora Miriam Facchini, o t\u00edtulo \u00e9 concedido\" \/>\n\t<meta name=\"robots\" content=\"max-image-preview:large\" \/>\n\t<meta name=\"author\" content=\"Juliana Laviola\"\/>\n\t<link rel=\"canonical\" href=\"https:\/\/anoticiaonline.com.br\/site\/camara-vai-conceder-o-titulo-chico-mendes-a-personalidades-que-contribuem-para-a-preservacao-ambiental\/\" \/>\n\t<meta name=\"generator\" content=\"All in One SEO (AIOSEO) 5.0.0.1\" \/>\n\t\t<meta property=\"og:locale\" content=\"pt_BR\" \/>\n\t\t<meta property=\"og:site_name\" content=\"A Not\u00edcia Online - Noticias de Muria\u00e9 e regi\u00e3o\" \/>\n\t\t<meta property=\"og:type\" content=\"article\" \/>\n\t\t<meta property=\"og:title\" content=\"C\u00e2mara vai conceder o t\u00edtulo \u201cChico Mendes\u201d a personalidades que contribuem para a preserva\u00e7\u00e3o ambiental - A Not\u00edcia Online\" \/>\n\t\t<meta property=\"og:description\" content=\"Dezoito pessoas ou institui\u00e7\u00f5es que tenham contribu\u00eddo para a preserva\u00e7\u00e3o ambiental e pela conscientiza\u00e7\u00e3o ecol\u00f3gica em Muria\u00e9 ser\u00e3o agraciadas com o T\u00edtulo da Ordem \u201cChico Mendes\u201d, durante cerim\u00f4nia a ser realizada no dia 6 de junho, no plen\u00e1rio da Casa legislativa. Baseado na Lei 5.387\/2017, de autoria da vereadora Miriam Facchini, o t\u00edtulo \u00e9 concedido\" \/>\n\t\t<meta property=\"og:url\" content=\"https:\/\/anoticiaonline.com.br\/site\/camara-vai-conceder-o-titulo-chico-mendes-a-personalidades-que-contribuem-para-a-preservacao-ambiental\/\" \/>\n\t\t<meta property=\"og:image\" content=\"https:\/\/scontent-gig4-1.xx.fbcdn.net\/v\/t39.30808-1\/270437624_4564083193639691_6907940295614233970_n.jpg?stp=dst-jpg_s200x200_tt6&#038;_nc_cat=111&#038;ccb=1-7&#038;_nc_sid=f907e8&#038;_nc_ohc=SM1wRlP3lJwQ7kNvwEPuBYA&#038;_nc_oc=AdnqrjDN_BNjSSHWO-GbkIWH6fkGMLw4bqvL_NH6e2wMveX7G-rP2dAqsDSq1mJMOaY&#038;_nc_zt=24&#038;_nc_ht=scontent-gig4-1.xx&#038;_nc_gid=AoBFJeGrT1hVaew_6rchkQ&#038;oh=00_AfX7QmFGhQhG2jAllVgXCiM1ZrWgvtp80-Bfppyexh1QEg&#038;oe=689E923C\" \/>\n\t\t<meta property=\"og:image:secure_url\" content=\"https:\/\/scontent-gig4-1.xx.fbcdn.net\/v\/t39.30808-1\/270437624_4564083193639691_6907940295614233970_n.jpg?stp=dst-jpg_s200x200_tt6&#038;_nc_cat=111&#038;ccb=1-7&#038;_nc_sid=f907e8&#038;_nc_ohc=SM1wRlP3lJwQ7kNvwEPuBYA&#038;_nc_oc=AdnqrjDN_BNjSSHWO-GbkIWH6fkGMLw4bqvL_NH6e2wMveX7G-rP2dAqsDSq1mJMOaY&#038;_nc_zt=24&#038;_nc_ht=scontent-gig4-1.xx&#038;_nc_gid=AoBFJeGrT1hVaew_6rchkQ&#038;oh=00_AfX7QmFGhQhG2jAllVgXCiM1ZrWgvtp80-Bfppyexh1QEg&#038;oe=689E923C\" \/>\n\t\t<meta property=\"article:published_time\" content=\"2017-05-29T18:56:13+00:00\" \/>\n\t\t<meta property=\"article:modified_time\" content=\"2017-06-23T00:07:27+00:00\" \/>\n\t\t<meta name=\"twitter:card\" content=\"summary_large_image\" \/>\n\t\t<meta name=\"twitter:title\" content=\"C\u00e2mara vai conceder o t\u00edtulo \u201cChico Mendes\u201d a personalidades que contribuem para a preserva\u00e7\u00e3o ambiental - A Not\u00edcia Online\" \/>\n\t\t<meta name=\"twitter:description\" content=\"Dezoito pessoas ou institui\u00e7\u00f5es que tenham contribu\u00eddo para a preserva\u00e7\u00e3o ambiental e pela conscientiza\u00e7\u00e3o ecol\u00f3gica em Muria\u00e9 ser\u00e3o agraciadas com o T\u00edtulo da Ordem \u201cChico Mendes\u201d, durante cerim\u00f4nia a ser realizada no dia 6 de junho, no plen\u00e1rio da Casa legislativa. Baseado na Lei 5.387\/2017, de autoria da vereadora Miriam Facchini, o t\u00edtulo \u00e9 concedido\" \/>\n\t\t<meta name=\"twitter:image\" content=\"https:\/\/scontent-gig4-1.xx.fbcdn.net\/v\/t39.30808-1\/270437624_4564083193639691_6907940295614233970_n.jpg?stp=dst-jpg_s200x200_tt6&amp;_nc_cat=111&amp;ccb=1-7&amp;_nc_sid=f907e8&amp;_nc_ohc=SM1wRlP3lJwQ7kNvwEPuBYA&amp;_nc_oc=AdnqrjDN_BNjSSHWO-GbkIWH6fkGMLw4bqvL_NH6e2wMveX7G-rP2dAqsDSq1mJMOaY&amp;_nc_zt=24&amp;_nc_ht=scontent-gig4-1.xx&amp;_nc_gid=AoBFJeGrT1hVaew_6rchkQ&amp;oh=00_AfX7QmFGhQhG2jAllVgXCiM1ZrWgvtp80-Bfppyexh1QEg&amp;oe=689E923C\" \/>\n\t\t<script type=\"application\/ld+json\" class=\"aioseo-schema\">\n\t\t\t{\"@context\":\"https:\\\/\\\/schema.org\",\"@graph\":[{\"@type\":\"BlogPosting\",\"@id\":\"https:\\\/\\\/anoticiaonline.com.br\\\/site\\\/camara-vai-conceder-o-titulo-chico-mendes-a-personalidades-que-contribuem-para-a-preservacao-ambiental\\\/#blogposting\",\"name\":\"C\\u00e2mara vai conceder o t\\u00edtulo \\u201cChico Mendes\\u201d a personalidades que contribuem para a preserva\\u00e7\\u00e3o ambiental - A Not\\u00edcia Online\",\"headline\":\"C\\u00e2mara vai conceder o t\\u00edtulo \\u201cChico Mendes\\u201d a personalidades que contribuem para a preserva\\u00e7\\u00e3o ambiental\",\"author\":{\"@id\":\"https:\\\/\\\/anoticiaonline.com.br\\\/site\\\/author\\\/juliana\\\/#author\"},\"publisher\":{\"@id\":\"https:\\\/\\\/anoticiaonline.com.br\\\/site\\\/#organization\"},\"image\":{\"@type\":\"ImageObject\",\"url\":\"https:\\\/\\\/anoticiaonline.com.br\\\/site\\\/wp-content\\\/uploads\\\/2017\\\/05\\\/Vai-Acontecer1.jpg\",\"width\":640,\"height\":512},\"datePublished\":\"2017-05-29T15:56:13-03:00\",\"dateModified\":\"2017-06-22T21:07:27-03:00\",\"inLanguage\":\"pt-BR\",\"mainEntityOfPage\":{\"@id\":\"https:\\\/\\\/anoticiaonline.com.br\\\/site\\\/camara-vai-conceder-o-titulo-chico-mendes-a-personalidades-que-contribuem-para-a-preservacao-ambiental\\\/#webpage\"},\"isPartOf\":{\"@id\":\"https:\\\/\\\/anoticiaonline.com.br\\\/site\\\/camara-vai-conceder-o-titulo-chico-mendes-a-personalidades-que-contribuem-para-a-preservacao-ambiental\\\/#webpage\"},\"articleSection\":\"Blog, C\\u00e2mara Muria\\u00e9, chico mendes, meio ambiente, slide\"},{\"@type\":\"BreadcrumbList\",\"@id\":\"https:\\\/\\\/anoticiaonline.com.br\\\/site\\\/camara-vai-conceder-o-titulo-chico-mendes-a-personalidades-que-contribuem-para-a-preservacao-ambiental\\\/#breadcrumblist\",\"itemListElement\":[{\"@type\":\"ListItem\",\"@id\":\"https:\\\/\\\/anoticiaonline.com.br\\\/site#listItem\",\"position\":1,\"name\":\"Home\",\"item\":\"https:\\\/\\\/anoticiaonline.com.br\\\/site\",\"nextItem\":{\"@type\":\"ListItem\",\"@id\":\"https:\\\/\\\/anoticiaonline.com.br\\\/site\\\/categoria\\\/muriae\\\/#listItem\",\"name\":\"Blog\"}},{\"@type\":\"ListItem\",\"@id\":\"https:\\\/\\\/anoticiaonline.com.br\\\/site\\\/categoria\\\/muriae\\\/#listItem\",\"position\":2,\"name\":\"Blog\",\"item\":\"https:\\\/\\\/anoticiaonline.com.br\\\/site\\\/categoria\\\/muriae\\\/\",\"nextItem\":{\"@type\":\"ListItem\",\"@id\":\"https:\\\/\\\/anoticiaonline.com.br\\\/site\\\/camara-vai-conceder-o-titulo-chico-mendes-a-personalidades-que-contribuem-para-a-preservacao-ambiental\\\/#listItem\",\"name\":\"C\\u00e2mara vai conceder o t\\u00edtulo \\u201cChico Mendes\\u201d a personalidades que contribuem para a preserva\\u00e7\\u00e3o ambiental\"},\"previousItem\":{\"@type\":\"ListItem\",\"@id\":\"https:\\\/\\\/anoticiaonline.com.br\\\/site#listItem\",\"name\":\"Home\"}},{\"@type\":\"ListItem\",\"@id\":\"https:\\\/\\\/anoticiaonline.com.br\\\/site\\\/camara-vai-conceder-o-titulo-chico-mendes-a-personalidades-que-contribuem-para-a-preservacao-ambiental\\\/#listItem\",\"position\":3,\"name\":\"C\\u00e2mara vai conceder o t\\u00edtulo \\u201cChico Mendes\\u201d a personalidades que contribuem para a preserva\\u00e7\\u00e3o ambiental\",\"previousItem\":{\"@type\":\"ListItem\",\"@id\":\"https:\\\/\\\/anoticiaonline.com.br\\\/site\\\/categoria\\\/muriae\\\/#listItem\",\"name\":\"Blog\"}}]},{\"@type\":\"Organization\",\"@id\":\"https:\\\/\\\/anoticiaonline.com.br\\\/site\\\/#organization\",\"name\":\"A Not\\u00edcia Online\",\"description\":\"Noticias de Muria\\u00e9 e regi\\u00e3o\",\"url\":\"https:\\\/\\\/anoticiaonline.com.br\\\/site\\\/\",\"logo\":{\"@type\":\"ImageObject\",\"url\":\"https:\\\/\\\/scontent-gig4-1.xx.fbcdn.net\\\/v\\\/t39.30808-1\\\/270437624_4564083193639691_6907940295614233970_n.jpg?stp=dst-jpg_s200x200_tt6&_nc_cat=111&ccb=1-7&_nc_sid=f907e8&_nc_ohc=SM1wRlP3lJwQ7kNvwEPuBYA&_nc_oc=AdnqrjDN_BNjSSHWO-GbkIWH6fkGMLw4bqvL_NH6e2wMveX7G-rP2dAqsDSq1mJMOaY&_nc_zt=24&_nc_ht=scontent-gig4-1.xx&_nc_gid=AoBFJeGrT1hVaew_6rchkQ&oh=00_AfX7QmFGhQhG2jAllVgXCiM1ZrWgvtp80-Bfppyexh1QEg&oe=689E923C\",\"@id\":\"https:\\\/\\\/anoticiaonline.com.br\\\/site\\\/camara-vai-conceder-o-titulo-chico-mendes-a-personalidades-que-contribuem-para-a-preservacao-ambiental\\\/#organizationLogo\"},\"image\":{\"@id\":\"https:\\\/\\\/anoticiaonline.com.br\\\/site\\\/camara-vai-conceder-o-titulo-chico-mendes-a-personalidades-que-contribuem-para-a-preservacao-ambiental\\\/#organizationLogo\"}},{\"@type\":\"Person\",\"@id\":\"https:\\\/\\\/anoticiaonline.com.br\\\/site\\\/author\\\/juliana\\\/#author\",\"url\":\"https:\\\/\\\/anoticiaonline.com.br\\\/site\\\/author\\\/juliana\\\/\",\"name\":\"Juliana Laviola\",\"image\":{\"@type\":\"ImageObject\",\"@id\":\"https:\\\/\\\/anoticiaonline.com.br\\\/site\\\/camara-vai-conceder-o-titulo-chico-mendes-a-personalidades-que-contribuem-para-a-preservacao-ambiental\\\/#authorImage\",\"url\":\"https:\\\/\\\/secure.gravatar.com\\\/avatar\\\/b8d45f5c699b100dfaf0e543582f38f38bf94cb7ae3a5e9abf8d891a34773335?s=96&d=mm&r=g\",\"width\":96,\"height\":96,\"caption\":\"Juliana Laviola\"}},{\"@type\":\"WebPage\",\"@id\":\"https:\\\/\\\/anoticiaonline.com.br\\\/site\\\/camara-vai-conceder-o-titulo-chico-mendes-a-personalidades-que-contribuem-para-a-preservacao-ambiental\\\/#webpage\",\"url\":\"https:\\\/\\\/anoticiaonline.com.br\\\/site\\\/camara-vai-conceder-o-titulo-chico-mendes-a-personalidades-que-contribuem-para-a-preservacao-ambiental\\\/\",\"name\":\"C\\u00e2mara vai conceder o t\\u00edtulo \\u201cChico Mendes\\u201d a personalidades que contribuem para a preserva\\u00e7\\u00e3o ambiental - A Not\\u00edcia Online\",\"description\":\"Dezoito pessoas ou institui\\u00e7\\u00f5es que tenham contribu\\u00eddo para a preserva\\u00e7\\u00e3o ambiental e pela conscientiza\\u00e7\\u00e3o ecol\\u00f3gica em Muria\\u00e9 ser\\u00e3o agraciadas com o T\\u00edtulo da Ordem \\u201cChico Mendes\\u201d, durante cerim\\u00f4nia a ser realizada no dia 6 de junho, no plen\\u00e1rio da Casa legislativa. Baseado na Lei 5.387\\\/2017, de autoria da vereadora Miriam Facchini, o t\\u00edtulo \\u00e9 concedido\",\"inLanguage\":\"pt-BR\",\"isPartOf\":{\"@id\":\"https:\\\/\\\/anoticiaonline.com.br\\\/site\\\/#website\"},\"breadcrumb\":{\"@id\":\"https:\\\/\\\/anoticiaonline.com.br\\\/site\\\/camara-vai-conceder-o-titulo-chico-mendes-a-personalidades-que-contribuem-para-a-preservacao-ambiental\\\/#breadcrumblist\"},\"author\":{\"@id\":\"https:\\\/\\\/anoticiaonline.com.br\\\/site\\\/author\\\/juliana\\\/#author\"},\"creator\":{\"@id\":\"https:\\\/\\\/anoticiaonline.com.br\\\/site\\\/author\\\/juliana\\\/#author\"},\"image\":{\"@type\":\"ImageObject\",\"url\":\"https:\\\/\\\/anoticiaonline.com.br\\\/site\\\/wp-content\\\/uploads\\\/2017\\\/05\\\/Vai-Acontecer1.jpg\",\"@id\":\"https:\\\/\\\/anoticiaonline.com.br\\\/site\\\/camara-vai-conceder-o-titulo-chico-mendes-a-personalidades-que-contribuem-para-a-preservacao-ambiental\\\/#mainImage\",\"width\":640,\"height\":512},\"primaryImageOfPage\":{\"@id\":\"https:\\\/\\\/anoticiaonline.com.br\\\/site\\\/camara-vai-conceder-o-titulo-chico-mendes-a-personalidades-que-contribuem-para-a-preservacao-ambiental\\\/#mainImage\"},\"datePublished\":\"2017-05-29T15:56:13-03:00\",\"dateModified\":\"2017-06-22T21:07:27-03:00\"},{\"@type\":\"WebSite\",\"@id\":\"https:\\\/\\\/anoticiaonline.com.br\\\/site\\\/#website\",\"url\":\"https:\\\/\\\/anoticiaonline.com.br\\\/site\\\/\",\"name\":\"A Not\\u00edcia Online\",\"description\":\"Noticias de Muria\\u00e9 e regi\\u00e3o\",\"inLanguage\":\"pt-BR\",\"publisher\":{\"@id\":\"https:\\\/\\\/anoticiaonline.com.br\\\/site\\\/#organization\"}}]}\n\t\t<\/script>\n\t\t<!-- All in One SEO -->\n\n","aioseo_head_json":{"title":"C\u00e2mara vai conceder o t\u00edtulo \u201cChico Mendes\u201d a personalidades que contribuem para a preserva\u00e7\u00e3o ambiental - A Not\u00edcia Online","description":"Dezoito pessoas ou institui\u00e7\u00f5es que tenham contribu\u00eddo para a preserva\u00e7\u00e3o ambiental e pela conscientiza\u00e7\u00e3o ecol\u00f3gica em Muria\u00e9 ser\u00e3o agraciadas com o T\u00edtulo da Ordem \u201cChico Mendes\u201d, durante cerim\u00f4nia a ser realizada no dia 6 de junho, no plen\u00e1rio da Casa legislativa. Baseado na Lei 5.387\/2017, de autoria da vereadora Miriam Facchini, o t\u00edtulo \u00e9 concedido","canonical_url":"https:\/\/anoticiaonline.com.br\/site\/camara-vai-conceder-o-titulo-chico-mendes-a-personalidades-que-contribuem-para-a-preservacao-ambiental\/","robots":"max-image-preview:large","keywords":"","webmasterTools":{"miscellaneous":""},"schema":{"@context":"https:\/\/schema.org","@graph":[{"@type":"BlogPosting","@id":"https:\/\/anoticiaonline.com.br\/site\/camara-vai-conceder-o-titulo-chico-mendes-a-personalidades-que-contribuem-para-a-preservacao-ambiental\/#blogposting","name":"C\u00e2mara vai conceder o t\u00edtulo \u201cChico Mendes\u201d a personalidades que contribuem para a preserva\u00e7\u00e3o ambiental - A Not\u00edcia Online","headline":"C\u00e2mara vai conceder o t\u00edtulo \u201cChico Mendes\u201d a personalidades que contribuem para a preserva\u00e7\u00e3o ambiental","author":{"@id":"https:\/\/anoticiaonline.com.br\/site\/author\/juliana\/#author"},"publisher":{"@id":"https:\/\/anoticiaonline.com.br\/site\/#organization"},"image":{"@type":"ImageObject","url":"https:\/\/anoticiaonline.com.br\/site\/wp-content\/uploads\/2017\/05\/Vai-Acontecer1.jpg","width":640,"height":512},"datePublished":"2017-05-29T15:56:13-03:00","dateModified":"2017-06-22T21:07:27-03:00","inLanguage":"pt-BR","mainEntityOfPage":{"@id":"https:\/\/anoticiaonline.com.br\/site\/camara-vai-conceder-o-titulo-chico-mendes-a-personalidades-que-contribuem-para-a-preservacao-ambiental\/#webpage"},"isPartOf":{"@id":"https:\/\/anoticiaonline.com.br\/site\/camara-vai-conceder-o-titulo-chico-mendes-a-personalidades-que-contribuem-para-a-preservacao-ambiental\/#webpage"},"articleSection":"Blog, C\u00e2mara Muria\u00e9, chico mendes, meio ambiente, slide"},{"@type":"BreadcrumbList","@id":"https:\/\/anoticiaonline.com.br\/site\/camara-vai-conceder-o-titulo-chico-mendes-a-personalidades-que-contribuem-para-a-preservacao-ambiental\/#breadcrumblist","itemListElement":[{"@type":"ListItem","@id":"https:\/\/anoticiaonline.com.br\/site#listItem","position":1,"name":"Home","item":"https:\/\/anoticiaonline.com.br\/site","nextItem":{"@type":"ListItem","@id":"https:\/\/anoticiaonline.com.br\/site\/categoria\/muriae\/#listItem","name":"Blog"}},{"@type":"ListItem","@id":"https:\/\/anoticiaonline.com.br\/site\/categoria\/muriae\/#listItem","position":2,"name":"Blog","item":"https:\/\/anoticiaonline.com.br\/site\/categoria\/muriae\/","nextItem":{"@type":"ListItem","@id":"https:\/\/anoticiaonline.com.br\/site\/camara-vai-conceder-o-titulo-chico-mendes-a-personalidades-que-contribuem-para-a-preservacao-ambiental\/#listItem","name":"C\u00e2mara vai conceder o t\u00edtulo \u201cChico Mendes\u201d a personalidades que contribuem para a preserva\u00e7\u00e3o ambiental"},"previousItem":{"@type":"ListItem","@id":"https:\/\/anoticiaonline.com.br\/site#listItem","name":"Home"}},{"@type":"ListItem","@id":"https:\/\/anoticiaonline.com.br\/site\/camara-vai-conceder-o-titulo-chico-mendes-a-personalidades-que-contribuem-para-a-preservacao-ambiental\/#listItem","position":3,"name":"C\u00e2mara vai conceder o t\u00edtulo \u201cChico Mendes\u201d a personalidades que contribuem para a preserva\u00e7\u00e3o ambiental","previousItem":{"@type":"ListItem","@id":"https:\/\/anoticiaonline.com.br\/site\/categoria\/muriae\/#listItem","name":"Blog"}}]},{"@type":"Organization","@id":"https:\/\/anoticiaonline.com.br\/site\/#organization","name":"A Not\u00edcia Online","description":"Noticias de Muria\u00e9 e regi\u00e3o","url":"https:\/\/anoticiaonline.com.br\/site\/","logo":{"@type":"ImageObject","url":"https:\/\/scontent-gig4-1.xx.fbcdn.net\/v\/t39.30808-1\/270437624_4564083193639691_6907940295614233970_n.jpg?stp=dst-jpg_s200x200_tt6&_nc_cat=111&ccb=1-7&_nc_sid=f907e8&_nc_ohc=SM1wRlP3lJwQ7kNvwEPuBYA&_nc_oc=AdnqrjDN_BNjSSHWO-GbkIWH6fkGMLw4bqvL_NH6e2wMveX7G-rP2dAqsDSq1mJMOaY&_nc_zt=24&_nc_ht=scontent-gig4-1.xx&_nc_gid=AoBFJeGrT1hVaew_6rchkQ&oh=00_AfX7QmFGhQhG2jAllVgXCiM1ZrWgvtp80-Bfppyexh1QEg&oe=689E923C","@id":"https:\/\/anoticiaonline.com.br\/site\/camara-vai-conceder-o-titulo-chico-mendes-a-personalidades-que-contribuem-para-a-preservacao-ambiental\/#organizationLogo"},"image":{"@id":"https:\/\/anoticiaonline.com.br\/site\/camara-vai-conceder-o-titulo-chico-mendes-a-personalidades-que-contribuem-para-a-preservacao-ambiental\/#organizationLogo"}},{"@type":"Person","@id":"https:\/\/anoticiaonline.com.br\/site\/author\/juliana\/#author","url":"https:\/\/anoticiaonline.com.br\/site\/author\/juliana\/","name":"Juliana Laviola","image":{"@type":"ImageObject","@id":"https:\/\/anoticiaonline.com.br\/site\/camara-vai-conceder-o-titulo-chico-mendes-a-personalidades-que-contribuem-para-a-preservacao-ambiental\/#authorImage","url":"https:\/\/secure.gravatar.com\/avatar\/b8d45f5c699b100dfaf0e543582f38f38bf94cb7ae3a5e9abf8d891a34773335?s=96&d=mm&r=g","width":96,"height":96,"caption":"Juliana Laviola"}},{"@type":"WebPage","@id":"https:\/\/anoticiaonline.com.br\/site\/camara-vai-conceder-o-titulo-chico-mendes-a-personalidades-que-contribuem-para-a-preservacao-ambiental\/#webpage","url":"https:\/\/anoticiaonline.com.br\/site\/camara-vai-conceder-o-titulo-chico-mendes-a-personalidades-que-contribuem-para-a-preservacao-ambiental\/","name":"C\u00e2mara vai conceder o t\u00edtulo \u201cChico Mendes\u201d a personalidades que contribuem para a preserva\u00e7\u00e3o ambiental - A Not\u00edcia Online","description":"Dezoito pessoas ou institui\u00e7\u00f5es que tenham contribu\u00eddo para a preserva\u00e7\u00e3o ambiental e pela conscientiza\u00e7\u00e3o ecol\u00f3gica em Muria\u00e9 ser\u00e3o agraciadas com o T\u00edtulo da Ordem \u201cChico Mendes\u201d, durante cerim\u00f4nia a ser realizada no dia 6 de junho, no plen\u00e1rio da Casa legislativa. Baseado na Lei 5.387\/2017, de autoria da vereadora Miriam Facchini, o t\u00edtulo \u00e9 concedido","inLanguage":"pt-BR","isPartOf":{"@id":"https:\/\/anoticiaonline.com.br\/site\/#website"},"breadcrumb":{"@id":"https:\/\/anoticiaonline.com.br\/site\/camara-vai-conceder-o-titulo-chico-mendes-a-personalidades-que-contribuem-para-a-preservacao-ambiental\/#breadcrumblist"},"author":{"@id":"https:\/\/anoticiaonline.com.br\/site\/author\/juliana\/#author"},"creator":{"@id":"https:\/\/anoticiaonline.com.br\/site\/author\/juliana\/#author"},"image":{"@type":"ImageObject","url":"https:\/\/anoticiaonline.com.br\/site\/wp-content\/uploads\/2017\/05\/Vai-Acontecer1.jpg","@id":"https:\/\/anoticiaonline.com.br\/site\/camara-vai-conceder-o-titulo-chico-mendes-a-personalidades-que-contribuem-para-a-preservacao-ambiental\/#mainImage","width":640,"height":512},"primaryImageOfPage":{"@id":"https:\/\/anoticiaonline.com.br\/site\/camara-vai-conceder-o-titulo-chico-mendes-a-personalidades-que-contribuem-para-a-preservacao-ambiental\/#mainImage"},"datePublished":"2017-05-29T15:56:13-03:00","dateModified":"2017-06-22T21:07:27-03:00"},{"@type":"WebSite","@id":"https:\/\/anoticiaonline.com.br\/site\/#website","url":"https:\/\/anoticiaonline.com.br\/site\/","name":"A Not\u00edcia Online","description":"Noticias de Muria\u00e9 e regi\u00e3o","inLanguage":"pt-BR","publisher":{"@id":"https:\/\/anoticiaonline.com.br\/site\/#organization"}}]},"og:locale":"pt_BR","og:site_name":"A Not\u00edcia Online - Noticias de Muria\u00e9 e regi\u00e3o","og:type":"article","og:title":"C\u00e2mara vai conceder o t\u00edtulo \u201cChico Mendes\u201d a personalidades que contribuem para a preserva\u00e7\u00e3o ambiental - A Not\u00edcia Online","og:description":"Dezoito pessoas ou institui\u00e7\u00f5es que tenham contribu\u00eddo para a preserva\u00e7\u00e3o ambiental e pela conscientiza\u00e7\u00e3o ecol\u00f3gica em Muria\u00e9 ser\u00e3o agraciadas com o T\u00edtulo da Ordem \u201cChico Mendes\u201d, durante cerim\u00f4nia a ser realizada no dia 6 de junho, no plen\u00e1rio da Casa legislativa. Baseado na Lei 5.387\/2017, de autoria da vereadora Miriam Facchini, o t\u00edtulo \u00e9 concedido","og:url":"https:\/\/anoticiaonline.com.br\/site\/camara-vai-conceder-o-titulo-chico-mendes-a-personalidades-que-contribuem-para-a-preservacao-ambiental\/","og:image":"https:\/\/scontent-gig4-1.xx.fbcdn.net\/v\/t39.30808-1\/270437624_4564083193639691_6907940295614233970_n.jpg?stp=dst-jpg_s200x200_tt6&#038;_nc_cat=111&#038;ccb=1-7&#038;_nc_sid=f907e8&#038;_nc_ohc=SM1wRlP3lJwQ7kNvwEPuBYA&#038;_nc_oc=AdnqrjDN_BNjSSHWO-GbkIWH6fkGMLw4bqvL_NH6e2wMveX7G-rP2dAqsDSq1mJMOaY&#038;_nc_zt=24&#038;_nc_ht=scontent-gig4-1.xx&#038;_nc_gid=AoBFJeGrT1hVaew_6rchkQ&#038;oh=00_AfX7QmFGhQhG2jAllVgXCiM1ZrWgvtp80-Bfppyexh1QEg&#038;oe=689E923C","og:image:secure_url":"https:\/\/scontent-gig4-1.xx.fbcdn.net\/v\/t39.30808-1\/270437624_4564083193639691_6907940295614233970_n.jpg?stp=dst-jpg_s200x200_tt6&#038;_nc_cat=111&#038;ccb=1-7&#038;_nc_sid=f907e8&#038;_nc_ohc=SM1wRlP3lJwQ7kNvwEPuBYA&#038;_nc_oc=AdnqrjDN_BNjSSHWO-GbkIWH6fkGMLw4bqvL_NH6e2wMveX7G-rP2dAqsDSq1mJMOaY&#038;_nc_zt=24&#038;_nc_ht=scontent-gig4-1.xx&#038;_nc_gid=AoBFJeGrT1hVaew_6rchkQ&#038;oh=00_AfX7QmFGhQhG2jAllVgXCiM1ZrWgvtp80-Bfppyexh1QEg&#038;oe=689E923C","article:published_time":"2017-05-29T18:56:13+00:00","article:modified_time":"2017-06-23T00:07:27+00:00","twitter:card":"summary_large_image","twitter:title":"C\u00e2mara vai conceder o t\u00edtulo \u201cChico Mendes\u201d a personalidades que contribuem para a preserva\u00e7\u00e3o ambiental - A Not\u00edcia Online","twitter:description":"Dezoito pessoas ou institui\u00e7\u00f5es que tenham contribu\u00eddo para a preserva\u00e7\u00e3o ambiental e pela conscientiza\u00e7\u00e3o ecol\u00f3gica em Muria\u00e9 ser\u00e3o agraciadas com o T\u00edtulo da Ordem \u201cChico Mendes\u201d, durante cerim\u00f4nia a ser realizada no dia 6 de junho, no plen\u00e1rio da Casa legislativa. Baseado na Lei 5.387\/2017, de autoria da vereadora Miriam Facchini, o t\u00edtulo \u00e9 concedido","twitter:image":"https:\/\/scontent-gig4-1.xx.fbcdn.net\/v\/t39.30808-1\/270437624_4564083193639691_6907940295614233970_n.jpg?stp=dst-jpg_s200x200_tt6&_nc_cat=111&ccb=1-7&_nc_sid=f907e8&_nc_ohc=SM1wRlP3lJwQ7kNvwEPuBYA&_nc_oc=AdnqrjDN_BNjSSHWO-GbkIWH6fkGMLw4bqvL_NH6e2wMveX7G-rP2dAqsDSq1mJMOaY&_nc_zt=24&_nc_ht=scontent-gig4-1.xx&_nc_gid=AoBFJeGrT1hVaew_6rchkQ&oh=00_AfX7QmFGhQhG2jAllVgXCiM1ZrWgvtp80-Bfppyexh1QEg&oe=689E923C"},"aioseo_meta_data":{"post_id":"30922","title":null,"description":null,"keywords":null,"keyphrases":null,"primary_term":null,"canonical_url":null,"og_title":null,"og_description":null,"og_object_type":"default","og_image_type":"default","og_image_url":null,"og_image_width":null,"og_image_height":null,"og_image_custom_url":null,"og_image_custom_fields":null,"og_video":null,"og_custom_url":null,"og_article_section":null,"og_article_tags":null,"twitter_use_og":false,"twitter_card":"default","twitter_image_type":"default","twitter_image_url":null,"twitter_image_custom_url":null,"twitter_image_custom_fields":null,"twitter_title":null,"twitter_description":null,"schema":{"blockGraphs":[],"customGraphs":[],"default":{"data":{"Article":[],"Course":[],"Dataset":[],"FAQPage":[],"Movie":[],"Person":[],"Product":[],"ProductReview":[],"Car":[],"Recipe":[],"Service":[],"SoftwareApplication":[],"WebPage":[]},"graphName":"","isEnabled":true},"graphs":[]},"schema_type":"default","schema_type_options":null,"pillar_content":false,"robots_default":true,"robots_noindex":false,"robots_noarchive":false,"robots_nosnippet":false,"robots_nofollow":false,"robots_noimageindex":false,"robots_noodp":false,"robots_notranslate":false,"robots_max_snippet":null,"robots_max_videopreview":null,"robots_max_imagepreview":"large","priority":null,"frequency":null,"local_seo":null,"breadcrumb_settings":null,"limit_modified_date":false,"ai":null,"created":"2025-08-16 18:28:20","updated":"2025-08-16 18:28:20","focus_keyword":null,"additional_keywords":null,"truseo_locale":null,"seo_analyzer_scan_date":null},"aioseo_breadcrumb":"<div class=\"aioseo-breadcrumbs\"><span class=\"aioseo-breadcrumb\">\n\t\t\t<a href=\"https:\/\/anoticiaonline.com.br\/site\" title=\"Home\">Home<\/a>\n\t\t<\/span><span class=\"aioseo-breadcrumb-separator\">&raquo;<\/span><span class=\"aioseo-breadcrumb\">\n\t\t\t<a href=\"https:\/\/anoticiaonline.com.br\/site\/categoria\/muriae\/\" title=\"Blog\">Blog<\/a>\n\t\t<\/span><span class=\"aioseo-breadcrumb-separator\">&raquo;<\/span><span class=\"aioseo-breadcrumb\">\n\t\t\tC\u00e2mara vai conceder o t\u00edtulo \u201cChico Mendes\u201d a personalidades que contribuem para a preserva\u00e7\u00e3o ambiental\n\t\t<\/span><\/div>","aioseo_breadcrumb_json":[{"label":"Home","link":"https:\/\/anoticiaonline.com.br\/site"},{"label":"Blog","link":"https:\/\/anoticiaonline.com.br\/site\/categoria\/muriae\/"},{"label":"C\u00e2mara vai conceder o t\u00edtulo \u201cChico Mendes\u201d a personalidades que contribuem para a preserva\u00e7\u00e3o ambiental","link":"https:\/\/anoticiaonline.com.br\/site\/camara-vai-conceder-o-titulo-chico-mendes-a-personalidades-que-contribuem-para-a-preservacao-ambiental\/"}],"views":104,"_links":{"self":[{"href":"https:\/\/anoticiaonline.com.br\/site\/wp-json\/wp\/v2\/posts\/30922","targetHints":{"allow":["GET"]}}],"collection":[{"href":"https:\/\/anoticiaonline.com.br\/site\/wp-json\/wp\/v2\/posts"}],"about":[{"href":"https:\/\/anoticiaonline.com.br\/site\/wp-json\/wp\/v2\/types\/post"}],"author":[{"embeddable":true,"href":"https:\/\/anoticiaonline.com.br\/site\/wp-json\/wp\/v2\/users\/2"}],"replies":[{"embeddable":true,"href":"https:\/\/anoticiaonline.com.br\/site\/wp-json\/wp\/v2\/comments?post=30922"}],"version-history":[{"count":0,"href":"https:\/\/anoticiaonline.com.br\/site\/wp-json\/wp\/v2\/posts\/30922\/revisions"}],"wp:featuredmedia":[{"embeddable":true,"href":"https:\/\/anoticiaonline.com.br\/site\/wp-json\/wp\/v2\/media\/30924"}],"wp:attachment":[{"href":"https:\/\/anoticiaonline.com.br\/site\/wp-json\/wp\/v2\/media?parent=30922"}],"wp:term":[{"taxonomy":"category","embeddable":true,"href":"https:\/\/anoticiaonline.com.br\/site\/wp-json\/wp\/v2\/categories?post=30922"},{"taxonomy":"post_tag","embeddable":true,"href":"https:\/\/anoticiaonline.com.br\/site\/wp-json\/wp\/v2\/tags?post=30922"}],"curies":[{"name":"wp","href":"https:\/\/api.w.org\/{rel}","templated":true}]}}