{"id":30919,"date":"2017-05-29T14:51:46","date_gmt":"2017-05-29T17:51:46","guid":{"rendered":"http:\/\/anoticiaonline.com.br\/site\/?p=30919"},"modified":"2017-06-22T20:07:00","modified_gmt":"2017-06-22T23:07:00","slug":"exercito-e-prefeitura-discutem-sobre-a-criacao-da-nova-sede-para-o-tiro-de-guerra","status":"publish","type":"post","link":"https:\/\/anoticiaonline.com.br\/site\/exercito-e-prefeitura-discutem-sobre-a-criacao-da-nova-sede-para-o-tiro-de-guerra\/","title":{"rendered":"Ex\u00e9rcito e Prefeitura discutem sobre a cria\u00e7\u00e3o da nova sede para o Tiro de Guerra"},"content":{"rendered":"<p><a href=\"https:\/\/anoticiaonline.com.br\/site\/wp-content\/uploads\/2017\/05\/Ex\u00e9rcito-e-Prefeitura-discutem-sobre-a-cria\u00e7\u00e3o-da-nova-sede-para-Tiro-de-Guerra.jpg\"><img fetchpriority=\"high\" decoding=\"async\" class=\" size-medium wp-image-30920 alignleft\" src=\"https:\/\/anoticiaonline.com.br\/site\/wp-content\/uploads\/2017\/05\/Ex\u00e9rcito-e-Prefeitura-discutem-sobre-a-cria\u00e7\u00e3o-da-nova-sede-para-Tiro-de-Guerra-300x200.jpg\" alt=\"Ex\u00e9rcito e Prefeitura discutem sobre a cria\u00e7\u00e3o da nova sede para Tiro de Guerra\" width=\"300\" height=\"200\" srcset=\"https:\/\/anoticiaonline.com.br\/site\/wp-content\/uploads\/2017\/05\/Ex\u00e9rcito-e-Prefeitura-discutem-sobre-a-cria\u00e7\u00e3o-da-nova-sede-para-Tiro-de-Guerra-300x200.jpg 300w, https:\/\/anoticiaonline.com.br\/site\/wp-content\/uploads\/2017\/05\/Ex\u00e9rcito-e-Prefeitura-discutem-sobre-a-cria\u00e7\u00e3o-da-nova-sede-para-Tiro-de-Guerra-290x192.jpg 290w, https:\/\/anoticiaonline.com.br\/site\/wp-content\/uploads\/2017\/05\/Ex\u00e9rcito-e-Prefeitura-discutem-sobre-a-cria\u00e7\u00e3o-da-nova-sede-para-Tiro-de-Guerra.jpg 640w\" sizes=\"(max-width: 300px) 100vw, 300px\" \/><\/a>Em reuni\u00e3o entre o general Floriano Peixoto Neto, representante do Ex\u00e9rcito Brasileiro e que j\u00e1 faz parte da reserva da For\u00e7a Armada, e o prefeito Grego, foi discutida a cria\u00e7\u00e3o de uma nova sede para o Tiro de Guerra 04-016, o qual atualmente funciona, de uma forma provis\u00f3ria, no Cefas, na Barra.<\/p>\n<p>O encontro aconteceu na \u00faltima quinta-feira (25), no gabinete do prefeito, e estiveram presentes tamb\u00e9m os instrutores do TG, subtenente Ednei Valle, e o sargento Marco Ant\u00f4nio da Cunha.<\/p>\n<p>Segundo o prefeito, a nova sede proporcionar\u00e1 um espa\u00e7o mais adequado ao treinamento dos jovens atiradores, e indicou um engenheiro da Secretaria de Obras P\u00fablicas para planejar os custos e verificar poss\u00edveis locais para a implanta\u00e7\u00e3o da nova estrutura.<\/p>\n<p>De acordo com a Prefeitura, a partir de ent\u00e3o, ser\u00e1 necess\u00e1rio criar um projeto de lei, que deve ser aprovado pela C\u00e2mara e sancionado pelo prefeito Grego. \u201cTer uma sede do Tiro de Guerra \u00e9 uma honra para n\u00f3s. Vamos tomar as devidas provid\u00eancias e buscar recursos junto aos nossos deputados, junto ao governo de Minas e ao governo federal. Queremos oferecer melhores condi\u00e7\u00f5es para os nossos jovens\u201d, afirma o prefeito.<\/p>\n<p>O TG de Muria\u00e9 \u00e9 o mais antigo de Minas Gerais em atividade, sendo criado em 26 de junho de 1946. Com 71 anos de atua\u00e7\u00e3o em Muria\u00e9, proporciona aos atiradores uma forma\u00e7\u00e3o c\u00edvica e militar, transmitindo valores como hierarquia, disciplina, patriotismo e no\u00e7\u00f5es de civismo e cidadania. O TG procura ainda oferecer oportunidades de cursos profissionalizantes com empresas parceiras da institui\u00e7\u00e3o, no intuito de capacitar os jovens atiradores para a inser\u00e7\u00e3o no mercado de trabalho.<\/p>\n","protected":false},"excerpt":{"rendered":"<p>Em reuni\u00e3o entre o general Floriano Peixoto Neto, representante do Ex\u00e9rcito Brasileiro e que j\u00e1 faz parte da reserva da For\u00e7a Armada, e o prefeito Grego, foi discutida a cria\u00e7\u00e3o de uma nova sede para o Tiro de Guerra 04-016, o qual atualmente funciona, de uma forma provis\u00f3ria, no Cefas, na Barra. O encontro aconteceu &#8230; <a title=\"Ex\u00e9rcito e Prefeitura discutem sobre a cria\u00e7\u00e3o da nova sede para o Tiro de Guerra\" class=\"read-more\" href=\"https:\/\/anoticiaonline.com.br\/site\/exercito-e-prefeitura-discutem-sobre-a-criacao-da-nova-sede-para-o-tiro-de-guerra\/\" aria-label=\"Read more about Ex\u00e9rcito e Prefeitura discutem sobre a cria\u00e7\u00e3o da nova sede para o Tiro de Guerra\">Ler mais<\/a><\/p>\n","protected":false},"author":2,"featured_media":30920,"comment_status":"open","ping_status":"open","sticky":false,"template":"","format":"standard","meta":{"_acf_changed":false,"_monsterinsights_skip_tracking":false,"footnotes":""},"categories":[30],"tags":[220,78,3,221],"class_list":["post-30919","post","type-post","status-publish","format-standard","has-post-thumbnail","hentry","category-muriae","tag-exercito","tag-prefeitura-muriae","tag-slide","tag-tiro-de-guerra"],"acf":[],"aioseo_notices":[],"aioseo_head":"\n\t\t<!-- All in One SEO 5.0.0.1 - aioseo.com -->\n\t<meta name=\"description\" content=\"Em reuni\u00e3o entre o general Floriano Peixoto Neto, representante do Ex\u00e9rcito Brasileiro e que j\u00e1 faz parte da reserva da For\u00e7a Armada, e o prefeito Grego, foi discutida a cria\u00e7\u00e3o de uma nova sede para o Tiro de Guerra 04-016, o qual atualmente funciona, de uma forma provis\u00f3ria, no Cefas, na Barra. O encontro aconteceu\" \/>\n\t<meta name=\"robots\" content=\"max-image-preview:large\" \/>\n\t<meta name=\"author\" content=\"Juliana Laviola\"\/>\n\t<link rel=\"canonical\" href=\"https:\/\/anoticiaonline.com.br\/site\/exercito-e-prefeitura-discutem-sobre-a-criacao-da-nova-sede-para-o-tiro-de-guerra\/\" \/>\n\t<meta name=\"generator\" content=\"All in One SEO (AIOSEO) 5.0.0.1\" \/>\n\t\t<meta property=\"og:locale\" content=\"pt_BR\" \/>\n\t\t<meta property=\"og:site_name\" content=\"A Not\u00edcia Online - Noticias de Muria\u00e9 e regi\u00e3o\" \/>\n\t\t<meta property=\"og:type\" content=\"article\" \/>\n\t\t<meta property=\"og:title\" content=\"Ex\u00e9rcito e Prefeitura discutem sobre a cria\u00e7\u00e3o da nova sede para o Tiro de Guerra - A Not\u00edcia Online\" \/>\n\t\t<meta property=\"og:description\" content=\"Em reuni\u00e3o entre o general Floriano Peixoto Neto, representante do Ex\u00e9rcito Brasileiro e que j\u00e1 faz parte da reserva da For\u00e7a Armada, e o prefeito Grego, foi discutida a cria\u00e7\u00e3o de uma nova sede para o Tiro de Guerra 04-016, o qual atualmente funciona, de uma forma provis\u00f3ria, no Cefas, na Barra. O encontro aconteceu\" \/>\n\t\t<meta property=\"og:url\" content=\"https:\/\/anoticiaonline.com.br\/site\/exercito-e-prefeitura-discutem-sobre-a-criacao-da-nova-sede-para-o-tiro-de-guerra\/\" \/>\n\t\t<meta property=\"og:image\" content=\"https:\/\/scontent-gig4-1.xx.fbcdn.net\/v\/t39.30808-1\/270437624_4564083193639691_6907940295614233970_n.jpg?stp=dst-jpg_s200x200_tt6&#038;_nc_cat=111&#038;ccb=1-7&#038;_nc_sid=f907e8&#038;_nc_ohc=SM1wRlP3lJwQ7kNvwEPuBYA&#038;_nc_oc=AdnqrjDN_BNjSSHWO-GbkIWH6fkGMLw4bqvL_NH6e2wMveX7G-rP2dAqsDSq1mJMOaY&#038;_nc_zt=24&#038;_nc_ht=scontent-gig4-1.xx&#038;_nc_gid=AoBFJeGrT1hVaew_6rchkQ&#038;oh=00_AfX7QmFGhQhG2jAllVgXCiM1ZrWgvtp80-Bfppyexh1QEg&#038;oe=689E923C\" \/>\n\t\t<meta property=\"og:image:secure_url\" content=\"https:\/\/scontent-gig4-1.xx.fbcdn.net\/v\/t39.30808-1\/270437624_4564083193639691_6907940295614233970_n.jpg?stp=dst-jpg_s200x200_tt6&#038;_nc_cat=111&#038;ccb=1-7&#038;_nc_sid=f907e8&#038;_nc_ohc=SM1wRlP3lJwQ7kNvwEPuBYA&#038;_nc_oc=AdnqrjDN_BNjSSHWO-GbkIWH6fkGMLw4bqvL_NH6e2wMveX7G-rP2dAqsDSq1mJMOaY&#038;_nc_zt=24&#038;_nc_ht=scontent-gig4-1.xx&#038;_nc_gid=AoBFJeGrT1hVaew_6rchkQ&#038;oh=00_AfX7QmFGhQhG2jAllVgXCiM1ZrWgvtp80-Bfppyexh1QEg&#038;oe=689E923C\" \/>\n\t\t<meta property=\"article:published_time\" content=\"2017-05-29T17:51:46+00:00\" \/>\n\t\t<meta property=\"article:modified_time\" content=\"2017-06-22T23:07:00+00:00\" \/>\n\t\t<meta name=\"twitter:card\" content=\"summary_large_image\" \/>\n\t\t<meta name=\"twitter:title\" content=\"Ex\u00e9rcito e Prefeitura discutem sobre a cria\u00e7\u00e3o da nova sede para o Tiro de Guerra - A Not\u00edcia Online\" \/>\n\t\t<meta name=\"twitter:description\" content=\"Em reuni\u00e3o entre o general Floriano Peixoto Neto, representante do Ex\u00e9rcito Brasileiro e que j\u00e1 faz parte da reserva da For\u00e7a Armada, e o prefeito Grego, foi discutida a cria\u00e7\u00e3o de uma nova sede para o Tiro de Guerra 04-016, o qual atualmente funciona, de uma forma provis\u00f3ria, no Cefas, na Barra. O encontro aconteceu\" \/>\n\t\t<meta name=\"twitter:image\" content=\"https:\/\/scontent-gig4-1.xx.fbcdn.net\/v\/t39.30808-1\/270437624_4564083193639691_6907940295614233970_n.jpg?stp=dst-jpg_s200x200_tt6&amp;_nc_cat=111&amp;ccb=1-7&amp;_nc_sid=f907e8&amp;_nc_ohc=SM1wRlP3lJwQ7kNvwEPuBYA&amp;_nc_oc=AdnqrjDN_BNjSSHWO-GbkIWH6fkGMLw4bqvL_NH6e2wMveX7G-rP2dAqsDSq1mJMOaY&amp;_nc_zt=24&amp;_nc_ht=scontent-gig4-1.xx&amp;_nc_gid=AoBFJeGrT1hVaew_6rchkQ&amp;oh=00_AfX7QmFGhQhG2jAllVgXCiM1ZrWgvtp80-Bfppyexh1QEg&amp;oe=689E923C\" \/>\n\t\t<script type=\"application\/ld+json\" class=\"aioseo-schema\">\n\t\t\t{\"@context\":\"https:\\\/\\\/schema.org\",\"@graph\":[{\"@type\":\"BlogPosting\",\"@id\":\"https:\\\/\\\/anoticiaonline.com.br\\\/site\\\/exercito-e-prefeitura-discutem-sobre-a-criacao-da-nova-sede-para-o-tiro-de-guerra\\\/#blogposting\",\"name\":\"Ex\\u00e9rcito e Prefeitura discutem sobre a cria\\u00e7\\u00e3o da nova sede para o Tiro de Guerra - A Not\\u00edcia Online\",\"headline\":\"Ex\\u00e9rcito e Prefeitura discutem sobre a cria\\u00e7\\u00e3o da nova sede para o Tiro de Guerra\",\"author\":{\"@id\":\"https:\\\/\\\/anoticiaonline.com.br\\\/site\\\/author\\\/juliana\\\/#author\"},\"publisher\":{\"@id\":\"https:\\\/\\\/anoticiaonline.com.br\\\/site\\\/#organization\"},\"image\":{\"@type\":\"ImageObject\",\"url\":\"https:\\\/\\\/anoticiaonline.com.br\\\/site\\\/wp-content\\\/uploads\\\/2017\\\/05\\\/Ex\\u00e9rcito-e-Prefeitura-discutem-sobre-a-cria\\u00e7\\u00e3o-da-nova-sede-para-Tiro-de-Guerra.jpg\",\"width\":640,\"height\":426},\"datePublished\":\"2017-05-29T14:51:46-03:00\",\"dateModified\":\"2017-06-22T20:07:00-03:00\",\"inLanguage\":\"pt-BR\",\"mainEntityOfPage\":{\"@id\":\"https:\\\/\\\/anoticiaonline.com.br\\\/site\\\/exercito-e-prefeitura-discutem-sobre-a-criacao-da-nova-sede-para-o-tiro-de-guerra\\\/#webpage\"},\"isPartOf\":{\"@id\":\"https:\\\/\\\/anoticiaonline.com.br\\\/site\\\/exercito-e-prefeitura-discutem-sobre-a-criacao-da-nova-sede-para-o-tiro-de-guerra\\\/#webpage\"},\"articleSection\":\"Blog, ex\\u00e9rcito, Prefeitura Muria\\u00e9, slide, tiro de guerra\"},{\"@type\":\"BreadcrumbList\",\"@id\":\"https:\\\/\\\/anoticiaonline.com.br\\\/site\\\/exercito-e-prefeitura-discutem-sobre-a-criacao-da-nova-sede-para-o-tiro-de-guerra\\\/#breadcrumblist\",\"itemListElement\":[{\"@type\":\"ListItem\",\"@id\":\"https:\\\/\\\/anoticiaonline.com.br\\\/site#listItem\",\"position\":1,\"name\":\"Home\",\"item\":\"https:\\\/\\\/anoticiaonline.com.br\\\/site\",\"nextItem\":{\"@type\":\"ListItem\",\"@id\":\"https:\\\/\\\/anoticiaonline.com.br\\\/site\\\/categoria\\\/muriae\\\/#listItem\",\"name\":\"Blog\"}},{\"@type\":\"ListItem\",\"@id\":\"https:\\\/\\\/anoticiaonline.com.br\\\/site\\\/categoria\\\/muriae\\\/#listItem\",\"position\":2,\"name\":\"Blog\",\"item\":\"https:\\\/\\\/anoticiaonline.com.br\\\/site\\\/categoria\\\/muriae\\\/\",\"nextItem\":{\"@type\":\"ListItem\",\"@id\":\"https:\\\/\\\/anoticiaonline.com.br\\\/site\\\/exercito-e-prefeitura-discutem-sobre-a-criacao-da-nova-sede-para-o-tiro-de-guerra\\\/#listItem\",\"name\":\"Ex\\u00e9rcito e Prefeitura discutem sobre a cria\\u00e7\\u00e3o da nova sede para o Tiro de Guerra\"},\"previousItem\":{\"@type\":\"ListItem\",\"@id\":\"https:\\\/\\\/anoticiaonline.com.br\\\/site#listItem\",\"name\":\"Home\"}},{\"@type\":\"ListItem\",\"@id\":\"https:\\\/\\\/anoticiaonline.com.br\\\/site\\\/exercito-e-prefeitura-discutem-sobre-a-criacao-da-nova-sede-para-o-tiro-de-guerra\\\/#listItem\",\"position\":3,\"name\":\"Ex\\u00e9rcito e Prefeitura discutem sobre a cria\\u00e7\\u00e3o da nova sede para o Tiro de Guerra\",\"previousItem\":{\"@type\":\"ListItem\",\"@id\":\"https:\\\/\\\/anoticiaonline.com.br\\\/site\\\/categoria\\\/muriae\\\/#listItem\",\"name\":\"Blog\"}}]},{\"@type\":\"Organization\",\"@id\":\"https:\\\/\\\/anoticiaonline.com.br\\\/site\\\/#organization\",\"name\":\"A Not\\u00edcia Online\",\"description\":\"Noticias de Muria\\u00e9 e regi\\u00e3o\",\"url\":\"https:\\\/\\\/anoticiaonline.com.br\\\/site\\\/\",\"logo\":{\"@type\":\"ImageObject\",\"url\":\"https:\\\/\\\/scontent-gig4-1.xx.fbcdn.net\\\/v\\\/t39.30808-1\\\/270437624_4564083193639691_6907940295614233970_n.jpg?stp=dst-jpg_s200x200_tt6&_nc_cat=111&ccb=1-7&_nc_sid=f907e8&_nc_ohc=SM1wRlP3lJwQ7kNvwEPuBYA&_nc_oc=AdnqrjDN_BNjSSHWO-GbkIWH6fkGMLw4bqvL_NH6e2wMveX7G-rP2dAqsDSq1mJMOaY&_nc_zt=24&_nc_ht=scontent-gig4-1.xx&_nc_gid=AoBFJeGrT1hVaew_6rchkQ&oh=00_AfX7QmFGhQhG2jAllVgXCiM1ZrWgvtp80-Bfppyexh1QEg&oe=689E923C\",\"@id\":\"https:\\\/\\\/anoticiaonline.com.br\\\/site\\\/exercito-e-prefeitura-discutem-sobre-a-criacao-da-nova-sede-para-o-tiro-de-guerra\\\/#organizationLogo\"},\"image\":{\"@id\":\"https:\\\/\\\/anoticiaonline.com.br\\\/site\\\/exercito-e-prefeitura-discutem-sobre-a-criacao-da-nova-sede-para-o-tiro-de-guerra\\\/#organizationLogo\"}},{\"@type\":\"Person\",\"@id\":\"https:\\\/\\\/anoticiaonline.com.br\\\/site\\\/author\\\/juliana\\\/#author\",\"url\":\"https:\\\/\\\/anoticiaonline.com.br\\\/site\\\/author\\\/juliana\\\/\",\"name\":\"Juliana Laviola\",\"image\":{\"@type\":\"ImageObject\",\"@id\":\"https:\\\/\\\/anoticiaonline.com.br\\\/site\\\/exercito-e-prefeitura-discutem-sobre-a-criacao-da-nova-sede-para-o-tiro-de-guerra\\\/#authorImage\",\"url\":\"https:\\\/\\\/secure.gravatar.com\\\/avatar\\\/b8d45f5c699b100dfaf0e543582f38f38bf94cb7ae3a5e9abf8d891a34773335?s=96&d=mm&r=g\",\"width\":96,\"height\":96,\"caption\":\"Juliana Laviola\"}},{\"@type\":\"WebPage\",\"@id\":\"https:\\\/\\\/anoticiaonline.com.br\\\/site\\\/exercito-e-prefeitura-discutem-sobre-a-criacao-da-nova-sede-para-o-tiro-de-guerra\\\/#webpage\",\"url\":\"https:\\\/\\\/anoticiaonline.com.br\\\/site\\\/exercito-e-prefeitura-discutem-sobre-a-criacao-da-nova-sede-para-o-tiro-de-guerra\\\/\",\"name\":\"Ex\\u00e9rcito e Prefeitura discutem sobre a cria\\u00e7\\u00e3o da nova sede para o Tiro de Guerra - A Not\\u00edcia Online\",\"description\":\"Em reuni\\u00e3o entre o general Floriano Peixoto Neto, representante do Ex\\u00e9rcito Brasileiro e que j\\u00e1 faz parte da reserva da For\\u00e7a Armada, e o prefeito Grego, foi discutida a cria\\u00e7\\u00e3o de uma nova sede para o Tiro de Guerra 04-016, o qual atualmente funciona, de uma forma provis\\u00f3ria, no Cefas, na Barra. O encontro aconteceu\",\"inLanguage\":\"pt-BR\",\"isPartOf\":{\"@id\":\"https:\\\/\\\/anoticiaonline.com.br\\\/site\\\/#website\"},\"breadcrumb\":{\"@id\":\"https:\\\/\\\/anoticiaonline.com.br\\\/site\\\/exercito-e-prefeitura-discutem-sobre-a-criacao-da-nova-sede-para-o-tiro-de-guerra\\\/#breadcrumblist\"},\"author\":{\"@id\":\"https:\\\/\\\/anoticiaonline.com.br\\\/site\\\/author\\\/juliana\\\/#author\"},\"creator\":{\"@id\":\"https:\\\/\\\/anoticiaonline.com.br\\\/site\\\/author\\\/juliana\\\/#author\"},\"image\":{\"@type\":\"ImageObject\",\"url\":\"https:\\\/\\\/anoticiaonline.com.br\\\/site\\\/wp-content\\\/uploads\\\/2017\\\/05\\\/Ex\\u00e9rcito-e-Prefeitura-discutem-sobre-a-cria\\u00e7\\u00e3o-da-nova-sede-para-Tiro-de-Guerra.jpg\",\"@id\":\"https:\\\/\\\/anoticiaonline.com.br\\\/site\\\/exercito-e-prefeitura-discutem-sobre-a-criacao-da-nova-sede-para-o-tiro-de-guerra\\\/#mainImage\",\"width\":640,\"height\":426},\"primaryImageOfPage\":{\"@id\":\"https:\\\/\\\/anoticiaonline.com.br\\\/site\\\/exercito-e-prefeitura-discutem-sobre-a-criacao-da-nova-sede-para-o-tiro-de-guerra\\\/#mainImage\"},\"datePublished\":\"2017-05-29T14:51:46-03:00\",\"dateModified\":\"2017-06-22T20:07:00-03:00\"},{\"@type\":\"WebSite\",\"@id\":\"https:\\\/\\\/anoticiaonline.com.br\\\/site\\\/#website\",\"url\":\"https:\\\/\\\/anoticiaonline.com.br\\\/site\\\/\",\"name\":\"A Not\\u00edcia Online\",\"description\":\"Noticias de Muria\\u00e9 e regi\\u00e3o\",\"inLanguage\":\"pt-BR\",\"publisher\":{\"@id\":\"https:\\\/\\\/anoticiaonline.com.br\\\/site\\\/#organization\"}}]}\n\t\t<\/script>\n\t\t<!-- All in One SEO -->\n\n","aioseo_head_json":{"title":"Ex\u00e9rcito e Prefeitura discutem sobre a cria\u00e7\u00e3o da nova sede para o Tiro de Guerra - A Not\u00edcia Online","description":"Em reuni\u00e3o entre o general Floriano Peixoto Neto, representante do Ex\u00e9rcito Brasileiro e que j\u00e1 faz parte da reserva da For\u00e7a Armada, e o prefeito Grego, foi discutida a cria\u00e7\u00e3o de uma nova sede para o Tiro de Guerra 04-016, o qual atualmente funciona, de uma forma provis\u00f3ria, no Cefas, na Barra. O encontro aconteceu","canonical_url":"https:\/\/anoticiaonline.com.br\/site\/exercito-e-prefeitura-discutem-sobre-a-criacao-da-nova-sede-para-o-tiro-de-guerra\/","robots":"max-image-preview:large","keywords":"","webmasterTools":{"miscellaneous":""},"schema":{"@context":"https:\/\/schema.org","@graph":[{"@type":"BlogPosting","@id":"https:\/\/anoticiaonline.com.br\/site\/exercito-e-prefeitura-discutem-sobre-a-criacao-da-nova-sede-para-o-tiro-de-guerra\/#blogposting","name":"Ex\u00e9rcito e Prefeitura discutem sobre a cria\u00e7\u00e3o da nova sede para o Tiro de Guerra - A Not\u00edcia Online","headline":"Ex\u00e9rcito e Prefeitura discutem sobre a cria\u00e7\u00e3o da nova sede para o Tiro de Guerra","author":{"@id":"https:\/\/anoticiaonline.com.br\/site\/author\/juliana\/#author"},"publisher":{"@id":"https:\/\/anoticiaonline.com.br\/site\/#organization"},"image":{"@type":"ImageObject","url":"https:\/\/anoticiaonline.com.br\/site\/wp-content\/uploads\/2017\/05\/Ex\u00e9rcito-e-Prefeitura-discutem-sobre-a-cria\u00e7\u00e3o-da-nova-sede-para-Tiro-de-Guerra.jpg","width":640,"height":426},"datePublished":"2017-05-29T14:51:46-03:00","dateModified":"2017-06-22T20:07:00-03:00","inLanguage":"pt-BR","mainEntityOfPage":{"@id":"https:\/\/anoticiaonline.com.br\/site\/exercito-e-prefeitura-discutem-sobre-a-criacao-da-nova-sede-para-o-tiro-de-guerra\/#webpage"},"isPartOf":{"@id":"https:\/\/anoticiaonline.com.br\/site\/exercito-e-prefeitura-discutem-sobre-a-criacao-da-nova-sede-para-o-tiro-de-guerra\/#webpage"},"articleSection":"Blog, ex\u00e9rcito, Prefeitura Muria\u00e9, slide, tiro de guerra"},{"@type":"BreadcrumbList","@id":"https:\/\/anoticiaonline.com.br\/site\/exercito-e-prefeitura-discutem-sobre-a-criacao-da-nova-sede-para-o-tiro-de-guerra\/#breadcrumblist","itemListElement":[{"@type":"ListItem","@id":"https:\/\/anoticiaonline.com.br\/site#listItem","position":1,"name":"Home","item":"https:\/\/anoticiaonline.com.br\/site","nextItem":{"@type":"ListItem","@id":"https:\/\/anoticiaonline.com.br\/site\/categoria\/muriae\/#listItem","name":"Blog"}},{"@type":"ListItem","@id":"https:\/\/anoticiaonline.com.br\/site\/categoria\/muriae\/#listItem","position":2,"name":"Blog","item":"https:\/\/anoticiaonline.com.br\/site\/categoria\/muriae\/","nextItem":{"@type":"ListItem","@id":"https:\/\/anoticiaonline.com.br\/site\/exercito-e-prefeitura-discutem-sobre-a-criacao-da-nova-sede-para-o-tiro-de-guerra\/#listItem","name":"Ex\u00e9rcito e Prefeitura discutem sobre a cria\u00e7\u00e3o da nova sede para o Tiro de Guerra"},"previousItem":{"@type":"ListItem","@id":"https:\/\/anoticiaonline.com.br\/site#listItem","name":"Home"}},{"@type":"ListItem","@id":"https:\/\/anoticiaonline.com.br\/site\/exercito-e-prefeitura-discutem-sobre-a-criacao-da-nova-sede-para-o-tiro-de-guerra\/#listItem","position":3,"name":"Ex\u00e9rcito e Prefeitura discutem sobre a cria\u00e7\u00e3o da nova sede para o Tiro de Guerra","previousItem":{"@type":"ListItem","@id":"https:\/\/anoticiaonline.com.br\/site\/categoria\/muriae\/#listItem","name":"Blog"}}]},{"@type":"Organization","@id":"https:\/\/anoticiaonline.com.br\/site\/#organization","name":"A Not\u00edcia Online","description":"Noticias de Muria\u00e9 e regi\u00e3o","url":"https:\/\/anoticiaonline.com.br\/site\/","logo":{"@type":"ImageObject","url":"https:\/\/scontent-gig4-1.xx.fbcdn.net\/v\/t39.30808-1\/270437624_4564083193639691_6907940295614233970_n.jpg?stp=dst-jpg_s200x200_tt6&_nc_cat=111&ccb=1-7&_nc_sid=f907e8&_nc_ohc=SM1wRlP3lJwQ7kNvwEPuBYA&_nc_oc=AdnqrjDN_BNjSSHWO-GbkIWH6fkGMLw4bqvL_NH6e2wMveX7G-rP2dAqsDSq1mJMOaY&_nc_zt=24&_nc_ht=scontent-gig4-1.xx&_nc_gid=AoBFJeGrT1hVaew_6rchkQ&oh=00_AfX7QmFGhQhG2jAllVgXCiM1ZrWgvtp80-Bfppyexh1QEg&oe=689E923C","@id":"https:\/\/anoticiaonline.com.br\/site\/exercito-e-prefeitura-discutem-sobre-a-criacao-da-nova-sede-para-o-tiro-de-guerra\/#organizationLogo"},"image":{"@id":"https:\/\/anoticiaonline.com.br\/site\/exercito-e-prefeitura-discutem-sobre-a-criacao-da-nova-sede-para-o-tiro-de-guerra\/#organizationLogo"}},{"@type":"Person","@id":"https:\/\/anoticiaonline.com.br\/site\/author\/juliana\/#author","url":"https:\/\/anoticiaonline.com.br\/site\/author\/juliana\/","name":"Juliana Laviola","image":{"@type":"ImageObject","@id":"https:\/\/anoticiaonline.com.br\/site\/exercito-e-prefeitura-discutem-sobre-a-criacao-da-nova-sede-para-o-tiro-de-guerra\/#authorImage","url":"https:\/\/secure.gravatar.com\/avatar\/b8d45f5c699b100dfaf0e543582f38f38bf94cb7ae3a5e9abf8d891a34773335?s=96&d=mm&r=g","width":96,"height":96,"caption":"Juliana Laviola"}},{"@type":"WebPage","@id":"https:\/\/anoticiaonline.com.br\/site\/exercito-e-prefeitura-discutem-sobre-a-criacao-da-nova-sede-para-o-tiro-de-guerra\/#webpage","url":"https:\/\/anoticiaonline.com.br\/site\/exercito-e-prefeitura-discutem-sobre-a-criacao-da-nova-sede-para-o-tiro-de-guerra\/","name":"Ex\u00e9rcito e Prefeitura discutem sobre a cria\u00e7\u00e3o da nova sede para o Tiro de Guerra - A Not\u00edcia Online","description":"Em reuni\u00e3o entre o general Floriano Peixoto Neto, representante do Ex\u00e9rcito Brasileiro e que j\u00e1 faz parte da reserva da For\u00e7a Armada, e o prefeito Grego, foi discutida a cria\u00e7\u00e3o de uma nova sede para o Tiro de Guerra 04-016, o qual atualmente funciona, de uma forma provis\u00f3ria, no Cefas, na Barra. O encontro aconteceu","inLanguage":"pt-BR","isPartOf":{"@id":"https:\/\/anoticiaonline.com.br\/site\/#website"},"breadcrumb":{"@id":"https:\/\/anoticiaonline.com.br\/site\/exercito-e-prefeitura-discutem-sobre-a-criacao-da-nova-sede-para-o-tiro-de-guerra\/#breadcrumblist"},"author":{"@id":"https:\/\/anoticiaonline.com.br\/site\/author\/juliana\/#author"},"creator":{"@id":"https:\/\/anoticiaonline.com.br\/site\/author\/juliana\/#author"},"image":{"@type":"ImageObject","url":"https:\/\/anoticiaonline.com.br\/site\/wp-content\/uploads\/2017\/05\/Ex\u00e9rcito-e-Prefeitura-discutem-sobre-a-cria\u00e7\u00e3o-da-nova-sede-para-Tiro-de-Guerra.jpg","@id":"https:\/\/anoticiaonline.com.br\/site\/exercito-e-prefeitura-discutem-sobre-a-criacao-da-nova-sede-para-o-tiro-de-guerra\/#mainImage","width":640,"height":426},"primaryImageOfPage":{"@id":"https:\/\/anoticiaonline.com.br\/site\/exercito-e-prefeitura-discutem-sobre-a-criacao-da-nova-sede-para-o-tiro-de-guerra\/#mainImage"},"datePublished":"2017-05-29T14:51:46-03:00","dateModified":"2017-06-22T20:07:00-03:00"},{"@type":"WebSite","@id":"https:\/\/anoticiaonline.com.br\/site\/#website","url":"https:\/\/anoticiaonline.com.br\/site\/","name":"A Not\u00edcia Online","description":"Noticias de Muria\u00e9 e regi\u00e3o","inLanguage":"pt-BR","publisher":{"@id":"https:\/\/anoticiaonline.com.br\/site\/#organization"}}]},"og:locale":"pt_BR","og:site_name":"A Not\u00edcia Online - Noticias de Muria\u00e9 e regi\u00e3o","og:type":"article","og:title":"Ex\u00e9rcito e Prefeitura discutem sobre a cria\u00e7\u00e3o da nova sede para o Tiro de Guerra - A Not\u00edcia Online","og:description":"Em reuni\u00e3o entre o general Floriano Peixoto Neto, representante do Ex\u00e9rcito Brasileiro e que j\u00e1 faz parte da reserva da For\u00e7a Armada, e o prefeito Grego, foi discutida a cria\u00e7\u00e3o de uma nova sede para o Tiro de Guerra 04-016, o qual atualmente funciona, de uma forma provis\u00f3ria, no Cefas, na Barra. O encontro aconteceu","og:url":"https:\/\/anoticiaonline.com.br\/site\/exercito-e-prefeitura-discutem-sobre-a-criacao-da-nova-sede-para-o-tiro-de-guerra\/","og:image":"https:\/\/scontent-gig4-1.xx.fbcdn.net\/v\/t39.30808-1\/270437624_4564083193639691_6907940295614233970_n.jpg?stp=dst-jpg_s200x200_tt6&#038;_nc_cat=111&#038;ccb=1-7&#038;_nc_sid=f907e8&#038;_nc_ohc=SM1wRlP3lJwQ7kNvwEPuBYA&#038;_nc_oc=AdnqrjDN_BNjSSHWO-GbkIWH6fkGMLw4bqvL_NH6e2wMveX7G-rP2dAqsDSq1mJMOaY&#038;_nc_zt=24&#038;_nc_ht=scontent-gig4-1.xx&#038;_nc_gid=AoBFJeGrT1hVaew_6rchkQ&#038;oh=00_AfX7QmFGhQhG2jAllVgXCiM1ZrWgvtp80-Bfppyexh1QEg&#038;oe=689E923C","og:image:secure_url":"https:\/\/scontent-gig4-1.xx.fbcdn.net\/v\/t39.30808-1\/270437624_4564083193639691_6907940295614233970_n.jpg?stp=dst-jpg_s200x200_tt6&#038;_nc_cat=111&#038;ccb=1-7&#038;_nc_sid=f907e8&#038;_nc_ohc=SM1wRlP3lJwQ7kNvwEPuBYA&#038;_nc_oc=AdnqrjDN_BNjSSHWO-GbkIWH6fkGMLw4bqvL_NH6e2wMveX7G-rP2dAqsDSq1mJMOaY&#038;_nc_zt=24&#038;_nc_ht=scontent-gig4-1.xx&#038;_nc_gid=AoBFJeGrT1hVaew_6rchkQ&#038;oh=00_AfX7QmFGhQhG2jAllVgXCiM1ZrWgvtp80-Bfppyexh1QEg&#038;oe=689E923C","article:published_time":"2017-05-29T17:51:46+00:00","article:modified_time":"2017-06-22T23:07:00+00:00","twitter:card":"summary_large_image","twitter:title":"Ex\u00e9rcito e Prefeitura discutem sobre a cria\u00e7\u00e3o da nova sede para o Tiro de Guerra - A Not\u00edcia Online","twitter:description":"Em reuni\u00e3o entre o general Floriano Peixoto Neto, representante do Ex\u00e9rcito Brasileiro e que j\u00e1 faz parte da reserva da For\u00e7a Armada, e o prefeito Grego, foi discutida a cria\u00e7\u00e3o de uma nova sede para o Tiro de Guerra 04-016, o qual atualmente funciona, de uma forma provis\u00f3ria, no Cefas, na Barra. O encontro aconteceu","twitter:image":"https:\/\/scontent-gig4-1.xx.fbcdn.net\/v\/t39.30808-1\/270437624_4564083193639691_6907940295614233970_n.jpg?stp=dst-jpg_s200x200_tt6&_nc_cat=111&ccb=1-7&_nc_sid=f907e8&_nc_ohc=SM1wRlP3lJwQ7kNvwEPuBYA&_nc_oc=AdnqrjDN_BNjSSHWO-GbkIWH6fkGMLw4bqvL_NH6e2wMveX7G-rP2dAqsDSq1mJMOaY&_nc_zt=24&_nc_ht=scontent-gig4-1.xx&_nc_gid=AoBFJeGrT1hVaew_6rchkQ&oh=00_AfX7QmFGhQhG2jAllVgXCiM1ZrWgvtp80-Bfppyexh1QEg&oe=689E923C"},"aioseo_meta_data":{"post_id":"30919","title":null,"description":null,"keywords":null,"keyphrases":null,"primary_term":null,"canonical_url":null,"og_title":null,"og_description":null,"og_object_type":"default","og_image_type":"default","og_image_url":null,"og_image_width":null,"og_image_height":null,"og_image_custom_url":null,"og_image_custom_fields":null,"og_video":null,"og_custom_url":null,"og_article_section":null,"og_article_tags":null,"twitter_use_og":false,"twitter_card":"default","twitter_image_type":"default","twitter_image_url":null,"twitter_image_custom_url":null,"twitter_image_custom_fields":null,"twitter_title":null,"twitter_description":null,"schema":{"blockGraphs":[],"customGraphs":[],"default":{"data":{"Article":[],"Course":[],"Dataset":[],"FAQPage":[],"Movie":[],"Person":[],"Product":[],"ProductReview":[],"Car":[],"Recipe":[],"Service":[],"SoftwareApplication":[],"WebPage":[]},"graphName":"","isEnabled":true},"graphs":[]},"schema_type":"default","schema_type_options":null,"pillar_content":false,"robots_default":true,"robots_noindex":false,"robots_noarchive":false,"robots_nosnippet":false,"robots_nofollow":false,"robots_noimageindex":false,"robots_noodp":false,"robots_notranslate":false,"robots_max_snippet":null,"robots_max_videopreview":null,"robots_max_imagepreview":"large","priority":null,"frequency":null,"local_seo":null,"breadcrumb_settings":null,"limit_modified_date":false,"ai":null,"created":"2025-08-16 18:28:20","updated":"2025-08-16 18:28:20","focus_keyword":null,"additional_keywords":null,"truseo_locale":null,"seo_analyzer_scan_date":null},"aioseo_breadcrumb":"<div class=\"aioseo-breadcrumbs\"><span class=\"aioseo-breadcrumb\">\n\t\t\t<a href=\"https:\/\/anoticiaonline.com.br\/site\" title=\"Home\">Home<\/a>\n\t\t<\/span><span class=\"aioseo-breadcrumb-separator\">&raquo;<\/span><span class=\"aioseo-breadcrumb\">\n\t\t\t<a href=\"https:\/\/anoticiaonline.com.br\/site\/categoria\/muriae\/\" title=\"Blog\">Blog<\/a>\n\t\t<\/span><span class=\"aioseo-breadcrumb-separator\">&raquo;<\/span><span class=\"aioseo-breadcrumb\">\n\t\t\tEx\u00e9rcito e Prefeitura discutem sobre a cria\u00e7\u00e3o da nova sede para o Tiro de Guerra\n\t\t<\/span><\/div>","aioseo_breadcrumb_json":[{"label":"Home","link":"https:\/\/anoticiaonline.com.br\/site"},{"label":"Blog","link":"https:\/\/anoticiaonline.com.br\/site\/categoria\/muriae\/"},{"label":"Ex\u00e9rcito e Prefeitura discutem sobre a cria\u00e7\u00e3o da nova sede para o Tiro de Guerra","link":"https:\/\/anoticiaonline.com.br\/site\/exercito-e-prefeitura-discutem-sobre-a-criacao-da-nova-sede-para-o-tiro-de-guerra\/"}],"views":138,"_links":{"self":[{"href":"https:\/\/anoticiaonline.com.br\/site\/wp-json\/wp\/v2\/posts\/30919","targetHints":{"allow":["GET"]}}],"collection":[{"href":"https:\/\/anoticiaonline.com.br\/site\/wp-json\/wp\/v2\/posts"}],"about":[{"href":"https:\/\/anoticiaonline.com.br\/site\/wp-json\/wp\/v2\/types\/post"}],"author":[{"embeddable":true,"href":"https:\/\/anoticiaonline.com.br\/site\/wp-json\/wp\/v2\/users\/2"}],"replies":[{"embeddable":true,"href":"https:\/\/anoticiaonline.com.br\/site\/wp-json\/wp\/v2\/comments?post=30919"}],"version-history":[{"count":0,"href":"https:\/\/anoticiaonline.com.br\/site\/wp-json\/wp\/v2\/posts\/30919\/revisions"}],"wp:featuredmedia":[{"embeddable":true,"href":"https:\/\/anoticiaonline.com.br\/site\/wp-json\/wp\/v2\/media\/30920"}],"wp:attachment":[{"href":"https:\/\/anoticiaonline.com.br\/site\/wp-json\/wp\/v2\/media?parent=30919"}],"wp:term":[{"taxonomy":"category","embeddable":true,"href":"https:\/\/anoticiaonline.com.br\/site\/wp-json\/wp\/v2\/categories?post=30919"},{"taxonomy":"post_tag","embeddable":true,"href":"https:\/\/anoticiaonline.com.br\/site\/wp-json\/wp\/v2\/tags?post=30919"}],"curies":[{"name":"wp","href":"https:\/\/api.w.org\/{rel}","templated":true}]}}