{"id":30917,"date":"2017-05-29T10:32:37","date_gmt":"2017-05-29T13:32:37","guid":{"rendered":"http:\/\/anoticiaonline.com.br\/site\/?p=30917"},"modified":"2017-05-29T10:32:37","modified_gmt":"2017-05-29T13:32:37","slug":"os-tristemente-celebres-raciocinios-na-historia-da-metafisica","status":"publish","type":"post","link":"https:\/\/anoticiaonline.com.br\/site\/os-tristemente-celebres-raciocinios-na-historia-da-metafisica\/","title":{"rendered":"Os tristemente c\u00e9lebres racioc\u00ednios na hist\u00f3ria da metaf\u00edsica"},"content":{"rendered":"<p><strong>Sigamos as coisas que contribuem para a paz e para a edifica\u00e7\u00e3o<\/strong><\/p>\n<p><em>\u201cTenho ainda de calar-me no que concerne a certas quest\u00f5es.\u201d &#8211; Galileu <\/em><\/p>\n<p>Galileu estava repetindo uma frase que Jesus, ao Seu tempo dissera : \u201cainda tenho muito que vos dizer, mas v\u00f3s n\u00e3o o podeis suportar agora\u201d. A diferen\u00e7a b\u00e1sica entre um e outro conceito \u00e9 que Jesus se expressou por senso de oportunidade e Galileu por humildade.<\/p>\n<p>Se em todas as situa\u00e7\u00f5es da vida, mormente no trato das quest\u00f5es metaf\u00edsicas, mescl\u00e1ssemos o senso de oportunidade com a humildade, jamais construir\u00edamos racioc\u00ednios inadequados e nunca nos atolar\u00edamos nos p\u00e2ntanos da inconsequ\u00eancia e tampouco nos intricados d\u00e9dalos do de\u00edsmo ou do fatalismo.<\/p>\n<p>Tantas e ap\u00f3crifas elabora\u00e7\u00f5es mentais existem acerca de tantos assuntos que nada representam para o nosso progresso espiritual que, \u00e0s vezes, nos perguntamos o porqu\u00ea de tanta dispers\u00e3o e perda de tempo!&#8230; O que existe por a\u00ed em nome da especula\u00e7\u00e3o leviana acerca da origem das coisas, da ess\u00eancia de Deus e quejandos, n\u00e3o d\u00e1 para acreditar. Isso, sem falar em in\u00fameros assuntos pol\u00eamicos onde as partes litigantes \u2013 apaixonadamente \u2013 desgastam-se em atritos in\u00fateis, enquanto o trabalho da Seara de Jesus fica \u00e0 espera dos leg\u00edtimos e abnegados trabalhadores do Bem.<\/p>\n<p>Parece que a Terra transformou-se em um arraial de \u201cvirgens loucas\u201d.<\/p>\n<p>O senso de oportunidade e a humildade poder\u00e3o contribuir de forma muito positiva em nosso aprendizado. Por exemplo: seria bom saber, como Maria, irm\u00e3 de L\u00e1zaro, escolheu a \u201cparte boa\u201d; e tantas outras criaturas que se deixaram mimetizar pelos alcandorados ensinos do Mestre Maior. O bom e adequado uso do livre-arb\u00edtrio n\u00e3o foi revogado. Unidos em torno do ideal do crescimento espiritual, tornaremos nossa viagem evolutiva mais produtiva e agrad\u00e1vel, vez que n\u00e3o estaremos nos emaranhando nos cipoais dos ourop\u00e9is terrestre em detrimento da conquista dos tesouros dos C\u00e9us.<\/p>\n<p>O Mundo Espiritual, ao mesmo tempo nosso ponto de partida e destino, cumpre sua destina\u00e7\u00e3o conforme as augustas prescri\u00e7\u00f5es do Senhor da Vida.\u00a0 E n\u00f3s, aqui, no Mundo dos \u201cvivos\u201d?\u00a0\u00a0 Estaremos seguindo as prescri\u00e7\u00f5es de Deus trazidas por Jesus?\u00a0 Olhando \u00e0 nossa volta fica dif\u00edcil acreditar que estamos&#8230;<\/p>\n<p>Os tempos s\u00e3o chegados! Os Esp\u00edritos Amigos nos avisam: o machado est\u00e1 posto \u00e0 raiz e, toda \u00e1rvore que n\u00e3o produz frutos ser\u00e1 derrubada e queimada. Portanto, os esp\u00edritas devemos nos irmanar para que a obra seja conclu\u00edda em tempo h\u00e1bil. N\u00e3o se pode mais perder tempo com ciz\u00e2nias pueris e muito menos com as \u201cconquistas\u201d subalternas. Concentremo-nos na \u201cparte boa\u201d e sigamos em frente, no rumo de nossa gloriosa destina\u00e7\u00e3o. Permitamos que a p\u00e1tina dos s\u00e9culos cubra a esteira de nossa ignor\u00e2ncia.\u00a0 Faz-se urgente colocar a m\u00e3o na charrua e n\u00e3o olhar para tr\u00e1s!<\/p>\n<p>Segundo o nobre Esp\u00edrito Andr\u00e9 Luiz , (&#8230;)\u201cem injun\u00e7\u00e3o alguma consideremos ultrapassadas ou rid\u00edculas as pr\u00e1ticas religiosas naturais do Espiritismo, como: meditar, orar ou pregar. A Doutrina Esp\u00edrita \u00e9 uma s\u00f3 em todas as circunst\u00e2ncias\u201d.<\/p>\n<p>N\u00e3o podemos olvidar a meiga e oportuna advert\u00eancia de Jesus: \u201cvigiai e orai\u201d.<\/p>\n<p>Por fim, atendamos ao conselho do inolvid\u00e1vel e singular ap\u00f3stolo dos Gentios, que \u2013 inspiradamente \u2013 escreveu aos romanos : \u201csigamos, pois, as coisas que contribuem para a paz e para a edifica\u00e7\u00e3o de uns para com os outros\u201d.<\/p>\n","protected":false},"excerpt":{"rendered":"<p>Sigamos as coisas que contribuem para a paz e para a edifica\u00e7\u00e3o \u201cTenho ainda de calar-me no que concerne a certas quest\u00f5es.\u201d &#8211; Galileu Galileu estava repetindo uma frase que Jesus, ao Seu tempo dissera : \u201cainda tenho muito que vos dizer, mas v\u00f3s n\u00e3o o podeis suportar agora\u201d. A diferen\u00e7a b\u00e1sica entre um e &#8230; <a title=\"Os tristemente c\u00e9lebres racioc\u00ednios na hist\u00f3ria da metaf\u00edsica\" class=\"read-more\" href=\"https:\/\/anoticiaonline.com.br\/site\/os-tristemente-celebres-raciocinios-na-historia-da-metafisica\/\" aria-label=\"Read more about Os tristemente c\u00e9lebres racioc\u00ednios na hist\u00f3ria da metaf\u00edsica\">Ler mais<\/a><\/p>\n","protected":false},"author":2,"featured_media":0,"comment_status":"open","ping_status":"open","sticky":false,"template":"","format":"standard","meta":{"_acf_changed":false,"_monsterinsights_skip_tracking":false,"footnotes":""},"categories":[44],"tags":[],"class_list":["post-30917","post","type-post","status-publish","format-standard","hentry","category-espiritismo-em-foco-de-rogerio-coelho"],"acf":[],"aioseo_notices":[],"aioseo_head":"\n\t\t<!-- All in One SEO 5.0.0.1 - aioseo.com -->\n\t<meta name=\"description\" content=\"Sigamos as coisas que contribuem para a paz e para a edifica\u00e7\u00e3o \u201cTenho ainda de calar-me no que concerne a certas quest\u00f5es.\u201d - Galileu Galileu estava repetindo uma frase que Jesus, ao Seu tempo dissera : \u201cainda tenho muito que vos dizer, mas v\u00f3s n\u00e3o o podeis suportar agora\u201d. A diferen\u00e7a b\u00e1sica entre um e\" \/>\n\t<meta name=\"robots\" content=\"max-image-preview:large\" \/>\n\t<meta name=\"author\" content=\"Juliana Laviola\"\/>\n\t<link rel=\"canonical\" href=\"https:\/\/anoticiaonline.com.br\/site\/os-tristemente-celebres-raciocinios-na-historia-da-metafisica\/\" \/>\n\t<meta name=\"generator\" content=\"All in One SEO (AIOSEO) 5.0.0.1\" \/>\n\t\t<meta property=\"og:locale\" content=\"pt_BR\" \/>\n\t\t<meta property=\"og:site_name\" content=\"A Not\u00edcia Online - Noticias de Muria\u00e9 e regi\u00e3o\" \/>\n\t\t<meta property=\"og:type\" content=\"article\" \/>\n\t\t<meta property=\"og:title\" content=\"Os tristemente c\u00e9lebres racioc\u00ednios na hist\u00f3ria da metaf\u00edsica - A Not\u00edcia Online\" \/>\n\t\t<meta property=\"og:description\" content=\"Sigamos as coisas que contribuem para a paz e para a edifica\u00e7\u00e3o \u201cTenho ainda de calar-me no que concerne a certas quest\u00f5es.\u201d - Galileu Galileu estava repetindo uma frase que Jesus, ao Seu tempo dissera : \u201cainda tenho muito que vos dizer, mas v\u00f3s n\u00e3o o podeis suportar agora\u201d. A diferen\u00e7a b\u00e1sica entre um e\" \/>\n\t\t<meta property=\"og:url\" content=\"https:\/\/anoticiaonline.com.br\/site\/os-tristemente-celebres-raciocinios-na-historia-da-metafisica\/\" \/>\n\t\t<meta property=\"og:image\" content=\"https:\/\/scontent-gig4-1.xx.fbcdn.net\/v\/t39.30808-1\/270437624_4564083193639691_6907940295614233970_n.jpg?stp=dst-jpg_s200x200_tt6&#038;_nc_cat=111&#038;ccb=1-7&#038;_nc_sid=f907e8&#038;_nc_ohc=SM1wRlP3lJwQ7kNvwEPuBYA&#038;_nc_oc=AdnqrjDN_BNjSSHWO-GbkIWH6fkGMLw4bqvL_NH6e2wMveX7G-rP2dAqsDSq1mJMOaY&#038;_nc_zt=24&#038;_nc_ht=scontent-gig4-1.xx&#038;_nc_gid=AoBFJeGrT1hVaew_6rchkQ&#038;oh=00_AfX7QmFGhQhG2jAllVgXCiM1ZrWgvtp80-Bfppyexh1QEg&#038;oe=689E923C\" \/>\n\t\t<meta property=\"og:image:secure_url\" content=\"https:\/\/scontent-gig4-1.xx.fbcdn.net\/v\/t39.30808-1\/270437624_4564083193639691_6907940295614233970_n.jpg?stp=dst-jpg_s200x200_tt6&#038;_nc_cat=111&#038;ccb=1-7&#038;_nc_sid=f907e8&#038;_nc_ohc=SM1wRlP3lJwQ7kNvwEPuBYA&#038;_nc_oc=AdnqrjDN_BNjSSHWO-GbkIWH6fkGMLw4bqvL_NH6e2wMveX7G-rP2dAqsDSq1mJMOaY&#038;_nc_zt=24&#038;_nc_ht=scontent-gig4-1.xx&#038;_nc_gid=AoBFJeGrT1hVaew_6rchkQ&#038;oh=00_AfX7QmFGhQhG2jAllVgXCiM1ZrWgvtp80-Bfppyexh1QEg&#038;oe=689E923C\" \/>\n\t\t<meta property=\"article:published_time\" content=\"2017-05-29T13:32:37+00:00\" \/>\n\t\t<meta property=\"article:modified_time\" content=\"2017-05-29T13:32:37+00:00\" \/>\n\t\t<meta name=\"twitter:card\" content=\"summary_large_image\" \/>\n\t\t<meta name=\"twitter:title\" content=\"Os tristemente c\u00e9lebres racioc\u00ednios na hist\u00f3ria da metaf\u00edsica - A Not\u00edcia Online\" \/>\n\t\t<meta name=\"twitter:description\" content=\"Sigamos as coisas que contribuem para a paz e para a edifica\u00e7\u00e3o \u201cTenho ainda de calar-me no que concerne a certas quest\u00f5es.\u201d - Galileu Galileu estava repetindo uma frase que Jesus, ao Seu tempo dissera : \u201cainda tenho muito que vos dizer, mas v\u00f3s n\u00e3o o podeis suportar agora\u201d. A diferen\u00e7a b\u00e1sica entre um e\" \/>\n\t\t<meta name=\"twitter:image\" content=\"https:\/\/scontent-gig4-1.xx.fbcdn.net\/v\/t39.30808-1\/270437624_4564083193639691_6907940295614233970_n.jpg?stp=dst-jpg_s200x200_tt6&amp;_nc_cat=111&amp;ccb=1-7&amp;_nc_sid=f907e8&amp;_nc_ohc=SM1wRlP3lJwQ7kNvwEPuBYA&amp;_nc_oc=AdnqrjDN_BNjSSHWO-GbkIWH6fkGMLw4bqvL_NH6e2wMveX7G-rP2dAqsDSq1mJMOaY&amp;_nc_zt=24&amp;_nc_ht=scontent-gig4-1.xx&amp;_nc_gid=AoBFJeGrT1hVaew_6rchkQ&amp;oh=00_AfX7QmFGhQhG2jAllVgXCiM1ZrWgvtp80-Bfppyexh1QEg&amp;oe=689E923C\" \/>\n\t\t<script type=\"application\/ld+json\" class=\"aioseo-schema\">\n\t\t\t{\"@context\":\"https:\\\/\\\/schema.org\",\"@graph\":[{\"@type\":\"BlogPosting\",\"@id\":\"https:\\\/\\\/anoticiaonline.com.br\\\/site\\\/os-tristemente-celebres-raciocinios-na-historia-da-metafisica\\\/#blogposting\",\"name\":\"Os tristemente c\\u00e9lebres racioc\\u00ednios na hist\\u00f3ria da metaf\\u00edsica - A Not\\u00edcia Online\",\"headline\":\"Os tristemente c\\u00e9lebres racioc\\u00ednios na hist\\u00f3ria da metaf\\u00edsica\",\"author\":{\"@id\":\"https:\\\/\\\/anoticiaonline.com.br\\\/site\\\/author\\\/juliana\\\/#author\"},\"publisher\":{\"@id\":\"https:\\\/\\\/anoticiaonline.com.br\\\/site\\\/#organization\"},\"image\":{\"@type\":\"ImageObject\",\"url\":\"https:\\\/\\\/scontent-gig4-1.xx.fbcdn.net\\\/v\\\/t39.30808-1\\\/270437624_4564083193639691_6907940295614233970_n.jpg?stp=dst-jpg_s200x200_tt6&_nc_cat=111&ccb=1-7&_nc_sid=f907e8&_nc_ohc=SM1wRlP3lJwQ7kNvwEPuBYA&_nc_oc=AdnqrjDN_BNjSSHWO-GbkIWH6fkGMLw4bqvL_NH6e2wMveX7G-rP2dAqsDSq1mJMOaY&_nc_zt=24&_nc_ht=scontent-gig4-1.xx&_nc_gid=AoBFJeGrT1hVaew_6rchkQ&oh=00_AfX7QmFGhQhG2jAllVgXCiM1ZrWgvtp80-Bfppyexh1QEg&oe=689E923C\",\"@id\":\"https:\\\/\\\/anoticiaonline.com.br\\\/site\\\/#articleImage\"},\"datePublished\":\"2017-05-29T10:32:37-03:00\",\"dateModified\":\"2017-05-29T10:32:37-03:00\",\"inLanguage\":\"pt-BR\",\"mainEntityOfPage\":{\"@id\":\"https:\\\/\\\/anoticiaonline.com.br\\\/site\\\/os-tristemente-celebres-raciocinios-na-historia-da-metafisica\\\/#webpage\"},\"isPartOf\":{\"@id\":\"https:\\\/\\\/anoticiaonline.com.br\\\/site\\\/os-tristemente-celebres-raciocinios-na-historia-da-metafisica\\\/#webpage\"},\"articleSection\":\"Espiritismo em Foco, por Rog\\u00e9rio Coelho\"},{\"@type\":\"BreadcrumbList\",\"@id\":\"https:\\\/\\\/anoticiaonline.com.br\\\/site\\\/os-tristemente-celebres-raciocinios-na-historia-da-metafisica\\\/#breadcrumblist\",\"itemListElement\":[{\"@type\":\"ListItem\",\"@id\":\"https:\\\/\\\/anoticiaonline.com.br\\\/site#listItem\",\"position\":1,\"name\":\"Home\",\"item\":\"https:\\\/\\\/anoticiaonline.com.br\\\/site\",\"nextItem\":{\"@type\":\"ListItem\",\"@id\":\"https:\\\/\\\/anoticiaonline.com.br\\\/site\\\/categoria\\\/colunistas\\\/#listItem\",\"name\":\"Colunistas\"}},{\"@type\":\"ListItem\",\"@id\":\"https:\\\/\\\/anoticiaonline.com.br\\\/site\\\/categoria\\\/colunistas\\\/#listItem\",\"position\":2,\"name\":\"Colunistas\",\"item\":\"https:\\\/\\\/anoticiaonline.com.br\\\/site\\\/categoria\\\/colunistas\\\/\",\"nextItem\":{\"@type\":\"ListItem\",\"@id\":\"https:\\\/\\\/anoticiaonline.com.br\\\/site\\\/categoria\\\/colunistas\\\/espiritismo-em-foco-de-rogerio-coelho\\\/#listItem\",\"name\":\"Espiritismo em Foco, por Rog\\u00e9rio Coelho\"},\"previousItem\":{\"@type\":\"ListItem\",\"@id\":\"https:\\\/\\\/anoticiaonline.com.br\\\/site#listItem\",\"name\":\"Home\"}},{\"@type\":\"ListItem\",\"@id\":\"https:\\\/\\\/anoticiaonline.com.br\\\/site\\\/categoria\\\/colunistas\\\/espiritismo-em-foco-de-rogerio-coelho\\\/#listItem\",\"position\":3,\"name\":\"Espiritismo em Foco, por Rog\\u00e9rio Coelho\",\"item\":\"https:\\\/\\\/anoticiaonline.com.br\\\/site\\\/categoria\\\/colunistas\\\/espiritismo-em-foco-de-rogerio-coelho\\\/\",\"nextItem\":{\"@type\":\"ListItem\",\"@id\":\"https:\\\/\\\/anoticiaonline.com.br\\\/site\\\/os-tristemente-celebres-raciocinios-na-historia-da-metafisica\\\/#listItem\",\"name\":\"Os tristemente c\\u00e9lebres racioc\\u00ednios na hist\\u00f3ria da metaf\\u00edsica\"},\"previousItem\":{\"@type\":\"ListItem\",\"@id\":\"https:\\\/\\\/anoticiaonline.com.br\\\/site\\\/categoria\\\/colunistas\\\/#listItem\",\"name\":\"Colunistas\"}},{\"@type\":\"ListItem\",\"@id\":\"https:\\\/\\\/anoticiaonline.com.br\\\/site\\\/os-tristemente-celebres-raciocinios-na-historia-da-metafisica\\\/#listItem\",\"position\":4,\"name\":\"Os tristemente c\\u00e9lebres racioc\\u00ednios na hist\\u00f3ria da metaf\\u00edsica\",\"previousItem\":{\"@type\":\"ListItem\",\"@id\":\"https:\\\/\\\/anoticiaonline.com.br\\\/site\\\/categoria\\\/colunistas\\\/espiritismo-em-foco-de-rogerio-coelho\\\/#listItem\",\"name\":\"Espiritismo em Foco, por Rog\\u00e9rio Coelho\"}}]},{\"@type\":\"Organization\",\"@id\":\"https:\\\/\\\/anoticiaonline.com.br\\\/site\\\/#organization\",\"name\":\"A Not\\u00edcia Online\",\"description\":\"Noticias de Muria\\u00e9 e regi\\u00e3o\",\"url\":\"https:\\\/\\\/anoticiaonline.com.br\\\/site\\\/\",\"logo\":{\"@type\":\"ImageObject\",\"url\":\"https:\\\/\\\/scontent-gig4-1.xx.fbcdn.net\\\/v\\\/t39.30808-1\\\/270437624_4564083193639691_6907940295614233970_n.jpg?stp=dst-jpg_s200x200_tt6&_nc_cat=111&ccb=1-7&_nc_sid=f907e8&_nc_ohc=SM1wRlP3lJwQ7kNvwEPuBYA&_nc_oc=AdnqrjDN_BNjSSHWO-GbkIWH6fkGMLw4bqvL_NH6e2wMveX7G-rP2dAqsDSq1mJMOaY&_nc_zt=24&_nc_ht=scontent-gig4-1.xx&_nc_gid=AoBFJeGrT1hVaew_6rchkQ&oh=00_AfX7QmFGhQhG2jAllVgXCiM1ZrWgvtp80-Bfppyexh1QEg&oe=689E923C\",\"@id\":\"https:\\\/\\\/anoticiaonline.com.br\\\/site\\\/os-tristemente-celebres-raciocinios-na-historia-da-metafisica\\\/#organizationLogo\"},\"image\":{\"@id\":\"https:\\\/\\\/anoticiaonline.com.br\\\/site\\\/os-tristemente-celebres-raciocinios-na-historia-da-metafisica\\\/#organizationLogo\"}},{\"@type\":\"Person\",\"@id\":\"https:\\\/\\\/anoticiaonline.com.br\\\/site\\\/author\\\/juliana\\\/#author\",\"url\":\"https:\\\/\\\/anoticiaonline.com.br\\\/site\\\/author\\\/juliana\\\/\",\"name\":\"Juliana Laviola\",\"image\":{\"@type\":\"ImageObject\",\"@id\":\"https:\\\/\\\/anoticiaonline.com.br\\\/site\\\/os-tristemente-celebres-raciocinios-na-historia-da-metafisica\\\/#authorImage\",\"url\":\"https:\\\/\\\/secure.gravatar.com\\\/avatar\\\/b8d45f5c699b100dfaf0e543582f38f38bf94cb7ae3a5e9abf8d891a34773335?s=96&d=mm&r=g\",\"width\":96,\"height\":96,\"caption\":\"Juliana Laviola\"}},{\"@type\":\"WebPage\",\"@id\":\"https:\\\/\\\/anoticiaonline.com.br\\\/site\\\/os-tristemente-celebres-raciocinios-na-historia-da-metafisica\\\/#webpage\",\"url\":\"https:\\\/\\\/anoticiaonline.com.br\\\/site\\\/os-tristemente-celebres-raciocinios-na-historia-da-metafisica\\\/\",\"name\":\"Os tristemente c\\u00e9lebres racioc\\u00ednios na hist\\u00f3ria da metaf\\u00edsica - A Not\\u00edcia Online\",\"description\":\"Sigamos as coisas que contribuem para a paz e para a edifica\\u00e7\\u00e3o \\u201cTenho ainda de calar-me no que concerne a certas quest\\u00f5es.\\u201d - Galileu Galileu estava repetindo uma frase que Jesus, ao Seu tempo dissera : \\u201cainda tenho muito que vos dizer, mas v\\u00f3s n\\u00e3o o podeis suportar agora\\u201d. A diferen\\u00e7a b\\u00e1sica entre um e\",\"inLanguage\":\"pt-BR\",\"isPartOf\":{\"@id\":\"https:\\\/\\\/anoticiaonline.com.br\\\/site\\\/#website\"},\"breadcrumb\":{\"@id\":\"https:\\\/\\\/anoticiaonline.com.br\\\/site\\\/os-tristemente-celebres-raciocinios-na-historia-da-metafisica\\\/#breadcrumblist\"},\"author\":{\"@id\":\"https:\\\/\\\/anoticiaonline.com.br\\\/site\\\/author\\\/juliana\\\/#author\"},\"creator\":{\"@id\":\"https:\\\/\\\/anoticiaonline.com.br\\\/site\\\/author\\\/juliana\\\/#author\"},\"datePublished\":\"2017-05-29T10:32:37-03:00\",\"dateModified\":\"2017-05-29T10:32:37-03:00\"},{\"@type\":\"WebSite\",\"@id\":\"https:\\\/\\\/anoticiaonline.com.br\\\/site\\\/#website\",\"url\":\"https:\\\/\\\/anoticiaonline.com.br\\\/site\\\/\",\"name\":\"A Not\\u00edcia Online\",\"description\":\"Noticias de Muria\\u00e9 e regi\\u00e3o\",\"inLanguage\":\"pt-BR\",\"publisher\":{\"@id\":\"https:\\\/\\\/anoticiaonline.com.br\\\/site\\\/#organization\"}}]}\n\t\t<\/script>\n\t\t<!-- All in One SEO -->\n\n","aioseo_head_json":{"title":"Os tristemente c\u00e9lebres racioc\u00ednios na hist\u00f3ria da metaf\u00edsica - A Not\u00edcia Online","description":"Sigamos as coisas que contribuem para a paz e para a edifica\u00e7\u00e3o \u201cTenho ainda de calar-me no que concerne a certas quest\u00f5es.\u201d - Galileu Galileu estava repetindo uma frase que Jesus, ao Seu tempo dissera : \u201cainda tenho muito que vos dizer, mas v\u00f3s n\u00e3o o podeis suportar agora\u201d. A diferen\u00e7a b\u00e1sica entre um e","canonical_url":"https:\/\/anoticiaonline.com.br\/site\/os-tristemente-celebres-raciocinios-na-historia-da-metafisica\/","robots":"max-image-preview:large","keywords":"","webmasterTools":{"miscellaneous":""},"schema":{"@context":"https:\/\/schema.org","@graph":[{"@type":"BlogPosting","@id":"https:\/\/anoticiaonline.com.br\/site\/os-tristemente-celebres-raciocinios-na-historia-da-metafisica\/#blogposting","name":"Os tristemente c\u00e9lebres racioc\u00ednios na hist\u00f3ria da metaf\u00edsica - A Not\u00edcia Online","headline":"Os tristemente c\u00e9lebres racioc\u00ednios na hist\u00f3ria da metaf\u00edsica","author":{"@id":"https:\/\/anoticiaonline.com.br\/site\/author\/juliana\/#author"},"publisher":{"@id":"https:\/\/anoticiaonline.com.br\/site\/#organization"},"image":{"@type":"ImageObject","url":"https:\/\/scontent-gig4-1.xx.fbcdn.net\/v\/t39.30808-1\/270437624_4564083193639691_6907940295614233970_n.jpg?stp=dst-jpg_s200x200_tt6&_nc_cat=111&ccb=1-7&_nc_sid=f907e8&_nc_ohc=SM1wRlP3lJwQ7kNvwEPuBYA&_nc_oc=AdnqrjDN_BNjSSHWO-GbkIWH6fkGMLw4bqvL_NH6e2wMveX7G-rP2dAqsDSq1mJMOaY&_nc_zt=24&_nc_ht=scontent-gig4-1.xx&_nc_gid=AoBFJeGrT1hVaew_6rchkQ&oh=00_AfX7QmFGhQhG2jAllVgXCiM1ZrWgvtp80-Bfppyexh1QEg&oe=689E923C","@id":"https:\/\/anoticiaonline.com.br\/site\/#articleImage"},"datePublished":"2017-05-29T10:32:37-03:00","dateModified":"2017-05-29T10:32:37-03:00","inLanguage":"pt-BR","mainEntityOfPage":{"@id":"https:\/\/anoticiaonline.com.br\/site\/os-tristemente-celebres-raciocinios-na-historia-da-metafisica\/#webpage"},"isPartOf":{"@id":"https:\/\/anoticiaonline.com.br\/site\/os-tristemente-celebres-raciocinios-na-historia-da-metafisica\/#webpage"},"articleSection":"Espiritismo em Foco, por Rog\u00e9rio Coelho"},{"@type":"BreadcrumbList","@id":"https:\/\/anoticiaonline.com.br\/site\/os-tristemente-celebres-raciocinios-na-historia-da-metafisica\/#breadcrumblist","itemListElement":[{"@type":"ListItem","@id":"https:\/\/anoticiaonline.com.br\/site#listItem","position":1,"name":"Home","item":"https:\/\/anoticiaonline.com.br\/site","nextItem":{"@type":"ListItem","@id":"https:\/\/anoticiaonline.com.br\/site\/categoria\/colunistas\/#listItem","name":"Colunistas"}},{"@type":"ListItem","@id":"https:\/\/anoticiaonline.com.br\/site\/categoria\/colunistas\/#listItem","position":2,"name":"Colunistas","item":"https:\/\/anoticiaonline.com.br\/site\/categoria\/colunistas\/","nextItem":{"@type":"ListItem","@id":"https:\/\/anoticiaonline.com.br\/site\/categoria\/colunistas\/espiritismo-em-foco-de-rogerio-coelho\/#listItem","name":"Espiritismo em Foco, por Rog\u00e9rio Coelho"},"previousItem":{"@type":"ListItem","@id":"https:\/\/anoticiaonline.com.br\/site#listItem","name":"Home"}},{"@type":"ListItem","@id":"https:\/\/anoticiaonline.com.br\/site\/categoria\/colunistas\/espiritismo-em-foco-de-rogerio-coelho\/#listItem","position":3,"name":"Espiritismo em Foco, por Rog\u00e9rio Coelho","item":"https:\/\/anoticiaonline.com.br\/site\/categoria\/colunistas\/espiritismo-em-foco-de-rogerio-coelho\/","nextItem":{"@type":"ListItem","@id":"https:\/\/anoticiaonline.com.br\/site\/os-tristemente-celebres-raciocinios-na-historia-da-metafisica\/#listItem","name":"Os tristemente c\u00e9lebres racioc\u00ednios na hist\u00f3ria da metaf\u00edsica"},"previousItem":{"@type":"ListItem","@id":"https:\/\/anoticiaonline.com.br\/site\/categoria\/colunistas\/#listItem","name":"Colunistas"}},{"@type":"ListItem","@id":"https:\/\/anoticiaonline.com.br\/site\/os-tristemente-celebres-raciocinios-na-historia-da-metafisica\/#listItem","position":4,"name":"Os tristemente c\u00e9lebres racioc\u00ednios na hist\u00f3ria da metaf\u00edsica","previousItem":{"@type":"ListItem","@id":"https:\/\/anoticiaonline.com.br\/site\/categoria\/colunistas\/espiritismo-em-foco-de-rogerio-coelho\/#listItem","name":"Espiritismo em Foco, por Rog\u00e9rio Coelho"}}]},{"@type":"Organization","@id":"https:\/\/anoticiaonline.com.br\/site\/#organization","name":"A Not\u00edcia Online","description":"Noticias de Muria\u00e9 e regi\u00e3o","url":"https:\/\/anoticiaonline.com.br\/site\/","logo":{"@type":"ImageObject","url":"https:\/\/scontent-gig4-1.xx.fbcdn.net\/v\/t39.30808-1\/270437624_4564083193639691_6907940295614233970_n.jpg?stp=dst-jpg_s200x200_tt6&_nc_cat=111&ccb=1-7&_nc_sid=f907e8&_nc_ohc=SM1wRlP3lJwQ7kNvwEPuBYA&_nc_oc=AdnqrjDN_BNjSSHWO-GbkIWH6fkGMLw4bqvL_NH6e2wMveX7G-rP2dAqsDSq1mJMOaY&_nc_zt=24&_nc_ht=scontent-gig4-1.xx&_nc_gid=AoBFJeGrT1hVaew_6rchkQ&oh=00_AfX7QmFGhQhG2jAllVgXCiM1ZrWgvtp80-Bfppyexh1QEg&oe=689E923C","@id":"https:\/\/anoticiaonline.com.br\/site\/os-tristemente-celebres-raciocinios-na-historia-da-metafisica\/#organizationLogo"},"image":{"@id":"https:\/\/anoticiaonline.com.br\/site\/os-tristemente-celebres-raciocinios-na-historia-da-metafisica\/#organizationLogo"}},{"@type":"Person","@id":"https:\/\/anoticiaonline.com.br\/site\/author\/juliana\/#author","url":"https:\/\/anoticiaonline.com.br\/site\/author\/juliana\/","name":"Juliana Laviola","image":{"@type":"ImageObject","@id":"https:\/\/anoticiaonline.com.br\/site\/os-tristemente-celebres-raciocinios-na-historia-da-metafisica\/#authorImage","url":"https:\/\/secure.gravatar.com\/avatar\/b8d45f5c699b100dfaf0e543582f38f38bf94cb7ae3a5e9abf8d891a34773335?s=96&d=mm&r=g","width":96,"height":96,"caption":"Juliana Laviola"}},{"@type":"WebPage","@id":"https:\/\/anoticiaonline.com.br\/site\/os-tristemente-celebres-raciocinios-na-historia-da-metafisica\/#webpage","url":"https:\/\/anoticiaonline.com.br\/site\/os-tristemente-celebres-raciocinios-na-historia-da-metafisica\/","name":"Os tristemente c\u00e9lebres racioc\u00ednios na hist\u00f3ria da metaf\u00edsica - A Not\u00edcia Online","description":"Sigamos as coisas que contribuem para a paz e para a edifica\u00e7\u00e3o \u201cTenho ainda de calar-me no que concerne a certas quest\u00f5es.\u201d - Galileu Galileu estava repetindo uma frase que Jesus, ao Seu tempo dissera : \u201cainda tenho muito que vos dizer, mas v\u00f3s n\u00e3o o podeis suportar agora\u201d. A diferen\u00e7a b\u00e1sica entre um e","inLanguage":"pt-BR","isPartOf":{"@id":"https:\/\/anoticiaonline.com.br\/site\/#website"},"breadcrumb":{"@id":"https:\/\/anoticiaonline.com.br\/site\/os-tristemente-celebres-raciocinios-na-historia-da-metafisica\/#breadcrumblist"},"author":{"@id":"https:\/\/anoticiaonline.com.br\/site\/author\/juliana\/#author"},"creator":{"@id":"https:\/\/anoticiaonline.com.br\/site\/author\/juliana\/#author"},"datePublished":"2017-05-29T10:32:37-03:00","dateModified":"2017-05-29T10:32:37-03:00"},{"@type":"WebSite","@id":"https:\/\/anoticiaonline.com.br\/site\/#website","url":"https:\/\/anoticiaonline.com.br\/site\/","name":"A Not\u00edcia Online","description":"Noticias de Muria\u00e9 e regi\u00e3o","inLanguage":"pt-BR","publisher":{"@id":"https:\/\/anoticiaonline.com.br\/site\/#organization"}}]},"og:locale":"pt_BR","og:site_name":"A Not\u00edcia Online - Noticias de Muria\u00e9 e regi\u00e3o","og:type":"article","og:title":"Os tristemente c\u00e9lebres racioc\u00ednios na hist\u00f3ria da metaf\u00edsica - A Not\u00edcia Online","og:description":"Sigamos as coisas que contribuem para a paz e para a edifica\u00e7\u00e3o \u201cTenho ainda de calar-me no que concerne a certas quest\u00f5es.\u201d - Galileu Galileu estava repetindo uma frase que Jesus, ao Seu tempo dissera : \u201cainda tenho muito que vos dizer, mas v\u00f3s n\u00e3o o podeis suportar agora\u201d. A diferen\u00e7a b\u00e1sica entre um e","og:url":"https:\/\/anoticiaonline.com.br\/site\/os-tristemente-celebres-raciocinios-na-historia-da-metafisica\/","og:image":"https:\/\/scontent-gig4-1.xx.fbcdn.net\/v\/t39.30808-1\/270437624_4564083193639691_6907940295614233970_n.jpg?stp=dst-jpg_s200x200_tt6&#038;_nc_cat=111&#038;ccb=1-7&#038;_nc_sid=f907e8&#038;_nc_ohc=SM1wRlP3lJwQ7kNvwEPuBYA&#038;_nc_oc=AdnqrjDN_BNjSSHWO-GbkIWH6fkGMLw4bqvL_NH6e2wMveX7G-rP2dAqsDSq1mJMOaY&#038;_nc_zt=24&#038;_nc_ht=scontent-gig4-1.xx&#038;_nc_gid=AoBFJeGrT1hVaew_6rchkQ&#038;oh=00_AfX7QmFGhQhG2jAllVgXCiM1ZrWgvtp80-Bfppyexh1QEg&#038;oe=689E923C","og:image:secure_url":"https:\/\/scontent-gig4-1.xx.fbcdn.net\/v\/t39.30808-1\/270437624_4564083193639691_6907940295614233970_n.jpg?stp=dst-jpg_s200x200_tt6&#038;_nc_cat=111&#038;ccb=1-7&#038;_nc_sid=f907e8&#038;_nc_ohc=SM1wRlP3lJwQ7kNvwEPuBYA&#038;_nc_oc=AdnqrjDN_BNjSSHWO-GbkIWH6fkGMLw4bqvL_NH6e2wMveX7G-rP2dAqsDSq1mJMOaY&#038;_nc_zt=24&#038;_nc_ht=scontent-gig4-1.xx&#038;_nc_gid=AoBFJeGrT1hVaew_6rchkQ&#038;oh=00_AfX7QmFGhQhG2jAllVgXCiM1ZrWgvtp80-Bfppyexh1QEg&#038;oe=689E923C","article:published_time":"2017-05-29T13:32:37+00:00","article:modified_time":"2017-05-29T13:32:37+00:00","twitter:card":"summary_large_image","twitter:title":"Os tristemente c\u00e9lebres racioc\u00ednios na hist\u00f3ria da metaf\u00edsica - A Not\u00edcia Online","twitter:description":"Sigamos as coisas que contribuem para a paz e para a edifica\u00e7\u00e3o \u201cTenho ainda de calar-me no que concerne a certas quest\u00f5es.\u201d - Galileu Galileu estava repetindo uma frase que Jesus, ao Seu tempo dissera : \u201cainda tenho muito que vos dizer, mas v\u00f3s n\u00e3o o podeis suportar agora\u201d. A diferen\u00e7a b\u00e1sica entre um e","twitter:image":"https:\/\/scontent-gig4-1.xx.fbcdn.net\/v\/t39.30808-1\/270437624_4564083193639691_6907940295614233970_n.jpg?stp=dst-jpg_s200x200_tt6&_nc_cat=111&ccb=1-7&_nc_sid=f907e8&_nc_ohc=SM1wRlP3lJwQ7kNvwEPuBYA&_nc_oc=AdnqrjDN_BNjSSHWO-GbkIWH6fkGMLw4bqvL_NH6e2wMveX7G-rP2dAqsDSq1mJMOaY&_nc_zt=24&_nc_ht=scontent-gig4-1.xx&_nc_gid=AoBFJeGrT1hVaew_6rchkQ&oh=00_AfX7QmFGhQhG2jAllVgXCiM1ZrWgvtp80-Bfppyexh1QEg&oe=689E923C"},"aioseo_meta_data":{"post_id":"30917","title":null,"description":null,"keywords":null,"keyphrases":null,"primary_term":null,"canonical_url":null,"og_title":null,"og_description":null,"og_object_type":"default","og_image_type":"default","og_image_url":null,"og_image_width":null,"og_image_height":null,"og_image_custom_url":null,"og_image_custom_fields":null,"og_video":null,"og_custom_url":null,"og_article_section":null,"og_article_tags":null,"twitter_use_og":false,"twitter_card":"default","twitter_image_type":"default","twitter_image_url":null,"twitter_image_custom_url":null,"twitter_image_custom_fields":null,"twitter_title":null,"twitter_description":null,"schema":{"blockGraphs":[],"customGraphs":[],"default":{"data":{"Article":[],"Course":[],"Dataset":[],"FAQPage":[],"Movie":[],"Person":[],"Product":[],"ProductReview":[],"Car":[],"Recipe":[],"Service":[],"SoftwareApplication":[],"WebPage":[]},"graphName":"","isEnabled":true},"graphs":[]},"schema_type":"default","schema_type_options":null,"pillar_content":false,"robots_default":true,"robots_noindex":false,"robots_noarchive":false,"robots_nosnippet":false,"robots_nofollow":false,"robots_noimageindex":false,"robots_noodp":false,"robots_notranslate":false,"robots_max_snippet":null,"robots_max_videopreview":null,"robots_max_imagepreview":"large","priority":null,"frequency":null,"local_seo":null,"breadcrumb_settings":null,"limit_modified_date":false,"ai":null,"created":"2025-08-16 18:28:20","updated":"2025-08-16 18:28:20","focus_keyword":null,"additional_keywords":null,"truseo_locale":null,"seo_analyzer_scan_date":null},"aioseo_breadcrumb":"<div class=\"aioseo-breadcrumbs\"><span class=\"aioseo-breadcrumb\">\n\t\t\t<a href=\"https:\/\/anoticiaonline.com.br\/site\" title=\"Home\">Home<\/a>\n\t\t<\/span><span class=\"aioseo-breadcrumb-separator\">&raquo;<\/span><span class=\"aioseo-breadcrumb\">\n\t\t\t<a href=\"https:\/\/anoticiaonline.com.br\/site\/categoria\/colunistas\/\" title=\"Colunistas\">Colunistas<\/a>\n\t\t<\/span><span class=\"aioseo-breadcrumb-separator\">&raquo;<\/span><span class=\"aioseo-breadcrumb\">\n\t\t\t<a href=\"https:\/\/anoticiaonline.com.br\/site\/categoria\/colunistas\/espiritismo-em-foco-de-rogerio-coelho\/\" title=\"Espiritismo em Foco, por Rog\u00e9rio Coelho\">Espiritismo em Foco, por Rog\u00e9rio Coelho<\/a>\n\t\t<\/span><span class=\"aioseo-breadcrumb-separator\">&raquo;<\/span><span class=\"aioseo-breadcrumb\">\n\t\t\tOs tristemente c\u00e9lebres racioc\u00ednios na hist\u00f3ria da metaf\u00edsica\n\t\t<\/span><\/div>","aioseo_breadcrumb_json":[{"label":"Home","link":"https:\/\/anoticiaonline.com.br\/site"},{"label":"Colunistas","link":"https:\/\/anoticiaonline.com.br\/site\/categoria\/colunistas\/"},{"label":"Espiritismo em Foco, por Rog\u00e9rio Coelho","link":"https:\/\/anoticiaonline.com.br\/site\/categoria\/colunistas\/espiritismo-em-foco-de-rogerio-coelho\/"},{"label":"Os tristemente c\u00e9lebres racioc\u00ednios na hist\u00f3ria da metaf\u00edsica","link":"https:\/\/anoticiaonline.com.br\/site\/os-tristemente-celebres-raciocinios-na-historia-da-metafisica\/"}],"views":142,"_links":{"self":[{"href":"https:\/\/anoticiaonline.com.br\/site\/wp-json\/wp\/v2\/posts\/30917","targetHints":{"allow":["GET"]}}],"collection":[{"href":"https:\/\/anoticiaonline.com.br\/site\/wp-json\/wp\/v2\/posts"}],"about":[{"href":"https:\/\/anoticiaonline.com.br\/site\/wp-json\/wp\/v2\/types\/post"}],"author":[{"embeddable":true,"href":"https:\/\/anoticiaonline.com.br\/site\/wp-json\/wp\/v2\/users\/2"}],"replies":[{"embeddable":true,"href":"https:\/\/anoticiaonline.com.br\/site\/wp-json\/wp\/v2\/comments?post=30917"}],"version-history":[{"count":0,"href":"https:\/\/anoticiaonline.com.br\/site\/wp-json\/wp\/v2\/posts\/30917\/revisions"}],"wp:attachment":[{"href":"https:\/\/anoticiaonline.com.br\/site\/wp-json\/wp\/v2\/media?parent=30917"}],"wp:term":[{"taxonomy":"category","embeddable":true,"href":"https:\/\/anoticiaonline.com.br\/site\/wp-json\/wp\/v2\/categories?post=30917"},{"taxonomy":"post_tag","embeddable":true,"href":"https:\/\/anoticiaonline.com.br\/site\/wp-json\/wp\/v2\/tags?post=30917"}],"curies":[{"name":"wp","href":"https:\/\/api.w.org\/{rel}","templated":true}]}}