{"id":30895,"date":"2017-05-25T17:44:33","date_gmt":"2017-05-25T20:44:33","guid":{"rendered":"http:\/\/anoticiaonline.com.br\/site\/?p=30895"},"modified":"2017-06-22T21:08:30","modified_gmt":"2017-06-23T00:08:30","slug":"o-drama-nacional","status":"publish","type":"post","link":"https:\/\/anoticiaonline.com.br\/site\/o-drama-nacional\/","title":{"rendered":"O drama nacional"},"content":{"rendered":"<p>Um dos obst\u00e1culos para que o Brasil se transforme em um Estado verdadeiramente democr\u00e1tico \u00e9 justamente a a\u00e7\u00e3o de uma minoria adepta da baderna, do quebra-quebra em estabelecimentos comerciais e da intoler\u00e2ncia partid\u00e1ria. Praticam o chamado \u201cprotesto seletivo\u201d. O que a imprensa, principalmente a Rede Globo, denuncia contra Lula, Z\u00e9 Dirceu, Geno\u00edno, Dilma, Palocci e outros \u00e9 mentira e arranjo da direita. Quando a Rede Globo denuncia o A\u00e9cio, a Andrea Neves, o Temer e outros, \u00e9 verdade cristalina. Ora, o pa\u00eds todo j\u00e1 sabe que a imensa quadrilha de corruptos e corruptores \u00e9 formada por quase a unanimidade dos partidos, e que fazem parte dessa imensa quadrilha todos os citados. Lula, Dilma, Dirceu, Geno\u00edno, A\u00e9cio, Temer, a irm\u00e3zinha do A\u00e9cio e a \u201cmacacada\u201d toda s\u00e3o farinha do mesmo saco.<\/p>\n<p>Chega dessa hipocrisia de enganar a popula\u00e7\u00e3o dizendo que os militantes da esquerda lutaram contra a ditadura. Pelo contr\u00e1rio, o esfor\u00e7o deles foi para implantar no Brasil uma ditadura nos moldes da ditadura cubana.<\/p>\n<p>Inocentes e despolitizados, eram cooptados pela <em>inteligenzia<\/em> comunista da \u00e9poca para subverter o sistema e criar o clima para a instala\u00e7\u00e3o de um regime comunista no Brasil. No per\u00edodo em que morei no Rio de Janeiro, entre as d\u00e9cadas de 1960 e 1970, trabalhando como banc\u00e1rio e comerci\u00e1rio, tive o desprazer de assistir a atua\u00e7\u00e3o dos baderneiros que muitos nos dias atuais tentam imitar, inclusive entidades desvirtuadas do papel social que deveriam representar.<\/p>\n<p>N\u00e3o conseguiram, na \u00e9poca, o apoio popular por v\u00e1rios motivos. Um deles \u00e9 que em nosso pa\u00eds a ambi\u00e7\u00e3o pelo poder pol\u00edtico desvirtua o comportamento dos integrantes de qualquer sigla. \u00c9 s\u00f3 observar a quantidade de linhas de esquerda que temos. \u00c9 PCB, \u00e9 PCdoB, \u00e9 PSB, \u00e9 PDT e tantos outros. Na medida em que aquele que est\u00e1 chefiando uma sigla faz \u201csombra\u201d no \u201ccompanheiro\u201d, este funda uma nova sigla e passa a chefi\u00e1-la. Em nosso pa\u00eds, at\u00e9 de religi\u00e3o as pessoas mudam. \u00c9 s\u00f3 notar a quantidade de nomenclaturas de igrejas que surgiram em nossa amada terra de Santa Cruz nas \u00faltimas d\u00e9cadas. Podemos afirmar, com absoluta certeza, que as \u00fanicas entidades a que os brasileiros s\u00e3o fi\u00e9is s\u00e3o os clubes de futebol. N\u00e3o se muda de clube nem com o clube perdendo. Por isso, sou vasca\u00edno mesmo com o meu Vasc\u00e3o tirando umas \u201cf\u00e9rias\u201d de vez em quando na segundona, e duvido que um tricolor, um flamenguista ou um botafoguense abandone o seu clube para torcer por outro.<\/p>\n<p>Mas em pol\u00edtica, o neg\u00f3cio \u00e9 outro. O oportunismo dita as regras e troca-se de sigla como se troca de camisa. A diferen\u00e7a dos partidos de esquerda \u00e9 que, mesmo mudando de sigla, carregam o mesmo ran\u00e7o, o mesmo atraso. A \u00fanica influ\u00eancia perene que o Marx deixou para os seus seguidores foi o h\u00e1bito de usar barba grande, usado pelo ditador Fidel, pelo Ch\u00ea Guevara e transmitido aos esquerdistas brasileiros. Se mulher n\u00e3o fosse imberbe, estar\u00edamos vendo algumas com imensas barbas pendendo pelo rosto e pelo queixo&#8230; Que pena&#8230;!<\/p>\n<p>Eu penso que j\u00e1 est\u00e1 passando da hora de punir a quadrilha de corruptos que se instalou em nosso pa\u00eds. Mas n\u00e3o pensando seletivamente. A puni\u00e7\u00e3o tem que ser ampla, geral e irrestrita. Tem den\u00fancia da JBS sobre dep\u00f3sitos de 150 milh\u00f5es de d\u00f3lares no exterior em nome de Lula e Dilma, cadeia neles. Corrup\u00e7\u00e3o com milh\u00f5es de reais de A\u00e9cio Neves, Temer, Eduardo Cunha, S\u00e9rgio Cabral ou seja l\u00e1 quem for, cadeia neles. Se faltar pres\u00eddio, a Holanda tem muitos l\u00e1 que, por baixa criminalidade, est\u00e3o sendo transformados em hot\u00e9is. Podemos alug\u00e1-los e transferir para l\u00e1 os nossos bandidos de colarinho t\u00e3o branco como a neve e dignidade mais escura do que carv\u00e3o.<\/p>\n","protected":false},"excerpt":{"rendered":"<p>Um dos obst\u00e1culos para que o Brasil se transforme em um Estado verdadeiramente democr\u00e1tico \u00e9 justamente a a\u00e7\u00e3o de uma minoria adepta da baderna, do quebra-quebra em estabelecimentos comerciais e da intoler\u00e2ncia partid\u00e1ria. Praticam o chamado \u201cprotesto seletivo\u201d. O que a imprensa, principalmente a Rede Globo, denuncia contra Lula, Z\u00e9 Dirceu, Geno\u00edno, Dilma, Palocci e &#8230; <a title=\"O drama nacional\" class=\"read-more\" href=\"https:\/\/anoticiaonline.com.br\/site\/o-drama-nacional\/\" aria-label=\"Read more about O drama nacional\">Ler mais<\/a><\/p>\n","protected":false},"author":2,"featured_media":0,"comment_status":"open","ping_status":"open","sticky":false,"template":"","format":"standard","meta":{"_acf_changed":false,"_monsterinsights_skip_tracking":false,"footnotes":""},"categories":[36],"tags":[211,329,328],"class_list":["post-30895","post","type-post","status-publish","format-standard","hentry","category-logos-adellunar-marge","tag-a-noticia","tag-adellunar-marge","tag-logos"],"acf":[],"aioseo_notices":[],"aioseo_head":"\n\t\t<!-- All in One SEO 5.0.0.1 - aioseo.com -->\n\t<meta name=\"description\" content=\"Um dos obst\u00e1culos para que o Brasil se transforme em um Estado verdadeiramente democr\u00e1tico \u00e9 justamente a a\u00e7\u00e3o de uma minoria adepta da baderna, do quebra-quebra em estabelecimentos comerciais e da intoler\u00e2ncia partid\u00e1ria. Praticam o chamado \u201cprotesto seletivo\u201d. O que a imprensa, principalmente a Rede Globo, denuncia contra Lula, Z\u00e9 Dirceu, Geno\u00edno, Dilma, Palocci e\" \/>\n\t<meta name=\"robots\" content=\"max-image-preview:large\" \/>\n\t<meta name=\"author\" content=\"Juliana Laviola\"\/>\n\t<link rel=\"canonical\" href=\"https:\/\/anoticiaonline.com.br\/site\/o-drama-nacional\/\" \/>\n\t<meta name=\"generator\" content=\"All in One SEO (AIOSEO) 5.0.0.1\" \/>\n\t\t<meta property=\"og:locale\" content=\"pt_BR\" \/>\n\t\t<meta property=\"og:site_name\" content=\"A Not\u00edcia Online - Noticias de Muria\u00e9 e regi\u00e3o\" \/>\n\t\t<meta property=\"og:type\" content=\"article\" \/>\n\t\t<meta property=\"og:title\" content=\"O drama nacional - A Not\u00edcia Online\" \/>\n\t\t<meta property=\"og:description\" content=\"Um dos obst\u00e1culos para que o Brasil se transforme em um Estado verdadeiramente democr\u00e1tico \u00e9 justamente a a\u00e7\u00e3o de uma minoria adepta da baderna, do quebra-quebra em estabelecimentos comerciais e da intoler\u00e2ncia partid\u00e1ria. Praticam o chamado \u201cprotesto seletivo\u201d. O que a imprensa, principalmente a Rede Globo, denuncia contra Lula, Z\u00e9 Dirceu, Geno\u00edno, Dilma, Palocci e\" \/>\n\t\t<meta property=\"og:url\" content=\"https:\/\/anoticiaonline.com.br\/site\/o-drama-nacional\/\" \/>\n\t\t<meta property=\"og:image\" content=\"https:\/\/scontent-gig4-1.xx.fbcdn.net\/v\/t39.30808-1\/270437624_4564083193639691_6907940295614233970_n.jpg?stp=dst-jpg_s200x200_tt6&#038;_nc_cat=111&#038;ccb=1-7&#038;_nc_sid=f907e8&#038;_nc_ohc=SM1wRlP3lJwQ7kNvwEPuBYA&#038;_nc_oc=AdnqrjDN_BNjSSHWO-GbkIWH6fkGMLw4bqvL_NH6e2wMveX7G-rP2dAqsDSq1mJMOaY&#038;_nc_zt=24&#038;_nc_ht=scontent-gig4-1.xx&#038;_nc_gid=AoBFJeGrT1hVaew_6rchkQ&#038;oh=00_AfX7QmFGhQhG2jAllVgXCiM1ZrWgvtp80-Bfppyexh1QEg&#038;oe=689E923C\" \/>\n\t\t<meta property=\"og:image:secure_url\" content=\"https:\/\/scontent-gig4-1.xx.fbcdn.net\/v\/t39.30808-1\/270437624_4564083193639691_6907940295614233970_n.jpg?stp=dst-jpg_s200x200_tt6&#038;_nc_cat=111&#038;ccb=1-7&#038;_nc_sid=f907e8&#038;_nc_ohc=SM1wRlP3lJwQ7kNvwEPuBYA&#038;_nc_oc=AdnqrjDN_BNjSSHWO-GbkIWH6fkGMLw4bqvL_NH6e2wMveX7G-rP2dAqsDSq1mJMOaY&#038;_nc_zt=24&#038;_nc_ht=scontent-gig4-1.xx&#038;_nc_gid=AoBFJeGrT1hVaew_6rchkQ&#038;oh=00_AfX7QmFGhQhG2jAllVgXCiM1ZrWgvtp80-Bfppyexh1QEg&#038;oe=689E923C\" \/>\n\t\t<meta property=\"article:published_time\" content=\"2017-05-25T20:44:33+00:00\" \/>\n\t\t<meta property=\"article:modified_time\" content=\"2017-06-23T00:08:30+00:00\" \/>\n\t\t<meta name=\"twitter:card\" content=\"summary_large_image\" \/>\n\t\t<meta name=\"twitter:title\" content=\"O drama nacional - A Not\u00edcia Online\" \/>\n\t\t<meta name=\"twitter:description\" content=\"Um dos obst\u00e1culos para que o Brasil se transforme em um Estado verdadeiramente democr\u00e1tico \u00e9 justamente a a\u00e7\u00e3o de uma minoria adepta da baderna, do quebra-quebra em estabelecimentos comerciais e da intoler\u00e2ncia partid\u00e1ria. Praticam o chamado \u201cprotesto seletivo\u201d. O que a imprensa, principalmente a Rede Globo, denuncia contra Lula, Z\u00e9 Dirceu, Geno\u00edno, Dilma, Palocci e\" \/>\n\t\t<meta name=\"twitter:image\" content=\"https:\/\/scontent-gig4-1.xx.fbcdn.net\/v\/t39.30808-1\/270437624_4564083193639691_6907940295614233970_n.jpg?stp=dst-jpg_s200x200_tt6&amp;_nc_cat=111&amp;ccb=1-7&amp;_nc_sid=f907e8&amp;_nc_ohc=SM1wRlP3lJwQ7kNvwEPuBYA&amp;_nc_oc=AdnqrjDN_BNjSSHWO-GbkIWH6fkGMLw4bqvL_NH6e2wMveX7G-rP2dAqsDSq1mJMOaY&amp;_nc_zt=24&amp;_nc_ht=scontent-gig4-1.xx&amp;_nc_gid=AoBFJeGrT1hVaew_6rchkQ&amp;oh=00_AfX7QmFGhQhG2jAllVgXCiM1ZrWgvtp80-Bfppyexh1QEg&amp;oe=689E923C\" \/>\n\t\t<script type=\"application\/ld+json\" class=\"aioseo-schema\">\n\t\t\t{\"@context\":\"https:\\\/\\\/schema.org\",\"@graph\":[{\"@type\":\"BlogPosting\",\"@id\":\"https:\\\/\\\/anoticiaonline.com.br\\\/site\\\/o-drama-nacional\\\/#blogposting\",\"name\":\"O drama nacional - A Not\\u00edcia Online\",\"headline\":\"O drama nacional\",\"author\":{\"@id\":\"https:\\\/\\\/anoticiaonline.com.br\\\/site\\\/author\\\/juliana\\\/#author\"},\"publisher\":{\"@id\":\"https:\\\/\\\/anoticiaonline.com.br\\\/site\\\/#organization\"},\"image\":{\"@type\":\"ImageObject\",\"url\":\"https:\\\/\\\/scontent-gig4-1.xx.fbcdn.net\\\/v\\\/t39.30808-1\\\/270437624_4564083193639691_6907940295614233970_n.jpg?stp=dst-jpg_s200x200_tt6&_nc_cat=111&ccb=1-7&_nc_sid=f907e8&_nc_ohc=SM1wRlP3lJwQ7kNvwEPuBYA&_nc_oc=AdnqrjDN_BNjSSHWO-GbkIWH6fkGMLw4bqvL_NH6e2wMveX7G-rP2dAqsDSq1mJMOaY&_nc_zt=24&_nc_ht=scontent-gig4-1.xx&_nc_gid=AoBFJeGrT1hVaew_6rchkQ&oh=00_AfX7QmFGhQhG2jAllVgXCiM1ZrWgvtp80-Bfppyexh1QEg&oe=689E923C\",\"@id\":\"https:\\\/\\\/anoticiaonline.com.br\\\/site\\\/#articleImage\"},\"datePublished\":\"2017-05-25T17:44:33-03:00\",\"dateModified\":\"2017-06-22T21:08:30-03:00\",\"inLanguage\":\"pt-BR\",\"mainEntityOfPage\":{\"@id\":\"https:\\\/\\\/anoticiaonline.com.br\\\/site\\\/o-drama-nacional\\\/#webpage\"},\"isPartOf\":{\"@id\":\"https:\\\/\\\/anoticiaonline.com.br\\\/site\\\/o-drama-nacional\\\/#webpage\"},\"articleSection\":\"Logos - Adellunar Marge, a not\\u00edcia, adellunar marge, logos\"},{\"@type\":\"BreadcrumbList\",\"@id\":\"https:\\\/\\\/anoticiaonline.com.br\\\/site\\\/o-drama-nacional\\\/#breadcrumblist\",\"itemListElement\":[{\"@type\":\"ListItem\",\"@id\":\"https:\\\/\\\/anoticiaonline.com.br\\\/site#listItem\",\"position\":1,\"name\":\"Home\",\"item\":\"https:\\\/\\\/anoticiaonline.com.br\\\/site\",\"nextItem\":{\"@type\":\"ListItem\",\"@id\":\"https:\\\/\\\/anoticiaonline.com.br\\\/site\\\/categoria\\\/colunistas\\\/#listItem\",\"name\":\"Colunistas\"}},{\"@type\":\"ListItem\",\"@id\":\"https:\\\/\\\/anoticiaonline.com.br\\\/site\\\/categoria\\\/colunistas\\\/#listItem\",\"position\":2,\"name\":\"Colunistas\",\"item\":\"https:\\\/\\\/anoticiaonline.com.br\\\/site\\\/categoria\\\/colunistas\\\/\",\"nextItem\":{\"@type\":\"ListItem\",\"@id\":\"https:\\\/\\\/anoticiaonline.com.br\\\/site\\\/categoria\\\/colunistas\\\/logos-adellunar-marge\\\/#listItem\",\"name\":\"Logos - Adellunar Marge\"},\"previousItem\":{\"@type\":\"ListItem\",\"@id\":\"https:\\\/\\\/anoticiaonline.com.br\\\/site#listItem\",\"name\":\"Home\"}},{\"@type\":\"ListItem\",\"@id\":\"https:\\\/\\\/anoticiaonline.com.br\\\/site\\\/categoria\\\/colunistas\\\/logos-adellunar-marge\\\/#listItem\",\"position\":3,\"name\":\"Logos - Adellunar Marge\",\"item\":\"https:\\\/\\\/anoticiaonline.com.br\\\/site\\\/categoria\\\/colunistas\\\/logos-adellunar-marge\\\/\",\"nextItem\":{\"@type\":\"ListItem\",\"@id\":\"https:\\\/\\\/anoticiaonline.com.br\\\/site\\\/o-drama-nacional\\\/#listItem\",\"name\":\"O drama nacional\"},\"previousItem\":{\"@type\":\"ListItem\",\"@id\":\"https:\\\/\\\/anoticiaonline.com.br\\\/site\\\/categoria\\\/colunistas\\\/#listItem\",\"name\":\"Colunistas\"}},{\"@type\":\"ListItem\",\"@id\":\"https:\\\/\\\/anoticiaonline.com.br\\\/site\\\/o-drama-nacional\\\/#listItem\",\"position\":4,\"name\":\"O drama nacional\",\"previousItem\":{\"@type\":\"ListItem\",\"@id\":\"https:\\\/\\\/anoticiaonline.com.br\\\/site\\\/categoria\\\/colunistas\\\/logos-adellunar-marge\\\/#listItem\",\"name\":\"Logos - Adellunar Marge\"}}]},{\"@type\":\"Organization\",\"@id\":\"https:\\\/\\\/anoticiaonline.com.br\\\/site\\\/#organization\",\"name\":\"A Not\\u00edcia Online\",\"description\":\"Noticias de Muria\\u00e9 e regi\\u00e3o\",\"url\":\"https:\\\/\\\/anoticiaonline.com.br\\\/site\\\/\",\"logo\":{\"@type\":\"ImageObject\",\"url\":\"https:\\\/\\\/scontent-gig4-1.xx.fbcdn.net\\\/v\\\/t39.30808-1\\\/270437624_4564083193639691_6907940295614233970_n.jpg?stp=dst-jpg_s200x200_tt6&_nc_cat=111&ccb=1-7&_nc_sid=f907e8&_nc_ohc=SM1wRlP3lJwQ7kNvwEPuBYA&_nc_oc=AdnqrjDN_BNjSSHWO-GbkIWH6fkGMLw4bqvL_NH6e2wMveX7G-rP2dAqsDSq1mJMOaY&_nc_zt=24&_nc_ht=scontent-gig4-1.xx&_nc_gid=AoBFJeGrT1hVaew_6rchkQ&oh=00_AfX7QmFGhQhG2jAllVgXCiM1ZrWgvtp80-Bfppyexh1QEg&oe=689E923C\",\"@id\":\"https:\\\/\\\/anoticiaonline.com.br\\\/site\\\/o-drama-nacional\\\/#organizationLogo\"},\"image\":{\"@id\":\"https:\\\/\\\/anoticiaonline.com.br\\\/site\\\/o-drama-nacional\\\/#organizationLogo\"}},{\"@type\":\"Person\",\"@id\":\"https:\\\/\\\/anoticiaonline.com.br\\\/site\\\/author\\\/juliana\\\/#author\",\"url\":\"https:\\\/\\\/anoticiaonline.com.br\\\/site\\\/author\\\/juliana\\\/\",\"name\":\"Juliana Laviola\",\"image\":{\"@type\":\"ImageObject\",\"@id\":\"https:\\\/\\\/anoticiaonline.com.br\\\/site\\\/o-drama-nacional\\\/#authorImage\",\"url\":\"https:\\\/\\\/secure.gravatar.com\\\/avatar\\\/b8d45f5c699b100dfaf0e543582f38f38bf94cb7ae3a5e9abf8d891a34773335?s=96&d=mm&r=g\",\"width\":96,\"height\":96,\"caption\":\"Juliana Laviola\"}},{\"@type\":\"WebPage\",\"@id\":\"https:\\\/\\\/anoticiaonline.com.br\\\/site\\\/o-drama-nacional\\\/#webpage\",\"url\":\"https:\\\/\\\/anoticiaonline.com.br\\\/site\\\/o-drama-nacional\\\/\",\"name\":\"O drama nacional - A Not\\u00edcia Online\",\"description\":\"Um dos obst\\u00e1culos para que o Brasil se transforme em um Estado verdadeiramente democr\\u00e1tico \\u00e9 justamente a a\\u00e7\\u00e3o de uma minoria adepta da baderna, do quebra-quebra em estabelecimentos comerciais e da intoler\\u00e2ncia partid\\u00e1ria. Praticam o chamado \\u201cprotesto seletivo\\u201d. O que a imprensa, principalmente a Rede Globo, denuncia contra Lula, Z\\u00e9 Dirceu, Geno\\u00edno, Dilma, Palocci e\",\"inLanguage\":\"pt-BR\",\"isPartOf\":{\"@id\":\"https:\\\/\\\/anoticiaonline.com.br\\\/site\\\/#website\"},\"breadcrumb\":{\"@id\":\"https:\\\/\\\/anoticiaonline.com.br\\\/site\\\/o-drama-nacional\\\/#breadcrumblist\"},\"author\":{\"@id\":\"https:\\\/\\\/anoticiaonline.com.br\\\/site\\\/author\\\/juliana\\\/#author\"},\"creator\":{\"@id\":\"https:\\\/\\\/anoticiaonline.com.br\\\/site\\\/author\\\/juliana\\\/#author\"},\"datePublished\":\"2017-05-25T17:44:33-03:00\",\"dateModified\":\"2017-06-22T21:08:30-03:00\"},{\"@type\":\"WebSite\",\"@id\":\"https:\\\/\\\/anoticiaonline.com.br\\\/site\\\/#website\",\"url\":\"https:\\\/\\\/anoticiaonline.com.br\\\/site\\\/\",\"name\":\"A Not\\u00edcia Online\",\"description\":\"Noticias de Muria\\u00e9 e regi\\u00e3o\",\"inLanguage\":\"pt-BR\",\"publisher\":{\"@id\":\"https:\\\/\\\/anoticiaonline.com.br\\\/site\\\/#organization\"}}]}\n\t\t<\/script>\n\t\t<!-- All in One SEO -->\n\n","aioseo_head_json":{"title":"O drama nacional - A Not\u00edcia Online","description":"Um dos obst\u00e1culos para que o Brasil se transforme em um Estado verdadeiramente democr\u00e1tico \u00e9 justamente a a\u00e7\u00e3o de uma minoria adepta da baderna, do quebra-quebra em estabelecimentos comerciais e da intoler\u00e2ncia partid\u00e1ria. Praticam o chamado \u201cprotesto seletivo\u201d. O que a imprensa, principalmente a Rede Globo, denuncia contra Lula, Z\u00e9 Dirceu, Geno\u00edno, Dilma, Palocci e","canonical_url":"https:\/\/anoticiaonline.com.br\/site\/o-drama-nacional\/","robots":"max-image-preview:large","keywords":"","webmasterTools":{"miscellaneous":""},"schema":{"@context":"https:\/\/schema.org","@graph":[{"@type":"BlogPosting","@id":"https:\/\/anoticiaonline.com.br\/site\/o-drama-nacional\/#blogposting","name":"O drama nacional - A Not\u00edcia Online","headline":"O drama nacional","author":{"@id":"https:\/\/anoticiaonline.com.br\/site\/author\/juliana\/#author"},"publisher":{"@id":"https:\/\/anoticiaonline.com.br\/site\/#organization"},"image":{"@type":"ImageObject","url":"https:\/\/scontent-gig4-1.xx.fbcdn.net\/v\/t39.30808-1\/270437624_4564083193639691_6907940295614233970_n.jpg?stp=dst-jpg_s200x200_tt6&_nc_cat=111&ccb=1-7&_nc_sid=f907e8&_nc_ohc=SM1wRlP3lJwQ7kNvwEPuBYA&_nc_oc=AdnqrjDN_BNjSSHWO-GbkIWH6fkGMLw4bqvL_NH6e2wMveX7G-rP2dAqsDSq1mJMOaY&_nc_zt=24&_nc_ht=scontent-gig4-1.xx&_nc_gid=AoBFJeGrT1hVaew_6rchkQ&oh=00_AfX7QmFGhQhG2jAllVgXCiM1ZrWgvtp80-Bfppyexh1QEg&oe=689E923C","@id":"https:\/\/anoticiaonline.com.br\/site\/#articleImage"},"datePublished":"2017-05-25T17:44:33-03:00","dateModified":"2017-06-22T21:08:30-03:00","inLanguage":"pt-BR","mainEntityOfPage":{"@id":"https:\/\/anoticiaonline.com.br\/site\/o-drama-nacional\/#webpage"},"isPartOf":{"@id":"https:\/\/anoticiaonline.com.br\/site\/o-drama-nacional\/#webpage"},"articleSection":"Logos - Adellunar Marge, a not\u00edcia, adellunar marge, logos"},{"@type":"BreadcrumbList","@id":"https:\/\/anoticiaonline.com.br\/site\/o-drama-nacional\/#breadcrumblist","itemListElement":[{"@type":"ListItem","@id":"https:\/\/anoticiaonline.com.br\/site#listItem","position":1,"name":"Home","item":"https:\/\/anoticiaonline.com.br\/site","nextItem":{"@type":"ListItem","@id":"https:\/\/anoticiaonline.com.br\/site\/categoria\/colunistas\/#listItem","name":"Colunistas"}},{"@type":"ListItem","@id":"https:\/\/anoticiaonline.com.br\/site\/categoria\/colunistas\/#listItem","position":2,"name":"Colunistas","item":"https:\/\/anoticiaonline.com.br\/site\/categoria\/colunistas\/","nextItem":{"@type":"ListItem","@id":"https:\/\/anoticiaonline.com.br\/site\/categoria\/colunistas\/logos-adellunar-marge\/#listItem","name":"Logos - Adellunar Marge"},"previousItem":{"@type":"ListItem","@id":"https:\/\/anoticiaonline.com.br\/site#listItem","name":"Home"}},{"@type":"ListItem","@id":"https:\/\/anoticiaonline.com.br\/site\/categoria\/colunistas\/logos-adellunar-marge\/#listItem","position":3,"name":"Logos - Adellunar Marge","item":"https:\/\/anoticiaonline.com.br\/site\/categoria\/colunistas\/logos-adellunar-marge\/","nextItem":{"@type":"ListItem","@id":"https:\/\/anoticiaonline.com.br\/site\/o-drama-nacional\/#listItem","name":"O drama nacional"},"previousItem":{"@type":"ListItem","@id":"https:\/\/anoticiaonline.com.br\/site\/categoria\/colunistas\/#listItem","name":"Colunistas"}},{"@type":"ListItem","@id":"https:\/\/anoticiaonline.com.br\/site\/o-drama-nacional\/#listItem","position":4,"name":"O drama nacional","previousItem":{"@type":"ListItem","@id":"https:\/\/anoticiaonline.com.br\/site\/categoria\/colunistas\/logos-adellunar-marge\/#listItem","name":"Logos - Adellunar Marge"}}]},{"@type":"Organization","@id":"https:\/\/anoticiaonline.com.br\/site\/#organization","name":"A Not\u00edcia Online","description":"Noticias de Muria\u00e9 e regi\u00e3o","url":"https:\/\/anoticiaonline.com.br\/site\/","logo":{"@type":"ImageObject","url":"https:\/\/scontent-gig4-1.xx.fbcdn.net\/v\/t39.30808-1\/270437624_4564083193639691_6907940295614233970_n.jpg?stp=dst-jpg_s200x200_tt6&_nc_cat=111&ccb=1-7&_nc_sid=f907e8&_nc_ohc=SM1wRlP3lJwQ7kNvwEPuBYA&_nc_oc=AdnqrjDN_BNjSSHWO-GbkIWH6fkGMLw4bqvL_NH6e2wMveX7G-rP2dAqsDSq1mJMOaY&_nc_zt=24&_nc_ht=scontent-gig4-1.xx&_nc_gid=AoBFJeGrT1hVaew_6rchkQ&oh=00_AfX7QmFGhQhG2jAllVgXCiM1ZrWgvtp80-Bfppyexh1QEg&oe=689E923C","@id":"https:\/\/anoticiaonline.com.br\/site\/o-drama-nacional\/#organizationLogo"},"image":{"@id":"https:\/\/anoticiaonline.com.br\/site\/o-drama-nacional\/#organizationLogo"}},{"@type":"Person","@id":"https:\/\/anoticiaonline.com.br\/site\/author\/juliana\/#author","url":"https:\/\/anoticiaonline.com.br\/site\/author\/juliana\/","name":"Juliana Laviola","image":{"@type":"ImageObject","@id":"https:\/\/anoticiaonline.com.br\/site\/o-drama-nacional\/#authorImage","url":"https:\/\/secure.gravatar.com\/avatar\/b8d45f5c699b100dfaf0e543582f38f38bf94cb7ae3a5e9abf8d891a34773335?s=96&d=mm&r=g","width":96,"height":96,"caption":"Juliana Laviola"}},{"@type":"WebPage","@id":"https:\/\/anoticiaonline.com.br\/site\/o-drama-nacional\/#webpage","url":"https:\/\/anoticiaonline.com.br\/site\/o-drama-nacional\/","name":"O drama nacional - A Not\u00edcia Online","description":"Um dos obst\u00e1culos para que o Brasil se transforme em um Estado verdadeiramente democr\u00e1tico \u00e9 justamente a a\u00e7\u00e3o de uma minoria adepta da baderna, do quebra-quebra em estabelecimentos comerciais e da intoler\u00e2ncia partid\u00e1ria. Praticam o chamado \u201cprotesto seletivo\u201d. O que a imprensa, principalmente a Rede Globo, denuncia contra Lula, Z\u00e9 Dirceu, Geno\u00edno, Dilma, Palocci e","inLanguage":"pt-BR","isPartOf":{"@id":"https:\/\/anoticiaonline.com.br\/site\/#website"},"breadcrumb":{"@id":"https:\/\/anoticiaonline.com.br\/site\/o-drama-nacional\/#breadcrumblist"},"author":{"@id":"https:\/\/anoticiaonline.com.br\/site\/author\/juliana\/#author"},"creator":{"@id":"https:\/\/anoticiaonline.com.br\/site\/author\/juliana\/#author"},"datePublished":"2017-05-25T17:44:33-03:00","dateModified":"2017-06-22T21:08:30-03:00"},{"@type":"WebSite","@id":"https:\/\/anoticiaonline.com.br\/site\/#website","url":"https:\/\/anoticiaonline.com.br\/site\/","name":"A Not\u00edcia Online","description":"Noticias de Muria\u00e9 e regi\u00e3o","inLanguage":"pt-BR","publisher":{"@id":"https:\/\/anoticiaonline.com.br\/site\/#organization"}}]},"og:locale":"pt_BR","og:site_name":"A Not\u00edcia Online - Noticias de Muria\u00e9 e regi\u00e3o","og:type":"article","og:title":"O drama nacional - A Not\u00edcia Online","og:description":"Um dos obst\u00e1culos para que o Brasil se transforme em um Estado verdadeiramente democr\u00e1tico \u00e9 justamente a a\u00e7\u00e3o de uma minoria adepta da baderna, do quebra-quebra em estabelecimentos comerciais e da intoler\u00e2ncia partid\u00e1ria. Praticam o chamado \u201cprotesto seletivo\u201d. O que a imprensa, principalmente a Rede Globo, denuncia contra Lula, Z\u00e9 Dirceu, Geno\u00edno, Dilma, Palocci e","og:url":"https:\/\/anoticiaonline.com.br\/site\/o-drama-nacional\/","og:image":"https:\/\/scontent-gig4-1.xx.fbcdn.net\/v\/t39.30808-1\/270437624_4564083193639691_6907940295614233970_n.jpg?stp=dst-jpg_s200x200_tt6&#038;_nc_cat=111&#038;ccb=1-7&#038;_nc_sid=f907e8&#038;_nc_ohc=SM1wRlP3lJwQ7kNvwEPuBYA&#038;_nc_oc=AdnqrjDN_BNjSSHWO-GbkIWH6fkGMLw4bqvL_NH6e2wMveX7G-rP2dAqsDSq1mJMOaY&#038;_nc_zt=24&#038;_nc_ht=scontent-gig4-1.xx&#038;_nc_gid=AoBFJeGrT1hVaew_6rchkQ&#038;oh=00_AfX7QmFGhQhG2jAllVgXCiM1ZrWgvtp80-Bfppyexh1QEg&#038;oe=689E923C","og:image:secure_url":"https:\/\/scontent-gig4-1.xx.fbcdn.net\/v\/t39.30808-1\/270437624_4564083193639691_6907940295614233970_n.jpg?stp=dst-jpg_s200x200_tt6&#038;_nc_cat=111&#038;ccb=1-7&#038;_nc_sid=f907e8&#038;_nc_ohc=SM1wRlP3lJwQ7kNvwEPuBYA&#038;_nc_oc=AdnqrjDN_BNjSSHWO-GbkIWH6fkGMLw4bqvL_NH6e2wMveX7G-rP2dAqsDSq1mJMOaY&#038;_nc_zt=24&#038;_nc_ht=scontent-gig4-1.xx&#038;_nc_gid=AoBFJeGrT1hVaew_6rchkQ&#038;oh=00_AfX7QmFGhQhG2jAllVgXCiM1ZrWgvtp80-Bfppyexh1QEg&#038;oe=689E923C","article:published_time":"2017-05-25T20:44:33+00:00","article:modified_time":"2017-06-23T00:08:30+00:00","twitter:card":"summary_large_image","twitter:title":"O drama nacional - A Not\u00edcia Online","twitter:description":"Um dos obst\u00e1culos para que o Brasil se transforme em um Estado verdadeiramente democr\u00e1tico \u00e9 justamente a a\u00e7\u00e3o de uma minoria adepta da baderna, do quebra-quebra em estabelecimentos comerciais e da intoler\u00e2ncia partid\u00e1ria. Praticam o chamado \u201cprotesto seletivo\u201d. O que a imprensa, principalmente a Rede Globo, denuncia contra Lula, Z\u00e9 Dirceu, Geno\u00edno, Dilma, Palocci e","twitter:image":"https:\/\/scontent-gig4-1.xx.fbcdn.net\/v\/t39.30808-1\/270437624_4564083193639691_6907940295614233970_n.jpg?stp=dst-jpg_s200x200_tt6&_nc_cat=111&ccb=1-7&_nc_sid=f907e8&_nc_ohc=SM1wRlP3lJwQ7kNvwEPuBYA&_nc_oc=AdnqrjDN_BNjSSHWO-GbkIWH6fkGMLw4bqvL_NH6e2wMveX7G-rP2dAqsDSq1mJMOaY&_nc_zt=24&_nc_ht=scontent-gig4-1.xx&_nc_gid=AoBFJeGrT1hVaew_6rchkQ&oh=00_AfX7QmFGhQhG2jAllVgXCiM1ZrWgvtp80-Bfppyexh1QEg&oe=689E923C"},"aioseo_meta_data":{"post_id":"30895","title":null,"description":null,"keywords":null,"keyphrases":null,"primary_term":null,"canonical_url":null,"og_title":null,"og_description":null,"og_object_type":"default","og_image_type":"default","og_image_url":null,"og_image_width":null,"og_image_height":null,"og_image_custom_url":null,"og_image_custom_fields":null,"og_video":null,"og_custom_url":null,"og_article_section":null,"og_article_tags":null,"twitter_use_og":false,"twitter_card":"default","twitter_image_type":"default","twitter_image_url":null,"twitter_image_custom_url":null,"twitter_image_custom_fields":null,"twitter_title":null,"twitter_description":null,"schema":{"blockGraphs":[],"customGraphs":[],"default":{"data":{"Article":[],"Course":[],"Dataset":[],"FAQPage":[],"Movie":[],"Person":[],"Product":[],"ProductReview":[],"Car":[],"Recipe":[],"Service":[],"SoftwareApplication":[],"WebPage":[]},"graphName":"","isEnabled":true},"graphs":[]},"schema_type":"default","schema_type_options":null,"pillar_content":false,"robots_default":true,"robots_noindex":false,"robots_noarchive":false,"robots_nosnippet":false,"robots_nofollow":false,"robots_noimageindex":false,"robots_noodp":false,"robots_notranslate":false,"robots_max_snippet":null,"robots_max_videopreview":null,"robots_max_imagepreview":"large","priority":null,"frequency":null,"local_seo":null,"breadcrumb_settings":null,"limit_modified_date":false,"ai":null,"created":"2025-08-16 18:26:19","updated":"2025-08-16 18:26:19","focus_keyword":null,"additional_keywords":null,"truseo_locale":null,"seo_analyzer_scan_date":null},"aioseo_breadcrumb":"<div class=\"aioseo-breadcrumbs\"><span class=\"aioseo-breadcrumb\">\n\t\t\t<a href=\"https:\/\/anoticiaonline.com.br\/site\" title=\"Home\">Home<\/a>\n\t\t<\/span><span class=\"aioseo-breadcrumb-separator\">&raquo;<\/span><span class=\"aioseo-breadcrumb\">\n\t\t\t<a href=\"https:\/\/anoticiaonline.com.br\/site\/categoria\/colunistas\/\" title=\"Colunistas\">Colunistas<\/a>\n\t\t<\/span><span class=\"aioseo-breadcrumb-separator\">&raquo;<\/span><span class=\"aioseo-breadcrumb\">\n\t\t\t<a href=\"https:\/\/anoticiaonline.com.br\/site\/categoria\/colunistas\/logos-adellunar-marge\/\" title=\"Logos - Adellunar Marge\">Logos - Adellunar Marge<\/a>\n\t\t<\/span><span class=\"aioseo-breadcrumb-separator\">&raquo;<\/span><span class=\"aioseo-breadcrumb\">\n\t\t\tO drama nacional\n\t\t<\/span><\/div>","aioseo_breadcrumb_json":[{"label":"Home","link":"https:\/\/anoticiaonline.com.br\/site"},{"label":"Colunistas","link":"https:\/\/anoticiaonline.com.br\/site\/categoria\/colunistas\/"},{"label":"Logos - Adellunar Marge","link":"https:\/\/anoticiaonline.com.br\/site\/categoria\/colunistas\/logos-adellunar-marge\/"},{"label":"O drama nacional","link":"https:\/\/anoticiaonline.com.br\/site\/o-drama-nacional\/"}],"views":117,"_links":{"self":[{"href":"https:\/\/anoticiaonline.com.br\/site\/wp-json\/wp\/v2\/posts\/30895","targetHints":{"allow":["GET"]}}],"collection":[{"href":"https:\/\/anoticiaonline.com.br\/site\/wp-json\/wp\/v2\/posts"}],"about":[{"href":"https:\/\/anoticiaonline.com.br\/site\/wp-json\/wp\/v2\/types\/post"}],"author":[{"embeddable":true,"href":"https:\/\/anoticiaonline.com.br\/site\/wp-json\/wp\/v2\/users\/2"}],"replies":[{"embeddable":true,"href":"https:\/\/anoticiaonline.com.br\/site\/wp-json\/wp\/v2\/comments?post=30895"}],"version-history":[{"count":0,"href":"https:\/\/anoticiaonline.com.br\/site\/wp-json\/wp\/v2\/posts\/30895\/revisions"}],"wp:attachment":[{"href":"https:\/\/anoticiaonline.com.br\/site\/wp-json\/wp\/v2\/media?parent=30895"}],"wp:term":[{"taxonomy":"category","embeddable":true,"href":"https:\/\/anoticiaonline.com.br\/site\/wp-json\/wp\/v2\/categories?post=30895"},{"taxonomy":"post_tag","embeddable":true,"href":"https:\/\/anoticiaonline.com.br\/site\/wp-json\/wp\/v2\/tags?post=30895"}],"curies":[{"name":"wp","href":"https:\/\/api.w.org\/{rel}","templated":true}]}}