{"id":30893,"date":"2017-05-25T17:39:48","date_gmt":"2017-05-25T20:39:48","guid":{"rendered":"http:\/\/anoticiaonline.com.br\/site\/?p=30893"},"modified":"2017-05-25T17:39:48","modified_gmt":"2017-05-25T20:39:48","slug":"a-delacao-premiada-em-xeque","status":"publish","type":"post","link":"https:\/\/anoticiaonline.com.br\/site\/a-delacao-premiada-em-xeque\/","title":{"rendered":"A dela\u00e7\u00e3o premiada em xeque"},"content":{"rendered":"<p>Tudo que se falar hoje a respeito do cen\u00e1rio pol\u00edtico brasileiro envolvendo o Executivo, o Legislativo ou mesmo o Judici\u00e1rio, corre-se o risco de se tornar redundante. Os notici\u00e1rios, que n\u00e3o me deixam mentir, est\u00e3o a\u00ed diuturnamente mostrando os subterr\u00e2neos da pol\u00edtica nacional, e, por isso, vai a\u00ed uma frase bastante sugestiva: \u201cNunca antes na Hist\u00f3ria deste pa\u00eds\u201d os brasileiros tiveram tantas informa\u00e7\u00f5es capazes de indignar at\u00e9 as pessoas menos politizadas.<\/p>\n<p>Em que pese a redund\u00e2ncia dos coment\u00e1rios pol\u00edticos nos notici\u00e1rios, proponho fazer aqui uma an\u00e1lise sobre a quest\u00e3o da dela\u00e7\u00e3o premiada, mesmo que de forma superficial. Na verdade, ela \u00e9 um instituto legal que viabiliza a redu\u00e7\u00e3o de pena para criminosos que queiram, espontaneamente, colaborar com as investiga\u00e7\u00f5es da pol\u00edcia para a elucida\u00e7\u00e3o de crimes, nos quais eles estejam envolvidos.<\/p>\n<p>Institu\u00edda no Brasil em 2013, atrav\u00e9s da Lei 12.850, a colabora\u00e7\u00e3o premiada j\u00e1 rendeu, e continuar\u00e1 rendendo, resultados positivos para qualquer tipo de investiga\u00e7\u00e3o, por ser o caminho mais curto para se chegar ao cerne das organiza\u00e7\u00f5es criminosas. Contudo, esse ordenamento jur\u00eddico n\u00e3o pode ser considerado como a \u00fanica via poss\u00edvel de salva\u00e7\u00e3o para a elucida\u00e7\u00e3o de crimes complexos, principalmente se o colaborador, ao inv\u00e9s de ter a sua pena reduzida, obtiver, com este instituto, a benevol\u00eancia do perd\u00e3o judicial, o que, por via de consequ\u00eancia, inaugura uma nova f\u00f3rmula da impunidade. \u00c9 exatamente isso que est\u00e1 ocorrendo hoje no rumoroso caso dos dois irm\u00e3os delatores, propriet\u00e1rios da JBS.<\/p>\n<p>Os notici\u00e1rios sobre a dela\u00e7\u00e3o de um dos \u201cIrm\u00e3os Metralha\u201d d\u00e3o conta de que ele confessou \u00e0 Procuradoria-Geral da Rep\u00fablica ter pagado cerca de R$ 600 milh\u00f5es de reais como suborno a mais de 1.800 pessoas, para facilitar os neg\u00f3cios de suas empresas. Por causa do acordo feito, foram multados em R$ 110 milh\u00f5es de reais cada um, para pagarem em 23 anos, e ainda ganharam o \u201cb\u00f4nus\u201d de residirem fora do pa\u00eds, mais precisamente em apartamentos de alt\u00edssimo luxo, localizado nada menos do que na famosa Quinta Avenida, em Nova York, um dos endere\u00e7os mais movimentados e mais caros do mundo. As perguntas que n\u00e3o querem calar s\u00e3o as seguintes: se os dois \u201cMetralhas\u201d v\u00e3o pagar, somados, R$ 220 milh\u00f5es de multa, onde est\u00e1 o restante da \u201cgrana\u201d que foi surrupiada e dividida para os corruptos? E quanto aos crimes de corrup\u00e7\u00e3o ativa, forma\u00e7\u00e3o de quadrilha, lavagem de dinheiro e outros mais que eles cometeram, n\u00e3o v\u00e3o pagar por eles?\u00a0 Por causa da dela\u00e7\u00e3o que se dispuseram a fazer, eles v\u00e3o escapar ilesos de qualquer inc\u00f4modo<br \/>\ncom a Justi\u00e7a? Est\u00e1 claro que a dela\u00e7\u00e3o feita por eles foi sem d\u00favida uma grande jogada, como, ali\u00e1s, eles sabem fazer muito bem.<\/p>\n<p>H\u00e1 quem defenda a tese de que a corrup\u00e7\u00e3o no pa\u00eds existe desde os tempos de Cabral. N\u00e3o o corrupto que est\u00e1 preso no pres\u00eddio de Bangu e que saqueou o Estado do Rio de Janeiro, mas o portugu\u00eas que chegou ao Brasil por acaso, no ano de 1.500.\u00a0 O que tem que ser colocado \u00e9 que a corrup\u00e7\u00e3o \u00e9 sist\u00eamica e que os valores saqueados s\u00e3o astron\u00f4micos. Se n\u00e3o nos valermos desse momento de limpeza que a Pol\u00edcia Federal e o Minist\u00e9rio P\u00fablico est\u00e3o nos proporcionando, continuaremos a ser um pa\u00eds de idiotas, trabalhando para engordar as ratazanas do poder.<\/p>\n<p>Quanto \u00e0s dela\u00e7\u00f5es, \u00e9 sabido que elas devem continuar. S\u00f3 que n\u00e3o precisam ser t\u00e3o \u201cpremiadas\u201d assim, pois, do contr\u00e1rio, ser\u00e3o mais um canal de est\u00edmulo \u00e0 impunidade.<\/p>\n","protected":false},"excerpt":{"rendered":"<p>Tudo que se falar hoje a respeito do cen\u00e1rio pol\u00edtico brasileiro envolvendo o Executivo, o Legislativo ou mesmo o Judici\u00e1rio, corre-se o risco de se tornar redundante. Os notici\u00e1rios, que n\u00e3o me deixam mentir, est\u00e3o a\u00ed diuturnamente mostrando os subterr\u00e2neos da pol\u00edtica nacional, e, por isso, vai a\u00ed uma frase bastante sugestiva: \u201cNunca antes na &#8230; <a title=\"A dela\u00e7\u00e3o premiada em xeque\" class=\"read-more\" href=\"https:\/\/anoticiaonline.com.br\/site\/a-delacao-premiada-em-xeque\/\" aria-label=\"Read more about A dela\u00e7\u00e3o premiada em xeque\">Ler mais<\/a><\/p>\n","protected":false},"author":2,"featured_media":0,"comment_status":"open","ping_status":"open","sticky":false,"template":"","format":"standard","meta":{"_acf_changed":false,"_monsterinsights_skip_tracking":false,"footnotes":""},"categories":[33],"tags":[],"class_list":["post-30893","post","type-post","status-publish","format-standard","hentry","category-politica-e-atualidades-francisco-laviola"],"acf":[],"aioseo_notices":[],"aioseo_head":"\n\t\t<!-- All in One SEO 5.0.0.1 - aioseo.com -->\n\t<meta name=\"description\" content=\"Tudo que se falar hoje a respeito do cen\u00e1rio pol\u00edtico brasileiro envolvendo o Executivo, o Legislativo ou mesmo o Judici\u00e1rio, corre-se o risco de se tornar redundante. Os notici\u00e1rios, que n\u00e3o me deixam mentir, est\u00e3o a\u00ed diuturnamente mostrando os subterr\u00e2neos da pol\u00edtica nacional, e, por isso, vai a\u00ed uma frase bastante sugestiva: \u201cNunca antes na\" \/>\n\t<meta name=\"robots\" content=\"max-image-preview:large\" \/>\n\t<meta name=\"author\" content=\"Juliana Laviola\"\/>\n\t<link rel=\"canonical\" href=\"https:\/\/anoticiaonline.com.br\/site\/a-delacao-premiada-em-xeque\/\" \/>\n\t<meta name=\"generator\" content=\"All in One SEO (AIOSEO) 5.0.0.1\" \/>\n\t\t<meta property=\"og:locale\" content=\"pt_BR\" \/>\n\t\t<meta property=\"og:site_name\" content=\"A Not\u00edcia Online - Noticias de Muria\u00e9 e regi\u00e3o\" \/>\n\t\t<meta property=\"og:type\" content=\"article\" \/>\n\t\t<meta property=\"og:title\" content=\"A dela\u00e7\u00e3o premiada em xeque - A Not\u00edcia Online\" \/>\n\t\t<meta property=\"og:description\" content=\"Tudo que se falar hoje a respeito do cen\u00e1rio pol\u00edtico brasileiro envolvendo o Executivo, o Legislativo ou mesmo o Judici\u00e1rio, corre-se o risco de se tornar redundante. Os notici\u00e1rios, que n\u00e3o me deixam mentir, est\u00e3o a\u00ed diuturnamente mostrando os subterr\u00e2neos da pol\u00edtica nacional, e, por isso, vai a\u00ed uma frase bastante sugestiva: \u201cNunca antes na\" \/>\n\t\t<meta property=\"og:url\" content=\"https:\/\/anoticiaonline.com.br\/site\/a-delacao-premiada-em-xeque\/\" \/>\n\t\t<meta property=\"og:image\" content=\"https:\/\/scontent-gig4-1.xx.fbcdn.net\/v\/t39.30808-1\/270437624_4564083193639691_6907940295614233970_n.jpg?stp=dst-jpg_s200x200_tt6&#038;_nc_cat=111&#038;ccb=1-7&#038;_nc_sid=f907e8&#038;_nc_ohc=SM1wRlP3lJwQ7kNvwEPuBYA&#038;_nc_oc=AdnqrjDN_BNjSSHWO-GbkIWH6fkGMLw4bqvL_NH6e2wMveX7G-rP2dAqsDSq1mJMOaY&#038;_nc_zt=24&#038;_nc_ht=scontent-gig4-1.xx&#038;_nc_gid=AoBFJeGrT1hVaew_6rchkQ&#038;oh=00_AfX7QmFGhQhG2jAllVgXCiM1ZrWgvtp80-Bfppyexh1QEg&#038;oe=689E923C\" \/>\n\t\t<meta property=\"og:image:secure_url\" content=\"https:\/\/scontent-gig4-1.xx.fbcdn.net\/v\/t39.30808-1\/270437624_4564083193639691_6907940295614233970_n.jpg?stp=dst-jpg_s200x200_tt6&#038;_nc_cat=111&#038;ccb=1-7&#038;_nc_sid=f907e8&#038;_nc_ohc=SM1wRlP3lJwQ7kNvwEPuBYA&#038;_nc_oc=AdnqrjDN_BNjSSHWO-GbkIWH6fkGMLw4bqvL_NH6e2wMveX7G-rP2dAqsDSq1mJMOaY&#038;_nc_zt=24&#038;_nc_ht=scontent-gig4-1.xx&#038;_nc_gid=AoBFJeGrT1hVaew_6rchkQ&#038;oh=00_AfX7QmFGhQhG2jAllVgXCiM1ZrWgvtp80-Bfppyexh1QEg&#038;oe=689E923C\" \/>\n\t\t<meta property=\"article:published_time\" content=\"2017-05-25T20:39:48+00:00\" \/>\n\t\t<meta property=\"article:modified_time\" content=\"2017-05-25T20:39:48+00:00\" \/>\n\t\t<meta name=\"twitter:card\" content=\"summary_large_image\" \/>\n\t\t<meta name=\"twitter:title\" content=\"A dela\u00e7\u00e3o premiada em xeque - A Not\u00edcia Online\" \/>\n\t\t<meta name=\"twitter:description\" content=\"Tudo que se falar hoje a respeito do cen\u00e1rio pol\u00edtico brasileiro envolvendo o Executivo, o Legislativo ou mesmo o Judici\u00e1rio, corre-se o risco de se tornar redundante. Os notici\u00e1rios, que n\u00e3o me deixam mentir, est\u00e3o a\u00ed diuturnamente mostrando os subterr\u00e2neos da pol\u00edtica nacional, e, por isso, vai a\u00ed uma frase bastante sugestiva: \u201cNunca antes na\" \/>\n\t\t<meta name=\"twitter:image\" content=\"https:\/\/scontent-gig4-1.xx.fbcdn.net\/v\/t39.30808-1\/270437624_4564083193639691_6907940295614233970_n.jpg?stp=dst-jpg_s200x200_tt6&amp;_nc_cat=111&amp;ccb=1-7&amp;_nc_sid=f907e8&amp;_nc_ohc=SM1wRlP3lJwQ7kNvwEPuBYA&amp;_nc_oc=AdnqrjDN_BNjSSHWO-GbkIWH6fkGMLw4bqvL_NH6e2wMveX7G-rP2dAqsDSq1mJMOaY&amp;_nc_zt=24&amp;_nc_ht=scontent-gig4-1.xx&amp;_nc_gid=AoBFJeGrT1hVaew_6rchkQ&amp;oh=00_AfX7QmFGhQhG2jAllVgXCiM1ZrWgvtp80-Bfppyexh1QEg&amp;oe=689E923C\" \/>\n\t\t<script type=\"application\/ld+json\" class=\"aioseo-schema\">\n\t\t\t{\"@context\":\"https:\\\/\\\/schema.org\",\"@graph\":[{\"@type\":\"BlogPosting\",\"@id\":\"https:\\\/\\\/anoticiaonline.com.br\\\/site\\\/a-delacao-premiada-em-xeque\\\/#blogposting\",\"name\":\"A dela\\u00e7\\u00e3o premiada em xeque - A Not\\u00edcia Online\",\"headline\":\"A dela\\u00e7\\u00e3o premiada em xeque\",\"author\":{\"@id\":\"https:\\\/\\\/anoticiaonline.com.br\\\/site\\\/author\\\/juliana\\\/#author\"},\"publisher\":{\"@id\":\"https:\\\/\\\/anoticiaonline.com.br\\\/site\\\/#organization\"},\"image\":{\"@type\":\"ImageObject\",\"url\":\"https:\\\/\\\/scontent-gig4-1.xx.fbcdn.net\\\/v\\\/t39.30808-1\\\/270437624_4564083193639691_6907940295614233970_n.jpg?stp=dst-jpg_s200x200_tt6&_nc_cat=111&ccb=1-7&_nc_sid=f907e8&_nc_ohc=SM1wRlP3lJwQ7kNvwEPuBYA&_nc_oc=AdnqrjDN_BNjSSHWO-GbkIWH6fkGMLw4bqvL_NH6e2wMveX7G-rP2dAqsDSq1mJMOaY&_nc_zt=24&_nc_ht=scontent-gig4-1.xx&_nc_gid=AoBFJeGrT1hVaew_6rchkQ&oh=00_AfX7QmFGhQhG2jAllVgXCiM1ZrWgvtp80-Bfppyexh1QEg&oe=689E923C\",\"@id\":\"https:\\\/\\\/anoticiaonline.com.br\\\/site\\\/#articleImage\"},\"datePublished\":\"2017-05-25T17:39:48-03:00\",\"dateModified\":\"2017-05-25T17:39:48-03:00\",\"inLanguage\":\"pt-BR\",\"mainEntityOfPage\":{\"@id\":\"https:\\\/\\\/anoticiaonline.com.br\\\/site\\\/a-delacao-premiada-em-xeque\\\/#webpage\"},\"isPartOf\":{\"@id\":\"https:\\\/\\\/anoticiaonline.com.br\\\/site\\\/a-delacao-premiada-em-xeque\\\/#webpage\"},\"articleSection\":\"Pol\\u00edtica e Atualidades - Francisco Laviola\"},{\"@type\":\"BreadcrumbList\",\"@id\":\"https:\\\/\\\/anoticiaonline.com.br\\\/site\\\/a-delacao-premiada-em-xeque\\\/#breadcrumblist\",\"itemListElement\":[{\"@type\":\"ListItem\",\"@id\":\"https:\\\/\\\/anoticiaonline.com.br\\\/site#listItem\",\"position\":1,\"name\":\"Home\",\"item\":\"https:\\\/\\\/anoticiaonline.com.br\\\/site\",\"nextItem\":{\"@type\":\"ListItem\",\"@id\":\"https:\\\/\\\/anoticiaonline.com.br\\\/site\\\/categoria\\\/colunistas\\\/#listItem\",\"name\":\"Colunistas\"}},{\"@type\":\"ListItem\",\"@id\":\"https:\\\/\\\/anoticiaonline.com.br\\\/site\\\/categoria\\\/colunistas\\\/#listItem\",\"position\":2,\"name\":\"Colunistas\",\"item\":\"https:\\\/\\\/anoticiaonline.com.br\\\/site\\\/categoria\\\/colunistas\\\/\",\"nextItem\":{\"@type\":\"ListItem\",\"@id\":\"https:\\\/\\\/anoticiaonline.com.br\\\/site\\\/categoria\\\/colunistas\\\/politica-e-atualidades-francisco-laviola\\\/#listItem\",\"name\":\"Pol\\u00edtica e Atualidades - Francisco Laviola\"},\"previousItem\":{\"@type\":\"ListItem\",\"@id\":\"https:\\\/\\\/anoticiaonline.com.br\\\/site#listItem\",\"name\":\"Home\"}},{\"@type\":\"ListItem\",\"@id\":\"https:\\\/\\\/anoticiaonline.com.br\\\/site\\\/categoria\\\/colunistas\\\/politica-e-atualidades-francisco-laviola\\\/#listItem\",\"position\":3,\"name\":\"Pol\\u00edtica e Atualidades - Francisco Laviola\",\"item\":\"https:\\\/\\\/anoticiaonline.com.br\\\/site\\\/categoria\\\/colunistas\\\/politica-e-atualidades-francisco-laviola\\\/\",\"nextItem\":{\"@type\":\"ListItem\",\"@id\":\"https:\\\/\\\/anoticiaonline.com.br\\\/site\\\/a-delacao-premiada-em-xeque\\\/#listItem\",\"name\":\"A dela\\u00e7\\u00e3o premiada em xeque\"},\"previousItem\":{\"@type\":\"ListItem\",\"@id\":\"https:\\\/\\\/anoticiaonline.com.br\\\/site\\\/categoria\\\/colunistas\\\/#listItem\",\"name\":\"Colunistas\"}},{\"@type\":\"ListItem\",\"@id\":\"https:\\\/\\\/anoticiaonline.com.br\\\/site\\\/a-delacao-premiada-em-xeque\\\/#listItem\",\"position\":4,\"name\":\"A dela\\u00e7\\u00e3o premiada em xeque\",\"previousItem\":{\"@type\":\"ListItem\",\"@id\":\"https:\\\/\\\/anoticiaonline.com.br\\\/site\\\/categoria\\\/colunistas\\\/politica-e-atualidades-francisco-laviola\\\/#listItem\",\"name\":\"Pol\\u00edtica e Atualidades - Francisco Laviola\"}}]},{\"@type\":\"Organization\",\"@id\":\"https:\\\/\\\/anoticiaonline.com.br\\\/site\\\/#organization\",\"name\":\"A Not\\u00edcia Online\",\"description\":\"Noticias de Muria\\u00e9 e regi\\u00e3o\",\"url\":\"https:\\\/\\\/anoticiaonline.com.br\\\/site\\\/\",\"logo\":{\"@type\":\"ImageObject\",\"url\":\"https:\\\/\\\/scontent-gig4-1.xx.fbcdn.net\\\/v\\\/t39.30808-1\\\/270437624_4564083193639691_6907940295614233970_n.jpg?stp=dst-jpg_s200x200_tt6&_nc_cat=111&ccb=1-7&_nc_sid=f907e8&_nc_ohc=SM1wRlP3lJwQ7kNvwEPuBYA&_nc_oc=AdnqrjDN_BNjSSHWO-GbkIWH6fkGMLw4bqvL_NH6e2wMveX7G-rP2dAqsDSq1mJMOaY&_nc_zt=24&_nc_ht=scontent-gig4-1.xx&_nc_gid=AoBFJeGrT1hVaew_6rchkQ&oh=00_AfX7QmFGhQhG2jAllVgXCiM1ZrWgvtp80-Bfppyexh1QEg&oe=689E923C\",\"@id\":\"https:\\\/\\\/anoticiaonline.com.br\\\/site\\\/a-delacao-premiada-em-xeque\\\/#organizationLogo\"},\"image\":{\"@id\":\"https:\\\/\\\/anoticiaonline.com.br\\\/site\\\/a-delacao-premiada-em-xeque\\\/#organizationLogo\"}},{\"@type\":\"Person\",\"@id\":\"https:\\\/\\\/anoticiaonline.com.br\\\/site\\\/author\\\/juliana\\\/#author\",\"url\":\"https:\\\/\\\/anoticiaonline.com.br\\\/site\\\/author\\\/juliana\\\/\",\"name\":\"Juliana Laviola\",\"image\":{\"@type\":\"ImageObject\",\"@id\":\"https:\\\/\\\/anoticiaonline.com.br\\\/site\\\/a-delacao-premiada-em-xeque\\\/#authorImage\",\"url\":\"https:\\\/\\\/secure.gravatar.com\\\/avatar\\\/b8d45f5c699b100dfaf0e543582f38f38bf94cb7ae3a5e9abf8d891a34773335?s=96&d=mm&r=g\",\"width\":96,\"height\":96,\"caption\":\"Juliana Laviola\"}},{\"@type\":\"WebPage\",\"@id\":\"https:\\\/\\\/anoticiaonline.com.br\\\/site\\\/a-delacao-premiada-em-xeque\\\/#webpage\",\"url\":\"https:\\\/\\\/anoticiaonline.com.br\\\/site\\\/a-delacao-premiada-em-xeque\\\/\",\"name\":\"A dela\\u00e7\\u00e3o premiada em xeque - A Not\\u00edcia Online\",\"description\":\"Tudo que se falar hoje a respeito do cen\\u00e1rio pol\\u00edtico brasileiro envolvendo o Executivo, o Legislativo ou mesmo o Judici\\u00e1rio, corre-se o risco de se tornar redundante. Os notici\\u00e1rios, que n\\u00e3o me deixam mentir, est\\u00e3o a\\u00ed diuturnamente mostrando os subterr\\u00e2neos da pol\\u00edtica nacional, e, por isso, vai a\\u00ed uma frase bastante sugestiva: \\u201cNunca antes na\",\"inLanguage\":\"pt-BR\",\"isPartOf\":{\"@id\":\"https:\\\/\\\/anoticiaonline.com.br\\\/site\\\/#website\"},\"breadcrumb\":{\"@id\":\"https:\\\/\\\/anoticiaonline.com.br\\\/site\\\/a-delacao-premiada-em-xeque\\\/#breadcrumblist\"},\"author\":{\"@id\":\"https:\\\/\\\/anoticiaonline.com.br\\\/site\\\/author\\\/juliana\\\/#author\"},\"creator\":{\"@id\":\"https:\\\/\\\/anoticiaonline.com.br\\\/site\\\/author\\\/juliana\\\/#author\"},\"datePublished\":\"2017-05-25T17:39:48-03:00\",\"dateModified\":\"2017-05-25T17:39:48-03:00\"},{\"@type\":\"WebSite\",\"@id\":\"https:\\\/\\\/anoticiaonline.com.br\\\/site\\\/#website\",\"url\":\"https:\\\/\\\/anoticiaonline.com.br\\\/site\\\/\",\"name\":\"A Not\\u00edcia Online\",\"description\":\"Noticias de Muria\\u00e9 e regi\\u00e3o\",\"inLanguage\":\"pt-BR\",\"publisher\":{\"@id\":\"https:\\\/\\\/anoticiaonline.com.br\\\/site\\\/#organization\"}}]}\n\t\t<\/script>\n\t\t<!-- All in One SEO -->\n\n","aioseo_head_json":{"title":"A dela\u00e7\u00e3o premiada em xeque - A Not\u00edcia Online","description":"Tudo que se falar hoje a respeito do cen\u00e1rio pol\u00edtico brasileiro envolvendo o Executivo, o Legislativo ou mesmo o Judici\u00e1rio, corre-se o risco de se tornar redundante. Os notici\u00e1rios, que n\u00e3o me deixam mentir, est\u00e3o a\u00ed diuturnamente mostrando os subterr\u00e2neos da pol\u00edtica nacional, e, por isso, vai a\u00ed uma frase bastante sugestiva: \u201cNunca antes na","canonical_url":"https:\/\/anoticiaonline.com.br\/site\/a-delacao-premiada-em-xeque\/","robots":"max-image-preview:large","keywords":"","webmasterTools":{"miscellaneous":""},"schema":{"@context":"https:\/\/schema.org","@graph":[{"@type":"BlogPosting","@id":"https:\/\/anoticiaonline.com.br\/site\/a-delacao-premiada-em-xeque\/#blogposting","name":"A dela\u00e7\u00e3o premiada em xeque - A Not\u00edcia Online","headline":"A dela\u00e7\u00e3o premiada em xeque","author":{"@id":"https:\/\/anoticiaonline.com.br\/site\/author\/juliana\/#author"},"publisher":{"@id":"https:\/\/anoticiaonline.com.br\/site\/#organization"},"image":{"@type":"ImageObject","url":"https:\/\/scontent-gig4-1.xx.fbcdn.net\/v\/t39.30808-1\/270437624_4564083193639691_6907940295614233970_n.jpg?stp=dst-jpg_s200x200_tt6&_nc_cat=111&ccb=1-7&_nc_sid=f907e8&_nc_ohc=SM1wRlP3lJwQ7kNvwEPuBYA&_nc_oc=AdnqrjDN_BNjSSHWO-GbkIWH6fkGMLw4bqvL_NH6e2wMveX7G-rP2dAqsDSq1mJMOaY&_nc_zt=24&_nc_ht=scontent-gig4-1.xx&_nc_gid=AoBFJeGrT1hVaew_6rchkQ&oh=00_AfX7QmFGhQhG2jAllVgXCiM1ZrWgvtp80-Bfppyexh1QEg&oe=689E923C","@id":"https:\/\/anoticiaonline.com.br\/site\/#articleImage"},"datePublished":"2017-05-25T17:39:48-03:00","dateModified":"2017-05-25T17:39:48-03:00","inLanguage":"pt-BR","mainEntityOfPage":{"@id":"https:\/\/anoticiaonline.com.br\/site\/a-delacao-premiada-em-xeque\/#webpage"},"isPartOf":{"@id":"https:\/\/anoticiaonline.com.br\/site\/a-delacao-premiada-em-xeque\/#webpage"},"articleSection":"Pol\u00edtica e Atualidades - Francisco Laviola"},{"@type":"BreadcrumbList","@id":"https:\/\/anoticiaonline.com.br\/site\/a-delacao-premiada-em-xeque\/#breadcrumblist","itemListElement":[{"@type":"ListItem","@id":"https:\/\/anoticiaonline.com.br\/site#listItem","position":1,"name":"Home","item":"https:\/\/anoticiaonline.com.br\/site","nextItem":{"@type":"ListItem","@id":"https:\/\/anoticiaonline.com.br\/site\/categoria\/colunistas\/#listItem","name":"Colunistas"}},{"@type":"ListItem","@id":"https:\/\/anoticiaonline.com.br\/site\/categoria\/colunistas\/#listItem","position":2,"name":"Colunistas","item":"https:\/\/anoticiaonline.com.br\/site\/categoria\/colunistas\/","nextItem":{"@type":"ListItem","@id":"https:\/\/anoticiaonline.com.br\/site\/categoria\/colunistas\/politica-e-atualidades-francisco-laviola\/#listItem","name":"Pol\u00edtica e Atualidades - Francisco Laviola"},"previousItem":{"@type":"ListItem","@id":"https:\/\/anoticiaonline.com.br\/site#listItem","name":"Home"}},{"@type":"ListItem","@id":"https:\/\/anoticiaonline.com.br\/site\/categoria\/colunistas\/politica-e-atualidades-francisco-laviola\/#listItem","position":3,"name":"Pol\u00edtica e Atualidades - Francisco Laviola","item":"https:\/\/anoticiaonline.com.br\/site\/categoria\/colunistas\/politica-e-atualidades-francisco-laviola\/","nextItem":{"@type":"ListItem","@id":"https:\/\/anoticiaonline.com.br\/site\/a-delacao-premiada-em-xeque\/#listItem","name":"A dela\u00e7\u00e3o premiada em xeque"},"previousItem":{"@type":"ListItem","@id":"https:\/\/anoticiaonline.com.br\/site\/categoria\/colunistas\/#listItem","name":"Colunistas"}},{"@type":"ListItem","@id":"https:\/\/anoticiaonline.com.br\/site\/a-delacao-premiada-em-xeque\/#listItem","position":4,"name":"A dela\u00e7\u00e3o premiada em xeque","previousItem":{"@type":"ListItem","@id":"https:\/\/anoticiaonline.com.br\/site\/categoria\/colunistas\/politica-e-atualidades-francisco-laviola\/#listItem","name":"Pol\u00edtica e Atualidades - Francisco Laviola"}}]},{"@type":"Organization","@id":"https:\/\/anoticiaonline.com.br\/site\/#organization","name":"A Not\u00edcia Online","description":"Noticias de Muria\u00e9 e regi\u00e3o","url":"https:\/\/anoticiaonline.com.br\/site\/","logo":{"@type":"ImageObject","url":"https:\/\/scontent-gig4-1.xx.fbcdn.net\/v\/t39.30808-1\/270437624_4564083193639691_6907940295614233970_n.jpg?stp=dst-jpg_s200x200_tt6&_nc_cat=111&ccb=1-7&_nc_sid=f907e8&_nc_ohc=SM1wRlP3lJwQ7kNvwEPuBYA&_nc_oc=AdnqrjDN_BNjSSHWO-GbkIWH6fkGMLw4bqvL_NH6e2wMveX7G-rP2dAqsDSq1mJMOaY&_nc_zt=24&_nc_ht=scontent-gig4-1.xx&_nc_gid=AoBFJeGrT1hVaew_6rchkQ&oh=00_AfX7QmFGhQhG2jAllVgXCiM1ZrWgvtp80-Bfppyexh1QEg&oe=689E923C","@id":"https:\/\/anoticiaonline.com.br\/site\/a-delacao-premiada-em-xeque\/#organizationLogo"},"image":{"@id":"https:\/\/anoticiaonline.com.br\/site\/a-delacao-premiada-em-xeque\/#organizationLogo"}},{"@type":"Person","@id":"https:\/\/anoticiaonline.com.br\/site\/author\/juliana\/#author","url":"https:\/\/anoticiaonline.com.br\/site\/author\/juliana\/","name":"Juliana Laviola","image":{"@type":"ImageObject","@id":"https:\/\/anoticiaonline.com.br\/site\/a-delacao-premiada-em-xeque\/#authorImage","url":"https:\/\/secure.gravatar.com\/avatar\/b8d45f5c699b100dfaf0e543582f38f38bf94cb7ae3a5e9abf8d891a34773335?s=96&d=mm&r=g","width":96,"height":96,"caption":"Juliana Laviola"}},{"@type":"WebPage","@id":"https:\/\/anoticiaonline.com.br\/site\/a-delacao-premiada-em-xeque\/#webpage","url":"https:\/\/anoticiaonline.com.br\/site\/a-delacao-premiada-em-xeque\/","name":"A dela\u00e7\u00e3o premiada em xeque - A Not\u00edcia Online","description":"Tudo que se falar hoje a respeito do cen\u00e1rio pol\u00edtico brasileiro envolvendo o Executivo, o Legislativo ou mesmo o Judici\u00e1rio, corre-se o risco de se tornar redundante. Os notici\u00e1rios, que n\u00e3o me deixam mentir, est\u00e3o a\u00ed diuturnamente mostrando os subterr\u00e2neos da pol\u00edtica nacional, e, por isso, vai a\u00ed uma frase bastante sugestiva: \u201cNunca antes na","inLanguage":"pt-BR","isPartOf":{"@id":"https:\/\/anoticiaonline.com.br\/site\/#website"},"breadcrumb":{"@id":"https:\/\/anoticiaonline.com.br\/site\/a-delacao-premiada-em-xeque\/#breadcrumblist"},"author":{"@id":"https:\/\/anoticiaonline.com.br\/site\/author\/juliana\/#author"},"creator":{"@id":"https:\/\/anoticiaonline.com.br\/site\/author\/juliana\/#author"},"datePublished":"2017-05-25T17:39:48-03:00","dateModified":"2017-05-25T17:39:48-03:00"},{"@type":"WebSite","@id":"https:\/\/anoticiaonline.com.br\/site\/#website","url":"https:\/\/anoticiaonline.com.br\/site\/","name":"A Not\u00edcia Online","description":"Noticias de Muria\u00e9 e regi\u00e3o","inLanguage":"pt-BR","publisher":{"@id":"https:\/\/anoticiaonline.com.br\/site\/#organization"}}]},"og:locale":"pt_BR","og:site_name":"A Not\u00edcia Online - Noticias de Muria\u00e9 e regi\u00e3o","og:type":"article","og:title":"A dela\u00e7\u00e3o premiada em xeque - A Not\u00edcia Online","og:description":"Tudo que se falar hoje a respeito do cen\u00e1rio pol\u00edtico brasileiro envolvendo o Executivo, o Legislativo ou mesmo o Judici\u00e1rio, corre-se o risco de se tornar redundante. Os notici\u00e1rios, que n\u00e3o me deixam mentir, est\u00e3o a\u00ed diuturnamente mostrando os subterr\u00e2neos da pol\u00edtica nacional, e, por isso, vai a\u00ed uma frase bastante sugestiva: \u201cNunca antes na","og:url":"https:\/\/anoticiaonline.com.br\/site\/a-delacao-premiada-em-xeque\/","og:image":"https:\/\/scontent-gig4-1.xx.fbcdn.net\/v\/t39.30808-1\/270437624_4564083193639691_6907940295614233970_n.jpg?stp=dst-jpg_s200x200_tt6&#038;_nc_cat=111&#038;ccb=1-7&#038;_nc_sid=f907e8&#038;_nc_ohc=SM1wRlP3lJwQ7kNvwEPuBYA&#038;_nc_oc=AdnqrjDN_BNjSSHWO-GbkIWH6fkGMLw4bqvL_NH6e2wMveX7G-rP2dAqsDSq1mJMOaY&#038;_nc_zt=24&#038;_nc_ht=scontent-gig4-1.xx&#038;_nc_gid=AoBFJeGrT1hVaew_6rchkQ&#038;oh=00_AfX7QmFGhQhG2jAllVgXCiM1ZrWgvtp80-Bfppyexh1QEg&#038;oe=689E923C","og:image:secure_url":"https:\/\/scontent-gig4-1.xx.fbcdn.net\/v\/t39.30808-1\/270437624_4564083193639691_6907940295614233970_n.jpg?stp=dst-jpg_s200x200_tt6&#038;_nc_cat=111&#038;ccb=1-7&#038;_nc_sid=f907e8&#038;_nc_ohc=SM1wRlP3lJwQ7kNvwEPuBYA&#038;_nc_oc=AdnqrjDN_BNjSSHWO-GbkIWH6fkGMLw4bqvL_NH6e2wMveX7G-rP2dAqsDSq1mJMOaY&#038;_nc_zt=24&#038;_nc_ht=scontent-gig4-1.xx&#038;_nc_gid=AoBFJeGrT1hVaew_6rchkQ&#038;oh=00_AfX7QmFGhQhG2jAllVgXCiM1ZrWgvtp80-Bfppyexh1QEg&#038;oe=689E923C","article:published_time":"2017-05-25T20:39:48+00:00","article:modified_time":"2017-05-25T20:39:48+00:00","twitter:card":"summary_large_image","twitter:title":"A dela\u00e7\u00e3o premiada em xeque - A Not\u00edcia Online","twitter:description":"Tudo que se falar hoje a respeito do cen\u00e1rio pol\u00edtico brasileiro envolvendo o Executivo, o Legislativo ou mesmo o Judici\u00e1rio, corre-se o risco de se tornar redundante. Os notici\u00e1rios, que n\u00e3o me deixam mentir, est\u00e3o a\u00ed diuturnamente mostrando os subterr\u00e2neos da pol\u00edtica nacional, e, por isso, vai a\u00ed uma frase bastante sugestiva: \u201cNunca antes na","twitter:image":"https:\/\/scontent-gig4-1.xx.fbcdn.net\/v\/t39.30808-1\/270437624_4564083193639691_6907940295614233970_n.jpg?stp=dst-jpg_s200x200_tt6&_nc_cat=111&ccb=1-7&_nc_sid=f907e8&_nc_ohc=SM1wRlP3lJwQ7kNvwEPuBYA&_nc_oc=AdnqrjDN_BNjSSHWO-GbkIWH6fkGMLw4bqvL_NH6e2wMveX7G-rP2dAqsDSq1mJMOaY&_nc_zt=24&_nc_ht=scontent-gig4-1.xx&_nc_gid=AoBFJeGrT1hVaew_6rchkQ&oh=00_AfX7QmFGhQhG2jAllVgXCiM1ZrWgvtp80-Bfppyexh1QEg&oe=689E923C"},"aioseo_meta_data":{"post_id":"30893","title":null,"description":null,"keywords":null,"keyphrases":null,"primary_term":null,"canonical_url":null,"og_title":null,"og_description":null,"og_object_type":"default","og_image_type":"default","og_image_url":null,"og_image_width":null,"og_image_height":null,"og_image_custom_url":null,"og_image_custom_fields":null,"og_video":null,"og_custom_url":null,"og_article_section":null,"og_article_tags":null,"twitter_use_og":false,"twitter_card":"default","twitter_image_type":"default","twitter_image_url":null,"twitter_image_custom_url":null,"twitter_image_custom_fields":null,"twitter_title":null,"twitter_description":null,"schema":{"blockGraphs":[],"customGraphs":[],"default":{"data":{"Article":[],"Course":[],"Dataset":[],"FAQPage":[],"Movie":[],"Person":[],"Product":[],"ProductReview":[],"Car":[],"Recipe":[],"Service":[],"SoftwareApplication":[],"WebPage":[]},"graphName":"","isEnabled":true},"graphs":[]},"schema_type":"default","schema_type_options":null,"pillar_content":false,"robots_default":true,"robots_noindex":false,"robots_noarchive":false,"robots_nosnippet":false,"robots_nofollow":false,"robots_noimageindex":false,"robots_noodp":false,"robots_notranslate":false,"robots_max_snippet":null,"robots_max_videopreview":null,"robots_max_imagepreview":"large","priority":null,"frequency":null,"local_seo":null,"breadcrumb_settings":null,"limit_modified_date":false,"ai":null,"created":"2025-08-16 18:26:19","updated":"2025-08-16 18:26:19","focus_keyword":null,"additional_keywords":null,"truseo_locale":null,"seo_analyzer_scan_date":null},"aioseo_breadcrumb":"<div class=\"aioseo-breadcrumbs\"><span class=\"aioseo-breadcrumb\">\n\t\t\t<a href=\"https:\/\/anoticiaonline.com.br\/site\" title=\"Home\">Home<\/a>\n\t\t<\/span><span class=\"aioseo-breadcrumb-separator\">&raquo;<\/span><span class=\"aioseo-breadcrumb\">\n\t\t\t<a href=\"https:\/\/anoticiaonline.com.br\/site\/categoria\/colunistas\/\" title=\"Colunistas\">Colunistas<\/a>\n\t\t<\/span><span class=\"aioseo-breadcrumb-separator\">&raquo;<\/span><span class=\"aioseo-breadcrumb\">\n\t\t\t<a href=\"https:\/\/anoticiaonline.com.br\/site\/categoria\/colunistas\/politica-e-atualidades-francisco-laviola\/\" title=\"Pol\u00edtica e Atualidades - Francisco Laviola\">Pol\u00edtica e Atualidades - Francisco Laviola<\/a>\n\t\t<\/span><span class=\"aioseo-breadcrumb-separator\">&raquo;<\/span><span class=\"aioseo-breadcrumb\">\n\t\t\tA dela\u00e7\u00e3o premiada em xeque\n\t\t<\/span><\/div>","aioseo_breadcrumb_json":[{"label":"Home","link":"https:\/\/anoticiaonline.com.br\/site"},{"label":"Colunistas","link":"https:\/\/anoticiaonline.com.br\/site\/categoria\/colunistas\/"},{"label":"Pol\u00edtica e Atualidades - Francisco Laviola","link":"https:\/\/anoticiaonline.com.br\/site\/categoria\/colunistas\/politica-e-atualidades-francisco-laviola\/"},{"label":"A dela\u00e7\u00e3o premiada em xeque","link":"https:\/\/anoticiaonline.com.br\/site\/a-delacao-premiada-em-xeque\/"}],"views":143,"_links":{"self":[{"href":"https:\/\/anoticiaonline.com.br\/site\/wp-json\/wp\/v2\/posts\/30893","targetHints":{"allow":["GET"]}}],"collection":[{"href":"https:\/\/anoticiaonline.com.br\/site\/wp-json\/wp\/v2\/posts"}],"about":[{"href":"https:\/\/anoticiaonline.com.br\/site\/wp-json\/wp\/v2\/types\/post"}],"author":[{"embeddable":true,"href":"https:\/\/anoticiaonline.com.br\/site\/wp-json\/wp\/v2\/users\/2"}],"replies":[{"embeddable":true,"href":"https:\/\/anoticiaonline.com.br\/site\/wp-json\/wp\/v2\/comments?post=30893"}],"version-history":[{"count":0,"href":"https:\/\/anoticiaonline.com.br\/site\/wp-json\/wp\/v2\/posts\/30893\/revisions"}],"wp:attachment":[{"href":"https:\/\/anoticiaonline.com.br\/site\/wp-json\/wp\/v2\/media?parent=30893"}],"wp:term":[{"taxonomy":"category","embeddable":true,"href":"https:\/\/anoticiaonline.com.br\/site\/wp-json\/wp\/v2\/categories?post=30893"},{"taxonomy":"post_tag","embeddable":true,"href":"https:\/\/anoticiaonline.com.br\/site\/wp-json\/wp\/v2\/tags?post=30893"}],"curies":[{"name":"wp","href":"https:\/\/api.w.org\/{rel}","templated":true}]}}