{"id":30756,"date":"2017-05-25T11:22:42","date_gmt":"2017-05-25T14:22:42","guid":{"rendered":"http:\/\/anoticiaonline.com.br\/site\/?p=30756"},"modified":"2017-06-22T20:13:03","modified_gmt":"2017-06-22T23:13:03","slug":"demsur-promove-roda-de-conversa-sobre-acoes-socioambientais","status":"publish","type":"post","link":"https:\/\/anoticiaonline.com.br\/site\/demsur-promove-roda-de-conversa-sobre-acoes-socioambientais\/","title":{"rendered":"Demsur promove roda de conversa sobre a\u00e7\u00f5es socioambientais"},"content":{"rendered":"<p><a href=\"https:\/\/anoticiaonline.com.br\/site\/wp-content\/uploads\/2017\/05\/WhatsApp-Image-2017-05-25-at-11.19.58.jpeg\"><img fetchpriority=\"high\" decoding=\"async\" class=\" size-medium wp-image-30757 alignleft\" src=\"https:\/\/anoticiaonline.com.br\/site\/wp-content\/uploads\/2017\/05\/WhatsApp-Image-2017-05-25-at-11.19.58-300x190.jpeg\" alt=\"WhatsApp Image 2017-05-25 at 11.19.58\" width=\"300\" height=\"190\" srcset=\"https:\/\/anoticiaonline.com.br\/site\/wp-content\/uploads\/2017\/05\/WhatsApp-Image-2017-05-25-at-11.19.58-300x190.jpeg 300w, https:\/\/anoticiaonline.com.br\/site\/wp-content\/uploads\/2017\/05\/WhatsApp-Image-2017-05-25-at-11.19.58.jpeg 640w\" sizes=\"(max-width: 300px) 100vw, 300px\" \/><\/a>Com o objetivo de promover a integra\u00e7\u00e3o de a\u00e7\u00f5es socioambientais no munic\u00edpio, a diretoria do Demsur promoveu uma roda de conversa. A reuni\u00e3o, que aconteceu na tarde de quarta-feira (24), no audit\u00f3rio da Secretaria de Educa\u00e7\u00e3o, no Centro Administrativo, foi conduzida pela engenheira ambiental e pela assistente social do Demsur, Luisa Ferolla e Kelly Christini Em\u00edlio, respectivamente. O encontro contou com a participa\u00e7\u00e3o de representantes das secretarias municipais de Muria\u00e9, do IF Sudeste, da Pol\u00edcia Militar do Meio Ambiente, do terceiro setor e de monitores do Projeto \u201cMinas Reciclando Atitudes, Repensando o Futuro\u201d.<\/p>\n<p>O objetivo foi criar um comit\u00ea gestor para conduzir uma a\u00e7\u00e3o de medidas socioambientais em Muria\u00e9, as quais partiriam para o fortalecimento e reestrutura\u00e7\u00e3o da coleta seletiva.<\/p>\n<p>O diretor-geral do Demsur, Geraldo J\u00fanior, reafirmou o compromisso da autarquia em trabalhar para garantir o bem-estar da popula\u00e7\u00e3o, atrav\u00e9s de um ambiente limpo e saud\u00e1vel. \u201cO Demsur promove campanhas de conscientiza\u00e7\u00e3o e educa\u00e7\u00e3o ambiental. N\u00f3s acreditamos que a coopera\u00e7\u00e3o e parceria entre diversos setores da sociedade pode garantir o desenvolvimento de projetos mais consistentes e com maior engajamento da comunidade\u201d, diz. Geraldo J\u00fanior afirmou ainda que \u00e9 \u201cnot\u00f3rio o grande trabalho que ainda precisa ser feito para que a cidade consiga ter um desenvolvimento sustent\u00e1vel cont\u00ednuo e a garantia da qualidade de vida para toda a popula\u00e7\u00e3o, mas tenho a certeza de que o trabalho conjunto \u00e9 a chave para o sucesso\u201d.<\/p>\n<p>Durante o encontro, Luisa Ferolla, Kelly Christini e o coordenador do Departamento de Limpeza Urbana do Demsur, Alcemar Felizardo, apresentaram as iniciativas socioambientais em andamento na autarquia e convidaram os presentes a se unir e apoiar o desenvolvimentos dos projetos.<\/p>\n<p>Os convidados tamb\u00e9m puderam mostrar as a\u00e7\u00f5es que est\u00e3o sendo realizadas por eles e propor parcerias com a autarquia. Uma nova reuni\u00e3o para a composi\u00e7\u00e3o do comit\u00ea gestor est\u00e1 agendada para o dia 13 de junho, \u00e0s 14h, no mesmo local.<\/p>\n","protected":false},"excerpt":{"rendered":"<p>Com o objetivo de promover a integra\u00e7\u00e3o de a\u00e7\u00f5es socioambientais no munic\u00edpio, a diretoria do Demsur promoveu uma roda de conversa. A reuni\u00e3o, que aconteceu na tarde de quarta-feira (24), no audit\u00f3rio da Secretaria de Educa\u00e7\u00e3o, no Centro Administrativo, foi conduzida pela engenheira ambiental e pela assistente social do Demsur, Luisa Ferolla e Kelly Christini &#8230; <a title=\"Demsur promove roda de conversa sobre a\u00e7\u00f5es socioambientais\" class=\"read-more\" href=\"https:\/\/anoticiaonline.com.br\/site\/demsur-promove-roda-de-conversa-sobre-acoes-socioambientais\/\" aria-label=\"Read more about Demsur promove roda de conversa sobre a\u00e7\u00f5es socioambientais\">Ler mais<\/a><\/p>\n","protected":false},"author":2,"featured_media":30757,"comment_status":"open","ping_status":"open","sticky":false,"template":"","format":"standard","meta":{"_acf_changed":false,"_monsterinsights_skip_tracking":false,"footnotes":""},"categories":[30],"tags":[244,115,74,242,3],"class_list":["post-30756","post","type-post","status-publish","format-standard","has-post-thumbnail","hentry","category-muriae","tag-acoes-ambientais","tag-demsur","tag-muriae","tag-roda-conversa","tag-slide"],"acf":[],"aioseo_notices":[],"aioseo_head":"\n\t\t<!-- All in One SEO 5.0.0.1 - aioseo.com -->\n\t<meta name=\"description\" content=\"Com o objetivo de promover a integra\u00e7\u00e3o de a\u00e7\u00f5es socioambientais no munic\u00edpio, a diretoria do Demsur promoveu uma roda de conversa. A reuni\u00e3o, que aconteceu na tarde de quarta-feira (24), no audit\u00f3rio da Secretaria de Educa\u00e7\u00e3o, no Centro Administrativo, foi conduzida pela engenheira ambiental e pela assistente social do Demsur, Luisa Ferolla e Kelly Christini\" \/>\n\t<meta name=\"robots\" content=\"max-image-preview:large\" \/>\n\t<meta name=\"author\" content=\"Juliana Laviola\"\/>\n\t<link rel=\"canonical\" href=\"https:\/\/anoticiaonline.com.br\/site\/demsur-promove-roda-de-conversa-sobre-acoes-socioambientais\/\" \/>\n\t<meta name=\"generator\" content=\"All in One SEO (AIOSEO) 5.0.0.1\" \/>\n\t\t<meta property=\"og:locale\" content=\"pt_BR\" \/>\n\t\t<meta property=\"og:site_name\" content=\"A Not\u00edcia Online - Noticias de Muria\u00e9 e regi\u00e3o\" \/>\n\t\t<meta property=\"og:type\" content=\"article\" \/>\n\t\t<meta property=\"og:title\" content=\"Demsur promove roda de conversa sobre a\u00e7\u00f5es socioambientais - A Not\u00edcia Online\" \/>\n\t\t<meta property=\"og:description\" content=\"Com o objetivo de promover a integra\u00e7\u00e3o de a\u00e7\u00f5es socioambientais no munic\u00edpio, a diretoria do Demsur promoveu uma roda de conversa. A reuni\u00e3o, que aconteceu na tarde de quarta-feira (24), no audit\u00f3rio da Secretaria de Educa\u00e7\u00e3o, no Centro Administrativo, foi conduzida pela engenheira ambiental e pela assistente social do Demsur, Luisa Ferolla e Kelly Christini\" \/>\n\t\t<meta property=\"og:url\" content=\"https:\/\/anoticiaonline.com.br\/site\/demsur-promove-roda-de-conversa-sobre-acoes-socioambientais\/\" \/>\n\t\t<meta property=\"og:image\" content=\"https:\/\/scontent-gig4-1.xx.fbcdn.net\/v\/t39.30808-1\/270437624_4564083193639691_6907940295614233970_n.jpg?stp=dst-jpg_s200x200_tt6&#038;_nc_cat=111&#038;ccb=1-7&#038;_nc_sid=f907e8&#038;_nc_ohc=SM1wRlP3lJwQ7kNvwEPuBYA&#038;_nc_oc=AdnqrjDN_BNjSSHWO-GbkIWH6fkGMLw4bqvL_NH6e2wMveX7G-rP2dAqsDSq1mJMOaY&#038;_nc_zt=24&#038;_nc_ht=scontent-gig4-1.xx&#038;_nc_gid=AoBFJeGrT1hVaew_6rchkQ&#038;oh=00_AfX7QmFGhQhG2jAllVgXCiM1ZrWgvtp80-Bfppyexh1QEg&#038;oe=689E923C\" \/>\n\t\t<meta property=\"og:image:secure_url\" content=\"https:\/\/scontent-gig4-1.xx.fbcdn.net\/v\/t39.30808-1\/270437624_4564083193639691_6907940295614233970_n.jpg?stp=dst-jpg_s200x200_tt6&#038;_nc_cat=111&#038;ccb=1-7&#038;_nc_sid=f907e8&#038;_nc_ohc=SM1wRlP3lJwQ7kNvwEPuBYA&#038;_nc_oc=AdnqrjDN_BNjSSHWO-GbkIWH6fkGMLw4bqvL_NH6e2wMveX7G-rP2dAqsDSq1mJMOaY&#038;_nc_zt=24&#038;_nc_ht=scontent-gig4-1.xx&#038;_nc_gid=AoBFJeGrT1hVaew_6rchkQ&#038;oh=00_AfX7QmFGhQhG2jAllVgXCiM1ZrWgvtp80-Bfppyexh1QEg&#038;oe=689E923C\" \/>\n\t\t<meta property=\"article:published_time\" content=\"2017-05-25T14:22:42+00:00\" \/>\n\t\t<meta property=\"article:modified_time\" content=\"2017-06-22T23:13:03+00:00\" \/>\n\t\t<meta name=\"twitter:card\" content=\"summary_large_image\" \/>\n\t\t<meta name=\"twitter:title\" content=\"Demsur promove roda de conversa sobre a\u00e7\u00f5es socioambientais - A Not\u00edcia Online\" \/>\n\t\t<meta name=\"twitter:description\" content=\"Com o objetivo de promover a integra\u00e7\u00e3o de a\u00e7\u00f5es socioambientais no munic\u00edpio, a diretoria do Demsur promoveu uma roda de conversa. A reuni\u00e3o, que aconteceu na tarde de quarta-feira (24), no audit\u00f3rio da Secretaria de Educa\u00e7\u00e3o, no Centro Administrativo, foi conduzida pela engenheira ambiental e pela assistente social do Demsur, Luisa Ferolla e Kelly Christini\" \/>\n\t\t<meta name=\"twitter:image\" content=\"https:\/\/scontent-gig4-1.xx.fbcdn.net\/v\/t39.30808-1\/270437624_4564083193639691_6907940295614233970_n.jpg?stp=dst-jpg_s200x200_tt6&amp;_nc_cat=111&amp;ccb=1-7&amp;_nc_sid=f907e8&amp;_nc_ohc=SM1wRlP3lJwQ7kNvwEPuBYA&amp;_nc_oc=AdnqrjDN_BNjSSHWO-GbkIWH6fkGMLw4bqvL_NH6e2wMveX7G-rP2dAqsDSq1mJMOaY&amp;_nc_zt=24&amp;_nc_ht=scontent-gig4-1.xx&amp;_nc_gid=AoBFJeGrT1hVaew_6rchkQ&amp;oh=00_AfX7QmFGhQhG2jAllVgXCiM1ZrWgvtp80-Bfppyexh1QEg&amp;oe=689E923C\" \/>\n\t\t<script type=\"application\/ld+json\" class=\"aioseo-schema\">\n\t\t\t{\"@context\":\"https:\\\/\\\/schema.org\",\"@graph\":[{\"@type\":\"BlogPosting\",\"@id\":\"https:\\\/\\\/anoticiaonline.com.br\\\/site\\\/demsur-promove-roda-de-conversa-sobre-acoes-socioambientais\\\/#blogposting\",\"name\":\"Demsur promove roda de conversa sobre a\\u00e7\\u00f5es socioambientais - A Not\\u00edcia Online\",\"headline\":\"Demsur promove roda de conversa sobre a\\u00e7\\u00f5es socioambientais\",\"author\":{\"@id\":\"https:\\\/\\\/anoticiaonline.com.br\\\/site\\\/author\\\/juliana\\\/#author\"},\"publisher\":{\"@id\":\"https:\\\/\\\/anoticiaonline.com.br\\\/site\\\/#organization\"},\"image\":{\"@type\":\"ImageObject\",\"url\":\"https:\\\/\\\/anoticiaonline.com.br\\\/site\\\/wp-content\\\/uploads\\\/2017\\\/05\\\/WhatsApp-Image-2017-05-25-at-11.19.58.jpeg\",\"width\":640,\"height\":406},\"datePublished\":\"2017-05-25T11:22:42-03:00\",\"dateModified\":\"2017-06-22T20:13:03-03:00\",\"inLanguage\":\"pt-BR\",\"mainEntityOfPage\":{\"@id\":\"https:\\\/\\\/anoticiaonline.com.br\\\/site\\\/demsur-promove-roda-de-conversa-sobre-acoes-socioambientais\\\/#webpage\"},\"isPartOf\":{\"@id\":\"https:\\\/\\\/anoticiaonline.com.br\\\/site\\\/demsur-promove-roda-de-conversa-sobre-acoes-socioambientais\\\/#webpage\"},\"articleSection\":\"Blog, a\\u00e7\\u00f5es ambientais, demsur, Muria\\u00e9, roda conversa, slide\"},{\"@type\":\"BreadcrumbList\",\"@id\":\"https:\\\/\\\/anoticiaonline.com.br\\\/site\\\/demsur-promove-roda-de-conversa-sobre-acoes-socioambientais\\\/#breadcrumblist\",\"itemListElement\":[{\"@type\":\"ListItem\",\"@id\":\"https:\\\/\\\/anoticiaonline.com.br\\\/site#listItem\",\"position\":1,\"name\":\"Home\",\"item\":\"https:\\\/\\\/anoticiaonline.com.br\\\/site\",\"nextItem\":{\"@type\":\"ListItem\",\"@id\":\"https:\\\/\\\/anoticiaonline.com.br\\\/site\\\/categoria\\\/muriae\\\/#listItem\",\"name\":\"Blog\"}},{\"@type\":\"ListItem\",\"@id\":\"https:\\\/\\\/anoticiaonline.com.br\\\/site\\\/categoria\\\/muriae\\\/#listItem\",\"position\":2,\"name\":\"Blog\",\"item\":\"https:\\\/\\\/anoticiaonline.com.br\\\/site\\\/categoria\\\/muriae\\\/\",\"nextItem\":{\"@type\":\"ListItem\",\"@id\":\"https:\\\/\\\/anoticiaonline.com.br\\\/site\\\/demsur-promove-roda-de-conversa-sobre-acoes-socioambientais\\\/#listItem\",\"name\":\"Demsur promove roda de conversa sobre a\\u00e7\\u00f5es socioambientais\"},\"previousItem\":{\"@type\":\"ListItem\",\"@id\":\"https:\\\/\\\/anoticiaonline.com.br\\\/site#listItem\",\"name\":\"Home\"}},{\"@type\":\"ListItem\",\"@id\":\"https:\\\/\\\/anoticiaonline.com.br\\\/site\\\/demsur-promove-roda-de-conversa-sobre-acoes-socioambientais\\\/#listItem\",\"position\":3,\"name\":\"Demsur promove roda de conversa sobre a\\u00e7\\u00f5es socioambientais\",\"previousItem\":{\"@type\":\"ListItem\",\"@id\":\"https:\\\/\\\/anoticiaonline.com.br\\\/site\\\/categoria\\\/muriae\\\/#listItem\",\"name\":\"Blog\"}}]},{\"@type\":\"Organization\",\"@id\":\"https:\\\/\\\/anoticiaonline.com.br\\\/site\\\/#organization\",\"name\":\"A Not\\u00edcia Online\",\"description\":\"Noticias de Muria\\u00e9 e regi\\u00e3o\",\"url\":\"https:\\\/\\\/anoticiaonline.com.br\\\/site\\\/\",\"logo\":{\"@type\":\"ImageObject\",\"url\":\"https:\\\/\\\/scontent-gig4-1.xx.fbcdn.net\\\/v\\\/t39.30808-1\\\/270437624_4564083193639691_6907940295614233970_n.jpg?stp=dst-jpg_s200x200_tt6&_nc_cat=111&ccb=1-7&_nc_sid=f907e8&_nc_ohc=SM1wRlP3lJwQ7kNvwEPuBYA&_nc_oc=AdnqrjDN_BNjSSHWO-GbkIWH6fkGMLw4bqvL_NH6e2wMveX7G-rP2dAqsDSq1mJMOaY&_nc_zt=24&_nc_ht=scontent-gig4-1.xx&_nc_gid=AoBFJeGrT1hVaew_6rchkQ&oh=00_AfX7QmFGhQhG2jAllVgXCiM1ZrWgvtp80-Bfppyexh1QEg&oe=689E923C\",\"@id\":\"https:\\\/\\\/anoticiaonline.com.br\\\/site\\\/demsur-promove-roda-de-conversa-sobre-acoes-socioambientais\\\/#organizationLogo\"},\"image\":{\"@id\":\"https:\\\/\\\/anoticiaonline.com.br\\\/site\\\/demsur-promove-roda-de-conversa-sobre-acoes-socioambientais\\\/#organizationLogo\"}},{\"@type\":\"Person\",\"@id\":\"https:\\\/\\\/anoticiaonline.com.br\\\/site\\\/author\\\/juliana\\\/#author\",\"url\":\"https:\\\/\\\/anoticiaonline.com.br\\\/site\\\/author\\\/juliana\\\/\",\"name\":\"Juliana Laviola\",\"image\":{\"@type\":\"ImageObject\",\"@id\":\"https:\\\/\\\/anoticiaonline.com.br\\\/site\\\/demsur-promove-roda-de-conversa-sobre-acoes-socioambientais\\\/#authorImage\",\"url\":\"https:\\\/\\\/secure.gravatar.com\\\/avatar\\\/b8d45f5c699b100dfaf0e543582f38f38bf94cb7ae3a5e9abf8d891a34773335?s=96&d=mm&r=g\",\"width\":96,\"height\":96,\"caption\":\"Juliana Laviola\"}},{\"@type\":\"WebPage\",\"@id\":\"https:\\\/\\\/anoticiaonline.com.br\\\/site\\\/demsur-promove-roda-de-conversa-sobre-acoes-socioambientais\\\/#webpage\",\"url\":\"https:\\\/\\\/anoticiaonline.com.br\\\/site\\\/demsur-promove-roda-de-conversa-sobre-acoes-socioambientais\\\/\",\"name\":\"Demsur promove roda de conversa sobre a\\u00e7\\u00f5es socioambientais - A Not\\u00edcia Online\",\"description\":\"Com o objetivo de promover a integra\\u00e7\\u00e3o de a\\u00e7\\u00f5es socioambientais no munic\\u00edpio, a diretoria do Demsur promoveu uma roda de conversa. A reuni\\u00e3o, que aconteceu na tarde de quarta-feira (24), no audit\\u00f3rio da Secretaria de Educa\\u00e7\\u00e3o, no Centro Administrativo, foi conduzida pela engenheira ambiental e pela assistente social do Demsur, Luisa Ferolla e Kelly Christini\",\"inLanguage\":\"pt-BR\",\"isPartOf\":{\"@id\":\"https:\\\/\\\/anoticiaonline.com.br\\\/site\\\/#website\"},\"breadcrumb\":{\"@id\":\"https:\\\/\\\/anoticiaonline.com.br\\\/site\\\/demsur-promove-roda-de-conversa-sobre-acoes-socioambientais\\\/#breadcrumblist\"},\"author\":{\"@id\":\"https:\\\/\\\/anoticiaonline.com.br\\\/site\\\/author\\\/juliana\\\/#author\"},\"creator\":{\"@id\":\"https:\\\/\\\/anoticiaonline.com.br\\\/site\\\/author\\\/juliana\\\/#author\"},\"image\":{\"@type\":\"ImageObject\",\"url\":\"https:\\\/\\\/anoticiaonline.com.br\\\/site\\\/wp-content\\\/uploads\\\/2017\\\/05\\\/WhatsApp-Image-2017-05-25-at-11.19.58.jpeg\",\"@id\":\"https:\\\/\\\/anoticiaonline.com.br\\\/site\\\/demsur-promove-roda-de-conversa-sobre-acoes-socioambientais\\\/#mainImage\",\"width\":640,\"height\":406},\"primaryImageOfPage\":{\"@id\":\"https:\\\/\\\/anoticiaonline.com.br\\\/site\\\/demsur-promove-roda-de-conversa-sobre-acoes-socioambientais\\\/#mainImage\"},\"datePublished\":\"2017-05-25T11:22:42-03:00\",\"dateModified\":\"2017-06-22T20:13:03-03:00\"},{\"@type\":\"WebSite\",\"@id\":\"https:\\\/\\\/anoticiaonline.com.br\\\/site\\\/#website\",\"url\":\"https:\\\/\\\/anoticiaonline.com.br\\\/site\\\/\",\"name\":\"A Not\\u00edcia Online\",\"description\":\"Noticias de Muria\\u00e9 e regi\\u00e3o\",\"inLanguage\":\"pt-BR\",\"publisher\":{\"@id\":\"https:\\\/\\\/anoticiaonline.com.br\\\/site\\\/#organization\"}}]}\n\t\t<\/script>\n\t\t<!-- All in One SEO -->\n\n","aioseo_head_json":{"title":"Demsur promove roda de conversa sobre a\u00e7\u00f5es socioambientais - A Not\u00edcia Online","description":"Com o objetivo de promover a integra\u00e7\u00e3o de a\u00e7\u00f5es socioambientais no munic\u00edpio, a diretoria do Demsur promoveu uma roda de conversa. A reuni\u00e3o, que aconteceu na tarde de quarta-feira (24), no audit\u00f3rio da Secretaria de Educa\u00e7\u00e3o, no Centro Administrativo, foi conduzida pela engenheira ambiental e pela assistente social do Demsur, Luisa Ferolla e Kelly Christini","canonical_url":"https:\/\/anoticiaonline.com.br\/site\/demsur-promove-roda-de-conversa-sobre-acoes-socioambientais\/","robots":"max-image-preview:large","keywords":"","webmasterTools":{"miscellaneous":""},"schema":{"@context":"https:\/\/schema.org","@graph":[{"@type":"BlogPosting","@id":"https:\/\/anoticiaonline.com.br\/site\/demsur-promove-roda-de-conversa-sobre-acoes-socioambientais\/#blogposting","name":"Demsur promove roda de conversa sobre a\u00e7\u00f5es socioambientais - A Not\u00edcia Online","headline":"Demsur promove roda de conversa sobre a\u00e7\u00f5es socioambientais","author":{"@id":"https:\/\/anoticiaonline.com.br\/site\/author\/juliana\/#author"},"publisher":{"@id":"https:\/\/anoticiaonline.com.br\/site\/#organization"},"image":{"@type":"ImageObject","url":"https:\/\/anoticiaonline.com.br\/site\/wp-content\/uploads\/2017\/05\/WhatsApp-Image-2017-05-25-at-11.19.58.jpeg","width":640,"height":406},"datePublished":"2017-05-25T11:22:42-03:00","dateModified":"2017-06-22T20:13:03-03:00","inLanguage":"pt-BR","mainEntityOfPage":{"@id":"https:\/\/anoticiaonline.com.br\/site\/demsur-promove-roda-de-conversa-sobre-acoes-socioambientais\/#webpage"},"isPartOf":{"@id":"https:\/\/anoticiaonline.com.br\/site\/demsur-promove-roda-de-conversa-sobre-acoes-socioambientais\/#webpage"},"articleSection":"Blog, a\u00e7\u00f5es ambientais, demsur, Muria\u00e9, roda conversa, slide"},{"@type":"BreadcrumbList","@id":"https:\/\/anoticiaonline.com.br\/site\/demsur-promove-roda-de-conversa-sobre-acoes-socioambientais\/#breadcrumblist","itemListElement":[{"@type":"ListItem","@id":"https:\/\/anoticiaonline.com.br\/site#listItem","position":1,"name":"Home","item":"https:\/\/anoticiaonline.com.br\/site","nextItem":{"@type":"ListItem","@id":"https:\/\/anoticiaonline.com.br\/site\/categoria\/muriae\/#listItem","name":"Blog"}},{"@type":"ListItem","@id":"https:\/\/anoticiaonline.com.br\/site\/categoria\/muriae\/#listItem","position":2,"name":"Blog","item":"https:\/\/anoticiaonline.com.br\/site\/categoria\/muriae\/","nextItem":{"@type":"ListItem","@id":"https:\/\/anoticiaonline.com.br\/site\/demsur-promove-roda-de-conversa-sobre-acoes-socioambientais\/#listItem","name":"Demsur promove roda de conversa sobre a\u00e7\u00f5es socioambientais"},"previousItem":{"@type":"ListItem","@id":"https:\/\/anoticiaonline.com.br\/site#listItem","name":"Home"}},{"@type":"ListItem","@id":"https:\/\/anoticiaonline.com.br\/site\/demsur-promove-roda-de-conversa-sobre-acoes-socioambientais\/#listItem","position":3,"name":"Demsur promove roda de conversa sobre a\u00e7\u00f5es socioambientais","previousItem":{"@type":"ListItem","@id":"https:\/\/anoticiaonline.com.br\/site\/categoria\/muriae\/#listItem","name":"Blog"}}]},{"@type":"Organization","@id":"https:\/\/anoticiaonline.com.br\/site\/#organization","name":"A Not\u00edcia Online","description":"Noticias de Muria\u00e9 e regi\u00e3o","url":"https:\/\/anoticiaonline.com.br\/site\/","logo":{"@type":"ImageObject","url":"https:\/\/scontent-gig4-1.xx.fbcdn.net\/v\/t39.30808-1\/270437624_4564083193639691_6907940295614233970_n.jpg?stp=dst-jpg_s200x200_tt6&_nc_cat=111&ccb=1-7&_nc_sid=f907e8&_nc_ohc=SM1wRlP3lJwQ7kNvwEPuBYA&_nc_oc=AdnqrjDN_BNjSSHWO-GbkIWH6fkGMLw4bqvL_NH6e2wMveX7G-rP2dAqsDSq1mJMOaY&_nc_zt=24&_nc_ht=scontent-gig4-1.xx&_nc_gid=AoBFJeGrT1hVaew_6rchkQ&oh=00_AfX7QmFGhQhG2jAllVgXCiM1ZrWgvtp80-Bfppyexh1QEg&oe=689E923C","@id":"https:\/\/anoticiaonline.com.br\/site\/demsur-promove-roda-de-conversa-sobre-acoes-socioambientais\/#organizationLogo"},"image":{"@id":"https:\/\/anoticiaonline.com.br\/site\/demsur-promove-roda-de-conversa-sobre-acoes-socioambientais\/#organizationLogo"}},{"@type":"Person","@id":"https:\/\/anoticiaonline.com.br\/site\/author\/juliana\/#author","url":"https:\/\/anoticiaonline.com.br\/site\/author\/juliana\/","name":"Juliana Laviola","image":{"@type":"ImageObject","@id":"https:\/\/anoticiaonline.com.br\/site\/demsur-promove-roda-de-conversa-sobre-acoes-socioambientais\/#authorImage","url":"https:\/\/secure.gravatar.com\/avatar\/b8d45f5c699b100dfaf0e543582f38f38bf94cb7ae3a5e9abf8d891a34773335?s=96&d=mm&r=g","width":96,"height":96,"caption":"Juliana Laviola"}},{"@type":"WebPage","@id":"https:\/\/anoticiaonline.com.br\/site\/demsur-promove-roda-de-conversa-sobre-acoes-socioambientais\/#webpage","url":"https:\/\/anoticiaonline.com.br\/site\/demsur-promove-roda-de-conversa-sobre-acoes-socioambientais\/","name":"Demsur promove roda de conversa sobre a\u00e7\u00f5es socioambientais - A Not\u00edcia Online","description":"Com o objetivo de promover a integra\u00e7\u00e3o de a\u00e7\u00f5es socioambientais no munic\u00edpio, a diretoria do Demsur promoveu uma roda de conversa. A reuni\u00e3o, que aconteceu na tarde de quarta-feira (24), no audit\u00f3rio da Secretaria de Educa\u00e7\u00e3o, no Centro Administrativo, foi conduzida pela engenheira ambiental e pela assistente social do Demsur, Luisa Ferolla e Kelly Christini","inLanguage":"pt-BR","isPartOf":{"@id":"https:\/\/anoticiaonline.com.br\/site\/#website"},"breadcrumb":{"@id":"https:\/\/anoticiaonline.com.br\/site\/demsur-promove-roda-de-conversa-sobre-acoes-socioambientais\/#breadcrumblist"},"author":{"@id":"https:\/\/anoticiaonline.com.br\/site\/author\/juliana\/#author"},"creator":{"@id":"https:\/\/anoticiaonline.com.br\/site\/author\/juliana\/#author"},"image":{"@type":"ImageObject","url":"https:\/\/anoticiaonline.com.br\/site\/wp-content\/uploads\/2017\/05\/WhatsApp-Image-2017-05-25-at-11.19.58.jpeg","@id":"https:\/\/anoticiaonline.com.br\/site\/demsur-promove-roda-de-conversa-sobre-acoes-socioambientais\/#mainImage","width":640,"height":406},"primaryImageOfPage":{"@id":"https:\/\/anoticiaonline.com.br\/site\/demsur-promove-roda-de-conversa-sobre-acoes-socioambientais\/#mainImage"},"datePublished":"2017-05-25T11:22:42-03:00","dateModified":"2017-06-22T20:13:03-03:00"},{"@type":"WebSite","@id":"https:\/\/anoticiaonline.com.br\/site\/#website","url":"https:\/\/anoticiaonline.com.br\/site\/","name":"A Not\u00edcia Online","description":"Noticias de Muria\u00e9 e regi\u00e3o","inLanguage":"pt-BR","publisher":{"@id":"https:\/\/anoticiaonline.com.br\/site\/#organization"}}]},"og:locale":"pt_BR","og:site_name":"A Not\u00edcia Online - Noticias de Muria\u00e9 e regi\u00e3o","og:type":"article","og:title":"Demsur promove roda de conversa sobre a\u00e7\u00f5es socioambientais - A Not\u00edcia Online","og:description":"Com o objetivo de promover a integra\u00e7\u00e3o de a\u00e7\u00f5es socioambientais no munic\u00edpio, a diretoria do Demsur promoveu uma roda de conversa. A reuni\u00e3o, que aconteceu na tarde de quarta-feira (24), no audit\u00f3rio da Secretaria de Educa\u00e7\u00e3o, no Centro Administrativo, foi conduzida pela engenheira ambiental e pela assistente social do Demsur, Luisa Ferolla e Kelly Christini","og:url":"https:\/\/anoticiaonline.com.br\/site\/demsur-promove-roda-de-conversa-sobre-acoes-socioambientais\/","og:image":"https:\/\/scontent-gig4-1.xx.fbcdn.net\/v\/t39.30808-1\/270437624_4564083193639691_6907940295614233970_n.jpg?stp=dst-jpg_s200x200_tt6&#038;_nc_cat=111&#038;ccb=1-7&#038;_nc_sid=f907e8&#038;_nc_ohc=SM1wRlP3lJwQ7kNvwEPuBYA&#038;_nc_oc=AdnqrjDN_BNjSSHWO-GbkIWH6fkGMLw4bqvL_NH6e2wMveX7G-rP2dAqsDSq1mJMOaY&#038;_nc_zt=24&#038;_nc_ht=scontent-gig4-1.xx&#038;_nc_gid=AoBFJeGrT1hVaew_6rchkQ&#038;oh=00_AfX7QmFGhQhG2jAllVgXCiM1ZrWgvtp80-Bfppyexh1QEg&#038;oe=689E923C","og:image:secure_url":"https:\/\/scontent-gig4-1.xx.fbcdn.net\/v\/t39.30808-1\/270437624_4564083193639691_6907940295614233970_n.jpg?stp=dst-jpg_s200x200_tt6&#038;_nc_cat=111&#038;ccb=1-7&#038;_nc_sid=f907e8&#038;_nc_ohc=SM1wRlP3lJwQ7kNvwEPuBYA&#038;_nc_oc=AdnqrjDN_BNjSSHWO-GbkIWH6fkGMLw4bqvL_NH6e2wMveX7G-rP2dAqsDSq1mJMOaY&#038;_nc_zt=24&#038;_nc_ht=scontent-gig4-1.xx&#038;_nc_gid=AoBFJeGrT1hVaew_6rchkQ&#038;oh=00_AfX7QmFGhQhG2jAllVgXCiM1ZrWgvtp80-Bfppyexh1QEg&#038;oe=689E923C","article:published_time":"2017-05-25T14:22:42+00:00","article:modified_time":"2017-06-22T23:13:03+00:00","twitter:card":"summary_large_image","twitter:title":"Demsur promove roda de conversa sobre a\u00e7\u00f5es socioambientais - A Not\u00edcia Online","twitter:description":"Com o objetivo de promover a integra\u00e7\u00e3o de a\u00e7\u00f5es socioambientais no munic\u00edpio, a diretoria do Demsur promoveu uma roda de conversa. A reuni\u00e3o, que aconteceu na tarde de quarta-feira (24), no audit\u00f3rio da Secretaria de Educa\u00e7\u00e3o, no Centro Administrativo, foi conduzida pela engenheira ambiental e pela assistente social do Demsur, Luisa Ferolla e Kelly Christini","twitter:image":"https:\/\/scontent-gig4-1.xx.fbcdn.net\/v\/t39.30808-1\/270437624_4564083193639691_6907940295614233970_n.jpg?stp=dst-jpg_s200x200_tt6&_nc_cat=111&ccb=1-7&_nc_sid=f907e8&_nc_ohc=SM1wRlP3lJwQ7kNvwEPuBYA&_nc_oc=AdnqrjDN_BNjSSHWO-GbkIWH6fkGMLw4bqvL_NH6e2wMveX7G-rP2dAqsDSq1mJMOaY&_nc_zt=24&_nc_ht=scontent-gig4-1.xx&_nc_gid=AoBFJeGrT1hVaew_6rchkQ&oh=00_AfX7QmFGhQhG2jAllVgXCiM1ZrWgvtp80-Bfppyexh1QEg&oe=689E923C"},"aioseo_meta_data":{"post_id":"30756","title":null,"description":null,"keywords":null,"keyphrases":null,"primary_term":null,"canonical_url":null,"og_title":null,"og_description":null,"og_object_type":"default","og_image_type":"default","og_image_url":null,"og_image_width":null,"og_image_height":null,"og_image_custom_url":null,"og_image_custom_fields":null,"og_video":null,"og_custom_url":null,"og_article_section":null,"og_article_tags":null,"twitter_use_og":false,"twitter_card":"default","twitter_image_type":"default","twitter_image_url":null,"twitter_image_custom_url":null,"twitter_image_custom_fields":null,"twitter_title":null,"twitter_description":null,"schema":{"blockGraphs":[],"customGraphs":[],"default":{"data":{"Article":[],"Course":[],"Dataset":[],"FAQPage":[],"Movie":[],"Person":[],"Product":[],"ProductReview":[],"Car":[],"Recipe":[],"Service":[],"SoftwareApplication":[],"WebPage":[]},"graphName":"","isEnabled":true},"graphs":[]},"schema_type":"default","schema_type_options":null,"pillar_content":false,"robots_default":true,"robots_noindex":false,"robots_noarchive":false,"robots_nosnippet":false,"robots_nofollow":false,"robots_noimageindex":false,"robots_noodp":false,"robots_notranslate":false,"robots_max_snippet":null,"robots_max_videopreview":null,"robots_max_imagepreview":"large","priority":null,"frequency":null,"local_seo":null,"breadcrumb_settings":null,"limit_modified_date":false,"ai":null,"created":"2025-08-16 18:26:19","updated":"2025-08-16 18:26:19","focus_keyword":null,"additional_keywords":null,"truseo_locale":null,"seo_analyzer_scan_date":null},"aioseo_breadcrumb":"<div class=\"aioseo-breadcrumbs\"><span class=\"aioseo-breadcrumb\">\n\t\t\t<a href=\"https:\/\/anoticiaonline.com.br\/site\" title=\"Home\">Home<\/a>\n\t\t<\/span><span class=\"aioseo-breadcrumb-separator\">&raquo;<\/span><span class=\"aioseo-breadcrumb\">\n\t\t\t<a href=\"https:\/\/anoticiaonline.com.br\/site\/categoria\/muriae\/\" title=\"Blog\">Blog<\/a>\n\t\t<\/span><span class=\"aioseo-breadcrumb-separator\">&raquo;<\/span><span class=\"aioseo-breadcrumb\">\n\t\t\tDemsur promove roda de conversa sobre a\u00e7\u00f5es socioambientais\n\t\t<\/span><\/div>","aioseo_breadcrumb_json":[{"label":"Home","link":"https:\/\/anoticiaonline.com.br\/site"},{"label":"Blog","link":"https:\/\/anoticiaonline.com.br\/site\/categoria\/muriae\/"},{"label":"Demsur promove roda de conversa sobre a\u00e7\u00f5es socioambientais","link":"https:\/\/anoticiaonline.com.br\/site\/demsur-promove-roda-de-conversa-sobre-acoes-socioambientais\/"}],"views":129,"_links":{"self":[{"href":"https:\/\/anoticiaonline.com.br\/site\/wp-json\/wp\/v2\/posts\/30756","targetHints":{"allow":["GET"]}}],"collection":[{"href":"https:\/\/anoticiaonline.com.br\/site\/wp-json\/wp\/v2\/posts"}],"about":[{"href":"https:\/\/anoticiaonline.com.br\/site\/wp-json\/wp\/v2\/types\/post"}],"author":[{"embeddable":true,"href":"https:\/\/anoticiaonline.com.br\/site\/wp-json\/wp\/v2\/users\/2"}],"replies":[{"embeddable":true,"href":"https:\/\/anoticiaonline.com.br\/site\/wp-json\/wp\/v2\/comments?post=30756"}],"version-history":[{"count":0,"href":"https:\/\/anoticiaonline.com.br\/site\/wp-json\/wp\/v2\/posts\/30756\/revisions"}],"wp:featuredmedia":[{"embeddable":true,"href":"https:\/\/anoticiaonline.com.br\/site\/wp-json\/wp\/v2\/media\/30757"}],"wp:attachment":[{"href":"https:\/\/anoticiaonline.com.br\/site\/wp-json\/wp\/v2\/media?parent=30756"}],"wp:term":[{"taxonomy":"category","embeddable":true,"href":"https:\/\/anoticiaonline.com.br\/site\/wp-json\/wp\/v2\/categories?post=30756"},{"taxonomy":"post_tag","embeddable":true,"href":"https:\/\/anoticiaonline.com.br\/site\/wp-json\/wp\/v2\/tags?post=30756"}],"curies":[{"name":"wp","href":"https:\/\/api.w.org\/{rel}","templated":true}]}}