{"id":30754,"date":"2017-05-25T11:58:06","date_gmt":"2017-05-25T14:58:06","guid":{"rendered":"http:\/\/anoticiaonline.com.br\/site\/?p=30754"},"modified":"2017-06-22T20:11:33","modified_gmt":"2017-06-22T23:11:33","slug":"hospitais-de-muriae-aderem-a-manifesto-contra-a-crise-na-saude","status":"publish","type":"post","link":"https:\/\/anoticiaonline.com.br\/site\/hospitais-de-muriae-aderem-a-manifesto-contra-a-crise-na-saude\/","title":{"rendered":"Hospitais de Muria\u00e9 aderem a manifesto contra a crise na sa\u00fade"},"content":{"rendered":"<figure id=\"attachment_30759\" aria-describedby=\"caption-attachment-30759\" style=\"width: 290px\" class=\"wp-caption alignleft\"><a href=\"https:\/\/anoticiaonline.com.br\/site\/wp-content\/uploads\/2017\/05\/Montagem.jpg\"><img fetchpriority=\"high\" decoding=\"async\" class=\"wp-image-30759 size-medium\" src=\"https:\/\/anoticiaonline.com.br\/site\/wp-content\/uploads\/2017\/05\/Montagem-300x225.jpg\" alt=\"Hospital S\u00e3o Paulo e Hospital do C\u00e2mcer de Muria\u00e9 v\u00e3o aderir ao movimento \" width=\"300\" height=\"225\" srcset=\"https:\/\/anoticiaonline.com.br\/site\/wp-content\/uploads\/2017\/05\/Montagem-300x225.jpg 300w, https:\/\/anoticiaonline.com.br\/site\/wp-content\/uploads\/2017\/05\/Montagem.jpg 640w\" sizes=\"(max-width: 300px) 100vw, 300px\" \/><\/a><figcaption id=\"caption-attachment-30759\" class=\"wp-caption-text\">Hospital S\u00e3o Paulo e Hospital do C\u00e2ncer de Muria\u00e9 v\u00e3o aderir ao movimento<\/figcaption><\/figure>\n<p>O Hospital S\u00e3o Paulo e o Hospital do C\u00e2ncer de Muria\u00e9 est\u00e3o entre as institui\u00e7\u00f5es filantr\u00f3picas de Minas Gerais que v\u00e3o participar de uma a\u00e7\u00e3o coletiva nesta sexta-feira (26), a partir das 7h da manh\u00e3. No estado, pelo menos 128 hospitais filantr\u00f3picos sofrem com atrasos nos repasses de recursos financeiros e com uma d\u00edvida do governo de Minas que j\u00e1 ultrapassa R$ 250 milh\u00f5es.<\/p>\n<p>Neste dia, os usu\u00e1rios dos hospitais filantr\u00f3picos v\u00e3o receber, tamb\u00e9m, informa\u00e7\u00f5es sobre a crise no setor e explica\u00e7\u00f5es sobre a suspens\u00e3o do atendimento de alguns servi\u00e7os do SUS em v\u00e1rias institui\u00e7\u00f5es. Mais de 20 hospitais confirmaram participa\u00e7\u00e3o no movimento e v\u00e3o abrir as portas para mostrar as dificuldades que enfrentam para garantir atendimento \u00e0 popula\u00e7\u00e3o.<\/p>\n<p>A iniciativa \u00e9 da Federassantas, que representa as santas casas e hospitais filantr\u00f3picos de Minas. A Federa\u00e7\u00e3o j\u00e1 se mobiliza para entrar na Justi\u00e7a para que as autoridades cumpram com os pagamentos atrasados e d\u00edvidas. Sem recursos, v\u00e1rios hospitais deram in\u00edcio \u00e0 suspens\u00e3o de importantes servi\u00e7os \u00e0 popula\u00e7\u00e3o e ao corte de leitos para pacientes do SUS. Agora, as interna\u00e7\u00f5es s\u00f3 s\u00e3o feitas quando h\u00e1 condi\u00e7\u00f5es m\u00ednimas necess\u00e1rias para se garantir o atendimento aos pacientes.<\/p>\n<p>O Hospital do C\u00e2ncer de Muria\u00e9 da Funda\u00e7\u00e3o Cristiano Varella informa que durante todo o dia, a\u00e7\u00f5es pertinentes ao protesto ser\u00e3o realizadas na institui\u00e7\u00e3o. Logo no in\u00edcio de sexta-feira, \u00e0s 7h, ser\u00e1 estendida uma faixa preta sobre parte do letreiro com o nome da Funda\u00e7\u00e3o Cristiano Varella (Bloco II). Esta faixa ficar\u00e1 no local at\u00e9 por volta das 16h, em sinal de luto. \u00c0s 9h ter\u00e1 in\u00edcio a distribui\u00e7\u00e3o de folhetos informativos \u00e0s pessoas que passarem pelo hospital, para esclarecimento do motivo da mobiliza\u00e7\u00e3o.<\/p>\n","protected":false},"excerpt":{"rendered":"<p>O Hospital S\u00e3o Paulo e o Hospital do C\u00e2ncer de Muria\u00e9 est\u00e3o entre as institui\u00e7\u00f5es filantr\u00f3picas de Minas Gerais que v\u00e3o participar de uma a\u00e7\u00e3o coletiva nesta sexta-feira (26), a partir das 7h da manh\u00e3. No estado, pelo menos 128 hospitais filantr\u00f3picos sofrem com atrasos nos repasses de recursos financeiros e com uma d\u00edvida do &#8230; <a title=\"Hospitais de Muria\u00e9 aderem a manifesto contra a crise na sa\u00fade\" class=\"read-more\" href=\"https:\/\/anoticiaonline.com.br\/site\/hospitais-de-muriae-aderem-a-manifesto-contra-a-crise-na-saude\/\" aria-label=\"Read more about Hospitais de Muria\u00e9 aderem a manifesto contra a crise na sa\u00fade\">Ler mais<\/a><\/p>\n","protected":false},"author":2,"featured_media":30759,"comment_status":"open","ping_status":"open","sticky":false,"template":"","format":"standard","meta":{"_acf_changed":false,"_monsterinsights_skip_tracking":false,"footnotes":""},"categories":[30],"tags":[222,238,74,3],"class_list":["post-30754","post","type-post","status-publish","format-standard","has-post-thumbnail","hentry","category-muriae","tag-crise-saude","tag-hospitais","tag-muriae","tag-slide"],"acf":[],"aioseo_notices":[],"aioseo_head":"\n\t\t<!-- All in One SEO 5.0.0.1 - aioseo.com -->\n\t<meta name=\"description\" content=\"O Hospital S\u00e3o Paulo e o Hospital do C\u00e2ncer de Muria\u00e9 est\u00e3o entre as institui\u00e7\u00f5es filantr\u00f3picas de Minas Gerais que v\u00e3o participar de uma a\u00e7\u00e3o coletiva nesta sexta-feira (26), a partir das 7h da manh\u00e3. No estado, pelo menos 128 hospitais filantr\u00f3picos sofrem com atrasos nos repasses de recursos financeiros e com uma d\u00edvida do\" \/>\n\t<meta name=\"robots\" content=\"max-image-preview:large\" \/>\n\t<meta name=\"author\" content=\"Juliana Laviola\"\/>\n\t<link rel=\"canonical\" href=\"https:\/\/anoticiaonline.com.br\/site\/hospitais-de-muriae-aderem-a-manifesto-contra-a-crise-na-saude\/\" \/>\n\t<meta name=\"generator\" content=\"All in One SEO (AIOSEO) 5.0.0.1\" \/>\n\t\t<meta property=\"og:locale\" content=\"pt_BR\" \/>\n\t\t<meta property=\"og:site_name\" content=\"A Not\u00edcia Online - Noticias de Muria\u00e9 e regi\u00e3o\" \/>\n\t\t<meta property=\"og:type\" content=\"article\" \/>\n\t\t<meta property=\"og:title\" content=\"Hospitais de Muria\u00e9 aderem a manifesto contra a crise na sa\u00fade - A Not\u00edcia Online\" \/>\n\t\t<meta property=\"og:description\" content=\"O Hospital S\u00e3o Paulo e o Hospital do C\u00e2ncer de Muria\u00e9 est\u00e3o entre as institui\u00e7\u00f5es filantr\u00f3picas de Minas Gerais que v\u00e3o participar de uma a\u00e7\u00e3o coletiva nesta sexta-feira (26), a partir das 7h da manh\u00e3. No estado, pelo menos 128 hospitais filantr\u00f3picos sofrem com atrasos nos repasses de recursos financeiros e com uma d\u00edvida do\" \/>\n\t\t<meta property=\"og:url\" content=\"https:\/\/anoticiaonline.com.br\/site\/hospitais-de-muriae-aderem-a-manifesto-contra-a-crise-na-saude\/\" \/>\n\t\t<meta property=\"og:image\" content=\"https:\/\/scontent-gig4-1.xx.fbcdn.net\/v\/t39.30808-1\/270437624_4564083193639691_6907940295614233970_n.jpg?stp=dst-jpg_s200x200_tt6&#038;_nc_cat=111&#038;ccb=1-7&#038;_nc_sid=f907e8&#038;_nc_ohc=SM1wRlP3lJwQ7kNvwEPuBYA&#038;_nc_oc=AdnqrjDN_BNjSSHWO-GbkIWH6fkGMLw4bqvL_NH6e2wMveX7G-rP2dAqsDSq1mJMOaY&#038;_nc_zt=24&#038;_nc_ht=scontent-gig4-1.xx&#038;_nc_gid=AoBFJeGrT1hVaew_6rchkQ&#038;oh=00_AfX7QmFGhQhG2jAllVgXCiM1ZrWgvtp80-Bfppyexh1QEg&#038;oe=689E923C\" \/>\n\t\t<meta property=\"og:image:secure_url\" content=\"https:\/\/scontent-gig4-1.xx.fbcdn.net\/v\/t39.30808-1\/270437624_4564083193639691_6907940295614233970_n.jpg?stp=dst-jpg_s200x200_tt6&#038;_nc_cat=111&#038;ccb=1-7&#038;_nc_sid=f907e8&#038;_nc_ohc=SM1wRlP3lJwQ7kNvwEPuBYA&#038;_nc_oc=AdnqrjDN_BNjSSHWO-GbkIWH6fkGMLw4bqvL_NH6e2wMveX7G-rP2dAqsDSq1mJMOaY&#038;_nc_zt=24&#038;_nc_ht=scontent-gig4-1.xx&#038;_nc_gid=AoBFJeGrT1hVaew_6rchkQ&#038;oh=00_AfX7QmFGhQhG2jAllVgXCiM1ZrWgvtp80-Bfppyexh1QEg&#038;oe=689E923C\" \/>\n\t\t<meta property=\"article:published_time\" content=\"2017-05-25T14:58:06+00:00\" \/>\n\t\t<meta property=\"article:modified_time\" content=\"2017-06-22T23:11:33+00:00\" \/>\n\t\t<meta name=\"twitter:card\" content=\"summary_large_image\" \/>\n\t\t<meta name=\"twitter:title\" content=\"Hospitais de Muria\u00e9 aderem a manifesto contra a crise na sa\u00fade - A Not\u00edcia Online\" \/>\n\t\t<meta name=\"twitter:description\" content=\"O Hospital S\u00e3o Paulo e o Hospital do C\u00e2ncer de Muria\u00e9 est\u00e3o entre as institui\u00e7\u00f5es filantr\u00f3picas de Minas Gerais que v\u00e3o participar de uma a\u00e7\u00e3o coletiva nesta sexta-feira (26), a partir das 7h da manh\u00e3. No estado, pelo menos 128 hospitais filantr\u00f3picos sofrem com atrasos nos repasses de recursos financeiros e com uma d\u00edvida do\" \/>\n\t\t<meta name=\"twitter:image\" content=\"https:\/\/scontent-gig4-1.xx.fbcdn.net\/v\/t39.30808-1\/270437624_4564083193639691_6907940295614233970_n.jpg?stp=dst-jpg_s200x200_tt6&amp;_nc_cat=111&amp;ccb=1-7&amp;_nc_sid=f907e8&amp;_nc_ohc=SM1wRlP3lJwQ7kNvwEPuBYA&amp;_nc_oc=AdnqrjDN_BNjSSHWO-GbkIWH6fkGMLw4bqvL_NH6e2wMveX7G-rP2dAqsDSq1mJMOaY&amp;_nc_zt=24&amp;_nc_ht=scontent-gig4-1.xx&amp;_nc_gid=AoBFJeGrT1hVaew_6rchkQ&amp;oh=00_AfX7QmFGhQhG2jAllVgXCiM1ZrWgvtp80-Bfppyexh1QEg&amp;oe=689E923C\" \/>\n\t\t<script type=\"application\/ld+json\" class=\"aioseo-schema\">\n\t\t\t{\"@context\":\"https:\\\/\\\/schema.org\",\"@graph\":[{\"@type\":\"BlogPosting\",\"@id\":\"https:\\\/\\\/anoticiaonline.com.br\\\/site\\\/hospitais-de-muriae-aderem-a-manifesto-contra-a-crise-na-saude\\\/#blogposting\",\"name\":\"Hospitais de Muria\\u00e9 aderem a manifesto contra a crise na sa\\u00fade - A Not\\u00edcia Online\",\"headline\":\"Hospitais de Muria\\u00e9 aderem a manifesto contra a crise na sa\\u00fade\",\"author\":{\"@id\":\"https:\\\/\\\/anoticiaonline.com.br\\\/site\\\/author\\\/juliana\\\/#author\"},\"publisher\":{\"@id\":\"https:\\\/\\\/anoticiaonline.com.br\\\/site\\\/#organization\"},\"image\":{\"@type\":\"ImageObject\",\"url\":\"https:\\\/\\\/anoticiaonline.com.br\\\/site\\\/wp-content\\\/uploads\\\/2017\\\/05\\\/Montagem.jpg\",\"width\":640,\"height\":480,\"caption\":\"Hospital S\\u00e3o Paulo e Hospital do C\\u00e2mcer de Muria\\u00e9 v\\u00e3o aderir ao movimento\"},\"datePublished\":\"2017-05-25T11:58:06-03:00\",\"dateModified\":\"2017-06-22T20:11:33-03:00\",\"inLanguage\":\"pt-BR\",\"mainEntityOfPage\":{\"@id\":\"https:\\\/\\\/anoticiaonline.com.br\\\/site\\\/hospitais-de-muriae-aderem-a-manifesto-contra-a-crise-na-saude\\\/#webpage\"},\"isPartOf\":{\"@id\":\"https:\\\/\\\/anoticiaonline.com.br\\\/site\\\/hospitais-de-muriae-aderem-a-manifesto-contra-a-crise-na-saude\\\/#webpage\"},\"articleSection\":\"Blog, crise sa\\u00fade, hospitais, Muria\\u00e9, slide\"},{\"@type\":\"BreadcrumbList\",\"@id\":\"https:\\\/\\\/anoticiaonline.com.br\\\/site\\\/hospitais-de-muriae-aderem-a-manifesto-contra-a-crise-na-saude\\\/#breadcrumblist\",\"itemListElement\":[{\"@type\":\"ListItem\",\"@id\":\"https:\\\/\\\/anoticiaonline.com.br\\\/site#listItem\",\"position\":1,\"name\":\"Home\",\"item\":\"https:\\\/\\\/anoticiaonline.com.br\\\/site\",\"nextItem\":{\"@type\":\"ListItem\",\"@id\":\"https:\\\/\\\/anoticiaonline.com.br\\\/site\\\/categoria\\\/muriae\\\/#listItem\",\"name\":\"Blog\"}},{\"@type\":\"ListItem\",\"@id\":\"https:\\\/\\\/anoticiaonline.com.br\\\/site\\\/categoria\\\/muriae\\\/#listItem\",\"position\":2,\"name\":\"Blog\",\"item\":\"https:\\\/\\\/anoticiaonline.com.br\\\/site\\\/categoria\\\/muriae\\\/\",\"nextItem\":{\"@type\":\"ListItem\",\"@id\":\"https:\\\/\\\/anoticiaonline.com.br\\\/site\\\/hospitais-de-muriae-aderem-a-manifesto-contra-a-crise-na-saude\\\/#listItem\",\"name\":\"Hospitais de Muria\\u00e9 aderem a manifesto contra a crise na sa\\u00fade\"},\"previousItem\":{\"@type\":\"ListItem\",\"@id\":\"https:\\\/\\\/anoticiaonline.com.br\\\/site#listItem\",\"name\":\"Home\"}},{\"@type\":\"ListItem\",\"@id\":\"https:\\\/\\\/anoticiaonline.com.br\\\/site\\\/hospitais-de-muriae-aderem-a-manifesto-contra-a-crise-na-saude\\\/#listItem\",\"position\":3,\"name\":\"Hospitais de Muria\\u00e9 aderem a manifesto contra a crise na sa\\u00fade\",\"previousItem\":{\"@type\":\"ListItem\",\"@id\":\"https:\\\/\\\/anoticiaonline.com.br\\\/site\\\/categoria\\\/muriae\\\/#listItem\",\"name\":\"Blog\"}}]},{\"@type\":\"Organization\",\"@id\":\"https:\\\/\\\/anoticiaonline.com.br\\\/site\\\/#organization\",\"name\":\"A Not\\u00edcia Online\",\"description\":\"Noticias de Muria\\u00e9 e regi\\u00e3o\",\"url\":\"https:\\\/\\\/anoticiaonline.com.br\\\/site\\\/\",\"logo\":{\"@type\":\"ImageObject\",\"url\":\"https:\\\/\\\/scontent-gig4-1.xx.fbcdn.net\\\/v\\\/t39.30808-1\\\/270437624_4564083193639691_6907940295614233970_n.jpg?stp=dst-jpg_s200x200_tt6&_nc_cat=111&ccb=1-7&_nc_sid=f907e8&_nc_ohc=SM1wRlP3lJwQ7kNvwEPuBYA&_nc_oc=AdnqrjDN_BNjSSHWO-GbkIWH6fkGMLw4bqvL_NH6e2wMveX7G-rP2dAqsDSq1mJMOaY&_nc_zt=24&_nc_ht=scontent-gig4-1.xx&_nc_gid=AoBFJeGrT1hVaew_6rchkQ&oh=00_AfX7QmFGhQhG2jAllVgXCiM1ZrWgvtp80-Bfppyexh1QEg&oe=689E923C\",\"@id\":\"https:\\\/\\\/anoticiaonline.com.br\\\/site\\\/hospitais-de-muriae-aderem-a-manifesto-contra-a-crise-na-saude\\\/#organizationLogo\"},\"image\":{\"@id\":\"https:\\\/\\\/anoticiaonline.com.br\\\/site\\\/hospitais-de-muriae-aderem-a-manifesto-contra-a-crise-na-saude\\\/#organizationLogo\"}},{\"@type\":\"Person\",\"@id\":\"https:\\\/\\\/anoticiaonline.com.br\\\/site\\\/author\\\/juliana\\\/#author\",\"url\":\"https:\\\/\\\/anoticiaonline.com.br\\\/site\\\/author\\\/juliana\\\/\",\"name\":\"Juliana Laviola\",\"image\":{\"@type\":\"ImageObject\",\"@id\":\"https:\\\/\\\/anoticiaonline.com.br\\\/site\\\/hospitais-de-muriae-aderem-a-manifesto-contra-a-crise-na-saude\\\/#authorImage\",\"url\":\"https:\\\/\\\/secure.gravatar.com\\\/avatar\\\/b8d45f5c699b100dfaf0e543582f38f38bf94cb7ae3a5e9abf8d891a34773335?s=96&d=mm&r=g\",\"width\":96,\"height\":96,\"caption\":\"Juliana Laviola\"}},{\"@type\":\"WebPage\",\"@id\":\"https:\\\/\\\/anoticiaonline.com.br\\\/site\\\/hospitais-de-muriae-aderem-a-manifesto-contra-a-crise-na-saude\\\/#webpage\",\"url\":\"https:\\\/\\\/anoticiaonline.com.br\\\/site\\\/hospitais-de-muriae-aderem-a-manifesto-contra-a-crise-na-saude\\\/\",\"name\":\"Hospitais de Muria\\u00e9 aderem a manifesto contra a crise na sa\\u00fade - A Not\\u00edcia Online\",\"description\":\"O Hospital S\\u00e3o Paulo e o Hospital do C\\u00e2ncer de Muria\\u00e9 est\\u00e3o entre as institui\\u00e7\\u00f5es filantr\\u00f3picas de Minas Gerais que v\\u00e3o participar de uma a\\u00e7\\u00e3o coletiva nesta sexta-feira (26), a partir das 7h da manh\\u00e3. No estado, pelo menos 128 hospitais filantr\\u00f3picos sofrem com atrasos nos repasses de recursos financeiros e com uma d\\u00edvida do\",\"inLanguage\":\"pt-BR\",\"isPartOf\":{\"@id\":\"https:\\\/\\\/anoticiaonline.com.br\\\/site\\\/#website\"},\"breadcrumb\":{\"@id\":\"https:\\\/\\\/anoticiaonline.com.br\\\/site\\\/hospitais-de-muriae-aderem-a-manifesto-contra-a-crise-na-saude\\\/#breadcrumblist\"},\"author\":{\"@id\":\"https:\\\/\\\/anoticiaonline.com.br\\\/site\\\/author\\\/juliana\\\/#author\"},\"creator\":{\"@id\":\"https:\\\/\\\/anoticiaonline.com.br\\\/site\\\/author\\\/juliana\\\/#author\"},\"image\":{\"@type\":\"ImageObject\",\"url\":\"https:\\\/\\\/anoticiaonline.com.br\\\/site\\\/wp-content\\\/uploads\\\/2017\\\/05\\\/Montagem.jpg\",\"@id\":\"https:\\\/\\\/anoticiaonline.com.br\\\/site\\\/hospitais-de-muriae-aderem-a-manifesto-contra-a-crise-na-saude\\\/#mainImage\",\"width\":640,\"height\":480,\"caption\":\"Hospital S\\u00e3o Paulo e Hospital do C\\u00e2mcer de Muria\\u00e9 v\\u00e3o aderir ao movimento\"},\"primaryImageOfPage\":{\"@id\":\"https:\\\/\\\/anoticiaonline.com.br\\\/site\\\/hospitais-de-muriae-aderem-a-manifesto-contra-a-crise-na-saude\\\/#mainImage\"},\"datePublished\":\"2017-05-25T11:58:06-03:00\",\"dateModified\":\"2017-06-22T20:11:33-03:00\"},{\"@type\":\"WebSite\",\"@id\":\"https:\\\/\\\/anoticiaonline.com.br\\\/site\\\/#website\",\"url\":\"https:\\\/\\\/anoticiaonline.com.br\\\/site\\\/\",\"name\":\"A Not\\u00edcia Online\",\"description\":\"Noticias de Muria\\u00e9 e regi\\u00e3o\",\"inLanguage\":\"pt-BR\",\"publisher\":{\"@id\":\"https:\\\/\\\/anoticiaonline.com.br\\\/site\\\/#organization\"}}]}\n\t\t<\/script>\n\t\t<!-- All in One SEO -->\n\n","aioseo_head_json":{"title":"Hospitais de Muria\u00e9 aderem a manifesto contra a crise na sa\u00fade - A Not\u00edcia Online","description":"O Hospital S\u00e3o Paulo e o Hospital do C\u00e2ncer de Muria\u00e9 est\u00e3o entre as institui\u00e7\u00f5es filantr\u00f3picas de Minas Gerais que v\u00e3o participar de uma a\u00e7\u00e3o coletiva nesta sexta-feira (26), a partir das 7h da manh\u00e3. No estado, pelo menos 128 hospitais filantr\u00f3picos sofrem com atrasos nos repasses de recursos financeiros e com uma d\u00edvida do","canonical_url":"https:\/\/anoticiaonline.com.br\/site\/hospitais-de-muriae-aderem-a-manifesto-contra-a-crise-na-saude\/","robots":"max-image-preview:large","keywords":"","webmasterTools":{"miscellaneous":""},"schema":{"@context":"https:\/\/schema.org","@graph":[{"@type":"BlogPosting","@id":"https:\/\/anoticiaonline.com.br\/site\/hospitais-de-muriae-aderem-a-manifesto-contra-a-crise-na-saude\/#blogposting","name":"Hospitais de Muria\u00e9 aderem a manifesto contra a crise na sa\u00fade - A Not\u00edcia Online","headline":"Hospitais de Muria\u00e9 aderem a manifesto contra a crise na sa\u00fade","author":{"@id":"https:\/\/anoticiaonline.com.br\/site\/author\/juliana\/#author"},"publisher":{"@id":"https:\/\/anoticiaonline.com.br\/site\/#organization"},"image":{"@type":"ImageObject","url":"https:\/\/anoticiaonline.com.br\/site\/wp-content\/uploads\/2017\/05\/Montagem.jpg","width":640,"height":480,"caption":"Hospital S\u00e3o Paulo e Hospital do C\u00e2mcer de Muria\u00e9 v\u00e3o aderir ao movimento"},"datePublished":"2017-05-25T11:58:06-03:00","dateModified":"2017-06-22T20:11:33-03:00","inLanguage":"pt-BR","mainEntityOfPage":{"@id":"https:\/\/anoticiaonline.com.br\/site\/hospitais-de-muriae-aderem-a-manifesto-contra-a-crise-na-saude\/#webpage"},"isPartOf":{"@id":"https:\/\/anoticiaonline.com.br\/site\/hospitais-de-muriae-aderem-a-manifesto-contra-a-crise-na-saude\/#webpage"},"articleSection":"Blog, crise sa\u00fade, hospitais, Muria\u00e9, slide"},{"@type":"BreadcrumbList","@id":"https:\/\/anoticiaonline.com.br\/site\/hospitais-de-muriae-aderem-a-manifesto-contra-a-crise-na-saude\/#breadcrumblist","itemListElement":[{"@type":"ListItem","@id":"https:\/\/anoticiaonline.com.br\/site#listItem","position":1,"name":"Home","item":"https:\/\/anoticiaonline.com.br\/site","nextItem":{"@type":"ListItem","@id":"https:\/\/anoticiaonline.com.br\/site\/categoria\/muriae\/#listItem","name":"Blog"}},{"@type":"ListItem","@id":"https:\/\/anoticiaonline.com.br\/site\/categoria\/muriae\/#listItem","position":2,"name":"Blog","item":"https:\/\/anoticiaonline.com.br\/site\/categoria\/muriae\/","nextItem":{"@type":"ListItem","@id":"https:\/\/anoticiaonline.com.br\/site\/hospitais-de-muriae-aderem-a-manifesto-contra-a-crise-na-saude\/#listItem","name":"Hospitais de Muria\u00e9 aderem a manifesto contra a crise na sa\u00fade"},"previousItem":{"@type":"ListItem","@id":"https:\/\/anoticiaonline.com.br\/site#listItem","name":"Home"}},{"@type":"ListItem","@id":"https:\/\/anoticiaonline.com.br\/site\/hospitais-de-muriae-aderem-a-manifesto-contra-a-crise-na-saude\/#listItem","position":3,"name":"Hospitais de Muria\u00e9 aderem a manifesto contra a crise na sa\u00fade","previousItem":{"@type":"ListItem","@id":"https:\/\/anoticiaonline.com.br\/site\/categoria\/muriae\/#listItem","name":"Blog"}}]},{"@type":"Organization","@id":"https:\/\/anoticiaonline.com.br\/site\/#organization","name":"A Not\u00edcia Online","description":"Noticias de Muria\u00e9 e regi\u00e3o","url":"https:\/\/anoticiaonline.com.br\/site\/","logo":{"@type":"ImageObject","url":"https:\/\/scontent-gig4-1.xx.fbcdn.net\/v\/t39.30808-1\/270437624_4564083193639691_6907940295614233970_n.jpg?stp=dst-jpg_s200x200_tt6&_nc_cat=111&ccb=1-7&_nc_sid=f907e8&_nc_ohc=SM1wRlP3lJwQ7kNvwEPuBYA&_nc_oc=AdnqrjDN_BNjSSHWO-GbkIWH6fkGMLw4bqvL_NH6e2wMveX7G-rP2dAqsDSq1mJMOaY&_nc_zt=24&_nc_ht=scontent-gig4-1.xx&_nc_gid=AoBFJeGrT1hVaew_6rchkQ&oh=00_AfX7QmFGhQhG2jAllVgXCiM1ZrWgvtp80-Bfppyexh1QEg&oe=689E923C","@id":"https:\/\/anoticiaonline.com.br\/site\/hospitais-de-muriae-aderem-a-manifesto-contra-a-crise-na-saude\/#organizationLogo"},"image":{"@id":"https:\/\/anoticiaonline.com.br\/site\/hospitais-de-muriae-aderem-a-manifesto-contra-a-crise-na-saude\/#organizationLogo"}},{"@type":"Person","@id":"https:\/\/anoticiaonline.com.br\/site\/author\/juliana\/#author","url":"https:\/\/anoticiaonline.com.br\/site\/author\/juliana\/","name":"Juliana Laviola","image":{"@type":"ImageObject","@id":"https:\/\/anoticiaonline.com.br\/site\/hospitais-de-muriae-aderem-a-manifesto-contra-a-crise-na-saude\/#authorImage","url":"https:\/\/secure.gravatar.com\/avatar\/b8d45f5c699b100dfaf0e543582f38f38bf94cb7ae3a5e9abf8d891a34773335?s=96&d=mm&r=g","width":96,"height":96,"caption":"Juliana Laviola"}},{"@type":"WebPage","@id":"https:\/\/anoticiaonline.com.br\/site\/hospitais-de-muriae-aderem-a-manifesto-contra-a-crise-na-saude\/#webpage","url":"https:\/\/anoticiaonline.com.br\/site\/hospitais-de-muriae-aderem-a-manifesto-contra-a-crise-na-saude\/","name":"Hospitais de Muria\u00e9 aderem a manifesto contra a crise na sa\u00fade - A Not\u00edcia Online","description":"O Hospital S\u00e3o Paulo e o Hospital do C\u00e2ncer de Muria\u00e9 est\u00e3o entre as institui\u00e7\u00f5es filantr\u00f3picas de Minas Gerais que v\u00e3o participar de uma a\u00e7\u00e3o coletiva nesta sexta-feira (26), a partir das 7h da manh\u00e3. No estado, pelo menos 128 hospitais filantr\u00f3picos sofrem com atrasos nos repasses de recursos financeiros e com uma d\u00edvida do","inLanguage":"pt-BR","isPartOf":{"@id":"https:\/\/anoticiaonline.com.br\/site\/#website"},"breadcrumb":{"@id":"https:\/\/anoticiaonline.com.br\/site\/hospitais-de-muriae-aderem-a-manifesto-contra-a-crise-na-saude\/#breadcrumblist"},"author":{"@id":"https:\/\/anoticiaonline.com.br\/site\/author\/juliana\/#author"},"creator":{"@id":"https:\/\/anoticiaonline.com.br\/site\/author\/juliana\/#author"},"image":{"@type":"ImageObject","url":"https:\/\/anoticiaonline.com.br\/site\/wp-content\/uploads\/2017\/05\/Montagem.jpg","@id":"https:\/\/anoticiaonline.com.br\/site\/hospitais-de-muriae-aderem-a-manifesto-contra-a-crise-na-saude\/#mainImage","width":640,"height":480,"caption":"Hospital S\u00e3o Paulo e Hospital do C\u00e2mcer de Muria\u00e9 v\u00e3o aderir ao movimento"},"primaryImageOfPage":{"@id":"https:\/\/anoticiaonline.com.br\/site\/hospitais-de-muriae-aderem-a-manifesto-contra-a-crise-na-saude\/#mainImage"},"datePublished":"2017-05-25T11:58:06-03:00","dateModified":"2017-06-22T20:11:33-03:00"},{"@type":"WebSite","@id":"https:\/\/anoticiaonline.com.br\/site\/#website","url":"https:\/\/anoticiaonline.com.br\/site\/","name":"A Not\u00edcia Online","description":"Noticias de Muria\u00e9 e regi\u00e3o","inLanguage":"pt-BR","publisher":{"@id":"https:\/\/anoticiaonline.com.br\/site\/#organization"}}]},"og:locale":"pt_BR","og:site_name":"A Not\u00edcia Online - Noticias de Muria\u00e9 e regi\u00e3o","og:type":"article","og:title":"Hospitais de Muria\u00e9 aderem a manifesto contra a crise na sa\u00fade - A Not\u00edcia Online","og:description":"O Hospital S\u00e3o Paulo e o Hospital do C\u00e2ncer de Muria\u00e9 est\u00e3o entre as institui\u00e7\u00f5es filantr\u00f3picas de Minas Gerais que v\u00e3o participar de uma a\u00e7\u00e3o coletiva nesta sexta-feira (26), a partir das 7h da manh\u00e3. No estado, pelo menos 128 hospitais filantr\u00f3picos sofrem com atrasos nos repasses de recursos financeiros e com uma d\u00edvida do","og:url":"https:\/\/anoticiaonline.com.br\/site\/hospitais-de-muriae-aderem-a-manifesto-contra-a-crise-na-saude\/","og:image":"https:\/\/scontent-gig4-1.xx.fbcdn.net\/v\/t39.30808-1\/270437624_4564083193639691_6907940295614233970_n.jpg?stp=dst-jpg_s200x200_tt6&#038;_nc_cat=111&#038;ccb=1-7&#038;_nc_sid=f907e8&#038;_nc_ohc=SM1wRlP3lJwQ7kNvwEPuBYA&#038;_nc_oc=AdnqrjDN_BNjSSHWO-GbkIWH6fkGMLw4bqvL_NH6e2wMveX7G-rP2dAqsDSq1mJMOaY&#038;_nc_zt=24&#038;_nc_ht=scontent-gig4-1.xx&#038;_nc_gid=AoBFJeGrT1hVaew_6rchkQ&#038;oh=00_AfX7QmFGhQhG2jAllVgXCiM1ZrWgvtp80-Bfppyexh1QEg&#038;oe=689E923C","og:image:secure_url":"https:\/\/scontent-gig4-1.xx.fbcdn.net\/v\/t39.30808-1\/270437624_4564083193639691_6907940295614233970_n.jpg?stp=dst-jpg_s200x200_tt6&#038;_nc_cat=111&#038;ccb=1-7&#038;_nc_sid=f907e8&#038;_nc_ohc=SM1wRlP3lJwQ7kNvwEPuBYA&#038;_nc_oc=AdnqrjDN_BNjSSHWO-GbkIWH6fkGMLw4bqvL_NH6e2wMveX7G-rP2dAqsDSq1mJMOaY&#038;_nc_zt=24&#038;_nc_ht=scontent-gig4-1.xx&#038;_nc_gid=AoBFJeGrT1hVaew_6rchkQ&#038;oh=00_AfX7QmFGhQhG2jAllVgXCiM1ZrWgvtp80-Bfppyexh1QEg&#038;oe=689E923C","article:published_time":"2017-05-25T14:58:06+00:00","article:modified_time":"2017-06-22T23:11:33+00:00","twitter:card":"summary_large_image","twitter:title":"Hospitais de Muria\u00e9 aderem a manifesto contra a crise na sa\u00fade - A Not\u00edcia Online","twitter:description":"O Hospital S\u00e3o Paulo e o Hospital do C\u00e2ncer de Muria\u00e9 est\u00e3o entre as institui\u00e7\u00f5es filantr\u00f3picas de Minas Gerais que v\u00e3o participar de uma a\u00e7\u00e3o coletiva nesta sexta-feira (26), a partir das 7h da manh\u00e3. No estado, pelo menos 128 hospitais filantr\u00f3picos sofrem com atrasos nos repasses de recursos financeiros e com uma d\u00edvida do","twitter:image":"https:\/\/scontent-gig4-1.xx.fbcdn.net\/v\/t39.30808-1\/270437624_4564083193639691_6907940295614233970_n.jpg?stp=dst-jpg_s200x200_tt6&_nc_cat=111&ccb=1-7&_nc_sid=f907e8&_nc_ohc=SM1wRlP3lJwQ7kNvwEPuBYA&_nc_oc=AdnqrjDN_BNjSSHWO-GbkIWH6fkGMLw4bqvL_NH6e2wMveX7G-rP2dAqsDSq1mJMOaY&_nc_zt=24&_nc_ht=scontent-gig4-1.xx&_nc_gid=AoBFJeGrT1hVaew_6rchkQ&oh=00_AfX7QmFGhQhG2jAllVgXCiM1ZrWgvtp80-Bfppyexh1QEg&oe=689E923C"},"aioseo_meta_data":{"post_id":"30754","title":null,"description":null,"keywords":null,"keyphrases":null,"primary_term":null,"canonical_url":null,"og_title":null,"og_description":null,"og_object_type":"default","og_image_type":"default","og_image_url":null,"og_image_width":null,"og_image_height":null,"og_image_custom_url":null,"og_image_custom_fields":null,"og_video":null,"og_custom_url":null,"og_article_section":null,"og_article_tags":null,"twitter_use_og":false,"twitter_card":"default","twitter_image_type":"default","twitter_image_url":null,"twitter_image_custom_url":null,"twitter_image_custom_fields":null,"twitter_title":null,"twitter_description":null,"schema":{"blockGraphs":[],"customGraphs":[],"default":{"data":{"Article":[],"Course":[],"Dataset":[],"FAQPage":[],"Movie":[],"Person":[],"Product":[],"ProductReview":[],"Car":[],"Recipe":[],"Service":[],"SoftwareApplication":[],"WebPage":[]},"graphName":"","isEnabled":true},"graphs":[]},"schema_type":"default","schema_type_options":null,"pillar_content":false,"robots_default":true,"robots_noindex":false,"robots_noarchive":false,"robots_nosnippet":false,"robots_nofollow":false,"robots_noimageindex":false,"robots_noodp":false,"robots_notranslate":false,"robots_max_snippet":null,"robots_max_videopreview":null,"robots_max_imagepreview":"large","priority":null,"frequency":null,"local_seo":null,"breadcrumb_settings":null,"limit_modified_date":false,"ai":null,"created":"2025-08-16 18:26:19","updated":"2025-08-16 18:26:19","focus_keyword":null,"additional_keywords":null,"truseo_locale":null,"seo_analyzer_scan_date":null},"aioseo_breadcrumb":"<div class=\"aioseo-breadcrumbs\"><span class=\"aioseo-breadcrumb\">\n\t\t\t<a href=\"https:\/\/anoticiaonline.com.br\/site\" title=\"Home\">Home<\/a>\n\t\t<\/span><span class=\"aioseo-breadcrumb-separator\">&raquo;<\/span><span class=\"aioseo-breadcrumb\">\n\t\t\t<a href=\"https:\/\/anoticiaonline.com.br\/site\/categoria\/muriae\/\" title=\"Blog\">Blog<\/a>\n\t\t<\/span><span class=\"aioseo-breadcrumb-separator\">&raquo;<\/span><span class=\"aioseo-breadcrumb\">\n\t\t\tHospitais de Muria\u00e9 aderem a manifesto contra a crise na sa\u00fade\n\t\t<\/span><\/div>","aioseo_breadcrumb_json":[{"label":"Home","link":"https:\/\/anoticiaonline.com.br\/site"},{"label":"Blog","link":"https:\/\/anoticiaonline.com.br\/site\/categoria\/muriae\/"},{"label":"Hospitais de Muria\u00e9 aderem a manifesto contra a crise na sa\u00fade","link":"https:\/\/anoticiaonline.com.br\/site\/hospitais-de-muriae-aderem-a-manifesto-contra-a-crise-na-saude\/"}],"views":151,"_links":{"self":[{"href":"https:\/\/anoticiaonline.com.br\/site\/wp-json\/wp\/v2\/posts\/30754","targetHints":{"allow":["GET"]}}],"collection":[{"href":"https:\/\/anoticiaonline.com.br\/site\/wp-json\/wp\/v2\/posts"}],"about":[{"href":"https:\/\/anoticiaonline.com.br\/site\/wp-json\/wp\/v2\/types\/post"}],"author":[{"embeddable":true,"href":"https:\/\/anoticiaonline.com.br\/site\/wp-json\/wp\/v2\/users\/2"}],"replies":[{"embeddable":true,"href":"https:\/\/anoticiaonline.com.br\/site\/wp-json\/wp\/v2\/comments?post=30754"}],"version-history":[{"count":0,"href":"https:\/\/anoticiaonline.com.br\/site\/wp-json\/wp\/v2\/posts\/30754\/revisions"}],"wp:featuredmedia":[{"embeddable":true,"href":"https:\/\/anoticiaonline.com.br\/site\/wp-json\/wp\/v2\/media\/30759"}],"wp:attachment":[{"href":"https:\/\/anoticiaonline.com.br\/site\/wp-json\/wp\/v2\/media?parent=30754"}],"wp:term":[{"taxonomy":"category","embeddable":true,"href":"https:\/\/anoticiaonline.com.br\/site\/wp-json\/wp\/v2\/categories?post=30754"},{"taxonomy":"post_tag","embeddable":true,"href":"https:\/\/anoticiaonline.com.br\/site\/wp-json\/wp\/v2\/tags?post=30754"}],"curies":[{"name":"wp","href":"https:\/\/api.w.org\/{rel}","templated":true}]}}