{"id":30665,"date":"2017-05-24T10:04:31","date_gmt":"2017-05-24T13:04:31","guid":{"rendered":"http:\/\/anoticiaonline.com.br\/site\/?p=30665"},"modified":"2017-06-22T20:17:27","modified_gmt":"2017-06-22T23:17:27","slug":"aluno-da-escola-sao-paulo-e-campeao-de-xadrez-do-jemg","status":"publish","type":"post","link":"https:\/\/anoticiaonline.com.br\/site\/aluno-da-escola-sao-paulo-e-campeao-de-xadrez-do-jemg\/","title":{"rendered":"Aluno da Escola S\u00e3o Paulo \u00e9 campe\u00e3o de xadrez do JEMG"},"content":{"rendered":"<p><a href=\"https:\/\/anoticiaonline.com.br\/site\/wp-content\/uploads\/2017\/05\/Aluno-da-Escola-S\u00e3o-Paulo-\u00e9-campe\u00e3o-de-xadrez-do-JEMG2.jpg\"><img fetchpriority=\"high\" decoding=\"async\" class=\" size-medium wp-image-30670 alignleft\" src=\"https:\/\/anoticiaonline.com.br\/site\/wp-content\/uploads\/2017\/05\/Aluno-da-Escola-S\u00e3o-Paulo-\u00e9-campe\u00e3o-de-xadrez-do-JEMG2-300x254.jpg\" alt=\"Aluno da Escola S\u00e3o Paulo \u00e9 campe\u00e3o de xadrez do JEMG\" width=\"300\" height=\"254\" srcset=\"https:\/\/anoticiaonline.com.br\/site\/wp-content\/uploads\/2017\/05\/Aluno-da-Escola-S\u00e3o-Paulo-\u00e9-campe\u00e3o-de-xadrez-do-JEMG2-300x254.jpg 300w, https:\/\/anoticiaonline.com.br\/site\/wp-content\/uploads\/2017\/05\/Aluno-da-Escola-S\u00e3o-Paulo-\u00e9-campe\u00e3o-de-xadrez-do-JEMG2.jpg 640w\" sizes=\"(max-width: 300px) 100vw, 300px\" \/><\/a>Rhuan Braga de Freitas, de 14 anos, vai representar Muria\u00e9 na fase regional da Zona da Mata dos Jogos Escolares de Minas Gerais (JEMG) na modalidade de xadrez, ao conquistar o primeiro lugar na na etapa microrregional competi\u00e7\u00e3o.<\/p>\n<p>Aluno da Escola S\u00e3o Paulo, Rhuan pratica xadrez h\u00e1 dois anos e j\u00e1 conquistou outros t\u00edtulos: foi campe\u00e3o dos Jogos Estudantis de Muria\u00e9 (JEM), que o classificou para a etapa microrregional do JEMG, e do School Regional Games, que aconteceu em Juiz de Fora, em dezembro do ano passado. Nesta competi\u00e7\u00e3o, Rhuan disputou seis partidas com os alunos da Escola Degraus. Ele, inclusive, competiu com a campe\u00e3 metropolitana de xadrez e com um garoto que ficou em terceiro lugar na Liga X, tamb\u00e9m em Juiz de Fora, e venceu.<\/p>\n<p>Segundo ele, ser campe\u00e3o da etapa microrregional de Muria\u00e9 do JEMG foi uma surpresa. \u201cFoi muito bom vencer essa etapa. No come\u00e7o, eu achava que n\u00e3o estava preparado. S\u00f3 que aconteceu isso, eu venci\u201d, conta.<\/p>\n","protected":false},"excerpt":{"rendered":"<p>Rhuan Braga de Freitas, de 14 anos, vai representar Muria\u00e9 na fase regional da Zona da Mata dos Jogos Escolares de Minas Gerais (JEMG) na modalidade de xadrez, ao conquistar o primeiro lugar na na etapa microrregional competi\u00e7\u00e3o. Aluno da Escola S\u00e3o Paulo, Rhuan pratica xadrez h\u00e1 dois anos e j\u00e1 conquistou outros t\u00edtulos: foi &#8230; <a title=\"Aluno da Escola S\u00e3o Paulo \u00e9 campe\u00e3o de xadrez do JEMG\" class=\"read-more\" href=\"https:\/\/anoticiaonline.com.br\/site\/aluno-da-escola-sao-paulo-e-campeao-de-xadrez-do-jemg\/\" aria-label=\"Read more about Aluno da Escola S\u00e3o Paulo \u00e9 campe\u00e3o de xadrez do JEMG\">Ler mais<\/a><\/p>\n","protected":false},"author":2,"featured_media":30670,"comment_status":"open","ping_status":"open","sticky":false,"template":"","format":"standard","meta":{"_acf_changed":false,"_monsterinsights_skip_tracking":false,"footnotes":""},"categories":[29],"tags":[249,91,3,254],"class_list":["post-30665","post","type-post","status-publish","format-standard","has-post-thumbnail","hentry","category-esporte","tag-escola-sao-paulo","tag-jemg","tag-slide","tag-xadrez"],"acf":[],"aioseo_notices":[],"aioseo_head":"\n\t\t<!-- All in One SEO 5.0.0.1 - aioseo.com -->\n\t<meta name=\"description\" content=\"Rhuan Braga de Freitas, de 14 anos, vai representar Muria\u00e9 na fase regional da Zona da Mata dos Jogos Escolares de Minas Gerais (JEMG) na modalidade de xadrez, ao conquistar o primeiro lugar na na etapa microrregional competi\u00e7\u00e3o. Aluno da Escola S\u00e3o Paulo, Rhuan pratica xadrez h\u00e1 dois anos e j\u00e1 conquistou outros t\u00edtulos: foi\" \/>\n\t<meta name=\"robots\" content=\"max-image-preview:large\" \/>\n\t<meta name=\"author\" content=\"Juliana Laviola\"\/>\n\t<link rel=\"canonical\" href=\"https:\/\/anoticiaonline.com.br\/site\/aluno-da-escola-sao-paulo-e-campeao-de-xadrez-do-jemg\/\" \/>\n\t<meta name=\"generator\" content=\"All in One SEO (AIOSEO) 5.0.0.1\" \/>\n\t\t<meta property=\"og:locale\" content=\"pt_BR\" \/>\n\t\t<meta property=\"og:site_name\" content=\"A Not\u00edcia Online - Noticias de Muria\u00e9 e regi\u00e3o\" \/>\n\t\t<meta property=\"og:type\" content=\"article\" \/>\n\t\t<meta property=\"og:title\" content=\"Aluno da Escola S\u00e3o Paulo \u00e9 campe\u00e3o de xadrez do JEMG - A Not\u00edcia Online\" \/>\n\t\t<meta property=\"og:description\" content=\"Rhuan Braga de Freitas, de 14 anos, vai representar Muria\u00e9 na fase regional da Zona da Mata dos Jogos Escolares de Minas Gerais (JEMG) na modalidade de xadrez, ao conquistar o primeiro lugar na na etapa microrregional competi\u00e7\u00e3o. Aluno da Escola S\u00e3o Paulo, Rhuan pratica xadrez h\u00e1 dois anos e j\u00e1 conquistou outros t\u00edtulos: foi\" \/>\n\t\t<meta property=\"og:url\" content=\"https:\/\/anoticiaonline.com.br\/site\/aluno-da-escola-sao-paulo-e-campeao-de-xadrez-do-jemg\/\" \/>\n\t\t<meta property=\"og:image\" content=\"https:\/\/scontent-gig4-1.xx.fbcdn.net\/v\/t39.30808-1\/270437624_4564083193639691_6907940295614233970_n.jpg?stp=dst-jpg_s200x200_tt6&#038;_nc_cat=111&#038;ccb=1-7&#038;_nc_sid=f907e8&#038;_nc_ohc=SM1wRlP3lJwQ7kNvwEPuBYA&#038;_nc_oc=AdnqrjDN_BNjSSHWO-GbkIWH6fkGMLw4bqvL_NH6e2wMveX7G-rP2dAqsDSq1mJMOaY&#038;_nc_zt=24&#038;_nc_ht=scontent-gig4-1.xx&#038;_nc_gid=AoBFJeGrT1hVaew_6rchkQ&#038;oh=00_AfX7QmFGhQhG2jAllVgXCiM1ZrWgvtp80-Bfppyexh1QEg&#038;oe=689E923C\" \/>\n\t\t<meta property=\"og:image:secure_url\" content=\"https:\/\/scontent-gig4-1.xx.fbcdn.net\/v\/t39.30808-1\/270437624_4564083193639691_6907940295614233970_n.jpg?stp=dst-jpg_s200x200_tt6&#038;_nc_cat=111&#038;ccb=1-7&#038;_nc_sid=f907e8&#038;_nc_ohc=SM1wRlP3lJwQ7kNvwEPuBYA&#038;_nc_oc=AdnqrjDN_BNjSSHWO-GbkIWH6fkGMLw4bqvL_NH6e2wMveX7G-rP2dAqsDSq1mJMOaY&#038;_nc_zt=24&#038;_nc_ht=scontent-gig4-1.xx&#038;_nc_gid=AoBFJeGrT1hVaew_6rchkQ&#038;oh=00_AfX7QmFGhQhG2jAllVgXCiM1ZrWgvtp80-Bfppyexh1QEg&#038;oe=689E923C\" \/>\n\t\t<meta property=\"article:published_time\" content=\"2017-05-24T13:04:31+00:00\" \/>\n\t\t<meta property=\"article:modified_time\" content=\"2017-06-22T23:17:27+00:00\" \/>\n\t\t<meta name=\"twitter:card\" content=\"summary_large_image\" \/>\n\t\t<meta name=\"twitter:title\" content=\"Aluno da Escola S\u00e3o Paulo \u00e9 campe\u00e3o de xadrez do JEMG - A Not\u00edcia Online\" \/>\n\t\t<meta name=\"twitter:description\" content=\"Rhuan Braga de Freitas, de 14 anos, vai representar Muria\u00e9 na fase regional da Zona da Mata dos Jogos Escolares de Minas Gerais (JEMG) na modalidade de xadrez, ao conquistar o primeiro lugar na na etapa microrregional competi\u00e7\u00e3o. Aluno da Escola S\u00e3o Paulo, Rhuan pratica xadrez h\u00e1 dois anos e j\u00e1 conquistou outros t\u00edtulos: foi\" \/>\n\t\t<meta name=\"twitter:image\" content=\"https:\/\/scontent-gig4-1.xx.fbcdn.net\/v\/t39.30808-1\/270437624_4564083193639691_6907940295614233970_n.jpg?stp=dst-jpg_s200x200_tt6&amp;_nc_cat=111&amp;ccb=1-7&amp;_nc_sid=f907e8&amp;_nc_ohc=SM1wRlP3lJwQ7kNvwEPuBYA&amp;_nc_oc=AdnqrjDN_BNjSSHWO-GbkIWH6fkGMLw4bqvL_NH6e2wMveX7G-rP2dAqsDSq1mJMOaY&amp;_nc_zt=24&amp;_nc_ht=scontent-gig4-1.xx&amp;_nc_gid=AoBFJeGrT1hVaew_6rchkQ&amp;oh=00_AfX7QmFGhQhG2jAllVgXCiM1ZrWgvtp80-Bfppyexh1QEg&amp;oe=689E923C\" \/>\n\t\t<script type=\"application\/ld+json\" class=\"aioseo-schema\">\n\t\t\t{\"@context\":\"https:\\\/\\\/schema.org\",\"@graph\":[{\"@type\":\"BlogPosting\",\"@id\":\"https:\\\/\\\/anoticiaonline.com.br\\\/site\\\/aluno-da-escola-sao-paulo-e-campeao-de-xadrez-do-jemg\\\/#blogposting\",\"name\":\"Aluno da Escola S\\u00e3o Paulo \\u00e9 campe\\u00e3o de xadrez do JEMG - A Not\\u00edcia Online\",\"headline\":\"Aluno da Escola S\\u00e3o Paulo \\u00e9 campe\\u00e3o de xadrez do JEMG\",\"author\":{\"@id\":\"https:\\\/\\\/anoticiaonline.com.br\\\/site\\\/author\\\/juliana\\\/#author\"},\"publisher\":{\"@id\":\"https:\\\/\\\/anoticiaonline.com.br\\\/site\\\/#organization\"},\"image\":{\"@type\":\"ImageObject\",\"url\":\"https:\\\/\\\/anoticiaonline.com.br\\\/site\\\/wp-content\\\/uploads\\\/2017\\\/05\\\/Aluno-da-Escola-S\\u00e3o-Paulo-\\u00e9-campe\\u00e3o-de-xadrez-do-JEMG2.jpg\",\"width\":640,\"height\":542,\"caption\":\"Rhuan Braga de Freitas vai representar Muria\\u00e9 na fase regional do JEMG no xadrez\"},\"datePublished\":\"2017-05-24T10:04:31-03:00\",\"dateModified\":\"2017-06-22T20:17:27-03:00\",\"inLanguage\":\"pt-BR\",\"mainEntityOfPage\":{\"@id\":\"https:\\\/\\\/anoticiaonline.com.br\\\/site\\\/aluno-da-escola-sao-paulo-e-campeao-de-xadrez-do-jemg\\\/#webpage\"},\"isPartOf\":{\"@id\":\"https:\\\/\\\/anoticiaonline.com.br\\\/site\\\/aluno-da-escola-sao-paulo-e-campeao-de-xadrez-do-jemg\\\/#webpage\"},\"articleSection\":\"Esporte, escola s\\u00e3o paulo, JEMG, slide, xadrez\"},{\"@type\":\"BreadcrumbList\",\"@id\":\"https:\\\/\\\/anoticiaonline.com.br\\\/site\\\/aluno-da-escola-sao-paulo-e-campeao-de-xadrez-do-jemg\\\/#breadcrumblist\",\"itemListElement\":[{\"@type\":\"ListItem\",\"@id\":\"https:\\\/\\\/anoticiaonline.com.br\\\/site#listItem\",\"position\":1,\"name\":\"Home\",\"item\":\"https:\\\/\\\/anoticiaonline.com.br\\\/site\",\"nextItem\":{\"@type\":\"ListItem\",\"@id\":\"https:\\\/\\\/anoticiaonline.com.br\\\/site\\\/categoria\\\/esporte\\\/#listItem\",\"name\":\"Esporte\"}},{\"@type\":\"ListItem\",\"@id\":\"https:\\\/\\\/anoticiaonline.com.br\\\/site\\\/categoria\\\/esporte\\\/#listItem\",\"position\":2,\"name\":\"Esporte\",\"item\":\"https:\\\/\\\/anoticiaonline.com.br\\\/site\\\/categoria\\\/esporte\\\/\",\"nextItem\":{\"@type\":\"ListItem\",\"@id\":\"https:\\\/\\\/anoticiaonline.com.br\\\/site\\\/aluno-da-escola-sao-paulo-e-campeao-de-xadrez-do-jemg\\\/#listItem\",\"name\":\"Aluno da Escola S\\u00e3o Paulo \\u00e9 campe\\u00e3o de xadrez do JEMG\"},\"previousItem\":{\"@type\":\"ListItem\",\"@id\":\"https:\\\/\\\/anoticiaonline.com.br\\\/site#listItem\",\"name\":\"Home\"}},{\"@type\":\"ListItem\",\"@id\":\"https:\\\/\\\/anoticiaonline.com.br\\\/site\\\/aluno-da-escola-sao-paulo-e-campeao-de-xadrez-do-jemg\\\/#listItem\",\"position\":3,\"name\":\"Aluno da Escola S\\u00e3o Paulo \\u00e9 campe\\u00e3o de xadrez do JEMG\",\"previousItem\":{\"@type\":\"ListItem\",\"@id\":\"https:\\\/\\\/anoticiaonline.com.br\\\/site\\\/categoria\\\/esporte\\\/#listItem\",\"name\":\"Esporte\"}}]},{\"@type\":\"Organization\",\"@id\":\"https:\\\/\\\/anoticiaonline.com.br\\\/site\\\/#organization\",\"name\":\"A Not\\u00edcia Online\",\"description\":\"Noticias de Muria\\u00e9 e regi\\u00e3o\",\"url\":\"https:\\\/\\\/anoticiaonline.com.br\\\/site\\\/\",\"logo\":{\"@type\":\"ImageObject\",\"url\":\"https:\\\/\\\/scontent-gig4-1.xx.fbcdn.net\\\/v\\\/t39.30808-1\\\/270437624_4564083193639691_6907940295614233970_n.jpg?stp=dst-jpg_s200x200_tt6&_nc_cat=111&ccb=1-7&_nc_sid=f907e8&_nc_ohc=SM1wRlP3lJwQ7kNvwEPuBYA&_nc_oc=AdnqrjDN_BNjSSHWO-GbkIWH6fkGMLw4bqvL_NH6e2wMveX7G-rP2dAqsDSq1mJMOaY&_nc_zt=24&_nc_ht=scontent-gig4-1.xx&_nc_gid=AoBFJeGrT1hVaew_6rchkQ&oh=00_AfX7QmFGhQhG2jAllVgXCiM1ZrWgvtp80-Bfppyexh1QEg&oe=689E923C\",\"@id\":\"https:\\\/\\\/anoticiaonline.com.br\\\/site\\\/aluno-da-escola-sao-paulo-e-campeao-de-xadrez-do-jemg\\\/#organizationLogo\"},\"image\":{\"@id\":\"https:\\\/\\\/anoticiaonline.com.br\\\/site\\\/aluno-da-escola-sao-paulo-e-campeao-de-xadrez-do-jemg\\\/#organizationLogo\"}},{\"@type\":\"Person\",\"@id\":\"https:\\\/\\\/anoticiaonline.com.br\\\/site\\\/author\\\/juliana\\\/#author\",\"url\":\"https:\\\/\\\/anoticiaonline.com.br\\\/site\\\/author\\\/juliana\\\/\",\"name\":\"Juliana Laviola\",\"image\":{\"@type\":\"ImageObject\",\"@id\":\"https:\\\/\\\/anoticiaonline.com.br\\\/site\\\/aluno-da-escola-sao-paulo-e-campeao-de-xadrez-do-jemg\\\/#authorImage\",\"url\":\"https:\\\/\\\/secure.gravatar.com\\\/avatar\\\/b8d45f5c699b100dfaf0e543582f38f38bf94cb7ae3a5e9abf8d891a34773335?s=96&d=mm&r=g\",\"width\":96,\"height\":96,\"caption\":\"Juliana Laviola\"}},{\"@type\":\"WebPage\",\"@id\":\"https:\\\/\\\/anoticiaonline.com.br\\\/site\\\/aluno-da-escola-sao-paulo-e-campeao-de-xadrez-do-jemg\\\/#webpage\",\"url\":\"https:\\\/\\\/anoticiaonline.com.br\\\/site\\\/aluno-da-escola-sao-paulo-e-campeao-de-xadrez-do-jemg\\\/\",\"name\":\"Aluno da Escola S\\u00e3o Paulo \\u00e9 campe\\u00e3o de xadrez do JEMG - A Not\\u00edcia Online\",\"description\":\"Rhuan Braga de Freitas, de 14 anos, vai representar Muria\\u00e9 na fase regional da Zona da Mata dos Jogos Escolares de Minas Gerais (JEMG) na modalidade de xadrez, ao conquistar o primeiro lugar na na etapa microrregional competi\\u00e7\\u00e3o. Aluno da Escola S\\u00e3o Paulo, Rhuan pratica xadrez h\\u00e1 dois anos e j\\u00e1 conquistou outros t\\u00edtulos: foi\",\"inLanguage\":\"pt-BR\",\"isPartOf\":{\"@id\":\"https:\\\/\\\/anoticiaonline.com.br\\\/site\\\/#website\"},\"breadcrumb\":{\"@id\":\"https:\\\/\\\/anoticiaonline.com.br\\\/site\\\/aluno-da-escola-sao-paulo-e-campeao-de-xadrez-do-jemg\\\/#breadcrumblist\"},\"author\":{\"@id\":\"https:\\\/\\\/anoticiaonline.com.br\\\/site\\\/author\\\/juliana\\\/#author\"},\"creator\":{\"@id\":\"https:\\\/\\\/anoticiaonline.com.br\\\/site\\\/author\\\/juliana\\\/#author\"},\"image\":{\"@type\":\"ImageObject\",\"url\":\"https:\\\/\\\/anoticiaonline.com.br\\\/site\\\/wp-content\\\/uploads\\\/2017\\\/05\\\/Aluno-da-Escola-S\\u00e3o-Paulo-\\u00e9-campe\\u00e3o-de-xadrez-do-JEMG2.jpg\",\"@id\":\"https:\\\/\\\/anoticiaonline.com.br\\\/site\\\/aluno-da-escola-sao-paulo-e-campeao-de-xadrez-do-jemg\\\/#mainImage\",\"width\":640,\"height\":542,\"caption\":\"Rhuan Braga de Freitas vai representar Muria\\u00e9 na fase regional do JEMG no xadrez\"},\"primaryImageOfPage\":{\"@id\":\"https:\\\/\\\/anoticiaonline.com.br\\\/site\\\/aluno-da-escola-sao-paulo-e-campeao-de-xadrez-do-jemg\\\/#mainImage\"},\"datePublished\":\"2017-05-24T10:04:31-03:00\",\"dateModified\":\"2017-06-22T20:17:27-03:00\"},{\"@type\":\"WebSite\",\"@id\":\"https:\\\/\\\/anoticiaonline.com.br\\\/site\\\/#website\",\"url\":\"https:\\\/\\\/anoticiaonline.com.br\\\/site\\\/\",\"name\":\"A Not\\u00edcia Online\",\"description\":\"Noticias de Muria\\u00e9 e regi\\u00e3o\",\"inLanguage\":\"pt-BR\",\"publisher\":{\"@id\":\"https:\\\/\\\/anoticiaonline.com.br\\\/site\\\/#organization\"}}]}\n\t\t<\/script>\n\t\t<!-- All in One SEO -->\n\n","aioseo_head_json":{"title":"Aluno da Escola S\u00e3o Paulo \u00e9 campe\u00e3o de xadrez do JEMG - A Not\u00edcia Online","description":"Rhuan Braga de Freitas, de 14 anos, vai representar Muria\u00e9 na fase regional da Zona da Mata dos Jogos Escolares de Minas Gerais (JEMG) na modalidade de xadrez, ao conquistar o primeiro lugar na na etapa microrregional competi\u00e7\u00e3o. Aluno da Escola S\u00e3o Paulo, Rhuan pratica xadrez h\u00e1 dois anos e j\u00e1 conquistou outros t\u00edtulos: foi","canonical_url":"https:\/\/anoticiaonline.com.br\/site\/aluno-da-escola-sao-paulo-e-campeao-de-xadrez-do-jemg\/","robots":"max-image-preview:large","keywords":"","webmasterTools":{"miscellaneous":""},"schema":{"@context":"https:\/\/schema.org","@graph":[{"@type":"BlogPosting","@id":"https:\/\/anoticiaonline.com.br\/site\/aluno-da-escola-sao-paulo-e-campeao-de-xadrez-do-jemg\/#blogposting","name":"Aluno da Escola S\u00e3o Paulo \u00e9 campe\u00e3o de xadrez do JEMG - A Not\u00edcia Online","headline":"Aluno da Escola S\u00e3o Paulo \u00e9 campe\u00e3o de xadrez do JEMG","author":{"@id":"https:\/\/anoticiaonline.com.br\/site\/author\/juliana\/#author"},"publisher":{"@id":"https:\/\/anoticiaonline.com.br\/site\/#organization"},"image":{"@type":"ImageObject","url":"https:\/\/anoticiaonline.com.br\/site\/wp-content\/uploads\/2017\/05\/Aluno-da-Escola-S\u00e3o-Paulo-\u00e9-campe\u00e3o-de-xadrez-do-JEMG2.jpg","width":640,"height":542,"caption":"Rhuan Braga de Freitas vai representar Muria\u00e9 na fase regional do JEMG no xadrez"},"datePublished":"2017-05-24T10:04:31-03:00","dateModified":"2017-06-22T20:17:27-03:00","inLanguage":"pt-BR","mainEntityOfPage":{"@id":"https:\/\/anoticiaonline.com.br\/site\/aluno-da-escola-sao-paulo-e-campeao-de-xadrez-do-jemg\/#webpage"},"isPartOf":{"@id":"https:\/\/anoticiaonline.com.br\/site\/aluno-da-escola-sao-paulo-e-campeao-de-xadrez-do-jemg\/#webpage"},"articleSection":"Esporte, escola s\u00e3o paulo, JEMG, slide, xadrez"},{"@type":"BreadcrumbList","@id":"https:\/\/anoticiaonline.com.br\/site\/aluno-da-escola-sao-paulo-e-campeao-de-xadrez-do-jemg\/#breadcrumblist","itemListElement":[{"@type":"ListItem","@id":"https:\/\/anoticiaonline.com.br\/site#listItem","position":1,"name":"Home","item":"https:\/\/anoticiaonline.com.br\/site","nextItem":{"@type":"ListItem","@id":"https:\/\/anoticiaonline.com.br\/site\/categoria\/esporte\/#listItem","name":"Esporte"}},{"@type":"ListItem","@id":"https:\/\/anoticiaonline.com.br\/site\/categoria\/esporte\/#listItem","position":2,"name":"Esporte","item":"https:\/\/anoticiaonline.com.br\/site\/categoria\/esporte\/","nextItem":{"@type":"ListItem","@id":"https:\/\/anoticiaonline.com.br\/site\/aluno-da-escola-sao-paulo-e-campeao-de-xadrez-do-jemg\/#listItem","name":"Aluno da Escola S\u00e3o Paulo \u00e9 campe\u00e3o de xadrez do JEMG"},"previousItem":{"@type":"ListItem","@id":"https:\/\/anoticiaonline.com.br\/site#listItem","name":"Home"}},{"@type":"ListItem","@id":"https:\/\/anoticiaonline.com.br\/site\/aluno-da-escola-sao-paulo-e-campeao-de-xadrez-do-jemg\/#listItem","position":3,"name":"Aluno da Escola S\u00e3o Paulo \u00e9 campe\u00e3o de xadrez do JEMG","previousItem":{"@type":"ListItem","@id":"https:\/\/anoticiaonline.com.br\/site\/categoria\/esporte\/#listItem","name":"Esporte"}}]},{"@type":"Organization","@id":"https:\/\/anoticiaonline.com.br\/site\/#organization","name":"A Not\u00edcia Online","description":"Noticias de Muria\u00e9 e regi\u00e3o","url":"https:\/\/anoticiaonline.com.br\/site\/","logo":{"@type":"ImageObject","url":"https:\/\/scontent-gig4-1.xx.fbcdn.net\/v\/t39.30808-1\/270437624_4564083193639691_6907940295614233970_n.jpg?stp=dst-jpg_s200x200_tt6&_nc_cat=111&ccb=1-7&_nc_sid=f907e8&_nc_ohc=SM1wRlP3lJwQ7kNvwEPuBYA&_nc_oc=AdnqrjDN_BNjSSHWO-GbkIWH6fkGMLw4bqvL_NH6e2wMveX7G-rP2dAqsDSq1mJMOaY&_nc_zt=24&_nc_ht=scontent-gig4-1.xx&_nc_gid=AoBFJeGrT1hVaew_6rchkQ&oh=00_AfX7QmFGhQhG2jAllVgXCiM1ZrWgvtp80-Bfppyexh1QEg&oe=689E923C","@id":"https:\/\/anoticiaonline.com.br\/site\/aluno-da-escola-sao-paulo-e-campeao-de-xadrez-do-jemg\/#organizationLogo"},"image":{"@id":"https:\/\/anoticiaonline.com.br\/site\/aluno-da-escola-sao-paulo-e-campeao-de-xadrez-do-jemg\/#organizationLogo"}},{"@type":"Person","@id":"https:\/\/anoticiaonline.com.br\/site\/author\/juliana\/#author","url":"https:\/\/anoticiaonline.com.br\/site\/author\/juliana\/","name":"Juliana Laviola","image":{"@type":"ImageObject","@id":"https:\/\/anoticiaonline.com.br\/site\/aluno-da-escola-sao-paulo-e-campeao-de-xadrez-do-jemg\/#authorImage","url":"https:\/\/secure.gravatar.com\/avatar\/b8d45f5c699b100dfaf0e543582f38f38bf94cb7ae3a5e9abf8d891a34773335?s=96&d=mm&r=g","width":96,"height":96,"caption":"Juliana Laviola"}},{"@type":"WebPage","@id":"https:\/\/anoticiaonline.com.br\/site\/aluno-da-escola-sao-paulo-e-campeao-de-xadrez-do-jemg\/#webpage","url":"https:\/\/anoticiaonline.com.br\/site\/aluno-da-escola-sao-paulo-e-campeao-de-xadrez-do-jemg\/","name":"Aluno da Escola S\u00e3o Paulo \u00e9 campe\u00e3o de xadrez do JEMG - A Not\u00edcia Online","description":"Rhuan Braga de Freitas, de 14 anos, vai representar Muria\u00e9 na fase regional da Zona da Mata dos Jogos Escolares de Minas Gerais (JEMG) na modalidade de xadrez, ao conquistar o primeiro lugar na na etapa microrregional competi\u00e7\u00e3o. Aluno da Escola S\u00e3o Paulo, Rhuan pratica xadrez h\u00e1 dois anos e j\u00e1 conquistou outros t\u00edtulos: foi","inLanguage":"pt-BR","isPartOf":{"@id":"https:\/\/anoticiaonline.com.br\/site\/#website"},"breadcrumb":{"@id":"https:\/\/anoticiaonline.com.br\/site\/aluno-da-escola-sao-paulo-e-campeao-de-xadrez-do-jemg\/#breadcrumblist"},"author":{"@id":"https:\/\/anoticiaonline.com.br\/site\/author\/juliana\/#author"},"creator":{"@id":"https:\/\/anoticiaonline.com.br\/site\/author\/juliana\/#author"},"image":{"@type":"ImageObject","url":"https:\/\/anoticiaonline.com.br\/site\/wp-content\/uploads\/2017\/05\/Aluno-da-Escola-S\u00e3o-Paulo-\u00e9-campe\u00e3o-de-xadrez-do-JEMG2.jpg","@id":"https:\/\/anoticiaonline.com.br\/site\/aluno-da-escola-sao-paulo-e-campeao-de-xadrez-do-jemg\/#mainImage","width":640,"height":542,"caption":"Rhuan Braga de Freitas vai representar Muria\u00e9 na fase regional do JEMG no xadrez"},"primaryImageOfPage":{"@id":"https:\/\/anoticiaonline.com.br\/site\/aluno-da-escola-sao-paulo-e-campeao-de-xadrez-do-jemg\/#mainImage"},"datePublished":"2017-05-24T10:04:31-03:00","dateModified":"2017-06-22T20:17:27-03:00"},{"@type":"WebSite","@id":"https:\/\/anoticiaonline.com.br\/site\/#website","url":"https:\/\/anoticiaonline.com.br\/site\/","name":"A Not\u00edcia Online","description":"Noticias de Muria\u00e9 e regi\u00e3o","inLanguage":"pt-BR","publisher":{"@id":"https:\/\/anoticiaonline.com.br\/site\/#organization"}}]},"og:locale":"pt_BR","og:site_name":"A Not\u00edcia Online - Noticias de Muria\u00e9 e regi\u00e3o","og:type":"article","og:title":"Aluno da Escola S\u00e3o Paulo \u00e9 campe\u00e3o de xadrez do JEMG - A Not\u00edcia Online","og:description":"Rhuan Braga de Freitas, de 14 anos, vai representar Muria\u00e9 na fase regional da Zona da Mata dos Jogos Escolares de Minas Gerais (JEMG) na modalidade de xadrez, ao conquistar o primeiro lugar na na etapa microrregional competi\u00e7\u00e3o. Aluno da Escola S\u00e3o Paulo, Rhuan pratica xadrez h\u00e1 dois anos e j\u00e1 conquistou outros t\u00edtulos: foi","og:url":"https:\/\/anoticiaonline.com.br\/site\/aluno-da-escola-sao-paulo-e-campeao-de-xadrez-do-jemg\/","og:image":"https:\/\/scontent-gig4-1.xx.fbcdn.net\/v\/t39.30808-1\/270437624_4564083193639691_6907940295614233970_n.jpg?stp=dst-jpg_s200x200_tt6&#038;_nc_cat=111&#038;ccb=1-7&#038;_nc_sid=f907e8&#038;_nc_ohc=SM1wRlP3lJwQ7kNvwEPuBYA&#038;_nc_oc=AdnqrjDN_BNjSSHWO-GbkIWH6fkGMLw4bqvL_NH6e2wMveX7G-rP2dAqsDSq1mJMOaY&#038;_nc_zt=24&#038;_nc_ht=scontent-gig4-1.xx&#038;_nc_gid=AoBFJeGrT1hVaew_6rchkQ&#038;oh=00_AfX7QmFGhQhG2jAllVgXCiM1ZrWgvtp80-Bfppyexh1QEg&#038;oe=689E923C","og:image:secure_url":"https:\/\/scontent-gig4-1.xx.fbcdn.net\/v\/t39.30808-1\/270437624_4564083193639691_6907940295614233970_n.jpg?stp=dst-jpg_s200x200_tt6&#038;_nc_cat=111&#038;ccb=1-7&#038;_nc_sid=f907e8&#038;_nc_ohc=SM1wRlP3lJwQ7kNvwEPuBYA&#038;_nc_oc=AdnqrjDN_BNjSSHWO-GbkIWH6fkGMLw4bqvL_NH6e2wMveX7G-rP2dAqsDSq1mJMOaY&#038;_nc_zt=24&#038;_nc_ht=scontent-gig4-1.xx&#038;_nc_gid=AoBFJeGrT1hVaew_6rchkQ&#038;oh=00_AfX7QmFGhQhG2jAllVgXCiM1ZrWgvtp80-Bfppyexh1QEg&#038;oe=689E923C","article:published_time":"2017-05-24T13:04:31+00:00","article:modified_time":"2017-06-22T23:17:27+00:00","twitter:card":"summary_large_image","twitter:title":"Aluno da Escola S\u00e3o Paulo \u00e9 campe\u00e3o de xadrez do JEMG - A Not\u00edcia Online","twitter:description":"Rhuan Braga de Freitas, de 14 anos, vai representar Muria\u00e9 na fase regional da Zona da Mata dos Jogos Escolares de Minas Gerais (JEMG) na modalidade de xadrez, ao conquistar o primeiro lugar na na etapa microrregional competi\u00e7\u00e3o. Aluno da Escola S\u00e3o Paulo, Rhuan pratica xadrez h\u00e1 dois anos e j\u00e1 conquistou outros t\u00edtulos: foi","twitter:image":"https:\/\/scontent-gig4-1.xx.fbcdn.net\/v\/t39.30808-1\/270437624_4564083193639691_6907940295614233970_n.jpg?stp=dst-jpg_s200x200_tt6&_nc_cat=111&ccb=1-7&_nc_sid=f907e8&_nc_ohc=SM1wRlP3lJwQ7kNvwEPuBYA&_nc_oc=AdnqrjDN_BNjSSHWO-GbkIWH6fkGMLw4bqvL_NH6e2wMveX7G-rP2dAqsDSq1mJMOaY&_nc_zt=24&_nc_ht=scontent-gig4-1.xx&_nc_gid=AoBFJeGrT1hVaew_6rchkQ&oh=00_AfX7QmFGhQhG2jAllVgXCiM1ZrWgvtp80-Bfppyexh1QEg&oe=689E923C"},"aioseo_meta_data":{"post_id":"30665","title":null,"description":null,"keywords":null,"keyphrases":null,"primary_term":null,"canonical_url":null,"og_title":null,"og_description":null,"og_object_type":"default","og_image_type":"default","og_image_url":null,"og_image_width":null,"og_image_height":null,"og_image_custom_url":null,"og_image_custom_fields":null,"og_video":null,"og_custom_url":null,"og_article_section":null,"og_article_tags":null,"twitter_use_og":false,"twitter_card":"default","twitter_image_type":"default","twitter_image_url":null,"twitter_image_custom_url":null,"twitter_image_custom_fields":null,"twitter_title":null,"twitter_description":null,"schema":{"blockGraphs":[],"customGraphs":[],"default":{"data":{"Article":[],"Course":[],"Dataset":[],"FAQPage":[],"Movie":[],"Person":[],"Product":[],"ProductReview":[],"Car":[],"Recipe":[],"Service":[],"SoftwareApplication":[],"WebPage":[]},"graphName":"","isEnabled":true},"graphs":[]},"schema_type":"default","schema_type_options":null,"pillar_content":false,"robots_default":true,"robots_noindex":false,"robots_noarchive":false,"robots_nosnippet":false,"robots_nofollow":false,"robots_noimageindex":false,"robots_noodp":false,"robots_notranslate":false,"robots_max_snippet":null,"robots_max_videopreview":null,"robots_max_imagepreview":"large","priority":null,"frequency":null,"local_seo":null,"breadcrumb_settings":null,"limit_modified_date":false,"ai":null,"created":"2025-08-16 18:25:29","updated":"2025-08-16 18:25:29","focus_keyword":null,"additional_keywords":null,"truseo_locale":null,"seo_analyzer_scan_date":null},"aioseo_breadcrumb":"<div class=\"aioseo-breadcrumbs\"><span class=\"aioseo-breadcrumb\">\n\t\t\t<a href=\"https:\/\/anoticiaonline.com.br\/site\" title=\"Home\">Home<\/a>\n\t\t<\/span><span class=\"aioseo-breadcrumb-separator\">&raquo;<\/span><span class=\"aioseo-breadcrumb\">\n\t\t\t<a href=\"https:\/\/anoticiaonline.com.br\/site\/categoria\/esporte\/\" title=\"Esporte\">Esporte<\/a>\n\t\t<\/span><span class=\"aioseo-breadcrumb-separator\">&raquo;<\/span><span class=\"aioseo-breadcrumb\">\n\t\t\tAluno da Escola S\u00e3o Paulo \u00e9 campe\u00e3o de xadrez do JEMG\n\t\t<\/span><\/div>","aioseo_breadcrumb_json":[{"label":"Home","link":"https:\/\/anoticiaonline.com.br\/site"},{"label":"Esporte","link":"https:\/\/anoticiaonline.com.br\/site\/categoria\/esporte\/"},{"label":"Aluno da Escola S\u00e3o Paulo \u00e9 campe\u00e3o de xadrez do JEMG","link":"https:\/\/anoticiaonline.com.br\/site\/aluno-da-escola-sao-paulo-e-campeao-de-xadrez-do-jemg\/"}],"views":139,"_links":{"self":[{"href":"https:\/\/anoticiaonline.com.br\/site\/wp-json\/wp\/v2\/posts\/30665","targetHints":{"allow":["GET"]}}],"collection":[{"href":"https:\/\/anoticiaonline.com.br\/site\/wp-json\/wp\/v2\/posts"}],"about":[{"href":"https:\/\/anoticiaonline.com.br\/site\/wp-json\/wp\/v2\/types\/post"}],"author":[{"embeddable":true,"href":"https:\/\/anoticiaonline.com.br\/site\/wp-json\/wp\/v2\/users\/2"}],"replies":[{"embeddable":true,"href":"https:\/\/anoticiaonline.com.br\/site\/wp-json\/wp\/v2\/comments?post=30665"}],"version-history":[{"count":0,"href":"https:\/\/anoticiaonline.com.br\/site\/wp-json\/wp\/v2\/posts\/30665\/revisions"}],"wp:featuredmedia":[{"embeddable":true,"href":"https:\/\/anoticiaonline.com.br\/site\/wp-json\/wp\/v2\/media\/30670"}],"wp:attachment":[{"href":"https:\/\/anoticiaonline.com.br\/site\/wp-json\/wp\/v2\/media?parent=30665"}],"wp:term":[{"taxonomy":"category","embeddable":true,"href":"https:\/\/anoticiaonline.com.br\/site\/wp-json\/wp\/v2\/categories?post=30665"},{"taxonomy":"post_tag","embeddable":true,"href":"https:\/\/anoticiaonline.com.br\/site\/wp-json\/wp\/v2\/tags?post=30665"}],"curies":[{"name":"wp","href":"https:\/\/api.w.org\/{rel}","templated":true}]}}