{"id":30558,"date":"2017-05-23T15:16:12","date_gmt":"2017-05-23T18:16:12","guid":{"rendered":"http:\/\/anoticiaonline.com.br\/site\/?p=30558"},"modified":"2017-06-22T20:18:56","modified_gmt":"2017-06-22T23:18:56","slug":"campanha-de-vacinacao-contra-a-gripe-termina-nesta-sexta-feira","status":"publish","type":"post","link":"https:\/\/anoticiaonline.com.br\/site\/campanha-de-vacinacao-contra-a-gripe-termina-nesta-sexta-feira\/","title":{"rendered":"Campanha de vacina\u00e7\u00e3o contra a gripe termina nesta sexta-feira"},"content":{"rendered":"<figure id=\"attachment_30559\" aria-describedby=\"caption-attachment-30559\" style=\"width: 290px\" class=\"wp-caption alignleft\"><a href=\"https:\/\/anoticiaonline.com.br\/site\/wp-content\/uploads\/2017\/05\/2017_Gripe_-_Marcus_Ferreira_38.jpg\"><img fetchpriority=\"high\" decoding=\"async\" class=\"size-medium wp-image-30559\" src=\"https:\/\/anoticiaonline.com.br\/site\/wp-content\/uploads\/2017\/05\/2017_Gripe_-_Marcus_Ferreira_38-300x200.jpg\" alt=\"(Foto: Marcus Ferreira)\" width=\"300\" height=\"200\" srcset=\"https:\/\/anoticiaonline.com.br\/site\/wp-content\/uploads\/2017\/05\/2017_Gripe_-_Marcus_Ferreira_38-300x200.jpg 300w, https:\/\/anoticiaonline.com.br\/site\/wp-content\/uploads\/2017\/05\/2017_Gripe_-_Marcus_Ferreira_38.jpg 640w\" sizes=\"(max-width: 300px) 100vw, 300px\" \/><\/a><figcaption id=\"caption-attachment-30559\" class=\"wp-caption-text\">(Foto: Marcus Ferreira)<\/figcaption><\/figure>\n<p>A 19\u00aa Campanha Nacional de Vacina\u00e7\u00e3o contra a Gripe termina nesta sexta-feira (26). A meta \u00e9 vacinar 90% do grupo de risco, composto, em Minas Gerais, por 5.560.505 pessoas, entre idosos (acima de 60 anos), gestantes, mulheres no per\u00edodo de at\u00e9 45 dias ap\u00f3s o parto (em puerp\u00e9rio), crian\u00e7as entre seis meses e menos de 5 anos de idade (4 anos, 11 meses e 29 dias), trabalhadores da sa\u00fade, professores das redes p\u00fablica e particular de ensino, povos ind\u00edgenas aldeados, popula\u00e7\u00e3o privada de liberdade, al\u00e9m dos doentes cr\u00f4nicos, como pessoas com diabetes, asma, bronquite e hipertens\u00e3o, dentre outros grupos.<\/p>\n<p>Com o avan\u00e7o do inverno, a ocorr\u00eancia de doen\u00e7as respirat\u00f3rias transmitidas por v\u00edrus aumenta consideravelmente. Para evitar as complica\u00e7\u00f5es que a gripe, doen\u00e7a de r\u00e1pida transmiss\u00e3o e bastante comum nesta \u00e9poca do ano, a vacina\u00e7\u00e3o \u00e9 uma medida altamente eficaz e segura, segundo a Secretaria de Estado de Sa\u00fade de Minas Gerais (SES-MG).<\/p>\n<p>Para a diretora de Vigil\u00e2ncia Epidemiol\u00f3gica da SES-MG, Janaina Fonseca Almeida, a vacina\u00e7\u00e3o contra a influenza \u00e9 uma das medidas mais efetivas para a preven\u00e7\u00e3o da forma grave da doen\u00e7a e de suas complica\u00e7\u00f5es.<\/p>\n<p>\u201cO objetivo da vacina\u00e7\u00e3o \u00e9 reduzir dramaticamente o n\u00famero de casos graves, hospitaliza\u00e7\u00f5es e mortes\u201d, refor\u00e7a Janaina.<\/p>\n<p>Estudos demonstram que a vacina\u00e7\u00e3o pode reduzir entre 32% a 45% o n\u00famero de hospitaliza\u00e7\u00f5es por pneumonias, de 39% a 75% a mortalidade global e em, aproximadamente, 50% nas doen\u00e7as relacionadas \u00e0 influenza.<\/p>\n<p><strong>COBERTURA EM MINAS GERAIS &#8211;<\/strong> Segundo dados do Sistema de Informa\u00e7\u00f5es do Programa Nacional de Imuniza\u00e7\u00f5es, Minas Gerais apresenta, at\u00e9 nessa segunda-feira (22), uma cobertura vacinal aproximada de 65% do p\u00fablico priorit\u00e1rio.<\/p>\n<p>Tendo em vista que a meta este ano \u00e9 alcan\u00e7ar 90% de cobertura vacinal, \u00e9 preciso refor\u00e7ar a import\u00e2ncia da vacina\u00e7\u00e3o. Para alguns grupos, a cobertura \u00e9 ainda menor que o esperado, como o de crian\u00e7as, com aproximadamente 50% e gestantes, com aproximadamente 53%.<\/p>\n<p>Ainda segundo a diretora de Vigil\u00e2ncia Epidemiol\u00f3gica da SES-MG, Jana\u00edna Fonseca, quando as pessoas deixam de se vacinar, as consequ\u00eancias n\u00e3o s\u00e3o apenas individuais.<\/p>\n<p>\u201cAs baixas coberturas vacinais trazem problemas para a sa\u00fade de toda a popula\u00e7\u00e3o. Isso porque, com mais indiv\u00edduos suscet\u00edveis a doen\u00e7as, uma vez contaminados, eles podem infectar um coletivo ainda maior de pessoas\u201d, alerta Janaina.<\/p>\n","protected":false},"excerpt":{"rendered":"<p>A 19\u00aa Campanha Nacional de Vacina\u00e7\u00e3o contra a Gripe termina nesta sexta-feira (26). A meta \u00e9 vacinar 90% do grupo de risco, composto, em Minas Gerais, por 5.560.505 pessoas, entre idosos (acima de 60 anos), gestantes, mulheres no per\u00edodo de at\u00e9 45 dias ap\u00f3s o parto (em puerp\u00e9rio), crian\u00e7as entre seis meses e menos de &#8230; <a title=\"Campanha de vacina\u00e7\u00e3o contra a gripe termina nesta sexta-feira\" class=\"read-more\" href=\"https:\/\/anoticiaonline.com.br\/site\/campanha-de-vacinacao-contra-a-gripe-termina-nesta-sexta-feira\/\" aria-label=\"Read more about Campanha de vacina\u00e7\u00e3o contra a gripe termina nesta sexta-feira\">Ler mais<\/a><\/p>\n","protected":false},"author":2,"featured_media":30559,"comment_status":"open","ping_status":"open","sticky":false,"template":"","format":"standard","meta":{"_acf_changed":false,"_monsterinsights_skip_tracking":false,"footnotes":""},"categories":[1],"tags":[259,49,74,3],"class_list":["post-30558","post","type-post","status-publish","format-standard","has-post-thumbnail","hentry","category-gerais","tag-campanha-vacinacao","tag-gripe","tag-muriae","tag-slide"],"acf":[],"aioseo_notices":[],"aioseo_head":"\n\t\t<!-- All in One SEO 5.0.0.1 - aioseo.com -->\n\t<meta name=\"description\" content=\"A 19\u00aa Campanha Nacional de Vacina\u00e7\u00e3o contra a Gripe termina nesta sexta-feira (26). A meta \u00e9 vacinar 90% do grupo de risco, composto, em Minas Gerais, por 5.560.505 pessoas, entre idosos (acima de 60 anos), gestantes, mulheres no per\u00edodo de at\u00e9 45 dias ap\u00f3s o parto (em puerp\u00e9rio), crian\u00e7as entre seis meses e menos de\" \/>\n\t<meta name=\"robots\" content=\"max-image-preview:large\" \/>\n\t<meta name=\"author\" content=\"Juliana Laviola\"\/>\n\t<link rel=\"canonical\" href=\"https:\/\/anoticiaonline.com.br\/site\/campanha-de-vacinacao-contra-a-gripe-termina-nesta-sexta-feira\/\" \/>\n\t<meta name=\"generator\" content=\"All in One SEO (AIOSEO) 5.0.0.1\" \/>\n\t\t<meta property=\"og:locale\" content=\"pt_BR\" \/>\n\t\t<meta property=\"og:site_name\" content=\"A Not\u00edcia Online - Noticias de Muria\u00e9 e regi\u00e3o\" \/>\n\t\t<meta property=\"og:type\" content=\"article\" \/>\n\t\t<meta property=\"og:title\" content=\"Campanha de vacina\u00e7\u00e3o contra a gripe termina nesta sexta-feira - A Not\u00edcia Online\" \/>\n\t\t<meta property=\"og:description\" content=\"A 19\u00aa Campanha Nacional de Vacina\u00e7\u00e3o contra a Gripe termina nesta sexta-feira (26). A meta \u00e9 vacinar 90% do grupo de risco, composto, em Minas Gerais, por 5.560.505 pessoas, entre idosos (acima de 60 anos), gestantes, mulheres no per\u00edodo de at\u00e9 45 dias ap\u00f3s o parto (em puerp\u00e9rio), crian\u00e7as entre seis meses e menos de\" \/>\n\t\t<meta property=\"og:url\" content=\"https:\/\/anoticiaonline.com.br\/site\/campanha-de-vacinacao-contra-a-gripe-termina-nesta-sexta-feira\/\" \/>\n\t\t<meta property=\"og:image\" content=\"https:\/\/scontent-gig4-1.xx.fbcdn.net\/v\/t39.30808-1\/270437624_4564083193639691_6907940295614233970_n.jpg?stp=dst-jpg_s200x200_tt6&#038;_nc_cat=111&#038;ccb=1-7&#038;_nc_sid=f907e8&#038;_nc_ohc=SM1wRlP3lJwQ7kNvwEPuBYA&#038;_nc_oc=AdnqrjDN_BNjSSHWO-GbkIWH6fkGMLw4bqvL_NH6e2wMveX7G-rP2dAqsDSq1mJMOaY&#038;_nc_zt=24&#038;_nc_ht=scontent-gig4-1.xx&#038;_nc_gid=AoBFJeGrT1hVaew_6rchkQ&#038;oh=00_AfX7QmFGhQhG2jAllVgXCiM1ZrWgvtp80-Bfppyexh1QEg&#038;oe=689E923C\" \/>\n\t\t<meta property=\"og:image:secure_url\" content=\"https:\/\/scontent-gig4-1.xx.fbcdn.net\/v\/t39.30808-1\/270437624_4564083193639691_6907940295614233970_n.jpg?stp=dst-jpg_s200x200_tt6&#038;_nc_cat=111&#038;ccb=1-7&#038;_nc_sid=f907e8&#038;_nc_ohc=SM1wRlP3lJwQ7kNvwEPuBYA&#038;_nc_oc=AdnqrjDN_BNjSSHWO-GbkIWH6fkGMLw4bqvL_NH6e2wMveX7G-rP2dAqsDSq1mJMOaY&#038;_nc_zt=24&#038;_nc_ht=scontent-gig4-1.xx&#038;_nc_gid=AoBFJeGrT1hVaew_6rchkQ&#038;oh=00_AfX7QmFGhQhG2jAllVgXCiM1ZrWgvtp80-Bfppyexh1QEg&#038;oe=689E923C\" \/>\n\t\t<meta property=\"article:published_time\" content=\"2017-05-23T18:16:12+00:00\" \/>\n\t\t<meta property=\"article:modified_time\" content=\"2017-06-22T23:18:56+00:00\" \/>\n\t\t<meta name=\"twitter:card\" content=\"summary_large_image\" \/>\n\t\t<meta name=\"twitter:title\" content=\"Campanha de vacina\u00e7\u00e3o contra a gripe termina nesta sexta-feira - A Not\u00edcia Online\" \/>\n\t\t<meta name=\"twitter:description\" content=\"A 19\u00aa Campanha Nacional de Vacina\u00e7\u00e3o contra a Gripe termina nesta sexta-feira (26). A meta \u00e9 vacinar 90% do grupo de risco, composto, em Minas Gerais, por 5.560.505 pessoas, entre idosos (acima de 60 anos), gestantes, mulheres no per\u00edodo de at\u00e9 45 dias ap\u00f3s o parto (em puerp\u00e9rio), crian\u00e7as entre seis meses e menos de\" \/>\n\t\t<meta name=\"twitter:image\" content=\"https:\/\/scontent-gig4-1.xx.fbcdn.net\/v\/t39.30808-1\/270437624_4564083193639691_6907940295614233970_n.jpg?stp=dst-jpg_s200x200_tt6&amp;_nc_cat=111&amp;ccb=1-7&amp;_nc_sid=f907e8&amp;_nc_ohc=SM1wRlP3lJwQ7kNvwEPuBYA&amp;_nc_oc=AdnqrjDN_BNjSSHWO-GbkIWH6fkGMLw4bqvL_NH6e2wMveX7G-rP2dAqsDSq1mJMOaY&amp;_nc_zt=24&amp;_nc_ht=scontent-gig4-1.xx&amp;_nc_gid=AoBFJeGrT1hVaew_6rchkQ&amp;oh=00_AfX7QmFGhQhG2jAllVgXCiM1ZrWgvtp80-Bfppyexh1QEg&amp;oe=689E923C\" \/>\n\t\t<script type=\"application\/ld+json\" class=\"aioseo-schema\">\n\t\t\t{\"@context\":\"https:\\\/\\\/schema.org\",\"@graph\":[{\"@type\":\"BlogPosting\",\"@id\":\"https:\\\/\\\/anoticiaonline.com.br\\\/site\\\/campanha-de-vacinacao-contra-a-gripe-termina-nesta-sexta-feira\\\/#blogposting\",\"name\":\"Campanha de vacina\\u00e7\\u00e3o contra a gripe termina nesta sexta-feira - A Not\\u00edcia Online\",\"headline\":\"Campanha de vacina\\u00e7\\u00e3o contra a gripe termina nesta sexta-feira\",\"author\":{\"@id\":\"https:\\\/\\\/anoticiaonline.com.br\\\/site\\\/author\\\/juliana\\\/#author\"},\"publisher\":{\"@id\":\"https:\\\/\\\/anoticiaonline.com.br\\\/site\\\/#organization\"},\"image\":{\"@type\":\"ImageObject\",\"url\":\"https:\\\/\\\/anoticiaonline.com.br\\\/site\\\/wp-content\\\/uploads\\\/2017\\\/05\\\/2017_Gripe_-_Marcus_Ferreira_38.jpg\",\"width\":640,\"height\":427,\"caption\":\"(Foto: Marcus Ferreira)\"},\"datePublished\":\"2017-05-23T15:16:12-03:00\",\"dateModified\":\"2017-06-22T20:18:56-03:00\",\"inLanguage\":\"pt-BR\",\"mainEntityOfPage\":{\"@id\":\"https:\\\/\\\/anoticiaonline.com.br\\\/site\\\/campanha-de-vacinacao-contra-a-gripe-termina-nesta-sexta-feira\\\/#webpage\"},\"isPartOf\":{\"@id\":\"https:\\\/\\\/anoticiaonline.com.br\\\/site\\\/campanha-de-vacinacao-contra-a-gripe-termina-nesta-sexta-feira\\\/#webpage\"},\"articleSection\":\"Gerais, campanha vacina\\u00e7\\u00e3o, gripe, Muria\\u00e9, slide\"},{\"@type\":\"BreadcrumbList\",\"@id\":\"https:\\\/\\\/anoticiaonline.com.br\\\/site\\\/campanha-de-vacinacao-contra-a-gripe-termina-nesta-sexta-feira\\\/#breadcrumblist\",\"itemListElement\":[{\"@type\":\"ListItem\",\"@id\":\"https:\\\/\\\/anoticiaonline.com.br\\\/site#listItem\",\"position\":1,\"name\":\"Home\",\"item\":\"https:\\\/\\\/anoticiaonline.com.br\\\/site\",\"nextItem\":{\"@type\":\"ListItem\",\"@id\":\"https:\\\/\\\/anoticiaonline.com.br\\\/site\\\/categoria\\\/gerais\\\/#listItem\",\"name\":\"Gerais\"}},{\"@type\":\"ListItem\",\"@id\":\"https:\\\/\\\/anoticiaonline.com.br\\\/site\\\/categoria\\\/gerais\\\/#listItem\",\"position\":2,\"name\":\"Gerais\",\"item\":\"https:\\\/\\\/anoticiaonline.com.br\\\/site\\\/categoria\\\/gerais\\\/\",\"nextItem\":{\"@type\":\"ListItem\",\"@id\":\"https:\\\/\\\/anoticiaonline.com.br\\\/site\\\/campanha-de-vacinacao-contra-a-gripe-termina-nesta-sexta-feira\\\/#listItem\",\"name\":\"Campanha de vacina\\u00e7\\u00e3o contra a gripe termina nesta sexta-feira\"},\"previousItem\":{\"@type\":\"ListItem\",\"@id\":\"https:\\\/\\\/anoticiaonline.com.br\\\/site#listItem\",\"name\":\"Home\"}},{\"@type\":\"ListItem\",\"@id\":\"https:\\\/\\\/anoticiaonline.com.br\\\/site\\\/campanha-de-vacinacao-contra-a-gripe-termina-nesta-sexta-feira\\\/#listItem\",\"position\":3,\"name\":\"Campanha de vacina\\u00e7\\u00e3o contra a gripe termina nesta sexta-feira\",\"previousItem\":{\"@type\":\"ListItem\",\"@id\":\"https:\\\/\\\/anoticiaonline.com.br\\\/site\\\/categoria\\\/gerais\\\/#listItem\",\"name\":\"Gerais\"}}]},{\"@type\":\"Organization\",\"@id\":\"https:\\\/\\\/anoticiaonline.com.br\\\/site\\\/#organization\",\"name\":\"A Not\\u00edcia Online\",\"description\":\"Noticias de Muria\\u00e9 e regi\\u00e3o\",\"url\":\"https:\\\/\\\/anoticiaonline.com.br\\\/site\\\/\",\"logo\":{\"@type\":\"ImageObject\",\"url\":\"https:\\\/\\\/scontent-gig4-1.xx.fbcdn.net\\\/v\\\/t39.30808-1\\\/270437624_4564083193639691_6907940295614233970_n.jpg?stp=dst-jpg_s200x200_tt6&_nc_cat=111&ccb=1-7&_nc_sid=f907e8&_nc_ohc=SM1wRlP3lJwQ7kNvwEPuBYA&_nc_oc=AdnqrjDN_BNjSSHWO-GbkIWH6fkGMLw4bqvL_NH6e2wMveX7G-rP2dAqsDSq1mJMOaY&_nc_zt=24&_nc_ht=scontent-gig4-1.xx&_nc_gid=AoBFJeGrT1hVaew_6rchkQ&oh=00_AfX7QmFGhQhG2jAllVgXCiM1ZrWgvtp80-Bfppyexh1QEg&oe=689E923C\",\"@id\":\"https:\\\/\\\/anoticiaonline.com.br\\\/site\\\/campanha-de-vacinacao-contra-a-gripe-termina-nesta-sexta-feira\\\/#organizationLogo\"},\"image\":{\"@id\":\"https:\\\/\\\/anoticiaonline.com.br\\\/site\\\/campanha-de-vacinacao-contra-a-gripe-termina-nesta-sexta-feira\\\/#organizationLogo\"}},{\"@type\":\"Person\",\"@id\":\"https:\\\/\\\/anoticiaonline.com.br\\\/site\\\/author\\\/juliana\\\/#author\",\"url\":\"https:\\\/\\\/anoticiaonline.com.br\\\/site\\\/author\\\/juliana\\\/\",\"name\":\"Juliana Laviola\",\"image\":{\"@type\":\"ImageObject\",\"@id\":\"https:\\\/\\\/anoticiaonline.com.br\\\/site\\\/campanha-de-vacinacao-contra-a-gripe-termina-nesta-sexta-feira\\\/#authorImage\",\"url\":\"https:\\\/\\\/secure.gravatar.com\\\/avatar\\\/b8d45f5c699b100dfaf0e543582f38f38bf94cb7ae3a5e9abf8d891a34773335?s=96&d=mm&r=g\",\"width\":96,\"height\":96,\"caption\":\"Juliana Laviola\"}},{\"@type\":\"WebPage\",\"@id\":\"https:\\\/\\\/anoticiaonline.com.br\\\/site\\\/campanha-de-vacinacao-contra-a-gripe-termina-nesta-sexta-feira\\\/#webpage\",\"url\":\"https:\\\/\\\/anoticiaonline.com.br\\\/site\\\/campanha-de-vacinacao-contra-a-gripe-termina-nesta-sexta-feira\\\/\",\"name\":\"Campanha de vacina\\u00e7\\u00e3o contra a gripe termina nesta sexta-feira - A Not\\u00edcia Online\",\"description\":\"A 19\\u00aa Campanha Nacional de Vacina\\u00e7\\u00e3o contra a Gripe termina nesta sexta-feira (26). A meta \\u00e9 vacinar 90% do grupo de risco, composto, em Minas Gerais, por 5.560.505 pessoas, entre idosos (acima de 60 anos), gestantes, mulheres no per\\u00edodo de at\\u00e9 45 dias ap\\u00f3s o parto (em puerp\\u00e9rio), crian\\u00e7as entre seis meses e menos de\",\"inLanguage\":\"pt-BR\",\"isPartOf\":{\"@id\":\"https:\\\/\\\/anoticiaonline.com.br\\\/site\\\/#website\"},\"breadcrumb\":{\"@id\":\"https:\\\/\\\/anoticiaonline.com.br\\\/site\\\/campanha-de-vacinacao-contra-a-gripe-termina-nesta-sexta-feira\\\/#breadcrumblist\"},\"author\":{\"@id\":\"https:\\\/\\\/anoticiaonline.com.br\\\/site\\\/author\\\/juliana\\\/#author\"},\"creator\":{\"@id\":\"https:\\\/\\\/anoticiaonline.com.br\\\/site\\\/author\\\/juliana\\\/#author\"},\"image\":{\"@type\":\"ImageObject\",\"url\":\"https:\\\/\\\/anoticiaonline.com.br\\\/site\\\/wp-content\\\/uploads\\\/2017\\\/05\\\/2017_Gripe_-_Marcus_Ferreira_38.jpg\",\"@id\":\"https:\\\/\\\/anoticiaonline.com.br\\\/site\\\/campanha-de-vacinacao-contra-a-gripe-termina-nesta-sexta-feira\\\/#mainImage\",\"width\":640,\"height\":427,\"caption\":\"(Foto: Marcus Ferreira)\"},\"primaryImageOfPage\":{\"@id\":\"https:\\\/\\\/anoticiaonline.com.br\\\/site\\\/campanha-de-vacinacao-contra-a-gripe-termina-nesta-sexta-feira\\\/#mainImage\"},\"datePublished\":\"2017-05-23T15:16:12-03:00\",\"dateModified\":\"2017-06-22T20:18:56-03:00\"},{\"@type\":\"WebSite\",\"@id\":\"https:\\\/\\\/anoticiaonline.com.br\\\/site\\\/#website\",\"url\":\"https:\\\/\\\/anoticiaonline.com.br\\\/site\\\/\",\"name\":\"A Not\\u00edcia Online\",\"description\":\"Noticias de Muria\\u00e9 e regi\\u00e3o\",\"inLanguage\":\"pt-BR\",\"publisher\":{\"@id\":\"https:\\\/\\\/anoticiaonline.com.br\\\/site\\\/#organization\"}}]}\n\t\t<\/script>\n\t\t<!-- All in One SEO -->\n\n","aioseo_head_json":{"title":"Campanha de vacina\u00e7\u00e3o contra a gripe termina nesta sexta-feira - A Not\u00edcia Online","description":"A 19\u00aa Campanha Nacional de Vacina\u00e7\u00e3o contra a Gripe termina nesta sexta-feira (26). A meta \u00e9 vacinar 90% do grupo de risco, composto, em Minas Gerais, por 5.560.505 pessoas, entre idosos (acima de 60 anos), gestantes, mulheres no per\u00edodo de at\u00e9 45 dias ap\u00f3s o parto (em puerp\u00e9rio), crian\u00e7as entre seis meses e menos de","canonical_url":"https:\/\/anoticiaonline.com.br\/site\/campanha-de-vacinacao-contra-a-gripe-termina-nesta-sexta-feira\/","robots":"max-image-preview:large","keywords":"","webmasterTools":{"miscellaneous":""},"schema":{"@context":"https:\/\/schema.org","@graph":[{"@type":"BlogPosting","@id":"https:\/\/anoticiaonline.com.br\/site\/campanha-de-vacinacao-contra-a-gripe-termina-nesta-sexta-feira\/#blogposting","name":"Campanha de vacina\u00e7\u00e3o contra a gripe termina nesta sexta-feira - A Not\u00edcia Online","headline":"Campanha de vacina\u00e7\u00e3o contra a gripe termina nesta sexta-feira","author":{"@id":"https:\/\/anoticiaonline.com.br\/site\/author\/juliana\/#author"},"publisher":{"@id":"https:\/\/anoticiaonline.com.br\/site\/#organization"},"image":{"@type":"ImageObject","url":"https:\/\/anoticiaonline.com.br\/site\/wp-content\/uploads\/2017\/05\/2017_Gripe_-_Marcus_Ferreira_38.jpg","width":640,"height":427,"caption":"(Foto: Marcus Ferreira)"},"datePublished":"2017-05-23T15:16:12-03:00","dateModified":"2017-06-22T20:18:56-03:00","inLanguage":"pt-BR","mainEntityOfPage":{"@id":"https:\/\/anoticiaonline.com.br\/site\/campanha-de-vacinacao-contra-a-gripe-termina-nesta-sexta-feira\/#webpage"},"isPartOf":{"@id":"https:\/\/anoticiaonline.com.br\/site\/campanha-de-vacinacao-contra-a-gripe-termina-nesta-sexta-feira\/#webpage"},"articleSection":"Gerais, campanha vacina\u00e7\u00e3o, gripe, Muria\u00e9, slide"},{"@type":"BreadcrumbList","@id":"https:\/\/anoticiaonline.com.br\/site\/campanha-de-vacinacao-contra-a-gripe-termina-nesta-sexta-feira\/#breadcrumblist","itemListElement":[{"@type":"ListItem","@id":"https:\/\/anoticiaonline.com.br\/site#listItem","position":1,"name":"Home","item":"https:\/\/anoticiaonline.com.br\/site","nextItem":{"@type":"ListItem","@id":"https:\/\/anoticiaonline.com.br\/site\/categoria\/gerais\/#listItem","name":"Gerais"}},{"@type":"ListItem","@id":"https:\/\/anoticiaonline.com.br\/site\/categoria\/gerais\/#listItem","position":2,"name":"Gerais","item":"https:\/\/anoticiaonline.com.br\/site\/categoria\/gerais\/","nextItem":{"@type":"ListItem","@id":"https:\/\/anoticiaonline.com.br\/site\/campanha-de-vacinacao-contra-a-gripe-termina-nesta-sexta-feira\/#listItem","name":"Campanha de vacina\u00e7\u00e3o contra a gripe termina nesta sexta-feira"},"previousItem":{"@type":"ListItem","@id":"https:\/\/anoticiaonline.com.br\/site#listItem","name":"Home"}},{"@type":"ListItem","@id":"https:\/\/anoticiaonline.com.br\/site\/campanha-de-vacinacao-contra-a-gripe-termina-nesta-sexta-feira\/#listItem","position":3,"name":"Campanha de vacina\u00e7\u00e3o contra a gripe termina nesta sexta-feira","previousItem":{"@type":"ListItem","@id":"https:\/\/anoticiaonline.com.br\/site\/categoria\/gerais\/#listItem","name":"Gerais"}}]},{"@type":"Organization","@id":"https:\/\/anoticiaonline.com.br\/site\/#organization","name":"A Not\u00edcia Online","description":"Noticias de Muria\u00e9 e regi\u00e3o","url":"https:\/\/anoticiaonline.com.br\/site\/","logo":{"@type":"ImageObject","url":"https:\/\/scontent-gig4-1.xx.fbcdn.net\/v\/t39.30808-1\/270437624_4564083193639691_6907940295614233970_n.jpg?stp=dst-jpg_s200x200_tt6&_nc_cat=111&ccb=1-7&_nc_sid=f907e8&_nc_ohc=SM1wRlP3lJwQ7kNvwEPuBYA&_nc_oc=AdnqrjDN_BNjSSHWO-GbkIWH6fkGMLw4bqvL_NH6e2wMveX7G-rP2dAqsDSq1mJMOaY&_nc_zt=24&_nc_ht=scontent-gig4-1.xx&_nc_gid=AoBFJeGrT1hVaew_6rchkQ&oh=00_AfX7QmFGhQhG2jAllVgXCiM1ZrWgvtp80-Bfppyexh1QEg&oe=689E923C","@id":"https:\/\/anoticiaonline.com.br\/site\/campanha-de-vacinacao-contra-a-gripe-termina-nesta-sexta-feira\/#organizationLogo"},"image":{"@id":"https:\/\/anoticiaonline.com.br\/site\/campanha-de-vacinacao-contra-a-gripe-termina-nesta-sexta-feira\/#organizationLogo"}},{"@type":"Person","@id":"https:\/\/anoticiaonline.com.br\/site\/author\/juliana\/#author","url":"https:\/\/anoticiaonline.com.br\/site\/author\/juliana\/","name":"Juliana Laviola","image":{"@type":"ImageObject","@id":"https:\/\/anoticiaonline.com.br\/site\/campanha-de-vacinacao-contra-a-gripe-termina-nesta-sexta-feira\/#authorImage","url":"https:\/\/secure.gravatar.com\/avatar\/b8d45f5c699b100dfaf0e543582f38f38bf94cb7ae3a5e9abf8d891a34773335?s=96&d=mm&r=g","width":96,"height":96,"caption":"Juliana Laviola"}},{"@type":"WebPage","@id":"https:\/\/anoticiaonline.com.br\/site\/campanha-de-vacinacao-contra-a-gripe-termina-nesta-sexta-feira\/#webpage","url":"https:\/\/anoticiaonline.com.br\/site\/campanha-de-vacinacao-contra-a-gripe-termina-nesta-sexta-feira\/","name":"Campanha de vacina\u00e7\u00e3o contra a gripe termina nesta sexta-feira - A Not\u00edcia Online","description":"A 19\u00aa Campanha Nacional de Vacina\u00e7\u00e3o contra a Gripe termina nesta sexta-feira (26). A meta \u00e9 vacinar 90% do grupo de risco, composto, em Minas Gerais, por 5.560.505 pessoas, entre idosos (acima de 60 anos), gestantes, mulheres no per\u00edodo de at\u00e9 45 dias ap\u00f3s o parto (em puerp\u00e9rio), crian\u00e7as entre seis meses e menos de","inLanguage":"pt-BR","isPartOf":{"@id":"https:\/\/anoticiaonline.com.br\/site\/#website"},"breadcrumb":{"@id":"https:\/\/anoticiaonline.com.br\/site\/campanha-de-vacinacao-contra-a-gripe-termina-nesta-sexta-feira\/#breadcrumblist"},"author":{"@id":"https:\/\/anoticiaonline.com.br\/site\/author\/juliana\/#author"},"creator":{"@id":"https:\/\/anoticiaonline.com.br\/site\/author\/juliana\/#author"},"image":{"@type":"ImageObject","url":"https:\/\/anoticiaonline.com.br\/site\/wp-content\/uploads\/2017\/05\/2017_Gripe_-_Marcus_Ferreira_38.jpg","@id":"https:\/\/anoticiaonline.com.br\/site\/campanha-de-vacinacao-contra-a-gripe-termina-nesta-sexta-feira\/#mainImage","width":640,"height":427,"caption":"(Foto: Marcus Ferreira)"},"primaryImageOfPage":{"@id":"https:\/\/anoticiaonline.com.br\/site\/campanha-de-vacinacao-contra-a-gripe-termina-nesta-sexta-feira\/#mainImage"},"datePublished":"2017-05-23T15:16:12-03:00","dateModified":"2017-06-22T20:18:56-03:00"},{"@type":"WebSite","@id":"https:\/\/anoticiaonline.com.br\/site\/#website","url":"https:\/\/anoticiaonline.com.br\/site\/","name":"A Not\u00edcia Online","description":"Noticias de Muria\u00e9 e regi\u00e3o","inLanguage":"pt-BR","publisher":{"@id":"https:\/\/anoticiaonline.com.br\/site\/#organization"}}]},"og:locale":"pt_BR","og:site_name":"A Not\u00edcia Online - Noticias de Muria\u00e9 e regi\u00e3o","og:type":"article","og:title":"Campanha de vacina\u00e7\u00e3o contra a gripe termina nesta sexta-feira - A Not\u00edcia Online","og:description":"A 19\u00aa Campanha Nacional de Vacina\u00e7\u00e3o contra a Gripe termina nesta sexta-feira (26). A meta \u00e9 vacinar 90% do grupo de risco, composto, em Minas Gerais, por 5.560.505 pessoas, entre idosos (acima de 60 anos), gestantes, mulheres no per\u00edodo de at\u00e9 45 dias ap\u00f3s o parto (em puerp\u00e9rio), crian\u00e7as entre seis meses e menos de","og:url":"https:\/\/anoticiaonline.com.br\/site\/campanha-de-vacinacao-contra-a-gripe-termina-nesta-sexta-feira\/","og:image":"https:\/\/scontent-gig4-1.xx.fbcdn.net\/v\/t39.30808-1\/270437624_4564083193639691_6907940295614233970_n.jpg?stp=dst-jpg_s200x200_tt6&#038;_nc_cat=111&#038;ccb=1-7&#038;_nc_sid=f907e8&#038;_nc_ohc=SM1wRlP3lJwQ7kNvwEPuBYA&#038;_nc_oc=AdnqrjDN_BNjSSHWO-GbkIWH6fkGMLw4bqvL_NH6e2wMveX7G-rP2dAqsDSq1mJMOaY&#038;_nc_zt=24&#038;_nc_ht=scontent-gig4-1.xx&#038;_nc_gid=AoBFJeGrT1hVaew_6rchkQ&#038;oh=00_AfX7QmFGhQhG2jAllVgXCiM1ZrWgvtp80-Bfppyexh1QEg&#038;oe=689E923C","og:image:secure_url":"https:\/\/scontent-gig4-1.xx.fbcdn.net\/v\/t39.30808-1\/270437624_4564083193639691_6907940295614233970_n.jpg?stp=dst-jpg_s200x200_tt6&#038;_nc_cat=111&#038;ccb=1-7&#038;_nc_sid=f907e8&#038;_nc_ohc=SM1wRlP3lJwQ7kNvwEPuBYA&#038;_nc_oc=AdnqrjDN_BNjSSHWO-GbkIWH6fkGMLw4bqvL_NH6e2wMveX7G-rP2dAqsDSq1mJMOaY&#038;_nc_zt=24&#038;_nc_ht=scontent-gig4-1.xx&#038;_nc_gid=AoBFJeGrT1hVaew_6rchkQ&#038;oh=00_AfX7QmFGhQhG2jAllVgXCiM1ZrWgvtp80-Bfppyexh1QEg&#038;oe=689E923C","article:published_time":"2017-05-23T18:16:12+00:00","article:modified_time":"2017-06-22T23:18:56+00:00","twitter:card":"summary_large_image","twitter:title":"Campanha de vacina\u00e7\u00e3o contra a gripe termina nesta sexta-feira - A Not\u00edcia Online","twitter:description":"A 19\u00aa Campanha Nacional de Vacina\u00e7\u00e3o contra a Gripe termina nesta sexta-feira (26). A meta \u00e9 vacinar 90% do grupo de risco, composto, em Minas Gerais, por 5.560.505 pessoas, entre idosos (acima de 60 anos), gestantes, mulheres no per\u00edodo de at\u00e9 45 dias ap\u00f3s o parto (em puerp\u00e9rio), crian\u00e7as entre seis meses e menos de","twitter:image":"https:\/\/scontent-gig4-1.xx.fbcdn.net\/v\/t39.30808-1\/270437624_4564083193639691_6907940295614233970_n.jpg?stp=dst-jpg_s200x200_tt6&_nc_cat=111&ccb=1-7&_nc_sid=f907e8&_nc_ohc=SM1wRlP3lJwQ7kNvwEPuBYA&_nc_oc=AdnqrjDN_BNjSSHWO-GbkIWH6fkGMLw4bqvL_NH6e2wMveX7G-rP2dAqsDSq1mJMOaY&_nc_zt=24&_nc_ht=scontent-gig4-1.xx&_nc_gid=AoBFJeGrT1hVaew_6rchkQ&oh=00_AfX7QmFGhQhG2jAllVgXCiM1ZrWgvtp80-Bfppyexh1QEg&oe=689E923C"},"aioseo_meta_data":{"post_id":"30558","title":null,"description":null,"keywords":null,"keyphrases":null,"primary_term":null,"canonical_url":null,"og_title":null,"og_description":null,"og_object_type":"default","og_image_type":"default","og_image_url":null,"og_image_width":null,"og_image_height":null,"og_image_custom_url":null,"og_image_custom_fields":null,"og_video":null,"og_custom_url":null,"og_article_section":null,"og_article_tags":null,"twitter_use_og":false,"twitter_card":"default","twitter_image_type":"default","twitter_image_url":null,"twitter_image_custom_url":null,"twitter_image_custom_fields":null,"twitter_title":null,"twitter_description":null,"schema":{"blockGraphs":[],"customGraphs":[],"default":{"data":{"Article":[],"Course":[],"Dataset":[],"FAQPage":[],"Movie":[],"Person":[],"Product":[],"ProductReview":[],"Car":[],"Recipe":[],"Service":[],"SoftwareApplication":[],"WebPage":[]},"graphName":"","isEnabled":true},"graphs":[]},"schema_type":"default","schema_type_options":null,"pillar_content":false,"robots_default":true,"robots_noindex":false,"robots_noarchive":false,"robots_nosnippet":false,"robots_nofollow":false,"robots_noimageindex":false,"robots_noodp":false,"robots_notranslate":false,"robots_max_snippet":null,"robots_max_videopreview":null,"robots_max_imagepreview":"large","priority":null,"frequency":null,"local_seo":null,"breadcrumb_settings":null,"limit_modified_date":false,"ai":null,"created":"2025-08-16 18:25:28","updated":"2025-08-16 18:25:28","focus_keyword":null,"additional_keywords":null,"truseo_locale":null,"seo_analyzer_scan_date":null},"aioseo_breadcrumb":"<div class=\"aioseo-breadcrumbs\"><span class=\"aioseo-breadcrumb\">\n\t\t\t<a href=\"https:\/\/anoticiaonline.com.br\/site\" title=\"Home\">Home<\/a>\n\t\t<\/span><span class=\"aioseo-breadcrumb-separator\">&raquo;<\/span><span class=\"aioseo-breadcrumb\">\n\t\t\t<a href=\"https:\/\/anoticiaonline.com.br\/site\/categoria\/gerais\/\" title=\"Gerais\">Gerais<\/a>\n\t\t<\/span><span class=\"aioseo-breadcrumb-separator\">&raquo;<\/span><span class=\"aioseo-breadcrumb\">\n\t\t\tCampanha de vacina\u00e7\u00e3o contra a gripe termina nesta sexta-feira\n\t\t<\/span><\/div>","aioseo_breadcrumb_json":[{"label":"Home","link":"https:\/\/anoticiaonline.com.br\/site"},{"label":"Gerais","link":"https:\/\/anoticiaonline.com.br\/site\/categoria\/gerais\/"},{"label":"Campanha de vacina\u00e7\u00e3o contra a gripe termina nesta sexta-feira","link":"https:\/\/anoticiaonline.com.br\/site\/campanha-de-vacinacao-contra-a-gripe-termina-nesta-sexta-feira\/"}],"views":126,"_links":{"self":[{"href":"https:\/\/anoticiaonline.com.br\/site\/wp-json\/wp\/v2\/posts\/30558","targetHints":{"allow":["GET"]}}],"collection":[{"href":"https:\/\/anoticiaonline.com.br\/site\/wp-json\/wp\/v2\/posts"}],"about":[{"href":"https:\/\/anoticiaonline.com.br\/site\/wp-json\/wp\/v2\/types\/post"}],"author":[{"embeddable":true,"href":"https:\/\/anoticiaonline.com.br\/site\/wp-json\/wp\/v2\/users\/2"}],"replies":[{"embeddable":true,"href":"https:\/\/anoticiaonline.com.br\/site\/wp-json\/wp\/v2\/comments?post=30558"}],"version-history":[{"count":0,"href":"https:\/\/anoticiaonline.com.br\/site\/wp-json\/wp\/v2\/posts\/30558\/revisions"}],"wp:featuredmedia":[{"embeddable":true,"href":"https:\/\/anoticiaonline.com.br\/site\/wp-json\/wp\/v2\/media\/30559"}],"wp:attachment":[{"href":"https:\/\/anoticiaonline.com.br\/site\/wp-json\/wp\/v2\/media?parent=30558"}],"wp:term":[{"taxonomy":"category","embeddable":true,"href":"https:\/\/anoticiaonline.com.br\/site\/wp-json\/wp\/v2\/categories?post=30558"},{"taxonomy":"post_tag","embeddable":true,"href":"https:\/\/anoticiaonline.com.br\/site\/wp-json\/wp\/v2\/tags?post=30558"}],"curies":[{"name":"wp","href":"https:\/\/api.w.org\/{rel}","templated":true}]}}