{"id":30515,"date":"2017-05-23T09:13:57","date_gmt":"2017-05-23T12:13:57","guid":{"rendered":"http:\/\/anoticiaonline.com.br\/site\/?p=30515"},"modified":"2017-06-22T20:21:19","modified_gmt":"2017-06-22T23:21:19","slug":"aberta-a-etapa-microrregional-do-jemg","status":"publish","type":"post","link":"https:\/\/anoticiaonline.com.br\/site\/aberta-a-etapa-microrregional-do-jemg\/","title":{"rendered":"Aberta a etapa microrregional do JEMG"},"content":{"rendered":"<p><a href=\"https:\/\/anoticiaonline.com.br\/site\/wp-content\/uploads\/2017\/05\/DSC02101.jpg\"><img fetchpriority=\"high\" decoding=\"async\" class=\" size-medium wp-image-30516 alignleft\" src=\"https:\/\/anoticiaonline.com.br\/site\/wp-content\/uploads\/2017\/05\/DSC02101-300x225.jpg\" alt=\"DSC02101\" width=\"300\" height=\"225\" srcset=\"https:\/\/anoticiaonline.com.br\/site\/wp-content\/uploads\/2017\/05\/DSC02101-300x225.jpg 300w, https:\/\/anoticiaonline.com.br\/site\/wp-content\/uploads\/2017\/05\/DSC02101.jpg 640w\" sizes=\"(max-width: 300px) 100vw, 300px\" \/><\/a>A etapa microrregional dos Jogos Escolares de Minas Gerais (JEMG) 2017 foi oficialmente aberta na tarde de segunda-feira (22), no Gin\u00e1sio Poliesportivo Rodrigo Flores Abreu, o \u201cRodrig\u00e3o\u201d.<\/p>\n<p>A abertura foi feita pelo prefeito de Muria\u00e9, Grego, e contou com a presen\u00e7a de autoridades municipais e de cidades vizinhas, assim como o superintendente Regional de Ensino, Sandro Carrizo, a secret\u00e1ria Municipal de Educa\u00e7\u00e3o, Maria da Concei\u00e7\u00e3o, a Nininha, o diretor Municipal de Esportes, Wellington Forim e Fausto Azevedo, da FEEMG.<\/p>\n<p>A competi\u00e7\u00e3o re\u00fane 14 cidades da Zona da Mata, contando com mais de 800 atletas nas faixas et\u00e1rias de 12 a 17 anos, estudantes das redes p\u00fablica e particular de ensino, nas modalidades de handebol, futsal, v\u00f4lei, basquete e xadrez, nas categorias masculina e feminina.<\/p>\n<p>Muria\u00e9 recebe atletas das cidades de Ant\u00f4nio Prado de Minas, Bar\u00e3o do Monte Alto, Eugen\u00f3polis, Laranjal, Miradouro, Mira\u00ed, Palma, Patroc\u00ednio do Muria\u00e9, Ros\u00e1rio da Limeira, Santana de Cataguases, S\u00e3o Francisco do Gl\u00f3ria, S\u00e3o Sebasti\u00e3o da Vargem Alegre e Vieiras.<\/p>\n<p>As partidas e disputas acontecer\u00e3o at\u00e9 o pr\u00f3ximo s\u00e1bado (27) no &#8220;Rodrig\u00e3o&#8221;, no Sesc e no Centro Universit\u00e1rio Unifaminas. Os melhores colocados nesta fase se classificam para a etapa regional da Zona da Mata, que acontecer\u00e1 em julho, em local ainda a ser definido.<\/p>\n<p><strong>GALERIA DE FOTOS:<\/strong><\/p>\n<p><img decoding=\"async\" class=\"ngg_displayed_gallery mceItem\" src=\"https:\/\/anoticiaonline.com.br\/site\/nextgen-attach_to_post\/preview\/id--30549\" alt=\"\" \/><\/p>\n","protected":false},"excerpt":{"rendered":"<p>A etapa microrregional dos Jogos Escolares de Minas Gerais (JEMG) 2017 foi oficialmente aberta na tarde de segunda-feira (22), no Gin\u00e1sio Poliesportivo Rodrigo Flores Abreu, o \u201cRodrig\u00e3o\u201d. A abertura foi feita pelo prefeito de Muria\u00e9, Grego, e contou com a presen\u00e7a de autoridades municipais e de cidades vizinhas, assim como o superintendente Regional de Ensino, &#8230; <a title=\"Aberta a etapa microrregional do JEMG\" class=\"read-more\" href=\"https:\/\/anoticiaonline.com.br\/site\/aberta-a-etapa-microrregional-do-jemg\/\" aria-label=\"Read more about Aberta a etapa microrregional do JEMG\">Ler mais<\/a><\/p>\n","protected":false},"author":2,"featured_media":30516,"comment_status":"open","ping_status":"open","sticky":false,"template":"","format":"standard","meta":{"_acf_changed":false,"_monsterinsights_skip_tracking":false,"footnotes":""},"categories":[29],"tags":[47,263,91,74,3],"class_list":["post-30515","post","type-post","status-publish","format-standard","has-post-thumbnail","hentry","category-esporte","tag-esporte","tag-etapa-microrregional","tag-jemg","tag-muriae","tag-slide"],"acf":[],"aioseo_notices":[],"aioseo_head":"\n\t\t<!-- All in One SEO 5.0.0.1 - aioseo.com -->\n\t<meta name=\"description\" content=\"A etapa microrregional dos Jogos Escolares de Minas Gerais (JEMG) 2017 foi oficialmente aberta na tarde de segunda-feira (22), no Gin\u00e1sio Poliesportivo Rodrigo Flores Abreu, o \u201cRodrig\u00e3o\u201d. A abertura foi feita pelo prefeito de Muria\u00e9, Grego, e contou com a presen\u00e7a de autoridades municipais e de cidades vizinhas, assim como o superintendente Regional de Ensino,\" \/>\n\t<meta name=\"robots\" content=\"max-image-preview:large\" \/>\n\t<meta name=\"author\" content=\"Juliana Laviola\"\/>\n\t<link rel=\"canonical\" href=\"https:\/\/anoticiaonline.com.br\/site\/aberta-a-etapa-microrregional-do-jemg\/\" \/>\n\t<meta name=\"generator\" content=\"All in One SEO (AIOSEO) 5.0.0.1\" \/>\n\t\t<meta property=\"og:locale\" content=\"pt_BR\" \/>\n\t\t<meta property=\"og:site_name\" content=\"A Not\u00edcia Online - Noticias de Muria\u00e9 e regi\u00e3o\" \/>\n\t\t<meta property=\"og:type\" content=\"article\" \/>\n\t\t<meta property=\"og:title\" content=\"Aberta a etapa microrregional do JEMG - A Not\u00edcia Online\" \/>\n\t\t<meta property=\"og:description\" content=\"A etapa microrregional dos Jogos Escolares de Minas Gerais (JEMG) 2017 foi oficialmente aberta na tarde de segunda-feira (22), no Gin\u00e1sio Poliesportivo Rodrigo Flores Abreu, o \u201cRodrig\u00e3o\u201d. A abertura foi feita pelo prefeito de Muria\u00e9, Grego, e contou com a presen\u00e7a de autoridades municipais e de cidades vizinhas, assim como o superintendente Regional de Ensino,\" \/>\n\t\t<meta property=\"og:url\" content=\"https:\/\/anoticiaonline.com.br\/site\/aberta-a-etapa-microrregional-do-jemg\/\" \/>\n\t\t<meta property=\"og:image\" content=\"https:\/\/scontent-gig4-1.xx.fbcdn.net\/v\/t39.30808-1\/270437624_4564083193639691_6907940295614233970_n.jpg?stp=dst-jpg_s200x200_tt6&#038;_nc_cat=111&#038;ccb=1-7&#038;_nc_sid=f907e8&#038;_nc_ohc=SM1wRlP3lJwQ7kNvwEPuBYA&#038;_nc_oc=AdnqrjDN_BNjSSHWO-GbkIWH6fkGMLw4bqvL_NH6e2wMveX7G-rP2dAqsDSq1mJMOaY&#038;_nc_zt=24&#038;_nc_ht=scontent-gig4-1.xx&#038;_nc_gid=AoBFJeGrT1hVaew_6rchkQ&#038;oh=00_AfX7QmFGhQhG2jAllVgXCiM1ZrWgvtp80-Bfppyexh1QEg&#038;oe=689E923C\" \/>\n\t\t<meta property=\"og:image:secure_url\" content=\"https:\/\/scontent-gig4-1.xx.fbcdn.net\/v\/t39.30808-1\/270437624_4564083193639691_6907940295614233970_n.jpg?stp=dst-jpg_s200x200_tt6&#038;_nc_cat=111&#038;ccb=1-7&#038;_nc_sid=f907e8&#038;_nc_ohc=SM1wRlP3lJwQ7kNvwEPuBYA&#038;_nc_oc=AdnqrjDN_BNjSSHWO-GbkIWH6fkGMLw4bqvL_NH6e2wMveX7G-rP2dAqsDSq1mJMOaY&#038;_nc_zt=24&#038;_nc_ht=scontent-gig4-1.xx&#038;_nc_gid=AoBFJeGrT1hVaew_6rchkQ&#038;oh=00_AfX7QmFGhQhG2jAllVgXCiM1ZrWgvtp80-Bfppyexh1QEg&#038;oe=689E923C\" \/>\n\t\t<meta property=\"article:published_time\" content=\"2017-05-23T12:13:57+00:00\" \/>\n\t\t<meta property=\"article:modified_time\" content=\"2017-06-22T23:21:19+00:00\" \/>\n\t\t<meta name=\"twitter:card\" content=\"summary_large_image\" \/>\n\t\t<meta name=\"twitter:title\" content=\"Aberta a etapa microrregional do JEMG - A Not\u00edcia Online\" \/>\n\t\t<meta name=\"twitter:description\" content=\"A etapa microrregional dos Jogos Escolares de Minas Gerais (JEMG) 2017 foi oficialmente aberta na tarde de segunda-feira (22), no Gin\u00e1sio Poliesportivo Rodrigo Flores Abreu, o \u201cRodrig\u00e3o\u201d. A abertura foi feita pelo prefeito de Muria\u00e9, Grego, e contou com a presen\u00e7a de autoridades municipais e de cidades vizinhas, assim como o superintendente Regional de Ensino,\" \/>\n\t\t<meta name=\"twitter:image\" content=\"https:\/\/scontent-gig4-1.xx.fbcdn.net\/v\/t39.30808-1\/270437624_4564083193639691_6907940295614233970_n.jpg?stp=dst-jpg_s200x200_tt6&amp;_nc_cat=111&amp;ccb=1-7&amp;_nc_sid=f907e8&amp;_nc_ohc=SM1wRlP3lJwQ7kNvwEPuBYA&amp;_nc_oc=AdnqrjDN_BNjSSHWO-GbkIWH6fkGMLw4bqvL_NH6e2wMveX7G-rP2dAqsDSq1mJMOaY&amp;_nc_zt=24&amp;_nc_ht=scontent-gig4-1.xx&amp;_nc_gid=AoBFJeGrT1hVaew_6rchkQ&amp;oh=00_AfX7QmFGhQhG2jAllVgXCiM1ZrWgvtp80-Bfppyexh1QEg&amp;oe=689E923C\" \/>\n\t\t<script type=\"application\/ld+json\" class=\"aioseo-schema\">\n\t\t\t{\"@context\":\"https:\\\/\\\/schema.org\",\"@graph\":[{\"@type\":\"BlogPosting\",\"@id\":\"https:\\\/\\\/anoticiaonline.com.br\\\/site\\\/aberta-a-etapa-microrregional-do-jemg\\\/#blogposting\",\"name\":\"Aberta a etapa microrregional do JEMG - A Not\\u00edcia Online\",\"headline\":\"Aberta a etapa microrregional do JEMG\",\"author\":{\"@id\":\"https:\\\/\\\/anoticiaonline.com.br\\\/site\\\/author\\\/juliana\\\/#author\"},\"publisher\":{\"@id\":\"https:\\\/\\\/anoticiaonline.com.br\\\/site\\\/#organization\"},\"image\":{\"@type\":\"ImageObject\",\"url\":\"https:\\\/\\\/anoticiaonline.com.br\\\/site\\\/wp-content\\\/uploads\\\/2017\\\/05\\\/DSC02101.jpg\",\"width\":640,\"height\":480},\"datePublished\":\"2017-05-23T09:13:57-03:00\",\"dateModified\":\"2017-06-22T20:21:19-03:00\",\"inLanguage\":\"pt-BR\",\"mainEntityOfPage\":{\"@id\":\"https:\\\/\\\/anoticiaonline.com.br\\\/site\\\/aberta-a-etapa-microrregional-do-jemg\\\/#webpage\"},\"isPartOf\":{\"@id\":\"https:\\\/\\\/anoticiaonline.com.br\\\/site\\\/aberta-a-etapa-microrregional-do-jemg\\\/#webpage\"},\"articleSection\":\"Esporte, esporte, etapa microrregional, JEMG, Muria\\u00e9, slide\"},{\"@type\":\"BreadcrumbList\",\"@id\":\"https:\\\/\\\/anoticiaonline.com.br\\\/site\\\/aberta-a-etapa-microrregional-do-jemg\\\/#breadcrumblist\",\"itemListElement\":[{\"@type\":\"ListItem\",\"@id\":\"https:\\\/\\\/anoticiaonline.com.br\\\/site#listItem\",\"position\":1,\"name\":\"Home\",\"item\":\"https:\\\/\\\/anoticiaonline.com.br\\\/site\",\"nextItem\":{\"@type\":\"ListItem\",\"@id\":\"https:\\\/\\\/anoticiaonline.com.br\\\/site\\\/categoria\\\/esporte\\\/#listItem\",\"name\":\"Esporte\"}},{\"@type\":\"ListItem\",\"@id\":\"https:\\\/\\\/anoticiaonline.com.br\\\/site\\\/categoria\\\/esporte\\\/#listItem\",\"position\":2,\"name\":\"Esporte\",\"item\":\"https:\\\/\\\/anoticiaonline.com.br\\\/site\\\/categoria\\\/esporte\\\/\",\"nextItem\":{\"@type\":\"ListItem\",\"@id\":\"https:\\\/\\\/anoticiaonline.com.br\\\/site\\\/aberta-a-etapa-microrregional-do-jemg\\\/#listItem\",\"name\":\"Aberta a etapa microrregional do JEMG\"},\"previousItem\":{\"@type\":\"ListItem\",\"@id\":\"https:\\\/\\\/anoticiaonline.com.br\\\/site#listItem\",\"name\":\"Home\"}},{\"@type\":\"ListItem\",\"@id\":\"https:\\\/\\\/anoticiaonline.com.br\\\/site\\\/aberta-a-etapa-microrregional-do-jemg\\\/#listItem\",\"position\":3,\"name\":\"Aberta a etapa microrregional do JEMG\",\"previousItem\":{\"@type\":\"ListItem\",\"@id\":\"https:\\\/\\\/anoticiaonline.com.br\\\/site\\\/categoria\\\/esporte\\\/#listItem\",\"name\":\"Esporte\"}}]},{\"@type\":\"Organization\",\"@id\":\"https:\\\/\\\/anoticiaonline.com.br\\\/site\\\/#organization\",\"name\":\"A Not\\u00edcia Online\",\"description\":\"Noticias de Muria\\u00e9 e regi\\u00e3o\",\"url\":\"https:\\\/\\\/anoticiaonline.com.br\\\/site\\\/\",\"logo\":{\"@type\":\"ImageObject\",\"url\":\"https:\\\/\\\/scontent-gig4-1.xx.fbcdn.net\\\/v\\\/t39.30808-1\\\/270437624_4564083193639691_6907940295614233970_n.jpg?stp=dst-jpg_s200x200_tt6&_nc_cat=111&ccb=1-7&_nc_sid=f907e8&_nc_ohc=SM1wRlP3lJwQ7kNvwEPuBYA&_nc_oc=AdnqrjDN_BNjSSHWO-GbkIWH6fkGMLw4bqvL_NH6e2wMveX7G-rP2dAqsDSq1mJMOaY&_nc_zt=24&_nc_ht=scontent-gig4-1.xx&_nc_gid=AoBFJeGrT1hVaew_6rchkQ&oh=00_AfX7QmFGhQhG2jAllVgXCiM1ZrWgvtp80-Bfppyexh1QEg&oe=689E923C\",\"@id\":\"https:\\\/\\\/anoticiaonline.com.br\\\/site\\\/aberta-a-etapa-microrregional-do-jemg\\\/#organizationLogo\"},\"image\":{\"@id\":\"https:\\\/\\\/anoticiaonline.com.br\\\/site\\\/aberta-a-etapa-microrregional-do-jemg\\\/#organizationLogo\"}},{\"@type\":\"Person\",\"@id\":\"https:\\\/\\\/anoticiaonline.com.br\\\/site\\\/author\\\/juliana\\\/#author\",\"url\":\"https:\\\/\\\/anoticiaonline.com.br\\\/site\\\/author\\\/juliana\\\/\",\"name\":\"Juliana Laviola\",\"image\":{\"@type\":\"ImageObject\",\"@id\":\"https:\\\/\\\/anoticiaonline.com.br\\\/site\\\/aberta-a-etapa-microrregional-do-jemg\\\/#authorImage\",\"url\":\"https:\\\/\\\/secure.gravatar.com\\\/avatar\\\/b8d45f5c699b100dfaf0e543582f38f38bf94cb7ae3a5e9abf8d891a34773335?s=96&d=mm&r=g\",\"width\":96,\"height\":96,\"caption\":\"Juliana Laviola\"}},{\"@type\":\"WebPage\",\"@id\":\"https:\\\/\\\/anoticiaonline.com.br\\\/site\\\/aberta-a-etapa-microrregional-do-jemg\\\/#webpage\",\"url\":\"https:\\\/\\\/anoticiaonline.com.br\\\/site\\\/aberta-a-etapa-microrregional-do-jemg\\\/\",\"name\":\"Aberta a etapa microrregional do JEMG - A Not\\u00edcia Online\",\"description\":\"A etapa microrregional dos Jogos Escolares de Minas Gerais (JEMG) 2017 foi oficialmente aberta na tarde de segunda-feira (22), no Gin\\u00e1sio Poliesportivo Rodrigo Flores Abreu, o \\u201cRodrig\\u00e3o\\u201d. A abertura foi feita pelo prefeito de Muria\\u00e9, Grego, e contou com a presen\\u00e7a de autoridades municipais e de cidades vizinhas, assim como o superintendente Regional de Ensino,\",\"inLanguage\":\"pt-BR\",\"isPartOf\":{\"@id\":\"https:\\\/\\\/anoticiaonline.com.br\\\/site\\\/#website\"},\"breadcrumb\":{\"@id\":\"https:\\\/\\\/anoticiaonline.com.br\\\/site\\\/aberta-a-etapa-microrregional-do-jemg\\\/#breadcrumblist\"},\"author\":{\"@id\":\"https:\\\/\\\/anoticiaonline.com.br\\\/site\\\/author\\\/juliana\\\/#author\"},\"creator\":{\"@id\":\"https:\\\/\\\/anoticiaonline.com.br\\\/site\\\/author\\\/juliana\\\/#author\"},\"image\":{\"@type\":\"ImageObject\",\"url\":\"https:\\\/\\\/anoticiaonline.com.br\\\/site\\\/wp-content\\\/uploads\\\/2017\\\/05\\\/DSC02101.jpg\",\"@id\":\"https:\\\/\\\/anoticiaonline.com.br\\\/site\\\/aberta-a-etapa-microrregional-do-jemg\\\/#mainImage\",\"width\":640,\"height\":480},\"primaryImageOfPage\":{\"@id\":\"https:\\\/\\\/anoticiaonline.com.br\\\/site\\\/aberta-a-etapa-microrregional-do-jemg\\\/#mainImage\"},\"datePublished\":\"2017-05-23T09:13:57-03:00\",\"dateModified\":\"2017-06-22T20:21:19-03:00\"},{\"@type\":\"WebSite\",\"@id\":\"https:\\\/\\\/anoticiaonline.com.br\\\/site\\\/#website\",\"url\":\"https:\\\/\\\/anoticiaonline.com.br\\\/site\\\/\",\"name\":\"A Not\\u00edcia Online\",\"description\":\"Noticias de Muria\\u00e9 e regi\\u00e3o\",\"inLanguage\":\"pt-BR\",\"publisher\":{\"@id\":\"https:\\\/\\\/anoticiaonline.com.br\\\/site\\\/#organization\"}}]}\n\t\t<\/script>\n\t\t<!-- All in One SEO -->\n\n","aioseo_head_json":{"title":"Aberta a etapa microrregional do JEMG - A Not\u00edcia Online","description":"A etapa microrregional dos Jogos Escolares de Minas Gerais (JEMG) 2017 foi oficialmente aberta na tarde de segunda-feira (22), no Gin\u00e1sio Poliesportivo Rodrigo Flores Abreu, o \u201cRodrig\u00e3o\u201d. A abertura foi feita pelo prefeito de Muria\u00e9, Grego, e contou com a presen\u00e7a de autoridades municipais e de cidades vizinhas, assim como o superintendente Regional de Ensino,","canonical_url":"https:\/\/anoticiaonline.com.br\/site\/aberta-a-etapa-microrregional-do-jemg\/","robots":"max-image-preview:large","keywords":"","webmasterTools":{"miscellaneous":""},"schema":{"@context":"https:\/\/schema.org","@graph":[{"@type":"BlogPosting","@id":"https:\/\/anoticiaonline.com.br\/site\/aberta-a-etapa-microrregional-do-jemg\/#blogposting","name":"Aberta a etapa microrregional do JEMG - A Not\u00edcia Online","headline":"Aberta a etapa microrregional do JEMG","author":{"@id":"https:\/\/anoticiaonline.com.br\/site\/author\/juliana\/#author"},"publisher":{"@id":"https:\/\/anoticiaonline.com.br\/site\/#organization"},"image":{"@type":"ImageObject","url":"https:\/\/anoticiaonline.com.br\/site\/wp-content\/uploads\/2017\/05\/DSC02101.jpg","width":640,"height":480},"datePublished":"2017-05-23T09:13:57-03:00","dateModified":"2017-06-22T20:21:19-03:00","inLanguage":"pt-BR","mainEntityOfPage":{"@id":"https:\/\/anoticiaonline.com.br\/site\/aberta-a-etapa-microrregional-do-jemg\/#webpage"},"isPartOf":{"@id":"https:\/\/anoticiaonline.com.br\/site\/aberta-a-etapa-microrregional-do-jemg\/#webpage"},"articleSection":"Esporte, esporte, etapa microrregional, JEMG, Muria\u00e9, slide"},{"@type":"BreadcrumbList","@id":"https:\/\/anoticiaonline.com.br\/site\/aberta-a-etapa-microrregional-do-jemg\/#breadcrumblist","itemListElement":[{"@type":"ListItem","@id":"https:\/\/anoticiaonline.com.br\/site#listItem","position":1,"name":"Home","item":"https:\/\/anoticiaonline.com.br\/site","nextItem":{"@type":"ListItem","@id":"https:\/\/anoticiaonline.com.br\/site\/categoria\/esporte\/#listItem","name":"Esporte"}},{"@type":"ListItem","@id":"https:\/\/anoticiaonline.com.br\/site\/categoria\/esporte\/#listItem","position":2,"name":"Esporte","item":"https:\/\/anoticiaonline.com.br\/site\/categoria\/esporte\/","nextItem":{"@type":"ListItem","@id":"https:\/\/anoticiaonline.com.br\/site\/aberta-a-etapa-microrregional-do-jemg\/#listItem","name":"Aberta a etapa microrregional do JEMG"},"previousItem":{"@type":"ListItem","@id":"https:\/\/anoticiaonline.com.br\/site#listItem","name":"Home"}},{"@type":"ListItem","@id":"https:\/\/anoticiaonline.com.br\/site\/aberta-a-etapa-microrregional-do-jemg\/#listItem","position":3,"name":"Aberta a etapa microrregional do JEMG","previousItem":{"@type":"ListItem","@id":"https:\/\/anoticiaonline.com.br\/site\/categoria\/esporte\/#listItem","name":"Esporte"}}]},{"@type":"Organization","@id":"https:\/\/anoticiaonline.com.br\/site\/#organization","name":"A Not\u00edcia Online","description":"Noticias de Muria\u00e9 e regi\u00e3o","url":"https:\/\/anoticiaonline.com.br\/site\/","logo":{"@type":"ImageObject","url":"https:\/\/scontent-gig4-1.xx.fbcdn.net\/v\/t39.30808-1\/270437624_4564083193639691_6907940295614233970_n.jpg?stp=dst-jpg_s200x200_tt6&_nc_cat=111&ccb=1-7&_nc_sid=f907e8&_nc_ohc=SM1wRlP3lJwQ7kNvwEPuBYA&_nc_oc=AdnqrjDN_BNjSSHWO-GbkIWH6fkGMLw4bqvL_NH6e2wMveX7G-rP2dAqsDSq1mJMOaY&_nc_zt=24&_nc_ht=scontent-gig4-1.xx&_nc_gid=AoBFJeGrT1hVaew_6rchkQ&oh=00_AfX7QmFGhQhG2jAllVgXCiM1ZrWgvtp80-Bfppyexh1QEg&oe=689E923C","@id":"https:\/\/anoticiaonline.com.br\/site\/aberta-a-etapa-microrregional-do-jemg\/#organizationLogo"},"image":{"@id":"https:\/\/anoticiaonline.com.br\/site\/aberta-a-etapa-microrregional-do-jemg\/#organizationLogo"}},{"@type":"Person","@id":"https:\/\/anoticiaonline.com.br\/site\/author\/juliana\/#author","url":"https:\/\/anoticiaonline.com.br\/site\/author\/juliana\/","name":"Juliana Laviola","image":{"@type":"ImageObject","@id":"https:\/\/anoticiaonline.com.br\/site\/aberta-a-etapa-microrregional-do-jemg\/#authorImage","url":"https:\/\/secure.gravatar.com\/avatar\/b8d45f5c699b100dfaf0e543582f38f38bf94cb7ae3a5e9abf8d891a34773335?s=96&d=mm&r=g","width":96,"height":96,"caption":"Juliana Laviola"}},{"@type":"WebPage","@id":"https:\/\/anoticiaonline.com.br\/site\/aberta-a-etapa-microrregional-do-jemg\/#webpage","url":"https:\/\/anoticiaonline.com.br\/site\/aberta-a-etapa-microrregional-do-jemg\/","name":"Aberta a etapa microrregional do JEMG - A Not\u00edcia Online","description":"A etapa microrregional dos Jogos Escolares de Minas Gerais (JEMG) 2017 foi oficialmente aberta na tarde de segunda-feira (22), no Gin\u00e1sio Poliesportivo Rodrigo Flores Abreu, o \u201cRodrig\u00e3o\u201d. A abertura foi feita pelo prefeito de Muria\u00e9, Grego, e contou com a presen\u00e7a de autoridades municipais e de cidades vizinhas, assim como o superintendente Regional de Ensino,","inLanguage":"pt-BR","isPartOf":{"@id":"https:\/\/anoticiaonline.com.br\/site\/#website"},"breadcrumb":{"@id":"https:\/\/anoticiaonline.com.br\/site\/aberta-a-etapa-microrregional-do-jemg\/#breadcrumblist"},"author":{"@id":"https:\/\/anoticiaonline.com.br\/site\/author\/juliana\/#author"},"creator":{"@id":"https:\/\/anoticiaonline.com.br\/site\/author\/juliana\/#author"},"image":{"@type":"ImageObject","url":"https:\/\/anoticiaonline.com.br\/site\/wp-content\/uploads\/2017\/05\/DSC02101.jpg","@id":"https:\/\/anoticiaonline.com.br\/site\/aberta-a-etapa-microrregional-do-jemg\/#mainImage","width":640,"height":480},"primaryImageOfPage":{"@id":"https:\/\/anoticiaonline.com.br\/site\/aberta-a-etapa-microrregional-do-jemg\/#mainImage"},"datePublished":"2017-05-23T09:13:57-03:00","dateModified":"2017-06-22T20:21:19-03:00"},{"@type":"WebSite","@id":"https:\/\/anoticiaonline.com.br\/site\/#website","url":"https:\/\/anoticiaonline.com.br\/site\/","name":"A Not\u00edcia Online","description":"Noticias de Muria\u00e9 e regi\u00e3o","inLanguage":"pt-BR","publisher":{"@id":"https:\/\/anoticiaonline.com.br\/site\/#organization"}}]},"og:locale":"pt_BR","og:site_name":"A Not\u00edcia Online - Noticias de Muria\u00e9 e regi\u00e3o","og:type":"article","og:title":"Aberta a etapa microrregional do JEMG - A Not\u00edcia Online","og:description":"A etapa microrregional dos Jogos Escolares de Minas Gerais (JEMG) 2017 foi oficialmente aberta na tarde de segunda-feira (22), no Gin\u00e1sio Poliesportivo Rodrigo Flores Abreu, o \u201cRodrig\u00e3o\u201d. A abertura foi feita pelo prefeito de Muria\u00e9, Grego, e contou com a presen\u00e7a de autoridades municipais e de cidades vizinhas, assim como o superintendente Regional de Ensino,","og:url":"https:\/\/anoticiaonline.com.br\/site\/aberta-a-etapa-microrregional-do-jemg\/","og:image":"https:\/\/scontent-gig4-1.xx.fbcdn.net\/v\/t39.30808-1\/270437624_4564083193639691_6907940295614233970_n.jpg?stp=dst-jpg_s200x200_tt6&#038;_nc_cat=111&#038;ccb=1-7&#038;_nc_sid=f907e8&#038;_nc_ohc=SM1wRlP3lJwQ7kNvwEPuBYA&#038;_nc_oc=AdnqrjDN_BNjSSHWO-GbkIWH6fkGMLw4bqvL_NH6e2wMveX7G-rP2dAqsDSq1mJMOaY&#038;_nc_zt=24&#038;_nc_ht=scontent-gig4-1.xx&#038;_nc_gid=AoBFJeGrT1hVaew_6rchkQ&#038;oh=00_AfX7QmFGhQhG2jAllVgXCiM1ZrWgvtp80-Bfppyexh1QEg&#038;oe=689E923C","og:image:secure_url":"https:\/\/scontent-gig4-1.xx.fbcdn.net\/v\/t39.30808-1\/270437624_4564083193639691_6907940295614233970_n.jpg?stp=dst-jpg_s200x200_tt6&#038;_nc_cat=111&#038;ccb=1-7&#038;_nc_sid=f907e8&#038;_nc_ohc=SM1wRlP3lJwQ7kNvwEPuBYA&#038;_nc_oc=AdnqrjDN_BNjSSHWO-GbkIWH6fkGMLw4bqvL_NH6e2wMveX7G-rP2dAqsDSq1mJMOaY&#038;_nc_zt=24&#038;_nc_ht=scontent-gig4-1.xx&#038;_nc_gid=AoBFJeGrT1hVaew_6rchkQ&#038;oh=00_AfX7QmFGhQhG2jAllVgXCiM1ZrWgvtp80-Bfppyexh1QEg&#038;oe=689E923C","article:published_time":"2017-05-23T12:13:57+00:00","article:modified_time":"2017-06-22T23:21:19+00:00","twitter:card":"summary_large_image","twitter:title":"Aberta a etapa microrregional do JEMG - A Not\u00edcia Online","twitter:description":"A etapa microrregional dos Jogos Escolares de Minas Gerais (JEMG) 2017 foi oficialmente aberta na tarde de segunda-feira (22), no Gin\u00e1sio Poliesportivo Rodrigo Flores Abreu, o \u201cRodrig\u00e3o\u201d. A abertura foi feita pelo prefeito de Muria\u00e9, Grego, e contou com a presen\u00e7a de autoridades municipais e de cidades vizinhas, assim como o superintendente Regional de Ensino,","twitter:image":"https:\/\/scontent-gig4-1.xx.fbcdn.net\/v\/t39.30808-1\/270437624_4564083193639691_6907940295614233970_n.jpg?stp=dst-jpg_s200x200_tt6&_nc_cat=111&ccb=1-7&_nc_sid=f907e8&_nc_ohc=SM1wRlP3lJwQ7kNvwEPuBYA&_nc_oc=AdnqrjDN_BNjSSHWO-GbkIWH6fkGMLw4bqvL_NH6e2wMveX7G-rP2dAqsDSq1mJMOaY&_nc_zt=24&_nc_ht=scontent-gig4-1.xx&_nc_gid=AoBFJeGrT1hVaew_6rchkQ&oh=00_AfX7QmFGhQhG2jAllVgXCiM1ZrWgvtp80-Bfppyexh1QEg&oe=689E923C"},"aioseo_meta_data":{"post_id":"30515","title":null,"description":null,"keywords":null,"keyphrases":null,"primary_term":null,"canonical_url":null,"og_title":null,"og_description":null,"og_object_type":"default","og_image_type":"default","og_image_url":null,"og_image_width":null,"og_image_height":null,"og_image_custom_url":null,"og_image_custom_fields":null,"og_video":null,"og_custom_url":null,"og_article_section":null,"og_article_tags":null,"twitter_use_og":false,"twitter_card":"default","twitter_image_type":"default","twitter_image_url":null,"twitter_image_custom_url":null,"twitter_image_custom_fields":null,"twitter_title":null,"twitter_description":null,"schema":{"blockGraphs":[],"customGraphs":[],"default":{"data":{"Article":[],"Course":[],"Dataset":[],"FAQPage":[],"Movie":[],"Person":[],"Product":[],"ProductReview":[],"Car":[],"Recipe":[],"Service":[],"SoftwareApplication":[],"WebPage":[]},"graphName":"","isEnabled":true},"graphs":[]},"schema_type":"default","schema_type_options":null,"pillar_content":false,"robots_default":true,"robots_noindex":false,"robots_noarchive":false,"robots_nosnippet":false,"robots_nofollow":false,"robots_noimageindex":false,"robots_noodp":false,"robots_notranslate":false,"robots_max_snippet":null,"robots_max_videopreview":null,"robots_max_imagepreview":"large","priority":null,"frequency":null,"local_seo":null,"breadcrumb_settings":null,"limit_modified_date":false,"ai":null,"created":"2025-08-16 18:25:28","updated":"2025-08-16 18:25:28","focus_keyword":null,"additional_keywords":null,"truseo_locale":null,"seo_analyzer_scan_date":null},"aioseo_breadcrumb":"<div class=\"aioseo-breadcrumbs\"><span class=\"aioseo-breadcrumb\">\n\t\t\t<a href=\"https:\/\/anoticiaonline.com.br\/site\" title=\"Home\">Home<\/a>\n\t\t<\/span><span class=\"aioseo-breadcrumb-separator\">&raquo;<\/span><span class=\"aioseo-breadcrumb\">\n\t\t\t<a href=\"https:\/\/anoticiaonline.com.br\/site\/categoria\/esporte\/\" title=\"Esporte\">Esporte<\/a>\n\t\t<\/span><span class=\"aioseo-breadcrumb-separator\">&raquo;<\/span><span class=\"aioseo-breadcrumb\">\n\t\t\tAberta a etapa microrregional do JEMG\n\t\t<\/span><\/div>","aioseo_breadcrumb_json":[{"label":"Home","link":"https:\/\/anoticiaonline.com.br\/site"},{"label":"Esporte","link":"https:\/\/anoticiaonline.com.br\/site\/categoria\/esporte\/"},{"label":"Aberta a etapa microrregional do JEMG","link":"https:\/\/anoticiaonline.com.br\/site\/aberta-a-etapa-microrregional-do-jemg\/"}],"views":147,"_links":{"self":[{"href":"https:\/\/anoticiaonline.com.br\/site\/wp-json\/wp\/v2\/posts\/30515","targetHints":{"allow":["GET"]}}],"collection":[{"href":"https:\/\/anoticiaonline.com.br\/site\/wp-json\/wp\/v2\/posts"}],"about":[{"href":"https:\/\/anoticiaonline.com.br\/site\/wp-json\/wp\/v2\/types\/post"}],"author":[{"embeddable":true,"href":"https:\/\/anoticiaonline.com.br\/site\/wp-json\/wp\/v2\/users\/2"}],"replies":[{"embeddable":true,"href":"https:\/\/anoticiaonline.com.br\/site\/wp-json\/wp\/v2\/comments?post=30515"}],"version-history":[{"count":0,"href":"https:\/\/anoticiaonline.com.br\/site\/wp-json\/wp\/v2\/posts\/30515\/revisions"}],"wp:featuredmedia":[{"embeddable":true,"href":"https:\/\/anoticiaonline.com.br\/site\/wp-json\/wp\/v2\/media\/30516"}],"wp:attachment":[{"href":"https:\/\/anoticiaonline.com.br\/site\/wp-json\/wp\/v2\/media?parent=30515"}],"wp:term":[{"taxonomy":"category","embeddable":true,"href":"https:\/\/anoticiaonline.com.br\/site\/wp-json\/wp\/v2\/categories?post=30515"},{"taxonomy":"post_tag","embeddable":true,"href":"https:\/\/anoticiaonline.com.br\/site\/wp-json\/wp\/v2\/tags?post=30515"}],"curies":[{"name":"wp","href":"https:\/\/api.w.org\/{rel}","templated":true}]}}