{"id":30481,"date":"2017-05-19T21:22:31","date_gmt":"2017-05-20T00:22:31","guid":{"rendered":"http:\/\/anoticiaonline.com.br\/site\/?p=30481"},"modified":"2017-06-22T20:26:21","modified_gmt":"2017-06-22T23:26:21","slug":"reforco-na-frota-47o-bpm-recebe-viaturas-e-motocicletas","status":"publish","type":"post","link":"https:\/\/anoticiaonline.com.br\/site\/reforco-na-frota-47o-bpm-recebe-viaturas-e-motocicletas\/","title":{"rendered":"Refor\u00e7o na frota: 47\u00ba BPM recebe viaturas e motocicletas"},"content":{"rendered":"<p><a href=\"https:\/\/anoticiaonline.com.br\/site\/wp-content\/uploads\/2017\/05\/8.jpg\"><img decoding=\"async\" class=\" size-medium wp-image-30482 alignleft\" src=\"https:\/\/anoticiaonline.com.br\/site\/wp-content\/uploads\/2017\/05\/8-300x151.jpg\" alt=\"8\" width=\"300\" height=\"151\" srcset=\"https:\/\/anoticiaonline.com.br\/site\/wp-content\/uploads\/2017\/05\/8-300x151.jpg 300w, https:\/\/anoticiaonline.com.br\/site\/wp-content\/uploads\/2017\/05\/8.jpg 640w\" sizes=\"(max-width: 300px) 100vw, 300px\" \/><\/a>A Pol\u00edcia Militar de Muria\u00e9 recebeu refor\u00e7o em sua frota. Foram entregues ao 47\u00ba Batalh\u00e3o seis ve\u00edculos e tr\u00eas motocicletas. A entrega foi feita na manh\u00e3 de sexta-feira (19), pelo comandante da 4\u00aa Regi\u00e3o, coronel Nocelli.<\/p>\n<p>Entre os seis ve\u00edculos (sendo um deles um Pajero Mitsubishi) que chegaram ao Batalh\u00e3o, cinco ser\u00e3o utilizados em Muria\u00e9 e um ser\u00e1 enviado para Fervedouro. As motocicletas ser\u00e3o empregadas tamb\u00e9m na cidade.<\/p>\n<p>O comandante do 47\u00ba BPM, tenente-coronel Joedson, destaca os benef\u00edcios dos novos ve\u00edculos no refor\u00e7o ao combate da criminalidade. Segundo ele, com as novas viaturas e motocicletas, vai se potencializar o trabalho policial realizado atrav\u00e9s do T\u00e1tico M\u00f3vel e do GEPMOR, que \u00e9 o policiamento com militares em motocicletas.<\/p>\n<p>&#8220;Essas viaturas ser\u00e3o muito \u00fateis para n\u00f3s. Alguns ve\u00edculos de nossa frota foram recolhidos, por n\u00e3o terem mais condi\u00e7\u00f5es de uso, e vamos rep\u00f4-los com esses que n\u00f3s conseguimos&#8221;, afirma.<\/p>\n<p><strong>GALERIA DE FOTOS:<\/strong><\/p>\n<p><img decoding=\"async\" class=\"ngg_displayed_gallery mceItem\" src=\"https:\/\/anoticiaonline.com.br\/site\/nextgen-attach_to_post\/preview\/id--30501\" alt=\"\" \/><\/p>\n<p>&nbsp;<\/p>\n","protected":false},"excerpt":{"rendered":"<p>A Pol\u00edcia Militar de Muria\u00e9 recebeu refor\u00e7o em sua frota. Foram entregues ao 47\u00ba Batalh\u00e3o seis ve\u00edculos e tr\u00eas motocicletas. A entrega foi feita na manh\u00e3 de sexta-feira (19), pelo comandante da 4\u00aa Regi\u00e3o, coronel Nocelli. Entre os seis ve\u00edculos (sendo um deles um Pajero Mitsubishi) que chegaram ao Batalh\u00e3o, cinco ser\u00e3o utilizados em Muria\u00e9 &#8230; <a title=\"Refor\u00e7o na frota: 47\u00ba BPM recebe viaturas e motocicletas\" class=\"read-more\" href=\"https:\/\/anoticiaonline.com.br\/site\/reforco-na-frota-47o-bpm-recebe-viaturas-e-motocicletas\/\" aria-label=\"Read more about Refor\u00e7o na frota: 47\u00ba BPM recebe viaturas e motocicletas\">Ler mais<\/a><\/p>\n","protected":false},"author":2,"featured_media":30482,"comment_status":"open","ping_status":"open","sticky":false,"template":"","format":"standard","meta":{"_acf_changed":false,"_monsterinsights_skip_tracking":false,"footnotes":""},"categories":[30],"tags":[277,276,74,278,93,3],"class_list":["post-30481","post","type-post","status-publish","format-standard","has-post-thumbnail","hentry","category-muriae","tag-47-bpm","tag-frota","tag-muriae","tag-pmmg","tag-policia-militar","tag-slide"],"acf":[],"aioseo_notices":[],"aioseo_head":"\n\t\t<!-- All in One SEO 5.0.0.1 - aioseo.com -->\n\t<meta name=\"description\" content=\"A Pol\u00edcia Militar de Muria\u00e9 recebeu refor\u00e7o em sua frota. Foram entregues ao 47\u00ba Batalh\u00e3o seis ve\u00edculos e tr\u00eas motocicletas. A entrega foi feita na manh\u00e3 de sexta-feira (19), pelo comandante da 4\u00aa Regi\u00e3o, coronel Nocelli. Entre os seis ve\u00edculos (sendo um deles um Pajero Mitsubishi) que chegaram ao Batalh\u00e3o, cinco ser\u00e3o utilizados em Muria\u00e9\" \/>\n\t<meta name=\"robots\" content=\"max-image-preview:large\" \/>\n\t<meta name=\"author\" content=\"Juliana Laviola\"\/>\n\t<link rel=\"canonical\" href=\"https:\/\/anoticiaonline.com.br\/site\/reforco-na-frota-47o-bpm-recebe-viaturas-e-motocicletas\/\" \/>\n\t<meta name=\"generator\" content=\"All in One SEO (AIOSEO) 5.0.0.1\" \/>\n\t\t<meta property=\"og:locale\" content=\"pt_BR\" \/>\n\t\t<meta property=\"og:site_name\" content=\"A Not\u00edcia Online - Noticias de Muria\u00e9 e regi\u00e3o\" \/>\n\t\t<meta property=\"og:type\" content=\"article\" \/>\n\t\t<meta property=\"og:title\" content=\"Refor\u00e7o na frota: 47\u00ba BPM recebe viaturas e motocicletas - A Not\u00edcia Online\" \/>\n\t\t<meta property=\"og:description\" content=\"A Pol\u00edcia Militar de Muria\u00e9 recebeu refor\u00e7o em sua frota. Foram entregues ao 47\u00ba Batalh\u00e3o seis ve\u00edculos e tr\u00eas motocicletas. A entrega foi feita na manh\u00e3 de sexta-feira (19), pelo comandante da 4\u00aa Regi\u00e3o, coronel Nocelli. Entre os seis ve\u00edculos (sendo um deles um Pajero Mitsubishi) que chegaram ao Batalh\u00e3o, cinco ser\u00e3o utilizados em Muria\u00e9\" \/>\n\t\t<meta property=\"og:url\" content=\"https:\/\/anoticiaonline.com.br\/site\/reforco-na-frota-47o-bpm-recebe-viaturas-e-motocicletas\/\" \/>\n\t\t<meta property=\"og:image\" content=\"https:\/\/scontent-gig4-1.xx.fbcdn.net\/v\/t39.30808-1\/270437624_4564083193639691_6907940295614233970_n.jpg?stp=dst-jpg_s200x200_tt6&#038;_nc_cat=111&#038;ccb=1-7&#038;_nc_sid=f907e8&#038;_nc_ohc=SM1wRlP3lJwQ7kNvwEPuBYA&#038;_nc_oc=AdnqrjDN_BNjSSHWO-GbkIWH6fkGMLw4bqvL_NH6e2wMveX7G-rP2dAqsDSq1mJMOaY&#038;_nc_zt=24&#038;_nc_ht=scontent-gig4-1.xx&#038;_nc_gid=AoBFJeGrT1hVaew_6rchkQ&#038;oh=00_AfX7QmFGhQhG2jAllVgXCiM1ZrWgvtp80-Bfppyexh1QEg&#038;oe=689E923C\" \/>\n\t\t<meta property=\"og:image:secure_url\" content=\"https:\/\/scontent-gig4-1.xx.fbcdn.net\/v\/t39.30808-1\/270437624_4564083193639691_6907940295614233970_n.jpg?stp=dst-jpg_s200x200_tt6&#038;_nc_cat=111&#038;ccb=1-7&#038;_nc_sid=f907e8&#038;_nc_ohc=SM1wRlP3lJwQ7kNvwEPuBYA&#038;_nc_oc=AdnqrjDN_BNjSSHWO-GbkIWH6fkGMLw4bqvL_NH6e2wMveX7G-rP2dAqsDSq1mJMOaY&#038;_nc_zt=24&#038;_nc_ht=scontent-gig4-1.xx&#038;_nc_gid=AoBFJeGrT1hVaew_6rchkQ&#038;oh=00_AfX7QmFGhQhG2jAllVgXCiM1ZrWgvtp80-Bfppyexh1QEg&#038;oe=689E923C\" \/>\n\t\t<meta property=\"article:published_time\" content=\"2017-05-20T00:22:31+00:00\" \/>\n\t\t<meta property=\"article:modified_time\" content=\"2017-06-22T23:26:21+00:00\" \/>\n\t\t<meta name=\"twitter:card\" content=\"summary_large_image\" \/>\n\t\t<meta name=\"twitter:title\" content=\"Refor\u00e7o na frota: 47\u00ba BPM recebe viaturas e motocicletas - A Not\u00edcia Online\" \/>\n\t\t<meta name=\"twitter:description\" content=\"A Pol\u00edcia Militar de Muria\u00e9 recebeu refor\u00e7o em sua frota. Foram entregues ao 47\u00ba Batalh\u00e3o seis ve\u00edculos e tr\u00eas motocicletas. A entrega foi feita na manh\u00e3 de sexta-feira (19), pelo comandante da 4\u00aa Regi\u00e3o, coronel Nocelli. Entre os seis ve\u00edculos (sendo um deles um Pajero Mitsubishi) que chegaram ao Batalh\u00e3o, cinco ser\u00e3o utilizados em Muria\u00e9\" \/>\n\t\t<meta name=\"twitter:image\" content=\"https:\/\/scontent-gig4-1.xx.fbcdn.net\/v\/t39.30808-1\/270437624_4564083193639691_6907940295614233970_n.jpg?stp=dst-jpg_s200x200_tt6&amp;_nc_cat=111&amp;ccb=1-7&amp;_nc_sid=f907e8&amp;_nc_ohc=SM1wRlP3lJwQ7kNvwEPuBYA&amp;_nc_oc=AdnqrjDN_BNjSSHWO-GbkIWH6fkGMLw4bqvL_NH6e2wMveX7G-rP2dAqsDSq1mJMOaY&amp;_nc_zt=24&amp;_nc_ht=scontent-gig4-1.xx&amp;_nc_gid=AoBFJeGrT1hVaew_6rchkQ&amp;oh=00_AfX7QmFGhQhG2jAllVgXCiM1ZrWgvtp80-Bfppyexh1QEg&amp;oe=689E923C\" \/>\n\t\t<script type=\"application\/ld+json\" class=\"aioseo-schema\">\n\t\t\t{\"@context\":\"https:\\\/\\\/schema.org\",\"@graph\":[{\"@type\":\"BlogPosting\",\"@id\":\"https:\\\/\\\/anoticiaonline.com.br\\\/site\\\/reforco-na-frota-47o-bpm-recebe-viaturas-e-motocicletas\\\/#blogposting\",\"name\":\"Refor\\u00e7o na frota: 47\\u00ba BPM recebe viaturas e motocicletas - A Not\\u00edcia Online\",\"headline\":\"Refor\\u00e7o na frota: 47\\u00ba BPM recebe viaturas e motocicletas\",\"author\":{\"@id\":\"https:\\\/\\\/anoticiaonline.com.br\\\/site\\\/author\\\/juliana\\\/#author\"},\"publisher\":{\"@id\":\"https:\\\/\\\/anoticiaonline.com.br\\\/site\\\/#organization\"},\"image\":{\"@type\":\"ImageObject\",\"url\":\"https:\\\/\\\/anoticiaonline.com.br\\\/site\\\/wp-content\\\/uploads\\\/2017\\\/05\\\/8.jpg\",\"width\":640,\"height\":322},\"datePublished\":\"2017-05-19T21:22:31-03:00\",\"dateModified\":\"2017-06-22T20:26:21-03:00\",\"inLanguage\":\"pt-BR\",\"mainEntityOfPage\":{\"@id\":\"https:\\\/\\\/anoticiaonline.com.br\\\/site\\\/reforco-na-frota-47o-bpm-recebe-viaturas-e-motocicletas\\\/#webpage\"},\"isPartOf\":{\"@id\":\"https:\\\/\\\/anoticiaonline.com.br\\\/site\\\/reforco-na-frota-47o-bpm-recebe-viaturas-e-motocicletas\\\/#webpage\"},\"articleSection\":\"Blog, 47 BPM, frota, Muria\\u00e9, pmmg, pol\\u00edcia militar, slide\"},{\"@type\":\"BreadcrumbList\",\"@id\":\"https:\\\/\\\/anoticiaonline.com.br\\\/site\\\/reforco-na-frota-47o-bpm-recebe-viaturas-e-motocicletas\\\/#breadcrumblist\",\"itemListElement\":[{\"@type\":\"ListItem\",\"@id\":\"https:\\\/\\\/anoticiaonline.com.br\\\/site#listItem\",\"position\":1,\"name\":\"Home\",\"item\":\"https:\\\/\\\/anoticiaonline.com.br\\\/site\",\"nextItem\":{\"@type\":\"ListItem\",\"@id\":\"https:\\\/\\\/anoticiaonline.com.br\\\/site\\\/categoria\\\/muriae\\\/#listItem\",\"name\":\"Blog\"}},{\"@type\":\"ListItem\",\"@id\":\"https:\\\/\\\/anoticiaonline.com.br\\\/site\\\/categoria\\\/muriae\\\/#listItem\",\"position\":2,\"name\":\"Blog\",\"item\":\"https:\\\/\\\/anoticiaonline.com.br\\\/site\\\/categoria\\\/muriae\\\/\",\"nextItem\":{\"@type\":\"ListItem\",\"@id\":\"https:\\\/\\\/anoticiaonline.com.br\\\/site\\\/reforco-na-frota-47o-bpm-recebe-viaturas-e-motocicletas\\\/#listItem\",\"name\":\"Refor\\u00e7o na frota: 47\\u00ba BPM recebe viaturas e motocicletas\"},\"previousItem\":{\"@type\":\"ListItem\",\"@id\":\"https:\\\/\\\/anoticiaonline.com.br\\\/site#listItem\",\"name\":\"Home\"}},{\"@type\":\"ListItem\",\"@id\":\"https:\\\/\\\/anoticiaonline.com.br\\\/site\\\/reforco-na-frota-47o-bpm-recebe-viaturas-e-motocicletas\\\/#listItem\",\"position\":3,\"name\":\"Refor\\u00e7o na frota: 47\\u00ba BPM recebe viaturas e motocicletas\",\"previousItem\":{\"@type\":\"ListItem\",\"@id\":\"https:\\\/\\\/anoticiaonline.com.br\\\/site\\\/categoria\\\/muriae\\\/#listItem\",\"name\":\"Blog\"}}]},{\"@type\":\"Organization\",\"@id\":\"https:\\\/\\\/anoticiaonline.com.br\\\/site\\\/#organization\",\"name\":\"A Not\\u00edcia Online\",\"description\":\"Noticias de Muria\\u00e9 e regi\\u00e3o\",\"url\":\"https:\\\/\\\/anoticiaonline.com.br\\\/site\\\/\",\"logo\":{\"@type\":\"ImageObject\",\"url\":\"https:\\\/\\\/scontent-gig4-1.xx.fbcdn.net\\\/v\\\/t39.30808-1\\\/270437624_4564083193639691_6907940295614233970_n.jpg?stp=dst-jpg_s200x200_tt6&_nc_cat=111&ccb=1-7&_nc_sid=f907e8&_nc_ohc=SM1wRlP3lJwQ7kNvwEPuBYA&_nc_oc=AdnqrjDN_BNjSSHWO-GbkIWH6fkGMLw4bqvL_NH6e2wMveX7G-rP2dAqsDSq1mJMOaY&_nc_zt=24&_nc_ht=scontent-gig4-1.xx&_nc_gid=AoBFJeGrT1hVaew_6rchkQ&oh=00_AfX7QmFGhQhG2jAllVgXCiM1ZrWgvtp80-Bfppyexh1QEg&oe=689E923C\",\"@id\":\"https:\\\/\\\/anoticiaonline.com.br\\\/site\\\/reforco-na-frota-47o-bpm-recebe-viaturas-e-motocicletas\\\/#organizationLogo\"},\"image\":{\"@id\":\"https:\\\/\\\/anoticiaonline.com.br\\\/site\\\/reforco-na-frota-47o-bpm-recebe-viaturas-e-motocicletas\\\/#organizationLogo\"}},{\"@type\":\"Person\",\"@id\":\"https:\\\/\\\/anoticiaonline.com.br\\\/site\\\/author\\\/juliana\\\/#author\",\"url\":\"https:\\\/\\\/anoticiaonline.com.br\\\/site\\\/author\\\/juliana\\\/\",\"name\":\"Juliana Laviola\",\"image\":{\"@type\":\"ImageObject\",\"@id\":\"https:\\\/\\\/anoticiaonline.com.br\\\/site\\\/reforco-na-frota-47o-bpm-recebe-viaturas-e-motocicletas\\\/#authorImage\",\"url\":\"https:\\\/\\\/secure.gravatar.com\\\/avatar\\\/b8d45f5c699b100dfaf0e543582f38f38bf94cb7ae3a5e9abf8d891a34773335?s=96&d=mm&r=g\",\"width\":96,\"height\":96,\"caption\":\"Juliana Laviola\"}},{\"@type\":\"WebPage\",\"@id\":\"https:\\\/\\\/anoticiaonline.com.br\\\/site\\\/reforco-na-frota-47o-bpm-recebe-viaturas-e-motocicletas\\\/#webpage\",\"url\":\"https:\\\/\\\/anoticiaonline.com.br\\\/site\\\/reforco-na-frota-47o-bpm-recebe-viaturas-e-motocicletas\\\/\",\"name\":\"Refor\\u00e7o na frota: 47\\u00ba BPM recebe viaturas e motocicletas - A Not\\u00edcia Online\",\"description\":\"A Pol\\u00edcia Militar de Muria\\u00e9 recebeu refor\\u00e7o em sua frota. Foram entregues ao 47\\u00ba Batalh\\u00e3o seis ve\\u00edculos e tr\\u00eas motocicletas. A entrega foi feita na manh\\u00e3 de sexta-feira (19), pelo comandante da 4\\u00aa Regi\\u00e3o, coronel Nocelli. Entre os seis ve\\u00edculos (sendo um deles um Pajero Mitsubishi) que chegaram ao Batalh\\u00e3o, cinco ser\\u00e3o utilizados em Muria\\u00e9\",\"inLanguage\":\"pt-BR\",\"isPartOf\":{\"@id\":\"https:\\\/\\\/anoticiaonline.com.br\\\/site\\\/#website\"},\"breadcrumb\":{\"@id\":\"https:\\\/\\\/anoticiaonline.com.br\\\/site\\\/reforco-na-frota-47o-bpm-recebe-viaturas-e-motocicletas\\\/#breadcrumblist\"},\"author\":{\"@id\":\"https:\\\/\\\/anoticiaonline.com.br\\\/site\\\/author\\\/juliana\\\/#author\"},\"creator\":{\"@id\":\"https:\\\/\\\/anoticiaonline.com.br\\\/site\\\/author\\\/juliana\\\/#author\"},\"image\":{\"@type\":\"ImageObject\",\"url\":\"https:\\\/\\\/anoticiaonline.com.br\\\/site\\\/wp-content\\\/uploads\\\/2017\\\/05\\\/8.jpg\",\"@id\":\"https:\\\/\\\/anoticiaonline.com.br\\\/site\\\/reforco-na-frota-47o-bpm-recebe-viaturas-e-motocicletas\\\/#mainImage\",\"width\":640,\"height\":322},\"primaryImageOfPage\":{\"@id\":\"https:\\\/\\\/anoticiaonline.com.br\\\/site\\\/reforco-na-frota-47o-bpm-recebe-viaturas-e-motocicletas\\\/#mainImage\"},\"datePublished\":\"2017-05-19T21:22:31-03:00\",\"dateModified\":\"2017-06-22T20:26:21-03:00\"},{\"@type\":\"WebSite\",\"@id\":\"https:\\\/\\\/anoticiaonline.com.br\\\/site\\\/#website\",\"url\":\"https:\\\/\\\/anoticiaonline.com.br\\\/site\\\/\",\"name\":\"A Not\\u00edcia Online\",\"description\":\"Noticias de Muria\\u00e9 e regi\\u00e3o\",\"inLanguage\":\"pt-BR\",\"publisher\":{\"@id\":\"https:\\\/\\\/anoticiaonline.com.br\\\/site\\\/#organization\"}}]}\n\t\t<\/script>\n\t\t<!-- All in One SEO -->\n\n","aioseo_head_json":{"title":"Refor\u00e7o na frota: 47\u00ba BPM recebe viaturas e motocicletas - A Not\u00edcia Online","description":"A Pol\u00edcia Militar de Muria\u00e9 recebeu refor\u00e7o em sua frota. Foram entregues ao 47\u00ba Batalh\u00e3o seis ve\u00edculos e tr\u00eas motocicletas. A entrega foi feita na manh\u00e3 de sexta-feira (19), pelo comandante da 4\u00aa Regi\u00e3o, coronel Nocelli. Entre os seis ve\u00edculos (sendo um deles um Pajero Mitsubishi) que chegaram ao Batalh\u00e3o, cinco ser\u00e3o utilizados em Muria\u00e9","canonical_url":"https:\/\/anoticiaonline.com.br\/site\/reforco-na-frota-47o-bpm-recebe-viaturas-e-motocicletas\/","robots":"max-image-preview:large","keywords":"","webmasterTools":{"miscellaneous":""},"schema":{"@context":"https:\/\/schema.org","@graph":[{"@type":"BlogPosting","@id":"https:\/\/anoticiaonline.com.br\/site\/reforco-na-frota-47o-bpm-recebe-viaturas-e-motocicletas\/#blogposting","name":"Refor\u00e7o na frota: 47\u00ba BPM recebe viaturas e motocicletas - A Not\u00edcia Online","headline":"Refor\u00e7o na frota: 47\u00ba BPM recebe viaturas e motocicletas","author":{"@id":"https:\/\/anoticiaonline.com.br\/site\/author\/juliana\/#author"},"publisher":{"@id":"https:\/\/anoticiaonline.com.br\/site\/#organization"},"image":{"@type":"ImageObject","url":"https:\/\/anoticiaonline.com.br\/site\/wp-content\/uploads\/2017\/05\/8.jpg","width":640,"height":322},"datePublished":"2017-05-19T21:22:31-03:00","dateModified":"2017-06-22T20:26:21-03:00","inLanguage":"pt-BR","mainEntityOfPage":{"@id":"https:\/\/anoticiaonline.com.br\/site\/reforco-na-frota-47o-bpm-recebe-viaturas-e-motocicletas\/#webpage"},"isPartOf":{"@id":"https:\/\/anoticiaonline.com.br\/site\/reforco-na-frota-47o-bpm-recebe-viaturas-e-motocicletas\/#webpage"},"articleSection":"Blog, 47 BPM, frota, Muria\u00e9, pmmg, pol\u00edcia militar, slide"},{"@type":"BreadcrumbList","@id":"https:\/\/anoticiaonline.com.br\/site\/reforco-na-frota-47o-bpm-recebe-viaturas-e-motocicletas\/#breadcrumblist","itemListElement":[{"@type":"ListItem","@id":"https:\/\/anoticiaonline.com.br\/site#listItem","position":1,"name":"Home","item":"https:\/\/anoticiaonline.com.br\/site","nextItem":{"@type":"ListItem","@id":"https:\/\/anoticiaonline.com.br\/site\/categoria\/muriae\/#listItem","name":"Blog"}},{"@type":"ListItem","@id":"https:\/\/anoticiaonline.com.br\/site\/categoria\/muriae\/#listItem","position":2,"name":"Blog","item":"https:\/\/anoticiaonline.com.br\/site\/categoria\/muriae\/","nextItem":{"@type":"ListItem","@id":"https:\/\/anoticiaonline.com.br\/site\/reforco-na-frota-47o-bpm-recebe-viaturas-e-motocicletas\/#listItem","name":"Refor\u00e7o na frota: 47\u00ba BPM recebe viaturas e motocicletas"},"previousItem":{"@type":"ListItem","@id":"https:\/\/anoticiaonline.com.br\/site#listItem","name":"Home"}},{"@type":"ListItem","@id":"https:\/\/anoticiaonline.com.br\/site\/reforco-na-frota-47o-bpm-recebe-viaturas-e-motocicletas\/#listItem","position":3,"name":"Refor\u00e7o na frota: 47\u00ba BPM recebe viaturas e motocicletas","previousItem":{"@type":"ListItem","@id":"https:\/\/anoticiaonline.com.br\/site\/categoria\/muriae\/#listItem","name":"Blog"}}]},{"@type":"Organization","@id":"https:\/\/anoticiaonline.com.br\/site\/#organization","name":"A Not\u00edcia Online","description":"Noticias de Muria\u00e9 e regi\u00e3o","url":"https:\/\/anoticiaonline.com.br\/site\/","logo":{"@type":"ImageObject","url":"https:\/\/scontent-gig4-1.xx.fbcdn.net\/v\/t39.30808-1\/270437624_4564083193639691_6907940295614233970_n.jpg?stp=dst-jpg_s200x200_tt6&_nc_cat=111&ccb=1-7&_nc_sid=f907e8&_nc_ohc=SM1wRlP3lJwQ7kNvwEPuBYA&_nc_oc=AdnqrjDN_BNjSSHWO-GbkIWH6fkGMLw4bqvL_NH6e2wMveX7G-rP2dAqsDSq1mJMOaY&_nc_zt=24&_nc_ht=scontent-gig4-1.xx&_nc_gid=AoBFJeGrT1hVaew_6rchkQ&oh=00_AfX7QmFGhQhG2jAllVgXCiM1ZrWgvtp80-Bfppyexh1QEg&oe=689E923C","@id":"https:\/\/anoticiaonline.com.br\/site\/reforco-na-frota-47o-bpm-recebe-viaturas-e-motocicletas\/#organizationLogo"},"image":{"@id":"https:\/\/anoticiaonline.com.br\/site\/reforco-na-frota-47o-bpm-recebe-viaturas-e-motocicletas\/#organizationLogo"}},{"@type":"Person","@id":"https:\/\/anoticiaonline.com.br\/site\/author\/juliana\/#author","url":"https:\/\/anoticiaonline.com.br\/site\/author\/juliana\/","name":"Juliana Laviola","image":{"@type":"ImageObject","@id":"https:\/\/anoticiaonline.com.br\/site\/reforco-na-frota-47o-bpm-recebe-viaturas-e-motocicletas\/#authorImage","url":"https:\/\/secure.gravatar.com\/avatar\/b8d45f5c699b100dfaf0e543582f38f38bf94cb7ae3a5e9abf8d891a34773335?s=96&d=mm&r=g","width":96,"height":96,"caption":"Juliana Laviola"}},{"@type":"WebPage","@id":"https:\/\/anoticiaonline.com.br\/site\/reforco-na-frota-47o-bpm-recebe-viaturas-e-motocicletas\/#webpage","url":"https:\/\/anoticiaonline.com.br\/site\/reforco-na-frota-47o-bpm-recebe-viaturas-e-motocicletas\/","name":"Refor\u00e7o na frota: 47\u00ba BPM recebe viaturas e motocicletas - A Not\u00edcia Online","description":"A Pol\u00edcia Militar de Muria\u00e9 recebeu refor\u00e7o em sua frota. Foram entregues ao 47\u00ba Batalh\u00e3o seis ve\u00edculos e tr\u00eas motocicletas. A entrega foi feita na manh\u00e3 de sexta-feira (19), pelo comandante da 4\u00aa Regi\u00e3o, coronel Nocelli. Entre os seis ve\u00edculos (sendo um deles um Pajero Mitsubishi) que chegaram ao Batalh\u00e3o, cinco ser\u00e3o utilizados em Muria\u00e9","inLanguage":"pt-BR","isPartOf":{"@id":"https:\/\/anoticiaonline.com.br\/site\/#website"},"breadcrumb":{"@id":"https:\/\/anoticiaonline.com.br\/site\/reforco-na-frota-47o-bpm-recebe-viaturas-e-motocicletas\/#breadcrumblist"},"author":{"@id":"https:\/\/anoticiaonline.com.br\/site\/author\/juliana\/#author"},"creator":{"@id":"https:\/\/anoticiaonline.com.br\/site\/author\/juliana\/#author"},"image":{"@type":"ImageObject","url":"https:\/\/anoticiaonline.com.br\/site\/wp-content\/uploads\/2017\/05\/8.jpg","@id":"https:\/\/anoticiaonline.com.br\/site\/reforco-na-frota-47o-bpm-recebe-viaturas-e-motocicletas\/#mainImage","width":640,"height":322},"primaryImageOfPage":{"@id":"https:\/\/anoticiaonline.com.br\/site\/reforco-na-frota-47o-bpm-recebe-viaturas-e-motocicletas\/#mainImage"},"datePublished":"2017-05-19T21:22:31-03:00","dateModified":"2017-06-22T20:26:21-03:00"},{"@type":"WebSite","@id":"https:\/\/anoticiaonline.com.br\/site\/#website","url":"https:\/\/anoticiaonline.com.br\/site\/","name":"A Not\u00edcia Online","description":"Noticias de Muria\u00e9 e regi\u00e3o","inLanguage":"pt-BR","publisher":{"@id":"https:\/\/anoticiaonline.com.br\/site\/#organization"}}]},"og:locale":"pt_BR","og:site_name":"A Not\u00edcia Online - Noticias de Muria\u00e9 e regi\u00e3o","og:type":"article","og:title":"Refor\u00e7o na frota: 47\u00ba BPM recebe viaturas e motocicletas - A Not\u00edcia Online","og:description":"A Pol\u00edcia Militar de Muria\u00e9 recebeu refor\u00e7o em sua frota. Foram entregues ao 47\u00ba Batalh\u00e3o seis ve\u00edculos e tr\u00eas motocicletas. A entrega foi feita na manh\u00e3 de sexta-feira (19), pelo comandante da 4\u00aa Regi\u00e3o, coronel Nocelli. Entre os seis ve\u00edculos (sendo um deles um Pajero Mitsubishi) que chegaram ao Batalh\u00e3o, cinco ser\u00e3o utilizados em Muria\u00e9","og:url":"https:\/\/anoticiaonline.com.br\/site\/reforco-na-frota-47o-bpm-recebe-viaturas-e-motocicletas\/","og:image":"https:\/\/scontent-gig4-1.xx.fbcdn.net\/v\/t39.30808-1\/270437624_4564083193639691_6907940295614233970_n.jpg?stp=dst-jpg_s200x200_tt6&#038;_nc_cat=111&#038;ccb=1-7&#038;_nc_sid=f907e8&#038;_nc_ohc=SM1wRlP3lJwQ7kNvwEPuBYA&#038;_nc_oc=AdnqrjDN_BNjSSHWO-GbkIWH6fkGMLw4bqvL_NH6e2wMveX7G-rP2dAqsDSq1mJMOaY&#038;_nc_zt=24&#038;_nc_ht=scontent-gig4-1.xx&#038;_nc_gid=AoBFJeGrT1hVaew_6rchkQ&#038;oh=00_AfX7QmFGhQhG2jAllVgXCiM1ZrWgvtp80-Bfppyexh1QEg&#038;oe=689E923C","og:image:secure_url":"https:\/\/scontent-gig4-1.xx.fbcdn.net\/v\/t39.30808-1\/270437624_4564083193639691_6907940295614233970_n.jpg?stp=dst-jpg_s200x200_tt6&#038;_nc_cat=111&#038;ccb=1-7&#038;_nc_sid=f907e8&#038;_nc_ohc=SM1wRlP3lJwQ7kNvwEPuBYA&#038;_nc_oc=AdnqrjDN_BNjSSHWO-GbkIWH6fkGMLw4bqvL_NH6e2wMveX7G-rP2dAqsDSq1mJMOaY&#038;_nc_zt=24&#038;_nc_ht=scontent-gig4-1.xx&#038;_nc_gid=AoBFJeGrT1hVaew_6rchkQ&#038;oh=00_AfX7QmFGhQhG2jAllVgXCiM1ZrWgvtp80-Bfppyexh1QEg&#038;oe=689E923C","article:published_time":"2017-05-20T00:22:31+00:00","article:modified_time":"2017-06-22T23:26:21+00:00","twitter:card":"summary_large_image","twitter:title":"Refor\u00e7o na frota: 47\u00ba BPM recebe viaturas e motocicletas - A Not\u00edcia Online","twitter:description":"A Pol\u00edcia Militar de Muria\u00e9 recebeu refor\u00e7o em sua frota. Foram entregues ao 47\u00ba Batalh\u00e3o seis ve\u00edculos e tr\u00eas motocicletas. A entrega foi feita na manh\u00e3 de sexta-feira (19), pelo comandante da 4\u00aa Regi\u00e3o, coronel Nocelli. Entre os seis ve\u00edculos (sendo um deles um Pajero Mitsubishi) que chegaram ao Batalh\u00e3o, cinco ser\u00e3o utilizados em Muria\u00e9","twitter:image":"https:\/\/scontent-gig4-1.xx.fbcdn.net\/v\/t39.30808-1\/270437624_4564083193639691_6907940295614233970_n.jpg?stp=dst-jpg_s200x200_tt6&_nc_cat=111&ccb=1-7&_nc_sid=f907e8&_nc_ohc=SM1wRlP3lJwQ7kNvwEPuBYA&_nc_oc=AdnqrjDN_BNjSSHWO-GbkIWH6fkGMLw4bqvL_NH6e2wMveX7G-rP2dAqsDSq1mJMOaY&_nc_zt=24&_nc_ht=scontent-gig4-1.xx&_nc_gid=AoBFJeGrT1hVaew_6rchkQ&oh=00_AfX7QmFGhQhG2jAllVgXCiM1ZrWgvtp80-Bfppyexh1QEg&oe=689E923C"},"aioseo_meta_data":{"post_id":"30481","title":null,"description":null,"keywords":null,"keyphrases":null,"primary_term":null,"canonical_url":null,"og_title":null,"og_description":null,"og_object_type":"default","og_image_type":"default","og_image_url":null,"og_image_width":null,"og_image_height":null,"og_image_custom_url":null,"og_image_custom_fields":null,"og_video":null,"og_custom_url":null,"og_article_section":null,"og_article_tags":null,"twitter_use_og":false,"twitter_card":"default","twitter_image_type":"default","twitter_image_url":null,"twitter_image_custom_url":null,"twitter_image_custom_fields":null,"twitter_title":null,"twitter_description":null,"schema":{"blockGraphs":[],"customGraphs":[],"default":{"data":{"Article":[],"Course":[],"Dataset":[],"FAQPage":[],"Movie":[],"Person":[],"Product":[],"ProductReview":[],"Car":[],"Recipe":[],"Service":[],"SoftwareApplication":[],"WebPage":[]},"graphName":"","isEnabled":true},"graphs":[]},"schema_type":"default","schema_type_options":null,"pillar_content":false,"robots_default":true,"robots_noindex":false,"robots_noarchive":false,"robots_nosnippet":false,"robots_nofollow":false,"robots_noimageindex":false,"robots_noodp":false,"robots_notranslate":false,"robots_max_snippet":null,"robots_max_videopreview":null,"robots_max_imagepreview":"large","priority":null,"frequency":null,"local_seo":null,"breadcrumb_settings":null,"limit_modified_date":false,"ai":null,"created":"2025-08-16 18:24:33","updated":"2025-08-16 18:24:33","focus_keyword":null,"additional_keywords":null,"truseo_locale":null,"seo_analyzer_scan_date":null},"aioseo_breadcrumb":"<div class=\"aioseo-breadcrumbs\"><span class=\"aioseo-breadcrumb\">\n\t\t\t<a href=\"https:\/\/anoticiaonline.com.br\/site\" title=\"Home\">Home<\/a>\n\t\t<\/span><span class=\"aioseo-breadcrumb-separator\">&raquo;<\/span><span class=\"aioseo-breadcrumb\">\n\t\t\t<a href=\"https:\/\/anoticiaonline.com.br\/site\/categoria\/muriae\/\" title=\"Blog\">Blog<\/a>\n\t\t<\/span><span class=\"aioseo-breadcrumb-separator\">&raquo;<\/span><span class=\"aioseo-breadcrumb\">\n\t\t\tRefor\u00e7o na frota: 47\u00ba BPM recebe viaturas e motocicletas\n\t\t<\/span><\/div>","aioseo_breadcrumb_json":[{"label":"Home","link":"https:\/\/anoticiaonline.com.br\/site"},{"label":"Blog","link":"https:\/\/anoticiaonline.com.br\/site\/categoria\/muriae\/"},{"label":"Refor\u00e7o na frota: 47\u00ba BPM recebe viaturas e motocicletas","link":"https:\/\/anoticiaonline.com.br\/site\/reforco-na-frota-47o-bpm-recebe-viaturas-e-motocicletas\/"}],"views":120,"_links":{"self":[{"href":"https:\/\/anoticiaonline.com.br\/site\/wp-json\/wp\/v2\/posts\/30481","targetHints":{"allow":["GET"]}}],"collection":[{"href":"https:\/\/anoticiaonline.com.br\/site\/wp-json\/wp\/v2\/posts"}],"about":[{"href":"https:\/\/anoticiaonline.com.br\/site\/wp-json\/wp\/v2\/types\/post"}],"author":[{"embeddable":true,"href":"https:\/\/anoticiaonline.com.br\/site\/wp-json\/wp\/v2\/users\/2"}],"replies":[{"embeddable":true,"href":"https:\/\/anoticiaonline.com.br\/site\/wp-json\/wp\/v2\/comments?post=30481"}],"version-history":[{"count":0,"href":"https:\/\/anoticiaonline.com.br\/site\/wp-json\/wp\/v2\/posts\/30481\/revisions"}],"wp:featuredmedia":[{"embeddable":true,"href":"https:\/\/anoticiaonline.com.br\/site\/wp-json\/wp\/v2\/media\/30482"}],"wp:attachment":[{"href":"https:\/\/anoticiaonline.com.br\/site\/wp-json\/wp\/v2\/media?parent=30481"}],"wp:term":[{"taxonomy":"category","embeddable":true,"href":"https:\/\/anoticiaonline.com.br\/site\/wp-json\/wp\/v2\/categories?post=30481"},{"taxonomy":"post_tag","embeddable":true,"href":"https:\/\/anoticiaonline.com.br\/site\/wp-json\/wp\/v2\/tags?post=30481"}],"curies":[{"name":"wp","href":"https:\/\/api.w.org\/{rel}","templated":true}]}}