{"id":30467,"date":"2017-05-18T20:48:49","date_gmt":"2017-05-18T23:48:49","guid":{"rendered":"http:\/\/anoticiaonline.com.br\/site\/?p=30467"},"modified":"2017-05-18T20:48:49","modified_gmt":"2017-05-18T23:48:49","slug":"o-transito-urbano-em-muriae","status":"publish","type":"post","link":"https:\/\/anoticiaonline.com.br\/site\/o-transito-urbano-em-muriae\/","title":{"rendered":"O tr\u00e2nsito urbano em Muria\u00e9"},"content":{"rendered":"<p>N\u00e3o restam d\u00favidas que, proporcionalmente, Muria\u00e9 tem mais ve\u00edculos do que o Rio de Janeiro. Possu\u00edmos cerca de 50 mil carros rodando em nossas ruas para uma popula\u00e7\u00e3o de pouco mais de cem mil habitantes, ou seja, a quantidade de ve\u00edculos \u00e9 praticamente igual \u00e0 metade da popula\u00e7\u00e3o. A grande Rio possui aproximadamente 6 milh\u00f5es de habitantes. Para que tivesse a mesma propor\u00e7\u00e3o em carros que tem a nossa Muria\u00e9, o Rio de Janeiro teria que ter aproximadamente 3 milh\u00f5es de carros, mas s\u00f3 tem algo em torno de 1.800.000 ve\u00edculos. Ganhamos da Cidade Maravilhosa. Motos, Muria\u00e9 tem perto de 15 mil.<\/p>\n<p>O que complica muito o nosso tr\u00e2nsito n\u00e3o \u00e9 apenas esse n\u00famero exagerado de carros e motos em nossas ruas, mas a maneira como s\u00e3o conduzidos.<\/p>\n<p>A administra\u00e7\u00e3o municipal passada fez muito pela melhoria da circula\u00e7\u00e3o de ve\u00edculos em nossas vias p\u00fablicas. Aumentou o n\u00famero de passagens elevadas para pedestres e remodelou as existentes que estavam fora dos padr\u00f5es exigidos pelas leis do tr\u00e2nsito; colocou sem\u00e1foros nos pontos estrat\u00e9gicos e construiu rotat\u00f3rias modernas, principalmente na regi\u00e3o do Centro Administrativo, local onde a circula\u00e7\u00e3o de ve\u00edculos era um problema antigo. Mas falta a melhoria do elemento humano.<\/p>\n<p>Motoristas que n\u00e3o respeitam as leis ainda temos bastante, mas o pior s\u00e3o as motos e as bicicletas. Bicicleta, em Muria\u00e9, n\u00e3o toma conhecimento de m\u00e3o e contram\u00e3o, n\u00e3o respeita sinal e nem faixa de pedestres. Cruzam as rotat\u00f3rias em qualquer dire\u00e7\u00e3o. Na d\u00e9cada de 1950, eu me lembro, as bicicletas possu\u00edam placas, que se tiravam na Prefeitura. Hoje, sem a identifica\u00e7\u00e3o de uma placa, seria at\u00e9 imposs\u00edvel para um policial ou agente de tr\u00e2nsito fiscaliz\u00e1-las e, se fosse o caso, multar o seu condutor pela infra\u00e7\u00e3o.<\/p>\n<p>J\u00e1 as motos s\u00e3o outro universo. Algumas s\u00e3o pilotadas por motociclistas, mas grande parte n\u00e3o. Ignoram as leis mais elementares da ultrapassagem de ve\u00edculos, cortam os carros pela esquerda e pela direita indiscriminadamente, avan\u00e7am as faixas de pedestres, normalmente em alta velocidade, usando o artif\u00edcio de levantar o \u201ctraseiro\u201d do assento para n\u00e3o sentir o impacto, e alguns com a \u201cdescarga aberta\u201d, emitindo um som estridente com dezenas de decib\u00e9is acima do permitido pela lei. Sem d\u00favida, esses n\u00e3o s\u00e3o motociclistas, poder\u00edamos cham\u00e1-los de motoqueiros, ainda que usem o ve\u00edculo como instrumento de trabalho.<\/p>\n<p>Como podemos notar, os problemas do tr\u00e2nsito est\u00e3o mais afetos ao ser humano do que \u00e0s m\u00e1quinas. Faltam \u00e0s pessoas aptid\u00e3o para viver em sociedade, respeito ao semelhante, gentileza urbana.<\/p>\n<p>Problemas dessa natureza n\u00e3o se resolvem com Prefeitura ou com leis. As ra\u00edzes desses problemas est\u00e3o obviamente no ber\u00e7o, naquela forma\u00e7\u00e3o que deveria ter se efetuado desde a inf\u00e2ncia, quando \u00e9 ensinado ao filho respeitar a fila da padaria, a fila do cinema, a fila do banco e, acima de tudo, o respeito e a cortesia para com o outro. Essas seriam as sementes para germinarem cidad\u00e3os. Fora disso, vamos assistir a esse caos, n\u00e3o s\u00f3 no tr\u00e2nsito, mas na forma\u00e7\u00e3o dos pol\u00edticos e dos empres\u00e1rios que est\u00e3o ocupando as m\u00eddias todos os dias com os atos e a\u00e7\u00f5es que est\u00e3o escandalizando o nosso pa\u00eds e o mundo.<\/p>\n","protected":false},"excerpt":{"rendered":"<p>N\u00e3o restam d\u00favidas que, proporcionalmente, Muria\u00e9 tem mais ve\u00edculos do que o Rio de Janeiro. Possu\u00edmos cerca de 50 mil carros rodando em nossas ruas para uma popula\u00e7\u00e3o de pouco mais de cem mil habitantes, ou seja, a quantidade de ve\u00edculos \u00e9 praticamente igual \u00e0 metade da popula\u00e7\u00e3o. A grande Rio possui aproximadamente 6 milh\u00f5es &#8230; <a title=\"O tr\u00e2nsito urbano em Muria\u00e9\" class=\"read-more\" href=\"https:\/\/anoticiaonline.com.br\/site\/o-transito-urbano-em-muriae\/\" aria-label=\"Read more about O tr\u00e2nsito urbano em Muria\u00e9\">Ler mais<\/a><\/p>\n","protected":false},"author":2,"featured_media":0,"comment_status":"open","ping_status":"open","sticky":false,"template":"","format":"standard","meta":{"_acf_changed":false,"_monsterinsights_skip_tracking":false,"footnotes":""},"categories":[36],"tags":[],"class_list":["post-30467","post","type-post","status-publish","format-standard","hentry","category-logos-adellunar-marge"],"acf":[],"aioseo_notices":[],"aioseo_head":"\n\t\t<!-- All in One SEO 5.0.0.1 - aioseo.com -->\n\t<meta name=\"description\" content=\"N\u00e3o restam d\u00favidas que, proporcionalmente, Muria\u00e9 tem mais ve\u00edculos do que o Rio de Janeiro. Possu\u00edmos cerca de 50 mil carros rodando em nossas ruas para uma popula\u00e7\u00e3o de pouco mais de cem mil habitantes, ou seja, a quantidade de ve\u00edculos \u00e9 praticamente igual \u00e0 metade da popula\u00e7\u00e3o. A grande Rio possui aproximadamente 6 milh\u00f5es\" \/>\n\t<meta name=\"robots\" content=\"max-image-preview:large\" \/>\n\t<meta name=\"author\" content=\"Juliana Laviola\"\/>\n\t<link rel=\"canonical\" href=\"https:\/\/anoticiaonline.com.br\/site\/o-transito-urbano-em-muriae\/\" \/>\n\t<meta name=\"generator\" content=\"All in One SEO (AIOSEO) 5.0.0.1\" \/>\n\t\t<meta property=\"og:locale\" content=\"pt_BR\" \/>\n\t\t<meta property=\"og:site_name\" content=\"A Not\u00edcia Online - Noticias de Muria\u00e9 e regi\u00e3o\" \/>\n\t\t<meta property=\"og:type\" content=\"article\" \/>\n\t\t<meta property=\"og:title\" content=\"O tr\u00e2nsito urbano em Muria\u00e9 - A Not\u00edcia Online\" \/>\n\t\t<meta property=\"og:description\" content=\"N\u00e3o restam d\u00favidas que, proporcionalmente, Muria\u00e9 tem mais ve\u00edculos do que o Rio de Janeiro. Possu\u00edmos cerca de 50 mil carros rodando em nossas ruas para uma popula\u00e7\u00e3o de pouco mais de cem mil habitantes, ou seja, a quantidade de ve\u00edculos \u00e9 praticamente igual \u00e0 metade da popula\u00e7\u00e3o. A grande Rio possui aproximadamente 6 milh\u00f5es\" \/>\n\t\t<meta property=\"og:url\" content=\"https:\/\/anoticiaonline.com.br\/site\/o-transito-urbano-em-muriae\/\" \/>\n\t\t<meta property=\"og:image\" content=\"https:\/\/scontent-gig4-1.xx.fbcdn.net\/v\/t39.30808-1\/270437624_4564083193639691_6907940295614233970_n.jpg?stp=dst-jpg_s200x200_tt6&#038;_nc_cat=111&#038;ccb=1-7&#038;_nc_sid=f907e8&#038;_nc_ohc=SM1wRlP3lJwQ7kNvwEPuBYA&#038;_nc_oc=AdnqrjDN_BNjSSHWO-GbkIWH6fkGMLw4bqvL_NH6e2wMveX7G-rP2dAqsDSq1mJMOaY&#038;_nc_zt=24&#038;_nc_ht=scontent-gig4-1.xx&#038;_nc_gid=AoBFJeGrT1hVaew_6rchkQ&#038;oh=00_AfX7QmFGhQhG2jAllVgXCiM1ZrWgvtp80-Bfppyexh1QEg&#038;oe=689E923C\" \/>\n\t\t<meta property=\"og:image:secure_url\" content=\"https:\/\/scontent-gig4-1.xx.fbcdn.net\/v\/t39.30808-1\/270437624_4564083193639691_6907940295614233970_n.jpg?stp=dst-jpg_s200x200_tt6&#038;_nc_cat=111&#038;ccb=1-7&#038;_nc_sid=f907e8&#038;_nc_ohc=SM1wRlP3lJwQ7kNvwEPuBYA&#038;_nc_oc=AdnqrjDN_BNjSSHWO-GbkIWH6fkGMLw4bqvL_NH6e2wMveX7G-rP2dAqsDSq1mJMOaY&#038;_nc_zt=24&#038;_nc_ht=scontent-gig4-1.xx&#038;_nc_gid=AoBFJeGrT1hVaew_6rchkQ&#038;oh=00_AfX7QmFGhQhG2jAllVgXCiM1ZrWgvtp80-Bfppyexh1QEg&#038;oe=689E923C\" \/>\n\t\t<meta property=\"article:published_time\" content=\"2017-05-18T23:48:49+00:00\" \/>\n\t\t<meta property=\"article:modified_time\" content=\"2017-05-18T23:48:49+00:00\" \/>\n\t\t<meta name=\"twitter:card\" content=\"summary_large_image\" \/>\n\t\t<meta name=\"twitter:title\" content=\"O tr\u00e2nsito urbano em Muria\u00e9 - A Not\u00edcia Online\" \/>\n\t\t<meta name=\"twitter:description\" content=\"N\u00e3o restam d\u00favidas que, proporcionalmente, Muria\u00e9 tem mais ve\u00edculos do que o Rio de Janeiro. Possu\u00edmos cerca de 50 mil carros rodando em nossas ruas para uma popula\u00e7\u00e3o de pouco mais de cem mil habitantes, ou seja, a quantidade de ve\u00edculos \u00e9 praticamente igual \u00e0 metade da popula\u00e7\u00e3o. A grande Rio possui aproximadamente 6 milh\u00f5es\" \/>\n\t\t<meta name=\"twitter:image\" content=\"https:\/\/scontent-gig4-1.xx.fbcdn.net\/v\/t39.30808-1\/270437624_4564083193639691_6907940295614233970_n.jpg?stp=dst-jpg_s200x200_tt6&amp;_nc_cat=111&amp;ccb=1-7&amp;_nc_sid=f907e8&amp;_nc_ohc=SM1wRlP3lJwQ7kNvwEPuBYA&amp;_nc_oc=AdnqrjDN_BNjSSHWO-GbkIWH6fkGMLw4bqvL_NH6e2wMveX7G-rP2dAqsDSq1mJMOaY&amp;_nc_zt=24&amp;_nc_ht=scontent-gig4-1.xx&amp;_nc_gid=AoBFJeGrT1hVaew_6rchkQ&amp;oh=00_AfX7QmFGhQhG2jAllVgXCiM1ZrWgvtp80-Bfppyexh1QEg&amp;oe=689E923C\" \/>\n\t\t<script type=\"application\/ld+json\" class=\"aioseo-schema\">\n\t\t\t{\"@context\":\"https:\\\/\\\/schema.org\",\"@graph\":[{\"@type\":\"BlogPosting\",\"@id\":\"https:\\\/\\\/anoticiaonline.com.br\\\/site\\\/o-transito-urbano-em-muriae\\\/#blogposting\",\"name\":\"O tr\\u00e2nsito urbano em Muria\\u00e9 - A Not\\u00edcia Online\",\"headline\":\"O tr\\u00e2nsito urbano em Muria\\u00e9\",\"author\":{\"@id\":\"https:\\\/\\\/anoticiaonline.com.br\\\/site\\\/author\\\/juliana\\\/#author\"},\"publisher\":{\"@id\":\"https:\\\/\\\/anoticiaonline.com.br\\\/site\\\/#organization\"},\"image\":{\"@type\":\"ImageObject\",\"url\":\"https:\\\/\\\/scontent-gig4-1.xx.fbcdn.net\\\/v\\\/t39.30808-1\\\/270437624_4564083193639691_6907940295614233970_n.jpg?stp=dst-jpg_s200x200_tt6&_nc_cat=111&ccb=1-7&_nc_sid=f907e8&_nc_ohc=SM1wRlP3lJwQ7kNvwEPuBYA&_nc_oc=AdnqrjDN_BNjSSHWO-GbkIWH6fkGMLw4bqvL_NH6e2wMveX7G-rP2dAqsDSq1mJMOaY&_nc_zt=24&_nc_ht=scontent-gig4-1.xx&_nc_gid=AoBFJeGrT1hVaew_6rchkQ&oh=00_AfX7QmFGhQhG2jAllVgXCiM1ZrWgvtp80-Bfppyexh1QEg&oe=689E923C\",\"@id\":\"https:\\\/\\\/anoticiaonline.com.br\\\/site\\\/#articleImage\"},\"datePublished\":\"2017-05-18T20:48:49-03:00\",\"dateModified\":\"2017-05-18T20:48:49-03:00\",\"inLanguage\":\"pt-BR\",\"mainEntityOfPage\":{\"@id\":\"https:\\\/\\\/anoticiaonline.com.br\\\/site\\\/o-transito-urbano-em-muriae\\\/#webpage\"},\"isPartOf\":{\"@id\":\"https:\\\/\\\/anoticiaonline.com.br\\\/site\\\/o-transito-urbano-em-muriae\\\/#webpage\"},\"articleSection\":\"Logos - Adellunar Marge\"},{\"@type\":\"BreadcrumbList\",\"@id\":\"https:\\\/\\\/anoticiaonline.com.br\\\/site\\\/o-transito-urbano-em-muriae\\\/#breadcrumblist\",\"itemListElement\":[{\"@type\":\"ListItem\",\"@id\":\"https:\\\/\\\/anoticiaonline.com.br\\\/site#listItem\",\"position\":1,\"name\":\"Home\",\"item\":\"https:\\\/\\\/anoticiaonline.com.br\\\/site\",\"nextItem\":{\"@type\":\"ListItem\",\"@id\":\"https:\\\/\\\/anoticiaonline.com.br\\\/site\\\/categoria\\\/colunistas\\\/#listItem\",\"name\":\"Colunistas\"}},{\"@type\":\"ListItem\",\"@id\":\"https:\\\/\\\/anoticiaonline.com.br\\\/site\\\/categoria\\\/colunistas\\\/#listItem\",\"position\":2,\"name\":\"Colunistas\",\"item\":\"https:\\\/\\\/anoticiaonline.com.br\\\/site\\\/categoria\\\/colunistas\\\/\",\"nextItem\":{\"@type\":\"ListItem\",\"@id\":\"https:\\\/\\\/anoticiaonline.com.br\\\/site\\\/categoria\\\/colunistas\\\/logos-adellunar-marge\\\/#listItem\",\"name\":\"Logos - Adellunar Marge\"},\"previousItem\":{\"@type\":\"ListItem\",\"@id\":\"https:\\\/\\\/anoticiaonline.com.br\\\/site#listItem\",\"name\":\"Home\"}},{\"@type\":\"ListItem\",\"@id\":\"https:\\\/\\\/anoticiaonline.com.br\\\/site\\\/categoria\\\/colunistas\\\/logos-adellunar-marge\\\/#listItem\",\"position\":3,\"name\":\"Logos - Adellunar Marge\",\"item\":\"https:\\\/\\\/anoticiaonline.com.br\\\/site\\\/categoria\\\/colunistas\\\/logos-adellunar-marge\\\/\",\"nextItem\":{\"@type\":\"ListItem\",\"@id\":\"https:\\\/\\\/anoticiaonline.com.br\\\/site\\\/o-transito-urbano-em-muriae\\\/#listItem\",\"name\":\"O tr\\u00e2nsito urbano em Muria\\u00e9\"},\"previousItem\":{\"@type\":\"ListItem\",\"@id\":\"https:\\\/\\\/anoticiaonline.com.br\\\/site\\\/categoria\\\/colunistas\\\/#listItem\",\"name\":\"Colunistas\"}},{\"@type\":\"ListItem\",\"@id\":\"https:\\\/\\\/anoticiaonline.com.br\\\/site\\\/o-transito-urbano-em-muriae\\\/#listItem\",\"position\":4,\"name\":\"O tr\\u00e2nsito urbano em Muria\\u00e9\",\"previousItem\":{\"@type\":\"ListItem\",\"@id\":\"https:\\\/\\\/anoticiaonline.com.br\\\/site\\\/categoria\\\/colunistas\\\/logos-adellunar-marge\\\/#listItem\",\"name\":\"Logos - Adellunar Marge\"}}]},{\"@type\":\"Organization\",\"@id\":\"https:\\\/\\\/anoticiaonline.com.br\\\/site\\\/#organization\",\"name\":\"A Not\\u00edcia Online\",\"description\":\"Noticias de Muria\\u00e9 e regi\\u00e3o\",\"url\":\"https:\\\/\\\/anoticiaonline.com.br\\\/site\\\/\",\"logo\":{\"@type\":\"ImageObject\",\"url\":\"https:\\\/\\\/scontent-gig4-1.xx.fbcdn.net\\\/v\\\/t39.30808-1\\\/270437624_4564083193639691_6907940295614233970_n.jpg?stp=dst-jpg_s200x200_tt6&_nc_cat=111&ccb=1-7&_nc_sid=f907e8&_nc_ohc=SM1wRlP3lJwQ7kNvwEPuBYA&_nc_oc=AdnqrjDN_BNjSSHWO-GbkIWH6fkGMLw4bqvL_NH6e2wMveX7G-rP2dAqsDSq1mJMOaY&_nc_zt=24&_nc_ht=scontent-gig4-1.xx&_nc_gid=AoBFJeGrT1hVaew_6rchkQ&oh=00_AfX7QmFGhQhG2jAllVgXCiM1ZrWgvtp80-Bfppyexh1QEg&oe=689E923C\",\"@id\":\"https:\\\/\\\/anoticiaonline.com.br\\\/site\\\/o-transito-urbano-em-muriae\\\/#organizationLogo\"},\"image\":{\"@id\":\"https:\\\/\\\/anoticiaonline.com.br\\\/site\\\/o-transito-urbano-em-muriae\\\/#organizationLogo\"}},{\"@type\":\"Person\",\"@id\":\"https:\\\/\\\/anoticiaonline.com.br\\\/site\\\/author\\\/juliana\\\/#author\",\"url\":\"https:\\\/\\\/anoticiaonline.com.br\\\/site\\\/author\\\/juliana\\\/\",\"name\":\"Juliana Laviola\",\"image\":{\"@type\":\"ImageObject\",\"@id\":\"https:\\\/\\\/anoticiaonline.com.br\\\/site\\\/o-transito-urbano-em-muriae\\\/#authorImage\",\"url\":\"https:\\\/\\\/secure.gravatar.com\\\/avatar\\\/b8d45f5c699b100dfaf0e543582f38f38bf94cb7ae3a5e9abf8d891a34773335?s=96&d=mm&r=g\",\"width\":96,\"height\":96,\"caption\":\"Juliana Laviola\"}},{\"@type\":\"WebPage\",\"@id\":\"https:\\\/\\\/anoticiaonline.com.br\\\/site\\\/o-transito-urbano-em-muriae\\\/#webpage\",\"url\":\"https:\\\/\\\/anoticiaonline.com.br\\\/site\\\/o-transito-urbano-em-muriae\\\/\",\"name\":\"O tr\\u00e2nsito urbano em Muria\\u00e9 - A Not\\u00edcia Online\",\"description\":\"N\\u00e3o restam d\\u00favidas que, proporcionalmente, Muria\\u00e9 tem mais ve\\u00edculos do que o Rio de Janeiro. Possu\\u00edmos cerca de 50 mil carros rodando em nossas ruas para uma popula\\u00e7\\u00e3o de pouco mais de cem mil habitantes, ou seja, a quantidade de ve\\u00edculos \\u00e9 praticamente igual \\u00e0 metade da popula\\u00e7\\u00e3o. A grande Rio possui aproximadamente 6 milh\\u00f5es\",\"inLanguage\":\"pt-BR\",\"isPartOf\":{\"@id\":\"https:\\\/\\\/anoticiaonline.com.br\\\/site\\\/#website\"},\"breadcrumb\":{\"@id\":\"https:\\\/\\\/anoticiaonline.com.br\\\/site\\\/o-transito-urbano-em-muriae\\\/#breadcrumblist\"},\"author\":{\"@id\":\"https:\\\/\\\/anoticiaonline.com.br\\\/site\\\/author\\\/juliana\\\/#author\"},\"creator\":{\"@id\":\"https:\\\/\\\/anoticiaonline.com.br\\\/site\\\/author\\\/juliana\\\/#author\"},\"datePublished\":\"2017-05-18T20:48:49-03:00\",\"dateModified\":\"2017-05-18T20:48:49-03:00\"},{\"@type\":\"WebSite\",\"@id\":\"https:\\\/\\\/anoticiaonline.com.br\\\/site\\\/#website\",\"url\":\"https:\\\/\\\/anoticiaonline.com.br\\\/site\\\/\",\"name\":\"A Not\\u00edcia Online\",\"description\":\"Noticias de Muria\\u00e9 e regi\\u00e3o\",\"inLanguage\":\"pt-BR\",\"publisher\":{\"@id\":\"https:\\\/\\\/anoticiaonline.com.br\\\/site\\\/#organization\"}}]}\n\t\t<\/script>\n\t\t<!-- All in One SEO -->\n\n","aioseo_head_json":{"title":"O tr\u00e2nsito urbano em Muria\u00e9 - A Not\u00edcia Online","description":"N\u00e3o restam d\u00favidas que, proporcionalmente, Muria\u00e9 tem mais ve\u00edculos do que o Rio de Janeiro. Possu\u00edmos cerca de 50 mil carros rodando em nossas ruas para uma popula\u00e7\u00e3o de pouco mais de cem mil habitantes, ou seja, a quantidade de ve\u00edculos \u00e9 praticamente igual \u00e0 metade da popula\u00e7\u00e3o. A grande Rio possui aproximadamente 6 milh\u00f5es","canonical_url":"https:\/\/anoticiaonline.com.br\/site\/o-transito-urbano-em-muriae\/","robots":"max-image-preview:large","keywords":"","webmasterTools":{"miscellaneous":""},"schema":{"@context":"https:\/\/schema.org","@graph":[{"@type":"BlogPosting","@id":"https:\/\/anoticiaonline.com.br\/site\/o-transito-urbano-em-muriae\/#blogposting","name":"O tr\u00e2nsito urbano em Muria\u00e9 - A Not\u00edcia Online","headline":"O tr\u00e2nsito urbano em Muria\u00e9","author":{"@id":"https:\/\/anoticiaonline.com.br\/site\/author\/juliana\/#author"},"publisher":{"@id":"https:\/\/anoticiaonline.com.br\/site\/#organization"},"image":{"@type":"ImageObject","url":"https:\/\/scontent-gig4-1.xx.fbcdn.net\/v\/t39.30808-1\/270437624_4564083193639691_6907940295614233970_n.jpg?stp=dst-jpg_s200x200_tt6&_nc_cat=111&ccb=1-7&_nc_sid=f907e8&_nc_ohc=SM1wRlP3lJwQ7kNvwEPuBYA&_nc_oc=AdnqrjDN_BNjSSHWO-GbkIWH6fkGMLw4bqvL_NH6e2wMveX7G-rP2dAqsDSq1mJMOaY&_nc_zt=24&_nc_ht=scontent-gig4-1.xx&_nc_gid=AoBFJeGrT1hVaew_6rchkQ&oh=00_AfX7QmFGhQhG2jAllVgXCiM1ZrWgvtp80-Bfppyexh1QEg&oe=689E923C","@id":"https:\/\/anoticiaonline.com.br\/site\/#articleImage"},"datePublished":"2017-05-18T20:48:49-03:00","dateModified":"2017-05-18T20:48:49-03:00","inLanguage":"pt-BR","mainEntityOfPage":{"@id":"https:\/\/anoticiaonline.com.br\/site\/o-transito-urbano-em-muriae\/#webpage"},"isPartOf":{"@id":"https:\/\/anoticiaonline.com.br\/site\/o-transito-urbano-em-muriae\/#webpage"},"articleSection":"Logos - Adellunar Marge"},{"@type":"BreadcrumbList","@id":"https:\/\/anoticiaonline.com.br\/site\/o-transito-urbano-em-muriae\/#breadcrumblist","itemListElement":[{"@type":"ListItem","@id":"https:\/\/anoticiaonline.com.br\/site#listItem","position":1,"name":"Home","item":"https:\/\/anoticiaonline.com.br\/site","nextItem":{"@type":"ListItem","@id":"https:\/\/anoticiaonline.com.br\/site\/categoria\/colunistas\/#listItem","name":"Colunistas"}},{"@type":"ListItem","@id":"https:\/\/anoticiaonline.com.br\/site\/categoria\/colunistas\/#listItem","position":2,"name":"Colunistas","item":"https:\/\/anoticiaonline.com.br\/site\/categoria\/colunistas\/","nextItem":{"@type":"ListItem","@id":"https:\/\/anoticiaonline.com.br\/site\/categoria\/colunistas\/logos-adellunar-marge\/#listItem","name":"Logos - Adellunar Marge"},"previousItem":{"@type":"ListItem","@id":"https:\/\/anoticiaonline.com.br\/site#listItem","name":"Home"}},{"@type":"ListItem","@id":"https:\/\/anoticiaonline.com.br\/site\/categoria\/colunistas\/logos-adellunar-marge\/#listItem","position":3,"name":"Logos - Adellunar Marge","item":"https:\/\/anoticiaonline.com.br\/site\/categoria\/colunistas\/logos-adellunar-marge\/","nextItem":{"@type":"ListItem","@id":"https:\/\/anoticiaonline.com.br\/site\/o-transito-urbano-em-muriae\/#listItem","name":"O tr\u00e2nsito urbano em Muria\u00e9"},"previousItem":{"@type":"ListItem","@id":"https:\/\/anoticiaonline.com.br\/site\/categoria\/colunistas\/#listItem","name":"Colunistas"}},{"@type":"ListItem","@id":"https:\/\/anoticiaonline.com.br\/site\/o-transito-urbano-em-muriae\/#listItem","position":4,"name":"O tr\u00e2nsito urbano em Muria\u00e9","previousItem":{"@type":"ListItem","@id":"https:\/\/anoticiaonline.com.br\/site\/categoria\/colunistas\/logos-adellunar-marge\/#listItem","name":"Logos - Adellunar Marge"}}]},{"@type":"Organization","@id":"https:\/\/anoticiaonline.com.br\/site\/#organization","name":"A Not\u00edcia Online","description":"Noticias de Muria\u00e9 e regi\u00e3o","url":"https:\/\/anoticiaonline.com.br\/site\/","logo":{"@type":"ImageObject","url":"https:\/\/scontent-gig4-1.xx.fbcdn.net\/v\/t39.30808-1\/270437624_4564083193639691_6907940295614233970_n.jpg?stp=dst-jpg_s200x200_tt6&_nc_cat=111&ccb=1-7&_nc_sid=f907e8&_nc_ohc=SM1wRlP3lJwQ7kNvwEPuBYA&_nc_oc=AdnqrjDN_BNjSSHWO-GbkIWH6fkGMLw4bqvL_NH6e2wMveX7G-rP2dAqsDSq1mJMOaY&_nc_zt=24&_nc_ht=scontent-gig4-1.xx&_nc_gid=AoBFJeGrT1hVaew_6rchkQ&oh=00_AfX7QmFGhQhG2jAllVgXCiM1ZrWgvtp80-Bfppyexh1QEg&oe=689E923C","@id":"https:\/\/anoticiaonline.com.br\/site\/o-transito-urbano-em-muriae\/#organizationLogo"},"image":{"@id":"https:\/\/anoticiaonline.com.br\/site\/o-transito-urbano-em-muriae\/#organizationLogo"}},{"@type":"Person","@id":"https:\/\/anoticiaonline.com.br\/site\/author\/juliana\/#author","url":"https:\/\/anoticiaonline.com.br\/site\/author\/juliana\/","name":"Juliana Laviola","image":{"@type":"ImageObject","@id":"https:\/\/anoticiaonline.com.br\/site\/o-transito-urbano-em-muriae\/#authorImage","url":"https:\/\/secure.gravatar.com\/avatar\/b8d45f5c699b100dfaf0e543582f38f38bf94cb7ae3a5e9abf8d891a34773335?s=96&d=mm&r=g","width":96,"height":96,"caption":"Juliana Laviola"}},{"@type":"WebPage","@id":"https:\/\/anoticiaonline.com.br\/site\/o-transito-urbano-em-muriae\/#webpage","url":"https:\/\/anoticiaonline.com.br\/site\/o-transito-urbano-em-muriae\/","name":"O tr\u00e2nsito urbano em Muria\u00e9 - A Not\u00edcia Online","description":"N\u00e3o restam d\u00favidas que, proporcionalmente, Muria\u00e9 tem mais ve\u00edculos do que o Rio de Janeiro. Possu\u00edmos cerca de 50 mil carros rodando em nossas ruas para uma popula\u00e7\u00e3o de pouco mais de cem mil habitantes, ou seja, a quantidade de ve\u00edculos \u00e9 praticamente igual \u00e0 metade da popula\u00e7\u00e3o. A grande Rio possui aproximadamente 6 milh\u00f5es","inLanguage":"pt-BR","isPartOf":{"@id":"https:\/\/anoticiaonline.com.br\/site\/#website"},"breadcrumb":{"@id":"https:\/\/anoticiaonline.com.br\/site\/o-transito-urbano-em-muriae\/#breadcrumblist"},"author":{"@id":"https:\/\/anoticiaonline.com.br\/site\/author\/juliana\/#author"},"creator":{"@id":"https:\/\/anoticiaonline.com.br\/site\/author\/juliana\/#author"},"datePublished":"2017-05-18T20:48:49-03:00","dateModified":"2017-05-18T20:48:49-03:00"},{"@type":"WebSite","@id":"https:\/\/anoticiaonline.com.br\/site\/#website","url":"https:\/\/anoticiaonline.com.br\/site\/","name":"A Not\u00edcia Online","description":"Noticias de Muria\u00e9 e regi\u00e3o","inLanguage":"pt-BR","publisher":{"@id":"https:\/\/anoticiaonline.com.br\/site\/#organization"}}]},"og:locale":"pt_BR","og:site_name":"A Not\u00edcia Online - Noticias de Muria\u00e9 e regi\u00e3o","og:type":"article","og:title":"O tr\u00e2nsito urbano em Muria\u00e9 - A Not\u00edcia Online","og:description":"N\u00e3o restam d\u00favidas que, proporcionalmente, Muria\u00e9 tem mais ve\u00edculos do que o Rio de Janeiro. Possu\u00edmos cerca de 50 mil carros rodando em nossas ruas para uma popula\u00e7\u00e3o de pouco mais de cem mil habitantes, ou seja, a quantidade de ve\u00edculos \u00e9 praticamente igual \u00e0 metade da popula\u00e7\u00e3o. A grande Rio possui aproximadamente 6 milh\u00f5es","og:url":"https:\/\/anoticiaonline.com.br\/site\/o-transito-urbano-em-muriae\/","og:image":"https:\/\/scontent-gig4-1.xx.fbcdn.net\/v\/t39.30808-1\/270437624_4564083193639691_6907940295614233970_n.jpg?stp=dst-jpg_s200x200_tt6&#038;_nc_cat=111&#038;ccb=1-7&#038;_nc_sid=f907e8&#038;_nc_ohc=SM1wRlP3lJwQ7kNvwEPuBYA&#038;_nc_oc=AdnqrjDN_BNjSSHWO-GbkIWH6fkGMLw4bqvL_NH6e2wMveX7G-rP2dAqsDSq1mJMOaY&#038;_nc_zt=24&#038;_nc_ht=scontent-gig4-1.xx&#038;_nc_gid=AoBFJeGrT1hVaew_6rchkQ&#038;oh=00_AfX7QmFGhQhG2jAllVgXCiM1ZrWgvtp80-Bfppyexh1QEg&#038;oe=689E923C","og:image:secure_url":"https:\/\/scontent-gig4-1.xx.fbcdn.net\/v\/t39.30808-1\/270437624_4564083193639691_6907940295614233970_n.jpg?stp=dst-jpg_s200x200_tt6&#038;_nc_cat=111&#038;ccb=1-7&#038;_nc_sid=f907e8&#038;_nc_ohc=SM1wRlP3lJwQ7kNvwEPuBYA&#038;_nc_oc=AdnqrjDN_BNjSSHWO-GbkIWH6fkGMLw4bqvL_NH6e2wMveX7G-rP2dAqsDSq1mJMOaY&#038;_nc_zt=24&#038;_nc_ht=scontent-gig4-1.xx&#038;_nc_gid=AoBFJeGrT1hVaew_6rchkQ&#038;oh=00_AfX7QmFGhQhG2jAllVgXCiM1ZrWgvtp80-Bfppyexh1QEg&#038;oe=689E923C","article:published_time":"2017-05-18T23:48:49+00:00","article:modified_time":"2017-05-18T23:48:49+00:00","twitter:card":"summary_large_image","twitter:title":"O tr\u00e2nsito urbano em Muria\u00e9 - A Not\u00edcia Online","twitter:description":"N\u00e3o restam d\u00favidas que, proporcionalmente, Muria\u00e9 tem mais ve\u00edculos do que o Rio de Janeiro. Possu\u00edmos cerca de 50 mil carros rodando em nossas ruas para uma popula\u00e7\u00e3o de pouco mais de cem mil habitantes, ou seja, a quantidade de ve\u00edculos \u00e9 praticamente igual \u00e0 metade da popula\u00e7\u00e3o. A grande Rio possui aproximadamente 6 milh\u00f5es","twitter:image":"https:\/\/scontent-gig4-1.xx.fbcdn.net\/v\/t39.30808-1\/270437624_4564083193639691_6907940295614233970_n.jpg?stp=dst-jpg_s200x200_tt6&_nc_cat=111&ccb=1-7&_nc_sid=f907e8&_nc_ohc=SM1wRlP3lJwQ7kNvwEPuBYA&_nc_oc=AdnqrjDN_BNjSSHWO-GbkIWH6fkGMLw4bqvL_NH6e2wMveX7G-rP2dAqsDSq1mJMOaY&_nc_zt=24&_nc_ht=scontent-gig4-1.xx&_nc_gid=AoBFJeGrT1hVaew_6rchkQ&oh=00_AfX7QmFGhQhG2jAllVgXCiM1ZrWgvtp80-Bfppyexh1QEg&oe=689E923C"},"aioseo_meta_data":{"post_id":"30467","title":null,"description":null,"keywords":null,"keyphrases":null,"primary_term":null,"canonical_url":null,"og_title":null,"og_description":null,"og_object_type":"default","og_image_type":"default","og_image_url":null,"og_image_width":null,"og_image_height":null,"og_image_custom_url":null,"og_image_custom_fields":null,"og_video":null,"og_custom_url":null,"og_article_section":null,"og_article_tags":null,"twitter_use_og":false,"twitter_card":"default","twitter_image_type":"default","twitter_image_url":null,"twitter_image_custom_url":null,"twitter_image_custom_fields":null,"twitter_title":null,"twitter_description":null,"schema":{"blockGraphs":[],"customGraphs":[],"default":{"data":{"Article":[],"Course":[],"Dataset":[],"FAQPage":[],"Movie":[],"Person":[],"Product":[],"ProductReview":[],"Car":[],"Recipe":[],"Service":[],"SoftwareApplication":[],"WebPage":[]},"graphName":"","isEnabled":true},"graphs":[]},"schema_type":"default","schema_type_options":null,"pillar_content":false,"robots_default":true,"robots_noindex":false,"robots_noarchive":false,"robots_nosnippet":false,"robots_nofollow":false,"robots_noimageindex":false,"robots_noodp":false,"robots_notranslate":false,"robots_max_snippet":null,"robots_max_videopreview":null,"robots_max_imagepreview":"large","priority":null,"frequency":null,"local_seo":null,"breadcrumb_settings":null,"limit_modified_date":false,"ai":null,"created":"2025-08-16 18:24:33","updated":"2025-08-16 18:24:33","focus_keyword":null,"additional_keywords":null,"truseo_locale":null,"seo_analyzer_scan_date":null},"aioseo_breadcrumb":"<div class=\"aioseo-breadcrumbs\"><span class=\"aioseo-breadcrumb\">\n\t\t\t<a href=\"https:\/\/anoticiaonline.com.br\/site\" title=\"Home\">Home<\/a>\n\t\t<\/span><span class=\"aioseo-breadcrumb-separator\">&raquo;<\/span><span class=\"aioseo-breadcrumb\">\n\t\t\t<a href=\"https:\/\/anoticiaonline.com.br\/site\/categoria\/colunistas\/\" title=\"Colunistas\">Colunistas<\/a>\n\t\t<\/span><span class=\"aioseo-breadcrumb-separator\">&raquo;<\/span><span class=\"aioseo-breadcrumb\">\n\t\t\t<a href=\"https:\/\/anoticiaonline.com.br\/site\/categoria\/colunistas\/logos-adellunar-marge\/\" title=\"Logos - Adellunar Marge\">Logos - Adellunar Marge<\/a>\n\t\t<\/span><span class=\"aioseo-breadcrumb-separator\">&raquo;<\/span><span class=\"aioseo-breadcrumb\">\n\t\t\tO tr\u00e2nsito urbano em Muria\u00e9\n\t\t<\/span><\/div>","aioseo_breadcrumb_json":[{"label":"Home","link":"https:\/\/anoticiaonline.com.br\/site"},{"label":"Colunistas","link":"https:\/\/anoticiaonline.com.br\/site\/categoria\/colunistas\/"},{"label":"Logos - Adellunar Marge","link":"https:\/\/anoticiaonline.com.br\/site\/categoria\/colunistas\/logos-adellunar-marge\/"},{"label":"O tr\u00e2nsito urbano em Muria\u00e9","link":"https:\/\/anoticiaonline.com.br\/site\/o-transito-urbano-em-muriae\/"}],"views":189,"_links":{"self":[{"href":"https:\/\/anoticiaonline.com.br\/site\/wp-json\/wp\/v2\/posts\/30467","targetHints":{"allow":["GET"]}}],"collection":[{"href":"https:\/\/anoticiaonline.com.br\/site\/wp-json\/wp\/v2\/posts"}],"about":[{"href":"https:\/\/anoticiaonline.com.br\/site\/wp-json\/wp\/v2\/types\/post"}],"author":[{"embeddable":true,"href":"https:\/\/anoticiaonline.com.br\/site\/wp-json\/wp\/v2\/users\/2"}],"replies":[{"embeddable":true,"href":"https:\/\/anoticiaonline.com.br\/site\/wp-json\/wp\/v2\/comments?post=30467"}],"version-history":[{"count":0,"href":"https:\/\/anoticiaonline.com.br\/site\/wp-json\/wp\/v2\/posts\/30467\/revisions"}],"wp:attachment":[{"href":"https:\/\/anoticiaonline.com.br\/site\/wp-json\/wp\/v2\/media?parent=30467"}],"wp:term":[{"taxonomy":"category","embeddable":true,"href":"https:\/\/anoticiaonline.com.br\/site\/wp-json\/wp\/v2\/categories?post=30467"},{"taxonomy":"post_tag","embeddable":true,"href":"https:\/\/anoticiaonline.com.br\/site\/wp-json\/wp\/v2\/tags?post=30467"}],"curies":[{"name":"wp","href":"https:\/\/api.w.org\/{rel}","templated":true}]}}