{"id":30465,"date":"2017-05-18T20:42:03","date_gmt":"2017-05-18T23:42:03","guid":{"rendered":"http:\/\/anoticiaonline.com.br\/site\/?p=30465"},"modified":"2017-05-18T20:42:03","modified_gmt":"2017-05-18T23:42:03","slug":"o-pais-das-incertezas","status":"publish","type":"post","link":"https:\/\/anoticiaonline.com.br\/site\/o-pais-das-incertezas\/","title":{"rendered":"O pa\u00eds das incertezas"},"content":{"rendered":"<p>Na quarta-feira, quando pensei em escrever essa cr\u00f4nica, tinha na minha mente uma esperan\u00e7a de que o pa\u00eds come\u00e7ava a sair do fundo do po\u00e7o. Afinal, as perspectivas dos \u00faltimos meses, anunciadas pela equipe econ\u00f4mica do governo Temer e comandada por Henrique Meireles, era de que o pa\u00eds come\u00e7ava a dar sinais positivos de recupera\u00e7\u00e3o. A infla\u00e7\u00e3o e os juros em baixa; os n\u00fameros do m\u00eas de abril sobre o emprego j\u00e1 contabilizavam um pequeno crescimento; e o an\u00fancio do aumento de 24% na produ\u00e7\u00e3o da safra de gr\u00e3os tamb\u00e9m \u00e9 outro indicador positivo.<\/p>\n<p>Embora a recupera\u00e7\u00e3o econ\u00f4mica do pa\u00eds seja lenta, em fun\u00e7\u00e3o da desidrata\u00e7\u00e3o da pol\u00edtica, a retomada do crescimento anda dependendo muito de uma maior confiabilidade por parte dos investidores, que v\u00eam aguardando um reequil\u00edbrio das contas p\u00fablicas.<\/p>\n<p>Mas, eis que os tais malfeitos da pol\u00edtica brasileira n\u00e3o d\u00e3o folga e o pa\u00eds volta ao campo das incertezas, depois do bomb\u00e1stico an\u00fancio do envolvimento do presidente Temer em suposta obstru\u00e7\u00e3o \u00e0s a\u00e7\u00f5es da Justi\u00e7a, ao incentivar o pagamento de propina para calar o ex-deputado Eduardo Cunha, preso em Curitiba. Nem mesmo a chamada \u201cdela\u00e7\u00e3o do fim do mundo\u201d, feita pelo ex-presidente da Odebrecht, Marcelo Odebrecht, e que foi anunciada de forma rumorosa pela imprensa, foi t\u00e3o danosa para a economia como poder\u00e1 ser a revela\u00e7\u00e3o de mais esse fato, que atinge em cheio a Presid\u00eancia da Rep\u00fablica. Claro que, se o presidente tem culpa no cart\u00f3rio, que assuma as suas responsabilidades e pague pelos seus atos.<\/p>\n<p>Caso Michel Temer perca o seu mandato, seja por ren\u00fancia, por impeachment ou por cassa\u00e7\u00e3o da sua chapa, formada com a ex-presidente Dilma, cujo processo j\u00e1 est\u00e1 pautado para julgamento no pr\u00f3ximo m\u00eas, haver\u00e1 elei\u00e7\u00e3o indireta a ser realizada pelo Congresso Nacional &#8211; artigo 81 par\u00e1grafo 1\u00ba da Constitui\u00e7\u00e3o -, sendo que o eleito dever\u00e1 exercer um mandato tamp\u00e3o at\u00e9 2018, quando haver\u00e1 elei\u00e7\u00f5es gerais. Vale, por oportuno, lembrar que, dos cinco \u00faltimos ex-presidentes (Sarney, Collor, FHC, Lula e Dilma), todos est\u00e3o sob investiga\u00e7\u00e3o. Al\u00e9m disso, o tucano A\u00e9cio Neves, que foi o principal advers\u00e1rio da Dilma, j\u00e1 est\u00e1 \u201cfrito\u201d pela Opera\u00e7\u00e3o Lava-Jato.<\/p>\n<p>A quest\u00e3o crucial \u00e9 que, com um Congresso t\u00e3o desmoralizado perante a opini\u00e3o p\u00fablica, estando grande parte dos seus integrantes tamb\u00e9m sob investiga\u00e7\u00e3o na \u201cLava-Jato\u201d, a quem caberia comandar a nau brasileira? Numa cr\u00f4nica anterior, fiz a mesma pergunta, at\u00e9 porque, n\u00e3o encontrei uma resposta convincente. Ali\u00e1s, obtive uma resposta sim. Um amigo, politizado, inteligente e perspicaz, me respondeu mineiramente pelo WhatsApp: \u201cUai, coloca o M\u00e1rio, s\u00f4!\u201d. Como o povo brasileiro j\u00e1 est\u00e1 t\u00e3o acostumado com todo tipo de sacanagem &#8211; perdoem-me a palavra chula -, por favor, n\u00e3o me perguntem quem \u00e9 o M\u00e1rio. Fui!<\/p>\n","protected":false},"excerpt":{"rendered":"<p>Na quarta-feira, quando pensei em escrever essa cr\u00f4nica, tinha na minha mente uma esperan\u00e7a de que o pa\u00eds come\u00e7ava a sair do fundo do po\u00e7o. Afinal, as perspectivas dos \u00faltimos meses, anunciadas pela equipe econ\u00f4mica do governo Temer e comandada por Henrique Meireles, era de que o pa\u00eds come\u00e7ava a dar sinais positivos de recupera\u00e7\u00e3o. &#8230; <a title=\"O pa\u00eds das incertezas\" class=\"read-more\" href=\"https:\/\/anoticiaonline.com.br\/site\/o-pais-das-incertezas\/\" aria-label=\"Read more about O pa\u00eds das incertezas\">Ler mais<\/a><\/p>\n","protected":false},"author":2,"featured_media":0,"comment_status":"open","ping_status":"open","sticky":false,"template":"","format":"standard","meta":{"_acf_changed":false,"_monsterinsights_skip_tracking":false,"footnotes":""},"categories":[33],"tags":[],"class_list":["post-30465","post","type-post","status-publish","format-standard","hentry","category-politica-e-atualidades-francisco-laviola"],"acf":[],"aioseo_notices":[],"aioseo_head":"\n\t\t<!-- All in One SEO 5.0.0.1 - aioseo.com -->\n\t<meta name=\"description\" content=\"Na quarta-feira, quando pensei em escrever essa cr\u00f4nica, tinha na minha mente uma esperan\u00e7a de que o pa\u00eds come\u00e7ava a sair do fundo do po\u00e7o. Afinal, as perspectivas dos \u00faltimos meses, anunciadas pela equipe econ\u00f4mica do governo Temer e comandada por Henrique Meireles, era de que o pa\u00eds come\u00e7ava a dar sinais positivos de recupera\u00e7\u00e3o.\" \/>\n\t<meta name=\"robots\" content=\"max-image-preview:large\" \/>\n\t<meta name=\"author\" content=\"Juliana Laviola\"\/>\n\t<link rel=\"canonical\" href=\"https:\/\/anoticiaonline.com.br\/site\/o-pais-das-incertezas\/\" \/>\n\t<meta name=\"generator\" content=\"All in One SEO (AIOSEO) 5.0.0.1\" \/>\n\t\t<meta property=\"og:locale\" content=\"pt_BR\" \/>\n\t\t<meta property=\"og:site_name\" content=\"A Not\u00edcia Online - Noticias de Muria\u00e9 e regi\u00e3o\" \/>\n\t\t<meta property=\"og:type\" content=\"article\" \/>\n\t\t<meta property=\"og:title\" content=\"O pa\u00eds das incertezas - A Not\u00edcia Online\" \/>\n\t\t<meta property=\"og:description\" content=\"Na quarta-feira, quando pensei em escrever essa cr\u00f4nica, tinha na minha mente uma esperan\u00e7a de que o pa\u00eds come\u00e7ava a sair do fundo do po\u00e7o. Afinal, as perspectivas dos \u00faltimos meses, anunciadas pela equipe econ\u00f4mica do governo Temer e comandada por Henrique Meireles, era de que o pa\u00eds come\u00e7ava a dar sinais positivos de recupera\u00e7\u00e3o.\" \/>\n\t\t<meta property=\"og:url\" content=\"https:\/\/anoticiaonline.com.br\/site\/o-pais-das-incertezas\/\" \/>\n\t\t<meta property=\"og:image\" content=\"https:\/\/scontent-gig4-1.xx.fbcdn.net\/v\/t39.30808-1\/270437624_4564083193639691_6907940295614233970_n.jpg?stp=dst-jpg_s200x200_tt6&#038;_nc_cat=111&#038;ccb=1-7&#038;_nc_sid=f907e8&#038;_nc_ohc=SM1wRlP3lJwQ7kNvwEPuBYA&#038;_nc_oc=AdnqrjDN_BNjSSHWO-GbkIWH6fkGMLw4bqvL_NH6e2wMveX7G-rP2dAqsDSq1mJMOaY&#038;_nc_zt=24&#038;_nc_ht=scontent-gig4-1.xx&#038;_nc_gid=AoBFJeGrT1hVaew_6rchkQ&#038;oh=00_AfX7QmFGhQhG2jAllVgXCiM1ZrWgvtp80-Bfppyexh1QEg&#038;oe=689E923C\" \/>\n\t\t<meta property=\"og:image:secure_url\" content=\"https:\/\/scontent-gig4-1.xx.fbcdn.net\/v\/t39.30808-1\/270437624_4564083193639691_6907940295614233970_n.jpg?stp=dst-jpg_s200x200_tt6&#038;_nc_cat=111&#038;ccb=1-7&#038;_nc_sid=f907e8&#038;_nc_ohc=SM1wRlP3lJwQ7kNvwEPuBYA&#038;_nc_oc=AdnqrjDN_BNjSSHWO-GbkIWH6fkGMLw4bqvL_NH6e2wMveX7G-rP2dAqsDSq1mJMOaY&#038;_nc_zt=24&#038;_nc_ht=scontent-gig4-1.xx&#038;_nc_gid=AoBFJeGrT1hVaew_6rchkQ&#038;oh=00_AfX7QmFGhQhG2jAllVgXCiM1ZrWgvtp80-Bfppyexh1QEg&#038;oe=689E923C\" \/>\n\t\t<meta property=\"article:published_time\" content=\"2017-05-18T23:42:03+00:00\" \/>\n\t\t<meta property=\"article:modified_time\" content=\"2017-05-18T23:42:03+00:00\" \/>\n\t\t<meta name=\"twitter:card\" content=\"summary_large_image\" \/>\n\t\t<meta name=\"twitter:title\" content=\"O pa\u00eds das incertezas - A Not\u00edcia Online\" \/>\n\t\t<meta name=\"twitter:description\" content=\"Na quarta-feira, quando pensei em escrever essa cr\u00f4nica, tinha na minha mente uma esperan\u00e7a de que o pa\u00eds come\u00e7ava a sair do fundo do po\u00e7o. Afinal, as perspectivas dos \u00faltimos meses, anunciadas pela equipe econ\u00f4mica do governo Temer e comandada por Henrique Meireles, era de que o pa\u00eds come\u00e7ava a dar sinais positivos de recupera\u00e7\u00e3o.\" \/>\n\t\t<meta name=\"twitter:image\" content=\"https:\/\/scontent-gig4-1.xx.fbcdn.net\/v\/t39.30808-1\/270437624_4564083193639691_6907940295614233970_n.jpg?stp=dst-jpg_s200x200_tt6&amp;_nc_cat=111&amp;ccb=1-7&amp;_nc_sid=f907e8&amp;_nc_ohc=SM1wRlP3lJwQ7kNvwEPuBYA&amp;_nc_oc=AdnqrjDN_BNjSSHWO-GbkIWH6fkGMLw4bqvL_NH6e2wMveX7G-rP2dAqsDSq1mJMOaY&amp;_nc_zt=24&amp;_nc_ht=scontent-gig4-1.xx&amp;_nc_gid=AoBFJeGrT1hVaew_6rchkQ&amp;oh=00_AfX7QmFGhQhG2jAllVgXCiM1ZrWgvtp80-Bfppyexh1QEg&amp;oe=689E923C\" \/>\n\t\t<script type=\"application\/ld+json\" class=\"aioseo-schema\">\n\t\t\t{\"@context\":\"https:\\\/\\\/schema.org\",\"@graph\":[{\"@type\":\"BlogPosting\",\"@id\":\"https:\\\/\\\/anoticiaonline.com.br\\\/site\\\/o-pais-das-incertezas\\\/#blogposting\",\"name\":\"O pa\\u00eds das incertezas - A Not\\u00edcia Online\",\"headline\":\"O pa\\u00eds das incertezas\",\"author\":{\"@id\":\"https:\\\/\\\/anoticiaonline.com.br\\\/site\\\/author\\\/juliana\\\/#author\"},\"publisher\":{\"@id\":\"https:\\\/\\\/anoticiaonline.com.br\\\/site\\\/#organization\"},\"image\":{\"@type\":\"ImageObject\",\"url\":\"https:\\\/\\\/scontent-gig4-1.xx.fbcdn.net\\\/v\\\/t39.30808-1\\\/270437624_4564083193639691_6907940295614233970_n.jpg?stp=dst-jpg_s200x200_tt6&_nc_cat=111&ccb=1-7&_nc_sid=f907e8&_nc_ohc=SM1wRlP3lJwQ7kNvwEPuBYA&_nc_oc=AdnqrjDN_BNjSSHWO-GbkIWH6fkGMLw4bqvL_NH6e2wMveX7G-rP2dAqsDSq1mJMOaY&_nc_zt=24&_nc_ht=scontent-gig4-1.xx&_nc_gid=AoBFJeGrT1hVaew_6rchkQ&oh=00_AfX7QmFGhQhG2jAllVgXCiM1ZrWgvtp80-Bfppyexh1QEg&oe=689E923C\",\"@id\":\"https:\\\/\\\/anoticiaonline.com.br\\\/site\\\/#articleImage\"},\"datePublished\":\"2017-05-18T20:42:03-03:00\",\"dateModified\":\"2017-05-18T20:42:03-03:00\",\"inLanguage\":\"pt-BR\",\"mainEntityOfPage\":{\"@id\":\"https:\\\/\\\/anoticiaonline.com.br\\\/site\\\/o-pais-das-incertezas\\\/#webpage\"},\"isPartOf\":{\"@id\":\"https:\\\/\\\/anoticiaonline.com.br\\\/site\\\/o-pais-das-incertezas\\\/#webpage\"},\"articleSection\":\"Pol\\u00edtica e Atualidades - Francisco Laviola\"},{\"@type\":\"BreadcrumbList\",\"@id\":\"https:\\\/\\\/anoticiaonline.com.br\\\/site\\\/o-pais-das-incertezas\\\/#breadcrumblist\",\"itemListElement\":[{\"@type\":\"ListItem\",\"@id\":\"https:\\\/\\\/anoticiaonline.com.br\\\/site#listItem\",\"position\":1,\"name\":\"Home\",\"item\":\"https:\\\/\\\/anoticiaonline.com.br\\\/site\",\"nextItem\":{\"@type\":\"ListItem\",\"@id\":\"https:\\\/\\\/anoticiaonline.com.br\\\/site\\\/categoria\\\/colunistas\\\/#listItem\",\"name\":\"Colunistas\"}},{\"@type\":\"ListItem\",\"@id\":\"https:\\\/\\\/anoticiaonline.com.br\\\/site\\\/categoria\\\/colunistas\\\/#listItem\",\"position\":2,\"name\":\"Colunistas\",\"item\":\"https:\\\/\\\/anoticiaonline.com.br\\\/site\\\/categoria\\\/colunistas\\\/\",\"nextItem\":{\"@type\":\"ListItem\",\"@id\":\"https:\\\/\\\/anoticiaonline.com.br\\\/site\\\/categoria\\\/colunistas\\\/politica-e-atualidades-francisco-laviola\\\/#listItem\",\"name\":\"Pol\\u00edtica e Atualidades - Francisco Laviola\"},\"previousItem\":{\"@type\":\"ListItem\",\"@id\":\"https:\\\/\\\/anoticiaonline.com.br\\\/site#listItem\",\"name\":\"Home\"}},{\"@type\":\"ListItem\",\"@id\":\"https:\\\/\\\/anoticiaonline.com.br\\\/site\\\/categoria\\\/colunistas\\\/politica-e-atualidades-francisco-laviola\\\/#listItem\",\"position\":3,\"name\":\"Pol\\u00edtica e Atualidades - Francisco Laviola\",\"item\":\"https:\\\/\\\/anoticiaonline.com.br\\\/site\\\/categoria\\\/colunistas\\\/politica-e-atualidades-francisco-laviola\\\/\",\"nextItem\":{\"@type\":\"ListItem\",\"@id\":\"https:\\\/\\\/anoticiaonline.com.br\\\/site\\\/o-pais-das-incertezas\\\/#listItem\",\"name\":\"O pa\\u00eds das incertezas\"},\"previousItem\":{\"@type\":\"ListItem\",\"@id\":\"https:\\\/\\\/anoticiaonline.com.br\\\/site\\\/categoria\\\/colunistas\\\/#listItem\",\"name\":\"Colunistas\"}},{\"@type\":\"ListItem\",\"@id\":\"https:\\\/\\\/anoticiaonline.com.br\\\/site\\\/o-pais-das-incertezas\\\/#listItem\",\"position\":4,\"name\":\"O pa\\u00eds das incertezas\",\"previousItem\":{\"@type\":\"ListItem\",\"@id\":\"https:\\\/\\\/anoticiaonline.com.br\\\/site\\\/categoria\\\/colunistas\\\/politica-e-atualidades-francisco-laviola\\\/#listItem\",\"name\":\"Pol\\u00edtica e Atualidades - Francisco Laviola\"}}]},{\"@type\":\"Organization\",\"@id\":\"https:\\\/\\\/anoticiaonline.com.br\\\/site\\\/#organization\",\"name\":\"A Not\\u00edcia Online\",\"description\":\"Noticias de Muria\\u00e9 e regi\\u00e3o\",\"url\":\"https:\\\/\\\/anoticiaonline.com.br\\\/site\\\/\",\"logo\":{\"@type\":\"ImageObject\",\"url\":\"https:\\\/\\\/scontent-gig4-1.xx.fbcdn.net\\\/v\\\/t39.30808-1\\\/270437624_4564083193639691_6907940295614233970_n.jpg?stp=dst-jpg_s200x200_tt6&_nc_cat=111&ccb=1-7&_nc_sid=f907e8&_nc_ohc=SM1wRlP3lJwQ7kNvwEPuBYA&_nc_oc=AdnqrjDN_BNjSSHWO-GbkIWH6fkGMLw4bqvL_NH6e2wMveX7G-rP2dAqsDSq1mJMOaY&_nc_zt=24&_nc_ht=scontent-gig4-1.xx&_nc_gid=AoBFJeGrT1hVaew_6rchkQ&oh=00_AfX7QmFGhQhG2jAllVgXCiM1ZrWgvtp80-Bfppyexh1QEg&oe=689E923C\",\"@id\":\"https:\\\/\\\/anoticiaonline.com.br\\\/site\\\/o-pais-das-incertezas\\\/#organizationLogo\"},\"image\":{\"@id\":\"https:\\\/\\\/anoticiaonline.com.br\\\/site\\\/o-pais-das-incertezas\\\/#organizationLogo\"}},{\"@type\":\"Person\",\"@id\":\"https:\\\/\\\/anoticiaonline.com.br\\\/site\\\/author\\\/juliana\\\/#author\",\"url\":\"https:\\\/\\\/anoticiaonline.com.br\\\/site\\\/author\\\/juliana\\\/\",\"name\":\"Juliana Laviola\",\"image\":{\"@type\":\"ImageObject\",\"@id\":\"https:\\\/\\\/anoticiaonline.com.br\\\/site\\\/o-pais-das-incertezas\\\/#authorImage\",\"url\":\"https:\\\/\\\/secure.gravatar.com\\\/avatar\\\/b8d45f5c699b100dfaf0e543582f38f38bf94cb7ae3a5e9abf8d891a34773335?s=96&d=mm&r=g\",\"width\":96,\"height\":96,\"caption\":\"Juliana Laviola\"}},{\"@type\":\"WebPage\",\"@id\":\"https:\\\/\\\/anoticiaonline.com.br\\\/site\\\/o-pais-das-incertezas\\\/#webpage\",\"url\":\"https:\\\/\\\/anoticiaonline.com.br\\\/site\\\/o-pais-das-incertezas\\\/\",\"name\":\"O pa\\u00eds das incertezas - A Not\\u00edcia Online\",\"description\":\"Na quarta-feira, quando pensei em escrever essa cr\\u00f4nica, tinha na minha mente uma esperan\\u00e7a de que o pa\\u00eds come\\u00e7ava a sair do fundo do po\\u00e7o. Afinal, as perspectivas dos \\u00faltimos meses, anunciadas pela equipe econ\\u00f4mica do governo Temer e comandada por Henrique Meireles, era de que o pa\\u00eds come\\u00e7ava a dar sinais positivos de recupera\\u00e7\\u00e3o.\",\"inLanguage\":\"pt-BR\",\"isPartOf\":{\"@id\":\"https:\\\/\\\/anoticiaonline.com.br\\\/site\\\/#website\"},\"breadcrumb\":{\"@id\":\"https:\\\/\\\/anoticiaonline.com.br\\\/site\\\/o-pais-das-incertezas\\\/#breadcrumblist\"},\"author\":{\"@id\":\"https:\\\/\\\/anoticiaonline.com.br\\\/site\\\/author\\\/juliana\\\/#author\"},\"creator\":{\"@id\":\"https:\\\/\\\/anoticiaonline.com.br\\\/site\\\/author\\\/juliana\\\/#author\"},\"datePublished\":\"2017-05-18T20:42:03-03:00\",\"dateModified\":\"2017-05-18T20:42:03-03:00\"},{\"@type\":\"WebSite\",\"@id\":\"https:\\\/\\\/anoticiaonline.com.br\\\/site\\\/#website\",\"url\":\"https:\\\/\\\/anoticiaonline.com.br\\\/site\\\/\",\"name\":\"A Not\\u00edcia Online\",\"description\":\"Noticias de Muria\\u00e9 e regi\\u00e3o\",\"inLanguage\":\"pt-BR\",\"publisher\":{\"@id\":\"https:\\\/\\\/anoticiaonline.com.br\\\/site\\\/#organization\"}}]}\n\t\t<\/script>\n\t\t<!-- All in One SEO -->\n\n","aioseo_head_json":{"title":"O pa\u00eds das incertezas - A Not\u00edcia Online","description":"Na quarta-feira, quando pensei em escrever essa cr\u00f4nica, tinha na minha mente uma esperan\u00e7a de que o pa\u00eds come\u00e7ava a sair do fundo do po\u00e7o. Afinal, as perspectivas dos \u00faltimos meses, anunciadas pela equipe econ\u00f4mica do governo Temer e comandada por Henrique Meireles, era de que o pa\u00eds come\u00e7ava a dar sinais positivos de recupera\u00e7\u00e3o.","canonical_url":"https:\/\/anoticiaonline.com.br\/site\/o-pais-das-incertezas\/","robots":"max-image-preview:large","keywords":"","webmasterTools":{"miscellaneous":""},"schema":{"@context":"https:\/\/schema.org","@graph":[{"@type":"BlogPosting","@id":"https:\/\/anoticiaonline.com.br\/site\/o-pais-das-incertezas\/#blogposting","name":"O pa\u00eds das incertezas - A Not\u00edcia Online","headline":"O pa\u00eds das incertezas","author":{"@id":"https:\/\/anoticiaonline.com.br\/site\/author\/juliana\/#author"},"publisher":{"@id":"https:\/\/anoticiaonline.com.br\/site\/#organization"},"image":{"@type":"ImageObject","url":"https:\/\/scontent-gig4-1.xx.fbcdn.net\/v\/t39.30808-1\/270437624_4564083193639691_6907940295614233970_n.jpg?stp=dst-jpg_s200x200_tt6&_nc_cat=111&ccb=1-7&_nc_sid=f907e8&_nc_ohc=SM1wRlP3lJwQ7kNvwEPuBYA&_nc_oc=AdnqrjDN_BNjSSHWO-GbkIWH6fkGMLw4bqvL_NH6e2wMveX7G-rP2dAqsDSq1mJMOaY&_nc_zt=24&_nc_ht=scontent-gig4-1.xx&_nc_gid=AoBFJeGrT1hVaew_6rchkQ&oh=00_AfX7QmFGhQhG2jAllVgXCiM1ZrWgvtp80-Bfppyexh1QEg&oe=689E923C","@id":"https:\/\/anoticiaonline.com.br\/site\/#articleImage"},"datePublished":"2017-05-18T20:42:03-03:00","dateModified":"2017-05-18T20:42:03-03:00","inLanguage":"pt-BR","mainEntityOfPage":{"@id":"https:\/\/anoticiaonline.com.br\/site\/o-pais-das-incertezas\/#webpage"},"isPartOf":{"@id":"https:\/\/anoticiaonline.com.br\/site\/o-pais-das-incertezas\/#webpage"},"articleSection":"Pol\u00edtica e Atualidades - Francisco Laviola"},{"@type":"BreadcrumbList","@id":"https:\/\/anoticiaonline.com.br\/site\/o-pais-das-incertezas\/#breadcrumblist","itemListElement":[{"@type":"ListItem","@id":"https:\/\/anoticiaonline.com.br\/site#listItem","position":1,"name":"Home","item":"https:\/\/anoticiaonline.com.br\/site","nextItem":{"@type":"ListItem","@id":"https:\/\/anoticiaonline.com.br\/site\/categoria\/colunistas\/#listItem","name":"Colunistas"}},{"@type":"ListItem","@id":"https:\/\/anoticiaonline.com.br\/site\/categoria\/colunistas\/#listItem","position":2,"name":"Colunistas","item":"https:\/\/anoticiaonline.com.br\/site\/categoria\/colunistas\/","nextItem":{"@type":"ListItem","@id":"https:\/\/anoticiaonline.com.br\/site\/categoria\/colunistas\/politica-e-atualidades-francisco-laviola\/#listItem","name":"Pol\u00edtica e Atualidades - Francisco Laviola"},"previousItem":{"@type":"ListItem","@id":"https:\/\/anoticiaonline.com.br\/site#listItem","name":"Home"}},{"@type":"ListItem","@id":"https:\/\/anoticiaonline.com.br\/site\/categoria\/colunistas\/politica-e-atualidades-francisco-laviola\/#listItem","position":3,"name":"Pol\u00edtica e Atualidades - Francisco Laviola","item":"https:\/\/anoticiaonline.com.br\/site\/categoria\/colunistas\/politica-e-atualidades-francisco-laviola\/","nextItem":{"@type":"ListItem","@id":"https:\/\/anoticiaonline.com.br\/site\/o-pais-das-incertezas\/#listItem","name":"O pa\u00eds das incertezas"},"previousItem":{"@type":"ListItem","@id":"https:\/\/anoticiaonline.com.br\/site\/categoria\/colunistas\/#listItem","name":"Colunistas"}},{"@type":"ListItem","@id":"https:\/\/anoticiaonline.com.br\/site\/o-pais-das-incertezas\/#listItem","position":4,"name":"O pa\u00eds das incertezas","previousItem":{"@type":"ListItem","@id":"https:\/\/anoticiaonline.com.br\/site\/categoria\/colunistas\/politica-e-atualidades-francisco-laviola\/#listItem","name":"Pol\u00edtica e Atualidades - Francisco Laviola"}}]},{"@type":"Organization","@id":"https:\/\/anoticiaonline.com.br\/site\/#organization","name":"A Not\u00edcia Online","description":"Noticias de Muria\u00e9 e regi\u00e3o","url":"https:\/\/anoticiaonline.com.br\/site\/","logo":{"@type":"ImageObject","url":"https:\/\/scontent-gig4-1.xx.fbcdn.net\/v\/t39.30808-1\/270437624_4564083193639691_6907940295614233970_n.jpg?stp=dst-jpg_s200x200_tt6&_nc_cat=111&ccb=1-7&_nc_sid=f907e8&_nc_ohc=SM1wRlP3lJwQ7kNvwEPuBYA&_nc_oc=AdnqrjDN_BNjSSHWO-GbkIWH6fkGMLw4bqvL_NH6e2wMveX7G-rP2dAqsDSq1mJMOaY&_nc_zt=24&_nc_ht=scontent-gig4-1.xx&_nc_gid=AoBFJeGrT1hVaew_6rchkQ&oh=00_AfX7QmFGhQhG2jAllVgXCiM1ZrWgvtp80-Bfppyexh1QEg&oe=689E923C","@id":"https:\/\/anoticiaonline.com.br\/site\/o-pais-das-incertezas\/#organizationLogo"},"image":{"@id":"https:\/\/anoticiaonline.com.br\/site\/o-pais-das-incertezas\/#organizationLogo"}},{"@type":"Person","@id":"https:\/\/anoticiaonline.com.br\/site\/author\/juliana\/#author","url":"https:\/\/anoticiaonline.com.br\/site\/author\/juliana\/","name":"Juliana Laviola","image":{"@type":"ImageObject","@id":"https:\/\/anoticiaonline.com.br\/site\/o-pais-das-incertezas\/#authorImage","url":"https:\/\/secure.gravatar.com\/avatar\/b8d45f5c699b100dfaf0e543582f38f38bf94cb7ae3a5e9abf8d891a34773335?s=96&d=mm&r=g","width":96,"height":96,"caption":"Juliana Laviola"}},{"@type":"WebPage","@id":"https:\/\/anoticiaonline.com.br\/site\/o-pais-das-incertezas\/#webpage","url":"https:\/\/anoticiaonline.com.br\/site\/o-pais-das-incertezas\/","name":"O pa\u00eds das incertezas - A Not\u00edcia Online","description":"Na quarta-feira, quando pensei em escrever essa cr\u00f4nica, tinha na minha mente uma esperan\u00e7a de que o pa\u00eds come\u00e7ava a sair do fundo do po\u00e7o. Afinal, as perspectivas dos \u00faltimos meses, anunciadas pela equipe econ\u00f4mica do governo Temer e comandada por Henrique Meireles, era de que o pa\u00eds come\u00e7ava a dar sinais positivos de recupera\u00e7\u00e3o.","inLanguage":"pt-BR","isPartOf":{"@id":"https:\/\/anoticiaonline.com.br\/site\/#website"},"breadcrumb":{"@id":"https:\/\/anoticiaonline.com.br\/site\/o-pais-das-incertezas\/#breadcrumblist"},"author":{"@id":"https:\/\/anoticiaonline.com.br\/site\/author\/juliana\/#author"},"creator":{"@id":"https:\/\/anoticiaonline.com.br\/site\/author\/juliana\/#author"},"datePublished":"2017-05-18T20:42:03-03:00","dateModified":"2017-05-18T20:42:03-03:00"},{"@type":"WebSite","@id":"https:\/\/anoticiaonline.com.br\/site\/#website","url":"https:\/\/anoticiaonline.com.br\/site\/","name":"A Not\u00edcia Online","description":"Noticias de Muria\u00e9 e regi\u00e3o","inLanguage":"pt-BR","publisher":{"@id":"https:\/\/anoticiaonline.com.br\/site\/#organization"}}]},"og:locale":"pt_BR","og:site_name":"A Not\u00edcia Online - Noticias de Muria\u00e9 e regi\u00e3o","og:type":"article","og:title":"O pa\u00eds das incertezas - A Not\u00edcia Online","og:description":"Na quarta-feira, quando pensei em escrever essa cr\u00f4nica, tinha na minha mente uma esperan\u00e7a de que o pa\u00eds come\u00e7ava a sair do fundo do po\u00e7o. Afinal, as perspectivas dos \u00faltimos meses, anunciadas pela equipe econ\u00f4mica do governo Temer e comandada por Henrique Meireles, era de que o pa\u00eds come\u00e7ava a dar sinais positivos de recupera\u00e7\u00e3o.","og:url":"https:\/\/anoticiaonline.com.br\/site\/o-pais-das-incertezas\/","og:image":"https:\/\/scontent-gig4-1.xx.fbcdn.net\/v\/t39.30808-1\/270437624_4564083193639691_6907940295614233970_n.jpg?stp=dst-jpg_s200x200_tt6&#038;_nc_cat=111&#038;ccb=1-7&#038;_nc_sid=f907e8&#038;_nc_ohc=SM1wRlP3lJwQ7kNvwEPuBYA&#038;_nc_oc=AdnqrjDN_BNjSSHWO-GbkIWH6fkGMLw4bqvL_NH6e2wMveX7G-rP2dAqsDSq1mJMOaY&#038;_nc_zt=24&#038;_nc_ht=scontent-gig4-1.xx&#038;_nc_gid=AoBFJeGrT1hVaew_6rchkQ&#038;oh=00_AfX7QmFGhQhG2jAllVgXCiM1ZrWgvtp80-Bfppyexh1QEg&#038;oe=689E923C","og:image:secure_url":"https:\/\/scontent-gig4-1.xx.fbcdn.net\/v\/t39.30808-1\/270437624_4564083193639691_6907940295614233970_n.jpg?stp=dst-jpg_s200x200_tt6&#038;_nc_cat=111&#038;ccb=1-7&#038;_nc_sid=f907e8&#038;_nc_ohc=SM1wRlP3lJwQ7kNvwEPuBYA&#038;_nc_oc=AdnqrjDN_BNjSSHWO-GbkIWH6fkGMLw4bqvL_NH6e2wMveX7G-rP2dAqsDSq1mJMOaY&#038;_nc_zt=24&#038;_nc_ht=scontent-gig4-1.xx&#038;_nc_gid=AoBFJeGrT1hVaew_6rchkQ&#038;oh=00_AfX7QmFGhQhG2jAllVgXCiM1ZrWgvtp80-Bfppyexh1QEg&#038;oe=689E923C","article:published_time":"2017-05-18T23:42:03+00:00","article:modified_time":"2017-05-18T23:42:03+00:00","twitter:card":"summary_large_image","twitter:title":"O pa\u00eds das incertezas - A Not\u00edcia Online","twitter:description":"Na quarta-feira, quando pensei em escrever essa cr\u00f4nica, tinha na minha mente uma esperan\u00e7a de que o pa\u00eds come\u00e7ava a sair do fundo do po\u00e7o. Afinal, as perspectivas dos \u00faltimos meses, anunciadas pela equipe econ\u00f4mica do governo Temer e comandada por Henrique Meireles, era de que o pa\u00eds come\u00e7ava a dar sinais positivos de recupera\u00e7\u00e3o.","twitter:image":"https:\/\/scontent-gig4-1.xx.fbcdn.net\/v\/t39.30808-1\/270437624_4564083193639691_6907940295614233970_n.jpg?stp=dst-jpg_s200x200_tt6&_nc_cat=111&ccb=1-7&_nc_sid=f907e8&_nc_ohc=SM1wRlP3lJwQ7kNvwEPuBYA&_nc_oc=AdnqrjDN_BNjSSHWO-GbkIWH6fkGMLw4bqvL_NH6e2wMveX7G-rP2dAqsDSq1mJMOaY&_nc_zt=24&_nc_ht=scontent-gig4-1.xx&_nc_gid=AoBFJeGrT1hVaew_6rchkQ&oh=00_AfX7QmFGhQhG2jAllVgXCiM1ZrWgvtp80-Bfppyexh1QEg&oe=689E923C"},"aioseo_meta_data":{"post_id":"30465","title":null,"description":null,"keywords":null,"keyphrases":null,"primary_term":null,"canonical_url":null,"og_title":null,"og_description":null,"og_object_type":"default","og_image_type":"default","og_image_url":null,"og_image_width":null,"og_image_height":null,"og_image_custom_url":null,"og_image_custom_fields":null,"og_video":null,"og_custom_url":null,"og_article_section":null,"og_article_tags":null,"twitter_use_og":false,"twitter_card":"default","twitter_image_type":"default","twitter_image_url":null,"twitter_image_custom_url":null,"twitter_image_custom_fields":null,"twitter_title":null,"twitter_description":null,"schema":{"blockGraphs":[],"customGraphs":[],"default":{"data":{"Article":[],"Course":[],"Dataset":[],"FAQPage":[],"Movie":[],"Person":[],"Product":[],"ProductReview":[],"Car":[],"Recipe":[],"Service":[],"SoftwareApplication":[],"WebPage":[]},"graphName":"","isEnabled":true},"graphs":[]},"schema_type":"default","schema_type_options":null,"pillar_content":false,"robots_default":true,"robots_noindex":false,"robots_noarchive":false,"robots_nosnippet":false,"robots_nofollow":false,"robots_noimageindex":false,"robots_noodp":false,"robots_notranslate":false,"robots_max_snippet":null,"robots_max_videopreview":null,"robots_max_imagepreview":"large","priority":null,"frequency":null,"local_seo":null,"breadcrumb_settings":null,"limit_modified_date":false,"ai":null,"created":"2025-08-16 18:24:33","updated":"2025-08-16 18:24:33","focus_keyword":null,"additional_keywords":null,"truseo_locale":null,"seo_analyzer_scan_date":null},"aioseo_breadcrumb":"<div class=\"aioseo-breadcrumbs\"><span class=\"aioseo-breadcrumb\">\n\t\t\t<a href=\"https:\/\/anoticiaonline.com.br\/site\" title=\"Home\">Home<\/a>\n\t\t<\/span><span class=\"aioseo-breadcrumb-separator\">&raquo;<\/span><span class=\"aioseo-breadcrumb\">\n\t\t\t<a href=\"https:\/\/anoticiaonline.com.br\/site\/categoria\/colunistas\/\" title=\"Colunistas\">Colunistas<\/a>\n\t\t<\/span><span class=\"aioseo-breadcrumb-separator\">&raquo;<\/span><span class=\"aioseo-breadcrumb\">\n\t\t\t<a href=\"https:\/\/anoticiaonline.com.br\/site\/categoria\/colunistas\/politica-e-atualidades-francisco-laviola\/\" title=\"Pol\u00edtica e Atualidades - Francisco Laviola\">Pol\u00edtica e Atualidades - Francisco Laviola<\/a>\n\t\t<\/span><span class=\"aioseo-breadcrumb-separator\">&raquo;<\/span><span class=\"aioseo-breadcrumb\">\n\t\t\tO pa\u00eds das incertezas\n\t\t<\/span><\/div>","aioseo_breadcrumb_json":[{"label":"Home","link":"https:\/\/anoticiaonline.com.br\/site"},{"label":"Colunistas","link":"https:\/\/anoticiaonline.com.br\/site\/categoria\/colunistas\/"},{"label":"Pol\u00edtica e Atualidades - Francisco Laviola","link":"https:\/\/anoticiaonline.com.br\/site\/categoria\/colunistas\/politica-e-atualidades-francisco-laviola\/"},{"label":"O pa\u00eds das incertezas","link":"https:\/\/anoticiaonline.com.br\/site\/o-pais-das-incertezas\/"}],"views":140,"_links":{"self":[{"href":"https:\/\/anoticiaonline.com.br\/site\/wp-json\/wp\/v2\/posts\/30465","targetHints":{"allow":["GET"]}}],"collection":[{"href":"https:\/\/anoticiaonline.com.br\/site\/wp-json\/wp\/v2\/posts"}],"about":[{"href":"https:\/\/anoticiaonline.com.br\/site\/wp-json\/wp\/v2\/types\/post"}],"author":[{"embeddable":true,"href":"https:\/\/anoticiaonline.com.br\/site\/wp-json\/wp\/v2\/users\/2"}],"replies":[{"embeddable":true,"href":"https:\/\/anoticiaonline.com.br\/site\/wp-json\/wp\/v2\/comments?post=30465"}],"version-history":[{"count":0,"href":"https:\/\/anoticiaonline.com.br\/site\/wp-json\/wp\/v2\/posts\/30465\/revisions"}],"wp:attachment":[{"href":"https:\/\/anoticiaonline.com.br\/site\/wp-json\/wp\/v2\/media?parent=30465"}],"wp:term":[{"taxonomy":"category","embeddable":true,"href":"https:\/\/anoticiaonline.com.br\/site\/wp-json\/wp\/v2\/categories?post=30465"},{"taxonomy":"post_tag","embeddable":true,"href":"https:\/\/anoticiaonline.com.br\/site\/wp-json\/wp\/v2\/tags?post=30465"}],"curies":[{"name":"wp","href":"https:\/\/api.w.org\/{rel}","templated":true}]}}