{"id":30234,"date":"2017-05-19T08:00:36","date_gmt":"2017-05-19T11:00:36","guid":{"rendered":"http:\/\/anoticiaonline.com.br\/site\/?p=30234"},"modified":"2017-06-22T20:25:42","modified_gmt":"2017-06-22T23:25:42","slug":"delegacia-seccional-do-conselho-regional-de-contabilidade-entrega-carteira-de-identidade-profissional-para-mais-quatro-contadores","status":"publish","type":"post","link":"https:\/\/anoticiaonline.com.br\/site\/delegacia-seccional-do-conselho-regional-de-contabilidade-entrega-carteira-de-identidade-profissional-para-mais-quatro-contadores\/","title":{"rendered":"Delegacia Seccional do Conselho Regional de Contabilidade entrega Carteira de Identidade Profissional para mais quatro Contadores"},"content":{"rendered":"<p><a href=\"https:\/\/anoticiaonline.com.br\/site\/wp-content\/uploads\/2017\/05\/DSC_2527.jpg\"><img fetchpriority=\"high\" decoding=\"async\" class=\" size-medium wp-image-30235 alignleft\" src=\"https:\/\/anoticiaonline.com.br\/site\/wp-content\/uploads\/2017\/05\/DSC_2527-300x199.jpg\" alt=\"DSC_2527\" width=\"300\" height=\"199\" srcset=\"https:\/\/anoticiaonline.com.br\/site\/wp-content\/uploads\/2017\/05\/DSC_2527-300x199.jpg 300w, https:\/\/anoticiaonline.com.br\/site\/wp-content\/uploads\/2017\/05\/DSC_2527.jpg 640w\" sizes=\"(max-width: 300px) 100vw, 300px\" \/><\/a>Mais quatro Contadores de Muria\u00e9 receberam a Carteira de Identidade Profissional, ap\u00f3s serem aprovados no Exame de Sufici\u00eancia. A entrega do documento foi realizada pelo Delegado da Seccional de Muria\u00e9 do Conselho Regional de Contabilidade (CRC), Luis Dagnoni, na noite de ter\u00e7a-feira (16), na LMD Sistemas.<\/p>\n<p>Essa solenidade significa o in\u00edcio da carreira do profissional na \u00e1rea cont\u00e1bil. O registro no CRC \u00e9 a legaliza\u00e7\u00e3o para o exerc\u00edcio da profiss\u00e3o, comprovando que aquele profissional est\u00e1 qualificado e apto para exercer de forma \u00e9tica e competente a Contabilidade. Sem o registro, um t\u00e9cnico ou Contador n\u00e3o se diferencia no mercado e dentro da pr\u00f3pria classe.<\/p>\n<p>Os contadores Luiz Fernando Morais Silva (CRC-MG 118.637\/O), Daniel Felipe Andrade Coelho (CRC-MG 118.708\/O), Alan Pereira da Mata (CRC-MG 118.862\/O) e Thayanna Aguiar Vargas (CRC-MG 118.575\/O) comemoram a conquista do registro profissional.<\/p>\n<p>O Delegado da Delegacia Seccional de Muria\u00e9 do Conselho Regional de Contabilidade (CRC), o contador Luis Dagnoni, afirma que \u00e9 com \u201cgrande satisfa\u00e7\u00e3o\u201d que entrega a Carteira Profissional para os novos Contadores. Durante a cerim\u00f4nia, Luis Dagnoni tamb\u00e9m frisou sobre responsabilidade em exercerem a Contabilidade com \u00e9tica, honestidade e profissionalismo, ap\u00f3s receberem a Carteira Profissional.<\/p>\n<p>\u201cSempre ficamos muito felizes em representar o Conselho Regional de Contabilidade em um momento t\u00e3o importante para esses novos profissionais. Estamos aqui para dar todo o suporte que os novos Contadores precisarem. Oferecemos v\u00e1rios cursos de atualiza\u00e7\u00e3o e palestras. Esperamos que todos os novos profissionais tenham respeito, n\u00e3o s\u00f3 com o colega, mas, principalmente, com o cliente\u201d, diz ele, que tem 53 anos de profiss\u00e3o.<\/p>\n<p><strong>GALERIA DE FOTOS:<\/strong><\/p>\n<p><img decoding=\"async\" class=\"ngg_displayed_gallery mceItem\" src=\"https:\/\/anoticiaonline.com.br\/site\/nextgen-attach_to_post\/preview\/id--30256\" alt=\"\" \/><\/p>\n","protected":false},"excerpt":{"rendered":"<p>Mais quatro Contadores de Muria\u00e9 receberam a Carteira de Identidade Profissional, ap\u00f3s serem aprovados no Exame de Sufici\u00eancia. A entrega do documento foi realizada pelo Delegado da Seccional de Muria\u00e9 do Conselho Regional de Contabilidade (CRC), Luis Dagnoni, na noite de ter\u00e7a-feira (16), na LMD Sistemas. Essa solenidade significa o in\u00edcio da carreira do profissional &#8230; <a title=\"Delegacia Seccional do Conselho Regional de Contabilidade entrega Carteira de Identidade Profissional para mais quatro Contadores\" class=\"read-more\" href=\"https:\/\/anoticiaonline.com.br\/site\/delegacia-seccional-do-conselho-regional-de-contabilidade-entrega-carteira-de-identidade-profissional-para-mais-quatro-contadores\/\" aria-label=\"Read more about Delegacia Seccional do Conselho Regional de Contabilidade entrega Carteira de Identidade Profissional para mais quatro Contadores\">Ler mais<\/a><\/p>\n","protected":false},"author":2,"featured_media":30235,"comment_status":"open","ping_status":"open","sticky":false,"template":"","format":"standard","meta":{"_acf_changed":false,"_monsterinsights_skip_tracking":false,"footnotes":""},"categories":[24],"tags":[272,271,273,3],"class_list":["post-30234","post","type-post","status-publish","format-standard","has-post-thumbnail","hentry","category-eventos","tag-conselho-regional","tag-contabilidade","tag-novos-contadores","tag-slide"],"acf":[],"aioseo_notices":[],"aioseo_head":"\n\t\t<!-- All in One SEO 5.0.0.1 - aioseo.com -->\n\t<meta name=\"description\" content=\"Mais quatro Contadores de Muria\u00e9 receberam a Carteira de Identidade Profissional, ap\u00f3s serem aprovados no Exame de Sufici\u00eancia. A entrega do documento foi realizada pelo Delegado da Seccional de Muria\u00e9 do Conselho Regional de Contabilidade (CRC), Luis Dagnoni, na noite de ter\u00e7a-feira (16), na LMD Sistemas. Essa solenidade significa o in\u00edcio da carreira do profissional\" \/>\n\t<meta name=\"robots\" content=\"max-image-preview:large\" \/>\n\t<meta name=\"author\" content=\"Juliana Laviola\"\/>\n\t<link rel=\"canonical\" href=\"https:\/\/anoticiaonline.com.br\/site\/delegacia-seccional-do-conselho-regional-de-contabilidade-entrega-carteira-de-identidade-profissional-para-mais-quatro-contadores\/\" \/>\n\t<meta name=\"generator\" content=\"All in One SEO (AIOSEO) 5.0.0.1\" \/>\n\t\t<meta property=\"og:locale\" content=\"pt_BR\" \/>\n\t\t<meta property=\"og:site_name\" content=\"A Not\u00edcia Online - Noticias de Muria\u00e9 e regi\u00e3o\" \/>\n\t\t<meta property=\"og:type\" content=\"article\" \/>\n\t\t<meta property=\"og:title\" content=\"Delegacia Seccional do Conselho Regional de Contabilidade entrega Carteira de Identidade Profissional para mais quatro Contadores - A Not\u00edcia Online\" \/>\n\t\t<meta property=\"og:description\" content=\"Mais quatro Contadores de Muria\u00e9 receberam a Carteira de Identidade Profissional, ap\u00f3s serem aprovados no Exame de Sufici\u00eancia. A entrega do documento foi realizada pelo Delegado da Seccional de Muria\u00e9 do Conselho Regional de Contabilidade (CRC), Luis Dagnoni, na noite de ter\u00e7a-feira (16), na LMD Sistemas. Essa solenidade significa o in\u00edcio da carreira do profissional\" \/>\n\t\t<meta property=\"og:url\" content=\"https:\/\/anoticiaonline.com.br\/site\/delegacia-seccional-do-conselho-regional-de-contabilidade-entrega-carteira-de-identidade-profissional-para-mais-quatro-contadores\/\" \/>\n\t\t<meta property=\"og:image\" content=\"https:\/\/scontent-gig4-1.xx.fbcdn.net\/v\/t39.30808-1\/270437624_4564083193639691_6907940295614233970_n.jpg?stp=dst-jpg_s200x200_tt6&#038;_nc_cat=111&#038;ccb=1-7&#038;_nc_sid=f907e8&#038;_nc_ohc=SM1wRlP3lJwQ7kNvwEPuBYA&#038;_nc_oc=AdnqrjDN_BNjSSHWO-GbkIWH6fkGMLw4bqvL_NH6e2wMveX7G-rP2dAqsDSq1mJMOaY&#038;_nc_zt=24&#038;_nc_ht=scontent-gig4-1.xx&#038;_nc_gid=AoBFJeGrT1hVaew_6rchkQ&#038;oh=00_AfX7QmFGhQhG2jAllVgXCiM1ZrWgvtp80-Bfppyexh1QEg&#038;oe=689E923C\" \/>\n\t\t<meta property=\"og:image:secure_url\" content=\"https:\/\/scontent-gig4-1.xx.fbcdn.net\/v\/t39.30808-1\/270437624_4564083193639691_6907940295614233970_n.jpg?stp=dst-jpg_s200x200_tt6&#038;_nc_cat=111&#038;ccb=1-7&#038;_nc_sid=f907e8&#038;_nc_ohc=SM1wRlP3lJwQ7kNvwEPuBYA&#038;_nc_oc=AdnqrjDN_BNjSSHWO-GbkIWH6fkGMLw4bqvL_NH6e2wMveX7G-rP2dAqsDSq1mJMOaY&#038;_nc_zt=24&#038;_nc_ht=scontent-gig4-1.xx&#038;_nc_gid=AoBFJeGrT1hVaew_6rchkQ&#038;oh=00_AfX7QmFGhQhG2jAllVgXCiM1ZrWgvtp80-Bfppyexh1QEg&#038;oe=689E923C\" \/>\n\t\t<meta property=\"article:published_time\" content=\"2017-05-19T11:00:36+00:00\" \/>\n\t\t<meta property=\"article:modified_time\" content=\"2017-06-22T23:25:42+00:00\" \/>\n\t\t<meta name=\"twitter:card\" content=\"summary_large_image\" \/>\n\t\t<meta name=\"twitter:title\" content=\"Delegacia Seccional do Conselho Regional de Contabilidade entrega Carteira de Identidade Profissional para mais quatro Contadores - A Not\u00edcia Online\" \/>\n\t\t<meta name=\"twitter:description\" content=\"Mais quatro Contadores de Muria\u00e9 receberam a Carteira de Identidade Profissional, ap\u00f3s serem aprovados no Exame de Sufici\u00eancia. A entrega do documento foi realizada pelo Delegado da Seccional de Muria\u00e9 do Conselho Regional de Contabilidade (CRC), Luis Dagnoni, na noite de ter\u00e7a-feira (16), na LMD Sistemas. Essa solenidade significa o in\u00edcio da carreira do profissional\" \/>\n\t\t<meta name=\"twitter:image\" content=\"https:\/\/scontent-gig4-1.xx.fbcdn.net\/v\/t39.30808-1\/270437624_4564083193639691_6907940295614233970_n.jpg?stp=dst-jpg_s200x200_tt6&amp;_nc_cat=111&amp;ccb=1-7&amp;_nc_sid=f907e8&amp;_nc_ohc=SM1wRlP3lJwQ7kNvwEPuBYA&amp;_nc_oc=AdnqrjDN_BNjSSHWO-GbkIWH6fkGMLw4bqvL_NH6e2wMveX7G-rP2dAqsDSq1mJMOaY&amp;_nc_zt=24&amp;_nc_ht=scontent-gig4-1.xx&amp;_nc_gid=AoBFJeGrT1hVaew_6rchkQ&amp;oh=00_AfX7QmFGhQhG2jAllVgXCiM1ZrWgvtp80-Bfppyexh1QEg&amp;oe=689E923C\" \/>\n\t\t<script type=\"application\/ld+json\" class=\"aioseo-schema\">\n\t\t\t{\"@context\":\"https:\\\/\\\/schema.org\",\"@graph\":[{\"@type\":\"BlogPosting\",\"@id\":\"https:\\\/\\\/anoticiaonline.com.br\\\/site\\\/delegacia-seccional-do-conselho-regional-de-contabilidade-entrega-carteira-de-identidade-profissional-para-mais-quatro-contadores\\\/#blogposting\",\"name\":\"Delegacia Seccional do Conselho Regional de Contabilidade entrega Carteira de Identidade Profissional para mais quatro Contadores - A Not\\u00edcia Online\",\"headline\":\"Delegacia Seccional do Conselho Regional de Contabilidade entrega Carteira de Identidade Profissional para mais quatro Contadores\",\"author\":{\"@id\":\"https:\\\/\\\/anoticiaonline.com.br\\\/site\\\/author\\\/juliana\\\/#author\"},\"publisher\":{\"@id\":\"https:\\\/\\\/anoticiaonline.com.br\\\/site\\\/#organization\"},\"image\":{\"@type\":\"ImageObject\",\"url\":\"https:\\\/\\\/anoticiaonline.com.br\\\/site\\\/wp-content\\\/uploads\\\/2017\\\/05\\\/DSC_2527.jpg\",\"width\":640,\"height\":424},\"datePublished\":\"2017-05-19T08:00:36-03:00\",\"dateModified\":\"2017-06-22T20:25:42-03:00\",\"inLanguage\":\"pt-BR\",\"mainEntityOfPage\":{\"@id\":\"https:\\\/\\\/anoticiaonline.com.br\\\/site\\\/delegacia-seccional-do-conselho-regional-de-contabilidade-entrega-carteira-de-identidade-profissional-para-mais-quatro-contadores\\\/#webpage\"},\"isPartOf\":{\"@id\":\"https:\\\/\\\/anoticiaonline.com.br\\\/site\\\/delegacia-seccional-do-conselho-regional-de-contabilidade-entrega-carteira-de-identidade-profissional-para-mais-quatro-contadores\\\/#webpage\"},\"articleSection\":\"Eventos, conselho regional, contabilidade, novos contadores, slide\"},{\"@type\":\"BreadcrumbList\",\"@id\":\"https:\\\/\\\/anoticiaonline.com.br\\\/site\\\/delegacia-seccional-do-conselho-regional-de-contabilidade-entrega-carteira-de-identidade-profissional-para-mais-quatro-contadores\\\/#breadcrumblist\",\"itemListElement\":[{\"@type\":\"ListItem\",\"@id\":\"https:\\\/\\\/anoticiaonline.com.br\\\/site#listItem\",\"position\":1,\"name\":\"Home\",\"item\":\"https:\\\/\\\/anoticiaonline.com.br\\\/site\",\"nextItem\":{\"@type\":\"ListItem\",\"@id\":\"https:\\\/\\\/anoticiaonline.com.br\\\/site\\\/categoria\\\/eventos\\\/#listItem\",\"name\":\"Eventos\"}},{\"@type\":\"ListItem\",\"@id\":\"https:\\\/\\\/anoticiaonline.com.br\\\/site\\\/categoria\\\/eventos\\\/#listItem\",\"position\":2,\"name\":\"Eventos\",\"item\":\"https:\\\/\\\/anoticiaonline.com.br\\\/site\\\/categoria\\\/eventos\\\/\",\"nextItem\":{\"@type\":\"ListItem\",\"@id\":\"https:\\\/\\\/anoticiaonline.com.br\\\/site\\\/delegacia-seccional-do-conselho-regional-de-contabilidade-entrega-carteira-de-identidade-profissional-para-mais-quatro-contadores\\\/#listItem\",\"name\":\"Delegacia Seccional do Conselho Regional de Contabilidade entrega Carteira de Identidade Profissional para mais quatro Contadores\"},\"previousItem\":{\"@type\":\"ListItem\",\"@id\":\"https:\\\/\\\/anoticiaonline.com.br\\\/site#listItem\",\"name\":\"Home\"}},{\"@type\":\"ListItem\",\"@id\":\"https:\\\/\\\/anoticiaonline.com.br\\\/site\\\/delegacia-seccional-do-conselho-regional-de-contabilidade-entrega-carteira-de-identidade-profissional-para-mais-quatro-contadores\\\/#listItem\",\"position\":3,\"name\":\"Delegacia Seccional do Conselho Regional de Contabilidade entrega Carteira de Identidade Profissional para mais quatro Contadores\",\"previousItem\":{\"@type\":\"ListItem\",\"@id\":\"https:\\\/\\\/anoticiaonline.com.br\\\/site\\\/categoria\\\/eventos\\\/#listItem\",\"name\":\"Eventos\"}}]},{\"@type\":\"Organization\",\"@id\":\"https:\\\/\\\/anoticiaonline.com.br\\\/site\\\/#organization\",\"name\":\"A Not\\u00edcia Online\",\"description\":\"Noticias de Muria\\u00e9 e regi\\u00e3o\",\"url\":\"https:\\\/\\\/anoticiaonline.com.br\\\/site\\\/\",\"logo\":{\"@type\":\"ImageObject\",\"url\":\"https:\\\/\\\/scontent-gig4-1.xx.fbcdn.net\\\/v\\\/t39.30808-1\\\/270437624_4564083193639691_6907940295614233970_n.jpg?stp=dst-jpg_s200x200_tt6&_nc_cat=111&ccb=1-7&_nc_sid=f907e8&_nc_ohc=SM1wRlP3lJwQ7kNvwEPuBYA&_nc_oc=AdnqrjDN_BNjSSHWO-GbkIWH6fkGMLw4bqvL_NH6e2wMveX7G-rP2dAqsDSq1mJMOaY&_nc_zt=24&_nc_ht=scontent-gig4-1.xx&_nc_gid=AoBFJeGrT1hVaew_6rchkQ&oh=00_AfX7QmFGhQhG2jAllVgXCiM1ZrWgvtp80-Bfppyexh1QEg&oe=689E923C\",\"@id\":\"https:\\\/\\\/anoticiaonline.com.br\\\/site\\\/delegacia-seccional-do-conselho-regional-de-contabilidade-entrega-carteira-de-identidade-profissional-para-mais-quatro-contadores\\\/#organizationLogo\"},\"image\":{\"@id\":\"https:\\\/\\\/anoticiaonline.com.br\\\/site\\\/delegacia-seccional-do-conselho-regional-de-contabilidade-entrega-carteira-de-identidade-profissional-para-mais-quatro-contadores\\\/#organizationLogo\"}},{\"@type\":\"Person\",\"@id\":\"https:\\\/\\\/anoticiaonline.com.br\\\/site\\\/author\\\/juliana\\\/#author\",\"url\":\"https:\\\/\\\/anoticiaonline.com.br\\\/site\\\/author\\\/juliana\\\/\",\"name\":\"Juliana Laviola\",\"image\":{\"@type\":\"ImageObject\",\"@id\":\"https:\\\/\\\/anoticiaonline.com.br\\\/site\\\/delegacia-seccional-do-conselho-regional-de-contabilidade-entrega-carteira-de-identidade-profissional-para-mais-quatro-contadores\\\/#authorImage\",\"url\":\"https:\\\/\\\/secure.gravatar.com\\\/avatar\\\/b8d45f5c699b100dfaf0e543582f38f38bf94cb7ae3a5e9abf8d891a34773335?s=96&d=mm&r=g\",\"width\":96,\"height\":96,\"caption\":\"Juliana Laviola\"}},{\"@type\":\"WebPage\",\"@id\":\"https:\\\/\\\/anoticiaonline.com.br\\\/site\\\/delegacia-seccional-do-conselho-regional-de-contabilidade-entrega-carteira-de-identidade-profissional-para-mais-quatro-contadores\\\/#webpage\",\"url\":\"https:\\\/\\\/anoticiaonline.com.br\\\/site\\\/delegacia-seccional-do-conselho-regional-de-contabilidade-entrega-carteira-de-identidade-profissional-para-mais-quatro-contadores\\\/\",\"name\":\"Delegacia Seccional do Conselho Regional de Contabilidade entrega Carteira de Identidade Profissional para mais quatro Contadores - A Not\\u00edcia Online\",\"description\":\"Mais quatro Contadores de Muria\\u00e9 receberam a Carteira de Identidade Profissional, ap\\u00f3s serem aprovados no Exame de Sufici\\u00eancia. A entrega do documento foi realizada pelo Delegado da Seccional de Muria\\u00e9 do Conselho Regional de Contabilidade (CRC), Luis Dagnoni, na noite de ter\\u00e7a-feira (16), na LMD Sistemas. Essa solenidade significa o in\\u00edcio da carreira do profissional\",\"inLanguage\":\"pt-BR\",\"isPartOf\":{\"@id\":\"https:\\\/\\\/anoticiaonline.com.br\\\/site\\\/#website\"},\"breadcrumb\":{\"@id\":\"https:\\\/\\\/anoticiaonline.com.br\\\/site\\\/delegacia-seccional-do-conselho-regional-de-contabilidade-entrega-carteira-de-identidade-profissional-para-mais-quatro-contadores\\\/#breadcrumblist\"},\"author\":{\"@id\":\"https:\\\/\\\/anoticiaonline.com.br\\\/site\\\/author\\\/juliana\\\/#author\"},\"creator\":{\"@id\":\"https:\\\/\\\/anoticiaonline.com.br\\\/site\\\/author\\\/juliana\\\/#author\"},\"image\":{\"@type\":\"ImageObject\",\"url\":\"https:\\\/\\\/anoticiaonline.com.br\\\/site\\\/wp-content\\\/uploads\\\/2017\\\/05\\\/DSC_2527.jpg\",\"@id\":\"https:\\\/\\\/anoticiaonline.com.br\\\/site\\\/delegacia-seccional-do-conselho-regional-de-contabilidade-entrega-carteira-de-identidade-profissional-para-mais-quatro-contadores\\\/#mainImage\",\"width\":640,\"height\":424},\"primaryImageOfPage\":{\"@id\":\"https:\\\/\\\/anoticiaonline.com.br\\\/site\\\/delegacia-seccional-do-conselho-regional-de-contabilidade-entrega-carteira-de-identidade-profissional-para-mais-quatro-contadores\\\/#mainImage\"},\"datePublished\":\"2017-05-19T08:00:36-03:00\",\"dateModified\":\"2017-06-22T20:25:42-03:00\"},{\"@type\":\"WebSite\",\"@id\":\"https:\\\/\\\/anoticiaonline.com.br\\\/site\\\/#website\",\"url\":\"https:\\\/\\\/anoticiaonline.com.br\\\/site\\\/\",\"name\":\"A Not\\u00edcia Online\",\"description\":\"Noticias de Muria\\u00e9 e regi\\u00e3o\",\"inLanguage\":\"pt-BR\",\"publisher\":{\"@id\":\"https:\\\/\\\/anoticiaonline.com.br\\\/site\\\/#organization\"}}]}\n\t\t<\/script>\n\t\t<!-- All in One SEO -->\n\n","aioseo_head_json":{"title":"Delegacia Seccional do Conselho Regional de Contabilidade entrega Carteira de Identidade Profissional para mais quatro Contadores - A Not\u00edcia Online","description":"Mais quatro Contadores de Muria\u00e9 receberam a Carteira de Identidade Profissional, ap\u00f3s serem aprovados no Exame de Sufici\u00eancia. A entrega do documento foi realizada pelo Delegado da Seccional de Muria\u00e9 do Conselho Regional de Contabilidade (CRC), Luis Dagnoni, na noite de ter\u00e7a-feira (16), na LMD Sistemas. Essa solenidade significa o in\u00edcio da carreira do profissional","canonical_url":"https:\/\/anoticiaonline.com.br\/site\/delegacia-seccional-do-conselho-regional-de-contabilidade-entrega-carteira-de-identidade-profissional-para-mais-quatro-contadores\/","robots":"max-image-preview:large","keywords":"","webmasterTools":{"miscellaneous":""},"schema":{"@context":"https:\/\/schema.org","@graph":[{"@type":"BlogPosting","@id":"https:\/\/anoticiaonline.com.br\/site\/delegacia-seccional-do-conselho-regional-de-contabilidade-entrega-carteira-de-identidade-profissional-para-mais-quatro-contadores\/#blogposting","name":"Delegacia Seccional do Conselho Regional de Contabilidade entrega Carteira de Identidade Profissional para mais quatro Contadores - A Not\u00edcia Online","headline":"Delegacia Seccional do Conselho Regional de Contabilidade entrega Carteira de Identidade Profissional para mais quatro Contadores","author":{"@id":"https:\/\/anoticiaonline.com.br\/site\/author\/juliana\/#author"},"publisher":{"@id":"https:\/\/anoticiaonline.com.br\/site\/#organization"},"image":{"@type":"ImageObject","url":"https:\/\/anoticiaonline.com.br\/site\/wp-content\/uploads\/2017\/05\/DSC_2527.jpg","width":640,"height":424},"datePublished":"2017-05-19T08:00:36-03:00","dateModified":"2017-06-22T20:25:42-03:00","inLanguage":"pt-BR","mainEntityOfPage":{"@id":"https:\/\/anoticiaonline.com.br\/site\/delegacia-seccional-do-conselho-regional-de-contabilidade-entrega-carteira-de-identidade-profissional-para-mais-quatro-contadores\/#webpage"},"isPartOf":{"@id":"https:\/\/anoticiaonline.com.br\/site\/delegacia-seccional-do-conselho-regional-de-contabilidade-entrega-carteira-de-identidade-profissional-para-mais-quatro-contadores\/#webpage"},"articleSection":"Eventos, conselho regional, contabilidade, novos contadores, slide"},{"@type":"BreadcrumbList","@id":"https:\/\/anoticiaonline.com.br\/site\/delegacia-seccional-do-conselho-regional-de-contabilidade-entrega-carteira-de-identidade-profissional-para-mais-quatro-contadores\/#breadcrumblist","itemListElement":[{"@type":"ListItem","@id":"https:\/\/anoticiaonline.com.br\/site#listItem","position":1,"name":"Home","item":"https:\/\/anoticiaonline.com.br\/site","nextItem":{"@type":"ListItem","@id":"https:\/\/anoticiaonline.com.br\/site\/categoria\/eventos\/#listItem","name":"Eventos"}},{"@type":"ListItem","@id":"https:\/\/anoticiaonline.com.br\/site\/categoria\/eventos\/#listItem","position":2,"name":"Eventos","item":"https:\/\/anoticiaonline.com.br\/site\/categoria\/eventos\/","nextItem":{"@type":"ListItem","@id":"https:\/\/anoticiaonline.com.br\/site\/delegacia-seccional-do-conselho-regional-de-contabilidade-entrega-carteira-de-identidade-profissional-para-mais-quatro-contadores\/#listItem","name":"Delegacia Seccional do Conselho Regional de Contabilidade entrega Carteira de Identidade Profissional para mais quatro Contadores"},"previousItem":{"@type":"ListItem","@id":"https:\/\/anoticiaonline.com.br\/site#listItem","name":"Home"}},{"@type":"ListItem","@id":"https:\/\/anoticiaonline.com.br\/site\/delegacia-seccional-do-conselho-regional-de-contabilidade-entrega-carteira-de-identidade-profissional-para-mais-quatro-contadores\/#listItem","position":3,"name":"Delegacia Seccional do Conselho Regional de Contabilidade entrega Carteira de Identidade Profissional para mais quatro Contadores","previousItem":{"@type":"ListItem","@id":"https:\/\/anoticiaonline.com.br\/site\/categoria\/eventos\/#listItem","name":"Eventos"}}]},{"@type":"Organization","@id":"https:\/\/anoticiaonline.com.br\/site\/#organization","name":"A Not\u00edcia Online","description":"Noticias de Muria\u00e9 e regi\u00e3o","url":"https:\/\/anoticiaonline.com.br\/site\/","logo":{"@type":"ImageObject","url":"https:\/\/scontent-gig4-1.xx.fbcdn.net\/v\/t39.30808-1\/270437624_4564083193639691_6907940295614233970_n.jpg?stp=dst-jpg_s200x200_tt6&_nc_cat=111&ccb=1-7&_nc_sid=f907e8&_nc_ohc=SM1wRlP3lJwQ7kNvwEPuBYA&_nc_oc=AdnqrjDN_BNjSSHWO-GbkIWH6fkGMLw4bqvL_NH6e2wMveX7G-rP2dAqsDSq1mJMOaY&_nc_zt=24&_nc_ht=scontent-gig4-1.xx&_nc_gid=AoBFJeGrT1hVaew_6rchkQ&oh=00_AfX7QmFGhQhG2jAllVgXCiM1ZrWgvtp80-Bfppyexh1QEg&oe=689E923C","@id":"https:\/\/anoticiaonline.com.br\/site\/delegacia-seccional-do-conselho-regional-de-contabilidade-entrega-carteira-de-identidade-profissional-para-mais-quatro-contadores\/#organizationLogo"},"image":{"@id":"https:\/\/anoticiaonline.com.br\/site\/delegacia-seccional-do-conselho-regional-de-contabilidade-entrega-carteira-de-identidade-profissional-para-mais-quatro-contadores\/#organizationLogo"}},{"@type":"Person","@id":"https:\/\/anoticiaonline.com.br\/site\/author\/juliana\/#author","url":"https:\/\/anoticiaonline.com.br\/site\/author\/juliana\/","name":"Juliana Laviola","image":{"@type":"ImageObject","@id":"https:\/\/anoticiaonline.com.br\/site\/delegacia-seccional-do-conselho-regional-de-contabilidade-entrega-carteira-de-identidade-profissional-para-mais-quatro-contadores\/#authorImage","url":"https:\/\/secure.gravatar.com\/avatar\/b8d45f5c699b100dfaf0e543582f38f38bf94cb7ae3a5e9abf8d891a34773335?s=96&d=mm&r=g","width":96,"height":96,"caption":"Juliana Laviola"}},{"@type":"WebPage","@id":"https:\/\/anoticiaonline.com.br\/site\/delegacia-seccional-do-conselho-regional-de-contabilidade-entrega-carteira-de-identidade-profissional-para-mais-quatro-contadores\/#webpage","url":"https:\/\/anoticiaonline.com.br\/site\/delegacia-seccional-do-conselho-regional-de-contabilidade-entrega-carteira-de-identidade-profissional-para-mais-quatro-contadores\/","name":"Delegacia Seccional do Conselho Regional de Contabilidade entrega Carteira de Identidade Profissional para mais quatro Contadores - A Not\u00edcia Online","description":"Mais quatro Contadores de Muria\u00e9 receberam a Carteira de Identidade Profissional, ap\u00f3s serem aprovados no Exame de Sufici\u00eancia. A entrega do documento foi realizada pelo Delegado da Seccional de Muria\u00e9 do Conselho Regional de Contabilidade (CRC), Luis Dagnoni, na noite de ter\u00e7a-feira (16), na LMD Sistemas. Essa solenidade significa o in\u00edcio da carreira do profissional","inLanguage":"pt-BR","isPartOf":{"@id":"https:\/\/anoticiaonline.com.br\/site\/#website"},"breadcrumb":{"@id":"https:\/\/anoticiaonline.com.br\/site\/delegacia-seccional-do-conselho-regional-de-contabilidade-entrega-carteira-de-identidade-profissional-para-mais-quatro-contadores\/#breadcrumblist"},"author":{"@id":"https:\/\/anoticiaonline.com.br\/site\/author\/juliana\/#author"},"creator":{"@id":"https:\/\/anoticiaonline.com.br\/site\/author\/juliana\/#author"},"image":{"@type":"ImageObject","url":"https:\/\/anoticiaonline.com.br\/site\/wp-content\/uploads\/2017\/05\/DSC_2527.jpg","@id":"https:\/\/anoticiaonline.com.br\/site\/delegacia-seccional-do-conselho-regional-de-contabilidade-entrega-carteira-de-identidade-profissional-para-mais-quatro-contadores\/#mainImage","width":640,"height":424},"primaryImageOfPage":{"@id":"https:\/\/anoticiaonline.com.br\/site\/delegacia-seccional-do-conselho-regional-de-contabilidade-entrega-carteira-de-identidade-profissional-para-mais-quatro-contadores\/#mainImage"},"datePublished":"2017-05-19T08:00:36-03:00","dateModified":"2017-06-22T20:25:42-03:00"},{"@type":"WebSite","@id":"https:\/\/anoticiaonline.com.br\/site\/#website","url":"https:\/\/anoticiaonline.com.br\/site\/","name":"A Not\u00edcia Online","description":"Noticias de Muria\u00e9 e regi\u00e3o","inLanguage":"pt-BR","publisher":{"@id":"https:\/\/anoticiaonline.com.br\/site\/#organization"}}]},"og:locale":"pt_BR","og:site_name":"A Not\u00edcia Online - Noticias de Muria\u00e9 e regi\u00e3o","og:type":"article","og:title":"Delegacia Seccional do Conselho Regional de Contabilidade entrega Carteira de Identidade Profissional para mais quatro Contadores - A Not\u00edcia Online","og:description":"Mais quatro Contadores de Muria\u00e9 receberam a Carteira de Identidade Profissional, ap\u00f3s serem aprovados no Exame de Sufici\u00eancia. A entrega do documento foi realizada pelo Delegado da Seccional de Muria\u00e9 do Conselho Regional de Contabilidade (CRC), Luis Dagnoni, na noite de ter\u00e7a-feira (16), na LMD Sistemas. Essa solenidade significa o in\u00edcio da carreira do profissional","og:url":"https:\/\/anoticiaonline.com.br\/site\/delegacia-seccional-do-conselho-regional-de-contabilidade-entrega-carteira-de-identidade-profissional-para-mais-quatro-contadores\/","og:image":"https:\/\/scontent-gig4-1.xx.fbcdn.net\/v\/t39.30808-1\/270437624_4564083193639691_6907940295614233970_n.jpg?stp=dst-jpg_s200x200_tt6&#038;_nc_cat=111&#038;ccb=1-7&#038;_nc_sid=f907e8&#038;_nc_ohc=SM1wRlP3lJwQ7kNvwEPuBYA&#038;_nc_oc=AdnqrjDN_BNjSSHWO-GbkIWH6fkGMLw4bqvL_NH6e2wMveX7G-rP2dAqsDSq1mJMOaY&#038;_nc_zt=24&#038;_nc_ht=scontent-gig4-1.xx&#038;_nc_gid=AoBFJeGrT1hVaew_6rchkQ&#038;oh=00_AfX7QmFGhQhG2jAllVgXCiM1ZrWgvtp80-Bfppyexh1QEg&#038;oe=689E923C","og:image:secure_url":"https:\/\/scontent-gig4-1.xx.fbcdn.net\/v\/t39.30808-1\/270437624_4564083193639691_6907940295614233970_n.jpg?stp=dst-jpg_s200x200_tt6&#038;_nc_cat=111&#038;ccb=1-7&#038;_nc_sid=f907e8&#038;_nc_ohc=SM1wRlP3lJwQ7kNvwEPuBYA&#038;_nc_oc=AdnqrjDN_BNjSSHWO-GbkIWH6fkGMLw4bqvL_NH6e2wMveX7G-rP2dAqsDSq1mJMOaY&#038;_nc_zt=24&#038;_nc_ht=scontent-gig4-1.xx&#038;_nc_gid=AoBFJeGrT1hVaew_6rchkQ&#038;oh=00_AfX7QmFGhQhG2jAllVgXCiM1ZrWgvtp80-Bfppyexh1QEg&#038;oe=689E923C","article:published_time":"2017-05-19T11:00:36+00:00","article:modified_time":"2017-06-22T23:25:42+00:00","twitter:card":"summary_large_image","twitter:title":"Delegacia Seccional do Conselho Regional de Contabilidade entrega Carteira de Identidade Profissional para mais quatro Contadores - A Not\u00edcia Online","twitter:description":"Mais quatro Contadores de Muria\u00e9 receberam a Carteira de Identidade Profissional, ap\u00f3s serem aprovados no Exame de Sufici\u00eancia. A entrega do documento foi realizada pelo Delegado da Seccional de Muria\u00e9 do Conselho Regional de Contabilidade (CRC), Luis Dagnoni, na noite de ter\u00e7a-feira (16), na LMD Sistemas. Essa solenidade significa o in\u00edcio da carreira do profissional","twitter:image":"https:\/\/scontent-gig4-1.xx.fbcdn.net\/v\/t39.30808-1\/270437624_4564083193639691_6907940295614233970_n.jpg?stp=dst-jpg_s200x200_tt6&_nc_cat=111&ccb=1-7&_nc_sid=f907e8&_nc_ohc=SM1wRlP3lJwQ7kNvwEPuBYA&_nc_oc=AdnqrjDN_BNjSSHWO-GbkIWH6fkGMLw4bqvL_NH6e2wMveX7G-rP2dAqsDSq1mJMOaY&_nc_zt=24&_nc_ht=scontent-gig4-1.xx&_nc_gid=AoBFJeGrT1hVaew_6rchkQ&oh=00_AfX7QmFGhQhG2jAllVgXCiM1ZrWgvtp80-Bfppyexh1QEg&oe=689E923C"},"aioseo_meta_data":{"post_id":"30234","title":null,"description":null,"keywords":null,"keyphrases":null,"primary_term":null,"canonical_url":null,"og_title":null,"og_description":null,"og_object_type":"default","og_image_type":"default","og_image_url":null,"og_image_width":null,"og_image_height":null,"og_image_custom_url":null,"og_image_custom_fields":null,"og_video":null,"og_custom_url":null,"og_article_section":null,"og_article_tags":null,"twitter_use_og":false,"twitter_card":"default","twitter_image_type":"default","twitter_image_url":null,"twitter_image_custom_url":null,"twitter_image_custom_fields":null,"twitter_title":null,"twitter_description":null,"schema":{"blockGraphs":[],"customGraphs":[],"default":{"data":{"Article":[],"Course":[],"Dataset":[],"FAQPage":[],"Movie":[],"Person":[],"Product":[],"ProductReview":[],"Car":[],"Recipe":[],"Service":[],"SoftwareApplication":[],"WebPage":[]},"graphName":"","isEnabled":true},"graphs":[]},"schema_type":"default","schema_type_options":null,"pillar_content":false,"robots_default":true,"robots_noindex":false,"robots_noarchive":false,"robots_nosnippet":false,"robots_nofollow":false,"robots_noimageindex":false,"robots_noodp":false,"robots_notranslate":false,"robots_max_snippet":null,"robots_max_videopreview":null,"robots_max_imagepreview":"large","priority":null,"frequency":null,"local_seo":null,"breadcrumb_settings":null,"limit_modified_date":false,"ai":null,"created":"2025-08-16 18:24:33","updated":"2025-08-16 18:24:33","focus_keyword":null,"additional_keywords":null,"truseo_locale":null,"seo_analyzer_scan_date":null},"aioseo_breadcrumb":"<div class=\"aioseo-breadcrumbs\"><span class=\"aioseo-breadcrumb\">\n\t\t\t<a href=\"https:\/\/anoticiaonline.com.br\/site\" title=\"Home\">Home<\/a>\n\t\t<\/span><span class=\"aioseo-breadcrumb-separator\">&raquo;<\/span><span class=\"aioseo-breadcrumb\">\n\t\t\t<a href=\"https:\/\/anoticiaonline.com.br\/site\/categoria\/eventos\/\" title=\"Eventos\">Eventos<\/a>\n\t\t<\/span><span class=\"aioseo-breadcrumb-separator\">&raquo;<\/span><span class=\"aioseo-breadcrumb\">\n\t\t\tDelegacia Seccional do Conselho Regional de Contabilidade entrega Carteira de Identidade Profissional para mais quatro Contadores\n\t\t<\/span><\/div>","aioseo_breadcrumb_json":[{"label":"Home","link":"https:\/\/anoticiaonline.com.br\/site"},{"label":"Eventos","link":"https:\/\/anoticiaonline.com.br\/site\/categoria\/eventos\/"},{"label":"Delegacia Seccional do Conselho Regional de Contabilidade entrega Carteira de Identidade Profissional para mais quatro Contadores","link":"https:\/\/anoticiaonline.com.br\/site\/delegacia-seccional-do-conselho-regional-de-contabilidade-entrega-carteira-de-identidade-profissional-para-mais-quatro-contadores\/"}],"views":194,"_links":{"self":[{"href":"https:\/\/anoticiaonline.com.br\/site\/wp-json\/wp\/v2\/posts\/30234","targetHints":{"allow":["GET"]}}],"collection":[{"href":"https:\/\/anoticiaonline.com.br\/site\/wp-json\/wp\/v2\/posts"}],"about":[{"href":"https:\/\/anoticiaonline.com.br\/site\/wp-json\/wp\/v2\/types\/post"}],"author":[{"embeddable":true,"href":"https:\/\/anoticiaonline.com.br\/site\/wp-json\/wp\/v2\/users\/2"}],"replies":[{"embeddable":true,"href":"https:\/\/anoticiaonline.com.br\/site\/wp-json\/wp\/v2\/comments?post=30234"}],"version-history":[{"count":0,"href":"https:\/\/anoticiaonline.com.br\/site\/wp-json\/wp\/v2\/posts\/30234\/revisions"}],"wp:featuredmedia":[{"embeddable":true,"href":"https:\/\/anoticiaonline.com.br\/site\/wp-json\/wp\/v2\/media\/30235"}],"wp:attachment":[{"href":"https:\/\/anoticiaonline.com.br\/site\/wp-json\/wp\/v2\/media?parent=30234"}],"wp:term":[{"taxonomy":"category","embeddable":true,"href":"https:\/\/anoticiaonline.com.br\/site\/wp-json\/wp\/v2\/categories?post=30234"},{"taxonomy":"post_tag","embeddable":true,"href":"https:\/\/anoticiaonline.com.br\/site\/wp-json\/wp\/v2\/tags?post=30234"}],"curies":[{"name":"wp","href":"https:\/\/api.w.org\/{rel}","templated":true}]}}