{"id":30203,"date":"2017-05-18T14:38:32","date_gmt":"2017-05-18T17:38:32","guid":{"rendered":"http:\/\/anoticiaonline.com.br\/site\/?p=30203"},"modified":"2017-06-22T20:27:39","modified_gmt":"2017-06-22T23:27:39","slug":"poliana-botelho-grava-documentario-em-muriae","status":"publish","type":"post","link":"https:\/\/anoticiaonline.com.br\/site\/poliana-botelho-grava-documentario-em-muriae\/","title":{"rendered":"Poliana Botelho grava document\u00e1rio em Muria\u00e9"},"content":{"rendered":"<figure id=\"attachment_30204\" aria-describedby=\"caption-attachment-30204\" style=\"width: 290px\" class=\"wp-caption alignleft\"><a href=\"https:\/\/anoticiaonline.com.br\/site\/wp-content\/uploads\/2017\/05\/DSC_2300.jpg\"><img fetchpriority=\"high\" decoding=\"async\" class=\"wp-image-30204 size-medium\" src=\"https:\/\/anoticiaonline.com.br\/site\/wp-content\/uploads\/2017\/05\/DSC_2300-300x228.jpg\" alt=\"DSC_2300\" width=\"300\" height=\"228\" srcset=\"https:\/\/anoticiaonline.com.br\/site\/wp-content\/uploads\/2017\/05\/DSC_2300-300x228.jpg 300w, https:\/\/anoticiaonline.com.br\/site\/wp-content\/uploads\/2017\/05\/DSC_2300.jpg 640w\" sizes=\"(max-width: 300px) 100vw, 300px\" \/><\/a><figcaption id=\"caption-attachment-30204\" class=\"wp-caption-text\">Um dos locais escolhidos para as grava\u00e7\u00f5es foi a Escola S\u00e3o Paulo<\/figcaption><\/figure>\n<p>A lutadora do UFC, a muriaeense Poliana Botelho, foi escolhida para ser uma das entrevistadas de um document\u00e1rio que conta a trajet\u00f3ria de vida de oito lutadores at\u00e9 chegarem ao Ultimate. Um dos locais escolhidos para as grava\u00e7\u00f5es foi a Escola S\u00e3o Paulo, onde Poliana estudou como bolsista da quarta s\u00e9rie do Ensino Fundamental ao primeiro ano do Ensino M\u00e9dio.<\/p>\n<p>A grava\u00e7\u00e3o aconteceu na manh\u00e3 da \u00faltima sexta-feira (12). A primeira entrevista foi realizada em frente \u00e0 escola. Em um bate-papo com o fot\u00f3grafo Andr\u00e9 Anchell, Poliana contou como foi sua experi\u00eancia de trabalhar com a fotografia. Antes de Poliana se tornar atleta, ela foi colega de profiss\u00e3o de Andr\u00e9 (hoje seu fot\u00f3grafo particular) em uma empresa do segmento da cidade. Depois, j\u00e1 na parte interna, foi a vez de Poliana relembrar seus momentos de escola. Ela visitou a sala em que estudou e bateu um papo com as crian\u00e7as no p\u00e1tio, revivendo cenas de sua inf\u00e2ncia. A atleta tamb\u00e9m ganhou um cintur\u00e3o simb\u00f3lico de campe\u00e3, confeccionado pela pr\u00f3pria equipe da institui\u00e7\u00e3o.<\/p>\n<p>\u201cPara n\u00f3s, da Escola S\u00e3o Paulo, \u00e9 motivo de muita alegria e orgulho recebermos a grava\u00e7\u00e3o do document\u00e1rio que conta a trajet\u00f3ria da nossa ex-aluna Poliana Botelho, a qual p\u00f4de reviver momentos marcantes em sala de aula e frequentando os mesmos espa\u00e7os. Estou muito feliz pelos produtores terem escolhido a escola para a loca\u00e7\u00e3o dessa s\u00e9rie interessante tendo como refer\u00eancia a nossa ex-aluna\u201d, afirma o diretor, professor Nicodemos Couto, que acompanhou de perto as filmagens.<\/p>\n<p>\u00c0 tarde, as grava\u00e7\u00f5es aconteceram em um clube da cidade onde Poliana trabalhou com o pai, o empres\u00e1rio Fernando, em um bar. Tamb\u00e9m foram realizadas loca\u00e7\u00f5es com a fam\u00edlia da atleta.<\/p>\n<p>A s\u00e9rie de oito filmes com oito lutadores que s\u00e3o promessa do UFC est\u00e1 sendo produzida pela Academia de Filmes e ser\u00e1 transmitida pelo Canal Combate. A data de exibi\u00e7\u00e3o ainda n\u00e3o foi divulgada, assim como tamb\u00e9m n\u00e3o foi definido o nome da s\u00e9rie, que poder\u00e1 se chamar \u201cLuta da vida\u201d ou \u201cFuturos campe\u00f5es\u201d.<\/p>\n<p>\u201cPara mim, \u00e9 muito gratificante ver que o meu trabalho est\u00e1 dando certo, que entre muitos lutadores e lutadoras, de mulher, somente eu e a J\u00e9ssica Batstaka [outra atleta do UFC] fomos escolhidas para participar das grava\u00e7\u00f5es. No Brasil h\u00e1 muitas lutadoras, mas eles me escolheram e escolheram a J\u00e9ssica. Isso me deixa muito feliz, pois \u00e9 a resposta do meu trabalho, de tudo o que tenho feito\u201d, conta ela, que diz aguardar \u201cansiosamente\u201d por sua estreia no UFC.<\/p>\n<p><strong>GALERIA DE FOTOS:<\/strong><\/p>\n<p><img decoding=\"async\" class=\"ngg_displayed_gallery mceItem\" src=\"https:\/\/anoticiaonline.com.br\/site\/nextgen-attach_to_post\/preview\/id--30231\" alt=\"\" \/><\/p>\n","protected":false},"excerpt":{"rendered":"<p>A lutadora do UFC, a muriaeense Poliana Botelho, foi escolhida para ser uma das entrevistadas de um document\u00e1rio que conta a trajet\u00f3ria de vida de oito lutadores at\u00e9 chegarem ao Ultimate. Um dos locais escolhidos para as grava\u00e7\u00f5es foi a Escola S\u00e3o Paulo, onde Poliana estudou como bolsista da quarta s\u00e9rie do Ensino Fundamental ao &#8230; <a title=\"Poliana Botelho grava document\u00e1rio em Muria\u00e9\" class=\"read-more\" href=\"https:\/\/anoticiaonline.com.br\/site\/poliana-botelho-grava-documentario-em-muriae\/\" aria-label=\"Read more about Poliana Botelho grava document\u00e1rio em Muria\u00e9\">Ler mais<\/a><\/p>\n","protected":false},"author":2,"featured_media":30204,"comment_status":"open","ping_status":"open","sticky":false,"template":"","format":"standard","meta":{"_acf_changed":false,"_monsterinsights_skip_tracking":false,"footnotes":""},"categories":[30],"tags":[286,284,74,283,3,285],"class_list":["post-30203","post","type-post","status-publish","format-standard","has-post-thumbnail","hentry","category-muriae","tag-documentario","tag-mma","tag-muriae","tag-policiana-botelho","tag-slide","tag-ufc"],"acf":[],"aioseo_notices":[],"aioseo_head":"\n\t\t<!-- All in One SEO 5.0.0.1 - aioseo.com -->\n\t<meta name=\"description\" content=\"A lutadora do UFC, a muriaeense Poliana Botelho, foi escolhida para ser uma das entrevistadas de um document\u00e1rio que conta a trajet\u00f3ria de vida de oito lutadores at\u00e9 chegarem ao Ultimate. Um dos locais escolhidos para as grava\u00e7\u00f5es foi a Escola S\u00e3o Paulo, onde Poliana estudou como bolsista da quarta s\u00e9rie do Ensino Fundamental ao\" \/>\n\t<meta name=\"robots\" content=\"max-image-preview:large\" \/>\n\t<meta name=\"author\" content=\"Juliana Laviola\"\/>\n\t<link rel=\"canonical\" href=\"https:\/\/anoticiaonline.com.br\/site\/poliana-botelho-grava-documentario-em-muriae\/\" \/>\n\t<meta name=\"generator\" content=\"All in One SEO (AIOSEO) 5.0.0.1\" \/>\n\t\t<meta property=\"og:locale\" content=\"pt_BR\" \/>\n\t\t<meta property=\"og:site_name\" content=\"A Not\u00edcia Online - Noticias de Muria\u00e9 e regi\u00e3o\" \/>\n\t\t<meta property=\"og:type\" content=\"article\" \/>\n\t\t<meta property=\"og:title\" content=\"Poliana Botelho grava document\u00e1rio em Muria\u00e9 - A Not\u00edcia Online\" \/>\n\t\t<meta property=\"og:description\" content=\"A lutadora do UFC, a muriaeense Poliana Botelho, foi escolhida para ser uma das entrevistadas de um document\u00e1rio que conta a trajet\u00f3ria de vida de oito lutadores at\u00e9 chegarem ao Ultimate. Um dos locais escolhidos para as grava\u00e7\u00f5es foi a Escola S\u00e3o Paulo, onde Poliana estudou como bolsista da quarta s\u00e9rie do Ensino Fundamental ao\" \/>\n\t\t<meta property=\"og:url\" content=\"https:\/\/anoticiaonline.com.br\/site\/poliana-botelho-grava-documentario-em-muriae\/\" \/>\n\t\t<meta property=\"og:image\" content=\"https:\/\/scontent-gig4-1.xx.fbcdn.net\/v\/t39.30808-1\/270437624_4564083193639691_6907940295614233970_n.jpg?stp=dst-jpg_s200x200_tt6&#038;_nc_cat=111&#038;ccb=1-7&#038;_nc_sid=f907e8&#038;_nc_ohc=SM1wRlP3lJwQ7kNvwEPuBYA&#038;_nc_oc=AdnqrjDN_BNjSSHWO-GbkIWH6fkGMLw4bqvL_NH6e2wMveX7G-rP2dAqsDSq1mJMOaY&#038;_nc_zt=24&#038;_nc_ht=scontent-gig4-1.xx&#038;_nc_gid=AoBFJeGrT1hVaew_6rchkQ&#038;oh=00_AfX7QmFGhQhG2jAllVgXCiM1ZrWgvtp80-Bfppyexh1QEg&#038;oe=689E923C\" \/>\n\t\t<meta property=\"og:image:secure_url\" content=\"https:\/\/scontent-gig4-1.xx.fbcdn.net\/v\/t39.30808-1\/270437624_4564083193639691_6907940295614233970_n.jpg?stp=dst-jpg_s200x200_tt6&#038;_nc_cat=111&#038;ccb=1-7&#038;_nc_sid=f907e8&#038;_nc_ohc=SM1wRlP3lJwQ7kNvwEPuBYA&#038;_nc_oc=AdnqrjDN_BNjSSHWO-GbkIWH6fkGMLw4bqvL_NH6e2wMveX7G-rP2dAqsDSq1mJMOaY&#038;_nc_zt=24&#038;_nc_ht=scontent-gig4-1.xx&#038;_nc_gid=AoBFJeGrT1hVaew_6rchkQ&#038;oh=00_AfX7QmFGhQhG2jAllVgXCiM1ZrWgvtp80-Bfppyexh1QEg&#038;oe=689E923C\" \/>\n\t\t<meta property=\"article:published_time\" content=\"2017-05-18T17:38:32+00:00\" \/>\n\t\t<meta property=\"article:modified_time\" content=\"2017-06-22T23:27:39+00:00\" \/>\n\t\t<meta name=\"twitter:card\" content=\"summary_large_image\" \/>\n\t\t<meta name=\"twitter:title\" content=\"Poliana Botelho grava document\u00e1rio em Muria\u00e9 - A Not\u00edcia Online\" \/>\n\t\t<meta name=\"twitter:description\" content=\"A lutadora do UFC, a muriaeense Poliana Botelho, foi escolhida para ser uma das entrevistadas de um document\u00e1rio que conta a trajet\u00f3ria de vida de oito lutadores at\u00e9 chegarem ao Ultimate. Um dos locais escolhidos para as grava\u00e7\u00f5es foi a Escola S\u00e3o Paulo, onde Poliana estudou como bolsista da quarta s\u00e9rie do Ensino Fundamental ao\" \/>\n\t\t<meta name=\"twitter:image\" content=\"https:\/\/scontent-gig4-1.xx.fbcdn.net\/v\/t39.30808-1\/270437624_4564083193639691_6907940295614233970_n.jpg?stp=dst-jpg_s200x200_tt6&amp;_nc_cat=111&amp;ccb=1-7&amp;_nc_sid=f907e8&amp;_nc_ohc=SM1wRlP3lJwQ7kNvwEPuBYA&amp;_nc_oc=AdnqrjDN_BNjSSHWO-GbkIWH6fkGMLw4bqvL_NH6e2wMveX7G-rP2dAqsDSq1mJMOaY&amp;_nc_zt=24&amp;_nc_ht=scontent-gig4-1.xx&amp;_nc_gid=AoBFJeGrT1hVaew_6rchkQ&amp;oh=00_AfX7QmFGhQhG2jAllVgXCiM1ZrWgvtp80-Bfppyexh1QEg&amp;oe=689E923C\" \/>\n\t\t<script type=\"application\/ld+json\" class=\"aioseo-schema\">\n\t\t\t{\"@context\":\"https:\\\/\\\/schema.org\",\"@graph\":[{\"@type\":\"BlogPosting\",\"@id\":\"https:\\\/\\\/anoticiaonline.com.br\\\/site\\\/poliana-botelho-grava-documentario-em-muriae\\\/#blogposting\",\"name\":\"Poliana Botelho grava document\\u00e1rio em Muria\\u00e9 - A Not\\u00edcia Online\",\"headline\":\"Poliana Botelho grava document\\u00e1rio em Muria\\u00e9\",\"author\":{\"@id\":\"https:\\\/\\\/anoticiaonline.com.br\\\/site\\\/author\\\/juliana\\\/#author\"},\"publisher\":{\"@id\":\"https:\\\/\\\/anoticiaonline.com.br\\\/site\\\/#organization\"},\"image\":{\"@type\":\"ImageObject\",\"url\":\"https:\\\/\\\/anoticiaonline.com.br\\\/site\\\/wp-content\\\/uploads\\\/2017\\\/05\\\/DSC_2300.jpg\",\"width\":640,\"height\":486},\"datePublished\":\"2017-05-18T14:38:32-03:00\",\"dateModified\":\"2017-06-22T20:27:39-03:00\",\"inLanguage\":\"pt-BR\",\"mainEntityOfPage\":{\"@id\":\"https:\\\/\\\/anoticiaonline.com.br\\\/site\\\/poliana-botelho-grava-documentario-em-muriae\\\/#webpage\"},\"isPartOf\":{\"@id\":\"https:\\\/\\\/anoticiaonline.com.br\\\/site\\\/poliana-botelho-grava-documentario-em-muriae\\\/#webpage\"},\"articleSection\":\"Blog, document\\u00e1rio, mma, Muria\\u00e9, policiana botelho, slide, ufc\"},{\"@type\":\"BreadcrumbList\",\"@id\":\"https:\\\/\\\/anoticiaonline.com.br\\\/site\\\/poliana-botelho-grava-documentario-em-muriae\\\/#breadcrumblist\",\"itemListElement\":[{\"@type\":\"ListItem\",\"@id\":\"https:\\\/\\\/anoticiaonline.com.br\\\/site#listItem\",\"position\":1,\"name\":\"Home\",\"item\":\"https:\\\/\\\/anoticiaonline.com.br\\\/site\",\"nextItem\":{\"@type\":\"ListItem\",\"@id\":\"https:\\\/\\\/anoticiaonline.com.br\\\/site\\\/categoria\\\/muriae\\\/#listItem\",\"name\":\"Blog\"}},{\"@type\":\"ListItem\",\"@id\":\"https:\\\/\\\/anoticiaonline.com.br\\\/site\\\/categoria\\\/muriae\\\/#listItem\",\"position\":2,\"name\":\"Blog\",\"item\":\"https:\\\/\\\/anoticiaonline.com.br\\\/site\\\/categoria\\\/muriae\\\/\",\"nextItem\":{\"@type\":\"ListItem\",\"@id\":\"https:\\\/\\\/anoticiaonline.com.br\\\/site\\\/poliana-botelho-grava-documentario-em-muriae\\\/#listItem\",\"name\":\"Poliana Botelho grava document\\u00e1rio em Muria\\u00e9\"},\"previousItem\":{\"@type\":\"ListItem\",\"@id\":\"https:\\\/\\\/anoticiaonline.com.br\\\/site#listItem\",\"name\":\"Home\"}},{\"@type\":\"ListItem\",\"@id\":\"https:\\\/\\\/anoticiaonline.com.br\\\/site\\\/poliana-botelho-grava-documentario-em-muriae\\\/#listItem\",\"position\":3,\"name\":\"Poliana Botelho grava document\\u00e1rio em Muria\\u00e9\",\"previousItem\":{\"@type\":\"ListItem\",\"@id\":\"https:\\\/\\\/anoticiaonline.com.br\\\/site\\\/categoria\\\/muriae\\\/#listItem\",\"name\":\"Blog\"}}]},{\"@type\":\"Organization\",\"@id\":\"https:\\\/\\\/anoticiaonline.com.br\\\/site\\\/#organization\",\"name\":\"A Not\\u00edcia Online\",\"description\":\"Noticias de Muria\\u00e9 e regi\\u00e3o\",\"url\":\"https:\\\/\\\/anoticiaonline.com.br\\\/site\\\/\",\"logo\":{\"@type\":\"ImageObject\",\"url\":\"https:\\\/\\\/scontent-gig4-1.xx.fbcdn.net\\\/v\\\/t39.30808-1\\\/270437624_4564083193639691_6907940295614233970_n.jpg?stp=dst-jpg_s200x200_tt6&_nc_cat=111&ccb=1-7&_nc_sid=f907e8&_nc_ohc=SM1wRlP3lJwQ7kNvwEPuBYA&_nc_oc=AdnqrjDN_BNjSSHWO-GbkIWH6fkGMLw4bqvL_NH6e2wMveX7G-rP2dAqsDSq1mJMOaY&_nc_zt=24&_nc_ht=scontent-gig4-1.xx&_nc_gid=AoBFJeGrT1hVaew_6rchkQ&oh=00_AfX7QmFGhQhG2jAllVgXCiM1ZrWgvtp80-Bfppyexh1QEg&oe=689E923C\",\"@id\":\"https:\\\/\\\/anoticiaonline.com.br\\\/site\\\/poliana-botelho-grava-documentario-em-muriae\\\/#organizationLogo\"},\"image\":{\"@id\":\"https:\\\/\\\/anoticiaonline.com.br\\\/site\\\/poliana-botelho-grava-documentario-em-muriae\\\/#organizationLogo\"}},{\"@type\":\"Person\",\"@id\":\"https:\\\/\\\/anoticiaonline.com.br\\\/site\\\/author\\\/juliana\\\/#author\",\"url\":\"https:\\\/\\\/anoticiaonline.com.br\\\/site\\\/author\\\/juliana\\\/\",\"name\":\"Juliana Laviola\",\"image\":{\"@type\":\"ImageObject\",\"@id\":\"https:\\\/\\\/anoticiaonline.com.br\\\/site\\\/poliana-botelho-grava-documentario-em-muriae\\\/#authorImage\",\"url\":\"https:\\\/\\\/secure.gravatar.com\\\/avatar\\\/b8d45f5c699b100dfaf0e543582f38f38bf94cb7ae3a5e9abf8d891a34773335?s=96&d=mm&r=g\",\"width\":96,\"height\":96,\"caption\":\"Juliana Laviola\"}},{\"@type\":\"WebPage\",\"@id\":\"https:\\\/\\\/anoticiaonline.com.br\\\/site\\\/poliana-botelho-grava-documentario-em-muriae\\\/#webpage\",\"url\":\"https:\\\/\\\/anoticiaonline.com.br\\\/site\\\/poliana-botelho-grava-documentario-em-muriae\\\/\",\"name\":\"Poliana Botelho grava document\\u00e1rio em Muria\\u00e9 - A Not\\u00edcia Online\",\"description\":\"A lutadora do UFC, a muriaeense Poliana Botelho, foi escolhida para ser uma das entrevistadas de um document\\u00e1rio que conta a trajet\\u00f3ria de vida de oito lutadores at\\u00e9 chegarem ao Ultimate. Um dos locais escolhidos para as grava\\u00e7\\u00f5es foi a Escola S\\u00e3o Paulo, onde Poliana estudou como bolsista da quarta s\\u00e9rie do Ensino Fundamental ao\",\"inLanguage\":\"pt-BR\",\"isPartOf\":{\"@id\":\"https:\\\/\\\/anoticiaonline.com.br\\\/site\\\/#website\"},\"breadcrumb\":{\"@id\":\"https:\\\/\\\/anoticiaonline.com.br\\\/site\\\/poliana-botelho-grava-documentario-em-muriae\\\/#breadcrumblist\"},\"author\":{\"@id\":\"https:\\\/\\\/anoticiaonline.com.br\\\/site\\\/author\\\/juliana\\\/#author\"},\"creator\":{\"@id\":\"https:\\\/\\\/anoticiaonline.com.br\\\/site\\\/author\\\/juliana\\\/#author\"},\"image\":{\"@type\":\"ImageObject\",\"url\":\"https:\\\/\\\/anoticiaonline.com.br\\\/site\\\/wp-content\\\/uploads\\\/2017\\\/05\\\/DSC_2300.jpg\",\"@id\":\"https:\\\/\\\/anoticiaonline.com.br\\\/site\\\/poliana-botelho-grava-documentario-em-muriae\\\/#mainImage\",\"width\":640,\"height\":486},\"primaryImageOfPage\":{\"@id\":\"https:\\\/\\\/anoticiaonline.com.br\\\/site\\\/poliana-botelho-grava-documentario-em-muriae\\\/#mainImage\"},\"datePublished\":\"2017-05-18T14:38:32-03:00\",\"dateModified\":\"2017-06-22T20:27:39-03:00\"},{\"@type\":\"WebSite\",\"@id\":\"https:\\\/\\\/anoticiaonline.com.br\\\/site\\\/#website\",\"url\":\"https:\\\/\\\/anoticiaonline.com.br\\\/site\\\/\",\"name\":\"A Not\\u00edcia Online\",\"description\":\"Noticias de Muria\\u00e9 e regi\\u00e3o\",\"inLanguage\":\"pt-BR\",\"publisher\":{\"@id\":\"https:\\\/\\\/anoticiaonline.com.br\\\/site\\\/#organization\"}}]}\n\t\t<\/script>\n\t\t<!-- All in One SEO -->\n\n","aioseo_head_json":{"title":"Poliana Botelho grava document\u00e1rio em Muria\u00e9 - A Not\u00edcia Online","description":"A lutadora do UFC, a muriaeense Poliana Botelho, foi escolhida para ser uma das entrevistadas de um document\u00e1rio que conta a trajet\u00f3ria de vida de oito lutadores at\u00e9 chegarem ao Ultimate. Um dos locais escolhidos para as grava\u00e7\u00f5es foi a Escola S\u00e3o Paulo, onde Poliana estudou como bolsista da quarta s\u00e9rie do Ensino Fundamental ao","canonical_url":"https:\/\/anoticiaonline.com.br\/site\/poliana-botelho-grava-documentario-em-muriae\/","robots":"max-image-preview:large","keywords":"","webmasterTools":{"miscellaneous":""},"schema":{"@context":"https:\/\/schema.org","@graph":[{"@type":"BlogPosting","@id":"https:\/\/anoticiaonline.com.br\/site\/poliana-botelho-grava-documentario-em-muriae\/#blogposting","name":"Poliana Botelho grava document\u00e1rio em Muria\u00e9 - A Not\u00edcia Online","headline":"Poliana Botelho grava document\u00e1rio em Muria\u00e9","author":{"@id":"https:\/\/anoticiaonline.com.br\/site\/author\/juliana\/#author"},"publisher":{"@id":"https:\/\/anoticiaonline.com.br\/site\/#organization"},"image":{"@type":"ImageObject","url":"https:\/\/anoticiaonline.com.br\/site\/wp-content\/uploads\/2017\/05\/DSC_2300.jpg","width":640,"height":486},"datePublished":"2017-05-18T14:38:32-03:00","dateModified":"2017-06-22T20:27:39-03:00","inLanguage":"pt-BR","mainEntityOfPage":{"@id":"https:\/\/anoticiaonline.com.br\/site\/poliana-botelho-grava-documentario-em-muriae\/#webpage"},"isPartOf":{"@id":"https:\/\/anoticiaonline.com.br\/site\/poliana-botelho-grava-documentario-em-muriae\/#webpage"},"articleSection":"Blog, document\u00e1rio, mma, Muria\u00e9, policiana botelho, slide, ufc"},{"@type":"BreadcrumbList","@id":"https:\/\/anoticiaonline.com.br\/site\/poliana-botelho-grava-documentario-em-muriae\/#breadcrumblist","itemListElement":[{"@type":"ListItem","@id":"https:\/\/anoticiaonline.com.br\/site#listItem","position":1,"name":"Home","item":"https:\/\/anoticiaonline.com.br\/site","nextItem":{"@type":"ListItem","@id":"https:\/\/anoticiaonline.com.br\/site\/categoria\/muriae\/#listItem","name":"Blog"}},{"@type":"ListItem","@id":"https:\/\/anoticiaonline.com.br\/site\/categoria\/muriae\/#listItem","position":2,"name":"Blog","item":"https:\/\/anoticiaonline.com.br\/site\/categoria\/muriae\/","nextItem":{"@type":"ListItem","@id":"https:\/\/anoticiaonline.com.br\/site\/poliana-botelho-grava-documentario-em-muriae\/#listItem","name":"Poliana Botelho grava document\u00e1rio em Muria\u00e9"},"previousItem":{"@type":"ListItem","@id":"https:\/\/anoticiaonline.com.br\/site#listItem","name":"Home"}},{"@type":"ListItem","@id":"https:\/\/anoticiaonline.com.br\/site\/poliana-botelho-grava-documentario-em-muriae\/#listItem","position":3,"name":"Poliana Botelho grava document\u00e1rio em Muria\u00e9","previousItem":{"@type":"ListItem","@id":"https:\/\/anoticiaonline.com.br\/site\/categoria\/muriae\/#listItem","name":"Blog"}}]},{"@type":"Organization","@id":"https:\/\/anoticiaonline.com.br\/site\/#organization","name":"A Not\u00edcia Online","description":"Noticias de Muria\u00e9 e regi\u00e3o","url":"https:\/\/anoticiaonline.com.br\/site\/","logo":{"@type":"ImageObject","url":"https:\/\/scontent-gig4-1.xx.fbcdn.net\/v\/t39.30808-1\/270437624_4564083193639691_6907940295614233970_n.jpg?stp=dst-jpg_s200x200_tt6&_nc_cat=111&ccb=1-7&_nc_sid=f907e8&_nc_ohc=SM1wRlP3lJwQ7kNvwEPuBYA&_nc_oc=AdnqrjDN_BNjSSHWO-GbkIWH6fkGMLw4bqvL_NH6e2wMveX7G-rP2dAqsDSq1mJMOaY&_nc_zt=24&_nc_ht=scontent-gig4-1.xx&_nc_gid=AoBFJeGrT1hVaew_6rchkQ&oh=00_AfX7QmFGhQhG2jAllVgXCiM1ZrWgvtp80-Bfppyexh1QEg&oe=689E923C","@id":"https:\/\/anoticiaonline.com.br\/site\/poliana-botelho-grava-documentario-em-muriae\/#organizationLogo"},"image":{"@id":"https:\/\/anoticiaonline.com.br\/site\/poliana-botelho-grava-documentario-em-muriae\/#organizationLogo"}},{"@type":"Person","@id":"https:\/\/anoticiaonline.com.br\/site\/author\/juliana\/#author","url":"https:\/\/anoticiaonline.com.br\/site\/author\/juliana\/","name":"Juliana Laviola","image":{"@type":"ImageObject","@id":"https:\/\/anoticiaonline.com.br\/site\/poliana-botelho-grava-documentario-em-muriae\/#authorImage","url":"https:\/\/secure.gravatar.com\/avatar\/b8d45f5c699b100dfaf0e543582f38f38bf94cb7ae3a5e9abf8d891a34773335?s=96&d=mm&r=g","width":96,"height":96,"caption":"Juliana Laviola"}},{"@type":"WebPage","@id":"https:\/\/anoticiaonline.com.br\/site\/poliana-botelho-grava-documentario-em-muriae\/#webpage","url":"https:\/\/anoticiaonline.com.br\/site\/poliana-botelho-grava-documentario-em-muriae\/","name":"Poliana Botelho grava document\u00e1rio em Muria\u00e9 - A Not\u00edcia Online","description":"A lutadora do UFC, a muriaeense Poliana Botelho, foi escolhida para ser uma das entrevistadas de um document\u00e1rio que conta a trajet\u00f3ria de vida de oito lutadores at\u00e9 chegarem ao Ultimate. Um dos locais escolhidos para as grava\u00e7\u00f5es foi a Escola S\u00e3o Paulo, onde Poliana estudou como bolsista da quarta s\u00e9rie do Ensino Fundamental ao","inLanguage":"pt-BR","isPartOf":{"@id":"https:\/\/anoticiaonline.com.br\/site\/#website"},"breadcrumb":{"@id":"https:\/\/anoticiaonline.com.br\/site\/poliana-botelho-grava-documentario-em-muriae\/#breadcrumblist"},"author":{"@id":"https:\/\/anoticiaonline.com.br\/site\/author\/juliana\/#author"},"creator":{"@id":"https:\/\/anoticiaonline.com.br\/site\/author\/juliana\/#author"},"image":{"@type":"ImageObject","url":"https:\/\/anoticiaonline.com.br\/site\/wp-content\/uploads\/2017\/05\/DSC_2300.jpg","@id":"https:\/\/anoticiaonline.com.br\/site\/poliana-botelho-grava-documentario-em-muriae\/#mainImage","width":640,"height":486},"primaryImageOfPage":{"@id":"https:\/\/anoticiaonline.com.br\/site\/poliana-botelho-grava-documentario-em-muriae\/#mainImage"},"datePublished":"2017-05-18T14:38:32-03:00","dateModified":"2017-06-22T20:27:39-03:00"},{"@type":"WebSite","@id":"https:\/\/anoticiaonline.com.br\/site\/#website","url":"https:\/\/anoticiaonline.com.br\/site\/","name":"A Not\u00edcia Online","description":"Noticias de Muria\u00e9 e regi\u00e3o","inLanguage":"pt-BR","publisher":{"@id":"https:\/\/anoticiaonline.com.br\/site\/#organization"}}]},"og:locale":"pt_BR","og:site_name":"A Not\u00edcia Online - Noticias de Muria\u00e9 e regi\u00e3o","og:type":"article","og:title":"Poliana Botelho grava document\u00e1rio em Muria\u00e9 - A Not\u00edcia Online","og:description":"A lutadora do UFC, a muriaeense Poliana Botelho, foi escolhida para ser uma das entrevistadas de um document\u00e1rio que conta a trajet\u00f3ria de vida de oito lutadores at\u00e9 chegarem ao Ultimate. Um dos locais escolhidos para as grava\u00e7\u00f5es foi a Escola S\u00e3o Paulo, onde Poliana estudou como bolsista da quarta s\u00e9rie do Ensino Fundamental ao","og:url":"https:\/\/anoticiaonline.com.br\/site\/poliana-botelho-grava-documentario-em-muriae\/","og:image":"https:\/\/scontent-gig4-1.xx.fbcdn.net\/v\/t39.30808-1\/270437624_4564083193639691_6907940295614233970_n.jpg?stp=dst-jpg_s200x200_tt6&#038;_nc_cat=111&#038;ccb=1-7&#038;_nc_sid=f907e8&#038;_nc_ohc=SM1wRlP3lJwQ7kNvwEPuBYA&#038;_nc_oc=AdnqrjDN_BNjSSHWO-GbkIWH6fkGMLw4bqvL_NH6e2wMveX7G-rP2dAqsDSq1mJMOaY&#038;_nc_zt=24&#038;_nc_ht=scontent-gig4-1.xx&#038;_nc_gid=AoBFJeGrT1hVaew_6rchkQ&#038;oh=00_AfX7QmFGhQhG2jAllVgXCiM1ZrWgvtp80-Bfppyexh1QEg&#038;oe=689E923C","og:image:secure_url":"https:\/\/scontent-gig4-1.xx.fbcdn.net\/v\/t39.30808-1\/270437624_4564083193639691_6907940295614233970_n.jpg?stp=dst-jpg_s200x200_tt6&#038;_nc_cat=111&#038;ccb=1-7&#038;_nc_sid=f907e8&#038;_nc_ohc=SM1wRlP3lJwQ7kNvwEPuBYA&#038;_nc_oc=AdnqrjDN_BNjSSHWO-GbkIWH6fkGMLw4bqvL_NH6e2wMveX7G-rP2dAqsDSq1mJMOaY&#038;_nc_zt=24&#038;_nc_ht=scontent-gig4-1.xx&#038;_nc_gid=AoBFJeGrT1hVaew_6rchkQ&#038;oh=00_AfX7QmFGhQhG2jAllVgXCiM1ZrWgvtp80-Bfppyexh1QEg&#038;oe=689E923C","article:published_time":"2017-05-18T17:38:32+00:00","article:modified_time":"2017-06-22T23:27:39+00:00","twitter:card":"summary_large_image","twitter:title":"Poliana Botelho grava document\u00e1rio em Muria\u00e9 - A Not\u00edcia Online","twitter:description":"A lutadora do UFC, a muriaeense Poliana Botelho, foi escolhida para ser uma das entrevistadas de um document\u00e1rio que conta a trajet\u00f3ria de vida de oito lutadores at\u00e9 chegarem ao Ultimate. Um dos locais escolhidos para as grava\u00e7\u00f5es foi a Escola S\u00e3o Paulo, onde Poliana estudou como bolsista da quarta s\u00e9rie do Ensino Fundamental ao","twitter:image":"https:\/\/scontent-gig4-1.xx.fbcdn.net\/v\/t39.30808-1\/270437624_4564083193639691_6907940295614233970_n.jpg?stp=dst-jpg_s200x200_tt6&_nc_cat=111&ccb=1-7&_nc_sid=f907e8&_nc_ohc=SM1wRlP3lJwQ7kNvwEPuBYA&_nc_oc=AdnqrjDN_BNjSSHWO-GbkIWH6fkGMLw4bqvL_NH6e2wMveX7G-rP2dAqsDSq1mJMOaY&_nc_zt=24&_nc_ht=scontent-gig4-1.xx&_nc_gid=AoBFJeGrT1hVaew_6rchkQ&oh=00_AfX7QmFGhQhG2jAllVgXCiM1ZrWgvtp80-Bfppyexh1QEg&oe=689E923C"},"aioseo_meta_data":{"post_id":"30203","title":null,"description":null,"keywords":null,"keyphrases":null,"primary_term":null,"canonical_url":null,"og_title":null,"og_description":null,"og_object_type":"default","og_image_type":"default","og_image_url":null,"og_image_width":null,"og_image_height":null,"og_image_custom_url":null,"og_image_custom_fields":null,"og_video":null,"og_custom_url":null,"og_article_section":null,"og_article_tags":null,"twitter_use_og":false,"twitter_card":"default","twitter_image_type":"default","twitter_image_url":null,"twitter_image_custom_url":null,"twitter_image_custom_fields":null,"twitter_title":null,"twitter_description":null,"schema":{"blockGraphs":[],"customGraphs":[],"default":{"data":{"Article":[],"Course":[],"Dataset":[],"FAQPage":[],"Movie":[],"Person":[],"Product":[],"ProductReview":[],"Car":[],"Recipe":[],"Service":[],"SoftwareApplication":[],"WebPage":[]},"graphName":"","isEnabled":true},"graphs":[]},"schema_type":"default","schema_type_options":null,"pillar_content":false,"robots_default":true,"robots_noindex":false,"robots_noarchive":false,"robots_nosnippet":false,"robots_nofollow":false,"robots_noimageindex":false,"robots_noodp":false,"robots_notranslate":false,"robots_max_snippet":null,"robots_max_videopreview":null,"robots_max_imagepreview":"large","priority":null,"frequency":null,"local_seo":null,"breadcrumb_settings":null,"limit_modified_date":false,"ai":null,"created":"2025-08-16 18:23:50","updated":"2025-08-16 18:23:50","focus_keyword":null,"additional_keywords":null,"truseo_locale":null,"seo_analyzer_scan_date":null},"aioseo_breadcrumb":"<div class=\"aioseo-breadcrumbs\"><span class=\"aioseo-breadcrumb\">\n\t\t\t<a href=\"https:\/\/anoticiaonline.com.br\/site\" title=\"Home\">Home<\/a>\n\t\t<\/span><span class=\"aioseo-breadcrumb-separator\">&raquo;<\/span><span class=\"aioseo-breadcrumb\">\n\t\t\t<a href=\"https:\/\/anoticiaonline.com.br\/site\/categoria\/muriae\/\" title=\"Blog\">Blog<\/a>\n\t\t<\/span><span class=\"aioseo-breadcrumb-separator\">&raquo;<\/span><span class=\"aioseo-breadcrumb\">\n\t\t\tPoliana Botelho grava document\u00e1rio em Muria\u00e9\n\t\t<\/span><\/div>","aioseo_breadcrumb_json":[{"label":"Home","link":"https:\/\/anoticiaonline.com.br\/site"},{"label":"Blog","link":"https:\/\/anoticiaonline.com.br\/site\/categoria\/muriae\/"},{"label":"Poliana Botelho grava document\u00e1rio em Muria\u00e9","link":"https:\/\/anoticiaonline.com.br\/site\/poliana-botelho-grava-documentario-em-muriae\/"}],"views":158,"_links":{"self":[{"href":"https:\/\/anoticiaonline.com.br\/site\/wp-json\/wp\/v2\/posts\/30203","targetHints":{"allow":["GET"]}}],"collection":[{"href":"https:\/\/anoticiaonline.com.br\/site\/wp-json\/wp\/v2\/posts"}],"about":[{"href":"https:\/\/anoticiaonline.com.br\/site\/wp-json\/wp\/v2\/types\/post"}],"author":[{"embeddable":true,"href":"https:\/\/anoticiaonline.com.br\/site\/wp-json\/wp\/v2\/users\/2"}],"replies":[{"embeddable":true,"href":"https:\/\/anoticiaonline.com.br\/site\/wp-json\/wp\/v2\/comments?post=30203"}],"version-history":[{"count":0,"href":"https:\/\/anoticiaonline.com.br\/site\/wp-json\/wp\/v2\/posts\/30203\/revisions"}],"wp:featuredmedia":[{"embeddable":true,"href":"https:\/\/anoticiaonline.com.br\/site\/wp-json\/wp\/v2\/media\/30204"}],"wp:attachment":[{"href":"https:\/\/anoticiaonline.com.br\/site\/wp-json\/wp\/v2\/media?parent=30203"}],"wp:term":[{"taxonomy":"category","embeddable":true,"href":"https:\/\/anoticiaonline.com.br\/site\/wp-json\/wp\/v2\/categories?post=30203"},{"taxonomy":"post_tag","embeddable":true,"href":"https:\/\/anoticiaonline.com.br\/site\/wp-json\/wp\/v2\/tags?post=30203"}],"curies":[{"name":"wp","href":"https:\/\/api.w.org\/{rel}","templated":true}]}}