{"id":30175,"date":"2017-05-18T14:07:43","date_gmt":"2017-05-18T17:07:43","guid":{"rendered":"http:\/\/anoticiaonline.com.br\/site\/?p=30175"},"modified":"2017-06-22T20:27:54","modified_gmt":"2017-06-22T23:27:54","slug":"supermercado-bazinho-homenageia-as-maes-com-cafe-da-manha-e-entrega-de-rosa","status":"publish","type":"post","link":"https:\/\/anoticiaonline.com.br\/site\/supermercado-bazinho-homenageia-as-maes-com-cafe-da-manha-e-entrega-de-rosa\/","title":{"rendered":"Supermercado Bazinho homenageia as m\u00e3es com caf\u00e9 da manh\u00e3 e entrega de rosa"},"content":{"rendered":"<p><a href=\"https:\/\/anoticiaonline.com.br\/site\/wp-content\/uploads\/2017\/05\/16.jpeg\"><img fetchpriority=\"high\" decoding=\"async\" class=\" size-medium wp-image-30176 alignleft\" src=\"https:\/\/anoticiaonline.com.br\/site\/wp-content\/uploads\/2017\/05\/16-300x225.jpeg\" alt=\"16\" width=\"300\" height=\"225\" srcset=\"https:\/\/anoticiaonline.com.br\/site\/wp-content\/uploads\/2017\/05\/16-300x225.jpeg 300w, https:\/\/anoticiaonline.com.br\/site\/wp-content\/uploads\/2017\/05\/16.jpeg 640w\" sizes=\"(max-width: 300px) 100vw, 300px\" \/><\/a>As mam\u00e3es clientes do Supermercado Bazinho da Barra, Dornelas e Santana foram homenageadas pelo seu dia. Elas foram recebidas com um farto caf\u00e9 da manh\u00e3 de s\u00e1bado (13) e puderam degustar deliciosos bolos, p\u00e3es, biscoitos, suco, frutas, queijo, iogurte, caf\u00e9 e leite, que foram cuidadosamente preparados para elas. Al\u00e9m disso, foram presenteadas com uma rosa.<\/p>\n<p>A comemora\u00e7\u00e3o ao Dia das M\u00e3es no Supermercado Bazinho j\u00e1 \u00e9 tradicional. Iniciada na loja do Dornelas h\u00e1 oito anos, se estendeu tamb\u00e9m para a loja da Barra e da rec\u00e9m-inaugurada loja do Santana. \u201cA nossa festa em comemora\u00e7\u00e3o ao Dia das M\u00e3es \u00e9 tradicional no bairro. Fazemos esse lindo e farto caf\u00e9 da manh\u00e3 para as m\u00e3es com muito carinho. \u00c9 um momento muito especial para n\u00f3s. S\u00f3 temos a agradecer a todas as m\u00e3es do bairro que s\u00e3o nossas clientes, por todo o carinho que t\u00eam por n\u00f3s. Ano que vem vai ter mais e com novidades\u201d, conta o propriet\u00e1rio do Supermercado Bazinho do Dornelas, Escobar Gomes de Souza Neto.<\/p>\n<p>\u201cEsse caf\u00e9 da manh\u00e3 se tornou tradi\u00e7\u00e3o e \u00e9 um sucesso. Esta \u00e9 uma forma de parabenizar as m\u00e3es pelo seu dia, deix\u00e1-las felizes e agradecer a parceria, pois geralmente s\u00e3o elas que v\u00eam ao mercado fazer as compras e que est\u00e3o em contato conosco. Acho que isso \u00e9 o m\u00ednimo que podemos fazer por elas\u201d, diz o propriet\u00e1rio do Supermercado Bazinho do Santana, Igor Godinho de Souza.<\/p>\n<p><strong>GALERIA DE FOTOS:<\/strong><\/p>\n<p><img decoding=\"async\" class=\"ngg_displayed_gallery mceItem\" src=\"https:\/\/anoticiaonline.com.br\/site\/nextgen-attach_to_post\/preview\/id--30201\" alt=\"\" \/><\/p>\n","protected":false},"excerpt":{"rendered":"<p>As mam\u00e3es clientes do Supermercado Bazinho da Barra, Dornelas e Santana foram homenageadas pelo seu dia. Elas foram recebidas com um farto caf\u00e9 da manh\u00e3 de s\u00e1bado (13) e puderam degustar deliciosos bolos, p\u00e3es, biscoitos, suco, frutas, queijo, iogurte, caf\u00e9 e leite, que foram cuidadosamente preparados para elas. Al\u00e9m disso, foram presenteadas com uma rosa. &#8230; <a title=\"Supermercado Bazinho homenageia as m\u00e3es com caf\u00e9 da manh\u00e3 e entrega de rosa\" class=\"read-more\" href=\"https:\/\/anoticiaonline.com.br\/site\/supermercado-bazinho-homenageia-as-maes-com-cafe-da-manha-e-entrega-de-rosa\/\" aria-label=\"Read more about Supermercado Bazinho homenageia as m\u00e3es com caf\u00e9 da manh\u00e3 e entrega de rosa\">Ler mais<\/a><\/p>\n","protected":false},"author":2,"featured_media":30176,"comment_status":"open","ping_status":"open","sticky":false,"template":"","format":"standard","meta":{"_acf_changed":false,"_monsterinsights_skip_tracking":false,"footnotes":""},"categories":[24],"tags":[287,74,3,288],"class_list":["post-30175","post","type-post","status-publish","format-standard","has-post-thumbnail","hentry","category-eventos","tag-bazinho","tag-muriae","tag-slide","tag-supermercado"],"acf":[],"aioseo_notices":[],"aioseo_head":"\n\t\t<!-- All in One SEO 5.0.0.1 - aioseo.com -->\n\t<meta name=\"description\" content=\"As mam\u00e3es clientes do Supermercado Bazinho da Barra, Dornelas e Santana foram homenageadas pelo seu dia. Elas foram recebidas com um farto caf\u00e9 da manh\u00e3 de s\u00e1bado (13) e puderam degustar deliciosos bolos, p\u00e3es, biscoitos, suco, frutas, queijo, iogurte, caf\u00e9 e leite, que foram cuidadosamente preparados para elas. Al\u00e9m disso, foram presenteadas com uma rosa.\" \/>\n\t<meta name=\"robots\" content=\"max-image-preview:large\" \/>\n\t<meta name=\"author\" content=\"Juliana Laviola\"\/>\n\t<link rel=\"canonical\" href=\"https:\/\/anoticiaonline.com.br\/site\/supermercado-bazinho-homenageia-as-maes-com-cafe-da-manha-e-entrega-de-rosa\/\" \/>\n\t<meta name=\"generator\" content=\"All in One SEO (AIOSEO) 5.0.0.1\" \/>\n\t\t<meta property=\"og:locale\" content=\"pt_BR\" \/>\n\t\t<meta property=\"og:site_name\" content=\"A Not\u00edcia Online - Noticias de Muria\u00e9 e regi\u00e3o\" \/>\n\t\t<meta property=\"og:type\" content=\"article\" \/>\n\t\t<meta property=\"og:title\" content=\"Supermercado Bazinho homenageia as m\u00e3es com caf\u00e9 da manh\u00e3 e entrega de rosa - A Not\u00edcia Online\" \/>\n\t\t<meta property=\"og:description\" content=\"As mam\u00e3es clientes do Supermercado Bazinho da Barra, Dornelas e Santana foram homenageadas pelo seu dia. Elas foram recebidas com um farto caf\u00e9 da manh\u00e3 de s\u00e1bado (13) e puderam degustar deliciosos bolos, p\u00e3es, biscoitos, suco, frutas, queijo, iogurte, caf\u00e9 e leite, que foram cuidadosamente preparados para elas. Al\u00e9m disso, foram presenteadas com uma rosa.\" \/>\n\t\t<meta property=\"og:url\" content=\"https:\/\/anoticiaonline.com.br\/site\/supermercado-bazinho-homenageia-as-maes-com-cafe-da-manha-e-entrega-de-rosa\/\" \/>\n\t\t<meta property=\"og:image\" content=\"https:\/\/scontent-gig4-1.xx.fbcdn.net\/v\/t39.30808-1\/270437624_4564083193639691_6907940295614233970_n.jpg?stp=dst-jpg_s200x200_tt6&#038;_nc_cat=111&#038;ccb=1-7&#038;_nc_sid=f907e8&#038;_nc_ohc=SM1wRlP3lJwQ7kNvwEPuBYA&#038;_nc_oc=AdnqrjDN_BNjSSHWO-GbkIWH6fkGMLw4bqvL_NH6e2wMveX7G-rP2dAqsDSq1mJMOaY&#038;_nc_zt=24&#038;_nc_ht=scontent-gig4-1.xx&#038;_nc_gid=AoBFJeGrT1hVaew_6rchkQ&#038;oh=00_AfX7QmFGhQhG2jAllVgXCiM1ZrWgvtp80-Bfppyexh1QEg&#038;oe=689E923C\" \/>\n\t\t<meta property=\"og:image:secure_url\" content=\"https:\/\/scontent-gig4-1.xx.fbcdn.net\/v\/t39.30808-1\/270437624_4564083193639691_6907940295614233970_n.jpg?stp=dst-jpg_s200x200_tt6&#038;_nc_cat=111&#038;ccb=1-7&#038;_nc_sid=f907e8&#038;_nc_ohc=SM1wRlP3lJwQ7kNvwEPuBYA&#038;_nc_oc=AdnqrjDN_BNjSSHWO-GbkIWH6fkGMLw4bqvL_NH6e2wMveX7G-rP2dAqsDSq1mJMOaY&#038;_nc_zt=24&#038;_nc_ht=scontent-gig4-1.xx&#038;_nc_gid=AoBFJeGrT1hVaew_6rchkQ&#038;oh=00_AfX7QmFGhQhG2jAllVgXCiM1ZrWgvtp80-Bfppyexh1QEg&#038;oe=689E923C\" \/>\n\t\t<meta property=\"article:published_time\" content=\"2017-05-18T17:07:43+00:00\" \/>\n\t\t<meta property=\"article:modified_time\" content=\"2017-06-22T23:27:54+00:00\" \/>\n\t\t<meta name=\"twitter:card\" content=\"summary_large_image\" \/>\n\t\t<meta name=\"twitter:title\" content=\"Supermercado Bazinho homenageia as m\u00e3es com caf\u00e9 da manh\u00e3 e entrega de rosa - A Not\u00edcia Online\" \/>\n\t\t<meta name=\"twitter:description\" content=\"As mam\u00e3es clientes do Supermercado Bazinho da Barra, Dornelas e Santana foram homenageadas pelo seu dia. Elas foram recebidas com um farto caf\u00e9 da manh\u00e3 de s\u00e1bado (13) e puderam degustar deliciosos bolos, p\u00e3es, biscoitos, suco, frutas, queijo, iogurte, caf\u00e9 e leite, que foram cuidadosamente preparados para elas. Al\u00e9m disso, foram presenteadas com uma rosa.\" \/>\n\t\t<meta name=\"twitter:image\" content=\"https:\/\/scontent-gig4-1.xx.fbcdn.net\/v\/t39.30808-1\/270437624_4564083193639691_6907940295614233970_n.jpg?stp=dst-jpg_s200x200_tt6&amp;_nc_cat=111&amp;ccb=1-7&amp;_nc_sid=f907e8&amp;_nc_ohc=SM1wRlP3lJwQ7kNvwEPuBYA&amp;_nc_oc=AdnqrjDN_BNjSSHWO-GbkIWH6fkGMLw4bqvL_NH6e2wMveX7G-rP2dAqsDSq1mJMOaY&amp;_nc_zt=24&amp;_nc_ht=scontent-gig4-1.xx&amp;_nc_gid=AoBFJeGrT1hVaew_6rchkQ&amp;oh=00_AfX7QmFGhQhG2jAllVgXCiM1ZrWgvtp80-Bfppyexh1QEg&amp;oe=689E923C\" \/>\n\t\t<script type=\"application\/ld+json\" class=\"aioseo-schema\">\n\t\t\t{\"@context\":\"https:\\\/\\\/schema.org\",\"@graph\":[{\"@type\":\"BlogPosting\",\"@id\":\"https:\\\/\\\/anoticiaonline.com.br\\\/site\\\/supermercado-bazinho-homenageia-as-maes-com-cafe-da-manha-e-entrega-de-rosa\\\/#blogposting\",\"name\":\"Supermercado Bazinho homenageia as m\\u00e3es com caf\\u00e9 da manh\\u00e3 e entrega de rosa - A Not\\u00edcia Online\",\"headline\":\"Supermercado Bazinho homenageia as m\\u00e3es com caf\\u00e9 da manh\\u00e3 e entrega de rosa\",\"author\":{\"@id\":\"https:\\\/\\\/anoticiaonline.com.br\\\/site\\\/author\\\/juliana\\\/#author\"},\"publisher\":{\"@id\":\"https:\\\/\\\/anoticiaonline.com.br\\\/site\\\/#organization\"},\"image\":{\"@type\":\"ImageObject\",\"url\":\"https:\\\/\\\/anoticiaonline.com.br\\\/site\\\/wp-content\\\/uploads\\\/2017\\\/05\\\/16.jpeg\",\"width\":640,\"height\":480},\"datePublished\":\"2017-05-18T14:07:43-03:00\",\"dateModified\":\"2017-06-22T20:27:54-03:00\",\"inLanguage\":\"pt-BR\",\"mainEntityOfPage\":{\"@id\":\"https:\\\/\\\/anoticiaonline.com.br\\\/site\\\/supermercado-bazinho-homenageia-as-maes-com-cafe-da-manha-e-entrega-de-rosa\\\/#webpage\"},\"isPartOf\":{\"@id\":\"https:\\\/\\\/anoticiaonline.com.br\\\/site\\\/supermercado-bazinho-homenageia-as-maes-com-cafe-da-manha-e-entrega-de-rosa\\\/#webpage\"},\"articleSection\":\"Eventos, bazinho, Muria\\u00e9, slide, supermercado\"},{\"@type\":\"BreadcrumbList\",\"@id\":\"https:\\\/\\\/anoticiaonline.com.br\\\/site\\\/supermercado-bazinho-homenageia-as-maes-com-cafe-da-manha-e-entrega-de-rosa\\\/#breadcrumblist\",\"itemListElement\":[{\"@type\":\"ListItem\",\"@id\":\"https:\\\/\\\/anoticiaonline.com.br\\\/site#listItem\",\"position\":1,\"name\":\"Home\",\"item\":\"https:\\\/\\\/anoticiaonline.com.br\\\/site\",\"nextItem\":{\"@type\":\"ListItem\",\"@id\":\"https:\\\/\\\/anoticiaonline.com.br\\\/site\\\/categoria\\\/eventos\\\/#listItem\",\"name\":\"Eventos\"}},{\"@type\":\"ListItem\",\"@id\":\"https:\\\/\\\/anoticiaonline.com.br\\\/site\\\/categoria\\\/eventos\\\/#listItem\",\"position\":2,\"name\":\"Eventos\",\"item\":\"https:\\\/\\\/anoticiaonline.com.br\\\/site\\\/categoria\\\/eventos\\\/\",\"nextItem\":{\"@type\":\"ListItem\",\"@id\":\"https:\\\/\\\/anoticiaonline.com.br\\\/site\\\/supermercado-bazinho-homenageia-as-maes-com-cafe-da-manha-e-entrega-de-rosa\\\/#listItem\",\"name\":\"Supermercado Bazinho homenageia as m\\u00e3es com caf\\u00e9 da manh\\u00e3 e entrega de rosa\"},\"previousItem\":{\"@type\":\"ListItem\",\"@id\":\"https:\\\/\\\/anoticiaonline.com.br\\\/site#listItem\",\"name\":\"Home\"}},{\"@type\":\"ListItem\",\"@id\":\"https:\\\/\\\/anoticiaonline.com.br\\\/site\\\/supermercado-bazinho-homenageia-as-maes-com-cafe-da-manha-e-entrega-de-rosa\\\/#listItem\",\"position\":3,\"name\":\"Supermercado Bazinho homenageia as m\\u00e3es com caf\\u00e9 da manh\\u00e3 e entrega de rosa\",\"previousItem\":{\"@type\":\"ListItem\",\"@id\":\"https:\\\/\\\/anoticiaonline.com.br\\\/site\\\/categoria\\\/eventos\\\/#listItem\",\"name\":\"Eventos\"}}]},{\"@type\":\"Organization\",\"@id\":\"https:\\\/\\\/anoticiaonline.com.br\\\/site\\\/#organization\",\"name\":\"A Not\\u00edcia Online\",\"description\":\"Noticias de Muria\\u00e9 e regi\\u00e3o\",\"url\":\"https:\\\/\\\/anoticiaonline.com.br\\\/site\\\/\",\"logo\":{\"@type\":\"ImageObject\",\"url\":\"https:\\\/\\\/scontent-gig4-1.xx.fbcdn.net\\\/v\\\/t39.30808-1\\\/270437624_4564083193639691_6907940295614233970_n.jpg?stp=dst-jpg_s200x200_tt6&_nc_cat=111&ccb=1-7&_nc_sid=f907e8&_nc_ohc=SM1wRlP3lJwQ7kNvwEPuBYA&_nc_oc=AdnqrjDN_BNjSSHWO-GbkIWH6fkGMLw4bqvL_NH6e2wMveX7G-rP2dAqsDSq1mJMOaY&_nc_zt=24&_nc_ht=scontent-gig4-1.xx&_nc_gid=AoBFJeGrT1hVaew_6rchkQ&oh=00_AfX7QmFGhQhG2jAllVgXCiM1ZrWgvtp80-Bfppyexh1QEg&oe=689E923C\",\"@id\":\"https:\\\/\\\/anoticiaonline.com.br\\\/site\\\/supermercado-bazinho-homenageia-as-maes-com-cafe-da-manha-e-entrega-de-rosa\\\/#organizationLogo\"},\"image\":{\"@id\":\"https:\\\/\\\/anoticiaonline.com.br\\\/site\\\/supermercado-bazinho-homenageia-as-maes-com-cafe-da-manha-e-entrega-de-rosa\\\/#organizationLogo\"}},{\"@type\":\"Person\",\"@id\":\"https:\\\/\\\/anoticiaonline.com.br\\\/site\\\/author\\\/juliana\\\/#author\",\"url\":\"https:\\\/\\\/anoticiaonline.com.br\\\/site\\\/author\\\/juliana\\\/\",\"name\":\"Juliana Laviola\",\"image\":{\"@type\":\"ImageObject\",\"@id\":\"https:\\\/\\\/anoticiaonline.com.br\\\/site\\\/supermercado-bazinho-homenageia-as-maes-com-cafe-da-manha-e-entrega-de-rosa\\\/#authorImage\",\"url\":\"https:\\\/\\\/secure.gravatar.com\\\/avatar\\\/b8d45f5c699b100dfaf0e543582f38f38bf94cb7ae3a5e9abf8d891a34773335?s=96&d=mm&r=g\",\"width\":96,\"height\":96,\"caption\":\"Juliana Laviola\"}},{\"@type\":\"WebPage\",\"@id\":\"https:\\\/\\\/anoticiaonline.com.br\\\/site\\\/supermercado-bazinho-homenageia-as-maes-com-cafe-da-manha-e-entrega-de-rosa\\\/#webpage\",\"url\":\"https:\\\/\\\/anoticiaonline.com.br\\\/site\\\/supermercado-bazinho-homenageia-as-maes-com-cafe-da-manha-e-entrega-de-rosa\\\/\",\"name\":\"Supermercado Bazinho homenageia as m\\u00e3es com caf\\u00e9 da manh\\u00e3 e entrega de rosa - A Not\\u00edcia Online\",\"description\":\"As mam\\u00e3es clientes do Supermercado Bazinho da Barra, Dornelas e Santana foram homenageadas pelo seu dia. Elas foram recebidas com um farto caf\\u00e9 da manh\\u00e3 de s\\u00e1bado (13) e puderam degustar deliciosos bolos, p\\u00e3es, biscoitos, suco, frutas, queijo, iogurte, caf\\u00e9 e leite, que foram cuidadosamente preparados para elas. Al\\u00e9m disso, foram presenteadas com uma rosa.\",\"inLanguage\":\"pt-BR\",\"isPartOf\":{\"@id\":\"https:\\\/\\\/anoticiaonline.com.br\\\/site\\\/#website\"},\"breadcrumb\":{\"@id\":\"https:\\\/\\\/anoticiaonline.com.br\\\/site\\\/supermercado-bazinho-homenageia-as-maes-com-cafe-da-manha-e-entrega-de-rosa\\\/#breadcrumblist\"},\"author\":{\"@id\":\"https:\\\/\\\/anoticiaonline.com.br\\\/site\\\/author\\\/juliana\\\/#author\"},\"creator\":{\"@id\":\"https:\\\/\\\/anoticiaonline.com.br\\\/site\\\/author\\\/juliana\\\/#author\"},\"image\":{\"@type\":\"ImageObject\",\"url\":\"https:\\\/\\\/anoticiaonline.com.br\\\/site\\\/wp-content\\\/uploads\\\/2017\\\/05\\\/16.jpeg\",\"@id\":\"https:\\\/\\\/anoticiaonline.com.br\\\/site\\\/supermercado-bazinho-homenageia-as-maes-com-cafe-da-manha-e-entrega-de-rosa\\\/#mainImage\",\"width\":640,\"height\":480},\"primaryImageOfPage\":{\"@id\":\"https:\\\/\\\/anoticiaonline.com.br\\\/site\\\/supermercado-bazinho-homenageia-as-maes-com-cafe-da-manha-e-entrega-de-rosa\\\/#mainImage\"},\"datePublished\":\"2017-05-18T14:07:43-03:00\",\"dateModified\":\"2017-06-22T20:27:54-03:00\"},{\"@type\":\"WebSite\",\"@id\":\"https:\\\/\\\/anoticiaonline.com.br\\\/site\\\/#website\",\"url\":\"https:\\\/\\\/anoticiaonline.com.br\\\/site\\\/\",\"name\":\"A Not\\u00edcia Online\",\"description\":\"Noticias de Muria\\u00e9 e regi\\u00e3o\",\"inLanguage\":\"pt-BR\",\"publisher\":{\"@id\":\"https:\\\/\\\/anoticiaonline.com.br\\\/site\\\/#organization\"}}]}\n\t\t<\/script>\n\t\t<!-- All in One SEO -->\n\n","aioseo_head_json":{"title":"Supermercado Bazinho homenageia as m\u00e3es com caf\u00e9 da manh\u00e3 e entrega de rosa - A Not\u00edcia Online","description":"As mam\u00e3es clientes do Supermercado Bazinho da Barra, Dornelas e Santana foram homenageadas pelo seu dia. Elas foram recebidas com um farto caf\u00e9 da manh\u00e3 de s\u00e1bado (13) e puderam degustar deliciosos bolos, p\u00e3es, biscoitos, suco, frutas, queijo, iogurte, caf\u00e9 e leite, que foram cuidadosamente preparados para elas. Al\u00e9m disso, foram presenteadas com uma rosa.","canonical_url":"https:\/\/anoticiaonline.com.br\/site\/supermercado-bazinho-homenageia-as-maes-com-cafe-da-manha-e-entrega-de-rosa\/","robots":"max-image-preview:large","keywords":"","webmasterTools":{"miscellaneous":""},"schema":{"@context":"https:\/\/schema.org","@graph":[{"@type":"BlogPosting","@id":"https:\/\/anoticiaonline.com.br\/site\/supermercado-bazinho-homenageia-as-maes-com-cafe-da-manha-e-entrega-de-rosa\/#blogposting","name":"Supermercado Bazinho homenageia as m\u00e3es com caf\u00e9 da manh\u00e3 e entrega de rosa - A Not\u00edcia Online","headline":"Supermercado Bazinho homenageia as m\u00e3es com caf\u00e9 da manh\u00e3 e entrega de rosa","author":{"@id":"https:\/\/anoticiaonline.com.br\/site\/author\/juliana\/#author"},"publisher":{"@id":"https:\/\/anoticiaonline.com.br\/site\/#organization"},"image":{"@type":"ImageObject","url":"https:\/\/anoticiaonline.com.br\/site\/wp-content\/uploads\/2017\/05\/16.jpeg","width":640,"height":480},"datePublished":"2017-05-18T14:07:43-03:00","dateModified":"2017-06-22T20:27:54-03:00","inLanguage":"pt-BR","mainEntityOfPage":{"@id":"https:\/\/anoticiaonline.com.br\/site\/supermercado-bazinho-homenageia-as-maes-com-cafe-da-manha-e-entrega-de-rosa\/#webpage"},"isPartOf":{"@id":"https:\/\/anoticiaonline.com.br\/site\/supermercado-bazinho-homenageia-as-maes-com-cafe-da-manha-e-entrega-de-rosa\/#webpage"},"articleSection":"Eventos, bazinho, Muria\u00e9, slide, supermercado"},{"@type":"BreadcrumbList","@id":"https:\/\/anoticiaonline.com.br\/site\/supermercado-bazinho-homenageia-as-maes-com-cafe-da-manha-e-entrega-de-rosa\/#breadcrumblist","itemListElement":[{"@type":"ListItem","@id":"https:\/\/anoticiaonline.com.br\/site#listItem","position":1,"name":"Home","item":"https:\/\/anoticiaonline.com.br\/site","nextItem":{"@type":"ListItem","@id":"https:\/\/anoticiaonline.com.br\/site\/categoria\/eventos\/#listItem","name":"Eventos"}},{"@type":"ListItem","@id":"https:\/\/anoticiaonline.com.br\/site\/categoria\/eventos\/#listItem","position":2,"name":"Eventos","item":"https:\/\/anoticiaonline.com.br\/site\/categoria\/eventos\/","nextItem":{"@type":"ListItem","@id":"https:\/\/anoticiaonline.com.br\/site\/supermercado-bazinho-homenageia-as-maes-com-cafe-da-manha-e-entrega-de-rosa\/#listItem","name":"Supermercado Bazinho homenageia as m\u00e3es com caf\u00e9 da manh\u00e3 e entrega de rosa"},"previousItem":{"@type":"ListItem","@id":"https:\/\/anoticiaonline.com.br\/site#listItem","name":"Home"}},{"@type":"ListItem","@id":"https:\/\/anoticiaonline.com.br\/site\/supermercado-bazinho-homenageia-as-maes-com-cafe-da-manha-e-entrega-de-rosa\/#listItem","position":3,"name":"Supermercado Bazinho homenageia as m\u00e3es com caf\u00e9 da manh\u00e3 e entrega de rosa","previousItem":{"@type":"ListItem","@id":"https:\/\/anoticiaonline.com.br\/site\/categoria\/eventos\/#listItem","name":"Eventos"}}]},{"@type":"Organization","@id":"https:\/\/anoticiaonline.com.br\/site\/#organization","name":"A Not\u00edcia Online","description":"Noticias de Muria\u00e9 e regi\u00e3o","url":"https:\/\/anoticiaonline.com.br\/site\/","logo":{"@type":"ImageObject","url":"https:\/\/scontent-gig4-1.xx.fbcdn.net\/v\/t39.30808-1\/270437624_4564083193639691_6907940295614233970_n.jpg?stp=dst-jpg_s200x200_tt6&_nc_cat=111&ccb=1-7&_nc_sid=f907e8&_nc_ohc=SM1wRlP3lJwQ7kNvwEPuBYA&_nc_oc=AdnqrjDN_BNjSSHWO-GbkIWH6fkGMLw4bqvL_NH6e2wMveX7G-rP2dAqsDSq1mJMOaY&_nc_zt=24&_nc_ht=scontent-gig4-1.xx&_nc_gid=AoBFJeGrT1hVaew_6rchkQ&oh=00_AfX7QmFGhQhG2jAllVgXCiM1ZrWgvtp80-Bfppyexh1QEg&oe=689E923C","@id":"https:\/\/anoticiaonline.com.br\/site\/supermercado-bazinho-homenageia-as-maes-com-cafe-da-manha-e-entrega-de-rosa\/#organizationLogo"},"image":{"@id":"https:\/\/anoticiaonline.com.br\/site\/supermercado-bazinho-homenageia-as-maes-com-cafe-da-manha-e-entrega-de-rosa\/#organizationLogo"}},{"@type":"Person","@id":"https:\/\/anoticiaonline.com.br\/site\/author\/juliana\/#author","url":"https:\/\/anoticiaonline.com.br\/site\/author\/juliana\/","name":"Juliana Laviola","image":{"@type":"ImageObject","@id":"https:\/\/anoticiaonline.com.br\/site\/supermercado-bazinho-homenageia-as-maes-com-cafe-da-manha-e-entrega-de-rosa\/#authorImage","url":"https:\/\/secure.gravatar.com\/avatar\/b8d45f5c699b100dfaf0e543582f38f38bf94cb7ae3a5e9abf8d891a34773335?s=96&d=mm&r=g","width":96,"height":96,"caption":"Juliana Laviola"}},{"@type":"WebPage","@id":"https:\/\/anoticiaonline.com.br\/site\/supermercado-bazinho-homenageia-as-maes-com-cafe-da-manha-e-entrega-de-rosa\/#webpage","url":"https:\/\/anoticiaonline.com.br\/site\/supermercado-bazinho-homenageia-as-maes-com-cafe-da-manha-e-entrega-de-rosa\/","name":"Supermercado Bazinho homenageia as m\u00e3es com caf\u00e9 da manh\u00e3 e entrega de rosa - A Not\u00edcia Online","description":"As mam\u00e3es clientes do Supermercado Bazinho da Barra, Dornelas e Santana foram homenageadas pelo seu dia. Elas foram recebidas com um farto caf\u00e9 da manh\u00e3 de s\u00e1bado (13) e puderam degustar deliciosos bolos, p\u00e3es, biscoitos, suco, frutas, queijo, iogurte, caf\u00e9 e leite, que foram cuidadosamente preparados para elas. Al\u00e9m disso, foram presenteadas com uma rosa.","inLanguage":"pt-BR","isPartOf":{"@id":"https:\/\/anoticiaonline.com.br\/site\/#website"},"breadcrumb":{"@id":"https:\/\/anoticiaonline.com.br\/site\/supermercado-bazinho-homenageia-as-maes-com-cafe-da-manha-e-entrega-de-rosa\/#breadcrumblist"},"author":{"@id":"https:\/\/anoticiaonline.com.br\/site\/author\/juliana\/#author"},"creator":{"@id":"https:\/\/anoticiaonline.com.br\/site\/author\/juliana\/#author"},"image":{"@type":"ImageObject","url":"https:\/\/anoticiaonline.com.br\/site\/wp-content\/uploads\/2017\/05\/16.jpeg","@id":"https:\/\/anoticiaonline.com.br\/site\/supermercado-bazinho-homenageia-as-maes-com-cafe-da-manha-e-entrega-de-rosa\/#mainImage","width":640,"height":480},"primaryImageOfPage":{"@id":"https:\/\/anoticiaonline.com.br\/site\/supermercado-bazinho-homenageia-as-maes-com-cafe-da-manha-e-entrega-de-rosa\/#mainImage"},"datePublished":"2017-05-18T14:07:43-03:00","dateModified":"2017-06-22T20:27:54-03:00"},{"@type":"WebSite","@id":"https:\/\/anoticiaonline.com.br\/site\/#website","url":"https:\/\/anoticiaonline.com.br\/site\/","name":"A Not\u00edcia Online","description":"Noticias de Muria\u00e9 e regi\u00e3o","inLanguage":"pt-BR","publisher":{"@id":"https:\/\/anoticiaonline.com.br\/site\/#organization"}}]},"og:locale":"pt_BR","og:site_name":"A Not\u00edcia Online - Noticias de Muria\u00e9 e regi\u00e3o","og:type":"article","og:title":"Supermercado Bazinho homenageia as m\u00e3es com caf\u00e9 da manh\u00e3 e entrega de rosa - A Not\u00edcia Online","og:description":"As mam\u00e3es clientes do Supermercado Bazinho da Barra, Dornelas e Santana foram homenageadas pelo seu dia. Elas foram recebidas com um farto caf\u00e9 da manh\u00e3 de s\u00e1bado (13) e puderam degustar deliciosos bolos, p\u00e3es, biscoitos, suco, frutas, queijo, iogurte, caf\u00e9 e leite, que foram cuidadosamente preparados para elas. Al\u00e9m disso, foram presenteadas com uma rosa.","og:url":"https:\/\/anoticiaonline.com.br\/site\/supermercado-bazinho-homenageia-as-maes-com-cafe-da-manha-e-entrega-de-rosa\/","og:image":"https:\/\/scontent-gig4-1.xx.fbcdn.net\/v\/t39.30808-1\/270437624_4564083193639691_6907940295614233970_n.jpg?stp=dst-jpg_s200x200_tt6&#038;_nc_cat=111&#038;ccb=1-7&#038;_nc_sid=f907e8&#038;_nc_ohc=SM1wRlP3lJwQ7kNvwEPuBYA&#038;_nc_oc=AdnqrjDN_BNjSSHWO-GbkIWH6fkGMLw4bqvL_NH6e2wMveX7G-rP2dAqsDSq1mJMOaY&#038;_nc_zt=24&#038;_nc_ht=scontent-gig4-1.xx&#038;_nc_gid=AoBFJeGrT1hVaew_6rchkQ&#038;oh=00_AfX7QmFGhQhG2jAllVgXCiM1ZrWgvtp80-Bfppyexh1QEg&#038;oe=689E923C","og:image:secure_url":"https:\/\/scontent-gig4-1.xx.fbcdn.net\/v\/t39.30808-1\/270437624_4564083193639691_6907940295614233970_n.jpg?stp=dst-jpg_s200x200_tt6&#038;_nc_cat=111&#038;ccb=1-7&#038;_nc_sid=f907e8&#038;_nc_ohc=SM1wRlP3lJwQ7kNvwEPuBYA&#038;_nc_oc=AdnqrjDN_BNjSSHWO-GbkIWH6fkGMLw4bqvL_NH6e2wMveX7G-rP2dAqsDSq1mJMOaY&#038;_nc_zt=24&#038;_nc_ht=scontent-gig4-1.xx&#038;_nc_gid=AoBFJeGrT1hVaew_6rchkQ&#038;oh=00_AfX7QmFGhQhG2jAllVgXCiM1ZrWgvtp80-Bfppyexh1QEg&#038;oe=689E923C","article:published_time":"2017-05-18T17:07:43+00:00","article:modified_time":"2017-06-22T23:27:54+00:00","twitter:card":"summary_large_image","twitter:title":"Supermercado Bazinho homenageia as m\u00e3es com caf\u00e9 da manh\u00e3 e entrega de rosa - A Not\u00edcia Online","twitter:description":"As mam\u00e3es clientes do Supermercado Bazinho da Barra, Dornelas e Santana foram homenageadas pelo seu dia. Elas foram recebidas com um farto caf\u00e9 da manh\u00e3 de s\u00e1bado (13) e puderam degustar deliciosos bolos, p\u00e3es, biscoitos, suco, frutas, queijo, iogurte, caf\u00e9 e leite, que foram cuidadosamente preparados para elas. Al\u00e9m disso, foram presenteadas com uma rosa.","twitter:image":"https:\/\/scontent-gig4-1.xx.fbcdn.net\/v\/t39.30808-1\/270437624_4564083193639691_6907940295614233970_n.jpg?stp=dst-jpg_s200x200_tt6&_nc_cat=111&ccb=1-7&_nc_sid=f907e8&_nc_ohc=SM1wRlP3lJwQ7kNvwEPuBYA&_nc_oc=AdnqrjDN_BNjSSHWO-GbkIWH6fkGMLw4bqvL_NH6e2wMveX7G-rP2dAqsDSq1mJMOaY&_nc_zt=24&_nc_ht=scontent-gig4-1.xx&_nc_gid=AoBFJeGrT1hVaew_6rchkQ&oh=00_AfX7QmFGhQhG2jAllVgXCiM1ZrWgvtp80-Bfppyexh1QEg&oe=689E923C"},"aioseo_meta_data":{"post_id":"30175","title":null,"description":null,"keywords":null,"keyphrases":null,"primary_term":null,"canonical_url":null,"og_title":null,"og_description":null,"og_object_type":"default","og_image_type":"default","og_image_url":null,"og_image_width":null,"og_image_height":null,"og_image_custom_url":null,"og_image_custom_fields":null,"og_video":null,"og_custom_url":null,"og_article_section":null,"og_article_tags":null,"twitter_use_og":false,"twitter_card":"default","twitter_image_type":"default","twitter_image_url":null,"twitter_image_custom_url":null,"twitter_image_custom_fields":null,"twitter_title":null,"twitter_description":null,"schema":{"blockGraphs":[],"customGraphs":[],"default":{"data":{"Article":[],"Course":[],"Dataset":[],"FAQPage":[],"Movie":[],"Person":[],"Product":[],"ProductReview":[],"Car":[],"Recipe":[],"Service":[],"SoftwareApplication":[],"WebPage":[]},"graphName":"","isEnabled":true},"graphs":[]},"schema_type":"default","schema_type_options":null,"pillar_content":false,"robots_default":true,"robots_noindex":false,"robots_noarchive":false,"robots_nosnippet":false,"robots_nofollow":false,"robots_noimageindex":false,"robots_noodp":false,"robots_notranslate":false,"robots_max_snippet":null,"robots_max_videopreview":null,"robots_max_imagepreview":"large","priority":null,"frequency":null,"local_seo":null,"breadcrumb_settings":null,"limit_modified_date":false,"ai":null,"created":"2025-08-16 18:23:50","updated":"2025-08-16 18:23:50","focus_keyword":null,"additional_keywords":null,"truseo_locale":null,"seo_analyzer_scan_date":null},"aioseo_breadcrumb":"<div class=\"aioseo-breadcrumbs\"><span class=\"aioseo-breadcrumb\">\n\t\t\t<a href=\"https:\/\/anoticiaonline.com.br\/site\" title=\"Home\">Home<\/a>\n\t\t<\/span><span class=\"aioseo-breadcrumb-separator\">&raquo;<\/span><span class=\"aioseo-breadcrumb\">\n\t\t\t<a href=\"https:\/\/anoticiaonline.com.br\/site\/categoria\/eventos\/\" title=\"Eventos\">Eventos<\/a>\n\t\t<\/span><span class=\"aioseo-breadcrumb-separator\">&raquo;<\/span><span class=\"aioseo-breadcrumb\">\n\t\t\tSupermercado Bazinho homenageia as m\u00e3es com caf\u00e9 da manh\u00e3 e entrega de rosa\n\t\t<\/span><\/div>","aioseo_breadcrumb_json":[{"label":"Home","link":"https:\/\/anoticiaonline.com.br\/site"},{"label":"Eventos","link":"https:\/\/anoticiaonline.com.br\/site\/categoria\/eventos\/"},{"label":"Supermercado Bazinho homenageia as m\u00e3es com caf\u00e9 da manh\u00e3 e entrega de rosa","link":"https:\/\/anoticiaonline.com.br\/site\/supermercado-bazinho-homenageia-as-maes-com-cafe-da-manha-e-entrega-de-rosa\/"}],"views":132,"_links":{"self":[{"href":"https:\/\/anoticiaonline.com.br\/site\/wp-json\/wp\/v2\/posts\/30175","targetHints":{"allow":["GET"]}}],"collection":[{"href":"https:\/\/anoticiaonline.com.br\/site\/wp-json\/wp\/v2\/posts"}],"about":[{"href":"https:\/\/anoticiaonline.com.br\/site\/wp-json\/wp\/v2\/types\/post"}],"author":[{"embeddable":true,"href":"https:\/\/anoticiaonline.com.br\/site\/wp-json\/wp\/v2\/users\/2"}],"replies":[{"embeddable":true,"href":"https:\/\/anoticiaonline.com.br\/site\/wp-json\/wp\/v2\/comments?post=30175"}],"version-history":[{"count":0,"href":"https:\/\/anoticiaonline.com.br\/site\/wp-json\/wp\/v2\/posts\/30175\/revisions"}],"wp:featuredmedia":[{"embeddable":true,"href":"https:\/\/anoticiaonline.com.br\/site\/wp-json\/wp\/v2\/media\/30176"}],"wp:attachment":[{"href":"https:\/\/anoticiaonline.com.br\/site\/wp-json\/wp\/v2\/media?parent=30175"}],"wp:term":[{"taxonomy":"category","embeddable":true,"href":"https:\/\/anoticiaonline.com.br\/site\/wp-json\/wp\/v2\/categories?post=30175"},{"taxonomy":"post_tag","embeddable":true,"href":"https:\/\/anoticiaonline.com.br\/site\/wp-json\/wp\/v2\/tags?post=30175"}],"curies":[{"name":"wp","href":"https:\/\/api.w.org\/{rel}","templated":true}]}}