{"id":30118,"date":"2017-05-17T11:54:06","date_gmt":"2017-05-17T14:54:06","guid":{"rendered":"http:\/\/anoticiaonline.com.br\/site\/?p=30118"},"modified":"2017-05-17T11:54:06","modified_gmt":"2017-05-17T14:54:06","slug":"fundacao-cristiano-varella-inova-com-a-instalacao-do-laboratorio-de-biologia-molecular","status":"publish","type":"post","link":"https:\/\/anoticiaonline.com.br\/site\/fundacao-cristiano-varella-inova-com-a-instalacao-do-laboratorio-de-biologia-molecular\/","title":{"rendered":"Funda\u00e7\u00e3o Cristiano Varella inova com a instala\u00e7\u00e3o do Laborat\u00f3rio de Biologia Molecular"},"content":{"rendered":"<p><a href=\"https:\/\/anoticiaonline.com.br\/site\/wp-content\/uploads\/2017\/05\/DSC_5732.jpg\"><img fetchpriority=\"high\" decoding=\"async\" class=\" size-medium wp-image-30119 alignleft\" src=\"https:\/\/anoticiaonline.com.br\/site\/wp-content\/uploads\/2017\/05\/DSC_5732-300x199.jpg\" alt=\"DSC_5732\" width=\"300\" height=\"199\" srcset=\"https:\/\/anoticiaonline.com.br\/site\/wp-content\/uploads\/2017\/05\/DSC_5732-300x199.jpg 300w, https:\/\/anoticiaonline.com.br\/site\/wp-content\/uploads\/2017\/05\/DSC_5732.jpg 640w\" sizes=\"(max-width: 300px) 100vw, 300px\" \/><\/a>O Hospital do C\u00e2ncer de Muria\u00e9 da Funda\u00e7\u00e3o Cristiano Varella est\u00e1 inovando mais uma vez, ao ampliar o setor de laborat\u00f3rio da institui\u00e7\u00e3o. O Laborat\u00f3rio de Biologia Molecular j\u00e1 est\u00e1 montado e na reta final de valida\u00e7\u00e3o. O objetivo \u00e9 oferecer diagn\u00f3sticos gen\u00e9ticos e moleculares de precis\u00e3o, importantes nas etapas de preven\u00e7\u00e3o, rastreamento e tratamento do c\u00e2ncer. Resultado de uma necessidade regional, na qual h\u00e1 escassez de servi\u00e7os de diagn\u00f3stico molecular, de acordo com o hospital, este setor permitir\u00e1 que a popula\u00e7\u00e3o tenha acesso a variados testes gen\u00e9ticos relacionados ao c\u00e2ncer.<\/p>\n<p>O setor de Biologia Molecular oferecer\u00e1, em um primeiro momento, exames gen\u00e9ticos voltados para as leucemias e c\u00e2ncer de mama e ov\u00e1rio. O f\u00e1cil acesso aos testes gen\u00e9ticos permite a determina\u00e7\u00e3o do diagn\u00f3stico de forma precisa e uma r\u00e1pida tomada de decis\u00e3o do corpo cl\u00ednico para o tratamento do c\u00e2ncer em busca de melhor qualidade de vida para o paciente. \u201cAl\u00e9m disso, o teste gen\u00e9tico pode proporcionar o aconselhamento gen\u00e9tico para casos de doen\u00e7as heredit\u00e1rias, quando se trata de indiv\u00edduos com predisposi\u00e7\u00e3o ao c\u00e2ncer familiar\u201d, ressalta Luciana Agostinho, biom\u00e9dica e supervisora do Laborat\u00f3rio de Biologia Molecular da Funda\u00e7\u00e3o Cristiano Varella.<\/p>\n<p>De acordo com os respons\u00e1veis pelo novo setor, a previs\u00e3o \u00e9 de que seu funcionamento comece no m\u00eas de julho para exames de leucemias. J\u00e1 para diagn\u00f3sticos de c\u00e2ncer de mama e de ov\u00e1rio, a previs\u00e3o para in\u00edcio \u00e9 at\u00e9 o final deste ano.<\/p>\n<p>O Laborat\u00f3rio de Biologia Molecular da Funda\u00e7\u00e3o Cristiano Varella foi montado com recursos vindos do Programa Nacional de Apoio \u00e0 Aten\u00e7\u00e3o Oncol\u00f3gica (Pronon).<\/p>\n<p><strong>GALERIA DE FOTOS:<\/strong><\/p>\n<p><img decoding=\"async\" class=\"ngg_displayed_gallery mceItem\" src=\"https:\/\/anoticiaonline.com.br\/site\/nextgen-attach_to_post\/preview\/id--30150\" alt=\"\" \/><\/p>\n","protected":false},"excerpt":{"rendered":"<p>O Hospital do C\u00e2ncer de Muria\u00e9 da Funda\u00e7\u00e3o Cristiano Varella est\u00e1 inovando mais uma vez, ao ampliar o setor de laborat\u00f3rio da institui\u00e7\u00e3o. O Laborat\u00f3rio de Biologia Molecular j\u00e1 est\u00e1 montado e na reta final de valida\u00e7\u00e3o. O objetivo \u00e9 oferecer diagn\u00f3sticos gen\u00e9ticos e moleculares de precis\u00e3o, importantes nas etapas de preven\u00e7\u00e3o, rastreamento e tratamento &#8230; <a title=\"Funda\u00e7\u00e3o Cristiano Varella inova com a instala\u00e7\u00e3o do Laborat\u00f3rio de Biologia Molecular\" class=\"read-more\" href=\"https:\/\/anoticiaonline.com.br\/site\/fundacao-cristiano-varella-inova-com-a-instalacao-do-laboratorio-de-biologia-molecular\/\" aria-label=\"Read more about Funda\u00e7\u00e3o Cristiano Varella inova com a instala\u00e7\u00e3o do Laborat\u00f3rio de Biologia Molecular\">Ler mais<\/a><\/p>\n","protected":false},"author":2,"featured_media":30119,"comment_status":"open","ping_status":"open","sticky":false,"template":"","format":"standard","meta":{"_acf_changed":false,"_monsterinsights_skip_tracking":false,"footnotes":""},"categories":[30],"tags":[3],"class_list":["post-30118","post","type-post","status-publish","format-standard","has-post-thumbnail","hentry","category-muriae","tag-slide"],"acf":[],"aioseo_notices":[],"aioseo_head":"\n\t\t<!-- All in One SEO 5.0.0.1 - aioseo.com -->\n\t<meta name=\"description\" content=\"O Hospital do C\u00e2ncer de Muria\u00e9 da Funda\u00e7\u00e3o Cristiano Varella est\u00e1 inovando mais uma vez, ao ampliar o setor de laborat\u00f3rio da institui\u00e7\u00e3o. O Laborat\u00f3rio de Biologia Molecular j\u00e1 est\u00e1 montado e na reta final de valida\u00e7\u00e3o. O objetivo \u00e9 oferecer diagn\u00f3sticos gen\u00e9ticos e moleculares de precis\u00e3o, importantes nas etapas de preven\u00e7\u00e3o, rastreamento e tratamento\" \/>\n\t<meta name=\"robots\" content=\"max-image-preview:large\" \/>\n\t<meta name=\"author\" content=\"Juliana Laviola\"\/>\n\t<link rel=\"canonical\" href=\"https:\/\/anoticiaonline.com.br\/site\/fundacao-cristiano-varella-inova-com-a-instalacao-do-laboratorio-de-biologia-molecular\/\" \/>\n\t<meta name=\"generator\" content=\"All in One SEO (AIOSEO) 5.0.0.1\" \/>\n\t\t<meta property=\"og:locale\" content=\"pt_BR\" \/>\n\t\t<meta property=\"og:site_name\" content=\"A Not\u00edcia Online - Noticias de Muria\u00e9 e regi\u00e3o\" \/>\n\t\t<meta property=\"og:type\" content=\"article\" \/>\n\t\t<meta property=\"og:title\" content=\"Funda\u00e7\u00e3o Cristiano Varella inova com a instala\u00e7\u00e3o do Laborat\u00f3rio de Biologia Molecular - A Not\u00edcia Online\" \/>\n\t\t<meta property=\"og:description\" content=\"O Hospital do C\u00e2ncer de Muria\u00e9 da Funda\u00e7\u00e3o Cristiano Varella est\u00e1 inovando mais uma vez, ao ampliar o setor de laborat\u00f3rio da institui\u00e7\u00e3o. O Laborat\u00f3rio de Biologia Molecular j\u00e1 est\u00e1 montado e na reta final de valida\u00e7\u00e3o. O objetivo \u00e9 oferecer diagn\u00f3sticos gen\u00e9ticos e moleculares de precis\u00e3o, importantes nas etapas de preven\u00e7\u00e3o, rastreamento e tratamento\" \/>\n\t\t<meta property=\"og:url\" content=\"https:\/\/anoticiaonline.com.br\/site\/fundacao-cristiano-varella-inova-com-a-instalacao-do-laboratorio-de-biologia-molecular\/\" \/>\n\t\t<meta property=\"og:image\" content=\"https:\/\/scontent-gig4-1.xx.fbcdn.net\/v\/t39.30808-1\/270437624_4564083193639691_6907940295614233970_n.jpg?stp=dst-jpg_s200x200_tt6&#038;_nc_cat=111&#038;ccb=1-7&#038;_nc_sid=f907e8&#038;_nc_ohc=SM1wRlP3lJwQ7kNvwEPuBYA&#038;_nc_oc=AdnqrjDN_BNjSSHWO-GbkIWH6fkGMLw4bqvL_NH6e2wMveX7G-rP2dAqsDSq1mJMOaY&#038;_nc_zt=24&#038;_nc_ht=scontent-gig4-1.xx&#038;_nc_gid=AoBFJeGrT1hVaew_6rchkQ&#038;oh=00_AfX7QmFGhQhG2jAllVgXCiM1ZrWgvtp80-Bfppyexh1QEg&#038;oe=689E923C\" \/>\n\t\t<meta property=\"og:image:secure_url\" content=\"https:\/\/scontent-gig4-1.xx.fbcdn.net\/v\/t39.30808-1\/270437624_4564083193639691_6907940295614233970_n.jpg?stp=dst-jpg_s200x200_tt6&#038;_nc_cat=111&#038;ccb=1-7&#038;_nc_sid=f907e8&#038;_nc_ohc=SM1wRlP3lJwQ7kNvwEPuBYA&#038;_nc_oc=AdnqrjDN_BNjSSHWO-GbkIWH6fkGMLw4bqvL_NH6e2wMveX7G-rP2dAqsDSq1mJMOaY&#038;_nc_zt=24&#038;_nc_ht=scontent-gig4-1.xx&#038;_nc_gid=AoBFJeGrT1hVaew_6rchkQ&#038;oh=00_AfX7QmFGhQhG2jAllVgXCiM1ZrWgvtp80-Bfppyexh1QEg&#038;oe=689E923C\" \/>\n\t\t<meta property=\"article:published_time\" content=\"2017-05-17T14:54:06+00:00\" \/>\n\t\t<meta property=\"article:modified_time\" content=\"2017-05-17T14:54:06+00:00\" \/>\n\t\t<meta name=\"twitter:card\" content=\"summary_large_image\" \/>\n\t\t<meta name=\"twitter:title\" content=\"Funda\u00e7\u00e3o Cristiano Varella inova com a instala\u00e7\u00e3o do Laborat\u00f3rio de Biologia Molecular - A Not\u00edcia Online\" \/>\n\t\t<meta name=\"twitter:description\" content=\"O Hospital do C\u00e2ncer de Muria\u00e9 da Funda\u00e7\u00e3o Cristiano Varella est\u00e1 inovando mais uma vez, ao ampliar o setor de laborat\u00f3rio da institui\u00e7\u00e3o. O Laborat\u00f3rio de Biologia Molecular j\u00e1 est\u00e1 montado e na reta final de valida\u00e7\u00e3o. O objetivo \u00e9 oferecer diagn\u00f3sticos gen\u00e9ticos e moleculares de precis\u00e3o, importantes nas etapas de preven\u00e7\u00e3o, rastreamento e tratamento\" \/>\n\t\t<meta name=\"twitter:image\" content=\"https:\/\/scontent-gig4-1.xx.fbcdn.net\/v\/t39.30808-1\/270437624_4564083193639691_6907940295614233970_n.jpg?stp=dst-jpg_s200x200_tt6&amp;_nc_cat=111&amp;ccb=1-7&amp;_nc_sid=f907e8&amp;_nc_ohc=SM1wRlP3lJwQ7kNvwEPuBYA&amp;_nc_oc=AdnqrjDN_BNjSSHWO-GbkIWH6fkGMLw4bqvL_NH6e2wMveX7G-rP2dAqsDSq1mJMOaY&amp;_nc_zt=24&amp;_nc_ht=scontent-gig4-1.xx&amp;_nc_gid=AoBFJeGrT1hVaew_6rchkQ&amp;oh=00_AfX7QmFGhQhG2jAllVgXCiM1ZrWgvtp80-Bfppyexh1QEg&amp;oe=689E923C\" \/>\n\t\t<script type=\"application\/ld+json\" class=\"aioseo-schema\">\n\t\t\t{\"@context\":\"https:\\\/\\\/schema.org\",\"@graph\":[{\"@type\":\"BlogPosting\",\"@id\":\"https:\\\/\\\/anoticiaonline.com.br\\\/site\\\/fundacao-cristiano-varella-inova-com-a-instalacao-do-laboratorio-de-biologia-molecular\\\/#blogposting\",\"name\":\"Funda\\u00e7\\u00e3o Cristiano Varella inova com a instala\\u00e7\\u00e3o do Laborat\\u00f3rio de Biologia Molecular - A Not\\u00edcia Online\",\"headline\":\"Funda\\u00e7\\u00e3o Cristiano Varella inova com a instala\\u00e7\\u00e3o do Laborat\\u00f3rio de Biologia Molecular\",\"author\":{\"@id\":\"https:\\\/\\\/anoticiaonline.com.br\\\/site\\\/author\\\/juliana\\\/#author\"},\"publisher\":{\"@id\":\"https:\\\/\\\/anoticiaonline.com.br\\\/site\\\/#organization\"},\"image\":{\"@type\":\"ImageObject\",\"url\":\"https:\\\/\\\/anoticiaonline.com.br\\\/site\\\/wp-content\\\/uploads\\\/2017\\\/05\\\/DSC_5732.jpg\",\"width\":640,\"height\":424},\"datePublished\":\"2017-05-17T11:54:06-03:00\",\"dateModified\":\"2017-05-17T11:54:06-03:00\",\"inLanguage\":\"pt-BR\",\"mainEntityOfPage\":{\"@id\":\"https:\\\/\\\/anoticiaonline.com.br\\\/site\\\/fundacao-cristiano-varella-inova-com-a-instalacao-do-laboratorio-de-biologia-molecular\\\/#webpage\"},\"isPartOf\":{\"@id\":\"https:\\\/\\\/anoticiaonline.com.br\\\/site\\\/fundacao-cristiano-varella-inova-com-a-instalacao-do-laboratorio-de-biologia-molecular\\\/#webpage\"},\"articleSection\":\"Blog, slide\"},{\"@type\":\"BreadcrumbList\",\"@id\":\"https:\\\/\\\/anoticiaonline.com.br\\\/site\\\/fundacao-cristiano-varella-inova-com-a-instalacao-do-laboratorio-de-biologia-molecular\\\/#breadcrumblist\",\"itemListElement\":[{\"@type\":\"ListItem\",\"@id\":\"https:\\\/\\\/anoticiaonline.com.br\\\/site#listItem\",\"position\":1,\"name\":\"Home\",\"item\":\"https:\\\/\\\/anoticiaonline.com.br\\\/site\",\"nextItem\":{\"@type\":\"ListItem\",\"@id\":\"https:\\\/\\\/anoticiaonline.com.br\\\/site\\\/categoria\\\/muriae\\\/#listItem\",\"name\":\"Blog\"}},{\"@type\":\"ListItem\",\"@id\":\"https:\\\/\\\/anoticiaonline.com.br\\\/site\\\/categoria\\\/muriae\\\/#listItem\",\"position\":2,\"name\":\"Blog\",\"item\":\"https:\\\/\\\/anoticiaonline.com.br\\\/site\\\/categoria\\\/muriae\\\/\",\"nextItem\":{\"@type\":\"ListItem\",\"@id\":\"https:\\\/\\\/anoticiaonline.com.br\\\/site\\\/fundacao-cristiano-varella-inova-com-a-instalacao-do-laboratorio-de-biologia-molecular\\\/#listItem\",\"name\":\"Funda\\u00e7\\u00e3o Cristiano Varella inova com a instala\\u00e7\\u00e3o do Laborat\\u00f3rio de Biologia Molecular\"},\"previousItem\":{\"@type\":\"ListItem\",\"@id\":\"https:\\\/\\\/anoticiaonline.com.br\\\/site#listItem\",\"name\":\"Home\"}},{\"@type\":\"ListItem\",\"@id\":\"https:\\\/\\\/anoticiaonline.com.br\\\/site\\\/fundacao-cristiano-varella-inova-com-a-instalacao-do-laboratorio-de-biologia-molecular\\\/#listItem\",\"position\":3,\"name\":\"Funda\\u00e7\\u00e3o Cristiano Varella inova com a instala\\u00e7\\u00e3o do Laborat\\u00f3rio de Biologia Molecular\",\"previousItem\":{\"@type\":\"ListItem\",\"@id\":\"https:\\\/\\\/anoticiaonline.com.br\\\/site\\\/categoria\\\/muriae\\\/#listItem\",\"name\":\"Blog\"}}]},{\"@type\":\"Organization\",\"@id\":\"https:\\\/\\\/anoticiaonline.com.br\\\/site\\\/#organization\",\"name\":\"A Not\\u00edcia Online\",\"description\":\"Noticias de Muria\\u00e9 e regi\\u00e3o\",\"url\":\"https:\\\/\\\/anoticiaonline.com.br\\\/site\\\/\",\"logo\":{\"@type\":\"ImageObject\",\"url\":\"https:\\\/\\\/scontent-gig4-1.xx.fbcdn.net\\\/v\\\/t39.30808-1\\\/270437624_4564083193639691_6907940295614233970_n.jpg?stp=dst-jpg_s200x200_tt6&_nc_cat=111&ccb=1-7&_nc_sid=f907e8&_nc_ohc=SM1wRlP3lJwQ7kNvwEPuBYA&_nc_oc=AdnqrjDN_BNjSSHWO-GbkIWH6fkGMLw4bqvL_NH6e2wMveX7G-rP2dAqsDSq1mJMOaY&_nc_zt=24&_nc_ht=scontent-gig4-1.xx&_nc_gid=AoBFJeGrT1hVaew_6rchkQ&oh=00_AfX7QmFGhQhG2jAllVgXCiM1ZrWgvtp80-Bfppyexh1QEg&oe=689E923C\",\"@id\":\"https:\\\/\\\/anoticiaonline.com.br\\\/site\\\/fundacao-cristiano-varella-inova-com-a-instalacao-do-laboratorio-de-biologia-molecular\\\/#organizationLogo\"},\"image\":{\"@id\":\"https:\\\/\\\/anoticiaonline.com.br\\\/site\\\/fundacao-cristiano-varella-inova-com-a-instalacao-do-laboratorio-de-biologia-molecular\\\/#organizationLogo\"}},{\"@type\":\"Person\",\"@id\":\"https:\\\/\\\/anoticiaonline.com.br\\\/site\\\/author\\\/juliana\\\/#author\",\"url\":\"https:\\\/\\\/anoticiaonline.com.br\\\/site\\\/author\\\/juliana\\\/\",\"name\":\"Juliana Laviola\",\"image\":{\"@type\":\"ImageObject\",\"@id\":\"https:\\\/\\\/anoticiaonline.com.br\\\/site\\\/fundacao-cristiano-varella-inova-com-a-instalacao-do-laboratorio-de-biologia-molecular\\\/#authorImage\",\"url\":\"https:\\\/\\\/secure.gravatar.com\\\/avatar\\\/b8d45f5c699b100dfaf0e543582f38f38bf94cb7ae3a5e9abf8d891a34773335?s=96&d=mm&r=g\",\"width\":96,\"height\":96,\"caption\":\"Juliana Laviola\"}},{\"@type\":\"WebPage\",\"@id\":\"https:\\\/\\\/anoticiaonline.com.br\\\/site\\\/fundacao-cristiano-varella-inova-com-a-instalacao-do-laboratorio-de-biologia-molecular\\\/#webpage\",\"url\":\"https:\\\/\\\/anoticiaonline.com.br\\\/site\\\/fundacao-cristiano-varella-inova-com-a-instalacao-do-laboratorio-de-biologia-molecular\\\/\",\"name\":\"Funda\\u00e7\\u00e3o Cristiano Varella inova com a instala\\u00e7\\u00e3o do Laborat\\u00f3rio de Biologia Molecular - A Not\\u00edcia Online\",\"description\":\"O Hospital do C\\u00e2ncer de Muria\\u00e9 da Funda\\u00e7\\u00e3o Cristiano Varella est\\u00e1 inovando mais uma vez, ao ampliar o setor de laborat\\u00f3rio da institui\\u00e7\\u00e3o. O Laborat\\u00f3rio de Biologia Molecular j\\u00e1 est\\u00e1 montado e na reta final de valida\\u00e7\\u00e3o. O objetivo \\u00e9 oferecer diagn\\u00f3sticos gen\\u00e9ticos e moleculares de precis\\u00e3o, importantes nas etapas de preven\\u00e7\\u00e3o, rastreamento e tratamento\",\"inLanguage\":\"pt-BR\",\"isPartOf\":{\"@id\":\"https:\\\/\\\/anoticiaonline.com.br\\\/site\\\/#website\"},\"breadcrumb\":{\"@id\":\"https:\\\/\\\/anoticiaonline.com.br\\\/site\\\/fundacao-cristiano-varella-inova-com-a-instalacao-do-laboratorio-de-biologia-molecular\\\/#breadcrumblist\"},\"author\":{\"@id\":\"https:\\\/\\\/anoticiaonline.com.br\\\/site\\\/author\\\/juliana\\\/#author\"},\"creator\":{\"@id\":\"https:\\\/\\\/anoticiaonline.com.br\\\/site\\\/author\\\/juliana\\\/#author\"},\"image\":{\"@type\":\"ImageObject\",\"url\":\"https:\\\/\\\/anoticiaonline.com.br\\\/site\\\/wp-content\\\/uploads\\\/2017\\\/05\\\/DSC_5732.jpg\",\"@id\":\"https:\\\/\\\/anoticiaonline.com.br\\\/site\\\/fundacao-cristiano-varella-inova-com-a-instalacao-do-laboratorio-de-biologia-molecular\\\/#mainImage\",\"width\":640,\"height\":424},\"primaryImageOfPage\":{\"@id\":\"https:\\\/\\\/anoticiaonline.com.br\\\/site\\\/fundacao-cristiano-varella-inova-com-a-instalacao-do-laboratorio-de-biologia-molecular\\\/#mainImage\"},\"datePublished\":\"2017-05-17T11:54:06-03:00\",\"dateModified\":\"2017-05-17T11:54:06-03:00\"},{\"@type\":\"WebSite\",\"@id\":\"https:\\\/\\\/anoticiaonline.com.br\\\/site\\\/#website\",\"url\":\"https:\\\/\\\/anoticiaonline.com.br\\\/site\\\/\",\"name\":\"A Not\\u00edcia Online\",\"description\":\"Noticias de Muria\\u00e9 e regi\\u00e3o\",\"inLanguage\":\"pt-BR\",\"publisher\":{\"@id\":\"https:\\\/\\\/anoticiaonline.com.br\\\/site\\\/#organization\"}}]}\n\t\t<\/script>\n\t\t<!-- All in One SEO -->\n\n","aioseo_head_json":{"title":"Funda\u00e7\u00e3o Cristiano Varella inova com a instala\u00e7\u00e3o do Laborat\u00f3rio de Biologia Molecular - A Not\u00edcia Online","description":"O Hospital do C\u00e2ncer de Muria\u00e9 da Funda\u00e7\u00e3o Cristiano Varella est\u00e1 inovando mais uma vez, ao ampliar o setor de laborat\u00f3rio da institui\u00e7\u00e3o. O Laborat\u00f3rio de Biologia Molecular j\u00e1 est\u00e1 montado e na reta final de valida\u00e7\u00e3o. O objetivo \u00e9 oferecer diagn\u00f3sticos gen\u00e9ticos e moleculares de precis\u00e3o, importantes nas etapas de preven\u00e7\u00e3o, rastreamento e tratamento","canonical_url":"https:\/\/anoticiaonline.com.br\/site\/fundacao-cristiano-varella-inova-com-a-instalacao-do-laboratorio-de-biologia-molecular\/","robots":"max-image-preview:large","keywords":"","webmasterTools":{"miscellaneous":""},"schema":{"@context":"https:\/\/schema.org","@graph":[{"@type":"BlogPosting","@id":"https:\/\/anoticiaonline.com.br\/site\/fundacao-cristiano-varella-inova-com-a-instalacao-do-laboratorio-de-biologia-molecular\/#blogposting","name":"Funda\u00e7\u00e3o Cristiano Varella inova com a instala\u00e7\u00e3o do Laborat\u00f3rio de Biologia Molecular - A Not\u00edcia Online","headline":"Funda\u00e7\u00e3o Cristiano Varella inova com a instala\u00e7\u00e3o do Laborat\u00f3rio de Biologia Molecular","author":{"@id":"https:\/\/anoticiaonline.com.br\/site\/author\/juliana\/#author"},"publisher":{"@id":"https:\/\/anoticiaonline.com.br\/site\/#organization"},"image":{"@type":"ImageObject","url":"https:\/\/anoticiaonline.com.br\/site\/wp-content\/uploads\/2017\/05\/DSC_5732.jpg","width":640,"height":424},"datePublished":"2017-05-17T11:54:06-03:00","dateModified":"2017-05-17T11:54:06-03:00","inLanguage":"pt-BR","mainEntityOfPage":{"@id":"https:\/\/anoticiaonline.com.br\/site\/fundacao-cristiano-varella-inova-com-a-instalacao-do-laboratorio-de-biologia-molecular\/#webpage"},"isPartOf":{"@id":"https:\/\/anoticiaonline.com.br\/site\/fundacao-cristiano-varella-inova-com-a-instalacao-do-laboratorio-de-biologia-molecular\/#webpage"},"articleSection":"Blog, slide"},{"@type":"BreadcrumbList","@id":"https:\/\/anoticiaonline.com.br\/site\/fundacao-cristiano-varella-inova-com-a-instalacao-do-laboratorio-de-biologia-molecular\/#breadcrumblist","itemListElement":[{"@type":"ListItem","@id":"https:\/\/anoticiaonline.com.br\/site#listItem","position":1,"name":"Home","item":"https:\/\/anoticiaonline.com.br\/site","nextItem":{"@type":"ListItem","@id":"https:\/\/anoticiaonline.com.br\/site\/categoria\/muriae\/#listItem","name":"Blog"}},{"@type":"ListItem","@id":"https:\/\/anoticiaonline.com.br\/site\/categoria\/muriae\/#listItem","position":2,"name":"Blog","item":"https:\/\/anoticiaonline.com.br\/site\/categoria\/muriae\/","nextItem":{"@type":"ListItem","@id":"https:\/\/anoticiaonline.com.br\/site\/fundacao-cristiano-varella-inova-com-a-instalacao-do-laboratorio-de-biologia-molecular\/#listItem","name":"Funda\u00e7\u00e3o Cristiano Varella inova com a instala\u00e7\u00e3o do Laborat\u00f3rio de Biologia Molecular"},"previousItem":{"@type":"ListItem","@id":"https:\/\/anoticiaonline.com.br\/site#listItem","name":"Home"}},{"@type":"ListItem","@id":"https:\/\/anoticiaonline.com.br\/site\/fundacao-cristiano-varella-inova-com-a-instalacao-do-laboratorio-de-biologia-molecular\/#listItem","position":3,"name":"Funda\u00e7\u00e3o Cristiano Varella inova com a instala\u00e7\u00e3o do Laborat\u00f3rio de Biologia Molecular","previousItem":{"@type":"ListItem","@id":"https:\/\/anoticiaonline.com.br\/site\/categoria\/muriae\/#listItem","name":"Blog"}}]},{"@type":"Organization","@id":"https:\/\/anoticiaonline.com.br\/site\/#organization","name":"A Not\u00edcia Online","description":"Noticias de Muria\u00e9 e regi\u00e3o","url":"https:\/\/anoticiaonline.com.br\/site\/","logo":{"@type":"ImageObject","url":"https:\/\/scontent-gig4-1.xx.fbcdn.net\/v\/t39.30808-1\/270437624_4564083193639691_6907940295614233970_n.jpg?stp=dst-jpg_s200x200_tt6&_nc_cat=111&ccb=1-7&_nc_sid=f907e8&_nc_ohc=SM1wRlP3lJwQ7kNvwEPuBYA&_nc_oc=AdnqrjDN_BNjSSHWO-GbkIWH6fkGMLw4bqvL_NH6e2wMveX7G-rP2dAqsDSq1mJMOaY&_nc_zt=24&_nc_ht=scontent-gig4-1.xx&_nc_gid=AoBFJeGrT1hVaew_6rchkQ&oh=00_AfX7QmFGhQhG2jAllVgXCiM1ZrWgvtp80-Bfppyexh1QEg&oe=689E923C","@id":"https:\/\/anoticiaonline.com.br\/site\/fundacao-cristiano-varella-inova-com-a-instalacao-do-laboratorio-de-biologia-molecular\/#organizationLogo"},"image":{"@id":"https:\/\/anoticiaonline.com.br\/site\/fundacao-cristiano-varella-inova-com-a-instalacao-do-laboratorio-de-biologia-molecular\/#organizationLogo"}},{"@type":"Person","@id":"https:\/\/anoticiaonline.com.br\/site\/author\/juliana\/#author","url":"https:\/\/anoticiaonline.com.br\/site\/author\/juliana\/","name":"Juliana Laviola","image":{"@type":"ImageObject","@id":"https:\/\/anoticiaonline.com.br\/site\/fundacao-cristiano-varella-inova-com-a-instalacao-do-laboratorio-de-biologia-molecular\/#authorImage","url":"https:\/\/secure.gravatar.com\/avatar\/b8d45f5c699b100dfaf0e543582f38f38bf94cb7ae3a5e9abf8d891a34773335?s=96&d=mm&r=g","width":96,"height":96,"caption":"Juliana Laviola"}},{"@type":"WebPage","@id":"https:\/\/anoticiaonline.com.br\/site\/fundacao-cristiano-varella-inova-com-a-instalacao-do-laboratorio-de-biologia-molecular\/#webpage","url":"https:\/\/anoticiaonline.com.br\/site\/fundacao-cristiano-varella-inova-com-a-instalacao-do-laboratorio-de-biologia-molecular\/","name":"Funda\u00e7\u00e3o Cristiano Varella inova com a instala\u00e7\u00e3o do Laborat\u00f3rio de Biologia Molecular - A Not\u00edcia Online","description":"O Hospital do C\u00e2ncer de Muria\u00e9 da Funda\u00e7\u00e3o Cristiano Varella est\u00e1 inovando mais uma vez, ao ampliar o setor de laborat\u00f3rio da institui\u00e7\u00e3o. O Laborat\u00f3rio de Biologia Molecular j\u00e1 est\u00e1 montado e na reta final de valida\u00e7\u00e3o. O objetivo \u00e9 oferecer diagn\u00f3sticos gen\u00e9ticos e moleculares de precis\u00e3o, importantes nas etapas de preven\u00e7\u00e3o, rastreamento e tratamento","inLanguage":"pt-BR","isPartOf":{"@id":"https:\/\/anoticiaonline.com.br\/site\/#website"},"breadcrumb":{"@id":"https:\/\/anoticiaonline.com.br\/site\/fundacao-cristiano-varella-inova-com-a-instalacao-do-laboratorio-de-biologia-molecular\/#breadcrumblist"},"author":{"@id":"https:\/\/anoticiaonline.com.br\/site\/author\/juliana\/#author"},"creator":{"@id":"https:\/\/anoticiaonline.com.br\/site\/author\/juliana\/#author"},"image":{"@type":"ImageObject","url":"https:\/\/anoticiaonline.com.br\/site\/wp-content\/uploads\/2017\/05\/DSC_5732.jpg","@id":"https:\/\/anoticiaonline.com.br\/site\/fundacao-cristiano-varella-inova-com-a-instalacao-do-laboratorio-de-biologia-molecular\/#mainImage","width":640,"height":424},"primaryImageOfPage":{"@id":"https:\/\/anoticiaonline.com.br\/site\/fundacao-cristiano-varella-inova-com-a-instalacao-do-laboratorio-de-biologia-molecular\/#mainImage"},"datePublished":"2017-05-17T11:54:06-03:00","dateModified":"2017-05-17T11:54:06-03:00"},{"@type":"WebSite","@id":"https:\/\/anoticiaonline.com.br\/site\/#website","url":"https:\/\/anoticiaonline.com.br\/site\/","name":"A Not\u00edcia Online","description":"Noticias de Muria\u00e9 e regi\u00e3o","inLanguage":"pt-BR","publisher":{"@id":"https:\/\/anoticiaonline.com.br\/site\/#organization"}}]},"og:locale":"pt_BR","og:site_name":"A Not\u00edcia Online - Noticias de Muria\u00e9 e regi\u00e3o","og:type":"article","og:title":"Funda\u00e7\u00e3o Cristiano Varella inova com a instala\u00e7\u00e3o do Laborat\u00f3rio de Biologia Molecular - A Not\u00edcia Online","og:description":"O Hospital do C\u00e2ncer de Muria\u00e9 da Funda\u00e7\u00e3o Cristiano Varella est\u00e1 inovando mais uma vez, ao ampliar o setor de laborat\u00f3rio da institui\u00e7\u00e3o. O Laborat\u00f3rio de Biologia Molecular j\u00e1 est\u00e1 montado e na reta final de valida\u00e7\u00e3o. O objetivo \u00e9 oferecer diagn\u00f3sticos gen\u00e9ticos e moleculares de precis\u00e3o, importantes nas etapas de preven\u00e7\u00e3o, rastreamento e tratamento","og:url":"https:\/\/anoticiaonline.com.br\/site\/fundacao-cristiano-varella-inova-com-a-instalacao-do-laboratorio-de-biologia-molecular\/","og:image":"https:\/\/scontent-gig4-1.xx.fbcdn.net\/v\/t39.30808-1\/270437624_4564083193639691_6907940295614233970_n.jpg?stp=dst-jpg_s200x200_tt6&#038;_nc_cat=111&#038;ccb=1-7&#038;_nc_sid=f907e8&#038;_nc_ohc=SM1wRlP3lJwQ7kNvwEPuBYA&#038;_nc_oc=AdnqrjDN_BNjSSHWO-GbkIWH6fkGMLw4bqvL_NH6e2wMveX7G-rP2dAqsDSq1mJMOaY&#038;_nc_zt=24&#038;_nc_ht=scontent-gig4-1.xx&#038;_nc_gid=AoBFJeGrT1hVaew_6rchkQ&#038;oh=00_AfX7QmFGhQhG2jAllVgXCiM1ZrWgvtp80-Bfppyexh1QEg&#038;oe=689E923C","og:image:secure_url":"https:\/\/scontent-gig4-1.xx.fbcdn.net\/v\/t39.30808-1\/270437624_4564083193639691_6907940295614233970_n.jpg?stp=dst-jpg_s200x200_tt6&#038;_nc_cat=111&#038;ccb=1-7&#038;_nc_sid=f907e8&#038;_nc_ohc=SM1wRlP3lJwQ7kNvwEPuBYA&#038;_nc_oc=AdnqrjDN_BNjSSHWO-GbkIWH6fkGMLw4bqvL_NH6e2wMveX7G-rP2dAqsDSq1mJMOaY&#038;_nc_zt=24&#038;_nc_ht=scontent-gig4-1.xx&#038;_nc_gid=AoBFJeGrT1hVaew_6rchkQ&#038;oh=00_AfX7QmFGhQhG2jAllVgXCiM1ZrWgvtp80-Bfppyexh1QEg&#038;oe=689E923C","article:published_time":"2017-05-17T14:54:06+00:00","article:modified_time":"2017-05-17T14:54:06+00:00","twitter:card":"summary_large_image","twitter:title":"Funda\u00e7\u00e3o Cristiano Varella inova com a instala\u00e7\u00e3o do Laborat\u00f3rio de Biologia Molecular - A Not\u00edcia Online","twitter:description":"O Hospital do C\u00e2ncer de Muria\u00e9 da Funda\u00e7\u00e3o Cristiano Varella est\u00e1 inovando mais uma vez, ao ampliar o setor de laborat\u00f3rio da institui\u00e7\u00e3o. O Laborat\u00f3rio de Biologia Molecular j\u00e1 est\u00e1 montado e na reta final de valida\u00e7\u00e3o. O objetivo \u00e9 oferecer diagn\u00f3sticos gen\u00e9ticos e moleculares de precis\u00e3o, importantes nas etapas de preven\u00e7\u00e3o, rastreamento e tratamento","twitter:image":"https:\/\/scontent-gig4-1.xx.fbcdn.net\/v\/t39.30808-1\/270437624_4564083193639691_6907940295614233970_n.jpg?stp=dst-jpg_s200x200_tt6&_nc_cat=111&ccb=1-7&_nc_sid=f907e8&_nc_ohc=SM1wRlP3lJwQ7kNvwEPuBYA&_nc_oc=AdnqrjDN_BNjSSHWO-GbkIWH6fkGMLw4bqvL_NH6e2wMveX7G-rP2dAqsDSq1mJMOaY&_nc_zt=24&_nc_ht=scontent-gig4-1.xx&_nc_gid=AoBFJeGrT1hVaew_6rchkQ&oh=00_AfX7QmFGhQhG2jAllVgXCiM1ZrWgvtp80-Bfppyexh1QEg&oe=689E923C"},"aioseo_meta_data":{"post_id":"30118","title":null,"description":null,"keywords":null,"keyphrases":null,"primary_term":null,"canonical_url":null,"og_title":null,"og_description":null,"og_object_type":"default","og_image_type":"default","og_image_url":null,"og_image_width":null,"og_image_height":null,"og_image_custom_url":null,"og_image_custom_fields":null,"og_video":null,"og_custom_url":null,"og_article_section":null,"og_article_tags":null,"twitter_use_og":false,"twitter_card":"default","twitter_image_type":"default","twitter_image_url":null,"twitter_image_custom_url":null,"twitter_image_custom_fields":null,"twitter_title":null,"twitter_description":null,"schema":{"blockGraphs":[],"customGraphs":[],"default":{"data":{"Article":[],"Course":[],"Dataset":[],"FAQPage":[],"Movie":[],"Person":[],"Product":[],"ProductReview":[],"Car":[],"Recipe":[],"Service":[],"SoftwareApplication":[],"WebPage":[]},"graphName":"","isEnabled":true},"graphs":[]},"schema_type":"default","schema_type_options":null,"pillar_content":false,"robots_default":true,"robots_noindex":false,"robots_noarchive":false,"robots_nosnippet":false,"robots_nofollow":false,"robots_noimageindex":false,"robots_noodp":false,"robots_notranslate":false,"robots_max_snippet":null,"robots_max_videopreview":null,"robots_max_imagepreview":"large","priority":null,"frequency":null,"local_seo":null,"breadcrumb_settings":null,"limit_modified_date":false,"ai":null,"created":"2025-08-16 18:23:50","updated":"2025-08-16 18:23:50","focus_keyword":null,"additional_keywords":null,"truseo_locale":null,"seo_analyzer_scan_date":null},"aioseo_breadcrumb":"<div class=\"aioseo-breadcrumbs\"><span class=\"aioseo-breadcrumb\">\n\t\t\t<a href=\"https:\/\/anoticiaonline.com.br\/site\" title=\"Home\">Home<\/a>\n\t\t<\/span><span class=\"aioseo-breadcrumb-separator\">&raquo;<\/span><span class=\"aioseo-breadcrumb\">\n\t\t\t<a href=\"https:\/\/anoticiaonline.com.br\/site\/categoria\/muriae\/\" title=\"Blog\">Blog<\/a>\n\t\t<\/span><span class=\"aioseo-breadcrumb-separator\">&raquo;<\/span><span class=\"aioseo-breadcrumb\">\n\t\t\tFunda\u00e7\u00e3o Cristiano Varella inova com a instala\u00e7\u00e3o do Laborat\u00f3rio de Biologia Molecular\n\t\t<\/span><\/div>","aioseo_breadcrumb_json":[{"label":"Home","link":"https:\/\/anoticiaonline.com.br\/site"},{"label":"Blog","link":"https:\/\/anoticiaonline.com.br\/site\/categoria\/muriae\/"},{"label":"Funda\u00e7\u00e3o Cristiano Varella inova com a instala\u00e7\u00e3o do Laborat\u00f3rio de Biologia Molecular","link":"https:\/\/anoticiaonline.com.br\/site\/fundacao-cristiano-varella-inova-com-a-instalacao-do-laboratorio-de-biologia-molecular\/"}],"views":148,"_links":{"self":[{"href":"https:\/\/anoticiaonline.com.br\/site\/wp-json\/wp\/v2\/posts\/30118","targetHints":{"allow":["GET"]}}],"collection":[{"href":"https:\/\/anoticiaonline.com.br\/site\/wp-json\/wp\/v2\/posts"}],"about":[{"href":"https:\/\/anoticiaonline.com.br\/site\/wp-json\/wp\/v2\/types\/post"}],"author":[{"embeddable":true,"href":"https:\/\/anoticiaonline.com.br\/site\/wp-json\/wp\/v2\/users\/2"}],"replies":[{"embeddable":true,"href":"https:\/\/anoticiaonline.com.br\/site\/wp-json\/wp\/v2\/comments?post=30118"}],"version-history":[{"count":0,"href":"https:\/\/anoticiaonline.com.br\/site\/wp-json\/wp\/v2\/posts\/30118\/revisions"}],"wp:featuredmedia":[{"embeddable":true,"href":"https:\/\/anoticiaonline.com.br\/site\/wp-json\/wp\/v2\/media\/30119"}],"wp:attachment":[{"href":"https:\/\/anoticiaonline.com.br\/site\/wp-json\/wp\/v2\/media?parent=30118"}],"wp:term":[{"taxonomy":"category","embeddable":true,"href":"https:\/\/anoticiaonline.com.br\/site\/wp-json\/wp\/v2\/categories?post=30118"},{"taxonomy":"post_tag","embeddable":true,"href":"https:\/\/anoticiaonline.com.br\/site\/wp-json\/wp\/v2\/tags?post=30118"}],"curies":[{"name":"wp","href":"https:\/\/api.w.org\/{rel}","templated":true}]}}