{"id":29780,"date":"2017-05-15T11:54:42","date_gmt":"2017-05-15T14:54:42","guid":{"rendered":"http:\/\/anoticiaonline.com.br\/site\/?p=29780"},"modified":"2017-05-15T11:54:42","modified_gmt":"2017-05-15T14:54:42","slug":"obrigacao-fuga","status":"publish","type":"post","link":"https:\/\/anoticiaonline.com.br\/site\/obrigacao-fuga\/","title":{"rendered":"Obriga\u00e7\u00e3o &#038; fuga"},"content":{"rendered":"<p><strong>O dever \u00e9 o mais belo laurel da raz\u00e3o<\/strong><br \/>\n<em>\u201cO dever, por mais duro, constitui sempre a vontade de Deus.\u201d &#8211; Emmanuel<\/em><\/p>\n<p>L\u00e1zaro\u00a0 e Emmanuel mostram as verdadeiras e not\u00e1veis dimens\u00f5es do dever, indicando-nos o modo correto de entender as coisas, bem como as dolorosas consequ\u00eancias da fuga \u00e0s obriga\u00e7\u00f5es&#8230;<\/p>\n<p>Afinal, o que \u00e9 o dever?\u00a0 Onde come\u00e7a?! Onde termina?!<\/p>\n<p>O dever \u00e9 a obriga\u00e7\u00e3o moral da criatura para consigo mesma primeiro e, em seguida, para com os outros.\u00a0\u00a0 O dever \u00e9 a lei da vida, \u00e9 o resumo pr\u00e1tico de todas as especula\u00e7\u00f5es morais, \u00e9 o mais belo laurel da raz\u00e3o; descende desta como de sua m\u00e3e o filho.<\/p>\n<p>O dever come\u00e7a sempre no exato ponto onde amea\u00e7amos a felicidade ou a tranquilidade do pr\u00f3ximo.\u00a0\u00a0 Termina no limite onde n\u00e3o desejamos que ningu\u00e9m transponha com rela\u00e7\u00e3o a n\u00f3s.<\/p>\n<p>Na ordem dos sentimentos, o dever \u00e9 muito dif\u00edcil de cumprir-se, por se achar em antagonismo com as atra\u00e7\u00f5es do interesse e do cora\u00e7\u00e3o. Entanto, ele cresce e irradia-se sob mais elevada forma, em cada um dos est\u00e1gios superiores da humanidade.<\/p>\n<p>As defec\u00e7\u00f5es na \u00e1rea do dever vinculam-se a dolorosos corol\u00e1rios.\u00a0 Quebrando a ordem que lhe rege os caminhos, desorganizar\u00e1 a pr\u00f3pria exist\u00eancia.\u00a0 Os princ\u00edpios equilibrantes da vida surgir\u00e3o sempre, corrigindo e restaurando&#8230; Jamais perturbaremos o que Deus harmonizou sem grandes danos a n\u00f3s mesmos.<\/p>\n<p>Ningu\u00e9m alegue desconhecimento do Prop\u00f3sito Divino. O dever, por mais duro, constitui sempre a Vontade do Senhor. E a consci\u00eancia, sentinela vigilante do Eterno, a menos que esteja o homem dormindo no patamar do bruto, permanece apta a discernir o que constitui \u201cobriga\u00e7\u00e3o\u201d e o que representa \u201cfuga\u201d.<\/p>\n<p>Deus criou e uniu os seres e igualmente criou situa\u00e7\u00f5es e coisas, ajustando-as para o bem comum. Quem desarmoniza as obras divinas, prepare-se para a recomposi\u00e7\u00e3o. Quem lesa os mecanismos divinos, algema o pr\u00f3prio \u201ceu\u201d aos resultados de sua infeliz a\u00e7\u00e3o e, por vezes, demora s\u00e9culos desatando grilh\u00f5es&#8230;<\/p>\n<p>Na atualidade terrestre, esmagadora porcentagem dos homens constitui-se de milh\u00f5es em servi\u00e7o reparador, depois de haverem abalado o que Deus harmonizou, perturbando com o mal, o que a Provid\u00eancia estabelecera para o bem.<\/p>\n<p>Prestigiemos as organiza\u00e7\u00f5es do Justo Juiz que a no\u00e7\u00e3o do dever identifica para n\u00f3s em todos os quadros do mundo.<\/p>\n<p>\u00c0s vezes, \u00e9 poss\u00edvel perturbar-lhe as obras com sorrisos, mas seremos invariavelmente for\u00e7ados a repar\u00e1-las com suor e l\u00e1grimas.<\/p>\n","protected":false},"excerpt":{"rendered":"<p>O dever \u00e9 o mais belo laurel da raz\u00e3o \u201cO dever, por mais duro, constitui sempre a vontade de Deus.\u201d &#8211; Emmanuel L\u00e1zaro\u00a0 e Emmanuel mostram as verdadeiras e not\u00e1veis dimens\u00f5es do dever, indicando-nos o modo correto de entender as coisas, bem como as dolorosas consequ\u00eancias da fuga \u00e0s obriga\u00e7\u00f5es&#8230; Afinal, o que \u00e9 o &#8230; <a title=\"Obriga\u00e7\u00e3o &#038; fuga\" class=\"read-more\" href=\"https:\/\/anoticiaonline.com.br\/site\/obrigacao-fuga\/\" aria-label=\"Read more about Obriga\u00e7\u00e3o &#038; fuga\">Ler mais<\/a><\/p>\n","protected":false},"author":2,"featured_media":0,"comment_status":"open","ping_status":"open","sticky":false,"template":"","format":"standard","meta":{"_acf_changed":false,"_monsterinsights_skip_tracking":false,"footnotes":""},"categories":[44],"tags":[],"class_list":["post-29780","post","type-post","status-publish","format-standard","hentry","category-espiritismo-em-foco-de-rogerio-coelho"],"acf":[],"aioseo_notices":[],"aioseo_head":"\n\t\t<!-- All in One SEO 5.0.0.1 - aioseo.com -->\n\t<meta name=\"description\" content=\"O dever \u00e9 o mais belo laurel da raz\u00e3o \u201cO dever, por mais duro, constitui sempre a vontade de Deus.\u201d - Emmanuel L\u00e1zaro e Emmanuel mostram as verdadeiras e not\u00e1veis dimens\u00f5es do dever, indicando-nos o modo correto de entender as coisas, bem como as dolorosas consequ\u00eancias da fuga \u00e0s obriga\u00e7\u00f5es... Afinal, o que \u00e9 o\" \/>\n\t<meta name=\"robots\" content=\"max-image-preview:large\" \/>\n\t<meta name=\"author\" content=\"Juliana Laviola\"\/>\n\t<link rel=\"canonical\" href=\"https:\/\/anoticiaonline.com.br\/site\/obrigacao-fuga\/\" \/>\n\t<meta name=\"generator\" content=\"All in One SEO (AIOSEO) 5.0.0.1\" \/>\n\t\t<meta property=\"og:locale\" content=\"pt_BR\" \/>\n\t\t<meta property=\"og:site_name\" content=\"A Not\u00edcia Online - Noticias de Muria\u00e9 e regi\u00e3o\" \/>\n\t\t<meta property=\"og:type\" content=\"article\" \/>\n\t\t<meta property=\"og:title\" content=\"Obriga\u00e7\u00e3o &amp; fuga - A Not\u00edcia Online\" \/>\n\t\t<meta property=\"og:description\" content=\"O dever \u00e9 o mais belo laurel da raz\u00e3o \u201cO dever, por mais duro, constitui sempre a vontade de Deus.\u201d - Emmanuel L\u00e1zaro e Emmanuel mostram as verdadeiras e not\u00e1veis dimens\u00f5es do dever, indicando-nos o modo correto de entender as coisas, bem como as dolorosas consequ\u00eancias da fuga \u00e0s obriga\u00e7\u00f5es... Afinal, o que \u00e9 o\" \/>\n\t\t<meta property=\"og:url\" content=\"https:\/\/anoticiaonline.com.br\/site\/obrigacao-fuga\/\" \/>\n\t\t<meta property=\"og:image\" content=\"https:\/\/scontent-gig4-1.xx.fbcdn.net\/v\/t39.30808-1\/270437624_4564083193639691_6907940295614233970_n.jpg?stp=dst-jpg_s200x200_tt6&#038;_nc_cat=111&#038;ccb=1-7&#038;_nc_sid=f907e8&#038;_nc_ohc=SM1wRlP3lJwQ7kNvwEPuBYA&#038;_nc_oc=AdnqrjDN_BNjSSHWO-GbkIWH6fkGMLw4bqvL_NH6e2wMveX7G-rP2dAqsDSq1mJMOaY&#038;_nc_zt=24&#038;_nc_ht=scontent-gig4-1.xx&#038;_nc_gid=AoBFJeGrT1hVaew_6rchkQ&#038;oh=00_AfX7QmFGhQhG2jAllVgXCiM1ZrWgvtp80-Bfppyexh1QEg&#038;oe=689E923C\" \/>\n\t\t<meta property=\"og:image:secure_url\" content=\"https:\/\/scontent-gig4-1.xx.fbcdn.net\/v\/t39.30808-1\/270437624_4564083193639691_6907940295614233970_n.jpg?stp=dst-jpg_s200x200_tt6&#038;_nc_cat=111&#038;ccb=1-7&#038;_nc_sid=f907e8&#038;_nc_ohc=SM1wRlP3lJwQ7kNvwEPuBYA&#038;_nc_oc=AdnqrjDN_BNjSSHWO-GbkIWH6fkGMLw4bqvL_NH6e2wMveX7G-rP2dAqsDSq1mJMOaY&#038;_nc_zt=24&#038;_nc_ht=scontent-gig4-1.xx&#038;_nc_gid=AoBFJeGrT1hVaew_6rchkQ&#038;oh=00_AfX7QmFGhQhG2jAllVgXCiM1ZrWgvtp80-Bfppyexh1QEg&#038;oe=689E923C\" \/>\n\t\t<meta property=\"article:published_time\" content=\"2017-05-15T14:54:42+00:00\" \/>\n\t\t<meta property=\"article:modified_time\" content=\"2017-05-15T14:54:42+00:00\" \/>\n\t\t<meta name=\"twitter:card\" content=\"summary_large_image\" \/>\n\t\t<meta name=\"twitter:title\" content=\"Obriga\u00e7\u00e3o &amp; fuga - A Not\u00edcia Online\" \/>\n\t\t<meta name=\"twitter:description\" content=\"O dever \u00e9 o mais belo laurel da raz\u00e3o \u201cO dever, por mais duro, constitui sempre a vontade de Deus.\u201d - Emmanuel L\u00e1zaro e Emmanuel mostram as verdadeiras e not\u00e1veis dimens\u00f5es do dever, indicando-nos o modo correto de entender as coisas, bem como as dolorosas consequ\u00eancias da fuga \u00e0s obriga\u00e7\u00f5es... Afinal, o que \u00e9 o\" \/>\n\t\t<meta name=\"twitter:image\" content=\"https:\/\/scontent-gig4-1.xx.fbcdn.net\/v\/t39.30808-1\/270437624_4564083193639691_6907940295614233970_n.jpg?stp=dst-jpg_s200x200_tt6&amp;_nc_cat=111&amp;ccb=1-7&amp;_nc_sid=f907e8&amp;_nc_ohc=SM1wRlP3lJwQ7kNvwEPuBYA&amp;_nc_oc=AdnqrjDN_BNjSSHWO-GbkIWH6fkGMLw4bqvL_NH6e2wMveX7G-rP2dAqsDSq1mJMOaY&amp;_nc_zt=24&amp;_nc_ht=scontent-gig4-1.xx&amp;_nc_gid=AoBFJeGrT1hVaew_6rchkQ&amp;oh=00_AfX7QmFGhQhG2jAllVgXCiM1ZrWgvtp80-Bfppyexh1QEg&amp;oe=689E923C\" \/>\n\t\t<script type=\"application\/ld+json\" class=\"aioseo-schema\">\n\t\t\t{\"@context\":\"https:\\\/\\\/schema.org\",\"@graph\":[{\"@type\":\"BlogPosting\",\"@id\":\"https:\\\/\\\/anoticiaonline.com.br\\\/site\\\/obrigacao-fuga\\\/#blogposting\",\"name\":\"Obriga\\u00e7\\u00e3o & fuga - A Not\\u00edcia Online\",\"headline\":\"Obriga\\u00e7\\u00e3o &#038; fuga\",\"author\":{\"@id\":\"https:\\\/\\\/anoticiaonline.com.br\\\/site\\\/author\\\/juliana\\\/#author\"},\"publisher\":{\"@id\":\"https:\\\/\\\/anoticiaonline.com.br\\\/site\\\/#organization\"},\"image\":{\"@type\":\"ImageObject\",\"url\":\"https:\\\/\\\/scontent-gig4-1.xx.fbcdn.net\\\/v\\\/t39.30808-1\\\/270437624_4564083193639691_6907940295614233970_n.jpg?stp=dst-jpg_s200x200_tt6&_nc_cat=111&ccb=1-7&_nc_sid=f907e8&_nc_ohc=SM1wRlP3lJwQ7kNvwEPuBYA&_nc_oc=AdnqrjDN_BNjSSHWO-GbkIWH6fkGMLw4bqvL_NH6e2wMveX7G-rP2dAqsDSq1mJMOaY&_nc_zt=24&_nc_ht=scontent-gig4-1.xx&_nc_gid=AoBFJeGrT1hVaew_6rchkQ&oh=00_AfX7QmFGhQhG2jAllVgXCiM1ZrWgvtp80-Bfppyexh1QEg&oe=689E923C\",\"@id\":\"https:\\\/\\\/anoticiaonline.com.br\\\/site\\\/#articleImage\"},\"datePublished\":\"2017-05-15T11:54:42-03:00\",\"dateModified\":\"2017-05-15T11:54:42-03:00\",\"inLanguage\":\"pt-BR\",\"mainEntityOfPage\":{\"@id\":\"https:\\\/\\\/anoticiaonline.com.br\\\/site\\\/obrigacao-fuga\\\/#webpage\"},\"isPartOf\":{\"@id\":\"https:\\\/\\\/anoticiaonline.com.br\\\/site\\\/obrigacao-fuga\\\/#webpage\"},\"articleSection\":\"Espiritismo em Foco, por Rog\\u00e9rio Coelho\"},{\"@type\":\"BreadcrumbList\",\"@id\":\"https:\\\/\\\/anoticiaonline.com.br\\\/site\\\/obrigacao-fuga\\\/#breadcrumblist\",\"itemListElement\":[{\"@type\":\"ListItem\",\"@id\":\"https:\\\/\\\/anoticiaonline.com.br\\\/site#listItem\",\"position\":1,\"name\":\"Home\",\"item\":\"https:\\\/\\\/anoticiaonline.com.br\\\/site\",\"nextItem\":{\"@type\":\"ListItem\",\"@id\":\"https:\\\/\\\/anoticiaonline.com.br\\\/site\\\/categoria\\\/colunistas\\\/#listItem\",\"name\":\"Colunistas\"}},{\"@type\":\"ListItem\",\"@id\":\"https:\\\/\\\/anoticiaonline.com.br\\\/site\\\/categoria\\\/colunistas\\\/#listItem\",\"position\":2,\"name\":\"Colunistas\",\"item\":\"https:\\\/\\\/anoticiaonline.com.br\\\/site\\\/categoria\\\/colunistas\\\/\",\"nextItem\":{\"@type\":\"ListItem\",\"@id\":\"https:\\\/\\\/anoticiaonline.com.br\\\/site\\\/categoria\\\/colunistas\\\/espiritismo-em-foco-de-rogerio-coelho\\\/#listItem\",\"name\":\"Espiritismo em Foco, por Rog\\u00e9rio Coelho\"},\"previousItem\":{\"@type\":\"ListItem\",\"@id\":\"https:\\\/\\\/anoticiaonline.com.br\\\/site#listItem\",\"name\":\"Home\"}},{\"@type\":\"ListItem\",\"@id\":\"https:\\\/\\\/anoticiaonline.com.br\\\/site\\\/categoria\\\/colunistas\\\/espiritismo-em-foco-de-rogerio-coelho\\\/#listItem\",\"position\":3,\"name\":\"Espiritismo em Foco, por Rog\\u00e9rio Coelho\",\"item\":\"https:\\\/\\\/anoticiaonline.com.br\\\/site\\\/categoria\\\/colunistas\\\/espiritismo-em-foco-de-rogerio-coelho\\\/\",\"nextItem\":{\"@type\":\"ListItem\",\"@id\":\"https:\\\/\\\/anoticiaonline.com.br\\\/site\\\/obrigacao-fuga\\\/#listItem\",\"name\":\"Obriga\\u00e7\\u00e3o &#038; fuga\"},\"previousItem\":{\"@type\":\"ListItem\",\"@id\":\"https:\\\/\\\/anoticiaonline.com.br\\\/site\\\/categoria\\\/colunistas\\\/#listItem\",\"name\":\"Colunistas\"}},{\"@type\":\"ListItem\",\"@id\":\"https:\\\/\\\/anoticiaonline.com.br\\\/site\\\/obrigacao-fuga\\\/#listItem\",\"position\":4,\"name\":\"Obriga\\u00e7\\u00e3o &#038; fuga\",\"previousItem\":{\"@type\":\"ListItem\",\"@id\":\"https:\\\/\\\/anoticiaonline.com.br\\\/site\\\/categoria\\\/colunistas\\\/espiritismo-em-foco-de-rogerio-coelho\\\/#listItem\",\"name\":\"Espiritismo em Foco, por Rog\\u00e9rio Coelho\"}}]},{\"@type\":\"Organization\",\"@id\":\"https:\\\/\\\/anoticiaonline.com.br\\\/site\\\/#organization\",\"name\":\"A Not\\u00edcia Online\",\"description\":\"Noticias de Muria\\u00e9 e regi\\u00e3o\",\"url\":\"https:\\\/\\\/anoticiaonline.com.br\\\/site\\\/\",\"logo\":{\"@type\":\"ImageObject\",\"url\":\"https:\\\/\\\/scontent-gig4-1.xx.fbcdn.net\\\/v\\\/t39.30808-1\\\/270437624_4564083193639691_6907940295614233970_n.jpg?stp=dst-jpg_s200x200_tt6&_nc_cat=111&ccb=1-7&_nc_sid=f907e8&_nc_ohc=SM1wRlP3lJwQ7kNvwEPuBYA&_nc_oc=AdnqrjDN_BNjSSHWO-GbkIWH6fkGMLw4bqvL_NH6e2wMveX7G-rP2dAqsDSq1mJMOaY&_nc_zt=24&_nc_ht=scontent-gig4-1.xx&_nc_gid=AoBFJeGrT1hVaew_6rchkQ&oh=00_AfX7QmFGhQhG2jAllVgXCiM1ZrWgvtp80-Bfppyexh1QEg&oe=689E923C\",\"@id\":\"https:\\\/\\\/anoticiaonline.com.br\\\/site\\\/obrigacao-fuga\\\/#organizationLogo\"},\"image\":{\"@id\":\"https:\\\/\\\/anoticiaonline.com.br\\\/site\\\/obrigacao-fuga\\\/#organizationLogo\"}},{\"@type\":\"Person\",\"@id\":\"https:\\\/\\\/anoticiaonline.com.br\\\/site\\\/author\\\/juliana\\\/#author\",\"url\":\"https:\\\/\\\/anoticiaonline.com.br\\\/site\\\/author\\\/juliana\\\/\",\"name\":\"Juliana Laviola\",\"image\":{\"@type\":\"ImageObject\",\"@id\":\"https:\\\/\\\/anoticiaonline.com.br\\\/site\\\/obrigacao-fuga\\\/#authorImage\",\"url\":\"https:\\\/\\\/secure.gravatar.com\\\/avatar\\\/b8d45f5c699b100dfaf0e543582f38f38bf94cb7ae3a5e9abf8d891a34773335?s=96&d=mm&r=g\",\"width\":96,\"height\":96,\"caption\":\"Juliana Laviola\"}},{\"@type\":\"WebPage\",\"@id\":\"https:\\\/\\\/anoticiaonline.com.br\\\/site\\\/obrigacao-fuga\\\/#webpage\",\"url\":\"https:\\\/\\\/anoticiaonline.com.br\\\/site\\\/obrigacao-fuga\\\/\",\"name\":\"Obriga\\u00e7\\u00e3o & fuga - A Not\\u00edcia Online\",\"description\":\"O dever \\u00e9 o mais belo laurel da raz\\u00e3o \\u201cO dever, por mais duro, constitui sempre a vontade de Deus.\\u201d - Emmanuel L\\u00e1zaro e Emmanuel mostram as verdadeiras e not\\u00e1veis dimens\\u00f5es do dever, indicando-nos o modo correto de entender as coisas, bem como as dolorosas consequ\\u00eancias da fuga \\u00e0s obriga\\u00e7\\u00f5es... Afinal, o que \\u00e9 o\",\"inLanguage\":\"pt-BR\",\"isPartOf\":{\"@id\":\"https:\\\/\\\/anoticiaonline.com.br\\\/site\\\/#website\"},\"breadcrumb\":{\"@id\":\"https:\\\/\\\/anoticiaonline.com.br\\\/site\\\/obrigacao-fuga\\\/#breadcrumblist\"},\"author\":{\"@id\":\"https:\\\/\\\/anoticiaonline.com.br\\\/site\\\/author\\\/juliana\\\/#author\"},\"creator\":{\"@id\":\"https:\\\/\\\/anoticiaonline.com.br\\\/site\\\/author\\\/juliana\\\/#author\"},\"datePublished\":\"2017-05-15T11:54:42-03:00\",\"dateModified\":\"2017-05-15T11:54:42-03:00\"},{\"@type\":\"WebSite\",\"@id\":\"https:\\\/\\\/anoticiaonline.com.br\\\/site\\\/#website\",\"url\":\"https:\\\/\\\/anoticiaonline.com.br\\\/site\\\/\",\"name\":\"A Not\\u00edcia Online\",\"description\":\"Noticias de Muria\\u00e9 e regi\\u00e3o\",\"inLanguage\":\"pt-BR\",\"publisher\":{\"@id\":\"https:\\\/\\\/anoticiaonline.com.br\\\/site\\\/#organization\"}}]}\n\t\t<\/script>\n\t\t<!-- All in One SEO -->\n\n","aioseo_head_json":{"title":"Obriga\u00e7\u00e3o & fuga - A Not\u00edcia Online","description":"O dever \u00e9 o mais belo laurel da raz\u00e3o \u201cO dever, por mais duro, constitui sempre a vontade de Deus.\u201d - Emmanuel L\u00e1zaro e Emmanuel mostram as verdadeiras e not\u00e1veis dimens\u00f5es do dever, indicando-nos o modo correto de entender as coisas, bem como as dolorosas consequ\u00eancias da fuga \u00e0s obriga\u00e7\u00f5es... Afinal, o que \u00e9 o","canonical_url":"https:\/\/anoticiaonline.com.br\/site\/obrigacao-fuga\/","robots":"max-image-preview:large","keywords":"","webmasterTools":{"miscellaneous":""},"schema":{"@context":"https:\/\/schema.org","@graph":[{"@type":"BlogPosting","@id":"https:\/\/anoticiaonline.com.br\/site\/obrigacao-fuga\/#blogposting","name":"Obriga\u00e7\u00e3o & fuga - A Not\u00edcia Online","headline":"Obriga\u00e7\u00e3o &#038; fuga","author":{"@id":"https:\/\/anoticiaonline.com.br\/site\/author\/juliana\/#author"},"publisher":{"@id":"https:\/\/anoticiaonline.com.br\/site\/#organization"},"image":{"@type":"ImageObject","url":"https:\/\/scontent-gig4-1.xx.fbcdn.net\/v\/t39.30808-1\/270437624_4564083193639691_6907940295614233970_n.jpg?stp=dst-jpg_s200x200_tt6&_nc_cat=111&ccb=1-7&_nc_sid=f907e8&_nc_ohc=SM1wRlP3lJwQ7kNvwEPuBYA&_nc_oc=AdnqrjDN_BNjSSHWO-GbkIWH6fkGMLw4bqvL_NH6e2wMveX7G-rP2dAqsDSq1mJMOaY&_nc_zt=24&_nc_ht=scontent-gig4-1.xx&_nc_gid=AoBFJeGrT1hVaew_6rchkQ&oh=00_AfX7QmFGhQhG2jAllVgXCiM1ZrWgvtp80-Bfppyexh1QEg&oe=689E923C","@id":"https:\/\/anoticiaonline.com.br\/site\/#articleImage"},"datePublished":"2017-05-15T11:54:42-03:00","dateModified":"2017-05-15T11:54:42-03:00","inLanguage":"pt-BR","mainEntityOfPage":{"@id":"https:\/\/anoticiaonline.com.br\/site\/obrigacao-fuga\/#webpage"},"isPartOf":{"@id":"https:\/\/anoticiaonline.com.br\/site\/obrigacao-fuga\/#webpage"},"articleSection":"Espiritismo em Foco, por Rog\u00e9rio Coelho"},{"@type":"BreadcrumbList","@id":"https:\/\/anoticiaonline.com.br\/site\/obrigacao-fuga\/#breadcrumblist","itemListElement":[{"@type":"ListItem","@id":"https:\/\/anoticiaonline.com.br\/site#listItem","position":1,"name":"Home","item":"https:\/\/anoticiaonline.com.br\/site","nextItem":{"@type":"ListItem","@id":"https:\/\/anoticiaonline.com.br\/site\/categoria\/colunistas\/#listItem","name":"Colunistas"}},{"@type":"ListItem","@id":"https:\/\/anoticiaonline.com.br\/site\/categoria\/colunistas\/#listItem","position":2,"name":"Colunistas","item":"https:\/\/anoticiaonline.com.br\/site\/categoria\/colunistas\/","nextItem":{"@type":"ListItem","@id":"https:\/\/anoticiaonline.com.br\/site\/categoria\/colunistas\/espiritismo-em-foco-de-rogerio-coelho\/#listItem","name":"Espiritismo em Foco, por Rog\u00e9rio Coelho"},"previousItem":{"@type":"ListItem","@id":"https:\/\/anoticiaonline.com.br\/site#listItem","name":"Home"}},{"@type":"ListItem","@id":"https:\/\/anoticiaonline.com.br\/site\/categoria\/colunistas\/espiritismo-em-foco-de-rogerio-coelho\/#listItem","position":3,"name":"Espiritismo em Foco, por Rog\u00e9rio Coelho","item":"https:\/\/anoticiaonline.com.br\/site\/categoria\/colunistas\/espiritismo-em-foco-de-rogerio-coelho\/","nextItem":{"@type":"ListItem","@id":"https:\/\/anoticiaonline.com.br\/site\/obrigacao-fuga\/#listItem","name":"Obriga\u00e7\u00e3o &#038; fuga"},"previousItem":{"@type":"ListItem","@id":"https:\/\/anoticiaonline.com.br\/site\/categoria\/colunistas\/#listItem","name":"Colunistas"}},{"@type":"ListItem","@id":"https:\/\/anoticiaonline.com.br\/site\/obrigacao-fuga\/#listItem","position":4,"name":"Obriga\u00e7\u00e3o &#038; fuga","previousItem":{"@type":"ListItem","@id":"https:\/\/anoticiaonline.com.br\/site\/categoria\/colunistas\/espiritismo-em-foco-de-rogerio-coelho\/#listItem","name":"Espiritismo em Foco, por Rog\u00e9rio Coelho"}}]},{"@type":"Organization","@id":"https:\/\/anoticiaonline.com.br\/site\/#organization","name":"A Not\u00edcia Online","description":"Noticias de Muria\u00e9 e regi\u00e3o","url":"https:\/\/anoticiaonline.com.br\/site\/","logo":{"@type":"ImageObject","url":"https:\/\/scontent-gig4-1.xx.fbcdn.net\/v\/t39.30808-1\/270437624_4564083193639691_6907940295614233970_n.jpg?stp=dst-jpg_s200x200_tt6&_nc_cat=111&ccb=1-7&_nc_sid=f907e8&_nc_ohc=SM1wRlP3lJwQ7kNvwEPuBYA&_nc_oc=AdnqrjDN_BNjSSHWO-GbkIWH6fkGMLw4bqvL_NH6e2wMveX7G-rP2dAqsDSq1mJMOaY&_nc_zt=24&_nc_ht=scontent-gig4-1.xx&_nc_gid=AoBFJeGrT1hVaew_6rchkQ&oh=00_AfX7QmFGhQhG2jAllVgXCiM1ZrWgvtp80-Bfppyexh1QEg&oe=689E923C","@id":"https:\/\/anoticiaonline.com.br\/site\/obrigacao-fuga\/#organizationLogo"},"image":{"@id":"https:\/\/anoticiaonline.com.br\/site\/obrigacao-fuga\/#organizationLogo"}},{"@type":"Person","@id":"https:\/\/anoticiaonline.com.br\/site\/author\/juliana\/#author","url":"https:\/\/anoticiaonline.com.br\/site\/author\/juliana\/","name":"Juliana Laviola","image":{"@type":"ImageObject","@id":"https:\/\/anoticiaonline.com.br\/site\/obrigacao-fuga\/#authorImage","url":"https:\/\/secure.gravatar.com\/avatar\/b8d45f5c699b100dfaf0e543582f38f38bf94cb7ae3a5e9abf8d891a34773335?s=96&d=mm&r=g","width":96,"height":96,"caption":"Juliana Laviola"}},{"@type":"WebPage","@id":"https:\/\/anoticiaonline.com.br\/site\/obrigacao-fuga\/#webpage","url":"https:\/\/anoticiaonline.com.br\/site\/obrigacao-fuga\/","name":"Obriga\u00e7\u00e3o & fuga - A Not\u00edcia Online","description":"O dever \u00e9 o mais belo laurel da raz\u00e3o \u201cO dever, por mais duro, constitui sempre a vontade de Deus.\u201d - Emmanuel L\u00e1zaro e Emmanuel mostram as verdadeiras e not\u00e1veis dimens\u00f5es do dever, indicando-nos o modo correto de entender as coisas, bem como as dolorosas consequ\u00eancias da fuga \u00e0s obriga\u00e7\u00f5es... Afinal, o que \u00e9 o","inLanguage":"pt-BR","isPartOf":{"@id":"https:\/\/anoticiaonline.com.br\/site\/#website"},"breadcrumb":{"@id":"https:\/\/anoticiaonline.com.br\/site\/obrigacao-fuga\/#breadcrumblist"},"author":{"@id":"https:\/\/anoticiaonline.com.br\/site\/author\/juliana\/#author"},"creator":{"@id":"https:\/\/anoticiaonline.com.br\/site\/author\/juliana\/#author"},"datePublished":"2017-05-15T11:54:42-03:00","dateModified":"2017-05-15T11:54:42-03:00"},{"@type":"WebSite","@id":"https:\/\/anoticiaonline.com.br\/site\/#website","url":"https:\/\/anoticiaonline.com.br\/site\/","name":"A Not\u00edcia Online","description":"Noticias de Muria\u00e9 e regi\u00e3o","inLanguage":"pt-BR","publisher":{"@id":"https:\/\/anoticiaonline.com.br\/site\/#organization"}}]},"og:locale":"pt_BR","og:site_name":"A Not\u00edcia Online - Noticias de Muria\u00e9 e regi\u00e3o","og:type":"article","og:title":"Obriga\u00e7\u00e3o &amp; fuga - A Not\u00edcia Online","og:description":"O dever \u00e9 o mais belo laurel da raz\u00e3o \u201cO dever, por mais duro, constitui sempre a vontade de Deus.\u201d - Emmanuel L\u00e1zaro e Emmanuel mostram as verdadeiras e not\u00e1veis dimens\u00f5es do dever, indicando-nos o modo correto de entender as coisas, bem como as dolorosas consequ\u00eancias da fuga \u00e0s obriga\u00e7\u00f5es... Afinal, o que \u00e9 o","og:url":"https:\/\/anoticiaonline.com.br\/site\/obrigacao-fuga\/","og:image":"https:\/\/scontent-gig4-1.xx.fbcdn.net\/v\/t39.30808-1\/270437624_4564083193639691_6907940295614233970_n.jpg?stp=dst-jpg_s200x200_tt6&#038;_nc_cat=111&#038;ccb=1-7&#038;_nc_sid=f907e8&#038;_nc_ohc=SM1wRlP3lJwQ7kNvwEPuBYA&#038;_nc_oc=AdnqrjDN_BNjSSHWO-GbkIWH6fkGMLw4bqvL_NH6e2wMveX7G-rP2dAqsDSq1mJMOaY&#038;_nc_zt=24&#038;_nc_ht=scontent-gig4-1.xx&#038;_nc_gid=AoBFJeGrT1hVaew_6rchkQ&#038;oh=00_AfX7QmFGhQhG2jAllVgXCiM1ZrWgvtp80-Bfppyexh1QEg&#038;oe=689E923C","og:image:secure_url":"https:\/\/scontent-gig4-1.xx.fbcdn.net\/v\/t39.30808-1\/270437624_4564083193639691_6907940295614233970_n.jpg?stp=dst-jpg_s200x200_tt6&#038;_nc_cat=111&#038;ccb=1-7&#038;_nc_sid=f907e8&#038;_nc_ohc=SM1wRlP3lJwQ7kNvwEPuBYA&#038;_nc_oc=AdnqrjDN_BNjSSHWO-GbkIWH6fkGMLw4bqvL_NH6e2wMveX7G-rP2dAqsDSq1mJMOaY&#038;_nc_zt=24&#038;_nc_ht=scontent-gig4-1.xx&#038;_nc_gid=AoBFJeGrT1hVaew_6rchkQ&#038;oh=00_AfX7QmFGhQhG2jAllVgXCiM1ZrWgvtp80-Bfppyexh1QEg&#038;oe=689E923C","article:published_time":"2017-05-15T14:54:42+00:00","article:modified_time":"2017-05-15T14:54:42+00:00","twitter:card":"summary_large_image","twitter:title":"Obriga\u00e7\u00e3o &amp; fuga - A Not\u00edcia Online","twitter:description":"O dever \u00e9 o mais belo laurel da raz\u00e3o \u201cO dever, por mais duro, constitui sempre a vontade de Deus.\u201d - Emmanuel L\u00e1zaro e Emmanuel mostram as verdadeiras e not\u00e1veis dimens\u00f5es do dever, indicando-nos o modo correto de entender as coisas, bem como as dolorosas consequ\u00eancias da fuga \u00e0s obriga\u00e7\u00f5es... Afinal, o que \u00e9 o","twitter:image":"https:\/\/scontent-gig4-1.xx.fbcdn.net\/v\/t39.30808-1\/270437624_4564083193639691_6907940295614233970_n.jpg?stp=dst-jpg_s200x200_tt6&_nc_cat=111&ccb=1-7&_nc_sid=f907e8&_nc_ohc=SM1wRlP3lJwQ7kNvwEPuBYA&_nc_oc=AdnqrjDN_BNjSSHWO-GbkIWH6fkGMLw4bqvL_NH6e2wMveX7G-rP2dAqsDSq1mJMOaY&_nc_zt=24&_nc_ht=scontent-gig4-1.xx&_nc_gid=AoBFJeGrT1hVaew_6rchkQ&oh=00_AfX7QmFGhQhG2jAllVgXCiM1ZrWgvtp80-Bfppyexh1QEg&oe=689E923C"},"aioseo_meta_data":{"post_id":"29780","title":null,"description":null,"keywords":null,"keyphrases":null,"primary_term":null,"canonical_url":null,"og_title":null,"og_description":null,"og_object_type":"default","og_image_type":"default","og_image_url":null,"og_image_width":null,"og_image_height":null,"og_image_custom_url":null,"og_image_custom_fields":null,"og_video":null,"og_custom_url":null,"og_article_section":null,"og_article_tags":null,"twitter_use_og":false,"twitter_card":"default","twitter_image_type":"default","twitter_image_url":null,"twitter_image_custom_url":null,"twitter_image_custom_fields":null,"twitter_title":null,"twitter_description":null,"schema":{"blockGraphs":[],"customGraphs":[],"default":{"data":{"Article":[],"Course":[],"Dataset":[],"FAQPage":[],"Movie":[],"Person":[],"Product":[],"ProductReview":[],"Car":[],"Recipe":[],"Service":[],"SoftwareApplication":[],"WebPage":[]},"graphName":"","isEnabled":true},"graphs":[]},"schema_type":"default","schema_type_options":null,"pillar_content":false,"robots_default":true,"robots_noindex":false,"robots_noarchive":false,"robots_nosnippet":false,"robots_nofollow":false,"robots_noimageindex":false,"robots_noodp":false,"robots_notranslate":false,"robots_max_snippet":null,"robots_max_videopreview":null,"robots_max_imagepreview":"large","priority":null,"frequency":null,"local_seo":null,"breadcrumb_settings":null,"limit_modified_date":false,"ai":null,"created":"2025-08-16 18:22:34","updated":"2025-08-16 18:22:34","focus_keyword":null,"additional_keywords":null,"truseo_locale":null,"seo_analyzer_scan_date":null},"aioseo_breadcrumb":"<div class=\"aioseo-breadcrumbs\"><span class=\"aioseo-breadcrumb\">\n\t\t\t<a href=\"https:\/\/anoticiaonline.com.br\/site\" title=\"Home\">Home<\/a>\n\t\t<\/span><span class=\"aioseo-breadcrumb-separator\">&raquo;<\/span><span class=\"aioseo-breadcrumb\">\n\t\t\t<a href=\"https:\/\/anoticiaonline.com.br\/site\/categoria\/colunistas\/\" title=\"Colunistas\">Colunistas<\/a>\n\t\t<\/span><span class=\"aioseo-breadcrumb-separator\">&raquo;<\/span><span class=\"aioseo-breadcrumb\">\n\t\t\t<a href=\"https:\/\/anoticiaonline.com.br\/site\/categoria\/colunistas\/espiritismo-em-foco-de-rogerio-coelho\/\" title=\"Espiritismo em Foco, por Rog\u00e9rio Coelho\">Espiritismo em Foco, por Rog\u00e9rio Coelho<\/a>\n\t\t<\/span><span class=\"aioseo-breadcrumb-separator\">&raquo;<\/span><span class=\"aioseo-breadcrumb\">\n\t\t\tObriga\u00e7\u00e3o &amp; fuga\n\t\t<\/span><\/div>","aioseo_breadcrumb_json":[{"label":"Home","link":"https:\/\/anoticiaonline.com.br\/site"},{"label":"Colunistas","link":"https:\/\/anoticiaonline.com.br\/site\/categoria\/colunistas\/"},{"label":"Espiritismo em Foco, por Rog\u00e9rio Coelho","link":"https:\/\/anoticiaonline.com.br\/site\/categoria\/colunistas\/espiritismo-em-foco-de-rogerio-coelho\/"},{"label":"Obriga\u00e7\u00e3o &#038; fuga","link":"https:\/\/anoticiaonline.com.br\/site\/obrigacao-fuga\/"}],"views":132,"_links":{"self":[{"href":"https:\/\/anoticiaonline.com.br\/site\/wp-json\/wp\/v2\/posts\/29780","targetHints":{"allow":["GET"]}}],"collection":[{"href":"https:\/\/anoticiaonline.com.br\/site\/wp-json\/wp\/v2\/posts"}],"about":[{"href":"https:\/\/anoticiaonline.com.br\/site\/wp-json\/wp\/v2\/types\/post"}],"author":[{"embeddable":true,"href":"https:\/\/anoticiaonline.com.br\/site\/wp-json\/wp\/v2\/users\/2"}],"replies":[{"embeddable":true,"href":"https:\/\/anoticiaonline.com.br\/site\/wp-json\/wp\/v2\/comments?post=29780"}],"version-history":[{"count":0,"href":"https:\/\/anoticiaonline.com.br\/site\/wp-json\/wp\/v2\/posts\/29780\/revisions"}],"wp:attachment":[{"href":"https:\/\/anoticiaonline.com.br\/site\/wp-json\/wp\/v2\/media?parent=29780"}],"wp:term":[{"taxonomy":"category","embeddable":true,"href":"https:\/\/anoticiaonline.com.br\/site\/wp-json\/wp\/v2\/categories?post=29780"},{"taxonomy":"post_tag","embeddable":true,"href":"https:\/\/anoticiaonline.com.br\/site\/wp-json\/wp\/v2\/tags?post=29780"}],"curies":[{"name":"wp","href":"https:\/\/api.w.org\/{rel}","templated":true}]}}