{"id":29753,"date":"2017-05-11T21:20:50","date_gmt":"2017-05-12T00:20:50","guid":{"rendered":"http:\/\/anoticiaonline.com.br\/site\/?p=29753"},"modified":"2017-05-11T21:20:50","modified_gmt":"2017-05-12T00:20:50","slug":"de-lula-a-temer-qual-o-proximo-passo","status":"publish","type":"post","link":"https:\/\/anoticiaonline.com.br\/site\/de-lula-a-temer-qual-o-proximo-passo\/","title":{"rendered":"De Lula a Temer. Qual o pr\u00f3ximo passo?"},"content":{"rendered":"<p>Enquanto os olhos do pa\u00eds se voltaram na quarta-feira desta semana para Curitiba, onde acontecia o primeiro embate (na verdade, interrogat\u00f3rio) entre o ex-presidente Lula e o juiz federal S\u00e9rgio Moro, o presidente Michel Temer, \u201ccom um olho do peixe e outro no gato\u201d, pregava para a imprensa a pacifica\u00e7\u00e3o do pa\u00eds.<\/p>\n<p>Por um momento, as manifesta\u00e7\u00f5es que pregam o \u201cFora, Temer!\u201d deram uma folga ao presidente da Rep\u00fablica, pois havia um fato mais importante para acontecer e que preocupava a trupe que defende com unhas e dentes o ex-presidente: prestar solidariedade num momento em que ele, Lula, estivesse cara a cara com S\u00e9rgio Moro, justamente aquele a quem deu a titularidade de \u201crepresentante da Rep\u00fablica de Curitiba\u201d. Por certo, havia especula\u00e7\u00f5es sobre a possibilidade de sua pris\u00e3o ali mesmo durante o interrogat\u00f3rio, boato que o juiz Moro se apressou em desfazer atrav\u00e9s de um v\u00eddeo nas redes sociais.<\/p>\n<p>O fato ineg\u00e1vel \u00e9 que Lula, apesar de todas as acusa\u00e7\u00f5es e de j\u00e1 ser r\u00e9u no processo, depois das dela\u00e7\u00f5es de empreiteiros e \u201camigos\u201d, ainda continua sendo a grande estrela de um tr\u00e1fico de influ\u00eancia, mesmo que passiva. Foi levado a Curitiba de jatinho, de propriedade de outro pol\u00edtico que j\u00e1 teve seu nome envolvido no chamado \u201cmensal\u00e3o tucano\u201d, o ex-ministro Walfrido dos Mares Guia, al\u00e9m de uma tropa de choque petista, sendo 11 deles envolvidos na \u201cLava-Jato\u201d. No depoimento do presidente, nada de novo, pois sempre negou tudo. Como presidente, nunca soube do mensal\u00e3o, nunca soube dos sangue-sugas, menos ainda do petrol\u00e3o, embora se saiba que o estouro dos roubos na Petrobras tenha sido\u00a0 durante o governo da ex-presidente Dilma, ex-presidente da Petrobras e ex-ministra chefe da Casa Civil, cora\u00e7\u00e3o do seu governo. N\u00e3o, Lula n\u00e3o sabe de nada. Quem sabia de tudo era o Palocci, seu ministro da Fazenda, preso; Jos\u00e9 Dirceu tamb\u00e9m ministro, condenado, preso e depois solto sob condi\u00e7\u00f5es; Delc\u00eddio do Amaral, l\u00edder do governo, tamb\u00e9m preso; e agora, segundo Lula, quem sabe da poss\u00edvel compra e das reformas do famigerado tr\u00edplex \u00e9 a Dona Mariza Let\u00edcia, que, obviamente, n\u00e3o poder\u00e1 mais ser interrogada. Como sempre, Lula n\u00e3o sabe de nada.<\/p>\n<p>Enquanto isso, Michel Temer vai conduzindo a \u201cnau brasileira\u201d aos trancos e barrancos com o seu mandato tamp\u00e3o, entre apitos, panela\u00e7os e uma ferrenha oposi\u00e7\u00e3o daqueles que nunca admitiram nenhum tipo de reforma estrutural como a previdenci\u00e1ria e a trabalhista. Pode ser que ele tenha errado na dose, no caso das aposentadorias, pois o maior d\u00e9ficit da Previd\u00eancia n\u00e3o est\u00e1 no seu regime geral que beneficia a maioria dos trabalhadores, mas nas altas aposentadorias do setor p\u00fablico e, principalmente, nas aposentadorias e pens\u00f5es vital\u00edcias de pol\u00edticos que aproveitaram os seus mandatos para legislarem em causa pr\u00f3pria.<\/p>\n<p>O fato a ser considerado \u00e9 que, se com a administra\u00e7\u00e3o Temer a economia brasileira parou de piorar, e com uma perspectiva de queda da infla\u00e7\u00e3o, pode ser que consigamos vislumbrar, num futuro pr\u00f3ximo, uma luz no fim do t\u00fanel. N\u00e3o tenho procura\u00e7\u00e3o para defend\u00ea-lo, nem estou discutindo se o seu mandato \u00e9 leg\u00edtimo ou ileg\u00edtimo, como pregam os petistas. Acho apenas que temos que avan\u00e7ar e sair do fundo do po\u00e7o. At\u00e9 porque, no pr\u00f3ximo ano, j\u00e1 teremos novas elei\u00e7\u00f5es para a Presid\u00eancia da Rep\u00fablica e o povo, mais uma vez, ter\u00e1 o direito de escolher um bom comandante. Ser\u00e1 que existe algum?<\/p>\n","protected":false},"excerpt":{"rendered":"<p>Enquanto os olhos do pa\u00eds se voltaram na quarta-feira desta semana para Curitiba, onde acontecia o primeiro embate (na verdade, interrogat\u00f3rio) entre o ex-presidente Lula e o juiz federal S\u00e9rgio Moro, o presidente Michel Temer, \u201ccom um olho do peixe e outro no gato\u201d, pregava para a imprensa a pacifica\u00e7\u00e3o do pa\u00eds. Por um momento, &#8230; <a title=\"De Lula a Temer. Qual o pr\u00f3ximo passo?\" class=\"read-more\" href=\"https:\/\/anoticiaonline.com.br\/site\/de-lula-a-temer-qual-o-proximo-passo\/\" aria-label=\"Read more about De Lula a Temer. Qual o pr\u00f3ximo passo?\">Ler mais<\/a><\/p>\n","protected":false},"author":2,"featured_media":0,"comment_status":"open","ping_status":"open","sticky":false,"template":"","format":"standard","meta":{"_acf_changed":false,"_monsterinsights_skip_tracking":false,"footnotes":""},"categories":[33],"tags":[],"class_list":["post-29753","post","type-post","status-publish","format-standard","hentry","category-politica-e-atualidades-francisco-laviola"],"acf":[],"aioseo_notices":[],"aioseo_head":"\n\t\t<!-- All in One SEO 5.0.0.1 - aioseo.com -->\n\t<meta name=\"description\" content=\"Enquanto os olhos do pa\u00eds se voltaram na quarta-feira desta semana para Curitiba, onde acontecia o primeiro embate (na verdade, interrogat\u00f3rio) entre o ex-presidente Lula e o juiz federal S\u00e9rgio Moro, o presidente Michel Temer, \u201ccom um olho do peixe e outro no gato\u201d, pregava para a imprensa a pacifica\u00e7\u00e3o do pa\u00eds. Por um momento,\" \/>\n\t<meta name=\"robots\" content=\"max-image-preview:large\" \/>\n\t<meta name=\"author\" content=\"Juliana Laviola\"\/>\n\t<link rel=\"canonical\" href=\"https:\/\/anoticiaonline.com.br\/site\/de-lula-a-temer-qual-o-proximo-passo\/\" \/>\n\t<meta name=\"generator\" content=\"All in One SEO (AIOSEO) 5.0.0.1\" \/>\n\t\t<meta property=\"og:locale\" content=\"pt_BR\" \/>\n\t\t<meta property=\"og:site_name\" content=\"A Not\u00edcia Online - Noticias de Muria\u00e9 e regi\u00e3o\" \/>\n\t\t<meta property=\"og:type\" content=\"article\" \/>\n\t\t<meta property=\"og:title\" content=\"De Lula a Temer. Qual o pr\u00f3ximo passo? - A Not\u00edcia Online\" \/>\n\t\t<meta property=\"og:description\" content=\"Enquanto os olhos do pa\u00eds se voltaram na quarta-feira desta semana para Curitiba, onde acontecia o primeiro embate (na verdade, interrogat\u00f3rio) entre o ex-presidente Lula e o juiz federal S\u00e9rgio Moro, o presidente Michel Temer, \u201ccom um olho do peixe e outro no gato\u201d, pregava para a imprensa a pacifica\u00e7\u00e3o do pa\u00eds. Por um momento,\" \/>\n\t\t<meta property=\"og:url\" content=\"https:\/\/anoticiaonline.com.br\/site\/de-lula-a-temer-qual-o-proximo-passo\/\" \/>\n\t\t<meta property=\"og:image\" content=\"https:\/\/scontent-gig4-1.xx.fbcdn.net\/v\/t39.30808-1\/270437624_4564083193639691_6907940295614233970_n.jpg?stp=dst-jpg_s200x200_tt6&#038;_nc_cat=111&#038;ccb=1-7&#038;_nc_sid=f907e8&#038;_nc_ohc=SM1wRlP3lJwQ7kNvwEPuBYA&#038;_nc_oc=AdnqrjDN_BNjSSHWO-GbkIWH6fkGMLw4bqvL_NH6e2wMveX7G-rP2dAqsDSq1mJMOaY&#038;_nc_zt=24&#038;_nc_ht=scontent-gig4-1.xx&#038;_nc_gid=AoBFJeGrT1hVaew_6rchkQ&#038;oh=00_AfX7QmFGhQhG2jAllVgXCiM1ZrWgvtp80-Bfppyexh1QEg&#038;oe=689E923C\" \/>\n\t\t<meta property=\"og:image:secure_url\" content=\"https:\/\/scontent-gig4-1.xx.fbcdn.net\/v\/t39.30808-1\/270437624_4564083193639691_6907940295614233970_n.jpg?stp=dst-jpg_s200x200_tt6&#038;_nc_cat=111&#038;ccb=1-7&#038;_nc_sid=f907e8&#038;_nc_ohc=SM1wRlP3lJwQ7kNvwEPuBYA&#038;_nc_oc=AdnqrjDN_BNjSSHWO-GbkIWH6fkGMLw4bqvL_NH6e2wMveX7G-rP2dAqsDSq1mJMOaY&#038;_nc_zt=24&#038;_nc_ht=scontent-gig4-1.xx&#038;_nc_gid=AoBFJeGrT1hVaew_6rchkQ&#038;oh=00_AfX7QmFGhQhG2jAllVgXCiM1ZrWgvtp80-Bfppyexh1QEg&#038;oe=689E923C\" \/>\n\t\t<meta property=\"article:published_time\" content=\"2017-05-12T00:20:50+00:00\" \/>\n\t\t<meta property=\"article:modified_time\" content=\"2017-05-12T00:20:50+00:00\" \/>\n\t\t<meta name=\"twitter:card\" content=\"summary_large_image\" \/>\n\t\t<meta name=\"twitter:title\" content=\"De Lula a Temer. Qual o pr\u00f3ximo passo? - A Not\u00edcia Online\" \/>\n\t\t<meta name=\"twitter:description\" content=\"Enquanto os olhos do pa\u00eds se voltaram na quarta-feira desta semana para Curitiba, onde acontecia o primeiro embate (na verdade, interrogat\u00f3rio) entre o ex-presidente Lula e o juiz federal S\u00e9rgio Moro, o presidente Michel Temer, \u201ccom um olho do peixe e outro no gato\u201d, pregava para a imprensa a pacifica\u00e7\u00e3o do pa\u00eds. Por um momento,\" \/>\n\t\t<meta name=\"twitter:image\" content=\"https:\/\/scontent-gig4-1.xx.fbcdn.net\/v\/t39.30808-1\/270437624_4564083193639691_6907940295614233970_n.jpg?stp=dst-jpg_s200x200_tt6&amp;_nc_cat=111&amp;ccb=1-7&amp;_nc_sid=f907e8&amp;_nc_ohc=SM1wRlP3lJwQ7kNvwEPuBYA&amp;_nc_oc=AdnqrjDN_BNjSSHWO-GbkIWH6fkGMLw4bqvL_NH6e2wMveX7G-rP2dAqsDSq1mJMOaY&amp;_nc_zt=24&amp;_nc_ht=scontent-gig4-1.xx&amp;_nc_gid=AoBFJeGrT1hVaew_6rchkQ&amp;oh=00_AfX7QmFGhQhG2jAllVgXCiM1ZrWgvtp80-Bfppyexh1QEg&amp;oe=689E923C\" \/>\n\t\t<script type=\"application\/ld+json\" class=\"aioseo-schema\">\n\t\t\t{\"@context\":\"https:\\\/\\\/schema.org\",\"@graph\":[{\"@type\":\"BlogPosting\",\"@id\":\"https:\\\/\\\/anoticiaonline.com.br\\\/site\\\/de-lula-a-temer-qual-o-proximo-passo\\\/#blogposting\",\"name\":\"De Lula a Temer. Qual o pr\\u00f3ximo passo? - A Not\\u00edcia Online\",\"headline\":\"De Lula a Temer. Qual o pr\\u00f3ximo passo?\",\"author\":{\"@id\":\"https:\\\/\\\/anoticiaonline.com.br\\\/site\\\/author\\\/juliana\\\/#author\"},\"publisher\":{\"@id\":\"https:\\\/\\\/anoticiaonline.com.br\\\/site\\\/#organization\"},\"image\":{\"@type\":\"ImageObject\",\"url\":\"https:\\\/\\\/scontent-gig4-1.xx.fbcdn.net\\\/v\\\/t39.30808-1\\\/270437624_4564083193639691_6907940295614233970_n.jpg?stp=dst-jpg_s200x200_tt6&_nc_cat=111&ccb=1-7&_nc_sid=f907e8&_nc_ohc=SM1wRlP3lJwQ7kNvwEPuBYA&_nc_oc=AdnqrjDN_BNjSSHWO-GbkIWH6fkGMLw4bqvL_NH6e2wMveX7G-rP2dAqsDSq1mJMOaY&_nc_zt=24&_nc_ht=scontent-gig4-1.xx&_nc_gid=AoBFJeGrT1hVaew_6rchkQ&oh=00_AfX7QmFGhQhG2jAllVgXCiM1ZrWgvtp80-Bfppyexh1QEg&oe=689E923C\",\"@id\":\"https:\\\/\\\/anoticiaonline.com.br\\\/site\\\/#articleImage\"},\"datePublished\":\"2017-05-11T21:20:50-03:00\",\"dateModified\":\"2017-05-11T21:20:50-03:00\",\"inLanguage\":\"pt-BR\",\"mainEntityOfPage\":{\"@id\":\"https:\\\/\\\/anoticiaonline.com.br\\\/site\\\/de-lula-a-temer-qual-o-proximo-passo\\\/#webpage\"},\"isPartOf\":{\"@id\":\"https:\\\/\\\/anoticiaonline.com.br\\\/site\\\/de-lula-a-temer-qual-o-proximo-passo\\\/#webpage\"},\"articleSection\":\"Pol\\u00edtica e Atualidades - Francisco Laviola\"},{\"@type\":\"BreadcrumbList\",\"@id\":\"https:\\\/\\\/anoticiaonline.com.br\\\/site\\\/de-lula-a-temer-qual-o-proximo-passo\\\/#breadcrumblist\",\"itemListElement\":[{\"@type\":\"ListItem\",\"@id\":\"https:\\\/\\\/anoticiaonline.com.br\\\/site#listItem\",\"position\":1,\"name\":\"Home\",\"item\":\"https:\\\/\\\/anoticiaonline.com.br\\\/site\",\"nextItem\":{\"@type\":\"ListItem\",\"@id\":\"https:\\\/\\\/anoticiaonline.com.br\\\/site\\\/categoria\\\/colunistas\\\/#listItem\",\"name\":\"Colunistas\"}},{\"@type\":\"ListItem\",\"@id\":\"https:\\\/\\\/anoticiaonline.com.br\\\/site\\\/categoria\\\/colunistas\\\/#listItem\",\"position\":2,\"name\":\"Colunistas\",\"item\":\"https:\\\/\\\/anoticiaonline.com.br\\\/site\\\/categoria\\\/colunistas\\\/\",\"nextItem\":{\"@type\":\"ListItem\",\"@id\":\"https:\\\/\\\/anoticiaonline.com.br\\\/site\\\/categoria\\\/colunistas\\\/politica-e-atualidades-francisco-laviola\\\/#listItem\",\"name\":\"Pol\\u00edtica e Atualidades - Francisco Laviola\"},\"previousItem\":{\"@type\":\"ListItem\",\"@id\":\"https:\\\/\\\/anoticiaonline.com.br\\\/site#listItem\",\"name\":\"Home\"}},{\"@type\":\"ListItem\",\"@id\":\"https:\\\/\\\/anoticiaonline.com.br\\\/site\\\/categoria\\\/colunistas\\\/politica-e-atualidades-francisco-laviola\\\/#listItem\",\"position\":3,\"name\":\"Pol\\u00edtica e Atualidades - Francisco Laviola\",\"item\":\"https:\\\/\\\/anoticiaonline.com.br\\\/site\\\/categoria\\\/colunistas\\\/politica-e-atualidades-francisco-laviola\\\/\",\"nextItem\":{\"@type\":\"ListItem\",\"@id\":\"https:\\\/\\\/anoticiaonline.com.br\\\/site\\\/de-lula-a-temer-qual-o-proximo-passo\\\/#listItem\",\"name\":\"De Lula a Temer. Qual o pr\\u00f3ximo passo?\"},\"previousItem\":{\"@type\":\"ListItem\",\"@id\":\"https:\\\/\\\/anoticiaonline.com.br\\\/site\\\/categoria\\\/colunistas\\\/#listItem\",\"name\":\"Colunistas\"}},{\"@type\":\"ListItem\",\"@id\":\"https:\\\/\\\/anoticiaonline.com.br\\\/site\\\/de-lula-a-temer-qual-o-proximo-passo\\\/#listItem\",\"position\":4,\"name\":\"De Lula a Temer. Qual o pr\\u00f3ximo passo?\",\"previousItem\":{\"@type\":\"ListItem\",\"@id\":\"https:\\\/\\\/anoticiaonline.com.br\\\/site\\\/categoria\\\/colunistas\\\/politica-e-atualidades-francisco-laviola\\\/#listItem\",\"name\":\"Pol\\u00edtica e Atualidades - Francisco Laviola\"}}]},{\"@type\":\"Organization\",\"@id\":\"https:\\\/\\\/anoticiaonline.com.br\\\/site\\\/#organization\",\"name\":\"A Not\\u00edcia Online\",\"description\":\"Noticias de Muria\\u00e9 e regi\\u00e3o\",\"url\":\"https:\\\/\\\/anoticiaonline.com.br\\\/site\\\/\",\"logo\":{\"@type\":\"ImageObject\",\"url\":\"https:\\\/\\\/scontent-gig4-1.xx.fbcdn.net\\\/v\\\/t39.30808-1\\\/270437624_4564083193639691_6907940295614233970_n.jpg?stp=dst-jpg_s200x200_tt6&_nc_cat=111&ccb=1-7&_nc_sid=f907e8&_nc_ohc=SM1wRlP3lJwQ7kNvwEPuBYA&_nc_oc=AdnqrjDN_BNjSSHWO-GbkIWH6fkGMLw4bqvL_NH6e2wMveX7G-rP2dAqsDSq1mJMOaY&_nc_zt=24&_nc_ht=scontent-gig4-1.xx&_nc_gid=AoBFJeGrT1hVaew_6rchkQ&oh=00_AfX7QmFGhQhG2jAllVgXCiM1ZrWgvtp80-Bfppyexh1QEg&oe=689E923C\",\"@id\":\"https:\\\/\\\/anoticiaonline.com.br\\\/site\\\/de-lula-a-temer-qual-o-proximo-passo\\\/#organizationLogo\"},\"image\":{\"@id\":\"https:\\\/\\\/anoticiaonline.com.br\\\/site\\\/de-lula-a-temer-qual-o-proximo-passo\\\/#organizationLogo\"}},{\"@type\":\"Person\",\"@id\":\"https:\\\/\\\/anoticiaonline.com.br\\\/site\\\/author\\\/juliana\\\/#author\",\"url\":\"https:\\\/\\\/anoticiaonline.com.br\\\/site\\\/author\\\/juliana\\\/\",\"name\":\"Juliana Laviola\",\"image\":{\"@type\":\"ImageObject\",\"@id\":\"https:\\\/\\\/anoticiaonline.com.br\\\/site\\\/de-lula-a-temer-qual-o-proximo-passo\\\/#authorImage\",\"url\":\"https:\\\/\\\/secure.gravatar.com\\\/avatar\\\/b8d45f5c699b100dfaf0e543582f38f38bf94cb7ae3a5e9abf8d891a34773335?s=96&d=mm&r=g\",\"width\":96,\"height\":96,\"caption\":\"Juliana Laviola\"}},{\"@type\":\"WebPage\",\"@id\":\"https:\\\/\\\/anoticiaonline.com.br\\\/site\\\/de-lula-a-temer-qual-o-proximo-passo\\\/#webpage\",\"url\":\"https:\\\/\\\/anoticiaonline.com.br\\\/site\\\/de-lula-a-temer-qual-o-proximo-passo\\\/\",\"name\":\"De Lula a Temer. Qual o pr\\u00f3ximo passo? - A Not\\u00edcia Online\",\"description\":\"Enquanto os olhos do pa\\u00eds se voltaram na quarta-feira desta semana para Curitiba, onde acontecia o primeiro embate (na verdade, interrogat\\u00f3rio) entre o ex-presidente Lula e o juiz federal S\\u00e9rgio Moro, o presidente Michel Temer, \\u201ccom um olho do peixe e outro no gato\\u201d, pregava para a imprensa a pacifica\\u00e7\\u00e3o do pa\\u00eds. Por um momento,\",\"inLanguage\":\"pt-BR\",\"isPartOf\":{\"@id\":\"https:\\\/\\\/anoticiaonline.com.br\\\/site\\\/#website\"},\"breadcrumb\":{\"@id\":\"https:\\\/\\\/anoticiaonline.com.br\\\/site\\\/de-lula-a-temer-qual-o-proximo-passo\\\/#breadcrumblist\"},\"author\":{\"@id\":\"https:\\\/\\\/anoticiaonline.com.br\\\/site\\\/author\\\/juliana\\\/#author\"},\"creator\":{\"@id\":\"https:\\\/\\\/anoticiaonline.com.br\\\/site\\\/author\\\/juliana\\\/#author\"},\"datePublished\":\"2017-05-11T21:20:50-03:00\",\"dateModified\":\"2017-05-11T21:20:50-03:00\"},{\"@type\":\"WebSite\",\"@id\":\"https:\\\/\\\/anoticiaonline.com.br\\\/site\\\/#website\",\"url\":\"https:\\\/\\\/anoticiaonline.com.br\\\/site\\\/\",\"name\":\"A Not\\u00edcia Online\",\"description\":\"Noticias de Muria\\u00e9 e regi\\u00e3o\",\"inLanguage\":\"pt-BR\",\"publisher\":{\"@id\":\"https:\\\/\\\/anoticiaonline.com.br\\\/site\\\/#organization\"}}]}\n\t\t<\/script>\n\t\t<!-- All in One SEO -->\n\n","aioseo_head_json":{"title":"De Lula a Temer. Qual o pr\u00f3ximo passo? - A Not\u00edcia Online","description":"Enquanto os olhos do pa\u00eds se voltaram na quarta-feira desta semana para Curitiba, onde acontecia o primeiro embate (na verdade, interrogat\u00f3rio) entre o ex-presidente Lula e o juiz federal S\u00e9rgio Moro, o presidente Michel Temer, \u201ccom um olho do peixe e outro no gato\u201d, pregava para a imprensa a pacifica\u00e7\u00e3o do pa\u00eds. Por um momento,","canonical_url":"https:\/\/anoticiaonline.com.br\/site\/de-lula-a-temer-qual-o-proximo-passo\/","robots":"max-image-preview:large","keywords":"","webmasterTools":{"miscellaneous":""},"schema":{"@context":"https:\/\/schema.org","@graph":[{"@type":"BlogPosting","@id":"https:\/\/anoticiaonline.com.br\/site\/de-lula-a-temer-qual-o-proximo-passo\/#blogposting","name":"De Lula a Temer. Qual o pr\u00f3ximo passo? - A Not\u00edcia Online","headline":"De Lula a Temer. Qual o pr\u00f3ximo passo?","author":{"@id":"https:\/\/anoticiaonline.com.br\/site\/author\/juliana\/#author"},"publisher":{"@id":"https:\/\/anoticiaonline.com.br\/site\/#organization"},"image":{"@type":"ImageObject","url":"https:\/\/scontent-gig4-1.xx.fbcdn.net\/v\/t39.30808-1\/270437624_4564083193639691_6907940295614233970_n.jpg?stp=dst-jpg_s200x200_tt6&_nc_cat=111&ccb=1-7&_nc_sid=f907e8&_nc_ohc=SM1wRlP3lJwQ7kNvwEPuBYA&_nc_oc=AdnqrjDN_BNjSSHWO-GbkIWH6fkGMLw4bqvL_NH6e2wMveX7G-rP2dAqsDSq1mJMOaY&_nc_zt=24&_nc_ht=scontent-gig4-1.xx&_nc_gid=AoBFJeGrT1hVaew_6rchkQ&oh=00_AfX7QmFGhQhG2jAllVgXCiM1ZrWgvtp80-Bfppyexh1QEg&oe=689E923C","@id":"https:\/\/anoticiaonline.com.br\/site\/#articleImage"},"datePublished":"2017-05-11T21:20:50-03:00","dateModified":"2017-05-11T21:20:50-03:00","inLanguage":"pt-BR","mainEntityOfPage":{"@id":"https:\/\/anoticiaonline.com.br\/site\/de-lula-a-temer-qual-o-proximo-passo\/#webpage"},"isPartOf":{"@id":"https:\/\/anoticiaonline.com.br\/site\/de-lula-a-temer-qual-o-proximo-passo\/#webpage"},"articleSection":"Pol\u00edtica e Atualidades - Francisco Laviola"},{"@type":"BreadcrumbList","@id":"https:\/\/anoticiaonline.com.br\/site\/de-lula-a-temer-qual-o-proximo-passo\/#breadcrumblist","itemListElement":[{"@type":"ListItem","@id":"https:\/\/anoticiaonline.com.br\/site#listItem","position":1,"name":"Home","item":"https:\/\/anoticiaonline.com.br\/site","nextItem":{"@type":"ListItem","@id":"https:\/\/anoticiaonline.com.br\/site\/categoria\/colunistas\/#listItem","name":"Colunistas"}},{"@type":"ListItem","@id":"https:\/\/anoticiaonline.com.br\/site\/categoria\/colunistas\/#listItem","position":2,"name":"Colunistas","item":"https:\/\/anoticiaonline.com.br\/site\/categoria\/colunistas\/","nextItem":{"@type":"ListItem","@id":"https:\/\/anoticiaonline.com.br\/site\/categoria\/colunistas\/politica-e-atualidades-francisco-laviola\/#listItem","name":"Pol\u00edtica e Atualidades - Francisco Laviola"},"previousItem":{"@type":"ListItem","@id":"https:\/\/anoticiaonline.com.br\/site#listItem","name":"Home"}},{"@type":"ListItem","@id":"https:\/\/anoticiaonline.com.br\/site\/categoria\/colunistas\/politica-e-atualidades-francisco-laviola\/#listItem","position":3,"name":"Pol\u00edtica e Atualidades - Francisco Laviola","item":"https:\/\/anoticiaonline.com.br\/site\/categoria\/colunistas\/politica-e-atualidades-francisco-laviola\/","nextItem":{"@type":"ListItem","@id":"https:\/\/anoticiaonline.com.br\/site\/de-lula-a-temer-qual-o-proximo-passo\/#listItem","name":"De Lula a Temer. Qual o pr\u00f3ximo passo?"},"previousItem":{"@type":"ListItem","@id":"https:\/\/anoticiaonline.com.br\/site\/categoria\/colunistas\/#listItem","name":"Colunistas"}},{"@type":"ListItem","@id":"https:\/\/anoticiaonline.com.br\/site\/de-lula-a-temer-qual-o-proximo-passo\/#listItem","position":4,"name":"De Lula a Temer. Qual o pr\u00f3ximo passo?","previousItem":{"@type":"ListItem","@id":"https:\/\/anoticiaonline.com.br\/site\/categoria\/colunistas\/politica-e-atualidades-francisco-laviola\/#listItem","name":"Pol\u00edtica e Atualidades - Francisco Laviola"}}]},{"@type":"Organization","@id":"https:\/\/anoticiaonline.com.br\/site\/#organization","name":"A Not\u00edcia Online","description":"Noticias de Muria\u00e9 e regi\u00e3o","url":"https:\/\/anoticiaonline.com.br\/site\/","logo":{"@type":"ImageObject","url":"https:\/\/scontent-gig4-1.xx.fbcdn.net\/v\/t39.30808-1\/270437624_4564083193639691_6907940295614233970_n.jpg?stp=dst-jpg_s200x200_tt6&_nc_cat=111&ccb=1-7&_nc_sid=f907e8&_nc_ohc=SM1wRlP3lJwQ7kNvwEPuBYA&_nc_oc=AdnqrjDN_BNjSSHWO-GbkIWH6fkGMLw4bqvL_NH6e2wMveX7G-rP2dAqsDSq1mJMOaY&_nc_zt=24&_nc_ht=scontent-gig4-1.xx&_nc_gid=AoBFJeGrT1hVaew_6rchkQ&oh=00_AfX7QmFGhQhG2jAllVgXCiM1ZrWgvtp80-Bfppyexh1QEg&oe=689E923C","@id":"https:\/\/anoticiaonline.com.br\/site\/de-lula-a-temer-qual-o-proximo-passo\/#organizationLogo"},"image":{"@id":"https:\/\/anoticiaonline.com.br\/site\/de-lula-a-temer-qual-o-proximo-passo\/#organizationLogo"}},{"@type":"Person","@id":"https:\/\/anoticiaonline.com.br\/site\/author\/juliana\/#author","url":"https:\/\/anoticiaonline.com.br\/site\/author\/juliana\/","name":"Juliana Laviola","image":{"@type":"ImageObject","@id":"https:\/\/anoticiaonline.com.br\/site\/de-lula-a-temer-qual-o-proximo-passo\/#authorImage","url":"https:\/\/secure.gravatar.com\/avatar\/b8d45f5c699b100dfaf0e543582f38f38bf94cb7ae3a5e9abf8d891a34773335?s=96&d=mm&r=g","width":96,"height":96,"caption":"Juliana Laviola"}},{"@type":"WebPage","@id":"https:\/\/anoticiaonline.com.br\/site\/de-lula-a-temer-qual-o-proximo-passo\/#webpage","url":"https:\/\/anoticiaonline.com.br\/site\/de-lula-a-temer-qual-o-proximo-passo\/","name":"De Lula a Temer. Qual o pr\u00f3ximo passo? - A Not\u00edcia Online","description":"Enquanto os olhos do pa\u00eds se voltaram na quarta-feira desta semana para Curitiba, onde acontecia o primeiro embate (na verdade, interrogat\u00f3rio) entre o ex-presidente Lula e o juiz federal S\u00e9rgio Moro, o presidente Michel Temer, \u201ccom um olho do peixe e outro no gato\u201d, pregava para a imprensa a pacifica\u00e7\u00e3o do pa\u00eds. Por um momento,","inLanguage":"pt-BR","isPartOf":{"@id":"https:\/\/anoticiaonline.com.br\/site\/#website"},"breadcrumb":{"@id":"https:\/\/anoticiaonline.com.br\/site\/de-lula-a-temer-qual-o-proximo-passo\/#breadcrumblist"},"author":{"@id":"https:\/\/anoticiaonline.com.br\/site\/author\/juliana\/#author"},"creator":{"@id":"https:\/\/anoticiaonline.com.br\/site\/author\/juliana\/#author"},"datePublished":"2017-05-11T21:20:50-03:00","dateModified":"2017-05-11T21:20:50-03:00"},{"@type":"WebSite","@id":"https:\/\/anoticiaonline.com.br\/site\/#website","url":"https:\/\/anoticiaonline.com.br\/site\/","name":"A Not\u00edcia Online","description":"Noticias de Muria\u00e9 e regi\u00e3o","inLanguage":"pt-BR","publisher":{"@id":"https:\/\/anoticiaonline.com.br\/site\/#organization"}}]},"og:locale":"pt_BR","og:site_name":"A Not\u00edcia Online - Noticias de Muria\u00e9 e regi\u00e3o","og:type":"article","og:title":"De Lula a Temer. Qual o pr\u00f3ximo passo? - A Not\u00edcia Online","og:description":"Enquanto os olhos do pa\u00eds se voltaram na quarta-feira desta semana para Curitiba, onde acontecia o primeiro embate (na verdade, interrogat\u00f3rio) entre o ex-presidente Lula e o juiz federal S\u00e9rgio Moro, o presidente Michel Temer, \u201ccom um olho do peixe e outro no gato\u201d, pregava para a imprensa a pacifica\u00e7\u00e3o do pa\u00eds. Por um momento,","og:url":"https:\/\/anoticiaonline.com.br\/site\/de-lula-a-temer-qual-o-proximo-passo\/","og:image":"https:\/\/scontent-gig4-1.xx.fbcdn.net\/v\/t39.30808-1\/270437624_4564083193639691_6907940295614233970_n.jpg?stp=dst-jpg_s200x200_tt6&#038;_nc_cat=111&#038;ccb=1-7&#038;_nc_sid=f907e8&#038;_nc_ohc=SM1wRlP3lJwQ7kNvwEPuBYA&#038;_nc_oc=AdnqrjDN_BNjSSHWO-GbkIWH6fkGMLw4bqvL_NH6e2wMveX7G-rP2dAqsDSq1mJMOaY&#038;_nc_zt=24&#038;_nc_ht=scontent-gig4-1.xx&#038;_nc_gid=AoBFJeGrT1hVaew_6rchkQ&#038;oh=00_AfX7QmFGhQhG2jAllVgXCiM1ZrWgvtp80-Bfppyexh1QEg&#038;oe=689E923C","og:image:secure_url":"https:\/\/scontent-gig4-1.xx.fbcdn.net\/v\/t39.30808-1\/270437624_4564083193639691_6907940295614233970_n.jpg?stp=dst-jpg_s200x200_tt6&#038;_nc_cat=111&#038;ccb=1-7&#038;_nc_sid=f907e8&#038;_nc_ohc=SM1wRlP3lJwQ7kNvwEPuBYA&#038;_nc_oc=AdnqrjDN_BNjSSHWO-GbkIWH6fkGMLw4bqvL_NH6e2wMveX7G-rP2dAqsDSq1mJMOaY&#038;_nc_zt=24&#038;_nc_ht=scontent-gig4-1.xx&#038;_nc_gid=AoBFJeGrT1hVaew_6rchkQ&#038;oh=00_AfX7QmFGhQhG2jAllVgXCiM1ZrWgvtp80-Bfppyexh1QEg&#038;oe=689E923C","article:published_time":"2017-05-12T00:20:50+00:00","article:modified_time":"2017-05-12T00:20:50+00:00","twitter:card":"summary_large_image","twitter:title":"De Lula a Temer. Qual o pr\u00f3ximo passo? - A Not\u00edcia Online","twitter:description":"Enquanto os olhos do pa\u00eds se voltaram na quarta-feira desta semana para Curitiba, onde acontecia o primeiro embate (na verdade, interrogat\u00f3rio) entre o ex-presidente Lula e o juiz federal S\u00e9rgio Moro, o presidente Michel Temer, \u201ccom um olho do peixe e outro no gato\u201d, pregava para a imprensa a pacifica\u00e7\u00e3o do pa\u00eds. Por um momento,","twitter:image":"https:\/\/scontent-gig4-1.xx.fbcdn.net\/v\/t39.30808-1\/270437624_4564083193639691_6907940295614233970_n.jpg?stp=dst-jpg_s200x200_tt6&_nc_cat=111&ccb=1-7&_nc_sid=f907e8&_nc_ohc=SM1wRlP3lJwQ7kNvwEPuBYA&_nc_oc=AdnqrjDN_BNjSSHWO-GbkIWH6fkGMLw4bqvL_NH6e2wMveX7G-rP2dAqsDSq1mJMOaY&_nc_zt=24&_nc_ht=scontent-gig4-1.xx&_nc_gid=AoBFJeGrT1hVaew_6rchkQ&oh=00_AfX7QmFGhQhG2jAllVgXCiM1ZrWgvtp80-Bfppyexh1QEg&oe=689E923C"},"aioseo_meta_data":{"post_id":"29753","title":null,"description":null,"keywords":null,"keyphrases":null,"primary_term":null,"canonical_url":null,"og_title":null,"og_description":null,"og_object_type":"default","og_image_type":"default","og_image_url":null,"og_image_width":null,"og_image_height":null,"og_image_custom_url":null,"og_image_custom_fields":null,"og_video":null,"og_custom_url":null,"og_article_section":null,"og_article_tags":null,"twitter_use_og":false,"twitter_card":"default","twitter_image_type":"default","twitter_image_url":null,"twitter_image_custom_url":null,"twitter_image_custom_fields":null,"twitter_title":null,"twitter_description":null,"schema":{"blockGraphs":[],"customGraphs":[],"default":{"data":{"Article":[],"Course":[],"Dataset":[],"FAQPage":[],"Movie":[],"Person":[],"Product":[],"ProductReview":[],"Car":[],"Recipe":[],"Service":[],"SoftwareApplication":[],"WebPage":[]},"graphName":"","isEnabled":true},"graphs":[]},"schema_type":"default","schema_type_options":null,"pillar_content":false,"robots_default":true,"robots_noindex":false,"robots_noarchive":false,"robots_nosnippet":false,"robots_nofollow":false,"robots_noimageindex":false,"robots_noodp":false,"robots_notranslate":false,"robots_max_snippet":null,"robots_max_videopreview":null,"robots_max_imagepreview":"large","priority":null,"frequency":null,"local_seo":null,"breadcrumb_settings":null,"limit_modified_date":false,"ai":null,"created":"2025-08-16 18:22:34","updated":"2025-08-16 18:22:34","focus_keyword":null,"additional_keywords":null,"truseo_locale":null,"seo_analyzer_scan_date":null},"aioseo_breadcrumb":"<div class=\"aioseo-breadcrumbs\"><span class=\"aioseo-breadcrumb\">\n\t\t\t<a href=\"https:\/\/anoticiaonline.com.br\/site\" title=\"Home\">Home<\/a>\n\t\t<\/span><span class=\"aioseo-breadcrumb-separator\">&raquo;<\/span><span class=\"aioseo-breadcrumb\">\n\t\t\t<a href=\"https:\/\/anoticiaonline.com.br\/site\/categoria\/colunistas\/\" title=\"Colunistas\">Colunistas<\/a>\n\t\t<\/span><span class=\"aioseo-breadcrumb-separator\">&raquo;<\/span><span class=\"aioseo-breadcrumb\">\n\t\t\t<a href=\"https:\/\/anoticiaonline.com.br\/site\/categoria\/colunistas\/politica-e-atualidades-francisco-laviola\/\" title=\"Pol\u00edtica e Atualidades - Francisco Laviola\">Pol\u00edtica e Atualidades - Francisco Laviola<\/a>\n\t\t<\/span><span class=\"aioseo-breadcrumb-separator\">&raquo;<\/span><span class=\"aioseo-breadcrumb\">\n\t\t\tDe Lula a Temer. Qual o pr\u00f3ximo passo?\n\t\t<\/span><\/div>","aioseo_breadcrumb_json":[{"label":"Home","link":"https:\/\/anoticiaonline.com.br\/site"},{"label":"Colunistas","link":"https:\/\/anoticiaonline.com.br\/site\/categoria\/colunistas\/"},{"label":"Pol\u00edtica e Atualidades - Francisco Laviola","link":"https:\/\/anoticiaonline.com.br\/site\/categoria\/colunistas\/politica-e-atualidades-francisco-laviola\/"},{"label":"De Lula a Temer. Qual o pr\u00f3ximo passo?","link":"https:\/\/anoticiaonline.com.br\/site\/de-lula-a-temer-qual-o-proximo-passo\/"}],"views":132,"_links":{"self":[{"href":"https:\/\/anoticiaonline.com.br\/site\/wp-json\/wp\/v2\/posts\/29753","targetHints":{"allow":["GET"]}}],"collection":[{"href":"https:\/\/anoticiaonline.com.br\/site\/wp-json\/wp\/v2\/posts"}],"about":[{"href":"https:\/\/anoticiaonline.com.br\/site\/wp-json\/wp\/v2\/types\/post"}],"author":[{"embeddable":true,"href":"https:\/\/anoticiaonline.com.br\/site\/wp-json\/wp\/v2\/users\/2"}],"replies":[{"embeddable":true,"href":"https:\/\/anoticiaonline.com.br\/site\/wp-json\/wp\/v2\/comments?post=29753"}],"version-history":[{"count":0,"href":"https:\/\/anoticiaonline.com.br\/site\/wp-json\/wp\/v2\/posts\/29753\/revisions"}],"wp:attachment":[{"href":"https:\/\/anoticiaonline.com.br\/site\/wp-json\/wp\/v2\/media?parent=29753"}],"wp:term":[{"taxonomy":"category","embeddable":true,"href":"https:\/\/anoticiaonline.com.br\/site\/wp-json\/wp\/v2\/categories?post=29753"},{"taxonomy":"post_tag","embeddable":true,"href":"https:\/\/anoticiaonline.com.br\/site\/wp-json\/wp\/v2\/tags?post=29753"}],"curies":[{"name":"wp","href":"https:\/\/api.w.org\/{rel}","templated":true}]}}