{"id":29615,"date":"2017-05-11T20:09:00","date_gmt":"2017-05-11T23:09:00","guid":{"rendered":"http:\/\/anoticiaonline.com.br\/site\/?p=29615"},"modified":"2017-05-11T21:42:04","modified_gmt":"2017-05-12T00:42:04","slug":"america-vence-o-campeonato-mineiro-do-colina-2","status":"publish","type":"post","link":"https:\/\/anoticiaonline.com.br\/site\/america-vence-o-campeonato-mineiro-do-colina-2\/","title":{"rendered":"Am\u00e9rica vence o Campeonato Mineiro do Colina"},"content":{"rendered":"<p><a href=\"https:\/\/anoticiaonline.com.br\/site\/wp-content\/uploads\/2017\/05\/DSC_1783.jpg\"><img fetchpriority=\"high\" decoding=\"async\" class=\" size-medium wp-image-29427 alignleft\" src=\"https:\/\/anoticiaonline.com.br\/site\/wp-content\/uploads\/2017\/05\/DSC_1783-300x176.jpg\" alt=\"DSC_1783\" width=\"300\" height=\"176\" srcset=\"https:\/\/anoticiaonline.com.br\/site\/wp-content\/uploads\/2017\/05\/DSC_1783-300x176.jpg 300w, https:\/\/anoticiaonline.com.br\/site\/wp-content\/uploads\/2017\/05\/DSC_1783.jpg 640w\" sizes=\"(max-width: 300px) 100vw, 300px\" \/><\/a>Ap\u00f3s meses de intensa disputa entre as cinco equipes que participaram do Campeonato Mineiro do Colina, o grande vencedor foi conhecido. O Am\u00e9rica levou o t\u00edtulo deste ano, ap\u00f3s vencer o Tombense pelo placar de 1 a 0.<\/p>\n<p>A final foi disputada na manh\u00e3 do \u00faltimo domingo (7) e reuniu, mais uma vez, s\u00f3cios, atletas e amantes do futebol que sempre acompanham os tradicionais campeonatos promovidos pelo clube. O gol da vit\u00f3ria do Am\u00e9rica saiu no segundo tempo, com o lance de Melqui Sedec.<\/p>\n<p>O \u201cMineir\u00e3o\u201d do Colina come\u00e7ou no dia 10 de mar\u00e7o, com a participa\u00e7\u00e3o dos times: Am\u00e9rica, Cruzeiro, Atl\u00e9tico, Nacional de Muria\u00e9 e Tombense, e substituiu o tradicional \u201cCarioc\u00e3o\u201d. A ideia de trocar o nome da competi\u00e7\u00e3o foi uma tentativa de equilibrar ainda mais o campeonato, uma vez que as equipes foram formadas atrav\u00e9s de sorteio.<\/p>\n<p>O diretor de Esportes do clube, Gibson Charles Pereira, enaltece a participa\u00e7\u00e3o dos s\u00f3cios no \u201cMineir\u00e3o\u201d do Colina e conta que o pr\u00f3ximo evento esportivo &#8211; o Campeonato de Veteranos &#8211; j\u00e1 est\u00e1 sendo programado.<\/p>\n<p>Ao final, houve a entrega das premia\u00e7\u00f5es. Em seguida, foi servido um almo\u00e7o de confraterniza\u00e7\u00e3o. O t\u00e9cnico do Am\u00e9rica, Jos\u00e9 Wilson, comemora o t\u00edtulo. \u201cSer campe\u00e3o \u00e9 sempre muito bom, principalmente a nossa equipe, que n\u00e3o era uma das mais favoritas. Fomos eliminando os outros times at\u00e9 chegarmos \u00e0 grande final e conseguirmos essa vit\u00f3ria. Nossos jogadores n\u00e3o s\u00e3o craques, mas tiveram ra\u00e7a, \u2018colocaram\u2019 o cora\u00e7\u00e3o na ponta da chuteira, e isso foi o suficiente\u201d, afirma.<\/p>\n<p>O presidente do Colina, Ant\u00f4nio Gomes de Sousa, destaca o sucesso do campeonato e afirma que a competi\u00e7\u00e3o aproxima o associado do clube, al\u00e9m de incentivar a pr\u00e1tica esportiva. \u201cO associado participou maci\u00e7amente do campeonato e tamb\u00e9m da grande final. \u00c9 uma festa bonita. O Colina precisa do s\u00f3cio, e o s\u00f3cio tem marcado presen\u00e7a\u201d, conta.<\/p>\n<p>Al\u00e9m dos campeonatos esportivos, o Colina est\u00e1 sempre promovendo eventos em prol de seus s\u00f3cios. O mais recente foi o \u201cCabaret da Marofagy\u201d, que reuniu cerca de 400 pessoas em um ambiente familiar, proporcionando ao p\u00fablico momentos de lazer e divers\u00e3o.<\/p>\n<p>Ant\u00f4nio lembra tamb\u00e9m que o bar do clube est\u00e1 sob nova dire\u00e7\u00e3o, prestando um servi\u00e7o de melhor qualidade para o associado. Ele ainda destaca a realiza\u00e7\u00e3o de novos projetos, como a poss\u00edvel instala\u00e7\u00e3o de energia solar no Colina, o que vai gerar uma consider\u00e1vel economia de energia el\u00e9trica. \u201cSe esse projeto se concretizar, ser\u00e1 algo fant\u00e1stico para o Colina. O clube est\u00e1 no caminho certo, indo muito bem\u201d, considera.<\/p>\n<p>&nbsp;<\/p>\n<p>&nbsp;<\/p>\n","protected":false},"excerpt":{"rendered":"<p>Ap\u00f3s meses de intensa disputa entre as cinco equipes que participaram do Campeonato Mineiro do Colina, o grande vencedor foi conhecido. O Am\u00e9rica levou o t\u00edtulo deste ano, ap\u00f3s vencer o Tombense pelo placar de 1 a 0. A final foi disputada na manh\u00e3 do \u00faltimo domingo (7) e reuniu, mais uma vez, s\u00f3cios, atletas &#8230; <a title=\"Am\u00e9rica vence o Campeonato Mineiro do Colina\" class=\"read-more\" href=\"https:\/\/anoticiaonline.com.br\/site\/america-vence-o-campeonato-mineiro-do-colina-2\/\" aria-label=\"Read more about Am\u00e9rica vence o Campeonato Mineiro do Colina\">Ler mais<\/a><\/p>\n","protected":false},"author":2,"featured_media":29427,"comment_status":"open","ping_status":"open","sticky":false,"template":"","format":"standard","meta":{"_acf_changed":false,"_monsterinsights_skip_tracking":false,"footnotes":""},"categories":[29],"tags":[3],"class_list":["post-29615","post","type-post","status-publish","format-standard","has-post-thumbnail","hentry","category-esporte","tag-slide"],"acf":[],"aioseo_notices":[],"aioseo_head":"\n\t\t<!-- All in One SEO 5.0.0.1 - aioseo.com -->\n\t<meta name=\"description\" content=\"Ap\u00f3s meses de intensa disputa entre as cinco equipes que participaram do Campeonato Mineiro do Colina, o grande vencedor foi conhecido. O Am\u00e9rica levou o t\u00edtulo deste ano, ap\u00f3s vencer o Tombense pelo placar de 1 a 0. A final foi disputada na manh\u00e3 do \u00faltimo domingo (7) e reuniu, mais uma vez, s\u00f3cios, atletas\" \/>\n\t<meta name=\"robots\" content=\"max-image-preview:large\" \/>\n\t<meta name=\"author\" content=\"Juliana Laviola\"\/>\n\t<link rel=\"canonical\" href=\"https:\/\/anoticiaonline.com.br\/site\/america-vence-o-campeonato-mineiro-do-colina-2\/\" \/>\n\t<meta name=\"generator\" content=\"All in One SEO (AIOSEO) 5.0.0.1\" \/>\n\t\t<meta property=\"og:locale\" content=\"pt_BR\" \/>\n\t\t<meta property=\"og:site_name\" content=\"A Not\u00edcia Online - Noticias de Muria\u00e9 e regi\u00e3o\" \/>\n\t\t<meta property=\"og:type\" content=\"article\" \/>\n\t\t<meta property=\"og:title\" content=\"Am\u00e9rica vence o Campeonato Mineiro do Colina - A Not\u00edcia Online\" \/>\n\t\t<meta property=\"og:description\" content=\"Ap\u00f3s meses de intensa disputa entre as cinco equipes que participaram do Campeonato Mineiro do Colina, o grande vencedor foi conhecido. O Am\u00e9rica levou o t\u00edtulo deste ano, ap\u00f3s vencer o Tombense pelo placar de 1 a 0. A final foi disputada na manh\u00e3 do \u00faltimo domingo (7) e reuniu, mais uma vez, s\u00f3cios, atletas\" \/>\n\t\t<meta property=\"og:url\" content=\"https:\/\/anoticiaonline.com.br\/site\/america-vence-o-campeonato-mineiro-do-colina-2\/\" \/>\n\t\t<meta property=\"og:image\" content=\"https:\/\/scontent-gig4-1.xx.fbcdn.net\/v\/t39.30808-1\/270437624_4564083193639691_6907940295614233970_n.jpg?stp=dst-jpg_s200x200_tt6&#038;_nc_cat=111&#038;ccb=1-7&#038;_nc_sid=f907e8&#038;_nc_ohc=SM1wRlP3lJwQ7kNvwEPuBYA&#038;_nc_oc=AdnqrjDN_BNjSSHWO-GbkIWH6fkGMLw4bqvL_NH6e2wMveX7G-rP2dAqsDSq1mJMOaY&#038;_nc_zt=24&#038;_nc_ht=scontent-gig4-1.xx&#038;_nc_gid=AoBFJeGrT1hVaew_6rchkQ&#038;oh=00_AfX7QmFGhQhG2jAllVgXCiM1ZrWgvtp80-Bfppyexh1QEg&#038;oe=689E923C\" \/>\n\t\t<meta property=\"og:image:secure_url\" content=\"https:\/\/scontent-gig4-1.xx.fbcdn.net\/v\/t39.30808-1\/270437624_4564083193639691_6907940295614233970_n.jpg?stp=dst-jpg_s200x200_tt6&#038;_nc_cat=111&#038;ccb=1-7&#038;_nc_sid=f907e8&#038;_nc_ohc=SM1wRlP3lJwQ7kNvwEPuBYA&#038;_nc_oc=AdnqrjDN_BNjSSHWO-GbkIWH6fkGMLw4bqvL_NH6e2wMveX7G-rP2dAqsDSq1mJMOaY&#038;_nc_zt=24&#038;_nc_ht=scontent-gig4-1.xx&#038;_nc_gid=AoBFJeGrT1hVaew_6rchkQ&#038;oh=00_AfX7QmFGhQhG2jAllVgXCiM1ZrWgvtp80-Bfppyexh1QEg&#038;oe=689E923C\" \/>\n\t\t<meta property=\"article:published_time\" content=\"2017-05-11T23:09:00+00:00\" \/>\n\t\t<meta property=\"article:modified_time\" content=\"2017-05-12T00:42:04+00:00\" \/>\n\t\t<meta name=\"twitter:card\" content=\"summary_large_image\" \/>\n\t\t<meta name=\"twitter:title\" content=\"Am\u00e9rica vence o Campeonato Mineiro do Colina - A Not\u00edcia Online\" \/>\n\t\t<meta name=\"twitter:description\" content=\"Ap\u00f3s meses de intensa disputa entre as cinco equipes que participaram do Campeonato Mineiro do Colina, o grande vencedor foi conhecido. O Am\u00e9rica levou o t\u00edtulo deste ano, ap\u00f3s vencer o Tombense pelo placar de 1 a 0. A final foi disputada na manh\u00e3 do \u00faltimo domingo (7) e reuniu, mais uma vez, s\u00f3cios, atletas\" \/>\n\t\t<meta name=\"twitter:image\" content=\"https:\/\/scontent-gig4-1.xx.fbcdn.net\/v\/t39.30808-1\/270437624_4564083193639691_6907940295614233970_n.jpg?stp=dst-jpg_s200x200_tt6&amp;_nc_cat=111&amp;ccb=1-7&amp;_nc_sid=f907e8&amp;_nc_ohc=SM1wRlP3lJwQ7kNvwEPuBYA&amp;_nc_oc=AdnqrjDN_BNjSSHWO-GbkIWH6fkGMLw4bqvL_NH6e2wMveX7G-rP2dAqsDSq1mJMOaY&amp;_nc_zt=24&amp;_nc_ht=scontent-gig4-1.xx&amp;_nc_gid=AoBFJeGrT1hVaew_6rchkQ&amp;oh=00_AfX7QmFGhQhG2jAllVgXCiM1ZrWgvtp80-Bfppyexh1QEg&amp;oe=689E923C\" \/>\n\t\t<script type=\"application\/ld+json\" class=\"aioseo-schema\">\n\t\t\t{\"@context\":\"https:\\\/\\\/schema.org\",\"@graph\":[{\"@type\":\"BlogPosting\",\"@id\":\"https:\\\/\\\/anoticiaonline.com.br\\\/site\\\/america-vence-o-campeonato-mineiro-do-colina-2\\\/#blogposting\",\"name\":\"Am\\u00e9rica vence o Campeonato Mineiro do Colina - A Not\\u00edcia Online\",\"headline\":\"Am\\u00e9rica vence o Campeonato Mineiro do Colina\",\"author\":{\"@id\":\"https:\\\/\\\/anoticiaonline.com.br\\\/site\\\/author\\\/juliana\\\/#author\"},\"publisher\":{\"@id\":\"https:\\\/\\\/anoticiaonline.com.br\\\/site\\\/#organization\"},\"image\":{\"@type\":\"ImageObject\",\"url\":\"https:\\\/\\\/anoticiaonline.com.br\\\/site\\\/wp-content\\\/uploads\\\/2017\\\/05\\\/DSC_1783.jpg\",\"width\":640,\"height\":376},\"datePublished\":\"2017-05-11T20:09:00-03:00\",\"dateModified\":\"2017-05-11T21:42:04-03:00\",\"inLanguage\":\"pt-BR\",\"mainEntityOfPage\":{\"@id\":\"https:\\\/\\\/anoticiaonline.com.br\\\/site\\\/america-vence-o-campeonato-mineiro-do-colina-2\\\/#webpage\"},\"isPartOf\":{\"@id\":\"https:\\\/\\\/anoticiaonline.com.br\\\/site\\\/america-vence-o-campeonato-mineiro-do-colina-2\\\/#webpage\"},\"articleSection\":\"Esporte, slide\"},{\"@type\":\"BreadcrumbList\",\"@id\":\"https:\\\/\\\/anoticiaonline.com.br\\\/site\\\/america-vence-o-campeonato-mineiro-do-colina-2\\\/#breadcrumblist\",\"itemListElement\":[{\"@type\":\"ListItem\",\"@id\":\"https:\\\/\\\/anoticiaonline.com.br\\\/site#listItem\",\"position\":1,\"name\":\"Home\",\"item\":\"https:\\\/\\\/anoticiaonline.com.br\\\/site\",\"nextItem\":{\"@type\":\"ListItem\",\"@id\":\"https:\\\/\\\/anoticiaonline.com.br\\\/site\\\/categoria\\\/esporte\\\/#listItem\",\"name\":\"Esporte\"}},{\"@type\":\"ListItem\",\"@id\":\"https:\\\/\\\/anoticiaonline.com.br\\\/site\\\/categoria\\\/esporte\\\/#listItem\",\"position\":2,\"name\":\"Esporte\",\"item\":\"https:\\\/\\\/anoticiaonline.com.br\\\/site\\\/categoria\\\/esporte\\\/\",\"nextItem\":{\"@type\":\"ListItem\",\"@id\":\"https:\\\/\\\/anoticiaonline.com.br\\\/site\\\/america-vence-o-campeonato-mineiro-do-colina-2\\\/#listItem\",\"name\":\"Am\\u00e9rica vence o Campeonato Mineiro do Colina\"},\"previousItem\":{\"@type\":\"ListItem\",\"@id\":\"https:\\\/\\\/anoticiaonline.com.br\\\/site#listItem\",\"name\":\"Home\"}},{\"@type\":\"ListItem\",\"@id\":\"https:\\\/\\\/anoticiaonline.com.br\\\/site\\\/america-vence-o-campeonato-mineiro-do-colina-2\\\/#listItem\",\"position\":3,\"name\":\"Am\\u00e9rica vence o Campeonato Mineiro do Colina\",\"previousItem\":{\"@type\":\"ListItem\",\"@id\":\"https:\\\/\\\/anoticiaonline.com.br\\\/site\\\/categoria\\\/esporte\\\/#listItem\",\"name\":\"Esporte\"}}]},{\"@type\":\"Organization\",\"@id\":\"https:\\\/\\\/anoticiaonline.com.br\\\/site\\\/#organization\",\"name\":\"A Not\\u00edcia Online\",\"description\":\"Noticias de Muria\\u00e9 e regi\\u00e3o\",\"url\":\"https:\\\/\\\/anoticiaonline.com.br\\\/site\\\/\",\"logo\":{\"@type\":\"ImageObject\",\"url\":\"https:\\\/\\\/scontent-gig4-1.xx.fbcdn.net\\\/v\\\/t39.30808-1\\\/270437624_4564083193639691_6907940295614233970_n.jpg?stp=dst-jpg_s200x200_tt6&_nc_cat=111&ccb=1-7&_nc_sid=f907e8&_nc_ohc=SM1wRlP3lJwQ7kNvwEPuBYA&_nc_oc=AdnqrjDN_BNjSSHWO-GbkIWH6fkGMLw4bqvL_NH6e2wMveX7G-rP2dAqsDSq1mJMOaY&_nc_zt=24&_nc_ht=scontent-gig4-1.xx&_nc_gid=AoBFJeGrT1hVaew_6rchkQ&oh=00_AfX7QmFGhQhG2jAllVgXCiM1ZrWgvtp80-Bfppyexh1QEg&oe=689E923C\",\"@id\":\"https:\\\/\\\/anoticiaonline.com.br\\\/site\\\/america-vence-o-campeonato-mineiro-do-colina-2\\\/#organizationLogo\"},\"image\":{\"@id\":\"https:\\\/\\\/anoticiaonline.com.br\\\/site\\\/america-vence-o-campeonato-mineiro-do-colina-2\\\/#organizationLogo\"}},{\"@type\":\"Person\",\"@id\":\"https:\\\/\\\/anoticiaonline.com.br\\\/site\\\/author\\\/juliana\\\/#author\",\"url\":\"https:\\\/\\\/anoticiaonline.com.br\\\/site\\\/author\\\/juliana\\\/\",\"name\":\"Juliana Laviola\",\"image\":{\"@type\":\"ImageObject\",\"@id\":\"https:\\\/\\\/anoticiaonline.com.br\\\/site\\\/america-vence-o-campeonato-mineiro-do-colina-2\\\/#authorImage\",\"url\":\"https:\\\/\\\/secure.gravatar.com\\\/avatar\\\/b8d45f5c699b100dfaf0e543582f38f38bf94cb7ae3a5e9abf8d891a34773335?s=96&d=mm&r=g\",\"width\":96,\"height\":96,\"caption\":\"Juliana Laviola\"}},{\"@type\":\"WebPage\",\"@id\":\"https:\\\/\\\/anoticiaonline.com.br\\\/site\\\/america-vence-o-campeonato-mineiro-do-colina-2\\\/#webpage\",\"url\":\"https:\\\/\\\/anoticiaonline.com.br\\\/site\\\/america-vence-o-campeonato-mineiro-do-colina-2\\\/\",\"name\":\"Am\\u00e9rica vence o Campeonato Mineiro do Colina - A Not\\u00edcia Online\",\"description\":\"Ap\\u00f3s meses de intensa disputa entre as cinco equipes que participaram do Campeonato Mineiro do Colina, o grande vencedor foi conhecido. O Am\\u00e9rica levou o t\\u00edtulo deste ano, ap\\u00f3s vencer o Tombense pelo placar de 1 a 0. A final foi disputada na manh\\u00e3 do \\u00faltimo domingo (7) e reuniu, mais uma vez, s\\u00f3cios, atletas\",\"inLanguage\":\"pt-BR\",\"isPartOf\":{\"@id\":\"https:\\\/\\\/anoticiaonline.com.br\\\/site\\\/#website\"},\"breadcrumb\":{\"@id\":\"https:\\\/\\\/anoticiaonline.com.br\\\/site\\\/america-vence-o-campeonato-mineiro-do-colina-2\\\/#breadcrumblist\"},\"author\":{\"@id\":\"https:\\\/\\\/anoticiaonline.com.br\\\/site\\\/author\\\/juliana\\\/#author\"},\"creator\":{\"@id\":\"https:\\\/\\\/anoticiaonline.com.br\\\/site\\\/author\\\/juliana\\\/#author\"},\"image\":{\"@type\":\"ImageObject\",\"url\":\"https:\\\/\\\/anoticiaonline.com.br\\\/site\\\/wp-content\\\/uploads\\\/2017\\\/05\\\/DSC_1783.jpg\",\"@id\":\"https:\\\/\\\/anoticiaonline.com.br\\\/site\\\/america-vence-o-campeonato-mineiro-do-colina-2\\\/#mainImage\",\"width\":640,\"height\":376},\"primaryImageOfPage\":{\"@id\":\"https:\\\/\\\/anoticiaonline.com.br\\\/site\\\/america-vence-o-campeonato-mineiro-do-colina-2\\\/#mainImage\"},\"datePublished\":\"2017-05-11T20:09:00-03:00\",\"dateModified\":\"2017-05-11T21:42:04-03:00\"},{\"@type\":\"WebSite\",\"@id\":\"https:\\\/\\\/anoticiaonline.com.br\\\/site\\\/#website\",\"url\":\"https:\\\/\\\/anoticiaonline.com.br\\\/site\\\/\",\"name\":\"A Not\\u00edcia Online\",\"description\":\"Noticias de Muria\\u00e9 e regi\\u00e3o\",\"inLanguage\":\"pt-BR\",\"publisher\":{\"@id\":\"https:\\\/\\\/anoticiaonline.com.br\\\/site\\\/#organization\"}}]}\n\t\t<\/script>\n\t\t<!-- All in One SEO -->\n\n","aioseo_head_json":{"title":"Am\u00e9rica vence o Campeonato Mineiro do Colina - A Not\u00edcia Online","description":"Ap\u00f3s meses de intensa disputa entre as cinco equipes que participaram do Campeonato Mineiro do Colina, o grande vencedor foi conhecido. O Am\u00e9rica levou o t\u00edtulo deste ano, ap\u00f3s vencer o Tombense pelo placar de 1 a 0. A final foi disputada na manh\u00e3 do \u00faltimo domingo (7) e reuniu, mais uma vez, s\u00f3cios, atletas","canonical_url":"https:\/\/anoticiaonline.com.br\/site\/america-vence-o-campeonato-mineiro-do-colina-2\/","robots":"max-image-preview:large","keywords":"","webmasterTools":{"miscellaneous":""},"schema":{"@context":"https:\/\/schema.org","@graph":[{"@type":"BlogPosting","@id":"https:\/\/anoticiaonline.com.br\/site\/america-vence-o-campeonato-mineiro-do-colina-2\/#blogposting","name":"Am\u00e9rica vence o Campeonato Mineiro do Colina - A Not\u00edcia Online","headline":"Am\u00e9rica vence o Campeonato Mineiro do Colina","author":{"@id":"https:\/\/anoticiaonline.com.br\/site\/author\/juliana\/#author"},"publisher":{"@id":"https:\/\/anoticiaonline.com.br\/site\/#organization"},"image":{"@type":"ImageObject","url":"https:\/\/anoticiaonline.com.br\/site\/wp-content\/uploads\/2017\/05\/DSC_1783.jpg","width":640,"height":376},"datePublished":"2017-05-11T20:09:00-03:00","dateModified":"2017-05-11T21:42:04-03:00","inLanguage":"pt-BR","mainEntityOfPage":{"@id":"https:\/\/anoticiaonline.com.br\/site\/america-vence-o-campeonato-mineiro-do-colina-2\/#webpage"},"isPartOf":{"@id":"https:\/\/anoticiaonline.com.br\/site\/america-vence-o-campeonato-mineiro-do-colina-2\/#webpage"},"articleSection":"Esporte, slide"},{"@type":"BreadcrumbList","@id":"https:\/\/anoticiaonline.com.br\/site\/america-vence-o-campeonato-mineiro-do-colina-2\/#breadcrumblist","itemListElement":[{"@type":"ListItem","@id":"https:\/\/anoticiaonline.com.br\/site#listItem","position":1,"name":"Home","item":"https:\/\/anoticiaonline.com.br\/site","nextItem":{"@type":"ListItem","@id":"https:\/\/anoticiaonline.com.br\/site\/categoria\/esporte\/#listItem","name":"Esporte"}},{"@type":"ListItem","@id":"https:\/\/anoticiaonline.com.br\/site\/categoria\/esporte\/#listItem","position":2,"name":"Esporte","item":"https:\/\/anoticiaonline.com.br\/site\/categoria\/esporte\/","nextItem":{"@type":"ListItem","@id":"https:\/\/anoticiaonline.com.br\/site\/america-vence-o-campeonato-mineiro-do-colina-2\/#listItem","name":"Am\u00e9rica vence o Campeonato Mineiro do Colina"},"previousItem":{"@type":"ListItem","@id":"https:\/\/anoticiaonline.com.br\/site#listItem","name":"Home"}},{"@type":"ListItem","@id":"https:\/\/anoticiaonline.com.br\/site\/america-vence-o-campeonato-mineiro-do-colina-2\/#listItem","position":3,"name":"Am\u00e9rica vence o Campeonato Mineiro do Colina","previousItem":{"@type":"ListItem","@id":"https:\/\/anoticiaonline.com.br\/site\/categoria\/esporte\/#listItem","name":"Esporte"}}]},{"@type":"Organization","@id":"https:\/\/anoticiaonline.com.br\/site\/#organization","name":"A Not\u00edcia Online","description":"Noticias de Muria\u00e9 e regi\u00e3o","url":"https:\/\/anoticiaonline.com.br\/site\/","logo":{"@type":"ImageObject","url":"https:\/\/scontent-gig4-1.xx.fbcdn.net\/v\/t39.30808-1\/270437624_4564083193639691_6907940295614233970_n.jpg?stp=dst-jpg_s200x200_tt6&_nc_cat=111&ccb=1-7&_nc_sid=f907e8&_nc_ohc=SM1wRlP3lJwQ7kNvwEPuBYA&_nc_oc=AdnqrjDN_BNjSSHWO-GbkIWH6fkGMLw4bqvL_NH6e2wMveX7G-rP2dAqsDSq1mJMOaY&_nc_zt=24&_nc_ht=scontent-gig4-1.xx&_nc_gid=AoBFJeGrT1hVaew_6rchkQ&oh=00_AfX7QmFGhQhG2jAllVgXCiM1ZrWgvtp80-Bfppyexh1QEg&oe=689E923C","@id":"https:\/\/anoticiaonline.com.br\/site\/america-vence-o-campeonato-mineiro-do-colina-2\/#organizationLogo"},"image":{"@id":"https:\/\/anoticiaonline.com.br\/site\/america-vence-o-campeonato-mineiro-do-colina-2\/#organizationLogo"}},{"@type":"Person","@id":"https:\/\/anoticiaonline.com.br\/site\/author\/juliana\/#author","url":"https:\/\/anoticiaonline.com.br\/site\/author\/juliana\/","name":"Juliana Laviola","image":{"@type":"ImageObject","@id":"https:\/\/anoticiaonline.com.br\/site\/america-vence-o-campeonato-mineiro-do-colina-2\/#authorImage","url":"https:\/\/secure.gravatar.com\/avatar\/b8d45f5c699b100dfaf0e543582f38f38bf94cb7ae3a5e9abf8d891a34773335?s=96&d=mm&r=g","width":96,"height":96,"caption":"Juliana Laviola"}},{"@type":"WebPage","@id":"https:\/\/anoticiaonline.com.br\/site\/america-vence-o-campeonato-mineiro-do-colina-2\/#webpage","url":"https:\/\/anoticiaonline.com.br\/site\/america-vence-o-campeonato-mineiro-do-colina-2\/","name":"Am\u00e9rica vence o Campeonato Mineiro do Colina - A Not\u00edcia Online","description":"Ap\u00f3s meses de intensa disputa entre as cinco equipes que participaram do Campeonato Mineiro do Colina, o grande vencedor foi conhecido. O Am\u00e9rica levou o t\u00edtulo deste ano, ap\u00f3s vencer o Tombense pelo placar de 1 a 0. A final foi disputada na manh\u00e3 do \u00faltimo domingo (7) e reuniu, mais uma vez, s\u00f3cios, atletas","inLanguage":"pt-BR","isPartOf":{"@id":"https:\/\/anoticiaonline.com.br\/site\/#website"},"breadcrumb":{"@id":"https:\/\/anoticiaonline.com.br\/site\/america-vence-o-campeonato-mineiro-do-colina-2\/#breadcrumblist"},"author":{"@id":"https:\/\/anoticiaonline.com.br\/site\/author\/juliana\/#author"},"creator":{"@id":"https:\/\/anoticiaonline.com.br\/site\/author\/juliana\/#author"},"image":{"@type":"ImageObject","url":"https:\/\/anoticiaonline.com.br\/site\/wp-content\/uploads\/2017\/05\/DSC_1783.jpg","@id":"https:\/\/anoticiaonline.com.br\/site\/america-vence-o-campeonato-mineiro-do-colina-2\/#mainImage","width":640,"height":376},"primaryImageOfPage":{"@id":"https:\/\/anoticiaonline.com.br\/site\/america-vence-o-campeonato-mineiro-do-colina-2\/#mainImage"},"datePublished":"2017-05-11T20:09:00-03:00","dateModified":"2017-05-11T21:42:04-03:00"},{"@type":"WebSite","@id":"https:\/\/anoticiaonline.com.br\/site\/#website","url":"https:\/\/anoticiaonline.com.br\/site\/","name":"A Not\u00edcia Online","description":"Noticias de Muria\u00e9 e regi\u00e3o","inLanguage":"pt-BR","publisher":{"@id":"https:\/\/anoticiaonline.com.br\/site\/#organization"}}]},"og:locale":"pt_BR","og:site_name":"A Not\u00edcia Online - Noticias de Muria\u00e9 e regi\u00e3o","og:type":"article","og:title":"Am\u00e9rica vence o Campeonato Mineiro do Colina - A Not\u00edcia Online","og:description":"Ap\u00f3s meses de intensa disputa entre as cinco equipes que participaram do Campeonato Mineiro do Colina, o grande vencedor foi conhecido. O Am\u00e9rica levou o t\u00edtulo deste ano, ap\u00f3s vencer o Tombense pelo placar de 1 a 0. A final foi disputada na manh\u00e3 do \u00faltimo domingo (7) e reuniu, mais uma vez, s\u00f3cios, atletas","og:url":"https:\/\/anoticiaonline.com.br\/site\/america-vence-o-campeonato-mineiro-do-colina-2\/","og:image":"https:\/\/scontent-gig4-1.xx.fbcdn.net\/v\/t39.30808-1\/270437624_4564083193639691_6907940295614233970_n.jpg?stp=dst-jpg_s200x200_tt6&#038;_nc_cat=111&#038;ccb=1-7&#038;_nc_sid=f907e8&#038;_nc_ohc=SM1wRlP3lJwQ7kNvwEPuBYA&#038;_nc_oc=AdnqrjDN_BNjSSHWO-GbkIWH6fkGMLw4bqvL_NH6e2wMveX7G-rP2dAqsDSq1mJMOaY&#038;_nc_zt=24&#038;_nc_ht=scontent-gig4-1.xx&#038;_nc_gid=AoBFJeGrT1hVaew_6rchkQ&#038;oh=00_AfX7QmFGhQhG2jAllVgXCiM1ZrWgvtp80-Bfppyexh1QEg&#038;oe=689E923C","og:image:secure_url":"https:\/\/scontent-gig4-1.xx.fbcdn.net\/v\/t39.30808-1\/270437624_4564083193639691_6907940295614233970_n.jpg?stp=dst-jpg_s200x200_tt6&#038;_nc_cat=111&#038;ccb=1-7&#038;_nc_sid=f907e8&#038;_nc_ohc=SM1wRlP3lJwQ7kNvwEPuBYA&#038;_nc_oc=AdnqrjDN_BNjSSHWO-GbkIWH6fkGMLw4bqvL_NH6e2wMveX7G-rP2dAqsDSq1mJMOaY&#038;_nc_zt=24&#038;_nc_ht=scontent-gig4-1.xx&#038;_nc_gid=AoBFJeGrT1hVaew_6rchkQ&#038;oh=00_AfX7QmFGhQhG2jAllVgXCiM1ZrWgvtp80-Bfppyexh1QEg&#038;oe=689E923C","article:published_time":"2017-05-11T23:09:00+00:00","article:modified_time":"2017-05-12T00:42:04+00:00","twitter:card":"summary_large_image","twitter:title":"Am\u00e9rica vence o Campeonato Mineiro do Colina - A Not\u00edcia Online","twitter:description":"Ap\u00f3s meses de intensa disputa entre as cinco equipes que participaram do Campeonato Mineiro do Colina, o grande vencedor foi conhecido. O Am\u00e9rica levou o t\u00edtulo deste ano, ap\u00f3s vencer o Tombense pelo placar de 1 a 0. A final foi disputada na manh\u00e3 do \u00faltimo domingo (7) e reuniu, mais uma vez, s\u00f3cios, atletas","twitter:image":"https:\/\/scontent-gig4-1.xx.fbcdn.net\/v\/t39.30808-1\/270437624_4564083193639691_6907940295614233970_n.jpg?stp=dst-jpg_s200x200_tt6&_nc_cat=111&ccb=1-7&_nc_sid=f907e8&_nc_ohc=SM1wRlP3lJwQ7kNvwEPuBYA&_nc_oc=AdnqrjDN_BNjSSHWO-GbkIWH6fkGMLw4bqvL_NH6e2wMveX7G-rP2dAqsDSq1mJMOaY&_nc_zt=24&_nc_ht=scontent-gig4-1.xx&_nc_gid=AoBFJeGrT1hVaew_6rchkQ&oh=00_AfX7QmFGhQhG2jAllVgXCiM1ZrWgvtp80-Bfppyexh1QEg&oe=689E923C"},"aioseo_meta_data":{"post_id":"29615","title":null,"description":null,"keywords":null,"keyphrases":null,"primary_term":null,"canonical_url":null,"og_title":null,"og_description":null,"og_object_type":"default","og_image_type":"default","og_image_url":null,"og_image_width":null,"og_image_height":null,"og_image_custom_url":null,"og_image_custom_fields":null,"og_video":null,"og_custom_url":null,"og_article_section":null,"og_article_tags":null,"twitter_use_og":false,"twitter_card":"default","twitter_image_type":"default","twitter_image_url":null,"twitter_image_custom_url":null,"twitter_image_custom_fields":null,"twitter_title":null,"twitter_description":null,"schema":{"blockGraphs":[],"customGraphs":[],"default":{"data":{"Article":[],"Course":[],"Dataset":[],"FAQPage":[],"Movie":[],"Person":[],"Product":[],"ProductReview":[],"Car":[],"Recipe":[],"Service":[],"SoftwareApplication":[],"WebPage":[]},"graphName":"","isEnabled":true},"graphs":[]},"schema_type":"default","schema_type_options":null,"pillar_content":false,"robots_default":true,"robots_noindex":false,"robots_noarchive":false,"robots_nosnippet":false,"robots_nofollow":false,"robots_noimageindex":false,"robots_noodp":false,"robots_notranslate":false,"robots_max_snippet":null,"robots_max_videopreview":null,"robots_max_imagepreview":"large","priority":null,"frequency":null,"local_seo":null,"breadcrumb_settings":null,"limit_modified_date":false,"ai":null,"created":"2025-08-16 18:21:22","updated":"2025-08-16 18:21:22","focus_keyword":null,"additional_keywords":null,"truseo_locale":null,"seo_analyzer_scan_date":null},"aioseo_breadcrumb":"<div class=\"aioseo-breadcrumbs\"><span class=\"aioseo-breadcrumb\">\n\t\t\t<a href=\"https:\/\/anoticiaonline.com.br\/site\" title=\"Home\">Home<\/a>\n\t\t<\/span><span class=\"aioseo-breadcrumb-separator\">&raquo;<\/span><span class=\"aioseo-breadcrumb\">\n\t\t\t<a href=\"https:\/\/anoticiaonline.com.br\/site\/categoria\/esporte\/\" title=\"Esporte\">Esporte<\/a>\n\t\t<\/span><span class=\"aioseo-breadcrumb-separator\">&raquo;<\/span><span class=\"aioseo-breadcrumb\">\n\t\t\tAm\u00e9rica vence o Campeonato Mineiro do Colina\n\t\t<\/span><\/div>","aioseo_breadcrumb_json":[{"label":"Home","link":"https:\/\/anoticiaonline.com.br\/site"},{"label":"Esporte","link":"https:\/\/anoticiaonline.com.br\/site\/categoria\/esporte\/"},{"label":"Am\u00e9rica vence o Campeonato Mineiro do Colina","link":"https:\/\/anoticiaonline.com.br\/site\/america-vence-o-campeonato-mineiro-do-colina-2\/"}],"views":107,"_links":{"self":[{"href":"https:\/\/anoticiaonline.com.br\/site\/wp-json\/wp\/v2\/posts\/29615","targetHints":{"allow":["GET"]}}],"collection":[{"href":"https:\/\/anoticiaonline.com.br\/site\/wp-json\/wp\/v2\/posts"}],"about":[{"href":"https:\/\/anoticiaonline.com.br\/site\/wp-json\/wp\/v2\/types\/post"}],"author":[{"embeddable":true,"href":"https:\/\/anoticiaonline.com.br\/site\/wp-json\/wp\/v2\/users\/2"}],"replies":[{"embeddable":true,"href":"https:\/\/anoticiaonline.com.br\/site\/wp-json\/wp\/v2\/comments?post=29615"}],"version-history":[{"count":0,"href":"https:\/\/anoticiaonline.com.br\/site\/wp-json\/wp\/v2\/posts\/29615\/revisions"}],"wp:featuredmedia":[{"embeddable":true,"href":"https:\/\/anoticiaonline.com.br\/site\/wp-json\/wp\/v2\/media\/29427"}],"wp:attachment":[{"href":"https:\/\/anoticiaonline.com.br\/site\/wp-json\/wp\/v2\/media?parent=29615"}],"wp:term":[{"taxonomy":"category","embeddable":true,"href":"https:\/\/anoticiaonline.com.br\/site\/wp-json\/wp\/v2\/categories?post=29615"},{"taxonomy":"post_tag","embeddable":true,"href":"https:\/\/anoticiaonline.com.br\/site\/wp-json\/wp\/v2\/tags?post=29615"}],"curies":[{"name":"wp","href":"https:\/\/api.w.org\/{rel}","templated":true}]}}