{"id":29315,"date":"2017-05-11T10:02:09","date_gmt":"2017-05-11T13:02:09","guid":{"rendered":"http:\/\/anoticiaonline.com.br\/site\/?p=29315"},"modified":"2017-05-11T10:15:44","modified_gmt":"2017-05-11T13:15:44","slug":"mel-andrade-e-equipe-e-inaugurado-na-avenida-jk","status":"publish","type":"post","link":"https:\/\/anoticiaonline.com.br\/site\/mel-andrade-e-equipe-e-inaugurado-na-avenida-jk\/","title":{"rendered":"Mel Andrade e Equipe \u00e9 inaugurado na Avenida JK"},"content":{"rendered":"<p><a href=\"https:\/\/anoticiaonline.com.br\/site\/wp-content\/uploads\/2017\/05\/DSC_21041.jpg\"><img fetchpriority=\"high\" decoding=\"async\" class=\" size-medium wp-image-29372 alignleft\" src=\"https:\/\/anoticiaonline.com.br\/site\/wp-content\/uploads\/2017\/05\/DSC_21041-300x225.jpg\" alt=\"DSC_2104\" width=\"300\" height=\"225\" srcset=\"https:\/\/anoticiaonline.com.br\/site\/wp-content\/uploads\/2017\/05\/DSC_21041-300x225.jpg 300w, https:\/\/anoticiaonline.com.br\/site\/wp-content\/uploads\/2017\/05\/DSC_21041.jpg 640w\" sizes=\"(max-width: 300px) 100vw, 300px\" \/><\/a>O novo Mel Andrade e Equipe foi inaugurado em um ambiente totalmente remodelado e moderno. Localizado no mesmo endere\u00e7o, na Avenida JK, 585, loja 2, Centro, o espa\u00e7o de beleza oferece servi\u00e7os completos de design de sobrancelha, micropigmenta\u00e7\u00e3o, depila\u00e7\u00e3o, spa das unhas, manicure, pedicure, maquiagem, corte de cabelo, mechas, hidrata\u00e7\u00e3o, m\u00e1scara de ouro, drenagem, massagem modeladora, limpeza de pele, peeling, al\u00e9m de consulta com nutricionista.<\/p>\n<p>A inaugura\u00e7\u00e3o do novo espa\u00e7o aconteceu na noite de ter\u00e7a-feira (9), quando a propriet\u00e1ria, a esteticista Mel Andrade, acompanhada de familiares e de sua equipe, recebeu as clientes com um coquetel, para apresentar os servi\u00e7os e as novidades. Houve ainda um momento de ora\u00e7\u00e3o em agradecimento a Deus pelas conquistas obtidas.<\/p>\n<p>\u201cProcuro sempre oferecer o melhor para as minhas clientes. Muitas delas, ao longo do tempo, se tornaram minhas amigas. Estou muito feliz com essa nova etapa. Estou com uma equipe profissional e altamente capacitada, a qual vou apoiar e investir. Eu vou buscar sempre me especializar, para oferecer um atendimento cada vez mais profissional e de qualidade\u201d, afirma Mel Andrade, agradecendo a Deus, ao esposo George, \u00e0 fam\u00edlia, \u00e0 equipe e \u00e0s clientes.<\/p>\n<p>O Mel Andrade e Equipe funciona de segunda a s\u00e1bado, de 7h30min \u00e0s 19h30min. Os telefones para contato s\u00e3o 3728-2341 e 98802-3168.<\/p>\n<p><strong>GALERIA DE FOTOS:<\/strong><\/p>\n<p><img decoding=\"async\" class=\"ngg_displayed_gallery mceItem\" src=\"https:\/\/anoticiaonline.com.br\/site\/nextgen-attach_to_post\/preview\/id--29369\" alt=\"\" \/><\/p>\n","protected":false},"excerpt":{"rendered":"<p>O novo Mel Andrade e Equipe foi inaugurado em um ambiente totalmente remodelado e moderno. Localizado no mesmo endere\u00e7o, na Avenida JK, 585, loja 2, Centro, o espa\u00e7o de beleza oferece servi\u00e7os completos de design de sobrancelha, micropigmenta\u00e7\u00e3o, depila\u00e7\u00e3o, spa das unhas, manicure, pedicure, maquiagem, corte de cabelo, mechas, hidrata\u00e7\u00e3o, m\u00e1scara de ouro, drenagem, massagem &#8230; <a title=\"Mel Andrade e Equipe \u00e9 inaugurado na Avenida JK\" class=\"read-more\" href=\"https:\/\/anoticiaonline.com.br\/site\/mel-andrade-e-equipe-e-inaugurado-na-avenida-jk\/\" aria-label=\"Read more about Mel Andrade e Equipe \u00e9 inaugurado na Avenida JK\">Ler mais<\/a><\/p>\n","protected":false},"author":2,"featured_media":29372,"comment_status":"open","ping_status":"open","sticky":false,"template":"","format":"standard","meta":{"_acf_changed":false,"_monsterinsights_skip_tracking":false,"footnotes":""},"categories":[24],"tags":[3],"class_list":["post-29315","post","type-post","status-publish","format-standard","has-post-thumbnail","hentry","category-eventos","tag-slide"],"acf":[],"aioseo_notices":[],"aioseo_head":"\n\t\t<!-- All in One SEO 5.0.0.1 - aioseo.com -->\n\t<meta name=\"description\" content=\"O novo Mel Andrade e Equipe foi inaugurado em um ambiente totalmente remodelado e moderno. Localizado no mesmo endere\u00e7o, na Avenida JK, 585, loja 2, Centro, o espa\u00e7o de beleza oferece servi\u00e7os completos de design de sobrancelha, micropigmenta\u00e7\u00e3o, depila\u00e7\u00e3o, spa das unhas, manicure, pedicure, maquiagem, corte de cabelo, mechas, hidrata\u00e7\u00e3o, m\u00e1scara de ouro, drenagem, massagem\" \/>\n\t<meta name=\"robots\" content=\"max-image-preview:large\" \/>\n\t<meta name=\"author\" content=\"Juliana Laviola\"\/>\n\t<link rel=\"canonical\" href=\"https:\/\/anoticiaonline.com.br\/site\/mel-andrade-e-equipe-e-inaugurado-na-avenida-jk\/\" \/>\n\t<meta name=\"generator\" content=\"All in One SEO (AIOSEO) 5.0.0.1\" \/>\n\t\t<meta property=\"og:locale\" content=\"pt_BR\" \/>\n\t\t<meta property=\"og:site_name\" content=\"A Not\u00edcia Online - Noticias de Muria\u00e9 e regi\u00e3o\" \/>\n\t\t<meta property=\"og:type\" content=\"article\" \/>\n\t\t<meta property=\"og:title\" content=\"Mel Andrade e Equipe \u00e9 inaugurado na Avenida JK - A Not\u00edcia Online\" \/>\n\t\t<meta property=\"og:description\" content=\"O novo Mel Andrade e Equipe foi inaugurado em um ambiente totalmente remodelado e moderno. Localizado no mesmo endere\u00e7o, na Avenida JK, 585, loja 2, Centro, o espa\u00e7o de beleza oferece servi\u00e7os completos de design de sobrancelha, micropigmenta\u00e7\u00e3o, depila\u00e7\u00e3o, spa das unhas, manicure, pedicure, maquiagem, corte de cabelo, mechas, hidrata\u00e7\u00e3o, m\u00e1scara de ouro, drenagem, massagem\" \/>\n\t\t<meta property=\"og:url\" content=\"https:\/\/anoticiaonline.com.br\/site\/mel-andrade-e-equipe-e-inaugurado-na-avenida-jk\/\" \/>\n\t\t<meta property=\"og:image\" content=\"https:\/\/scontent-gig4-1.xx.fbcdn.net\/v\/t39.30808-1\/270437624_4564083193639691_6907940295614233970_n.jpg?stp=dst-jpg_s200x200_tt6&#038;_nc_cat=111&#038;ccb=1-7&#038;_nc_sid=f907e8&#038;_nc_ohc=SM1wRlP3lJwQ7kNvwEPuBYA&#038;_nc_oc=AdnqrjDN_BNjSSHWO-GbkIWH6fkGMLw4bqvL_NH6e2wMveX7G-rP2dAqsDSq1mJMOaY&#038;_nc_zt=24&#038;_nc_ht=scontent-gig4-1.xx&#038;_nc_gid=AoBFJeGrT1hVaew_6rchkQ&#038;oh=00_AfX7QmFGhQhG2jAllVgXCiM1ZrWgvtp80-Bfppyexh1QEg&#038;oe=689E923C\" \/>\n\t\t<meta property=\"og:image:secure_url\" content=\"https:\/\/scontent-gig4-1.xx.fbcdn.net\/v\/t39.30808-1\/270437624_4564083193639691_6907940295614233970_n.jpg?stp=dst-jpg_s200x200_tt6&#038;_nc_cat=111&#038;ccb=1-7&#038;_nc_sid=f907e8&#038;_nc_ohc=SM1wRlP3lJwQ7kNvwEPuBYA&#038;_nc_oc=AdnqrjDN_BNjSSHWO-GbkIWH6fkGMLw4bqvL_NH6e2wMveX7G-rP2dAqsDSq1mJMOaY&#038;_nc_zt=24&#038;_nc_ht=scontent-gig4-1.xx&#038;_nc_gid=AoBFJeGrT1hVaew_6rchkQ&#038;oh=00_AfX7QmFGhQhG2jAllVgXCiM1ZrWgvtp80-Bfppyexh1QEg&#038;oe=689E923C\" \/>\n\t\t<meta property=\"article:published_time\" content=\"2017-05-11T13:02:09+00:00\" \/>\n\t\t<meta property=\"article:modified_time\" content=\"2017-05-11T13:15:44+00:00\" \/>\n\t\t<meta name=\"twitter:card\" content=\"summary_large_image\" \/>\n\t\t<meta name=\"twitter:title\" content=\"Mel Andrade e Equipe \u00e9 inaugurado na Avenida JK - A Not\u00edcia Online\" \/>\n\t\t<meta name=\"twitter:description\" content=\"O novo Mel Andrade e Equipe foi inaugurado em um ambiente totalmente remodelado e moderno. Localizado no mesmo endere\u00e7o, na Avenida JK, 585, loja 2, Centro, o espa\u00e7o de beleza oferece servi\u00e7os completos de design de sobrancelha, micropigmenta\u00e7\u00e3o, depila\u00e7\u00e3o, spa das unhas, manicure, pedicure, maquiagem, corte de cabelo, mechas, hidrata\u00e7\u00e3o, m\u00e1scara de ouro, drenagem, massagem\" \/>\n\t\t<meta name=\"twitter:image\" content=\"https:\/\/scontent-gig4-1.xx.fbcdn.net\/v\/t39.30808-1\/270437624_4564083193639691_6907940295614233970_n.jpg?stp=dst-jpg_s200x200_tt6&amp;_nc_cat=111&amp;ccb=1-7&amp;_nc_sid=f907e8&amp;_nc_ohc=SM1wRlP3lJwQ7kNvwEPuBYA&amp;_nc_oc=AdnqrjDN_BNjSSHWO-GbkIWH6fkGMLw4bqvL_NH6e2wMveX7G-rP2dAqsDSq1mJMOaY&amp;_nc_zt=24&amp;_nc_ht=scontent-gig4-1.xx&amp;_nc_gid=AoBFJeGrT1hVaew_6rchkQ&amp;oh=00_AfX7QmFGhQhG2jAllVgXCiM1ZrWgvtp80-Bfppyexh1QEg&amp;oe=689E923C\" \/>\n\t\t<script type=\"application\/ld+json\" class=\"aioseo-schema\">\n\t\t\t{\"@context\":\"https:\\\/\\\/schema.org\",\"@graph\":[{\"@type\":\"BlogPosting\",\"@id\":\"https:\\\/\\\/anoticiaonline.com.br\\\/site\\\/mel-andrade-e-equipe-e-inaugurado-na-avenida-jk\\\/#blogposting\",\"name\":\"Mel Andrade e Equipe \\u00e9 inaugurado na Avenida JK - A Not\\u00edcia Online\",\"headline\":\"Mel Andrade e Equipe \\u00e9 inaugurado na Avenida JK\",\"author\":{\"@id\":\"https:\\\/\\\/anoticiaonline.com.br\\\/site\\\/author\\\/juliana\\\/#author\"},\"publisher\":{\"@id\":\"https:\\\/\\\/anoticiaonline.com.br\\\/site\\\/#organization\"},\"image\":{\"@type\":\"ImageObject\",\"url\":\"https:\\\/\\\/anoticiaonline.com.br\\\/site\\\/wp-content\\\/uploads\\\/2017\\\/05\\\/DSC_21041.jpg\",\"width\":640,\"height\":480},\"datePublished\":\"2017-05-11T10:02:09-03:00\",\"dateModified\":\"2017-05-11T10:15:44-03:00\",\"inLanguage\":\"pt-BR\",\"mainEntityOfPage\":{\"@id\":\"https:\\\/\\\/anoticiaonline.com.br\\\/site\\\/mel-andrade-e-equipe-e-inaugurado-na-avenida-jk\\\/#webpage\"},\"isPartOf\":{\"@id\":\"https:\\\/\\\/anoticiaonline.com.br\\\/site\\\/mel-andrade-e-equipe-e-inaugurado-na-avenida-jk\\\/#webpage\"},\"articleSection\":\"Eventos, slide\"},{\"@type\":\"BreadcrumbList\",\"@id\":\"https:\\\/\\\/anoticiaonline.com.br\\\/site\\\/mel-andrade-e-equipe-e-inaugurado-na-avenida-jk\\\/#breadcrumblist\",\"itemListElement\":[{\"@type\":\"ListItem\",\"@id\":\"https:\\\/\\\/anoticiaonline.com.br\\\/site#listItem\",\"position\":1,\"name\":\"Home\",\"item\":\"https:\\\/\\\/anoticiaonline.com.br\\\/site\",\"nextItem\":{\"@type\":\"ListItem\",\"@id\":\"https:\\\/\\\/anoticiaonline.com.br\\\/site\\\/categoria\\\/eventos\\\/#listItem\",\"name\":\"Eventos\"}},{\"@type\":\"ListItem\",\"@id\":\"https:\\\/\\\/anoticiaonline.com.br\\\/site\\\/categoria\\\/eventos\\\/#listItem\",\"position\":2,\"name\":\"Eventos\",\"item\":\"https:\\\/\\\/anoticiaonline.com.br\\\/site\\\/categoria\\\/eventos\\\/\",\"nextItem\":{\"@type\":\"ListItem\",\"@id\":\"https:\\\/\\\/anoticiaonline.com.br\\\/site\\\/mel-andrade-e-equipe-e-inaugurado-na-avenida-jk\\\/#listItem\",\"name\":\"Mel Andrade e Equipe \\u00e9 inaugurado na Avenida JK\"},\"previousItem\":{\"@type\":\"ListItem\",\"@id\":\"https:\\\/\\\/anoticiaonline.com.br\\\/site#listItem\",\"name\":\"Home\"}},{\"@type\":\"ListItem\",\"@id\":\"https:\\\/\\\/anoticiaonline.com.br\\\/site\\\/mel-andrade-e-equipe-e-inaugurado-na-avenida-jk\\\/#listItem\",\"position\":3,\"name\":\"Mel Andrade e Equipe \\u00e9 inaugurado na Avenida JK\",\"previousItem\":{\"@type\":\"ListItem\",\"@id\":\"https:\\\/\\\/anoticiaonline.com.br\\\/site\\\/categoria\\\/eventos\\\/#listItem\",\"name\":\"Eventos\"}}]},{\"@type\":\"Organization\",\"@id\":\"https:\\\/\\\/anoticiaonline.com.br\\\/site\\\/#organization\",\"name\":\"A Not\\u00edcia Online\",\"description\":\"Noticias de Muria\\u00e9 e regi\\u00e3o\",\"url\":\"https:\\\/\\\/anoticiaonline.com.br\\\/site\\\/\",\"logo\":{\"@type\":\"ImageObject\",\"url\":\"https:\\\/\\\/scontent-gig4-1.xx.fbcdn.net\\\/v\\\/t39.30808-1\\\/270437624_4564083193639691_6907940295614233970_n.jpg?stp=dst-jpg_s200x200_tt6&_nc_cat=111&ccb=1-7&_nc_sid=f907e8&_nc_ohc=SM1wRlP3lJwQ7kNvwEPuBYA&_nc_oc=AdnqrjDN_BNjSSHWO-GbkIWH6fkGMLw4bqvL_NH6e2wMveX7G-rP2dAqsDSq1mJMOaY&_nc_zt=24&_nc_ht=scontent-gig4-1.xx&_nc_gid=AoBFJeGrT1hVaew_6rchkQ&oh=00_AfX7QmFGhQhG2jAllVgXCiM1ZrWgvtp80-Bfppyexh1QEg&oe=689E923C\",\"@id\":\"https:\\\/\\\/anoticiaonline.com.br\\\/site\\\/mel-andrade-e-equipe-e-inaugurado-na-avenida-jk\\\/#organizationLogo\"},\"image\":{\"@id\":\"https:\\\/\\\/anoticiaonline.com.br\\\/site\\\/mel-andrade-e-equipe-e-inaugurado-na-avenida-jk\\\/#organizationLogo\"}},{\"@type\":\"Person\",\"@id\":\"https:\\\/\\\/anoticiaonline.com.br\\\/site\\\/author\\\/juliana\\\/#author\",\"url\":\"https:\\\/\\\/anoticiaonline.com.br\\\/site\\\/author\\\/juliana\\\/\",\"name\":\"Juliana Laviola\",\"image\":{\"@type\":\"ImageObject\",\"@id\":\"https:\\\/\\\/anoticiaonline.com.br\\\/site\\\/mel-andrade-e-equipe-e-inaugurado-na-avenida-jk\\\/#authorImage\",\"url\":\"https:\\\/\\\/secure.gravatar.com\\\/avatar\\\/b8d45f5c699b100dfaf0e543582f38f38bf94cb7ae3a5e9abf8d891a34773335?s=96&d=mm&r=g\",\"width\":96,\"height\":96,\"caption\":\"Juliana Laviola\"}},{\"@type\":\"WebPage\",\"@id\":\"https:\\\/\\\/anoticiaonline.com.br\\\/site\\\/mel-andrade-e-equipe-e-inaugurado-na-avenida-jk\\\/#webpage\",\"url\":\"https:\\\/\\\/anoticiaonline.com.br\\\/site\\\/mel-andrade-e-equipe-e-inaugurado-na-avenida-jk\\\/\",\"name\":\"Mel Andrade e Equipe \\u00e9 inaugurado na Avenida JK - A Not\\u00edcia Online\",\"description\":\"O novo Mel Andrade e Equipe foi inaugurado em um ambiente totalmente remodelado e moderno. Localizado no mesmo endere\\u00e7o, na Avenida JK, 585, loja 2, Centro, o espa\\u00e7o de beleza oferece servi\\u00e7os completos de design de sobrancelha, micropigmenta\\u00e7\\u00e3o, depila\\u00e7\\u00e3o, spa das unhas, manicure, pedicure, maquiagem, corte de cabelo, mechas, hidrata\\u00e7\\u00e3o, m\\u00e1scara de ouro, drenagem, massagem\",\"inLanguage\":\"pt-BR\",\"isPartOf\":{\"@id\":\"https:\\\/\\\/anoticiaonline.com.br\\\/site\\\/#website\"},\"breadcrumb\":{\"@id\":\"https:\\\/\\\/anoticiaonline.com.br\\\/site\\\/mel-andrade-e-equipe-e-inaugurado-na-avenida-jk\\\/#breadcrumblist\"},\"author\":{\"@id\":\"https:\\\/\\\/anoticiaonline.com.br\\\/site\\\/author\\\/juliana\\\/#author\"},\"creator\":{\"@id\":\"https:\\\/\\\/anoticiaonline.com.br\\\/site\\\/author\\\/juliana\\\/#author\"},\"image\":{\"@type\":\"ImageObject\",\"url\":\"https:\\\/\\\/anoticiaonline.com.br\\\/site\\\/wp-content\\\/uploads\\\/2017\\\/05\\\/DSC_21041.jpg\",\"@id\":\"https:\\\/\\\/anoticiaonline.com.br\\\/site\\\/mel-andrade-e-equipe-e-inaugurado-na-avenida-jk\\\/#mainImage\",\"width\":640,\"height\":480},\"primaryImageOfPage\":{\"@id\":\"https:\\\/\\\/anoticiaonline.com.br\\\/site\\\/mel-andrade-e-equipe-e-inaugurado-na-avenida-jk\\\/#mainImage\"},\"datePublished\":\"2017-05-11T10:02:09-03:00\",\"dateModified\":\"2017-05-11T10:15:44-03:00\"},{\"@type\":\"WebSite\",\"@id\":\"https:\\\/\\\/anoticiaonline.com.br\\\/site\\\/#website\",\"url\":\"https:\\\/\\\/anoticiaonline.com.br\\\/site\\\/\",\"name\":\"A Not\\u00edcia Online\",\"description\":\"Noticias de Muria\\u00e9 e regi\\u00e3o\",\"inLanguage\":\"pt-BR\",\"publisher\":{\"@id\":\"https:\\\/\\\/anoticiaonline.com.br\\\/site\\\/#organization\"}}]}\n\t\t<\/script>\n\t\t<!-- All in One SEO -->\n\n","aioseo_head_json":{"title":"Mel Andrade e Equipe \u00e9 inaugurado na Avenida JK - A Not\u00edcia Online","description":"O novo Mel Andrade e Equipe foi inaugurado em um ambiente totalmente remodelado e moderno. Localizado no mesmo endere\u00e7o, na Avenida JK, 585, loja 2, Centro, o espa\u00e7o de beleza oferece servi\u00e7os completos de design de sobrancelha, micropigmenta\u00e7\u00e3o, depila\u00e7\u00e3o, spa das unhas, manicure, pedicure, maquiagem, corte de cabelo, mechas, hidrata\u00e7\u00e3o, m\u00e1scara de ouro, drenagem, massagem","canonical_url":"https:\/\/anoticiaonline.com.br\/site\/mel-andrade-e-equipe-e-inaugurado-na-avenida-jk\/","robots":"max-image-preview:large","keywords":"","webmasterTools":{"miscellaneous":""},"schema":{"@context":"https:\/\/schema.org","@graph":[{"@type":"BlogPosting","@id":"https:\/\/anoticiaonline.com.br\/site\/mel-andrade-e-equipe-e-inaugurado-na-avenida-jk\/#blogposting","name":"Mel Andrade e Equipe \u00e9 inaugurado na Avenida JK - A Not\u00edcia Online","headline":"Mel Andrade e Equipe \u00e9 inaugurado na Avenida JK","author":{"@id":"https:\/\/anoticiaonline.com.br\/site\/author\/juliana\/#author"},"publisher":{"@id":"https:\/\/anoticiaonline.com.br\/site\/#organization"},"image":{"@type":"ImageObject","url":"https:\/\/anoticiaonline.com.br\/site\/wp-content\/uploads\/2017\/05\/DSC_21041.jpg","width":640,"height":480},"datePublished":"2017-05-11T10:02:09-03:00","dateModified":"2017-05-11T10:15:44-03:00","inLanguage":"pt-BR","mainEntityOfPage":{"@id":"https:\/\/anoticiaonline.com.br\/site\/mel-andrade-e-equipe-e-inaugurado-na-avenida-jk\/#webpage"},"isPartOf":{"@id":"https:\/\/anoticiaonline.com.br\/site\/mel-andrade-e-equipe-e-inaugurado-na-avenida-jk\/#webpage"},"articleSection":"Eventos, slide"},{"@type":"BreadcrumbList","@id":"https:\/\/anoticiaonline.com.br\/site\/mel-andrade-e-equipe-e-inaugurado-na-avenida-jk\/#breadcrumblist","itemListElement":[{"@type":"ListItem","@id":"https:\/\/anoticiaonline.com.br\/site#listItem","position":1,"name":"Home","item":"https:\/\/anoticiaonline.com.br\/site","nextItem":{"@type":"ListItem","@id":"https:\/\/anoticiaonline.com.br\/site\/categoria\/eventos\/#listItem","name":"Eventos"}},{"@type":"ListItem","@id":"https:\/\/anoticiaonline.com.br\/site\/categoria\/eventos\/#listItem","position":2,"name":"Eventos","item":"https:\/\/anoticiaonline.com.br\/site\/categoria\/eventos\/","nextItem":{"@type":"ListItem","@id":"https:\/\/anoticiaonline.com.br\/site\/mel-andrade-e-equipe-e-inaugurado-na-avenida-jk\/#listItem","name":"Mel Andrade e Equipe \u00e9 inaugurado na Avenida JK"},"previousItem":{"@type":"ListItem","@id":"https:\/\/anoticiaonline.com.br\/site#listItem","name":"Home"}},{"@type":"ListItem","@id":"https:\/\/anoticiaonline.com.br\/site\/mel-andrade-e-equipe-e-inaugurado-na-avenida-jk\/#listItem","position":3,"name":"Mel Andrade e Equipe \u00e9 inaugurado na Avenida JK","previousItem":{"@type":"ListItem","@id":"https:\/\/anoticiaonline.com.br\/site\/categoria\/eventos\/#listItem","name":"Eventos"}}]},{"@type":"Organization","@id":"https:\/\/anoticiaonline.com.br\/site\/#organization","name":"A Not\u00edcia Online","description":"Noticias de Muria\u00e9 e regi\u00e3o","url":"https:\/\/anoticiaonline.com.br\/site\/","logo":{"@type":"ImageObject","url":"https:\/\/scontent-gig4-1.xx.fbcdn.net\/v\/t39.30808-1\/270437624_4564083193639691_6907940295614233970_n.jpg?stp=dst-jpg_s200x200_tt6&_nc_cat=111&ccb=1-7&_nc_sid=f907e8&_nc_ohc=SM1wRlP3lJwQ7kNvwEPuBYA&_nc_oc=AdnqrjDN_BNjSSHWO-GbkIWH6fkGMLw4bqvL_NH6e2wMveX7G-rP2dAqsDSq1mJMOaY&_nc_zt=24&_nc_ht=scontent-gig4-1.xx&_nc_gid=AoBFJeGrT1hVaew_6rchkQ&oh=00_AfX7QmFGhQhG2jAllVgXCiM1ZrWgvtp80-Bfppyexh1QEg&oe=689E923C","@id":"https:\/\/anoticiaonline.com.br\/site\/mel-andrade-e-equipe-e-inaugurado-na-avenida-jk\/#organizationLogo"},"image":{"@id":"https:\/\/anoticiaonline.com.br\/site\/mel-andrade-e-equipe-e-inaugurado-na-avenida-jk\/#organizationLogo"}},{"@type":"Person","@id":"https:\/\/anoticiaonline.com.br\/site\/author\/juliana\/#author","url":"https:\/\/anoticiaonline.com.br\/site\/author\/juliana\/","name":"Juliana Laviola","image":{"@type":"ImageObject","@id":"https:\/\/anoticiaonline.com.br\/site\/mel-andrade-e-equipe-e-inaugurado-na-avenida-jk\/#authorImage","url":"https:\/\/secure.gravatar.com\/avatar\/b8d45f5c699b100dfaf0e543582f38f38bf94cb7ae3a5e9abf8d891a34773335?s=96&d=mm&r=g","width":96,"height":96,"caption":"Juliana Laviola"}},{"@type":"WebPage","@id":"https:\/\/anoticiaonline.com.br\/site\/mel-andrade-e-equipe-e-inaugurado-na-avenida-jk\/#webpage","url":"https:\/\/anoticiaonline.com.br\/site\/mel-andrade-e-equipe-e-inaugurado-na-avenida-jk\/","name":"Mel Andrade e Equipe \u00e9 inaugurado na Avenida JK - A Not\u00edcia Online","description":"O novo Mel Andrade e Equipe foi inaugurado em um ambiente totalmente remodelado e moderno. Localizado no mesmo endere\u00e7o, na Avenida JK, 585, loja 2, Centro, o espa\u00e7o de beleza oferece servi\u00e7os completos de design de sobrancelha, micropigmenta\u00e7\u00e3o, depila\u00e7\u00e3o, spa das unhas, manicure, pedicure, maquiagem, corte de cabelo, mechas, hidrata\u00e7\u00e3o, m\u00e1scara de ouro, drenagem, massagem","inLanguage":"pt-BR","isPartOf":{"@id":"https:\/\/anoticiaonline.com.br\/site\/#website"},"breadcrumb":{"@id":"https:\/\/anoticiaonline.com.br\/site\/mel-andrade-e-equipe-e-inaugurado-na-avenida-jk\/#breadcrumblist"},"author":{"@id":"https:\/\/anoticiaonline.com.br\/site\/author\/juliana\/#author"},"creator":{"@id":"https:\/\/anoticiaonline.com.br\/site\/author\/juliana\/#author"},"image":{"@type":"ImageObject","url":"https:\/\/anoticiaonline.com.br\/site\/wp-content\/uploads\/2017\/05\/DSC_21041.jpg","@id":"https:\/\/anoticiaonline.com.br\/site\/mel-andrade-e-equipe-e-inaugurado-na-avenida-jk\/#mainImage","width":640,"height":480},"primaryImageOfPage":{"@id":"https:\/\/anoticiaonline.com.br\/site\/mel-andrade-e-equipe-e-inaugurado-na-avenida-jk\/#mainImage"},"datePublished":"2017-05-11T10:02:09-03:00","dateModified":"2017-05-11T10:15:44-03:00"},{"@type":"WebSite","@id":"https:\/\/anoticiaonline.com.br\/site\/#website","url":"https:\/\/anoticiaonline.com.br\/site\/","name":"A Not\u00edcia Online","description":"Noticias de Muria\u00e9 e regi\u00e3o","inLanguage":"pt-BR","publisher":{"@id":"https:\/\/anoticiaonline.com.br\/site\/#organization"}}]},"og:locale":"pt_BR","og:site_name":"A Not\u00edcia Online - Noticias de Muria\u00e9 e regi\u00e3o","og:type":"article","og:title":"Mel Andrade e Equipe \u00e9 inaugurado na Avenida JK - A Not\u00edcia Online","og:description":"O novo Mel Andrade e Equipe foi inaugurado em um ambiente totalmente remodelado e moderno. Localizado no mesmo endere\u00e7o, na Avenida JK, 585, loja 2, Centro, o espa\u00e7o de beleza oferece servi\u00e7os completos de design de sobrancelha, micropigmenta\u00e7\u00e3o, depila\u00e7\u00e3o, spa das unhas, manicure, pedicure, maquiagem, corte de cabelo, mechas, hidrata\u00e7\u00e3o, m\u00e1scara de ouro, drenagem, massagem","og:url":"https:\/\/anoticiaonline.com.br\/site\/mel-andrade-e-equipe-e-inaugurado-na-avenida-jk\/","og:image":"https:\/\/scontent-gig4-1.xx.fbcdn.net\/v\/t39.30808-1\/270437624_4564083193639691_6907940295614233970_n.jpg?stp=dst-jpg_s200x200_tt6&#038;_nc_cat=111&#038;ccb=1-7&#038;_nc_sid=f907e8&#038;_nc_ohc=SM1wRlP3lJwQ7kNvwEPuBYA&#038;_nc_oc=AdnqrjDN_BNjSSHWO-GbkIWH6fkGMLw4bqvL_NH6e2wMveX7G-rP2dAqsDSq1mJMOaY&#038;_nc_zt=24&#038;_nc_ht=scontent-gig4-1.xx&#038;_nc_gid=AoBFJeGrT1hVaew_6rchkQ&#038;oh=00_AfX7QmFGhQhG2jAllVgXCiM1ZrWgvtp80-Bfppyexh1QEg&#038;oe=689E923C","og:image:secure_url":"https:\/\/scontent-gig4-1.xx.fbcdn.net\/v\/t39.30808-1\/270437624_4564083193639691_6907940295614233970_n.jpg?stp=dst-jpg_s200x200_tt6&#038;_nc_cat=111&#038;ccb=1-7&#038;_nc_sid=f907e8&#038;_nc_ohc=SM1wRlP3lJwQ7kNvwEPuBYA&#038;_nc_oc=AdnqrjDN_BNjSSHWO-GbkIWH6fkGMLw4bqvL_NH6e2wMveX7G-rP2dAqsDSq1mJMOaY&#038;_nc_zt=24&#038;_nc_ht=scontent-gig4-1.xx&#038;_nc_gid=AoBFJeGrT1hVaew_6rchkQ&#038;oh=00_AfX7QmFGhQhG2jAllVgXCiM1ZrWgvtp80-Bfppyexh1QEg&#038;oe=689E923C","article:published_time":"2017-05-11T13:02:09+00:00","article:modified_time":"2017-05-11T13:15:44+00:00","twitter:card":"summary_large_image","twitter:title":"Mel Andrade e Equipe \u00e9 inaugurado na Avenida JK - A Not\u00edcia Online","twitter:description":"O novo Mel Andrade e Equipe foi inaugurado em um ambiente totalmente remodelado e moderno. Localizado no mesmo endere\u00e7o, na Avenida JK, 585, loja 2, Centro, o espa\u00e7o de beleza oferece servi\u00e7os completos de design de sobrancelha, micropigmenta\u00e7\u00e3o, depila\u00e7\u00e3o, spa das unhas, manicure, pedicure, maquiagem, corte de cabelo, mechas, hidrata\u00e7\u00e3o, m\u00e1scara de ouro, drenagem, massagem","twitter:image":"https:\/\/scontent-gig4-1.xx.fbcdn.net\/v\/t39.30808-1\/270437624_4564083193639691_6907940295614233970_n.jpg?stp=dst-jpg_s200x200_tt6&_nc_cat=111&ccb=1-7&_nc_sid=f907e8&_nc_ohc=SM1wRlP3lJwQ7kNvwEPuBYA&_nc_oc=AdnqrjDN_BNjSSHWO-GbkIWH6fkGMLw4bqvL_NH6e2wMveX7G-rP2dAqsDSq1mJMOaY&_nc_zt=24&_nc_ht=scontent-gig4-1.xx&_nc_gid=AoBFJeGrT1hVaew_6rchkQ&oh=00_AfX7QmFGhQhG2jAllVgXCiM1ZrWgvtp80-Bfppyexh1QEg&oe=689E923C"},"aioseo_meta_data":{"post_id":"29315","title":null,"description":null,"keywords":null,"keyphrases":null,"primary_term":null,"canonical_url":null,"og_title":null,"og_description":null,"og_object_type":"default","og_image_type":"default","og_image_url":null,"og_image_width":null,"og_image_height":null,"og_image_custom_url":null,"og_image_custom_fields":null,"og_video":null,"og_custom_url":null,"og_article_section":null,"og_article_tags":null,"twitter_use_og":false,"twitter_card":"default","twitter_image_type":"default","twitter_image_url":null,"twitter_image_custom_url":null,"twitter_image_custom_fields":null,"twitter_title":null,"twitter_description":null,"schema":{"blockGraphs":[],"customGraphs":[],"default":{"data":{"Article":[],"Course":[],"Dataset":[],"FAQPage":[],"Movie":[],"Person":[],"Product":[],"ProductReview":[],"Car":[],"Recipe":[],"Service":[],"SoftwareApplication":[],"WebPage":[]},"graphName":"","isEnabled":true},"graphs":[]},"schema_type":"default","schema_type_options":null,"pillar_content":false,"robots_default":true,"robots_noindex":false,"robots_noarchive":false,"robots_nosnippet":false,"robots_nofollow":false,"robots_noimageindex":false,"robots_noodp":false,"robots_notranslate":false,"robots_max_snippet":null,"robots_max_videopreview":null,"robots_max_imagepreview":"large","priority":null,"frequency":null,"local_seo":null,"breadcrumb_settings":null,"limit_modified_date":false,"ai":null,"created":"2025-08-16 18:21:21","updated":"2025-08-16 18:21:21","focus_keyword":null,"additional_keywords":null,"truseo_locale":null,"seo_analyzer_scan_date":null},"aioseo_breadcrumb":"<div class=\"aioseo-breadcrumbs\"><span class=\"aioseo-breadcrumb\">\n\t\t\t<a href=\"https:\/\/anoticiaonline.com.br\/site\" title=\"Home\">Home<\/a>\n\t\t<\/span><span class=\"aioseo-breadcrumb-separator\">&raquo;<\/span><span class=\"aioseo-breadcrumb\">\n\t\t\t<a href=\"https:\/\/anoticiaonline.com.br\/site\/categoria\/eventos\/\" title=\"Eventos\">Eventos<\/a>\n\t\t<\/span><span class=\"aioseo-breadcrumb-separator\">&raquo;<\/span><span class=\"aioseo-breadcrumb\">\n\t\t\tMel Andrade e Equipe \u00e9 inaugurado na Avenida JK\n\t\t<\/span><\/div>","aioseo_breadcrumb_json":[{"label":"Home","link":"https:\/\/anoticiaonline.com.br\/site"},{"label":"Eventos","link":"https:\/\/anoticiaonline.com.br\/site\/categoria\/eventos\/"},{"label":"Mel Andrade e Equipe \u00e9 inaugurado na Avenida JK","link":"https:\/\/anoticiaonline.com.br\/site\/mel-andrade-e-equipe-e-inaugurado-na-avenida-jk\/"}],"views":129,"_links":{"self":[{"href":"https:\/\/anoticiaonline.com.br\/site\/wp-json\/wp\/v2\/posts\/29315","targetHints":{"allow":["GET"]}}],"collection":[{"href":"https:\/\/anoticiaonline.com.br\/site\/wp-json\/wp\/v2\/posts"}],"about":[{"href":"https:\/\/anoticiaonline.com.br\/site\/wp-json\/wp\/v2\/types\/post"}],"author":[{"embeddable":true,"href":"https:\/\/anoticiaonline.com.br\/site\/wp-json\/wp\/v2\/users\/2"}],"replies":[{"embeddable":true,"href":"https:\/\/anoticiaonline.com.br\/site\/wp-json\/wp\/v2\/comments?post=29315"}],"version-history":[{"count":0,"href":"https:\/\/anoticiaonline.com.br\/site\/wp-json\/wp\/v2\/posts\/29315\/revisions"}],"wp:featuredmedia":[{"embeddable":true,"href":"https:\/\/anoticiaonline.com.br\/site\/wp-json\/wp\/v2\/media\/29372"}],"wp:attachment":[{"href":"https:\/\/anoticiaonline.com.br\/site\/wp-json\/wp\/v2\/media?parent=29315"}],"wp:term":[{"taxonomy":"category","embeddable":true,"href":"https:\/\/anoticiaonline.com.br\/site\/wp-json\/wp\/v2\/categories?post=29315"},{"taxonomy":"post_tag","embeddable":true,"href":"https:\/\/anoticiaonline.com.br\/site\/wp-json\/wp\/v2\/tags?post=29315"}],"curies":[{"name":"wp","href":"https:\/\/api.w.org\/{rel}","templated":true}]}}