{"id":29183,"date":"2017-05-08T14:51:54","date_gmt":"2017-05-08T17:51:54","guid":{"rendered":"http:\/\/anoticiaonline.com.br\/site\/?p=29183"},"modified":"2017-05-08T14:51:54","modified_gmt":"2017-05-08T17:51:54","slug":"obras-de-reparo-na-galeria-da-santa-rita-acontecem-nesta-quarta-feira","status":"publish","type":"post","link":"https:\/\/anoticiaonline.com.br\/site\/obras-de-reparo-na-galeria-da-santa-rita-acontecem-nesta-quarta-feira\/","title":{"rendered":"Obras de reparo na galeria da Santa Rita acontecem nesta quarta-feira"},"content":{"rendered":"<p><a href=\"https:\/\/anoticiaonline.com.br\/site\/wp-content\/uploads\/2017\/05\/treinamento1.jpg\"><img fetchpriority=\"high\" decoding=\"async\" class=\" size-medium wp-image-29184 alignleft\" src=\"https:\/\/anoticiaonline.com.br\/site\/wp-content\/uploads\/2017\/05\/treinamento1-300x206.jpg\" alt=\"treinamento1\" width=\"300\" height=\"206\" srcset=\"https:\/\/anoticiaonline.com.br\/site\/wp-content\/uploads\/2017\/05\/treinamento1-300x206.jpg 300w, https:\/\/anoticiaonline.com.br\/site\/wp-content\/uploads\/2017\/05\/treinamento1.jpg 640w\" sizes=\"(max-width: 300px) 100vw, 300px\" \/><\/a>Est\u00e1 agendada para esta quarta-feira (10), \u00e0s 6h, a entrada dos t\u00e9cnicos do Demsur na galeria da Rua Santa Rita. Eles devem fazer o reparo na rede e tentar solucionar o problema do mau cheiro exalado de algumas \u201cbocas de lobo\u201d pr\u00f3ximas ao trevo da Rua Jos\u00e9 Augusto de Abreu.<\/p>\n<p>As reclama\u00e7\u00f5es sobre o fato t\u00eam chegado com frequ\u00eancia ao Setor de Atendimento do Demsur. O diretor de \u00c1guas e Esgotos, Gustavo Goretti, afirma que todas as circunst\u00e2ncias levam a crer que o mau cheiro que sai da galeria \u00e9 originado por um rompimento em uma das manilhas que leva esgoto tratado, mas a comprova\u00e7\u00e3o s\u00f3 pode acontecer depois que os t\u00e9cnicos entrarem no local.<\/p>\n<p>Para que a conclus\u00e3o dos trabalhos seja poss\u00edvel, na tarde da \u00faltima sexta-feira (5), os t\u00e9cnicos do Setor de Esgoto, Normandis Rosa da Silva e M\u00e1rio L\u00facio Gon\u00e7alves, que v\u00e3o executar as tarefas, passaram por um treinamento especial no Pelot\u00e3o do Corpo de Bombeiros de Muria\u00e9. Eles foram orientados sobre como utilizar a m\u00e1scara de ar comprimido necess\u00e1ria para a realiza\u00e7\u00e3o das tarefas dentro da galeria.<\/p>\n<figure id=\"attachment_29185\" aria-describedby=\"caption-attachment-29185\" style=\"width: 290px\" class=\"wp-caption alignleft\"><a href=\"https:\/\/anoticiaonline.com.br\/site\/wp-content\/uploads\/2017\/05\/treinamento4-euiqp.jpg\"><img decoding=\"async\" class=\"size-medium wp-image-29185\" src=\"https:\/\/anoticiaonline.com.br\/site\/wp-content\/uploads\/2017\/05\/treinamento4-euiqp-300x203.jpg\" alt=\"T\u00e9cnicos do Setor de Esgoto, Normandis Rosa da Silva e M\u00e1rio L\u00facio Gon\u00e7alves, que v\u00e3o executar as tarefas, passaram por um treinamento especial no Pelot\u00e3o do Corpo de Bombeiros \" width=\"300\" height=\"203\" srcset=\"https:\/\/anoticiaonline.com.br\/site\/wp-content\/uploads\/2017\/05\/treinamento4-euiqp-300x203.jpg 300w, https:\/\/anoticiaonline.com.br\/site\/wp-content\/uploads\/2017\/05\/treinamento4-euiqp.jpg 640w\" sizes=\"(max-width: 300px) 100vw, 300px\" \/><\/a><figcaption id=\"caption-attachment-29185\" class=\"wp-caption-text\">T\u00e9cnicos do Setor de Esgoto, Normandis Rosa da Silva e M\u00e1rio L\u00facio Gon\u00e7alves, que v\u00e3o executar as tarefas, passaram por um treinamento especial no Pelot\u00e3o do Corpo de Bombeiros<\/figcaption><\/figure>\n<p>O treinamento foi orientado pelo tenente Dornellas e aplicado pelo sargento Milani e o cabo Andr\u00e9. Em um primeiro momento, os t\u00e9cnicos se adaptaram ao equipamento para, em seguida, caminhar no entorno do lago da G\u00e1vea. \u201cComo v\u00e3o entrar em ambiente confinado e ainda utilizar trajes especiais, o treinamento com as m\u00e1scaras \u00e9 imprescind\u00edvel para evitar imprevistos\u201d, explica o sargento Milani, que ainda esclareceu que dois militares descer\u00e3o acompanhando os t\u00e9cnicos e prestando suporte, caso seja necess\u00e1rio.<\/p>\n<p>O diretor de \u00c1guas e Esgoto, Gustavo Goretti, o coordenador do Setor de Esgotos, Jos\u00e9 Paulo da Silva e o t\u00e9cnico em Seguran\u00e7a do Trabalho do Demsur, Fernando Aguiar, acompanharam todas as etapas do treinamento.<\/p>\n<p>Ainda na sexta-feira, o tenente Dornellas, que vai comandar a parte de seguran\u00e7a da entrada na galeria, esteve no local, com toda a equipe t\u00e9cnica da autarquia, para realizar uma \u00faltima vistoria e definir detalhes a fim de garantir a seguran\u00e7a de todos.<\/p>\n<p>No dia 27 de abril, foi realizada a medi\u00e7\u00e3o dos gases exalados pela rede e os n\u00edveis de oxig\u00eanio na galeria. O trabalho foi feito por uma empresa especializada em Engenharia de Seguran\u00e7a, que tamb\u00e9m estar\u00e1 presente durante a entrada dos t\u00e9cnicos. Nesse mesmo dia, toda movimenta\u00e7\u00e3o tamb\u00e9m foi orientada e acompanhada pelos militares do Corpo de Bombeiros de Muria\u00e9 e pelo diretor-geral do Demsur, Geraldo J\u00fanior.<\/p>\n","protected":false},"excerpt":{"rendered":"<p>Est\u00e1 agendada para esta quarta-feira (10), \u00e0s 6h, a entrada dos t\u00e9cnicos do Demsur na galeria da Rua Santa Rita. Eles devem fazer o reparo na rede e tentar solucionar o problema do mau cheiro exalado de algumas \u201cbocas de lobo\u201d pr\u00f3ximas ao trevo da Rua Jos\u00e9 Augusto de Abreu. As reclama\u00e7\u00f5es sobre o fato &#8230; <a title=\"Obras de reparo na galeria da Santa Rita acontecem nesta quarta-feira\" class=\"read-more\" href=\"https:\/\/anoticiaonline.com.br\/site\/obras-de-reparo-na-galeria-da-santa-rita-acontecem-nesta-quarta-feira\/\" aria-label=\"Read more about Obras de reparo na galeria da Santa Rita acontecem nesta quarta-feira\">Ler mais<\/a><\/p>\n","protected":false},"author":2,"featured_media":29184,"comment_status":"open","ping_status":"open","sticky":false,"template":"","format":"standard","meta":{"_acf_changed":false,"_monsterinsights_skip_tracking":false,"footnotes":""},"categories":[30],"tags":[3],"class_list":["post-29183","post","type-post","status-publish","format-standard","has-post-thumbnail","hentry","category-muriae","tag-slide"],"acf":[],"aioseo_notices":[],"aioseo_head":"\n\t\t<!-- All in One SEO 5.0.0.1 - aioseo.com -->\n\t<meta name=\"description\" content=\"Est\u00e1 agendada para esta quarta-feira (10), \u00e0s 6h, a entrada dos t\u00e9cnicos do Demsur na galeria da Rua Santa Rita. Eles devem fazer o reparo na rede e tentar solucionar o problema do mau cheiro exalado de algumas \u201cbocas de lobo\u201d pr\u00f3ximas ao trevo da Rua Jos\u00e9 Augusto de Abreu. As reclama\u00e7\u00f5es sobre o fato\" \/>\n\t<meta name=\"robots\" content=\"max-image-preview:large\" \/>\n\t<meta name=\"author\" content=\"Juliana Laviola\"\/>\n\t<link rel=\"canonical\" href=\"https:\/\/anoticiaonline.com.br\/site\/obras-de-reparo-na-galeria-da-santa-rita-acontecem-nesta-quarta-feira\/\" \/>\n\t<meta name=\"generator\" content=\"All in One SEO (AIOSEO) 5.0.0.1\" \/>\n\t\t<meta property=\"og:locale\" content=\"pt_BR\" \/>\n\t\t<meta property=\"og:site_name\" content=\"A Not\u00edcia Online - Noticias de Muria\u00e9 e regi\u00e3o\" \/>\n\t\t<meta property=\"og:type\" content=\"article\" \/>\n\t\t<meta property=\"og:title\" content=\"Obras de reparo na galeria da Santa Rita acontecem nesta quarta-feira - A Not\u00edcia Online\" \/>\n\t\t<meta property=\"og:description\" content=\"Est\u00e1 agendada para esta quarta-feira (10), \u00e0s 6h, a entrada dos t\u00e9cnicos do Demsur na galeria da Rua Santa Rita. Eles devem fazer o reparo na rede e tentar solucionar o problema do mau cheiro exalado de algumas \u201cbocas de lobo\u201d pr\u00f3ximas ao trevo da Rua Jos\u00e9 Augusto de Abreu. As reclama\u00e7\u00f5es sobre o fato\" \/>\n\t\t<meta property=\"og:url\" content=\"https:\/\/anoticiaonline.com.br\/site\/obras-de-reparo-na-galeria-da-santa-rita-acontecem-nesta-quarta-feira\/\" \/>\n\t\t<meta property=\"og:image\" content=\"https:\/\/scontent-gig4-1.xx.fbcdn.net\/v\/t39.30808-1\/270437624_4564083193639691_6907940295614233970_n.jpg?stp=dst-jpg_s200x200_tt6&#038;_nc_cat=111&#038;ccb=1-7&#038;_nc_sid=f907e8&#038;_nc_ohc=SM1wRlP3lJwQ7kNvwEPuBYA&#038;_nc_oc=AdnqrjDN_BNjSSHWO-GbkIWH6fkGMLw4bqvL_NH6e2wMveX7G-rP2dAqsDSq1mJMOaY&#038;_nc_zt=24&#038;_nc_ht=scontent-gig4-1.xx&#038;_nc_gid=AoBFJeGrT1hVaew_6rchkQ&#038;oh=00_AfX7QmFGhQhG2jAllVgXCiM1ZrWgvtp80-Bfppyexh1QEg&#038;oe=689E923C\" \/>\n\t\t<meta property=\"og:image:secure_url\" content=\"https:\/\/scontent-gig4-1.xx.fbcdn.net\/v\/t39.30808-1\/270437624_4564083193639691_6907940295614233970_n.jpg?stp=dst-jpg_s200x200_tt6&#038;_nc_cat=111&#038;ccb=1-7&#038;_nc_sid=f907e8&#038;_nc_ohc=SM1wRlP3lJwQ7kNvwEPuBYA&#038;_nc_oc=AdnqrjDN_BNjSSHWO-GbkIWH6fkGMLw4bqvL_NH6e2wMveX7G-rP2dAqsDSq1mJMOaY&#038;_nc_zt=24&#038;_nc_ht=scontent-gig4-1.xx&#038;_nc_gid=AoBFJeGrT1hVaew_6rchkQ&#038;oh=00_AfX7QmFGhQhG2jAllVgXCiM1ZrWgvtp80-Bfppyexh1QEg&#038;oe=689E923C\" \/>\n\t\t<meta property=\"article:published_time\" content=\"2017-05-08T17:51:54+00:00\" \/>\n\t\t<meta property=\"article:modified_time\" content=\"2017-05-08T17:51:54+00:00\" \/>\n\t\t<meta name=\"twitter:card\" content=\"summary_large_image\" \/>\n\t\t<meta name=\"twitter:title\" content=\"Obras de reparo na galeria da Santa Rita acontecem nesta quarta-feira - A Not\u00edcia Online\" \/>\n\t\t<meta name=\"twitter:description\" content=\"Est\u00e1 agendada para esta quarta-feira (10), \u00e0s 6h, a entrada dos t\u00e9cnicos do Demsur na galeria da Rua Santa Rita. Eles devem fazer o reparo na rede e tentar solucionar o problema do mau cheiro exalado de algumas \u201cbocas de lobo\u201d pr\u00f3ximas ao trevo da Rua Jos\u00e9 Augusto de Abreu. As reclama\u00e7\u00f5es sobre o fato\" \/>\n\t\t<meta name=\"twitter:image\" content=\"https:\/\/scontent-gig4-1.xx.fbcdn.net\/v\/t39.30808-1\/270437624_4564083193639691_6907940295614233970_n.jpg?stp=dst-jpg_s200x200_tt6&amp;_nc_cat=111&amp;ccb=1-7&amp;_nc_sid=f907e8&amp;_nc_ohc=SM1wRlP3lJwQ7kNvwEPuBYA&amp;_nc_oc=AdnqrjDN_BNjSSHWO-GbkIWH6fkGMLw4bqvL_NH6e2wMveX7G-rP2dAqsDSq1mJMOaY&amp;_nc_zt=24&amp;_nc_ht=scontent-gig4-1.xx&amp;_nc_gid=AoBFJeGrT1hVaew_6rchkQ&amp;oh=00_AfX7QmFGhQhG2jAllVgXCiM1ZrWgvtp80-Bfppyexh1QEg&amp;oe=689E923C\" \/>\n\t\t<script type=\"application\/ld+json\" class=\"aioseo-schema\">\n\t\t\t{\"@context\":\"https:\\\/\\\/schema.org\",\"@graph\":[{\"@type\":\"BlogPosting\",\"@id\":\"https:\\\/\\\/anoticiaonline.com.br\\\/site\\\/obras-de-reparo-na-galeria-da-santa-rita-acontecem-nesta-quarta-feira\\\/#blogposting\",\"name\":\"Obras de reparo na galeria da Santa Rita acontecem nesta quarta-feira - A Not\\u00edcia Online\",\"headline\":\"Obras de reparo na galeria da Santa Rita acontecem nesta quarta-feira\",\"author\":{\"@id\":\"https:\\\/\\\/anoticiaonline.com.br\\\/site\\\/author\\\/juliana\\\/#author\"},\"publisher\":{\"@id\":\"https:\\\/\\\/anoticiaonline.com.br\\\/site\\\/#organization\"},\"image\":{\"@type\":\"ImageObject\",\"url\":\"https:\\\/\\\/anoticiaonline.com.br\\\/site\\\/wp-content\\\/uploads\\\/2017\\\/05\\\/treinamento1.jpg\",\"width\":640,\"height\":440},\"datePublished\":\"2017-05-08T14:51:54-03:00\",\"dateModified\":\"2017-05-08T14:51:54-03:00\",\"inLanguage\":\"pt-BR\",\"mainEntityOfPage\":{\"@id\":\"https:\\\/\\\/anoticiaonline.com.br\\\/site\\\/obras-de-reparo-na-galeria-da-santa-rita-acontecem-nesta-quarta-feira\\\/#webpage\"},\"isPartOf\":{\"@id\":\"https:\\\/\\\/anoticiaonline.com.br\\\/site\\\/obras-de-reparo-na-galeria-da-santa-rita-acontecem-nesta-quarta-feira\\\/#webpage\"},\"articleSection\":\"Blog, slide\"},{\"@type\":\"BreadcrumbList\",\"@id\":\"https:\\\/\\\/anoticiaonline.com.br\\\/site\\\/obras-de-reparo-na-galeria-da-santa-rita-acontecem-nesta-quarta-feira\\\/#breadcrumblist\",\"itemListElement\":[{\"@type\":\"ListItem\",\"@id\":\"https:\\\/\\\/anoticiaonline.com.br\\\/site#listItem\",\"position\":1,\"name\":\"Home\",\"item\":\"https:\\\/\\\/anoticiaonline.com.br\\\/site\",\"nextItem\":{\"@type\":\"ListItem\",\"@id\":\"https:\\\/\\\/anoticiaonline.com.br\\\/site\\\/categoria\\\/muriae\\\/#listItem\",\"name\":\"Blog\"}},{\"@type\":\"ListItem\",\"@id\":\"https:\\\/\\\/anoticiaonline.com.br\\\/site\\\/categoria\\\/muriae\\\/#listItem\",\"position\":2,\"name\":\"Blog\",\"item\":\"https:\\\/\\\/anoticiaonline.com.br\\\/site\\\/categoria\\\/muriae\\\/\",\"nextItem\":{\"@type\":\"ListItem\",\"@id\":\"https:\\\/\\\/anoticiaonline.com.br\\\/site\\\/obras-de-reparo-na-galeria-da-santa-rita-acontecem-nesta-quarta-feira\\\/#listItem\",\"name\":\"Obras de reparo na galeria da Santa Rita acontecem nesta quarta-feira\"},\"previousItem\":{\"@type\":\"ListItem\",\"@id\":\"https:\\\/\\\/anoticiaonline.com.br\\\/site#listItem\",\"name\":\"Home\"}},{\"@type\":\"ListItem\",\"@id\":\"https:\\\/\\\/anoticiaonline.com.br\\\/site\\\/obras-de-reparo-na-galeria-da-santa-rita-acontecem-nesta-quarta-feira\\\/#listItem\",\"position\":3,\"name\":\"Obras de reparo na galeria da Santa Rita acontecem nesta quarta-feira\",\"previousItem\":{\"@type\":\"ListItem\",\"@id\":\"https:\\\/\\\/anoticiaonline.com.br\\\/site\\\/categoria\\\/muriae\\\/#listItem\",\"name\":\"Blog\"}}]},{\"@type\":\"Organization\",\"@id\":\"https:\\\/\\\/anoticiaonline.com.br\\\/site\\\/#organization\",\"name\":\"A Not\\u00edcia Online\",\"description\":\"Noticias de Muria\\u00e9 e regi\\u00e3o\",\"url\":\"https:\\\/\\\/anoticiaonline.com.br\\\/site\\\/\",\"logo\":{\"@type\":\"ImageObject\",\"url\":\"https:\\\/\\\/scontent-gig4-1.xx.fbcdn.net\\\/v\\\/t39.30808-1\\\/270437624_4564083193639691_6907940295614233970_n.jpg?stp=dst-jpg_s200x200_tt6&_nc_cat=111&ccb=1-7&_nc_sid=f907e8&_nc_ohc=SM1wRlP3lJwQ7kNvwEPuBYA&_nc_oc=AdnqrjDN_BNjSSHWO-GbkIWH6fkGMLw4bqvL_NH6e2wMveX7G-rP2dAqsDSq1mJMOaY&_nc_zt=24&_nc_ht=scontent-gig4-1.xx&_nc_gid=AoBFJeGrT1hVaew_6rchkQ&oh=00_AfX7QmFGhQhG2jAllVgXCiM1ZrWgvtp80-Bfppyexh1QEg&oe=689E923C\",\"@id\":\"https:\\\/\\\/anoticiaonline.com.br\\\/site\\\/obras-de-reparo-na-galeria-da-santa-rita-acontecem-nesta-quarta-feira\\\/#organizationLogo\"},\"image\":{\"@id\":\"https:\\\/\\\/anoticiaonline.com.br\\\/site\\\/obras-de-reparo-na-galeria-da-santa-rita-acontecem-nesta-quarta-feira\\\/#organizationLogo\"}},{\"@type\":\"Person\",\"@id\":\"https:\\\/\\\/anoticiaonline.com.br\\\/site\\\/author\\\/juliana\\\/#author\",\"url\":\"https:\\\/\\\/anoticiaonline.com.br\\\/site\\\/author\\\/juliana\\\/\",\"name\":\"Juliana Laviola\",\"image\":{\"@type\":\"ImageObject\",\"@id\":\"https:\\\/\\\/anoticiaonline.com.br\\\/site\\\/obras-de-reparo-na-galeria-da-santa-rita-acontecem-nesta-quarta-feira\\\/#authorImage\",\"url\":\"https:\\\/\\\/secure.gravatar.com\\\/avatar\\\/b8d45f5c699b100dfaf0e543582f38f38bf94cb7ae3a5e9abf8d891a34773335?s=96&d=mm&r=g\",\"width\":96,\"height\":96,\"caption\":\"Juliana Laviola\"}},{\"@type\":\"WebPage\",\"@id\":\"https:\\\/\\\/anoticiaonline.com.br\\\/site\\\/obras-de-reparo-na-galeria-da-santa-rita-acontecem-nesta-quarta-feira\\\/#webpage\",\"url\":\"https:\\\/\\\/anoticiaonline.com.br\\\/site\\\/obras-de-reparo-na-galeria-da-santa-rita-acontecem-nesta-quarta-feira\\\/\",\"name\":\"Obras de reparo na galeria da Santa Rita acontecem nesta quarta-feira - A Not\\u00edcia Online\",\"description\":\"Est\\u00e1 agendada para esta quarta-feira (10), \\u00e0s 6h, a entrada dos t\\u00e9cnicos do Demsur na galeria da Rua Santa Rita. Eles devem fazer o reparo na rede e tentar solucionar o problema do mau cheiro exalado de algumas \\u201cbocas de lobo\\u201d pr\\u00f3ximas ao trevo da Rua Jos\\u00e9 Augusto de Abreu. As reclama\\u00e7\\u00f5es sobre o fato\",\"inLanguage\":\"pt-BR\",\"isPartOf\":{\"@id\":\"https:\\\/\\\/anoticiaonline.com.br\\\/site\\\/#website\"},\"breadcrumb\":{\"@id\":\"https:\\\/\\\/anoticiaonline.com.br\\\/site\\\/obras-de-reparo-na-galeria-da-santa-rita-acontecem-nesta-quarta-feira\\\/#breadcrumblist\"},\"author\":{\"@id\":\"https:\\\/\\\/anoticiaonline.com.br\\\/site\\\/author\\\/juliana\\\/#author\"},\"creator\":{\"@id\":\"https:\\\/\\\/anoticiaonline.com.br\\\/site\\\/author\\\/juliana\\\/#author\"},\"image\":{\"@type\":\"ImageObject\",\"url\":\"https:\\\/\\\/anoticiaonline.com.br\\\/site\\\/wp-content\\\/uploads\\\/2017\\\/05\\\/treinamento1.jpg\",\"@id\":\"https:\\\/\\\/anoticiaonline.com.br\\\/site\\\/obras-de-reparo-na-galeria-da-santa-rita-acontecem-nesta-quarta-feira\\\/#mainImage\",\"width\":640,\"height\":440},\"primaryImageOfPage\":{\"@id\":\"https:\\\/\\\/anoticiaonline.com.br\\\/site\\\/obras-de-reparo-na-galeria-da-santa-rita-acontecem-nesta-quarta-feira\\\/#mainImage\"},\"datePublished\":\"2017-05-08T14:51:54-03:00\",\"dateModified\":\"2017-05-08T14:51:54-03:00\"},{\"@type\":\"WebSite\",\"@id\":\"https:\\\/\\\/anoticiaonline.com.br\\\/site\\\/#website\",\"url\":\"https:\\\/\\\/anoticiaonline.com.br\\\/site\\\/\",\"name\":\"A Not\\u00edcia Online\",\"description\":\"Noticias de Muria\\u00e9 e regi\\u00e3o\",\"inLanguage\":\"pt-BR\",\"publisher\":{\"@id\":\"https:\\\/\\\/anoticiaonline.com.br\\\/site\\\/#organization\"}}]}\n\t\t<\/script>\n\t\t<!-- All in One SEO -->\n\n","aioseo_head_json":{"title":"Obras de reparo na galeria da Santa Rita acontecem nesta quarta-feira - A Not\u00edcia Online","description":"Est\u00e1 agendada para esta quarta-feira (10), \u00e0s 6h, a entrada dos t\u00e9cnicos do Demsur na galeria da Rua Santa Rita. Eles devem fazer o reparo na rede e tentar solucionar o problema do mau cheiro exalado de algumas \u201cbocas de lobo\u201d pr\u00f3ximas ao trevo da Rua Jos\u00e9 Augusto de Abreu. As reclama\u00e7\u00f5es sobre o fato","canonical_url":"https:\/\/anoticiaonline.com.br\/site\/obras-de-reparo-na-galeria-da-santa-rita-acontecem-nesta-quarta-feira\/","robots":"max-image-preview:large","keywords":"","webmasterTools":{"miscellaneous":""},"schema":{"@context":"https:\/\/schema.org","@graph":[{"@type":"BlogPosting","@id":"https:\/\/anoticiaonline.com.br\/site\/obras-de-reparo-na-galeria-da-santa-rita-acontecem-nesta-quarta-feira\/#blogposting","name":"Obras de reparo na galeria da Santa Rita acontecem nesta quarta-feira - A Not\u00edcia Online","headline":"Obras de reparo na galeria da Santa Rita acontecem nesta quarta-feira","author":{"@id":"https:\/\/anoticiaonline.com.br\/site\/author\/juliana\/#author"},"publisher":{"@id":"https:\/\/anoticiaonline.com.br\/site\/#organization"},"image":{"@type":"ImageObject","url":"https:\/\/anoticiaonline.com.br\/site\/wp-content\/uploads\/2017\/05\/treinamento1.jpg","width":640,"height":440},"datePublished":"2017-05-08T14:51:54-03:00","dateModified":"2017-05-08T14:51:54-03:00","inLanguage":"pt-BR","mainEntityOfPage":{"@id":"https:\/\/anoticiaonline.com.br\/site\/obras-de-reparo-na-galeria-da-santa-rita-acontecem-nesta-quarta-feira\/#webpage"},"isPartOf":{"@id":"https:\/\/anoticiaonline.com.br\/site\/obras-de-reparo-na-galeria-da-santa-rita-acontecem-nesta-quarta-feira\/#webpage"},"articleSection":"Blog, slide"},{"@type":"BreadcrumbList","@id":"https:\/\/anoticiaonline.com.br\/site\/obras-de-reparo-na-galeria-da-santa-rita-acontecem-nesta-quarta-feira\/#breadcrumblist","itemListElement":[{"@type":"ListItem","@id":"https:\/\/anoticiaonline.com.br\/site#listItem","position":1,"name":"Home","item":"https:\/\/anoticiaonline.com.br\/site","nextItem":{"@type":"ListItem","@id":"https:\/\/anoticiaonline.com.br\/site\/categoria\/muriae\/#listItem","name":"Blog"}},{"@type":"ListItem","@id":"https:\/\/anoticiaonline.com.br\/site\/categoria\/muriae\/#listItem","position":2,"name":"Blog","item":"https:\/\/anoticiaonline.com.br\/site\/categoria\/muriae\/","nextItem":{"@type":"ListItem","@id":"https:\/\/anoticiaonline.com.br\/site\/obras-de-reparo-na-galeria-da-santa-rita-acontecem-nesta-quarta-feira\/#listItem","name":"Obras de reparo na galeria da Santa Rita acontecem nesta quarta-feira"},"previousItem":{"@type":"ListItem","@id":"https:\/\/anoticiaonline.com.br\/site#listItem","name":"Home"}},{"@type":"ListItem","@id":"https:\/\/anoticiaonline.com.br\/site\/obras-de-reparo-na-galeria-da-santa-rita-acontecem-nesta-quarta-feira\/#listItem","position":3,"name":"Obras de reparo na galeria da Santa Rita acontecem nesta quarta-feira","previousItem":{"@type":"ListItem","@id":"https:\/\/anoticiaonline.com.br\/site\/categoria\/muriae\/#listItem","name":"Blog"}}]},{"@type":"Organization","@id":"https:\/\/anoticiaonline.com.br\/site\/#organization","name":"A Not\u00edcia Online","description":"Noticias de Muria\u00e9 e regi\u00e3o","url":"https:\/\/anoticiaonline.com.br\/site\/","logo":{"@type":"ImageObject","url":"https:\/\/scontent-gig4-1.xx.fbcdn.net\/v\/t39.30808-1\/270437624_4564083193639691_6907940295614233970_n.jpg?stp=dst-jpg_s200x200_tt6&_nc_cat=111&ccb=1-7&_nc_sid=f907e8&_nc_ohc=SM1wRlP3lJwQ7kNvwEPuBYA&_nc_oc=AdnqrjDN_BNjSSHWO-GbkIWH6fkGMLw4bqvL_NH6e2wMveX7G-rP2dAqsDSq1mJMOaY&_nc_zt=24&_nc_ht=scontent-gig4-1.xx&_nc_gid=AoBFJeGrT1hVaew_6rchkQ&oh=00_AfX7QmFGhQhG2jAllVgXCiM1ZrWgvtp80-Bfppyexh1QEg&oe=689E923C","@id":"https:\/\/anoticiaonline.com.br\/site\/obras-de-reparo-na-galeria-da-santa-rita-acontecem-nesta-quarta-feira\/#organizationLogo"},"image":{"@id":"https:\/\/anoticiaonline.com.br\/site\/obras-de-reparo-na-galeria-da-santa-rita-acontecem-nesta-quarta-feira\/#organizationLogo"}},{"@type":"Person","@id":"https:\/\/anoticiaonline.com.br\/site\/author\/juliana\/#author","url":"https:\/\/anoticiaonline.com.br\/site\/author\/juliana\/","name":"Juliana Laviola","image":{"@type":"ImageObject","@id":"https:\/\/anoticiaonline.com.br\/site\/obras-de-reparo-na-galeria-da-santa-rita-acontecem-nesta-quarta-feira\/#authorImage","url":"https:\/\/secure.gravatar.com\/avatar\/b8d45f5c699b100dfaf0e543582f38f38bf94cb7ae3a5e9abf8d891a34773335?s=96&d=mm&r=g","width":96,"height":96,"caption":"Juliana Laviola"}},{"@type":"WebPage","@id":"https:\/\/anoticiaonline.com.br\/site\/obras-de-reparo-na-galeria-da-santa-rita-acontecem-nesta-quarta-feira\/#webpage","url":"https:\/\/anoticiaonline.com.br\/site\/obras-de-reparo-na-galeria-da-santa-rita-acontecem-nesta-quarta-feira\/","name":"Obras de reparo na galeria da Santa Rita acontecem nesta quarta-feira - A Not\u00edcia Online","description":"Est\u00e1 agendada para esta quarta-feira (10), \u00e0s 6h, a entrada dos t\u00e9cnicos do Demsur na galeria da Rua Santa Rita. Eles devem fazer o reparo na rede e tentar solucionar o problema do mau cheiro exalado de algumas \u201cbocas de lobo\u201d pr\u00f3ximas ao trevo da Rua Jos\u00e9 Augusto de Abreu. As reclama\u00e7\u00f5es sobre o fato","inLanguage":"pt-BR","isPartOf":{"@id":"https:\/\/anoticiaonline.com.br\/site\/#website"},"breadcrumb":{"@id":"https:\/\/anoticiaonline.com.br\/site\/obras-de-reparo-na-galeria-da-santa-rita-acontecem-nesta-quarta-feira\/#breadcrumblist"},"author":{"@id":"https:\/\/anoticiaonline.com.br\/site\/author\/juliana\/#author"},"creator":{"@id":"https:\/\/anoticiaonline.com.br\/site\/author\/juliana\/#author"},"image":{"@type":"ImageObject","url":"https:\/\/anoticiaonline.com.br\/site\/wp-content\/uploads\/2017\/05\/treinamento1.jpg","@id":"https:\/\/anoticiaonline.com.br\/site\/obras-de-reparo-na-galeria-da-santa-rita-acontecem-nesta-quarta-feira\/#mainImage","width":640,"height":440},"primaryImageOfPage":{"@id":"https:\/\/anoticiaonline.com.br\/site\/obras-de-reparo-na-galeria-da-santa-rita-acontecem-nesta-quarta-feira\/#mainImage"},"datePublished":"2017-05-08T14:51:54-03:00","dateModified":"2017-05-08T14:51:54-03:00"},{"@type":"WebSite","@id":"https:\/\/anoticiaonline.com.br\/site\/#website","url":"https:\/\/anoticiaonline.com.br\/site\/","name":"A Not\u00edcia Online","description":"Noticias de Muria\u00e9 e regi\u00e3o","inLanguage":"pt-BR","publisher":{"@id":"https:\/\/anoticiaonline.com.br\/site\/#organization"}}]},"og:locale":"pt_BR","og:site_name":"A Not\u00edcia Online - Noticias de Muria\u00e9 e regi\u00e3o","og:type":"article","og:title":"Obras de reparo na galeria da Santa Rita acontecem nesta quarta-feira - A Not\u00edcia Online","og:description":"Est\u00e1 agendada para esta quarta-feira (10), \u00e0s 6h, a entrada dos t\u00e9cnicos do Demsur na galeria da Rua Santa Rita. Eles devem fazer o reparo na rede e tentar solucionar o problema do mau cheiro exalado de algumas \u201cbocas de lobo\u201d pr\u00f3ximas ao trevo da Rua Jos\u00e9 Augusto de Abreu. As reclama\u00e7\u00f5es sobre o fato","og:url":"https:\/\/anoticiaonline.com.br\/site\/obras-de-reparo-na-galeria-da-santa-rita-acontecem-nesta-quarta-feira\/","og:image":"https:\/\/scontent-gig4-1.xx.fbcdn.net\/v\/t39.30808-1\/270437624_4564083193639691_6907940295614233970_n.jpg?stp=dst-jpg_s200x200_tt6&#038;_nc_cat=111&#038;ccb=1-7&#038;_nc_sid=f907e8&#038;_nc_ohc=SM1wRlP3lJwQ7kNvwEPuBYA&#038;_nc_oc=AdnqrjDN_BNjSSHWO-GbkIWH6fkGMLw4bqvL_NH6e2wMveX7G-rP2dAqsDSq1mJMOaY&#038;_nc_zt=24&#038;_nc_ht=scontent-gig4-1.xx&#038;_nc_gid=AoBFJeGrT1hVaew_6rchkQ&#038;oh=00_AfX7QmFGhQhG2jAllVgXCiM1ZrWgvtp80-Bfppyexh1QEg&#038;oe=689E923C","og:image:secure_url":"https:\/\/scontent-gig4-1.xx.fbcdn.net\/v\/t39.30808-1\/270437624_4564083193639691_6907940295614233970_n.jpg?stp=dst-jpg_s200x200_tt6&#038;_nc_cat=111&#038;ccb=1-7&#038;_nc_sid=f907e8&#038;_nc_ohc=SM1wRlP3lJwQ7kNvwEPuBYA&#038;_nc_oc=AdnqrjDN_BNjSSHWO-GbkIWH6fkGMLw4bqvL_NH6e2wMveX7G-rP2dAqsDSq1mJMOaY&#038;_nc_zt=24&#038;_nc_ht=scontent-gig4-1.xx&#038;_nc_gid=AoBFJeGrT1hVaew_6rchkQ&#038;oh=00_AfX7QmFGhQhG2jAllVgXCiM1ZrWgvtp80-Bfppyexh1QEg&#038;oe=689E923C","article:published_time":"2017-05-08T17:51:54+00:00","article:modified_time":"2017-05-08T17:51:54+00:00","twitter:card":"summary_large_image","twitter:title":"Obras de reparo na galeria da Santa Rita acontecem nesta quarta-feira - A Not\u00edcia Online","twitter:description":"Est\u00e1 agendada para esta quarta-feira (10), \u00e0s 6h, a entrada dos t\u00e9cnicos do Demsur na galeria da Rua Santa Rita. Eles devem fazer o reparo na rede e tentar solucionar o problema do mau cheiro exalado de algumas \u201cbocas de lobo\u201d pr\u00f3ximas ao trevo da Rua Jos\u00e9 Augusto de Abreu. As reclama\u00e7\u00f5es sobre o fato","twitter:image":"https:\/\/scontent-gig4-1.xx.fbcdn.net\/v\/t39.30808-1\/270437624_4564083193639691_6907940295614233970_n.jpg?stp=dst-jpg_s200x200_tt6&_nc_cat=111&ccb=1-7&_nc_sid=f907e8&_nc_ohc=SM1wRlP3lJwQ7kNvwEPuBYA&_nc_oc=AdnqrjDN_BNjSSHWO-GbkIWH6fkGMLw4bqvL_NH6e2wMveX7G-rP2dAqsDSq1mJMOaY&_nc_zt=24&_nc_ht=scontent-gig4-1.xx&_nc_gid=AoBFJeGrT1hVaew_6rchkQ&oh=00_AfX7QmFGhQhG2jAllVgXCiM1ZrWgvtp80-Bfppyexh1QEg&oe=689E923C"},"aioseo_meta_data":{"post_id":"29183","title":null,"description":null,"keywords":null,"keyphrases":null,"primary_term":null,"canonical_url":null,"og_title":null,"og_description":null,"og_object_type":"default","og_image_type":"default","og_image_url":null,"og_image_width":null,"og_image_height":null,"og_image_custom_url":null,"og_image_custom_fields":null,"og_video":null,"og_custom_url":null,"og_article_section":null,"og_article_tags":null,"twitter_use_og":false,"twitter_card":"default","twitter_image_type":"default","twitter_image_url":null,"twitter_image_custom_url":null,"twitter_image_custom_fields":null,"twitter_title":null,"twitter_description":null,"schema":{"blockGraphs":[],"customGraphs":[],"default":{"data":{"Article":[],"Course":[],"Dataset":[],"FAQPage":[],"Movie":[],"Person":[],"Product":[],"ProductReview":[],"Car":[],"Recipe":[],"Service":[],"SoftwareApplication":[],"WebPage":[]},"graphName":"","isEnabled":true},"graphs":[]},"schema_type":"default","schema_type_options":null,"pillar_content":false,"robots_default":true,"robots_noindex":false,"robots_noarchive":false,"robots_nosnippet":false,"robots_nofollow":false,"robots_noimageindex":false,"robots_noodp":false,"robots_notranslate":false,"robots_max_snippet":null,"robots_max_videopreview":null,"robots_max_imagepreview":"large","priority":null,"frequency":null,"local_seo":null,"breadcrumb_settings":null,"limit_modified_date":false,"ai":null,"created":"2025-08-16 18:19:26","updated":"2025-08-16 18:19:26","focus_keyword":null,"additional_keywords":null,"truseo_locale":null,"seo_analyzer_scan_date":null},"aioseo_breadcrumb":"<div class=\"aioseo-breadcrumbs\"><span class=\"aioseo-breadcrumb\">\n\t\t\t<a href=\"https:\/\/anoticiaonline.com.br\/site\" title=\"Home\">Home<\/a>\n\t\t<\/span><span class=\"aioseo-breadcrumb-separator\">&raquo;<\/span><span class=\"aioseo-breadcrumb\">\n\t\t\t<a href=\"https:\/\/anoticiaonline.com.br\/site\/categoria\/muriae\/\" title=\"Blog\">Blog<\/a>\n\t\t<\/span><span class=\"aioseo-breadcrumb-separator\">&raquo;<\/span><span class=\"aioseo-breadcrumb\">\n\t\t\tObras de reparo na galeria da Santa Rita acontecem nesta quarta-feira\n\t\t<\/span><\/div>","aioseo_breadcrumb_json":[{"label":"Home","link":"https:\/\/anoticiaonline.com.br\/site"},{"label":"Blog","link":"https:\/\/anoticiaonline.com.br\/site\/categoria\/muriae\/"},{"label":"Obras de reparo na galeria da Santa Rita acontecem nesta quarta-feira","link":"https:\/\/anoticiaonline.com.br\/site\/obras-de-reparo-na-galeria-da-santa-rita-acontecem-nesta-quarta-feira\/"}],"views":138,"_links":{"self":[{"href":"https:\/\/anoticiaonline.com.br\/site\/wp-json\/wp\/v2\/posts\/29183","targetHints":{"allow":["GET"]}}],"collection":[{"href":"https:\/\/anoticiaonline.com.br\/site\/wp-json\/wp\/v2\/posts"}],"about":[{"href":"https:\/\/anoticiaonline.com.br\/site\/wp-json\/wp\/v2\/types\/post"}],"author":[{"embeddable":true,"href":"https:\/\/anoticiaonline.com.br\/site\/wp-json\/wp\/v2\/users\/2"}],"replies":[{"embeddable":true,"href":"https:\/\/anoticiaonline.com.br\/site\/wp-json\/wp\/v2\/comments?post=29183"}],"version-history":[{"count":0,"href":"https:\/\/anoticiaonline.com.br\/site\/wp-json\/wp\/v2\/posts\/29183\/revisions"}],"wp:featuredmedia":[{"embeddable":true,"href":"https:\/\/anoticiaonline.com.br\/site\/wp-json\/wp\/v2\/media\/29184"}],"wp:attachment":[{"href":"https:\/\/anoticiaonline.com.br\/site\/wp-json\/wp\/v2\/media?parent=29183"}],"wp:term":[{"taxonomy":"category","embeddable":true,"href":"https:\/\/anoticiaonline.com.br\/site\/wp-json\/wp\/v2\/categories?post=29183"},{"taxonomy":"post_tag","embeddable":true,"href":"https:\/\/anoticiaonline.com.br\/site\/wp-json\/wp\/v2\/tags?post=29183"}],"curies":[{"name":"wp","href":"https:\/\/api.w.org\/{rel}","templated":true}]}}