{"id":29110,"date":"2017-05-05T11:00:42","date_gmt":"2017-05-05T14:00:42","guid":{"rendered":"http:\/\/anoticiaonline.com.br\/site\/?p=29110"},"modified":"2017-05-04T23:01:24","modified_gmt":"2017-05-05T02:01:24","slug":"sicoob-credisudeste-presta-contas-aos-associados-durante-assembleia-geral-e-associados-elegem-o-conselho-fiscal-para-o-bienio-20172019","status":"publish","type":"post","link":"https:\/\/anoticiaonline.com.br\/site\/sicoob-credisudeste-presta-contas-aos-associados-durante-assembleia-geral-e-associados-elegem-o-conselho-fiscal-para-o-bienio-20172019\/","title":{"rendered":"SICOOB CREDISUDESTE presta contas aos associados durante Assembleia Geral e associados elegem o Conselho Fiscal para o bi\u00eanio 2017\/2019"},"content":{"rendered":"<p><a href=\"https:\/\/anoticiaonline.com.br\/site\/wp-content\/uploads\/2017\/05\/DSC01496.jpg\"><img fetchpriority=\"high\" decoding=\"async\" class=\" size-medium wp-image-29111 alignleft\" src=\"https:\/\/anoticiaonline.com.br\/site\/wp-content\/uploads\/2017\/05\/DSC01496-300x231.jpg\" alt=\"DSC01496\" width=\"300\" height=\"231\" srcset=\"https:\/\/anoticiaonline.com.br\/site\/wp-content\/uploads\/2017\/05\/DSC01496-300x231.jpg 300w, https:\/\/anoticiaonline.com.br\/site\/wp-content\/uploads\/2017\/05\/DSC01496.jpg 640w\" sizes=\"(max-width: 300px) 100vw, 300px\" \/><\/a>A Cooperativa de Cr\u00e9dito das Matas de Minas Ltda &#8211; SICOOB CREDISUDESTE apresentou o balan\u00e7o de todas as a\u00e7\u00f5es realizadas em 2016 durante a 31\u00aa Assembleia Geral Ordin\u00e1ria e a 20\u00aa Assembleia Geral Extraordin\u00e1ria, quando foi aprovada a reforma geral do Estatuto Social e o novo Regimento Eleitoral. Nesse evento, tamb\u00e9m foi eleito o Conselho Fiscal para o bi\u00eanio 2017\/2019.<\/p>\n<p>A Assembleia aconteceu na \u00faltima quinta-feira (27), no Sal\u00e3o Nobre do Centro Universit\u00e1rio Unifaminas. O presidente da CREDISUDESTE, Paulo Alexandre de Oliveira Carvalho, ressaltou que as assembleias Ordin\u00e1ria e Extraordin\u00e1ria s\u00e3o o ponto m\u00e1ximo da institui\u00e7\u00e3o, quando os associados examinam as contas e decidem, atrav\u00e9s do voto, de forma democr\u00e1tica, o futuro da cooperativa.<\/p>\n<p>Paulo Alexandre lembrou que a Assembleia Geral \u00e9 uma obriga\u00e7\u00e3o legal e estatut\u00e1ria da cooperativa, a qual tem at\u00e9 o final de abril de cada ano para prestar contas aos associados dos resultados do ano anterior. Al\u00e9m disso, \u00e9 uma oportunidade de reuni\u00e3o dos associados com o Conselho de Administra\u00e7\u00e3o e com a Diretoria Executiva. \u201cDurante os meses de mar\u00e7o e abril realizamos pr\u00e9-assembleias em todos as cidades onde temos ag\u00eancia e procuramos dar conhecimento ao m\u00e1ximo poss\u00edvel de associados dos resultados obtidos pela cooperativa. Al\u00e9m de prestar contas, a Assembleia \u00e9 tamb\u00e9m uma oportunidade que os associados t\u00eam de apresentar suas reinvindica\u00e7\u00f5es e sugest\u00f5es. \u00c9 o momento de decidir o destino das sobras e de discutir o planejamento estrat\u00e9gico da cooperativa\u201d. Ele disse ainda que, \u201cembora o pa\u00eds atravesse um momento de crise econ\u00f4mica, pol\u00edtica e moral que j\u00e1 se prolonga por tr\u00eas anos, a CREDISUDESTE vem apresentando resultados positivos e satisfat\u00f3rios devido \u00e0 administra\u00e7\u00e3o s\u00e9ria e profissional e \u00e0 compet\u00eancia e comprometimento dos seus colaboradores com as metas estrat\u00e9gicas da cooperativa\u201d.<\/p>\n<p>O diretor superintendente do SICOOB CREDISUDESTE, Francisco Xavier Borges, ressalta a import\u00e2ncia da Assembleia. \u201c\u00c9 uma forma de deixar o associado informado sobre tudo o que se passa em sua cooperativa. O associado \u00e9 a raz\u00e3o de ser da cooperativa\u201d, frisa.<\/p>\n<p>J\u00e1 o diretor administrativo, Elison Bilheiro, disse \u201cque \u00e9 preciso manter o foco e administrar observando o ambiente e prestando aten\u00e7\u00e3o nos detalhes de forma a otimizar os resultados\u201d.<\/p>\n<p>O SICOOB CREDISUDESTE possui, atualmente, mais de 17 mil associados ativos, distribu\u00eddos em 20 munic\u00edpios da regi\u00e3o, totalizando 22 ag\u00eancias. Este ano, o Sicoob Central Crediminas autorizou a CREDISUDESTE a abrir mais duas ag\u00eancias, e a intens\u00e3o do presidente Paulo Alexandre \u00e9 abrir outras duas no pr\u00f3ximo ano.<\/p>\n<p>No final do evento, foram sorteados diversos pr\u00eamios e um ve\u00edculo Gol Zero Km entre os associados que aderiram \u00e0 campanha de capitaliza\u00e7\u00e3o.<\/p>\n<p>Durante a Assembleia, tamb\u00e9m houve a elei\u00e7\u00e3o do Conselho Fiscal, quando os associados escolheram os integrantes que v\u00e3o atuar no bi\u00eanio 2017\/2019.<\/p>\n<p>Foram eleitos os conselheiros efetivos Francisco de Assis Laviola, Jana\u00edna Anselma Freitas Santana de Souza e Virg\u00edlio Ricardo com 71% dos votos v\u00e1lidos. Comp\u00f5em, ainda, a chapa eleita, como conselheiros suplentes, Andreia Mais Fernandes, Gilmar Cardoso de Melo e Walacir Alves de Oliveira.<\/p>\n<p>O conselheiro eleito Francisco Laviola, que j\u00e1 atua na fun\u00e7\u00e3o h\u00e1 seis anos, destacou a import\u00e2ncia do Conselho Fiscal para a cooperativa, explicando que o v\u00ednculo deste Conselho \u00e9 com o cooperado. \u201cO Conselho Fiscal n\u00e3o tem v\u00ednculo com a diretoria e nem com o Conselho de Administra\u00e7\u00e3o. N\u00f3s somos os \u2018olhos\u2019 de cada associado e hoje a cooperativa possui mais de 17 mil associados ativos, por isso a nossa responsabilidade \u00e9 extremamente grande e abrangente\u201d.<\/p>\n<p>Os membros efetivos do Conselho Fiscal, Virg\u00edlio Ricardo e Jana\u00edna Anselma refor\u00e7aram que ir\u00e3o realizar um trabalho s\u00e9rio, \u00e9tico e comprometido com os normativos legais de funcionamento de uma cooperativa de cr\u00e9dito.<\/p>\n<p>O encerramento do evento se deu com um coquetel servido a todos os presentes.<\/p>\n<p><strong>GALERIA DE FOTOS:<\/strong><\/p>\n<p><img decoding=\"async\" class=\"ngg_displayed_gallery mceItem\" src=\"https:\/\/anoticiaonline.com.br\/site\/nextgen-attach_to_post\/preview\/id--29138\" alt=\"\" \/><\/p>\n","protected":false},"excerpt":{"rendered":"<p>A Cooperativa de Cr\u00e9dito das Matas de Minas Ltda &#8211; SICOOB CREDISUDESTE apresentou o balan\u00e7o de todas as a\u00e7\u00f5es realizadas em 2016 durante a 31\u00aa Assembleia Geral Ordin\u00e1ria e a 20\u00aa Assembleia Geral Extraordin\u00e1ria, quando foi aprovada a reforma geral do Estatuto Social e o novo Regimento Eleitoral. Nesse evento, tamb\u00e9m foi eleito o Conselho &#8230; <a title=\"SICOOB CREDISUDESTE presta contas aos associados durante Assembleia Geral e associados elegem o Conselho Fiscal para o bi\u00eanio 2017\/2019\" class=\"read-more\" href=\"https:\/\/anoticiaonline.com.br\/site\/sicoob-credisudeste-presta-contas-aos-associados-durante-assembleia-geral-e-associados-elegem-o-conselho-fiscal-para-o-bienio-20172019\/\" aria-label=\"Read more about SICOOB CREDISUDESTE presta contas aos associados durante Assembleia Geral e associados elegem o Conselho Fiscal para o bi\u00eanio 2017\/2019\">Ler mais<\/a><\/p>\n","protected":false},"author":2,"featured_media":29111,"comment_status":"open","ping_status":"open","sticky":false,"template":"","format":"standard","meta":{"_acf_changed":false,"_monsterinsights_skip_tracking":false,"footnotes":""},"categories":[24],"tags":[3],"class_list":["post-29110","post","type-post","status-publish","format-standard","has-post-thumbnail","hentry","category-eventos","tag-slide"],"acf":[],"aioseo_notices":[],"aioseo_head":"\n\t\t<!-- All in One SEO 5.0.0.1 - aioseo.com -->\n\t<meta name=\"description\" content=\"A Cooperativa de Cr\u00e9dito das Matas de Minas Ltda - SICOOB CREDISUDESTE apresentou o balan\u00e7o de todas as a\u00e7\u00f5es realizadas em 2016 durante a 31\u00aa Assembleia Geral Ordin\u00e1ria e a 20\u00aa Assembleia Geral Extraordin\u00e1ria, quando foi aprovada a reforma geral do Estatuto Social e o novo Regimento Eleitoral. Nesse evento, tamb\u00e9m foi eleito o Conselho\" \/>\n\t<meta name=\"robots\" content=\"max-image-preview:large\" \/>\n\t<meta name=\"author\" content=\"Juliana Laviola\"\/>\n\t<link rel=\"canonical\" href=\"https:\/\/anoticiaonline.com.br\/site\/sicoob-credisudeste-presta-contas-aos-associados-durante-assembleia-geral-e-associados-elegem-o-conselho-fiscal-para-o-bienio-20172019\/\" \/>\n\t<meta name=\"generator\" content=\"All in One SEO (AIOSEO) 5.0.0.1\" \/>\n\t\t<meta property=\"og:locale\" content=\"pt_BR\" \/>\n\t\t<meta property=\"og:site_name\" content=\"A Not\u00edcia Online - Noticias de Muria\u00e9 e regi\u00e3o\" \/>\n\t\t<meta property=\"og:type\" content=\"article\" \/>\n\t\t<meta property=\"og:title\" content=\"SICOOB CREDISUDESTE presta contas aos associados durante Assembleia Geral e associados elegem o Conselho Fiscal para o bi\u00eanio 2017\/2019 - A Not\u00edcia Online\" \/>\n\t\t<meta property=\"og:description\" content=\"A Cooperativa de Cr\u00e9dito das Matas de Minas Ltda - SICOOB CREDISUDESTE apresentou o balan\u00e7o de todas as a\u00e7\u00f5es realizadas em 2016 durante a 31\u00aa Assembleia Geral Ordin\u00e1ria e a 20\u00aa Assembleia Geral Extraordin\u00e1ria, quando foi aprovada a reforma geral do Estatuto Social e o novo Regimento Eleitoral. Nesse evento, tamb\u00e9m foi eleito o Conselho\" \/>\n\t\t<meta property=\"og:url\" content=\"https:\/\/anoticiaonline.com.br\/site\/sicoob-credisudeste-presta-contas-aos-associados-durante-assembleia-geral-e-associados-elegem-o-conselho-fiscal-para-o-bienio-20172019\/\" \/>\n\t\t<meta property=\"og:image\" content=\"https:\/\/scontent-gig4-1.xx.fbcdn.net\/v\/t39.30808-1\/270437624_4564083193639691_6907940295614233970_n.jpg?stp=dst-jpg_s200x200_tt6&#038;_nc_cat=111&#038;ccb=1-7&#038;_nc_sid=f907e8&#038;_nc_ohc=SM1wRlP3lJwQ7kNvwEPuBYA&#038;_nc_oc=AdnqrjDN_BNjSSHWO-GbkIWH6fkGMLw4bqvL_NH6e2wMveX7G-rP2dAqsDSq1mJMOaY&#038;_nc_zt=24&#038;_nc_ht=scontent-gig4-1.xx&#038;_nc_gid=AoBFJeGrT1hVaew_6rchkQ&#038;oh=00_AfX7QmFGhQhG2jAllVgXCiM1ZrWgvtp80-Bfppyexh1QEg&#038;oe=689E923C\" \/>\n\t\t<meta property=\"og:image:secure_url\" content=\"https:\/\/scontent-gig4-1.xx.fbcdn.net\/v\/t39.30808-1\/270437624_4564083193639691_6907940295614233970_n.jpg?stp=dst-jpg_s200x200_tt6&#038;_nc_cat=111&#038;ccb=1-7&#038;_nc_sid=f907e8&#038;_nc_ohc=SM1wRlP3lJwQ7kNvwEPuBYA&#038;_nc_oc=AdnqrjDN_BNjSSHWO-GbkIWH6fkGMLw4bqvL_NH6e2wMveX7G-rP2dAqsDSq1mJMOaY&#038;_nc_zt=24&#038;_nc_ht=scontent-gig4-1.xx&#038;_nc_gid=AoBFJeGrT1hVaew_6rchkQ&#038;oh=00_AfX7QmFGhQhG2jAllVgXCiM1ZrWgvtp80-Bfppyexh1QEg&#038;oe=689E923C\" \/>\n\t\t<meta property=\"article:published_time\" content=\"2017-05-05T14:00:42+00:00\" \/>\n\t\t<meta property=\"article:modified_time\" content=\"2017-05-05T02:01:24+00:00\" \/>\n\t\t<meta name=\"twitter:card\" content=\"summary_large_image\" \/>\n\t\t<meta name=\"twitter:title\" content=\"SICOOB CREDISUDESTE presta contas aos associados durante Assembleia Geral e associados elegem o Conselho Fiscal para o bi\u00eanio 2017\/2019 - A Not\u00edcia Online\" \/>\n\t\t<meta name=\"twitter:description\" content=\"A Cooperativa de Cr\u00e9dito das Matas de Minas Ltda - SICOOB CREDISUDESTE apresentou o balan\u00e7o de todas as a\u00e7\u00f5es realizadas em 2016 durante a 31\u00aa Assembleia Geral Ordin\u00e1ria e a 20\u00aa Assembleia Geral Extraordin\u00e1ria, quando foi aprovada a reforma geral do Estatuto Social e o novo Regimento Eleitoral. Nesse evento, tamb\u00e9m foi eleito o Conselho\" \/>\n\t\t<meta name=\"twitter:image\" content=\"https:\/\/scontent-gig4-1.xx.fbcdn.net\/v\/t39.30808-1\/270437624_4564083193639691_6907940295614233970_n.jpg?stp=dst-jpg_s200x200_tt6&amp;_nc_cat=111&amp;ccb=1-7&amp;_nc_sid=f907e8&amp;_nc_ohc=SM1wRlP3lJwQ7kNvwEPuBYA&amp;_nc_oc=AdnqrjDN_BNjSSHWO-GbkIWH6fkGMLw4bqvL_NH6e2wMveX7G-rP2dAqsDSq1mJMOaY&amp;_nc_zt=24&amp;_nc_ht=scontent-gig4-1.xx&amp;_nc_gid=AoBFJeGrT1hVaew_6rchkQ&amp;oh=00_AfX7QmFGhQhG2jAllVgXCiM1ZrWgvtp80-Bfppyexh1QEg&amp;oe=689E923C\" \/>\n\t\t<script type=\"application\/ld+json\" class=\"aioseo-schema\">\n\t\t\t{\"@context\":\"https:\\\/\\\/schema.org\",\"@graph\":[{\"@type\":\"BlogPosting\",\"@id\":\"https:\\\/\\\/anoticiaonline.com.br\\\/site\\\/sicoob-credisudeste-presta-contas-aos-associados-durante-assembleia-geral-e-associados-elegem-o-conselho-fiscal-para-o-bienio-20172019\\\/#blogposting\",\"name\":\"SICOOB CREDISUDESTE presta contas aos associados durante Assembleia Geral e associados elegem o Conselho Fiscal para o bi\\u00eanio 2017\\\/2019 - A Not\\u00edcia Online\",\"headline\":\"SICOOB CREDISUDESTE presta contas aos associados durante Assembleia Geral e associados elegem o Conselho Fiscal para o bi\\u00eanio 2017\\\/2019\",\"author\":{\"@id\":\"https:\\\/\\\/anoticiaonline.com.br\\\/site\\\/author\\\/juliana\\\/#author\"},\"publisher\":{\"@id\":\"https:\\\/\\\/anoticiaonline.com.br\\\/site\\\/#organization\"},\"image\":{\"@type\":\"ImageObject\",\"url\":\"https:\\\/\\\/anoticiaonline.com.br\\\/site\\\/wp-content\\\/uploads\\\/2017\\\/05\\\/DSC01496.jpg\",\"width\":640,\"height\":493},\"datePublished\":\"2017-05-05T11:00:42-03:00\",\"dateModified\":\"2017-05-04T23:01:24-03:00\",\"inLanguage\":\"pt-BR\",\"mainEntityOfPage\":{\"@id\":\"https:\\\/\\\/anoticiaonline.com.br\\\/site\\\/sicoob-credisudeste-presta-contas-aos-associados-durante-assembleia-geral-e-associados-elegem-o-conselho-fiscal-para-o-bienio-20172019\\\/#webpage\"},\"isPartOf\":{\"@id\":\"https:\\\/\\\/anoticiaonline.com.br\\\/site\\\/sicoob-credisudeste-presta-contas-aos-associados-durante-assembleia-geral-e-associados-elegem-o-conselho-fiscal-para-o-bienio-20172019\\\/#webpage\"},\"articleSection\":\"Eventos, slide\"},{\"@type\":\"BreadcrumbList\",\"@id\":\"https:\\\/\\\/anoticiaonline.com.br\\\/site\\\/sicoob-credisudeste-presta-contas-aos-associados-durante-assembleia-geral-e-associados-elegem-o-conselho-fiscal-para-o-bienio-20172019\\\/#breadcrumblist\",\"itemListElement\":[{\"@type\":\"ListItem\",\"@id\":\"https:\\\/\\\/anoticiaonline.com.br\\\/site#listItem\",\"position\":1,\"name\":\"Home\",\"item\":\"https:\\\/\\\/anoticiaonline.com.br\\\/site\",\"nextItem\":{\"@type\":\"ListItem\",\"@id\":\"https:\\\/\\\/anoticiaonline.com.br\\\/site\\\/categoria\\\/eventos\\\/#listItem\",\"name\":\"Eventos\"}},{\"@type\":\"ListItem\",\"@id\":\"https:\\\/\\\/anoticiaonline.com.br\\\/site\\\/categoria\\\/eventos\\\/#listItem\",\"position\":2,\"name\":\"Eventos\",\"item\":\"https:\\\/\\\/anoticiaonline.com.br\\\/site\\\/categoria\\\/eventos\\\/\",\"nextItem\":{\"@type\":\"ListItem\",\"@id\":\"https:\\\/\\\/anoticiaonline.com.br\\\/site\\\/sicoob-credisudeste-presta-contas-aos-associados-durante-assembleia-geral-e-associados-elegem-o-conselho-fiscal-para-o-bienio-20172019\\\/#listItem\",\"name\":\"SICOOB CREDISUDESTE presta contas aos associados durante Assembleia Geral e associados elegem o Conselho Fiscal para o bi\\u00eanio 2017\\\/2019\"},\"previousItem\":{\"@type\":\"ListItem\",\"@id\":\"https:\\\/\\\/anoticiaonline.com.br\\\/site#listItem\",\"name\":\"Home\"}},{\"@type\":\"ListItem\",\"@id\":\"https:\\\/\\\/anoticiaonline.com.br\\\/site\\\/sicoob-credisudeste-presta-contas-aos-associados-durante-assembleia-geral-e-associados-elegem-o-conselho-fiscal-para-o-bienio-20172019\\\/#listItem\",\"position\":3,\"name\":\"SICOOB CREDISUDESTE presta contas aos associados durante Assembleia Geral e associados elegem o Conselho Fiscal para o bi\\u00eanio 2017\\\/2019\",\"previousItem\":{\"@type\":\"ListItem\",\"@id\":\"https:\\\/\\\/anoticiaonline.com.br\\\/site\\\/categoria\\\/eventos\\\/#listItem\",\"name\":\"Eventos\"}}]},{\"@type\":\"Organization\",\"@id\":\"https:\\\/\\\/anoticiaonline.com.br\\\/site\\\/#organization\",\"name\":\"A Not\\u00edcia Online\",\"description\":\"Noticias de Muria\\u00e9 e regi\\u00e3o\",\"url\":\"https:\\\/\\\/anoticiaonline.com.br\\\/site\\\/\",\"logo\":{\"@type\":\"ImageObject\",\"url\":\"https:\\\/\\\/scontent-gig4-1.xx.fbcdn.net\\\/v\\\/t39.30808-1\\\/270437624_4564083193639691_6907940295614233970_n.jpg?stp=dst-jpg_s200x200_tt6&_nc_cat=111&ccb=1-7&_nc_sid=f907e8&_nc_ohc=SM1wRlP3lJwQ7kNvwEPuBYA&_nc_oc=AdnqrjDN_BNjSSHWO-GbkIWH6fkGMLw4bqvL_NH6e2wMveX7G-rP2dAqsDSq1mJMOaY&_nc_zt=24&_nc_ht=scontent-gig4-1.xx&_nc_gid=AoBFJeGrT1hVaew_6rchkQ&oh=00_AfX7QmFGhQhG2jAllVgXCiM1ZrWgvtp80-Bfppyexh1QEg&oe=689E923C\",\"@id\":\"https:\\\/\\\/anoticiaonline.com.br\\\/site\\\/sicoob-credisudeste-presta-contas-aos-associados-durante-assembleia-geral-e-associados-elegem-o-conselho-fiscal-para-o-bienio-20172019\\\/#organizationLogo\"},\"image\":{\"@id\":\"https:\\\/\\\/anoticiaonline.com.br\\\/site\\\/sicoob-credisudeste-presta-contas-aos-associados-durante-assembleia-geral-e-associados-elegem-o-conselho-fiscal-para-o-bienio-20172019\\\/#organizationLogo\"}},{\"@type\":\"Person\",\"@id\":\"https:\\\/\\\/anoticiaonline.com.br\\\/site\\\/author\\\/juliana\\\/#author\",\"url\":\"https:\\\/\\\/anoticiaonline.com.br\\\/site\\\/author\\\/juliana\\\/\",\"name\":\"Juliana Laviola\",\"image\":{\"@type\":\"ImageObject\",\"@id\":\"https:\\\/\\\/anoticiaonline.com.br\\\/site\\\/sicoob-credisudeste-presta-contas-aos-associados-durante-assembleia-geral-e-associados-elegem-o-conselho-fiscal-para-o-bienio-20172019\\\/#authorImage\",\"url\":\"https:\\\/\\\/secure.gravatar.com\\\/avatar\\\/b8d45f5c699b100dfaf0e543582f38f38bf94cb7ae3a5e9abf8d891a34773335?s=96&d=mm&r=g\",\"width\":96,\"height\":96,\"caption\":\"Juliana Laviola\"}},{\"@type\":\"WebPage\",\"@id\":\"https:\\\/\\\/anoticiaonline.com.br\\\/site\\\/sicoob-credisudeste-presta-contas-aos-associados-durante-assembleia-geral-e-associados-elegem-o-conselho-fiscal-para-o-bienio-20172019\\\/#webpage\",\"url\":\"https:\\\/\\\/anoticiaonline.com.br\\\/site\\\/sicoob-credisudeste-presta-contas-aos-associados-durante-assembleia-geral-e-associados-elegem-o-conselho-fiscal-para-o-bienio-20172019\\\/\",\"name\":\"SICOOB CREDISUDESTE presta contas aos associados durante Assembleia Geral e associados elegem o Conselho Fiscal para o bi\\u00eanio 2017\\\/2019 - A Not\\u00edcia Online\",\"description\":\"A Cooperativa de Cr\\u00e9dito das Matas de Minas Ltda - SICOOB CREDISUDESTE apresentou o balan\\u00e7o de todas as a\\u00e7\\u00f5es realizadas em 2016 durante a 31\\u00aa Assembleia Geral Ordin\\u00e1ria e a 20\\u00aa Assembleia Geral Extraordin\\u00e1ria, quando foi aprovada a reforma geral do Estatuto Social e o novo Regimento Eleitoral. Nesse evento, tamb\\u00e9m foi eleito o Conselho\",\"inLanguage\":\"pt-BR\",\"isPartOf\":{\"@id\":\"https:\\\/\\\/anoticiaonline.com.br\\\/site\\\/#website\"},\"breadcrumb\":{\"@id\":\"https:\\\/\\\/anoticiaonline.com.br\\\/site\\\/sicoob-credisudeste-presta-contas-aos-associados-durante-assembleia-geral-e-associados-elegem-o-conselho-fiscal-para-o-bienio-20172019\\\/#breadcrumblist\"},\"author\":{\"@id\":\"https:\\\/\\\/anoticiaonline.com.br\\\/site\\\/author\\\/juliana\\\/#author\"},\"creator\":{\"@id\":\"https:\\\/\\\/anoticiaonline.com.br\\\/site\\\/author\\\/juliana\\\/#author\"},\"image\":{\"@type\":\"ImageObject\",\"url\":\"https:\\\/\\\/anoticiaonline.com.br\\\/site\\\/wp-content\\\/uploads\\\/2017\\\/05\\\/DSC01496.jpg\",\"@id\":\"https:\\\/\\\/anoticiaonline.com.br\\\/site\\\/sicoob-credisudeste-presta-contas-aos-associados-durante-assembleia-geral-e-associados-elegem-o-conselho-fiscal-para-o-bienio-20172019\\\/#mainImage\",\"width\":640,\"height\":493},\"primaryImageOfPage\":{\"@id\":\"https:\\\/\\\/anoticiaonline.com.br\\\/site\\\/sicoob-credisudeste-presta-contas-aos-associados-durante-assembleia-geral-e-associados-elegem-o-conselho-fiscal-para-o-bienio-20172019\\\/#mainImage\"},\"datePublished\":\"2017-05-05T11:00:42-03:00\",\"dateModified\":\"2017-05-04T23:01:24-03:00\"},{\"@type\":\"WebSite\",\"@id\":\"https:\\\/\\\/anoticiaonline.com.br\\\/site\\\/#website\",\"url\":\"https:\\\/\\\/anoticiaonline.com.br\\\/site\\\/\",\"name\":\"A Not\\u00edcia Online\",\"description\":\"Noticias de Muria\\u00e9 e regi\\u00e3o\",\"inLanguage\":\"pt-BR\",\"publisher\":{\"@id\":\"https:\\\/\\\/anoticiaonline.com.br\\\/site\\\/#organization\"}}]}\n\t\t<\/script>\n\t\t<!-- All in One SEO -->\n\n","aioseo_head_json":{"title":"SICOOB CREDISUDESTE presta contas aos associados durante Assembleia Geral e associados elegem o Conselho Fiscal para o bi\u00eanio 2017\/2019 - A Not\u00edcia Online","description":"A Cooperativa de Cr\u00e9dito das Matas de Minas Ltda - SICOOB CREDISUDESTE apresentou o balan\u00e7o de todas as a\u00e7\u00f5es realizadas em 2016 durante a 31\u00aa Assembleia Geral Ordin\u00e1ria e a 20\u00aa Assembleia Geral Extraordin\u00e1ria, quando foi aprovada a reforma geral do Estatuto Social e o novo Regimento Eleitoral. Nesse evento, tamb\u00e9m foi eleito o Conselho","canonical_url":"https:\/\/anoticiaonline.com.br\/site\/sicoob-credisudeste-presta-contas-aos-associados-durante-assembleia-geral-e-associados-elegem-o-conselho-fiscal-para-o-bienio-20172019\/","robots":"max-image-preview:large","keywords":"","webmasterTools":{"miscellaneous":""},"schema":{"@context":"https:\/\/schema.org","@graph":[{"@type":"BlogPosting","@id":"https:\/\/anoticiaonline.com.br\/site\/sicoob-credisudeste-presta-contas-aos-associados-durante-assembleia-geral-e-associados-elegem-o-conselho-fiscal-para-o-bienio-20172019\/#blogposting","name":"SICOOB CREDISUDESTE presta contas aos associados durante Assembleia Geral e associados elegem o Conselho Fiscal para o bi\u00eanio 2017\/2019 - A Not\u00edcia Online","headline":"SICOOB CREDISUDESTE presta contas aos associados durante Assembleia Geral e associados elegem o Conselho Fiscal para o bi\u00eanio 2017\/2019","author":{"@id":"https:\/\/anoticiaonline.com.br\/site\/author\/juliana\/#author"},"publisher":{"@id":"https:\/\/anoticiaonline.com.br\/site\/#organization"},"image":{"@type":"ImageObject","url":"https:\/\/anoticiaonline.com.br\/site\/wp-content\/uploads\/2017\/05\/DSC01496.jpg","width":640,"height":493},"datePublished":"2017-05-05T11:00:42-03:00","dateModified":"2017-05-04T23:01:24-03:00","inLanguage":"pt-BR","mainEntityOfPage":{"@id":"https:\/\/anoticiaonline.com.br\/site\/sicoob-credisudeste-presta-contas-aos-associados-durante-assembleia-geral-e-associados-elegem-o-conselho-fiscal-para-o-bienio-20172019\/#webpage"},"isPartOf":{"@id":"https:\/\/anoticiaonline.com.br\/site\/sicoob-credisudeste-presta-contas-aos-associados-durante-assembleia-geral-e-associados-elegem-o-conselho-fiscal-para-o-bienio-20172019\/#webpage"},"articleSection":"Eventos, slide"},{"@type":"BreadcrumbList","@id":"https:\/\/anoticiaonline.com.br\/site\/sicoob-credisudeste-presta-contas-aos-associados-durante-assembleia-geral-e-associados-elegem-o-conselho-fiscal-para-o-bienio-20172019\/#breadcrumblist","itemListElement":[{"@type":"ListItem","@id":"https:\/\/anoticiaonline.com.br\/site#listItem","position":1,"name":"Home","item":"https:\/\/anoticiaonline.com.br\/site","nextItem":{"@type":"ListItem","@id":"https:\/\/anoticiaonline.com.br\/site\/categoria\/eventos\/#listItem","name":"Eventos"}},{"@type":"ListItem","@id":"https:\/\/anoticiaonline.com.br\/site\/categoria\/eventos\/#listItem","position":2,"name":"Eventos","item":"https:\/\/anoticiaonline.com.br\/site\/categoria\/eventos\/","nextItem":{"@type":"ListItem","@id":"https:\/\/anoticiaonline.com.br\/site\/sicoob-credisudeste-presta-contas-aos-associados-durante-assembleia-geral-e-associados-elegem-o-conselho-fiscal-para-o-bienio-20172019\/#listItem","name":"SICOOB CREDISUDESTE presta contas aos associados durante Assembleia Geral e associados elegem o Conselho Fiscal para o bi\u00eanio 2017\/2019"},"previousItem":{"@type":"ListItem","@id":"https:\/\/anoticiaonline.com.br\/site#listItem","name":"Home"}},{"@type":"ListItem","@id":"https:\/\/anoticiaonline.com.br\/site\/sicoob-credisudeste-presta-contas-aos-associados-durante-assembleia-geral-e-associados-elegem-o-conselho-fiscal-para-o-bienio-20172019\/#listItem","position":3,"name":"SICOOB CREDISUDESTE presta contas aos associados durante Assembleia Geral e associados elegem o Conselho Fiscal para o bi\u00eanio 2017\/2019","previousItem":{"@type":"ListItem","@id":"https:\/\/anoticiaonline.com.br\/site\/categoria\/eventos\/#listItem","name":"Eventos"}}]},{"@type":"Organization","@id":"https:\/\/anoticiaonline.com.br\/site\/#organization","name":"A Not\u00edcia Online","description":"Noticias de Muria\u00e9 e regi\u00e3o","url":"https:\/\/anoticiaonline.com.br\/site\/","logo":{"@type":"ImageObject","url":"https:\/\/scontent-gig4-1.xx.fbcdn.net\/v\/t39.30808-1\/270437624_4564083193639691_6907940295614233970_n.jpg?stp=dst-jpg_s200x200_tt6&_nc_cat=111&ccb=1-7&_nc_sid=f907e8&_nc_ohc=SM1wRlP3lJwQ7kNvwEPuBYA&_nc_oc=AdnqrjDN_BNjSSHWO-GbkIWH6fkGMLw4bqvL_NH6e2wMveX7G-rP2dAqsDSq1mJMOaY&_nc_zt=24&_nc_ht=scontent-gig4-1.xx&_nc_gid=AoBFJeGrT1hVaew_6rchkQ&oh=00_AfX7QmFGhQhG2jAllVgXCiM1ZrWgvtp80-Bfppyexh1QEg&oe=689E923C","@id":"https:\/\/anoticiaonline.com.br\/site\/sicoob-credisudeste-presta-contas-aos-associados-durante-assembleia-geral-e-associados-elegem-o-conselho-fiscal-para-o-bienio-20172019\/#organizationLogo"},"image":{"@id":"https:\/\/anoticiaonline.com.br\/site\/sicoob-credisudeste-presta-contas-aos-associados-durante-assembleia-geral-e-associados-elegem-o-conselho-fiscal-para-o-bienio-20172019\/#organizationLogo"}},{"@type":"Person","@id":"https:\/\/anoticiaonline.com.br\/site\/author\/juliana\/#author","url":"https:\/\/anoticiaonline.com.br\/site\/author\/juliana\/","name":"Juliana Laviola","image":{"@type":"ImageObject","@id":"https:\/\/anoticiaonline.com.br\/site\/sicoob-credisudeste-presta-contas-aos-associados-durante-assembleia-geral-e-associados-elegem-o-conselho-fiscal-para-o-bienio-20172019\/#authorImage","url":"https:\/\/secure.gravatar.com\/avatar\/b8d45f5c699b100dfaf0e543582f38f38bf94cb7ae3a5e9abf8d891a34773335?s=96&d=mm&r=g","width":96,"height":96,"caption":"Juliana Laviola"}},{"@type":"WebPage","@id":"https:\/\/anoticiaonline.com.br\/site\/sicoob-credisudeste-presta-contas-aos-associados-durante-assembleia-geral-e-associados-elegem-o-conselho-fiscal-para-o-bienio-20172019\/#webpage","url":"https:\/\/anoticiaonline.com.br\/site\/sicoob-credisudeste-presta-contas-aos-associados-durante-assembleia-geral-e-associados-elegem-o-conselho-fiscal-para-o-bienio-20172019\/","name":"SICOOB CREDISUDESTE presta contas aos associados durante Assembleia Geral e associados elegem o Conselho Fiscal para o bi\u00eanio 2017\/2019 - A Not\u00edcia Online","description":"A Cooperativa de Cr\u00e9dito das Matas de Minas Ltda - SICOOB CREDISUDESTE apresentou o balan\u00e7o de todas as a\u00e7\u00f5es realizadas em 2016 durante a 31\u00aa Assembleia Geral Ordin\u00e1ria e a 20\u00aa Assembleia Geral Extraordin\u00e1ria, quando foi aprovada a reforma geral do Estatuto Social e o novo Regimento Eleitoral. Nesse evento, tamb\u00e9m foi eleito o Conselho","inLanguage":"pt-BR","isPartOf":{"@id":"https:\/\/anoticiaonline.com.br\/site\/#website"},"breadcrumb":{"@id":"https:\/\/anoticiaonline.com.br\/site\/sicoob-credisudeste-presta-contas-aos-associados-durante-assembleia-geral-e-associados-elegem-o-conselho-fiscal-para-o-bienio-20172019\/#breadcrumblist"},"author":{"@id":"https:\/\/anoticiaonline.com.br\/site\/author\/juliana\/#author"},"creator":{"@id":"https:\/\/anoticiaonline.com.br\/site\/author\/juliana\/#author"},"image":{"@type":"ImageObject","url":"https:\/\/anoticiaonline.com.br\/site\/wp-content\/uploads\/2017\/05\/DSC01496.jpg","@id":"https:\/\/anoticiaonline.com.br\/site\/sicoob-credisudeste-presta-contas-aos-associados-durante-assembleia-geral-e-associados-elegem-o-conselho-fiscal-para-o-bienio-20172019\/#mainImage","width":640,"height":493},"primaryImageOfPage":{"@id":"https:\/\/anoticiaonline.com.br\/site\/sicoob-credisudeste-presta-contas-aos-associados-durante-assembleia-geral-e-associados-elegem-o-conselho-fiscal-para-o-bienio-20172019\/#mainImage"},"datePublished":"2017-05-05T11:00:42-03:00","dateModified":"2017-05-04T23:01:24-03:00"},{"@type":"WebSite","@id":"https:\/\/anoticiaonline.com.br\/site\/#website","url":"https:\/\/anoticiaonline.com.br\/site\/","name":"A Not\u00edcia Online","description":"Noticias de Muria\u00e9 e regi\u00e3o","inLanguage":"pt-BR","publisher":{"@id":"https:\/\/anoticiaonline.com.br\/site\/#organization"}}]},"og:locale":"pt_BR","og:site_name":"A Not\u00edcia Online - Noticias de Muria\u00e9 e regi\u00e3o","og:type":"article","og:title":"SICOOB CREDISUDESTE presta contas aos associados durante Assembleia Geral e associados elegem o Conselho Fiscal para o bi\u00eanio 2017\/2019 - A Not\u00edcia Online","og:description":"A Cooperativa de Cr\u00e9dito das Matas de Minas Ltda - SICOOB CREDISUDESTE apresentou o balan\u00e7o de todas as a\u00e7\u00f5es realizadas em 2016 durante a 31\u00aa Assembleia Geral Ordin\u00e1ria e a 20\u00aa Assembleia Geral Extraordin\u00e1ria, quando foi aprovada a reforma geral do Estatuto Social e o novo Regimento Eleitoral. Nesse evento, tamb\u00e9m foi eleito o Conselho","og:url":"https:\/\/anoticiaonline.com.br\/site\/sicoob-credisudeste-presta-contas-aos-associados-durante-assembleia-geral-e-associados-elegem-o-conselho-fiscal-para-o-bienio-20172019\/","og:image":"https:\/\/scontent-gig4-1.xx.fbcdn.net\/v\/t39.30808-1\/270437624_4564083193639691_6907940295614233970_n.jpg?stp=dst-jpg_s200x200_tt6&#038;_nc_cat=111&#038;ccb=1-7&#038;_nc_sid=f907e8&#038;_nc_ohc=SM1wRlP3lJwQ7kNvwEPuBYA&#038;_nc_oc=AdnqrjDN_BNjSSHWO-GbkIWH6fkGMLw4bqvL_NH6e2wMveX7G-rP2dAqsDSq1mJMOaY&#038;_nc_zt=24&#038;_nc_ht=scontent-gig4-1.xx&#038;_nc_gid=AoBFJeGrT1hVaew_6rchkQ&#038;oh=00_AfX7QmFGhQhG2jAllVgXCiM1ZrWgvtp80-Bfppyexh1QEg&#038;oe=689E923C","og:image:secure_url":"https:\/\/scontent-gig4-1.xx.fbcdn.net\/v\/t39.30808-1\/270437624_4564083193639691_6907940295614233970_n.jpg?stp=dst-jpg_s200x200_tt6&#038;_nc_cat=111&#038;ccb=1-7&#038;_nc_sid=f907e8&#038;_nc_ohc=SM1wRlP3lJwQ7kNvwEPuBYA&#038;_nc_oc=AdnqrjDN_BNjSSHWO-GbkIWH6fkGMLw4bqvL_NH6e2wMveX7G-rP2dAqsDSq1mJMOaY&#038;_nc_zt=24&#038;_nc_ht=scontent-gig4-1.xx&#038;_nc_gid=AoBFJeGrT1hVaew_6rchkQ&#038;oh=00_AfX7QmFGhQhG2jAllVgXCiM1ZrWgvtp80-Bfppyexh1QEg&#038;oe=689E923C","article:published_time":"2017-05-05T14:00:42+00:00","article:modified_time":"2017-05-05T02:01:24+00:00","twitter:card":"summary_large_image","twitter:title":"SICOOB CREDISUDESTE presta contas aos associados durante Assembleia Geral e associados elegem o Conselho Fiscal para o bi\u00eanio 2017\/2019 - A Not\u00edcia Online","twitter:description":"A Cooperativa de Cr\u00e9dito das Matas de Minas Ltda - SICOOB CREDISUDESTE apresentou o balan\u00e7o de todas as a\u00e7\u00f5es realizadas em 2016 durante a 31\u00aa Assembleia Geral Ordin\u00e1ria e a 20\u00aa Assembleia Geral Extraordin\u00e1ria, quando foi aprovada a reforma geral do Estatuto Social e o novo Regimento Eleitoral. Nesse evento, tamb\u00e9m foi eleito o Conselho","twitter:image":"https:\/\/scontent-gig4-1.xx.fbcdn.net\/v\/t39.30808-1\/270437624_4564083193639691_6907940295614233970_n.jpg?stp=dst-jpg_s200x200_tt6&_nc_cat=111&ccb=1-7&_nc_sid=f907e8&_nc_ohc=SM1wRlP3lJwQ7kNvwEPuBYA&_nc_oc=AdnqrjDN_BNjSSHWO-GbkIWH6fkGMLw4bqvL_NH6e2wMveX7G-rP2dAqsDSq1mJMOaY&_nc_zt=24&_nc_ht=scontent-gig4-1.xx&_nc_gid=AoBFJeGrT1hVaew_6rchkQ&oh=00_AfX7QmFGhQhG2jAllVgXCiM1ZrWgvtp80-Bfppyexh1QEg&oe=689E923C"},"aioseo_meta_data":{"post_id":"29110","title":null,"description":null,"keywords":null,"keyphrases":null,"primary_term":null,"canonical_url":null,"og_title":null,"og_description":null,"og_object_type":"default","og_image_type":"default","og_image_url":null,"og_image_width":null,"og_image_height":null,"og_image_custom_url":null,"og_image_custom_fields":null,"og_video":null,"og_custom_url":null,"og_article_section":null,"og_article_tags":null,"twitter_use_og":false,"twitter_card":"default","twitter_image_type":"default","twitter_image_url":null,"twitter_image_custom_url":null,"twitter_image_custom_fields":null,"twitter_title":null,"twitter_description":null,"schema":{"blockGraphs":[],"customGraphs":[],"default":{"data":{"Article":[],"Course":[],"Dataset":[],"FAQPage":[],"Movie":[],"Person":[],"Product":[],"ProductReview":[],"Car":[],"Recipe":[],"Service":[],"SoftwareApplication":[],"WebPage":[]},"graphName":"","isEnabled":true},"graphs":[]},"schema_type":"default","schema_type_options":null,"pillar_content":false,"robots_default":true,"robots_noindex":false,"robots_noarchive":false,"robots_nosnippet":false,"robots_nofollow":false,"robots_noimageindex":false,"robots_noodp":false,"robots_notranslate":false,"robots_max_snippet":null,"robots_max_videopreview":null,"robots_max_imagepreview":"large","priority":null,"frequency":null,"local_seo":null,"breadcrumb_settings":null,"limit_modified_date":false,"ai":null,"created":"2025-08-16 18:19:26","updated":"2025-08-16 18:19:26","focus_keyword":null,"additional_keywords":null,"truseo_locale":null,"seo_analyzer_scan_date":null},"aioseo_breadcrumb":"<div class=\"aioseo-breadcrumbs\"><span class=\"aioseo-breadcrumb\">\n\t\t\t<a href=\"https:\/\/anoticiaonline.com.br\/site\" title=\"Home\">Home<\/a>\n\t\t<\/span><span class=\"aioseo-breadcrumb-separator\">&raquo;<\/span><span class=\"aioseo-breadcrumb\">\n\t\t\t<a href=\"https:\/\/anoticiaonline.com.br\/site\/categoria\/eventos\/\" title=\"Eventos\">Eventos<\/a>\n\t\t<\/span><span class=\"aioseo-breadcrumb-separator\">&raquo;<\/span><span class=\"aioseo-breadcrumb\">\n\t\t\tSICOOB CREDISUDESTE presta contas aos associados durante Assembleia Geral e associados elegem o Conselho Fiscal para o bi\u00eanio 2017\/2019\n\t\t<\/span><\/div>","aioseo_breadcrumb_json":[{"label":"Home","link":"https:\/\/anoticiaonline.com.br\/site"},{"label":"Eventos","link":"https:\/\/anoticiaonline.com.br\/site\/categoria\/eventos\/"},{"label":"SICOOB CREDISUDESTE presta contas aos associados durante Assembleia Geral e associados elegem o Conselho Fiscal para o bi\u00eanio 2017\/2019","link":"https:\/\/anoticiaonline.com.br\/site\/sicoob-credisudeste-presta-contas-aos-associados-durante-assembleia-geral-e-associados-elegem-o-conselho-fiscal-para-o-bienio-20172019\/"}],"views":137,"_links":{"self":[{"href":"https:\/\/anoticiaonline.com.br\/site\/wp-json\/wp\/v2\/posts\/29110","targetHints":{"allow":["GET"]}}],"collection":[{"href":"https:\/\/anoticiaonline.com.br\/site\/wp-json\/wp\/v2\/posts"}],"about":[{"href":"https:\/\/anoticiaonline.com.br\/site\/wp-json\/wp\/v2\/types\/post"}],"author":[{"embeddable":true,"href":"https:\/\/anoticiaonline.com.br\/site\/wp-json\/wp\/v2\/users\/2"}],"replies":[{"embeddable":true,"href":"https:\/\/anoticiaonline.com.br\/site\/wp-json\/wp\/v2\/comments?post=29110"}],"version-history":[{"count":0,"href":"https:\/\/anoticiaonline.com.br\/site\/wp-json\/wp\/v2\/posts\/29110\/revisions"}],"wp:featuredmedia":[{"embeddable":true,"href":"https:\/\/anoticiaonline.com.br\/site\/wp-json\/wp\/v2\/media\/29111"}],"wp:attachment":[{"href":"https:\/\/anoticiaonline.com.br\/site\/wp-json\/wp\/v2\/media?parent=29110"}],"wp:term":[{"taxonomy":"category","embeddable":true,"href":"https:\/\/anoticiaonline.com.br\/site\/wp-json\/wp\/v2\/categories?post=29110"},{"taxonomy":"post_tag","embeddable":true,"href":"https:\/\/anoticiaonline.com.br\/site\/wp-json\/wp\/v2\/tags?post=29110"}],"curies":[{"name":"wp","href":"https:\/\/api.w.org\/{rel}","templated":true}]}}