{"id":29049,"date":"2017-05-05T09:00:43","date_gmt":"2017-05-05T12:00:43","guid":{"rendered":"http:\/\/anoticiaonline.com.br\/site\/?p=29049"},"modified":"2017-05-04T20:56:38","modified_gmt":"2017-05-04T23:56:38","slug":"momento-historico-turma-de-1969-de-sao-francisco-do-gloria-se-reencontra-apos-quase-50-anos","status":"publish","type":"post","link":"https:\/\/anoticiaonline.com.br\/site\/momento-historico-turma-de-1969-de-sao-francisco-do-gloria-se-reencontra-apos-quase-50-anos\/","title":{"rendered":"Momento hist\u00f3rico: turma de 1969 de S\u00e3o Francisco do Gl\u00f3ria se reencontra ap\u00f3s quase 50 anos"},"content":{"rendered":"<p><a href=\"https:\/\/anoticiaonline.com.br\/site\/wp-content\/uploads\/2017\/05\/IMG-20170429-WA0038.jpg\"><img fetchpriority=\"high\" decoding=\"async\" class=\" size-medium wp-image-29050 alignleft\" src=\"https:\/\/anoticiaonline.com.br\/site\/wp-content\/uploads\/2017\/05\/IMG-20170429-WA0038-300x170.jpg\" alt=\"IMG-20170429-WA0038\" width=\"300\" height=\"170\" srcset=\"https:\/\/anoticiaonline.com.br\/site\/wp-content\/uploads\/2017\/05\/IMG-20170429-WA0038-300x170.jpg 300w, https:\/\/anoticiaonline.com.br\/site\/wp-content\/uploads\/2017\/05\/IMG-20170429-WA0038.jpg 640w\" sizes=\"(max-width: 300px) 100vw, 300px\" \/><\/a>A turma de formandos da quarta s\u00e9rie ginasial de 1969, do Gin\u00e1sio Comercial S\u00e3o Francisco de Assis, de S\u00e3o Francisco do Gl\u00f3ria, resolveu reviver o passado escolar e promoveu um encontro entre os dias 29 de abril e 1\u00ba de maio, que aconteceu na cidade sede da escola e serviu, depois de 47 anos afastados uns dos outros, para se confraternizarem e reeditarem a hist\u00f3ria da turma, que foi uma das primeiras a concluir o quarto ano ginasial.<\/p>\n<p>Todos, muito comovidos, relembraram os seus passados de estudantes, numa \u00e9poca em que as dificuldades permeavam n\u00e3o s\u00f3 o ensino, mas tamb\u00e9m o acesso \u00e0 escola. Aproveitaram para, cada um, contar a sua hist\u00f3ria, bem como as suas trajet\u00f3rias de vida profissional e familiar.<\/p>\n<p>Durante a estadia na cidade, buscaram relembrar o passado visitando a igreja onde foi celebrada a missa comemorativa, sendo recebidos pelo padre Toninho, p\u00e1roco da cidade. Posteriormente, visitaram o sal\u00e3o paroquial, onde receberam os seus diplomas, e foram recebidos com carinho na Prefeitura pelo prefeito Wallace Pedrosa, que disponibilizou um \u00f4nibus para o traslado; e, completando o \u201ctour\u201d pela cidade, visitaram a escola, ocupando as carteiras da antiga sala de aula, onde cada um teve a oportunidade de fazer os seus depoimentos num reencontro inesquec\u00edvel para os participantes.<\/p>\n<p>Dos 35 ex-alunos, compareceram 18, j\u00e1 que quatro j\u00e1 s\u00e3o falecidos e outros n\u00e3o puderam estar presentes. O encontro tamb\u00e9m teve a participa\u00e7\u00e3o do ex-professor e m\u00fasico, Wagner de Paula, que durante a confraterniza\u00e7\u00e3o, chegando de surpresa, tocou em seu trompete a can\u00e7\u00e3o \u201cAmigos para sempre\u201d. N\u00e3o faltou tamb\u00e9m o tradicional churrasco e um show de violeiros.<\/p>\n<p><strong>GALERIA DE FOTOS:<\/strong><\/p>\n<p><img decoding=\"async\" class=\"ngg_displayed_gallery mceItem\" src=\"https:\/\/anoticiaonline.com.br\/site\/nextgen-attach_to_post\/preview\/id--29101\" alt=\"\" \/><\/p>\n<p>&nbsp;<\/p>\n","protected":false},"excerpt":{"rendered":"<p>A turma de formandos da quarta s\u00e9rie ginasial de 1969, do Gin\u00e1sio Comercial S\u00e3o Francisco de Assis, de S\u00e3o Francisco do Gl\u00f3ria, resolveu reviver o passado escolar e promoveu um encontro entre os dias 29 de abril e 1\u00ba de maio, que aconteceu na cidade sede da escola e serviu, depois de 47 anos afastados &#8230; <a title=\"Momento hist\u00f3rico: turma de 1969 de S\u00e3o Francisco do Gl\u00f3ria se reencontra ap\u00f3s quase 50 anos\" class=\"read-more\" href=\"https:\/\/anoticiaonline.com.br\/site\/momento-historico-turma-de-1969-de-sao-francisco-do-gloria-se-reencontra-apos-quase-50-anos\/\" aria-label=\"Read more about Momento hist\u00f3rico: turma de 1969 de S\u00e3o Francisco do Gl\u00f3ria se reencontra ap\u00f3s quase 50 anos\">Ler mais<\/a><\/p>\n","protected":false},"author":2,"featured_media":29050,"comment_status":"open","ping_status":"open","sticky":false,"template":"","format":"standard","meta":{"_acf_changed":false,"_monsterinsights_skip_tracking":false,"footnotes":""},"categories":[6],"tags":[3],"class_list":["post-29049","post","type-post","status-publish","format-standard","has-post-thumbnail","hentry","category-regiao","tag-slide"],"acf":[],"aioseo_notices":[],"aioseo_head":"\n\t\t<!-- All in One SEO 5.0.0.1 - aioseo.com -->\n\t<meta name=\"description\" content=\"A turma de formandos da quarta s\u00e9rie ginasial de 1969, do Gin\u00e1sio Comercial S\u00e3o Francisco de Assis, de S\u00e3o Francisco do Gl\u00f3ria, resolveu reviver o passado escolar e promoveu um encontro entre os dias 29 de abril e 1\u00ba de maio, que aconteceu na cidade sede da escola e serviu, depois de 47 anos afastados\" \/>\n\t<meta name=\"robots\" content=\"max-image-preview:large\" \/>\n\t<meta name=\"author\" content=\"Juliana Laviola\"\/>\n\t<link rel=\"canonical\" href=\"https:\/\/anoticiaonline.com.br\/site\/momento-historico-turma-de-1969-de-sao-francisco-do-gloria-se-reencontra-apos-quase-50-anos\/\" \/>\n\t<meta name=\"generator\" content=\"All in One SEO (AIOSEO) 5.0.0.1\" \/>\n\t\t<meta property=\"og:locale\" content=\"pt_BR\" \/>\n\t\t<meta property=\"og:site_name\" content=\"A Not\u00edcia Online - Noticias de Muria\u00e9 e regi\u00e3o\" \/>\n\t\t<meta property=\"og:type\" content=\"article\" \/>\n\t\t<meta property=\"og:title\" content=\"Momento hist\u00f3rico: turma de 1969 de S\u00e3o Francisco do Gl\u00f3ria se reencontra ap\u00f3s quase 50 anos - A Not\u00edcia Online\" \/>\n\t\t<meta property=\"og:description\" content=\"A turma de formandos da quarta s\u00e9rie ginasial de 1969, do Gin\u00e1sio Comercial S\u00e3o Francisco de Assis, de S\u00e3o Francisco do Gl\u00f3ria, resolveu reviver o passado escolar e promoveu um encontro entre os dias 29 de abril e 1\u00ba de maio, que aconteceu na cidade sede da escola e serviu, depois de 47 anos afastados\" \/>\n\t\t<meta property=\"og:url\" content=\"https:\/\/anoticiaonline.com.br\/site\/momento-historico-turma-de-1969-de-sao-francisco-do-gloria-se-reencontra-apos-quase-50-anos\/\" \/>\n\t\t<meta property=\"og:image\" content=\"https:\/\/scontent-gig4-1.xx.fbcdn.net\/v\/t39.30808-1\/270437624_4564083193639691_6907940295614233970_n.jpg?stp=dst-jpg_s200x200_tt6&#038;_nc_cat=111&#038;ccb=1-7&#038;_nc_sid=f907e8&#038;_nc_ohc=SM1wRlP3lJwQ7kNvwEPuBYA&#038;_nc_oc=AdnqrjDN_BNjSSHWO-GbkIWH6fkGMLw4bqvL_NH6e2wMveX7G-rP2dAqsDSq1mJMOaY&#038;_nc_zt=24&#038;_nc_ht=scontent-gig4-1.xx&#038;_nc_gid=AoBFJeGrT1hVaew_6rchkQ&#038;oh=00_AfX7QmFGhQhG2jAllVgXCiM1ZrWgvtp80-Bfppyexh1QEg&#038;oe=689E923C\" \/>\n\t\t<meta property=\"og:image:secure_url\" content=\"https:\/\/scontent-gig4-1.xx.fbcdn.net\/v\/t39.30808-1\/270437624_4564083193639691_6907940295614233970_n.jpg?stp=dst-jpg_s200x200_tt6&#038;_nc_cat=111&#038;ccb=1-7&#038;_nc_sid=f907e8&#038;_nc_ohc=SM1wRlP3lJwQ7kNvwEPuBYA&#038;_nc_oc=AdnqrjDN_BNjSSHWO-GbkIWH6fkGMLw4bqvL_NH6e2wMveX7G-rP2dAqsDSq1mJMOaY&#038;_nc_zt=24&#038;_nc_ht=scontent-gig4-1.xx&#038;_nc_gid=AoBFJeGrT1hVaew_6rchkQ&#038;oh=00_AfX7QmFGhQhG2jAllVgXCiM1ZrWgvtp80-Bfppyexh1QEg&#038;oe=689E923C\" \/>\n\t\t<meta property=\"article:published_time\" content=\"2017-05-05T12:00:43+00:00\" \/>\n\t\t<meta property=\"article:modified_time\" content=\"2017-05-04T23:56:38+00:00\" \/>\n\t\t<meta name=\"twitter:card\" content=\"summary_large_image\" \/>\n\t\t<meta name=\"twitter:title\" content=\"Momento hist\u00f3rico: turma de 1969 de S\u00e3o Francisco do Gl\u00f3ria se reencontra ap\u00f3s quase 50 anos - A Not\u00edcia Online\" \/>\n\t\t<meta name=\"twitter:description\" content=\"A turma de formandos da quarta s\u00e9rie ginasial de 1969, do Gin\u00e1sio Comercial S\u00e3o Francisco de Assis, de S\u00e3o Francisco do Gl\u00f3ria, resolveu reviver o passado escolar e promoveu um encontro entre os dias 29 de abril e 1\u00ba de maio, que aconteceu na cidade sede da escola e serviu, depois de 47 anos afastados\" \/>\n\t\t<meta name=\"twitter:image\" content=\"https:\/\/scontent-gig4-1.xx.fbcdn.net\/v\/t39.30808-1\/270437624_4564083193639691_6907940295614233970_n.jpg?stp=dst-jpg_s200x200_tt6&amp;_nc_cat=111&amp;ccb=1-7&amp;_nc_sid=f907e8&amp;_nc_ohc=SM1wRlP3lJwQ7kNvwEPuBYA&amp;_nc_oc=AdnqrjDN_BNjSSHWO-GbkIWH6fkGMLw4bqvL_NH6e2wMveX7G-rP2dAqsDSq1mJMOaY&amp;_nc_zt=24&amp;_nc_ht=scontent-gig4-1.xx&amp;_nc_gid=AoBFJeGrT1hVaew_6rchkQ&amp;oh=00_AfX7QmFGhQhG2jAllVgXCiM1ZrWgvtp80-Bfppyexh1QEg&amp;oe=689E923C\" \/>\n\t\t<script type=\"application\/ld+json\" class=\"aioseo-schema\">\n\t\t\t{\"@context\":\"https:\\\/\\\/schema.org\",\"@graph\":[{\"@type\":\"BlogPosting\",\"@id\":\"https:\\\/\\\/anoticiaonline.com.br\\\/site\\\/momento-historico-turma-de-1969-de-sao-francisco-do-gloria-se-reencontra-apos-quase-50-anos\\\/#blogposting\",\"name\":\"Momento hist\\u00f3rico: turma de 1969 de S\\u00e3o Francisco do Gl\\u00f3ria se reencontra ap\\u00f3s quase 50 anos - A Not\\u00edcia Online\",\"headline\":\"Momento hist\\u00f3rico: turma de 1969 de S\\u00e3o Francisco do Gl\\u00f3ria se reencontra ap\\u00f3s quase 50 anos\",\"author\":{\"@id\":\"https:\\\/\\\/anoticiaonline.com.br\\\/site\\\/author\\\/juliana\\\/#author\"},\"publisher\":{\"@id\":\"https:\\\/\\\/anoticiaonline.com.br\\\/site\\\/#organization\"},\"image\":{\"@type\":\"ImageObject\",\"url\":\"https:\\\/\\\/anoticiaonline.com.br\\\/site\\\/wp-content\\\/uploads\\\/2017\\\/05\\\/IMG-20170429-WA0038.jpg\",\"width\":640,\"height\":363},\"datePublished\":\"2017-05-05T09:00:43-03:00\",\"dateModified\":\"2017-05-04T20:56:38-03:00\",\"inLanguage\":\"pt-BR\",\"mainEntityOfPage\":{\"@id\":\"https:\\\/\\\/anoticiaonline.com.br\\\/site\\\/momento-historico-turma-de-1969-de-sao-francisco-do-gloria-se-reencontra-apos-quase-50-anos\\\/#webpage\"},\"isPartOf\":{\"@id\":\"https:\\\/\\\/anoticiaonline.com.br\\\/site\\\/momento-historico-turma-de-1969-de-sao-francisco-do-gloria-se-reencontra-apos-quase-50-anos\\\/#webpage\"},\"articleSection\":\"Regi\\u00e3o, slide\"},{\"@type\":\"BreadcrumbList\",\"@id\":\"https:\\\/\\\/anoticiaonline.com.br\\\/site\\\/momento-historico-turma-de-1969-de-sao-francisco-do-gloria-se-reencontra-apos-quase-50-anos\\\/#breadcrumblist\",\"itemListElement\":[{\"@type\":\"ListItem\",\"@id\":\"https:\\\/\\\/anoticiaonline.com.br\\\/site#listItem\",\"position\":1,\"name\":\"Home\",\"item\":\"https:\\\/\\\/anoticiaonline.com.br\\\/site\",\"nextItem\":{\"@type\":\"ListItem\",\"@id\":\"https:\\\/\\\/anoticiaonline.com.br\\\/site\\\/categoria\\\/regiao\\\/#listItem\",\"name\":\"Regi\\u00e3o\"}},{\"@type\":\"ListItem\",\"@id\":\"https:\\\/\\\/anoticiaonline.com.br\\\/site\\\/categoria\\\/regiao\\\/#listItem\",\"position\":2,\"name\":\"Regi\\u00e3o\",\"item\":\"https:\\\/\\\/anoticiaonline.com.br\\\/site\\\/categoria\\\/regiao\\\/\",\"nextItem\":{\"@type\":\"ListItem\",\"@id\":\"https:\\\/\\\/anoticiaonline.com.br\\\/site\\\/momento-historico-turma-de-1969-de-sao-francisco-do-gloria-se-reencontra-apos-quase-50-anos\\\/#listItem\",\"name\":\"Momento hist\\u00f3rico: turma de 1969 de S\\u00e3o Francisco do Gl\\u00f3ria se reencontra ap\\u00f3s quase 50 anos\"},\"previousItem\":{\"@type\":\"ListItem\",\"@id\":\"https:\\\/\\\/anoticiaonline.com.br\\\/site#listItem\",\"name\":\"Home\"}},{\"@type\":\"ListItem\",\"@id\":\"https:\\\/\\\/anoticiaonline.com.br\\\/site\\\/momento-historico-turma-de-1969-de-sao-francisco-do-gloria-se-reencontra-apos-quase-50-anos\\\/#listItem\",\"position\":3,\"name\":\"Momento hist\\u00f3rico: turma de 1969 de S\\u00e3o Francisco do Gl\\u00f3ria se reencontra ap\\u00f3s quase 50 anos\",\"previousItem\":{\"@type\":\"ListItem\",\"@id\":\"https:\\\/\\\/anoticiaonline.com.br\\\/site\\\/categoria\\\/regiao\\\/#listItem\",\"name\":\"Regi\\u00e3o\"}}]},{\"@type\":\"Organization\",\"@id\":\"https:\\\/\\\/anoticiaonline.com.br\\\/site\\\/#organization\",\"name\":\"A Not\\u00edcia Online\",\"description\":\"Noticias de Muria\\u00e9 e regi\\u00e3o\",\"url\":\"https:\\\/\\\/anoticiaonline.com.br\\\/site\\\/\",\"logo\":{\"@type\":\"ImageObject\",\"url\":\"https:\\\/\\\/scontent-gig4-1.xx.fbcdn.net\\\/v\\\/t39.30808-1\\\/270437624_4564083193639691_6907940295614233970_n.jpg?stp=dst-jpg_s200x200_tt6&_nc_cat=111&ccb=1-7&_nc_sid=f907e8&_nc_ohc=SM1wRlP3lJwQ7kNvwEPuBYA&_nc_oc=AdnqrjDN_BNjSSHWO-GbkIWH6fkGMLw4bqvL_NH6e2wMveX7G-rP2dAqsDSq1mJMOaY&_nc_zt=24&_nc_ht=scontent-gig4-1.xx&_nc_gid=AoBFJeGrT1hVaew_6rchkQ&oh=00_AfX7QmFGhQhG2jAllVgXCiM1ZrWgvtp80-Bfppyexh1QEg&oe=689E923C\",\"@id\":\"https:\\\/\\\/anoticiaonline.com.br\\\/site\\\/momento-historico-turma-de-1969-de-sao-francisco-do-gloria-se-reencontra-apos-quase-50-anos\\\/#organizationLogo\"},\"image\":{\"@id\":\"https:\\\/\\\/anoticiaonline.com.br\\\/site\\\/momento-historico-turma-de-1969-de-sao-francisco-do-gloria-se-reencontra-apos-quase-50-anos\\\/#organizationLogo\"}},{\"@type\":\"Person\",\"@id\":\"https:\\\/\\\/anoticiaonline.com.br\\\/site\\\/author\\\/juliana\\\/#author\",\"url\":\"https:\\\/\\\/anoticiaonline.com.br\\\/site\\\/author\\\/juliana\\\/\",\"name\":\"Juliana Laviola\",\"image\":{\"@type\":\"ImageObject\",\"@id\":\"https:\\\/\\\/anoticiaonline.com.br\\\/site\\\/momento-historico-turma-de-1969-de-sao-francisco-do-gloria-se-reencontra-apos-quase-50-anos\\\/#authorImage\",\"url\":\"https:\\\/\\\/secure.gravatar.com\\\/avatar\\\/b8d45f5c699b100dfaf0e543582f38f38bf94cb7ae3a5e9abf8d891a34773335?s=96&d=mm&r=g\",\"width\":96,\"height\":96,\"caption\":\"Juliana Laviola\"}},{\"@type\":\"WebPage\",\"@id\":\"https:\\\/\\\/anoticiaonline.com.br\\\/site\\\/momento-historico-turma-de-1969-de-sao-francisco-do-gloria-se-reencontra-apos-quase-50-anos\\\/#webpage\",\"url\":\"https:\\\/\\\/anoticiaonline.com.br\\\/site\\\/momento-historico-turma-de-1969-de-sao-francisco-do-gloria-se-reencontra-apos-quase-50-anos\\\/\",\"name\":\"Momento hist\\u00f3rico: turma de 1969 de S\\u00e3o Francisco do Gl\\u00f3ria se reencontra ap\\u00f3s quase 50 anos - A Not\\u00edcia Online\",\"description\":\"A turma de formandos da quarta s\\u00e9rie ginasial de 1969, do Gin\\u00e1sio Comercial S\\u00e3o Francisco de Assis, de S\\u00e3o Francisco do Gl\\u00f3ria, resolveu reviver o passado escolar e promoveu um encontro entre os dias 29 de abril e 1\\u00ba de maio, que aconteceu na cidade sede da escola e serviu, depois de 47 anos afastados\",\"inLanguage\":\"pt-BR\",\"isPartOf\":{\"@id\":\"https:\\\/\\\/anoticiaonline.com.br\\\/site\\\/#website\"},\"breadcrumb\":{\"@id\":\"https:\\\/\\\/anoticiaonline.com.br\\\/site\\\/momento-historico-turma-de-1969-de-sao-francisco-do-gloria-se-reencontra-apos-quase-50-anos\\\/#breadcrumblist\"},\"author\":{\"@id\":\"https:\\\/\\\/anoticiaonline.com.br\\\/site\\\/author\\\/juliana\\\/#author\"},\"creator\":{\"@id\":\"https:\\\/\\\/anoticiaonline.com.br\\\/site\\\/author\\\/juliana\\\/#author\"},\"image\":{\"@type\":\"ImageObject\",\"url\":\"https:\\\/\\\/anoticiaonline.com.br\\\/site\\\/wp-content\\\/uploads\\\/2017\\\/05\\\/IMG-20170429-WA0038.jpg\",\"@id\":\"https:\\\/\\\/anoticiaonline.com.br\\\/site\\\/momento-historico-turma-de-1969-de-sao-francisco-do-gloria-se-reencontra-apos-quase-50-anos\\\/#mainImage\",\"width\":640,\"height\":363},\"primaryImageOfPage\":{\"@id\":\"https:\\\/\\\/anoticiaonline.com.br\\\/site\\\/momento-historico-turma-de-1969-de-sao-francisco-do-gloria-se-reencontra-apos-quase-50-anos\\\/#mainImage\"},\"datePublished\":\"2017-05-05T09:00:43-03:00\",\"dateModified\":\"2017-05-04T20:56:38-03:00\"},{\"@type\":\"WebSite\",\"@id\":\"https:\\\/\\\/anoticiaonline.com.br\\\/site\\\/#website\",\"url\":\"https:\\\/\\\/anoticiaonline.com.br\\\/site\\\/\",\"name\":\"A Not\\u00edcia Online\",\"description\":\"Noticias de Muria\\u00e9 e regi\\u00e3o\",\"inLanguage\":\"pt-BR\",\"publisher\":{\"@id\":\"https:\\\/\\\/anoticiaonline.com.br\\\/site\\\/#organization\"}}]}\n\t\t<\/script>\n\t\t<!-- All in One SEO -->\n\n","aioseo_head_json":{"title":"Momento hist\u00f3rico: turma de 1969 de S\u00e3o Francisco do Gl\u00f3ria se reencontra ap\u00f3s quase 50 anos - A Not\u00edcia Online","description":"A turma de formandos da quarta s\u00e9rie ginasial de 1969, do Gin\u00e1sio Comercial S\u00e3o Francisco de Assis, de S\u00e3o Francisco do Gl\u00f3ria, resolveu reviver o passado escolar e promoveu um encontro entre os dias 29 de abril e 1\u00ba de maio, que aconteceu na cidade sede da escola e serviu, depois de 47 anos afastados","canonical_url":"https:\/\/anoticiaonline.com.br\/site\/momento-historico-turma-de-1969-de-sao-francisco-do-gloria-se-reencontra-apos-quase-50-anos\/","robots":"max-image-preview:large","keywords":"","webmasterTools":{"miscellaneous":""},"schema":{"@context":"https:\/\/schema.org","@graph":[{"@type":"BlogPosting","@id":"https:\/\/anoticiaonline.com.br\/site\/momento-historico-turma-de-1969-de-sao-francisco-do-gloria-se-reencontra-apos-quase-50-anos\/#blogposting","name":"Momento hist\u00f3rico: turma de 1969 de S\u00e3o Francisco do Gl\u00f3ria se reencontra ap\u00f3s quase 50 anos - A Not\u00edcia Online","headline":"Momento hist\u00f3rico: turma de 1969 de S\u00e3o Francisco do Gl\u00f3ria se reencontra ap\u00f3s quase 50 anos","author":{"@id":"https:\/\/anoticiaonline.com.br\/site\/author\/juliana\/#author"},"publisher":{"@id":"https:\/\/anoticiaonline.com.br\/site\/#organization"},"image":{"@type":"ImageObject","url":"https:\/\/anoticiaonline.com.br\/site\/wp-content\/uploads\/2017\/05\/IMG-20170429-WA0038.jpg","width":640,"height":363},"datePublished":"2017-05-05T09:00:43-03:00","dateModified":"2017-05-04T20:56:38-03:00","inLanguage":"pt-BR","mainEntityOfPage":{"@id":"https:\/\/anoticiaonline.com.br\/site\/momento-historico-turma-de-1969-de-sao-francisco-do-gloria-se-reencontra-apos-quase-50-anos\/#webpage"},"isPartOf":{"@id":"https:\/\/anoticiaonline.com.br\/site\/momento-historico-turma-de-1969-de-sao-francisco-do-gloria-se-reencontra-apos-quase-50-anos\/#webpage"},"articleSection":"Regi\u00e3o, slide"},{"@type":"BreadcrumbList","@id":"https:\/\/anoticiaonline.com.br\/site\/momento-historico-turma-de-1969-de-sao-francisco-do-gloria-se-reencontra-apos-quase-50-anos\/#breadcrumblist","itemListElement":[{"@type":"ListItem","@id":"https:\/\/anoticiaonline.com.br\/site#listItem","position":1,"name":"Home","item":"https:\/\/anoticiaonline.com.br\/site","nextItem":{"@type":"ListItem","@id":"https:\/\/anoticiaonline.com.br\/site\/categoria\/regiao\/#listItem","name":"Regi\u00e3o"}},{"@type":"ListItem","@id":"https:\/\/anoticiaonline.com.br\/site\/categoria\/regiao\/#listItem","position":2,"name":"Regi\u00e3o","item":"https:\/\/anoticiaonline.com.br\/site\/categoria\/regiao\/","nextItem":{"@type":"ListItem","@id":"https:\/\/anoticiaonline.com.br\/site\/momento-historico-turma-de-1969-de-sao-francisco-do-gloria-se-reencontra-apos-quase-50-anos\/#listItem","name":"Momento hist\u00f3rico: turma de 1969 de S\u00e3o Francisco do Gl\u00f3ria se reencontra ap\u00f3s quase 50 anos"},"previousItem":{"@type":"ListItem","@id":"https:\/\/anoticiaonline.com.br\/site#listItem","name":"Home"}},{"@type":"ListItem","@id":"https:\/\/anoticiaonline.com.br\/site\/momento-historico-turma-de-1969-de-sao-francisco-do-gloria-se-reencontra-apos-quase-50-anos\/#listItem","position":3,"name":"Momento hist\u00f3rico: turma de 1969 de S\u00e3o Francisco do Gl\u00f3ria se reencontra ap\u00f3s quase 50 anos","previousItem":{"@type":"ListItem","@id":"https:\/\/anoticiaonline.com.br\/site\/categoria\/regiao\/#listItem","name":"Regi\u00e3o"}}]},{"@type":"Organization","@id":"https:\/\/anoticiaonline.com.br\/site\/#organization","name":"A Not\u00edcia Online","description":"Noticias de Muria\u00e9 e regi\u00e3o","url":"https:\/\/anoticiaonline.com.br\/site\/","logo":{"@type":"ImageObject","url":"https:\/\/scontent-gig4-1.xx.fbcdn.net\/v\/t39.30808-1\/270437624_4564083193639691_6907940295614233970_n.jpg?stp=dst-jpg_s200x200_tt6&_nc_cat=111&ccb=1-7&_nc_sid=f907e8&_nc_ohc=SM1wRlP3lJwQ7kNvwEPuBYA&_nc_oc=AdnqrjDN_BNjSSHWO-GbkIWH6fkGMLw4bqvL_NH6e2wMveX7G-rP2dAqsDSq1mJMOaY&_nc_zt=24&_nc_ht=scontent-gig4-1.xx&_nc_gid=AoBFJeGrT1hVaew_6rchkQ&oh=00_AfX7QmFGhQhG2jAllVgXCiM1ZrWgvtp80-Bfppyexh1QEg&oe=689E923C","@id":"https:\/\/anoticiaonline.com.br\/site\/momento-historico-turma-de-1969-de-sao-francisco-do-gloria-se-reencontra-apos-quase-50-anos\/#organizationLogo"},"image":{"@id":"https:\/\/anoticiaonline.com.br\/site\/momento-historico-turma-de-1969-de-sao-francisco-do-gloria-se-reencontra-apos-quase-50-anos\/#organizationLogo"}},{"@type":"Person","@id":"https:\/\/anoticiaonline.com.br\/site\/author\/juliana\/#author","url":"https:\/\/anoticiaonline.com.br\/site\/author\/juliana\/","name":"Juliana Laviola","image":{"@type":"ImageObject","@id":"https:\/\/anoticiaonline.com.br\/site\/momento-historico-turma-de-1969-de-sao-francisco-do-gloria-se-reencontra-apos-quase-50-anos\/#authorImage","url":"https:\/\/secure.gravatar.com\/avatar\/b8d45f5c699b100dfaf0e543582f38f38bf94cb7ae3a5e9abf8d891a34773335?s=96&d=mm&r=g","width":96,"height":96,"caption":"Juliana Laviola"}},{"@type":"WebPage","@id":"https:\/\/anoticiaonline.com.br\/site\/momento-historico-turma-de-1969-de-sao-francisco-do-gloria-se-reencontra-apos-quase-50-anos\/#webpage","url":"https:\/\/anoticiaonline.com.br\/site\/momento-historico-turma-de-1969-de-sao-francisco-do-gloria-se-reencontra-apos-quase-50-anos\/","name":"Momento hist\u00f3rico: turma de 1969 de S\u00e3o Francisco do Gl\u00f3ria se reencontra ap\u00f3s quase 50 anos - A Not\u00edcia Online","description":"A turma de formandos da quarta s\u00e9rie ginasial de 1969, do Gin\u00e1sio Comercial S\u00e3o Francisco de Assis, de S\u00e3o Francisco do Gl\u00f3ria, resolveu reviver o passado escolar e promoveu um encontro entre os dias 29 de abril e 1\u00ba de maio, que aconteceu na cidade sede da escola e serviu, depois de 47 anos afastados","inLanguage":"pt-BR","isPartOf":{"@id":"https:\/\/anoticiaonline.com.br\/site\/#website"},"breadcrumb":{"@id":"https:\/\/anoticiaonline.com.br\/site\/momento-historico-turma-de-1969-de-sao-francisco-do-gloria-se-reencontra-apos-quase-50-anos\/#breadcrumblist"},"author":{"@id":"https:\/\/anoticiaonline.com.br\/site\/author\/juliana\/#author"},"creator":{"@id":"https:\/\/anoticiaonline.com.br\/site\/author\/juliana\/#author"},"image":{"@type":"ImageObject","url":"https:\/\/anoticiaonline.com.br\/site\/wp-content\/uploads\/2017\/05\/IMG-20170429-WA0038.jpg","@id":"https:\/\/anoticiaonline.com.br\/site\/momento-historico-turma-de-1969-de-sao-francisco-do-gloria-se-reencontra-apos-quase-50-anos\/#mainImage","width":640,"height":363},"primaryImageOfPage":{"@id":"https:\/\/anoticiaonline.com.br\/site\/momento-historico-turma-de-1969-de-sao-francisco-do-gloria-se-reencontra-apos-quase-50-anos\/#mainImage"},"datePublished":"2017-05-05T09:00:43-03:00","dateModified":"2017-05-04T20:56:38-03:00"},{"@type":"WebSite","@id":"https:\/\/anoticiaonline.com.br\/site\/#website","url":"https:\/\/anoticiaonline.com.br\/site\/","name":"A Not\u00edcia Online","description":"Noticias de Muria\u00e9 e regi\u00e3o","inLanguage":"pt-BR","publisher":{"@id":"https:\/\/anoticiaonline.com.br\/site\/#organization"}}]},"og:locale":"pt_BR","og:site_name":"A Not\u00edcia Online - Noticias de Muria\u00e9 e regi\u00e3o","og:type":"article","og:title":"Momento hist\u00f3rico: turma de 1969 de S\u00e3o Francisco do Gl\u00f3ria se reencontra ap\u00f3s quase 50 anos - A Not\u00edcia Online","og:description":"A turma de formandos da quarta s\u00e9rie ginasial de 1969, do Gin\u00e1sio Comercial S\u00e3o Francisco de Assis, de S\u00e3o Francisco do Gl\u00f3ria, resolveu reviver o passado escolar e promoveu um encontro entre os dias 29 de abril e 1\u00ba de maio, que aconteceu na cidade sede da escola e serviu, depois de 47 anos afastados","og:url":"https:\/\/anoticiaonline.com.br\/site\/momento-historico-turma-de-1969-de-sao-francisco-do-gloria-se-reencontra-apos-quase-50-anos\/","og:image":"https:\/\/scontent-gig4-1.xx.fbcdn.net\/v\/t39.30808-1\/270437624_4564083193639691_6907940295614233970_n.jpg?stp=dst-jpg_s200x200_tt6&#038;_nc_cat=111&#038;ccb=1-7&#038;_nc_sid=f907e8&#038;_nc_ohc=SM1wRlP3lJwQ7kNvwEPuBYA&#038;_nc_oc=AdnqrjDN_BNjSSHWO-GbkIWH6fkGMLw4bqvL_NH6e2wMveX7G-rP2dAqsDSq1mJMOaY&#038;_nc_zt=24&#038;_nc_ht=scontent-gig4-1.xx&#038;_nc_gid=AoBFJeGrT1hVaew_6rchkQ&#038;oh=00_AfX7QmFGhQhG2jAllVgXCiM1ZrWgvtp80-Bfppyexh1QEg&#038;oe=689E923C","og:image:secure_url":"https:\/\/scontent-gig4-1.xx.fbcdn.net\/v\/t39.30808-1\/270437624_4564083193639691_6907940295614233970_n.jpg?stp=dst-jpg_s200x200_tt6&#038;_nc_cat=111&#038;ccb=1-7&#038;_nc_sid=f907e8&#038;_nc_ohc=SM1wRlP3lJwQ7kNvwEPuBYA&#038;_nc_oc=AdnqrjDN_BNjSSHWO-GbkIWH6fkGMLw4bqvL_NH6e2wMveX7G-rP2dAqsDSq1mJMOaY&#038;_nc_zt=24&#038;_nc_ht=scontent-gig4-1.xx&#038;_nc_gid=AoBFJeGrT1hVaew_6rchkQ&#038;oh=00_AfX7QmFGhQhG2jAllVgXCiM1ZrWgvtp80-Bfppyexh1QEg&#038;oe=689E923C","article:published_time":"2017-05-05T12:00:43+00:00","article:modified_time":"2017-05-04T23:56:38+00:00","twitter:card":"summary_large_image","twitter:title":"Momento hist\u00f3rico: turma de 1969 de S\u00e3o Francisco do Gl\u00f3ria se reencontra ap\u00f3s quase 50 anos - A Not\u00edcia Online","twitter:description":"A turma de formandos da quarta s\u00e9rie ginasial de 1969, do Gin\u00e1sio Comercial S\u00e3o Francisco de Assis, de S\u00e3o Francisco do Gl\u00f3ria, resolveu reviver o passado escolar e promoveu um encontro entre os dias 29 de abril e 1\u00ba de maio, que aconteceu na cidade sede da escola e serviu, depois de 47 anos afastados","twitter:image":"https:\/\/scontent-gig4-1.xx.fbcdn.net\/v\/t39.30808-1\/270437624_4564083193639691_6907940295614233970_n.jpg?stp=dst-jpg_s200x200_tt6&_nc_cat=111&ccb=1-7&_nc_sid=f907e8&_nc_ohc=SM1wRlP3lJwQ7kNvwEPuBYA&_nc_oc=AdnqrjDN_BNjSSHWO-GbkIWH6fkGMLw4bqvL_NH6e2wMveX7G-rP2dAqsDSq1mJMOaY&_nc_zt=24&_nc_ht=scontent-gig4-1.xx&_nc_gid=AoBFJeGrT1hVaew_6rchkQ&oh=00_AfX7QmFGhQhG2jAllVgXCiM1ZrWgvtp80-Bfppyexh1QEg&oe=689E923C"},"aioseo_meta_data":{"post_id":"29049","title":null,"description":null,"keywords":null,"keyphrases":null,"primary_term":null,"canonical_url":null,"og_title":null,"og_description":null,"og_object_type":"default","og_image_type":"default","og_image_url":null,"og_image_width":null,"og_image_height":null,"og_image_custom_url":null,"og_image_custom_fields":null,"og_video":null,"og_custom_url":null,"og_article_section":null,"og_article_tags":null,"twitter_use_og":false,"twitter_card":"default","twitter_image_type":"default","twitter_image_url":null,"twitter_image_custom_url":null,"twitter_image_custom_fields":null,"twitter_title":null,"twitter_description":null,"schema":{"blockGraphs":[],"customGraphs":[],"default":{"data":{"Article":[],"Course":[],"Dataset":[],"FAQPage":[],"Movie":[],"Person":[],"Product":[],"ProductReview":[],"Car":[],"Recipe":[],"Service":[],"SoftwareApplication":[],"WebPage":[]},"graphName":"","isEnabled":true},"graphs":[]},"schema_type":"default","schema_type_options":null,"pillar_content":false,"robots_default":true,"robots_noindex":false,"robots_noarchive":false,"robots_nosnippet":false,"robots_nofollow":false,"robots_noimageindex":false,"robots_noodp":false,"robots_notranslate":false,"robots_max_snippet":null,"robots_max_videopreview":null,"robots_max_imagepreview":"large","priority":null,"frequency":null,"local_seo":null,"breadcrumb_settings":null,"limit_modified_date":false,"ai":null,"created":"2025-08-16 18:18:21","updated":"2025-08-16 18:18:21","focus_keyword":null,"additional_keywords":null,"truseo_locale":null,"seo_analyzer_scan_date":null},"aioseo_breadcrumb":"<div class=\"aioseo-breadcrumbs\"><span class=\"aioseo-breadcrumb\">\n\t\t\t<a href=\"https:\/\/anoticiaonline.com.br\/site\" title=\"Home\">Home<\/a>\n\t\t<\/span><span class=\"aioseo-breadcrumb-separator\">&raquo;<\/span><span class=\"aioseo-breadcrumb\">\n\t\t\t<a href=\"https:\/\/anoticiaonline.com.br\/site\/categoria\/regiao\/\" title=\"Regi\u00e3o\">Regi\u00e3o<\/a>\n\t\t<\/span><span class=\"aioseo-breadcrumb-separator\">&raquo;<\/span><span class=\"aioseo-breadcrumb\">\n\t\t\tMomento hist\u00f3rico: turma de 1969 de S\u00e3o Francisco do Gl\u00f3ria se reencontra ap\u00f3s quase 50 anos\n\t\t<\/span><\/div>","aioseo_breadcrumb_json":[{"label":"Home","link":"https:\/\/anoticiaonline.com.br\/site"},{"label":"Regi\u00e3o","link":"https:\/\/anoticiaonline.com.br\/site\/categoria\/regiao\/"},{"label":"Momento hist\u00f3rico: turma de 1969 de S\u00e3o Francisco do Gl\u00f3ria se reencontra ap\u00f3s quase 50 anos","link":"https:\/\/anoticiaonline.com.br\/site\/momento-historico-turma-de-1969-de-sao-francisco-do-gloria-se-reencontra-apos-quase-50-anos\/"}],"views":151,"_links":{"self":[{"href":"https:\/\/anoticiaonline.com.br\/site\/wp-json\/wp\/v2\/posts\/29049","targetHints":{"allow":["GET"]}}],"collection":[{"href":"https:\/\/anoticiaonline.com.br\/site\/wp-json\/wp\/v2\/posts"}],"about":[{"href":"https:\/\/anoticiaonline.com.br\/site\/wp-json\/wp\/v2\/types\/post"}],"author":[{"embeddable":true,"href":"https:\/\/anoticiaonline.com.br\/site\/wp-json\/wp\/v2\/users\/2"}],"replies":[{"embeddable":true,"href":"https:\/\/anoticiaonline.com.br\/site\/wp-json\/wp\/v2\/comments?post=29049"}],"version-history":[{"count":0,"href":"https:\/\/anoticiaonline.com.br\/site\/wp-json\/wp\/v2\/posts\/29049\/revisions"}],"wp:featuredmedia":[{"embeddable":true,"href":"https:\/\/anoticiaonline.com.br\/site\/wp-json\/wp\/v2\/media\/29050"}],"wp:attachment":[{"href":"https:\/\/anoticiaonline.com.br\/site\/wp-json\/wp\/v2\/media?parent=29049"}],"wp:term":[{"taxonomy":"category","embeddable":true,"href":"https:\/\/anoticiaonline.com.br\/site\/wp-json\/wp\/v2\/categories?post=29049"},{"taxonomy":"post_tag","embeddable":true,"href":"https:\/\/anoticiaonline.com.br\/site\/wp-json\/wp\/v2\/tags?post=29049"}],"curies":[{"name":"wp","href":"https:\/\/api.w.org\/{rel}","templated":true}]}}