{"id":28840,"date":"2017-05-04T19:05:05","date_gmt":"2017-05-04T22:05:05","guid":{"rendered":"http:\/\/anoticiaonline.com.br\/site\/?p=28840"},"modified":"2017-05-05T00:27:05","modified_gmt":"2017-05-05T03:27:05","slug":"espaco-suze-e-equipe-e-inaugurado-na-avenida-eudoxia-canedo","status":"publish","type":"post","link":"https:\/\/anoticiaonline.com.br\/site\/espaco-suze-e-equipe-e-inaugurado-na-avenida-eudoxia-canedo\/","title":{"rendered":"Espa\u00e7o Suze e Equipe \u00e9 inaugurado na Avenida Eud\u00f3xia Can\u00eado"},"content":{"rendered":"<p><a href=\"https:\/\/anoticiaonline.com.br\/site\/wp-content\/uploads\/2017\/05\/foto-capa-suze.jpg\"><img fetchpriority=\"high\" decoding=\"async\" class=\" size-medium wp-image-29039 alignleft\" src=\"https:\/\/anoticiaonline.com.br\/site\/wp-content\/uploads\/2017\/05\/foto-capa-suze-300x237.jpg\" alt=\"foto capa suze\" width=\"300\" height=\"237\" srcset=\"https:\/\/anoticiaonline.com.br\/site\/wp-content\/uploads\/2017\/05\/foto-capa-suze-300x237.jpg 300w, https:\/\/anoticiaonline.com.br\/site\/wp-content\/uploads\/2017\/05\/foto-capa-suze.jpg 640w\" sizes=\"(max-width: 300px) 100vw, 300px\" \/><\/a>O Espa\u00e7o Suze e Equipe foi inaugurado e est\u00e1 funcionando na Avenida Eud\u00f3xia Can\u00eado, 24, Centro, em um ambiente charmoso, amplo e moderno. O espa\u00e7o oferece servi\u00e7os completos para cabelos, depila\u00e7\u00e3o, manicure, pedicure, micropigmenta\u00e7\u00e3o e design de sobrancelha. Na parte de est\u00e9tica facial e corporal, a profissional Leone trabalha com est\u00e9tica avan\u00e7ada, como radiofrequ\u00eancia, manthus, endermo, criolip\u00f3lise, limpeza de pele e peeling.<\/p>\n<p>As noivas tamb\u00e9m ganharam um espa\u00e7o maior e mais confort\u00e1vel com a inaugura\u00e7\u00e3o no novo endere\u00e7o. O Espa\u00e7o Suze e Equipe oferece ainda um atendimento especializado para as madrinhas.<\/p>\n<p>A inaugura\u00e7\u00e3o aconteceu na noite de quarta-feira (3), quando a empres\u00e1ria e esteticista Suzelane Peres ofereceu um coquetel \u00e0s clientes. Houve ainda show com a Banda Prime Music. \u201cAgrade\u00e7o a Deus por essa conquista, \u00e0 minha fam\u00edlia pelo apoio incondicional e \u00e0 minha equipe\u201d, diz ela, que atua no segmento h\u00e1 19 anos.<\/p>\n<p>As clientes aprovaram o novo espa\u00e7o e parabenizaram a equipe pelo trabalho. Karol Ferro diz que o atendimento \u00e9 excelente. \u201cSou muito bem tratada aqui. \u00c9 o meu sal\u00e3o preferido de Muria\u00e9\u201d, conta.<\/p>\n<p>Tha\u00eds La-Gatta escolhe o Espa\u00e7o Suze pela qualidade do servi\u00e7o e pelo atendimento personalizado. \u201cA Suze \u00e9 maravilhosa. A sobrancelha da Suze \u00e9 perfeita, a micropigmenta\u00e7\u00e3o, nem se fala. Toda a equipe \u00e9 maravilhosa. Al\u00e9m de voc\u00ea ficar bonita, voc\u00ea se sente bem no sal\u00e3o\u201d, elogia.<\/p>\n<p><strong>GALERIA DE FOTOS:<\/strong><\/p>\n<p><img decoding=\"async\" class=\"ngg_displayed_gallery mceItem\" src=\"https:\/\/anoticiaonline.com.br\/site\/nextgen-attach_to_post\/preview\/id--29037\" alt=\"\" \/><\/p>\n","protected":false},"excerpt":{"rendered":"<p>O Espa\u00e7o Suze e Equipe foi inaugurado e est\u00e1 funcionando na Avenida Eud\u00f3xia Can\u00eado, 24, Centro, em um ambiente charmoso, amplo e moderno. O espa\u00e7o oferece servi\u00e7os completos para cabelos, depila\u00e7\u00e3o, manicure, pedicure, micropigmenta\u00e7\u00e3o e design de sobrancelha. Na parte de est\u00e9tica facial e corporal, a profissional Leone trabalha com est\u00e9tica avan\u00e7ada, como radiofrequ\u00eancia, manthus, &#8230; <a title=\"Espa\u00e7o Suze e Equipe \u00e9 inaugurado na Avenida Eud\u00f3xia Can\u00eado\" class=\"read-more\" href=\"https:\/\/anoticiaonline.com.br\/site\/espaco-suze-e-equipe-e-inaugurado-na-avenida-eudoxia-canedo\/\" aria-label=\"Read more about Espa\u00e7o Suze e Equipe \u00e9 inaugurado na Avenida Eud\u00f3xia Can\u00eado\">Ler mais<\/a><\/p>\n","protected":false},"author":2,"featured_media":29039,"comment_status":"open","ping_status":"open","sticky":false,"template":"","format":"standard","meta":{"_acf_changed":false,"_monsterinsights_skip_tracking":false,"footnotes":""},"categories":[24],"tags":[3],"class_list":["post-28840","post","type-post","status-publish","format-standard","has-post-thumbnail","hentry","category-eventos","tag-slide"],"acf":[],"aioseo_notices":[],"aioseo_head":"\n\t\t<!-- All in One SEO 5.0.0.1 - aioseo.com -->\n\t<meta name=\"description\" content=\"O Espa\u00e7o Suze e Equipe foi inaugurado e est\u00e1 funcionando na Avenida Eud\u00f3xia Can\u00eado, 24, Centro, em um ambiente charmoso, amplo e moderno. O espa\u00e7o oferece servi\u00e7os completos para cabelos, depila\u00e7\u00e3o, manicure, pedicure, micropigmenta\u00e7\u00e3o e design de sobrancelha. Na parte de est\u00e9tica facial e corporal, a profissional Leone trabalha com est\u00e9tica avan\u00e7ada, como radiofrequ\u00eancia, manthus,\" \/>\n\t<meta name=\"robots\" content=\"max-image-preview:large\" \/>\n\t<meta name=\"author\" content=\"Juliana Laviola\"\/>\n\t<link rel=\"canonical\" href=\"https:\/\/anoticiaonline.com.br\/site\/espaco-suze-e-equipe-e-inaugurado-na-avenida-eudoxia-canedo\/\" \/>\n\t<meta name=\"generator\" content=\"All in One SEO (AIOSEO) 5.0.0.1\" \/>\n\t\t<meta property=\"og:locale\" content=\"pt_BR\" \/>\n\t\t<meta property=\"og:site_name\" content=\"A Not\u00edcia Online - Noticias de Muria\u00e9 e regi\u00e3o\" \/>\n\t\t<meta property=\"og:type\" content=\"article\" \/>\n\t\t<meta property=\"og:title\" content=\"Espa\u00e7o Suze e Equipe \u00e9 inaugurado na Avenida Eud\u00f3xia Can\u00eado - A Not\u00edcia Online\" \/>\n\t\t<meta property=\"og:description\" content=\"O Espa\u00e7o Suze e Equipe foi inaugurado e est\u00e1 funcionando na Avenida Eud\u00f3xia Can\u00eado, 24, Centro, em um ambiente charmoso, amplo e moderno. O espa\u00e7o oferece servi\u00e7os completos para cabelos, depila\u00e7\u00e3o, manicure, pedicure, micropigmenta\u00e7\u00e3o e design de sobrancelha. Na parte de est\u00e9tica facial e corporal, a profissional Leone trabalha com est\u00e9tica avan\u00e7ada, como radiofrequ\u00eancia, manthus,\" \/>\n\t\t<meta property=\"og:url\" content=\"https:\/\/anoticiaonline.com.br\/site\/espaco-suze-e-equipe-e-inaugurado-na-avenida-eudoxia-canedo\/\" \/>\n\t\t<meta property=\"og:image\" content=\"https:\/\/scontent-gig4-1.xx.fbcdn.net\/v\/t39.30808-1\/270437624_4564083193639691_6907940295614233970_n.jpg?stp=dst-jpg_s200x200_tt6&#038;_nc_cat=111&#038;ccb=1-7&#038;_nc_sid=f907e8&#038;_nc_ohc=SM1wRlP3lJwQ7kNvwEPuBYA&#038;_nc_oc=AdnqrjDN_BNjSSHWO-GbkIWH6fkGMLw4bqvL_NH6e2wMveX7G-rP2dAqsDSq1mJMOaY&#038;_nc_zt=24&#038;_nc_ht=scontent-gig4-1.xx&#038;_nc_gid=AoBFJeGrT1hVaew_6rchkQ&#038;oh=00_AfX7QmFGhQhG2jAllVgXCiM1ZrWgvtp80-Bfppyexh1QEg&#038;oe=689E923C\" \/>\n\t\t<meta property=\"og:image:secure_url\" content=\"https:\/\/scontent-gig4-1.xx.fbcdn.net\/v\/t39.30808-1\/270437624_4564083193639691_6907940295614233970_n.jpg?stp=dst-jpg_s200x200_tt6&#038;_nc_cat=111&#038;ccb=1-7&#038;_nc_sid=f907e8&#038;_nc_ohc=SM1wRlP3lJwQ7kNvwEPuBYA&#038;_nc_oc=AdnqrjDN_BNjSSHWO-GbkIWH6fkGMLw4bqvL_NH6e2wMveX7G-rP2dAqsDSq1mJMOaY&#038;_nc_zt=24&#038;_nc_ht=scontent-gig4-1.xx&#038;_nc_gid=AoBFJeGrT1hVaew_6rchkQ&#038;oh=00_AfX7QmFGhQhG2jAllVgXCiM1ZrWgvtp80-Bfppyexh1QEg&#038;oe=689E923C\" \/>\n\t\t<meta property=\"article:published_time\" content=\"2017-05-04T22:05:05+00:00\" \/>\n\t\t<meta property=\"article:modified_time\" content=\"2017-05-05T03:27:05+00:00\" \/>\n\t\t<meta name=\"twitter:card\" content=\"summary_large_image\" \/>\n\t\t<meta name=\"twitter:title\" content=\"Espa\u00e7o Suze e Equipe \u00e9 inaugurado na Avenida Eud\u00f3xia Can\u00eado - A Not\u00edcia Online\" \/>\n\t\t<meta name=\"twitter:description\" content=\"O Espa\u00e7o Suze e Equipe foi inaugurado e est\u00e1 funcionando na Avenida Eud\u00f3xia Can\u00eado, 24, Centro, em um ambiente charmoso, amplo e moderno. O espa\u00e7o oferece servi\u00e7os completos para cabelos, depila\u00e7\u00e3o, manicure, pedicure, micropigmenta\u00e7\u00e3o e design de sobrancelha. Na parte de est\u00e9tica facial e corporal, a profissional Leone trabalha com est\u00e9tica avan\u00e7ada, como radiofrequ\u00eancia, manthus,\" \/>\n\t\t<meta name=\"twitter:image\" content=\"https:\/\/scontent-gig4-1.xx.fbcdn.net\/v\/t39.30808-1\/270437624_4564083193639691_6907940295614233970_n.jpg?stp=dst-jpg_s200x200_tt6&amp;_nc_cat=111&amp;ccb=1-7&amp;_nc_sid=f907e8&amp;_nc_ohc=SM1wRlP3lJwQ7kNvwEPuBYA&amp;_nc_oc=AdnqrjDN_BNjSSHWO-GbkIWH6fkGMLw4bqvL_NH6e2wMveX7G-rP2dAqsDSq1mJMOaY&amp;_nc_zt=24&amp;_nc_ht=scontent-gig4-1.xx&amp;_nc_gid=AoBFJeGrT1hVaew_6rchkQ&amp;oh=00_AfX7QmFGhQhG2jAllVgXCiM1ZrWgvtp80-Bfppyexh1QEg&amp;oe=689E923C\" \/>\n\t\t<script type=\"application\/ld+json\" class=\"aioseo-schema\">\n\t\t\t{\"@context\":\"https:\\\/\\\/schema.org\",\"@graph\":[{\"@type\":\"BlogPosting\",\"@id\":\"https:\\\/\\\/anoticiaonline.com.br\\\/site\\\/espaco-suze-e-equipe-e-inaugurado-na-avenida-eudoxia-canedo\\\/#blogposting\",\"name\":\"Espa\\u00e7o Suze e Equipe \\u00e9 inaugurado na Avenida Eud\\u00f3xia Can\\u00eado - A Not\\u00edcia Online\",\"headline\":\"Espa\\u00e7o Suze e Equipe \\u00e9 inaugurado na Avenida Eud\\u00f3xia Can\\u00eado\",\"author\":{\"@id\":\"https:\\\/\\\/anoticiaonline.com.br\\\/site\\\/author\\\/juliana\\\/#author\"},\"publisher\":{\"@id\":\"https:\\\/\\\/anoticiaonline.com.br\\\/site\\\/#organization\"},\"image\":{\"@type\":\"ImageObject\",\"url\":\"https:\\\/\\\/anoticiaonline.com.br\\\/site\\\/wp-content\\\/uploads\\\/2017\\\/05\\\/foto-capa-suze.jpg\",\"width\":640,\"height\":506},\"datePublished\":\"2017-05-04T19:05:05-03:00\",\"dateModified\":\"2017-05-05T00:27:05-03:00\",\"inLanguage\":\"pt-BR\",\"mainEntityOfPage\":{\"@id\":\"https:\\\/\\\/anoticiaonline.com.br\\\/site\\\/espaco-suze-e-equipe-e-inaugurado-na-avenida-eudoxia-canedo\\\/#webpage\"},\"isPartOf\":{\"@id\":\"https:\\\/\\\/anoticiaonline.com.br\\\/site\\\/espaco-suze-e-equipe-e-inaugurado-na-avenida-eudoxia-canedo\\\/#webpage\"},\"articleSection\":\"Eventos, slide\"},{\"@type\":\"BreadcrumbList\",\"@id\":\"https:\\\/\\\/anoticiaonline.com.br\\\/site\\\/espaco-suze-e-equipe-e-inaugurado-na-avenida-eudoxia-canedo\\\/#breadcrumblist\",\"itemListElement\":[{\"@type\":\"ListItem\",\"@id\":\"https:\\\/\\\/anoticiaonline.com.br\\\/site#listItem\",\"position\":1,\"name\":\"Home\",\"item\":\"https:\\\/\\\/anoticiaonline.com.br\\\/site\",\"nextItem\":{\"@type\":\"ListItem\",\"@id\":\"https:\\\/\\\/anoticiaonline.com.br\\\/site\\\/categoria\\\/eventos\\\/#listItem\",\"name\":\"Eventos\"}},{\"@type\":\"ListItem\",\"@id\":\"https:\\\/\\\/anoticiaonline.com.br\\\/site\\\/categoria\\\/eventos\\\/#listItem\",\"position\":2,\"name\":\"Eventos\",\"item\":\"https:\\\/\\\/anoticiaonline.com.br\\\/site\\\/categoria\\\/eventos\\\/\",\"nextItem\":{\"@type\":\"ListItem\",\"@id\":\"https:\\\/\\\/anoticiaonline.com.br\\\/site\\\/espaco-suze-e-equipe-e-inaugurado-na-avenida-eudoxia-canedo\\\/#listItem\",\"name\":\"Espa\\u00e7o Suze e Equipe \\u00e9 inaugurado na Avenida Eud\\u00f3xia Can\\u00eado\"},\"previousItem\":{\"@type\":\"ListItem\",\"@id\":\"https:\\\/\\\/anoticiaonline.com.br\\\/site#listItem\",\"name\":\"Home\"}},{\"@type\":\"ListItem\",\"@id\":\"https:\\\/\\\/anoticiaonline.com.br\\\/site\\\/espaco-suze-e-equipe-e-inaugurado-na-avenida-eudoxia-canedo\\\/#listItem\",\"position\":3,\"name\":\"Espa\\u00e7o Suze e Equipe \\u00e9 inaugurado na Avenida Eud\\u00f3xia Can\\u00eado\",\"previousItem\":{\"@type\":\"ListItem\",\"@id\":\"https:\\\/\\\/anoticiaonline.com.br\\\/site\\\/categoria\\\/eventos\\\/#listItem\",\"name\":\"Eventos\"}}]},{\"@type\":\"Organization\",\"@id\":\"https:\\\/\\\/anoticiaonline.com.br\\\/site\\\/#organization\",\"name\":\"A Not\\u00edcia Online\",\"description\":\"Noticias de Muria\\u00e9 e regi\\u00e3o\",\"url\":\"https:\\\/\\\/anoticiaonline.com.br\\\/site\\\/\",\"logo\":{\"@type\":\"ImageObject\",\"url\":\"https:\\\/\\\/scontent-gig4-1.xx.fbcdn.net\\\/v\\\/t39.30808-1\\\/270437624_4564083193639691_6907940295614233970_n.jpg?stp=dst-jpg_s200x200_tt6&_nc_cat=111&ccb=1-7&_nc_sid=f907e8&_nc_ohc=SM1wRlP3lJwQ7kNvwEPuBYA&_nc_oc=AdnqrjDN_BNjSSHWO-GbkIWH6fkGMLw4bqvL_NH6e2wMveX7G-rP2dAqsDSq1mJMOaY&_nc_zt=24&_nc_ht=scontent-gig4-1.xx&_nc_gid=AoBFJeGrT1hVaew_6rchkQ&oh=00_AfX7QmFGhQhG2jAllVgXCiM1ZrWgvtp80-Bfppyexh1QEg&oe=689E923C\",\"@id\":\"https:\\\/\\\/anoticiaonline.com.br\\\/site\\\/espaco-suze-e-equipe-e-inaugurado-na-avenida-eudoxia-canedo\\\/#organizationLogo\"},\"image\":{\"@id\":\"https:\\\/\\\/anoticiaonline.com.br\\\/site\\\/espaco-suze-e-equipe-e-inaugurado-na-avenida-eudoxia-canedo\\\/#organizationLogo\"}},{\"@type\":\"Person\",\"@id\":\"https:\\\/\\\/anoticiaonline.com.br\\\/site\\\/author\\\/juliana\\\/#author\",\"url\":\"https:\\\/\\\/anoticiaonline.com.br\\\/site\\\/author\\\/juliana\\\/\",\"name\":\"Juliana Laviola\",\"image\":{\"@type\":\"ImageObject\",\"@id\":\"https:\\\/\\\/anoticiaonline.com.br\\\/site\\\/espaco-suze-e-equipe-e-inaugurado-na-avenida-eudoxia-canedo\\\/#authorImage\",\"url\":\"https:\\\/\\\/secure.gravatar.com\\\/avatar\\\/b8d45f5c699b100dfaf0e543582f38f38bf94cb7ae3a5e9abf8d891a34773335?s=96&d=mm&r=g\",\"width\":96,\"height\":96,\"caption\":\"Juliana Laviola\"}},{\"@type\":\"WebPage\",\"@id\":\"https:\\\/\\\/anoticiaonline.com.br\\\/site\\\/espaco-suze-e-equipe-e-inaugurado-na-avenida-eudoxia-canedo\\\/#webpage\",\"url\":\"https:\\\/\\\/anoticiaonline.com.br\\\/site\\\/espaco-suze-e-equipe-e-inaugurado-na-avenida-eudoxia-canedo\\\/\",\"name\":\"Espa\\u00e7o Suze e Equipe \\u00e9 inaugurado na Avenida Eud\\u00f3xia Can\\u00eado - A Not\\u00edcia Online\",\"description\":\"O Espa\\u00e7o Suze e Equipe foi inaugurado e est\\u00e1 funcionando na Avenida Eud\\u00f3xia Can\\u00eado, 24, Centro, em um ambiente charmoso, amplo e moderno. O espa\\u00e7o oferece servi\\u00e7os completos para cabelos, depila\\u00e7\\u00e3o, manicure, pedicure, micropigmenta\\u00e7\\u00e3o e design de sobrancelha. Na parte de est\\u00e9tica facial e corporal, a profissional Leone trabalha com est\\u00e9tica avan\\u00e7ada, como radiofrequ\\u00eancia, manthus,\",\"inLanguage\":\"pt-BR\",\"isPartOf\":{\"@id\":\"https:\\\/\\\/anoticiaonline.com.br\\\/site\\\/#website\"},\"breadcrumb\":{\"@id\":\"https:\\\/\\\/anoticiaonline.com.br\\\/site\\\/espaco-suze-e-equipe-e-inaugurado-na-avenida-eudoxia-canedo\\\/#breadcrumblist\"},\"author\":{\"@id\":\"https:\\\/\\\/anoticiaonline.com.br\\\/site\\\/author\\\/juliana\\\/#author\"},\"creator\":{\"@id\":\"https:\\\/\\\/anoticiaonline.com.br\\\/site\\\/author\\\/juliana\\\/#author\"},\"image\":{\"@type\":\"ImageObject\",\"url\":\"https:\\\/\\\/anoticiaonline.com.br\\\/site\\\/wp-content\\\/uploads\\\/2017\\\/05\\\/foto-capa-suze.jpg\",\"@id\":\"https:\\\/\\\/anoticiaonline.com.br\\\/site\\\/espaco-suze-e-equipe-e-inaugurado-na-avenida-eudoxia-canedo\\\/#mainImage\",\"width\":640,\"height\":506},\"primaryImageOfPage\":{\"@id\":\"https:\\\/\\\/anoticiaonline.com.br\\\/site\\\/espaco-suze-e-equipe-e-inaugurado-na-avenida-eudoxia-canedo\\\/#mainImage\"},\"datePublished\":\"2017-05-04T19:05:05-03:00\",\"dateModified\":\"2017-05-05T00:27:05-03:00\"},{\"@type\":\"WebSite\",\"@id\":\"https:\\\/\\\/anoticiaonline.com.br\\\/site\\\/#website\",\"url\":\"https:\\\/\\\/anoticiaonline.com.br\\\/site\\\/\",\"name\":\"A Not\\u00edcia Online\",\"description\":\"Noticias de Muria\\u00e9 e regi\\u00e3o\",\"inLanguage\":\"pt-BR\",\"publisher\":{\"@id\":\"https:\\\/\\\/anoticiaonline.com.br\\\/site\\\/#organization\"}}]}\n\t\t<\/script>\n\t\t<!-- All in One SEO -->\n\n","aioseo_head_json":{"title":"Espa\u00e7o Suze e Equipe \u00e9 inaugurado na Avenida Eud\u00f3xia Can\u00eado - A Not\u00edcia Online","description":"O Espa\u00e7o Suze e Equipe foi inaugurado e est\u00e1 funcionando na Avenida Eud\u00f3xia Can\u00eado, 24, Centro, em um ambiente charmoso, amplo e moderno. O espa\u00e7o oferece servi\u00e7os completos para cabelos, depila\u00e7\u00e3o, manicure, pedicure, micropigmenta\u00e7\u00e3o e design de sobrancelha. Na parte de est\u00e9tica facial e corporal, a profissional Leone trabalha com est\u00e9tica avan\u00e7ada, como radiofrequ\u00eancia, manthus,","canonical_url":"https:\/\/anoticiaonline.com.br\/site\/espaco-suze-e-equipe-e-inaugurado-na-avenida-eudoxia-canedo\/","robots":"max-image-preview:large","keywords":"","webmasterTools":{"miscellaneous":""},"schema":{"@context":"https:\/\/schema.org","@graph":[{"@type":"BlogPosting","@id":"https:\/\/anoticiaonline.com.br\/site\/espaco-suze-e-equipe-e-inaugurado-na-avenida-eudoxia-canedo\/#blogposting","name":"Espa\u00e7o Suze e Equipe \u00e9 inaugurado na Avenida Eud\u00f3xia Can\u00eado - A Not\u00edcia Online","headline":"Espa\u00e7o Suze e Equipe \u00e9 inaugurado na Avenida Eud\u00f3xia Can\u00eado","author":{"@id":"https:\/\/anoticiaonline.com.br\/site\/author\/juliana\/#author"},"publisher":{"@id":"https:\/\/anoticiaonline.com.br\/site\/#organization"},"image":{"@type":"ImageObject","url":"https:\/\/anoticiaonline.com.br\/site\/wp-content\/uploads\/2017\/05\/foto-capa-suze.jpg","width":640,"height":506},"datePublished":"2017-05-04T19:05:05-03:00","dateModified":"2017-05-05T00:27:05-03:00","inLanguage":"pt-BR","mainEntityOfPage":{"@id":"https:\/\/anoticiaonline.com.br\/site\/espaco-suze-e-equipe-e-inaugurado-na-avenida-eudoxia-canedo\/#webpage"},"isPartOf":{"@id":"https:\/\/anoticiaonline.com.br\/site\/espaco-suze-e-equipe-e-inaugurado-na-avenida-eudoxia-canedo\/#webpage"},"articleSection":"Eventos, slide"},{"@type":"BreadcrumbList","@id":"https:\/\/anoticiaonline.com.br\/site\/espaco-suze-e-equipe-e-inaugurado-na-avenida-eudoxia-canedo\/#breadcrumblist","itemListElement":[{"@type":"ListItem","@id":"https:\/\/anoticiaonline.com.br\/site#listItem","position":1,"name":"Home","item":"https:\/\/anoticiaonline.com.br\/site","nextItem":{"@type":"ListItem","@id":"https:\/\/anoticiaonline.com.br\/site\/categoria\/eventos\/#listItem","name":"Eventos"}},{"@type":"ListItem","@id":"https:\/\/anoticiaonline.com.br\/site\/categoria\/eventos\/#listItem","position":2,"name":"Eventos","item":"https:\/\/anoticiaonline.com.br\/site\/categoria\/eventos\/","nextItem":{"@type":"ListItem","@id":"https:\/\/anoticiaonline.com.br\/site\/espaco-suze-e-equipe-e-inaugurado-na-avenida-eudoxia-canedo\/#listItem","name":"Espa\u00e7o Suze e Equipe \u00e9 inaugurado na Avenida Eud\u00f3xia Can\u00eado"},"previousItem":{"@type":"ListItem","@id":"https:\/\/anoticiaonline.com.br\/site#listItem","name":"Home"}},{"@type":"ListItem","@id":"https:\/\/anoticiaonline.com.br\/site\/espaco-suze-e-equipe-e-inaugurado-na-avenida-eudoxia-canedo\/#listItem","position":3,"name":"Espa\u00e7o Suze e Equipe \u00e9 inaugurado na Avenida Eud\u00f3xia Can\u00eado","previousItem":{"@type":"ListItem","@id":"https:\/\/anoticiaonline.com.br\/site\/categoria\/eventos\/#listItem","name":"Eventos"}}]},{"@type":"Organization","@id":"https:\/\/anoticiaonline.com.br\/site\/#organization","name":"A Not\u00edcia Online","description":"Noticias de Muria\u00e9 e regi\u00e3o","url":"https:\/\/anoticiaonline.com.br\/site\/","logo":{"@type":"ImageObject","url":"https:\/\/scontent-gig4-1.xx.fbcdn.net\/v\/t39.30808-1\/270437624_4564083193639691_6907940295614233970_n.jpg?stp=dst-jpg_s200x200_tt6&_nc_cat=111&ccb=1-7&_nc_sid=f907e8&_nc_ohc=SM1wRlP3lJwQ7kNvwEPuBYA&_nc_oc=AdnqrjDN_BNjSSHWO-GbkIWH6fkGMLw4bqvL_NH6e2wMveX7G-rP2dAqsDSq1mJMOaY&_nc_zt=24&_nc_ht=scontent-gig4-1.xx&_nc_gid=AoBFJeGrT1hVaew_6rchkQ&oh=00_AfX7QmFGhQhG2jAllVgXCiM1ZrWgvtp80-Bfppyexh1QEg&oe=689E923C","@id":"https:\/\/anoticiaonline.com.br\/site\/espaco-suze-e-equipe-e-inaugurado-na-avenida-eudoxia-canedo\/#organizationLogo"},"image":{"@id":"https:\/\/anoticiaonline.com.br\/site\/espaco-suze-e-equipe-e-inaugurado-na-avenida-eudoxia-canedo\/#organizationLogo"}},{"@type":"Person","@id":"https:\/\/anoticiaonline.com.br\/site\/author\/juliana\/#author","url":"https:\/\/anoticiaonline.com.br\/site\/author\/juliana\/","name":"Juliana Laviola","image":{"@type":"ImageObject","@id":"https:\/\/anoticiaonline.com.br\/site\/espaco-suze-e-equipe-e-inaugurado-na-avenida-eudoxia-canedo\/#authorImage","url":"https:\/\/secure.gravatar.com\/avatar\/b8d45f5c699b100dfaf0e543582f38f38bf94cb7ae3a5e9abf8d891a34773335?s=96&d=mm&r=g","width":96,"height":96,"caption":"Juliana Laviola"}},{"@type":"WebPage","@id":"https:\/\/anoticiaonline.com.br\/site\/espaco-suze-e-equipe-e-inaugurado-na-avenida-eudoxia-canedo\/#webpage","url":"https:\/\/anoticiaonline.com.br\/site\/espaco-suze-e-equipe-e-inaugurado-na-avenida-eudoxia-canedo\/","name":"Espa\u00e7o Suze e Equipe \u00e9 inaugurado na Avenida Eud\u00f3xia Can\u00eado - A Not\u00edcia Online","description":"O Espa\u00e7o Suze e Equipe foi inaugurado e est\u00e1 funcionando na Avenida Eud\u00f3xia Can\u00eado, 24, Centro, em um ambiente charmoso, amplo e moderno. O espa\u00e7o oferece servi\u00e7os completos para cabelos, depila\u00e7\u00e3o, manicure, pedicure, micropigmenta\u00e7\u00e3o e design de sobrancelha. Na parte de est\u00e9tica facial e corporal, a profissional Leone trabalha com est\u00e9tica avan\u00e7ada, como radiofrequ\u00eancia, manthus,","inLanguage":"pt-BR","isPartOf":{"@id":"https:\/\/anoticiaonline.com.br\/site\/#website"},"breadcrumb":{"@id":"https:\/\/anoticiaonline.com.br\/site\/espaco-suze-e-equipe-e-inaugurado-na-avenida-eudoxia-canedo\/#breadcrumblist"},"author":{"@id":"https:\/\/anoticiaonline.com.br\/site\/author\/juliana\/#author"},"creator":{"@id":"https:\/\/anoticiaonline.com.br\/site\/author\/juliana\/#author"},"image":{"@type":"ImageObject","url":"https:\/\/anoticiaonline.com.br\/site\/wp-content\/uploads\/2017\/05\/foto-capa-suze.jpg","@id":"https:\/\/anoticiaonline.com.br\/site\/espaco-suze-e-equipe-e-inaugurado-na-avenida-eudoxia-canedo\/#mainImage","width":640,"height":506},"primaryImageOfPage":{"@id":"https:\/\/anoticiaonline.com.br\/site\/espaco-suze-e-equipe-e-inaugurado-na-avenida-eudoxia-canedo\/#mainImage"},"datePublished":"2017-05-04T19:05:05-03:00","dateModified":"2017-05-05T00:27:05-03:00"},{"@type":"WebSite","@id":"https:\/\/anoticiaonline.com.br\/site\/#website","url":"https:\/\/anoticiaonline.com.br\/site\/","name":"A Not\u00edcia Online","description":"Noticias de Muria\u00e9 e regi\u00e3o","inLanguage":"pt-BR","publisher":{"@id":"https:\/\/anoticiaonline.com.br\/site\/#organization"}}]},"og:locale":"pt_BR","og:site_name":"A Not\u00edcia Online - Noticias de Muria\u00e9 e regi\u00e3o","og:type":"article","og:title":"Espa\u00e7o Suze e Equipe \u00e9 inaugurado na Avenida Eud\u00f3xia Can\u00eado - A Not\u00edcia Online","og:description":"O Espa\u00e7o Suze e Equipe foi inaugurado e est\u00e1 funcionando na Avenida Eud\u00f3xia Can\u00eado, 24, Centro, em um ambiente charmoso, amplo e moderno. O espa\u00e7o oferece servi\u00e7os completos para cabelos, depila\u00e7\u00e3o, manicure, pedicure, micropigmenta\u00e7\u00e3o e design de sobrancelha. Na parte de est\u00e9tica facial e corporal, a profissional Leone trabalha com est\u00e9tica avan\u00e7ada, como radiofrequ\u00eancia, manthus,","og:url":"https:\/\/anoticiaonline.com.br\/site\/espaco-suze-e-equipe-e-inaugurado-na-avenida-eudoxia-canedo\/","og:image":"https:\/\/scontent-gig4-1.xx.fbcdn.net\/v\/t39.30808-1\/270437624_4564083193639691_6907940295614233970_n.jpg?stp=dst-jpg_s200x200_tt6&#038;_nc_cat=111&#038;ccb=1-7&#038;_nc_sid=f907e8&#038;_nc_ohc=SM1wRlP3lJwQ7kNvwEPuBYA&#038;_nc_oc=AdnqrjDN_BNjSSHWO-GbkIWH6fkGMLw4bqvL_NH6e2wMveX7G-rP2dAqsDSq1mJMOaY&#038;_nc_zt=24&#038;_nc_ht=scontent-gig4-1.xx&#038;_nc_gid=AoBFJeGrT1hVaew_6rchkQ&#038;oh=00_AfX7QmFGhQhG2jAllVgXCiM1ZrWgvtp80-Bfppyexh1QEg&#038;oe=689E923C","og:image:secure_url":"https:\/\/scontent-gig4-1.xx.fbcdn.net\/v\/t39.30808-1\/270437624_4564083193639691_6907940295614233970_n.jpg?stp=dst-jpg_s200x200_tt6&#038;_nc_cat=111&#038;ccb=1-7&#038;_nc_sid=f907e8&#038;_nc_ohc=SM1wRlP3lJwQ7kNvwEPuBYA&#038;_nc_oc=AdnqrjDN_BNjSSHWO-GbkIWH6fkGMLw4bqvL_NH6e2wMveX7G-rP2dAqsDSq1mJMOaY&#038;_nc_zt=24&#038;_nc_ht=scontent-gig4-1.xx&#038;_nc_gid=AoBFJeGrT1hVaew_6rchkQ&#038;oh=00_AfX7QmFGhQhG2jAllVgXCiM1ZrWgvtp80-Bfppyexh1QEg&#038;oe=689E923C","article:published_time":"2017-05-04T22:05:05+00:00","article:modified_time":"2017-05-05T03:27:05+00:00","twitter:card":"summary_large_image","twitter:title":"Espa\u00e7o Suze e Equipe \u00e9 inaugurado na Avenida Eud\u00f3xia Can\u00eado - A Not\u00edcia Online","twitter:description":"O Espa\u00e7o Suze e Equipe foi inaugurado e est\u00e1 funcionando na Avenida Eud\u00f3xia Can\u00eado, 24, Centro, em um ambiente charmoso, amplo e moderno. O espa\u00e7o oferece servi\u00e7os completos para cabelos, depila\u00e7\u00e3o, manicure, pedicure, micropigmenta\u00e7\u00e3o e design de sobrancelha. Na parte de est\u00e9tica facial e corporal, a profissional Leone trabalha com est\u00e9tica avan\u00e7ada, como radiofrequ\u00eancia, manthus,","twitter:image":"https:\/\/scontent-gig4-1.xx.fbcdn.net\/v\/t39.30808-1\/270437624_4564083193639691_6907940295614233970_n.jpg?stp=dst-jpg_s200x200_tt6&_nc_cat=111&ccb=1-7&_nc_sid=f907e8&_nc_ohc=SM1wRlP3lJwQ7kNvwEPuBYA&_nc_oc=AdnqrjDN_BNjSSHWO-GbkIWH6fkGMLw4bqvL_NH6e2wMveX7G-rP2dAqsDSq1mJMOaY&_nc_zt=24&_nc_ht=scontent-gig4-1.xx&_nc_gid=AoBFJeGrT1hVaew_6rchkQ&oh=00_AfX7QmFGhQhG2jAllVgXCiM1ZrWgvtp80-Bfppyexh1QEg&oe=689E923C"},"aioseo_meta_data":{"post_id":"28840","title":null,"description":null,"keywords":null,"keyphrases":null,"primary_term":null,"canonical_url":null,"og_title":null,"og_description":null,"og_object_type":"default","og_image_type":"default","og_image_url":null,"og_image_width":null,"og_image_height":null,"og_image_custom_url":null,"og_image_custom_fields":null,"og_video":null,"og_custom_url":null,"og_article_section":null,"og_article_tags":null,"twitter_use_og":false,"twitter_card":"default","twitter_image_type":"default","twitter_image_url":null,"twitter_image_custom_url":null,"twitter_image_custom_fields":null,"twitter_title":null,"twitter_description":null,"schema":{"blockGraphs":[],"customGraphs":[],"default":{"data":{"Article":[],"Course":[],"Dataset":[],"FAQPage":[],"Movie":[],"Person":[],"Product":[],"ProductReview":[],"Car":[],"Recipe":[],"Service":[],"SoftwareApplication":[],"WebPage":[]},"graphName":"","isEnabled":true},"graphs":[]},"schema_type":"default","schema_type_options":null,"pillar_content":false,"robots_default":true,"robots_noindex":false,"robots_noarchive":false,"robots_nosnippet":false,"robots_nofollow":false,"robots_noimageindex":false,"robots_noodp":false,"robots_notranslate":false,"robots_max_snippet":null,"robots_max_videopreview":null,"robots_max_imagepreview":"large","priority":null,"frequency":null,"local_seo":null,"breadcrumb_settings":null,"limit_modified_date":false,"ai":null,"created":"2025-08-16 18:18:21","updated":"2025-08-16 18:18:21","focus_keyword":null,"additional_keywords":null,"truseo_locale":null,"seo_analyzer_scan_date":null},"aioseo_breadcrumb":"<div class=\"aioseo-breadcrumbs\"><span class=\"aioseo-breadcrumb\">\n\t\t\t<a href=\"https:\/\/anoticiaonline.com.br\/site\" title=\"Home\">Home<\/a>\n\t\t<\/span><span class=\"aioseo-breadcrumb-separator\">&raquo;<\/span><span class=\"aioseo-breadcrumb\">\n\t\t\t<a href=\"https:\/\/anoticiaonline.com.br\/site\/categoria\/eventos\/\" title=\"Eventos\">Eventos<\/a>\n\t\t<\/span><span class=\"aioseo-breadcrumb-separator\">&raquo;<\/span><span class=\"aioseo-breadcrumb\">\n\t\t\tEspa\u00e7o Suze e Equipe \u00e9 inaugurado na Avenida Eud\u00f3xia Can\u00eado\n\t\t<\/span><\/div>","aioseo_breadcrumb_json":[{"label":"Home","link":"https:\/\/anoticiaonline.com.br\/site"},{"label":"Eventos","link":"https:\/\/anoticiaonline.com.br\/site\/categoria\/eventos\/"},{"label":"Espa\u00e7o Suze e Equipe \u00e9 inaugurado na Avenida Eud\u00f3xia Can\u00eado","link":"https:\/\/anoticiaonline.com.br\/site\/espaco-suze-e-equipe-e-inaugurado-na-avenida-eudoxia-canedo\/"}],"views":135,"_links":{"self":[{"href":"https:\/\/anoticiaonline.com.br\/site\/wp-json\/wp\/v2\/posts\/28840","targetHints":{"allow":["GET"]}}],"collection":[{"href":"https:\/\/anoticiaonline.com.br\/site\/wp-json\/wp\/v2\/posts"}],"about":[{"href":"https:\/\/anoticiaonline.com.br\/site\/wp-json\/wp\/v2\/types\/post"}],"author":[{"embeddable":true,"href":"https:\/\/anoticiaonline.com.br\/site\/wp-json\/wp\/v2\/users\/2"}],"replies":[{"embeddable":true,"href":"https:\/\/anoticiaonline.com.br\/site\/wp-json\/wp\/v2\/comments?post=28840"}],"version-history":[{"count":0,"href":"https:\/\/anoticiaonline.com.br\/site\/wp-json\/wp\/v2\/posts\/28840\/revisions"}],"wp:featuredmedia":[{"embeddable":true,"href":"https:\/\/anoticiaonline.com.br\/site\/wp-json\/wp\/v2\/media\/29039"}],"wp:attachment":[{"href":"https:\/\/anoticiaonline.com.br\/site\/wp-json\/wp\/v2\/media?parent=28840"}],"wp:term":[{"taxonomy":"category","embeddable":true,"href":"https:\/\/anoticiaonline.com.br\/site\/wp-json\/wp\/v2\/categories?post=28840"},{"taxonomy":"post_tag","embeddable":true,"href":"https:\/\/anoticiaonline.com.br\/site\/wp-json\/wp\/v2\/tags?post=28840"}],"curies":[{"name":"wp","href":"https:\/\/api.w.org\/{rel}","templated":true}]}}