{"id":28824,"date":"2017-05-04T12:22:24","date_gmt":"2017-05-04T15:22:24","guid":{"rendered":"http:\/\/anoticiaonline.com.br\/site\/?p=28824"},"modified":"2017-05-04T12:22:24","modified_gmt":"2017-05-04T15:22:24","slug":"campanha-de-vacinacao-contra-a-gripe-vai-ate-26-de-maio","status":"publish","type":"post","link":"https:\/\/anoticiaonline.com.br\/site\/campanha-de-vacinacao-contra-a-gripe-vai-ate-26-de-maio\/","title":{"rendered":"Campanha de vacina\u00e7\u00e3o contra a gripe vai at\u00e9 26 de maio"},"content":{"rendered":"<figure id=\"attachment_28825\" aria-describedby=\"caption-attachment-28825\" style=\"width: 290px\" class=\"wp-caption alignleft\"><a href=\"https:\/\/anoticiaonline.com.br\/site\/wp-content\/uploads\/2017\/05\/2017_Gripe_-_Marcus_Ferreira_36.jpg\"><img fetchpriority=\"high\" decoding=\"async\" class=\"size-medium wp-image-28825\" src=\"https:\/\/anoticiaonline.com.br\/site\/wp-content\/uploads\/2017\/05\/2017_Gripe_-_Marcus_Ferreira_36-300x200.jpg\" alt=\"(Foto: Marcus Ferreira\/Secretaria de Estado de Sa\u00fade)\" width=\"300\" height=\"200\" srcset=\"https:\/\/anoticiaonline.com.br\/site\/wp-content\/uploads\/2017\/05\/2017_Gripe_-_Marcus_Ferreira_36-300x200.jpg 300w, https:\/\/anoticiaonline.com.br\/site\/wp-content\/uploads\/2017\/05\/2017_Gripe_-_Marcus_Ferreira_36.jpg 640w\" sizes=\"(max-width: 300px) 100vw, 300px\" \/><\/a><figcaption id=\"caption-attachment-28825\" class=\"wp-caption-text\">(Foto: Marcus Ferreira\/Secretaria de Estado de Sa\u00fade)<\/figcaption><\/figure>\n<p>A 19\u00aa Campanha Nacional de Vacina\u00e7\u00e3o contra a Gripe acontece at\u00e9 o dia 26 de maio. A meta \u00e9 vacinar 90% do p\u00fablico priorit\u00e1rio, composto por idosos (acima de 60 anos), gestantes, mulheres no per\u00edodo de at\u00e9 45 dias ap\u00f3s o parto (em puerp\u00e9rio), crian\u00e7as entre seis meses e menos de 5 anos de idade (4 anos, 11 meses e 29 dias), trabalhadores da sa\u00fade, professores das redes p\u00fablica e particular de ensino, povos ind\u00edgenas aldeados, popula\u00e7\u00e3o privada de liberdade, al\u00e9m dos doentes cr\u00f4nicos, como pessoas com diabetes, asma, bronquite e hipertens\u00e3o, dentre outros grupos.<\/p>\n<p>Para mobilizar a popula\u00e7\u00e3o, a Secretaria de Estado de Sa\u00fade de Minas Gerais (SES-MG) j\u00e1 come\u00e7ou a veicular sua campanha na TV, internet e r\u00e1dios da capital e do interior do estado. Na internet, o site www.saude.mg.gov.br\/gripe foi criado especialmente para o cidad\u00e3o consultar informa\u00e7\u00f5es sobre a vacina\u00e7\u00e3o, a doen\u00e7a e as principais formas de preven\u00e7\u00e3o. A campanha tamb\u00e9m ser\u00e1 feita nas redes sociais da SES-MG (Facebook, Twitter e Instagram).<\/p>\n","protected":false},"excerpt":{"rendered":"<p>A 19\u00aa Campanha Nacional de Vacina\u00e7\u00e3o contra a Gripe acontece at\u00e9 o dia 26 de maio. A meta \u00e9 vacinar 90% do p\u00fablico priorit\u00e1rio, composto por idosos (acima de 60 anos), gestantes, mulheres no per\u00edodo de at\u00e9 45 dias ap\u00f3s o parto (em puerp\u00e9rio), crian\u00e7as entre seis meses e menos de 5 anos de idade &#8230; <a title=\"Campanha de vacina\u00e7\u00e3o contra a gripe vai at\u00e9 26 de maio\" class=\"read-more\" href=\"https:\/\/anoticiaonline.com.br\/site\/campanha-de-vacinacao-contra-a-gripe-vai-ate-26-de-maio\/\" aria-label=\"Read more about Campanha de vacina\u00e7\u00e3o contra a gripe vai at\u00e9 26 de maio\">Ler mais<\/a><\/p>\n","protected":false},"author":2,"featured_media":28825,"comment_status":"open","ping_status":"open","sticky":false,"template":"","format":"standard","meta":{"_acf_changed":false,"_monsterinsights_skip_tracking":false,"footnotes":""},"categories":[1],"tags":[],"class_list":["post-28824","post","type-post","status-publish","format-standard","has-post-thumbnail","hentry","category-gerais"],"acf":[],"aioseo_notices":[],"aioseo_head":"\n\t\t<!-- All in One SEO 5.0.0.1 - aioseo.com -->\n\t<meta name=\"description\" content=\"A 19\u00aa Campanha Nacional de Vacina\u00e7\u00e3o contra a Gripe acontece at\u00e9 o dia 26 de maio. A meta \u00e9 vacinar 90% do p\u00fablico priorit\u00e1rio, composto por idosos (acima de 60 anos), gestantes, mulheres no per\u00edodo de at\u00e9 45 dias ap\u00f3s o parto (em puerp\u00e9rio), crian\u00e7as entre seis meses e menos de 5 anos de idade\" \/>\n\t<meta name=\"robots\" content=\"max-image-preview:large\" \/>\n\t<meta name=\"author\" content=\"Juliana Laviola\"\/>\n\t<link rel=\"canonical\" href=\"https:\/\/anoticiaonline.com.br\/site\/campanha-de-vacinacao-contra-a-gripe-vai-ate-26-de-maio\/\" \/>\n\t<meta name=\"generator\" content=\"All in One SEO (AIOSEO) 5.0.0.1\" \/>\n\t\t<meta property=\"og:locale\" content=\"pt_BR\" \/>\n\t\t<meta property=\"og:site_name\" content=\"A Not\u00edcia Online - Noticias de Muria\u00e9 e regi\u00e3o\" \/>\n\t\t<meta property=\"og:type\" content=\"article\" \/>\n\t\t<meta property=\"og:title\" content=\"Campanha de vacina\u00e7\u00e3o contra a gripe vai at\u00e9 26 de maio - A Not\u00edcia Online\" \/>\n\t\t<meta property=\"og:description\" content=\"A 19\u00aa Campanha Nacional de Vacina\u00e7\u00e3o contra a Gripe acontece at\u00e9 o dia 26 de maio. A meta \u00e9 vacinar 90% do p\u00fablico priorit\u00e1rio, composto por idosos (acima de 60 anos), gestantes, mulheres no per\u00edodo de at\u00e9 45 dias ap\u00f3s o parto (em puerp\u00e9rio), crian\u00e7as entre seis meses e menos de 5 anos de idade\" \/>\n\t\t<meta property=\"og:url\" content=\"https:\/\/anoticiaonline.com.br\/site\/campanha-de-vacinacao-contra-a-gripe-vai-ate-26-de-maio\/\" \/>\n\t\t<meta property=\"og:image\" content=\"https:\/\/scontent-gig4-1.xx.fbcdn.net\/v\/t39.30808-1\/270437624_4564083193639691_6907940295614233970_n.jpg?stp=dst-jpg_s200x200_tt6&#038;_nc_cat=111&#038;ccb=1-7&#038;_nc_sid=f907e8&#038;_nc_ohc=SM1wRlP3lJwQ7kNvwEPuBYA&#038;_nc_oc=AdnqrjDN_BNjSSHWO-GbkIWH6fkGMLw4bqvL_NH6e2wMveX7G-rP2dAqsDSq1mJMOaY&#038;_nc_zt=24&#038;_nc_ht=scontent-gig4-1.xx&#038;_nc_gid=AoBFJeGrT1hVaew_6rchkQ&#038;oh=00_AfX7QmFGhQhG2jAllVgXCiM1ZrWgvtp80-Bfppyexh1QEg&#038;oe=689E923C\" \/>\n\t\t<meta property=\"og:image:secure_url\" content=\"https:\/\/scontent-gig4-1.xx.fbcdn.net\/v\/t39.30808-1\/270437624_4564083193639691_6907940295614233970_n.jpg?stp=dst-jpg_s200x200_tt6&#038;_nc_cat=111&#038;ccb=1-7&#038;_nc_sid=f907e8&#038;_nc_ohc=SM1wRlP3lJwQ7kNvwEPuBYA&#038;_nc_oc=AdnqrjDN_BNjSSHWO-GbkIWH6fkGMLw4bqvL_NH6e2wMveX7G-rP2dAqsDSq1mJMOaY&#038;_nc_zt=24&#038;_nc_ht=scontent-gig4-1.xx&#038;_nc_gid=AoBFJeGrT1hVaew_6rchkQ&#038;oh=00_AfX7QmFGhQhG2jAllVgXCiM1ZrWgvtp80-Bfppyexh1QEg&#038;oe=689E923C\" \/>\n\t\t<meta property=\"article:published_time\" content=\"2017-05-04T15:22:24+00:00\" \/>\n\t\t<meta property=\"article:modified_time\" content=\"2017-05-04T15:22:24+00:00\" \/>\n\t\t<meta name=\"twitter:card\" content=\"summary_large_image\" \/>\n\t\t<meta name=\"twitter:title\" content=\"Campanha de vacina\u00e7\u00e3o contra a gripe vai at\u00e9 26 de maio - A Not\u00edcia Online\" \/>\n\t\t<meta name=\"twitter:description\" content=\"A 19\u00aa Campanha Nacional de Vacina\u00e7\u00e3o contra a Gripe acontece at\u00e9 o dia 26 de maio. A meta \u00e9 vacinar 90% do p\u00fablico priorit\u00e1rio, composto por idosos (acima de 60 anos), gestantes, mulheres no per\u00edodo de at\u00e9 45 dias ap\u00f3s o parto (em puerp\u00e9rio), crian\u00e7as entre seis meses e menos de 5 anos de idade\" \/>\n\t\t<meta name=\"twitter:image\" content=\"https:\/\/scontent-gig4-1.xx.fbcdn.net\/v\/t39.30808-1\/270437624_4564083193639691_6907940295614233970_n.jpg?stp=dst-jpg_s200x200_tt6&amp;_nc_cat=111&amp;ccb=1-7&amp;_nc_sid=f907e8&amp;_nc_ohc=SM1wRlP3lJwQ7kNvwEPuBYA&amp;_nc_oc=AdnqrjDN_BNjSSHWO-GbkIWH6fkGMLw4bqvL_NH6e2wMveX7G-rP2dAqsDSq1mJMOaY&amp;_nc_zt=24&amp;_nc_ht=scontent-gig4-1.xx&amp;_nc_gid=AoBFJeGrT1hVaew_6rchkQ&amp;oh=00_AfX7QmFGhQhG2jAllVgXCiM1ZrWgvtp80-Bfppyexh1QEg&amp;oe=689E923C\" \/>\n\t\t<script type=\"application\/ld+json\" class=\"aioseo-schema\">\n\t\t\t{\"@context\":\"https:\\\/\\\/schema.org\",\"@graph\":[{\"@type\":\"BlogPosting\",\"@id\":\"https:\\\/\\\/anoticiaonline.com.br\\\/site\\\/campanha-de-vacinacao-contra-a-gripe-vai-ate-26-de-maio\\\/#blogposting\",\"name\":\"Campanha de vacina\\u00e7\\u00e3o contra a gripe vai at\\u00e9 26 de maio - A Not\\u00edcia Online\",\"headline\":\"Campanha de vacina\\u00e7\\u00e3o contra a gripe vai at\\u00e9 26 de maio\",\"author\":{\"@id\":\"https:\\\/\\\/anoticiaonline.com.br\\\/site\\\/author\\\/juliana\\\/#author\"},\"publisher\":{\"@id\":\"https:\\\/\\\/anoticiaonline.com.br\\\/site\\\/#organization\"},\"image\":{\"@type\":\"ImageObject\",\"url\":\"https:\\\/\\\/anoticiaonline.com.br\\\/site\\\/wp-content\\\/uploads\\\/2017\\\/05\\\/2017_Gripe_-_Marcus_Ferreira_36.jpg\",\"width\":640,\"height\":427,\"caption\":\"(Foto: Marcus Ferreira\\\/Secretaria de Estado de Sa\\u00fade)\"},\"datePublished\":\"2017-05-04T12:22:24-03:00\",\"dateModified\":\"2017-05-04T12:22:24-03:00\",\"inLanguage\":\"pt-BR\",\"mainEntityOfPage\":{\"@id\":\"https:\\\/\\\/anoticiaonline.com.br\\\/site\\\/campanha-de-vacinacao-contra-a-gripe-vai-ate-26-de-maio\\\/#webpage\"},\"isPartOf\":{\"@id\":\"https:\\\/\\\/anoticiaonline.com.br\\\/site\\\/campanha-de-vacinacao-contra-a-gripe-vai-ate-26-de-maio\\\/#webpage\"},\"articleSection\":\"Gerais\"},{\"@type\":\"BreadcrumbList\",\"@id\":\"https:\\\/\\\/anoticiaonline.com.br\\\/site\\\/campanha-de-vacinacao-contra-a-gripe-vai-ate-26-de-maio\\\/#breadcrumblist\",\"itemListElement\":[{\"@type\":\"ListItem\",\"@id\":\"https:\\\/\\\/anoticiaonline.com.br\\\/site#listItem\",\"position\":1,\"name\":\"Home\",\"item\":\"https:\\\/\\\/anoticiaonline.com.br\\\/site\",\"nextItem\":{\"@type\":\"ListItem\",\"@id\":\"https:\\\/\\\/anoticiaonline.com.br\\\/site\\\/categoria\\\/gerais\\\/#listItem\",\"name\":\"Gerais\"}},{\"@type\":\"ListItem\",\"@id\":\"https:\\\/\\\/anoticiaonline.com.br\\\/site\\\/categoria\\\/gerais\\\/#listItem\",\"position\":2,\"name\":\"Gerais\",\"item\":\"https:\\\/\\\/anoticiaonline.com.br\\\/site\\\/categoria\\\/gerais\\\/\",\"nextItem\":{\"@type\":\"ListItem\",\"@id\":\"https:\\\/\\\/anoticiaonline.com.br\\\/site\\\/campanha-de-vacinacao-contra-a-gripe-vai-ate-26-de-maio\\\/#listItem\",\"name\":\"Campanha de vacina\\u00e7\\u00e3o contra a gripe vai at\\u00e9 26 de maio\"},\"previousItem\":{\"@type\":\"ListItem\",\"@id\":\"https:\\\/\\\/anoticiaonline.com.br\\\/site#listItem\",\"name\":\"Home\"}},{\"@type\":\"ListItem\",\"@id\":\"https:\\\/\\\/anoticiaonline.com.br\\\/site\\\/campanha-de-vacinacao-contra-a-gripe-vai-ate-26-de-maio\\\/#listItem\",\"position\":3,\"name\":\"Campanha de vacina\\u00e7\\u00e3o contra a gripe vai at\\u00e9 26 de maio\",\"previousItem\":{\"@type\":\"ListItem\",\"@id\":\"https:\\\/\\\/anoticiaonline.com.br\\\/site\\\/categoria\\\/gerais\\\/#listItem\",\"name\":\"Gerais\"}}]},{\"@type\":\"Organization\",\"@id\":\"https:\\\/\\\/anoticiaonline.com.br\\\/site\\\/#organization\",\"name\":\"A Not\\u00edcia Online\",\"description\":\"Noticias de Muria\\u00e9 e regi\\u00e3o\",\"url\":\"https:\\\/\\\/anoticiaonline.com.br\\\/site\\\/\",\"logo\":{\"@type\":\"ImageObject\",\"url\":\"https:\\\/\\\/scontent-gig4-1.xx.fbcdn.net\\\/v\\\/t39.30808-1\\\/270437624_4564083193639691_6907940295614233970_n.jpg?stp=dst-jpg_s200x200_tt6&_nc_cat=111&ccb=1-7&_nc_sid=f907e8&_nc_ohc=SM1wRlP3lJwQ7kNvwEPuBYA&_nc_oc=AdnqrjDN_BNjSSHWO-GbkIWH6fkGMLw4bqvL_NH6e2wMveX7G-rP2dAqsDSq1mJMOaY&_nc_zt=24&_nc_ht=scontent-gig4-1.xx&_nc_gid=AoBFJeGrT1hVaew_6rchkQ&oh=00_AfX7QmFGhQhG2jAllVgXCiM1ZrWgvtp80-Bfppyexh1QEg&oe=689E923C\",\"@id\":\"https:\\\/\\\/anoticiaonline.com.br\\\/site\\\/campanha-de-vacinacao-contra-a-gripe-vai-ate-26-de-maio\\\/#organizationLogo\"},\"image\":{\"@id\":\"https:\\\/\\\/anoticiaonline.com.br\\\/site\\\/campanha-de-vacinacao-contra-a-gripe-vai-ate-26-de-maio\\\/#organizationLogo\"}},{\"@type\":\"Person\",\"@id\":\"https:\\\/\\\/anoticiaonline.com.br\\\/site\\\/author\\\/juliana\\\/#author\",\"url\":\"https:\\\/\\\/anoticiaonline.com.br\\\/site\\\/author\\\/juliana\\\/\",\"name\":\"Juliana Laviola\",\"image\":{\"@type\":\"ImageObject\",\"@id\":\"https:\\\/\\\/anoticiaonline.com.br\\\/site\\\/campanha-de-vacinacao-contra-a-gripe-vai-ate-26-de-maio\\\/#authorImage\",\"url\":\"https:\\\/\\\/secure.gravatar.com\\\/avatar\\\/b8d45f5c699b100dfaf0e543582f38f38bf94cb7ae3a5e9abf8d891a34773335?s=96&d=mm&r=g\",\"width\":96,\"height\":96,\"caption\":\"Juliana Laviola\"}},{\"@type\":\"WebPage\",\"@id\":\"https:\\\/\\\/anoticiaonline.com.br\\\/site\\\/campanha-de-vacinacao-contra-a-gripe-vai-ate-26-de-maio\\\/#webpage\",\"url\":\"https:\\\/\\\/anoticiaonline.com.br\\\/site\\\/campanha-de-vacinacao-contra-a-gripe-vai-ate-26-de-maio\\\/\",\"name\":\"Campanha de vacina\\u00e7\\u00e3o contra a gripe vai at\\u00e9 26 de maio - A Not\\u00edcia Online\",\"description\":\"A 19\\u00aa Campanha Nacional de Vacina\\u00e7\\u00e3o contra a Gripe acontece at\\u00e9 o dia 26 de maio. A meta \\u00e9 vacinar 90% do p\\u00fablico priorit\\u00e1rio, composto por idosos (acima de 60 anos), gestantes, mulheres no per\\u00edodo de at\\u00e9 45 dias ap\\u00f3s o parto (em puerp\\u00e9rio), crian\\u00e7as entre seis meses e menos de 5 anos de idade\",\"inLanguage\":\"pt-BR\",\"isPartOf\":{\"@id\":\"https:\\\/\\\/anoticiaonline.com.br\\\/site\\\/#website\"},\"breadcrumb\":{\"@id\":\"https:\\\/\\\/anoticiaonline.com.br\\\/site\\\/campanha-de-vacinacao-contra-a-gripe-vai-ate-26-de-maio\\\/#breadcrumblist\"},\"author\":{\"@id\":\"https:\\\/\\\/anoticiaonline.com.br\\\/site\\\/author\\\/juliana\\\/#author\"},\"creator\":{\"@id\":\"https:\\\/\\\/anoticiaonline.com.br\\\/site\\\/author\\\/juliana\\\/#author\"},\"image\":{\"@type\":\"ImageObject\",\"url\":\"https:\\\/\\\/anoticiaonline.com.br\\\/site\\\/wp-content\\\/uploads\\\/2017\\\/05\\\/2017_Gripe_-_Marcus_Ferreira_36.jpg\",\"@id\":\"https:\\\/\\\/anoticiaonline.com.br\\\/site\\\/campanha-de-vacinacao-contra-a-gripe-vai-ate-26-de-maio\\\/#mainImage\",\"width\":640,\"height\":427,\"caption\":\"(Foto: Marcus Ferreira\\\/Secretaria de Estado de Sa\\u00fade)\"},\"primaryImageOfPage\":{\"@id\":\"https:\\\/\\\/anoticiaonline.com.br\\\/site\\\/campanha-de-vacinacao-contra-a-gripe-vai-ate-26-de-maio\\\/#mainImage\"},\"datePublished\":\"2017-05-04T12:22:24-03:00\",\"dateModified\":\"2017-05-04T12:22:24-03:00\"},{\"@type\":\"WebSite\",\"@id\":\"https:\\\/\\\/anoticiaonline.com.br\\\/site\\\/#website\",\"url\":\"https:\\\/\\\/anoticiaonline.com.br\\\/site\\\/\",\"name\":\"A Not\\u00edcia Online\",\"description\":\"Noticias de Muria\\u00e9 e regi\\u00e3o\",\"inLanguage\":\"pt-BR\",\"publisher\":{\"@id\":\"https:\\\/\\\/anoticiaonline.com.br\\\/site\\\/#organization\"}}]}\n\t\t<\/script>\n\t\t<!-- All in One SEO -->\n\n","aioseo_head_json":{"title":"Campanha de vacina\u00e7\u00e3o contra a gripe vai at\u00e9 26 de maio - A Not\u00edcia Online","description":"A 19\u00aa Campanha Nacional de Vacina\u00e7\u00e3o contra a Gripe acontece at\u00e9 o dia 26 de maio. A meta \u00e9 vacinar 90% do p\u00fablico priorit\u00e1rio, composto por idosos (acima de 60 anos), gestantes, mulheres no per\u00edodo de at\u00e9 45 dias ap\u00f3s o parto (em puerp\u00e9rio), crian\u00e7as entre seis meses e menos de 5 anos de idade","canonical_url":"https:\/\/anoticiaonline.com.br\/site\/campanha-de-vacinacao-contra-a-gripe-vai-ate-26-de-maio\/","robots":"max-image-preview:large","keywords":"","webmasterTools":{"miscellaneous":""},"schema":{"@context":"https:\/\/schema.org","@graph":[{"@type":"BlogPosting","@id":"https:\/\/anoticiaonline.com.br\/site\/campanha-de-vacinacao-contra-a-gripe-vai-ate-26-de-maio\/#blogposting","name":"Campanha de vacina\u00e7\u00e3o contra a gripe vai at\u00e9 26 de maio - A Not\u00edcia Online","headline":"Campanha de vacina\u00e7\u00e3o contra a gripe vai at\u00e9 26 de maio","author":{"@id":"https:\/\/anoticiaonline.com.br\/site\/author\/juliana\/#author"},"publisher":{"@id":"https:\/\/anoticiaonline.com.br\/site\/#organization"},"image":{"@type":"ImageObject","url":"https:\/\/anoticiaonline.com.br\/site\/wp-content\/uploads\/2017\/05\/2017_Gripe_-_Marcus_Ferreira_36.jpg","width":640,"height":427,"caption":"(Foto: Marcus Ferreira\/Secretaria de Estado de Sa\u00fade)"},"datePublished":"2017-05-04T12:22:24-03:00","dateModified":"2017-05-04T12:22:24-03:00","inLanguage":"pt-BR","mainEntityOfPage":{"@id":"https:\/\/anoticiaonline.com.br\/site\/campanha-de-vacinacao-contra-a-gripe-vai-ate-26-de-maio\/#webpage"},"isPartOf":{"@id":"https:\/\/anoticiaonline.com.br\/site\/campanha-de-vacinacao-contra-a-gripe-vai-ate-26-de-maio\/#webpage"},"articleSection":"Gerais"},{"@type":"BreadcrumbList","@id":"https:\/\/anoticiaonline.com.br\/site\/campanha-de-vacinacao-contra-a-gripe-vai-ate-26-de-maio\/#breadcrumblist","itemListElement":[{"@type":"ListItem","@id":"https:\/\/anoticiaonline.com.br\/site#listItem","position":1,"name":"Home","item":"https:\/\/anoticiaonline.com.br\/site","nextItem":{"@type":"ListItem","@id":"https:\/\/anoticiaonline.com.br\/site\/categoria\/gerais\/#listItem","name":"Gerais"}},{"@type":"ListItem","@id":"https:\/\/anoticiaonline.com.br\/site\/categoria\/gerais\/#listItem","position":2,"name":"Gerais","item":"https:\/\/anoticiaonline.com.br\/site\/categoria\/gerais\/","nextItem":{"@type":"ListItem","@id":"https:\/\/anoticiaonline.com.br\/site\/campanha-de-vacinacao-contra-a-gripe-vai-ate-26-de-maio\/#listItem","name":"Campanha de vacina\u00e7\u00e3o contra a gripe vai at\u00e9 26 de maio"},"previousItem":{"@type":"ListItem","@id":"https:\/\/anoticiaonline.com.br\/site#listItem","name":"Home"}},{"@type":"ListItem","@id":"https:\/\/anoticiaonline.com.br\/site\/campanha-de-vacinacao-contra-a-gripe-vai-ate-26-de-maio\/#listItem","position":3,"name":"Campanha de vacina\u00e7\u00e3o contra a gripe vai at\u00e9 26 de maio","previousItem":{"@type":"ListItem","@id":"https:\/\/anoticiaonline.com.br\/site\/categoria\/gerais\/#listItem","name":"Gerais"}}]},{"@type":"Organization","@id":"https:\/\/anoticiaonline.com.br\/site\/#organization","name":"A Not\u00edcia Online","description":"Noticias de Muria\u00e9 e regi\u00e3o","url":"https:\/\/anoticiaonline.com.br\/site\/","logo":{"@type":"ImageObject","url":"https:\/\/scontent-gig4-1.xx.fbcdn.net\/v\/t39.30808-1\/270437624_4564083193639691_6907940295614233970_n.jpg?stp=dst-jpg_s200x200_tt6&_nc_cat=111&ccb=1-7&_nc_sid=f907e8&_nc_ohc=SM1wRlP3lJwQ7kNvwEPuBYA&_nc_oc=AdnqrjDN_BNjSSHWO-GbkIWH6fkGMLw4bqvL_NH6e2wMveX7G-rP2dAqsDSq1mJMOaY&_nc_zt=24&_nc_ht=scontent-gig4-1.xx&_nc_gid=AoBFJeGrT1hVaew_6rchkQ&oh=00_AfX7QmFGhQhG2jAllVgXCiM1ZrWgvtp80-Bfppyexh1QEg&oe=689E923C","@id":"https:\/\/anoticiaonline.com.br\/site\/campanha-de-vacinacao-contra-a-gripe-vai-ate-26-de-maio\/#organizationLogo"},"image":{"@id":"https:\/\/anoticiaonline.com.br\/site\/campanha-de-vacinacao-contra-a-gripe-vai-ate-26-de-maio\/#organizationLogo"}},{"@type":"Person","@id":"https:\/\/anoticiaonline.com.br\/site\/author\/juliana\/#author","url":"https:\/\/anoticiaonline.com.br\/site\/author\/juliana\/","name":"Juliana Laviola","image":{"@type":"ImageObject","@id":"https:\/\/anoticiaonline.com.br\/site\/campanha-de-vacinacao-contra-a-gripe-vai-ate-26-de-maio\/#authorImage","url":"https:\/\/secure.gravatar.com\/avatar\/b8d45f5c699b100dfaf0e543582f38f38bf94cb7ae3a5e9abf8d891a34773335?s=96&d=mm&r=g","width":96,"height":96,"caption":"Juliana Laviola"}},{"@type":"WebPage","@id":"https:\/\/anoticiaonline.com.br\/site\/campanha-de-vacinacao-contra-a-gripe-vai-ate-26-de-maio\/#webpage","url":"https:\/\/anoticiaonline.com.br\/site\/campanha-de-vacinacao-contra-a-gripe-vai-ate-26-de-maio\/","name":"Campanha de vacina\u00e7\u00e3o contra a gripe vai at\u00e9 26 de maio - A Not\u00edcia Online","description":"A 19\u00aa Campanha Nacional de Vacina\u00e7\u00e3o contra a Gripe acontece at\u00e9 o dia 26 de maio. A meta \u00e9 vacinar 90% do p\u00fablico priorit\u00e1rio, composto por idosos (acima de 60 anos), gestantes, mulheres no per\u00edodo de at\u00e9 45 dias ap\u00f3s o parto (em puerp\u00e9rio), crian\u00e7as entre seis meses e menos de 5 anos de idade","inLanguage":"pt-BR","isPartOf":{"@id":"https:\/\/anoticiaonline.com.br\/site\/#website"},"breadcrumb":{"@id":"https:\/\/anoticiaonline.com.br\/site\/campanha-de-vacinacao-contra-a-gripe-vai-ate-26-de-maio\/#breadcrumblist"},"author":{"@id":"https:\/\/anoticiaonline.com.br\/site\/author\/juliana\/#author"},"creator":{"@id":"https:\/\/anoticiaonline.com.br\/site\/author\/juliana\/#author"},"image":{"@type":"ImageObject","url":"https:\/\/anoticiaonline.com.br\/site\/wp-content\/uploads\/2017\/05\/2017_Gripe_-_Marcus_Ferreira_36.jpg","@id":"https:\/\/anoticiaonline.com.br\/site\/campanha-de-vacinacao-contra-a-gripe-vai-ate-26-de-maio\/#mainImage","width":640,"height":427,"caption":"(Foto: Marcus Ferreira\/Secretaria de Estado de Sa\u00fade)"},"primaryImageOfPage":{"@id":"https:\/\/anoticiaonline.com.br\/site\/campanha-de-vacinacao-contra-a-gripe-vai-ate-26-de-maio\/#mainImage"},"datePublished":"2017-05-04T12:22:24-03:00","dateModified":"2017-05-04T12:22:24-03:00"},{"@type":"WebSite","@id":"https:\/\/anoticiaonline.com.br\/site\/#website","url":"https:\/\/anoticiaonline.com.br\/site\/","name":"A Not\u00edcia Online","description":"Noticias de Muria\u00e9 e regi\u00e3o","inLanguage":"pt-BR","publisher":{"@id":"https:\/\/anoticiaonline.com.br\/site\/#organization"}}]},"og:locale":"pt_BR","og:site_name":"A Not\u00edcia Online - Noticias de Muria\u00e9 e regi\u00e3o","og:type":"article","og:title":"Campanha de vacina\u00e7\u00e3o contra a gripe vai at\u00e9 26 de maio - A Not\u00edcia Online","og:description":"A 19\u00aa Campanha Nacional de Vacina\u00e7\u00e3o contra a Gripe acontece at\u00e9 o dia 26 de maio. A meta \u00e9 vacinar 90% do p\u00fablico priorit\u00e1rio, composto por idosos (acima de 60 anos), gestantes, mulheres no per\u00edodo de at\u00e9 45 dias ap\u00f3s o parto (em puerp\u00e9rio), crian\u00e7as entre seis meses e menos de 5 anos de idade","og:url":"https:\/\/anoticiaonline.com.br\/site\/campanha-de-vacinacao-contra-a-gripe-vai-ate-26-de-maio\/","og:image":"https:\/\/scontent-gig4-1.xx.fbcdn.net\/v\/t39.30808-1\/270437624_4564083193639691_6907940295614233970_n.jpg?stp=dst-jpg_s200x200_tt6&#038;_nc_cat=111&#038;ccb=1-7&#038;_nc_sid=f907e8&#038;_nc_ohc=SM1wRlP3lJwQ7kNvwEPuBYA&#038;_nc_oc=AdnqrjDN_BNjSSHWO-GbkIWH6fkGMLw4bqvL_NH6e2wMveX7G-rP2dAqsDSq1mJMOaY&#038;_nc_zt=24&#038;_nc_ht=scontent-gig4-1.xx&#038;_nc_gid=AoBFJeGrT1hVaew_6rchkQ&#038;oh=00_AfX7QmFGhQhG2jAllVgXCiM1ZrWgvtp80-Bfppyexh1QEg&#038;oe=689E923C","og:image:secure_url":"https:\/\/scontent-gig4-1.xx.fbcdn.net\/v\/t39.30808-1\/270437624_4564083193639691_6907940295614233970_n.jpg?stp=dst-jpg_s200x200_tt6&#038;_nc_cat=111&#038;ccb=1-7&#038;_nc_sid=f907e8&#038;_nc_ohc=SM1wRlP3lJwQ7kNvwEPuBYA&#038;_nc_oc=AdnqrjDN_BNjSSHWO-GbkIWH6fkGMLw4bqvL_NH6e2wMveX7G-rP2dAqsDSq1mJMOaY&#038;_nc_zt=24&#038;_nc_ht=scontent-gig4-1.xx&#038;_nc_gid=AoBFJeGrT1hVaew_6rchkQ&#038;oh=00_AfX7QmFGhQhG2jAllVgXCiM1ZrWgvtp80-Bfppyexh1QEg&#038;oe=689E923C","article:published_time":"2017-05-04T15:22:24+00:00","article:modified_time":"2017-05-04T15:22:24+00:00","twitter:card":"summary_large_image","twitter:title":"Campanha de vacina\u00e7\u00e3o contra a gripe vai at\u00e9 26 de maio - A Not\u00edcia Online","twitter:description":"A 19\u00aa Campanha Nacional de Vacina\u00e7\u00e3o contra a Gripe acontece at\u00e9 o dia 26 de maio. A meta \u00e9 vacinar 90% do p\u00fablico priorit\u00e1rio, composto por idosos (acima de 60 anos), gestantes, mulheres no per\u00edodo de at\u00e9 45 dias ap\u00f3s o parto (em puerp\u00e9rio), crian\u00e7as entre seis meses e menos de 5 anos de idade","twitter:image":"https:\/\/scontent-gig4-1.xx.fbcdn.net\/v\/t39.30808-1\/270437624_4564083193639691_6907940295614233970_n.jpg?stp=dst-jpg_s200x200_tt6&_nc_cat=111&ccb=1-7&_nc_sid=f907e8&_nc_ohc=SM1wRlP3lJwQ7kNvwEPuBYA&_nc_oc=AdnqrjDN_BNjSSHWO-GbkIWH6fkGMLw4bqvL_NH6e2wMveX7G-rP2dAqsDSq1mJMOaY&_nc_zt=24&_nc_ht=scontent-gig4-1.xx&_nc_gid=AoBFJeGrT1hVaew_6rchkQ&oh=00_AfX7QmFGhQhG2jAllVgXCiM1ZrWgvtp80-Bfppyexh1QEg&oe=689E923C"},"aioseo_meta_data":{"post_id":"28824","title":null,"description":null,"keywords":null,"keyphrases":null,"primary_term":null,"canonical_url":null,"og_title":null,"og_description":null,"og_object_type":"default","og_image_type":"default","og_image_url":null,"og_image_width":null,"og_image_height":null,"og_image_custom_url":null,"og_image_custom_fields":null,"og_video":null,"og_custom_url":null,"og_article_section":null,"og_article_tags":null,"twitter_use_og":false,"twitter_card":"default","twitter_image_type":"default","twitter_image_url":null,"twitter_image_custom_url":null,"twitter_image_custom_fields":null,"twitter_title":null,"twitter_description":null,"schema":{"blockGraphs":[],"customGraphs":[],"default":{"data":{"Article":[],"Course":[],"Dataset":[],"FAQPage":[],"Movie":[],"Person":[],"Product":[],"ProductReview":[],"Car":[],"Recipe":[],"Service":[],"SoftwareApplication":[],"WebPage":[]},"graphName":"","isEnabled":true},"graphs":[]},"schema_type":"default","schema_type_options":null,"pillar_content":false,"robots_default":true,"robots_noindex":false,"robots_noarchive":false,"robots_nosnippet":false,"robots_nofollow":false,"robots_noimageindex":false,"robots_noodp":false,"robots_notranslate":false,"robots_max_snippet":null,"robots_max_videopreview":null,"robots_max_imagepreview":"large","priority":null,"frequency":null,"local_seo":null,"breadcrumb_settings":null,"limit_modified_date":false,"ai":null,"created":"2025-08-16 18:18:21","updated":"2025-08-16 18:18:21","focus_keyword":null,"additional_keywords":null,"truseo_locale":null,"seo_analyzer_scan_date":null},"aioseo_breadcrumb":"<div class=\"aioseo-breadcrumbs\"><span class=\"aioseo-breadcrumb\">\n\t\t\t<a href=\"https:\/\/anoticiaonline.com.br\/site\" title=\"Home\">Home<\/a>\n\t\t<\/span><span class=\"aioseo-breadcrumb-separator\">&raquo;<\/span><span class=\"aioseo-breadcrumb\">\n\t\t\t<a href=\"https:\/\/anoticiaonline.com.br\/site\/categoria\/gerais\/\" title=\"Gerais\">Gerais<\/a>\n\t\t<\/span><span class=\"aioseo-breadcrumb-separator\">&raquo;<\/span><span class=\"aioseo-breadcrumb\">\n\t\t\tCampanha de vacina\u00e7\u00e3o contra a gripe vai at\u00e9 26 de maio\n\t\t<\/span><\/div>","aioseo_breadcrumb_json":[{"label":"Home","link":"https:\/\/anoticiaonline.com.br\/site"},{"label":"Gerais","link":"https:\/\/anoticiaonline.com.br\/site\/categoria\/gerais\/"},{"label":"Campanha de vacina\u00e7\u00e3o contra a gripe vai at\u00e9 26 de maio","link":"https:\/\/anoticiaonline.com.br\/site\/campanha-de-vacinacao-contra-a-gripe-vai-ate-26-de-maio\/"}],"views":124,"_links":{"self":[{"href":"https:\/\/anoticiaonline.com.br\/site\/wp-json\/wp\/v2\/posts\/28824","targetHints":{"allow":["GET"]}}],"collection":[{"href":"https:\/\/anoticiaonline.com.br\/site\/wp-json\/wp\/v2\/posts"}],"about":[{"href":"https:\/\/anoticiaonline.com.br\/site\/wp-json\/wp\/v2\/types\/post"}],"author":[{"embeddable":true,"href":"https:\/\/anoticiaonline.com.br\/site\/wp-json\/wp\/v2\/users\/2"}],"replies":[{"embeddable":true,"href":"https:\/\/anoticiaonline.com.br\/site\/wp-json\/wp\/v2\/comments?post=28824"}],"version-history":[{"count":0,"href":"https:\/\/anoticiaonline.com.br\/site\/wp-json\/wp\/v2\/posts\/28824\/revisions"}],"wp:featuredmedia":[{"embeddable":true,"href":"https:\/\/anoticiaonline.com.br\/site\/wp-json\/wp\/v2\/media\/28825"}],"wp:attachment":[{"href":"https:\/\/anoticiaonline.com.br\/site\/wp-json\/wp\/v2\/media?parent=28824"}],"wp:term":[{"taxonomy":"category","embeddable":true,"href":"https:\/\/anoticiaonline.com.br\/site\/wp-json\/wp\/v2\/categories?post=28824"},{"taxonomy":"post_tag","embeddable":true,"href":"https:\/\/anoticiaonline.com.br\/site\/wp-json\/wp\/v2\/tags?post=28824"}],"curies":[{"name":"wp","href":"https:\/\/api.w.org\/{rel}","templated":true}]}}