{"id":28619,"date":"2017-04-27T15:52:12","date_gmt":"2017-04-27T18:52:12","guid":{"rendered":"http:\/\/anoticiaonline.com.br\/site\/?p=28619"},"modified":"2017-04-27T16:01:29","modified_gmt":"2017-04-27T19:01:29","slug":"festividades-do-mes-de-maria-na-paroquia-sao-paulo-comecam-nesta-quinta-feira","status":"publish","type":"post","link":"https:\/\/anoticiaonline.com.br\/site\/festividades-do-mes-de-maria-na-paroquia-sao-paulo-comecam-nesta-quinta-feira\/","title":{"rendered":"Festividades do m\u00eas de Maria na Par\u00f3quia S\u00e3o Paulo come\u00e7am nesta quinta-feira"},"content":{"rendered":"<p><a href=\"https:\/\/anoticiaonline.com.br\/site\/wp-content\/uploads\/2017\/04\/matriz-s\u00e3o-paulo.jpg\"><img fetchpriority=\"high\" decoding=\"async\" class=\" size-medium wp-image-28620 alignleft\" src=\"https:\/\/anoticiaonline.com.br\/site\/wp-content\/uploads\/2017\/04\/matriz-s\u00e3o-paulo-300x234.jpg\" alt=\"matriz s\u00e3o paulo\" width=\"300\" height=\"234\" srcset=\"https:\/\/anoticiaonline.com.br\/site\/wp-content\/uploads\/2017\/04\/matriz-s\u00e3o-paulo-300x234.jpg 300w, https:\/\/anoticiaonline.com.br\/site\/wp-content\/uploads\/2017\/04\/matriz-s\u00e3o-paulo.jpg 640w\" sizes=\"(max-width: 300px) 100vw, 300px\" \/><\/a>As festividades do m\u00eas de Maria na Par\u00f3quia S\u00e3o Paulo come\u00e7am hoje (27) e v\u00e3o at\u00e9 o dia 28 de maio. Sempre de quinta-feira a domingo, a programa\u00e7\u00e3o inclui missas, coroa\u00e7\u00f5es, pescaria, doces, bingos, leil\u00f5es e barraquinhas de comidas t\u00edpicas.<\/p>\n<p>&nbsp;<\/p>\n<p>&nbsp;<\/p>\n<p>&nbsp;<\/p>\n<p>&nbsp;<\/p>\n<p>&nbsp;<\/p>\n<p><strong>CLIQUE NO CARTAZ E CONFIRA A PROGRAMA\u00c7\u00c3O COMPLETA:<\/strong><\/p>\n<p><a href=\"https:\/\/anoticiaonline.com.br\/site\/wp-content\/uploads\/2017\/04\/CARTAZ-2017-PAR\u00d3QUIA-MATRIZ-S\u00c3O-PAULO-Programa-Maio-Maria-F-4-64x88-bicolor.jpg\"><img decoding=\"async\" class=\"alignnone size-medium wp-image-28621\" src=\"https:\/\/anoticiaonline.com.br\/site\/wp-content\/uploads\/2017\/04\/CARTAZ-2017-PAR\u00d3QUIA-MATRIZ-S\u00c3O-PAULO-Programa-Maio-Maria-F-4-64x88-bicolor-212x300.jpg\" alt=\"CARTAZ 2017 - PAR\u00d3QUIA MATRIZ S\u00c3O PAULO - Programa Maio - Maria F-4 - 64x88 bicolor\" width=\"212\" height=\"300\" srcset=\"https:\/\/anoticiaonline.com.br\/site\/wp-content\/uploads\/2017\/04\/CARTAZ-2017-PAR\u00d3QUIA-MATRIZ-S\u00c3O-PAULO-Programa-Maio-Maria-F-4-64x88-bicolor-212x300.jpg 212w, https:\/\/anoticiaonline.com.br\/site\/wp-content\/uploads\/2017\/04\/CARTAZ-2017-PAR\u00d3QUIA-MATRIZ-S\u00c3O-PAULO-Programa-Maio-Maria-F-4-64x88-bicolor.jpg 452w\" sizes=\"(max-width: 212px) 100vw, 212px\" \/><\/a><\/p>\n","protected":false},"excerpt":{"rendered":"<p>As festividades do m\u00eas de Maria na Par\u00f3quia S\u00e3o Paulo come\u00e7am hoje (27) e v\u00e3o at\u00e9 o dia 28 de maio. Sempre de quinta-feira a domingo, a programa\u00e7\u00e3o inclui missas, coroa\u00e7\u00f5es, pescaria, doces, bingos, leil\u00f5es e barraquinhas de comidas t\u00edpicas. &nbsp; &nbsp; &nbsp; &nbsp; &nbsp; CLIQUE NO CARTAZ E CONFIRA A PROGRAMA\u00c7\u00c3O COMPLETA:<\/p>\n","protected":false},"author":2,"featured_media":28620,"comment_status":"open","ping_status":"open","sticky":false,"template":"","format":"standard","meta":{"_acf_changed":false,"_monsterinsights_skip_tracking":false,"footnotes":""},"categories":[30],"tags":[3],"class_list":["post-28619","post","type-post","status-publish","format-standard","has-post-thumbnail","hentry","category-muriae","tag-slide"],"acf":[],"aioseo_notices":[],"aioseo_head":"\n\t\t<!-- All in One SEO 5.0.0.1 - aioseo.com -->\n\t<meta name=\"description\" content=\"As festividades do m\u00eas de Maria na Par\u00f3quia S\u00e3o Paulo come\u00e7am hoje (27) e v\u00e3o at\u00e9 o dia 28 de maio. Sempre de quinta-feira a domingo, a programa\u00e7\u00e3o inclui missas, coroa\u00e7\u00f5es, pescaria, doces, bingos, leil\u00f5es e barraquinhas de comidas t\u00edpicas. CLIQUE NO CARTAZ E CONFIRA A PROGRAMA\u00c7\u00c3O COMPLETA:\" \/>\n\t<meta name=\"robots\" content=\"max-image-preview:large\" \/>\n\t<meta name=\"author\" content=\"Juliana Laviola\"\/>\n\t<link rel=\"canonical\" href=\"https:\/\/anoticiaonline.com.br\/site\/festividades-do-mes-de-maria-na-paroquia-sao-paulo-comecam-nesta-quinta-feira\/\" \/>\n\t<meta name=\"generator\" content=\"All in One SEO (AIOSEO) 5.0.0.1\" \/>\n\t\t<meta property=\"og:locale\" content=\"pt_BR\" \/>\n\t\t<meta property=\"og:site_name\" content=\"A Not\u00edcia Online - Noticias de Muria\u00e9 e regi\u00e3o\" \/>\n\t\t<meta property=\"og:type\" content=\"article\" \/>\n\t\t<meta property=\"og:title\" content=\"Festividades do m\u00eas de Maria na Par\u00f3quia S\u00e3o Paulo come\u00e7am nesta quinta-feira - A Not\u00edcia Online\" \/>\n\t\t<meta property=\"og:description\" content=\"As festividades do m\u00eas de Maria na Par\u00f3quia S\u00e3o Paulo come\u00e7am hoje (27) e v\u00e3o at\u00e9 o dia 28 de maio. Sempre de quinta-feira a domingo, a programa\u00e7\u00e3o inclui missas, coroa\u00e7\u00f5es, pescaria, doces, bingos, leil\u00f5es e barraquinhas de comidas t\u00edpicas. CLIQUE NO CARTAZ E CONFIRA A PROGRAMA\u00c7\u00c3O COMPLETA:\" \/>\n\t\t<meta property=\"og:url\" content=\"https:\/\/anoticiaonline.com.br\/site\/festividades-do-mes-de-maria-na-paroquia-sao-paulo-comecam-nesta-quinta-feira\/\" \/>\n\t\t<meta property=\"og:image\" content=\"https:\/\/scontent-gig4-1.xx.fbcdn.net\/v\/t39.30808-1\/270437624_4564083193639691_6907940295614233970_n.jpg?stp=dst-jpg_s200x200_tt6&#038;_nc_cat=111&#038;ccb=1-7&#038;_nc_sid=f907e8&#038;_nc_ohc=SM1wRlP3lJwQ7kNvwEPuBYA&#038;_nc_oc=AdnqrjDN_BNjSSHWO-GbkIWH6fkGMLw4bqvL_NH6e2wMveX7G-rP2dAqsDSq1mJMOaY&#038;_nc_zt=24&#038;_nc_ht=scontent-gig4-1.xx&#038;_nc_gid=AoBFJeGrT1hVaew_6rchkQ&#038;oh=00_AfX7QmFGhQhG2jAllVgXCiM1ZrWgvtp80-Bfppyexh1QEg&#038;oe=689E923C\" \/>\n\t\t<meta property=\"og:image:secure_url\" content=\"https:\/\/scontent-gig4-1.xx.fbcdn.net\/v\/t39.30808-1\/270437624_4564083193639691_6907940295614233970_n.jpg?stp=dst-jpg_s200x200_tt6&#038;_nc_cat=111&#038;ccb=1-7&#038;_nc_sid=f907e8&#038;_nc_ohc=SM1wRlP3lJwQ7kNvwEPuBYA&#038;_nc_oc=AdnqrjDN_BNjSSHWO-GbkIWH6fkGMLw4bqvL_NH6e2wMveX7G-rP2dAqsDSq1mJMOaY&#038;_nc_zt=24&#038;_nc_ht=scontent-gig4-1.xx&#038;_nc_gid=AoBFJeGrT1hVaew_6rchkQ&#038;oh=00_AfX7QmFGhQhG2jAllVgXCiM1ZrWgvtp80-Bfppyexh1QEg&#038;oe=689E923C\" \/>\n\t\t<meta property=\"article:published_time\" content=\"2017-04-27T18:52:12+00:00\" \/>\n\t\t<meta property=\"article:modified_time\" content=\"2017-04-27T19:01:29+00:00\" \/>\n\t\t<meta name=\"twitter:card\" content=\"summary_large_image\" \/>\n\t\t<meta name=\"twitter:title\" content=\"Festividades do m\u00eas de Maria na Par\u00f3quia S\u00e3o Paulo come\u00e7am nesta quinta-feira - A Not\u00edcia Online\" \/>\n\t\t<meta name=\"twitter:description\" content=\"As festividades do m\u00eas de Maria na Par\u00f3quia S\u00e3o Paulo come\u00e7am hoje (27) e v\u00e3o at\u00e9 o dia 28 de maio. Sempre de quinta-feira a domingo, a programa\u00e7\u00e3o inclui missas, coroa\u00e7\u00f5es, pescaria, doces, bingos, leil\u00f5es e barraquinhas de comidas t\u00edpicas. CLIQUE NO CARTAZ E CONFIRA A PROGRAMA\u00c7\u00c3O COMPLETA:\" \/>\n\t\t<meta name=\"twitter:image\" content=\"https:\/\/scontent-gig4-1.xx.fbcdn.net\/v\/t39.30808-1\/270437624_4564083193639691_6907940295614233970_n.jpg?stp=dst-jpg_s200x200_tt6&amp;_nc_cat=111&amp;ccb=1-7&amp;_nc_sid=f907e8&amp;_nc_ohc=SM1wRlP3lJwQ7kNvwEPuBYA&amp;_nc_oc=AdnqrjDN_BNjSSHWO-GbkIWH6fkGMLw4bqvL_NH6e2wMveX7G-rP2dAqsDSq1mJMOaY&amp;_nc_zt=24&amp;_nc_ht=scontent-gig4-1.xx&amp;_nc_gid=AoBFJeGrT1hVaew_6rchkQ&amp;oh=00_AfX7QmFGhQhG2jAllVgXCiM1ZrWgvtp80-Bfppyexh1QEg&amp;oe=689E923C\" \/>\n\t\t<script type=\"application\/ld+json\" class=\"aioseo-schema\">\n\t\t\t{\"@context\":\"https:\\\/\\\/schema.org\",\"@graph\":[{\"@type\":\"BlogPosting\",\"@id\":\"https:\\\/\\\/anoticiaonline.com.br\\\/site\\\/festividades-do-mes-de-maria-na-paroquia-sao-paulo-comecam-nesta-quinta-feira\\\/#blogposting\",\"name\":\"Festividades do m\\u00eas de Maria na Par\\u00f3quia S\\u00e3o Paulo come\\u00e7am nesta quinta-feira - A Not\\u00edcia Online\",\"headline\":\"Festividades do m\\u00eas de Maria na Par\\u00f3quia S\\u00e3o Paulo come\\u00e7am nesta quinta-feira\",\"author\":{\"@id\":\"https:\\\/\\\/anoticiaonline.com.br\\\/site\\\/author\\\/juliana\\\/#author\"},\"publisher\":{\"@id\":\"https:\\\/\\\/anoticiaonline.com.br\\\/site\\\/#organization\"},\"image\":{\"@type\":\"ImageObject\",\"url\":\"https:\\\/\\\/anoticiaonline.com.br\\\/site\\\/wp-content\\\/uploads\\\/2017\\\/04\\\/matriz-s\\u00e3o-paulo.jpg\",\"width\":640,\"height\":499},\"datePublished\":\"2017-04-27T15:52:12-03:00\",\"dateModified\":\"2017-04-27T16:01:29-03:00\",\"inLanguage\":\"pt-BR\",\"mainEntityOfPage\":{\"@id\":\"https:\\\/\\\/anoticiaonline.com.br\\\/site\\\/festividades-do-mes-de-maria-na-paroquia-sao-paulo-comecam-nesta-quinta-feira\\\/#webpage\"},\"isPartOf\":{\"@id\":\"https:\\\/\\\/anoticiaonline.com.br\\\/site\\\/festividades-do-mes-de-maria-na-paroquia-sao-paulo-comecam-nesta-quinta-feira\\\/#webpage\"},\"articleSection\":\"Blog, slide\"},{\"@type\":\"BreadcrumbList\",\"@id\":\"https:\\\/\\\/anoticiaonline.com.br\\\/site\\\/festividades-do-mes-de-maria-na-paroquia-sao-paulo-comecam-nesta-quinta-feira\\\/#breadcrumblist\",\"itemListElement\":[{\"@type\":\"ListItem\",\"@id\":\"https:\\\/\\\/anoticiaonline.com.br\\\/site#listItem\",\"position\":1,\"name\":\"Home\",\"item\":\"https:\\\/\\\/anoticiaonline.com.br\\\/site\",\"nextItem\":{\"@type\":\"ListItem\",\"@id\":\"https:\\\/\\\/anoticiaonline.com.br\\\/site\\\/categoria\\\/muriae\\\/#listItem\",\"name\":\"Blog\"}},{\"@type\":\"ListItem\",\"@id\":\"https:\\\/\\\/anoticiaonline.com.br\\\/site\\\/categoria\\\/muriae\\\/#listItem\",\"position\":2,\"name\":\"Blog\",\"item\":\"https:\\\/\\\/anoticiaonline.com.br\\\/site\\\/categoria\\\/muriae\\\/\",\"nextItem\":{\"@type\":\"ListItem\",\"@id\":\"https:\\\/\\\/anoticiaonline.com.br\\\/site\\\/festividades-do-mes-de-maria-na-paroquia-sao-paulo-comecam-nesta-quinta-feira\\\/#listItem\",\"name\":\"Festividades do m\\u00eas de Maria na Par\\u00f3quia S\\u00e3o Paulo come\\u00e7am nesta quinta-feira\"},\"previousItem\":{\"@type\":\"ListItem\",\"@id\":\"https:\\\/\\\/anoticiaonline.com.br\\\/site#listItem\",\"name\":\"Home\"}},{\"@type\":\"ListItem\",\"@id\":\"https:\\\/\\\/anoticiaonline.com.br\\\/site\\\/festividades-do-mes-de-maria-na-paroquia-sao-paulo-comecam-nesta-quinta-feira\\\/#listItem\",\"position\":3,\"name\":\"Festividades do m\\u00eas de Maria na Par\\u00f3quia S\\u00e3o Paulo come\\u00e7am nesta quinta-feira\",\"previousItem\":{\"@type\":\"ListItem\",\"@id\":\"https:\\\/\\\/anoticiaonline.com.br\\\/site\\\/categoria\\\/muriae\\\/#listItem\",\"name\":\"Blog\"}}]},{\"@type\":\"Organization\",\"@id\":\"https:\\\/\\\/anoticiaonline.com.br\\\/site\\\/#organization\",\"name\":\"A Not\\u00edcia Online\",\"description\":\"Noticias de Muria\\u00e9 e regi\\u00e3o\",\"url\":\"https:\\\/\\\/anoticiaonline.com.br\\\/site\\\/\",\"logo\":{\"@type\":\"ImageObject\",\"url\":\"https:\\\/\\\/scontent-gig4-1.xx.fbcdn.net\\\/v\\\/t39.30808-1\\\/270437624_4564083193639691_6907940295614233970_n.jpg?stp=dst-jpg_s200x200_tt6&_nc_cat=111&ccb=1-7&_nc_sid=f907e8&_nc_ohc=SM1wRlP3lJwQ7kNvwEPuBYA&_nc_oc=AdnqrjDN_BNjSSHWO-GbkIWH6fkGMLw4bqvL_NH6e2wMveX7G-rP2dAqsDSq1mJMOaY&_nc_zt=24&_nc_ht=scontent-gig4-1.xx&_nc_gid=AoBFJeGrT1hVaew_6rchkQ&oh=00_AfX7QmFGhQhG2jAllVgXCiM1ZrWgvtp80-Bfppyexh1QEg&oe=689E923C\",\"@id\":\"https:\\\/\\\/anoticiaonline.com.br\\\/site\\\/festividades-do-mes-de-maria-na-paroquia-sao-paulo-comecam-nesta-quinta-feira\\\/#organizationLogo\"},\"image\":{\"@id\":\"https:\\\/\\\/anoticiaonline.com.br\\\/site\\\/festividades-do-mes-de-maria-na-paroquia-sao-paulo-comecam-nesta-quinta-feira\\\/#organizationLogo\"}},{\"@type\":\"Person\",\"@id\":\"https:\\\/\\\/anoticiaonline.com.br\\\/site\\\/author\\\/juliana\\\/#author\",\"url\":\"https:\\\/\\\/anoticiaonline.com.br\\\/site\\\/author\\\/juliana\\\/\",\"name\":\"Juliana Laviola\",\"image\":{\"@type\":\"ImageObject\",\"@id\":\"https:\\\/\\\/anoticiaonline.com.br\\\/site\\\/festividades-do-mes-de-maria-na-paroquia-sao-paulo-comecam-nesta-quinta-feira\\\/#authorImage\",\"url\":\"https:\\\/\\\/secure.gravatar.com\\\/avatar\\\/b8d45f5c699b100dfaf0e543582f38f38bf94cb7ae3a5e9abf8d891a34773335?s=96&d=mm&r=g\",\"width\":96,\"height\":96,\"caption\":\"Juliana Laviola\"}},{\"@type\":\"WebPage\",\"@id\":\"https:\\\/\\\/anoticiaonline.com.br\\\/site\\\/festividades-do-mes-de-maria-na-paroquia-sao-paulo-comecam-nesta-quinta-feira\\\/#webpage\",\"url\":\"https:\\\/\\\/anoticiaonline.com.br\\\/site\\\/festividades-do-mes-de-maria-na-paroquia-sao-paulo-comecam-nesta-quinta-feira\\\/\",\"name\":\"Festividades do m\\u00eas de Maria na Par\\u00f3quia S\\u00e3o Paulo come\\u00e7am nesta quinta-feira - A Not\\u00edcia Online\",\"description\":\"As festividades do m\\u00eas de Maria na Par\\u00f3quia S\\u00e3o Paulo come\\u00e7am hoje (27) e v\\u00e3o at\\u00e9 o dia 28 de maio. Sempre de quinta-feira a domingo, a programa\\u00e7\\u00e3o inclui missas, coroa\\u00e7\\u00f5es, pescaria, doces, bingos, leil\\u00f5es e barraquinhas de comidas t\\u00edpicas. CLIQUE NO CARTAZ E CONFIRA A PROGRAMA\\u00c7\\u00c3O COMPLETA:\",\"inLanguage\":\"pt-BR\",\"isPartOf\":{\"@id\":\"https:\\\/\\\/anoticiaonline.com.br\\\/site\\\/#website\"},\"breadcrumb\":{\"@id\":\"https:\\\/\\\/anoticiaonline.com.br\\\/site\\\/festividades-do-mes-de-maria-na-paroquia-sao-paulo-comecam-nesta-quinta-feira\\\/#breadcrumblist\"},\"author\":{\"@id\":\"https:\\\/\\\/anoticiaonline.com.br\\\/site\\\/author\\\/juliana\\\/#author\"},\"creator\":{\"@id\":\"https:\\\/\\\/anoticiaonline.com.br\\\/site\\\/author\\\/juliana\\\/#author\"},\"image\":{\"@type\":\"ImageObject\",\"url\":\"https:\\\/\\\/anoticiaonline.com.br\\\/site\\\/wp-content\\\/uploads\\\/2017\\\/04\\\/matriz-s\\u00e3o-paulo.jpg\",\"@id\":\"https:\\\/\\\/anoticiaonline.com.br\\\/site\\\/festividades-do-mes-de-maria-na-paroquia-sao-paulo-comecam-nesta-quinta-feira\\\/#mainImage\",\"width\":640,\"height\":499},\"primaryImageOfPage\":{\"@id\":\"https:\\\/\\\/anoticiaonline.com.br\\\/site\\\/festividades-do-mes-de-maria-na-paroquia-sao-paulo-comecam-nesta-quinta-feira\\\/#mainImage\"},\"datePublished\":\"2017-04-27T15:52:12-03:00\",\"dateModified\":\"2017-04-27T16:01:29-03:00\"},{\"@type\":\"WebSite\",\"@id\":\"https:\\\/\\\/anoticiaonline.com.br\\\/site\\\/#website\",\"url\":\"https:\\\/\\\/anoticiaonline.com.br\\\/site\\\/\",\"name\":\"A Not\\u00edcia Online\",\"description\":\"Noticias de Muria\\u00e9 e regi\\u00e3o\",\"inLanguage\":\"pt-BR\",\"publisher\":{\"@id\":\"https:\\\/\\\/anoticiaonline.com.br\\\/site\\\/#organization\"}}]}\n\t\t<\/script>\n\t\t<!-- All in One SEO -->\n\n","aioseo_head_json":{"title":"Festividades do m\u00eas de Maria na Par\u00f3quia S\u00e3o Paulo come\u00e7am nesta quinta-feira - A Not\u00edcia Online","description":"As festividades do m\u00eas de Maria na Par\u00f3quia S\u00e3o Paulo come\u00e7am hoje (27) e v\u00e3o at\u00e9 o dia 28 de maio. Sempre de quinta-feira a domingo, a programa\u00e7\u00e3o inclui missas, coroa\u00e7\u00f5es, pescaria, doces, bingos, leil\u00f5es e barraquinhas de comidas t\u00edpicas. CLIQUE NO CARTAZ E CONFIRA A PROGRAMA\u00c7\u00c3O COMPLETA:","canonical_url":"https:\/\/anoticiaonline.com.br\/site\/festividades-do-mes-de-maria-na-paroquia-sao-paulo-comecam-nesta-quinta-feira\/","robots":"max-image-preview:large","keywords":"","webmasterTools":{"miscellaneous":""},"schema":{"@context":"https:\/\/schema.org","@graph":[{"@type":"BlogPosting","@id":"https:\/\/anoticiaonline.com.br\/site\/festividades-do-mes-de-maria-na-paroquia-sao-paulo-comecam-nesta-quinta-feira\/#blogposting","name":"Festividades do m\u00eas de Maria na Par\u00f3quia S\u00e3o Paulo come\u00e7am nesta quinta-feira - A Not\u00edcia Online","headline":"Festividades do m\u00eas de Maria na Par\u00f3quia S\u00e3o Paulo come\u00e7am nesta quinta-feira","author":{"@id":"https:\/\/anoticiaonline.com.br\/site\/author\/juliana\/#author"},"publisher":{"@id":"https:\/\/anoticiaonline.com.br\/site\/#organization"},"image":{"@type":"ImageObject","url":"https:\/\/anoticiaonline.com.br\/site\/wp-content\/uploads\/2017\/04\/matriz-s\u00e3o-paulo.jpg","width":640,"height":499},"datePublished":"2017-04-27T15:52:12-03:00","dateModified":"2017-04-27T16:01:29-03:00","inLanguage":"pt-BR","mainEntityOfPage":{"@id":"https:\/\/anoticiaonline.com.br\/site\/festividades-do-mes-de-maria-na-paroquia-sao-paulo-comecam-nesta-quinta-feira\/#webpage"},"isPartOf":{"@id":"https:\/\/anoticiaonline.com.br\/site\/festividades-do-mes-de-maria-na-paroquia-sao-paulo-comecam-nesta-quinta-feira\/#webpage"},"articleSection":"Blog, slide"},{"@type":"BreadcrumbList","@id":"https:\/\/anoticiaonline.com.br\/site\/festividades-do-mes-de-maria-na-paroquia-sao-paulo-comecam-nesta-quinta-feira\/#breadcrumblist","itemListElement":[{"@type":"ListItem","@id":"https:\/\/anoticiaonline.com.br\/site#listItem","position":1,"name":"Home","item":"https:\/\/anoticiaonline.com.br\/site","nextItem":{"@type":"ListItem","@id":"https:\/\/anoticiaonline.com.br\/site\/categoria\/muriae\/#listItem","name":"Blog"}},{"@type":"ListItem","@id":"https:\/\/anoticiaonline.com.br\/site\/categoria\/muriae\/#listItem","position":2,"name":"Blog","item":"https:\/\/anoticiaonline.com.br\/site\/categoria\/muriae\/","nextItem":{"@type":"ListItem","@id":"https:\/\/anoticiaonline.com.br\/site\/festividades-do-mes-de-maria-na-paroquia-sao-paulo-comecam-nesta-quinta-feira\/#listItem","name":"Festividades do m\u00eas de Maria na Par\u00f3quia S\u00e3o Paulo come\u00e7am nesta quinta-feira"},"previousItem":{"@type":"ListItem","@id":"https:\/\/anoticiaonline.com.br\/site#listItem","name":"Home"}},{"@type":"ListItem","@id":"https:\/\/anoticiaonline.com.br\/site\/festividades-do-mes-de-maria-na-paroquia-sao-paulo-comecam-nesta-quinta-feira\/#listItem","position":3,"name":"Festividades do m\u00eas de Maria na Par\u00f3quia S\u00e3o Paulo come\u00e7am nesta quinta-feira","previousItem":{"@type":"ListItem","@id":"https:\/\/anoticiaonline.com.br\/site\/categoria\/muriae\/#listItem","name":"Blog"}}]},{"@type":"Organization","@id":"https:\/\/anoticiaonline.com.br\/site\/#organization","name":"A Not\u00edcia Online","description":"Noticias de Muria\u00e9 e regi\u00e3o","url":"https:\/\/anoticiaonline.com.br\/site\/","logo":{"@type":"ImageObject","url":"https:\/\/scontent-gig4-1.xx.fbcdn.net\/v\/t39.30808-1\/270437624_4564083193639691_6907940295614233970_n.jpg?stp=dst-jpg_s200x200_tt6&_nc_cat=111&ccb=1-7&_nc_sid=f907e8&_nc_ohc=SM1wRlP3lJwQ7kNvwEPuBYA&_nc_oc=AdnqrjDN_BNjSSHWO-GbkIWH6fkGMLw4bqvL_NH6e2wMveX7G-rP2dAqsDSq1mJMOaY&_nc_zt=24&_nc_ht=scontent-gig4-1.xx&_nc_gid=AoBFJeGrT1hVaew_6rchkQ&oh=00_AfX7QmFGhQhG2jAllVgXCiM1ZrWgvtp80-Bfppyexh1QEg&oe=689E923C","@id":"https:\/\/anoticiaonline.com.br\/site\/festividades-do-mes-de-maria-na-paroquia-sao-paulo-comecam-nesta-quinta-feira\/#organizationLogo"},"image":{"@id":"https:\/\/anoticiaonline.com.br\/site\/festividades-do-mes-de-maria-na-paroquia-sao-paulo-comecam-nesta-quinta-feira\/#organizationLogo"}},{"@type":"Person","@id":"https:\/\/anoticiaonline.com.br\/site\/author\/juliana\/#author","url":"https:\/\/anoticiaonline.com.br\/site\/author\/juliana\/","name":"Juliana Laviola","image":{"@type":"ImageObject","@id":"https:\/\/anoticiaonline.com.br\/site\/festividades-do-mes-de-maria-na-paroquia-sao-paulo-comecam-nesta-quinta-feira\/#authorImage","url":"https:\/\/secure.gravatar.com\/avatar\/b8d45f5c699b100dfaf0e543582f38f38bf94cb7ae3a5e9abf8d891a34773335?s=96&d=mm&r=g","width":96,"height":96,"caption":"Juliana Laviola"}},{"@type":"WebPage","@id":"https:\/\/anoticiaonline.com.br\/site\/festividades-do-mes-de-maria-na-paroquia-sao-paulo-comecam-nesta-quinta-feira\/#webpage","url":"https:\/\/anoticiaonline.com.br\/site\/festividades-do-mes-de-maria-na-paroquia-sao-paulo-comecam-nesta-quinta-feira\/","name":"Festividades do m\u00eas de Maria na Par\u00f3quia S\u00e3o Paulo come\u00e7am nesta quinta-feira - A Not\u00edcia Online","description":"As festividades do m\u00eas de Maria na Par\u00f3quia S\u00e3o Paulo come\u00e7am hoje (27) e v\u00e3o at\u00e9 o dia 28 de maio. Sempre de quinta-feira a domingo, a programa\u00e7\u00e3o inclui missas, coroa\u00e7\u00f5es, pescaria, doces, bingos, leil\u00f5es e barraquinhas de comidas t\u00edpicas. CLIQUE NO CARTAZ E CONFIRA A PROGRAMA\u00c7\u00c3O COMPLETA:","inLanguage":"pt-BR","isPartOf":{"@id":"https:\/\/anoticiaonline.com.br\/site\/#website"},"breadcrumb":{"@id":"https:\/\/anoticiaonline.com.br\/site\/festividades-do-mes-de-maria-na-paroquia-sao-paulo-comecam-nesta-quinta-feira\/#breadcrumblist"},"author":{"@id":"https:\/\/anoticiaonline.com.br\/site\/author\/juliana\/#author"},"creator":{"@id":"https:\/\/anoticiaonline.com.br\/site\/author\/juliana\/#author"},"image":{"@type":"ImageObject","url":"https:\/\/anoticiaonline.com.br\/site\/wp-content\/uploads\/2017\/04\/matriz-s\u00e3o-paulo.jpg","@id":"https:\/\/anoticiaonline.com.br\/site\/festividades-do-mes-de-maria-na-paroquia-sao-paulo-comecam-nesta-quinta-feira\/#mainImage","width":640,"height":499},"primaryImageOfPage":{"@id":"https:\/\/anoticiaonline.com.br\/site\/festividades-do-mes-de-maria-na-paroquia-sao-paulo-comecam-nesta-quinta-feira\/#mainImage"},"datePublished":"2017-04-27T15:52:12-03:00","dateModified":"2017-04-27T16:01:29-03:00"},{"@type":"WebSite","@id":"https:\/\/anoticiaonline.com.br\/site\/#website","url":"https:\/\/anoticiaonline.com.br\/site\/","name":"A Not\u00edcia Online","description":"Noticias de Muria\u00e9 e regi\u00e3o","inLanguage":"pt-BR","publisher":{"@id":"https:\/\/anoticiaonline.com.br\/site\/#organization"}}]},"og:locale":"pt_BR","og:site_name":"A Not\u00edcia Online - Noticias de Muria\u00e9 e regi\u00e3o","og:type":"article","og:title":"Festividades do m\u00eas de Maria na Par\u00f3quia S\u00e3o Paulo come\u00e7am nesta quinta-feira - A Not\u00edcia Online","og:description":"As festividades do m\u00eas de Maria na Par\u00f3quia S\u00e3o Paulo come\u00e7am hoje (27) e v\u00e3o at\u00e9 o dia 28 de maio. Sempre de quinta-feira a domingo, a programa\u00e7\u00e3o inclui missas, coroa\u00e7\u00f5es, pescaria, doces, bingos, leil\u00f5es e barraquinhas de comidas t\u00edpicas. CLIQUE NO CARTAZ E CONFIRA A PROGRAMA\u00c7\u00c3O COMPLETA:","og:url":"https:\/\/anoticiaonline.com.br\/site\/festividades-do-mes-de-maria-na-paroquia-sao-paulo-comecam-nesta-quinta-feira\/","og:image":"https:\/\/scontent-gig4-1.xx.fbcdn.net\/v\/t39.30808-1\/270437624_4564083193639691_6907940295614233970_n.jpg?stp=dst-jpg_s200x200_tt6&#038;_nc_cat=111&#038;ccb=1-7&#038;_nc_sid=f907e8&#038;_nc_ohc=SM1wRlP3lJwQ7kNvwEPuBYA&#038;_nc_oc=AdnqrjDN_BNjSSHWO-GbkIWH6fkGMLw4bqvL_NH6e2wMveX7G-rP2dAqsDSq1mJMOaY&#038;_nc_zt=24&#038;_nc_ht=scontent-gig4-1.xx&#038;_nc_gid=AoBFJeGrT1hVaew_6rchkQ&#038;oh=00_AfX7QmFGhQhG2jAllVgXCiM1ZrWgvtp80-Bfppyexh1QEg&#038;oe=689E923C","og:image:secure_url":"https:\/\/scontent-gig4-1.xx.fbcdn.net\/v\/t39.30808-1\/270437624_4564083193639691_6907940295614233970_n.jpg?stp=dst-jpg_s200x200_tt6&#038;_nc_cat=111&#038;ccb=1-7&#038;_nc_sid=f907e8&#038;_nc_ohc=SM1wRlP3lJwQ7kNvwEPuBYA&#038;_nc_oc=AdnqrjDN_BNjSSHWO-GbkIWH6fkGMLw4bqvL_NH6e2wMveX7G-rP2dAqsDSq1mJMOaY&#038;_nc_zt=24&#038;_nc_ht=scontent-gig4-1.xx&#038;_nc_gid=AoBFJeGrT1hVaew_6rchkQ&#038;oh=00_AfX7QmFGhQhG2jAllVgXCiM1ZrWgvtp80-Bfppyexh1QEg&#038;oe=689E923C","article:published_time":"2017-04-27T18:52:12+00:00","article:modified_time":"2017-04-27T19:01:29+00:00","twitter:card":"summary_large_image","twitter:title":"Festividades do m\u00eas de Maria na Par\u00f3quia S\u00e3o Paulo come\u00e7am nesta quinta-feira - A Not\u00edcia Online","twitter:description":"As festividades do m\u00eas de Maria na Par\u00f3quia S\u00e3o Paulo come\u00e7am hoje (27) e v\u00e3o at\u00e9 o dia 28 de maio. Sempre de quinta-feira a domingo, a programa\u00e7\u00e3o inclui missas, coroa\u00e7\u00f5es, pescaria, doces, bingos, leil\u00f5es e barraquinhas de comidas t\u00edpicas. CLIQUE NO CARTAZ E CONFIRA A PROGRAMA\u00c7\u00c3O COMPLETA:","twitter:image":"https:\/\/scontent-gig4-1.xx.fbcdn.net\/v\/t39.30808-1\/270437624_4564083193639691_6907940295614233970_n.jpg?stp=dst-jpg_s200x200_tt6&_nc_cat=111&ccb=1-7&_nc_sid=f907e8&_nc_ohc=SM1wRlP3lJwQ7kNvwEPuBYA&_nc_oc=AdnqrjDN_BNjSSHWO-GbkIWH6fkGMLw4bqvL_NH6e2wMveX7G-rP2dAqsDSq1mJMOaY&_nc_zt=24&_nc_ht=scontent-gig4-1.xx&_nc_gid=AoBFJeGrT1hVaew_6rchkQ&oh=00_AfX7QmFGhQhG2jAllVgXCiM1ZrWgvtp80-Bfppyexh1QEg&oe=689E923C"},"aioseo_meta_data":{"post_id":"28619","title":null,"description":null,"keywords":null,"keyphrases":null,"primary_term":null,"canonical_url":null,"og_title":null,"og_description":null,"og_object_type":"default","og_image_type":"default","og_image_url":null,"og_image_width":null,"og_image_height":null,"og_image_custom_url":null,"og_image_custom_fields":null,"og_video":null,"og_custom_url":null,"og_article_section":null,"og_article_tags":null,"twitter_use_og":false,"twitter_card":"default","twitter_image_type":"default","twitter_image_url":null,"twitter_image_custom_url":null,"twitter_image_custom_fields":null,"twitter_title":null,"twitter_description":null,"schema":{"blockGraphs":[],"customGraphs":[],"default":{"data":{"Article":[],"Course":[],"Dataset":[],"FAQPage":[],"Movie":[],"Person":[],"Product":[],"ProductReview":[],"Car":[],"Recipe":[],"Service":[],"SoftwareApplication":[],"WebPage":[]},"graphName":"","isEnabled":true},"graphs":[]},"schema_type":"default","schema_type_options":null,"pillar_content":false,"robots_default":true,"robots_noindex":false,"robots_noarchive":false,"robots_nosnippet":false,"robots_nofollow":false,"robots_noimageindex":false,"robots_noodp":false,"robots_notranslate":false,"robots_max_snippet":null,"robots_max_videopreview":null,"robots_max_imagepreview":"large","priority":null,"frequency":null,"local_seo":null,"breadcrumb_settings":null,"limit_modified_date":false,"ai":null,"created":"2025-08-16 18:16:33","updated":"2025-08-16 18:16:33","focus_keyword":null,"additional_keywords":null,"truseo_locale":null,"seo_analyzer_scan_date":null},"aioseo_breadcrumb":"<div class=\"aioseo-breadcrumbs\"><span class=\"aioseo-breadcrumb\">\n\t\t\t<a href=\"https:\/\/anoticiaonline.com.br\/site\" title=\"Home\">Home<\/a>\n\t\t<\/span><span class=\"aioseo-breadcrumb-separator\">&raquo;<\/span><span class=\"aioseo-breadcrumb\">\n\t\t\t<a href=\"https:\/\/anoticiaonline.com.br\/site\/categoria\/muriae\/\" title=\"Blog\">Blog<\/a>\n\t\t<\/span><span class=\"aioseo-breadcrumb-separator\">&raquo;<\/span><span class=\"aioseo-breadcrumb\">\n\t\t\tFestividades do m\u00eas de Maria na Par\u00f3quia S\u00e3o Paulo come\u00e7am nesta quinta-feira\n\t\t<\/span><\/div>","aioseo_breadcrumb_json":[{"label":"Home","link":"https:\/\/anoticiaonline.com.br\/site"},{"label":"Blog","link":"https:\/\/anoticiaonline.com.br\/site\/categoria\/muriae\/"},{"label":"Festividades do m\u00eas de Maria na Par\u00f3quia S\u00e3o Paulo come\u00e7am nesta quinta-feira","link":"https:\/\/anoticiaonline.com.br\/site\/festividades-do-mes-de-maria-na-paroquia-sao-paulo-comecam-nesta-quinta-feira\/"}],"views":128,"_links":{"self":[{"href":"https:\/\/anoticiaonline.com.br\/site\/wp-json\/wp\/v2\/posts\/28619","targetHints":{"allow":["GET"]}}],"collection":[{"href":"https:\/\/anoticiaonline.com.br\/site\/wp-json\/wp\/v2\/posts"}],"about":[{"href":"https:\/\/anoticiaonline.com.br\/site\/wp-json\/wp\/v2\/types\/post"}],"author":[{"embeddable":true,"href":"https:\/\/anoticiaonline.com.br\/site\/wp-json\/wp\/v2\/users\/2"}],"replies":[{"embeddable":true,"href":"https:\/\/anoticiaonline.com.br\/site\/wp-json\/wp\/v2\/comments?post=28619"}],"version-history":[{"count":0,"href":"https:\/\/anoticiaonline.com.br\/site\/wp-json\/wp\/v2\/posts\/28619\/revisions"}],"wp:featuredmedia":[{"embeddable":true,"href":"https:\/\/anoticiaonline.com.br\/site\/wp-json\/wp\/v2\/media\/28620"}],"wp:attachment":[{"href":"https:\/\/anoticiaonline.com.br\/site\/wp-json\/wp\/v2\/media?parent=28619"}],"wp:term":[{"taxonomy":"category","embeddable":true,"href":"https:\/\/anoticiaonline.com.br\/site\/wp-json\/wp\/v2\/categories?post=28619"},{"taxonomy":"post_tag","embeddable":true,"href":"https:\/\/anoticiaonline.com.br\/site\/wp-json\/wp\/v2\/tags?post=28619"}],"curies":[{"name":"wp","href":"https:\/\/api.w.org\/{rel}","templated":true}]}}