{"id":28505,"date":"2017-04-27T11:11:55","date_gmt":"2017-04-27T14:11:55","guid":{"rendered":"http:\/\/anoticiaonline.com.br\/site\/?p=28505"},"modified":"2017-04-27T20:19:18","modified_gmt":"2017-04-27T23:19:18","slug":"corpo-de-tiaguinho-da-geladeira-esta-sendo-velado-no-cemiterio-senhor-do-bonfim","status":"publish","type":"post","link":"https:\/\/anoticiaonline.com.br\/site\/corpo-de-tiaguinho-da-geladeira-esta-sendo-velado-no-cemiterio-senhor-do-bonfim\/","title":{"rendered":"Corpo de \u201cTiaguinho da Geladeira\u201d est\u00e1 sendo velado no Cemit\u00e9rio Senhor do Bonfim"},"content":{"rendered":"<p><a href=\"https:\/\/anoticiaonline.com.br\/site\/wp-content\/uploads\/2017\/04\/Morre-o-\u201cTiaguinho-da-Geladeira\u201d1.jpg\"><img fetchpriority=\"high\" decoding=\"async\" class=\" size-medium wp-image-28506 alignleft\" src=\"https:\/\/anoticiaonline.com.br\/site\/wp-content\/uploads\/2017\/04\/Morre-o-\u201cTiaguinho-da-Geladeira\u201d1-300x225.jpg\" alt=\"Morre o \u201cTiaguinho da Geladeira\u201d\" width=\"300\" height=\"225\" srcset=\"https:\/\/anoticiaonline.com.br\/site\/wp-content\/uploads\/2017\/04\/Morre-o-\u201cTiaguinho-da-Geladeira\u201d1-300x225.jpg 300w, https:\/\/anoticiaonline.com.br\/site\/wp-content\/uploads\/2017\/04\/Morre-o-\u201cTiaguinho-da-Geladeira\u201d1.jpg 640w\" sizes=\"(max-width: 300px) 100vw, 300px\" \/><\/a>O corpo de \u201cTiaguinho da Geladeira\u201d, uma das figuras populares mais conhecidas e irreverentes de Muria\u00e9, est\u00e1 sendo velado nesta quinta-feira (27) na cidade e o sepultamento acontecer\u00e1 \u00e0s 14h, no Cemit\u00e9rio Municipal Senhor do Bonfim, Centro. Edson Freire de Souza, de 45 anos, nome verdadeiro de \u201cTiaguinho\u201d, foi encontrado morto na manh\u00e3 do dia 17 de abril, nas \u00e1guas do Rio Preto, no bairro Patrim\u00f4nio S\u00e3o Jos\u00e9. O corpo n\u00e3o apresentava sinais de viol\u00eancia e o atestado de \u00f3bito classifica a morte como \u201ccausa indeterminada\u201d.<\/p>\n<p>Nascido no dia 25 de fevereiro de 1972, em Lagoa do Po\u00e7o, no munic\u00edpio de Goianinha, no Rio Grande do Norte, \u201cTiaguinho\u201d atuava em Muria\u00e9 como catador de reciclados. Com sua carro\u00e7a estilizada e o som da boca imitando sirene de pol\u00edcia, fazia suas brincadeiras e, aos poucos, foi conquistando a simpatia do muriaeense.<\/p>\n<p>O funeral de \u201cTiaguinho\u201d acontece dez dias ap\u00f3s a sua morte, pois, como era natural do Rio Grande do Norte, os documentos necess\u00e1rios para o enterro tiveram que ser enviados pelos seus familiares. Havia sido cogitada a possibilidade do corpo de \u201cTiaguinho\u201d ser levado para aquele estado, por\u00e9m a sua fam\u00edlia optou pelo sepultamento em Muria\u00e9.<\/p>\n","protected":false},"excerpt":{"rendered":"<p>O corpo de \u201cTiaguinho da Geladeira\u201d, uma das figuras populares mais conhecidas e irreverentes de Muria\u00e9, est\u00e1 sendo velado nesta quinta-feira (27) na cidade e o sepultamento acontecer\u00e1 \u00e0s 14h, no Cemit\u00e9rio Municipal Senhor do Bonfim, Centro. Edson Freire de Souza, de 45 anos, nome verdadeiro de \u201cTiaguinho\u201d, foi encontrado morto na manh\u00e3 do dia &#8230; <a title=\"Corpo de \u201cTiaguinho da Geladeira\u201d est\u00e1 sendo velado no Cemit\u00e9rio Senhor do Bonfim\" class=\"read-more\" href=\"https:\/\/anoticiaonline.com.br\/site\/corpo-de-tiaguinho-da-geladeira-esta-sendo-velado-no-cemiterio-senhor-do-bonfim\/\" aria-label=\"Read more about Corpo de \u201cTiaguinho da Geladeira\u201d est\u00e1 sendo velado no Cemit\u00e9rio Senhor do Bonfim\">Ler mais<\/a><\/p>\n","protected":false},"author":2,"featured_media":28506,"comment_status":"open","ping_status":"open","sticky":false,"template":"","format":"standard","meta":{"_acf_changed":false,"_monsterinsights_skip_tracking":false,"footnotes":""},"categories":[30],"tags":[3],"class_list":["post-28505","post","type-post","status-publish","format-standard","has-post-thumbnail","hentry","category-muriae","tag-slide"],"acf":[],"aioseo_notices":[],"aioseo_head":"\n\t\t<!-- All in One SEO 5.0.0.1 - aioseo.com -->\n\t<meta name=\"description\" content=\"O corpo de \u201cTiaguinho da Geladeira\u201d, uma das figuras populares mais conhecidas e irreverentes de Muria\u00e9, est\u00e1 sendo velado nesta quinta-feira (27) na cidade e o sepultamento acontecer\u00e1 \u00e0s 14h, no Cemit\u00e9rio Municipal Senhor do Bonfim, Centro. Edson Freire de Souza, de 45 anos, nome verdadeiro de \u201cTiaguinho\u201d, foi encontrado morto na manh\u00e3 do dia\" \/>\n\t<meta name=\"robots\" content=\"max-image-preview:large\" \/>\n\t<meta name=\"author\" content=\"Juliana Laviola\"\/>\n\t<link rel=\"canonical\" href=\"https:\/\/anoticiaonline.com.br\/site\/corpo-de-tiaguinho-da-geladeira-esta-sendo-velado-no-cemiterio-senhor-do-bonfim\/\" \/>\n\t<meta name=\"generator\" content=\"All in One SEO (AIOSEO) 5.0.0.1\" \/>\n\t\t<meta property=\"og:locale\" content=\"pt_BR\" \/>\n\t\t<meta property=\"og:site_name\" content=\"A Not\u00edcia Online - Noticias de Muria\u00e9 e regi\u00e3o\" \/>\n\t\t<meta property=\"og:type\" content=\"article\" \/>\n\t\t<meta property=\"og:title\" content=\"Corpo de \u201cTiaguinho da Geladeira\u201d est\u00e1 sendo velado no Cemit\u00e9rio Senhor do Bonfim - A Not\u00edcia Online\" \/>\n\t\t<meta property=\"og:description\" content=\"O corpo de \u201cTiaguinho da Geladeira\u201d, uma das figuras populares mais conhecidas e irreverentes de Muria\u00e9, est\u00e1 sendo velado nesta quinta-feira (27) na cidade e o sepultamento acontecer\u00e1 \u00e0s 14h, no Cemit\u00e9rio Municipal Senhor do Bonfim, Centro. Edson Freire de Souza, de 45 anos, nome verdadeiro de \u201cTiaguinho\u201d, foi encontrado morto na manh\u00e3 do dia\" \/>\n\t\t<meta property=\"og:url\" content=\"https:\/\/anoticiaonline.com.br\/site\/corpo-de-tiaguinho-da-geladeira-esta-sendo-velado-no-cemiterio-senhor-do-bonfim\/\" \/>\n\t\t<meta property=\"og:image\" content=\"https:\/\/scontent-gig4-1.xx.fbcdn.net\/v\/t39.30808-1\/270437624_4564083193639691_6907940295614233970_n.jpg?stp=dst-jpg_s200x200_tt6&#038;_nc_cat=111&#038;ccb=1-7&#038;_nc_sid=f907e8&#038;_nc_ohc=SM1wRlP3lJwQ7kNvwEPuBYA&#038;_nc_oc=AdnqrjDN_BNjSSHWO-GbkIWH6fkGMLw4bqvL_NH6e2wMveX7G-rP2dAqsDSq1mJMOaY&#038;_nc_zt=24&#038;_nc_ht=scontent-gig4-1.xx&#038;_nc_gid=AoBFJeGrT1hVaew_6rchkQ&#038;oh=00_AfX7QmFGhQhG2jAllVgXCiM1ZrWgvtp80-Bfppyexh1QEg&#038;oe=689E923C\" \/>\n\t\t<meta property=\"og:image:secure_url\" content=\"https:\/\/scontent-gig4-1.xx.fbcdn.net\/v\/t39.30808-1\/270437624_4564083193639691_6907940295614233970_n.jpg?stp=dst-jpg_s200x200_tt6&#038;_nc_cat=111&#038;ccb=1-7&#038;_nc_sid=f907e8&#038;_nc_ohc=SM1wRlP3lJwQ7kNvwEPuBYA&#038;_nc_oc=AdnqrjDN_BNjSSHWO-GbkIWH6fkGMLw4bqvL_NH6e2wMveX7G-rP2dAqsDSq1mJMOaY&#038;_nc_zt=24&#038;_nc_ht=scontent-gig4-1.xx&#038;_nc_gid=AoBFJeGrT1hVaew_6rchkQ&#038;oh=00_AfX7QmFGhQhG2jAllVgXCiM1ZrWgvtp80-Bfppyexh1QEg&#038;oe=689E923C\" \/>\n\t\t<meta property=\"article:published_time\" content=\"2017-04-27T14:11:55+00:00\" \/>\n\t\t<meta property=\"article:modified_time\" content=\"2017-04-27T23:19:18+00:00\" \/>\n\t\t<meta name=\"twitter:card\" content=\"summary_large_image\" \/>\n\t\t<meta name=\"twitter:title\" content=\"Corpo de \u201cTiaguinho da Geladeira\u201d est\u00e1 sendo velado no Cemit\u00e9rio Senhor do Bonfim - A Not\u00edcia Online\" \/>\n\t\t<meta name=\"twitter:description\" content=\"O corpo de \u201cTiaguinho da Geladeira\u201d, uma das figuras populares mais conhecidas e irreverentes de Muria\u00e9, est\u00e1 sendo velado nesta quinta-feira (27) na cidade e o sepultamento acontecer\u00e1 \u00e0s 14h, no Cemit\u00e9rio Municipal Senhor do Bonfim, Centro. Edson Freire de Souza, de 45 anos, nome verdadeiro de \u201cTiaguinho\u201d, foi encontrado morto na manh\u00e3 do dia\" \/>\n\t\t<meta name=\"twitter:image\" content=\"https:\/\/scontent-gig4-1.xx.fbcdn.net\/v\/t39.30808-1\/270437624_4564083193639691_6907940295614233970_n.jpg?stp=dst-jpg_s200x200_tt6&amp;_nc_cat=111&amp;ccb=1-7&amp;_nc_sid=f907e8&amp;_nc_ohc=SM1wRlP3lJwQ7kNvwEPuBYA&amp;_nc_oc=AdnqrjDN_BNjSSHWO-GbkIWH6fkGMLw4bqvL_NH6e2wMveX7G-rP2dAqsDSq1mJMOaY&amp;_nc_zt=24&amp;_nc_ht=scontent-gig4-1.xx&amp;_nc_gid=AoBFJeGrT1hVaew_6rchkQ&amp;oh=00_AfX7QmFGhQhG2jAllVgXCiM1ZrWgvtp80-Bfppyexh1QEg&amp;oe=689E923C\" \/>\n\t\t<script type=\"application\/ld+json\" class=\"aioseo-schema\">\n\t\t\t{\"@context\":\"https:\\\/\\\/schema.org\",\"@graph\":[{\"@type\":\"BlogPosting\",\"@id\":\"https:\\\/\\\/anoticiaonline.com.br\\\/site\\\/corpo-de-tiaguinho-da-geladeira-esta-sendo-velado-no-cemiterio-senhor-do-bonfim\\\/#blogposting\",\"name\":\"Corpo de \\u201cTiaguinho da Geladeira\\u201d est\\u00e1 sendo velado no Cemit\\u00e9rio Senhor do Bonfim - A Not\\u00edcia Online\",\"headline\":\"Corpo de \\u201cTiaguinho da Geladeira\\u201d est\\u00e1 sendo velado no Cemit\\u00e9rio Senhor do Bonfim\",\"author\":{\"@id\":\"https:\\\/\\\/anoticiaonline.com.br\\\/site\\\/author\\\/juliana\\\/#author\"},\"publisher\":{\"@id\":\"https:\\\/\\\/anoticiaonline.com.br\\\/site\\\/#organization\"},\"image\":{\"@type\":\"ImageObject\",\"url\":\"https:\\\/\\\/anoticiaonline.com.br\\\/site\\\/wp-content\\\/uploads\\\/2017\\\/04\\\/Morre-o-\\u201cTiaguinho-da-Geladeira\\u201d1.jpg\",\"width\":640,\"height\":480},\"datePublished\":\"2017-04-27T11:11:55-03:00\",\"dateModified\":\"2017-04-27T20:19:18-03:00\",\"inLanguage\":\"pt-BR\",\"mainEntityOfPage\":{\"@id\":\"https:\\\/\\\/anoticiaonline.com.br\\\/site\\\/corpo-de-tiaguinho-da-geladeira-esta-sendo-velado-no-cemiterio-senhor-do-bonfim\\\/#webpage\"},\"isPartOf\":{\"@id\":\"https:\\\/\\\/anoticiaonline.com.br\\\/site\\\/corpo-de-tiaguinho-da-geladeira-esta-sendo-velado-no-cemiterio-senhor-do-bonfim\\\/#webpage\"},\"articleSection\":\"Blog, slide\"},{\"@type\":\"BreadcrumbList\",\"@id\":\"https:\\\/\\\/anoticiaonline.com.br\\\/site\\\/corpo-de-tiaguinho-da-geladeira-esta-sendo-velado-no-cemiterio-senhor-do-bonfim\\\/#breadcrumblist\",\"itemListElement\":[{\"@type\":\"ListItem\",\"@id\":\"https:\\\/\\\/anoticiaonline.com.br\\\/site#listItem\",\"position\":1,\"name\":\"Home\",\"item\":\"https:\\\/\\\/anoticiaonline.com.br\\\/site\",\"nextItem\":{\"@type\":\"ListItem\",\"@id\":\"https:\\\/\\\/anoticiaonline.com.br\\\/site\\\/categoria\\\/muriae\\\/#listItem\",\"name\":\"Blog\"}},{\"@type\":\"ListItem\",\"@id\":\"https:\\\/\\\/anoticiaonline.com.br\\\/site\\\/categoria\\\/muriae\\\/#listItem\",\"position\":2,\"name\":\"Blog\",\"item\":\"https:\\\/\\\/anoticiaonline.com.br\\\/site\\\/categoria\\\/muriae\\\/\",\"nextItem\":{\"@type\":\"ListItem\",\"@id\":\"https:\\\/\\\/anoticiaonline.com.br\\\/site\\\/corpo-de-tiaguinho-da-geladeira-esta-sendo-velado-no-cemiterio-senhor-do-bonfim\\\/#listItem\",\"name\":\"Corpo de \\u201cTiaguinho da Geladeira\\u201d est\\u00e1 sendo velado no Cemit\\u00e9rio Senhor do Bonfim\"},\"previousItem\":{\"@type\":\"ListItem\",\"@id\":\"https:\\\/\\\/anoticiaonline.com.br\\\/site#listItem\",\"name\":\"Home\"}},{\"@type\":\"ListItem\",\"@id\":\"https:\\\/\\\/anoticiaonline.com.br\\\/site\\\/corpo-de-tiaguinho-da-geladeira-esta-sendo-velado-no-cemiterio-senhor-do-bonfim\\\/#listItem\",\"position\":3,\"name\":\"Corpo de \\u201cTiaguinho da Geladeira\\u201d est\\u00e1 sendo velado no Cemit\\u00e9rio Senhor do Bonfim\",\"previousItem\":{\"@type\":\"ListItem\",\"@id\":\"https:\\\/\\\/anoticiaonline.com.br\\\/site\\\/categoria\\\/muriae\\\/#listItem\",\"name\":\"Blog\"}}]},{\"@type\":\"Organization\",\"@id\":\"https:\\\/\\\/anoticiaonline.com.br\\\/site\\\/#organization\",\"name\":\"A Not\\u00edcia Online\",\"description\":\"Noticias de Muria\\u00e9 e regi\\u00e3o\",\"url\":\"https:\\\/\\\/anoticiaonline.com.br\\\/site\\\/\",\"logo\":{\"@type\":\"ImageObject\",\"url\":\"https:\\\/\\\/scontent-gig4-1.xx.fbcdn.net\\\/v\\\/t39.30808-1\\\/270437624_4564083193639691_6907940295614233970_n.jpg?stp=dst-jpg_s200x200_tt6&_nc_cat=111&ccb=1-7&_nc_sid=f907e8&_nc_ohc=SM1wRlP3lJwQ7kNvwEPuBYA&_nc_oc=AdnqrjDN_BNjSSHWO-GbkIWH6fkGMLw4bqvL_NH6e2wMveX7G-rP2dAqsDSq1mJMOaY&_nc_zt=24&_nc_ht=scontent-gig4-1.xx&_nc_gid=AoBFJeGrT1hVaew_6rchkQ&oh=00_AfX7QmFGhQhG2jAllVgXCiM1ZrWgvtp80-Bfppyexh1QEg&oe=689E923C\",\"@id\":\"https:\\\/\\\/anoticiaonline.com.br\\\/site\\\/corpo-de-tiaguinho-da-geladeira-esta-sendo-velado-no-cemiterio-senhor-do-bonfim\\\/#organizationLogo\"},\"image\":{\"@id\":\"https:\\\/\\\/anoticiaonline.com.br\\\/site\\\/corpo-de-tiaguinho-da-geladeira-esta-sendo-velado-no-cemiterio-senhor-do-bonfim\\\/#organizationLogo\"}},{\"@type\":\"Person\",\"@id\":\"https:\\\/\\\/anoticiaonline.com.br\\\/site\\\/author\\\/juliana\\\/#author\",\"url\":\"https:\\\/\\\/anoticiaonline.com.br\\\/site\\\/author\\\/juliana\\\/\",\"name\":\"Juliana Laviola\",\"image\":{\"@type\":\"ImageObject\",\"@id\":\"https:\\\/\\\/anoticiaonline.com.br\\\/site\\\/corpo-de-tiaguinho-da-geladeira-esta-sendo-velado-no-cemiterio-senhor-do-bonfim\\\/#authorImage\",\"url\":\"https:\\\/\\\/secure.gravatar.com\\\/avatar\\\/b8d45f5c699b100dfaf0e543582f38f38bf94cb7ae3a5e9abf8d891a34773335?s=96&d=mm&r=g\",\"width\":96,\"height\":96,\"caption\":\"Juliana Laviola\"}},{\"@type\":\"WebPage\",\"@id\":\"https:\\\/\\\/anoticiaonline.com.br\\\/site\\\/corpo-de-tiaguinho-da-geladeira-esta-sendo-velado-no-cemiterio-senhor-do-bonfim\\\/#webpage\",\"url\":\"https:\\\/\\\/anoticiaonline.com.br\\\/site\\\/corpo-de-tiaguinho-da-geladeira-esta-sendo-velado-no-cemiterio-senhor-do-bonfim\\\/\",\"name\":\"Corpo de \\u201cTiaguinho da Geladeira\\u201d est\\u00e1 sendo velado no Cemit\\u00e9rio Senhor do Bonfim - A Not\\u00edcia Online\",\"description\":\"O corpo de \\u201cTiaguinho da Geladeira\\u201d, uma das figuras populares mais conhecidas e irreverentes de Muria\\u00e9, est\\u00e1 sendo velado nesta quinta-feira (27) na cidade e o sepultamento acontecer\\u00e1 \\u00e0s 14h, no Cemit\\u00e9rio Municipal Senhor do Bonfim, Centro. Edson Freire de Souza, de 45 anos, nome verdadeiro de \\u201cTiaguinho\\u201d, foi encontrado morto na manh\\u00e3 do dia\",\"inLanguage\":\"pt-BR\",\"isPartOf\":{\"@id\":\"https:\\\/\\\/anoticiaonline.com.br\\\/site\\\/#website\"},\"breadcrumb\":{\"@id\":\"https:\\\/\\\/anoticiaonline.com.br\\\/site\\\/corpo-de-tiaguinho-da-geladeira-esta-sendo-velado-no-cemiterio-senhor-do-bonfim\\\/#breadcrumblist\"},\"author\":{\"@id\":\"https:\\\/\\\/anoticiaonline.com.br\\\/site\\\/author\\\/juliana\\\/#author\"},\"creator\":{\"@id\":\"https:\\\/\\\/anoticiaonline.com.br\\\/site\\\/author\\\/juliana\\\/#author\"},\"image\":{\"@type\":\"ImageObject\",\"url\":\"https:\\\/\\\/anoticiaonline.com.br\\\/site\\\/wp-content\\\/uploads\\\/2017\\\/04\\\/Morre-o-\\u201cTiaguinho-da-Geladeira\\u201d1.jpg\",\"@id\":\"https:\\\/\\\/anoticiaonline.com.br\\\/site\\\/corpo-de-tiaguinho-da-geladeira-esta-sendo-velado-no-cemiterio-senhor-do-bonfim\\\/#mainImage\",\"width\":640,\"height\":480},\"primaryImageOfPage\":{\"@id\":\"https:\\\/\\\/anoticiaonline.com.br\\\/site\\\/corpo-de-tiaguinho-da-geladeira-esta-sendo-velado-no-cemiterio-senhor-do-bonfim\\\/#mainImage\"},\"datePublished\":\"2017-04-27T11:11:55-03:00\",\"dateModified\":\"2017-04-27T20:19:18-03:00\"},{\"@type\":\"WebSite\",\"@id\":\"https:\\\/\\\/anoticiaonline.com.br\\\/site\\\/#website\",\"url\":\"https:\\\/\\\/anoticiaonline.com.br\\\/site\\\/\",\"name\":\"A Not\\u00edcia Online\",\"description\":\"Noticias de Muria\\u00e9 e regi\\u00e3o\",\"inLanguage\":\"pt-BR\",\"publisher\":{\"@id\":\"https:\\\/\\\/anoticiaonline.com.br\\\/site\\\/#organization\"}}]}\n\t\t<\/script>\n\t\t<!-- All in One SEO -->\n\n","aioseo_head_json":{"title":"Corpo de \u201cTiaguinho da Geladeira\u201d est\u00e1 sendo velado no Cemit\u00e9rio Senhor do Bonfim - A Not\u00edcia Online","description":"O corpo de \u201cTiaguinho da Geladeira\u201d, uma das figuras populares mais conhecidas e irreverentes de Muria\u00e9, est\u00e1 sendo velado nesta quinta-feira (27) na cidade e o sepultamento acontecer\u00e1 \u00e0s 14h, no Cemit\u00e9rio Municipal Senhor do Bonfim, Centro. Edson Freire de Souza, de 45 anos, nome verdadeiro de \u201cTiaguinho\u201d, foi encontrado morto na manh\u00e3 do dia","canonical_url":"https:\/\/anoticiaonline.com.br\/site\/corpo-de-tiaguinho-da-geladeira-esta-sendo-velado-no-cemiterio-senhor-do-bonfim\/","robots":"max-image-preview:large","keywords":"","webmasterTools":{"miscellaneous":""},"schema":{"@context":"https:\/\/schema.org","@graph":[{"@type":"BlogPosting","@id":"https:\/\/anoticiaonline.com.br\/site\/corpo-de-tiaguinho-da-geladeira-esta-sendo-velado-no-cemiterio-senhor-do-bonfim\/#blogposting","name":"Corpo de \u201cTiaguinho da Geladeira\u201d est\u00e1 sendo velado no Cemit\u00e9rio Senhor do Bonfim - A Not\u00edcia Online","headline":"Corpo de \u201cTiaguinho da Geladeira\u201d est\u00e1 sendo velado no Cemit\u00e9rio Senhor do Bonfim","author":{"@id":"https:\/\/anoticiaonline.com.br\/site\/author\/juliana\/#author"},"publisher":{"@id":"https:\/\/anoticiaonline.com.br\/site\/#organization"},"image":{"@type":"ImageObject","url":"https:\/\/anoticiaonline.com.br\/site\/wp-content\/uploads\/2017\/04\/Morre-o-\u201cTiaguinho-da-Geladeira\u201d1.jpg","width":640,"height":480},"datePublished":"2017-04-27T11:11:55-03:00","dateModified":"2017-04-27T20:19:18-03:00","inLanguage":"pt-BR","mainEntityOfPage":{"@id":"https:\/\/anoticiaonline.com.br\/site\/corpo-de-tiaguinho-da-geladeira-esta-sendo-velado-no-cemiterio-senhor-do-bonfim\/#webpage"},"isPartOf":{"@id":"https:\/\/anoticiaonline.com.br\/site\/corpo-de-tiaguinho-da-geladeira-esta-sendo-velado-no-cemiterio-senhor-do-bonfim\/#webpage"},"articleSection":"Blog, slide"},{"@type":"BreadcrumbList","@id":"https:\/\/anoticiaonline.com.br\/site\/corpo-de-tiaguinho-da-geladeira-esta-sendo-velado-no-cemiterio-senhor-do-bonfim\/#breadcrumblist","itemListElement":[{"@type":"ListItem","@id":"https:\/\/anoticiaonline.com.br\/site#listItem","position":1,"name":"Home","item":"https:\/\/anoticiaonline.com.br\/site","nextItem":{"@type":"ListItem","@id":"https:\/\/anoticiaonline.com.br\/site\/categoria\/muriae\/#listItem","name":"Blog"}},{"@type":"ListItem","@id":"https:\/\/anoticiaonline.com.br\/site\/categoria\/muriae\/#listItem","position":2,"name":"Blog","item":"https:\/\/anoticiaonline.com.br\/site\/categoria\/muriae\/","nextItem":{"@type":"ListItem","@id":"https:\/\/anoticiaonline.com.br\/site\/corpo-de-tiaguinho-da-geladeira-esta-sendo-velado-no-cemiterio-senhor-do-bonfim\/#listItem","name":"Corpo de \u201cTiaguinho da Geladeira\u201d est\u00e1 sendo velado no Cemit\u00e9rio Senhor do Bonfim"},"previousItem":{"@type":"ListItem","@id":"https:\/\/anoticiaonline.com.br\/site#listItem","name":"Home"}},{"@type":"ListItem","@id":"https:\/\/anoticiaonline.com.br\/site\/corpo-de-tiaguinho-da-geladeira-esta-sendo-velado-no-cemiterio-senhor-do-bonfim\/#listItem","position":3,"name":"Corpo de \u201cTiaguinho da Geladeira\u201d est\u00e1 sendo velado no Cemit\u00e9rio Senhor do Bonfim","previousItem":{"@type":"ListItem","@id":"https:\/\/anoticiaonline.com.br\/site\/categoria\/muriae\/#listItem","name":"Blog"}}]},{"@type":"Organization","@id":"https:\/\/anoticiaonline.com.br\/site\/#organization","name":"A Not\u00edcia Online","description":"Noticias de Muria\u00e9 e regi\u00e3o","url":"https:\/\/anoticiaonline.com.br\/site\/","logo":{"@type":"ImageObject","url":"https:\/\/scontent-gig4-1.xx.fbcdn.net\/v\/t39.30808-1\/270437624_4564083193639691_6907940295614233970_n.jpg?stp=dst-jpg_s200x200_tt6&_nc_cat=111&ccb=1-7&_nc_sid=f907e8&_nc_ohc=SM1wRlP3lJwQ7kNvwEPuBYA&_nc_oc=AdnqrjDN_BNjSSHWO-GbkIWH6fkGMLw4bqvL_NH6e2wMveX7G-rP2dAqsDSq1mJMOaY&_nc_zt=24&_nc_ht=scontent-gig4-1.xx&_nc_gid=AoBFJeGrT1hVaew_6rchkQ&oh=00_AfX7QmFGhQhG2jAllVgXCiM1ZrWgvtp80-Bfppyexh1QEg&oe=689E923C","@id":"https:\/\/anoticiaonline.com.br\/site\/corpo-de-tiaguinho-da-geladeira-esta-sendo-velado-no-cemiterio-senhor-do-bonfim\/#organizationLogo"},"image":{"@id":"https:\/\/anoticiaonline.com.br\/site\/corpo-de-tiaguinho-da-geladeira-esta-sendo-velado-no-cemiterio-senhor-do-bonfim\/#organizationLogo"}},{"@type":"Person","@id":"https:\/\/anoticiaonline.com.br\/site\/author\/juliana\/#author","url":"https:\/\/anoticiaonline.com.br\/site\/author\/juliana\/","name":"Juliana Laviola","image":{"@type":"ImageObject","@id":"https:\/\/anoticiaonline.com.br\/site\/corpo-de-tiaguinho-da-geladeira-esta-sendo-velado-no-cemiterio-senhor-do-bonfim\/#authorImage","url":"https:\/\/secure.gravatar.com\/avatar\/b8d45f5c699b100dfaf0e543582f38f38bf94cb7ae3a5e9abf8d891a34773335?s=96&d=mm&r=g","width":96,"height":96,"caption":"Juliana Laviola"}},{"@type":"WebPage","@id":"https:\/\/anoticiaonline.com.br\/site\/corpo-de-tiaguinho-da-geladeira-esta-sendo-velado-no-cemiterio-senhor-do-bonfim\/#webpage","url":"https:\/\/anoticiaonline.com.br\/site\/corpo-de-tiaguinho-da-geladeira-esta-sendo-velado-no-cemiterio-senhor-do-bonfim\/","name":"Corpo de \u201cTiaguinho da Geladeira\u201d est\u00e1 sendo velado no Cemit\u00e9rio Senhor do Bonfim - A Not\u00edcia Online","description":"O corpo de \u201cTiaguinho da Geladeira\u201d, uma das figuras populares mais conhecidas e irreverentes de Muria\u00e9, est\u00e1 sendo velado nesta quinta-feira (27) na cidade e o sepultamento acontecer\u00e1 \u00e0s 14h, no Cemit\u00e9rio Municipal Senhor do Bonfim, Centro. Edson Freire de Souza, de 45 anos, nome verdadeiro de \u201cTiaguinho\u201d, foi encontrado morto na manh\u00e3 do dia","inLanguage":"pt-BR","isPartOf":{"@id":"https:\/\/anoticiaonline.com.br\/site\/#website"},"breadcrumb":{"@id":"https:\/\/anoticiaonline.com.br\/site\/corpo-de-tiaguinho-da-geladeira-esta-sendo-velado-no-cemiterio-senhor-do-bonfim\/#breadcrumblist"},"author":{"@id":"https:\/\/anoticiaonline.com.br\/site\/author\/juliana\/#author"},"creator":{"@id":"https:\/\/anoticiaonline.com.br\/site\/author\/juliana\/#author"},"image":{"@type":"ImageObject","url":"https:\/\/anoticiaonline.com.br\/site\/wp-content\/uploads\/2017\/04\/Morre-o-\u201cTiaguinho-da-Geladeira\u201d1.jpg","@id":"https:\/\/anoticiaonline.com.br\/site\/corpo-de-tiaguinho-da-geladeira-esta-sendo-velado-no-cemiterio-senhor-do-bonfim\/#mainImage","width":640,"height":480},"primaryImageOfPage":{"@id":"https:\/\/anoticiaonline.com.br\/site\/corpo-de-tiaguinho-da-geladeira-esta-sendo-velado-no-cemiterio-senhor-do-bonfim\/#mainImage"},"datePublished":"2017-04-27T11:11:55-03:00","dateModified":"2017-04-27T20:19:18-03:00"},{"@type":"WebSite","@id":"https:\/\/anoticiaonline.com.br\/site\/#website","url":"https:\/\/anoticiaonline.com.br\/site\/","name":"A Not\u00edcia Online","description":"Noticias de Muria\u00e9 e regi\u00e3o","inLanguage":"pt-BR","publisher":{"@id":"https:\/\/anoticiaonline.com.br\/site\/#organization"}}]},"og:locale":"pt_BR","og:site_name":"A Not\u00edcia Online - Noticias de Muria\u00e9 e regi\u00e3o","og:type":"article","og:title":"Corpo de \u201cTiaguinho da Geladeira\u201d est\u00e1 sendo velado no Cemit\u00e9rio Senhor do Bonfim - A Not\u00edcia Online","og:description":"O corpo de \u201cTiaguinho da Geladeira\u201d, uma das figuras populares mais conhecidas e irreverentes de Muria\u00e9, est\u00e1 sendo velado nesta quinta-feira (27) na cidade e o sepultamento acontecer\u00e1 \u00e0s 14h, no Cemit\u00e9rio Municipal Senhor do Bonfim, Centro. Edson Freire de Souza, de 45 anos, nome verdadeiro de \u201cTiaguinho\u201d, foi encontrado morto na manh\u00e3 do dia","og:url":"https:\/\/anoticiaonline.com.br\/site\/corpo-de-tiaguinho-da-geladeira-esta-sendo-velado-no-cemiterio-senhor-do-bonfim\/","og:image":"https:\/\/scontent-gig4-1.xx.fbcdn.net\/v\/t39.30808-1\/270437624_4564083193639691_6907940295614233970_n.jpg?stp=dst-jpg_s200x200_tt6&#038;_nc_cat=111&#038;ccb=1-7&#038;_nc_sid=f907e8&#038;_nc_ohc=SM1wRlP3lJwQ7kNvwEPuBYA&#038;_nc_oc=AdnqrjDN_BNjSSHWO-GbkIWH6fkGMLw4bqvL_NH6e2wMveX7G-rP2dAqsDSq1mJMOaY&#038;_nc_zt=24&#038;_nc_ht=scontent-gig4-1.xx&#038;_nc_gid=AoBFJeGrT1hVaew_6rchkQ&#038;oh=00_AfX7QmFGhQhG2jAllVgXCiM1ZrWgvtp80-Bfppyexh1QEg&#038;oe=689E923C","og:image:secure_url":"https:\/\/scontent-gig4-1.xx.fbcdn.net\/v\/t39.30808-1\/270437624_4564083193639691_6907940295614233970_n.jpg?stp=dst-jpg_s200x200_tt6&#038;_nc_cat=111&#038;ccb=1-7&#038;_nc_sid=f907e8&#038;_nc_ohc=SM1wRlP3lJwQ7kNvwEPuBYA&#038;_nc_oc=AdnqrjDN_BNjSSHWO-GbkIWH6fkGMLw4bqvL_NH6e2wMveX7G-rP2dAqsDSq1mJMOaY&#038;_nc_zt=24&#038;_nc_ht=scontent-gig4-1.xx&#038;_nc_gid=AoBFJeGrT1hVaew_6rchkQ&#038;oh=00_AfX7QmFGhQhG2jAllVgXCiM1ZrWgvtp80-Bfppyexh1QEg&#038;oe=689E923C","article:published_time":"2017-04-27T14:11:55+00:00","article:modified_time":"2017-04-27T23:19:18+00:00","twitter:card":"summary_large_image","twitter:title":"Corpo de \u201cTiaguinho da Geladeira\u201d est\u00e1 sendo velado no Cemit\u00e9rio Senhor do Bonfim - A Not\u00edcia Online","twitter:description":"O corpo de \u201cTiaguinho da Geladeira\u201d, uma das figuras populares mais conhecidas e irreverentes de Muria\u00e9, est\u00e1 sendo velado nesta quinta-feira (27) na cidade e o sepultamento acontecer\u00e1 \u00e0s 14h, no Cemit\u00e9rio Municipal Senhor do Bonfim, Centro. Edson Freire de Souza, de 45 anos, nome verdadeiro de \u201cTiaguinho\u201d, foi encontrado morto na manh\u00e3 do dia","twitter:image":"https:\/\/scontent-gig4-1.xx.fbcdn.net\/v\/t39.30808-1\/270437624_4564083193639691_6907940295614233970_n.jpg?stp=dst-jpg_s200x200_tt6&_nc_cat=111&ccb=1-7&_nc_sid=f907e8&_nc_ohc=SM1wRlP3lJwQ7kNvwEPuBYA&_nc_oc=AdnqrjDN_BNjSSHWO-GbkIWH6fkGMLw4bqvL_NH6e2wMveX7G-rP2dAqsDSq1mJMOaY&_nc_zt=24&_nc_ht=scontent-gig4-1.xx&_nc_gid=AoBFJeGrT1hVaew_6rchkQ&oh=00_AfX7QmFGhQhG2jAllVgXCiM1ZrWgvtp80-Bfppyexh1QEg&oe=689E923C"},"aioseo_meta_data":{"post_id":"28505","title":null,"description":null,"keywords":null,"keyphrases":null,"primary_term":null,"canonical_url":null,"og_title":null,"og_description":null,"og_object_type":"default","og_image_type":"default","og_image_url":null,"og_image_width":null,"og_image_height":null,"og_image_custom_url":null,"og_image_custom_fields":null,"og_video":null,"og_custom_url":null,"og_article_section":null,"og_article_tags":null,"twitter_use_og":false,"twitter_card":"default","twitter_image_type":"default","twitter_image_url":null,"twitter_image_custom_url":null,"twitter_image_custom_fields":null,"twitter_title":null,"twitter_description":null,"schema":{"blockGraphs":[],"customGraphs":[],"default":{"data":{"Article":[],"Course":[],"Dataset":[],"FAQPage":[],"Movie":[],"Person":[],"Product":[],"ProductReview":[],"Car":[],"Recipe":[],"Service":[],"SoftwareApplication":[],"WebPage":[]},"graphName":"","isEnabled":true},"graphs":[]},"schema_type":"default","schema_type_options":null,"pillar_content":false,"robots_default":true,"robots_noindex":false,"robots_noarchive":false,"robots_nosnippet":false,"robots_nofollow":false,"robots_noimageindex":false,"robots_noodp":false,"robots_notranslate":false,"robots_max_snippet":null,"robots_max_videopreview":null,"robots_max_imagepreview":"large","priority":null,"frequency":null,"local_seo":null,"breadcrumb_settings":null,"limit_modified_date":false,"ai":null,"created":"2025-08-16 18:16:33","updated":"2025-08-16 18:16:33","focus_keyword":null,"additional_keywords":null,"truseo_locale":null,"seo_analyzer_scan_date":null},"aioseo_breadcrumb":"<div class=\"aioseo-breadcrumbs\"><span class=\"aioseo-breadcrumb\">\n\t\t\t<a href=\"https:\/\/anoticiaonline.com.br\/site\" title=\"Home\">Home<\/a>\n\t\t<\/span><span class=\"aioseo-breadcrumb-separator\">&raquo;<\/span><span class=\"aioseo-breadcrumb\">\n\t\t\t<a href=\"https:\/\/anoticiaonline.com.br\/site\/categoria\/muriae\/\" title=\"Blog\">Blog<\/a>\n\t\t<\/span><span class=\"aioseo-breadcrumb-separator\">&raquo;<\/span><span class=\"aioseo-breadcrumb\">\n\t\t\tCorpo de \u201cTiaguinho da Geladeira\u201d est\u00e1 sendo velado no Cemit\u00e9rio Senhor do Bonfim\n\t\t<\/span><\/div>","aioseo_breadcrumb_json":[{"label":"Home","link":"https:\/\/anoticiaonline.com.br\/site"},{"label":"Blog","link":"https:\/\/anoticiaonline.com.br\/site\/categoria\/muriae\/"},{"label":"Corpo de \u201cTiaguinho da Geladeira\u201d est\u00e1 sendo velado no Cemit\u00e9rio Senhor do Bonfim","link":"https:\/\/anoticiaonline.com.br\/site\/corpo-de-tiaguinho-da-geladeira-esta-sendo-velado-no-cemiterio-senhor-do-bonfim\/"}],"views":151,"_links":{"self":[{"href":"https:\/\/anoticiaonline.com.br\/site\/wp-json\/wp\/v2\/posts\/28505","targetHints":{"allow":["GET"]}}],"collection":[{"href":"https:\/\/anoticiaonline.com.br\/site\/wp-json\/wp\/v2\/posts"}],"about":[{"href":"https:\/\/anoticiaonline.com.br\/site\/wp-json\/wp\/v2\/types\/post"}],"author":[{"embeddable":true,"href":"https:\/\/anoticiaonline.com.br\/site\/wp-json\/wp\/v2\/users\/2"}],"replies":[{"embeddable":true,"href":"https:\/\/anoticiaonline.com.br\/site\/wp-json\/wp\/v2\/comments?post=28505"}],"version-history":[{"count":0,"href":"https:\/\/anoticiaonline.com.br\/site\/wp-json\/wp\/v2\/posts\/28505\/revisions"}],"wp:featuredmedia":[{"embeddable":true,"href":"https:\/\/anoticiaonline.com.br\/site\/wp-json\/wp\/v2\/media\/28506"}],"wp:attachment":[{"href":"https:\/\/anoticiaonline.com.br\/site\/wp-json\/wp\/v2\/media?parent=28505"}],"wp:term":[{"taxonomy":"category","embeddable":true,"href":"https:\/\/anoticiaonline.com.br\/site\/wp-json\/wp\/v2\/categories?post=28505"},{"taxonomy":"post_tag","embeddable":true,"href":"https:\/\/anoticiaonline.com.br\/site\/wp-json\/wp\/v2\/tags?post=28505"}],"curies":[{"name":"wp","href":"https:\/\/api.w.org\/{rel}","templated":true}]}}