{"id":28469,"date":"2017-04-27T09:43:26","date_gmt":"2017-04-27T12:43:26","guid":{"rendered":"http:\/\/anoticiaonline.com.br\/site\/?p=28469"},"modified":"2017-04-27T21:16:55","modified_gmt":"2017-04-28T00:16:55","slug":"danilo-guarino-de-souza-lanca-cafe-com-os-compadres","status":"publish","type":"post","link":"https:\/\/anoticiaonline.com.br\/site\/danilo-guarino-de-souza-lanca-cafe-com-os-compadres\/","title":{"rendered":"Danilo Guarino de Souza lan\u00e7a \u201cCaf\u00e9 com os Compadres\u201d"},"content":{"rendered":"<p><a href=\"https:\/\/anoticiaonline.com.br\/site\/wp-content\/uploads\/2017\/04\/DSC_0385.jpg\"><img fetchpriority=\"high\" decoding=\"async\" class=\" size-medium wp-image-28470 alignleft\" src=\"https:\/\/anoticiaonline.com.br\/site\/wp-content\/uploads\/2017\/04\/DSC_0385-300x211.jpg\" alt=\"DSC_0385\" width=\"300\" height=\"211\" srcset=\"https:\/\/anoticiaonline.com.br\/site\/wp-content\/uploads\/2017\/04\/DSC_0385-300x211.jpg 300w, https:\/\/anoticiaonline.com.br\/site\/wp-content\/uploads\/2017\/04\/DSC_0385.jpg 640w\" sizes=\"(max-width: 300px) 100vw, 300px\" \/><\/a>O empres\u00e1rio e escritor, Danilo Guarino de Souza, lan\u00e7ou seu primeiro livro. \u201cCaf\u00e9 com os Compadres\u201d conta sobre sua vida e participa\u00e7\u00e3o no programa hom\u00f4nimo, transmitido pela TV e R\u00e1dio Atividade AM. Danilo tamb\u00e9m \u00e9 membro da Academia Muriaeense de Letras (AMLE), ocupando a cadeira de n\u00famero 5, tendo como patronesse Thereza Bandeira de Mello, sua professora prim\u00e1ria.<\/p>\n<p>O lan\u00e7amento da obra aconteceu no s\u00e1bado (22), no S\u00edtio Saramandaia, e contou com a presen\u00e7a de familiares, amigos do autor e membros da AMLE.<\/p>\n<p>Filho de Olange Camilo de Souza e Carmelita Guarino de Souza, Danilo trabalhou no Banco Nacional de 1958 a 1967. Em 1964, fundou, com seu amigo e concunhado Darcy Jos\u00e9 Rodrigues, a f\u00e1brica de m\u00f3veis Cardani, pioneira na fabrica\u00e7\u00e3o de sof\u00e1s-cama em Muria\u00e9. Em seguido, abriu a loja de m\u00f3veis Darcy-Danilo, na qual colocaram a torre de televis\u00e3o de transmiss\u00e3o a cores. Foi tamb\u00e9m s\u00f3cio-propriet\u00e1rio da loja de material de constru\u00e7\u00e3o Matercon.<\/p>\n<p>Casou-se no dia 20 de outubro de 1962 com Maria de Lourdes Dutra de Souza, com quem tem tr\u00eas filhos: Danilo, \u00c2ngelo Jos\u00e9 e Joana Darc Dutra (carinhosamente chamada de J\u00f4), e quatro netos: Danilo, Laura, Marina e Isabella \u2013 essas duas \u00faltimas declamaram uma poesia de sua autoria durante o lan\u00e7amento em homenagem ao av\u00f4.<\/p>\n<figure id=\"attachment_28500\" aria-describedby=\"caption-attachment-28500\" style=\"width: 290px\" class=\"wp-caption alignleft\"><a href=\"https:\/\/anoticiaonline.com.br\/site\/wp-content\/uploads\/2017\/04\/DSC_0303.jpg\"><img decoding=\"async\" class=\"size-medium wp-image-28500\" src=\"https:\/\/anoticiaonline.com.br\/site\/wp-content\/uploads\/2017\/04\/DSC_0303-300x216.jpg\" alt=\"Capa do livro &quot;Caf\u00e9 com os Compadres&quot;\" width=\"300\" height=\"216\" srcset=\"https:\/\/anoticiaonline.com.br\/site\/wp-content\/uploads\/2017\/04\/DSC_0303-300x216.jpg 300w, https:\/\/anoticiaonline.com.br\/site\/wp-content\/uploads\/2017\/04\/DSC_0303.jpg 640w\" sizes=\"(max-width: 300px) 100vw, 300px\" \/><\/a><figcaption id=\"caption-attachment-28500\" class=\"wp-caption-text\">Capa do livro &#8220;Caf\u00e9 com os Compadres&#8221;<\/figcaption><\/figure>\n<p>Muito ligado \u00e0 vida crist\u00e3, Danilo e Maria de Lourdes foram membros do Movimento Familiar Crist\u00e3o com o amigo e conselheiro espiritual, padre Estev\u00e3o, entre 1964 e 1990. Atou ainda como palestrante, juntamente com a esposa, nos encontros de casais e cursos preparat\u00f3rios para noivos da igreja cat\u00f3lica da cidade.<br \/>\nDanilo Guarino tamb\u00e9m seguiu carreira p\u00fablica. Foi eleito vereador de 1972 a 1976 (aos 31 anos) e presidente da C\u00e2mara de Vereadores no governo do prefeito Paulo Fraga.<\/p>\n<p>Tamb\u00e9m se dedicou ao esporte. Como atleta, foi homenageado em 1977 por ser o jogador que mais participou de campeonatos da cidade naquela \u00e9poca &#8211; um total de 25 -, atuando pelos times do Ros\u00e1rio, Santa Rosa, Cruzeiro e Paulistano.<\/p>\n<p>De 2006 a 2016, participou, juntamente com a locutora Giane Carla, do programa \u201cCaf\u00e9 com os Compadres\u201d, transmitido pela R\u00e1dio Atividade AM. Devido ao sucesso do programa no r\u00e1dio, o mesmo ganhou uma vers\u00e3o em v\u00eddeo, que foi transmitida tamb\u00e9m pela TV Atividade, e Danilo foi escolhido para participar do programa, atuando no mesmo de 2008 a 2013.<\/p>\n<p>Agora, em 2017, Danilo resolveu contar, neste livro, hist\u00f3rias que vivenciou, viu acontecer e outras que s\u00e3o frutos de sua imagina\u00e7\u00e3o.<\/p>\n<p><strong>GALERIA DE FOTOS:<\/strong><\/p>\n<p><img decoding=\"async\" class=\"ngg_displayed_gallery mceItem\" src=\"https:\/\/anoticiaonline.com.br\/site\/nextgen-attach_to_post\/preview\/id--28499\" alt=\"\" \/><\/p>\n","protected":false},"excerpt":{"rendered":"<p>O empres\u00e1rio e escritor, Danilo Guarino de Souza, lan\u00e7ou seu primeiro livro. \u201cCaf\u00e9 com os Compadres\u201d conta sobre sua vida e participa\u00e7\u00e3o no programa hom\u00f4nimo, transmitido pela TV e R\u00e1dio Atividade AM. Danilo tamb\u00e9m \u00e9 membro da Academia Muriaeense de Letras (AMLE), ocupando a cadeira de n\u00famero 5, tendo como patronesse Thereza Bandeira de Mello, &#8230; <a title=\"Danilo Guarino de Souza lan\u00e7a \u201cCaf\u00e9 com os Compadres\u201d\" class=\"read-more\" href=\"https:\/\/anoticiaonline.com.br\/site\/danilo-guarino-de-souza-lanca-cafe-com-os-compadres\/\" aria-label=\"Read more about Danilo Guarino de Souza lan\u00e7a \u201cCaf\u00e9 com os Compadres\u201d\">Ler mais<\/a><\/p>\n","protected":false},"author":2,"featured_media":28470,"comment_status":"open","ping_status":"open","sticky":false,"template":"","format":"standard","meta":{"_acf_changed":false,"_monsterinsights_skip_tracking":false,"footnotes":""},"categories":[30],"tags":[3],"class_list":["post-28469","post","type-post","status-publish","format-standard","has-post-thumbnail","hentry","category-muriae","tag-slide"],"acf":[],"aioseo_notices":[],"aioseo_head":"\n\t\t<!-- All in One SEO 5.0.0.1 - aioseo.com -->\n\t<meta name=\"description\" content=\"O empres\u00e1rio e escritor, Danilo Guarino de Souza, lan\u00e7ou seu primeiro livro. \u201cCaf\u00e9 com os Compadres\u201d conta sobre sua vida e participa\u00e7\u00e3o no programa hom\u00f4nimo, transmitido pela TV e R\u00e1dio Atividade AM. Danilo tamb\u00e9m \u00e9 membro da Academia Muriaeense de Letras (AMLE), ocupando a cadeira de n\u00famero 5, tendo como patronesse Thereza Bandeira de Mello,\" \/>\n\t<meta name=\"robots\" content=\"max-image-preview:large\" \/>\n\t<meta name=\"author\" content=\"Juliana Laviola\"\/>\n\t<link rel=\"canonical\" href=\"https:\/\/anoticiaonline.com.br\/site\/danilo-guarino-de-souza-lanca-cafe-com-os-compadres\/\" \/>\n\t<meta name=\"generator\" content=\"All in One SEO (AIOSEO) 5.0.0.1\" \/>\n\t\t<meta property=\"og:locale\" content=\"pt_BR\" \/>\n\t\t<meta property=\"og:site_name\" content=\"A Not\u00edcia Online - Noticias de Muria\u00e9 e regi\u00e3o\" \/>\n\t\t<meta property=\"og:type\" content=\"article\" \/>\n\t\t<meta property=\"og:title\" content=\"Danilo Guarino de Souza lan\u00e7a \u201cCaf\u00e9 com os Compadres\u201d - A Not\u00edcia Online\" \/>\n\t\t<meta property=\"og:description\" content=\"O empres\u00e1rio e escritor, Danilo Guarino de Souza, lan\u00e7ou seu primeiro livro. \u201cCaf\u00e9 com os Compadres\u201d conta sobre sua vida e participa\u00e7\u00e3o no programa hom\u00f4nimo, transmitido pela TV e R\u00e1dio Atividade AM. Danilo tamb\u00e9m \u00e9 membro da Academia Muriaeense de Letras (AMLE), ocupando a cadeira de n\u00famero 5, tendo como patronesse Thereza Bandeira de Mello,\" \/>\n\t\t<meta property=\"og:url\" content=\"https:\/\/anoticiaonline.com.br\/site\/danilo-guarino-de-souza-lanca-cafe-com-os-compadres\/\" \/>\n\t\t<meta property=\"og:image\" content=\"https:\/\/scontent-gig4-1.xx.fbcdn.net\/v\/t39.30808-1\/270437624_4564083193639691_6907940295614233970_n.jpg?stp=dst-jpg_s200x200_tt6&#038;_nc_cat=111&#038;ccb=1-7&#038;_nc_sid=f907e8&#038;_nc_ohc=SM1wRlP3lJwQ7kNvwEPuBYA&#038;_nc_oc=AdnqrjDN_BNjSSHWO-GbkIWH6fkGMLw4bqvL_NH6e2wMveX7G-rP2dAqsDSq1mJMOaY&#038;_nc_zt=24&#038;_nc_ht=scontent-gig4-1.xx&#038;_nc_gid=AoBFJeGrT1hVaew_6rchkQ&#038;oh=00_AfX7QmFGhQhG2jAllVgXCiM1ZrWgvtp80-Bfppyexh1QEg&#038;oe=689E923C\" \/>\n\t\t<meta property=\"og:image:secure_url\" content=\"https:\/\/scontent-gig4-1.xx.fbcdn.net\/v\/t39.30808-1\/270437624_4564083193639691_6907940295614233970_n.jpg?stp=dst-jpg_s200x200_tt6&#038;_nc_cat=111&#038;ccb=1-7&#038;_nc_sid=f907e8&#038;_nc_ohc=SM1wRlP3lJwQ7kNvwEPuBYA&#038;_nc_oc=AdnqrjDN_BNjSSHWO-GbkIWH6fkGMLw4bqvL_NH6e2wMveX7G-rP2dAqsDSq1mJMOaY&#038;_nc_zt=24&#038;_nc_ht=scontent-gig4-1.xx&#038;_nc_gid=AoBFJeGrT1hVaew_6rchkQ&#038;oh=00_AfX7QmFGhQhG2jAllVgXCiM1ZrWgvtp80-Bfppyexh1QEg&#038;oe=689E923C\" \/>\n\t\t<meta property=\"article:published_time\" content=\"2017-04-27T12:43:26+00:00\" \/>\n\t\t<meta property=\"article:modified_time\" content=\"2017-04-28T00:16:55+00:00\" \/>\n\t\t<meta name=\"twitter:card\" content=\"summary_large_image\" \/>\n\t\t<meta name=\"twitter:title\" content=\"Danilo Guarino de Souza lan\u00e7a \u201cCaf\u00e9 com os Compadres\u201d - A Not\u00edcia Online\" \/>\n\t\t<meta name=\"twitter:description\" content=\"O empres\u00e1rio e escritor, Danilo Guarino de Souza, lan\u00e7ou seu primeiro livro. \u201cCaf\u00e9 com os Compadres\u201d conta sobre sua vida e participa\u00e7\u00e3o no programa hom\u00f4nimo, transmitido pela TV e R\u00e1dio Atividade AM. Danilo tamb\u00e9m \u00e9 membro da Academia Muriaeense de Letras (AMLE), ocupando a cadeira de n\u00famero 5, tendo como patronesse Thereza Bandeira de Mello,\" \/>\n\t\t<meta name=\"twitter:image\" content=\"https:\/\/scontent-gig4-1.xx.fbcdn.net\/v\/t39.30808-1\/270437624_4564083193639691_6907940295614233970_n.jpg?stp=dst-jpg_s200x200_tt6&amp;_nc_cat=111&amp;ccb=1-7&amp;_nc_sid=f907e8&amp;_nc_ohc=SM1wRlP3lJwQ7kNvwEPuBYA&amp;_nc_oc=AdnqrjDN_BNjSSHWO-GbkIWH6fkGMLw4bqvL_NH6e2wMveX7G-rP2dAqsDSq1mJMOaY&amp;_nc_zt=24&amp;_nc_ht=scontent-gig4-1.xx&amp;_nc_gid=AoBFJeGrT1hVaew_6rchkQ&amp;oh=00_AfX7QmFGhQhG2jAllVgXCiM1ZrWgvtp80-Bfppyexh1QEg&amp;oe=689E923C\" \/>\n\t\t<script type=\"application\/ld+json\" class=\"aioseo-schema\">\n\t\t\t{\"@context\":\"https:\\\/\\\/schema.org\",\"@graph\":[{\"@type\":\"BlogPosting\",\"@id\":\"https:\\\/\\\/anoticiaonline.com.br\\\/site\\\/danilo-guarino-de-souza-lanca-cafe-com-os-compadres\\\/#blogposting\",\"name\":\"Danilo Guarino de Souza lan\\u00e7a \\u201cCaf\\u00e9 com os Compadres\\u201d - A Not\\u00edcia Online\",\"headline\":\"Danilo Guarino de Souza lan\\u00e7a \\u201cCaf\\u00e9 com os Compadres\\u201d\",\"author\":{\"@id\":\"https:\\\/\\\/anoticiaonline.com.br\\\/site\\\/author\\\/juliana\\\/#author\"},\"publisher\":{\"@id\":\"https:\\\/\\\/anoticiaonline.com.br\\\/site\\\/#organization\"},\"image\":{\"@type\":\"ImageObject\",\"url\":\"https:\\\/\\\/anoticiaonline.com.br\\\/site\\\/wp-content\\\/uploads\\\/2017\\\/04\\\/DSC_0385.jpg\",\"width\":640,\"height\":451},\"datePublished\":\"2017-04-27T09:43:26-03:00\",\"dateModified\":\"2017-04-27T21:16:55-03:00\",\"inLanguage\":\"pt-BR\",\"mainEntityOfPage\":{\"@id\":\"https:\\\/\\\/anoticiaonline.com.br\\\/site\\\/danilo-guarino-de-souza-lanca-cafe-com-os-compadres\\\/#webpage\"},\"isPartOf\":{\"@id\":\"https:\\\/\\\/anoticiaonline.com.br\\\/site\\\/danilo-guarino-de-souza-lanca-cafe-com-os-compadres\\\/#webpage\"},\"articleSection\":\"Blog, slide\"},{\"@type\":\"BreadcrumbList\",\"@id\":\"https:\\\/\\\/anoticiaonline.com.br\\\/site\\\/danilo-guarino-de-souza-lanca-cafe-com-os-compadres\\\/#breadcrumblist\",\"itemListElement\":[{\"@type\":\"ListItem\",\"@id\":\"https:\\\/\\\/anoticiaonline.com.br\\\/site#listItem\",\"position\":1,\"name\":\"Home\",\"item\":\"https:\\\/\\\/anoticiaonline.com.br\\\/site\",\"nextItem\":{\"@type\":\"ListItem\",\"@id\":\"https:\\\/\\\/anoticiaonline.com.br\\\/site\\\/categoria\\\/muriae\\\/#listItem\",\"name\":\"Blog\"}},{\"@type\":\"ListItem\",\"@id\":\"https:\\\/\\\/anoticiaonline.com.br\\\/site\\\/categoria\\\/muriae\\\/#listItem\",\"position\":2,\"name\":\"Blog\",\"item\":\"https:\\\/\\\/anoticiaonline.com.br\\\/site\\\/categoria\\\/muriae\\\/\",\"nextItem\":{\"@type\":\"ListItem\",\"@id\":\"https:\\\/\\\/anoticiaonline.com.br\\\/site\\\/danilo-guarino-de-souza-lanca-cafe-com-os-compadres\\\/#listItem\",\"name\":\"Danilo Guarino de Souza lan\\u00e7a \\u201cCaf\\u00e9 com os Compadres\\u201d\"},\"previousItem\":{\"@type\":\"ListItem\",\"@id\":\"https:\\\/\\\/anoticiaonline.com.br\\\/site#listItem\",\"name\":\"Home\"}},{\"@type\":\"ListItem\",\"@id\":\"https:\\\/\\\/anoticiaonline.com.br\\\/site\\\/danilo-guarino-de-souza-lanca-cafe-com-os-compadres\\\/#listItem\",\"position\":3,\"name\":\"Danilo Guarino de Souza lan\\u00e7a \\u201cCaf\\u00e9 com os Compadres\\u201d\",\"previousItem\":{\"@type\":\"ListItem\",\"@id\":\"https:\\\/\\\/anoticiaonline.com.br\\\/site\\\/categoria\\\/muriae\\\/#listItem\",\"name\":\"Blog\"}}]},{\"@type\":\"Organization\",\"@id\":\"https:\\\/\\\/anoticiaonline.com.br\\\/site\\\/#organization\",\"name\":\"A Not\\u00edcia Online\",\"description\":\"Noticias de Muria\\u00e9 e regi\\u00e3o\",\"url\":\"https:\\\/\\\/anoticiaonline.com.br\\\/site\\\/\",\"logo\":{\"@type\":\"ImageObject\",\"url\":\"https:\\\/\\\/scontent-gig4-1.xx.fbcdn.net\\\/v\\\/t39.30808-1\\\/270437624_4564083193639691_6907940295614233970_n.jpg?stp=dst-jpg_s200x200_tt6&_nc_cat=111&ccb=1-7&_nc_sid=f907e8&_nc_ohc=SM1wRlP3lJwQ7kNvwEPuBYA&_nc_oc=AdnqrjDN_BNjSSHWO-GbkIWH6fkGMLw4bqvL_NH6e2wMveX7G-rP2dAqsDSq1mJMOaY&_nc_zt=24&_nc_ht=scontent-gig4-1.xx&_nc_gid=AoBFJeGrT1hVaew_6rchkQ&oh=00_AfX7QmFGhQhG2jAllVgXCiM1ZrWgvtp80-Bfppyexh1QEg&oe=689E923C\",\"@id\":\"https:\\\/\\\/anoticiaonline.com.br\\\/site\\\/danilo-guarino-de-souza-lanca-cafe-com-os-compadres\\\/#organizationLogo\"},\"image\":{\"@id\":\"https:\\\/\\\/anoticiaonline.com.br\\\/site\\\/danilo-guarino-de-souza-lanca-cafe-com-os-compadres\\\/#organizationLogo\"}},{\"@type\":\"Person\",\"@id\":\"https:\\\/\\\/anoticiaonline.com.br\\\/site\\\/author\\\/juliana\\\/#author\",\"url\":\"https:\\\/\\\/anoticiaonline.com.br\\\/site\\\/author\\\/juliana\\\/\",\"name\":\"Juliana Laviola\",\"image\":{\"@type\":\"ImageObject\",\"@id\":\"https:\\\/\\\/anoticiaonline.com.br\\\/site\\\/danilo-guarino-de-souza-lanca-cafe-com-os-compadres\\\/#authorImage\",\"url\":\"https:\\\/\\\/secure.gravatar.com\\\/avatar\\\/b8d45f5c699b100dfaf0e543582f38f38bf94cb7ae3a5e9abf8d891a34773335?s=96&d=mm&r=g\",\"width\":96,\"height\":96,\"caption\":\"Juliana Laviola\"}},{\"@type\":\"WebPage\",\"@id\":\"https:\\\/\\\/anoticiaonline.com.br\\\/site\\\/danilo-guarino-de-souza-lanca-cafe-com-os-compadres\\\/#webpage\",\"url\":\"https:\\\/\\\/anoticiaonline.com.br\\\/site\\\/danilo-guarino-de-souza-lanca-cafe-com-os-compadres\\\/\",\"name\":\"Danilo Guarino de Souza lan\\u00e7a \\u201cCaf\\u00e9 com os Compadres\\u201d - A Not\\u00edcia Online\",\"description\":\"O empres\\u00e1rio e escritor, Danilo Guarino de Souza, lan\\u00e7ou seu primeiro livro. \\u201cCaf\\u00e9 com os Compadres\\u201d conta sobre sua vida e participa\\u00e7\\u00e3o no programa hom\\u00f4nimo, transmitido pela TV e R\\u00e1dio Atividade AM. Danilo tamb\\u00e9m \\u00e9 membro da Academia Muriaeense de Letras (AMLE), ocupando a cadeira de n\\u00famero 5, tendo como patronesse Thereza Bandeira de Mello,\",\"inLanguage\":\"pt-BR\",\"isPartOf\":{\"@id\":\"https:\\\/\\\/anoticiaonline.com.br\\\/site\\\/#website\"},\"breadcrumb\":{\"@id\":\"https:\\\/\\\/anoticiaonline.com.br\\\/site\\\/danilo-guarino-de-souza-lanca-cafe-com-os-compadres\\\/#breadcrumblist\"},\"author\":{\"@id\":\"https:\\\/\\\/anoticiaonline.com.br\\\/site\\\/author\\\/juliana\\\/#author\"},\"creator\":{\"@id\":\"https:\\\/\\\/anoticiaonline.com.br\\\/site\\\/author\\\/juliana\\\/#author\"},\"image\":{\"@type\":\"ImageObject\",\"url\":\"https:\\\/\\\/anoticiaonline.com.br\\\/site\\\/wp-content\\\/uploads\\\/2017\\\/04\\\/DSC_0385.jpg\",\"@id\":\"https:\\\/\\\/anoticiaonline.com.br\\\/site\\\/danilo-guarino-de-souza-lanca-cafe-com-os-compadres\\\/#mainImage\",\"width\":640,\"height\":451},\"primaryImageOfPage\":{\"@id\":\"https:\\\/\\\/anoticiaonline.com.br\\\/site\\\/danilo-guarino-de-souza-lanca-cafe-com-os-compadres\\\/#mainImage\"},\"datePublished\":\"2017-04-27T09:43:26-03:00\",\"dateModified\":\"2017-04-27T21:16:55-03:00\"},{\"@type\":\"WebSite\",\"@id\":\"https:\\\/\\\/anoticiaonline.com.br\\\/site\\\/#website\",\"url\":\"https:\\\/\\\/anoticiaonline.com.br\\\/site\\\/\",\"name\":\"A Not\\u00edcia Online\",\"description\":\"Noticias de Muria\\u00e9 e regi\\u00e3o\",\"inLanguage\":\"pt-BR\",\"publisher\":{\"@id\":\"https:\\\/\\\/anoticiaonline.com.br\\\/site\\\/#organization\"}}]}\n\t\t<\/script>\n\t\t<!-- All in One SEO -->\n\n","aioseo_head_json":{"title":"Danilo Guarino de Souza lan\u00e7a \u201cCaf\u00e9 com os Compadres\u201d - A Not\u00edcia Online","description":"O empres\u00e1rio e escritor, Danilo Guarino de Souza, lan\u00e7ou seu primeiro livro. \u201cCaf\u00e9 com os Compadres\u201d conta sobre sua vida e participa\u00e7\u00e3o no programa hom\u00f4nimo, transmitido pela TV e R\u00e1dio Atividade AM. Danilo tamb\u00e9m \u00e9 membro da Academia Muriaeense de Letras (AMLE), ocupando a cadeira de n\u00famero 5, tendo como patronesse Thereza Bandeira de Mello,","canonical_url":"https:\/\/anoticiaonline.com.br\/site\/danilo-guarino-de-souza-lanca-cafe-com-os-compadres\/","robots":"max-image-preview:large","keywords":"","webmasterTools":{"miscellaneous":""},"schema":{"@context":"https:\/\/schema.org","@graph":[{"@type":"BlogPosting","@id":"https:\/\/anoticiaonline.com.br\/site\/danilo-guarino-de-souza-lanca-cafe-com-os-compadres\/#blogposting","name":"Danilo Guarino de Souza lan\u00e7a \u201cCaf\u00e9 com os Compadres\u201d - A Not\u00edcia Online","headline":"Danilo Guarino de Souza lan\u00e7a \u201cCaf\u00e9 com os Compadres\u201d","author":{"@id":"https:\/\/anoticiaonline.com.br\/site\/author\/juliana\/#author"},"publisher":{"@id":"https:\/\/anoticiaonline.com.br\/site\/#organization"},"image":{"@type":"ImageObject","url":"https:\/\/anoticiaonline.com.br\/site\/wp-content\/uploads\/2017\/04\/DSC_0385.jpg","width":640,"height":451},"datePublished":"2017-04-27T09:43:26-03:00","dateModified":"2017-04-27T21:16:55-03:00","inLanguage":"pt-BR","mainEntityOfPage":{"@id":"https:\/\/anoticiaonline.com.br\/site\/danilo-guarino-de-souza-lanca-cafe-com-os-compadres\/#webpage"},"isPartOf":{"@id":"https:\/\/anoticiaonline.com.br\/site\/danilo-guarino-de-souza-lanca-cafe-com-os-compadres\/#webpage"},"articleSection":"Blog, slide"},{"@type":"BreadcrumbList","@id":"https:\/\/anoticiaonline.com.br\/site\/danilo-guarino-de-souza-lanca-cafe-com-os-compadres\/#breadcrumblist","itemListElement":[{"@type":"ListItem","@id":"https:\/\/anoticiaonline.com.br\/site#listItem","position":1,"name":"Home","item":"https:\/\/anoticiaonline.com.br\/site","nextItem":{"@type":"ListItem","@id":"https:\/\/anoticiaonline.com.br\/site\/categoria\/muriae\/#listItem","name":"Blog"}},{"@type":"ListItem","@id":"https:\/\/anoticiaonline.com.br\/site\/categoria\/muriae\/#listItem","position":2,"name":"Blog","item":"https:\/\/anoticiaonline.com.br\/site\/categoria\/muriae\/","nextItem":{"@type":"ListItem","@id":"https:\/\/anoticiaonline.com.br\/site\/danilo-guarino-de-souza-lanca-cafe-com-os-compadres\/#listItem","name":"Danilo Guarino de Souza lan\u00e7a \u201cCaf\u00e9 com os Compadres\u201d"},"previousItem":{"@type":"ListItem","@id":"https:\/\/anoticiaonline.com.br\/site#listItem","name":"Home"}},{"@type":"ListItem","@id":"https:\/\/anoticiaonline.com.br\/site\/danilo-guarino-de-souza-lanca-cafe-com-os-compadres\/#listItem","position":3,"name":"Danilo Guarino de Souza lan\u00e7a \u201cCaf\u00e9 com os Compadres\u201d","previousItem":{"@type":"ListItem","@id":"https:\/\/anoticiaonline.com.br\/site\/categoria\/muriae\/#listItem","name":"Blog"}}]},{"@type":"Organization","@id":"https:\/\/anoticiaonline.com.br\/site\/#organization","name":"A Not\u00edcia Online","description":"Noticias de Muria\u00e9 e regi\u00e3o","url":"https:\/\/anoticiaonline.com.br\/site\/","logo":{"@type":"ImageObject","url":"https:\/\/scontent-gig4-1.xx.fbcdn.net\/v\/t39.30808-1\/270437624_4564083193639691_6907940295614233970_n.jpg?stp=dst-jpg_s200x200_tt6&_nc_cat=111&ccb=1-7&_nc_sid=f907e8&_nc_ohc=SM1wRlP3lJwQ7kNvwEPuBYA&_nc_oc=AdnqrjDN_BNjSSHWO-GbkIWH6fkGMLw4bqvL_NH6e2wMveX7G-rP2dAqsDSq1mJMOaY&_nc_zt=24&_nc_ht=scontent-gig4-1.xx&_nc_gid=AoBFJeGrT1hVaew_6rchkQ&oh=00_AfX7QmFGhQhG2jAllVgXCiM1ZrWgvtp80-Bfppyexh1QEg&oe=689E923C","@id":"https:\/\/anoticiaonline.com.br\/site\/danilo-guarino-de-souza-lanca-cafe-com-os-compadres\/#organizationLogo"},"image":{"@id":"https:\/\/anoticiaonline.com.br\/site\/danilo-guarino-de-souza-lanca-cafe-com-os-compadres\/#organizationLogo"}},{"@type":"Person","@id":"https:\/\/anoticiaonline.com.br\/site\/author\/juliana\/#author","url":"https:\/\/anoticiaonline.com.br\/site\/author\/juliana\/","name":"Juliana Laviola","image":{"@type":"ImageObject","@id":"https:\/\/anoticiaonline.com.br\/site\/danilo-guarino-de-souza-lanca-cafe-com-os-compadres\/#authorImage","url":"https:\/\/secure.gravatar.com\/avatar\/b8d45f5c699b100dfaf0e543582f38f38bf94cb7ae3a5e9abf8d891a34773335?s=96&d=mm&r=g","width":96,"height":96,"caption":"Juliana Laviola"}},{"@type":"WebPage","@id":"https:\/\/anoticiaonline.com.br\/site\/danilo-guarino-de-souza-lanca-cafe-com-os-compadres\/#webpage","url":"https:\/\/anoticiaonline.com.br\/site\/danilo-guarino-de-souza-lanca-cafe-com-os-compadres\/","name":"Danilo Guarino de Souza lan\u00e7a \u201cCaf\u00e9 com os Compadres\u201d - A Not\u00edcia Online","description":"O empres\u00e1rio e escritor, Danilo Guarino de Souza, lan\u00e7ou seu primeiro livro. \u201cCaf\u00e9 com os Compadres\u201d conta sobre sua vida e participa\u00e7\u00e3o no programa hom\u00f4nimo, transmitido pela TV e R\u00e1dio Atividade AM. Danilo tamb\u00e9m \u00e9 membro da Academia Muriaeense de Letras (AMLE), ocupando a cadeira de n\u00famero 5, tendo como patronesse Thereza Bandeira de Mello,","inLanguage":"pt-BR","isPartOf":{"@id":"https:\/\/anoticiaonline.com.br\/site\/#website"},"breadcrumb":{"@id":"https:\/\/anoticiaonline.com.br\/site\/danilo-guarino-de-souza-lanca-cafe-com-os-compadres\/#breadcrumblist"},"author":{"@id":"https:\/\/anoticiaonline.com.br\/site\/author\/juliana\/#author"},"creator":{"@id":"https:\/\/anoticiaonline.com.br\/site\/author\/juliana\/#author"},"image":{"@type":"ImageObject","url":"https:\/\/anoticiaonline.com.br\/site\/wp-content\/uploads\/2017\/04\/DSC_0385.jpg","@id":"https:\/\/anoticiaonline.com.br\/site\/danilo-guarino-de-souza-lanca-cafe-com-os-compadres\/#mainImage","width":640,"height":451},"primaryImageOfPage":{"@id":"https:\/\/anoticiaonline.com.br\/site\/danilo-guarino-de-souza-lanca-cafe-com-os-compadres\/#mainImage"},"datePublished":"2017-04-27T09:43:26-03:00","dateModified":"2017-04-27T21:16:55-03:00"},{"@type":"WebSite","@id":"https:\/\/anoticiaonline.com.br\/site\/#website","url":"https:\/\/anoticiaonline.com.br\/site\/","name":"A Not\u00edcia Online","description":"Noticias de Muria\u00e9 e regi\u00e3o","inLanguage":"pt-BR","publisher":{"@id":"https:\/\/anoticiaonline.com.br\/site\/#organization"}}]},"og:locale":"pt_BR","og:site_name":"A Not\u00edcia Online - Noticias de Muria\u00e9 e regi\u00e3o","og:type":"article","og:title":"Danilo Guarino de Souza lan\u00e7a \u201cCaf\u00e9 com os Compadres\u201d - A Not\u00edcia Online","og:description":"O empres\u00e1rio e escritor, Danilo Guarino de Souza, lan\u00e7ou seu primeiro livro. \u201cCaf\u00e9 com os Compadres\u201d conta sobre sua vida e participa\u00e7\u00e3o no programa hom\u00f4nimo, transmitido pela TV e R\u00e1dio Atividade AM. Danilo tamb\u00e9m \u00e9 membro da Academia Muriaeense de Letras (AMLE), ocupando a cadeira de n\u00famero 5, tendo como patronesse Thereza Bandeira de Mello,","og:url":"https:\/\/anoticiaonline.com.br\/site\/danilo-guarino-de-souza-lanca-cafe-com-os-compadres\/","og:image":"https:\/\/scontent-gig4-1.xx.fbcdn.net\/v\/t39.30808-1\/270437624_4564083193639691_6907940295614233970_n.jpg?stp=dst-jpg_s200x200_tt6&#038;_nc_cat=111&#038;ccb=1-7&#038;_nc_sid=f907e8&#038;_nc_ohc=SM1wRlP3lJwQ7kNvwEPuBYA&#038;_nc_oc=AdnqrjDN_BNjSSHWO-GbkIWH6fkGMLw4bqvL_NH6e2wMveX7G-rP2dAqsDSq1mJMOaY&#038;_nc_zt=24&#038;_nc_ht=scontent-gig4-1.xx&#038;_nc_gid=AoBFJeGrT1hVaew_6rchkQ&#038;oh=00_AfX7QmFGhQhG2jAllVgXCiM1ZrWgvtp80-Bfppyexh1QEg&#038;oe=689E923C","og:image:secure_url":"https:\/\/scontent-gig4-1.xx.fbcdn.net\/v\/t39.30808-1\/270437624_4564083193639691_6907940295614233970_n.jpg?stp=dst-jpg_s200x200_tt6&#038;_nc_cat=111&#038;ccb=1-7&#038;_nc_sid=f907e8&#038;_nc_ohc=SM1wRlP3lJwQ7kNvwEPuBYA&#038;_nc_oc=AdnqrjDN_BNjSSHWO-GbkIWH6fkGMLw4bqvL_NH6e2wMveX7G-rP2dAqsDSq1mJMOaY&#038;_nc_zt=24&#038;_nc_ht=scontent-gig4-1.xx&#038;_nc_gid=AoBFJeGrT1hVaew_6rchkQ&#038;oh=00_AfX7QmFGhQhG2jAllVgXCiM1ZrWgvtp80-Bfppyexh1QEg&#038;oe=689E923C","article:published_time":"2017-04-27T12:43:26+00:00","article:modified_time":"2017-04-28T00:16:55+00:00","twitter:card":"summary_large_image","twitter:title":"Danilo Guarino de Souza lan\u00e7a \u201cCaf\u00e9 com os Compadres\u201d - A Not\u00edcia Online","twitter:description":"O empres\u00e1rio e escritor, Danilo Guarino de Souza, lan\u00e7ou seu primeiro livro. \u201cCaf\u00e9 com os Compadres\u201d conta sobre sua vida e participa\u00e7\u00e3o no programa hom\u00f4nimo, transmitido pela TV e R\u00e1dio Atividade AM. Danilo tamb\u00e9m \u00e9 membro da Academia Muriaeense de Letras (AMLE), ocupando a cadeira de n\u00famero 5, tendo como patronesse Thereza Bandeira de Mello,","twitter:image":"https:\/\/scontent-gig4-1.xx.fbcdn.net\/v\/t39.30808-1\/270437624_4564083193639691_6907940295614233970_n.jpg?stp=dst-jpg_s200x200_tt6&_nc_cat=111&ccb=1-7&_nc_sid=f907e8&_nc_ohc=SM1wRlP3lJwQ7kNvwEPuBYA&_nc_oc=AdnqrjDN_BNjSSHWO-GbkIWH6fkGMLw4bqvL_NH6e2wMveX7G-rP2dAqsDSq1mJMOaY&_nc_zt=24&_nc_ht=scontent-gig4-1.xx&_nc_gid=AoBFJeGrT1hVaew_6rchkQ&oh=00_AfX7QmFGhQhG2jAllVgXCiM1ZrWgvtp80-Bfppyexh1QEg&oe=689E923C"},"aioseo_meta_data":{"post_id":"28469","title":null,"description":null,"keywords":null,"keyphrases":null,"primary_term":null,"canonical_url":null,"og_title":null,"og_description":null,"og_object_type":"default","og_image_type":"default","og_image_url":null,"og_image_width":null,"og_image_height":null,"og_image_custom_url":null,"og_image_custom_fields":null,"og_video":null,"og_custom_url":null,"og_article_section":null,"og_article_tags":null,"twitter_use_og":false,"twitter_card":"default","twitter_image_type":"default","twitter_image_url":null,"twitter_image_custom_url":null,"twitter_image_custom_fields":null,"twitter_title":null,"twitter_description":null,"schema":{"blockGraphs":[],"customGraphs":[],"default":{"data":{"Article":[],"Course":[],"Dataset":[],"FAQPage":[],"Movie":[],"Person":[],"Product":[],"ProductReview":[],"Car":[],"Recipe":[],"Service":[],"SoftwareApplication":[],"WebPage":[]},"graphName":"","isEnabled":true},"graphs":[]},"schema_type":"default","schema_type_options":null,"pillar_content":false,"robots_default":true,"robots_noindex":false,"robots_noarchive":false,"robots_nosnippet":false,"robots_nofollow":false,"robots_noimageindex":false,"robots_noodp":false,"robots_notranslate":false,"robots_max_snippet":null,"robots_max_videopreview":null,"robots_max_imagepreview":"large","priority":null,"frequency":null,"local_seo":null,"breadcrumb_settings":null,"limit_modified_date":false,"ai":null,"created":"2025-08-16 18:16:33","updated":"2025-08-16 18:16:33","focus_keyword":null,"additional_keywords":null,"truseo_locale":null,"seo_analyzer_scan_date":null},"aioseo_breadcrumb":"<div class=\"aioseo-breadcrumbs\"><span class=\"aioseo-breadcrumb\">\n\t\t\t<a href=\"https:\/\/anoticiaonline.com.br\/site\" title=\"Home\">Home<\/a>\n\t\t<\/span><span class=\"aioseo-breadcrumb-separator\">&raquo;<\/span><span class=\"aioseo-breadcrumb\">\n\t\t\t<a href=\"https:\/\/anoticiaonline.com.br\/site\/categoria\/muriae\/\" title=\"Blog\">Blog<\/a>\n\t\t<\/span><span class=\"aioseo-breadcrumb-separator\">&raquo;<\/span><span class=\"aioseo-breadcrumb\">\n\t\t\tDanilo Guarino de Souza lan\u00e7a \u201cCaf\u00e9 com os Compadres\u201d\n\t\t<\/span><\/div>","aioseo_breadcrumb_json":[{"label":"Home","link":"https:\/\/anoticiaonline.com.br\/site"},{"label":"Blog","link":"https:\/\/anoticiaonline.com.br\/site\/categoria\/muriae\/"},{"label":"Danilo Guarino de Souza lan\u00e7a \u201cCaf\u00e9 com os Compadres\u201d","link":"https:\/\/anoticiaonline.com.br\/site\/danilo-guarino-de-souza-lanca-cafe-com-os-compadres\/"}],"views":157,"_links":{"self":[{"href":"https:\/\/anoticiaonline.com.br\/site\/wp-json\/wp\/v2\/posts\/28469","targetHints":{"allow":["GET"]}}],"collection":[{"href":"https:\/\/anoticiaonline.com.br\/site\/wp-json\/wp\/v2\/posts"}],"about":[{"href":"https:\/\/anoticiaonline.com.br\/site\/wp-json\/wp\/v2\/types\/post"}],"author":[{"embeddable":true,"href":"https:\/\/anoticiaonline.com.br\/site\/wp-json\/wp\/v2\/users\/2"}],"replies":[{"embeddable":true,"href":"https:\/\/anoticiaonline.com.br\/site\/wp-json\/wp\/v2\/comments?post=28469"}],"version-history":[{"count":0,"href":"https:\/\/anoticiaonline.com.br\/site\/wp-json\/wp\/v2\/posts\/28469\/revisions"}],"wp:featuredmedia":[{"embeddable":true,"href":"https:\/\/anoticiaonline.com.br\/site\/wp-json\/wp\/v2\/media\/28470"}],"wp:attachment":[{"href":"https:\/\/anoticiaonline.com.br\/site\/wp-json\/wp\/v2\/media?parent=28469"}],"wp:term":[{"taxonomy":"category","embeddable":true,"href":"https:\/\/anoticiaonline.com.br\/site\/wp-json\/wp\/v2\/categories?post=28469"},{"taxonomy":"post_tag","embeddable":true,"href":"https:\/\/anoticiaonline.com.br\/site\/wp-json\/wp\/v2\/tags?post=28469"}],"curies":[{"name":"wp","href":"https:\/\/api.w.org\/{rel}","templated":true}]}}