{"id":28413,"date":"2017-04-26T17:46:33","date_gmt":"2017-04-26T20:46:33","guid":{"rendered":"http:\/\/anoticiaonline.com.br\/site\/?p=28413"},"modified":"2017-04-26T17:46:33","modified_gmt":"2017-04-26T20:46:33","slug":"familia-freitas-cardoso-realiza-seu-primeiro-encontro","status":"publish","type":"post","link":"https:\/\/anoticiaonline.com.br\/site\/familia-freitas-cardoso-realiza-seu-primeiro-encontro\/","title":{"rendered":"Fam\u00edlia Freitas Cardoso realiza seu primeiro encontro"},"content":{"rendered":"<p><a href=\"https:\/\/anoticiaonline.com.br\/site\/wp-content\/uploads\/2017\/04\/DSC_0100.jpg\"><img fetchpriority=\"high\" decoding=\"async\" class=\" size-medium wp-image-28414 alignleft\" src=\"https:\/\/anoticiaonline.com.br\/site\/wp-content\/uploads\/2017\/04\/DSC_0100-300x175.jpg\" alt=\"DSC_0100\" width=\"300\" height=\"175\" srcset=\"https:\/\/anoticiaonline.com.br\/site\/wp-content\/uploads\/2017\/04\/DSC_0100-300x175.jpg 300w, https:\/\/anoticiaonline.com.br\/site\/wp-content\/uploads\/2017\/04\/DSC_0100.jpg 640w\" sizes=\"(max-width: 300px) 100vw, 300px\" \/><\/a>A Fam\u00edlia Freitas Cardoso promoveu seu primeiro grande encontro. A reuni\u00e3o familiar, que aconteceu no s\u00e1bado (22), no S\u00edtio do Adelmo, contou com a presen\u00e7a de todos os sete irm\u00e3os, quase todos os netos, bisnetos e tataranetos, para reverem-se, abra\u00e7arem-se e reavivarem o amor e a amizade que os une.<\/p>\n<p>Toda essa hist\u00f3ria, fundamentada em uma raiz forte e profunda, come\u00e7ou com David e Hel\u00f3dia. Dona Hel\u00f3dia, ainda muito nova (aos 31 anos), perdeu seu companheiro de jornada familiar e teve que, como uma \u00e1rvore nova e fr\u00e1gil, aprofundar suas ra\u00edzes, buscando for\u00e7a no amor a seus sete filhos, e, como mulher de garra que foi, conseguiu enfrentar todas as dificuldades, preconceitos e adversidades para cri\u00e1-los, passando-lhes os conceitos de respeito, dignidade, honestidade, f\u00e9, trabalho e temor a Deus.<\/p>\n<p>Seus filhos foram se casando e, como galhos de uma \u00e1rvore, foram crescendo em dire\u00e7\u00f5es diferentes, mas nunca esquecendo os fundamentos de suas ra\u00edzes. Criaram tamb\u00e9m seus filhos com os mesmos conceitos adquiridos de seus pais. Assim formaram as fam\u00edlias de Vivalda e Sebasti\u00e3o, Edgard e Ormy, Neyda e S\u00edlvio, Alencar e Jovelina, Ant\u00f4nio e Arlete, Dalva e Expedito, Ant\u00f4nio Carlos e Concei\u00e7\u00e3o.<\/p>\n<p>Durante a festa, eles puderam relembrar hist\u00f3rias do passado e contar tamb\u00e9m sobre o presente e proje\u00e7\u00f5es para o futuro. Marcada pela emo\u00e7\u00e3o e alegria, o encontro foi considerado um momento inesquec\u00edvel para todos os familiares.<\/p>\n<p><strong>GALERIA DE FOTOS:<\/strong><\/p>\n<p><img decoding=\"async\" class=\"ngg_displayed_gallery mceItem\" src=\"https:\/\/anoticiaonline.com.br\/site\/nextgen-attach_to_post\/preview\/id--28467\" alt=\"\" \/><\/p>\n","protected":false},"excerpt":{"rendered":"<p>A Fam\u00edlia Freitas Cardoso promoveu seu primeiro grande encontro. A reuni\u00e3o familiar, que aconteceu no s\u00e1bado (22), no S\u00edtio do Adelmo, contou com a presen\u00e7a de todos os sete irm\u00e3os, quase todos os netos, bisnetos e tataranetos, para reverem-se, abra\u00e7arem-se e reavivarem o amor e a amizade que os une. Toda essa hist\u00f3ria, fundamentada em &#8230; <a title=\"Fam\u00edlia Freitas Cardoso realiza seu primeiro encontro\" class=\"read-more\" href=\"https:\/\/anoticiaonline.com.br\/site\/familia-freitas-cardoso-realiza-seu-primeiro-encontro\/\" aria-label=\"Read more about Fam\u00edlia Freitas Cardoso realiza seu primeiro encontro\">Ler mais<\/a><\/p>\n","protected":false},"author":2,"featured_media":28414,"comment_status":"open","ping_status":"open","sticky":false,"template":"","format":"standard","meta":{"_acf_changed":false,"_monsterinsights_skip_tracking":false,"footnotes":""},"categories":[24],"tags":[3],"class_list":["post-28413","post","type-post","status-publish","format-standard","has-post-thumbnail","hentry","category-eventos","tag-slide"],"acf":[],"aioseo_notices":[],"aioseo_head":"\n\t\t<!-- All in One SEO 5.0.0.1 - aioseo.com -->\n\t<meta name=\"description\" content=\"A Fam\u00edlia Freitas Cardoso promoveu seu primeiro grande encontro. A reuni\u00e3o familiar, que aconteceu no s\u00e1bado (22), no S\u00edtio do Adelmo, contou com a presen\u00e7a de todos os sete irm\u00e3os, quase todos os netos, bisnetos e tataranetos, para reverem-se, abra\u00e7arem-se e reavivarem o amor e a amizade que os une. Toda essa hist\u00f3ria, fundamentada em\" \/>\n\t<meta name=\"robots\" content=\"max-image-preview:large\" \/>\n\t<meta name=\"author\" content=\"Juliana Laviola\"\/>\n\t<link rel=\"canonical\" href=\"https:\/\/anoticiaonline.com.br\/site\/familia-freitas-cardoso-realiza-seu-primeiro-encontro\/\" \/>\n\t<meta name=\"generator\" content=\"All in One SEO (AIOSEO) 5.0.0.1\" \/>\n\t\t<meta property=\"og:locale\" content=\"pt_BR\" \/>\n\t\t<meta property=\"og:site_name\" content=\"A Not\u00edcia Online - Noticias de Muria\u00e9 e regi\u00e3o\" \/>\n\t\t<meta property=\"og:type\" content=\"article\" \/>\n\t\t<meta property=\"og:title\" content=\"Fam\u00edlia Freitas Cardoso realiza seu primeiro encontro - A Not\u00edcia Online\" \/>\n\t\t<meta property=\"og:description\" content=\"A Fam\u00edlia Freitas Cardoso promoveu seu primeiro grande encontro. A reuni\u00e3o familiar, que aconteceu no s\u00e1bado (22), no S\u00edtio do Adelmo, contou com a presen\u00e7a de todos os sete irm\u00e3os, quase todos os netos, bisnetos e tataranetos, para reverem-se, abra\u00e7arem-se e reavivarem o amor e a amizade que os une. Toda essa hist\u00f3ria, fundamentada em\" \/>\n\t\t<meta property=\"og:url\" content=\"https:\/\/anoticiaonline.com.br\/site\/familia-freitas-cardoso-realiza-seu-primeiro-encontro\/\" \/>\n\t\t<meta property=\"og:image\" content=\"https:\/\/scontent-gig4-1.xx.fbcdn.net\/v\/t39.30808-1\/270437624_4564083193639691_6907940295614233970_n.jpg?stp=dst-jpg_s200x200_tt6&#038;_nc_cat=111&#038;ccb=1-7&#038;_nc_sid=f907e8&#038;_nc_ohc=SM1wRlP3lJwQ7kNvwEPuBYA&#038;_nc_oc=AdnqrjDN_BNjSSHWO-GbkIWH6fkGMLw4bqvL_NH6e2wMveX7G-rP2dAqsDSq1mJMOaY&#038;_nc_zt=24&#038;_nc_ht=scontent-gig4-1.xx&#038;_nc_gid=AoBFJeGrT1hVaew_6rchkQ&#038;oh=00_AfX7QmFGhQhG2jAllVgXCiM1ZrWgvtp80-Bfppyexh1QEg&#038;oe=689E923C\" \/>\n\t\t<meta property=\"og:image:secure_url\" content=\"https:\/\/scontent-gig4-1.xx.fbcdn.net\/v\/t39.30808-1\/270437624_4564083193639691_6907940295614233970_n.jpg?stp=dst-jpg_s200x200_tt6&#038;_nc_cat=111&#038;ccb=1-7&#038;_nc_sid=f907e8&#038;_nc_ohc=SM1wRlP3lJwQ7kNvwEPuBYA&#038;_nc_oc=AdnqrjDN_BNjSSHWO-GbkIWH6fkGMLw4bqvL_NH6e2wMveX7G-rP2dAqsDSq1mJMOaY&#038;_nc_zt=24&#038;_nc_ht=scontent-gig4-1.xx&#038;_nc_gid=AoBFJeGrT1hVaew_6rchkQ&#038;oh=00_AfX7QmFGhQhG2jAllVgXCiM1ZrWgvtp80-Bfppyexh1QEg&#038;oe=689E923C\" \/>\n\t\t<meta property=\"article:published_time\" content=\"2017-04-26T20:46:33+00:00\" \/>\n\t\t<meta property=\"article:modified_time\" content=\"2017-04-26T20:46:33+00:00\" \/>\n\t\t<meta name=\"twitter:card\" content=\"summary_large_image\" \/>\n\t\t<meta name=\"twitter:title\" content=\"Fam\u00edlia Freitas Cardoso realiza seu primeiro encontro - A Not\u00edcia Online\" \/>\n\t\t<meta name=\"twitter:description\" content=\"A Fam\u00edlia Freitas Cardoso promoveu seu primeiro grande encontro. A reuni\u00e3o familiar, que aconteceu no s\u00e1bado (22), no S\u00edtio do Adelmo, contou com a presen\u00e7a de todos os sete irm\u00e3os, quase todos os netos, bisnetos e tataranetos, para reverem-se, abra\u00e7arem-se e reavivarem o amor e a amizade que os une. Toda essa hist\u00f3ria, fundamentada em\" \/>\n\t\t<meta name=\"twitter:image\" content=\"https:\/\/scontent-gig4-1.xx.fbcdn.net\/v\/t39.30808-1\/270437624_4564083193639691_6907940295614233970_n.jpg?stp=dst-jpg_s200x200_tt6&amp;_nc_cat=111&amp;ccb=1-7&amp;_nc_sid=f907e8&amp;_nc_ohc=SM1wRlP3lJwQ7kNvwEPuBYA&amp;_nc_oc=AdnqrjDN_BNjSSHWO-GbkIWH6fkGMLw4bqvL_NH6e2wMveX7G-rP2dAqsDSq1mJMOaY&amp;_nc_zt=24&amp;_nc_ht=scontent-gig4-1.xx&amp;_nc_gid=AoBFJeGrT1hVaew_6rchkQ&amp;oh=00_AfX7QmFGhQhG2jAllVgXCiM1ZrWgvtp80-Bfppyexh1QEg&amp;oe=689E923C\" \/>\n\t\t<script type=\"application\/ld+json\" class=\"aioseo-schema\">\n\t\t\t{\"@context\":\"https:\\\/\\\/schema.org\",\"@graph\":[{\"@type\":\"BlogPosting\",\"@id\":\"https:\\\/\\\/anoticiaonline.com.br\\\/site\\\/familia-freitas-cardoso-realiza-seu-primeiro-encontro\\\/#blogposting\",\"name\":\"Fam\\u00edlia Freitas Cardoso realiza seu primeiro encontro - A Not\\u00edcia Online\",\"headline\":\"Fam\\u00edlia Freitas Cardoso realiza seu primeiro encontro\",\"author\":{\"@id\":\"https:\\\/\\\/anoticiaonline.com.br\\\/site\\\/author\\\/juliana\\\/#author\"},\"publisher\":{\"@id\":\"https:\\\/\\\/anoticiaonline.com.br\\\/site\\\/#organization\"},\"image\":{\"@type\":\"ImageObject\",\"url\":\"https:\\\/\\\/anoticiaonline.com.br\\\/site\\\/wp-content\\\/uploads\\\/2017\\\/04\\\/DSC_0100.jpg\",\"width\":640,\"height\":373},\"datePublished\":\"2017-04-26T17:46:33-03:00\",\"dateModified\":\"2017-04-26T17:46:33-03:00\",\"inLanguage\":\"pt-BR\",\"mainEntityOfPage\":{\"@id\":\"https:\\\/\\\/anoticiaonline.com.br\\\/site\\\/familia-freitas-cardoso-realiza-seu-primeiro-encontro\\\/#webpage\"},\"isPartOf\":{\"@id\":\"https:\\\/\\\/anoticiaonline.com.br\\\/site\\\/familia-freitas-cardoso-realiza-seu-primeiro-encontro\\\/#webpage\"},\"articleSection\":\"Eventos, slide\"},{\"@type\":\"BreadcrumbList\",\"@id\":\"https:\\\/\\\/anoticiaonline.com.br\\\/site\\\/familia-freitas-cardoso-realiza-seu-primeiro-encontro\\\/#breadcrumblist\",\"itemListElement\":[{\"@type\":\"ListItem\",\"@id\":\"https:\\\/\\\/anoticiaonline.com.br\\\/site#listItem\",\"position\":1,\"name\":\"Home\",\"item\":\"https:\\\/\\\/anoticiaonline.com.br\\\/site\",\"nextItem\":{\"@type\":\"ListItem\",\"@id\":\"https:\\\/\\\/anoticiaonline.com.br\\\/site\\\/categoria\\\/eventos\\\/#listItem\",\"name\":\"Eventos\"}},{\"@type\":\"ListItem\",\"@id\":\"https:\\\/\\\/anoticiaonline.com.br\\\/site\\\/categoria\\\/eventos\\\/#listItem\",\"position\":2,\"name\":\"Eventos\",\"item\":\"https:\\\/\\\/anoticiaonline.com.br\\\/site\\\/categoria\\\/eventos\\\/\",\"nextItem\":{\"@type\":\"ListItem\",\"@id\":\"https:\\\/\\\/anoticiaonline.com.br\\\/site\\\/familia-freitas-cardoso-realiza-seu-primeiro-encontro\\\/#listItem\",\"name\":\"Fam\\u00edlia Freitas Cardoso realiza seu primeiro encontro\"},\"previousItem\":{\"@type\":\"ListItem\",\"@id\":\"https:\\\/\\\/anoticiaonline.com.br\\\/site#listItem\",\"name\":\"Home\"}},{\"@type\":\"ListItem\",\"@id\":\"https:\\\/\\\/anoticiaonline.com.br\\\/site\\\/familia-freitas-cardoso-realiza-seu-primeiro-encontro\\\/#listItem\",\"position\":3,\"name\":\"Fam\\u00edlia Freitas Cardoso realiza seu primeiro encontro\",\"previousItem\":{\"@type\":\"ListItem\",\"@id\":\"https:\\\/\\\/anoticiaonline.com.br\\\/site\\\/categoria\\\/eventos\\\/#listItem\",\"name\":\"Eventos\"}}]},{\"@type\":\"Organization\",\"@id\":\"https:\\\/\\\/anoticiaonline.com.br\\\/site\\\/#organization\",\"name\":\"A Not\\u00edcia Online\",\"description\":\"Noticias de Muria\\u00e9 e regi\\u00e3o\",\"url\":\"https:\\\/\\\/anoticiaonline.com.br\\\/site\\\/\",\"logo\":{\"@type\":\"ImageObject\",\"url\":\"https:\\\/\\\/scontent-gig4-1.xx.fbcdn.net\\\/v\\\/t39.30808-1\\\/270437624_4564083193639691_6907940295614233970_n.jpg?stp=dst-jpg_s200x200_tt6&_nc_cat=111&ccb=1-7&_nc_sid=f907e8&_nc_ohc=SM1wRlP3lJwQ7kNvwEPuBYA&_nc_oc=AdnqrjDN_BNjSSHWO-GbkIWH6fkGMLw4bqvL_NH6e2wMveX7G-rP2dAqsDSq1mJMOaY&_nc_zt=24&_nc_ht=scontent-gig4-1.xx&_nc_gid=AoBFJeGrT1hVaew_6rchkQ&oh=00_AfX7QmFGhQhG2jAllVgXCiM1ZrWgvtp80-Bfppyexh1QEg&oe=689E923C\",\"@id\":\"https:\\\/\\\/anoticiaonline.com.br\\\/site\\\/familia-freitas-cardoso-realiza-seu-primeiro-encontro\\\/#organizationLogo\"},\"image\":{\"@id\":\"https:\\\/\\\/anoticiaonline.com.br\\\/site\\\/familia-freitas-cardoso-realiza-seu-primeiro-encontro\\\/#organizationLogo\"}},{\"@type\":\"Person\",\"@id\":\"https:\\\/\\\/anoticiaonline.com.br\\\/site\\\/author\\\/juliana\\\/#author\",\"url\":\"https:\\\/\\\/anoticiaonline.com.br\\\/site\\\/author\\\/juliana\\\/\",\"name\":\"Juliana Laviola\",\"image\":{\"@type\":\"ImageObject\",\"@id\":\"https:\\\/\\\/anoticiaonline.com.br\\\/site\\\/familia-freitas-cardoso-realiza-seu-primeiro-encontro\\\/#authorImage\",\"url\":\"https:\\\/\\\/secure.gravatar.com\\\/avatar\\\/b8d45f5c699b100dfaf0e543582f38f38bf94cb7ae3a5e9abf8d891a34773335?s=96&d=mm&r=g\",\"width\":96,\"height\":96,\"caption\":\"Juliana Laviola\"}},{\"@type\":\"WebPage\",\"@id\":\"https:\\\/\\\/anoticiaonline.com.br\\\/site\\\/familia-freitas-cardoso-realiza-seu-primeiro-encontro\\\/#webpage\",\"url\":\"https:\\\/\\\/anoticiaonline.com.br\\\/site\\\/familia-freitas-cardoso-realiza-seu-primeiro-encontro\\\/\",\"name\":\"Fam\\u00edlia Freitas Cardoso realiza seu primeiro encontro - A Not\\u00edcia Online\",\"description\":\"A Fam\\u00edlia Freitas Cardoso promoveu seu primeiro grande encontro. A reuni\\u00e3o familiar, que aconteceu no s\\u00e1bado (22), no S\\u00edtio do Adelmo, contou com a presen\\u00e7a de todos os sete irm\\u00e3os, quase todos os netos, bisnetos e tataranetos, para reverem-se, abra\\u00e7arem-se e reavivarem o amor e a amizade que os une. Toda essa hist\\u00f3ria, fundamentada em\",\"inLanguage\":\"pt-BR\",\"isPartOf\":{\"@id\":\"https:\\\/\\\/anoticiaonline.com.br\\\/site\\\/#website\"},\"breadcrumb\":{\"@id\":\"https:\\\/\\\/anoticiaonline.com.br\\\/site\\\/familia-freitas-cardoso-realiza-seu-primeiro-encontro\\\/#breadcrumblist\"},\"author\":{\"@id\":\"https:\\\/\\\/anoticiaonline.com.br\\\/site\\\/author\\\/juliana\\\/#author\"},\"creator\":{\"@id\":\"https:\\\/\\\/anoticiaonline.com.br\\\/site\\\/author\\\/juliana\\\/#author\"},\"image\":{\"@type\":\"ImageObject\",\"url\":\"https:\\\/\\\/anoticiaonline.com.br\\\/site\\\/wp-content\\\/uploads\\\/2017\\\/04\\\/DSC_0100.jpg\",\"@id\":\"https:\\\/\\\/anoticiaonline.com.br\\\/site\\\/familia-freitas-cardoso-realiza-seu-primeiro-encontro\\\/#mainImage\",\"width\":640,\"height\":373},\"primaryImageOfPage\":{\"@id\":\"https:\\\/\\\/anoticiaonline.com.br\\\/site\\\/familia-freitas-cardoso-realiza-seu-primeiro-encontro\\\/#mainImage\"},\"datePublished\":\"2017-04-26T17:46:33-03:00\",\"dateModified\":\"2017-04-26T17:46:33-03:00\"},{\"@type\":\"WebSite\",\"@id\":\"https:\\\/\\\/anoticiaonline.com.br\\\/site\\\/#website\",\"url\":\"https:\\\/\\\/anoticiaonline.com.br\\\/site\\\/\",\"name\":\"A Not\\u00edcia Online\",\"description\":\"Noticias de Muria\\u00e9 e regi\\u00e3o\",\"inLanguage\":\"pt-BR\",\"publisher\":{\"@id\":\"https:\\\/\\\/anoticiaonline.com.br\\\/site\\\/#organization\"}}]}\n\t\t<\/script>\n\t\t<!-- All in One SEO -->\n\n","aioseo_head_json":{"title":"Fam\u00edlia Freitas Cardoso realiza seu primeiro encontro - A Not\u00edcia Online","description":"A Fam\u00edlia Freitas Cardoso promoveu seu primeiro grande encontro. A reuni\u00e3o familiar, que aconteceu no s\u00e1bado (22), no S\u00edtio do Adelmo, contou com a presen\u00e7a de todos os sete irm\u00e3os, quase todos os netos, bisnetos e tataranetos, para reverem-se, abra\u00e7arem-se e reavivarem o amor e a amizade que os une. Toda essa hist\u00f3ria, fundamentada em","canonical_url":"https:\/\/anoticiaonline.com.br\/site\/familia-freitas-cardoso-realiza-seu-primeiro-encontro\/","robots":"max-image-preview:large","keywords":"","webmasterTools":{"miscellaneous":""},"schema":{"@context":"https:\/\/schema.org","@graph":[{"@type":"BlogPosting","@id":"https:\/\/anoticiaonline.com.br\/site\/familia-freitas-cardoso-realiza-seu-primeiro-encontro\/#blogposting","name":"Fam\u00edlia Freitas Cardoso realiza seu primeiro encontro - A Not\u00edcia Online","headline":"Fam\u00edlia Freitas Cardoso realiza seu primeiro encontro","author":{"@id":"https:\/\/anoticiaonline.com.br\/site\/author\/juliana\/#author"},"publisher":{"@id":"https:\/\/anoticiaonline.com.br\/site\/#organization"},"image":{"@type":"ImageObject","url":"https:\/\/anoticiaonline.com.br\/site\/wp-content\/uploads\/2017\/04\/DSC_0100.jpg","width":640,"height":373},"datePublished":"2017-04-26T17:46:33-03:00","dateModified":"2017-04-26T17:46:33-03:00","inLanguage":"pt-BR","mainEntityOfPage":{"@id":"https:\/\/anoticiaonline.com.br\/site\/familia-freitas-cardoso-realiza-seu-primeiro-encontro\/#webpage"},"isPartOf":{"@id":"https:\/\/anoticiaonline.com.br\/site\/familia-freitas-cardoso-realiza-seu-primeiro-encontro\/#webpage"},"articleSection":"Eventos, slide"},{"@type":"BreadcrumbList","@id":"https:\/\/anoticiaonline.com.br\/site\/familia-freitas-cardoso-realiza-seu-primeiro-encontro\/#breadcrumblist","itemListElement":[{"@type":"ListItem","@id":"https:\/\/anoticiaonline.com.br\/site#listItem","position":1,"name":"Home","item":"https:\/\/anoticiaonline.com.br\/site","nextItem":{"@type":"ListItem","@id":"https:\/\/anoticiaonline.com.br\/site\/categoria\/eventos\/#listItem","name":"Eventos"}},{"@type":"ListItem","@id":"https:\/\/anoticiaonline.com.br\/site\/categoria\/eventos\/#listItem","position":2,"name":"Eventos","item":"https:\/\/anoticiaonline.com.br\/site\/categoria\/eventos\/","nextItem":{"@type":"ListItem","@id":"https:\/\/anoticiaonline.com.br\/site\/familia-freitas-cardoso-realiza-seu-primeiro-encontro\/#listItem","name":"Fam\u00edlia Freitas Cardoso realiza seu primeiro encontro"},"previousItem":{"@type":"ListItem","@id":"https:\/\/anoticiaonline.com.br\/site#listItem","name":"Home"}},{"@type":"ListItem","@id":"https:\/\/anoticiaonline.com.br\/site\/familia-freitas-cardoso-realiza-seu-primeiro-encontro\/#listItem","position":3,"name":"Fam\u00edlia Freitas Cardoso realiza seu primeiro encontro","previousItem":{"@type":"ListItem","@id":"https:\/\/anoticiaonline.com.br\/site\/categoria\/eventos\/#listItem","name":"Eventos"}}]},{"@type":"Organization","@id":"https:\/\/anoticiaonline.com.br\/site\/#organization","name":"A Not\u00edcia Online","description":"Noticias de Muria\u00e9 e regi\u00e3o","url":"https:\/\/anoticiaonline.com.br\/site\/","logo":{"@type":"ImageObject","url":"https:\/\/scontent-gig4-1.xx.fbcdn.net\/v\/t39.30808-1\/270437624_4564083193639691_6907940295614233970_n.jpg?stp=dst-jpg_s200x200_tt6&_nc_cat=111&ccb=1-7&_nc_sid=f907e8&_nc_ohc=SM1wRlP3lJwQ7kNvwEPuBYA&_nc_oc=AdnqrjDN_BNjSSHWO-GbkIWH6fkGMLw4bqvL_NH6e2wMveX7G-rP2dAqsDSq1mJMOaY&_nc_zt=24&_nc_ht=scontent-gig4-1.xx&_nc_gid=AoBFJeGrT1hVaew_6rchkQ&oh=00_AfX7QmFGhQhG2jAllVgXCiM1ZrWgvtp80-Bfppyexh1QEg&oe=689E923C","@id":"https:\/\/anoticiaonline.com.br\/site\/familia-freitas-cardoso-realiza-seu-primeiro-encontro\/#organizationLogo"},"image":{"@id":"https:\/\/anoticiaonline.com.br\/site\/familia-freitas-cardoso-realiza-seu-primeiro-encontro\/#organizationLogo"}},{"@type":"Person","@id":"https:\/\/anoticiaonline.com.br\/site\/author\/juliana\/#author","url":"https:\/\/anoticiaonline.com.br\/site\/author\/juliana\/","name":"Juliana Laviola","image":{"@type":"ImageObject","@id":"https:\/\/anoticiaonline.com.br\/site\/familia-freitas-cardoso-realiza-seu-primeiro-encontro\/#authorImage","url":"https:\/\/secure.gravatar.com\/avatar\/b8d45f5c699b100dfaf0e543582f38f38bf94cb7ae3a5e9abf8d891a34773335?s=96&d=mm&r=g","width":96,"height":96,"caption":"Juliana Laviola"}},{"@type":"WebPage","@id":"https:\/\/anoticiaonline.com.br\/site\/familia-freitas-cardoso-realiza-seu-primeiro-encontro\/#webpage","url":"https:\/\/anoticiaonline.com.br\/site\/familia-freitas-cardoso-realiza-seu-primeiro-encontro\/","name":"Fam\u00edlia Freitas Cardoso realiza seu primeiro encontro - A Not\u00edcia Online","description":"A Fam\u00edlia Freitas Cardoso promoveu seu primeiro grande encontro. A reuni\u00e3o familiar, que aconteceu no s\u00e1bado (22), no S\u00edtio do Adelmo, contou com a presen\u00e7a de todos os sete irm\u00e3os, quase todos os netos, bisnetos e tataranetos, para reverem-se, abra\u00e7arem-se e reavivarem o amor e a amizade que os une. Toda essa hist\u00f3ria, fundamentada em","inLanguage":"pt-BR","isPartOf":{"@id":"https:\/\/anoticiaonline.com.br\/site\/#website"},"breadcrumb":{"@id":"https:\/\/anoticiaonline.com.br\/site\/familia-freitas-cardoso-realiza-seu-primeiro-encontro\/#breadcrumblist"},"author":{"@id":"https:\/\/anoticiaonline.com.br\/site\/author\/juliana\/#author"},"creator":{"@id":"https:\/\/anoticiaonline.com.br\/site\/author\/juliana\/#author"},"image":{"@type":"ImageObject","url":"https:\/\/anoticiaonline.com.br\/site\/wp-content\/uploads\/2017\/04\/DSC_0100.jpg","@id":"https:\/\/anoticiaonline.com.br\/site\/familia-freitas-cardoso-realiza-seu-primeiro-encontro\/#mainImage","width":640,"height":373},"primaryImageOfPage":{"@id":"https:\/\/anoticiaonline.com.br\/site\/familia-freitas-cardoso-realiza-seu-primeiro-encontro\/#mainImage"},"datePublished":"2017-04-26T17:46:33-03:00","dateModified":"2017-04-26T17:46:33-03:00"},{"@type":"WebSite","@id":"https:\/\/anoticiaonline.com.br\/site\/#website","url":"https:\/\/anoticiaonline.com.br\/site\/","name":"A Not\u00edcia Online","description":"Noticias de Muria\u00e9 e regi\u00e3o","inLanguage":"pt-BR","publisher":{"@id":"https:\/\/anoticiaonline.com.br\/site\/#organization"}}]},"og:locale":"pt_BR","og:site_name":"A Not\u00edcia Online - Noticias de Muria\u00e9 e regi\u00e3o","og:type":"article","og:title":"Fam\u00edlia Freitas Cardoso realiza seu primeiro encontro - A Not\u00edcia Online","og:description":"A Fam\u00edlia Freitas Cardoso promoveu seu primeiro grande encontro. A reuni\u00e3o familiar, que aconteceu no s\u00e1bado (22), no S\u00edtio do Adelmo, contou com a presen\u00e7a de todos os sete irm\u00e3os, quase todos os netos, bisnetos e tataranetos, para reverem-se, abra\u00e7arem-se e reavivarem o amor e a amizade que os une. Toda essa hist\u00f3ria, fundamentada em","og:url":"https:\/\/anoticiaonline.com.br\/site\/familia-freitas-cardoso-realiza-seu-primeiro-encontro\/","og:image":"https:\/\/scontent-gig4-1.xx.fbcdn.net\/v\/t39.30808-1\/270437624_4564083193639691_6907940295614233970_n.jpg?stp=dst-jpg_s200x200_tt6&#038;_nc_cat=111&#038;ccb=1-7&#038;_nc_sid=f907e8&#038;_nc_ohc=SM1wRlP3lJwQ7kNvwEPuBYA&#038;_nc_oc=AdnqrjDN_BNjSSHWO-GbkIWH6fkGMLw4bqvL_NH6e2wMveX7G-rP2dAqsDSq1mJMOaY&#038;_nc_zt=24&#038;_nc_ht=scontent-gig4-1.xx&#038;_nc_gid=AoBFJeGrT1hVaew_6rchkQ&#038;oh=00_AfX7QmFGhQhG2jAllVgXCiM1ZrWgvtp80-Bfppyexh1QEg&#038;oe=689E923C","og:image:secure_url":"https:\/\/scontent-gig4-1.xx.fbcdn.net\/v\/t39.30808-1\/270437624_4564083193639691_6907940295614233970_n.jpg?stp=dst-jpg_s200x200_tt6&#038;_nc_cat=111&#038;ccb=1-7&#038;_nc_sid=f907e8&#038;_nc_ohc=SM1wRlP3lJwQ7kNvwEPuBYA&#038;_nc_oc=AdnqrjDN_BNjSSHWO-GbkIWH6fkGMLw4bqvL_NH6e2wMveX7G-rP2dAqsDSq1mJMOaY&#038;_nc_zt=24&#038;_nc_ht=scontent-gig4-1.xx&#038;_nc_gid=AoBFJeGrT1hVaew_6rchkQ&#038;oh=00_AfX7QmFGhQhG2jAllVgXCiM1ZrWgvtp80-Bfppyexh1QEg&#038;oe=689E923C","article:published_time":"2017-04-26T20:46:33+00:00","article:modified_time":"2017-04-26T20:46:33+00:00","twitter:card":"summary_large_image","twitter:title":"Fam\u00edlia Freitas Cardoso realiza seu primeiro encontro - A Not\u00edcia Online","twitter:description":"A Fam\u00edlia Freitas Cardoso promoveu seu primeiro grande encontro. A reuni\u00e3o familiar, que aconteceu no s\u00e1bado (22), no S\u00edtio do Adelmo, contou com a presen\u00e7a de todos os sete irm\u00e3os, quase todos os netos, bisnetos e tataranetos, para reverem-se, abra\u00e7arem-se e reavivarem o amor e a amizade que os une. Toda essa hist\u00f3ria, fundamentada em","twitter:image":"https:\/\/scontent-gig4-1.xx.fbcdn.net\/v\/t39.30808-1\/270437624_4564083193639691_6907940295614233970_n.jpg?stp=dst-jpg_s200x200_tt6&_nc_cat=111&ccb=1-7&_nc_sid=f907e8&_nc_ohc=SM1wRlP3lJwQ7kNvwEPuBYA&_nc_oc=AdnqrjDN_BNjSSHWO-GbkIWH6fkGMLw4bqvL_NH6e2wMveX7G-rP2dAqsDSq1mJMOaY&_nc_zt=24&_nc_ht=scontent-gig4-1.xx&_nc_gid=AoBFJeGrT1hVaew_6rchkQ&oh=00_AfX7QmFGhQhG2jAllVgXCiM1ZrWgvtp80-Bfppyexh1QEg&oe=689E923C"},"aioseo_meta_data":{"post_id":"28413","title":null,"description":null,"keywords":null,"keyphrases":null,"primary_term":null,"canonical_url":null,"og_title":null,"og_description":null,"og_object_type":"default","og_image_type":"default","og_image_url":null,"og_image_width":null,"og_image_height":null,"og_image_custom_url":null,"og_image_custom_fields":null,"og_video":null,"og_custom_url":null,"og_article_section":null,"og_article_tags":null,"twitter_use_og":false,"twitter_card":"default","twitter_image_type":"default","twitter_image_url":null,"twitter_image_custom_url":null,"twitter_image_custom_fields":null,"twitter_title":null,"twitter_description":null,"schema":{"blockGraphs":[],"customGraphs":[],"default":{"data":{"Article":[],"Course":[],"Dataset":[],"FAQPage":[],"Movie":[],"Person":[],"Product":[],"ProductReview":[],"Car":[],"Recipe":[],"Service":[],"SoftwareApplication":[],"WebPage":[]},"graphName":"","isEnabled":true},"graphs":[]},"schema_type":"default","schema_type_options":null,"pillar_content":false,"robots_default":true,"robots_noindex":false,"robots_noarchive":false,"robots_nosnippet":false,"robots_nofollow":false,"robots_noimageindex":false,"robots_noodp":false,"robots_notranslate":false,"robots_max_snippet":null,"robots_max_videopreview":null,"robots_max_imagepreview":"large","priority":null,"frequency":null,"local_seo":null,"breadcrumb_settings":null,"limit_modified_date":false,"ai":null,"created":"2025-08-16 18:16:33","updated":"2025-08-16 18:16:33","focus_keyword":null,"additional_keywords":null,"truseo_locale":null,"seo_analyzer_scan_date":null},"aioseo_breadcrumb":"<div class=\"aioseo-breadcrumbs\"><span class=\"aioseo-breadcrumb\">\n\t\t\t<a href=\"https:\/\/anoticiaonline.com.br\/site\" title=\"Home\">Home<\/a>\n\t\t<\/span><span class=\"aioseo-breadcrumb-separator\">&raquo;<\/span><span class=\"aioseo-breadcrumb\">\n\t\t\t<a href=\"https:\/\/anoticiaonline.com.br\/site\/categoria\/eventos\/\" title=\"Eventos\">Eventos<\/a>\n\t\t<\/span><span class=\"aioseo-breadcrumb-separator\">&raquo;<\/span><span class=\"aioseo-breadcrumb\">\n\t\t\tFam\u00edlia Freitas Cardoso realiza seu primeiro encontro\n\t\t<\/span><\/div>","aioseo_breadcrumb_json":[{"label":"Home","link":"https:\/\/anoticiaonline.com.br\/site"},{"label":"Eventos","link":"https:\/\/anoticiaonline.com.br\/site\/categoria\/eventos\/"},{"label":"Fam\u00edlia Freitas Cardoso realiza seu primeiro encontro","link":"https:\/\/anoticiaonline.com.br\/site\/familia-freitas-cardoso-realiza-seu-primeiro-encontro\/"}],"views":160,"_links":{"self":[{"href":"https:\/\/anoticiaonline.com.br\/site\/wp-json\/wp\/v2\/posts\/28413","targetHints":{"allow":["GET"]}}],"collection":[{"href":"https:\/\/anoticiaonline.com.br\/site\/wp-json\/wp\/v2\/posts"}],"about":[{"href":"https:\/\/anoticiaonline.com.br\/site\/wp-json\/wp\/v2\/types\/post"}],"author":[{"embeddable":true,"href":"https:\/\/anoticiaonline.com.br\/site\/wp-json\/wp\/v2\/users\/2"}],"replies":[{"embeddable":true,"href":"https:\/\/anoticiaonline.com.br\/site\/wp-json\/wp\/v2\/comments?post=28413"}],"version-history":[{"count":0,"href":"https:\/\/anoticiaonline.com.br\/site\/wp-json\/wp\/v2\/posts\/28413\/revisions"}],"wp:featuredmedia":[{"embeddable":true,"href":"https:\/\/anoticiaonline.com.br\/site\/wp-json\/wp\/v2\/media\/28414"}],"wp:attachment":[{"href":"https:\/\/anoticiaonline.com.br\/site\/wp-json\/wp\/v2\/media?parent=28413"}],"wp:term":[{"taxonomy":"category","embeddable":true,"href":"https:\/\/anoticiaonline.com.br\/site\/wp-json\/wp\/v2\/categories?post=28413"},{"taxonomy":"post_tag","embeddable":true,"href":"https:\/\/anoticiaonline.com.br\/site\/wp-json\/wp\/v2\/tags?post=28413"}],"curies":[{"name":"wp","href":"https:\/\/api.w.org\/{rel}","templated":true}]}}