{"id":28410,"date":"2017-05-01T08:00:27","date_gmt":"2017-05-01T11:00:27","guid":{"rendered":"http:\/\/anoticiaonline.com.br\/site\/?p=28410"},"modified":"2017-05-02T10:26:32","modified_gmt":"2017-05-02T13:26:32","slug":"farsa-da-boa-preguica-sera-apresentada-no-proximo-sabado-no-teatro-belmira","status":"publish","type":"post","link":"https:\/\/anoticiaonline.com.br\/site\/farsa-da-boa-preguica-sera-apresentada-no-proximo-sabado-no-teatro-belmira\/","title":{"rendered":"\u201cFarsa da Boa Pregui\u00e7a\u201d ser\u00e1 apresentada no pr\u00f3ximo s\u00e1bado, no Teatro Belmira"},"content":{"rendered":"<p><a href=\"https:\/\/anoticiaonline.com.br\/site\/wp-content\/uploads\/2017\/04\/\u201cFarsa-da-Boa-Pregui\u00e7a\u201d-ser\u00e1-apresentada-neste-s\u00e1bado-no-teatro-Belmira.jpg\"><img fetchpriority=\"high\" decoding=\"async\" class=\" size-medium wp-image-28411 alignleft\" src=\"https:\/\/anoticiaonline.com.br\/site\/wp-content\/uploads\/2017\/04\/\u201cFarsa-da-Boa-Pregui\u00e7a\u201d-ser\u00e1-apresentada-neste-s\u00e1bado-no-teatro-Belmira-300x247.jpg\" alt=\"\u201cFarsa da Boa Pregui\u00e7a\u201d ser\u00e1 apresentada neste s\u00e1bado, no teatro Belmira\" width=\"300\" height=\"247\" srcset=\"https:\/\/anoticiaonline.com.br\/site\/wp-content\/uploads\/2017\/04\/\u201cFarsa-da-Boa-Pregui\u00e7a\u201d-ser\u00e1-apresentada-neste-s\u00e1bado-no-teatro-Belmira-300x247.jpg 300w, https:\/\/anoticiaonline.com.br\/site\/wp-content\/uploads\/2017\/04\/\u201cFarsa-da-Boa-Pregui\u00e7a\u201d-ser\u00e1-apresentada-neste-s\u00e1bado-no-teatro-Belmira.jpg 640w\" sizes=\"(max-width: 300px) 100vw, 300px\" \/><\/a>O Teatro Belmira Villas Boas recebe, neste s\u00e1bado (6), \u00e0s 19h, a pe\u00e7a \u201cFarsa da Boa Pregui\u00e7a\u201d, da obra de Ariano Suassuna.<\/p>\n<p>A entrada \u00e9 gratuita. Os ingressos, que s\u00e3o limitados, poder\u00e3o ser retirados na bilheteria do teatro a partir de quarta-feira (4). Mais informa\u00e7\u00f5es podem ser obtidas pelo telefone 98858-0198.<\/p>\n<p>A pe\u00e7a, que \u00e9 indicada para todas as idades, narra a hist\u00f3ria de Joaquim Sim\u00e3o (Fabiano Martins), poeta de cordel, pobre e &#8220;pregui\u00e7oso&#8221;, que s\u00f3 pensa em dormir. Joaquim \u00e9 casado com Nevinha (Sueli Sanseverino), mulher religiosa e dedicada ao marido e aos filhos. O casal mais rico da cidade, Aderaldo Catac\u00e3o (Cassiano Camis\u00e3o) e Clarabela (St\u00e9fany Dias), possui um relacionamento aberto. Aderaldo \u00e9 apaixonado por Nevinha e Clarabela quer conquistar Joaquim Sim\u00e3o. Tr\u00eas dem\u00f4nios fazem de tudo para que o pobre casal se renda \u00e0 tenta\u00e7\u00e3o e caia no pecado. Enquanto dois santos tentam intervir, Jesus observa e avalia tudo. A partir da\u00ed, situa\u00e7\u00f5es inusitadas e muito divertidas fazem deste texto uma das pe\u00e7as mais divertidas do teatro brasileiro.<\/p>\n<p>A pe\u00e7a recebeu os pr\u00eamios de Melhor Cen\u00e1rio, Melhor Trilha Sonora, Melhor Figurino, Melhor Ator para Fabiano Martins e Melhor Dire\u00e7\u00e3o com Cassiano Camis\u00e3o nos festivais que participou at\u00e9 o momento e \u00e9 sucesso de cr\u00edtica na regi\u00e3o.<\/p>\n<p>Em 2016, foi contemplado com o pr\u00eamio \u201cCena Minas de Circula\u00e7\u00e3o de Espet\u00e1culos Teatrais\u201d e com o Fundo Estadual de Cultura para realizar a circula\u00e7\u00e3o por cidades mineiras.<\/p>\n","protected":false},"excerpt":{"rendered":"<p>O Teatro Belmira Villas Boas recebe, neste s\u00e1bado (6), \u00e0s 19h, a pe\u00e7a \u201cFarsa da Boa Pregui\u00e7a\u201d, da obra de Ariano Suassuna. A entrada \u00e9 gratuita. Os ingressos, que s\u00e3o limitados, poder\u00e3o ser retirados na bilheteria do teatro a partir de quarta-feira (4). Mais informa\u00e7\u00f5es podem ser obtidas pelo telefone 98858-0198. A pe\u00e7a, que \u00e9 &#8230; <a title=\"\u201cFarsa da Boa Pregui\u00e7a\u201d ser\u00e1 apresentada no pr\u00f3ximo s\u00e1bado, no Teatro Belmira\" class=\"read-more\" href=\"https:\/\/anoticiaonline.com.br\/site\/farsa-da-boa-preguica-sera-apresentada-no-proximo-sabado-no-teatro-belmira\/\" aria-label=\"Read more about \u201cFarsa da Boa Pregui\u00e7a\u201d ser\u00e1 apresentada no pr\u00f3ximo s\u00e1bado, no Teatro Belmira\">Ler mais<\/a><\/p>\n","protected":false},"author":2,"featured_media":28411,"comment_status":"open","ping_status":"open","sticky":false,"template":"","format":"standard","meta":{"_acf_changed":false,"_monsterinsights_skip_tracking":false,"footnotes":""},"categories":[24],"tags":[3],"class_list":["post-28410","post","type-post","status-publish","format-standard","has-post-thumbnail","hentry","category-eventos","tag-slide"],"acf":[],"aioseo_notices":[],"aioseo_head":"\n\t\t<!-- All in One SEO 5.0.0.1 - aioseo.com -->\n\t<meta name=\"description\" content=\"O Teatro Belmira Villas Boas recebe, neste s\u00e1bado (6), \u00e0s 19h, a pe\u00e7a \u201cFarsa da Boa Pregui\u00e7a\u201d, da obra de Ariano Suassuna. A entrada \u00e9 gratuita. Os ingressos, que s\u00e3o limitados, poder\u00e3o ser retirados na bilheteria do teatro a partir de quarta-feira (4). Mais informa\u00e7\u00f5es podem ser obtidas pelo telefone 98858-0198. A pe\u00e7a, que \u00e9\" \/>\n\t<meta name=\"robots\" content=\"max-image-preview:large\" \/>\n\t<meta name=\"author\" content=\"Juliana Laviola\"\/>\n\t<link rel=\"canonical\" href=\"https:\/\/anoticiaonline.com.br\/site\/farsa-da-boa-preguica-sera-apresentada-no-proximo-sabado-no-teatro-belmira\/\" \/>\n\t<meta name=\"generator\" content=\"All in One SEO (AIOSEO) 5.0.0.1\" \/>\n\t\t<meta property=\"og:locale\" content=\"pt_BR\" \/>\n\t\t<meta property=\"og:site_name\" content=\"A Not\u00edcia Online - Noticias de Muria\u00e9 e regi\u00e3o\" \/>\n\t\t<meta property=\"og:type\" content=\"article\" \/>\n\t\t<meta property=\"og:title\" content=\"\u201cFarsa da Boa Pregui\u00e7a\u201d ser\u00e1 apresentada no pr\u00f3ximo s\u00e1bado, no Teatro Belmira - A Not\u00edcia Online\" \/>\n\t\t<meta property=\"og:description\" content=\"O Teatro Belmira Villas Boas recebe, neste s\u00e1bado (6), \u00e0s 19h, a pe\u00e7a \u201cFarsa da Boa Pregui\u00e7a\u201d, da obra de Ariano Suassuna. A entrada \u00e9 gratuita. Os ingressos, que s\u00e3o limitados, poder\u00e3o ser retirados na bilheteria do teatro a partir de quarta-feira (4). Mais informa\u00e7\u00f5es podem ser obtidas pelo telefone 98858-0198. A pe\u00e7a, que \u00e9\" \/>\n\t\t<meta property=\"og:url\" content=\"https:\/\/anoticiaonline.com.br\/site\/farsa-da-boa-preguica-sera-apresentada-no-proximo-sabado-no-teatro-belmira\/\" \/>\n\t\t<meta property=\"og:image\" content=\"https:\/\/scontent-gig4-1.xx.fbcdn.net\/v\/t39.30808-1\/270437624_4564083193639691_6907940295614233970_n.jpg?stp=dst-jpg_s200x200_tt6&#038;_nc_cat=111&#038;ccb=1-7&#038;_nc_sid=f907e8&#038;_nc_ohc=SM1wRlP3lJwQ7kNvwEPuBYA&#038;_nc_oc=AdnqrjDN_BNjSSHWO-GbkIWH6fkGMLw4bqvL_NH6e2wMveX7G-rP2dAqsDSq1mJMOaY&#038;_nc_zt=24&#038;_nc_ht=scontent-gig4-1.xx&#038;_nc_gid=AoBFJeGrT1hVaew_6rchkQ&#038;oh=00_AfX7QmFGhQhG2jAllVgXCiM1ZrWgvtp80-Bfppyexh1QEg&#038;oe=689E923C\" \/>\n\t\t<meta property=\"og:image:secure_url\" content=\"https:\/\/scontent-gig4-1.xx.fbcdn.net\/v\/t39.30808-1\/270437624_4564083193639691_6907940295614233970_n.jpg?stp=dst-jpg_s200x200_tt6&#038;_nc_cat=111&#038;ccb=1-7&#038;_nc_sid=f907e8&#038;_nc_ohc=SM1wRlP3lJwQ7kNvwEPuBYA&#038;_nc_oc=AdnqrjDN_BNjSSHWO-GbkIWH6fkGMLw4bqvL_NH6e2wMveX7G-rP2dAqsDSq1mJMOaY&#038;_nc_zt=24&#038;_nc_ht=scontent-gig4-1.xx&#038;_nc_gid=AoBFJeGrT1hVaew_6rchkQ&#038;oh=00_AfX7QmFGhQhG2jAllVgXCiM1ZrWgvtp80-Bfppyexh1QEg&#038;oe=689E923C\" \/>\n\t\t<meta property=\"article:published_time\" content=\"2017-05-01T11:00:27+00:00\" \/>\n\t\t<meta property=\"article:modified_time\" content=\"2017-05-02T13:26:32+00:00\" \/>\n\t\t<meta name=\"twitter:card\" content=\"summary_large_image\" \/>\n\t\t<meta name=\"twitter:title\" content=\"\u201cFarsa da Boa Pregui\u00e7a\u201d ser\u00e1 apresentada no pr\u00f3ximo s\u00e1bado, no Teatro Belmira - A Not\u00edcia Online\" \/>\n\t\t<meta name=\"twitter:description\" content=\"O Teatro Belmira Villas Boas recebe, neste s\u00e1bado (6), \u00e0s 19h, a pe\u00e7a \u201cFarsa da Boa Pregui\u00e7a\u201d, da obra de Ariano Suassuna. A entrada \u00e9 gratuita. Os ingressos, que s\u00e3o limitados, poder\u00e3o ser retirados na bilheteria do teatro a partir de quarta-feira (4). Mais informa\u00e7\u00f5es podem ser obtidas pelo telefone 98858-0198. A pe\u00e7a, que \u00e9\" \/>\n\t\t<meta name=\"twitter:image\" content=\"https:\/\/scontent-gig4-1.xx.fbcdn.net\/v\/t39.30808-1\/270437624_4564083193639691_6907940295614233970_n.jpg?stp=dst-jpg_s200x200_tt6&amp;_nc_cat=111&amp;ccb=1-7&amp;_nc_sid=f907e8&amp;_nc_ohc=SM1wRlP3lJwQ7kNvwEPuBYA&amp;_nc_oc=AdnqrjDN_BNjSSHWO-GbkIWH6fkGMLw4bqvL_NH6e2wMveX7G-rP2dAqsDSq1mJMOaY&amp;_nc_zt=24&amp;_nc_ht=scontent-gig4-1.xx&amp;_nc_gid=AoBFJeGrT1hVaew_6rchkQ&amp;oh=00_AfX7QmFGhQhG2jAllVgXCiM1ZrWgvtp80-Bfppyexh1QEg&amp;oe=689E923C\" \/>\n\t\t<script type=\"application\/ld+json\" class=\"aioseo-schema\">\n\t\t\t{\"@context\":\"https:\\\/\\\/schema.org\",\"@graph\":[{\"@type\":\"BlogPosting\",\"@id\":\"https:\\\/\\\/anoticiaonline.com.br\\\/site\\\/farsa-da-boa-preguica-sera-apresentada-no-proximo-sabado-no-teatro-belmira\\\/#blogposting\",\"name\":\"\\u201cFarsa da Boa Pregui\\u00e7a\\u201d ser\\u00e1 apresentada no pr\\u00f3ximo s\\u00e1bado, no Teatro Belmira - A Not\\u00edcia Online\",\"headline\":\"\\u201cFarsa da Boa Pregui\\u00e7a\\u201d ser\\u00e1 apresentada no pr\\u00f3ximo s\\u00e1bado, no Teatro Belmira\",\"author\":{\"@id\":\"https:\\\/\\\/anoticiaonline.com.br\\\/site\\\/author\\\/juliana\\\/#author\"},\"publisher\":{\"@id\":\"https:\\\/\\\/anoticiaonline.com.br\\\/site\\\/#organization\"},\"image\":{\"@type\":\"ImageObject\",\"url\":\"https:\\\/\\\/anoticiaonline.com.br\\\/site\\\/wp-content\\\/uploads\\\/2017\\\/04\\\/\\u201cFarsa-da-Boa-Pregui\\u00e7a\\u201d-ser\\u00e1-apresentada-neste-s\\u00e1bado-no-teatro-Belmira.jpg\",\"width\":640,\"height\":526},\"datePublished\":\"2017-05-01T08:00:27-03:00\",\"dateModified\":\"2017-05-02T10:26:32-03:00\",\"inLanguage\":\"pt-BR\",\"mainEntityOfPage\":{\"@id\":\"https:\\\/\\\/anoticiaonline.com.br\\\/site\\\/farsa-da-boa-preguica-sera-apresentada-no-proximo-sabado-no-teatro-belmira\\\/#webpage\"},\"isPartOf\":{\"@id\":\"https:\\\/\\\/anoticiaonline.com.br\\\/site\\\/farsa-da-boa-preguica-sera-apresentada-no-proximo-sabado-no-teatro-belmira\\\/#webpage\"},\"articleSection\":\"Eventos, slide\"},{\"@type\":\"BreadcrumbList\",\"@id\":\"https:\\\/\\\/anoticiaonline.com.br\\\/site\\\/farsa-da-boa-preguica-sera-apresentada-no-proximo-sabado-no-teatro-belmira\\\/#breadcrumblist\",\"itemListElement\":[{\"@type\":\"ListItem\",\"@id\":\"https:\\\/\\\/anoticiaonline.com.br\\\/site#listItem\",\"position\":1,\"name\":\"Home\",\"item\":\"https:\\\/\\\/anoticiaonline.com.br\\\/site\",\"nextItem\":{\"@type\":\"ListItem\",\"@id\":\"https:\\\/\\\/anoticiaonline.com.br\\\/site\\\/categoria\\\/eventos\\\/#listItem\",\"name\":\"Eventos\"}},{\"@type\":\"ListItem\",\"@id\":\"https:\\\/\\\/anoticiaonline.com.br\\\/site\\\/categoria\\\/eventos\\\/#listItem\",\"position\":2,\"name\":\"Eventos\",\"item\":\"https:\\\/\\\/anoticiaonline.com.br\\\/site\\\/categoria\\\/eventos\\\/\",\"nextItem\":{\"@type\":\"ListItem\",\"@id\":\"https:\\\/\\\/anoticiaonline.com.br\\\/site\\\/farsa-da-boa-preguica-sera-apresentada-no-proximo-sabado-no-teatro-belmira\\\/#listItem\",\"name\":\"\\u201cFarsa da Boa Pregui\\u00e7a\\u201d ser\\u00e1 apresentada no pr\\u00f3ximo s\\u00e1bado, no Teatro Belmira\"},\"previousItem\":{\"@type\":\"ListItem\",\"@id\":\"https:\\\/\\\/anoticiaonline.com.br\\\/site#listItem\",\"name\":\"Home\"}},{\"@type\":\"ListItem\",\"@id\":\"https:\\\/\\\/anoticiaonline.com.br\\\/site\\\/farsa-da-boa-preguica-sera-apresentada-no-proximo-sabado-no-teatro-belmira\\\/#listItem\",\"position\":3,\"name\":\"\\u201cFarsa da Boa Pregui\\u00e7a\\u201d ser\\u00e1 apresentada no pr\\u00f3ximo s\\u00e1bado, no Teatro Belmira\",\"previousItem\":{\"@type\":\"ListItem\",\"@id\":\"https:\\\/\\\/anoticiaonline.com.br\\\/site\\\/categoria\\\/eventos\\\/#listItem\",\"name\":\"Eventos\"}}]},{\"@type\":\"Organization\",\"@id\":\"https:\\\/\\\/anoticiaonline.com.br\\\/site\\\/#organization\",\"name\":\"A Not\\u00edcia Online\",\"description\":\"Noticias de Muria\\u00e9 e regi\\u00e3o\",\"url\":\"https:\\\/\\\/anoticiaonline.com.br\\\/site\\\/\",\"logo\":{\"@type\":\"ImageObject\",\"url\":\"https:\\\/\\\/scontent-gig4-1.xx.fbcdn.net\\\/v\\\/t39.30808-1\\\/270437624_4564083193639691_6907940295614233970_n.jpg?stp=dst-jpg_s200x200_tt6&_nc_cat=111&ccb=1-7&_nc_sid=f907e8&_nc_ohc=SM1wRlP3lJwQ7kNvwEPuBYA&_nc_oc=AdnqrjDN_BNjSSHWO-GbkIWH6fkGMLw4bqvL_NH6e2wMveX7G-rP2dAqsDSq1mJMOaY&_nc_zt=24&_nc_ht=scontent-gig4-1.xx&_nc_gid=AoBFJeGrT1hVaew_6rchkQ&oh=00_AfX7QmFGhQhG2jAllVgXCiM1ZrWgvtp80-Bfppyexh1QEg&oe=689E923C\",\"@id\":\"https:\\\/\\\/anoticiaonline.com.br\\\/site\\\/farsa-da-boa-preguica-sera-apresentada-no-proximo-sabado-no-teatro-belmira\\\/#organizationLogo\"},\"image\":{\"@id\":\"https:\\\/\\\/anoticiaonline.com.br\\\/site\\\/farsa-da-boa-preguica-sera-apresentada-no-proximo-sabado-no-teatro-belmira\\\/#organizationLogo\"}},{\"@type\":\"Person\",\"@id\":\"https:\\\/\\\/anoticiaonline.com.br\\\/site\\\/author\\\/juliana\\\/#author\",\"url\":\"https:\\\/\\\/anoticiaonline.com.br\\\/site\\\/author\\\/juliana\\\/\",\"name\":\"Juliana Laviola\",\"image\":{\"@type\":\"ImageObject\",\"@id\":\"https:\\\/\\\/anoticiaonline.com.br\\\/site\\\/farsa-da-boa-preguica-sera-apresentada-no-proximo-sabado-no-teatro-belmira\\\/#authorImage\",\"url\":\"https:\\\/\\\/secure.gravatar.com\\\/avatar\\\/b8d45f5c699b100dfaf0e543582f38f38bf94cb7ae3a5e9abf8d891a34773335?s=96&d=mm&r=g\",\"width\":96,\"height\":96,\"caption\":\"Juliana Laviola\"}},{\"@type\":\"WebPage\",\"@id\":\"https:\\\/\\\/anoticiaonline.com.br\\\/site\\\/farsa-da-boa-preguica-sera-apresentada-no-proximo-sabado-no-teatro-belmira\\\/#webpage\",\"url\":\"https:\\\/\\\/anoticiaonline.com.br\\\/site\\\/farsa-da-boa-preguica-sera-apresentada-no-proximo-sabado-no-teatro-belmira\\\/\",\"name\":\"\\u201cFarsa da Boa Pregui\\u00e7a\\u201d ser\\u00e1 apresentada no pr\\u00f3ximo s\\u00e1bado, no Teatro Belmira - A Not\\u00edcia Online\",\"description\":\"O Teatro Belmira Villas Boas recebe, neste s\\u00e1bado (6), \\u00e0s 19h, a pe\\u00e7a \\u201cFarsa da Boa Pregui\\u00e7a\\u201d, da obra de Ariano Suassuna. A entrada \\u00e9 gratuita. Os ingressos, que s\\u00e3o limitados, poder\\u00e3o ser retirados na bilheteria do teatro a partir de quarta-feira (4). Mais informa\\u00e7\\u00f5es podem ser obtidas pelo telefone 98858-0198. A pe\\u00e7a, que \\u00e9\",\"inLanguage\":\"pt-BR\",\"isPartOf\":{\"@id\":\"https:\\\/\\\/anoticiaonline.com.br\\\/site\\\/#website\"},\"breadcrumb\":{\"@id\":\"https:\\\/\\\/anoticiaonline.com.br\\\/site\\\/farsa-da-boa-preguica-sera-apresentada-no-proximo-sabado-no-teatro-belmira\\\/#breadcrumblist\"},\"author\":{\"@id\":\"https:\\\/\\\/anoticiaonline.com.br\\\/site\\\/author\\\/juliana\\\/#author\"},\"creator\":{\"@id\":\"https:\\\/\\\/anoticiaonline.com.br\\\/site\\\/author\\\/juliana\\\/#author\"},\"image\":{\"@type\":\"ImageObject\",\"url\":\"https:\\\/\\\/anoticiaonline.com.br\\\/site\\\/wp-content\\\/uploads\\\/2017\\\/04\\\/\\u201cFarsa-da-Boa-Pregui\\u00e7a\\u201d-ser\\u00e1-apresentada-neste-s\\u00e1bado-no-teatro-Belmira.jpg\",\"@id\":\"https:\\\/\\\/anoticiaonline.com.br\\\/site\\\/farsa-da-boa-preguica-sera-apresentada-no-proximo-sabado-no-teatro-belmira\\\/#mainImage\",\"width\":640,\"height\":526},\"primaryImageOfPage\":{\"@id\":\"https:\\\/\\\/anoticiaonline.com.br\\\/site\\\/farsa-da-boa-preguica-sera-apresentada-no-proximo-sabado-no-teatro-belmira\\\/#mainImage\"},\"datePublished\":\"2017-05-01T08:00:27-03:00\",\"dateModified\":\"2017-05-02T10:26:32-03:00\"},{\"@type\":\"WebSite\",\"@id\":\"https:\\\/\\\/anoticiaonline.com.br\\\/site\\\/#website\",\"url\":\"https:\\\/\\\/anoticiaonline.com.br\\\/site\\\/\",\"name\":\"A Not\\u00edcia Online\",\"description\":\"Noticias de Muria\\u00e9 e regi\\u00e3o\",\"inLanguage\":\"pt-BR\",\"publisher\":{\"@id\":\"https:\\\/\\\/anoticiaonline.com.br\\\/site\\\/#organization\"}}]}\n\t\t<\/script>\n\t\t<!-- All in One SEO -->\n\n","aioseo_head_json":{"title":"\u201cFarsa da Boa Pregui\u00e7a\u201d ser\u00e1 apresentada no pr\u00f3ximo s\u00e1bado, no Teatro Belmira - A Not\u00edcia Online","description":"O Teatro Belmira Villas Boas recebe, neste s\u00e1bado (6), \u00e0s 19h, a pe\u00e7a \u201cFarsa da Boa Pregui\u00e7a\u201d, da obra de Ariano Suassuna. A entrada \u00e9 gratuita. Os ingressos, que s\u00e3o limitados, poder\u00e3o ser retirados na bilheteria do teatro a partir de quarta-feira (4). Mais informa\u00e7\u00f5es podem ser obtidas pelo telefone 98858-0198. A pe\u00e7a, que \u00e9","canonical_url":"https:\/\/anoticiaonline.com.br\/site\/farsa-da-boa-preguica-sera-apresentada-no-proximo-sabado-no-teatro-belmira\/","robots":"max-image-preview:large","keywords":"","webmasterTools":{"miscellaneous":""},"schema":{"@context":"https:\/\/schema.org","@graph":[{"@type":"BlogPosting","@id":"https:\/\/anoticiaonline.com.br\/site\/farsa-da-boa-preguica-sera-apresentada-no-proximo-sabado-no-teatro-belmira\/#blogposting","name":"\u201cFarsa da Boa Pregui\u00e7a\u201d ser\u00e1 apresentada no pr\u00f3ximo s\u00e1bado, no Teatro Belmira - A Not\u00edcia Online","headline":"\u201cFarsa da Boa Pregui\u00e7a\u201d ser\u00e1 apresentada no pr\u00f3ximo s\u00e1bado, no Teatro Belmira","author":{"@id":"https:\/\/anoticiaonline.com.br\/site\/author\/juliana\/#author"},"publisher":{"@id":"https:\/\/anoticiaonline.com.br\/site\/#organization"},"image":{"@type":"ImageObject","url":"https:\/\/anoticiaonline.com.br\/site\/wp-content\/uploads\/2017\/04\/\u201cFarsa-da-Boa-Pregui\u00e7a\u201d-ser\u00e1-apresentada-neste-s\u00e1bado-no-teatro-Belmira.jpg","width":640,"height":526},"datePublished":"2017-05-01T08:00:27-03:00","dateModified":"2017-05-02T10:26:32-03:00","inLanguage":"pt-BR","mainEntityOfPage":{"@id":"https:\/\/anoticiaonline.com.br\/site\/farsa-da-boa-preguica-sera-apresentada-no-proximo-sabado-no-teatro-belmira\/#webpage"},"isPartOf":{"@id":"https:\/\/anoticiaonline.com.br\/site\/farsa-da-boa-preguica-sera-apresentada-no-proximo-sabado-no-teatro-belmira\/#webpage"},"articleSection":"Eventos, slide"},{"@type":"BreadcrumbList","@id":"https:\/\/anoticiaonline.com.br\/site\/farsa-da-boa-preguica-sera-apresentada-no-proximo-sabado-no-teatro-belmira\/#breadcrumblist","itemListElement":[{"@type":"ListItem","@id":"https:\/\/anoticiaonline.com.br\/site#listItem","position":1,"name":"Home","item":"https:\/\/anoticiaonline.com.br\/site","nextItem":{"@type":"ListItem","@id":"https:\/\/anoticiaonline.com.br\/site\/categoria\/eventos\/#listItem","name":"Eventos"}},{"@type":"ListItem","@id":"https:\/\/anoticiaonline.com.br\/site\/categoria\/eventos\/#listItem","position":2,"name":"Eventos","item":"https:\/\/anoticiaonline.com.br\/site\/categoria\/eventos\/","nextItem":{"@type":"ListItem","@id":"https:\/\/anoticiaonline.com.br\/site\/farsa-da-boa-preguica-sera-apresentada-no-proximo-sabado-no-teatro-belmira\/#listItem","name":"\u201cFarsa da Boa Pregui\u00e7a\u201d ser\u00e1 apresentada no pr\u00f3ximo s\u00e1bado, no Teatro Belmira"},"previousItem":{"@type":"ListItem","@id":"https:\/\/anoticiaonline.com.br\/site#listItem","name":"Home"}},{"@type":"ListItem","@id":"https:\/\/anoticiaonline.com.br\/site\/farsa-da-boa-preguica-sera-apresentada-no-proximo-sabado-no-teatro-belmira\/#listItem","position":3,"name":"\u201cFarsa da Boa Pregui\u00e7a\u201d ser\u00e1 apresentada no pr\u00f3ximo s\u00e1bado, no Teatro Belmira","previousItem":{"@type":"ListItem","@id":"https:\/\/anoticiaonline.com.br\/site\/categoria\/eventos\/#listItem","name":"Eventos"}}]},{"@type":"Organization","@id":"https:\/\/anoticiaonline.com.br\/site\/#organization","name":"A Not\u00edcia Online","description":"Noticias de Muria\u00e9 e regi\u00e3o","url":"https:\/\/anoticiaonline.com.br\/site\/","logo":{"@type":"ImageObject","url":"https:\/\/scontent-gig4-1.xx.fbcdn.net\/v\/t39.30808-1\/270437624_4564083193639691_6907940295614233970_n.jpg?stp=dst-jpg_s200x200_tt6&_nc_cat=111&ccb=1-7&_nc_sid=f907e8&_nc_ohc=SM1wRlP3lJwQ7kNvwEPuBYA&_nc_oc=AdnqrjDN_BNjSSHWO-GbkIWH6fkGMLw4bqvL_NH6e2wMveX7G-rP2dAqsDSq1mJMOaY&_nc_zt=24&_nc_ht=scontent-gig4-1.xx&_nc_gid=AoBFJeGrT1hVaew_6rchkQ&oh=00_AfX7QmFGhQhG2jAllVgXCiM1ZrWgvtp80-Bfppyexh1QEg&oe=689E923C","@id":"https:\/\/anoticiaonline.com.br\/site\/farsa-da-boa-preguica-sera-apresentada-no-proximo-sabado-no-teatro-belmira\/#organizationLogo"},"image":{"@id":"https:\/\/anoticiaonline.com.br\/site\/farsa-da-boa-preguica-sera-apresentada-no-proximo-sabado-no-teatro-belmira\/#organizationLogo"}},{"@type":"Person","@id":"https:\/\/anoticiaonline.com.br\/site\/author\/juliana\/#author","url":"https:\/\/anoticiaonline.com.br\/site\/author\/juliana\/","name":"Juliana Laviola","image":{"@type":"ImageObject","@id":"https:\/\/anoticiaonline.com.br\/site\/farsa-da-boa-preguica-sera-apresentada-no-proximo-sabado-no-teatro-belmira\/#authorImage","url":"https:\/\/secure.gravatar.com\/avatar\/b8d45f5c699b100dfaf0e543582f38f38bf94cb7ae3a5e9abf8d891a34773335?s=96&d=mm&r=g","width":96,"height":96,"caption":"Juliana Laviola"}},{"@type":"WebPage","@id":"https:\/\/anoticiaonline.com.br\/site\/farsa-da-boa-preguica-sera-apresentada-no-proximo-sabado-no-teatro-belmira\/#webpage","url":"https:\/\/anoticiaonline.com.br\/site\/farsa-da-boa-preguica-sera-apresentada-no-proximo-sabado-no-teatro-belmira\/","name":"\u201cFarsa da Boa Pregui\u00e7a\u201d ser\u00e1 apresentada no pr\u00f3ximo s\u00e1bado, no Teatro Belmira - A Not\u00edcia Online","description":"O Teatro Belmira Villas Boas recebe, neste s\u00e1bado (6), \u00e0s 19h, a pe\u00e7a \u201cFarsa da Boa Pregui\u00e7a\u201d, da obra de Ariano Suassuna. A entrada \u00e9 gratuita. Os ingressos, que s\u00e3o limitados, poder\u00e3o ser retirados na bilheteria do teatro a partir de quarta-feira (4). Mais informa\u00e7\u00f5es podem ser obtidas pelo telefone 98858-0198. A pe\u00e7a, que \u00e9","inLanguage":"pt-BR","isPartOf":{"@id":"https:\/\/anoticiaonline.com.br\/site\/#website"},"breadcrumb":{"@id":"https:\/\/anoticiaonline.com.br\/site\/farsa-da-boa-preguica-sera-apresentada-no-proximo-sabado-no-teatro-belmira\/#breadcrumblist"},"author":{"@id":"https:\/\/anoticiaonline.com.br\/site\/author\/juliana\/#author"},"creator":{"@id":"https:\/\/anoticiaonline.com.br\/site\/author\/juliana\/#author"},"image":{"@type":"ImageObject","url":"https:\/\/anoticiaonline.com.br\/site\/wp-content\/uploads\/2017\/04\/\u201cFarsa-da-Boa-Pregui\u00e7a\u201d-ser\u00e1-apresentada-neste-s\u00e1bado-no-teatro-Belmira.jpg","@id":"https:\/\/anoticiaonline.com.br\/site\/farsa-da-boa-preguica-sera-apresentada-no-proximo-sabado-no-teatro-belmira\/#mainImage","width":640,"height":526},"primaryImageOfPage":{"@id":"https:\/\/anoticiaonline.com.br\/site\/farsa-da-boa-preguica-sera-apresentada-no-proximo-sabado-no-teatro-belmira\/#mainImage"},"datePublished":"2017-05-01T08:00:27-03:00","dateModified":"2017-05-02T10:26:32-03:00"},{"@type":"WebSite","@id":"https:\/\/anoticiaonline.com.br\/site\/#website","url":"https:\/\/anoticiaonline.com.br\/site\/","name":"A Not\u00edcia Online","description":"Noticias de Muria\u00e9 e regi\u00e3o","inLanguage":"pt-BR","publisher":{"@id":"https:\/\/anoticiaonline.com.br\/site\/#organization"}}]},"og:locale":"pt_BR","og:site_name":"A Not\u00edcia Online - Noticias de Muria\u00e9 e regi\u00e3o","og:type":"article","og:title":"\u201cFarsa da Boa Pregui\u00e7a\u201d ser\u00e1 apresentada no pr\u00f3ximo s\u00e1bado, no Teatro Belmira - A Not\u00edcia Online","og:description":"O Teatro Belmira Villas Boas recebe, neste s\u00e1bado (6), \u00e0s 19h, a pe\u00e7a \u201cFarsa da Boa Pregui\u00e7a\u201d, da obra de Ariano Suassuna. A entrada \u00e9 gratuita. Os ingressos, que s\u00e3o limitados, poder\u00e3o ser retirados na bilheteria do teatro a partir de quarta-feira (4). Mais informa\u00e7\u00f5es podem ser obtidas pelo telefone 98858-0198. A pe\u00e7a, que \u00e9","og:url":"https:\/\/anoticiaonline.com.br\/site\/farsa-da-boa-preguica-sera-apresentada-no-proximo-sabado-no-teatro-belmira\/","og:image":"https:\/\/scontent-gig4-1.xx.fbcdn.net\/v\/t39.30808-1\/270437624_4564083193639691_6907940295614233970_n.jpg?stp=dst-jpg_s200x200_tt6&#038;_nc_cat=111&#038;ccb=1-7&#038;_nc_sid=f907e8&#038;_nc_ohc=SM1wRlP3lJwQ7kNvwEPuBYA&#038;_nc_oc=AdnqrjDN_BNjSSHWO-GbkIWH6fkGMLw4bqvL_NH6e2wMveX7G-rP2dAqsDSq1mJMOaY&#038;_nc_zt=24&#038;_nc_ht=scontent-gig4-1.xx&#038;_nc_gid=AoBFJeGrT1hVaew_6rchkQ&#038;oh=00_AfX7QmFGhQhG2jAllVgXCiM1ZrWgvtp80-Bfppyexh1QEg&#038;oe=689E923C","og:image:secure_url":"https:\/\/scontent-gig4-1.xx.fbcdn.net\/v\/t39.30808-1\/270437624_4564083193639691_6907940295614233970_n.jpg?stp=dst-jpg_s200x200_tt6&#038;_nc_cat=111&#038;ccb=1-7&#038;_nc_sid=f907e8&#038;_nc_ohc=SM1wRlP3lJwQ7kNvwEPuBYA&#038;_nc_oc=AdnqrjDN_BNjSSHWO-GbkIWH6fkGMLw4bqvL_NH6e2wMveX7G-rP2dAqsDSq1mJMOaY&#038;_nc_zt=24&#038;_nc_ht=scontent-gig4-1.xx&#038;_nc_gid=AoBFJeGrT1hVaew_6rchkQ&#038;oh=00_AfX7QmFGhQhG2jAllVgXCiM1ZrWgvtp80-Bfppyexh1QEg&#038;oe=689E923C","article:published_time":"2017-05-01T11:00:27+00:00","article:modified_time":"2017-05-02T13:26:32+00:00","twitter:card":"summary_large_image","twitter:title":"\u201cFarsa da Boa Pregui\u00e7a\u201d ser\u00e1 apresentada no pr\u00f3ximo s\u00e1bado, no Teatro Belmira - A Not\u00edcia Online","twitter:description":"O Teatro Belmira Villas Boas recebe, neste s\u00e1bado (6), \u00e0s 19h, a pe\u00e7a \u201cFarsa da Boa Pregui\u00e7a\u201d, da obra de Ariano Suassuna. A entrada \u00e9 gratuita. Os ingressos, que s\u00e3o limitados, poder\u00e3o ser retirados na bilheteria do teatro a partir de quarta-feira (4). Mais informa\u00e7\u00f5es podem ser obtidas pelo telefone 98858-0198. A pe\u00e7a, que \u00e9","twitter:image":"https:\/\/scontent-gig4-1.xx.fbcdn.net\/v\/t39.30808-1\/270437624_4564083193639691_6907940295614233970_n.jpg?stp=dst-jpg_s200x200_tt6&_nc_cat=111&ccb=1-7&_nc_sid=f907e8&_nc_ohc=SM1wRlP3lJwQ7kNvwEPuBYA&_nc_oc=AdnqrjDN_BNjSSHWO-GbkIWH6fkGMLw4bqvL_NH6e2wMveX7G-rP2dAqsDSq1mJMOaY&_nc_zt=24&_nc_ht=scontent-gig4-1.xx&_nc_gid=AoBFJeGrT1hVaew_6rchkQ&oh=00_AfX7QmFGhQhG2jAllVgXCiM1ZrWgvtp80-Bfppyexh1QEg&oe=689E923C"},"aioseo_meta_data":{"post_id":"28410","title":null,"description":null,"keywords":null,"keyphrases":null,"primary_term":null,"canonical_url":null,"og_title":null,"og_description":null,"og_object_type":"default","og_image_type":"default","og_image_url":null,"og_image_width":null,"og_image_height":null,"og_image_custom_url":null,"og_image_custom_fields":null,"og_video":null,"og_custom_url":null,"og_article_section":null,"og_article_tags":null,"twitter_use_og":false,"twitter_card":"default","twitter_image_type":"default","twitter_image_url":null,"twitter_image_custom_url":null,"twitter_image_custom_fields":null,"twitter_title":null,"twitter_description":null,"schema":{"blockGraphs":[],"customGraphs":[],"default":{"data":{"Article":[],"Course":[],"Dataset":[],"FAQPage":[],"Movie":[],"Person":[],"Product":[],"ProductReview":[],"Car":[],"Recipe":[],"Service":[],"SoftwareApplication":[],"WebPage":[]},"graphName":"","isEnabled":true},"graphs":[]},"schema_type":"default","schema_type_options":null,"pillar_content":false,"robots_default":true,"robots_noindex":false,"robots_noarchive":false,"robots_nosnippet":false,"robots_nofollow":false,"robots_noimageindex":false,"robots_noodp":false,"robots_notranslate":false,"robots_max_snippet":null,"robots_max_videopreview":null,"robots_max_imagepreview":"large","priority":null,"frequency":null,"local_seo":null,"breadcrumb_settings":null,"limit_modified_date":false,"ai":null,"created":"2025-08-16 18:16:33","updated":"2025-08-16 18:16:33","focus_keyword":null,"additional_keywords":null,"truseo_locale":null,"seo_analyzer_scan_date":null},"aioseo_breadcrumb":"<div class=\"aioseo-breadcrumbs\"><span class=\"aioseo-breadcrumb\">\n\t\t\t<a href=\"https:\/\/anoticiaonline.com.br\/site\" title=\"Home\">Home<\/a>\n\t\t<\/span><span class=\"aioseo-breadcrumb-separator\">&raquo;<\/span><span class=\"aioseo-breadcrumb\">\n\t\t\t<a href=\"https:\/\/anoticiaonline.com.br\/site\/categoria\/eventos\/\" title=\"Eventos\">Eventos<\/a>\n\t\t<\/span><span class=\"aioseo-breadcrumb-separator\">&raquo;<\/span><span class=\"aioseo-breadcrumb\">\n\t\t\t\u201cFarsa da Boa Pregui\u00e7a\u201d ser\u00e1 apresentada no pr\u00f3ximo s\u00e1bado, no Teatro Belmira\n\t\t<\/span><\/div>","aioseo_breadcrumb_json":[{"label":"Home","link":"https:\/\/anoticiaonline.com.br\/site"},{"label":"Eventos","link":"https:\/\/anoticiaonline.com.br\/site\/categoria\/eventos\/"},{"label":"\u201cFarsa da Boa Pregui\u00e7a\u201d ser\u00e1 apresentada no pr\u00f3ximo s\u00e1bado, no Teatro Belmira","link":"https:\/\/anoticiaonline.com.br\/site\/farsa-da-boa-preguica-sera-apresentada-no-proximo-sabado-no-teatro-belmira\/"}],"views":156,"_links":{"self":[{"href":"https:\/\/anoticiaonline.com.br\/site\/wp-json\/wp\/v2\/posts\/28410","targetHints":{"allow":["GET"]}}],"collection":[{"href":"https:\/\/anoticiaonline.com.br\/site\/wp-json\/wp\/v2\/posts"}],"about":[{"href":"https:\/\/anoticiaonline.com.br\/site\/wp-json\/wp\/v2\/types\/post"}],"author":[{"embeddable":true,"href":"https:\/\/anoticiaonline.com.br\/site\/wp-json\/wp\/v2\/users\/2"}],"replies":[{"embeddable":true,"href":"https:\/\/anoticiaonline.com.br\/site\/wp-json\/wp\/v2\/comments?post=28410"}],"version-history":[{"count":0,"href":"https:\/\/anoticiaonline.com.br\/site\/wp-json\/wp\/v2\/posts\/28410\/revisions"}],"wp:featuredmedia":[{"embeddable":true,"href":"https:\/\/anoticiaonline.com.br\/site\/wp-json\/wp\/v2\/media\/28411"}],"wp:attachment":[{"href":"https:\/\/anoticiaonline.com.br\/site\/wp-json\/wp\/v2\/media?parent=28410"}],"wp:term":[{"taxonomy":"category","embeddable":true,"href":"https:\/\/anoticiaonline.com.br\/site\/wp-json\/wp\/v2\/categories?post=28410"},{"taxonomy":"post_tag","embeddable":true,"href":"https:\/\/anoticiaonline.com.br\/site\/wp-json\/wp\/v2\/tags?post=28410"}],"curies":[{"name":"wp","href":"https:\/\/api.w.org\/{rel}","templated":true}]}}