{"id":28342,"date":"2017-04-24T17:25:20","date_gmt":"2017-04-24T20:25:20","guid":{"rendered":"http:\/\/anoticiaonline.com.br\/site\/?p=28342"},"modified":"2017-04-27T20:22:33","modified_gmt":"2017-04-27T23:22:33","slug":"tabata-couri-e-vice-campea-do-arnold-classic-pelo-segundo-ano-consecutivo","status":"publish","type":"post","link":"https:\/\/anoticiaonline.com.br\/site\/tabata-couri-e-vice-campea-do-arnold-classic-pelo-segundo-ano-consecutivo\/","title":{"rendered":"T\u00e1bata Couri \u00e9 vice-campe\u00e3 do \u201cArnold Classic\u201d pelo segundo ano consecutivo"},"content":{"rendered":"<figure id=\"attachment_28343\" aria-describedby=\"caption-attachment-28343\" style=\"width: 290px\" class=\"wp-caption alignleft\"><a href=\"https:\/\/anoticiaonline.com.br\/site\/wp-content\/uploads\/2017\/04\/T\u00e1bata-Couri-\u00e9-vice-campe\u00e3-do-\u201cArnold-Classic\u201d-pelo-segundo-ano-consecutivo.jpg\"><img fetchpriority=\"high\" decoding=\"async\" class=\"wp-image-28343 size-medium\" src=\"https:\/\/anoticiaonline.com.br\/site\/wp-content\/uploads\/2017\/04\/T\u00e1bata-Couri-\u00e9-vice-campe\u00e3-do-\u201cArnold-Classic\u201d-pelo-segundo-ano-consecutivo-300x260.jpg\" alt=\"Tabata Couri foi vice-cempe\u00e3 na categoria \u201cWellness Fitness at\u00e9 1,68cm\u201d (Foto: Arquivo pessoal\/Instagram)\" width=\"300\" height=\"260\" srcset=\"https:\/\/anoticiaonline.com.br\/site\/wp-content\/uploads\/2017\/04\/T\u00e1bata-Couri-\u00e9-vice-campe\u00e3-do-\u201cArnold-Classic\u201d-pelo-segundo-ano-consecutivo-300x260.jpg 300w, https:\/\/anoticiaonline.com.br\/site\/wp-content\/uploads\/2017\/04\/T\u00e1bata-Couri-\u00e9-vice-campe\u00e3-do-\u201cArnold-Classic\u201d-pelo-segundo-ano-consecutivo.jpg 600w\" sizes=\"(max-width: 300px) 100vw, 300px\" \/><\/a><figcaption id=\"caption-attachment-28343\" class=\"wp-caption-text\">T\u00e1bata Couri foi vice-campe\u00e3 na categoria \u201cWellness Fitness at\u00e9 1,68cm\u201d (Foto: Arquivo pessoal\/Instagram)<\/figcaption><\/figure>\n<p>A muriaeense T\u00e1bata Couri se destacou mais uma vez no \u201cArnold Classic South America\u201d, um dos maiores eventos multiesportivos do mundo. Competindo com fisiculturistas de v\u00e1rios pa\u00edses da Am\u00e9rica do Sul, a atleta \u00e9 a vice-campe\u00e3 do evento pelo segundo ano consecutivo.<\/p>\n<p>T\u00e1bata, que disputou na categoria \u201cWellness Fitness at\u00e9 1,68cm\u201d, subiu ao palco na \u00faltima sexta-feira (21). Essa \u00e9 a terceira participa\u00e7\u00e3o da atleta no evento. Ela tamb\u00e9m havia subido no p\u00f3dio nas edi\u00e7\u00f5es anteriores \u2013 ano passado, ficou em segundo lugar, e em 2015, foi a Top 6. A muriaeense tamb\u00e9m \u00e9 a atual tricampe\u00e3 Mineira de fisiculturismo em sua categoria.<\/p>\n<p>\u201cManter o t\u00edtulo significa que estou conseguindo dar continuidade e evoluir no meu trabalho, visto que a cada ano as competi\u00e7\u00f5es se tornam mais competitivas e as atletas, mais bem preparadas\u201d, afirma T\u00e1bata, que \u00e9 fisiculturista h\u00e1 tr\u00eas anos.<\/p>\n<p>O \u201cArnold Classic South America\u201d, que em 2017 aconteceu no \u00faltimo final de semana (entre os dias 21 e 23 de abril), no Transam\u00e9rica Expo Center, em S\u00e3o Paulo, conta ainda com feira de nutri\u00e7\u00e3o esportiva, equipamentos, produtos e acess\u00f3rios fitness.<\/p>\n<p><em>*Mat\u00e9ria atualizada \u00e0s 10h45min do dia 25 de abril de 2017<\/em><\/p>\n","protected":false},"excerpt":{"rendered":"<p>A muriaeense T\u00e1bata Couri se destacou mais uma vez no \u201cArnold Classic South America\u201d, um dos maiores eventos multiesportivos do mundo. Competindo com fisiculturistas de v\u00e1rios pa\u00edses da Am\u00e9rica do Sul, a atleta \u00e9 a vice-campe\u00e3 do evento pelo segundo ano consecutivo. T\u00e1bata, que disputou na categoria \u201cWellness Fitness at\u00e9 1,68cm\u201d, subiu ao palco na &#8230; <a title=\"T\u00e1bata Couri \u00e9 vice-campe\u00e3 do \u201cArnold Classic\u201d pelo segundo ano consecutivo\" class=\"read-more\" href=\"https:\/\/anoticiaonline.com.br\/site\/tabata-couri-e-vice-campea-do-arnold-classic-pelo-segundo-ano-consecutivo\/\" aria-label=\"Read more about T\u00e1bata Couri \u00e9 vice-campe\u00e3 do \u201cArnold Classic\u201d pelo segundo ano consecutivo\">Ler mais<\/a><\/p>\n","protected":false},"author":2,"featured_media":28343,"comment_status":"open","ping_status":"open","sticky":false,"template":"","format":"standard","meta":{"_acf_changed":false,"_monsterinsights_skip_tracking":false,"footnotes":""},"categories":[29],"tags":[3],"class_list":["post-28342","post","type-post","status-publish","format-standard","has-post-thumbnail","hentry","category-esporte","tag-slide"],"acf":[],"aioseo_notices":[],"aioseo_head":"\n\t\t<!-- All in One SEO 5.0.0.1 - aioseo.com -->\n\t<meta name=\"description\" content=\"A muriaeense T\u00e1bata Couri se destacou mais uma vez no \u201cArnold Classic South America\u201d, um dos maiores eventos multiesportivos do mundo. Competindo com fisiculturistas de v\u00e1rios pa\u00edses da Am\u00e9rica do Sul, a atleta \u00e9 a vice-campe\u00e3 do evento pelo segundo ano consecutivo. T\u00e1bata, que disputou na categoria \u201cWellness Fitness at\u00e9 1,68cm\u201d, subiu ao palco na\" \/>\n\t<meta name=\"robots\" content=\"max-image-preview:large\" \/>\n\t<meta name=\"author\" content=\"Juliana Laviola\"\/>\n\t<link rel=\"canonical\" href=\"https:\/\/anoticiaonline.com.br\/site\/tabata-couri-e-vice-campea-do-arnold-classic-pelo-segundo-ano-consecutivo\/\" \/>\n\t<meta name=\"generator\" content=\"All in One SEO (AIOSEO) 5.0.0.1\" \/>\n\t\t<meta property=\"og:locale\" content=\"pt_BR\" \/>\n\t\t<meta property=\"og:site_name\" content=\"A Not\u00edcia Online - Noticias de Muria\u00e9 e regi\u00e3o\" \/>\n\t\t<meta property=\"og:type\" content=\"article\" \/>\n\t\t<meta property=\"og:title\" content=\"T\u00e1bata Couri \u00e9 vice-campe\u00e3 do \u201cArnold Classic\u201d pelo segundo ano consecutivo - A Not\u00edcia Online\" \/>\n\t\t<meta property=\"og:description\" content=\"A muriaeense T\u00e1bata Couri se destacou mais uma vez no \u201cArnold Classic South America\u201d, um dos maiores eventos multiesportivos do mundo. Competindo com fisiculturistas de v\u00e1rios pa\u00edses da Am\u00e9rica do Sul, a atleta \u00e9 a vice-campe\u00e3 do evento pelo segundo ano consecutivo. T\u00e1bata, que disputou na categoria \u201cWellness Fitness at\u00e9 1,68cm\u201d, subiu ao palco na\" \/>\n\t\t<meta property=\"og:url\" content=\"https:\/\/anoticiaonline.com.br\/site\/tabata-couri-e-vice-campea-do-arnold-classic-pelo-segundo-ano-consecutivo\/\" \/>\n\t\t<meta property=\"og:image\" content=\"https:\/\/scontent-gig4-1.xx.fbcdn.net\/v\/t39.30808-1\/270437624_4564083193639691_6907940295614233970_n.jpg?stp=dst-jpg_s200x200_tt6&#038;_nc_cat=111&#038;ccb=1-7&#038;_nc_sid=f907e8&#038;_nc_ohc=SM1wRlP3lJwQ7kNvwEPuBYA&#038;_nc_oc=AdnqrjDN_BNjSSHWO-GbkIWH6fkGMLw4bqvL_NH6e2wMveX7G-rP2dAqsDSq1mJMOaY&#038;_nc_zt=24&#038;_nc_ht=scontent-gig4-1.xx&#038;_nc_gid=AoBFJeGrT1hVaew_6rchkQ&#038;oh=00_AfX7QmFGhQhG2jAllVgXCiM1ZrWgvtp80-Bfppyexh1QEg&#038;oe=689E923C\" \/>\n\t\t<meta property=\"og:image:secure_url\" content=\"https:\/\/scontent-gig4-1.xx.fbcdn.net\/v\/t39.30808-1\/270437624_4564083193639691_6907940295614233970_n.jpg?stp=dst-jpg_s200x200_tt6&#038;_nc_cat=111&#038;ccb=1-7&#038;_nc_sid=f907e8&#038;_nc_ohc=SM1wRlP3lJwQ7kNvwEPuBYA&#038;_nc_oc=AdnqrjDN_BNjSSHWO-GbkIWH6fkGMLw4bqvL_NH6e2wMveX7G-rP2dAqsDSq1mJMOaY&#038;_nc_zt=24&#038;_nc_ht=scontent-gig4-1.xx&#038;_nc_gid=AoBFJeGrT1hVaew_6rchkQ&#038;oh=00_AfX7QmFGhQhG2jAllVgXCiM1ZrWgvtp80-Bfppyexh1QEg&#038;oe=689E923C\" \/>\n\t\t<meta property=\"article:published_time\" content=\"2017-04-24T20:25:20+00:00\" \/>\n\t\t<meta property=\"article:modified_time\" content=\"2017-04-27T23:22:33+00:00\" \/>\n\t\t<meta name=\"twitter:card\" content=\"summary_large_image\" \/>\n\t\t<meta name=\"twitter:title\" content=\"T\u00e1bata Couri \u00e9 vice-campe\u00e3 do \u201cArnold Classic\u201d pelo segundo ano consecutivo - A Not\u00edcia Online\" \/>\n\t\t<meta name=\"twitter:description\" content=\"A muriaeense T\u00e1bata Couri se destacou mais uma vez no \u201cArnold Classic South America\u201d, um dos maiores eventos multiesportivos do mundo. Competindo com fisiculturistas de v\u00e1rios pa\u00edses da Am\u00e9rica do Sul, a atleta \u00e9 a vice-campe\u00e3 do evento pelo segundo ano consecutivo. T\u00e1bata, que disputou na categoria \u201cWellness Fitness at\u00e9 1,68cm\u201d, subiu ao palco na\" \/>\n\t\t<meta name=\"twitter:image\" content=\"https:\/\/scontent-gig4-1.xx.fbcdn.net\/v\/t39.30808-1\/270437624_4564083193639691_6907940295614233970_n.jpg?stp=dst-jpg_s200x200_tt6&amp;_nc_cat=111&amp;ccb=1-7&amp;_nc_sid=f907e8&amp;_nc_ohc=SM1wRlP3lJwQ7kNvwEPuBYA&amp;_nc_oc=AdnqrjDN_BNjSSHWO-GbkIWH6fkGMLw4bqvL_NH6e2wMveX7G-rP2dAqsDSq1mJMOaY&amp;_nc_zt=24&amp;_nc_ht=scontent-gig4-1.xx&amp;_nc_gid=AoBFJeGrT1hVaew_6rchkQ&amp;oh=00_AfX7QmFGhQhG2jAllVgXCiM1ZrWgvtp80-Bfppyexh1QEg&amp;oe=689E923C\" \/>\n\t\t<script type=\"application\/ld+json\" class=\"aioseo-schema\">\n\t\t\t{\"@context\":\"https:\\\/\\\/schema.org\",\"@graph\":[{\"@type\":\"BlogPosting\",\"@id\":\"https:\\\/\\\/anoticiaonline.com.br\\\/site\\\/tabata-couri-e-vice-campea-do-arnold-classic-pelo-segundo-ano-consecutivo\\\/#blogposting\",\"name\":\"T\\u00e1bata Couri \\u00e9 vice-campe\\u00e3 do \\u201cArnold Classic\\u201d pelo segundo ano consecutivo - A Not\\u00edcia Online\",\"headline\":\"T\\u00e1bata Couri \\u00e9 vice-campe\\u00e3 do \\u201cArnold Classic\\u201d pelo segundo ano consecutivo\",\"author\":{\"@id\":\"https:\\\/\\\/anoticiaonline.com.br\\\/site\\\/author\\\/juliana\\\/#author\"},\"publisher\":{\"@id\":\"https:\\\/\\\/anoticiaonline.com.br\\\/site\\\/#organization\"},\"image\":{\"@type\":\"ImageObject\",\"url\":\"https:\\\/\\\/anoticiaonline.com.br\\\/site\\\/wp-content\\\/uploads\\\/2017\\\/04\\\/T\\u00e1bata-Couri-\\u00e9-vice-campe\\u00e3-do-\\u201cArnold-Classic\\u201d-pelo-segundo-ano-consecutivo.jpg\",\"width\":600,\"height\":520,\"caption\":\"Tabata Couri foi vice-cempe\\u00e3 na categoria \\u201cWellness Fitness at\\u00e9 1,68cm\\u201d (Foto: Arquivo pessoal\\\/Instagram)\"},\"datePublished\":\"2017-04-24T17:25:20-03:00\",\"dateModified\":\"2017-04-27T20:22:33-03:00\",\"inLanguage\":\"pt-BR\",\"mainEntityOfPage\":{\"@id\":\"https:\\\/\\\/anoticiaonline.com.br\\\/site\\\/tabata-couri-e-vice-campea-do-arnold-classic-pelo-segundo-ano-consecutivo\\\/#webpage\"},\"isPartOf\":{\"@id\":\"https:\\\/\\\/anoticiaonline.com.br\\\/site\\\/tabata-couri-e-vice-campea-do-arnold-classic-pelo-segundo-ano-consecutivo\\\/#webpage\"},\"articleSection\":\"Esporte, slide\"},{\"@type\":\"BreadcrumbList\",\"@id\":\"https:\\\/\\\/anoticiaonline.com.br\\\/site\\\/tabata-couri-e-vice-campea-do-arnold-classic-pelo-segundo-ano-consecutivo\\\/#breadcrumblist\",\"itemListElement\":[{\"@type\":\"ListItem\",\"@id\":\"https:\\\/\\\/anoticiaonline.com.br\\\/site#listItem\",\"position\":1,\"name\":\"Home\",\"item\":\"https:\\\/\\\/anoticiaonline.com.br\\\/site\",\"nextItem\":{\"@type\":\"ListItem\",\"@id\":\"https:\\\/\\\/anoticiaonline.com.br\\\/site\\\/categoria\\\/esporte\\\/#listItem\",\"name\":\"Esporte\"}},{\"@type\":\"ListItem\",\"@id\":\"https:\\\/\\\/anoticiaonline.com.br\\\/site\\\/categoria\\\/esporte\\\/#listItem\",\"position\":2,\"name\":\"Esporte\",\"item\":\"https:\\\/\\\/anoticiaonline.com.br\\\/site\\\/categoria\\\/esporte\\\/\",\"nextItem\":{\"@type\":\"ListItem\",\"@id\":\"https:\\\/\\\/anoticiaonline.com.br\\\/site\\\/tabata-couri-e-vice-campea-do-arnold-classic-pelo-segundo-ano-consecutivo\\\/#listItem\",\"name\":\"T\\u00e1bata Couri \\u00e9 vice-campe\\u00e3 do \\u201cArnold Classic\\u201d pelo segundo ano consecutivo\"},\"previousItem\":{\"@type\":\"ListItem\",\"@id\":\"https:\\\/\\\/anoticiaonline.com.br\\\/site#listItem\",\"name\":\"Home\"}},{\"@type\":\"ListItem\",\"@id\":\"https:\\\/\\\/anoticiaonline.com.br\\\/site\\\/tabata-couri-e-vice-campea-do-arnold-classic-pelo-segundo-ano-consecutivo\\\/#listItem\",\"position\":3,\"name\":\"T\\u00e1bata Couri \\u00e9 vice-campe\\u00e3 do \\u201cArnold Classic\\u201d pelo segundo ano consecutivo\",\"previousItem\":{\"@type\":\"ListItem\",\"@id\":\"https:\\\/\\\/anoticiaonline.com.br\\\/site\\\/categoria\\\/esporte\\\/#listItem\",\"name\":\"Esporte\"}}]},{\"@type\":\"Organization\",\"@id\":\"https:\\\/\\\/anoticiaonline.com.br\\\/site\\\/#organization\",\"name\":\"A Not\\u00edcia Online\",\"description\":\"Noticias de Muria\\u00e9 e regi\\u00e3o\",\"url\":\"https:\\\/\\\/anoticiaonline.com.br\\\/site\\\/\",\"logo\":{\"@type\":\"ImageObject\",\"url\":\"https:\\\/\\\/scontent-gig4-1.xx.fbcdn.net\\\/v\\\/t39.30808-1\\\/270437624_4564083193639691_6907940295614233970_n.jpg?stp=dst-jpg_s200x200_tt6&_nc_cat=111&ccb=1-7&_nc_sid=f907e8&_nc_ohc=SM1wRlP3lJwQ7kNvwEPuBYA&_nc_oc=AdnqrjDN_BNjSSHWO-GbkIWH6fkGMLw4bqvL_NH6e2wMveX7G-rP2dAqsDSq1mJMOaY&_nc_zt=24&_nc_ht=scontent-gig4-1.xx&_nc_gid=AoBFJeGrT1hVaew_6rchkQ&oh=00_AfX7QmFGhQhG2jAllVgXCiM1ZrWgvtp80-Bfppyexh1QEg&oe=689E923C\",\"@id\":\"https:\\\/\\\/anoticiaonline.com.br\\\/site\\\/tabata-couri-e-vice-campea-do-arnold-classic-pelo-segundo-ano-consecutivo\\\/#organizationLogo\"},\"image\":{\"@id\":\"https:\\\/\\\/anoticiaonline.com.br\\\/site\\\/tabata-couri-e-vice-campea-do-arnold-classic-pelo-segundo-ano-consecutivo\\\/#organizationLogo\"}},{\"@type\":\"Person\",\"@id\":\"https:\\\/\\\/anoticiaonline.com.br\\\/site\\\/author\\\/juliana\\\/#author\",\"url\":\"https:\\\/\\\/anoticiaonline.com.br\\\/site\\\/author\\\/juliana\\\/\",\"name\":\"Juliana Laviola\",\"image\":{\"@type\":\"ImageObject\",\"@id\":\"https:\\\/\\\/anoticiaonline.com.br\\\/site\\\/tabata-couri-e-vice-campea-do-arnold-classic-pelo-segundo-ano-consecutivo\\\/#authorImage\",\"url\":\"https:\\\/\\\/secure.gravatar.com\\\/avatar\\\/b8d45f5c699b100dfaf0e543582f38f38bf94cb7ae3a5e9abf8d891a34773335?s=96&d=mm&r=g\",\"width\":96,\"height\":96,\"caption\":\"Juliana Laviola\"}},{\"@type\":\"WebPage\",\"@id\":\"https:\\\/\\\/anoticiaonline.com.br\\\/site\\\/tabata-couri-e-vice-campea-do-arnold-classic-pelo-segundo-ano-consecutivo\\\/#webpage\",\"url\":\"https:\\\/\\\/anoticiaonline.com.br\\\/site\\\/tabata-couri-e-vice-campea-do-arnold-classic-pelo-segundo-ano-consecutivo\\\/\",\"name\":\"T\\u00e1bata Couri \\u00e9 vice-campe\\u00e3 do \\u201cArnold Classic\\u201d pelo segundo ano consecutivo - A Not\\u00edcia Online\",\"description\":\"A muriaeense T\\u00e1bata Couri se destacou mais uma vez no \\u201cArnold Classic South America\\u201d, um dos maiores eventos multiesportivos do mundo. Competindo com fisiculturistas de v\\u00e1rios pa\\u00edses da Am\\u00e9rica do Sul, a atleta \\u00e9 a vice-campe\\u00e3 do evento pelo segundo ano consecutivo. T\\u00e1bata, que disputou na categoria \\u201cWellness Fitness at\\u00e9 1,68cm\\u201d, subiu ao palco na\",\"inLanguage\":\"pt-BR\",\"isPartOf\":{\"@id\":\"https:\\\/\\\/anoticiaonline.com.br\\\/site\\\/#website\"},\"breadcrumb\":{\"@id\":\"https:\\\/\\\/anoticiaonline.com.br\\\/site\\\/tabata-couri-e-vice-campea-do-arnold-classic-pelo-segundo-ano-consecutivo\\\/#breadcrumblist\"},\"author\":{\"@id\":\"https:\\\/\\\/anoticiaonline.com.br\\\/site\\\/author\\\/juliana\\\/#author\"},\"creator\":{\"@id\":\"https:\\\/\\\/anoticiaonline.com.br\\\/site\\\/author\\\/juliana\\\/#author\"},\"image\":{\"@type\":\"ImageObject\",\"url\":\"https:\\\/\\\/anoticiaonline.com.br\\\/site\\\/wp-content\\\/uploads\\\/2017\\\/04\\\/T\\u00e1bata-Couri-\\u00e9-vice-campe\\u00e3-do-\\u201cArnold-Classic\\u201d-pelo-segundo-ano-consecutivo.jpg\",\"@id\":\"https:\\\/\\\/anoticiaonline.com.br\\\/site\\\/tabata-couri-e-vice-campea-do-arnold-classic-pelo-segundo-ano-consecutivo\\\/#mainImage\",\"width\":600,\"height\":520,\"caption\":\"Tabata Couri foi vice-cempe\\u00e3 na categoria \\u201cWellness Fitness at\\u00e9 1,68cm\\u201d (Foto: Arquivo pessoal\\\/Instagram)\"},\"primaryImageOfPage\":{\"@id\":\"https:\\\/\\\/anoticiaonline.com.br\\\/site\\\/tabata-couri-e-vice-campea-do-arnold-classic-pelo-segundo-ano-consecutivo\\\/#mainImage\"},\"datePublished\":\"2017-04-24T17:25:20-03:00\",\"dateModified\":\"2017-04-27T20:22:33-03:00\"},{\"@type\":\"WebSite\",\"@id\":\"https:\\\/\\\/anoticiaonline.com.br\\\/site\\\/#website\",\"url\":\"https:\\\/\\\/anoticiaonline.com.br\\\/site\\\/\",\"name\":\"A Not\\u00edcia Online\",\"description\":\"Noticias de Muria\\u00e9 e regi\\u00e3o\",\"inLanguage\":\"pt-BR\",\"publisher\":{\"@id\":\"https:\\\/\\\/anoticiaonline.com.br\\\/site\\\/#organization\"}}]}\n\t\t<\/script>\n\t\t<!-- All in One SEO -->\n\n","aioseo_head_json":{"title":"T\u00e1bata Couri \u00e9 vice-campe\u00e3 do \u201cArnold Classic\u201d pelo segundo ano consecutivo - A Not\u00edcia Online","description":"A muriaeense T\u00e1bata Couri se destacou mais uma vez no \u201cArnold Classic South America\u201d, um dos maiores eventos multiesportivos do mundo. Competindo com fisiculturistas de v\u00e1rios pa\u00edses da Am\u00e9rica do Sul, a atleta \u00e9 a vice-campe\u00e3 do evento pelo segundo ano consecutivo. T\u00e1bata, que disputou na categoria \u201cWellness Fitness at\u00e9 1,68cm\u201d, subiu ao palco na","canonical_url":"https:\/\/anoticiaonline.com.br\/site\/tabata-couri-e-vice-campea-do-arnold-classic-pelo-segundo-ano-consecutivo\/","robots":"max-image-preview:large","keywords":"","webmasterTools":{"miscellaneous":""},"schema":{"@context":"https:\/\/schema.org","@graph":[{"@type":"BlogPosting","@id":"https:\/\/anoticiaonline.com.br\/site\/tabata-couri-e-vice-campea-do-arnold-classic-pelo-segundo-ano-consecutivo\/#blogposting","name":"T\u00e1bata Couri \u00e9 vice-campe\u00e3 do \u201cArnold Classic\u201d pelo segundo ano consecutivo - A Not\u00edcia Online","headline":"T\u00e1bata Couri \u00e9 vice-campe\u00e3 do \u201cArnold Classic\u201d pelo segundo ano consecutivo","author":{"@id":"https:\/\/anoticiaonline.com.br\/site\/author\/juliana\/#author"},"publisher":{"@id":"https:\/\/anoticiaonline.com.br\/site\/#organization"},"image":{"@type":"ImageObject","url":"https:\/\/anoticiaonline.com.br\/site\/wp-content\/uploads\/2017\/04\/T\u00e1bata-Couri-\u00e9-vice-campe\u00e3-do-\u201cArnold-Classic\u201d-pelo-segundo-ano-consecutivo.jpg","width":600,"height":520,"caption":"Tabata Couri foi vice-cempe\u00e3 na categoria \u201cWellness Fitness at\u00e9 1,68cm\u201d (Foto: Arquivo pessoal\/Instagram)"},"datePublished":"2017-04-24T17:25:20-03:00","dateModified":"2017-04-27T20:22:33-03:00","inLanguage":"pt-BR","mainEntityOfPage":{"@id":"https:\/\/anoticiaonline.com.br\/site\/tabata-couri-e-vice-campea-do-arnold-classic-pelo-segundo-ano-consecutivo\/#webpage"},"isPartOf":{"@id":"https:\/\/anoticiaonline.com.br\/site\/tabata-couri-e-vice-campea-do-arnold-classic-pelo-segundo-ano-consecutivo\/#webpage"},"articleSection":"Esporte, slide"},{"@type":"BreadcrumbList","@id":"https:\/\/anoticiaonline.com.br\/site\/tabata-couri-e-vice-campea-do-arnold-classic-pelo-segundo-ano-consecutivo\/#breadcrumblist","itemListElement":[{"@type":"ListItem","@id":"https:\/\/anoticiaonline.com.br\/site#listItem","position":1,"name":"Home","item":"https:\/\/anoticiaonline.com.br\/site","nextItem":{"@type":"ListItem","@id":"https:\/\/anoticiaonline.com.br\/site\/categoria\/esporte\/#listItem","name":"Esporte"}},{"@type":"ListItem","@id":"https:\/\/anoticiaonline.com.br\/site\/categoria\/esporte\/#listItem","position":2,"name":"Esporte","item":"https:\/\/anoticiaonline.com.br\/site\/categoria\/esporte\/","nextItem":{"@type":"ListItem","@id":"https:\/\/anoticiaonline.com.br\/site\/tabata-couri-e-vice-campea-do-arnold-classic-pelo-segundo-ano-consecutivo\/#listItem","name":"T\u00e1bata Couri \u00e9 vice-campe\u00e3 do \u201cArnold Classic\u201d pelo segundo ano consecutivo"},"previousItem":{"@type":"ListItem","@id":"https:\/\/anoticiaonline.com.br\/site#listItem","name":"Home"}},{"@type":"ListItem","@id":"https:\/\/anoticiaonline.com.br\/site\/tabata-couri-e-vice-campea-do-arnold-classic-pelo-segundo-ano-consecutivo\/#listItem","position":3,"name":"T\u00e1bata Couri \u00e9 vice-campe\u00e3 do \u201cArnold Classic\u201d pelo segundo ano consecutivo","previousItem":{"@type":"ListItem","@id":"https:\/\/anoticiaonline.com.br\/site\/categoria\/esporte\/#listItem","name":"Esporte"}}]},{"@type":"Organization","@id":"https:\/\/anoticiaonline.com.br\/site\/#organization","name":"A Not\u00edcia Online","description":"Noticias de Muria\u00e9 e regi\u00e3o","url":"https:\/\/anoticiaonline.com.br\/site\/","logo":{"@type":"ImageObject","url":"https:\/\/scontent-gig4-1.xx.fbcdn.net\/v\/t39.30808-1\/270437624_4564083193639691_6907940295614233970_n.jpg?stp=dst-jpg_s200x200_tt6&_nc_cat=111&ccb=1-7&_nc_sid=f907e8&_nc_ohc=SM1wRlP3lJwQ7kNvwEPuBYA&_nc_oc=AdnqrjDN_BNjSSHWO-GbkIWH6fkGMLw4bqvL_NH6e2wMveX7G-rP2dAqsDSq1mJMOaY&_nc_zt=24&_nc_ht=scontent-gig4-1.xx&_nc_gid=AoBFJeGrT1hVaew_6rchkQ&oh=00_AfX7QmFGhQhG2jAllVgXCiM1ZrWgvtp80-Bfppyexh1QEg&oe=689E923C","@id":"https:\/\/anoticiaonline.com.br\/site\/tabata-couri-e-vice-campea-do-arnold-classic-pelo-segundo-ano-consecutivo\/#organizationLogo"},"image":{"@id":"https:\/\/anoticiaonline.com.br\/site\/tabata-couri-e-vice-campea-do-arnold-classic-pelo-segundo-ano-consecutivo\/#organizationLogo"}},{"@type":"Person","@id":"https:\/\/anoticiaonline.com.br\/site\/author\/juliana\/#author","url":"https:\/\/anoticiaonline.com.br\/site\/author\/juliana\/","name":"Juliana Laviola","image":{"@type":"ImageObject","@id":"https:\/\/anoticiaonline.com.br\/site\/tabata-couri-e-vice-campea-do-arnold-classic-pelo-segundo-ano-consecutivo\/#authorImage","url":"https:\/\/secure.gravatar.com\/avatar\/b8d45f5c699b100dfaf0e543582f38f38bf94cb7ae3a5e9abf8d891a34773335?s=96&d=mm&r=g","width":96,"height":96,"caption":"Juliana Laviola"}},{"@type":"WebPage","@id":"https:\/\/anoticiaonline.com.br\/site\/tabata-couri-e-vice-campea-do-arnold-classic-pelo-segundo-ano-consecutivo\/#webpage","url":"https:\/\/anoticiaonline.com.br\/site\/tabata-couri-e-vice-campea-do-arnold-classic-pelo-segundo-ano-consecutivo\/","name":"T\u00e1bata Couri \u00e9 vice-campe\u00e3 do \u201cArnold Classic\u201d pelo segundo ano consecutivo - A Not\u00edcia Online","description":"A muriaeense T\u00e1bata Couri se destacou mais uma vez no \u201cArnold Classic South America\u201d, um dos maiores eventos multiesportivos do mundo. Competindo com fisiculturistas de v\u00e1rios pa\u00edses da Am\u00e9rica do Sul, a atleta \u00e9 a vice-campe\u00e3 do evento pelo segundo ano consecutivo. T\u00e1bata, que disputou na categoria \u201cWellness Fitness at\u00e9 1,68cm\u201d, subiu ao palco na","inLanguage":"pt-BR","isPartOf":{"@id":"https:\/\/anoticiaonline.com.br\/site\/#website"},"breadcrumb":{"@id":"https:\/\/anoticiaonline.com.br\/site\/tabata-couri-e-vice-campea-do-arnold-classic-pelo-segundo-ano-consecutivo\/#breadcrumblist"},"author":{"@id":"https:\/\/anoticiaonline.com.br\/site\/author\/juliana\/#author"},"creator":{"@id":"https:\/\/anoticiaonline.com.br\/site\/author\/juliana\/#author"},"image":{"@type":"ImageObject","url":"https:\/\/anoticiaonline.com.br\/site\/wp-content\/uploads\/2017\/04\/T\u00e1bata-Couri-\u00e9-vice-campe\u00e3-do-\u201cArnold-Classic\u201d-pelo-segundo-ano-consecutivo.jpg","@id":"https:\/\/anoticiaonline.com.br\/site\/tabata-couri-e-vice-campea-do-arnold-classic-pelo-segundo-ano-consecutivo\/#mainImage","width":600,"height":520,"caption":"Tabata Couri foi vice-cempe\u00e3 na categoria \u201cWellness Fitness at\u00e9 1,68cm\u201d (Foto: Arquivo pessoal\/Instagram)"},"primaryImageOfPage":{"@id":"https:\/\/anoticiaonline.com.br\/site\/tabata-couri-e-vice-campea-do-arnold-classic-pelo-segundo-ano-consecutivo\/#mainImage"},"datePublished":"2017-04-24T17:25:20-03:00","dateModified":"2017-04-27T20:22:33-03:00"},{"@type":"WebSite","@id":"https:\/\/anoticiaonline.com.br\/site\/#website","url":"https:\/\/anoticiaonline.com.br\/site\/","name":"A Not\u00edcia Online","description":"Noticias de Muria\u00e9 e regi\u00e3o","inLanguage":"pt-BR","publisher":{"@id":"https:\/\/anoticiaonline.com.br\/site\/#organization"}}]},"og:locale":"pt_BR","og:site_name":"A Not\u00edcia Online - Noticias de Muria\u00e9 e regi\u00e3o","og:type":"article","og:title":"T\u00e1bata Couri \u00e9 vice-campe\u00e3 do \u201cArnold Classic\u201d pelo segundo ano consecutivo - A Not\u00edcia Online","og:description":"A muriaeense T\u00e1bata Couri se destacou mais uma vez no \u201cArnold Classic South America\u201d, um dos maiores eventos multiesportivos do mundo. Competindo com fisiculturistas de v\u00e1rios pa\u00edses da Am\u00e9rica do Sul, a atleta \u00e9 a vice-campe\u00e3 do evento pelo segundo ano consecutivo. T\u00e1bata, que disputou na categoria \u201cWellness Fitness at\u00e9 1,68cm\u201d, subiu ao palco na","og:url":"https:\/\/anoticiaonline.com.br\/site\/tabata-couri-e-vice-campea-do-arnold-classic-pelo-segundo-ano-consecutivo\/","og:image":"https:\/\/scontent-gig4-1.xx.fbcdn.net\/v\/t39.30808-1\/270437624_4564083193639691_6907940295614233970_n.jpg?stp=dst-jpg_s200x200_tt6&#038;_nc_cat=111&#038;ccb=1-7&#038;_nc_sid=f907e8&#038;_nc_ohc=SM1wRlP3lJwQ7kNvwEPuBYA&#038;_nc_oc=AdnqrjDN_BNjSSHWO-GbkIWH6fkGMLw4bqvL_NH6e2wMveX7G-rP2dAqsDSq1mJMOaY&#038;_nc_zt=24&#038;_nc_ht=scontent-gig4-1.xx&#038;_nc_gid=AoBFJeGrT1hVaew_6rchkQ&#038;oh=00_AfX7QmFGhQhG2jAllVgXCiM1ZrWgvtp80-Bfppyexh1QEg&#038;oe=689E923C","og:image:secure_url":"https:\/\/scontent-gig4-1.xx.fbcdn.net\/v\/t39.30808-1\/270437624_4564083193639691_6907940295614233970_n.jpg?stp=dst-jpg_s200x200_tt6&#038;_nc_cat=111&#038;ccb=1-7&#038;_nc_sid=f907e8&#038;_nc_ohc=SM1wRlP3lJwQ7kNvwEPuBYA&#038;_nc_oc=AdnqrjDN_BNjSSHWO-GbkIWH6fkGMLw4bqvL_NH6e2wMveX7G-rP2dAqsDSq1mJMOaY&#038;_nc_zt=24&#038;_nc_ht=scontent-gig4-1.xx&#038;_nc_gid=AoBFJeGrT1hVaew_6rchkQ&#038;oh=00_AfX7QmFGhQhG2jAllVgXCiM1ZrWgvtp80-Bfppyexh1QEg&#038;oe=689E923C","article:published_time":"2017-04-24T20:25:20+00:00","article:modified_time":"2017-04-27T23:22:33+00:00","twitter:card":"summary_large_image","twitter:title":"T\u00e1bata Couri \u00e9 vice-campe\u00e3 do \u201cArnold Classic\u201d pelo segundo ano consecutivo - A Not\u00edcia Online","twitter:description":"A muriaeense T\u00e1bata Couri se destacou mais uma vez no \u201cArnold Classic South America\u201d, um dos maiores eventos multiesportivos do mundo. Competindo com fisiculturistas de v\u00e1rios pa\u00edses da Am\u00e9rica do Sul, a atleta \u00e9 a vice-campe\u00e3 do evento pelo segundo ano consecutivo. T\u00e1bata, que disputou na categoria \u201cWellness Fitness at\u00e9 1,68cm\u201d, subiu ao palco na","twitter:image":"https:\/\/scontent-gig4-1.xx.fbcdn.net\/v\/t39.30808-1\/270437624_4564083193639691_6907940295614233970_n.jpg?stp=dst-jpg_s200x200_tt6&_nc_cat=111&ccb=1-7&_nc_sid=f907e8&_nc_ohc=SM1wRlP3lJwQ7kNvwEPuBYA&_nc_oc=AdnqrjDN_BNjSSHWO-GbkIWH6fkGMLw4bqvL_NH6e2wMveX7G-rP2dAqsDSq1mJMOaY&_nc_zt=24&_nc_ht=scontent-gig4-1.xx&_nc_gid=AoBFJeGrT1hVaew_6rchkQ&oh=00_AfX7QmFGhQhG2jAllVgXCiM1ZrWgvtp80-Bfppyexh1QEg&oe=689E923C"},"aioseo_meta_data":{"post_id":"28342","title":null,"description":null,"keywords":null,"keyphrases":null,"primary_term":null,"canonical_url":null,"og_title":null,"og_description":null,"og_object_type":"default","og_image_type":"default","og_image_url":null,"og_image_width":null,"og_image_height":null,"og_image_custom_url":null,"og_image_custom_fields":null,"og_video":null,"og_custom_url":null,"og_article_section":null,"og_article_tags":null,"twitter_use_og":false,"twitter_card":"default","twitter_image_type":"default","twitter_image_url":null,"twitter_image_custom_url":null,"twitter_image_custom_fields":null,"twitter_title":null,"twitter_description":null,"schema":{"blockGraphs":[],"customGraphs":[],"default":{"data":{"Article":[],"Course":[],"Dataset":[],"FAQPage":[],"Movie":[],"Person":[],"Product":[],"ProductReview":[],"Car":[],"Recipe":[],"Service":[],"SoftwareApplication":[],"WebPage":[]},"graphName":"","isEnabled":true},"graphs":[]},"schema_type":"default","schema_type_options":null,"pillar_content":false,"robots_default":true,"robots_noindex":false,"robots_noarchive":false,"robots_nosnippet":false,"robots_nofollow":false,"robots_noimageindex":false,"robots_noodp":false,"robots_notranslate":false,"robots_max_snippet":null,"robots_max_videopreview":null,"robots_max_imagepreview":"large","priority":null,"frequency":null,"local_seo":null,"breadcrumb_settings":null,"limit_modified_date":false,"ai":null,"created":"2025-08-16 18:15:47","updated":"2025-08-16 18:15:47","focus_keyword":null,"additional_keywords":null,"truseo_locale":null,"seo_analyzer_scan_date":null},"aioseo_breadcrumb":"<div class=\"aioseo-breadcrumbs\"><span class=\"aioseo-breadcrumb\">\n\t\t\t<a href=\"https:\/\/anoticiaonline.com.br\/site\" title=\"Home\">Home<\/a>\n\t\t<\/span><span class=\"aioseo-breadcrumb-separator\">&raquo;<\/span><span class=\"aioseo-breadcrumb\">\n\t\t\t<a href=\"https:\/\/anoticiaonline.com.br\/site\/categoria\/esporte\/\" title=\"Esporte\">Esporte<\/a>\n\t\t<\/span><span class=\"aioseo-breadcrumb-separator\">&raquo;<\/span><span class=\"aioseo-breadcrumb\">\n\t\t\tT\u00e1bata Couri \u00e9 vice-campe\u00e3 do \u201cArnold Classic\u201d pelo segundo ano consecutivo\n\t\t<\/span><\/div>","aioseo_breadcrumb_json":[{"label":"Home","link":"https:\/\/anoticiaonline.com.br\/site"},{"label":"Esporte","link":"https:\/\/anoticiaonline.com.br\/site\/categoria\/esporte\/"},{"label":"T\u00e1bata Couri \u00e9 vice-campe\u00e3 do \u201cArnold Classic\u201d pelo segundo ano consecutivo","link":"https:\/\/anoticiaonline.com.br\/site\/tabata-couri-e-vice-campea-do-arnold-classic-pelo-segundo-ano-consecutivo\/"}],"views":151,"_links":{"self":[{"href":"https:\/\/anoticiaonline.com.br\/site\/wp-json\/wp\/v2\/posts\/28342","targetHints":{"allow":["GET"]}}],"collection":[{"href":"https:\/\/anoticiaonline.com.br\/site\/wp-json\/wp\/v2\/posts"}],"about":[{"href":"https:\/\/anoticiaonline.com.br\/site\/wp-json\/wp\/v2\/types\/post"}],"author":[{"embeddable":true,"href":"https:\/\/anoticiaonline.com.br\/site\/wp-json\/wp\/v2\/users\/2"}],"replies":[{"embeddable":true,"href":"https:\/\/anoticiaonline.com.br\/site\/wp-json\/wp\/v2\/comments?post=28342"}],"version-history":[{"count":0,"href":"https:\/\/anoticiaonline.com.br\/site\/wp-json\/wp\/v2\/posts\/28342\/revisions"}],"wp:featuredmedia":[{"embeddable":true,"href":"https:\/\/anoticiaonline.com.br\/site\/wp-json\/wp\/v2\/media\/28343"}],"wp:attachment":[{"href":"https:\/\/anoticiaonline.com.br\/site\/wp-json\/wp\/v2\/media?parent=28342"}],"wp:term":[{"taxonomy":"category","embeddable":true,"href":"https:\/\/anoticiaonline.com.br\/site\/wp-json\/wp\/v2\/categories?post=28342"},{"taxonomy":"post_tag","embeddable":true,"href":"https:\/\/anoticiaonline.com.br\/site\/wp-json\/wp\/v2\/tags?post=28342"}],"curies":[{"name":"wp","href":"https:\/\/api.w.org\/{rel}","templated":true}]}}