{"id":28321,"date":"2017-04-19T20:10:46","date_gmt":"2017-04-19T23:10:46","guid":{"rendered":"http:\/\/anoticiaonline.com.br\/site\/?p=28321"},"modified":"2017-04-19T20:10:46","modified_gmt":"2017-04-19T23:10:46","slug":"atraves-de-convenio-muriae-podera-ter-cursos-da-ufjf","status":"publish","type":"post","link":"https:\/\/anoticiaonline.com.br\/site\/atraves-de-convenio-muriae-podera-ter-cursos-da-ufjf\/","title":{"rendered":"Atrav\u00e9s de conv\u00eanio, Muria\u00e9 poder\u00e1 ter cursos da UFJF"},"content":{"rendered":"<p><a href=\"https:\/\/anoticiaonline.com.br\/site\/wp-content\/uploads\/2017\/04\/20170418115003_540.jpg\"><img fetchpriority=\"high\" decoding=\"async\" class=\" size-medium wp-image-28322 alignleft\" src=\"https:\/\/anoticiaonline.com.br\/site\/wp-content\/uploads\/2017\/04\/20170418115003_540-300x225.jpg\" alt=\"20170418115003_540\" width=\"300\" height=\"225\" srcset=\"https:\/\/anoticiaonline.com.br\/site\/wp-content\/uploads\/2017\/04\/20170418115003_540-300x225.jpg 300w, https:\/\/anoticiaonline.com.br\/site\/wp-content\/uploads\/2017\/04\/20170418115003_540.jpg 640w\" sizes=\"(max-width: 300px) 100vw, 300px\" \/><\/a>Muria\u00e9 poder\u00e1 receber um polo da Universidade Federal de Juiz de Fora (UFJF). A negocia\u00e7\u00e3o vem sendo feita entre a institui\u00e7\u00e3o e a Prefeitura de Muria\u00e9, para oferecer cursos gratuitos de gradua\u00e7\u00e3o e p\u00f3s-gradua\u00e7\u00e3o pela modalidade de ensino a dist\u00e2ncia, gerando oportunidade de qualifica\u00e7\u00e3o e amplia\u00e7\u00e3o de conhecimentos aos muriaeenses.<\/p>\n<p>Na \u00faltima semana, os secret\u00e1rios de Desenvolvimento Econ\u00f4mico e de Educa\u00e7\u00e3o, Carlos Magno de Oliveira e Maria da Concei\u00e7\u00e3o Rodrigues, estiveram em Juiz de Fora reunidos com diretores do Centro de Educa\u00e7\u00e3o a Dist\u00e2ncia da UFJF. Foi apresentado o projeto para cria\u00e7\u00e3o do polo em Muria\u00e9, possivelmente na Escola Municipal Gilberto Jos\u00e9 Tanus Braz, localizada no bairro Jo\u00e3o XXIII. A pr\u00f3xima etapa \u00e9 a visita t\u00e9cnica da UFJF ao local proposto pela Prefeitura, a fim de verificar a adequa\u00e7\u00e3o \u00e0 finalidade.<\/p>\n<p>Paralelamente, a Prefeitura j\u00e1 trabalha no levantamento pr\u00e9vio do n\u00famero de alunos interessados nos cursos que, inicialmente, foram colocados \u00e0 disposi\u00e7\u00e3o pela UFJF para interessados da cidade e regi\u00e3o. Os cursos de gradua\u00e7\u00e3o s\u00e3o: Bacharelado em Administra\u00e7\u00e3o P\u00fablica, Licenciatura em Computa\u00e7\u00e3o e Licenciatura em Pedagogia. De p\u00f3s-gradua\u00e7\u00e3o s\u00e3o: Esportes e Atividades F\u00edsicas Inclusivas para Pessoas com Defici\u00eancia, Gest\u00e3o P\u00fablica, Gest\u00e3o P\u00fablica de Organiza\u00e7\u00f5es de Sa\u00fade, Gest\u00e3o P\u00fablica Municipal e M\u00eddias na Educa\u00e7\u00e3o. A pr\u00e9-inscri\u00e7\u00e3o \u00e9 gratuita e deve ser feita at\u00e9 o dia 28 de abril, exclusivamente pela internet, atrav\u00e9s do site http:\/\/bit.ly\/2ok9aIy.<\/p>\n","protected":false},"excerpt":{"rendered":"<p>Muria\u00e9 poder\u00e1 receber um polo da Universidade Federal de Juiz de Fora (UFJF). A negocia\u00e7\u00e3o vem sendo feita entre a institui\u00e7\u00e3o e a Prefeitura de Muria\u00e9, para oferecer cursos gratuitos de gradua\u00e7\u00e3o e p\u00f3s-gradua\u00e7\u00e3o pela modalidade de ensino a dist\u00e2ncia, gerando oportunidade de qualifica\u00e7\u00e3o e amplia\u00e7\u00e3o de conhecimentos aos muriaeenses. Na \u00faltima semana, os secret\u00e1rios &#8230; <a title=\"Atrav\u00e9s de conv\u00eanio, Muria\u00e9 poder\u00e1 ter cursos da UFJF\" class=\"read-more\" href=\"https:\/\/anoticiaonline.com.br\/site\/atraves-de-convenio-muriae-podera-ter-cursos-da-ufjf\/\" aria-label=\"Read more about Atrav\u00e9s de conv\u00eanio, Muria\u00e9 poder\u00e1 ter cursos da UFJF\">Ler mais<\/a><\/p>\n","protected":false},"author":2,"featured_media":28322,"comment_status":"open","ping_status":"open","sticky":false,"template":"","format":"standard","meta":{"_acf_changed":false,"_monsterinsights_skip_tracking":false,"footnotes":""},"categories":[30],"tags":[3],"class_list":["post-28321","post","type-post","status-publish","format-standard","has-post-thumbnail","hentry","category-muriae","tag-slide"],"acf":[],"aioseo_notices":[],"aioseo_head":"\n\t\t<!-- All in One SEO 5.0.0.1 - aioseo.com -->\n\t<meta name=\"description\" content=\"Muria\u00e9 poder\u00e1 receber um polo da Universidade Federal de Juiz de Fora (UFJF). A negocia\u00e7\u00e3o vem sendo feita entre a institui\u00e7\u00e3o e a Prefeitura de Muria\u00e9, para oferecer cursos gratuitos de gradua\u00e7\u00e3o e p\u00f3s-gradua\u00e7\u00e3o pela modalidade de ensino a dist\u00e2ncia, gerando oportunidade de qualifica\u00e7\u00e3o e amplia\u00e7\u00e3o de conhecimentos aos muriaeenses. Na \u00faltima semana, os secret\u00e1rios\" \/>\n\t<meta name=\"robots\" content=\"max-image-preview:large\" \/>\n\t<meta name=\"author\" content=\"Juliana Laviola\"\/>\n\t<link rel=\"canonical\" href=\"https:\/\/anoticiaonline.com.br\/site\/atraves-de-convenio-muriae-podera-ter-cursos-da-ufjf\/\" \/>\n\t<meta name=\"generator\" content=\"All in One SEO (AIOSEO) 5.0.0.1\" \/>\n\t\t<meta property=\"og:locale\" content=\"pt_BR\" \/>\n\t\t<meta property=\"og:site_name\" content=\"A Not\u00edcia Online - Noticias de Muria\u00e9 e regi\u00e3o\" \/>\n\t\t<meta property=\"og:type\" content=\"article\" \/>\n\t\t<meta property=\"og:title\" content=\"Atrav\u00e9s de conv\u00eanio, Muria\u00e9 poder\u00e1 ter cursos da UFJF - A Not\u00edcia Online\" \/>\n\t\t<meta property=\"og:description\" content=\"Muria\u00e9 poder\u00e1 receber um polo da Universidade Federal de Juiz de Fora (UFJF). A negocia\u00e7\u00e3o vem sendo feita entre a institui\u00e7\u00e3o e a Prefeitura de Muria\u00e9, para oferecer cursos gratuitos de gradua\u00e7\u00e3o e p\u00f3s-gradua\u00e7\u00e3o pela modalidade de ensino a dist\u00e2ncia, gerando oportunidade de qualifica\u00e7\u00e3o e amplia\u00e7\u00e3o de conhecimentos aos muriaeenses. Na \u00faltima semana, os secret\u00e1rios\" \/>\n\t\t<meta property=\"og:url\" content=\"https:\/\/anoticiaonline.com.br\/site\/atraves-de-convenio-muriae-podera-ter-cursos-da-ufjf\/\" \/>\n\t\t<meta property=\"og:image\" content=\"https:\/\/scontent-gig4-1.xx.fbcdn.net\/v\/t39.30808-1\/270437624_4564083193639691_6907940295614233970_n.jpg?stp=dst-jpg_s200x200_tt6&#038;_nc_cat=111&#038;ccb=1-7&#038;_nc_sid=f907e8&#038;_nc_ohc=SM1wRlP3lJwQ7kNvwEPuBYA&#038;_nc_oc=AdnqrjDN_BNjSSHWO-GbkIWH6fkGMLw4bqvL_NH6e2wMveX7G-rP2dAqsDSq1mJMOaY&#038;_nc_zt=24&#038;_nc_ht=scontent-gig4-1.xx&#038;_nc_gid=AoBFJeGrT1hVaew_6rchkQ&#038;oh=00_AfX7QmFGhQhG2jAllVgXCiM1ZrWgvtp80-Bfppyexh1QEg&#038;oe=689E923C\" \/>\n\t\t<meta property=\"og:image:secure_url\" content=\"https:\/\/scontent-gig4-1.xx.fbcdn.net\/v\/t39.30808-1\/270437624_4564083193639691_6907940295614233970_n.jpg?stp=dst-jpg_s200x200_tt6&#038;_nc_cat=111&#038;ccb=1-7&#038;_nc_sid=f907e8&#038;_nc_ohc=SM1wRlP3lJwQ7kNvwEPuBYA&#038;_nc_oc=AdnqrjDN_BNjSSHWO-GbkIWH6fkGMLw4bqvL_NH6e2wMveX7G-rP2dAqsDSq1mJMOaY&#038;_nc_zt=24&#038;_nc_ht=scontent-gig4-1.xx&#038;_nc_gid=AoBFJeGrT1hVaew_6rchkQ&#038;oh=00_AfX7QmFGhQhG2jAllVgXCiM1ZrWgvtp80-Bfppyexh1QEg&#038;oe=689E923C\" \/>\n\t\t<meta property=\"article:published_time\" content=\"2017-04-19T23:10:46+00:00\" \/>\n\t\t<meta property=\"article:modified_time\" content=\"2017-04-19T23:10:46+00:00\" \/>\n\t\t<meta name=\"twitter:card\" content=\"summary_large_image\" \/>\n\t\t<meta name=\"twitter:title\" content=\"Atrav\u00e9s de conv\u00eanio, Muria\u00e9 poder\u00e1 ter cursos da UFJF - A Not\u00edcia Online\" \/>\n\t\t<meta name=\"twitter:description\" content=\"Muria\u00e9 poder\u00e1 receber um polo da Universidade Federal de Juiz de Fora (UFJF). A negocia\u00e7\u00e3o vem sendo feita entre a institui\u00e7\u00e3o e a Prefeitura de Muria\u00e9, para oferecer cursos gratuitos de gradua\u00e7\u00e3o e p\u00f3s-gradua\u00e7\u00e3o pela modalidade de ensino a dist\u00e2ncia, gerando oportunidade de qualifica\u00e7\u00e3o e amplia\u00e7\u00e3o de conhecimentos aos muriaeenses. Na \u00faltima semana, os secret\u00e1rios\" \/>\n\t\t<meta name=\"twitter:image\" content=\"https:\/\/scontent-gig4-1.xx.fbcdn.net\/v\/t39.30808-1\/270437624_4564083193639691_6907940295614233970_n.jpg?stp=dst-jpg_s200x200_tt6&amp;_nc_cat=111&amp;ccb=1-7&amp;_nc_sid=f907e8&amp;_nc_ohc=SM1wRlP3lJwQ7kNvwEPuBYA&amp;_nc_oc=AdnqrjDN_BNjSSHWO-GbkIWH6fkGMLw4bqvL_NH6e2wMveX7G-rP2dAqsDSq1mJMOaY&amp;_nc_zt=24&amp;_nc_ht=scontent-gig4-1.xx&amp;_nc_gid=AoBFJeGrT1hVaew_6rchkQ&amp;oh=00_AfX7QmFGhQhG2jAllVgXCiM1ZrWgvtp80-Bfppyexh1QEg&amp;oe=689E923C\" \/>\n\t\t<script type=\"application\/ld+json\" class=\"aioseo-schema\">\n\t\t\t{\"@context\":\"https:\\\/\\\/schema.org\",\"@graph\":[{\"@type\":\"BlogPosting\",\"@id\":\"https:\\\/\\\/anoticiaonline.com.br\\\/site\\\/atraves-de-convenio-muriae-podera-ter-cursos-da-ufjf\\\/#blogposting\",\"name\":\"Atrav\\u00e9s de conv\\u00eanio, Muria\\u00e9 poder\\u00e1 ter cursos da UFJF - A Not\\u00edcia Online\",\"headline\":\"Atrav\\u00e9s de conv\\u00eanio, Muria\\u00e9 poder\\u00e1 ter cursos da UFJF\",\"author\":{\"@id\":\"https:\\\/\\\/anoticiaonline.com.br\\\/site\\\/author\\\/juliana\\\/#author\"},\"publisher\":{\"@id\":\"https:\\\/\\\/anoticiaonline.com.br\\\/site\\\/#organization\"},\"image\":{\"@type\":\"ImageObject\",\"url\":\"https:\\\/\\\/anoticiaonline.com.br\\\/site\\\/wp-content\\\/uploads\\\/2017\\\/04\\\/20170418115003_540.jpg\",\"width\":640,\"height\":480},\"datePublished\":\"2017-04-19T20:10:46-03:00\",\"dateModified\":\"2017-04-19T20:10:46-03:00\",\"inLanguage\":\"pt-BR\",\"commentCount\":1,\"mainEntityOfPage\":{\"@id\":\"https:\\\/\\\/anoticiaonline.com.br\\\/site\\\/atraves-de-convenio-muriae-podera-ter-cursos-da-ufjf\\\/#webpage\"},\"isPartOf\":{\"@id\":\"https:\\\/\\\/anoticiaonline.com.br\\\/site\\\/atraves-de-convenio-muriae-podera-ter-cursos-da-ufjf\\\/#webpage\"},\"articleSection\":\"Blog, slide\"},{\"@type\":\"BreadcrumbList\",\"@id\":\"https:\\\/\\\/anoticiaonline.com.br\\\/site\\\/atraves-de-convenio-muriae-podera-ter-cursos-da-ufjf\\\/#breadcrumblist\",\"itemListElement\":[{\"@type\":\"ListItem\",\"@id\":\"https:\\\/\\\/anoticiaonline.com.br\\\/site#listItem\",\"position\":1,\"name\":\"Home\",\"item\":\"https:\\\/\\\/anoticiaonline.com.br\\\/site\",\"nextItem\":{\"@type\":\"ListItem\",\"@id\":\"https:\\\/\\\/anoticiaonline.com.br\\\/site\\\/categoria\\\/muriae\\\/#listItem\",\"name\":\"Blog\"}},{\"@type\":\"ListItem\",\"@id\":\"https:\\\/\\\/anoticiaonline.com.br\\\/site\\\/categoria\\\/muriae\\\/#listItem\",\"position\":2,\"name\":\"Blog\",\"item\":\"https:\\\/\\\/anoticiaonline.com.br\\\/site\\\/categoria\\\/muriae\\\/\",\"nextItem\":{\"@type\":\"ListItem\",\"@id\":\"https:\\\/\\\/anoticiaonline.com.br\\\/site\\\/atraves-de-convenio-muriae-podera-ter-cursos-da-ufjf\\\/#listItem\",\"name\":\"Atrav\\u00e9s de conv\\u00eanio, Muria\\u00e9 poder\\u00e1 ter cursos da UFJF\"},\"previousItem\":{\"@type\":\"ListItem\",\"@id\":\"https:\\\/\\\/anoticiaonline.com.br\\\/site#listItem\",\"name\":\"Home\"}},{\"@type\":\"ListItem\",\"@id\":\"https:\\\/\\\/anoticiaonline.com.br\\\/site\\\/atraves-de-convenio-muriae-podera-ter-cursos-da-ufjf\\\/#listItem\",\"position\":3,\"name\":\"Atrav\\u00e9s de conv\\u00eanio, Muria\\u00e9 poder\\u00e1 ter cursos da UFJF\",\"previousItem\":{\"@type\":\"ListItem\",\"@id\":\"https:\\\/\\\/anoticiaonline.com.br\\\/site\\\/categoria\\\/muriae\\\/#listItem\",\"name\":\"Blog\"}}]},{\"@type\":\"Organization\",\"@id\":\"https:\\\/\\\/anoticiaonline.com.br\\\/site\\\/#organization\",\"name\":\"A Not\\u00edcia Online\",\"description\":\"Noticias de Muria\\u00e9 e regi\\u00e3o\",\"url\":\"https:\\\/\\\/anoticiaonline.com.br\\\/site\\\/\",\"logo\":{\"@type\":\"ImageObject\",\"url\":\"https:\\\/\\\/scontent-gig4-1.xx.fbcdn.net\\\/v\\\/t39.30808-1\\\/270437624_4564083193639691_6907940295614233970_n.jpg?stp=dst-jpg_s200x200_tt6&_nc_cat=111&ccb=1-7&_nc_sid=f907e8&_nc_ohc=SM1wRlP3lJwQ7kNvwEPuBYA&_nc_oc=AdnqrjDN_BNjSSHWO-GbkIWH6fkGMLw4bqvL_NH6e2wMveX7G-rP2dAqsDSq1mJMOaY&_nc_zt=24&_nc_ht=scontent-gig4-1.xx&_nc_gid=AoBFJeGrT1hVaew_6rchkQ&oh=00_AfX7QmFGhQhG2jAllVgXCiM1ZrWgvtp80-Bfppyexh1QEg&oe=689E923C\",\"@id\":\"https:\\\/\\\/anoticiaonline.com.br\\\/site\\\/atraves-de-convenio-muriae-podera-ter-cursos-da-ufjf\\\/#organizationLogo\"},\"image\":{\"@id\":\"https:\\\/\\\/anoticiaonline.com.br\\\/site\\\/atraves-de-convenio-muriae-podera-ter-cursos-da-ufjf\\\/#organizationLogo\"}},{\"@type\":\"Person\",\"@id\":\"https:\\\/\\\/anoticiaonline.com.br\\\/site\\\/author\\\/juliana\\\/#author\",\"url\":\"https:\\\/\\\/anoticiaonline.com.br\\\/site\\\/author\\\/juliana\\\/\",\"name\":\"Juliana Laviola\",\"image\":{\"@type\":\"ImageObject\",\"@id\":\"https:\\\/\\\/anoticiaonline.com.br\\\/site\\\/atraves-de-convenio-muriae-podera-ter-cursos-da-ufjf\\\/#authorImage\",\"url\":\"https:\\\/\\\/secure.gravatar.com\\\/avatar\\\/b8d45f5c699b100dfaf0e543582f38f38bf94cb7ae3a5e9abf8d891a34773335?s=96&d=mm&r=g\",\"width\":96,\"height\":96,\"caption\":\"Juliana Laviola\"}},{\"@type\":\"WebPage\",\"@id\":\"https:\\\/\\\/anoticiaonline.com.br\\\/site\\\/atraves-de-convenio-muriae-podera-ter-cursos-da-ufjf\\\/#webpage\",\"url\":\"https:\\\/\\\/anoticiaonline.com.br\\\/site\\\/atraves-de-convenio-muriae-podera-ter-cursos-da-ufjf\\\/\",\"name\":\"Atrav\\u00e9s de conv\\u00eanio, Muria\\u00e9 poder\\u00e1 ter cursos da UFJF - A Not\\u00edcia Online\",\"description\":\"Muria\\u00e9 poder\\u00e1 receber um polo da Universidade Federal de Juiz de Fora (UFJF). A negocia\\u00e7\\u00e3o vem sendo feita entre a institui\\u00e7\\u00e3o e a Prefeitura de Muria\\u00e9, para oferecer cursos gratuitos de gradua\\u00e7\\u00e3o e p\\u00f3s-gradua\\u00e7\\u00e3o pela modalidade de ensino a dist\\u00e2ncia, gerando oportunidade de qualifica\\u00e7\\u00e3o e amplia\\u00e7\\u00e3o de conhecimentos aos muriaeenses. Na \\u00faltima semana, os secret\\u00e1rios\",\"inLanguage\":\"pt-BR\",\"isPartOf\":{\"@id\":\"https:\\\/\\\/anoticiaonline.com.br\\\/site\\\/#website\"},\"breadcrumb\":{\"@id\":\"https:\\\/\\\/anoticiaonline.com.br\\\/site\\\/atraves-de-convenio-muriae-podera-ter-cursos-da-ufjf\\\/#breadcrumblist\"},\"author\":{\"@id\":\"https:\\\/\\\/anoticiaonline.com.br\\\/site\\\/author\\\/juliana\\\/#author\"},\"creator\":{\"@id\":\"https:\\\/\\\/anoticiaonline.com.br\\\/site\\\/author\\\/juliana\\\/#author\"},\"image\":{\"@type\":\"ImageObject\",\"url\":\"https:\\\/\\\/anoticiaonline.com.br\\\/site\\\/wp-content\\\/uploads\\\/2017\\\/04\\\/20170418115003_540.jpg\",\"@id\":\"https:\\\/\\\/anoticiaonline.com.br\\\/site\\\/atraves-de-convenio-muriae-podera-ter-cursos-da-ufjf\\\/#mainImage\",\"width\":640,\"height\":480},\"primaryImageOfPage\":{\"@id\":\"https:\\\/\\\/anoticiaonline.com.br\\\/site\\\/atraves-de-convenio-muriae-podera-ter-cursos-da-ufjf\\\/#mainImage\"},\"datePublished\":\"2017-04-19T20:10:46-03:00\",\"dateModified\":\"2017-04-19T20:10:46-03:00\"},{\"@type\":\"WebSite\",\"@id\":\"https:\\\/\\\/anoticiaonline.com.br\\\/site\\\/#website\",\"url\":\"https:\\\/\\\/anoticiaonline.com.br\\\/site\\\/\",\"name\":\"A Not\\u00edcia Online\",\"description\":\"Noticias de Muria\\u00e9 e regi\\u00e3o\",\"inLanguage\":\"pt-BR\",\"publisher\":{\"@id\":\"https:\\\/\\\/anoticiaonline.com.br\\\/site\\\/#organization\"}}]}\n\t\t<\/script>\n\t\t<!-- All in One SEO -->\n\n","aioseo_head_json":{"title":"Atrav\u00e9s de conv\u00eanio, Muria\u00e9 poder\u00e1 ter cursos da UFJF - A Not\u00edcia Online","description":"Muria\u00e9 poder\u00e1 receber um polo da Universidade Federal de Juiz de Fora (UFJF). A negocia\u00e7\u00e3o vem sendo feita entre a institui\u00e7\u00e3o e a Prefeitura de Muria\u00e9, para oferecer cursos gratuitos de gradua\u00e7\u00e3o e p\u00f3s-gradua\u00e7\u00e3o pela modalidade de ensino a dist\u00e2ncia, gerando oportunidade de qualifica\u00e7\u00e3o e amplia\u00e7\u00e3o de conhecimentos aos muriaeenses. Na \u00faltima semana, os secret\u00e1rios","canonical_url":"https:\/\/anoticiaonline.com.br\/site\/atraves-de-convenio-muriae-podera-ter-cursos-da-ufjf\/","robots":"max-image-preview:large","keywords":"","webmasterTools":{"miscellaneous":""},"schema":{"@context":"https:\/\/schema.org","@graph":[{"@type":"BlogPosting","@id":"https:\/\/anoticiaonline.com.br\/site\/atraves-de-convenio-muriae-podera-ter-cursos-da-ufjf\/#blogposting","name":"Atrav\u00e9s de conv\u00eanio, Muria\u00e9 poder\u00e1 ter cursos da UFJF - A Not\u00edcia Online","headline":"Atrav\u00e9s de conv\u00eanio, Muria\u00e9 poder\u00e1 ter cursos da UFJF","author":{"@id":"https:\/\/anoticiaonline.com.br\/site\/author\/juliana\/#author"},"publisher":{"@id":"https:\/\/anoticiaonline.com.br\/site\/#organization"},"image":{"@type":"ImageObject","url":"https:\/\/anoticiaonline.com.br\/site\/wp-content\/uploads\/2017\/04\/20170418115003_540.jpg","width":640,"height":480},"datePublished":"2017-04-19T20:10:46-03:00","dateModified":"2017-04-19T20:10:46-03:00","inLanguage":"pt-BR","commentCount":1,"mainEntityOfPage":{"@id":"https:\/\/anoticiaonline.com.br\/site\/atraves-de-convenio-muriae-podera-ter-cursos-da-ufjf\/#webpage"},"isPartOf":{"@id":"https:\/\/anoticiaonline.com.br\/site\/atraves-de-convenio-muriae-podera-ter-cursos-da-ufjf\/#webpage"},"articleSection":"Blog, slide"},{"@type":"BreadcrumbList","@id":"https:\/\/anoticiaonline.com.br\/site\/atraves-de-convenio-muriae-podera-ter-cursos-da-ufjf\/#breadcrumblist","itemListElement":[{"@type":"ListItem","@id":"https:\/\/anoticiaonline.com.br\/site#listItem","position":1,"name":"Home","item":"https:\/\/anoticiaonline.com.br\/site","nextItem":{"@type":"ListItem","@id":"https:\/\/anoticiaonline.com.br\/site\/categoria\/muriae\/#listItem","name":"Blog"}},{"@type":"ListItem","@id":"https:\/\/anoticiaonline.com.br\/site\/categoria\/muriae\/#listItem","position":2,"name":"Blog","item":"https:\/\/anoticiaonline.com.br\/site\/categoria\/muriae\/","nextItem":{"@type":"ListItem","@id":"https:\/\/anoticiaonline.com.br\/site\/atraves-de-convenio-muriae-podera-ter-cursos-da-ufjf\/#listItem","name":"Atrav\u00e9s de conv\u00eanio, Muria\u00e9 poder\u00e1 ter cursos da UFJF"},"previousItem":{"@type":"ListItem","@id":"https:\/\/anoticiaonline.com.br\/site#listItem","name":"Home"}},{"@type":"ListItem","@id":"https:\/\/anoticiaonline.com.br\/site\/atraves-de-convenio-muriae-podera-ter-cursos-da-ufjf\/#listItem","position":3,"name":"Atrav\u00e9s de conv\u00eanio, Muria\u00e9 poder\u00e1 ter cursos da UFJF","previousItem":{"@type":"ListItem","@id":"https:\/\/anoticiaonline.com.br\/site\/categoria\/muriae\/#listItem","name":"Blog"}}]},{"@type":"Organization","@id":"https:\/\/anoticiaonline.com.br\/site\/#organization","name":"A Not\u00edcia Online","description":"Noticias de Muria\u00e9 e regi\u00e3o","url":"https:\/\/anoticiaonline.com.br\/site\/","logo":{"@type":"ImageObject","url":"https:\/\/scontent-gig4-1.xx.fbcdn.net\/v\/t39.30808-1\/270437624_4564083193639691_6907940295614233970_n.jpg?stp=dst-jpg_s200x200_tt6&_nc_cat=111&ccb=1-7&_nc_sid=f907e8&_nc_ohc=SM1wRlP3lJwQ7kNvwEPuBYA&_nc_oc=AdnqrjDN_BNjSSHWO-GbkIWH6fkGMLw4bqvL_NH6e2wMveX7G-rP2dAqsDSq1mJMOaY&_nc_zt=24&_nc_ht=scontent-gig4-1.xx&_nc_gid=AoBFJeGrT1hVaew_6rchkQ&oh=00_AfX7QmFGhQhG2jAllVgXCiM1ZrWgvtp80-Bfppyexh1QEg&oe=689E923C","@id":"https:\/\/anoticiaonline.com.br\/site\/atraves-de-convenio-muriae-podera-ter-cursos-da-ufjf\/#organizationLogo"},"image":{"@id":"https:\/\/anoticiaonline.com.br\/site\/atraves-de-convenio-muriae-podera-ter-cursos-da-ufjf\/#organizationLogo"}},{"@type":"Person","@id":"https:\/\/anoticiaonline.com.br\/site\/author\/juliana\/#author","url":"https:\/\/anoticiaonline.com.br\/site\/author\/juliana\/","name":"Juliana Laviola","image":{"@type":"ImageObject","@id":"https:\/\/anoticiaonline.com.br\/site\/atraves-de-convenio-muriae-podera-ter-cursos-da-ufjf\/#authorImage","url":"https:\/\/secure.gravatar.com\/avatar\/b8d45f5c699b100dfaf0e543582f38f38bf94cb7ae3a5e9abf8d891a34773335?s=96&d=mm&r=g","width":96,"height":96,"caption":"Juliana Laviola"}},{"@type":"WebPage","@id":"https:\/\/anoticiaonline.com.br\/site\/atraves-de-convenio-muriae-podera-ter-cursos-da-ufjf\/#webpage","url":"https:\/\/anoticiaonline.com.br\/site\/atraves-de-convenio-muriae-podera-ter-cursos-da-ufjf\/","name":"Atrav\u00e9s de conv\u00eanio, Muria\u00e9 poder\u00e1 ter cursos da UFJF - A Not\u00edcia Online","description":"Muria\u00e9 poder\u00e1 receber um polo da Universidade Federal de Juiz de Fora (UFJF). A negocia\u00e7\u00e3o vem sendo feita entre a institui\u00e7\u00e3o e a Prefeitura de Muria\u00e9, para oferecer cursos gratuitos de gradua\u00e7\u00e3o e p\u00f3s-gradua\u00e7\u00e3o pela modalidade de ensino a dist\u00e2ncia, gerando oportunidade de qualifica\u00e7\u00e3o e amplia\u00e7\u00e3o de conhecimentos aos muriaeenses. Na \u00faltima semana, os secret\u00e1rios","inLanguage":"pt-BR","isPartOf":{"@id":"https:\/\/anoticiaonline.com.br\/site\/#website"},"breadcrumb":{"@id":"https:\/\/anoticiaonline.com.br\/site\/atraves-de-convenio-muriae-podera-ter-cursos-da-ufjf\/#breadcrumblist"},"author":{"@id":"https:\/\/anoticiaonline.com.br\/site\/author\/juliana\/#author"},"creator":{"@id":"https:\/\/anoticiaonline.com.br\/site\/author\/juliana\/#author"},"image":{"@type":"ImageObject","url":"https:\/\/anoticiaonline.com.br\/site\/wp-content\/uploads\/2017\/04\/20170418115003_540.jpg","@id":"https:\/\/anoticiaonline.com.br\/site\/atraves-de-convenio-muriae-podera-ter-cursos-da-ufjf\/#mainImage","width":640,"height":480},"primaryImageOfPage":{"@id":"https:\/\/anoticiaonline.com.br\/site\/atraves-de-convenio-muriae-podera-ter-cursos-da-ufjf\/#mainImage"},"datePublished":"2017-04-19T20:10:46-03:00","dateModified":"2017-04-19T20:10:46-03:00"},{"@type":"WebSite","@id":"https:\/\/anoticiaonline.com.br\/site\/#website","url":"https:\/\/anoticiaonline.com.br\/site\/","name":"A Not\u00edcia Online","description":"Noticias de Muria\u00e9 e regi\u00e3o","inLanguage":"pt-BR","publisher":{"@id":"https:\/\/anoticiaonline.com.br\/site\/#organization"}}]},"og:locale":"pt_BR","og:site_name":"A Not\u00edcia Online - Noticias de Muria\u00e9 e regi\u00e3o","og:type":"article","og:title":"Atrav\u00e9s de conv\u00eanio, Muria\u00e9 poder\u00e1 ter cursos da UFJF - A Not\u00edcia Online","og:description":"Muria\u00e9 poder\u00e1 receber um polo da Universidade Federal de Juiz de Fora (UFJF). A negocia\u00e7\u00e3o vem sendo feita entre a institui\u00e7\u00e3o e a Prefeitura de Muria\u00e9, para oferecer cursos gratuitos de gradua\u00e7\u00e3o e p\u00f3s-gradua\u00e7\u00e3o pela modalidade de ensino a dist\u00e2ncia, gerando oportunidade de qualifica\u00e7\u00e3o e amplia\u00e7\u00e3o de conhecimentos aos muriaeenses. Na \u00faltima semana, os secret\u00e1rios","og:url":"https:\/\/anoticiaonline.com.br\/site\/atraves-de-convenio-muriae-podera-ter-cursos-da-ufjf\/","og:image":"https:\/\/scontent-gig4-1.xx.fbcdn.net\/v\/t39.30808-1\/270437624_4564083193639691_6907940295614233970_n.jpg?stp=dst-jpg_s200x200_tt6&#038;_nc_cat=111&#038;ccb=1-7&#038;_nc_sid=f907e8&#038;_nc_ohc=SM1wRlP3lJwQ7kNvwEPuBYA&#038;_nc_oc=AdnqrjDN_BNjSSHWO-GbkIWH6fkGMLw4bqvL_NH6e2wMveX7G-rP2dAqsDSq1mJMOaY&#038;_nc_zt=24&#038;_nc_ht=scontent-gig4-1.xx&#038;_nc_gid=AoBFJeGrT1hVaew_6rchkQ&#038;oh=00_AfX7QmFGhQhG2jAllVgXCiM1ZrWgvtp80-Bfppyexh1QEg&#038;oe=689E923C","og:image:secure_url":"https:\/\/scontent-gig4-1.xx.fbcdn.net\/v\/t39.30808-1\/270437624_4564083193639691_6907940295614233970_n.jpg?stp=dst-jpg_s200x200_tt6&#038;_nc_cat=111&#038;ccb=1-7&#038;_nc_sid=f907e8&#038;_nc_ohc=SM1wRlP3lJwQ7kNvwEPuBYA&#038;_nc_oc=AdnqrjDN_BNjSSHWO-GbkIWH6fkGMLw4bqvL_NH6e2wMveX7G-rP2dAqsDSq1mJMOaY&#038;_nc_zt=24&#038;_nc_ht=scontent-gig4-1.xx&#038;_nc_gid=AoBFJeGrT1hVaew_6rchkQ&#038;oh=00_AfX7QmFGhQhG2jAllVgXCiM1ZrWgvtp80-Bfppyexh1QEg&#038;oe=689E923C","article:published_time":"2017-04-19T23:10:46+00:00","article:modified_time":"2017-04-19T23:10:46+00:00","twitter:card":"summary_large_image","twitter:title":"Atrav\u00e9s de conv\u00eanio, Muria\u00e9 poder\u00e1 ter cursos da UFJF - A Not\u00edcia Online","twitter:description":"Muria\u00e9 poder\u00e1 receber um polo da Universidade Federal de Juiz de Fora (UFJF). A negocia\u00e7\u00e3o vem sendo feita entre a institui\u00e7\u00e3o e a Prefeitura de Muria\u00e9, para oferecer cursos gratuitos de gradua\u00e7\u00e3o e p\u00f3s-gradua\u00e7\u00e3o pela modalidade de ensino a dist\u00e2ncia, gerando oportunidade de qualifica\u00e7\u00e3o e amplia\u00e7\u00e3o de conhecimentos aos muriaeenses. Na \u00faltima semana, os secret\u00e1rios","twitter:image":"https:\/\/scontent-gig4-1.xx.fbcdn.net\/v\/t39.30808-1\/270437624_4564083193639691_6907940295614233970_n.jpg?stp=dst-jpg_s200x200_tt6&_nc_cat=111&ccb=1-7&_nc_sid=f907e8&_nc_ohc=SM1wRlP3lJwQ7kNvwEPuBYA&_nc_oc=AdnqrjDN_BNjSSHWO-GbkIWH6fkGMLw4bqvL_NH6e2wMveX7G-rP2dAqsDSq1mJMOaY&_nc_zt=24&_nc_ht=scontent-gig4-1.xx&_nc_gid=AoBFJeGrT1hVaew_6rchkQ&oh=00_AfX7QmFGhQhG2jAllVgXCiM1ZrWgvtp80-Bfppyexh1QEg&oe=689E923C"},"aioseo_meta_data":{"post_id":"28321","title":null,"description":null,"keywords":null,"keyphrases":null,"primary_term":null,"canonical_url":null,"og_title":null,"og_description":null,"og_object_type":"default","og_image_type":"default","og_image_url":null,"og_image_width":null,"og_image_height":null,"og_image_custom_url":null,"og_image_custom_fields":null,"og_video":null,"og_custom_url":null,"og_article_section":null,"og_article_tags":null,"twitter_use_og":false,"twitter_card":"default","twitter_image_type":"default","twitter_image_url":null,"twitter_image_custom_url":null,"twitter_image_custom_fields":null,"twitter_title":null,"twitter_description":null,"schema":{"blockGraphs":[],"customGraphs":[],"default":{"data":{"Article":[],"Course":[],"Dataset":[],"FAQPage":[],"Movie":[],"Person":[],"Product":[],"ProductReview":[],"Car":[],"Recipe":[],"Service":[],"SoftwareApplication":[],"WebPage":[]},"graphName":"","isEnabled":true},"graphs":[]},"schema_type":"default","schema_type_options":null,"pillar_content":false,"robots_default":true,"robots_noindex":false,"robots_noarchive":false,"robots_nosnippet":false,"robots_nofollow":false,"robots_noimageindex":false,"robots_noodp":false,"robots_notranslate":false,"robots_max_snippet":null,"robots_max_videopreview":null,"robots_max_imagepreview":"large","priority":null,"frequency":null,"local_seo":null,"breadcrumb_settings":null,"limit_modified_date":false,"ai":null,"created":"2025-08-16 18:14:41","updated":"2025-08-16 18:14:41","focus_keyword":null,"additional_keywords":null,"truseo_locale":null,"seo_analyzer_scan_date":null},"aioseo_breadcrumb":"<div class=\"aioseo-breadcrumbs\"><span class=\"aioseo-breadcrumb\">\n\t\t\t<a href=\"https:\/\/anoticiaonline.com.br\/site\" title=\"Home\">Home<\/a>\n\t\t<\/span><span class=\"aioseo-breadcrumb-separator\">&raquo;<\/span><span class=\"aioseo-breadcrumb\">\n\t\t\t<a href=\"https:\/\/anoticiaonline.com.br\/site\/categoria\/muriae\/\" title=\"Blog\">Blog<\/a>\n\t\t<\/span><span class=\"aioseo-breadcrumb-separator\">&raquo;<\/span><span class=\"aioseo-breadcrumb\">\n\t\t\tAtrav\u00e9s de conv\u00eanio, Muria\u00e9 poder\u00e1 ter cursos da UFJF\n\t\t<\/span><\/div>","aioseo_breadcrumb_json":[{"label":"Home","link":"https:\/\/anoticiaonline.com.br\/site"},{"label":"Blog","link":"https:\/\/anoticiaonline.com.br\/site\/categoria\/muriae\/"},{"label":"Atrav\u00e9s de conv\u00eanio, Muria\u00e9 poder\u00e1 ter cursos da UFJF","link":"https:\/\/anoticiaonline.com.br\/site\/atraves-de-convenio-muriae-podera-ter-cursos-da-ufjf\/"}],"views":230,"_links":{"self":[{"href":"https:\/\/anoticiaonline.com.br\/site\/wp-json\/wp\/v2\/posts\/28321","targetHints":{"allow":["GET"]}}],"collection":[{"href":"https:\/\/anoticiaonline.com.br\/site\/wp-json\/wp\/v2\/posts"}],"about":[{"href":"https:\/\/anoticiaonline.com.br\/site\/wp-json\/wp\/v2\/types\/post"}],"author":[{"embeddable":true,"href":"https:\/\/anoticiaonline.com.br\/site\/wp-json\/wp\/v2\/users\/2"}],"replies":[{"embeddable":true,"href":"https:\/\/anoticiaonline.com.br\/site\/wp-json\/wp\/v2\/comments?post=28321"}],"version-history":[{"count":0,"href":"https:\/\/anoticiaonline.com.br\/site\/wp-json\/wp\/v2\/posts\/28321\/revisions"}],"wp:featuredmedia":[{"embeddable":true,"href":"https:\/\/anoticiaonline.com.br\/site\/wp-json\/wp\/v2\/media\/28322"}],"wp:attachment":[{"href":"https:\/\/anoticiaonline.com.br\/site\/wp-json\/wp\/v2\/media?parent=28321"}],"wp:term":[{"taxonomy":"category","embeddable":true,"href":"https:\/\/anoticiaonline.com.br\/site\/wp-json\/wp\/v2\/categories?post=28321"},{"taxonomy":"post_tag","embeddable":true,"href":"https:\/\/anoticiaonline.com.br\/site\/wp-json\/wp\/v2\/tags?post=28321"}],"curies":[{"name":"wp","href":"https:\/\/api.w.org\/{rel}","templated":true}]}}