{"id":28315,"date":"2017-04-19T19:12:01","date_gmt":"2017-04-19T22:12:01","guid":{"rendered":"http:\/\/anoticiaonline.com.br\/site\/?p=28315"},"modified":"2017-04-19T19:12:01","modified_gmt":"2017-04-19T22:12:01","slug":"entre-cabras-e-raposas-a-falencia-das-cpis","status":"publish","type":"post","link":"https:\/\/anoticiaonline.com.br\/site\/entre-cabras-e-raposas-a-falencia-das-cpis\/","title":{"rendered":"Entre cabras e raposas, a fal\u00eancia das CPIs"},"content":{"rendered":"<p>H\u00e1 uma frase popularmente atribu\u00edda a Charles de Gaulle, pol\u00edtico e estadista franc\u00eas, que diz: \u201co Brasil \u00e9 um pa\u00eds que n\u00e3o deve ser levado a s\u00e9rio\u201d. Segundo os historiadores, o estadista franc\u00eas nunca disse esta frase e afirmam, com absoluta certeza, que ela foi dita pelo diplomata brasileiro Carlos Alves de Souza Filho, genro do ex-presidente Artur Bernardes e embaixador do Brasil na Fran\u00e7a, cargo que ocupou entre os anos de 1956 e l964.<\/p>\n<p>De qualquer forma, a corre\u00e7\u00e3o serve para que n\u00e3o saiamos por a\u00ed ou pela vida afora sustentando esse erro hist\u00f3rico, at\u00e9 porque, se assim fosse, o estadista franc\u00eas estaria cometendo uma indelicadeza sem precedentes com o Brasil e com os brasileiros naquela \u00e9poca. Ainda assim, insisto no tema porque esta frase vem muito a calhar com o momento em que vive o nosso pa\u00eds. Um pa\u00eds da chacota, um pa\u00eds da goza\u00e7\u00e3o, um pa\u00eds do achaque, um pa\u00eds que padece dos v\u00edcios da imoralidade e da falta de \u00e9tica. Enfim, um pa\u00eds que h\u00e1 anos n\u00e3o vem sendo levado a s\u00e9rio pela sua representatividade pol\u00edtica.<\/p>\n<p>Hoje, com a eclos\u00e3o da \u201cLava-Jato\u201d e com as bomb\u00e1sticas opera\u00e7\u00f5es da Pol\u00edcia Federal, n\u00e3o se fala mais em CPI. Qualquer proposta nesse sentido \u00e9 motivo de chacota. Nos \u00faltimos 12 anos, v\u00e1rias CPIs foram instaladas e a maioria delas n\u00e3o chegou a lugar algum, ou seja, muito barulho para pouco resultado. Para citar alguns exemplos, durante o governo Lula chegaram a instalar uma delas para investigar os \u201cind\u00edcios\u201d de corrup\u00e7\u00e3o na Petrobras e que acabou sendo abortada por causa da for\u00e7a pol\u00edtica e da popularidade do presidente na \u00e9poca. Em outro caso, o da CPI dos Correios, pasmem, ela foi presidida pelo ex-senador do PT, Delc\u00eddio do Amaral, que hoje est\u00e1 vendo o \u201csol nascer quadrado\u201d numa carceragem de Curitiba, depois de descobertas as suas falcatruas. Os presidentes e relatores de v\u00e1rias CPIs j\u00e1 realizadas eram escolhidos a dedo, num jogo de faz de conta.\u00a0 Em sua maioria, as CPIs tinham, na presid\u00eancia, cabras tomando conta de uma horta e na relatoria, uma raposa qualquer tomando conta do galinheiro. As Comiss\u00f5es Parlamentares de Inqu\u00e9rito hoje est\u00e3o absolutamente desmoralizadas perante a sociedade pelo seu hist\u00f3rico de absoluta inefici\u00eancia.<\/p>\n<p>Agora, depois deste barulho todo causado pelas famosas dela\u00e7\u00f5es na Opera\u00e7\u00e3o Lava-Jato, ao contr\u00e1rio do que sempre aconteceu nas CPIs, resta-nos a esperan\u00e7a de que a Justi\u00e7a aja em seus julgamentos com um pouco mais de celeridade, para que os crimes apontados nas investiga\u00e7\u00f5es n\u00e3o se tornem impunes.<\/p>\n<p>De outro lado, ainda que n\u00e3o entremos no m\u00e9rito da discuss\u00e3o da autoria da frase citada no in\u00edcio deste texto, se ela foi de Charles de Gaulle ou do diplomata brasileiro Carlos Alves de Souza Filho, \u00e9 necess\u00e1rio que a Justi\u00e7a encontre meios para fazer os julgamentos com maior rapidez, pois do contr\u00e1rio, ficar\u00e1 a real sensa\u00e7\u00e3o de que este pa\u00eds est\u00e1 longe mesmo de ser um pa\u00eds s\u00e9rio.<\/p>\n","protected":false},"excerpt":{"rendered":"<p>H\u00e1 uma frase popularmente atribu\u00edda a Charles de Gaulle, pol\u00edtico e estadista franc\u00eas, que diz: \u201co Brasil \u00e9 um pa\u00eds que n\u00e3o deve ser levado a s\u00e9rio\u201d. Segundo os historiadores, o estadista franc\u00eas nunca disse esta frase e afirmam, com absoluta certeza, que ela foi dita pelo diplomata brasileiro Carlos Alves de Souza Filho, genro &#8230; <a title=\"Entre cabras e raposas, a fal\u00eancia das CPIs\" class=\"read-more\" href=\"https:\/\/anoticiaonline.com.br\/site\/entre-cabras-e-raposas-a-falencia-das-cpis\/\" aria-label=\"Read more about Entre cabras e raposas, a fal\u00eancia das CPIs\">Ler mais<\/a><\/p>\n","protected":false},"author":2,"featured_media":0,"comment_status":"open","ping_status":"open","sticky":false,"template":"","format":"standard","meta":{"_acf_changed":false,"_monsterinsights_skip_tracking":false,"footnotes":""},"categories":[33],"tags":[],"class_list":["post-28315","post","type-post","status-publish","format-standard","hentry","category-politica-e-atualidades-francisco-laviola"],"acf":[],"aioseo_notices":[],"aioseo_head":"\n\t\t<!-- All in One SEO 5.0.0.1 - aioseo.com -->\n\t<meta name=\"description\" content=\"H\u00e1 uma frase popularmente atribu\u00edda a Charles de Gaulle, pol\u00edtico e estadista franc\u00eas, que diz: \u201co Brasil \u00e9 um pa\u00eds que n\u00e3o deve ser levado a s\u00e9rio\u201d. Segundo os historiadores, o estadista franc\u00eas nunca disse esta frase e afirmam, com absoluta certeza, que ela foi dita pelo diplomata brasileiro Carlos Alves de Souza Filho, genro\" \/>\n\t<meta name=\"robots\" content=\"max-image-preview:large\" \/>\n\t<meta name=\"author\" content=\"Juliana Laviola\"\/>\n\t<link rel=\"canonical\" href=\"https:\/\/anoticiaonline.com.br\/site\/entre-cabras-e-raposas-a-falencia-das-cpis\/\" \/>\n\t<meta name=\"generator\" content=\"All in One SEO (AIOSEO) 5.0.0.1\" \/>\n\t\t<meta property=\"og:locale\" content=\"pt_BR\" \/>\n\t\t<meta property=\"og:site_name\" content=\"A Not\u00edcia Online - Noticias de Muria\u00e9 e regi\u00e3o\" \/>\n\t\t<meta property=\"og:type\" content=\"article\" \/>\n\t\t<meta property=\"og:title\" content=\"Entre cabras e raposas, a fal\u00eancia das CPIs - A Not\u00edcia Online\" \/>\n\t\t<meta property=\"og:description\" content=\"H\u00e1 uma frase popularmente atribu\u00edda a Charles de Gaulle, pol\u00edtico e estadista franc\u00eas, que diz: \u201co Brasil \u00e9 um pa\u00eds que n\u00e3o deve ser levado a s\u00e9rio\u201d. Segundo os historiadores, o estadista franc\u00eas nunca disse esta frase e afirmam, com absoluta certeza, que ela foi dita pelo diplomata brasileiro Carlos Alves de Souza Filho, genro\" \/>\n\t\t<meta property=\"og:url\" content=\"https:\/\/anoticiaonline.com.br\/site\/entre-cabras-e-raposas-a-falencia-das-cpis\/\" \/>\n\t\t<meta property=\"og:image\" content=\"https:\/\/scontent-gig4-1.xx.fbcdn.net\/v\/t39.30808-1\/270437624_4564083193639691_6907940295614233970_n.jpg?stp=dst-jpg_s200x200_tt6&#038;_nc_cat=111&#038;ccb=1-7&#038;_nc_sid=f907e8&#038;_nc_ohc=SM1wRlP3lJwQ7kNvwEPuBYA&#038;_nc_oc=AdnqrjDN_BNjSSHWO-GbkIWH6fkGMLw4bqvL_NH6e2wMveX7G-rP2dAqsDSq1mJMOaY&#038;_nc_zt=24&#038;_nc_ht=scontent-gig4-1.xx&#038;_nc_gid=AoBFJeGrT1hVaew_6rchkQ&#038;oh=00_AfX7QmFGhQhG2jAllVgXCiM1ZrWgvtp80-Bfppyexh1QEg&#038;oe=689E923C\" \/>\n\t\t<meta property=\"og:image:secure_url\" content=\"https:\/\/scontent-gig4-1.xx.fbcdn.net\/v\/t39.30808-1\/270437624_4564083193639691_6907940295614233970_n.jpg?stp=dst-jpg_s200x200_tt6&#038;_nc_cat=111&#038;ccb=1-7&#038;_nc_sid=f907e8&#038;_nc_ohc=SM1wRlP3lJwQ7kNvwEPuBYA&#038;_nc_oc=AdnqrjDN_BNjSSHWO-GbkIWH6fkGMLw4bqvL_NH6e2wMveX7G-rP2dAqsDSq1mJMOaY&#038;_nc_zt=24&#038;_nc_ht=scontent-gig4-1.xx&#038;_nc_gid=AoBFJeGrT1hVaew_6rchkQ&#038;oh=00_AfX7QmFGhQhG2jAllVgXCiM1ZrWgvtp80-Bfppyexh1QEg&#038;oe=689E923C\" \/>\n\t\t<meta property=\"article:published_time\" content=\"2017-04-19T22:12:01+00:00\" \/>\n\t\t<meta property=\"article:modified_time\" content=\"2017-04-19T22:12:01+00:00\" \/>\n\t\t<meta name=\"twitter:card\" content=\"summary_large_image\" \/>\n\t\t<meta name=\"twitter:title\" content=\"Entre cabras e raposas, a fal\u00eancia das CPIs - A Not\u00edcia Online\" \/>\n\t\t<meta name=\"twitter:description\" content=\"H\u00e1 uma frase popularmente atribu\u00edda a Charles de Gaulle, pol\u00edtico e estadista franc\u00eas, que diz: \u201co Brasil \u00e9 um pa\u00eds que n\u00e3o deve ser levado a s\u00e9rio\u201d. Segundo os historiadores, o estadista franc\u00eas nunca disse esta frase e afirmam, com absoluta certeza, que ela foi dita pelo diplomata brasileiro Carlos Alves de Souza Filho, genro\" \/>\n\t\t<meta name=\"twitter:image\" content=\"https:\/\/scontent-gig4-1.xx.fbcdn.net\/v\/t39.30808-1\/270437624_4564083193639691_6907940295614233970_n.jpg?stp=dst-jpg_s200x200_tt6&amp;_nc_cat=111&amp;ccb=1-7&amp;_nc_sid=f907e8&amp;_nc_ohc=SM1wRlP3lJwQ7kNvwEPuBYA&amp;_nc_oc=AdnqrjDN_BNjSSHWO-GbkIWH6fkGMLw4bqvL_NH6e2wMveX7G-rP2dAqsDSq1mJMOaY&amp;_nc_zt=24&amp;_nc_ht=scontent-gig4-1.xx&amp;_nc_gid=AoBFJeGrT1hVaew_6rchkQ&amp;oh=00_AfX7QmFGhQhG2jAllVgXCiM1ZrWgvtp80-Bfppyexh1QEg&amp;oe=689E923C\" \/>\n\t\t<script type=\"application\/ld+json\" class=\"aioseo-schema\">\n\t\t\t{\"@context\":\"https:\\\/\\\/schema.org\",\"@graph\":[{\"@type\":\"BlogPosting\",\"@id\":\"https:\\\/\\\/anoticiaonline.com.br\\\/site\\\/entre-cabras-e-raposas-a-falencia-das-cpis\\\/#blogposting\",\"name\":\"Entre cabras e raposas, a fal\\u00eancia das CPIs - A Not\\u00edcia Online\",\"headline\":\"Entre cabras e raposas, a fal\\u00eancia das CPIs\",\"author\":{\"@id\":\"https:\\\/\\\/anoticiaonline.com.br\\\/site\\\/author\\\/juliana\\\/#author\"},\"publisher\":{\"@id\":\"https:\\\/\\\/anoticiaonline.com.br\\\/site\\\/#organization\"},\"image\":{\"@type\":\"ImageObject\",\"url\":\"https:\\\/\\\/scontent-gig4-1.xx.fbcdn.net\\\/v\\\/t39.30808-1\\\/270437624_4564083193639691_6907940295614233970_n.jpg?stp=dst-jpg_s200x200_tt6&_nc_cat=111&ccb=1-7&_nc_sid=f907e8&_nc_ohc=SM1wRlP3lJwQ7kNvwEPuBYA&_nc_oc=AdnqrjDN_BNjSSHWO-GbkIWH6fkGMLw4bqvL_NH6e2wMveX7G-rP2dAqsDSq1mJMOaY&_nc_zt=24&_nc_ht=scontent-gig4-1.xx&_nc_gid=AoBFJeGrT1hVaew_6rchkQ&oh=00_AfX7QmFGhQhG2jAllVgXCiM1ZrWgvtp80-Bfppyexh1QEg&oe=689E923C\",\"@id\":\"https:\\\/\\\/anoticiaonline.com.br\\\/site\\\/#articleImage\"},\"datePublished\":\"2017-04-19T19:12:01-03:00\",\"dateModified\":\"2017-04-19T19:12:01-03:00\",\"inLanguage\":\"pt-BR\",\"mainEntityOfPage\":{\"@id\":\"https:\\\/\\\/anoticiaonline.com.br\\\/site\\\/entre-cabras-e-raposas-a-falencia-das-cpis\\\/#webpage\"},\"isPartOf\":{\"@id\":\"https:\\\/\\\/anoticiaonline.com.br\\\/site\\\/entre-cabras-e-raposas-a-falencia-das-cpis\\\/#webpage\"},\"articleSection\":\"Pol\\u00edtica e Atualidades - Francisco Laviola\"},{\"@type\":\"BreadcrumbList\",\"@id\":\"https:\\\/\\\/anoticiaonline.com.br\\\/site\\\/entre-cabras-e-raposas-a-falencia-das-cpis\\\/#breadcrumblist\",\"itemListElement\":[{\"@type\":\"ListItem\",\"@id\":\"https:\\\/\\\/anoticiaonline.com.br\\\/site#listItem\",\"position\":1,\"name\":\"Home\",\"item\":\"https:\\\/\\\/anoticiaonline.com.br\\\/site\",\"nextItem\":{\"@type\":\"ListItem\",\"@id\":\"https:\\\/\\\/anoticiaonline.com.br\\\/site\\\/categoria\\\/colunistas\\\/#listItem\",\"name\":\"Colunistas\"}},{\"@type\":\"ListItem\",\"@id\":\"https:\\\/\\\/anoticiaonline.com.br\\\/site\\\/categoria\\\/colunistas\\\/#listItem\",\"position\":2,\"name\":\"Colunistas\",\"item\":\"https:\\\/\\\/anoticiaonline.com.br\\\/site\\\/categoria\\\/colunistas\\\/\",\"nextItem\":{\"@type\":\"ListItem\",\"@id\":\"https:\\\/\\\/anoticiaonline.com.br\\\/site\\\/categoria\\\/colunistas\\\/politica-e-atualidades-francisco-laviola\\\/#listItem\",\"name\":\"Pol\\u00edtica e Atualidades - Francisco Laviola\"},\"previousItem\":{\"@type\":\"ListItem\",\"@id\":\"https:\\\/\\\/anoticiaonline.com.br\\\/site#listItem\",\"name\":\"Home\"}},{\"@type\":\"ListItem\",\"@id\":\"https:\\\/\\\/anoticiaonline.com.br\\\/site\\\/categoria\\\/colunistas\\\/politica-e-atualidades-francisco-laviola\\\/#listItem\",\"position\":3,\"name\":\"Pol\\u00edtica e Atualidades - Francisco Laviola\",\"item\":\"https:\\\/\\\/anoticiaonline.com.br\\\/site\\\/categoria\\\/colunistas\\\/politica-e-atualidades-francisco-laviola\\\/\",\"nextItem\":{\"@type\":\"ListItem\",\"@id\":\"https:\\\/\\\/anoticiaonline.com.br\\\/site\\\/entre-cabras-e-raposas-a-falencia-das-cpis\\\/#listItem\",\"name\":\"Entre cabras e raposas, a fal\\u00eancia das CPIs\"},\"previousItem\":{\"@type\":\"ListItem\",\"@id\":\"https:\\\/\\\/anoticiaonline.com.br\\\/site\\\/categoria\\\/colunistas\\\/#listItem\",\"name\":\"Colunistas\"}},{\"@type\":\"ListItem\",\"@id\":\"https:\\\/\\\/anoticiaonline.com.br\\\/site\\\/entre-cabras-e-raposas-a-falencia-das-cpis\\\/#listItem\",\"position\":4,\"name\":\"Entre cabras e raposas, a fal\\u00eancia das CPIs\",\"previousItem\":{\"@type\":\"ListItem\",\"@id\":\"https:\\\/\\\/anoticiaonline.com.br\\\/site\\\/categoria\\\/colunistas\\\/politica-e-atualidades-francisco-laviola\\\/#listItem\",\"name\":\"Pol\\u00edtica e Atualidades - Francisco Laviola\"}}]},{\"@type\":\"Organization\",\"@id\":\"https:\\\/\\\/anoticiaonline.com.br\\\/site\\\/#organization\",\"name\":\"A Not\\u00edcia Online\",\"description\":\"Noticias de Muria\\u00e9 e regi\\u00e3o\",\"url\":\"https:\\\/\\\/anoticiaonline.com.br\\\/site\\\/\",\"logo\":{\"@type\":\"ImageObject\",\"url\":\"https:\\\/\\\/scontent-gig4-1.xx.fbcdn.net\\\/v\\\/t39.30808-1\\\/270437624_4564083193639691_6907940295614233970_n.jpg?stp=dst-jpg_s200x200_tt6&_nc_cat=111&ccb=1-7&_nc_sid=f907e8&_nc_ohc=SM1wRlP3lJwQ7kNvwEPuBYA&_nc_oc=AdnqrjDN_BNjSSHWO-GbkIWH6fkGMLw4bqvL_NH6e2wMveX7G-rP2dAqsDSq1mJMOaY&_nc_zt=24&_nc_ht=scontent-gig4-1.xx&_nc_gid=AoBFJeGrT1hVaew_6rchkQ&oh=00_AfX7QmFGhQhG2jAllVgXCiM1ZrWgvtp80-Bfppyexh1QEg&oe=689E923C\",\"@id\":\"https:\\\/\\\/anoticiaonline.com.br\\\/site\\\/entre-cabras-e-raposas-a-falencia-das-cpis\\\/#organizationLogo\"},\"image\":{\"@id\":\"https:\\\/\\\/anoticiaonline.com.br\\\/site\\\/entre-cabras-e-raposas-a-falencia-das-cpis\\\/#organizationLogo\"}},{\"@type\":\"Person\",\"@id\":\"https:\\\/\\\/anoticiaonline.com.br\\\/site\\\/author\\\/juliana\\\/#author\",\"url\":\"https:\\\/\\\/anoticiaonline.com.br\\\/site\\\/author\\\/juliana\\\/\",\"name\":\"Juliana Laviola\",\"image\":{\"@type\":\"ImageObject\",\"@id\":\"https:\\\/\\\/anoticiaonline.com.br\\\/site\\\/entre-cabras-e-raposas-a-falencia-das-cpis\\\/#authorImage\",\"url\":\"https:\\\/\\\/secure.gravatar.com\\\/avatar\\\/b8d45f5c699b100dfaf0e543582f38f38bf94cb7ae3a5e9abf8d891a34773335?s=96&d=mm&r=g\",\"width\":96,\"height\":96,\"caption\":\"Juliana Laviola\"}},{\"@type\":\"WebPage\",\"@id\":\"https:\\\/\\\/anoticiaonline.com.br\\\/site\\\/entre-cabras-e-raposas-a-falencia-das-cpis\\\/#webpage\",\"url\":\"https:\\\/\\\/anoticiaonline.com.br\\\/site\\\/entre-cabras-e-raposas-a-falencia-das-cpis\\\/\",\"name\":\"Entre cabras e raposas, a fal\\u00eancia das CPIs - A Not\\u00edcia Online\",\"description\":\"H\\u00e1 uma frase popularmente atribu\\u00edda a Charles de Gaulle, pol\\u00edtico e estadista franc\\u00eas, que diz: \\u201co Brasil \\u00e9 um pa\\u00eds que n\\u00e3o deve ser levado a s\\u00e9rio\\u201d. Segundo os historiadores, o estadista franc\\u00eas nunca disse esta frase e afirmam, com absoluta certeza, que ela foi dita pelo diplomata brasileiro Carlos Alves de Souza Filho, genro\",\"inLanguage\":\"pt-BR\",\"isPartOf\":{\"@id\":\"https:\\\/\\\/anoticiaonline.com.br\\\/site\\\/#website\"},\"breadcrumb\":{\"@id\":\"https:\\\/\\\/anoticiaonline.com.br\\\/site\\\/entre-cabras-e-raposas-a-falencia-das-cpis\\\/#breadcrumblist\"},\"author\":{\"@id\":\"https:\\\/\\\/anoticiaonline.com.br\\\/site\\\/author\\\/juliana\\\/#author\"},\"creator\":{\"@id\":\"https:\\\/\\\/anoticiaonline.com.br\\\/site\\\/author\\\/juliana\\\/#author\"},\"datePublished\":\"2017-04-19T19:12:01-03:00\",\"dateModified\":\"2017-04-19T19:12:01-03:00\"},{\"@type\":\"WebSite\",\"@id\":\"https:\\\/\\\/anoticiaonline.com.br\\\/site\\\/#website\",\"url\":\"https:\\\/\\\/anoticiaonline.com.br\\\/site\\\/\",\"name\":\"A Not\\u00edcia Online\",\"description\":\"Noticias de Muria\\u00e9 e regi\\u00e3o\",\"inLanguage\":\"pt-BR\",\"publisher\":{\"@id\":\"https:\\\/\\\/anoticiaonline.com.br\\\/site\\\/#organization\"}}]}\n\t\t<\/script>\n\t\t<!-- All in One SEO -->\n\n","aioseo_head_json":{"title":"Entre cabras e raposas, a fal\u00eancia das CPIs - A Not\u00edcia Online","description":"H\u00e1 uma frase popularmente atribu\u00edda a Charles de Gaulle, pol\u00edtico e estadista franc\u00eas, que diz: \u201co Brasil \u00e9 um pa\u00eds que n\u00e3o deve ser levado a s\u00e9rio\u201d. Segundo os historiadores, o estadista franc\u00eas nunca disse esta frase e afirmam, com absoluta certeza, que ela foi dita pelo diplomata brasileiro Carlos Alves de Souza Filho, genro","canonical_url":"https:\/\/anoticiaonline.com.br\/site\/entre-cabras-e-raposas-a-falencia-das-cpis\/","robots":"max-image-preview:large","keywords":"","webmasterTools":{"miscellaneous":""},"schema":{"@context":"https:\/\/schema.org","@graph":[{"@type":"BlogPosting","@id":"https:\/\/anoticiaonline.com.br\/site\/entre-cabras-e-raposas-a-falencia-das-cpis\/#blogposting","name":"Entre cabras e raposas, a fal\u00eancia das CPIs - A Not\u00edcia Online","headline":"Entre cabras e raposas, a fal\u00eancia das CPIs","author":{"@id":"https:\/\/anoticiaonline.com.br\/site\/author\/juliana\/#author"},"publisher":{"@id":"https:\/\/anoticiaonline.com.br\/site\/#organization"},"image":{"@type":"ImageObject","url":"https:\/\/scontent-gig4-1.xx.fbcdn.net\/v\/t39.30808-1\/270437624_4564083193639691_6907940295614233970_n.jpg?stp=dst-jpg_s200x200_tt6&_nc_cat=111&ccb=1-7&_nc_sid=f907e8&_nc_ohc=SM1wRlP3lJwQ7kNvwEPuBYA&_nc_oc=AdnqrjDN_BNjSSHWO-GbkIWH6fkGMLw4bqvL_NH6e2wMveX7G-rP2dAqsDSq1mJMOaY&_nc_zt=24&_nc_ht=scontent-gig4-1.xx&_nc_gid=AoBFJeGrT1hVaew_6rchkQ&oh=00_AfX7QmFGhQhG2jAllVgXCiM1ZrWgvtp80-Bfppyexh1QEg&oe=689E923C","@id":"https:\/\/anoticiaonline.com.br\/site\/#articleImage"},"datePublished":"2017-04-19T19:12:01-03:00","dateModified":"2017-04-19T19:12:01-03:00","inLanguage":"pt-BR","mainEntityOfPage":{"@id":"https:\/\/anoticiaonline.com.br\/site\/entre-cabras-e-raposas-a-falencia-das-cpis\/#webpage"},"isPartOf":{"@id":"https:\/\/anoticiaonline.com.br\/site\/entre-cabras-e-raposas-a-falencia-das-cpis\/#webpage"},"articleSection":"Pol\u00edtica e Atualidades - Francisco Laviola"},{"@type":"BreadcrumbList","@id":"https:\/\/anoticiaonline.com.br\/site\/entre-cabras-e-raposas-a-falencia-das-cpis\/#breadcrumblist","itemListElement":[{"@type":"ListItem","@id":"https:\/\/anoticiaonline.com.br\/site#listItem","position":1,"name":"Home","item":"https:\/\/anoticiaonline.com.br\/site","nextItem":{"@type":"ListItem","@id":"https:\/\/anoticiaonline.com.br\/site\/categoria\/colunistas\/#listItem","name":"Colunistas"}},{"@type":"ListItem","@id":"https:\/\/anoticiaonline.com.br\/site\/categoria\/colunistas\/#listItem","position":2,"name":"Colunistas","item":"https:\/\/anoticiaonline.com.br\/site\/categoria\/colunistas\/","nextItem":{"@type":"ListItem","@id":"https:\/\/anoticiaonline.com.br\/site\/categoria\/colunistas\/politica-e-atualidades-francisco-laviola\/#listItem","name":"Pol\u00edtica e Atualidades - Francisco Laviola"},"previousItem":{"@type":"ListItem","@id":"https:\/\/anoticiaonline.com.br\/site#listItem","name":"Home"}},{"@type":"ListItem","@id":"https:\/\/anoticiaonline.com.br\/site\/categoria\/colunistas\/politica-e-atualidades-francisco-laviola\/#listItem","position":3,"name":"Pol\u00edtica e Atualidades - Francisco Laviola","item":"https:\/\/anoticiaonline.com.br\/site\/categoria\/colunistas\/politica-e-atualidades-francisco-laviola\/","nextItem":{"@type":"ListItem","@id":"https:\/\/anoticiaonline.com.br\/site\/entre-cabras-e-raposas-a-falencia-das-cpis\/#listItem","name":"Entre cabras e raposas, a fal\u00eancia das CPIs"},"previousItem":{"@type":"ListItem","@id":"https:\/\/anoticiaonline.com.br\/site\/categoria\/colunistas\/#listItem","name":"Colunistas"}},{"@type":"ListItem","@id":"https:\/\/anoticiaonline.com.br\/site\/entre-cabras-e-raposas-a-falencia-das-cpis\/#listItem","position":4,"name":"Entre cabras e raposas, a fal\u00eancia das CPIs","previousItem":{"@type":"ListItem","@id":"https:\/\/anoticiaonline.com.br\/site\/categoria\/colunistas\/politica-e-atualidades-francisco-laviola\/#listItem","name":"Pol\u00edtica e Atualidades - Francisco Laviola"}}]},{"@type":"Organization","@id":"https:\/\/anoticiaonline.com.br\/site\/#organization","name":"A Not\u00edcia Online","description":"Noticias de Muria\u00e9 e regi\u00e3o","url":"https:\/\/anoticiaonline.com.br\/site\/","logo":{"@type":"ImageObject","url":"https:\/\/scontent-gig4-1.xx.fbcdn.net\/v\/t39.30808-1\/270437624_4564083193639691_6907940295614233970_n.jpg?stp=dst-jpg_s200x200_tt6&_nc_cat=111&ccb=1-7&_nc_sid=f907e8&_nc_ohc=SM1wRlP3lJwQ7kNvwEPuBYA&_nc_oc=AdnqrjDN_BNjSSHWO-GbkIWH6fkGMLw4bqvL_NH6e2wMveX7G-rP2dAqsDSq1mJMOaY&_nc_zt=24&_nc_ht=scontent-gig4-1.xx&_nc_gid=AoBFJeGrT1hVaew_6rchkQ&oh=00_AfX7QmFGhQhG2jAllVgXCiM1ZrWgvtp80-Bfppyexh1QEg&oe=689E923C","@id":"https:\/\/anoticiaonline.com.br\/site\/entre-cabras-e-raposas-a-falencia-das-cpis\/#organizationLogo"},"image":{"@id":"https:\/\/anoticiaonline.com.br\/site\/entre-cabras-e-raposas-a-falencia-das-cpis\/#organizationLogo"}},{"@type":"Person","@id":"https:\/\/anoticiaonline.com.br\/site\/author\/juliana\/#author","url":"https:\/\/anoticiaonline.com.br\/site\/author\/juliana\/","name":"Juliana Laviola","image":{"@type":"ImageObject","@id":"https:\/\/anoticiaonline.com.br\/site\/entre-cabras-e-raposas-a-falencia-das-cpis\/#authorImage","url":"https:\/\/secure.gravatar.com\/avatar\/b8d45f5c699b100dfaf0e543582f38f38bf94cb7ae3a5e9abf8d891a34773335?s=96&d=mm&r=g","width":96,"height":96,"caption":"Juliana Laviola"}},{"@type":"WebPage","@id":"https:\/\/anoticiaonline.com.br\/site\/entre-cabras-e-raposas-a-falencia-das-cpis\/#webpage","url":"https:\/\/anoticiaonline.com.br\/site\/entre-cabras-e-raposas-a-falencia-das-cpis\/","name":"Entre cabras e raposas, a fal\u00eancia das CPIs - A Not\u00edcia Online","description":"H\u00e1 uma frase popularmente atribu\u00edda a Charles de Gaulle, pol\u00edtico e estadista franc\u00eas, que diz: \u201co Brasil \u00e9 um pa\u00eds que n\u00e3o deve ser levado a s\u00e9rio\u201d. Segundo os historiadores, o estadista franc\u00eas nunca disse esta frase e afirmam, com absoluta certeza, que ela foi dita pelo diplomata brasileiro Carlos Alves de Souza Filho, genro","inLanguage":"pt-BR","isPartOf":{"@id":"https:\/\/anoticiaonline.com.br\/site\/#website"},"breadcrumb":{"@id":"https:\/\/anoticiaonline.com.br\/site\/entre-cabras-e-raposas-a-falencia-das-cpis\/#breadcrumblist"},"author":{"@id":"https:\/\/anoticiaonline.com.br\/site\/author\/juliana\/#author"},"creator":{"@id":"https:\/\/anoticiaonline.com.br\/site\/author\/juliana\/#author"},"datePublished":"2017-04-19T19:12:01-03:00","dateModified":"2017-04-19T19:12:01-03:00"},{"@type":"WebSite","@id":"https:\/\/anoticiaonline.com.br\/site\/#website","url":"https:\/\/anoticiaonline.com.br\/site\/","name":"A Not\u00edcia Online","description":"Noticias de Muria\u00e9 e regi\u00e3o","inLanguage":"pt-BR","publisher":{"@id":"https:\/\/anoticiaonline.com.br\/site\/#organization"}}]},"og:locale":"pt_BR","og:site_name":"A Not\u00edcia Online - Noticias de Muria\u00e9 e regi\u00e3o","og:type":"article","og:title":"Entre cabras e raposas, a fal\u00eancia das CPIs - A Not\u00edcia Online","og:description":"H\u00e1 uma frase popularmente atribu\u00edda a Charles de Gaulle, pol\u00edtico e estadista franc\u00eas, que diz: \u201co Brasil \u00e9 um pa\u00eds que n\u00e3o deve ser levado a s\u00e9rio\u201d. Segundo os historiadores, o estadista franc\u00eas nunca disse esta frase e afirmam, com absoluta certeza, que ela foi dita pelo diplomata brasileiro Carlos Alves de Souza Filho, genro","og:url":"https:\/\/anoticiaonline.com.br\/site\/entre-cabras-e-raposas-a-falencia-das-cpis\/","og:image":"https:\/\/scontent-gig4-1.xx.fbcdn.net\/v\/t39.30808-1\/270437624_4564083193639691_6907940295614233970_n.jpg?stp=dst-jpg_s200x200_tt6&#038;_nc_cat=111&#038;ccb=1-7&#038;_nc_sid=f907e8&#038;_nc_ohc=SM1wRlP3lJwQ7kNvwEPuBYA&#038;_nc_oc=AdnqrjDN_BNjSSHWO-GbkIWH6fkGMLw4bqvL_NH6e2wMveX7G-rP2dAqsDSq1mJMOaY&#038;_nc_zt=24&#038;_nc_ht=scontent-gig4-1.xx&#038;_nc_gid=AoBFJeGrT1hVaew_6rchkQ&#038;oh=00_AfX7QmFGhQhG2jAllVgXCiM1ZrWgvtp80-Bfppyexh1QEg&#038;oe=689E923C","og:image:secure_url":"https:\/\/scontent-gig4-1.xx.fbcdn.net\/v\/t39.30808-1\/270437624_4564083193639691_6907940295614233970_n.jpg?stp=dst-jpg_s200x200_tt6&#038;_nc_cat=111&#038;ccb=1-7&#038;_nc_sid=f907e8&#038;_nc_ohc=SM1wRlP3lJwQ7kNvwEPuBYA&#038;_nc_oc=AdnqrjDN_BNjSSHWO-GbkIWH6fkGMLw4bqvL_NH6e2wMveX7G-rP2dAqsDSq1mJMOaY&#038;_nc_zt=24&#038;_nc_ht=scontent-gig4-1.xx&#038;_nc_gid=AoBFJeGrT1hVaew_6rchkQ&#038;oh=00_AfX7QmFGhQhG2jAllVgXCiM1ZrWgvtp80-Bfppyexh1QEg&#038;oe=689E923C","article:published_time":"2017-04-19T22:12:01+00:00","article:modified_time":"2017-04-19T22:12:01+00:00","twitter:card":"summary_large_image","twitter:title":"Entre cabras e raposas, a fal\u00eancia das CPIs - A Not\u00edcia Online","twitter:description":"H\u00e1 uma frase popularmente atribu\u00edda a Charles de Gaulle, pol\u00edtico e estadista franc\u00eas, que diz: \u201co Brasil \u00e9 um pa\u00eds que n\u00e3o deve ser levado a s\u00e9rio\u201d. Segundo os historiadores, o estadista franc\u00eas nunca disse esta frase e afirmam, com absoluta certeza, que ela foi dita pelo diplomata brasileiro Carlos Alves de Souza Filho, genro","twitter:image":"https:\/\/scontent-gig4-1.xx.fbcdn.net\/v\/t39.30808-1\/270437624_4564083193639691_6907940295614233970_n.jpg?stp=dst-jpg_s200x200_tt6&_nc_cat=111&ccb=1-7&_nc_sid=f907e8&_nc_ohc=SM1wRlP3lJwQ7kNvwEPuBYA&_nc_oc=AdnqrjDN_BNjSSHWO-GbkIWH6fkGMLw4bqvL_NH6e2wMveX7G-rP2dAqsDSq1mJMOaY&_nc_zt=24&_nc_ht=scontent-gig4-1.xx&_nc_gid=AoBFJeGrT1hVaew_6rchkQ&oh=00_AfX7QmFGhQhG2jAllVgXCiM1ZrWgvtp80-Bfppyexh1QEg&oe=689E923C"},"aioseo_meta_data":{"post_id":"28315","title":null,"description":null,"keywords":null,"keyphrases":null,"primary_term":null,"canonical_url":null,"og_title":null,"og_description":null,"og_object_type":"default","og_image_type":"default","og_image_url":null,"og_image_width":null,"og_image_height":null,"og_image_custom_url":null,"og_image_custom_fields":null,"og_video":null,"og_custom_url":null,"og_article_section":null,"og_article_tags":null,"twitter_use_og":false,"twitter_card":"default","twitter_image_type":"default","twitter_image_url":null,"twitter_image_custom_url":null,"twitter_image_custom_fields":null,"twitter_title":null,"twitter_description":null,"schema":{"blockGraphs":[],"customGraphs":[],"default":{"data":{"Article":[],"Course":[],"Dataset":[],"FAQPage":[],"Movie":[],"Person":[],"Product":[],"ProductReview":[],"Car":[],"Recipe":[],"Service":[],"SoftwareApplication":[],"WebPage":[]},"graphName":"","isEnabled":true},"graphs":[]},"schema_type":"default","schema_type_options":null,"pillar_content":false,"robots_default":true,"robots_noindex":false,"robots_noarchive":false,"robots_nosnippet":false,"robots_nofollow":false,"robots_noimageindex":false,"robots_noodp":false,"robots_notranslate":false,"robots_max_snippet":null,"robots_max_videopreview":null,"robots_max_imagepreview":"large","priority":null,"frequency":null,"local_seo":null,"breadcrumb_settings":null,"limit_modified_date":false,"ai":null,"created":"2025-08-16 18:14:41","updated":"2025-08-16 18:14:41","focus_keyword":null,"additional_keywords":null,"truseo_locale":null,"seo_analyzer_scan_date":null},"aioseo_breadcrumb":"<div class=\"aioseo-breadcrumbs\"><span class=\"aioseo-breadcrumb\">\n\t\t\t<a href=\"https:\/\/anoticiaonline.com.br\/site\" title=\"Home\">Home<\/a>\n\t\t<\/span><span class=\"aioseo-breadcrumb-separator\">&raquo;<\/span><span class=\"aioseo-breadcrumb\">\n\t\t\t<a href=\"https:\/\/anoticiaonline.com.br\/site\/categoria\/colunistas\/\" title=\"Colunistas\">Colunistas<\/a>\n\t\t<\/span><span class=\"aioseo-breadcrumb-separator\">&raquo;<\/span><span class=\"aioseo-breadcrumb\">\n\t\t\t<a href=\"https:\/\/anoticiaonline.com.br\/site\/categoria\/colunistas\/politica-e-atualidades-francisco-laviola\/\" title=\"Pol\u00edtica e Atualidades - Francisco Laviola\">Pol\u00edtica e Atualidades - Francisco Laviola<\/a>\n\t\t<\/span><span class=\"aioseo-breadcrumb-separator\">&raquo;<\/span><span class=\"aioseo-breadcrumb\">\n\t\t\tEntre cabras e raposas, a fal\u00eancia das CPIs\n\t\t<\/span><\/div>","aioseo_breadcrumb_json":[{"label":"Home","link":"https:\/\/anoticiaonline.com.br\/site"},{"label":"Colunistas","link":"https:\/\/anoticiaonline.com.br\/site\/categoria\/colunistas\/"},{"label":"Pol\u00edtica e Atualidades - Francisco Laviola","link":"https:\/\/anoticiaonline.com.br\/site\/categoria\/colunistas\/politica-e-atualidades-francisco-laviola\/"},{"label":"Entre cabras e raposas, a fal\u00eancia das CPIs","link":"https:\/\/anoticiaonline.com.br\/site\/entre-cabras-e-raposas-a-falencia-das-cpis\/"}],"views":126,"_links":{"self":[{"href":"https:\/\/anoticiaonline.com.br\/site\/wp-json\/wp\/v2\/posts\/28315","targetHints":{"allow":["GET"]}}],"collection":[{"href":"https:\/\/anoticiaonline.com.br\/site\/wp-json\/wp\/v2\/posts"}],"about":[{"href":"https:\/\/anoticiaonline.com.br\/site\/wp-json\/wp\/v2\/types\/post"}],"author":[{"embeddable":true,"href":"https:\/\/anoticiaonline.com.br\/site\/wp-json\/wp\/v2\/users\/2"}],"replies":[{"embeddable":true,"href":"https:\/\/anoticiaonline.com.br\/site\/wp-json\/wp\/v2\/comments?post=28315"}],"version-history":[{"count":0,"href":"https:\/\/anoticiaonline.com.br\/site\/wp-json\/wp\/v2\/posts\/28315\/revisions"}],"wp:attachment":[{"href":"https:\/\/anoticiaonline.com.br\/site\/wp-json\/wp\/v2\/media?parent=28315"}],"wp:term":[{"taxonomy":"category","embeddable":true,"href":"https:\/\/anoticiaonline.com.br\/site\/wp-json\/wp\/v2\/categories?post=28315"},{"taxonomy":"post_tag","embeddable":true,"href":"https:\/\/anoticiaonline.com.br\/site\/wp-json\/wp\/v2\/tags?post=28315"}],"curies":[{"name":"wp","href":"https:\/\/api.w.org\/{rel}","templated":true}]}}