{"id":28290,"date":"2017-04-19T08:00:56","date_gmt":"2017-04-19T11:00:56","guid":{"rendered":"http:\/\/anoticiaonline.com.br\/site\/?p=28290"},"modified":"2017-04-20T10:26:18","modified_gmt":"2017-04-20T13:26:18","slug":"sociarte-82","status":"publish","type":"post","link":"https:\/\/anoticiaonline.com.br\/site\/sociarte-82\/","title":{"rendered":"Sociarte:"},"content":{"rendered":"<p><strong>Edi\u00e7\u00e3o 537, de 21 de abril de 2017<\/strong><\/p>\n<p>&nbsp;<\/p>\n<p>&nbsp;<\/p>\n<p><a href=\"https:\/\/anoticiaonline.com.br\/site\/wp-content\/uploads\/2017\/04\/Parab\u00e9ns-Silvan.jpg\"><img fetchpriority=\"high\" decoding=\"async\" class=\"alignnone size-medium wp-image-28291\" src=\"https:\/\/anoticiaonline.com.br\/site\/wp-content\/uploads\/2017\/04\/Parab\u00e9ns-Silvan-300x288.jpg\" alt=\"Parab\u00e9ns, Silvan!\" width=\"300\" height=\"288\" srcset=\"https:\/\/anoticiaonline.com.br\/site\/wp-content\/uploads\/2017\/04\/Parab\u00e9ns-Silvan-300x288.jpg 300w, https:\/\/anoticiaonline.com.br\/site\/wp-content\/uploads\/2017\/04\/Parab\u00e9ns-Silvan.jpg 640w\" sizes=\"(max-width: 300px) 100vw, 300px\" \/><\/a><br \/>\n<strong>Parab\u00e9ns, Silvan!<\/strong><\/p>\n<p>Quem completou idade nova no domingo (16) foi o jornalista Silvan Alves. O aniversariante recebe os parab\u00e9ns da equipe do A NOT\u00cdCIA, com desejos de muitas felicidades, sa\u00fade e ainda mais sucesso.<\/p>\n<p>&nbsp;<\/p>\n<p>&nbsp;<\/p>\n<p><a href=\"https:\/\/anoticiaonline.com.br\/site\/wp-content\/uploads\/2017\/04\/Casamento-de-Let\u00edcia-e-Henrique.jpg\"><img decoding=\"async\" class=\"alignnone size-medium wp-image-28292\" src=\"https:\/\/anoticiaonline.com.br\/site\/wp-content\/uploads\/2017\/04\/Casamento-de-Let\u00edcia-e-Henrique-287x300.jpg\" alt=\"Casamento de Let\u00edcia e Henrique\" width=\"287\" height=\"300\" srcset=\"https:\/\/anoticiaonline.com.br\/site\/wp-content\/uploads\/2017\/04\/Casamento-de-Let\u00edcia-e-Henrique-287x300.jpg 287w, https:\/\/anoticiaonline.com.br\/site\/wp-content\/uploads\/2017\/04\/Casamento-de-Let\u00edcia-e-Henrique.jpg 612w\" sizes=\"(max-width: 287px) 100vw, 287px\" \/><\/a><br \/>\n<strong>Casamento de Let\u00edcia e Henrique<\/strong><\/p>\n<p>A dentista Let\u00edcia Garcia e o empres\u00e1rio Henrique Louren\u00e7o (leia-se Supermercado Loure\u00e7o e Louren\u00e7o Lar) trocaram alian\u00e7as no s\u00e1bado (15). A cerim\u00f4nia e a recep\u00e7\u00e3o aos convidados aconteceram na Casa de Festas Fazenda Divis\u00f3rio. Muitas felicidades ao casal nessa nova etapa da vida a dois que se inicia! Parab\u00e9ns! (Foto: Arquivo pessoal\/Facebook)<\/p>\n<p>&nbsp;<\/p>\n<p>&nbsp;<\/p>\n<p><a href=\"https:\/\/anoticiaonline.com.br\/site\/wp-content\/uploads\/2017\/04\/15-anos-de-Vit\u00f3ria.jpg\"><img decoding=\"async\" class=\"alignnone size-medium wp-image-28293\" src=\"https:\/\/anoticiaonline.com.br\/site\/wp-content\/uploads\/2017\/04\/15-anos-de-Vit\u00f3ria-300x199.jpg\" alt=\"15 anos de Vit\u00f3ria\" width=\"300\" height=\"199\" srcset=\"https:\/\/anoticiaonline.com.br\/site\/wp-content\/uploads\/2017\/04\/15-anos-de-Vit\u00f3ria-300x199.jpg 300w, https:\/\/anoticiaonline.com.br\/site\/wp-content\/uploads\/2017\/04\/15-anos-de-Vit\u00f3ria-290x192.jpg 290w, https:\/\/anoticiaonline.com.br\/site\/wp-content\/uploads\/2017\/04\/15-anos-de-Vit\u00f3ria.jpg 640w\" sizes=\"(max-width: 300px) 100vw, 300px\" \/><\/a><br \/>\n<strong>15 anos de Vit\u00f3ria<\/strong><\/p>\n<p>Vit\u00f3ria do Vale Silva completou 15 anos de vida, e essa data mais que especial foi muito comemorada durante uma festa, que aconteceu no s\u00e1bado (15), no Goitacazes Esporte Clube, em Divino. A aniversariante recebe o carinho dos pais, Jo\u00e3o Batista da Silva e Patr\u00edcia In\u00eas do Vale Silva, e do irm\u00e3o Jo\u00e3o Vitor. Vit\u00f3ria, 15 vezes parab\u00e9ns para voc\u00ea! (Foto Central)<\/p>\n<p>&nbsp;<\/p>\n<p>&nbsp;<\/p>\n<p><a href=\"https:\/\/anoticiaonline.com.br\/site\/wp-content\/uploads\/2017\/04\/Niver-dos-irm\u00e3os-Th\u00e9o-e-F\u00e1bio.jpg\"><img loading=\"lazy\" decoding=\"async\" class=\"alignnone size-medium wp-image-28294\" src=\"https:\/\/anoticiaonline.com.br\/site\/wp-content\/uploads\/2017\/04\/Niver-dos-irm\u00e3os-Th\u00e9o-e-F\u00e1bio-300x260.jpg\" alt=\"Niver dos irm\u00e3os Th\u00e9o e F\u00e1bio\" width=\"300\" height=\"260\" srcset=\"https:\/\/anoticiaonline.com.br\/site\/wp-content\/uploads\/2017\/04\/Niver-dos-irm\u00e3os-Th\u00e9o-e-F\u00e1bio-300x260.jpg 300w, https:\/\/anoticiaonline.com.br\/site\/wp-content\/uploads\/2017\/04\/Niver-dos-irm\u00e3os-Th\u00e9o-e-F\u00e1bio.jpg 640w\" sizes=\"(max-width: 300px) 100vw, 300px\" \/><\/a><br \/>\n<strong>Niver dos irm\u00e3os Th\u00e9o e F\u00e1bio<\/strong><\/p>\n<p>A comemora\u00e7\u00e3o foi em dose dupla no s\u00e1bado (15), no Clube das Palmeiras, em Mira\u00ed, quando se celebrou a chegada do 1\u00ba aninho de Th\u00e9o e dos 6 anos de F\u00e1bio, filhos de F\u00e1bio Rafino e Nat\u00e1lia (R\u00e1dio Mira\u00ed 107,7 FM). A festa, cujo tema foi \u201cSaf\u00e1ri\u201d, reuniu familiares e amiguinhos. Parab\u00e9ns para o Th\u00e9o e para o F\u00e1bio! (Revele Photo)<\/p>\n<p>&nbsp;<\/p>\n<p>&nbsp;<\/p>\n<p><a href=\"https:\/\/anoticiaonline.com.br\/site\/wp-content\/uploads\/2017\/04\/5-anos-de-Murilo.jpg\"><img loading=\"lazy\" decoding=\"async\" class=\"alignnone size-medium wp-image-28295\" src=\"https:\/\/anoticiaonline.com.br\/site\/wp-content\/uploads\/2017\/04\/5-anos-de-Murilo-300x200.jpg\" alt=\"5 anos de Murilo\" width=\"300\" height=\"200\" srcset=\"https:\/\/anoticiaonline.com.br\/site\/wp-content\/uploads\/2017\/04\/5-anos-de-Murilo-300x200.jpg 300w, https:\/\/anoticiaonline.com.br\/site\/wp-content\/uploads\/2017\/04\/5-anos-de-Murilo.jpg 640w\" sizes=\"(max-width: 300px) 100vw, 300px\" \/><\/a><br \/>\n<strong>5 anos de Murilo<\/strong><\/p>\n<p>Muita alegria e descontra\u00e7\u00e3o marcaram a festa que comemorou os 5 anos de Murilo. Com o estilo country, o evento, que aconteceu no s\u00e1bado (15), na Fazenda S\u00e3o Domingos, em Mira\u00ed, reuniu familiares e amiguinhos, que puderam celebrar com Murilo esse momento t\u00e3o especial. O aniversariante recebe os parab\u00e9ns dos pais, Maur\u00edlio Carboni e Fabr\u00edcia Costa Ferraz Carboni, e dos irm\u00e3os, Igor e Millena. (Revele Photo)<\/p>\n<p>&nbsp;<\/p>\n<p>&nbsp;<\/p>\n<p><a href=\"https:\/\/anoticiaonline.com.br\/site\/wp-content\/uploads\/2017\/04\/1\u00ba-aninho-de-Helena.jpg\"><img loading=\"lazy\" decoding=\"async\" class=\"alignnone size-medium wp-image-28296\" src=\"https:\/\/anoticiaonline.com.br\/site\/wp-content\/uploads\/2017\/04\/1\u00ba-aninho-de-Helena-300x228.jpg\" alt=\"1\u00ba aninho de Helena\" width=\"300\" height=\"228\" srcset=\"https:\/\/anoticiaonline.com.br\/site\/wp-content\/uploads\/2017\/04\/1\u00ba-aninho-de-Helena-300x228.jpg 300w, https:\/\/anoticiaonline.com.br\/site\/wp-content\/uploads\/2017\/04\/1\u00ba-aninho-de-Helena.jpg 640w\" sizes=\"(max-width: 300px) 100vw, 300px\" \/><\/a><br \/>\n<strong>1\u00ba aninho de Helena<\/strong><\/p>\n<p>Muitos vivas para a Helena Santoro Guedes Magliano, que completou seu 1\u00ba aninho de vida. A aniversariante, que \u00e9 filha de Fernando Magliano e Fl\u00e1via de Paula Guedes Magliano e irm\u00e3 de Luma e Lui, ganhou uma festa no dia 8 deste m\u00eas, na AABB, em comemora\u00e7\u00e3o a esse momento t\u00e3o especial. Parab\u00e9ns, Helena! (Revele Photo)<\/p>\n<p>&nbsp;<\/p>\n<p>&nbsp;<\/p>\n<p><a href=\"https:\/\/anoticiaonline.com.br\/site\/wp-content\/uploads\/2017\/04\/80-anos-de-Ant\u00f4nio-Jos\u00e9.jpg\"><img loading=\"lazy\" decoding=\"async\" class=\"alignnone size-medium wp-image-28297\" src=\"https:\/\/anoticiaonline.com.br\/site\/wp-content\/uploads\/2017\/04\/80-anos-de-Ant\u00f4nio-Jos\u00e9-245x300.jpg\" alt=\"80 anos de Ant\u00f4nio Jos\u00e9\" width=\"245\" height=\"300\" srcset=\"https:\/\/anoticiaonline.com.br\/site\/wp-content\/uploads\/2017\/04\/80-anos-de-Ant\u00f4nio-Jos\u00e9-245x300.jpg 245w, https:\/\/anoticiaonline.com.br\/site\/wp-content\/uploads\/2017\/04\/80-anos-de-Ant\u00f4nio-Jos\u00e9.jpg 523w\" sizes=\"(max-width: 245px) 100vw, 245px\" \/><\/a><br \/>\n<strong>80 anos de Ant\u00f4nio Jos\u00e9<\/strong><\/p>\n<p>Os 80 anos de vida do senhor Ant\u00f4nio Jos\u00e9 Vieira Filho foram muito comemorados. A festa, que aconteceu no dia 8 deste m\u00eas, no Espa\u00e7o G\u00e1vea, reuniu familiares e amigos do aniversariante. O senhor Ant\u00f4nio Jos\u00e9 recebe os parab\u00e9ns da esposa, dona Amagdala Vilhena Vieira, dos filhos, S\u00e9rgio e Simone, dos netos, Gabriela e Bruce, da nora Margareth e do genro Gilmar. (Revele Photo)<\/p>\n","protected":false},"excerpt":{"rendered":"<p>Edi\u00e7\u00e3o 537, de 21 de abril de 2017 &nbsp; &nbsp; Parab\u00e9ns, Silvan! Quem completou idade nova no domingo (16) foi o jornalista Silvan Alves. O aniversariante recebe os parab\u00e9ns da equipe do A NOT\u00cdCIA, com desejos de muitas felicidades, sa\u00fade e ainda mais sucesso. &nbsp; &nbsp; Casamento de Let\u00edcia e Henrique A dentista Let\u00edcia Garcia &#8230; <a title=\"Sociarte:\" class=\"read-more\" href=\"https:\/\/anoticiaonline.com.br\/site\/sociarte-82\/\" aria-label=\"Read more about Sociarte:\">Ler mais<\/a><\/p>\n","protected":false},"author":2,"featured_media":0,"comment_status":"open","ping_status":"open","sticky":false,"template":"","format":"standard","meta":{"_acf_changed":false,"_monsterinsights_skip_tracking":false,"footnotes":""},"categories":[38],"tags":[],"class_list":["post-28290","post","type-post","status-publish","format-standard","hentry","category-sociarte"],"acf":[],"aioseo_notices":[],"aioseo_head":"\n\t\t<!-- All in One SEO 5.0.0.1 - aioseo.com -->\n\t<meta name=\"description\" content=\"Edi\u00e7\u00e3o 537, de 21 de abril de 2017 Parab\u00e9ns, Silvan! Quem completou idade nova no domingo (16) foi o jornalista Silvan Alves. O aniversariante recebe os parab\u00e9ns da equipe do A NOT\u00cdCIA, com desejos de muitas felicidades, sa\u00fade e ainda mais sucesso. Casamento de Let\u00edcia e Henrique A dentista Let\u00edcia Garcia\" \/>\n\t<meta name=\"robots\" content=\"max-image-preview:large\" \/>\n\t<meta name=\"author\" content=\"Juliana Laviola\"\/>\n\t<link rel=\"canonical\" href=\"https:\/\/anoticiaonline.com.br\/site\/sociarte-82\/\" \/>\n\t<meta name=\"generator\" content=\"All in One SEO (AIOSEO) 5.0.0.1\" \/>\n\t\t<meta property=\"og:locale\" content=\"pt_BR\" \/>\n\t\t<meta property=\"og:site_name\" content=\"A Not\u00edcia Online - Noticias de Muria\u00e9 e regi\u00e3o\" \/>\n\t\t<meta property=\"og:type\" content=\"article\" \/>\n\t\t<meta property=\"og:title\" content=\"Sociarte: - A Not\u00edcia Online\" \/>\n\t\t<meta property=\"og:description\" content=\"Edi\u00e7\u00e3o 537, de 21 de abril de 2017 Parab\u00e9ns, Silvan! Quem completou idade nova no domingo (16) foi o jornalista Silvan Alves. O aniversariante recebe os parab\u00e9ns da equipe do A NOT\u00cdCIA, com desejos de muitas felicidades, sa\u00fade e ainda mais sucesso. Casamento de Let\u00edcia e Henrique A dentista Let\u00edcia Garcia\" \/>\n\t\t<meta property=\"og:url\" content=\"https:\/\/anoticiaonline.com.br\/site\/sociarte-82\/\" \/>\n\t\t<meta property=\"og:image\" content=\"https:\/\/scontent-gig4-1.xx.fbcdn.net\/v\/t39.30808-1\/270437624_4564083193639691_6907940295614233970_n.jpg?stp=dst-jpg_s200x200_tt6&#038;_nc_cat=111&#038;ccb=1-7&#038;_nc_sid=f907e8&#038;_nc_ohc=SM1wRlP3lJwQ7kNvwEPuBYA&#038;_nc_oc=AdnqrjDN_BNjSSHWO-GbkIWH6fkGMLw4bqvL_NH6e2wMveX7G-rP2dAqsDSq1mJMOaY&#038;_nc_zt=24&#038;_nc_ht=scontent-gig4-1.xx&#038;_nc_gid=AoBFJeGrT1hVaew_6rchkQ&#038;oh=00_AfX7QmFGhQhG2jAllVgXCiM1ZrWgvtp80-Bfppyexh1QEg&#038;oe=689E923C\" \/>\n\t\t<meta property=\"og:image:secure_url\" content=\"https:\/\/scontent-gig4-1.xx.fbcdn.net\/v\/t39.30808-1\/270437624_4564083193639691_6907940295614233970_n.jpg?stp=dst-jpg_s200x200_tt6&#038;_nc_cat=111&#038;ccb=1-7&#038;_nc_sid=f907e8&#038;_nc_ohc=SM1wRlP3lJwQ7kNvwEPuBYA&#038;_nc_oc=AdnqrjDN_BNjSSHWO-GbkIWH6fkGMLw4bqvL_NH6e2wMveX7G-rP2dAqsDSq1mJMOaY&#038;_nc_zt=24&#038;_nc_ht=scontent-gig4-1.xx&#038;_nc_gid=AoBFJeGrT1hVaew_6rchkQ&#038;oh=00_AfX7QmFGhQhG2jAllVgXCiM1ZrWgvtp80-Bfppyexh1QEg&#038;oe=689E923C\" \/>\n\t\t<meta property=\"article:published_time\" content=\"2017-04-19T11:00:56+00:00\" \/>\n\t\t<meta property=\"article:modified_time\" content=\"2017-04-20T13:26:18+00:00\" \/>\n\t\t<meta name=\"twitter:card\" content=\"summary_large_image\" \/>\n\t\t<meta name=\"twitter:title\" content=\"Sociarte: - A Not\u00edcia Online\" \/>\n\t\t<meta name=\"twitter:description\" content=\"Edi\u00e7\u00e3o 537, de 21 de abril de 2017 Parab\u00e9ns, Silvan! Quem completou idade nova no domingo (16) foi o jornalista Silvan Alves. O aniversariante recebe os parab\u00e9ns da equipe do A NOT\u00cdCIA, com desejos de muitas felicidades, sa\u00fade e ainda mais sucesso. Casamento de Let\u00edcia e Henrique A dentista Let\u00edcia Garcia\" \/>\n\t\t<meta name=\"twitter:image\" content=\"https:\/\/scontent-gig4-1.xx.fbcdn.net\/v\/t39.30808-1\/270437624_4564083193639691_6907940295614233970_n.jpg?stp=dst-jpg_s200x200_tt6&amp;_nc_cat=111&amp;ccb=1-7&amp;_nc_sid=f907e8&amp;_nc_ohc=SM1wRlP3lJwQ7kNvwEPuBYA&amp;_nc_oc=AdnqrjDN_BNjSSHWO-GbkIWH6fkGMLw4bqvL_NH6e2wMveX7G-rP2dAqsDSq1mJMOaY&amp;_nc_zt=24&amp;_nc_ht=scontent-gig4-1.xx&amp;_nc_gid=AoBFJeGrT1hVaew_6rchkQ&amp;oh=00_AfX7QmFGhQhG2jAllVgXCiM1ZrWgvtp80-Bfppyexh1QEg&amp;oe=689E923C\" \/>\n\t\t<script type=\"application\/ld+json\" class=\"aioseo-schema\">\n\t\t\t{\"@context\":\"https:\\\/\\\/schema.org\",\"@graph\":[{\"@type\":\"BlogPosting\",\"@id\":\"https:\\\/\\\/anoticiaonline.com.br\\\/site\\\/sociarte-82\\\/#blogposting\",\"name\":\"Sociarte: - A Not\\u00edcia Online\",\"headline\":\"Sociarte:\",\"author\":{\"@id\":\"https:\\\/\\\/anoticiaonline.com.br\\\/site\\\/author\\\/juliana\\\/#author\"},\"publisher\":{\"@id\":\"https:\\\/\\\/anoticiaonline.com.br\\\/site\\\/#organization\"},\"image\":{\"@type\":\"ImageObject\",\"url\":\"http:\\\/\\\/anoticiaonline.com.br\\\/site\\\/wp-content\\\/uploads\\\/2017\\\/04\\\/Parab\\u00e9ns-Silvan-300x288.jpg\",\"@id\":\"https:\\\/\\\/anoticiaonline.com.br\\\/site\\\/sociarte-82\\\/#articleImage\"},\"datePublished\":\"2017-04-19T08:00:56-03:00\",\"dateModified\":\"2017-04-20T10:26:18-03:00\",\"inLanguage\":\"pt-BR\",\"mainEntityOfPage\":{\"@id\":\"https:\\\/\\\/anoticiaonline.com.br\\\/site\\\/sociarte-82\\\/#webpage\"},\"isPartOf\":{\"@id\":\"https:\\\/\\\/anoticiaonline.com.br\\\/site\\\/sociarte-82\\\/#webpage\"},\"articleSection\":\"Sociarte\"},{\"@type\":\"BreadcrumbList\",\"@id\":\"https:\\\/\\\/anoticiaonline.com.br\\\/site\\\/sociarte-82\\\/#breadcrumblist\",\"itemListElement\":[{\"@type\":\"ListItem\",\"@id\":\"https:\\\/\\\/anoticiaonline.com.br\\\/site#listItem\",\"position\":1,\"name\":\"Home\",\"item\":\"https:\\\/\\\/anoticiaonline.com.br\\\/site\",\"nextItem\":{\"@type\":\"ListItem\",\"@id\":\"https:\\\/\\\/anoticiaonline.com.br\\\/site\\\/categoria\\\/colunistas\\\/#listItem\",\"name\":\"Colunistas\"}},{\"@type\":\"ListItem\",\"@id\":\"https:\\\/\\\/anoticiaonline.com.br\\\/site\\\/categoria\\\/colunistas\\\/#listItem\",\"position\":2,\"name\":\"Colunistas\",\"item\":\"https:\\\/\\\/anoticiaonline.com.br\\\/site\\\/categoria\\\/colunistas\\\/\",\"nextItem\":{\"@type\":\"ListItem\",\"@id\":\"https:\\\/\\\/anoticiaonline.com.br\\\/site\\\/categoria\\\/colunistas\\\/sociarte\\\/#listItem\",\"name\":\"Sociarte\"},\"previousItem\":{\"@type\":\"ListItem\",\"@id\":\"https:\\\/\\\/anoticiaonline.com.br\\\/site#listItem\",\"name\":\"Home\"}},{\"@type\":\"ListItem\",\"@id\":\"https:\\\/\\\/anoticiaonline.com.br\\\/site\\\/categoria\\\/colunistas\\\/sociarte\\\/#listItem\",\"position\":3,\"name\":\"Sociarte\",\"item\":\"https:\\\/\\\/anoticiaonline.com.br\\\/site\\\/categoria\\\/colunistas\\\/sociarte\\\/\",\"nextItem\":{\"@type\":\"ListItem\",\"@id\":\"https:\\\/\\\/anoticiaonline.com.br\\\/site\\\/sociarte-82\\\/#listItem\",\"name\":\"Sociarte:\"},\"previousItem\":{\"@type\":\"ListItem\",\"@id\":\"https:\\\/\\\/anoticiaonline.com.br\\\/site\\\/categoria\\\/colunistas\\\/#listItem\",\"name\":\"Colunistas\"}},{\"@type\":\"ListItem\",\"@id\":\"https:\\\/\\\/anoticiaonline.com.br\\\/site\\\/sociarte-82\\\/#listItem\",\"position\":4,\"name\":\"Sociarte:\",\"previousItem\":{\"@type\":\"ListItem\",\"@id\":\"https:\\\/\\\/anoticiaonline.com.br\\\/site\\\/categoria\\\/colunistas\\\/sociarte\\\/#listItem\",\"name\":\"Sociarte\"}}]},{\"@type\":\"Organization\",\"@id\":\"https:\\\/\\\/anoticiaonline.com.br\\\/site\\\/#organization\",\"name\":\"A Not\\u00edcia Online\",\"description\":\"Noticias de Muria\\u00e9 e regi\\u00e3o\",\"url\":\"https:\\\/\\\/anoticiaonline.com.br\\\/site\\\/\",\"logo\":{\"@type\":\"ImageObject\",\"url\":\"https:\\\/\\\/scontent-gig4-1.xx.fbcdn.net\\\/v\\\/t39.30808-1\\\/270437624_4564083193639691_6907940295614233970_n.jpg?stp=dst-jpg_s200x200_tt6&_nc_cat=111&ccb=1-7&_nc_sid=f907e8&_nc_ohc=SM1wRlP3lJwQ7kNvwEPuBYA&_nc_oc=AdnqrjDN_BNjSSHWO-GbkIWH6fkGMLw4bqvL_NH6e2wMveX7G-rP2dAqsDSq1mJMOaY&_nc_zt=24&_nc_ht=scontent-gig4-1.xx&_nc_gid=AoBFJeGrT1hVaew_6rchkQ&oh=00_AfX7QmFGhQhG2jAllVgXCiM1ZrWgvtp80-Bfppyexh1QEg&oe=689E923C\",\"@id\":\"https:\\\/\\\/anoticiaonline.com.br\\\/site\\\/sociarte-82\\\/#organizationLogo\"},\"image\":{\"@id\":\"https:\\\/\\\/anoticiaonline.com.br\\\/site\\\/sociarte-82\\\/#organizationLogo\"}},{\"@type\":\"Person\",\"@id\":\"https:\\\/\\\/anoticiaonline.com.br\\\/site\\\/author\\\/juliana\\\/#author\",\"url\":\"https:\\\/\\\/anoticiaonline.com.br\\\/site\\\/author\\\/juliana\\\/\",\"name\":\"Juliana Laviola\",\"image\":{\"@type\":\"ImageObject\",\"@id\":\"https:\\\/\\\/anoticiaonline.com.br\\\/site\\\/sociarte-82\\\/#authorImage\",\"url\":\"https:\\\/\\\/secure.gravatar.com\\\/avatar\\\/b8d45f5c699b100dfaf0e543582f38f38bf94cb7ae3a5e9abf8d891a34773335?s=96&d=mm&r=g\",\"width\":96,\"height\":96,\"caption\":\"Juliana Laviola\"}},{\"@type\":\"WebPage\",\"@id\":\"https:\\\/\\\/anoticiaonline.com.br\\\/site\\\/sociarte-82\\\/#webpage\",\"url\":\"https:\\\/\\\/anoticiaonline.com.br\\\/site\\\/sociarte-82\\\/\",\"name\":\"Sociarte: - A Not\\u00edcia Online\",\"description\":\"Edi\\u00e7\\u00e3o 537, de 21 de abril de 2017 Parab\\u00e9ns, Silvan! Quem completou idade nova no domingo (16) foi o jornalista Silvan Alves. O aniversariante recebe os parab\\u00e9ns da equipe do A NOT\\u00cdCIA, com desejos de muitas felicidades, sa\\u00fade e ainda mais sucesso. Casamento de Let\\u00edcia e Henrique A dentista Let\\u00edcia Garcia\",\"inLanguage\":\"pt-BR\",\"isPartOf\":{\"@id\":\"https:\\\/\\\/anoticiaonline.com.br\\\/site\\\/#website\"},\"breadcrumb\":{\"@id\":\"https:\\\/\\\/anoticiaonline.com.br\\\/site\\\/sociarte-82\\\/#breadcrumblist\"},\"author\":{\"@id\":\"https:\\\/\\\/anoticiaonline.com.br\\\/site\\\/author\\\/juliana\\\/#author\"},\"creator\":{\"@id\":\"https:\\\/\\\/anoticiaonline.com.br\\\/site\\\/author\\\/juliana\\\/#author\"},\"datePublished\":\"2017-04-19T08:00:56-03:00\",\"dateModified\":\"2017-04-20T10:26:18-03:00\"},{\"@type\":\"WebSite\",\"@id\":\"https:\\\/\\\/anoticiaonline.com.br\\\/site\\\/#website\",\"url\":\"https:\\\/\\\/anoticiaonline.com.br\\\/site\\\/\",\"name\":\"A Not\\u00edcia Online\",\"description\":\"Noticias de Muria\\u00e9 e regi\\u00e3o\",\"inLanguage\":\"pt-BR\",\"publisher\":{\"@id\":\"https:\\\/\\\/anoticiaonline.com.br\\\/site\\\/#organization\"}}]}\n\t\t<\/script>\n\t\t<!-- All in One SEO -->\n\n","aioseo_head_json":{"title":"Sociarte: - A Not\u00edcia Online","description":"Edi\u00e7\u00e3o 537, de 21 de abril de 2017 Parab\u00e9ns, Silvan! Quem completou idade nova no domingo (16) foi o jornalista Silvan Alves. O aniversariante recebe os parab\u00e9ns da equipe do A NOT\u00cdCIA, com desejos de muitas felicidades, sa\u00fade e ainda mais sucesso. Casamento de Let\u00edcia e Henrique A dentista Let\u00edcia Garcia","canonical_url":"https:\/\/anoticiaonline.com.br\/site\/sociarte-82\/","robots":"max-image-preview:large","keywords":"","webmasterTools":{"miscellaneous":""},"schema":{"@context":"https:\/\/schema.org","@graph":[{"@type":"BlogPosting","@id":"https:\/\/anoticiaonline.com.br\/site\/sociarte-82\/#blogposting","name":"Sociarte: - A Not\u00edcia Online","headline":"Sociarte:","author":{"@id":"https:\/\/anoticiaonline.com.br\/site\/author\/juliana\/#author"},"publisher":{"@id":"https:\/\/anoticiaonline.com.br\/site\/#organization"},"image":{"@type":"ImageObject","url":"http:\/\/anoticiaonline.com.br\/site\/wp-content\/uploads\/2017\/04\/Parab\u00e9ns-Silvan-300x288.jpg","@id":"https:\/\/anoticiaonline.com.br\/site\/sociarte-82\/#articleImage"},"datePublished":"2017-04-19T08:00:56-03:00","dateModified":"2017-04-20T10:26:18-03:00","inLanguage":"pt-BR","mainEntityOfPage":{"@id":"https:\/\/anoticiaonline.com.br\/site\/sociarte-82\/#webpage"},"isPartOf":{"@id":"https:\/\/anoticiaonline.com.br\/site\/sociarte-82\/#webpage"},"articleSection":"Sociarte"},{"@type":"BreadcrumbList","@id":"https:\/\/anoticiaonline.com.br\/site\/sociarte-82\/#breadcrumblist","itemListElement":[{"@type":"ListItem","@id":"https:\/\/anoticiaonline.com.br\/site#listItem","position":1,"name":"Home","item":"https:\/\/anoticiaonline.com.br\/site","nextItem":{"@type":"ListItem","@id":"https:\/\/anoticiaonline.com.br\/site\/categoria\/colunistas\/#listItem","name":"Colunistas"}},{"@type":"ListItem","@id":"https:\/\/anoticiaonline.com.br\/site\/categoria\/colunistas\/#listItem","position":2,"name":"Colunistas","item":"https:\/\/anoticiaonline.com.br\/site\/categoria\/colunistas\/","nextItem":{"@type":"ListItem","@id":"https:\/\/anoticiaonline.com.br\/site\/categoria\/colunistas\/sociarte\/#listItem","name":"Sociarte"},"previousItem":{"@type":"ListItem","@id":"https:\/\/anoticiaonline.com.br\/site#listItem","name":"Home"}},{"@type":"ListItem","@id":"https:\/\/anoticiaonline.com.br\/site\/categoria\/colunistas\/sociarte\/#listItem","position":3,"name":"Sociarte","item":"https:\/\/anoticiaonline.com.br\/site\/categoria\/colunistas\/sociarte\/","nextItem":{"@type":"ListItem","@id":"https:\/\/anoticiaonline.com.br\/site\/sociarte-82\/#listItem","name":"Sociarte:"},"previousItem":{"@type":"ListItem","@id":"https:\/\/anoticiaonline.com.br\/site\/categoria\/colunistas\/#listItem","name":"Colunistas"}},{"@type":"ListItem","@id":"https:\/\/anoticiaonline.com.br\/site\/sociarte-82\/#listItem","position":4,"name":"Sociarte:","previousItem":{"@type":"ListItem","@id":"https:\/\/anoticiaonline.com.br\/site\/categoria\/colunistas\/sociarte\/#listItem","name":"Sociarte"}}]},{"@type":"Organization","@id":"https:\/\/anoticiaonline.com.br\/site\/#organization","name":"A Not\u00edcia Online","description":"Noticias de Muria\u00e9 e regi\u00e3o","url":"https:\/\/anoticiaonline.com.br\/site\/","logo":{"@type":"ImageObject","url":"https:\/\/scontent-gig4-1.xx.fbcdn.net\/v\/t39.30808-1\/270437624_4564083193639691_6907940295614233970_n.jpg?stp=dst-jpg_s200x200_tt6&_nc_cat=111&ccb=1-7&_nc_sid=f907e8&_nc_ohc=SM1wRlP3lJwQ7kNvwEPuBYA&_nc_oc=AdnqrjDN_BNjSSHWO-GbkIWH6fkGMLw4bqvL_NH6e2wMveX7G-rP2dAqsDSq1mJMOaY&_nc_zt=24&_nc_ht=scontent-gig4-1.xx&_nc_gid=AoBFJeGrT1hVaew_6rchkQ&oh=00_AfX7QmFGhQhG2jAllVgXCiM1ZrWgvtp80-Bfppyexh1QEg&oe=689E923C","@id":"https:\/\/anoticiaonline.com.br\/site\/sociarte-82\/#organizationLogo"},"image":{"@id":"https:\/\/anoticiaonline.com.br\/site\/sociarte-82\/#organizationLogo"}},{"@type":"Person","@id":"https:\/\/anoticiaonline.com.br\/site\/author\/juliana\/#author","url":"https:\/\/anoticiaonline.com.br\/site\/author\/juliana\/","name":"Juliana Laviola","image":{"@type":"ImageObject","@id":"https:\/\/anoticiaonline.com.br\/site\/sociarte-82\/#authorImage","url":"https:\/\/secure.gravatar.com\/avatar\/b8d45f5c699b100dfaf0e543582f38f38bf94cb7ae3a5e9abf8d891a34773335?s=96&d=mm&r=g","width":96,"height":96,"caption":"Juliana Laviola"}},{"@type":"WebPage","@id":"https:\/\/anoticiaonline.com.br\/site\/sociarte-82\/#webpage","url":"https:\/\/anoticiaonline.com.br\/site\/sociarte-82\/","name":"Sociarte: - A Not\u00edcia Online","description":"Edi\u00e7\u00e3o 537, de 21 de abril de 2017 Parab\u00e9ns, Silvan! Quem completou idade nova no domingo (16) foi o jornalista Silvan Alves. O aniversariante recebe os parab\u00e9ns da equipe do A NOT\u00cdCIA, com desejos de muitas felicidades, sa\u00fade e ainda mais sucesso. Casamento de Let\u00edcia e Henrique A dentista Let\u00edcia Garcia","inLanguage":"pt-BR","isPartOf":{"@id":"https:\/\/anoticiaonline.com.br\/site\/#website"},"breadcrumb":{"@id":"https:\/\/anoticiaonline.com.br\/site\/sociarte-82\/#breadcrumblist"},"author":{"@id":"https:\/\/anoticiaonline.com.br\/site\/author\/juliana\/#author"},"creator":{"@id":"https:\/\/anoticiaonline.com.br\/site\/author\/juliana\/#author"},"datePublished":"2017-04-19T08:00:56-03:00","dateModified":"2017-04-20T10:26:18-03:00"},{"@type":"WebSite","@id":"https:\/\/anoticiaonline.com.br\/site\/#website","url":"https:\/\/anoticiaonline.com.br\/site\/","name":"A Not\u00edcia Online","description":"Noticias de Muria\u00e9 e regi\u00e3o","inLanguage":"pt-BR","publisher":{"@id":"https:\/\/anoticiaonline.com.br\/site\/#organization"}}]},"og:locale":"pt_BR","og:site_name":"A Not\u00edcia Online - Noticias de Muria\u00e9 e regi\u00e3o","og:type":"article","og:title":"Sociarte: - A Not\u00edcia Online","og:description":"Edi\u00e7\u00e3o 537, de 21 de abril de 2017 Parab\u00e9ns, Silvan! Quem completou idade nova no domingo (16) foi o jornalista Silvan Alves. O aniversariante recebe os parab\u00e9ns da equipe do A NOT\u00cdCIA, com desejos de muitas felicidades, sa\u00fade e ainda mais sucesso. Casamento de Let\u00edcia e Henrique A dentista Let\u00edcia Garcia","og:url":"https:\/\/anoticiaonline.com.br\/site\/sociarte-82\/","og:image":"https:\/\/scontent-gig4-1.xx.fbcdn.net\/v\/t39.30808-1\/270437624_4564083193639691_6907940295614233970_n.jpg?stp=dst-jpg_s200x200_tt6&#038;_nc_cat=111&#038;ccb=1-7&#038;_nc_sid=f907e8&#038;_nc_ohc=SM1wRlP3lJwQ7kNvwEPuBYA&#038;_nc_oc=AdnqrjDN_BNjSSHWO-GbkIWH6fkGMLw4bqvL_NH6e2wMveX7G-rP2dAqsDSq1mJMOaY&#038;_nc_zt=24&#038;_nc_ht=scontent-gig4-1.xx&#038;_nc_gid=AoBFJeGrT1hVaew_6rchkQ&#038;oh=00_AfX7QmFGhQhG2jAllVgXCiM1ZrWgvtp80-Bfppyexh1QEg&#038;oe=689E923C","og:image:secure_url":"https:\/\/scontent-gig4-1.xx.fbcdn.net\/v\/t39.30808-1\/270437624_4564083193639691_6907940295614233970_n.jpg?stp=dst-jpg_s200x200_tt6&#038;_nc_cat=111&#038;ccb=1-7&#038;_nc_sid=f907e8&#038;_nc_ohc=SM1wRlP3lJwQ7kNvwEPuBYA&#038;_nc_oc=AdnqrjDN_BNjSSHWO-GbkIWH6fkGMLw4bqvL_NH6e2wMveX7G-rP2dAqsDSq1mJMOaY&#038;_nc_zt=24&#038;_nc_ht=scontent-gig4-1.xx&#038;_nc_gid=AoBFJeGrT1hVaew_6rchkQ&#038;oh=00_AfX7QmFGhQhG2jAllVgXCiM1ZrWgvtp80-Bfppyexh1QEg&#038;oe=689E923C","article:published_time":"2017-04-19T11:00:56+00:00","article:modified_time":"2017-04-20T13:26:18+00:00","twitter:card":"summary_large_image","twitter:title":"Sociarte: - A Not\u00edcia Online","twitter:description":"Edi\u00e7\u00e3o 537, de 21 de abril de 2017 Parab\u00e9ns, Silvan! Quem completou idade nova no domingo (16) foi o jornalista Silvan Alves. O aniversariante recebe os parab\u00e9ns da equipe do A NOT\u00cdCIA, com desejos de muitas felicidades, sa\u00fade e ainda mais sucesso. Casamento de Let\u00edcia e Henrique A dentista Let\u00edcia Garcia","twitter:image":"https:\/\/scontent-gig4-1.xx.fbcdn.net\/v\/t39.30808-1\/270437624_4564083193639691_6907940295614233970_n.jpg?stp=dst-jpg_s200x200_tt6&_nc_cat=111&ccb=1-7&_nc_sid=f907e8&_nc_ohc=SM1wRlP3lJwQ7kNvwEPuBYA&_nc_oc=AdnqrjDN_BNjSSHWO-GbkIWH6fkGMLw4bqvL_NH6e2wMveX7G-rP2dAqsDSq1mJMOaY&_nc_zt=24&_nc_ht=scontent-gig4-1.xx&_nc_gid=AoBFJeGrT1hVaew_6rchkQ&oh=00_AfX7QmFGhQhG2jAllVgXCiM1ZrWgvtp80-Bfppyexh1QEg&oe=689E923C"},"aioseo_meta_data":{"post_id":"28290","title":null,"description":null,"keywords":null,"keyphrases":null,"primary_term":null,"canonical_url":null,"og_title":null,"og_description":null,"og_object_type":"default","og_image_type":"default","og_image_url":null,"og_image_width":null,"og_image_height":null,"og_image_custom_url":null,"og_image_custom_fields":null,"og_video":null,"og_custom_url":null,"og_article_section":null,"og_article_tags":null,"twitter_use_og":false,"twitter_card":"default","twitter_image_type":"default","twitter_image_url":null,"twitter_image_custom_url":null,"twitter_image_custom_fields":null,"twitter_title":null,"twitter_description":null,"schema":{"blockGraphs":[],"customGraphs":[],"default":{"data":{"Article":[],"Course":[],"Dataset":[],"FAQPage":[],"Movie":[],"Person":[],"Product":[],"ProductReview":[],"Car":[],"Recipe":[],"Service":[],"SoftwareApplication":[],"WebPage":[]},"graphName":"","isEnabled":true},"graphs":[]},"schema_type":"default","schema_type_options":null,"pillar_content":false,"robots_default":true,"robots_noindex":false,"robots_noarchive":false,"robots_nosnippet":false,"robots_nofollow":false,"robots_noimageindex":false,"robots_noodp":false,"robots_notranslate":false,"robots_max_snippet":null,"robots_max_videopreview":null,"robots_max_imagepreview":"large","priority":null,"frequency":null,"local_seo":null,"breadcrumb_settings":null,"limit_modified_date":false,"ai":null,"created":"2025-08-16 18:14:09","updated":"2025-08-16 18:14:09","focus_keyword":null,"additional_keywords":null,"truseo_locale":null,"seo_analyzer_scan_date":null},"aioseo_breadcrumb":"<div class=\"aioseo-breadcrumbs\"><span class=\"aioseo-breadcrumb\">\n\t\t\t<a href=\"https:\/\/anoticiaonline.com.br\/site\" title=\"Home\">Home<\/a>\n\t\t<\/span><span class=\"aioseo-breadcrumb-separator\">&raquo;<\/span><span class=\"aioseo-breadcrumb\">\n\t\t\t<a href=\"https:\/\/anoticiaonline.com.br\/site\/categoria\/colunistas\/\" title=\"Colunistas\">Colunistas<\/a>\n\t\t<\/span><span class=\"aioseo-breadcrumb-separator\">&raquo;<\/span><span class=\"aioseo-breadcrumb\">\n\t\t\t<a href=\"https:\/\/anoticiaonline.com.br\/site\/categoria\/colunistas\/sociarte\/\" title=\"Sociarte\">Sociarte<\/a>\n\t\t<\/span><span class=\"aioseo-breadcrumb-separator\">&raquo;<\/span><span class=\"aioseo-breadcrumb\">\n\t\t\tSociarte:\n\t\t<\/span><\/div>","aioseo_breadcrumb_json":[{"label":"Home","link":"https:\/\/anoticiaonline.com.br\/site"},{"label":"Colunistas","link":"https:\/\/anoticiaonline.com.br\/site\/categoria\/colunistas\/"},{"label":"Sociarte","link":"https:\/\/anoticiaonline.com.br\/site\/categoria\/colunistas\/sociarte\/"},{"label":"Sociarte:","link":"https:\/\/anoticiaonline.com.br\/site\/sociarte-82\/"}],"views":158,"_links":{"self":[{"href":"https:\/\/anoticiaonline.com.br\/site\/wp-json\/wp\/v2\/posts\/28290","targetHints":{"allow":["GET"]}}],"collection":[{"href":"https:\/\/anoticiaonline.com.br\/site\/wp-json\/wp\/v2\/posts"}],"about":[{"href":"https:\/\/anoticiaonline.com.br\/site\/wp-json\/wp\/v2\/types\/post"}],"author":[{"embeddable":true,"href":"https:\/\/anoticiaonline.com.br\/site\/wp-json\/wp\/v2\/users\/2"}],"replies":[{"embeddable":true,"href":"https:\/\/anoticiaonline.com.br\/site\/wp-json\/wp\/v2\/comments?post=28290"}],"version-history":[{"count":0,"href":"https:\/\/anoticiaonline.com.br\/site\/wp-json\/wp\/v2\/posts\/28290\/revisions"}],"wp:attachment":[{"href":"https:\/\/anoticiaonline.com.br\/site\/wp-json\/wp\/v2\/media?parent=28290"}],"wp:term":[{"taxonomy":"category","embeddable":true,"href":"https:\/\/anoticiaonline.com.br\/site\/wp-json\/wp\/v2\/categories?post=28290"},{"taxonomy":"post_tag","embeddable":true,"href":"https:\/\/anoticiaonline.com.br\/site\/wp-json\/wp\/v2\/tags?post=28290"}],"curies":[{"name":"wp","href":"https:\/\/api.w.org\/{rel}","templated":true}]}}