{"id":28285,"date":"2017-04-18T15:18:12","date_gmt":"2017-04-18T18:18:12","guid":{"rendered":"http:\/\/anoticiaonline.com.br\/site\/?p=28285"},"modified":"2017-04-18T15:22:05","modified_gmt":"2017-04-18T18:22:05","slug":"pequeninos-e-municki-modas-sao-reinauguradas-em-novo-espaco","status":"publish","type":"post","link":"https:\/\/anoticiaonline.com.br\/site\/pequeninos-e-municki-modas-sao-reinauguradas-em-novo-espaco\/","title":{"rendered":"Pequenino\u2019s e Municki Modas s\u00e3o reinauguradas em novo espa\u00e7o"},"content":{"rendered":"<p><a href=\"https:\/\/anoticiaonline.com.br\/site\/wp-content\/uploads\/2017\/04\/DSC_1089.jpg\"><img fetchpriority=\"high\" decoding=\"async\" class=\" size-medium wp-image-28286 alignleft\" src=\"https:\/\/anoticiaonline.com.br\/site\/wp-content\/uploads\/2017\/04\/DSC_1089-300x257.jpg\" alt=\"DSC_1089\" width=\"300\" height=\"257\" srcset=\"https:\/\/anoticiaonline.com.br\/site\/wp-content\/uploads\/2017\/04\/DSC_1089-300x257.jpg 300w, https:\/\/anoticiaonline.com.br\/site\/wp-content\/uploads\/2017\/04\/DSC_1089.jpg 640w\" sizes=\"(max-width: 300px) 100vw, 300px\" \/><\/a>A Pequenino\u2019s, tradicional loja de roupas, cal\u00e7ados, acess\u00f3rios e m\u00f3veis infantojuvenis do bairro Dornelas, foi reinaugurada e est\u00e1 funcionando em um novo espa\u00e7o, mais amplo e confort\u00e1vel. A loja est\u00e1 localizada na mesma rua, Paschoal Demarques, por\u00e9m, agora no n\u00famero 131, onde funcionava a Municki Modas.<\/p>\n<p>Visando o conforto e a comodidade dos clientes, as irm\u00e3s Marcelina Rodrigues Pereira Corr\u00eaa (propriet\u00e1ria da Pequenino\u2019s) e Mara L\u00facia Rodrigues (propriet\u00e1ria da Municki Modas) trocaram as duas lojas de local. Com a mudan\u00e7a, a Pequenino\u2019s, que est\u00e1 h\u00e1 dez anos no mercado, reuniu em um s\u00f3 lugar a Pequenino\u2019s Baby e a Pequenino\u2019s Infantojuvenil, oferecendo, agora, uma linha completa de roupas, cal\u00e7ados, acess\u00f3rios e m\u00f3veis de zero a 18 anos, em um ambiente maior e mais confort\u00e1vel.<\/p>\n<p>J\u00e1 a Municki Modas, que tem 30 anos de tradi\u00e7\u00e3o, est\u00e1 funcionando em um local mais aconchegante, na loja da Rua Paschoal Demarques, 68. Com isso, os clientes ter\u00e3o melhor atendimento durante as suas compras.<\/p>\n<p>Cliente da Pequenino\u2019s h\u00e1 dez anos, Franciele Farias da Silva elogia o novo espa\u00e7o e o atendimento. \u201cA equipe \u00e9 muito atenciosa. Os pre\u00e7os tamb\u00e9m s\u00e3o \u00f3timos. Desejo muito sucesso nesse novo endere\u00e7o\u201d, diz.<\/p>\n<p>Tamb\u00e9m cliente da loja, Ana Cristina de Oliveira Alves Rocha aprovou o novo espa\u00e7o. \u201cA loja ficou muito mais bonita e espa\u00e7osa. Est\u00e1 tudo muito bonito. Eu gostei muito\u201d, elogia.<\/p>\n<p><strong>GALERIA DE FOTOS:<\/strong><\/p>\n<p><img decoding=\"async\" class=\"ngg_displayed_gallery mceItem\" src=\"https:\/\/anoticiaonline.com.br\/site\/nextgen-attach_to_post\/preview\/id--28287\" alt=\"\" \/><\/p>\n","protected":false},"excerpt":{"rendered":"<p>A Pequenino\u2019s, tradicional loja de roupas, cal\u00e7ados, acess\u00f3rios e m\u00f3veis infantojuvenis do bairro Dornelas, foi reinaugurada e est\u00e1 funcionando em um novo espa\u00e7o, mais amplo e confort\u00e1vel. A loja est\u00e1 localizada na mesma rua, Paschoal Demarques, por\u00e9m, agora no n\u00famero 131, onde funcionava a Municki Modas. Visando o conforto e a comodidade dos clientes, as &#8230; <a title=\"Pequenino\u2019s e Municki Modas s\u00e3o reinauguradas em novo espa\u00e7o\" class=\"read-more\" href=\"https:\/\/anoticiaonline.com.br\/site\/pequeninos-e-municki-modas-sao-reinauguradas-em-novo-espaco\/\" aria-label=\"Read more about Pequenino\u2019s e Municki Modas s\u00e3o reinauguradas em novo espa\u00e7o\">Ler mais<\/a><\/p>\n","protected":false},"author":2,"featured_media":28286,"comment_status":"open","ping_status":"open","sticky":false,"template":"","format":"standard","meta":{"_acf_changed":false,"_monsterinsights_skip_tracking":false,"footnotes":""},"categories":[24],"tags":[3],"class_list":["post-28285","post","type-post","status-publish","format-standard","has-post-thumbnail","hentry","category-eventos","tag-slide"],"acf":[],"aioseo_notices":[],"aioseo_head":"\n\t\t<!-- All in One SEO 5.0.0.1 - aioseo.com -->\n\t<meta name=\"description\" content=\"A Pequenino\u2019s, tradicional loja de roupas, cal\u00e7ados, acess\u00f3rios e m\u00f3veis infantojuvenis do bairro Dornelas, foi reinaugurada e est\u00e1 funcionando em um novo espa\u00e7o, mais amplo e confort\u00e1vel. A loja est\u00e1 localizada na mesma rua, Paschoal Demarques, por\u00e9m, agora no n\u00famero 131, onde funcionava a Municki Modas. Visando o conforto e a comodidade dos clientes, as\" \/>\n\t<meta name=\"robots\" content=\"max-image-preview:large\" \/>\n\t<meta name=\"author\" content=\"Juliana Laviola\"\/>\n\t<link rel=\"canonical\" href=\"https:\/\/anoticiaonline.com.br\/site\/pequeninos-e-municki-modas-sao-reinauguradas-em-novo-espaco\/\" \/>\n\t<meta name=\"generator\" content=\"All in One SEO (AIOSEO) 5.0.0.1\" \/>\n\t\t<meta property=\"og:locale\" content=\"pt_BR\" \/>\n\t\t<meta property=\"og:site_name\" content=\"A Not\u00edcia Online - Noticias de Muria\u00e9 e regi\u00e3o\" \/>\n\t\t<meta property=\"og:type\" content=\"article\" \/>\n\t\t<meta property=\"og:title\" content=\"Pequenino\u2019s e Municki Modas s\u00e3o reinauguradas em novo espa\u00e7o - A Not\u00edcia Online\" \/>\n\t\t<meta property=\"og:description\" content=\"A Pequenino\u2019s, tradicional loja de roupas, cal\u00e7ados, acess\u00f3rios e m\u00f3veis infantojuvenis do bairro Dornelas, foi reinaugurada e est\u00e1 funcionando em um novo espa\u00e7o, mais amplo e confort\u00e1vel. A loja est\u00e1 localizada na mesma rua, Paschoal Demarques, por\u00e9m, agora no n\u00famero 131, onde funcionava a Municki Modas. Visando o conforto e a comodidade dos clientes, as\" \/>\n\t\t<meta property=\"og:url\" content=\"https:\/\/anoticiaonline.com.br\/site\/pequeninos-e-municki-modas-sao-reinauguradas-em-novo-espaco\/\" \/>\n\t\t<meta property=\"og:image\" content=\"https:\/\/scontent-gig4-1.xx.fbcdn.net\/v\/t39.30808-1\/270437624_4564083193639691_6907940295614233970_n.jpg?stp=dst-jpg_s200x200_tt6&#038;_nc_cat=111&#038;ccb=1-7&#038;_nc_sid=f907e8&#038;_nc_ohc=SM1wRlP3lJwQ7kNvwEPuBYA&#038;_nc_oc=AdnqrjDN_BNjSSHWO-GbkIWH6fkGMLw4bqvL_NH6e2wMveX7G-rP2dAqsDSq1mJMOaY&#038;_nc_zt=24&#038;_nc_ht=scontent-gig4-1.xx&#038;_nc_gid=AoBFJeGrT1hVaew_6rchkQ&#038;oh=00_AfX7QmFGhQhG2jAllVgXCiM1ZrWgvtp80-Bfppyexh1QEg&#038;oe=689E923C\" \/>\n\t\t<meta property=\"og:image:secure_url\" content=\"https:\/\/scontent-gig4-1.xx.fbcdn.net\/v\/t39.30808-1\/270437624_4564083193639691_6907940295614233970_n.jpg?stp=dst-jpg_s200x200_tt6&#038;_nc_cat=111&#038;ccb=1-7&#038;_nc_sid=f907e8&#038;_nc_ohc=SM1wRlP3lJwQ7kNvwEPuBYA&#038;_nc_oc=AdnqrjDN_BNjSSHWO-GbkIWH6fkGMLw4bqvL_NH6e2wMveX7G-rP2dAqsDSq1mJMOaY&#038;_nc_zt=24&#038;_nc_ht=scontent-gig4-1.xx&#038;_nc_gid=AoBFJeGrT1hVaew_6rchkQ&#038;oh=00_AfX7QmFGhQhG2jAllVgXCiM1ZrWgvtp80-Bfppyexh1QEg&#038;oe=689E923C\" \/>\n\t\t<meta property=\"article:published_time\" content=\"2017-04-18T18:18:12+00:00\" \/>\n\t\t<meta property=\"article:modified_time\" content=\"2017-04-18T18:22:05+00:00\" \/>\n\t\t<meta name=\"twitter:card\" content=\"summary_large_image\" \/>\n\t\t<meta name=\"twitter:title\" content=\"Pequenino\u2019s e Municki Modas s\u00e3o reinauguradas em novo espa\u00e7o - A Not\u00edcia Online\" \/>\n\t\t<meta name=\"twitter:description\" content=\"A Pequenino\u2019s, tradicional loja de roupas, cal\u00e7ados, acess\u00f3rios e m\u00f3veis infantojuvenis do bairro Dornelas, foi reinaugurada e est\u00e1 funcionando em um novo espa\u00e7o, mais amplo e confort\u00e1vel. A loja est\u00e1 localizada na mesma rua, Paschoal Demarques, por\u00e9m, agora no n\u00famero 131, onde funcionava a Municki Modas. Visando o conforto e a comodidade dos clientes, as\" \/>\n\t\t<meta name=\"twitter:image\" content=\"https:\/\/scontent-gig4-1.xx.fbcdn.net\/v\/t39.30808-1\/270437624_4564083193639691_6907940295614233970_n.jpg?stp=dst-jpg_s200x200_tt6&amp;_nc_cat=111&amp;ccb=1-7&amp;_nc_sid=f907e8&amp;_nc_ohc=SM1wRlP3lJwQ7kNvwEPuBYA&amp;_nc_oc=AdnqrjDN_BNjSSHWO-GbkIWH6fkGMLw4bqvL_NH6e2wMveX7G-rP2dAqsDSq1mJMOaY&amp;_nc_zt=24&amp;_nc_ht=scontent-gig4-1.xx&amp;_nc_gid=AoBFJeGrT1hVaew_6rchkQ&amp;oh=00_AfX7QmFGhQhG2jAllVgXCiM1ZrWgvtp80-Bfppyexh1QEg&amp;oe=689E923C\" \/>\n\t\t<script type=\"application\/ld+json\" class=\"aioseo-schema\">\n\t\t\t{\"@context\":\"https:\\\/\\\/schema.org\",\"@graph\":[{\"@type\":\"BlogPosting\",\"@id\":\"https:\\\/\\\/anoticiaonline.com.br\\\/site\\\/pequeninos-e-municki-modas-sao-reinauguradas-em-novo-espaco\\\/#blogposting\",\"name\":\"Pequenino\\u2019s e Municki Modas s\\u00e3o reinauguradas em novo espa\\u00e7o - A Not\\u00edcia Online\",\"headline\":\"Pequenino\\u2019s e Municki Modas s\\u00e3o reinauguradas em novo espa\\u00e7o\",\"author\":{\"@id\":\"https:\\\/\\\/anoticiaonline.com.br\\\/site\\\/author\\\/juliana\\\/#author\"},\"publisher\":{\"@id\":\"https:\\\/\\\/anoticiaonline.com.br\\\/site\\\/#organization\"},\"image\":{\"@type\":\"ImageObject\",\"url\":\"https:\\\/\\\/anoticiaonline.com.br\\\/site\\\/wp-content\\\/uploads\\\/2017\\\/04\\\/DSC_1089.jpg\",\"width\":640,\"height\":548},\"datePublished\":\"2017-04-18T15:18:12-03:00\",\"dateModified\":\"2017-04-18T15:22:05-03:00\",\"inLanguage\":\"pt-BR\",\"mainEntityOfPage\":{\"@id\":\"https:\\\/\\\/anoticiaonline.com.br\\\/site\\\/pequeninos-e-municki-modas-sao-reinauguradas-em-novo-espaco\\\/#webpage\"},\"isPartOf\":{\"@id\":\"https:\\\/\\\/anoticiaonline.com.br\\\/site\\\/pequeninos-e-municki-modas-sao-reinauguradas-em-novo-espaco\\\/#webpage\"},\"articleSection\":\"Eventos, slide\"},{\"@type\":\"BreadcrumbList\",\"@id\":\"https:\\\/\\\/anoticiaonline.com.br\\\/site\\\/pequeninos-e-municki-modas-sao-reinauguradas-em-novo-espaco\\\/#breadcrumblist\",\"itemListElement\":[{\"@type\":\"ListItem\",\"@id\":\"https:\\\/\\\/anoticiaonline.com.br\\\/site#listItem\",\"position\":1,\"name\":\"Home\",\"item\":\"https:\\\/\\\/anoticiaonline.com.br\\\/site\",\"nextItem\":{\"@type\":\"ListItem\",\"@id\":\"https:\\\/\\\/anoticiaonline.com.br\\\/site\\\/categoria\\\/eventos\\\/#listItem\",\"name\":\"Eventos\"}},{\"@type\":\"ListItem\",\"@id\":\"https:\\\/\\\/anoticiaonline.com.br\\\/site\\\/categoria\\\/eventos\\\/#listItem\",\"position\":2,\"name\":\"Eventos\",\"item\":\"https:\\\/\\\/anoticiaonline.com.br\\\/site\\\/categoria\\\/eventos\\\/\",\"nextItem\":{\"@type\":\"ListItem\",\"@id\":\"https:\\\/\\\/anoticiaonline.com.br\\\/site\\\/pequeninos-e-municki-modas-sao-reinauguradas-em-novo-espaco\\\/#listItem\",\"name\":\"Pequenino\\u2019s e Municki Modas s\\u00e3o reinauguradas em novo espa\\u00e7o\"},\"previousItem\":{\"@type\":\"ListItem\",\"@id\":\"https:\\\/\\\/anoticiaonline.com.br\\\/site#listItem\",\"name\":\"Home\"}},{\"@type\":\"ListItem\",\"@id\":\"https:\\\/\\\/anoticiaonline.com.br\\\/site\\\/pequeninos-e-municki-modas-sao-reinauguradas-em-novo-espaco\\\/#listItem\",\"position\":3,\"name\":\"Pequenino\\u2019s e Municki Modas s\\u00e3o reinauguradas em novo espa\\u00e7o\",\"previousItem\":{\"@type\":\"ListItem\",\"@id\":\"https:\\\/\\\/anoticiaonline.com.br\\\/site\\\/categoria\\\/eventos\\\/#listItem\",\"name\":\"Eventos\"}}]},{\"@type\":\"Organization\",\"@id\":\"https:\\\/\\\/anoticiaonline.com.br\\\/site\\\/#organization\",\"name\":\"A Not\\u00edcia Online\",\"description\":\"Noticias de Muria\\u00e9 e regi\\u00e3o\",\"url\":\"https:\\\/\\\/anoticiaonline.com.br\\\/site\\\/\",\"logo\":{\"@type\":\"ImageObject\",\"url\":\"https:\\\/\\\/scontent-gig4-1.xx.fbcdn.net\\\/v\\\/t39.30808-1\\\/270437624_4564083193639691_6907940295614233970_n.jpg?stp=dst-jpg_s200x200_tt6&_nc_cat=111&ccb=1-7&_nc_sid=f907e8&_nc_ohc=SM1wRlP3lJwQ7kNvwEPuBYA&_nc_oc=AdnqrjDN_BNjSSHWO-GbkIWH6fkGMLw4bqvL_NH6e2wMveX7G-rP2dAqsDSq1mJMOaY&_nc_zt=24&_nc_ht=scontent-gig4-1.xx&_nc_gid=AoBFJeGrT1hVaew_6rchkQ&oh=00_AfX7QmFGhQhG2jAllVgXCiM1ZrWgvtp80-Bfppyexh1QEg&oe=689E923C\",\"@id\":\"https:\\\/\\\/anoticiaonline.com.br\\\/site\\\/pequeninos-e-municki-modas-sao-reinauguradas-em-novo-espaco\\\/#organizationLogo\"},\"image\":{\"@id\":\"https:\\\/\\\/anoticiaonline.com.br\\\/site\\\/pequeninos-e-municki-modas-sao-reinauguradas-em-novo-espaco\\\/#organizationLogo\"}},{\"@type\":\"Person\",\"@id\":\"https:\\\/\\\/anoticiaonline.com.br\\\/site\\\/author\\\/juliana\\\/#author\",\"url\":\"https:\\\/\\\/anoticiaonline.com.br\\\/site\\\/author\\\/juliana\\\/\",\"name\":\"Juliana Laviola\",\"image\":{\"@type\":\"ImageObject\",\"@id\":\"https:\\\/\\\/anoticiaonline.com.br\\\/site\\\/pequeninos-e-municki-modas-sao-reinauguradas-em-novo-espaco\\\/#authorImage\",\"url\":\"https:\\\/\\\/secure.gravatar.com\\\/avatar\\\/b8d45f5c699b100dfaf0e543582f38f38bf94cb7ae3a5e9abf8d891a34773335?s=96&d=mm&r=g\",\"width\":96,\"height\":96,\"caption\":\"Juliana Laviola\"}},{\"@type\":\"WebPage\",\"@id\":\"https:\\\/\\\/anoticiaonline.com.br\\\/site\\\/pequeninos-e-municki-modas-sao-reinauguradas-em-novo-espaco\\\/#webpage\",\"url\":\"https:\\\/\\\/anoticiaonline.com.br\\\/site\\\/pequeninos-e-municki-modas-sao-reinauguradas-em-novo-espaco\\\/\",\"name\":\"Pequenino\\u2019s e Municki Modas s\\u00e3o reinauguradas em novo espa\\u00e7o - A Not\\u00edcia Online\",\"description\":\"A Pequenino\\u2019s, tradicional loja de roupas, cal\\u00e7ados, acess\\u00f3rios e m\\u00f3veis infantojuvenis do bairro Dornelas, foi reinaugurada e est\\u00e1 funcionando em um novo espa\\u00e7o, mais amplo e confort\\u00e1vel. A loja est\\u00e1 localizada na mesma rua, Paschoal Demarques, por\\u00e9m, agora no n\\u00famero 131, onde funcionava a Municki Modas. Visando o conforto e a comodidade dos clientes, as\",\"inLanguage\":\"pt-BR\",\"isPartOf\":{\"@id\":\"https:\\\/\\\/anoticiaonline.com.br\\\/site\\\/#website\"},\"breadcrumb\":{\"@id\":\"https:\\\/\\\/anoticiaonline.com.br\\\/site\\\/pequeninos-e-municki-modas-sao-reinauguradas-em-novo-espaco\\\/#breadcrumblist\"},\"author\":{\"@id\":\"https:\\\/\\\/anoticiaonline.com.br\\\/site\\\/author\\\/juliana\\\/#author\"},\"creator\":{\"@id\":\"https:\\\/\\\/anoticiaonline.com.br\\\/site\\\/author\\\/juliana\\\/#author\"},\"image\":{\"@type\":\"ImageObject\",\"url\":\"https:\\\/\\\/anoticiaonline.com.br\\\/site\\\/wp-content\\\/uploads\\\/2017\\\/04\\\/DSC_1089.jpg\",\"@id\":\"https:\\\/\\\/anoticiaonline.com.br\\\/site\\\/pequeninos-e-municki-modas-sao-reinauguradas-em-novo-espaco\\\/#mainImage\",\"width\":640,\"height\":548},\"primaryImageOfPage\":{\"@id\":\"https:\\\/\\\/anoticiaonline.com.br\\\/site\\\/pequeninos-e-municki-modas-sao-reinauguradas-em-novo-espaco\\\/#mainImage\"},\"datePublished\":\"2017-04-18T15:18:12-03:00\",\"dateModified\":\"2017-04-18T15:22:05-03:00\"},{\"@type\":\"WebSite\",\"@id\":\"https:\\\/\\\/anoticiaonline.com.br\\\/site\\\/#website\",\"url\":\"https:\\\/\\\/anoticiaonline.com.br\\\/site\\\/\",\"name\":\"A Not\\u00edcia Online\",\"description\":\"Noticias de Muria\\u00e9 e regi\\u00e3o\",\"inLanguage\":\"pt-BR\",\"publisher\":{\"@id\":\"https:\\\/\\\/anoticiaonline.com.br\\\/site\\\/#organization\"}}]}\n\t\t<\/script>\n\t\t<!-- All in One SEO -->\n\n","aioseo_head_json":{"title":"Pequenino\u2019s e Municki Modas s\u00e3o reinauguradas em novo espa\u00e7o - A Not\u00edcia Online","description":"A Pequenino\u2019s, tradicional loja de roupas, cal\u00e7ados, acess\u00f3rios e m\u00f3veis infantojuvenis do bairro Dornelas, foi reinaugurada e est\u00e1 funcionando em um novo espa\u00e7o, mais amplo e confort\u00e1vel. A loja est\u00e1 localizada na mesma rua, Paschoal Demarques, por\u00e9m, agora no n\u00famero 131, onde funcionava a Municki Modas. Visando o conforto e a comodidade dos clientes, as","canonical_url":"https:\/\/anoticiaonline.com.br\/site\/pequeninos-e-municki-modas-sao-reinauguradas-em-novo-espaco\/","robots":"max-image-preview:large","keywords":"","webmasterTools":{"miscellaneous":""},"schema":{"@context":"https:\/\/schema.org","@graph":[{"@type":"BlogPosting","@id":"https:\/\/anoticiaonline.com.br\/site\/pequeninos-e-municki-modas-sao-reinauguradas-em-novo-espaco\/#blogposting","name":"Pequenino\u2019s e Municki Modas s\u00e3o reinauguradas em novo espa\u00e7o - A Not\u00edcia Online","headline":"Pequenino\u2019s e Municki Modas s\u00e3o reinauguradas em novo espa\u00e7o","author":{"@id":"https:\/\/anoticiaonline.com.br\/site\/author\/juliana\/#author"},"publisher":{"@id":"https:\/\/anoticiaonline.com.br\/site\/#organization"},"image":{"@type":"ImageObject","url":"https:\/\/anoticiaonline.com.br\/site\/wp-content\/uploads\/2017\/04\/DSC_1089.jpg","width":640,"height":548},"datePublished":"2017-04-18T15:18:12-03:00","dateModified":"2017-04-18T15:22:05-03:00","inLanguage":"pt-BR","mainEntityOfPage":{"@id":"https:\/\/anoticiaonline.com.br\/site\/pequeninos-e-municki-modas-sao-reinauguradas-em-novo-espaco\/#webpage"},"isPartOf":{"@id":"https:\/\/anoticiaonline.com.br\/site\/pequeninos-e-municki-modas-sao-reinauguradas-em-novo-espaco\/#webpage"},"articleSection":"Eventos, slide"},{"@type":"BreadcrumbList","@id":"https:\/\/anoticiaonline.com.br\/site\/pequeninos-e-municki-modas-sao-reinauguradas-em-novo-espaco\/#breadcrumblist","itemListElement":[{"@type":"ListItem","@id":"https:\/\/anoticiaonline.com.br\/site#listItem","position":1,"name":"Home","item":"https:\/\/anoticiaonline.com.br\/site","nextItem":{"@type":"ListItem","@id":"https:\/\/anoticiaonline.com.br\/site\/categoria\/eventos\/#listItem","name":"Eventos"}},{"@type":"ListItem","@id":"https:\/\/anoticiaonline.com.br\/site\/categoria\/eventos\/#listItem","position":2,"name":"Eventos","item":"https:\/\/anoticiaonline.com.br\/site\/categoria\/eventos\/","nextItem":{"@type":"ListItem","@id":"https:\/\/anoticiaonline.com.br\/site\/pequeninos-e-municki-modas-sao-reinauguradas-em-novo-espaco\/#listItem","name":"Pequenino\u2019s e Municki Modas s\u00e3o reinauguradas em novo espa\u00e7o"},"previousItem":{"@type":"ListItem","@id":"https:\/\/anoticiaonline.com.br\/site#listItem","name":"Home"}},{"@type":"ListItem","@id":"https:\/\/anoticiaonline.com.br\/site\/pequeninos-e-municki-modas-sao-reinauguradas-em-novo-espaco\/#listItem","position":3,"name":"Pequenino\u2019s e Municki Modas s\u00e3o reinauguradas em novo espa\u00e7o","previousItem":{"@type":"ListItem","@id":"https:\/\/anoticiaonline.com.br\/site\/categoria\/eventos\/#listItem","name":"Eventos"}}]},{"@type":"Organization","@id":"https:\/\/anoticiaonline.com.br\/site\/#organization","name":"A Not\u00edcia Online","description":"Noticias de Muria\u00e9 e regi\u00e3o","url":"https:\/\/anoticiaonline.com.br\/site\/","logo":{"@type":"ImageObject","url":"https:\/\/scontent-gig4-1.xx.fbcdn.net\/v\/t39.30808-1\/270437624_4564083193639691_6907940295614233970_n.jpg?stp=dst-jpg_s200x200_tt6&_nc_cat=111&ccb=1-7&_nc_sid=f907e8&_nc_ohc=SM1wRlP3lJwQ7kNvwEPuBYA&_nc_oc=AdnqrjDN_BNjSSHWO-GbkIWH6fkGMLw4bqvL_NH6e2wMveX7G-rP2dAqsDSq1mJMOaY&_nc_zt=24&_nc_ht=scontent-gig4-1.xx&_nc_gid=AoBFJeGrT1hVaew_6rchkQ&oh=00_AfX7QmFGhQhG2jAllVgXCiM1ZrWgvtp80-Bfppyexh1QEg&oe=689E923C","@id":"https:\/\/anoticiaonline.com.br\/site\/pequeninos-e-municki-modas-sao-reinauguradas-em-novo-espaco\/#organizationLogo"},"image":{"@id":"https:\/\/anoticiaonline.com.br\/site\/pequeninos-e-municki-modas-sao-reinauguradas-em-novo-espaco\/#organizationLogo"}},{"@type":"Person","@id":"https:\/\/anoticiaonline.com.br\/site\/author\/juliana\/#author","url":"https:\/\/anoticiaonline.com.br\/site\/author\/juliana\/","name":"Juliana Laviola","image":{"@type":"ImageObject","@id":"https:\/\/anoticiaonline.com.br\/site\/pequeninos-e-municki-modas-sao-reinauguradas-em-novo-espaco\/#authorImage","url":"https:\/\/secure.gravatar.com\/avatar\/b8d45f5c699b100dfaf0e543582f38f38bf94cb7ae3a5e9abf8d891a34773335?s=96&d=mm&r=g","width":96,"height":96,"caption":"Juliana Laviola"}},{"@type":"WebPage","@id":"https:\/\/anoticiaonline.com.br\/site\/pequeninos-e-municki-modas-sao-reinauguradas-em-novo-espaco\/#webpage","url":"https:\/\/anoticiaonline.com.br\/site\/pequeninos-e-municki-modas-sao-reinauguradas-em-novo-espaco\/","name":"Pequenino\u2019s e Municki Modas s\u00e3o reinauguradas em novo espa\u00e7o - A Not\u00edcia Online","description":"A Pequenino\u2019s, tradicional loja de roupas, cal\u00e7ados, acess\u00f3rios e m\u00f3veis infantojuvenis do bairro Dornelas, foi reinaugurada e est\u00e1 funcionando em um novo espa\u00e7o, mais amplo e confort\u00e1vel. A loja est\u00e1 localizada na mesma rua, Paschoal Demarques, por\u00e9m, agora no n\u00famero 131, onde funcionava a Municki Modas. Visando o conforto e a comodidade dos clientes, as","inLanguage":"pt-BR","isPartOf":{"@id":"https:\/\/anoticiaonline.com.br\/site\/#website"},"breadcrumb":{"@id":"https:\/\/anoticiaonline.com.br\/site\/pequeninos-e-municki-modas-sao-reinauguradas-em-novo-espaco\/#breadcrumblist"},"author":{"@id":"https:\/\/anoticiaonline.com.br\/site\/author\/juliana\/#author"},"creator":{"@id":"https:\/\/anoticiaonline.com.br\/site\/author\/juliana\/#author"},"image":{"@type":"ImageObject","url":"https:\/\/anoticiaonline.com.br\/site\/wp-content\/uploads\/2017\/04\/DSC_1089.jpg","@id":"https:\/\/anoticiaonline.com.br\/site\/pequeninos-e-municki-modas-sao-reinauguradas-em-novo-espaco\/#mainImage","width":640,"height":548},"primaryImageOfPage":{"@id":"https:\/\/anoticiaonline.com.br\/site\/pequeninos-e-municki-modas-sao-reinauguradas-em-novo-espaco\/#mainImage"},"datePublished":"2017-04-18T15:18:12-03:00","dateModified":"2017-04-18T15:22:05-03:00"},{"@type":"WebSite","@id":"https:\/\/anoticiaonline.com.br\/site\/#website","url":"https:\/\/anoticiaonline.com.br\/site\/","name":"A Not\u00edcia Online","description":"Noticias de Muria\u00e9 e regi\u00e3o","inLanguage":"pt-BR","publisher":{"@id":"https:\/\/anoticiaonline.com.br\/site\/#organization"}}]},"og:locale":"pt_BR","og:site_name":"A Not\u00edcia Online - Noticias de Muria\u00e9 e regi\u00e3o","og:type":"article","og:title":"Pequenino\u2019s e Municki Modas s\u00e3o reinauguradas em novo espa\u00e7o - A Not\u00edcia Online","og:description":"A Pequenino\u2019s, tradicional loja de roupas, cal\u00e7ados, acess\u00f3rios e m\u00f3veis infantojuvenis do bairro Dornelas, foi reinaugurada e est\u00e1 funcionando em um novo espa\u00e7o, mais amplo e confort\u00e1vel. A loja est\u00e1 localizada na mesma rua, Paschoal Demarques, por\u00e9m, agora no n\u00famero 131, onde funcionava a Municki Modas. Visando o conforto e a comodidade dos clientes, as","og:url":"https:\/\/anoticiaonline.com.br\/site\/pequeninos-e-municki-modas-sao-reinauguradas-em-novo-espaco\/","og:image":"https:\/\/scontent-gig4-1.xx.fbcdn.net\/v\/t39.30808-1\/270437624_4564083193639691_6907940295614233970_n.jpg?stp=dst-jpg_s200x200_tt6&#038;_nc_cat=111&#038;ccb=1-7&#038;_nc_sid=f907e8&#038;_nc_ohc=SM1wRlP3lJwQ7kNvwEPuBYA&#038;_nc_oc=AdnqrjDN_BNjSSHWO-GbkIWH6fkGMLw4bqvL_NH6e2wMveX7G-rP2dAqsDSq1mJMOaY&#038;_nc_zt=24&#038;_nc_ht=scontent-gig4-1.xx&#038;_nc_gid=AoBFJeGrT1hVaew_6rchkQ&#038;oh=00_AfX7QmFGhQhG2jAllVgXCiM1ZrWgvtp80-Bfppyexh1QEg&#038;oe=689E923C","og:image:secure_url":"https:\/\/scontent-gig4-1.xx.fbcdn.net\/v\/t39.30808-1\/270437624_4564083193639691_6907940295614233970_n.jpg?stp=dst-jpg_s200x200_tt6&#038;_nc_cat=111&#038;ccb=1-7&#038;_nc_sid=f907e8&#038;_nc_ohc=SM1wRlP3lJwQ7kNvwEPuBYA&#038;_nc_oc=AdnqrjDN_BNjSSHWO-GbkIWH6fkGMLw4bqvL_NH6e2wMveX7G-rP2dAqsDSq1mJMOaY&#038;_nc_zt=24&#038;_nc_ht=scontent-gig4-1.xx&#038;_nc_gid=AoBFJeGrT1hVaew_6rchkQ&#038;oh=00_AfX7QmFGhQhG2jAllVgXCiM1ZrWgvtp80-Bfppyexh1QEg&#038;oe=689E923C","article:published_time":"2017-04-18T18:18:12+00:00","article:modified_time":"2017-04-18T18:22:05+00:00","twitter:card":"summary_large_image","twitter:title":"Pequenino\u2019s e Municki Modas s\u00e3o reinauguradas em novo espa\u00e7o - A Not\u00edcia Online","twitter:description":"A Pequenino\u2019s, tradicional loja de roupas, cal\u00e7ados, acess\u00f3rios e m\u00f3veis infantojuvenis do bairro Dornelas, foi reinaugurada e est\u00e1 funcionando em um novo espa\u00e7o, mais amplo e confort\u00e1vel. A loja est\u00e1 localizada na mesma rua, Paschoal Demarques, por\u00e9m, agora no n\u00famero 131, onde funcionava a Municki Modas. Visando o conforto e a comodidade dos clientes, as","twitter:image":"https:\/\/scontent-gig4-1.xx.fbcdn.net\/v\/t39.30808-1\/270437624_4564083193639691_6907940295614233970_n.jpg?stp=dst-jpg_s200x200_tt6&_nc_cat=111&ccb=1-7&_nc_sid=f907e8&_nc_ohc=SM1wRlP3lJwQ7kNvwEPuBYA&_nc_oc=AdnqrjDN_BNjSSHWO-GbkIWH6fkGMLw4bqvL_NH6e2wMveX7G-rP2dAqsDSq1mJMOaY&_nc_zt=24&_nc_ht=scontent-gig4-1.xx&_nc_gid=AoBFJeGrT1hVaew_6rchkQ&oh=00_AfX7QmFGhQhG2jAllVgXCiM1ZrWgvtp80-Bfppyexh1QEg&oe=689E923C"},"aioseo_meta_data":{"post_id":"28285","title":null,"description":null,"keywords":null,"keyphrases":null,"primary_term":null,"canonical_url":null,"og_title":null,"og_description":null,"og_object_type":"default","og_image_type":"default","og_image_url":null,"og_image_width":null,"og_image_height":null,"og_image_custom_url":null,"og_image_custom_fields":null,"og_video":null,"og_custom_url":null,"og_article_section":null,"og_article_tags":null,"twitter_use_og":false,"twitter_card":"default","twitter_image_type":"default","twitter_image_url":null,"twitter_image_custom_url":null,"twitter_image_custom_fields":null,"twitter_title":null,"twitter_description":null,"schema":{"blockGraphs":[],"customGraphs":[],"default":{"data":{"Article":[],"Course":[],"Dataset":[],"FAQPage":[],"Movie":[],"Person":[],"Product":[],"ProductReview":[],"Car":[],"Recipe":[],"Service":[],"SoftwareApplication":[],"WebPage":[]},"graphName":"","isEnabled":true},"graphs":[]},"schema_type":"default","schema_type_options":null,"pillar_content":false,"robots_default":true,"robots_noindex":false,"robots_noarchive":false,"robots_nosnippet":false,"robots_nofollow":false,"robots_noimageindex":false,"robots_noodp":false,"robots_notranslate":false,"robots_max_snippet":null,"robots_max_videopreview":null,"robots_max_imagepreview":"large","priority":null,"frequency":null,"local_seo":null,"breadcrumb_settings":null,"limit_modified_date":false,"ai":null,"created":"2025-08-16 18:14:09","updated":"2025-08-16 18:14:09","focus_keyword":null,"additional_keywords":null,"truseo_locale":null,"seo_analyzer_scan_date":null},"aioseo_breadcrumb":"<div class=\"aioseo-breadcrumbs\"><span class=\"aioseo-breadcrumb\">\n\t\t\t<a href=\"https:\/\/anoticiaonline.com.br\/site\" title=\"Home\">Home<\/a>\n\t\t<\/span><span class=\"aioseo-breadcrumb-separator\">&raquo;<\/span><span class=\"aioseo-breadcrumb\">\n\t\t\t<a href=\"https:\/\/anoticiaonline.com.br\/site\/categoria\/eventos\/\" title=\"Eventos\">Eventos<\/a>\n\t\t<\/span><span class=\"aioseo-breadcrumb-separator\">&raquo;<\/span><span class=\"aioseo-breadcrumb\">\n\t\t\tPequenino\u2019s e Municki Modas s\u00e3o reinauguradas em novo espa\u00e7o\n\t\t<\/span><\/div>","aioseo_breadcrumb_json":[{"label":"Home","link":"https:\/\/anoticiaonline.com.br\/site"},{"label":"Eventos","link":"https:\/\/anoticiaonline.com.br\/site\/categoria\/eventos\/"},{"label":"Pequenino\u2019s e Municki Modas s\u00e3o reinauguradas em novo espa\u00e7o","link":"https:\/\/anoticiaonline.com.br\/site\/pequeninos-e-municki-modas-sao-reinauguradas-em-novo-espaco\/"}],"views":131,"_links":{"self":[{"href":"https:\/\/anoticiaonline.com.br\/site\/wp-json\/wp\/v2\/posts\/28285","targetHints":{"allow":["GET"]}}],"collection":[{"href":"https:\/\/anoticiaonline.com.br\/site\/wp-json\/wp\/v2\/posts"}],"about":[{"href":"https:\/\/anoticiaonline.com.br\/site\/wp-json\/wp\/v2\/types\/post"}],"author":[{"embeddable":true,"href":"https:\/\/anoticiaonline.com.br\/site\/wp-json\/wp\/v2\/users\/2"}],"replies":[{"embeddable":true,"href":"https:\/\/anoticiaonline.com.br\/site\/wp-json\/wp\/v2\/comments?post=28285"}],"version-history":[{"count":0,"href":"https:\/\/anoticiaonline.com.br\/site\/wp-json\/wp\/v2\/posts\/28285\/revisions"}],"wp:featuredmedia":[{"embeddable":true,"href":"https:\/\/anoticiaonline.com.br\/site\/wp-json\/wp\/v2\/media\/28286"}],"wp:attachment":[{"href":"https:\/\/anoticiaonline.com.br\/site\/wp-json\/wp\/v2\/media?parent=28285"}],"wp:term":[{"taxonomy":"category","embeddable":true,"href":"https:\/\/anoticiaonline.com.br\/site\/wp-json\/wp\/v2\/categories?post=28285"},{"taxonomy":"post_tag","embeddable":true,"href":"https:\/\/anoticiaonline.com.br\/site\/wp-json\/wp\/v2\/tags?post=28285"}],"curies":[{"name":"wp","href":"https:\/\/api.w.org\/{rel}","templated":true}]}}