{"id":27636,"date":"2017-04-13T11:05:12","date_gmt":"2017-04-13T14:05:12","guid":{"rendered":"http:\/\/anoticiaonline.com.br\/site\/?p=27636"},"modified":"2017-04-13T11:05:12","modified_gmt":"2017-04-13T14:05:12","slug":"o-consul-do-rei-livro-conta-a-trajetoria-do-diplomata-jose-alcino-bicalho","status":"publish","type":"post","link":"https:\/\/anoticiaonline.com.br\/site\/o-consul-do-rei-livro-conta-a-trajetoria-do-diplomata-jose-alcino-bicalho\/","title":{"rendered":"\u201cO C\u00f4nsul do Rei\u201d: livro conta a trajet\u00f3ria do diplomata Jos\u00e9 Alcino Bicalho"},"content":{"rendered":"<p><a href=\"https:\/\/anoticiaonline.com.br\/site\/wp-content\/uploads\/2017\/04\/DSC_6748.jpg\"><img fetchpriority=\"high\" decoding=\"async\" class=\" size-medium wp-image-27692 alignleft\" src=\"https:\/\/anoticiaonline.com.br\/site\/wp-content\/uploads\/2017\/04\/DSC_6748-300x175.jpg\" alt=\"DSC_6748\" width=\"300\" height=\"175\" srcset=\"https:\/\/anoticiaonline.com.br\/site\/wp-content\/uploads\/2017\/04\/DSC_6748-300x175.jpg 300w, https:\/\/anoticiaonline.com.br\/site\/wp-content\/uploads\/2017\/04\/DSC_6748.jpg 640w\" sizes=\"(max-width: 300px) 100vw, 300px\" \/><\/a>O livro \u201cO C\u00f4nsul do Rei\u201d, uma inspiradora hist\u00f3ria real constru\u00edda entre o rigor da c\u00e1tedra acad\u00eamica e o vigor da admira\u00e7\u00e3o humana, escrito pela historiadora Rosana Areal de Carvalho, teve seu lan\u00e7amento no dia 7 de abril, na C\u00e2mara Municipal de Miradouro e no dia 8, na Escola S\u00e3o Paulo. Ele conta a trajet\u00f3ria do diplomata Jos\u00e9 Alcino Bicalho, que foi amigo pessoal e homem de confian\u00e7a do presidente Juscelino Kubistchek e do rei de Marrocos, que lhe outorgou o t\u00edtulo de C\u00f4nsul Honor\u00e1rio daquele pa\u00eds.<\/p>\n<p>O lan\u00e7amento do livro nas duas cidades aconteceu porque Jos\u00e9 Alcino era um miradourense consagrado e um aluno exemplar da Escola S\u00e3o Saulo, onde foi posteriormente presidente de sua mantenedora, a Institui\u00e7\u00e3o Raphael Barreto.<\/p>\n<p>No s\u00e1bado (8), a cerim\u00f4nia contou com a presen\u00e7a de familiares e amigos de Jos\u00e9 Alcino, al\u00e9m de v\u00e1rios membros da Academia Muriaeense de Letras (AMLE), da qual o homenageado tamb\u00e9m fez parte e chegou a ocupar a cadeira de n\u00ba 30, que tem como patrono Machado de Assis.<\/p>\n<p>Nascido em Miradouro, no dia 9 de junho de 1920, Jos\u00e9 Alcino Bicalho se destacou na vida pol\u00edtica e diplom\u00e1tica. Foi amigo pessoal do presidente JK, c\u00f4nsul do rei do Marrocos a convite do pr\u00f3prio monarca (o nome do livro \u00e9 uma refer\u00eancia ao per\u00edodo em que atuou no cargo), o primeiro prefeito de Miradouro e tamb\u00e9m deputado estadual na Assembleia Legislativa de Minas Gerais para a segunda Legislatura (1951 \u2013 1955). Al\u00e9m disso, foi diretor de grandes empresas, como a estatal Usiminas e do\u00a0 Banco do Estado de Minas Gerais (Bemge).<\/p>\n<p>Jos\u00e9 Alcino, que tamb\u00e9m era escritor e amante da literatura e das artes, ajudou na libera\u00e7\u00e3o, junto \u00e0 Usiminas, da estrutura met\u00e1lica que hoje sustenta o Grande Hotel Muriahe.<\/p>\n<p>O diplomata, que estava residindo em Muria\u00e9, era esposo de dona Maria Jos\u00e9 Barreto Bicalho e pai de Ana L\u00facia, Silvia Helena, M\u00e1rcia e Isabela. Faleceu no dia 26 de julho de 2016, aos 96 anos.<\/p>\n<p>A obra \u00e9 assinada por Rosana Areal de Carvalho, que \u00e9 licenciada em Hist\u00f3ria pela Universidade Federal do Mato Grosso e doutora em Ci\u00eancias Humanas pela Universidade de S\u00e3o Paulo. Atualmente, \u00e9 professora de Hist\u00f3ria da Educa\u00e7\u00e3o na Universidade Federal de Ouro Preto.<\/p>\n<p>O diretor do Centro Cultural Del\u2019Rey e da Escola S\u00e3o Paulo, Jos\u00e9 Nicodemos Couto, afirma que foi \u201cuma honra\u201d o espa\u00e7o receber o lan\u00e7amento do livro, pois o homenageado foi aluno da escola (quando ainda era chamada de Atheneu S\u00e3o Paulo) e por ele ter sido o presidente do Instituto Raphael Barreto, institui\u00e7\u00e3o mantenedora da ESP. \u201cEsse foi um momento literoemocional. Al\u00e9m do espa\u00e7o ter sido um local para o lan\u00e7amento de uma obra liter\u00e1ria que faz o recorte da vida do tio Jos\u00e9 Alcino, tamb\u00e9m foi um espa\u00e7o onde as emo\u00e7\u00f5es afloraram\u201d, diz Jos\u00e9 Nicodemos, que \u00e9 sobrinho do homenageado.<\/p>\n<p><strong>CENTRO CULTURAL DEL&#8217;REY \u2013<\/strong> O CCD&#8217;R tem o objetivo de difundir as artes dos alunos da escola e enriquecer a cidade com conhecimento e cultura. \u00c9 um espa\u00e7o de promo\u00e7\u00e3o, valoriza\u00e7\u00e3o e forma\u00e7\u00e3o em arte e educa\u00e7\u00e3o, encontrando e despertando os talentos que se encontram nas salas de aula, proporcionando aos alunos a oportunidade de desenvolverem suas potencialidades.<\/p>\n<p>Grupos art\u00edsticos de Muria\u00e9 tamb\u00e9m encontram apoio do CCD&#8217;R, atrav\u00e9s de a\u00e7\u00f5es em produ\u00e7\u00f5es culturais pelos mecanismos das legisla\u00e7\u00f5es de apoio e fomento \u00e0 cultura.<\/p>\n<p>\u201cOutros eventos culturais de Muria\u00e9 que n\u00e3o encontrarem acolhida no \u00f3rg\u00e3o p\u00fablico por algum motivo, podem procurar a Escola S\u00e3o Paulo e o Centro Cultural Del\u2019Rey, que estar\u00e3o de portas abertas para receber esses eventos, sem bandeira pol\u00edtica, apenas para ser um espa\u00e7o onde as pessoas possam se expressar artisticamente e manifestar seu talento\u201d, completa.<\/p>\n<p>O livro pode ser adquirido pelo site da editora www.biografa.com.br e na Escola S\u00e3o Paulo.<\/p>\n<p><strong>GALERIA DE FOTOS:<\/strong><\/p>\n<p><img decoding=\"async\" class=\"ngg_displayed_gallery mceItem\" src=\"https:\/\/anoticiaonline.com.br\/site\/nextgen-attach_to_post\/preview\/id--27749\" alt=\"\" \/><\/p>\n<p>&nbsp;<\/p>\n","protected":false},"excerpt":{"rendered":"<p>O livro \u201cO C\u00f4nsul do Rei\u201d, uma inspiradora hist\u00f3ria real constru\u00edda entre o rigor da c\u00e1tedra acad\u00eamica e o vigor da admira\u00e7\u00e3o humana, escrito pela historiadora Rosana Areal de Carvalho, teve seu lan\u00e7amento no dia 7 de abril, na C\u00e2mara Municipal de Miradouro e no dia 8, na Escola S\u00e3o Paulo. Ele conta a trajet\u00f3ria &#8230; <a title=\"\u201cO C\u00f4nsul do Rei\u201d: livro conta a trajet\u00f3ria do diplomata Jos\u00e9 Alcino Bicalho\" class=\"read-more\" href=\"https:\/\/anoticiaonline.com.br\/site\/o-consul-do-rei-livro-conta-a-trajetoria-do-diplomata-jose-alcino-bicalho\/\" aria-label=\"Read more about \u201cO C\u00f4nsul do Rei\u201d: livro conta a trajet\u00f3ria do diplomata Jos\u00e9 Alcino Bicalho\">Ler mais<\/a><\/p>\n","protected":false},"author":2,"featured_media":27692,"comment_status":"open","ping_status":"open","sticky":false,"template":"","format":"standard","meta":{"_acf_changed":false,"_monsterinsights_skip_tracking":false,"footnotes":""},"categories":[30],"tags":[3],"class_list":["post-27636","post","type-post","status-publish","format-standard","has-post-thumbnail","hentry","category-muriae","tag-slide"],"acf":[],"aioseo_notices":[],"aioseo_head":"\n\t\t<!-- All in One SEO 5.0.0.1 - aioseo.com -->\n\t<meta name=\"description\" content=\"O livro \u201cO C\u00f4nsul do Rei\u201d, uma inspiradora hist\u00f3ria real constru\u00edda entre o rigor da c\u00e1tedra acad\u00eamica e o vigor da admira\u00e7\u00e3o humana, escrito pela historiadora Rosana Areal de Carvalho, teve seu lan\u00e7amento no dia 7 de abril, na C\u00e2mara Municipal de Miradouro e no dia 8, na Escola S\u00e3o Paulo. Ele conta a trajet\u00f3ria\" \/>\n\t<meta name=\"robots\" content=\"max-image-preview:large\" \/>\n\t<meta name=\"author\" content=\"Juliana Laviola\"\/>\n\t<link rel=\"canonical\" href=\"https:\/\/anoticiaonline.com.br\/site\/o-consul-do-rei-livro-conta-a-trajetoria-do-diplomata-jose-alcino-bicalho\/\" \/>\n\t<meta name=\"generator\" content=\"All in One SEO (AIOSEO) 5.0.0.1\" \/>\n\t\t<meta property=\"og:locale\" content=\"pt_BR\" \/>\n\t\t<meta property=\"og:site_name\" content=\"A Not\u00edcia Online - Noticias de Muria\u00e9 e regi\u00e3o\" \/>\n\t\t<meta property=\"og:type\" content=\"article\" \/>\n\t\t<meta property=\"og:title\" content=\"\u201cO C\u00f4nsul do Rei\u201d: livro conta a trajet\u00f3ria do diplomata Jos\u00e9 Alcino Bicalho - A Not\u00edcia Online\" \/>\n\t\t<meta property=\"og:description\" content=\"O livro \u201cO C\u00f4nsul do Rei\u201d, uma inspiradora hist\u00f3ria real constru\u00edda entre o rigor da c\u00e1tedra acad\u00eamica e o vigor da admira\u00e7\u00e3o humana, escrito pela historiadora Rosana Areal de Carvalho, teve seu lan\u00e7amento no dia 7 de abril, na C\u00e2mara Municipal de Miradouro e no dia 8, na Escola S\u00e3o Paulo. Ele conta a trajet\u00f3ria\" \/>\n\t\t<meta property=\"og:url\" content=\"https:\/\/anoticiaonline.com.br\/site\/o-consul-do-rei-livro-conta-a-trajetoria-do-diplomata-jose-alcino-bicalho\/\" \/>\n\t\t<meta property=\"og:image\" content=\"https:\/\/scontent-gig4-1.xx.fbcdn.net\/v\/t39.30808-1\/270437624_4564083193639691_6907940295614233970_n.jpg?stp=dst-jpg_s200x200_tt6&#038;_nc_cat=111&#038;ccb=1-7&#038;_nc_sid=f907e8&#038;_nc_ohc=SM1wRlP3lJwQ7kNvwEPuBYA&#038;_nc_oc=AdnqrjDN_BNjSSHWO-GbkIWH6fkGMLw4bqvL_NH6e2wMveX7G-rP2dAqsDSq1mJMOaY&#038;_nc_zt=24&#038;_nc_ht=scontent-gig4-1.xx&#038;_nc_gid=AoBFJeGrT1hVaew_6rchkQ&#038;oh=00_AfX7QmFGhQhG2jAllVgXCiM1ZrWgvtp80-Bfppyexh1QEg&#038;oe=689E923C\" \/>\n\t\t<meta property=\"og:image:secure_url\" content=\"https:\/\/scontent-gig4-1.xx.fbcdn.net\/v\/t39.30808-1\/270437624_4564083193639691_6907940295614233970_n.jpg?stp=dst-jpg_s200x200_tt6&#038;_nc_cat=111&#038;ccb=1-7&#038;_nc_sid=f907e8&#038;_nc_ohc=SM1wRlP3lJwQ7kNvwEPuBYA&#038;_nc_oc=AdnqrjDN_BNjSSHWO-GbkIWH6fkGMLw4bqvL_NH6e2wMveX7G-rP2dAqsDSq1mJMOaY&#038;_nc_zt=24&#038;_nc_ht=scontent-gig4-1.xx&#038;_nc_gid=AoBFJeGrT1hVaew_6rchkQ&#038;oh=00_AfX7QmFGhQhG2jAllVgXCiM1ZrWgvtp80-Bfppyexh1QEg&#038;oe=689E923C\" \/>\n\t\t<meta property=\"article:published_time\" content=\"2017-04-13T14:05:12+00:00\" \/>\n\t\t<meta property=\"article:modified_time\" content=\"2017-04-13T14:05:12+00:00\" \/>\n\t\t<meta name=\"twitter:card\" content=\"summary_large_image\" \/>\n\t\t<meta name=\"twitter:title\" content=\"\u201cO C\u00f4nsul do Rei\u201d: livro conta a trajet\u00f3ria do diplomata Jos\u00e9 Alcino Bicalho - A Not\u00edcia Online\" \/>\n\t\t<meta name=\"twitter:description\" content=\"O livro \u201cO C\u00f4nsul do Rei\u201d, uma inspiradora hist\u00f3ria real constru\u00edda entre o rigor da c\u00e1tedra acad\u00eamica e o vigor da admira\u00e7\u00e3o humana, escrito pela historiadora Rosana Areal de Carvalho, teve seu lan\u00e7amento no dia 7 de abril, na C\u00e2mara Municipal de Miradouro e no dia 8, na Escola S\u00e3o Paulo. Ele conta a trajet\u00f3ria\" \/>\n\t\t<meta name=\"twitter:image\" content=\"https:\/\/scontent-gig4-1.xx.fbcdn.net\/v\/t39.30808-1\/270437624_4564083193639691_6907940295614233970_n.jpg?stp=dst-jpg_s200x200_tt6&amp;_nc_cat=111&amp;ccb=1-7&amp;_nc_sid=f907e8&amp;_nc_ohc=SM1wRlP3lJwQ7kNvwEPuBYA&amp;_nc_oc=AdnqrjDN_BNjSSHWO-GbkIWH6fkGMLw4bqvL_NH6e2wMveX7G-rP2dAqsDSq1mJMOaY&amp;_nc_zt=24&amp;_nc_ht=scontent-gig4-1.xx&amp;_nc_gid=AoBFJeGrT1hVaew_6rchkQ&amp;oh=00_AfX7QmFGhQhG2jAllVgXCiM1ZrWgvtp80-Bfppyexh1QEg&amp;oe=689E923C\" \/>\n\t\t<script type=\"application\/ld+json\" class=\"aioseo-schema\">\n\t\t\t{\"@context\":\"https:\\\/\\\/schema.org\",\"@graph\":[{\"@type\":\"BlogPosting\",\"@id\":\"https:\\\/\\\/anoticiaonline.com.br\\\/site\\\/o-consul-do-rei-livro-conta-a-trajetoria-do-diplomata-jose-alcino-bicalho\\\/#blogposting\",\"name\":\"\\u201cO C\\u00f4nsul do Rei\\u201d: livro conta a trajet\\u00f3ria do diplomata Jos\\u00e9 Alcino Bicalho - A Not\\u00edcia Online\",\"headline\":\"\\u201cO C\\u00f4nsul do Rei\\u201d: livro conta a trajet\\u00f3ria do diplomata Jos\\u00e9 Alcino Bicalho\",\"author\":{\"@id\":\"https:\\\/\\\/anoticiaonline.com.br\\\/site\\\/author\\\/juliana\\\/#author\"},\"publisher\":{\"@id\":\"https:\\\/\\\/anoticiaonline.com.br\\\/site\\\/#organization\"},\"image\":{\"@type\":\"ImageObject\",\"url\":\"https:\\\/\\\/anoticiaonline.com.br\\\/site\\\/wp-content\\\/uploads\\\/2017\\\/04\\\/DSC_6748.jpg\",\"width\":640,\"height\":373},\"datePublished\":\"2017-04-13T11:05:12-03:00\",\"dateModified\":\"2017-04-13T11:05:12-03:00\",\"inLanguage\":\"pt-BR\",\"mainEntityOfPage\":{\"@id\":\"https:\\\/\\\/anoticiaonline.com.br\\\/site\\\/o-consul-do-rei-livro-conta-a-trajetoria-do-diplomata-jose-alcino-bicalho\\\/#webpage\"},\"isPartOf\":{\"@id\":\"https:\\\/\\\/anoticiaonline.com.br\\\/site\\\/o-consul-do-rei-livro-conta-a-trajetoria-do-diplomata-jose-alcino-bicalho\\\/#webpage\"},\"articleSection\":\"Blog, slide\"},{\"@type\":\"BreadcrumbList\",\"@id\":\"https:\\\/\\\/anoticiaonline.com.br\\\/site\\\/o-consul-do-rei-livro-conta-a-trajetoria-do-diplomata-jose-alcino-bicalho\\\/#breadcrumblist\",\"itemListElement\":[{\"@type\":\"ListItem\",\"@id\":\"https:\\\/\\\/anoticiaonline.com.br\\\/site#listItem\",\"position\":1,\"name\":\"Home\",\"item\":\"https:\\\/\\\/anoticiaonline.com.br\\\/site\",\"nextItem\":{\"@type\":\"ListItem\",\"@id\":\"https:\\\/\\\/anoticiaonline.com.br\\\/site\\\/categoria\\\/muriae\\\/#listItem\",\"name\":\"Blog\"}},{\"@type\":\"ListItem\",\"@id\":\"https:\\\/\\\/anoticiaonline.com.br\\\/site\\\/categoria\\\/muriae\\\/#listItem\",\"position\":2,\"name\":\"Blog\",\"item\":\"https:\\\/\\\/anoticiaonline.com.br\\\/site\\\/categoria\\\/muriae\\\/\",\"nextItem\":{\"@type\":\"ListItem\",\"@id\":\"https:\\\/\\\/anoticiaonline.com.br\\\/site\\\/o-consul-do-rei-livro-conta-a-trajetoria-do-diplomata-jose-alcino-bicalho\\\/#listItem\",\"name\":\"\\u201cO C\\u00f4nsul do Rei\\u201d: livro conta a trajet\\u00f3ria do diplomata Jos\\u00e9 Alcino Bicalho\"},\"previousItem\":{\"@type\":\"ListItem\",\"@id\":\"https:\\\/\\\/anoticiaonline.com.br\\\/site#listItem\",\"name\":\"Home\"}},{\"@type\":\"ListItem\",\"@id\":\"https:\\\/\\\/anoticiaonline.com.br\\\/site\\\/o-consul-do-rei-livro-conta-a-trajetoria-do-diplomata-jose-alcino-bicalho\\\/#listItem\",\"position\":3,\"name\":\"\\u201cO C\\u00f4nsul do Rei\\u201d: livro conta a trajet\\u00f3ria do diplomata Jos\\u00e9 Alcino Bicalho\",\"previousItem\":{\"@type\":\"ListItem\",\"@id\":\"https:\\\/\\\/anoticiaonline.com.br\\\/site\\\/categoria\\\/muriae\\\/#listItem\",\"name\":\"Blog\"}}]},{\"@type\":\"Organization\",\"@id\":\"https:\\\/\\\/anoticiaonline.com.br\\\/site\\\/#organization\",\"name\":\"A Not\\u00edcia Online\",\"description\":\"Noticias de Muria\\u00e9 e regi\\u00e3o\",\"url\":\"https:\\\/\\\/anoticiaonline.com.br\\\/site\\\/\",\"logo\":{\"@type\":\"ImageObject\",\"url\":\"https:\\\/\\\/scontent-gig4-1.xx.fbcdn.net\\\/v\\\/t39.30808-1\\\/270437624_4564083193639691_6907940295614233970_n.jpg?stp=dst-jpg_s200x200_tt6&_nc_cat=111&ccb=1-7&_nc_sid=f907e8&_nc_ohc=SM1wRlP3lJwQ7kNvwEPuBYA&_nc_oc=AdnqrjDN_BNjSSHWO-GbkIWH6fkGMLw4bqvL_NH6e2wMveX7G-rP2dAqsDSq1mJMOaY&_nc_zt=24&_nc_ht=scontent-gig4-1.xx&_nc_gid=AoBFJeGrT1hVaew_6rchkQ&oh=00_AfX7QmFGhQhG2jAllVgXCiM1ZrWgvtp80-Bfppyexh1QEg&oe=689E923C\",\"@id\":\"https:\\\/\\\/anoticiaonline.com.br\\\/site\\\/o-consul-do-rei-livro-conta-a-trajetoria-do-diplomata-jose-alcino-bicalho\\\/#organizationLogo\"},\"image\":{\"@id\":\"https:\\\/\\\/anoticiaonline.com.br\\\/site\\\/o-consul-do-rei-livro-conta-a-trajetoria-do-diplomata-jose-alcino-bicalho\\\/#organizationLogo\"}},{\"@type\":\"Person\",\"@id\":\"https:\\\/\\\/anoticiaonline.com.br\\\/site\\\/author\\\/juliana\\\/#author\",\"url\":\"https:\\\/\\\/anoticiaonline.com.br\\\/site\\\/author\\\/juliana\\\/\",\"name\":\"Juliana Laviola\",\"image\":{\"@type\":\"ImageObject\",\"@id\":\"https:\\\/\\\/anoticiaonline.com.br\\\/site\\\/o-consul-do-rei-livro-conta-a-trajetoria-do-diplomata-jose-alcino-bicalho\\\/#authorImage\",\"url\":\"https:\\\/\\\/secure.gravatar.com\\\/avatar\\\/b8d45f5c699b100dfaf0e543582f38f38bf94cb7ae3a5e9abf8d891a34773335?s=96&d=mm&r=g\",\"width\":96,\"height\":96,\"caption\":\"Juliana Laviola\"}},{\"@type\":\"WebPage\",\"@id\":\"https:\\\/\\\/anoticiaonline.com.br\\\/site\\\/o-consul-do-rei-livro-conta-a-trajetoria-do-diplomata-jose-alcino-bicalho\\\/#webpage\",\"url\":\"https:\\\/\\\/anoticiaonline.com.br\\\/site\\\/o-consul-do-rei-livro-conta-a-trajetoria-do-diplomata-jose-alcino-bicalho\\\/\",\"name\":\"\\u201cO C\\u00f4nsul do Rei\\u201d: livro conta a trajet\\u00f3ria do diplomata Jos\\u00e9 Alcino Bicalho - A Not\\u00edcia Online\",\"description\":\"O livro \\u201cO C\\u00f4nsul do Rei\\u201d, uma inspiradora hist\\u00f3ria real constru\\u00edda entre o rigor da c\\u00e1tedra acad\\u00eamica e o vigor da admira\\u00e7\\u00e3o humana, escrito pela historiadora Rosana Areal de Carvalho, teve seu lan\\u00e7amento no dia 7 de abril, na C\\u00e2mara Municipal de Miradouro e no dia 8, na Escola S\\u00e3o Paulo. Ele conta a trajet\\u00f3ria\",\"inLanguage\":\"pt-BR\",\"isPartOf\":{\"@id\":\"https:\\\/\\\/anoticiaonline.com.br\\\/site\\\/#website\"},\"breadcrumb\":{\"@id\":\"https:\\\/\\\/anoticiaonline.com.br\\\/site\\\/o-consul-do-rei-livro-conta-a-trajetoria-do-diplomata-jose-alcino-bicalho\\\/#breadcrumblist\"},\"author\":{\"@id\":\"https:\\\/\\\/anoticiaonline.com.br\\\/site\\\/author\\\/juliana\\\/#author\"},\"creator\":{\"@id\":\"https:\\\/\\\/anoticiaonline.com.br\\\/site\\\/author\\\/juliana\\\/#author\"},\"image\":{\"@type\":\"ImageObject\",\"url\":\"https:\\\/\\\/anoticiaonline.com.br\\\/site\\\/wp-content\\\/uploads\\\/2017\\\/04\\\/DSC_6748.jpg\",\"@id\":\"https:\\\/\\\/anoticiaonline.com.br\\\/site\\\/o-consul-do-rei-livro-conta-a-trajetoria-do-diplomata-jose-alcino-bicalho\\\/#mainImage\",\"width\":640,\"height\":373},\"primaryImageOfPage\":{\"@id\":\"https:\\\/\\\/anoticiaonline.com.br\\\/site\\\/o-consul-do-rei-livro-conta-a-trajetoria-do-diplomata-jose-alcino-bicalho\\\/#mainImage\"},\"datePublished\":\"2017-04-13T11:05:12-03:00\",\"dateModified\":\"2017-04-13T11:05:12-03:00\"},{\"@type\":\"WebSite\",\"@id\":\"https:\\\/\\\/anoticiaonline.com.br\\\/site\\\/#website\",\"url\":\"https:\\\/\\\/anoticiaonline.com.br\\\/site\\\/\",\"name\":\"A Not\\u00edcia Online\",\"description\":\"Noticias de Muria\\u00e9 e regi\\u00e3o\",\"inLanguage\":\"pt-BR\",\"publisher\":{\"@id\":\"https:\\\/\\\/anoticiaonline.com.br\\\/site\\\/#organization\"}}]}\n\t\t<\/script>\n\t\t<!-- All in One SEO -->\n\n","aioseo_head_json":{"title":"\u201cO C\u00f4nsul do Rei\u201d: livro conta a trajet\u00f3ria do diplomata Jos\u00e9 Alcino Bicalho - A Not\u00edcia Online","description":"O livro \u201cO C\u00f4nsul do Rei\u201d, uma inspiradora hist\u00f3ria real constru\u00edda entre o rigor da c\u00e1tedra acad\u00eamica e o vigor da admira\u00e7\u00e3o humana, escrito pela historiadora Rosana Areal de Carvalho, teve seu lan\u00e7amento no dia 7 de abril, na C\u00e2mara Municipal de Miradouro e no dia 8, na Escola S\u00e3o Paulo. Ele conta a trajet\u00f3ria","canonical_url":"https:\/\/anoticiaonline.com.br\/site\/o-consul-do-rei-livro-conta-a-trajetoria-do-diplomata-jose-alcino-bicalho\/","robots":"max-image-preview:large","keywords":"","webmasterTools":{"miscellaneous":""},"schema":{"@context":"https:\/\/schema.org","@graph":[{"@type":"BlogPosting","@id":"https:\/\/anoticiaonline.com.br\/site\/o-consul-do-rei-livro-conta-a-trajetoria-do-diplomata-jose-alcino-bicalho\/#blogposting","name":"\u201cO C\u00f4nsul do Rei\u201d: livro conta a trajet\u00f3ria do diplomata Jos\u00e9 Alcino Bicalho - A Not\u00edcia Online","headline":"\u201cO C\u00f4nsul do Rei\u201d: livro conta a trajet\u00f3ria do diplomata Jos\u00e9 Alcino Bicalho","author":{"@id":"https:\/\/anoticiaonline.com.br\/site\/author\/juliana\/#author"},"publisher":{"@id":"https:\/\/anoticiaonline.com.br\/site\/#organization"},"image":{"@type":"ImageObject","url":"https:\/\/anoticiaonline.com.br\/site\/wp-content\/uploads\/2017\/04\/DSC_6748.jpg","width":640,"height":373},"datePublished":"2017-04-13T11:05:12-03:00","dateModified":"2017-04-13T11:05:12-03:00","inLanguage":"pt-BR","mainEntityOfPage":{"@id":"https:\/\/anoticiaonline.com.br\/site\/o-consul-do-rei-livro-conta-a-trajetoria-do-diplomata-jose-alcino-bicalho\/#webpage"},"isPartOf":{"@id":"https:\/\/anoticiaonline.com.br\/site\/o-consul-do-rei-livro-conta-a-trajetoria-do-diplomata-jose-alcino-bicalho\/#webpage"},"articleSection":"Blog, slide"},{"@type":"BreadcrumbList","@id":"https:\/\/anoticiaonline.com.br\/site\/o-consul-do-rei-livro-conta-a-trajetoria-do-diplomata-jose-alcino-bicalho\/#breadcrumblist","itemListElement":[{"@type":"ListItem","@id":"https:\/\/anoticiaonline.com.br\/site#listItem","position":1,"name":"Home","item":"https:\/\/anoticiaonline.com.br\/site","nextItem":{"@type":"ListItem","@id":"https:\/\/anoticiaonline.com.br\/site\/categoria\/muriae\/#listItem","name":"Blog"}},{"@type":"ListItem","@id":"https:\/\/anoticiaonline.com.br\/site\/categoria\/muriae\/#listItem","position":2,"name":"Blog","item":"https:\/\/anoticiaonline.com.br\/site\/categoria\/muriae\/","nextItem":{"@type":"ListItem","@id":"https:\/\/anoticiaonline.com.br\/site\/o-consul-do-rei-livro-conta-a-trajetoria-do-diplomata-jose-alcino-bicalho\/#listItem","name":"\u201cO C\u00f4nsul do Rei\u201d: livro conta a trajet\u00f3ria do diplomata Jos\u00e9 Alcino Bicalho"},"previousItem":{"@type":"ListItem","@id":"https:\/\/anoticiaonline.com.br\/site#listItem","name":"Home"}},{"@type":"ListItem","@id":"https:\/\/anoticiaonline.com.br\/site\/o-consul-do-rei-livro-conta-a-trajetoria-do-diplomata-jose-alcino-bicalho\/#listItem","position":3,"name":"\u201cO C\u00f4nsul do Rei\u201d: livro conta a trajet\u00f3ria do diplomata Jos\u00e9 Alcino Bicalho","previousItem":{"@type":"ListItem","@id":"https:\/\/anoticiaonline.com.br\/site\/categoria\/muriae\/#listItem","name":"Blog"}}]},{"@type":"Organization","@id":"https:\/\/anoticiaonline.com.br\/site\/#organization","name":"A Not\u00edcia Online","description":"Noticias de Muria\u00e9 e regi\u00e3o","url":"https:\/\/anoticiaonline.com.br\/site\/","logo":{"@type":"ImageObject","url":"https:\/\/scontent-gig4-1.xx.fbcdn.net\/v\/t39.30808-1\/270437624_4564083193639691_6907940295614233970_n.jpg?stp=dst-jpg_s200x200_tt6&_nc_cat=111&ccb=1-7&_nc_sid=f907e8&_nc_ohc=SM1wRlP3lJwQ7kNvwEPuBYA&_nc_oc=AdnqrjDN_BNjSSHWO-GbkIWH6fkGMLw4bqvL_NH6e2wMveX7G-rP2dAqsDSq1mJMOaY&_nc_zt=24&_nc_ht=scontent-gig4-1.xx&_nc_gid=AoBFJeGrT1hVaew_6rchkQ&oh=00_AfX7QmFGhQhG2jAllVgXCiM1ZrWgvtp80-Bfppyexh1QEg&oe=689E923C","@id":"https:\/\/anoticiaonline.com.br\/site\/o-consul-do-rei-livro-conta-a-trajetoria-do-diplomata-jose-alcino-bicalho\/#organizationLogo"},"image":{"@id":"https:\/\/anoticiaonline.com.br\/site\/o-consul-do-rei-livro-conta-a-trajetoria-do-diplomata-jose-alcino-bicalho\/#organizationLogo"}},{"@type":"Person","@id":"https:\/\/anoticiaonline.com.br\/site\/author\/juliana\/#author","url":"https:\/\/anoticiaonline.com.br\/site\/author\/juliana\/","name":"Juliana Laviola","image":{"@type":"ImageObject","@id":"https:\/\/anoticiaonline.com.br\/site\/o-consul-do-rei-livro-conta-a-trajetoria-do-diplomata-jose-alcino-bicalho\/#authorImage","url":"https:\/\/secure.gravatar.com\/avatar\/b8d45f5c699b100dfaf0e543582f38f38bf94cb7ae3a5e9abf8d891a34773335?s=96&d=mm&r=g","width":96,"height":96,"caption":"Juliana Laviola"}},{"@type":"WebPage","@id":"https:\/\/anoticiaonline.com.br\/site\/o-consul-do-rei-livro-conta-a-trajetoria-do-diplomata-jose-alcino-bicalho\/#webpage","url":"https:\/\/anoticiaonline.com.br\/site\/o-consul-do-rei-livro-conta-a-trajetoria-do-diplomata-jose-alcino-bicalho\/","name":"\u201cO C\u00f4nsul do Rei\u201d: livro conta a trajet\u00f3ria do diplomata Jos\u00e9 Alcino Bicalho - A Not\u00edcia Online","description":"O livro \u201cO C\u00f4nsul do Rei\u201d, uma inspiradora hist\u00f3ria real constru\u00edda entre o rigor da c\u00e1tedra acad\u00eamica e o vigor da admira\u00e7\u00e3o humana, escrito pela historiadora Rosana Areal de Carvalho, teve seu lan\u00e7amento no dia 7 de abril, na C\u00e2mara Municipal de Miradouro e no dia 8, na Escola S\u00e3o Paulo. Ele conta a trajet\u00f3ria","inLanguage":"pt-BR","isPartOf":{"@id":"https:\/\/anoticiaonline.com.br\/site\/#website"},"breadcrumb":{"@id":"https:\/\/anoticiaonline.com.br\/site\/o-consul-do-rei-livro-conta-a-trajetoria-do-diplomata-jose-alcino-bicalho\/#breadcrumblist"},"author":{"@id":"https:\/\/anoticiaonline.com.br\/site\/author\/juliana\/#author"},"creator":{"@id":"https:\/\/anoticiaonline.com.br\/site\/author\/juliana\/#author"},"image":{"@type":"ImageObject","url":"https:\/\/anoticiaonline.com.br\/site\/wp-content\/uploads\/2017\/04\/DSC_6748.jpg","@id":"https:\/\/anoticiaonline.com.br\/site\/o-consul-do-rei-livro-conta-a-trajetoria-do-diplomata-jose-alcino-bicalho\/#mainImage","width":640,"height":373},"primaryImageOfPage":{"@id":"https:\/\/anoticiaonline.com.br\/site\/o-consul-do-rei-livro-conta-a-trajetoria-do-diplomata-jose-alcino-bicalho\/#mainImage"},"datePublished":"2017-04-13T11:05:12-03:00","dateModified":"2017-04-13T11:05:12-03:00"},{"@type":"WebSite","@id":"https:\/\/anoticiaonline.com.br\/site\/#website","url":"https:\/\/anoticiaonline.com.br\/site\/","name":"A Not\u00edcia Online","description":"Noticias de Muria\u00e9 e regi\u00e3o","inLanguage":"pt-BR","publisher":{"@id":"https:\/\/anoticiaonline.com.br\/site\/#organization"}}]},"og:locale":"pt_BR","og:site_name":"A Not\u00edcia Online - Noticias de Muria\u00e9 e regi\u00e3o","og:type":"article","og:title":"\u201cO C\u00f4nsul do Rei\u201d: livro conta a trajet\u00f3ria do diplomata Jos\u00e9 Alcino Bicalho - A Not\u00edcia Online","og:description":"O livro \u201cO C\u00f4nsul do Rei\u201d, uma inspiradora hist\u00f3ria real constru\u00edda entre o rigor da c\u00e1tedra acad\u00eamica e o vigor da admira\u00e7\u00e3o humana, escrito pela historiadora Rosana Areal de Carvalho, teve seu lan\u00e7amento no dia 7 de abril, na C\u00e2mara Municipal de Miradouro e no dia 8, na Escola S\u00e3o Paulo. Ele conta a trajet\u00f3ria","og:url":"https:\/\/anoticiaonline.com.br\/site\/o-consul-do-rei-livro-conta-a-trajetoria-do-diplomata-jose-alcino-bicalho\/","og:image":"https:\/\/scontent-gig4-1.xx.fbcdn.net\/v\/t39.30808-1\/270437624_4564083193639691_6907940295614233970_n.jpg?stp=dst-jpg_s200x200_tt6&#038;_nc_cat=111&#038;ccb=1-7&#038;_nc_sid=f907e8&#038;_nc_ohc=SM1wRlP3lJwQ7kNvwEPuBYA&#038;_nc_oc=AdnqrjDN_BNjSSHWO-GbkIWH6fkGMLw4bqvL_NH6e2wMveX7G-rP2dAqsDSq1mJMOaY&#038;_nc_zt=24&#038;_nc_ht=scontent-gig4-1.xx&#038;_nc_gid=AoBFJeGrT1hVaew_6rchkQ&#038;oh=00_AfX7QmFGhQhG2jAllVgXCiM1ZrWgvtp80-Bfppyexh1QEg&#038;oe=689E923C","og:image:secure_url":"https:\/\/scontent-gig4-1.xx.fbcdn.net\/v\/t39.30808-1\/270437624_4564083193639691_6907940295614233970_n.jpg?stp=dst-jpg_s200x200_tt6&#038;_nc_cat=111&#038;ccb=1-7&#038;_nc_sid=f907e8&#038;_nc_ohc=SM1wRlP3lJwQ7kNvwEPuBYA&#038;_nc_oc=AdnqrjDN_BNjSSHWO-GbkIWH6fkGMLw4bqvL_NH6e2wMveX7G-rP2dAqsDSq1mJMOaY&#038;_nc_zt=24&#038;_nc_ht=scontent-gig4-1.xx&#038;_nc_gid=AoBFJeGrT1hVaew_6rchkQ&#038;oh=00_AfX7QmFGhQhG2jAllVgXCiM1ZrWgvtp80-Bfppyexh1QEg&#038;oe=689E923C","article:published_time":"2017-04-13T14:05:12+00:00","article:modified_time":"2017-04-13T14:05:12+00:00","twitter:card":"summary_large_image","twitter:title":"\u201cO C\u00f4nsul do Rei\u201d: livro conta a trajet\u00f3ria do diplomata Jos\u00e9 Alcino Bicalho - A Not\u00edcia Online","twitter:description":"O livro \u201cO C\u00f4nsul do Rei\u201d, uma inspiradora hist\u00f3ria real constru\u00edda entre o rigor da c\u00e1tedra acad\u00eamica e o vigor da admira\u00e7\u00e3o humana, escrito pela historiadora Rosana Areal de Carvalho, teve seu lan\u00e7amento no dia 7 de abril, na C\u00e2mara Municipal de Miradouro e no dia 8, na Escola S\u00e3o Paulo. Ele conta a trajet\u00f3ria","twitter:image":"https:\/\/scontent-gig4-1.xx.fbcdn.net\/v\/t39.30808-1\/270437624_4564083193639691_6907940295614233970_n.jpg?stp=dst-jpg_s200x200_tt6&_nc_cat=111&ccb=1-7&_nc_sid=f907e8&_nc_ohc=SM1wRlP3lJwQ7kNvwEPuBYA&_nc_oc=AdnqrjDN_BNjSSHWO-GbkIWH6fkGMLw4bqvL_NH6e2wMveX7G-rP2dAqsDSq1mJMOaY&_nc_zt=24&_nc_ht=scontent-gig4-1.xx&_nc_gid=AoBFJeGrT1hVaew_6rchkQ&oh=00_AfX7QmFGhQhG2jAllVgXCiM1ZrWgvtp80-Bfppyexh1QEg&oe=689E923C"},"aioseo_meta_data":{"post_id":"27636","title":null,"description":null,"keywords":null,"keyphrases":null,"primary_term":null,"canonical_url":null,"og_title":null,"og_description":null,"og_object_type":"default","og_image_type":"default","og_image_url":null,"og_image_width":null,"og_image_height":null,"og_image_custom_url":null,"og_image_custom_fields":null,"og_video":null,"og_custom_url":null,"og_article_section":null,"og_article_tags":null,"twitter_use_og":false,"twitter_card":"default","twitter_image_type":"default","twitter_image_url":null,"twitter_image_custom_url":null,"twitter_image_custom_fields":null,"twitter_title":null,"twitter_description":null,"schema":{"blockGraphs":[],"customGraphs":[],"default":{"data":{"Article":[],"Course":[],"Dataset":[],"FAQPage":[],"Movie":[],"Person":[],"Product":[],"ProductReview":[],"Car":[],"Recipe":[],"Service":[],"SoftwareApplication":[],"WebPage":[]},"graphName":"","isEnabled":true},"graphs":[]},"schema_type":"default","schema_type_options":null,"pillar_content":false,"robots_default":true,"robots_noindex":false,"robots_noarchive":false,"robots_nosnippet":false,"robots_nofollow":false,"robots_noimageindex":false,"robots_noodp":false,"robots_notranslate":false,"robots_max_snippet":null,"robots_max_videopreview":null,"robots_max_imagepreview":"large","priority":null,"frequency":null,"local_seo":null,"breadcrumb_settings":null,"limit_modified_date":false,"ai":null,"created":"2025-08-16 18:11:23","updated":"2025-08-16 18:11:23","focus_keyword":null,"additional_keywords":null,"truseo_locale":null,"seo_analyzer_scan_date":null},"aioseo_breadcrumb":"<div class=\"aioseo-breadcrumbs\"><span class=\"aioseo-breadcrumb\">\n\t\t\t<a href=\"https:\/\/anoticiaonline.com.br\/site\" title=\"Home\">Home<\/a>\n\t\t<\/span><span class=\"aioseo-breadcrumb-separator\">&raquo;<\/span><span class=\"aioseo-breadcrumb\">\n\t\t\t<a href=\"https:\/\/anoticiaonline.com.br\/site\/categoria\/muriae\/\" title=\"Blog\">Blog<\/a>\n\t\t<\/span><span class=\"aioseo-breadcrumb-separator\">&raquo;<\/span><span class=\"aioseo-breadcrumb\">\n\t\t\t\u201cO C\u00f4nsul do Rei\u201d: livro conta a trajet\u00f3ria do diplomata Jos\u00e9 Alcino Bicalho\n\t\t<\/span><\/div>","aioseo_breadcrumb_json":[{"label":"Home","link":"https:\/\/anoticiaonline.com.br\/site"},{"label":"Blog","link":"https:\/\/anoticiaonline.com.br\/site\/categoria\/muriae\/"},{"label":"\u201cO C\u00f4nsul do Rei\u201d: livro conta a trajet\u00f3ria do diplomata Jos\u00e9 Alcino Bicalho","link":"https:\/\/anoticiaonline.com.br\/site\/o-consul-do-rei-livro-conta-a-trajetoria-do-diplomata-jose-alcino-bicalho\/"}],"views":174,"_links":{"self":[{"href":"https:\/\/anoticiaonline.com.br\/site\/wp-json\/wp\/v2\/posts\/27636","targetHints":{"allow":["GET"]}}],"collection":[{"href":"https:\/\/anoticiaonline.com.br\/site\/wp-json\/wp\/v2\/posts"}],"about":[{"href":"https:\/\/anoticiaonline.com.br\/site\/wp-json\/wp\/v2\/types\/post"}],"author":[{"embeddable":true,"href":"https:\/\/anoticiaonline.com.br\/site\/wp-json\/wp\/v2\/users\/2"}],"replies":[{"embeddable":true,"href":"https:\/\/anoticiaonline.com.br\/site\/wp-json\/wp\/v2\/comments?post=27636"}],"version-history":[{"count":0,"href":"https:\/\/anoticiaonline.com.br\/site\/wp-json\/wp\/v2\/posts\/27636\/revisions"}],"wp:featuredmedia":[{"embeddable":true,"href":"https:\/\/anoticiaonline.com.br\/site\/wp-json\/wp\/v2\/media\/27692"}],"wp:attachment":[{"href":"https:\/\/anoticiaonline.com.br\/site\/wp-json\/wp\/v2\/media?parent=27636"}],"wp:term":[{"taxonomy":"category","embeddable":true,"href":"https:\/\/anoticiaonline.com.br\/site\/wp-json\/wp\/v2\/categories?post=27636"},{"taxonomy":"post_tag","embeddable":true,"href":"https:\/\/anoticiaonline.com.br\/site\/wp-json\/wp\/v2\/tags?post=27636"}],"curies":[{"name":"wp","href":"https:\/\/api.w.org\/{rel}","templated":true}]}}