{"id":27509,"date":"2017-04-07T10:43:34","date_gmt":"2017-04-07T13:43:34","guid":{"rendered":"http:\/\/anoticiaonline.com.br\/site\/?p=27509"},"modified":"2017-04-07T10:43:34","modified_gmt":"2017-04-07T13:43:34","slug":"divulgado-o-edital-do-concurso-do-tjmg-para-nivel-medio","status":"publish","type":"post","link":"https:\/\/anoticiaonline.com.br\/site\/divulgado-o-edital-do-concurso-do-tjmg-para-nivel-medio\/","title":{"rendered":"Divulgado o edital do concurso do TJMG para n\u00edvel m\u00e9dio"},"content":{"rendered":"<figure id=\"attachment_27510\" aria-describedby=\"caption-attachment-27510\" style=\"width: 290px\" class=\"wp-caption alignleft\"><a href=\"https:\/\/anoticiaonline.com.br\/site\/wp-content\/uploads\/2017\/04\/TJ-MG.jpg\"><img fetchpriority=\"high\" decoding=\"async\" class=\"wp-image-27510 size-medium\" src=\"https:\/\/anoticiaonline.com.br\/site\/wp-content\/uploads\/2017\/04\/TJ-MG-300x188.jpg\" alt=\"(Foto: www.blog.grancursosonline.com.br)\" width=\"300\" height=\"188\" srcset=\"https:\/\/anoticiaonline.com.br\/site\/wp-content\/uploads\/2017\/04\/TJ-MG-300x188.jpg 300w, https:\/\/anoticiaonline.com.br\/site\/wp-content\/uploads\/2017\/04\/TJ-MG.jpg 640w\" sizes=\"(max-width: 300px) 100vw, 300px\" \/><\/a><figcaption id=\"caption-attachment-27510\" class=\"wp-caption-text\">TJMG (Foto: www.blog.grancursosonline.com.br)<\/figcaption><\/figure>\n<p>O Tribunal de Justi\u00e7a de Minas Gerais (TJMG) divulgou no Di\u00e1rio de Justi\u00e7a Eletr\u00f4nico o aguardado edital para abertura de concurso p\u00fablico para carreiras de n\u00edvel m\u00e9dio. No total, s\u00e3o oferecidas 15 vagas.<\/p>\n<p>A oferta est\u00e1 dividida entre as carreiras oficial de apoio judicial (Justi\u00e7a Comum e Juizado Especial) e oficial judici\u00e1rio (Comission\u00e1rio da Inf\u00e2ncia e da Juventude), sendo dez vagas para a primeira e cinco para a segunda, al\u00e9m da forma\u00e7\u00e3o de cadastro de reserva.<\/p>\n<p>As inscri\u00e7\u00f5es estar\u00e3o abertas das 14h do dia 19 de junho de 2017, seguindo at\u00e9 \u00e0s 17h do dia 28 de julho de 2017, pelo site da organizadora, a Consulplan. A taxa \u00e9 de R$ 60,00, devendo ser paga at\u00e9 o dia 31 de julho de 2017, em qualquer banco, bem como nas casas lot\u00e9ricas e nos Correios, observados os hor\u00e1rios de atendimento e das transa\u00e7\u00f5es financeiras de cada institui\u00e7\u00e3o, ou ainda por meio de Internet Banking ou caixa eletr\u00f4nico.<\/p>\n<p><strong>ATRIBUI\u00c7\u00d5ES DOS CARGOS E REQUISITOS:<\/strong><\/p>\n<p><strong>\u00a0&#8211; OFICIAL DE APOIO JUDICIAL (CLASSE D)<\/strong><br \/>\n<strong>Requisitos<\/strong>: certificado, devidamente registrado, de conclus\u00e3o de curso de ensino m\u00e9dio (antigo 2\u00ba grau), expedido por institui\u00e7\u00e3o de ensino reconhecida pelo MEC.<br \/>\n<strong>Atribui\u00e7\u00f5es:<\/strong> realizar atos para subsidiar a movimenta\u00e7\u00e3o do processo e demais servi\u00e7os administrativos; redigir e digitar mat\u00e9ria relacionada \u00e0 sua \u00e1rea de atua\u00e7\u00e3o; entre outras.<br \/>\n<strong>Remunera\u00e7\u00e3o:<\/strong> R$ 3.457,01.<\/p>\n<p><strong>\u00a0&#8211; OFICIAL JUDICI\u00c1RIO (CLASSE D)<\/strong><br \/>\n<strong>Especialidade:<\/strong> Comiss\u00e1rio da Inf\u00e2ncia e da Juventude<br \/>\n<strong>Requisitos:<\/strong> certificado, devidamente registrado, de conclus\u00e3o de curso de ensino m\u00e9dio (antigo 2\u00ba grau), expedido por institui\u00e7\u00e3o de ensino reconhecida pelo MEC.<br \/>\n<strong>Atribui\u00e7\u00f5es:<\/strong> auxiliar no preparo de processos, promover medidas preliminares de instru\u00e7\u00e3o relativas a crian\u00e7as e adolescentes, determinadas pelo juiz; lavrar auto de infra\u00e7\u00e3o quando constatar viola\u00e7\u00e3o das normas de prote\u00e7\u00e3o \u00e0 crian\u00e7a e ao adolescente que tipifiquem infra\u00e7\u00f5es administrativas; entre outras.<br \/>\n<strong>Remunera\u00e7\u00e3o:<\/strong> R$ 3.457,01.<\/p>\n<p><strong>BENEF\u00cdCIOS OFERECIDOS &#8211;<\/strong> Os servidores contam ainda com diversos benef\u00edcios, como aux\u00edlios: alimenta\u00e7\u00e3o de R$ 710,00, creche de 632,00, transporte, licen\u00e7as, entre outros que n\u00e3o est\u00e3o inclusos nos valores acima mencionados.<\/p>\n<p><strong>ETAPAS E MAT\u00c9RIAS DO CONCURSO &#8211;<\/strong> A prova objetiva de m\u00faltipla escolha, para todos os cargos\/especialidades, ser\u00e1 realizada no dia 24 de setembro de 2017, das 14h \u00e0s 18h, nas cidades de Belo Horizonte, Diamantina, Governador Valadares, Juiz de Fora, Montes Claros, Uberl\u00e2ndia e Varginha. Para o cargo de oficial de apoio judicial, haver\u00e1 tamb\u00e9m prova pr\u00e1tica de digita\u00e7\u00e3o, de car\u00e1ter eliminat\u00f3rio, que ser\u00e1 aplicada apenas em Belo Horizonte, em data, local e hor\u00e1rio a serem divulgados posteriormente.<\/p>\n<p><strong>CRIT\u00c9RIOS PARA APROVA\u00c7\u00c3O &#8211;<\/strong> Ser\u00e1 considerado habilitado, na prova objetiva de m\u00faltipla escolha, o candidato que acertar, no m\u00ednimo, 50% do total de quest\u00f5es e que n\u00e3o possuir nota zero em qualquer uma das disciplinas da prova objetiva de m\u00faltipla escolha relativas ao cargo\/especialidade pretendido.<\/p>\n<p><strong>DISCIPLINAS &#8211;<\/strong> As disciplinas que far\u00e3o parte do certame ainda poder\u00e3o ser alteradas, mas em um momento inicial est\u00e1 fechada da seguinte forma: 20 quest\u00f5es de L\u00edngua Portuguesa, 15 de No\u00e7\u00f5es de Inform\u00e1tica, 20 de No\u00e7\u00f5es de Direito e 25 de Atos de Of\u00edcio.<\/p>\n<p><em>*Texto e foto: www.blog.grancursosonline.com.br<\/em><\/p>\n","protected":false},"excerpt":{"rendered":"<p>O Tribunal de Justi\u00e7a de Minas Gerais (TJMG) divulgou no Di\u00e1rio de Justi\u00e7a Eletr\u00f4nico o aguardado edital para abertura de concurso p\u00fablico para carreiras de n\u00edvel m\u00e9dio. No total, s\u00e3o oferecidas 15 vagas. A oferta est\u00e1 dividida entre as carreiras oficial de apoio judicial (Justi\u00e7a Comum e Juizado Especial) e oficial judici\u00e1rio (Comission\u00e1rio da Inf\u00e2ncia &#8230; <a title=\"Divulgado o edital do concurso do TJMG para n\u00edvel m\u00e9dio\" class=\"read-more\" href=\"https:\/\/anoticiaonline.com.br\/site\/divulgado-o-edital-do-concurso-do-tjmg-para-nivel-medio\/\" aria-label=\"Read more about Divulgado o edital do concurso do TJMG para n\u00edvel m\u00e9dio\">Ler mais<\/a><\/p>\n","protected":false},"author":2,"featured_media":27510,"comment_status":"open","ping_status":"open","sticky":false,"template":"","format":"standard","meta":{"_acf_changed":false,"_monsterinsights_skip_tracking":false,"footnotes":""},"categories":[1],"tags":[3],"class_list":["post-27509","post","type-post","status-publish","format-standard","has-post-thumbnail","hentry","category-gerais","tag-slide"],"acf":[],"aioseo_notices":[],"aioseo_head":"\n\t\t<!-- All in One SEO 5.0.0.1 - aioseo.com -->\n\t<meta name=\"description\" content=\"O Tribunal de Justi\u00e7a de Minas Gerais (TJMG) divulgou no Di\u00e1rio de Justi\u00e7a Eletr\u00f4nico o aguardado edital para abertura de concurso p\u00fablico para carreiras de n\u00edvel m\u00e9dio. No total, s\u00e3o oferecidas 15 vagas. A oferta est\u00e1 dividida entre as carreiras oficial de apoio judicial (Justi\u00e7a Comum e Juizado Especial) e oficial judici\u00e1rio (Comission\u00e1rio da Inf\u00e2ncia\" \/>\n\t<meta name=\"robots\" content=\"max-image-preview:large\" \/>\n\t<meta name=\"author\" content=\"Juliana Laviola\"\/>\n\t<link rel=\"canonical\" href=\"https:\/\/anoticiaonline.com.br\/site\/divulgado-o-edital-do-concurso-do-tjmg-para-nivel-medio\/\" \/>\n\t<meta name=\"generator\" content=\"All in One SEO (AIOSEO) 5.0.0.1\" \/>\n\t\t<meta property=\"og:locale\" content=\"pt_BR\" \/>\n\t\t<meta property=\"og:site_name\" content=\"A Not\u00edcia Online - Noticias de Muria\u00e9 e regi\u00e3o\" \/>\n\t\t<meta property=\"og:type\" content=\"article\" \/>\n\t\t<meta property=\"og:title\" content=\"Divulgado o edital do concurso do TJMG para n\u00edvel m\u00e9dio - A Not\u00edcia Online\" \/>\n\t\t<meta property=\"og:description\" content=\"O Tribunal de Justi\u00e7a de Minas Gerais (TJMG) divulgou no Di\u00e1rio de Justi\u00e7a Eletr\u00f4nico o aguardado edital para abertura de concurso p\u00fablico para carreiras de n\u00edvel m\u00e9dio. No total, s\u00e3o oferecidas 15 vagas. A oferta est\u00e1 dividida entre as carreiras oficial de apoio judicial (Justi\u00e7a Comum e Juizado Especial) e oficial judici\u00e1rio (Comission\u00e1rio da Inf\u00e2ncia\" \/>\n\t\t<meta property=\"og:url\" content=\"https:\/\/anoticiaonline.com.br\/site\/divulgado-o-edital-do-concurso-do-tjmg-para-nivel-medio\/\" \/>\n\t\t<meta property=\"og:image\" content=\"https:\/\/scontent-gig4-1.xx.fbcdn.net\/v\/t39.30808-1\/270437624_4564083193639691_6907940295614233970_n.jpg?stp=dst-jpg_s200x200_tt6&#038;_nc_cat=111&#038;ccb=1-7&#038;_nc_sid=f907e8&#038;_nc_ohc=SM1wRlP3lJwQ7kNvwEPuBYA&#038;_nc_oc=AdnqrjDN_BNjSSHWO-GbkIWH6fkGMLw4bqvL_NH6e2wMveX7G-rP2dAqsDSq1mJMOaY&#038;_nc_zt=24&#038;_nc_ht=scontent-gig4-1.xx&#038;_nc_gid=AoBFJeGrT1hVaew_6rchkQ&#038;oh=00_AfX7QmFGhQhG2jAllVgXCiM1ZrWgvtp80-Bfppyexh1QEg&#038;oe=689E923C\" \/>\n\t\t<meta property=\"og:image:secure_url\" content=\"https:\/\/scontent-gig4-1.xx.fbcdn.net\/v\/t39.30808-1\/270437624_4564083193639691_6907940295614233970_n.jpg?stp=dst-jpg_s200x200_tt6&#038;_nc_cat=111&#038;ccb=1-7&#038;_nc_sid=f907e8&#038;_nc_ohc=SM1wRlP3lJwQ7kNvwEPuBYA&#038;_nc_oc=AdnqrjDN_BNjSSHWO-GbkIWH6fkGMLw4bqvL_NH6e2wMveX7G-rP2dAqsDSq1mJMOaY&#038;_nc_zt=24&#038;_nc_ht=scontent-gig4-1.xx&#038;_nc_gid=AoBFJeGrT1hVaew_6rchkQ&#038;oh=00_AfX7QmFGhQhG2jAllVgXCiM1ZrWgvtp80-Bfppyexh1QEg&#038;oe=689E923C\" \/>\n\t\t<meta property=\"article:published_time\" content=\"2017-04-07T13:43:34+00:00\" \/>\n\t\t<meta property=\"article:modified_time\" content=\"2017-04-07T13:43:34+00:00\" \/>\n\t\t<meta name=\"twitter:card\" content=\"summary_large_image\" \/>\n\t\t<meta name=\"twitter:title\" content=\"Divulgado o edital do concurso do TJMG para n\u00edvel m\u00e9dio - A Not\u00edcia Online\" \/>\n\t\t<meta name=\"twitter:description\" content=\"O Tribunal de Justi\u00e7a de Minas Gerais (TJMG) divulgou no Di\u00e1rio de Justi\u00e7a Eletr\u00f4nico o aguardado edital para abertura de concurso p\u00fablico para carreiras de n\u00edvel m\u00e9dio. No total, s\u00e3o oferecidas 15 vagas. A oferta est\u00e1 dividida entre as carreiras oficial de apoio judicial (Justi\u00e7a Comum e Juizado Especial) e oficial judici\u00e1rio (Comission\u00e1rio da Inf\u00e2ncia\" \/>\n\t\t<meta name=\"twitter:image\" content=\"https:\/\/scontent-gig4-1.xx.fbcdn.net\/v\/t39.30808-1\/270437624_4564083193639691_6907940295614233970_n.jpg?stp=dst-jpg_s200x200_tt6&amp;_nc_cat=111&amp;ccb=1-7&amp;_nc_sid=f907e8&amp;_nc_ohc=SM1wRlP3lJwQ7kNvwEPuBYA&amp;_nc_oc=AdnqrjDN_BNjSSHWO-GbkIWH6fkGMLw4bqvL_NH6e2wMveX7G-rP2dAqsDSq1mJMOaY&amp;_nc_zt=24&amp;_nc_ht=scontent-gig4-1.xx&amp;_nc_gid=AoBFJeGrT1hVaew_6rchkQ&amp;oh=00_AfX7QmFGhQhG2jAllVgXCiM1ZrWgvtp80-Bfppyexh1QEg&amp;oe=689E923C\" \/>\n\t\t<script type=\"application\/ld+json\" class=\"aioseo-schema\">\n\t\t\t{\"@context\":\"https:\\\/\\\/schema.org\",\"@graph\":[{\"@type\":\"BlogPosting\",\"@id\":\"https:\\\/\\\/anoticiaonline.com.br\\\/site\\\/divulgado-o-edital-do-concurso-do-tjmg-para-nivel-medio\\\/#blogposting\",\"name\":\"Divulgado o edital do concurso do TJMG para n\\u00edvel m\\u00e9dio - A Not\\u00edcia Online\",\"headline\":\"Divulgado o edital do concurso do TJMG para n\\u00edvel m\\u00e9dio\",\"author\":{\"@id\":\"https:\\\/\\\/anoticiaonline.com.br\\\/site\\\/author\\\/juliana\\\/#author\"},\"publisher\":{\"@id\":\"https:\\\/\\\/anoticiaonline.com.br\\\/site\\\/#organization\"},\"image\":{\"@type\":\"ImageObject\",\"url\":\"https:\\\/\\\/anoticiaonline.com.br\\\/site\\\/wp-content\\\/uploads\\\/2017\\\/04\\\/TJ-MG.jpg\",\"width\":640,\"height\":400,\"caption\":\"(Foto: www.blog.grancursosonline.com.br)\"},\"datePublished\":\"2017-04-07T10:43:34-03:00\",\"dateModified\":\"2017-04-07T10:43:34-03:00\",\"inLanguage\":\"pt-BR\",\"mainEntityOfPage\":{\"@id\":\"https:\\\/\\\/anoticiaonline.com.br\\\/site\\\/divulgado-o-edital-do-concurso-do-tjmg-para-nivel-medio\\\/#webpage\"},\"isPartOf\":{\"@id\":\"https:\\\/\\\/anoticiaonline.com.br\\\/site\\\/divulgado-o-edital-do-concurso-do-tjmg-para-nivel-medio\\\/#webpage\"},\"articleSection\":\"Gerais, slide\"},{\"@type\":\"BreadcrumbList\",\"@id\":\"https:\\\/\\\/anoticiaonline.com.br\\\/site\\\/divulgado-o-edital-do-concurso-do-tjmg-para-nivel-medio\\\/#breadcrumblist\",\"itemListElement\":[{\"@type\":\"ListItem\",\"@id\":\"https:\\\/\\\/anoticiaonline.com.br\\\/site#listItem\",\"position\":1,\"name\":\"Home\",\"item\":\"https:\\\/\\\/anoticiaonline.com.br\\\/site\",\"nextItem\":{\"@type\":\"ListItem\",\"@id\":\"https:\\\/\\\/anoticiaonline.com.br\\\/site\\\/categoria\\\/gerais\\\/#listItem\",\"name\":\"Gerais\"}},{\"@type\":\"ListItem\",\"@id\":\"https:\\\/\\\/anoticiaonline.com.br\\\/site\\\/categoria\\\/gerais\\\/#listItem\",\"position\":2,\"name\":\"Gerais\",\"item\":\"https:\\\/\\\/anoticiaonline.com.br\\\/site\\\/categoria\\\/gerais\\\/\",\"nextItem\":{\"@type\":\"ListItem\",\"@id\":\"https:\\\/\\\/anoticiaonline.com.br\\\/site\\\/divulgado-o-edital-do-concurso-do-tjmg-para-nivel-medio\\\/#listItem\",\"name\":\"Divulgado o edital do concurso do TJMG para n\\u00edvel m\\u00e9dio\"},\"previousItem\":{\"@type\":\"ListItem\",\"@id\":\"https:\\\/\\\/anoticiaonline.com.br\\\/site#listItem\",\"name\":\"Home\"}},{\"@type\":\"ListItem\",\"@id\":\"https:\\\/\\\/anoticiaonline.com.br\\\/site\\\/divulgado-o-edital-do-concurso-do-tjmg-para-nivel-medio\\\/#listItem\",\"position\":3,\"name\":\"Divulgado o edital do concurso do TJMG para n\\u00edvel m\\u00e9dio\",\"previousItem\":{\"@type\":\"ListItem\",\"@id\":\"https:\\\/\\\/anoticiaonline.com.br\\\/site\\\/categoria\\\/gerais\\\/#listItem\",\"name\":\"Gerais\"}}]},{\"@type\":\"Organization\",\"@id\":\"https:\\\/\\\/anoticiaonline.com.br\\\/site\\\/#organization\",\"name\":\"A Not\\u00edcia Online\",\"description\":\"Noticias de Muria\\u00e9 e regi\\u00e3o\",\"url\":\"https:\\\/\\\/anoticiaonline.com.br\\\/site\\\/\",\"logo\":{\"@type\":\"ImageObject\",\"url\":\"https:\\\/\\\/scontent-gig4-1.xx.fbcdn.net\\\/v\\\/t39.30808-1\\\/270437624_4564083193639691_6907940295614233970_n.jpg?stp=dst-jpg_s200x200_tt6&_nc_cat=111&ccb=1-7&_nc_sid=f907e8&_nc_ohc=SM1wRlP3lJwQ7kNvwEPuBYA&_nc_oc=AdnqrjDN_BNjSSHWO-GbkIWH6fkGMLw4bqvL_NH6e2wMveX7G-rP2dAqsDSq1mJMOaY&_nc_zt=24&_nc_ht=scontent-gig4-1.xx&_nc_gid=AoBFJeGrT1hVaew_6rchkQ&oh=00_AfX7QmFGhQhG2jAllVgXCiM1ZrWgvtp80-Bfppyexh1QEg&oe=689E923C\",\"@id\":\"https:\\\/\\\/anoticiaonline.com.br\\\/site\\\/divulgado-o-edital-do-concurso-do-tjmg-para-nivel-medio\\\/#organizationLogo\"},\"image\":{\"@id\":\"https:\\\/\\\/anoticiaonline.com.br\\\/site\\\/divulgado-o-edital-do-concurso-do-tjmg-para-nivel-medio\\\/#organizationLogo\"}},{\"@type\":\"Person\",\"@id\":\"https:\\\/\\\/anoticiaonline.com.br\\\/site\\\/author\\\/juliana\\\/#author\",\"url\":\"https:\\\/\\\/anoticiaonline.com.br\\\/site\\\/author\\\/juliana\\\/\",\"name\":\"Juliana Laviola\",\"image\":{\"@type\":\"ImageObject\",\"@id\":\"https:\\\/\\\/anoticiaonline.com.br\\\/site\\\/divulgado-o-edital-do-concurso-do-tjmg-para-nivel-medio\\\/#authorImage\",\"url\":\"https:\\\/\\\/secure.gravatar.com\\\/avatar\\\/b8d45f5c699b100dfaf0e543582f38f38bf94cb7ae3a5e9abf8d891a34773335?s=96&d=mm&r=g\",\"width\":96,\"height\":96,\"caption\":\"Juliana Laviola\"}},{\"@type\":\"WebPage\",\"@id\":\"https:\\\/\\\/anoticiaonline.com.br\\\/site\\\/divulgado-o-edital-do-concurso-do-tjmg-para-nivel-medio\\\/#webpage\",\"url\":\"https:\\\/\\\/anoticiaonline.com.br\\\/site\\\/divulgado-o-edital-do-concurso-do-tjmg-para-nivel-medio\\\/\",\"name\":\"Divulgado o edital do concurso do TJMG para n\\u00edvel m\\u00e9dio - A Not\\u00edcia Online\",\"description\":\"O Tribunal de Justi\\u00e7a de Minas Gerais (TJMG) divulgou no Di\\u00e1rio de Justi\\u00e7a Eletr\\u00f4nico o aguardado edital para abertura de concurso p\\u00fablico para carreiras de n\\u00edvel m\\u00e9dio. No total, s\\u00e3o oferecidas 15 vagas. A oferta est\\u00e1 dividida entre as carreiras oficial de apoio judicial (Justi\\u00e7a Comum e Juizado Especial) e oficial judici\\u00e1rio (Comission\\u00e1rio da Inf\\u00e2ncia\",\"inLanguage\":\"pt-BR\",\"isPartOf\":{\"@id\":\"https:\\\/\\\/anoticiaonline.com.br\\\/site\\\/#website\"},\"breadcrumb\":{\"@id\":\"https:\\\/\\\/anoticiaonline.com.br\\\/site\\\/divulgado-o-edital-do-concurso-do-tjmg-para-nivel-medio\\\/#breadcrumblist\"},\"author\":{\"@id\":\"https:\\\/\\\/anoticiaonline.com.br\\\/site\\\/author\\\/juliana\\\/#author\"},\"creator\":{\"@id\":\"https:\\\/\\\/anoticiaonline.com.br\\\/site\\\/author\\\/juliana\\\/#author\"},\"image\":{\"@type\":\"ImageObject\",\"url\":\"https:\\\/\\\/anoticiaonline.com.br\\\/site\\\/wp-content\\\/uploads\\\/2017\\\/04\\\/TJ-MG.jpg\",\"@id\":\"https:\\\/\\\/anoticiaonline.com.br\\\/site\\\/divulgado-o-edital-do-concurso-do-tjmg-para-nivel-medio\\\/#mainImage\",\"width\":640,\"height\":400,\"caption\":\"(Foto: www.blog.grancursosonline.com.br)\"},\"primaryImageOfPage\":{\"@id\":\"https:\\\/\\\/anoticiaonline.com.br\\\/site\\\/divulgado-o-edital-do-concurso-do-tjmg-para-nivel-medio\\\/#mainImage\"},\"datePublished\":\"2017-04-07T10:43:34-03:00\",\"dateModified\":\"2017-04-07T10:43:34-03:00\"},{\"@type\":\"WebSite\",\"@id\":\"https:\\\/\\\/anoticiaonline.com.br\\\/site\\\/#website\",\"url\":\"https:\\\/\\\/anoticiaonline.com.br\\\/site\\\/\",\"name\":\"A Not\\u00edcia Online\",\"description\":\"Noticias de Muria\\u00e9 e regi\\u00e3o\",\"inLanguage\":\"pt-BR\",\"publisher\":{\"@id\":\"https:\\\/\\\/anoticiaonline.com.br\\\/site\\\/#organization\"}}]}\n\t\t<\/script>\n\t\t<!-- All in One SEO -->\n\n","aioseo_head_json":{"title":"Divulgado o edital do concurso do TJMG para n\u00edvel m\u00e9dio - A Not\u00edcia Online","description":"O Tribunal de Justi\u00e7a de Minas Gerais (TJMG) divulgou no Di\u00e1rio de Justi\u00e7a Eletr\u00f4nico o aguardado edital para abertura de concurso p\u00fablico para carreiras de n\u00edvel m\u00e9dio. No total, s\u00e3o oferecidas 15 vagas. A oferta est\u00e1 dividida entre as carreiras oficial de apoio judicial (Justi\u00e7a Comum e Juizado Especial) e oficial judici\u00e1rio (Comission\u00e1rio da Inf\u00e2ncia","canonical_url":"https:\/\/anoticiaonline.com.br\/site\/divulgado-o-edital-do-concurso-do-tjmg-para-nivel-medio\/","robots":"max-image-preview:large","keywords":"","webmasterTools":{"miscellaneous":""},"schema":{"@context":"https:\/\/schema.org","@graph":[{"@type":"BlogPosting","@id":"https:\/\/anoticiaonline.com.br\/site\/divulgado-o-edital-do-concurso-do-tjmg-para-nivel-medio\/#blogposting","name":"Divulgado o edital do concurso do TJMG para n\u00edvel m\u00e9dio - A Not\u00edcia Online","headline":"Divulgado o edital do concurso do TJMG para n\u00edvel m\u00e9dio","author":{"@id":"https:\/\/anoticiaonline.com.br\/site\/author\/juliana\/#author"},"publisher":{"@id":"https:\/\/anoticiaonline.com.br\/site\/#organization"},"image":{"@type":"ImageObject","url":"https:\/\/anoticiaonline.com.br\/site\/wp-content\/uploads\/2017\/04\/TJ-MG.jpg","width":640,"height":400,"caption":"(Foto: www.blog.grancursosonline.com.br)"},"datePublished":"2017-04-07T10:43:34-03:00","dateModified":"2017-04-07T10:43:34-03:00","inLanguage":"pt-BR","mainEntityOfPage":{"@id":"https:\/\/anoticiaonline.com.br\/site\/divulgado-o-edital-do-concurso-do-tjmg-para-nivel-medio\/#webpage"},"isPartOf":{"@id":"https:\/\/anoticiaonline.com.br\/site\/divulgado-o-edital-do-concurso-do-tjmg-para-nivel-medio\/#webpage"},"articleSection":"Gerais, slide"},{"@type":"BreadcrumbList","@id":"https:\/\/anoticiaonline.com.br\/site\/divulgado-o-edital-do-concurso-do-tjmg-para-nivel-medio\/#breadcrumblist","itemListElement":[{"@type":"ListItem","@id":"https:\/\/anoticiaonline.com.br\/site#listItem","position":1,"name":"Home","item":"https:\/\/anoticiaonline.com.br\/site","nextItem":{"@type":"ListItem","@id":"https:\/\/anoticiaonline.com.br\/site\/categoria\/gerais\/#listItem","name":"Gerais"}},{"@type":"ListItem","@id":"https:\/\/anoticiaonline.com.br\/site\/categoria\/gerais\/#listItem","position":2,"name":"Gerais","item":"https:\/\/anoticiaonline.com.br\/site\/categoria\/gerais\/","nextItem":{"@type":"ListItem","@id":"https:\/\/anoticiaonline.com.br\/site\/divulgado-o-edital-do-concurso-do-tjmg-para-nivel-medio\/#listItem","name":"Divulgado o edital do concurso do TJMG para n\u00edvel m\u00e9dio"},"previousItem":{"@type":"ListItem","@id":"https:\/\/anoticiaonline.com.br\/site#listItem","name":"Home"}},{"@type":"ListItem","@id":"https:\/\/anoticiaonline.com.br\/site\/divulgado-o-edital-do-concurso-do-tjmg-para-nivel-medio\/#listItem","position":3,"name":"Divulgado o edital do concurso do TJMG para n\u00edvel m\u00e9dio","previousItem":{"@type":"ListItem","@id":"https:\/\/anoticiaonline.com.br\/site\/categoria\/gerais\/#listItem","name":"Gerais"}}]},{"@type":"Organization","@id":"https:\/\/anoticiaonline.com.br\/site\/#organization","name":"A Not\u00edcia Online","description":"Noticias de Muria\u00e9 e regi\u00e3o","url":"https:\/\/anoticiaonline.com.br\/site\/","logo":{"@type":"ImageObject","url":"https:\/\/scontent-gig4-1.xx.fbcdn.net\/v\/t39.30808-1\/270437624_4564083193639691_6907940295614233970_n.jpg?stp=dst-jpg_s200x200_tt6&_nc_cat=111&ccb=1-7&_nc_sid=f907e8&_nc_ohc=SM1wRlP3lJwQ7kNvwEPuBYA&_nc_oc=AdnqrjDN_BNjSSHWO-GbkIWH6fkGMLw4bqvL_NH6e2wMveX7G-rP2dAqsDSq1mJMOaY&_nc_zt=24&_nc_ht=scontent-gig4-1.xx&_nc_gid=AoBFJeGrT1hVaew_6rchkQ&oh=00_AfX7QmFGhQhG2jAllVgXCiM1ZrWgvtp80-Bfppyexh1QEg&oe=689E923C","@id":"https:\/\/anoticiaonline.com.br\/site\/divulgado-o-edital-do-concurso-do-tjmg-para-nivel-medio\/#organizationLogo"},"image":{"@id":"https:\/\/anoticiaonline.com.br\/site\/divulgado-o-edital-do-concurso-do-tjmg-para-nivel-medio\/#organizationLogo"}},{"@type":"Person","@id":"https:\/\/anoticiaonline.com.br\/site\/author\/juliana\/#author","url":"https:\/\/anoticiaonline.com.br\/site\/author\/juliana\/","name":"Juliana Laviola","image":{"@type":"ImageObject","@id":"https:\/\/anoticiaonline.com.br\/site\/divulgado-o-edital-do-concurso-do-tjmg-para-nivel-medio\/#authorImage","url":"https:\/\/secure.gravatar.com\/avatar\/b8d45f5c699b100dfaf0e543582f38f38bf94cb7ae3a5e9abf8d891a34773335?s=96&d=mm&r=g","width":96,"height":96,"caption":"Juliana Laviola"}},{"@type":"WebPage","@id":"https:\/\/anoticiaonline.com.br\/site\/divulgado-o-edital-do-concurso-do-tjmg-para-nivel-medio\/#webpage","url":"https:\/\/anoticiaonline.com.br\/site\/divulgado-o-edital-do-concurso-do-tjmg-para-nivel-medio\/","name":"Divulgado o edital do concurso do TJMG para n\u00edvel m\u00e9dio - A Not\u00edcia Online","description":"O Tribunal de Justi\u00e7a de Minas Gerais (TJMG) divulgou no Di\u00e1rio de Justi\u00e7a Eletr\u00f4nico o aguardado edital para abertura de concurso p\u00fablico para carreiras de n\u00edvel m\u00e9dio. No total, s\u00e3o oferecidas 15 vagas. A oferta est\u00e1 dividida entre as carreiras oficial de apoio judicial (Justi\u00e7a Comum e Juizado Especial) e oficial judici\u00e1rio (Comission\u00e1rio da Inf\u00e2ncia","inLanguage":"pt-BR","isPartOf":{"@id":"https:\/\/anoticiaonline.com.br\/site\/#website"},"breadcrumb":{"@id":"https:\/\/anoticiaonline.com.br\/site\/divulgado-o-edital-do-concurso-do-tjmg-para-nivel-medio\/#breadcrumblist"},"author":{"@id":"https:\/\/anoticiaonline.com.br\/site\/author\/juliana\/#author"},"creator":{"@id":"https:\/\/anoticiaonline.com.br\/site\/author\/juliana\/#author"},"image":{"@type":"ImageObject","url":"https:\/\/anoticiaonline.com.br\/site\/wp-content\/uploads\/2017\/04\/TJ-MG.jpg","@id":"https:\/\/anoticiaonline.com.br\/site\/divulgado-o-edital-do-concurso-do-tjmg-para-nivel-medio\/#mainImage","width":640,"height":400,"caption":"(Foto: www.blog.grancursosonline.com.br)"},"primaryImageOfPage":{"@id":"https:\/\/anoticiaonline.com.br\/site\/divulgado-o-edital-do-concurso-do-tjmg-para-nivel-medio\/#mainImage"},"datePublished":"2017-04-07T10:43:34-03:00","dateModified":"2017-04-07T10:43:34-03:00"},{"@type":"WebSite","@id":"https:\/\/anoticiaonline.com.br\/site\/#website","url":"https:\/\/anoticiaonline.com.br\/site\/","name":"A Not\u00edcia Online","description":"Noticias de Muria\u00e9 e regi\u00e3o","inLanguage":"pt-BR","publisher":{"@id":"https:\/\/anoticiaonline.com.br\/site\/#organization"}}]},"og:locale":"pt_BR","og:site_name":"A Not\u00edcia Online - Noticias de Muria\u00e9 e regi\u00e3o","og:type":"article","og:title":"Divulgado o edital do concurso do TJMG para n\u00edvel m\u00e9dio - A Not\u00edcia Online","og:description":"O Tribunal de Justi\u00e7a de Minas Gerais (TJMG) divulgou no Di\u00e1rio de Justi\u00e7a Eletr\u00f4nico o aguardado edital para abertura de concurso p\u00fablico para carreiras de n\u00edvel m\u00e9dio. No total, s\u00e3o oferecidas 15 vagas. A oferta est\u00e1 dividida entre as carreiras oficial de apoio judicial (Justi\u00e7a Comum e Juizado Especial) e oficial judici\u00e1rio (Comission\u00e1rio da Inf\u00e2ncia","og:url":"https:\/\/anoticiaonline.com.br\/site\/divulgado-o-edital-do-concurso-do-tjmg-para-nivel-medio\/","og:image":"https:\/\/scontent-gig4-1.xx.fbcdn.net\/v\/t39.30808-1\/270437624_4564083193639691_6907940295614233970_n.jpg?stp=dst-jpg_s200x200_tt6&#038;_nc_cat=111&#038;ccb=1-7&#038;_nc_sid=f907e8&#038;_nc_ohc=SM1wRlP3lJwQ7kNvwEPuBYA&#038;_nc_oc=AdnqrjDN_BNjSSHWO-GbkIWH6fkGMLw4bqvL_NH6e2wMveX7G-rP2dAqsDSq1mJMOaY&#038;_nc_zt=24&#038;_nc_ht=scontent-gig4-1.xx&#038;_nc_gid=AoBFJeGrT1hVaew_6rchkQ&#038;oh=00_AfX7QmFGhQhG2jAllVgXCiM1ZrWgvtp80-Bfppyexh1QEg&#038;oe=689E923C","og:image:secure_url":"https:\/\/scontent-gig4-1.xx.fbcdn.net\/v\/t39.30808-1\/270437624_4564083193639691_6907940295614233970_n.jpg?stp=dst-jpg_s200x200_tt6&#038;_nc_cat=111&#038;ccb=1-7&#038;_nc_sid=f907e8&#038;_nc_ohc=SM1wRlP3lJwQ7kNvwEPuBYA&#038;_nc_oc=AdnqrjDN_BNjSSHWO-GbkIWH6fkGMLw4bqvL_NH6e2wMveX7G-rP2dAqsDSq1mJMOaY&#038;_nc_zt=24&#038;_nc_ht=scontent-gig4-1.xx&#038;_nc_gid=AoBFJeGrT1hVaew_6rchkQ&#038;oh=00_AfX7QmFGhQhG2jAllVgXCiM1ZrWgvtp80-Bfppyexh1QEg&#038;oe=689E923C","article:published_time":"2017-04-07T13:43:34+00:00","article:modified_time":"2017-04-07T13:43:34+00:00","twitter:card":"summary_large_image","twitter:title":"Divulgado o edital do concurso do TJMG para n\u00edvel m\u00e9dio - A Not\u00edcia Online","twitter:description":"O Tribunal de Justi\u00e7a de Minas Gerais (TJMG) divulgou no Di\u00e1rio de Justi\u00e7a Eletr\u00f4nico o aguardado edital para abertura de concurso p\u00fablico para carreiras de n\u00edvel m\u00e9dio. No total, s\u00e3o oferecidas 15 vagas. A oferta est\u00e1 dividida entre as carreiras oficial de apoio judicial (Justi\u00e7a Comum e Juizado Especial) e oficial judici\u00e1rio (Comission\u00e1rio da Inf\u00e2ncia","twitter:image":"https:\/\/scontent-gig4-1.xx.fbcdn.net\/v\/t39.30808-1\/270437624_4564083193639691_6907940295614233970_n.jpg?stp=dst-jpg_s200x200_tt6&_nc_cat=111&ccb=1-7&_nc_sid=f907e8&_nc_ohc=SM1wRlP3lJwQ7kNvwEPuBYA&_nc_oc=AdnqrjDN_BNjSSHWO-GbkIWH6fkGMLw4bqvL_NH6e2wMveX7G-rP2dAqsDSq1mJMOaY&_nc_zt=24&_nc_ht=scontent-gig4-1.xx&_nc_gid=AoBFJeGrT1hVaew_6rchkQ&oh=00_AfX7QmFGhQhG2jAllVgXCiM1ZrWgvtp80-Bfppyexh1QEg&oe=689E923C"},"aioseo_meta_data":{"post_id":"27509","title":null,"description":null,"keywords":null,"keyphrases":null,"primary_term":null,"canonical_url":null,"og_title":null,"og_description":null,"og_object_type":"default","og_image_type":"default","og_image_url":null,"og_image_width":null,"og_image_height":null,"og_image_custom_url":null,"og_image_custom_fields":null,"og_video":null,"og_custom_url":null,"og_article_section":null,"og_article_tags":null,"twitter_use_og":false,"twitter_card":"default","twitter_image_type":"default","twitter_image_url":null,"twitter_image_custom_url":null,"twitter_image_custom_fields":null,"twitter_title":null,"twitter_description":null,"schema":{"blockGraphs":[],"customGraphs":[],"default":{"data":{"Article":[],"Course":[],"Dataset":[],"FAQPage":[],"Movie":[],"Person":[],"Product":[],"ProductReview":[],"Car":[],"Recipe":[],"Service":[],"SoftwareApplication":[],"WebPage":[]},"graphName":"","isEnabled":true},"graphs":[]},"schema_type":"default","schema_type_options":null,"pillar_content":false,"robots_default":true,"robots_noindex":false,"robots_noarchive":false,"robots_nosnippet":false,"robots_nofollow":false,"robots_noimageindex":false,"robots_noodp":false,"robots_notranslate":false,"robots_max_snippet":null,"robots_max_videopreview":null,"robots_max_imagepreview":"large","priority":null,"frequency":null,"local_seo":null,"breadcrumb_settings":null,"limit_modified_date":false,"ai":null,"created":"2025-08-16 18:10:24","updated":"2025-08-16 18:10:24","focus_keyword":null,"additional_keywords":null,"truseo_locale":null,"seo_analyzer_scan_date":null},"aioseo_breadcrumb":"<div class=\"aioseo-breadcrumbs\"><span class=\"aioseo-breadcrumb\">\n\t\t\t<a href=\"https:\/\/anoticiaonline.com.br\/site\" title=\"Home\">Home<\/a>\n\t\t<\/span><span class=\"aioseo-breadcrumb-separator\">&raquo;<\/span><span class=\"aioseo-breadcrumb\">\n\t\t\t<a href=\"https:\/\/anoticiaonline.com.br\/site\/categoria\/gerais\/\" title=\"Gerais\">Gerais<\/a>\n\t\t<\/span><span class=\"aioseo-breadcrumb-separator\">&raquo;<\/span><span class=\"aioseo-breadcrumb\">\n\t\t\tDivulgado o edital do concurso do TJMG para n\u00edvel m\u00e9dio\n\t\t<\/span><\/div>","aioseo_breadcrumb_json":[{"label":"Home","link":"https:\/\/anoticiaonline.com.br\/site"},{"label":"Gerais","link":"https:\/\/anoticiaonline.com.br\/site\/categoria\/gerais\/"},{"label":"Divulgado o edital do concurso do TJMG para n\u00edvel m\u00e9dio","link":"https:\/\/anoticiaonline.com.br\/site\/divulgado-o-edital-do-concurso-do-tjmg-para-nivel-medio\/"}],"views":129,"_links":{"self":[{"href":"https:\/\/anoticiaonline.com.br\/site\/wp-json\/wp\/v2\/posts\/27509","targetHints":{"allow":["GET"]}}],"collection":[{"href":"https:\/\/anoticiaonline.com.br\/site\/wp-json\/wp\/v2\/posts"}],"about":[{"href":"https:\/\/anoticiaonline.com.br\/site\/wp-json\/wp\/v2\/types\/post"}],"author":[{"embeddable":true,"href":"https:\/\/anoticiaonline.com.br\/site\/wp-json\/wp\/v2\/users\/2"}],"replies":[{"embeddable":true,"href":"https:\/\/anoticiaonline.com.br\/site\/wp-json\/wp\/v2\/comments?post=27509"}],"version-history":[{"count":0,"href":"https:\/\/anoticiaonline.com.br\/site\/wp-json\/wp\/v2\/posts\/27509\/revisions"}],"wp:featuredmedia":[{"embeddable":true,"href":"https:\/\/anoticiaonline.com.br\/site\/wp-json\/wp\/v2\/media\/27510"}],"wp:attachment":[{"href":"https:\/\/anoticiaonline.com.br\/site\/wp-json\/wp\/v2\/media?parent=27509"}],"wp:term":[{"taxonomy":"category","embeddable":true,"href":"https:\/\/anoticiaonline.com.br\/site\/wp-json\/wp\/v2\/categories?post=27509"},{"taxonomy":"post_tag","embeddable":true,"href":"https:\/\/anoticiaonline.com.br\/site\/wp-json\/wp\/v2\/tags?post=27509"}],"curies":[{"name":"wp","href":"https:\/\/api.w.org\/{rel}","templated":true}]}}