{"id":27488,"date":"2017-04-06T18:02:00","date_gmt":"2017-04-06T21:02:00","guid":{"rendered":"http:\/\/anoticiaonline.com.br\/site\/?p=27488"},"modified":"2017-04-06T20:18:12","modified_gmt":"2017-04-06T23:18:12","slug":"aberto-o-edital-da-lei-alcyr-pires-vermelho-2017","status":"publish","type":"post","link":"https:\/\/anoticiaonline.com.br\/site\/aberto-o-edital-da-lei-alcyr-pires-vermelho-2017\/","title":{"rendered":"Aberto o edital da Lei Alcyr Pires Vermelho 2017"},"content":{"rendered":"<p><a href=\"https:\/\/anoticiaonline.com.br\/site\/wp-content\/uploads\/2017\/04\/Lei-Alcyr-Pires-Vermelho-2017.jpg\"><img decoding=\"async\" class=\" size-medium wp-image-27494 alignleft\" src=\"https:\/\/anoticiaonline.com.br\/site\/wp-content\/uploads\/2017\/04\/Lei-Alcyr-Pires-Vermelho-2017-300x128.jpg\" alt=\"Lei Alcyr Pires Vermelho 2017\" width=\"300\" height=\"128\" srcset=\"https:\/\/anoticiaonline.com.br\/site\/wp-content\/uploads\/2017\/04\/Lei-Alcyr-Pires-Vermelho-2017-300x128.jpg 300w, https:\/\/anoticiaonline.com.br\/site\/wp-content\/uploads\/2017\/04\/Lei-Alcyr-Pires-Vermelho-2017.jpg 640w\" sizes=\"(max-width: 300px) 100vw, 300px\" \/><\/a>As inscri\u00e7\u00f5es para projetos culturais, tur\u00edsticos e esportivos, com vistas \u00e0 obten\u00e7\u00e3o dos benef\u00edcios da Lei Alcyr Pires Vermelho, exerc\u00edcio 2017, est\u00e3o abertas e podem ser feitas at\u00e9 o dia 5 de maio deste ano. Projetos postados em datas fora deste per\u00edodo ser\u00e3o considerados inabilitados.<\/p>\n<p>As inscri\u00e7\u00f5es dever\u00e3o ser enviadas via Correios acompanhadas do Aviso de Recebimento (AR), o qual servir\u00e1 como comprovante de inscri\u00e7\u00e3o, para o endere\u00e7o: Avenida Constantino Pinto, 400, Centro (Fundarte).<\/p>\n<p>Vale frisar que os projetos inscritos dever\u00e3o ter car\u00e1ter estritamente art\u00edstico-cultural, tur\u00edstico ou esportivo, os quais ser\u00e3o apreciados pela Comiss\u00e3o Municipal de Incentivo \u00e0 Cultura (Comice).<\/p>\n<p><strong>EDITAL &#8211;<\/strong> Este ano, a Fundarte inovou na prepara\u00e7\u00e3o do documento. Procurando democratizar a sua formula\u00e7\u00e3o, a dire\u00e7\u00e3o da Fundarte se reuniu com os produtores culturais de Muria\u00e9 e tamb\u00e9m com o Conselho Municipal de Pol\u00edticas Culturais, para que, juntos, opinassem e discutissem m\u00e9todos para desburocratizar o edital de 2017.<\/p>\n<p>As dificuldades de presta\u00e7\u00e3o de contas e o fornecimento de or\u00e7amentos foram uns dos quesitos que passaram pela avalia\u00e7\u00e3o da comiss\u00e3o de estudo do edital, tornando-o, assim, mais acess\u00edvel e condizente com a realidade dos artistas e produtores de cultura do munic\u00edpio.<\/p>\n<p><strong>VALORES &#8211;<\/strong> O valor total dos recursos destinados aos projetos art\u00edsticos-culturais para o ano de 2017 \u00e9 de R$ 160 mil, com limite m\u00e1ximo de R$ 15 mil para cada projeto que vier a ser aprovado.<\/p>\n<p>Para projetos tur\u00edsticos, o valor total dos recursos destinado \u00e9 de R$ 15 mil, com limite m\u00e1ximo de at\u00e9 R$15 mil para cada projeto que for aprovado.<\/p>\n<p>J\u00e1 o valor total dos recursos destinados aos projetos esportivos para o ano de 2017 \u00e9 de R$ 45 mil, cujo limite m\u00e1ximo de at\u00e9 R$ 10 mil por projeto aprovado.<\/p>\n<p>Cada projeto poder\u00e1 ser contemplado com, no m\u00ednimo, 70% do valor pleiteado, ficando a crit\u00e9rio da Comice a aprova\u00e7\u00e3o dos recursos.<\/p>\n<p>O edital e o formul\u00e1rio podem ser acessados pelo link http:\/\/www.prefeiturademuriae.com.br\/site\/conteudo\/detalhe\/29\/lei-alcyr-pires-vermelho.<\/p>\n","protected":false},"excerpt":{"rendered":"<p>As inscri\u00e7\u00f5es para projetos culturais, tur\u00edsticos e esportivos, com vistas \u00e0 obten\u00e7\u00e3o dos benef\u00edcios da Lei Alcyr Pires Vermelho, exerc\u00edcio 2017, est\u00e3o abertas e podem ser feitas at\u00e9 o dia 5 de maio deste ano. Projetos postados em datas fora deste per\u00edodo ser\u00e3o considerados inabilitados. As inscri\u00e7\u00f5es dever\u00e3o ser enviadas via Correios acompanhadas do Aviso &#8230; <a title=\"Aberto o edital da Lei Alcyr Pires Vermelho 2017\" class=\"read-more\" href=\"https:\/\/anoticiaonline.com.br\/site\/aberto-o-edital-da-lei-alcyr-pires-vermelho-2017\/\" aria-label=\"Read more about Aberto o edital da Lei Alcyr Pires Vermelho 2017\">Ler mais<\/a><\/p>\n","protected":false},"author":2,"featured_media":27494,"comment_status":"open","ping_status":"open","sticky":false,"template":"","format":"standard","meta":{"_acf_changed":false,"_monsterinsights_skip_tracking":false,"footnotes":""},"categories":[30],"tags":[3],"class_list":["post-27488","post","type-post","status-publish","format-standard","has-post-thumbnail","hentry","category-muriae","tag-slide"],"acf":[],"aioseo_notices":[],"aioseo_head":"\n\t\t<!-- All in One SEO 5.0.0.1 - aioseo.com -->\n\t<meta name=\"description\" content=\"As inscri\u00e7\u00f5es para projetos culturais, tur\u00edsticos e esportivos, com vistas \u00e0 obten\u00e7\u00e3o dos benef\u00edcios da Lei Alcyr Pires Vermelho, exerc\u00edcio 2017, est\u00e3o abertas e podem ser feitas at\u00e9 o dia 5 de maio deste ano. Projetos postados em datas fora deste per\u00edodo ser\u00e3o considerados inabilitados. As inscri\u00e7\u00f5es dever\u00e3o ser enviadas via Correios acompanhadas do Aviso\" \/>\n\t<meta name=\"robots\" content=\"max-image-preview:large\" \/>\n\t<meta name=\"author\" content=\"Juliana Laviola\"\/>\n\t<link rel=\"canonical\" href=\"https:\/\/anoticiaonline.com.br\/site\/aberto-o-edital-da-lei-alcyr-pires-vermelho-2017\/\" \/>\n\t<meta name=\"generator\" content=\"All in One SEO (AIOSEO) 5.0.0.1\" \/>\n\t\t<meta property=\"og:locale\" content=\"pt_BR\" \/>\n\t\t<meta property=\"og:site_name\" content=\"A Not\u00edcia Online - Noticias de Muria\u00e9 e regi\u00e3o\" \/>\n\t\t<meta property=\"og:type\" content=\"article\" \/>\n\t\t<meta property=\"og:title\" content=\"Aberto o edital da Lei Alcyr Pires Vermelho 2017 - A Not\u00edcia Online\" \/>\n\t\t<meta property=\"og:description\" content=\"As inscri\u00e7\u00f5es para projetos culturais, tur\u00edsticos e esportivos, com vistas \u00e0 obten\u00e7\u00e3o dos benef\u00edcios da Lei Alcyr Pires Vermelho, exerc\u00edcio 2017, est\u00e3o abertas e podem ser feitas at\u00e9 o dia 5 de maio deste ano. Projetos postados em datas fora deste per\u00edodo ser\u00e3o considerados inabilitados. As inscri\u00e7\u00f5es dever\u00e3o ser enviadas via Correios acompanhadas do Aviso\" \/>\n\t\t<meta property=\"og:url\" content=\"https:\/\/anoticiaonline.com.br\/site\/aberto-o-edital-da-lei-alcyr-pires-vermelho-2017\/\" \/>\n\t\t<meta property=\"og:image\" content=\"https:\/\/scontent-gig4-1.xx.fbcdn.net\/v\/t39.30808-1\/270437624_4564083193639691_6907940295614233970_n.jpg?stp=dst-jpg_s200x200_tt6&#038;_nc_cat=111&#038;ccb=1-7&#038;_nc_sid=f907e8&#038;_nc_ohc=SM1wRlP3lJwQ7kNvwEPuBYA&#038;_nc_oc=AdnqrjDN_BNjSSHWO-GbkIWH6fkGMLw4bqvL_NH6e2wMveX7G-rP2dAqsDSq1mJMOaY&#038;_nc_zt=24&#038;_nc_ht=scontent-gig4-1.xx&#038;_nc_gid=AoBFJeGrT1hVaew_6rchkQ&#038;oh=00_AfX7QmFGhQhG2jAllVgXCiM1ZrWgvtp80-Bfppyexh1QEg&#038;oe=689E923C\" \/>\n\t\t<meta property=\"og:image:secure_url\" content=\"https:\/\/scontent-gig4-1.xx.fbcdn.net\/v\/t39.30808-1\/270437624_4564083193639691_6907940295614233970_n.jpg?stp=dst-jpg_s200x200_tt6&#038;_nc_cat=111&#038;ccb=1-7&#038;_nc_sid=f907e8&#038;_nc_ohc=SM1wRlP3lJwQ7kNvwEPuBYA&#038;_nc_oc=AdnqrjDN_BNjSSHWO-GbkIWH6fkGMLw4bqvL_NH6e2wMveX7G-rP2dAqsDSq1mJMOaY&#038;_nc_zt=24&#038;_nc_ht=scontent-gig4-1.xx&#038;_nc_gid=AoBFJeGrT1hVaew_6rchkQ&#038;oh=00_AfX7QmFGhQhG2jAllVgXCiM1ZrWgvtp80-Bfppyexh1QEg&#038;oe=689E923C\" \/>\n\t\t<meta property=\"article:published_time\" content=\"2017-04-06T21:02:00+00:00\" \/>\n\t\t<meta property=\"article:modified_time\" content=\"2017-04-06T23:18:12+00:00\" \/>\n\t\t<meta name=\"twitter:card\" content=\"summary_large_image\" \/>\n\t\t<meta name=\"twitter:title\" content=\"Aberto o edital da Lei Alcyr Pires Vermelho 2017 - A Not\u00edcia Online\" \/>\n\t\t<meta name=\"twitter:description\" content=\"As inscri\u00e7\u00f5es para projetos culturais, tur\u00edsticos e esportivos, com vistas \u00e0 obten\u00e7\u00e3o dos benef\u00edcios da Lei Alcyr Pires Vermelho, exerc\u00edcio 2017, est\u00e3o abertas e podem ser feitas at\u00e9 o dia 5 de maio deste ano. Projetos postados em datas fora deste per\u00edodo ser\u00e3o considerados inabilitados. As inscri\u00e7\u00f5es dever\u00e3o ser enviadas via Correios acompanhadas do Aviso\" \/>\n\t\t<meta name=\"twitter:image\" content=\"https:\/\/scontent-gig4-1.xx.fbcdn.net\/v\/t39.30808-1\/270437624_4564083193639691_6907940295614233970_n.jpg?stp=dst-jpg_s200x200_tt6&amp;_nc_cat=111&amp;ccb=1-7&amp;_nc_sid=f907e8&amp;_nc_ohc=SM1wRlP3lJwQ7kNvwEPuBYA&amp;_nc_oc=AdnqrjDN_BNjSSHWO-GbkIWH6fkGMLw4bqvL_NH6e2wMveX7G-rP2dAqsDSq1mJMOaY&amp;_nc_zt=24&amp;_nc_ht=scontent-gig4-1.xx&amp;_nc_gid=AoBFJeGrT1hVaew_6rchkQ&amp;oh=00_AfX7QmFGhQhG2jAllVgXCiM1ZrWgvtp80-Bfppyexh1QEg&amp;oe=689E923C\" \/>\n\t\t<script type=\"application\/ld+json\" class=\"aioseo-schema\">\n\t\t\t{\"@context\":\"https:\\\/\\\/schema.org\",\"@graph\":[{\"@type\":\"BlogPosting\",\"@id\":\"https:\\\/\\\/anoticiaonline.com.br\\\/site\\\/aberto-o-edital-da-lei-alcyr-pires-vermelho-2017\\\/#blogposting\",\"name\":\"Aberto o edital da Lei Alcyr Pires Vermelho 2017 - A Not\\u00edcia Online\",\"headline\":\"Aberto o edital da Lei Alcyr Pires Vermelho 2017\",\"author\":{\"@id\":\"https:\\\/\\\/anoticiaonline.com.br\\\/site\\\/author\\\/juliana\\\/#author\"},\"publisher\":{\"@id\":\"https:\\\/\\\/anoticiaonline.com.br\\\/site\\\/#organization\"},\"image\":{\"@type\":\"ImageObject\",\"url\":\"https:\\\/\\\/anoticiaonline.com.br\\\/site\\\/wp-content\\\/uploads\\\/2017\\\/04\\\/Lei-Alcyr-Pires-Vermelho-2017.jpg\",\"width\":640,\"height\":272},\"datePublished\":\"2017-04-06T18:02:00-03:00\",\"dateModified\":\"2017-04-06T20:18:12-03:00\",\"inLanguage\":\"pt-BR\",\"mainEntityOfPage\":{\"@id\":\"https:\\\/\\\/anoticiaonline.com.br\\\/site\\\/aberto-o-edital-da-lei-alcyr-pires-vermelho-2017\\\/#webpage\"},\"isPartOf\":{\"@id\":\"https:\\\/\\\/anoticiaonline.com.br\\\/site\\\/aberto-o-edital-da-lei-alcyr-pires-vermelho-2017\\\/#webpage\"},\"articleSection\":\"Blog, slide\"},{\"@type\":\"BreadcrumbList\",\"@id\":\"https:\\\/\\\/anoticiaonline.com.br\\\/site\\\/aberto-o-edital-da-lei-alcyr-pires-vermelho-2017\\\/#breadcrumblist\",\"itemListElement\":[{\"@type\":\"ListItem\",\"@id\":\"https:\\\/\\\/anoticiaonline.com.br\\\/site#listItem\",\"position\":1,\"name\":\"Home\",\"item\":\"https:\\\/\\\/anoticiaonline.com.br\\\/site\",\"nextItem\":{\"@type\":\"ListItem\",\"@id\":\"https:\\\/\\\/anoticiaonline.com.br\\\/site\\\/categoria\\\/muriae\\\/#listItem\",\"name\":\"Blog\"}},{\"@type\":\"ListItem\",\"@id\":\"https:\\\/\\\/anoticiaonline.com.br\\\/site\\\/categoria\\\/muriae\\\/#listItem\",\"position\":2,\"name\":\"Blog\",\"item\":\"https:\\\/\\\/anoticiaonline.com.br\\\/site\\\/categoria\\\/muriae\\\/\",\"nextItem\":{\"@type\":\"ListItem\",\"@id\":\"https:\\\/\\\/anoticiaonline.com.br\\\/site\\\/aberto-o-edital-da-lei-alcyr-pires-vermelho-2017\\\/#listItem\",\"name\":\"Aberto o edital da Lei Alcyr Pires Vermelho 2017\"},\"previousItem\":{\"@type\":\"ListItem\",\"@id\":\"https:\\\/\\\/anoticiaonline.com.br\\\/site#listItem\",\"name\":\"Home\"}},{\"@type\":\"ListItem\",\"@id\":\"https:\\\/\\\/anoticiaonline.com.br\\\/site\\\/aberto-o-edital-da-lei-alcyr-pires-vermelho-2017\\\/#listItem\",\"position\":3,\"name\":\"Aberto o edital da Lei Alcyr Pires Vermelho 2017\",\"previousItem\":{\"@type\":\"ListItem\",\"@id\":\"https:\\\/\\\/anoticiaonline.com.br\\\/site\\\/categoria\\\/muriae\\\/#listItem\",\"name\":\"Blog\"}}]},{\"@type\":\"Organization\",\"@id\":\"https:\\\/\\\/anoticiaonline.com.br\\\/site\\\/#organization\",\"name\":\"A Not\\u00edcia Online\",\"description\":\"Noticias de Muria\\u00e9 e regi\\u00e3o\",\"url\":\"https:\\\/\\\/anoticiaonline.com.br\\\/site\\\/\",\"logo\":{\"@type\":\"ImageObject\",\"url\":\"https:\\\/\\\/scontent-gig4-1.xx.fbcdn.net\\\/v\\\/t39.30808-1\\\/270437624_4564083193639691_6907940295614233970_n.jpg?stp=dst-jpg_s200x200_tt6&_nc_cat=111&ccb=1-7&_nc_sid=f907e8&_nc_ohc=SM1wRlP3lJwQ7kNvwEPuBYA&_nc_oc=AdnqrjDN_BNjSSHWO-GbkIWH6fkGMLw4bqvL_NH6e2wMveX7G-rP2dAqsDSq1mJMOaY&_nc_zt=24&_nc_ht=scontent-gig4-1.xx&_nc_gid=AoBFJeGrT1hVaew_6rchkQ&oh=00_AfX7QmFGhQhG2jAllVgXCiM1ZrWgvtp80-Bfppyexh1QEg&oe=689E923C\",\"@id\":\"https:\\\/\\\/anoticiaonline.com.br\\\/site\\\/aberto-o-edital-da-lei-alcyr-pires-vermelho-2017\\\/#organizationLogo\"},\"image\":{\"@id\":\"https:\\\/\\\/anoticiaonline.com.br\\\/site\\\/aberto-o-edital-da-lei-alcyr-pires-vermelho-2017\\\/#organizationLogo\"}},{\"@type\":\"Person\",\"@id\":\"https:\\\/\\\/anoticiaonline.com.br\\\/site\\\/author\\\/juliana\\\/#author\",\"url\":\"https:\\\/\\\/anoticiaonline.com.br\\\/site\\\/author\\\/juliana\\\/\",\"name\":\"Juliana Laviola\",\"image\":{\"@type\":\"ImageObject\",\"@id\":\"https:\\\/\\\/anoticiaonline.com.br\\\/site\\\/aberto-o-edital-da-lei-alcyr-pires-vermelho-2017\\\/#authorImage\",\"url\":\"https:\\\/\\\/secure.gravatar.com\\\/avatar\\\/b8d45f5c699b100dfaf0e543582f38f38bf94cb7ae3a5e9abf8d891a34773335?s=96&d=mm&r=g\",\"width\":96,\"height\":96,\"caption\":\"Juliana Laviola\"}},{\"@type\":\"WebPage\",\"@id\":\"https:\\\/\\\/anoticiaonline.com.br\\\/site\\\/aberto-o-edital-da-lei-alcyr-pires-vermelho-2017\\\/#webpage\",\"url\":\"https:\\\/\\\/anoticiaonline.com.br\\\/site\\\/aberto-o-edital-da-lei-alcyr-pires-vermelho-2017\\\/\",\"name\":\"Aberto o edital da Lei Alcyr Pires Vermelho 2017 - A Not\\u00edcia Online\",\"description\":\"As inscri\\u00e7\\u00f5es para projetos culturais, tur\\u00edsticos e esportivos, com vistas \\u00e0 obten\\u00e7\\u00e3o dos benef\\u00edcios da Lei Alcyr Pires Vermelho, exerc\\u00edcio 2017, est\\u00e3o abertas e podem ser feitas at\\u00e9 o dia 5 de maio deste ano. Projetos postados em datas fora deste per\\u00edodo ser\\u00e3o considerados inabilitados. As inscri\\u00e7\\u00f5es dever\\u00e3o ser enviadas via Correios acompanhadas do Aviso\",\"inLanguage\":\"pt-BR\",\"isPartOf\":{\"@id\":\"https:\\\/\\\/anoticiaonline.com.br\\\/site\\\/#website\"},\"breadcrumb\":{\"@id\":\"https:\\\/\\\/anoticiaonline.com.br\\\/site\\\/aberto-o-edital-da-lei-alcyr-pires-vermelho-2017\\\/#breadcrumblist\"},\"author\":{\"@id\":\"https:\\\/\\\/anoticiaonline.com.br\\\/site\\\/author\\\/juliana\\\/#author\"},\"creator\":{\"@id\":\"https:\\\/\\\/anoticiaonline.com.br\\\/site\\\/author\\\/juliana\\\/#author\"},\"image\":{\"@type\":\"ImageObject\",\"url\":\"https:\\\/\\\/anoticiaonline.com.br\\\/site\\\/wp-content\\\/uploads\\\/2017\\\/04\\\/Lei-Alcyr-Pires-Vermelho-2017.jpg\",\"@id\":\"https:\\\/\\\/anoticiaonline.com.br\\\/site\\\/aberto-o-edital-da-lei-alcyr-pires-vermelho-2017\\\/#mainImage\",\"width\":640,\"height\":272},\"primaryImageOfPage\":{\"@id\":\"https:\\\/\\\/anoticiaonline.com.br\\\/site\\\/aberto-o-edital-da-lei-alcyr-pires-vermelho-2017\\\/#mainImage\"},\"datePublished\":\"2017-04-06T18:02:00-03:00\",\"dateModified\":\"2017-04-06T20:18:12-03:00\"},{\"@type\":\"WebSite\",\"@id\":\"https:\\\/\\\/anoticiaonline.com.br\\\/site\\\/#website\",\"url\":\"https:\\\/\\\/anoticiaonline.com.br\\\/site\\\/\",\"name\":\"A Not\\u00edcia Online\",\"description\":\"Noticias de Muria\\u00e9 e regi\\u00e3o\",\"inLanguage\":\"pt-BR\",\"publisher\":{\"@id\":\"https:\\\/\\\/anoticiaonline.com.br\\\/site\\\/#organization\"}}]}\n\t\t<\/script>\n\t\t<!-- All in One SEO -->\n\n","aioseo_head_json":{"title":"Aberto o edital da Lei Alcyr Pires Vermelho 2017 - A Not\u00edcia Online","description":"As inscri\u00e7\u00f5es para projetos culturais, tur\u00edsticos e esportivos, com vistas \u00e0 obten\u00e7\u00e3o dos benef\u00edcios da Lei Alcyr Pires Vermelho, exerc\u00edcio 2017, est\u00e3o abertas e podem ser feitas at\u00e9 o dia 5 de maio deste ano. Projetos postados em datas fora deste per\u00edodo ser\u00e3o considerados inabilitados. As inscri\u00e7\u00f5es dever\u00e3o ser enviadas via Correios acompanhadas do Aviso","canonical_url":"https:\/\/anoticiaonline.com.br\/site\/aberto-o-edital-da-lei-alcyr-pires-vermelho-2017\/","robots":"max-image-preview:large","keywords":"","webmasterTools":{"miscellaneous":""},"schema":{"@context":"https:\/\/schema.org","@graph":[{"@type":"BlogPosting","@id":"https:\/\/anoticiaonline.com.br\/site\/aberto-o-edital-da-lei-alcyr-pires-vermelho-2017\/#blogposting","name":"Aberto o edital da Lei Alcyr Pires Vermelho 2017 - A Not\u00edcia Online","headline":"Aberto o edital da Lei Alcyr Pires Vermelho 2017","author":{"@id":"https:\/\/anoticiaonline.com.br\/site\/author\/juliana\/#author"},"publisher":{"@id":"https:\/\/anoticiaonline.com.br\/site\/#organization"},"image":{"@type":"ImageObject","url":"https:\/\/anoticiaonline.com.br\/site\/wp-content\/uploads\/2017\/04\/Lei-Alcyr-Pires-Vermelho-2017.jpg","width":640,"height":272},"datePublished":"2017-04-06T18:02:00-03:00","dateModified":"2017-04-06T20:18:12-03:00","inLanguage":"pt-BR","mainEntityOfPage":{"@id":"https:\/\/anoticiaonline.com.br\/site\/aberto-o-edital-da-lei-alcyr-pires-vermelho-2017\/#webpage"},"isPartOf":{"@id":"https:\/\/anoticiaonline.com.br\/site\/aberto-o-edital-da-lei-alcyr-pires-vermelho-2017\/#webpage"},"articleSection":"Blog, slide"},{"@type":"BreadcrumbList","@id":"https:\/\/anoticiaonline.com.br\/site\/aberto-o-edital-da-lei-alcyr-pires-vermelho-2017\/#breadcrumblist","itemListElement":[{"@type":"ListItem","@id":"https:\/\/anoticiaonline.com.br\/site#listItem","position":1,"name":"Home","item":"https:\/\/anoticiaonline.com.br\/site","nextItem":{"@type":"ListItem","@id":"https:\/\/anoticiaonline.com.br\/site\/categoria\/muriae\/#listItem","name":"Blog"}},{"@type":"ListItem","@id":"https:\/\/anoticiaonline.com.br\/site\/categoria\/muriae\/#listItem","position":2,"name":"Blog","item":"https:\/\/anoticiaonline.com.br\/site\/categoria\/muriae\/","nextItem":{"@type":"ListItem","@id":"https:\/\/anoticiaonline.com.br\/site\/aberto-o-edital-da-lei-alcyr-pires-vermelho-2017\/#listItem","name":"Aberto o edital da Lei Alcyr Pires Vermelho 2017"},"previousItem":{"@type":"ListItem","@id":"https:\/\/anoticiaonline.com.br\/site#listItem","name":"Home"}},{"@type":"ListItem","@id":"https:\/\/anoticiaonline.com.br\/site\/aberto-o-edital-da-lei-alcyr-pires-vermelho-2017\/#listItem","position":3,"name":"Aberto o edital da Lei Alcyr Pires Vermelho 2017","previousItem":{"@type":"ListItem","@id":"https:\/\/anoticiaonline.com.br\/site\/categoria\/muriae\/#listItem","name":"Blog"}}]},{"@type":"Organization","@id":"https:\/\/anoticiaonline.com.br\/site\/#organization","name":"A Not\u00edcia Online","description":"Noticias de Muria\u00e9 e regi\u00e3o","url":"https:\/\/anoticiaonline.com.br\/site\/","logo":{"@type":"ImageObject","url":"https:\/\/scontent-gig4-1.xx.fbcdn.net\/v\/t39.30808-1\/270437624_4564083193639691_6907940295614233970_n.jpg?stp=dst-jpg_s200x200_tt6&_nc_cat=111&ccb=1-7&_nc_sid=f907e8&_nc_ohc=SM1wRlP3lJwQ7kNvwEPuBYA&_nc_oc=AdnqrjDN_BNjSSHWO-GbkIWH6fkGMLw4bqvL_NH6e2wMveX7G-rP2dAqsDSq1mJMOaY&_nc_zt=24&_nc_ht=scontent-gig4-1.xx&_nc_gid=AoBFJeGrT1hVaew_6rchkQ&oh=00_AfX7QmFGhQhG2jAllVgXCiM1ZrWgvtp80-Bfppyexh1QEg&oe=689E923C","@id":"https:\/\/anoticiaonline.com.br\/site\/aberto-o-edital-da-lei-alcyr-pires-vermelho-2017\/#organizationLogo"},"image":{"@id":"https:\/\/anoticiaonline.com.br\/site\/aberto-o-edital-da-lei-alcyr-pires-vermelho-2017\/#organizationLogo"}},{"@type":"Person","@id":"https:\/\/anoticiaonline.com.br\/site\/author\/juliana\/#author","url":"https:\/\/anoticiaonline.com.br\/site\/author\/juliana\/","name":"Juliana Laviola","image":{"@type":"ImageObject","@id":"https:\/\/anoticiaonline.com.br\/site\/aberto-o-edital-da-lei-alcyr-pires-vermelho-2017\/#authorImage","url":"https:\/\/secure.gravatar.com\/avatar\/b8d45f5c699b100dfaf0e543582f38f38bf94cb7ae3a5e9abf8d891a34773335?s=96&d=mm&r=g","width":96,"height":96,"caption":"Juliana Laviola"}},{"@type":"WebPage","@id":"https:\/\/anoticiaonline.com.br\/site\/aberto-o-edital-da-lei-alcyr-pires-vermelho-2017\/#webpage","url":"https:\/\/anoticiaonline.com.br\/site\/aberto-o-edital-da-lei-alcyr-pires-vermelho-2017\/","name":"Aberto o edital da Lei Alcyr Pires Vermelho 2017 - A Not\u00edcia Online","description":"As inscri\u00e7\u00f5es para projetos culturais, tur\u00edsticos e esportivos, com vistas \u00e0 obten\u00e7\u00e3o dos benef\u00edcios da Lei Alcyr Pires Vermelho, exerc\u00edcio 2017, est\u00e3o abertas e podem ser feitas at\u00e9 o dia 5 de maio deste ano. Projetos postados em datas fora deste per\u00edodo ser\u00e3o considerados inabilitados. As inscri\u00e7\u00f5es dever\u00e3o ser enviadas via Correios acompanhadas do Aviso","inLanguage":"pt-BR","isPartOf":{"@id":"https:\/\/anoticiaonline.com.br\/site\/#website"},"breadcrumb":{"@id":"https:\/\/anoticiaonline.com.br\/site\/aberto-o-edital-da-lei-alcyr-pires-vermelho-2017\/#breadcrumblist"},"author":{"@id":"https:\/\/anoticiaonline.com.br\/site\/author\/juliana\/#author"},"creator":{"@id":"https:\/\/anoticiaonline.com.br\/site\/author\/juliana\/#author"},"image":{"@type":"ImageObject","url":"https:\/\/anoticiaonline.com.br\/site\/wp-content\/uploads\/2017\/04\/Lei-Alcyr-Pires-Vermelho-2017.jpg","@id":"https:\/\/anoticiaonline.com.br\/site\/aberto-o-edital-da-lei-alcyr-pires-vermelho-2017\/#mainImage","width":640,"height":272},"primaryImageOfPage":{"@id":"https:\/\/anoticiaonline.com.br\/site\/aberto-o-edital-da-lei-alcyr-pires-vermelho-2017\/#mainImage"},"datePublished":"2017-04-06T18:02:00-03:00","dateModified":"2017-04-06T20:18:12-03:00"},{"@type":"WebSite","@id":"https:\/\/anoticiaonline.com.br\/site\/#website","url":"https:\/\/anoticiaonline.com.br\/site\/","name":"A Not\u00edcia Online","description":"Noticias de Muria\u00e9 e regi\u00e3o","inLanguage":"pt-BR","publisher":{"@id":"https:\/\/anoticiaonline.com.br\/site\/#organization"}}]},"og:locale":"pt_BR","og:site_name":"A Not\u00edcia Online - Noticias de Muria\u00e9 e regi\u00e3o","og:type":"article","og:title":"Aberto o edital da Lei Alcyr Pires Vermelho 2017 - A Not\u00edcia Online","og:description":"As inscri\u00e7\u00f5es para projetos culturais, tur\u00edsticos e esportivos, com vistas \u00e0 obten\u00e7\u00e3o dos benef\u00edcios da Lei Alcyr Pires Vermelho, exerc\u00edcio 2017, est\u00e3o abertas e podem ser feitas at\u00e9 o dia 5 de maio deste ano. Projetos postados em datas fora deste per\u00edodo ser\u00e3o considerados inabilitados. As inscri\u00e7\u00f5es dever\u00e3o ser enviadas via Correios acompanhadas do Aviso","og:url":"https:\/\/anoticiaonline.com.br\/site\/aberto-o-edital-da-lei-alcyr-pires-vermelho-2017\/","og:image":"https:\/\/scontent-gig4-1.xx.fbcdn.net\/v\/t39.30808-1\/270437624_4564083193639691_6907940295614233970_n.jpg?stp=dst-jpg_s200x200_tt6&#038;_nc_cat=111&#038;ccb=1-7&#038;_nc_sid=f907e8&#038;_nc_ohc=SM1wRlP3lJwQ7kNvwEPuBYA&#038;_nc_oc=AdnqrjDN_BNjSSHWO-GbkIWH6fkGMLw4bqvL_NH6e2wMveX7G-rP2dAqsDSq1mJMOaY&#038;_nc_zt=24&#038;_nc_ht=scontent-gig4-1.xx&#038;_nc_gid=AoBFJeGrT1hVaew_6rchkQ&#038;oh=00_AfX7QmFGhQhG2jAllVgXCiM1ZrWgvtp80-Bfppyexh1QEg&#038;oe=689E923C","og:image:secure_url":"https:\/\/scontent-gig4-1.xx.fbcdn.net\/v\/t39.30808-1\/270437624_4564083193639691_6907940295614233970_n.jpg?stp=dst-jpg_s200x200_tt6&#038;_nc_cat=111&#038;ccb=1-7&#038;_nc_sid=f907e8&#038;_nc_ohc=SM1wRlP3lJwQ7kNvwEPuBYA&#038;_nc_oc=AdnqrjDN_BNjSSHWO-GbkIWH6fkGMLw4bqvL_NH6e2wMveX7G-rP2dAqsDSq1mJMOaY&#038;_nc_zt=24&#038;_nc_ht=scontent-gig4-1.xx&#038;_nc_gid=AoBFJeGrT1hVaew_6rchkQ&#038;oh=00_AfX7QmFGhQhG2jAllVgXCiM1ZrWgvtp80-Bfppyexh1QEg&#038;oe=689E923C","article:published_time":"2017-04-06T21:02:00+00:00","article:modified_time":"2017-04-06T23:18:12+00:00","twitter:card":"summary_large_image","twitter:title":"Aberto o edital da Lei Alcyr Pires Vermelho 2017 - A Not\u00edcia Online","twitter:description":"As inscri\u00e7\u00f5es para projetos culturais, tur\u00edsticos e esportivos, com vistas \u00e0 obten\u00e7\u00e3o dos benef\u00edcios da Lei Alcyr Pires Vermelho, exerc\u00edcio 2017, est\u00e3o abertas e podem ser feitas at\u00e9 o dia 5 de maio deste ano. Projetos postados em datas fora deste per\u00edodo ser\u00e3o considerados inabilitados. As inscri\u00e7\u00f5es dever\u00e3o ser enviadas via Correios acompanhadas do Aviso","twitter:image":"https:\/\/scontent-gig4-1.xx.fbcdn.net\/v\/t39.30808-1\/270437624_4564083193639691_6907940295614233970_n.jpg?stp=dst-jpg_s200x200_tt6&_nc_cat=111&ccb=1-7&_nc_sid=f907e8&_nc_ohc=SM1wRlP3lJwQ7kNvwEPuBYA&_nc_oc=AdnqrjDN_BNjSSHWO-GbkIWH6fkGMLw4bqvL_NH6e2wMveX7G-rP2dAqsDSq1mJMOaY&_nc_zt=24&_nc_ht=scontent-gig4-1.xx&_nc_gid=AoBFJeGrT1hVaew_6rchkQ&oh=00_AfX7QmFGhQhG2jAllVgXCiM1ZrWgvtp80-Bfppyexh1QEg&oe=689E923C"},"aioseo_meta_data":{"post_id":"27488","title":null,"description":null,"keywords":null,"keyphrases":null,"primary_term":null,"canonical_url":null,"og_title":null,"og_description":null,"og_object_type":"default","og_image_type":"default","og_image_url":null,"og_image_width":null,"og_image_height":null,"og_image_custom_url":null,"og_image_custom_fields":null,"og_video":null,"og_custom_url":null,"og_article_section":null,"og_article_tags":null,"twitter_use_og":false,"twitter_card":"default","twitter_image_type":"default","twitter_image_url":null,"twitter_image_custom_url":null,"twitter_image_custom_fields":null,"twitter_title":null,"twitter_description":null,"schema":{"blockGraphs":[],"customGraphs":[],"default":{"data":{"Article":[],"Course":[],"Dataset":[],"FAQPage":[],"Movie":[],"Person":[],"Product":[],"ProductReview":[],"Car":[],"Recipe":[],"Service":[],"SoftwareApplication":[],"WebPage":[]},"graphName":"","isEnabled":true},"graphs":[]},"schema_type":"default","schema_type_options":null,"pillar_content":false,"robots_default":true,"robots_noindex":false,"robots_noarchive":false,"robots_nosnippet":false,"robots_nofollow":false,"robots_noimageindex":false,"robots_noodp":false,"robots_notranslate":false,"robots_max_snippet":null,"robots_max_videopreview":null,"robots_max_imagepreview":"large","priority":null,"frequency":null,"local_seo":null,"breadcrumb_settings":null,"limit_modified_date":false,"ai":null,"created":"2025-08-16 18:09:25","updated":"2025-08-16 18:09:25","focus_keyword":null,"additional_keywords":null,"truseo_locale":null,"seo_analyzer_scan_date":null},"aioseo_breadcrumb":"<div class=\"aioseo-breadcrumbs\"><span class=\"aioseo-breadcrumb\">\n\t\t\t<a href=\"https:\/\/anoticiaonline.com.br\/site\" title=\"Home\">Home<\/a>\n\t\t<\/span><span class=\"aioseo-breadcrumb-separator\">&raquo;<\/span><span class=\"aioseo-breadcrumb\">\n\t\t\t<a href=\"https:\/\/anoticiaonline.com.br\/site\/categoria\/muriae\/\" title=\"Blog\">Blog<\/a>\n\t\t<\/span><span class=\"aioseo-breadcrumb-separator\">&raquo;<\/span><span class=\"aioseo-breadcrumb\">\n\t\t\tAberto o edital da Lei Alcyr Pires Vermelho 2017\n\t\t<\/span><\/div>","aioseo_breadcrumb_json":[{"label":"Home","link":"https:\/\/anoticiaonline.com.br\/site"},{"label":"Blog","link":"https:\/\/anoticiaonline.com.br\/site\/categoria\/muriae\/"},{"label":"Aberto o edital da Lei Alcyr Pires Vermelho 2017","link":"https:\/\/anoticiaonline.com.br\/site\/aberto-o-edital-da-lei-alcyr-pires-vermelho-2017\/"}],"views":134,"_links":{"self":[{"href":"https:\/\/anoticiaonline.com.br\/site\/wp-json\/wp\/v2\/posts\/27488","targetHints":{"allow":["GET"]}}],"collection":[{"href":"https:\/\/anoticiaonline.com.br\/site\/wp-json\/wp\/v2\/posts"}],"about":[{"href":"https:\/\/anoticiaonline.com.br\/site\/wp-json\/wp\/v2\/types\/post"}],"author":[{"embeddable":true,"href":"https:\/\/anoticiaonline.com.br\/site\/wp-json\/wp\/v2\/users\/2"}],"replies":[{"embeddable":true,"href":"https:\/\/anoticiaonline.com.br\/site\/wp-json\/wp\/v2\/comments?post=27488"}],"version-history":[{"count":0,"href":"https:\/\/anoticiaonline.com.br\/site\/wp-json\/wp\/v2\/posts\/27488\/revisions"}],"wp:featuredmedia":[{"embeddable":true,"href":"https:\/\/anoticiaonline.com.br\/site\/wp-json\/wp\/v2\/media\/27494"}],"wp:attachment":[{"href":"https:\/\/anoticiaonline.com.br\/site\/wp-json\/wp\/v2\/media?parent=27488"}],"wp:term":[{"taxonomy":"category","embeddable":true,"href":"https:\/\/anoticiaonline.com.br\/site\/wp-json\/wp\/v2\/categories?post=27488"},{"taxonomy":"post_tag","embeddable":true,"href":"https:\/\/anoticiaonline.com.br\/site\/wp-json\/wp\/v2\/tags?post=27488"}],"curies":[{"name":"wp","href":"https:\/\/api.w.org\/{rel}","templated":true}]}}