{"id":27479,"date":"2017-04-06T10:10:58","date_gmt":"2017-04-06T13:10:58","guid":{"rendered":"http:\/\/anoticiaonline.com.br\/site\/?p=27479"},"modified":"2017-04-06T19:59:56","modified_gmt":"2017-04-06T22:59:56","slug":"oab-divulga-nota-de-repudio-a-ameaca-sofrida-pelo-frei-gilberto","status":"publish","type":"post","link":"https:\/\/anoticiaonline.com.br\/site\/oab-divulga-nota-de-repudio-a-ameaca-sofrida-pelo-frei-gilberto\/","title":{"rendered":"OAB divulga nota de rep\u00fadio \u00e0 amea\u00e7a sofrida pelo frei Gilberto"},"content":{"rendered":"<figure id=\"attachment_25104\" aria-describedby=\"caption-attachment-25104\" style=\"width: 290px\" class=\"wp-caption alignleft\"><a href=\"https:\/\/anoticiaonline.com.br\/site\/wp-content\/uploads\/2017\/02\/Diocese-de-Leopoldina-emite-nota-sobre-atentado-a-frei-Gilberto.jpg\"><img fetchpriority=\"high\" decoding=\"async\" class=\"size-medium wp-image-25104\" src=\"https:\/\/anoticiaonline.com.br\/site\/wp-content\/uploads\/2017\/02\/Diocese-de-Leopoldina-emite-nota-sobre-atentado-a-frei-Gilberto-300x231.jpg\" alt=\"Frei Gilberto (Foto: Arquivo A NOT\u00cdCIA)\" width=\"300\" height=\"231\" srcset=\"https:\/\/anoticiaonline.com.br\/site\/wp-content\/uploads\/2017\/02\/Diocese-de-Leopoldina-emite-nota-sobre-atentado-a-frei-Gilberto-300x231.jpg 300w, https:\/\/anoticiaonline.com.br\/site\/wp-content\/uploads\/2017\/02\/Diocese-de-Leopoldina-emite-nota-sobre-atentado-a-frei-Gilberto.jpg 640w\" sizes=\"(max-width: 300px) 100vw, 300px\" \/><\/a><figcaption id=\"caption-attachment-25104\" class=\"wp-caption-text\">Frei Gilberto (Foto: Arquivo A NOT\u00cdCIA)<\/figcaption><\/figure>\n<p>A 36\u00aa Subse\u00e7\u00e3o da Ordem dos Advogados do Brasil divulgou uma nota de rep\u00fadio \u00e0 amea\u00e7a sofrida pelo frei Gilberto Teixeira, administrador paroquial da Par\u00f3quia de Santo Ant\u00f4nio, em Belis\u00e1rio. O sacerdote foi amea\u00e7ado de morte no dia 19 de fevereiro, ap\u00f3s a celebra\u00e7\u00e3o de uma missa. O religioso luta pelas causas ambientais e tem prestado assist\u00eancia aos pequenos agricultores que s\u00e3o contra a poss\u00edvel extra\u00e7\u00e3o do min\u00e9rio na regi\u00e3o.<\/p>\n<p>Na nota, a Ordem afirma que a amea\u00e7a a frei Gilberto representa \u201cgrave amea\u00e7a ao estado de direito e ao imp\u00e9rio da ordem jur\u00eddica, devendo ser combatida com rigor e efici\u00eancia, a fim de que os sacerdotes e religiosos possam ter sua incolumidade assegurada para bem preservar sua justa causa, sua liberdade de manifesta\u00e7\u00e3o e express\u00e3o em defesa de suas convic\u00e7\u00f5es, inclusive da prote\u00e7\u00e3o ao meio ambiente como valoroso patrim\u00f4nio da humanidade\u201d.<\/p>\n<p>No documento, a OAB Muria\u00e9 convida tamb\u00e9m toda a comunidade jur\u00eddica para se mobilizar em defesa da seguran\u00e7a de todos que atuam pela causa pela qual luta o frei Gilberto, a fim de que tais amea\u00e7as sejam afastadas e seus respons\u00e1veis punidos na forma da lei.<\/p>\n<p>A nota, com data de 30 de mar\u00e7o de 2016, foi assinada pelo presidente da 36\u00aa Subse\u00e7\u00e3o, Paulo S\u00e9rgio Amaral e por sua diretoria.<\/p>\n<p>A amea\u00e7a de morte sofrida pelo frei Gilberto ganhou repercuss\u00e3o em toda a regi\u00e3o e chegou a patamares estaduais. O secret\u00e1rio de Estado de Direitos Humanos, Participa\u00e7\u00e3o Social e Cidadania, Nilm\u00e1rio Miranda, visitou o distrito de Belis\u00e1rio no dia 14 de mar\u00e7o, com o objetivo de prestar apoio ao frei, o qual foi inserido no Programa de Prote\u00e7\u00e3o aos Defensores dos Direitos Humanos em Minas Gerais.<\/p>\n<p><strong>CLIQUE NA IMAGEM E LEIA A NOTA COMPLETA:<\/strong><\/p>\n<p><a href=\"https:\/\/anoticiaonline.com.br\/site\/wp-content\/uploads\/2017\/04\/OAB-Nota-Frei-Gilberto.jpg\"><img decoding=\"async\" class=\"alignnone size-medium wp-image-27480\" src=\"https:\/\/anoticiaonline.com.br\/site\/wp-content\/uploads\/2017\/04\/OAB-Nota-Frei-Gilberto-217x300.jpg\" alt=\"OAB - Nota - Frei Gilberto\" width=\"217\" height=\"300\" srcset=\"https:\/\/anoticiaonline.com.br\/site\/wp-content\/uploads\/2017\/04\/OAB-Nota-Frei-Gilberto-217x300.jpg 217w, https:\/\/anoticiaonline.com.br\/site\/wp-content\/uploads\/2017\/04\/OAB-Nota-Frei-Gilberto.jpg 463w\" sizes=\"(max-width: 217px) 100vw, 217px\" \/><\/a><\/p>\n","protected":false},"excerpt":{"rendered":"<p>A 36\u00aa Subse\u00e7\u00e3o da Ordem dos Advogados do Brasil divulgou uma nota de rep\u00fadio \u00e0 amea\u00e7a sofrida pelo frei Gilberto Teixeira, administrador paroquial da Par\u00f3quia de Santo Ant\u00f4nio, em Belis\u00e1rio. O sacerdote foi amea\u00e7ado de morte no dia 19 de fevereiro, ap\u00f3s a celebra\u00e7\u00e3o de uma missa. O religioso luta pelas causas ambientais e tem &#8230; <a title=\"OAB divulga nota de rep\u00fadio \u00e0 amea\u00e7a sofrida pelo frei Gilberto\" class=\"read-more\" href=\"https:\/\/anoticiaonline.com.br\/site\/oab-divulga-nota-de-repudio-a-ameaca-sofrida-pelo-frei-gilberto\/\" aria-label=\"Read more about OAB divulga nota de rep\u00fadio \u00e0 amea\u00e7a sofrida pelo frei Gilberto\">Ler mais<\/a><\/p>\n","protected":false},"author":2,"featured_media":25104,"comment_status":"open","ping_status":"open","sticky":false,"template":"","format":"standard","meta":{"_acf_changed":false,"_monsterinsights_skip_tracking":false,"footnotes":""},"categories":[30],"tags":[3],"class_list":["post-27479","post","type-post","status-publish","format-standard","has-post-thumbnail","hentry","category-muriae","tag-slide"],"acf":[],"aioseo_notices":[],"aioseo_head":"\n\t\t<!-- All in One SEO 5.0.0.1 - aioseo.com -->\n\t<meta name=\"description\" content=\"A 36\u00aa Subse\u00e7\u00e3o da Ordem dos Advogados do Brasil divulgou uma nota de rep\u00fadio \u00e0 amea\u00e7a sofrida pelo frei Gilberto Teixeira, administrador paroquial da Par\u00f3quia de Santo Ant\u00f4nio, em Belis\u00e1rio. O sacerdote foi amea\u00e7ado de morte no dia 19 de fevereiro, ap\u00f3s a celebra\u00e7\u00e3o de uma missa. O religioso luta pelas causas ambientais e tem\" \/>\n\t<meta name=\"robots\" content=\"max-image-preview:large\" \/>\n\t<meta name=\"author\" content=\"Juliana Laviola\"\/>\n\t<link rel=\"canonical\" href=\"https:\/\/anoticiaonline.com.br\/site\/oab-divulga-nota-de-repudio-a-ameaca-sofrida-pelo-frei-gilberto\/\" \/>\n\t<meta name=\"generator\" content=\"All in One SEO (AIOSEO) 5.0.0.1\" \/>\n\t\t<meta property=\"og:locale\" content=\"pt_BR\" \/>\n\t\t<meta property=\"og:site_name\" content=\"A Not\u00edcia Online - Noticias de Muria\u00e9 e regi\u00e3o\" \/>\n\t\t<meta property=\"og:type\" content=\"article\" \/>\n\t\t<meta property=\"og:title\" content=\"OAB divulga nota de rep\u00fadio \u00e0 amea\u00e7a sofrida pelo frei Gilberto - A Not\u00edcia Online\" \/>\n\t\t<meta property=\"og:description\" content=\"A 36\u00aa Subse\u00e7\u00e3o da Ordem dos Advogados do Brasil divulgou uma nota de rep\u00fadio \u00e0 amea\u00e7a sofrida pelo frei Gilberto Teixeira, administrador paroquial da Par\u00f3quia de Santo Ant\u00f4nio, em Belis\u00e1rio. O sacerdote foi amea\u00e7ado de morte no dia 19 de fevereiro, ap\u00f3s a celebra\u00e7\u00e3o de uma missa. O religioso luta pelas causas ambientais e tem\" \/>\n\t\t<meta property=\"og:url\" content=\"https:\/\/anoticiaonline.com.br\/site\/oab-divulga-nota-de-repudio-a-ameaca-sofrida-pelo-frei-gilberto\/\" \/>\n\t\t<meta property=\"og:image\" content=\"https:\/\/scontent-gig4-1.xx.fbcdn.net\/v\/t39.30808-1\/270437624_4564083193639691_6907940295614233970_n.jpg?stp=dst-jpg_s200x200_tt6&#038;_nc_cat=111&#038;ccb=1-7&#038;_nc_sid=f907e8&#038;_nc_ohc=SM1wRlP3lJwQ7kNvwEPuBYA&#038;_nc_oc=AdnqrjDN_BNjSSHWO-GbkIWH6fkGMLw4bqvL_NH6e2wMveX7G-rP2dAqsDSq1mJMOaY&#038;_nc_zt=24&#038;_nc_ht=scontent-gig4-1.xx&#038;_nc_gid=AoBFJeGrT1hVaew_6rchkQ&#038;oh=00_AfX7QmFGhQhG2jAllVgXCiM1ZrWgvtp80-Bfppyexh1QEg&#038;oe=689E923C\" \/>\n\t\t<meta property=\"og:image:secure_url\" content=\"https:\/\/scontent-gig4-1.xx.fbcdn.net\/v\/t39.30808-1\/270437624_4564083193639691_6907940295614233970_n.jpg?stp=dst-jpg_s200x200_tt6&#038;_nc_cat=111&#038;ccb=1-7&#038;_nc_sid=f907e8&#038;_nc_ohc=SM1wRlP3lJwQ7kNvwEPuBYA&#038;_nc_oc=AdnqrjDN_BNjSSHWO-GbkIWH6fkGMLw4bqvL_NH6e2wMveX7G-rP2dAqsDSq1mJMOaY&#038;_nc_zt=24&#038;_nc_ht=scontent-gig4-1.xx&#038;_nc_gid=AoBFJeGrT1hVaew_6rchkQ&#038;oh=00_AfX7QmFGhQhG2jAllVgXCiM1ZrWgvtp80-Bfppyexh1QEg&#038;oe=689E923C\" \/>\n\t\t<meta property=\"article:published_time\" content=\"2017-04-06T13:10:58+00:00\" \/>\n\t\t<meta property=\"article:modified_time\" content=\"2017-04-06T22:59:56+00:00\" \/>\n\t\t<meta name=\"twitter:card\" content=\"summary_large_image\" \/>\n\t\t<meta name=\"twitter:title\" content=\"OAB divulga nota de rep\u00fadio \u00e0 amea\u00e7a sofrida pelo frei Gilberto - A Not\u00edcia Online\" \/>\n\t\t<meta name=\"twitter:description\" content=\"A 36\u00aa Subse\u00e7\u00e3o da Ordem dos Advogados do Brasil divulgou uma nota de rep\u00fadio \u00e0 amea\u00e7a sofrida pelo frei Gilberto Teixeira, administrador paroquial da Par\u00f3quia de Santo Ant\u00f4nio, em Belis\u00e1rio. O sacerdote foi amea\u00e7ado de morte no dia 19 de fevereiro, ap\u00f3s a celebra\u00e7\u00e3o de uma missa. O religioso luta pelas causas ambientais e tem\" \/>\n\t\t<meta name=\"twitter:image\" content=\"https:\/\/scontent-gig4-1.xx.fbcdn.net\/v\/t39.30808-1\/270437624_4564083193639691_6907940295614233970_n.jpg?stp=dst-jpg_s200x200_tt6&amp;_nc_cat=111&amp;ccb=1-7&amp;_nc_sid=f907e8&amp;_nc_ohc=SM1wRlP3lJwQ7kNvwEPuBYA&amp;_nc_oc=AdnqrjDN_BNjSSHWO-GbkIWH6fkGMLw4bqvL_NH6e2wMveX7G-rP2dAqsDSq1mJMOaY&amp;_nc_zt=24&amp;_nc_ht=scontent-gig4-1.xx&amp;_nc_gid=AoBFJeGrT1hVaew_6rchkQ&amp;oh=00_AfX7QmFGhQhG2jAllVgXCiM1ZrWgvtp80-Bfppyexh1QEg&amp;oe=689E923C\" \/>\n\t\t<script type=\"application\/ld+json\" class=\"aioseo-schema\">\n\t\t\t{\"@context\":\"https:\\\/\\\/schema.org\",\"@graph\":[{\"@type\":\"BlogPosting\",\"@id\":\"https:\\\/\\\/anoticiaonline.com.br\\\/site\\\/oab-divulga-nota-de-repudio-a-ameaca-sofrida-pelo-frei-gilberto\\\/#blogposting\",\"name\":\"OAB divulga nota de rep\\u00fadio \\u00e0 amea\\u00e7a sofrida pelo frei Gilberto - A Not\\u00edcia Online\",\"headline\":\"OAB divulga nota de rep\\u00fadio \\u00e0 amea\\u00e7a sofrida pelo frei Gilberto\",\"author\":{\"@id\":\"https:\\\/\\\/anoticiaonline.com.br\\\/site\\\/author\\\/juliana\\\/#author\"},\"publisher\":{\"@id\":\"https:\\\/\\\/anoticiaonline.com.br\\\/site\\\/#organization\"},\"image\":{\"@type\":\"ImageObject\",\"url\":\"https:\\\/\\\/anoticiaonline.com.br\\\/site\\\/wp-content\\\/uploads\\\/2017\\\/02\\\/Diocese-de-Leopoldina-emite-nota-sobre-atentado-a-frei-Gilberto.jpg\",\"width\":640,\"height\":493,\"caption\":\"Frei Gilberto (Foto: Arquivo A NOT\\u00cdCIA)\"},\"datePublished\":\"2017-04-06T10:10:58-03:00\",\"dateModified\":\"2017-04-06T19:59:56-03:00\",\"inLanguage\":\"pt-BR\",\"commentCount\":1,\"mainEntityOfPage\":{\"@id\":\"https:\\\/\\\/anoticiaonline.com.br\\\/site\\\/oab-divulga-nota-de-repudio-a-ameaca-sofrida-pelo-frei-gilberto\\\/#webpage\"},\"isPartOf\":{\"@id\":\"https:\\\/\\\/anoticiaonline.com.br\\\/site\\\/oab-divulga-nota-de-repudio-a-ameaca-sofrida-pelo-frei-gilberto\\\/#webpage\"},\"articleSection\":\"Blog, slide\"},{\"@type\":\"BreadcrumbList\",\"@id\":\"https:\\\/\\\/anoticiaonline.com.br\\\/site\\\/oab-divulga-nota-de-repudio-a-ameaca-sofrida-pelo-frei-gilberto\\\/#breadcrumblist\",\"itemListElement\":[{\"@type\":\"ListItem\",\"@id\":\"https:\\\/\\\/anoticiaonline.com.br\\\/site#listItem\",\"position\":1,\"name\":\"Home\",\"item\":\"https:\\\/\\\/anoticiaonline.com.br\\\/site\",\"nextItem\":{\"@type\":\"ListItem\",\"@id\":\"https:\\\/\\\/anoticiaonline.com.br\\\/site\\\/categoria\\\/muriae\\\/#listItem\",\"name\":\"Blog\"}},{\"@type\":\"ListItem\",\"@id\":\"https:\\\/\\\/anoticiaonline.com.br\\\/site\\\/categoria\\\/muriae\\\/#listItem\",\"position\":2,\"name\":\"Blog\",\"item\":\"https:\\\/\\\/anoticiaonline.com.br\\\/site\\\/categoria\\\/muriae\\\/\",\"nextItem\":{\"@type\":\"ListItem\",\"@id\":\"https:\\\/\\\/anoticiaonline.com.br\\\/site\\\/oab-divulga-nota-de-repudio-a-ameaca-sofrida-pelo-frei-gilberto\\\/#listItem\",\"name\":\"OAB divulga nota de rep\\u00fadio \\u00e0 amea\\u00e7a sofrida pelo frei Gilberto\"},\"previousItem\":{\"@type\":\"ListItem\",\"@id\":\"https:\\\/\\\/anoticiaonline.com.br\\\/site#listItem\",\"name\":\"Home\"}},{\"@type\":\"ListItem\",\"@id\":\"https:\\\/\\\/anoticiaonline.com.br\\\/site\\\/oab-divulga-nota-de-repudio-a-ameaca-sofrida-pelo-frei-gilberto\\\/#listItem\",\"position\":3,\"name\":\"OAB divulga nota de rep\\u00fadio \\u00e0 amea\\u00e7a sofrida pelo frei Gilberto\",\"previousItem\":{\"@type\":\"ListItem\",\"@id\":\"https:\\\/\\\/anoticiaonline.com.br\\\/site\\\/categoria\\\/muriae\\\/#listItem\",\"name\":\"Blog\"}}]},{\"@type\":\"Organization\",\"@id\":\"https:\\\/\\\/anoticiaonline.com.br\\\/site\\\/#organization\",\"name\":\"A Not\\u00edcia Online\",\"description\":\"Noticias de Muria\\u00e9 e regi\\u00e3o\",\"url\":\"https:\\\/\\\/anoticiaonline.com.br\\\/site\\\/\",\"logo\":{\"@type\":\"ImageObject\",\"url\":\"https:\\\/\\\/scontent-gig4-1.xx.fbcdn.net\\\/v\\\/t39.30808-1\\\/270437624_4564083193639691_6907940295614233970_n.jpg?stp=dst-jpg_s200x200_tt6&_nc_cat=111&ccb=1-7&_nc_sid=f907e8&_nc_ohc=SM1wRlP3lJwQ7kNvwEPuBYA&_nc_oc=AdnqrjDN_BNjSSHWO-GbkIWH6fkGMLw4bqvL_NH6e2wMveX7G-rP2dAqsDSq1mJMOaY&_nc_zt=24&_nc_ht=scontent-gig4-1.xx&_nc_gid=AoBFJeGrT1hVaew_6rchkQ&oh=00_AfX7QmFGhQhG2jAllVgXCiM1ZrWgvtp80-Bfppyexh1QEg&oe=689E923C\",\"@id\":\"https:\\\/\\\/anoticiaonline.com.br\\\/site\\\/oab-divulga-nota-de-repudio-a-ameaca-sofrida-pelo-frei-gilberto\\\/#organizationLogo\"},\"image\":{\"@id\":\"https:\\\/\\\/anoticiaonline.com.br\\\/site\\\/oab-divulga-nota-de-repudio-a-ameaca-sofrida-pelo-frei-gilberto\\\/#organizationLogo\"}},{\"@type\":\"Person\",\"@id\":\"https:\\\/\\\/anoticiaonline.com.br\\\/site\\\/author\\\/juliana\\\/#author\",\"url\":\"https:\\\/\\\/anoticiaonline.com.br\\\/site\\\/author\\\/juliana\\\/\",\"name\":\"Juliana Laviola\",\"image\":{\"@type\":\"ImageObject\",\"@id\":\"https:\\\/\\\/anoticiaonline.com.br\\\/site\\\/oab-divulga-nota-de-repudio-a-ameaca-sofrida-pelo-frei-gilberto\\\/#authorImage\",\"url\":\"https:\\\/\\\/secure.gravatar.com\\\/avatar\\\/b8d45f5c699b100dfaf0e543582f38f38bf94cb7ae3a5e9abf8d891a34773335?s=96&d=mm&r=g\",\"width\":96,\"height\":96,\"caption\":\"Juliana Laviola\"}},{\"@type\":\"WebPage\",\"@id\":\"https:\\\/\\\/anoticiaonline.com.br\\\/site\\\/oab-divulga-nota-de-repudio-a-ameaca-sofrida-pelo-frei-gilberto\\\/#webpage\",\"url\":\"https:\\\/\\\/anoticiaonline.com.br\\\/site\\\/oab-divulga-nota-de-repudio-a-ameaca-sofrida-pelo-frei-gilberto\\\/\",\"name\":\"OAB divulga nota de rep\\u00fadio \\u00e0 amea\\u00e7a sofrida pelo frei Gilberto - A Not\\u00edcia Online\",\"description\":\"A 36\\u00aa Subse\\u00e7\\u00e3o da Ordem dos Advogados do Brasil divulgou uma nota de rep\\u00fadio \\u00e0 amea\\u00e7a sofrida pelo frei Gilberto Teixeira, administrador paroquial da Par\\u00f3quia de Santo Ant\\u00f4nio, em Belis\\u00e1rio. O sacerdote foi amea\\u00e7ado de morte no dia 19 de fevereiro, ap\\u00f3s a celebra\\u00e7\\u00e3o de uma missa. O religioso luta pelas causas ambientais e tem\",\"inLanguage\":\"pt-BR\",\"isPartOf\":{\"@id\":\"https:\\\/\\\/anoticiaonline.com.br\\\/site\\\/#website\"},\"breadcrumb\":{\"@id\":\"https:\\\/\\\/anoticiaonline.com.br\\\/site\\\/oab-divulga-nota-de-repudio-a-ameaca-sofrida-pelo-frei-gilberto\\\/#breadcrumblist\"},\"author\":{\"@id\":\"https:\\\/\\\/anoticiaonline.com.br\\\/site\\\/author\\\/juliana\\\/#author\"},\"creator\":{\"@id\":\"https:\\\/\\\/anoticiaonline.com.br\\\/site\\\/author\\\/juliana\\\/#author\"},\"image\":{\"@type\":\"ImageObject\",\"url\":\"https:\\\/\\\/anoticiaonline.com.br\\\/site\\\/wp-content\\\/uploads\\\/2017\\\/02\\\/Diocese-de-Leopoldina-emite-nota-sobre-atentado-a-frei-Gilberto.jpg\",\"@id\":\"https:\\\/\\\/anoticiaonline.com.br\\\/site\\\/oab-divulga-nota-de-repudio-a-ameaca-sofrida-pelo-frei-gilberto\\\/#mainImage\",\"width\":640,\"height\":493,\"caption\":\"Frei Gilberto (Foto: Arquivo A NOT\\u00cdCIA)\"},\"primaryImageOfPage\":{\"@id\":\"https:\\\/\\\/anoticiaonline.com.br\\\/site\\\/oab-divulga-nota-de-repudio-a-ameaca-sofrida-pelo-frei-gilberto\\\/#mainImage\"},\"datePublished\":\"2017-04-06T10:10:58-03:00\",\"dateModified\":\"2017-04-06T19:59:56-03:00\"},{\"@type\":\"WebSite\",\"@id\":\"https:\\\/\\\/anoticiaonline.com.br\\\/site\\\/#website\",\"url\":\"https:\\\/\\\/anoticiaonline.com.br\\\/site\\\/\",\"name\":\"A Not\\u00edcia Online\",\"description\":\"Noticias de Muria\\u00e9 e regi\\u00e3o\",\"inLanguage\":\"pt-BR\",\"publisher\":{\"@id\":\"https:\\\/\\\/anoticiaonline.com.br\\\/site\\\/#organization\"}}]}\n\t\t<\/script>\n\t\t<!-- All in One SEO -->\n\n","aioseo_head_json":{"title":"OAB divulga nota de rep\u00fadio \u00e0 amea\u00e7a sofrida pelo frei Gilberto - A Not\u00edcia Online","description":"A 36\u00aa Subse\u00e7\u00e3o da Ordem dos Advogados do Brasil divulgou uma nota de rep\u00fadio \u00e0 amea\u00e7a sofrida pelo frei Gilberto Teixeira, administrador paroquial da Par\u00f3quia de Santo Ant\u00f4nio, em Belis\u00e1rio. O sacerdote foi amea\u00e7ado de morte no dia 19 de fevereiro, ap\u00f3s a celebra\u00e7\u00e3o de uma missa. O religioso luta pelas causas ambientais e tem","canonical_url":"https:\/\/anoticiaonline.com.br\/site\/oab-divulga-nota-de-repudio-a-ameaca-sofrida-pelo-frei-gilberto\/","robots":"max-image-preview:large","keywords":"","webmasterTools":{"miscellaneous":""},"schema":{"@context":"https:\/\/schema.org","@graph":[{"@type":"BlogPosting","@id":"https:\/\/anoticiaonline.com.br\/site\/oab-divulga-nota-de-repudio-a-ameaca-sofrida-pelo-frei-gilberto\/#blogposting","name":"OAB divulga nota de rep\u00fadio \u00e0 amea\u00e7a sofrida pelo frei Gilberto - A Not\u00edcia Online","headline":"OAB divulga nota de rep\u00fadio \u00e0 amea\u00e7a sofrida pelo frei Gilberto","author":{"@id":"https:\/\/anoticiaonline.com.br\/site\/author\/juliana\/#author"},"publisher":{"@id":"https:\/\/anoticiaonline.com.br\/site\/#organization"},"image":{"@type":"ImageObject","url":"https:\/\/anoticiaonline.com.br\/site\/wp-content\/uploads\/2017\/02\/Diocese-de-Leopoldina-emite-nota-sobre-atentado-a-frei-Gilberto.jpg","width":640,"height":493,"caption":"Frei Gilberto (Foto: Arquivo A NOT\u00cdCIA)"},"datePublished":"2017-04-06T10:10:58-03:00","dateModified":"2017-04-06T19:59:56-03:00","inLanguage":"pt-BR","commentCount":1,"mainEntityOfPage":{"@id":"https:\/\/anoticiaonline.com.br\/site\/oab-divulga-nota-de-repudio-a-ameaca-sofrida-pelo-frei-gilberto\/#webpage"},"isPartOf":{"@id":"https:\/\/anoticiaonline.com.br\/site\/oab-divulga-nota-de-repudio-a-ameaca-sofrida-pelo-frei-gilberto\/#webpage"},"articleSection":"Blog, slide"},{"@type":"BreadcrumbList","@id":"https:\/\/anoticiaonline.com.br\/site\/oab-divulga-nota-de-repudio-a-ameaca-sofrida-pelo-frei-gilberto\/#breadcrumblist","itemListElement":[{"@type":"ListItem","@id":"https:\/\/anoticiaonline.com.br\/site#listItem","position":1,"name":"Home","item":"https:\/\/anoticiaonline.com.br\/site","nextItem":{"@type":"ListItem","@id":"https:\/\/anoticiaonline.com.br\/site\/categoria\/muriae\/#listItem","name":"Blog"}},{"@type":"ListItem","@id":"https:\/\/anoticiaonline.com.br\/site\/categoria\/muriae\/#listItem","position":2,"name":"Blog","item":"https:\/\/anoticiaonline.com.br\/site\/categoria\/muriae\/","nextItem":{"@type":"ListItem","@id":"https:\/\/anoticiaonline.com.br\/site\/oab-divulga-nota-de-repudio-a-ameaca-sofrida-pelo-frei-gilberto\/#listItem","name":"OAB divulga nota de rep\u00fadio \u00e0 amea\u00e7a sofrida pelo frei Gilberto"},"previousItem":{"@type":"ListItem","@id":"https:\/\/anoticiaonline.com.br\/site#listItem","name":"Home"}},{"@type":"ListItem","@id":"https:\/\/anoticiaonline.com.br\/site\/oab-divulga-nota-de-repudio-a-ameaca-sofrida-pelo-frei-gilberto\/#listItem","position":3,"name":"OAB divulga nota de rep\u00fadio \u00e0 amea\u00e7a sofrida pelo frei Gilberto","previousItem":{"@type":"ListItem","@id":"https:\/\/anoticiaonline.com.br\/site\/categoria\/muriae\/#listItem","name":"Blog"}}]},{"@type":"Organization","@id":"https:\/\/anoticiaonline.com.br\/site\/#organization","name":"A Not\u00edcia Online","description":"Noticias de Muria\u00e9 e regi\u00e3o","url":"https:\/\/anoticiaonline.com.br\/site\/","logo":{"@type":"ImageObject","url":"https:\/\/scontent-gig4-1.xx.fbcdn.net\/v\/t39.30808-1\/270437624_4564083193639691_6907940295614233970_n.jpg?stp=dst-jpg_s200x200_tt6&_nc_cat=111&ccb=1-7&_nc_sid=f907e8&_nc_ohc=SM1wRlP3lJwQ7kNvwEPuBYA&_nc_oc=AdnqrjDN_BNjSSHWO-GbkIWH6fkGMLw4bqvL_NH6e2wMveX7G-rP2dAqsDSq1mJMOaY&_nc_zt=24&_nc_ht=scontent-gig4-1.xx&_nc_gid=AoBFJeGrT1hVaew_6rchkQ&oh=00_AfX7QmFGhQhG2jAllVgXCiM1ZrWgvtp80-Bfppyexh1QEg&oe=689E923C","@id":"https:\/\/anoticiaonline.com.br\/site\/oab-divulga-nota-de-repudio-a-ameaca-sofrida-pelo-frei-gilberto\/#organizationLogo"},"image":{"@id":"https:\/\/anoticiaonline.com.br\/site\/oab-divulga-nota-de-repudio-a-ameaca-sofrida-pelo-frei-gilberto\/#organizationLogo"}},{"@type":"Person","@id":"https:\/\/anoticiaonline.com.br\/site\/author\/juliana\/#author","url":"https:\/\/anoticiaonline.com.br\/site\/author\/juliana\/","name":"Juliana Laviola","image":{"@type":"ImageObject","@id":"https:\/\/anoticiaonline.com.br\/site\/oab-divulga-nota-de-repudio-a-ameaca-sofrida-pelo-frei-gilberto\/#authorImage","url":"https:\/\/secure.gravatar.com\/avatar\/b8d45f5c699b100dfaf0e543582f38f38bf94cb7ae3a5e9abf8d891a34773335?s=96&d=mm&r=g","width":96,"height":96,"caption":"Juliana Laviola"}},{"@type":"WebPage","@id":"https:\/\/anoticiaonline.com.br\/site\/oab-divulga-nota-de-repudio-a-ameaca-sofrida-pelo-frei-gilberto\/#webpage","url":"https:\/\/anoticiaonline.com.br\/site\/oab-divulga-nota-de-repudio-a-ameaca-sofrida-pelo-frei-gilberto\/","name":"OAB divulga nota de rep\u00fadio \u00e0 amea\u00e7a sofrida pelo frei Gilberto - A Not\u00edcia Online","description":"A 36\u00aa Subse\u00e7\u00e3o da Ordem dos Advogados do Brasil divulgou uma nota de rep\u00fadio \u00e0 amea\u00e7a sofrida pelo frei Gilberto Teixeira, administrador paroquial da Par\u00f3quia de Santo Ant\u00f4nio, em Belis\u00e1rio. O sacerdote foi amea\u00e7ado de morte no dia 19 de fevereiro, ap\u00f3s a celebra\u00e7\u00e3o de uma missa. O religioso luta pelas causas ambientais e tem","inLanguage":"pt-BR","isPartOf":{"@id":"https:\/\/anoticiaonline.com.br\/site\/#website"},"breadcrumb":{"@id":"https:\/\/anoticiaonline.com.br\/site\/oab-divulga-nota-de-repudio-a-ameaca-sofrida-pelo-frei-gilberto\/#breadcrumblist"},"author":{"@id":"https:\/\/anoticiaonline.com.br\/site\/author\/juliana\/#author"},"creator":{"@id":"https:\/\/anoticiaonline.com.br\/site\/author\/juliana\/#author"},"image":{"@type":"ImageObject","url":"https:\/\/anoticiaonline.com.br\/site\/wp-content\/uploads\/2017\/02\/Diocese-de-Leopoldina-emite-nota-sobre-atentado-a-frei-Gilberto.jpg","@id":"https:\/\/anoticiaonline.com.br\/site\/oab-divulga-nota-de-repudio-a-ameaca-sofrida-pelo-frei-gilberto\/#mainImage","width":640,"height":493,"caption":"Frei Gilberto (Foto: Arquivo A NOT\u00cdCIA)"},"primaryImageOfPage":{"@id":"https:\/\/anoticiaonline.com.br\/site\/oab-divulga-nota-de-repudio-a-ameaca-sofrida-pelo-frei-gilberto\/#mainImage"},"datePublished":"2017-04-06T10:10:58-03:00","dateModified":"2017-04-06T19:59:56-03:00"},{"@type":"WebSite","@id":"https:\/\/anoticiaonline.com.br\/site\/#website","url":"https:\/\/anoticiaonline.com.br\/site\/","name":"A Not\u00edcia Online","description":"Noticias de Muria\u00e9 e regi\u00e3o","inLanguage":"pt-BR","publisher":{"@id":"https:\/\/anoticiaonline.com.br\/site\/#organization"}}]},"og:locale":"pt_BR","og:site_name":"A Not\u00edcia Online - Noticias de Muria\u00e9 e regi\u00e3o","og:type":"article","og:title":"OAB divulga nota de rep\u00fadio \u00e0 amea\u00e7a sofrida pelo frei Gilberto - A Not\u00edcia Online","og:description":"A 36\u00aa Subse\u00e7\u00e3o da Ordem dos Advogados do Brasil divulgou uma nota de rep\u00fadio \u00e0 amea\u00e7a sofrida pelo frei Gilberto Teixeira, administrador paroquial da Par\u00f3quia de Santo Ant\u00f4nio, em Belis\u00e1rio. O sacerdote foi amea\u00e7ado de morte no dia 19 de fevereiro, ap\u00f3s a celebra\u00e7\u00e3o de uma missa. O religioso luta pelas causas ambientais e tem","og:url":"https:\/\/anoticiaonline.com.br\/site\/oab-divulga-nota-de-repudio-a-ameaca-sofrida-pelo-frei-gilberto\/","og:image":"https:\/\/scontent-gig4-1.xx.fbcdn.net\/v\/t39.30808-1\/270437624_4564083193639691_6907940295614233970_n.jpg?stp=dst-jpg_s200x200_tt6&#038;_nc_cat=111&#038;ccb=1-7&#038;_nc_sid=f907e8&#038;_nc_ohc=SM1wRlP3lJwQ7kNvwEPuBYA&#038;_nc_oc=AdnqrjDN_BNjSSHWO-GbkIWH6fkGMLw4bqvL_NH6e2wMveX7G-rP2dAqsDSq1mJMOaY&#038;_nc_zt=24&#038;_nc_ht=scontent-gig4-1.xx&#038;_nc_gid=AoBFJeGrT1hVaew_6rchkQ&#038;oh=00_AfX7QmFGhQhG2jAllVgXCiM1ZrWgvtp80-Bfppyexh1QEg&#038;oe=689E923C","og:image:secure_url":"https:\/\/scontent-gig4-1.xx.fbcdn.net\/v\/t39.30808-1\/270437624_4564083193639691_6907940295614233970_n.jpg?stp=dst-jpg_s200x200_tt6&#038;_nc_cat=111&#038;ccb=1-7&#038;_nc_sid=f907e8&#038;_nc_ohc=SM1wRlP3lJwQ7kNvwEPuBYA&#038;_nc_oc=AdnqrjDN_BNjSSHWO-GbkIWH6fkGMLw4bqvL_NH6e2wMveX7G-rP2dAqsDSq1mJMOaY&#038;_nc_zt=24&#038;_nc_ht=scontent-gig4-1.xx&#038;_nc_gid=AoBFJeGrT1hVaew_6rchkQ&#038;oh=00_AfX7QmFGhQhG2jAllVgXCiM1ZrWgvtp80-Bfppyexh1QEg&#038;oe=689E923C","article:published_time":"2017-04-06T13:10:58+00:00","article:modified_time":"2017-04-06T22:59:56+00:00","twitter:card":"summary_large_image","twitter:title":"OAB divulga nota de rep\u00fadio \u00e0 amea\u00e7a sofrida pelo frei Gilberto - A Not\u00edcia Online","twitter:description":"A 36\u00aa Subse\u00e7\u00e3o da Ordem dos Advogados do Brasil divulgou uma nota de rep\u00fadio \u00e0 amea\u00e7a sofrida pelo frei Gilberto Teixeira, administrador paroquial da Par\u00f3quia de Santo Ant\u00f4nio, em Belis\u00e1rio. O sacerdote foi amea\u00e7ado de morte no dia 19 de fevereiro, ap\u00f3s a celebra\u00e7\u00e3o de uma missa. O religioso luta pelas causas ambientais e tem","twitter:image":"https:\/\/scontent-gig4-1.xx.fbcdn.net\/v\/t39.30808-1\/270437624_4564083193639691_6907940295614233970_n.jpg?stp=dst-jpg_s200x200_tt6&_nc_cat=111&ccb=1-7&_nc_sid=f907e8&_nc_ohc=SM1wRlP3lJwQ7kNvwEPuBYA&_nc_oc=AdnqrjDN_BNjSSHWO-GbkIWH6fkGMLw4bqvL_NH6e2wMveX7G-rP2dAqsDSq1mJMOaY&_nc_zt=24&_nc_ht=scontent-gig4-1.xx&_nc_gid=AoBFJeGrT1hVaew_6rchkQ&oh=00_AfX7QmFGhQhG2jAllVgXCiM1ZrWgvtp80-Bfppyexh1QEg&oe=689E923C"},"aioseo_meta_data":{"post_id":"27479","title":null,"description":null,"keywords":null,"keyphrases":null,"primary_term":null,"canonical_url":null,"og_title":null,"og_description":null,"og_object_type":"default","og_image_type":"default","og_image_url":null,"og_image_width":null,"og_image_height":null,"og_image_custom_url":null,"og_image_custom_fields":null,"og_video":null,"og_custom_url":null,"og_article_section":null,"og_article_tags":null,"twitter_use_og":false,"twitter_card":"default","twitter_image_type":"default","twitter_image_url":null,"twitter_image_custom_url":null,"twitter_image_custom_fields":null,"twitter_title":null,"twitter_description":null,"schema":{"blockGraphs":[],"customGraphs":[],"default":{"data":{"Article":[],"Course":[],"Dataset":[],"FAQPage":[],"Movie":[],"Person":[],"Product":[],"ProductReview":[],"Car":[],"Recipe":[],"Service":[],"SoftwareApplication":[],"WebPage":[]},"graphName":"","isEnabled":true},"graphs":[]},"schema_type":"default","schema_type_options":null,"pillar_content":false,"robots_default":true,"robots_noindex":false,"robots_noarchive":false,"robots_nosnippet":false,"robots_nofollow":false,"robots_noimageindex":false,"robots_noodp":false,"robots_notranslate":false,"robots_max_snippet":null,"robots_max_videopreview":null,"robots_max_imagepreview":"large","priority":null,"frequency":null,"local_seo":null,"breadcrumb_settings":null,"limit_modified_date":false,"ai":null,"created":"2025-08-16 18:09:25","updated":"2025-08-16 18:09:25","focus_keyword":null,"additional_keywords":null,"truseo_locale":null,"seo_analyzer_scan_date":null},"aioseo_breadcrumb":"<div class=\"aioseo-breadcrumbs\"><span class=\"aioseo-breadcrumb\">\n\t\t\t<a href=\"https:\/\/anoticiaonline.com.br\/site\" title=\"Home\">Home<\/a>\n\t\t<\/span><span class=\"aioseo-breadcrumb-separator\">&raquo;<\/span><span class=\"aioseo-breadcrumb\">\n\t\t\t<a href=\"https:\/\/anoticiaonline.com.br\/site\/categoria\/muriae\/\" title=\"Blog\">Blog<\/a>\n\t\t<\/span><span class=\"aioseo-breadcrumb-separator\">&raquo;<\/span><span class=\"aioseo-breadcrumb\">\n\t\t\tOAB divulga nota de rep\u00fadio \u00e0 amea\u00e7a sofrida pelo frei Gilberto\n\t\t<\/span><\/div>","aioseo_breadcrumb_json":[{"label":"Home","link":"https:\/\/anoticiaonline.com.br\/site"},{"label":"Blog","link":"https:\/\/anoticiaonline.com.br\/site\/categoria\/muriae\/"},{"label":"OAB divulga nota de rep\u00fadio \u00e0 amea\u00e7a sofrida pelo frei Gilberto","link":"https:\/\/anoticiaonline.com.br\/site\/oab-divulga-nota-de-repudio-a-ameaca-sofrida-pelo-frei-gilberto\/"}],"views":174,"_links":{"self":[{"href":"https:\/\/anoticiaonline.com.br\/site\/wp-json\/wp\/v2\/posts\/27479","targetHints":{"allow":["GET"]}}],"collection":[{"href":"https:\/\/anoticiaonline.com.br\/site\/wp-json\/wp\/v2\/posts"}],"about":[{"href":"https:\/\/anoticiaonline.com.br\/site\/wp-json\/wp\/v2\/types\/post"}],"author":[{"embeddable":true,"href":"https:\/\/anoticiaonline.com.br\/site\/wp-json\/wp\/v2\/users\/2"}],"replies":[{"embeddable":true,"href":"https:\/\/anoticiaonline.com.br\/site\/wp-json\/wp\/v2\/comments?post=27479"}],"version-history":[{"count":0,"href":"https:\/\/anoticiaonline.com.br\/site\/wp-json\/wp\/v2\/posts\/27479\/revisions"}],"wp:featuredmedia":[{"embeddable":true,"href":"https:\/\/anoticiaonline.com.br\/site\/wp-json\/wp\/v2\/media\/25104"}],"wp:attachment":[{"href":"https:\/\/anoticiaonline.com.br\/site\/wp-json\/wp\/v2\/media?parent=27479"}],"wp:term":[{"taxonomy":"category","embeddable":true,"href":"https:\/\/anoticiaonline.com.br\/site\/wp-json\/wp\/v2\/categories?post=27479"},{"taxonomy":"post_tag","embeddable":true,"href":"https:\/\/anoticiaonline.com.br\/site\/wp-json\/wp\/v2\/tags?post=27479"}],"curies":[{"name":"wp","href":"https:\/\/api.w.org\/{rel}","templated":true}]}}