{"id":27447,"date":"2017-04-06T09:17:01","date_gmt":"2017-04-06T12:17:01","guid":{"rendered":"http:\/\/anoticiaonline.com.br\/site\/?p=27447"},"modified":"2017-04-06T14:47:56","modified_gmt":"2017-04-06T17:47:56","slug":"bem-360-comemora-cinco-anos-com-aulao","status":"publish","type":"post","link":"https:\/\/anoticiaonline.com.br\/site\/bem-360-comemora-cinco-anos-com-aulao\/","title":{"rendered":"BEM 360 comemora cinco anos com \u201caul\u00e3o\u201d"},"content":{"rendered":"<p><a href=\"https:\/\/anoticiaonline.com.br\/site\/wp-content\/uploads\/2017\/04\/DSC_6126.jpg\"><img fetchpriority=\"high\" decoding=\"async\" class=\" size-medium wp-image-27448 alignleft\" src=\"https:\/\/anoticiaonline.com.br\/site\/wp-content\/uploads\/2017\/04\/DSC_6126-300x174.jpg\" alt=\"DSC_6126\" width=\"300\" height=\"174\" srcset=\"https:\/\/anoticiaonline.com.br\/site\/wp-content\/uploads\/2017\/04\/DSC_6126-300x174.jpg 300w, https:\/\/anoticiaonline.com.br\/site\/wp-content\/uploads\/2017\/04\/DSC_6126.jpg 640w\" sizes=\"(max-width: 300px) 100vw, 300px\" \/><\/a>Os cinco anos do Grupo BEM 360 foram comemorados com um \u201caul\u00e3o\u201d fitness. Realizada na \u00faltima quinta-feira (30), na &#8220;Pra\u00e7a do Trabalhador&#8221;, a aula reuniu cerca de cem pessoas, que puderam praticar e conhecer diversas atividades f\u00edsicas oferecidas na BEM 360. Houve ainda sorteio de brindes para o p\u00fablico, doados por empresas parceiras.<\/p>\n<p>O grupo \u00e9 formado por um studio personal, que est\u00e1 localizado na Rua J\u00falio Brand\u00e3o, 209, na Barra, e por uma academia, que est\u00e1 situada na Rua Jo\u00e3o Dornelas, 248, no Dornelas.<\/p>\n<p>A equipe da BEM 360 participa constantemente de cursos de capacita\u00e7\u00e3o, para estar em constante atualiza\u00e7\u00e3o quanto \u00e0s novas tend\u00eancias do mercado fitness dos grandes centros, como Bras\u00edlia, Rio de Janeiro e S\u00e3o Paulo, e tamb\u00e9m para oferecer um melhor atendimento aos alunos.<\/p>\n<p>\u201cCompletar cinco anos \u00e9 uma alegria muito grande, pois mostra que estamos no caminho certo e fazendo um trabalho s\u00e9rio na busca pela pr\u00e1tica esportiva e por uma vida saud\u00e1vel. A BEM 360 est\u00e1 preparada para oferecer qualquer tend\u00eancia fitness dos grandes centros\u201d, afirma um dos propriet\u00e1rios do Grupo BEM 360, Lucas Mand\u00fa, agradecendo \u00e0 sua equipe, aos pais e aos alunos.<\/p>\n<p><strong>GALERIA DE FOTOS:<\/strong><\/p>\n<p><img decoding=\"async\" class=\"ngg_displayed_gallery mceItem\" src=\"https:\/\/anoticiaonline.com.br\/site\/nextgen-attach_to_post\/preview\/id--27471\" alt=\"\" \/><\/p>\n","protected":false},"excerpt":{"rendered":"<p>Os cinco anos do Grupo BEM 360 foram comemorados com um \u201caul\u00e3o\u201d fitness. Realizada na \u00faltima quinta-feira (30), na &#8220;Pra\u00e7a do Trabalhador&#8221;, a aula reuniu cerca de cem pessoas, que puderam praticar e conhecer diversas atividades f\u00edsicas oferecidas na BEM 360. Houve ainda sorteio de brindes para o p\u00fablico, doados por empresas parceiras. O grupo &#8230; <a title=\"BEM 360 comemora cinco anos com \u201caul\u00e3o\u201d\" class=\"read-more\" href=\"https:\/\/anoticiaonline.com.br\/site\/bem-360-comemora-cinco-anos-com-aulao\/\" aria-label=\"Read more about BEM 360 comemora cinco anos com \u201caul\u00e3o\u201d\">Ler mais<\/a><\/p>\n","protected":false},"author":2,"featured_media":27448,"comment_status":"open","ping_status":"open","sticky":false,"template":"","format":"standard","meta":{"_acf_changed":false,"_monsterinsights_skip_tracking":false,"footnotes":""},"categories":[24],"tags":[3],"class_list":["post-27447","post","type-post","status-publish","format-standard","has-post-thumbnail","hentry","category-eventos","tag-slide"],"acf":[],"aioseo_notices":[],"aioseo_head":"\n\t\t<!-- All in One SEO 5.0.0.1 - aioseo.com -->\n\t<meta name=\"description\" content=\"Os cinco anos do Grupo BEM 360 foram comemorados com um \u201caul\u00e3o\u201d fitness. Realizada na \u00faltima quinta-feira (30), na &quot;Pra\u00e7a do Trabalhador&quot;, a aula reuniu cerca de cem pessoas, que puderam praticar e conhecer diversas atividades f\u00edsicas oferecidas na BEM 360. Houve ainda sorteio de brindes para o p\u00fablico, doados por empresas parceiras. O grupo\" \/>\n\t<meta name=\"robots\" content=\"max-image-preview:large\" \/>\n\t<meta name=\"author\" content=\"Juliana Laviola\"\/>\n\t<link rel=\"canonical\" href=\"https:\/\/anoticiaonline.com.br\/site\/bem-360-comemora-cinco-anos-com-aulao\/\" \/>\n\t<meta name=\"generator\" content=\"All in One SEO (AIOSEO) 5.0.0.1\" \/>\n\t\t<meta property=\"og:locale\" content=\"pt_BR\" \/>\n\t\t<meta property=\"og:site_name\" content=\"A Not\u00edcia Online - Noticias de Muria\u00e9 e regi\u00e3o\" \/>\n\t\t<meta property=\"og:type\" content=\"article\" \/>\n\t\t<meta property=\"og:title\" content=\"BEM 360 comemora cinco anos com \u201caul\u00e3o\u201d - A Not\u00edcia Online\" \/>\n\t\t<meta property=\"og:description\" content=\"Os cinco anos do Grupo BEM 360 foram comemorados com um \u201caul\u00e3o\u201d fitness. Realizada na \u00faltima quinta-feira (30), na &quot;Pra\u00e7a do Trabalhador&quot;, a aula reuniu cerca de cem pessoas, que puderam praticar e conhecer diversas atividades f\u00edsicas oferecidas na BEM 360. Houve ainda sorteio de brindes para o p\u00fablico, doados por empresas parceiras. O grupo\" \/>\n\t\t<meta property=\"og:url\" content=\"https:\/\/anoticiaonline.com.br\/site\/bem-360-comemora-cinco-anos-com-aulao\/\" \/>\n\t\t<meta property=\"og:image\" content=\"https:\/\/scontent-gig4-1.xx.fbcdn.net\/v\/t39.30808-1\/270437624_4564083193639691_6907940295614233970_n.jpg?stp=dst-jpg_s200x200_tt6&#038;_nc_cat=111&#038;ccb=1-7&#038;_nc_sid=f907e8&#038;_nc_ohc=SM1wRlP3lJwQ7kNvwEPuBYA&#038;_nc_oc=AdnqrjDN_BNjSSHWO-GbkIWH6fkGMLw4bqvL_NH6e2wMveX7G-rP2dAqsDSq1mJMOaY&#038;_nc_zt=24&#038;_nc_ht=scontent-gig4-1.xx&#038;_nc_gid=AoBFJeGrT1hVaew_6rchkQ&#038;oh=00_AfX7QmFGhQhG2jAllVgXCiM1ZrWgvtp80-Bfppyexh1QEg&#038;oe=689E923C\" \/>\n\t\t<meta property=\"og:image:secure_url\" content=\"https:\/\/scontent-gig4-1.xx.fbcdn.net\/v\/t39.30808-1\/270437624_4564083193639691_6907940295614233970_n.jpg?stp=dst-jpg_s200x200_tt6&#038;_nc_cat=111&#038;ccb=1-7&#038;_nc_sid=f907e8&#038;_nc_ohc=SM1wRlP3lJwQ7kNvwEPuBYA&#038;_nc_oc=AdnqrjDN_BNjSSHWO-GbkIWH6fkGMLw4bqvL_NH6e2wMveX7G-rP2dAqsDSq1mJMOaY&#038;_nc_zt=24&#038;_nc_ht=scontent-gig4-1.xx&#038;_nc_gid=AoBFJeGrT1hVaew_6rchkQ&#038;oh=00_AfX7QmFGhQhG2jAllVgXCiM1ZrWgvtp80-Bfppyexh1QEg&#038;oe=689E923C\" \/>\n\t\t<meta property=\"article:published_time\" content=\"2017-04-06T12:17:01+00:00\" \/>\n\t\t<meta property=\"article:modified_time\" content=\"2017-04-06T17:47:56+00:00\" \/>\n\t\t<meta name=\"twitter:card\" content=\"summary_large_image\" \/>\n\t\t<meta name=\"twitter:title\" content=\"BEM 360 comemora cinco anos com \u201caul\u00e3o\u201d - A Not\u00edcia Online\" \/>\n\t\t<meta name=\"twitter:description\" content=\"Os cinco anos do Grupo BEM 360 foram comemorados com um \u201caul\u00e3o\u201d fitness. Realizada na \u00faltima quinta-feira (30), na &quot;Pra\u00e7a do Trabalhador&quot;, a aula reuniu cerca de cem pessoas, que puderam praticar e conhecer diversas atividades f\u00edsicas oferecidas na BEM 360. Houve ainda sorteio de brindes para o p\u00fablico, doados por empresas parceiras. O grupo\" \/>\n\t\t<meta name=\"twitter:image\" content=\"https:\/\/scontent-gig4-1.xx.fbcdn.net\/v\/t39.30808-1\/270437624_4564083193639691_6907940295614233970_n.jpg?stp=dst-jpg_s200x200_tt6&amp;_nc_cat=111&amp;ccb=1-7&amp;_nc_sid=f907e8&amp;_nc_ohc=SM1wRlP3lJwQ7kNvwEPuBYA&amp;_nc_oc=AdnqrjDN_BNjSSHWO-GbkIWH6fkGMLw4bqvL_NH6e2wMveX7G-rP2dAqsDSq1mJMOaY&amp;_nc_zt=24&amp;_nc_ht=scontent-gig4-1.xx&amp;_nc_gid=AoBFJeGrT1hVaew_6rchkQ&amp;oh=00_AfX7QmFGhQhG2jAllVgXCiM1ZrWgvtp80-Bfppyexh1QEg&amp;oe=689E923C\" \/>\n\t\t<script type=\"application\/ld+json\" class=\"aioseo-schema\">\n\t\t\t{\"@context\":\"https:\\\/\\\/schema.org\",\"@graph\":[{\"@type\":\"BlogPosting\",\"@id\":\"https:\\\/\\\/anoticiaonline.com.br\\\/site\\\/bem-360-comemora-cinco-anos-com-aulao\\\/#blogposting\",\"name\":\"BEM 360 comemora cinco anos com \\u201caul\\u00e3o\\u201d - A Not\\u00edcia Online\",\"headline\":\"BEM 360 comemora cinco anos com \\u201caul\\u00e3o\\u201d\",\"author\":{\"@id\":\"https:\\\/\\\/anoticiaonline.com.br\\\/site\\\/author\\\/juliana\\\/#author\"},\"publisher\":{\"@id\":\"https:\\\/\\\/anoticiaonline.com.br\\\/site\\\/#organization\"},\"image\":{\"@type\":\"ImageObject\",\"url\":\"https:\\\/\\\/anoticiaonline.com.br\\\/site\\\/wp-content\\\/uploads\\\/2017\\\/04\\\/DSC_6126.jpg\",\"width\":640,\"height\":371},\"datePublished\":\"2017-04-06T09:17:01-03:00\",\"dateModified\":\"2017-04-06T14:47:56-03:00\",\"inLanguage\":\"pt-BR\",\"mainEntityOfPage\":{\"@id\":\"https:\\\/\\\/anoticiaonline.com.br\\\/site\\\/bem-360-comemora-cinco-anos-com-aulao\\\/#webpage\"},\"isPartOf\":{\"@id\":\"https:\\\/\\\/anoticiaonline.com.br\\\/site\\\/bem-360-comemora-cinco-anos-com-aulao\\\/#webpage\"},\"articleSection\":\"Eventos, slide\"},{\"@type\":\"BreadcrumbList\",\"@id\":\"https:\\\/\\\/anoticiaonline.com.br\\\/site\\\/bem-360-comemora-cinco-anos-com-aulao\\\/#breadcrumblist\",\"itemListElement\":[{\"@type\":\"ListItem\",\"@id\":\"https:\\\/\\\/anoticiaonline.com.br\\\/site#listItem\",\"position\":1,\"name\":\"Home\",\"item\":\"https:\\\/\\\/anoticiaonline.com.br\\\/site\",\"nextItem\":{\"@type\":\"ListItem\",\"@id\":\"https:\\\/\\\/anoticiaonline.com.br\\\/site\\\/categoria\\\/eventos\\\/#listItem\",\"name\":\"Eventos\"}},{\"@type\":\"ListItem\",\"@id\":\"https:\\\/\\\/anoticiaonline.com.br\\\/site\\\/categoria\\\/eventos\\\/#listItem\",\"position\":2,\"name\":\"Eventos\",\"item\":\"https:\\\/\\\/anoticiaonline.com.br\\\/site\\\/categoria\\\/eventos\\\/\",\"nextItem\":{\"@type\":\"ListItem\",\"@id\":\"https:\\\/\\\/anoticiaonline.com.br\\\/site\\\/bem-360-comemora-cinco-anos-com-aulao\\\/#listItem\",\"name\":\"BEM 360 comemora cinco anos com \\u201caul\\u00e3o\\u201d\"},\"previousItem\":{\"@type\":\"ListItem\",\"@id\":\"https:\\\/\\\/anoticiaonline.com.br\\\/site#listItem\",\"name\":\"Home\"}},{\"@type\":\"ListItem\",\"@id\":\"https:\\\/\\\/anoticiaonline.com.br\\\/site\\\/bem-360-comemora-cinco-anos-com-aulao\\\/#listItem\",\"position\":3,\"name\":\"BEM 360 comemora cinco anos com \\u201caul\\u00e3o\\u201d\",\"previousItem\":{\"@type\":\"ListItem\",\"@id\":\"https:\\\/\\\/anoticiaonline.com.br\\\/site\\\/categoria\\\/eventos\\\/#listItem\",\"name\":\"Eventos\"}}]},{\"@type\":\"Organization\",\"@id\":\"https:\\\/\\\/anoticiaonline.com.br\\\/site\\\/#organization\",\"name\":\"A Not\\u00edcia Online\",\"description\":\"Noticias de Muria\\u00e9 e regi\\u00e3o\",\"url\":\"https:\\\/\\\/anoticiaonline.com.br\\\/site\\\/\",\"logo\":{\"@type\":\"ImageObject\",\"url\":\"https:\\\/\\\/scontent-gig4-1.xx.fbcdn.net\\\/v\\\/t39.30808-1\\\/270437624_4564083193639691_6907940295614233970_n.jpg?stp=dst-jpg_s200x200_tt6&_nc_cat=111&ccb=1-7&_nc_sid=f907e8&_nc_ohc=SM1wRlP3lJwQ7kNvwEPuBYA&_nc_oc=AdnqrjDN_BNjSSHWO-GbkIWH6fkGMLw4bqvL_NH6e2wMveX7G-rP2dAqsDSq1mJMOaY&_nc_zt=24&_nc_ht=scontent-gig4-1.xx&_nc_gid=AoBFJeGrT1hVaew_6rchkQ&oh=00_AfX7QmFGhQhG2jAllVgXCiM1ZrWgvtp80-Bfppyexh1QEg&oe=689E923C\",\"@id\":\"https:\\\/\\\/anoticiaonline.com.br\\\/site\\\/bem-360-comemora-cinco-anos-com-aulao\\\/#organizationLogo\"},\"image\":{\"@id\":\"https:\\\/\\\/anoticiaonline.com.br\\\/site\\\/bem-360-comemora-cinco-anos-com-aulao\\\/#organizationLogo\"}},{\"@type\":\"Person\",\"@id\":\"https:\\\/\\\/anoticiaonline.com.br\\\/site\\\/author\\\/juliana\\\/#author\",\"url\":\"https:\\\/\\\/anoticiaonline.com.br\\\/site\\\/author\\\/juliana\\\/\",\"name\":\"Juliana Laviola\",\"image\":{\"@type\":\"ImageObject\",\"@id\":\"https:\\\/\\\/anoticiaonline.com.br\\\/site\\\/bem-360-comemora-cinco-anos-com-aulao\\\/#authorImage\",\"url\":\"https:\\\/\\\/secure.gravatar.com\\\/avatar\\\/b8d45f5c699b100dfaf0e543582f38f38bf94cb7ae3a5e9abf8d891a34773335?s=96&d=mm&r=g\",\"width\":96,\"height\":96,\"caption\":\"Juliana Laviola\"}},{\"@type\":\"WebPage\",\"@id\":\"https:\\\/\\\/anoticiaonline.com.br\\\/site\\\/bem-360-comemora-cinco-anos-com-aulao\\\/#webpage\",\"url\":\"https:\\\/\\\/anoticiaonline.com.br\\\/site\\\/bem-360-comemora-cinco-anos-com-aulao\\\/\",\"name\":\"BEM 360 comemora cinco anos com \\u201caul\\u00e3o\\u201d - A Not\\u00edcia Online\",\"description\":\"Os cinco anos do Grupo BEM 360 foram comemorados com um \\u201caul\\u00e3o\\u201d fitness. Realizada na \\u00faltima quinta-feira (30), na \\\"Pra\\u00e7a do Trabalhador\\\", a aula reuniu cerca de cem pessoas, que puderam praticar e conhecer diversas atividades f\\u00edsicas oferecidas na BEM 360. Houve ainda sorteio de brindes para o p\\u00fablico, doados por empresas parceiras. O grupo\",\"inLanguage\":\"pt-BR\",\"isPartOf\":{\"@id\":\"https:\\\/\\\/anoticiaonline.com.br\\\/site\\\/#website\"},\"breadcrumb\":{\"@id\":\"https:\\\/\\\/anoticiaonline.com.br\\\/site\\\/bem-360-comemora-cinco-anos-com-aulao\\\/#breadcrumblist\"},\"author\":{\"@id\":\"https:\\\/\\\/anoticiaonline.com.br\\\/site\\\/author\\\/juliana\\\/#author\"},\"creator\":{\"@id\":\"https:\\\/\\\/anoticiaonline.com.br\\\/site\\\/author\\\/juliana\\\/#author\"},\"image\":{\"@type\":\"ImageObject\",\"url\":\"https:\\\/\\\/anoticiaonline.com.br\\\/site\\\/wp-content\\\/uploads\\\/2017\\\/04\\\/DSC_6126.jpg\",\"@id\":\"https:\\\/\\\/anoticiaonline.com.br\\\/site\\\/bem-360-comemora-cinco-anos-com-aulao\\\/#mainImage\",\"width\":640,\"height\":371},\"primaryImageOfPage\":{\"@id\":\"https:\\\/\\\/anoticiaonline.com.br\\\/site\\\/bem-360-comemora-cinco-anos-com-aulao\\\/#mainImage\"},\"datePublished\":\"2017-04-06T09:17:01-03:00\",\"dateModified\":\"2017-04-06T14:47:56-03:00\"},{\"@type\":\"WebSite\",\"@id\":\"https:\\\/\\\/anoticiaonline.com.br\\\/site\\\/#website\",\"url\":\"https:\\\/\\\/anoticiaonline.com.br\\\/site\\\/\",\"name\":\"A Not\\u00edcia Online\",\"description\":\"Noticias de Muria\\u00e9 e regi\\u00e3o\",\"inLanguage\":\"pt-BR\",\"publisher\":{\"@id\":\"https:\\\/\\\/anoticiaonline.com.br\\\/site\\\/#organization\"}}]}\n\t\t<\/script>\n\t\t<!-- All in One SEO -->\n\n","aioseo_head_json":{"title":"BEM 360 comemora cinco anos com \u201caul\u00e3o\u201d - A Not\u00edcia Online","description":"Os cinco anos do Grupo BEM 360 foram comemorados com um \u201caul\u00e3o\u201d fitness. Realizada na \u00faltima quinta-feira (30), na \"Pra\u00e7a do Trabalhador\", a aula reuniu cerca de cem pessoas, que puderam praticar e conhecer diversas atividades f\u00edsicas oferecidas na BEM 360. Houve ainda sorteio de brindes para o p\u00fablico, doados por empresas parceiras. O grupo","canonical_url":"https:\/\/anoticiaonline.com.br\/site\/bem-360-comemora-cinco-anos-com-aulao\/","robots":"max-image-preview:large","keywords":"","webmasterTools":{"miscellaneous":""},"schema":{"@context":"https:\/\/schema.org","@graph":[{"@type":"BlogPosting","@id":"https:\/\/anoticiaonline.com.br\/site\/bem-360-comemora-cinco-anos-com-aulao\/#blogposting","name":"BEM 360 comemora cinco anos com \u201caul\u00e3o\u201d - A Not\u00edcia Online","headline":"BEM 360 comemora cinco anos com \u201caul\u00e3o\u201d","author":{"@id":"https:\/\/anoticiaonline.com.br\/site\/author\/juliana\/#author"},"publisher":{"@id":"https:\/\/anoticiaonline.com.br\/site\/#organization"},"image":{"@type":"ImageObject","url":"https:\/\/anoticiaonline.com.br\/site\/wp-content\/uploads\/2017\/04\/DSC_6126.jpg","width":640,"height":371},"datePublished":"2017-04-06T09:17:01-03:00","dateModified":"2017-04-06T14:47:56-03:00","inLanguage":"pt-BR","mainEntityOfPage":{"@id":"https:\/\/anoticiaonline.com.br\/site\/bem-360-comemora-cinco-anos-com-aulao\/#webpage"},"isPartOf":{"@id":"https:\/\/anoticiaonline.com.br\/site\/bem-360-comemora-cinco-anos-com-aulao\/#webpage"},"articleSection":"Eventos, slide"},{"@type":"BreadcrumbList","@id":"https:\/\/anoticiaonline.com.br\/site\/bem-360-comemora-cinco-anos-com-aulao\/#breadcrumblist","itemListElement":[{"@type":"ListItem","@id":"https:\/\/anoticiaonline.com.br\/site#listItem","position":1,"name":"Home","item":"https:\/\/anoticiaonline.com.br\/site","nextItem":{"@type":"ListItem","@id":"https:\/\/anoticiaonline.com.br\/site\/categoria\/eventos\/#listItem","name":"Eventos"}},{"@type":"ListItem","@id":"https:\/\/anoticiaonline.com.br\/site\/categoria\/eventos\/#listItem","position":2,"name":"Eventos","item":"https:\/\/anoticiaonline.com.br\/site\/categoria\/eventos\/","nextItem":{"@type":"ListItem","@id":"https:\/\/anoticiaonline.com.br\/site\/bem-360-comemora-cinco-anos-com-aulao\/#listItem","name":"BEM 360 comemora cinco anos com \u201caul\u00e3o\u201d"},"previousItem":{"@type":"ListItem","@id":"https:\/\/anoticiaonline.com.br\/site#listItem","name":"Home"}},{"@type":"ListItem","@id":"https:\/\/anoticiaonline.com.br\/site\/bem-360-comemora-cinco-anos-com-aulao\/#listItem","position":3,"name":"BEM 360 comemora cinco anos com \u201caul\u00e3o\u201d","previousItem":{"@type":"ListItem","@id":"https:\/\/anoticiaonline.com.br\/site\/categoria\/eventos\/#listItem","name":"Eventos"}}]},{"@type":"Organization","@id":"https:\/\/anoticiaonline.com.br\/site\/#organization","name":"A Not\u00edcia Online","description":"Noticias de Muria\u00e9 e regi\u00e3o","url":"https:\/\/anoticiaonline.com.br\/site\/","logo":{"@type":"ImageObject","url":"https:\/\/scontent-gig4-1.xx.fbcdn.net\/v\/t39.30808-1\/270437624_4564083193639691_6907940295614233970_n.jpg?stp=dst-jpg_s200x200_tt6&_nc_cat=111&ccb=1-7&_nc_sid=f907e8&_nc_ohc=SM1wRlP3lJwQ7kNvwEPuBYA&_nc_oc=AdnqrjDN_BNjSSHWO-GbkIWH6fkGMLw4bqvL_NH6e2wMveX7G-rP2dAqsDSq1mJMOaY&_nc_zt=24&_nc_ht=scontent-gig4-1.xx&_nc_gid=AoBFJeGrT1hVaew_6rchkQ&oh=00_AfX7QmFGhQhG2jAllVgXCiM1ZrWgvtp80-Bfppyexh1QEg&oe=689E923C","@id":"https:\/\/anoticiaonline.com.br\/site\/bem-360-comemora-cinco-anos-com-aulao\/#organizationLogo"},"image":{"@id":"https:\/\/anoticiaonline.com.br\/site\/bem-360-comemora-cinco-anos-com-aulao\/#organizationLogo"}},{"@type":"Person","@id":"https:\/\/anoticiaonline.com.br\/site\/author\/juliana\/#author","url":"https:\/\/anoticiaonline.com.br\/site\/author\/juliana\/","name":"Juliana Laviola","image":{"@type":"ImageObject","@id":"https:\/\/anoticiaonline.com.br\/site\/bem-360-comemora-cinco-anos-com-aulao\/#authorImage","url":"https:\/\/secure.gravatar.com\/avatar\/b8d45f5c699b100dfaf0e543582f38f38bf94cb7ae3a5e9abf8d891a34773335?s=96&d=mm&r=g","width":96,"height":96,"caption":"Juliana Laviola"}},{"@type":"WebPage","@id":"https:\/\/anoticiaonline.com.br\/site\/bem-360-comemora-cinco-anos-com-aulao\/#webpage","url":"https:\/\/anoticiaonline.com.br\/site\/bem-360-comemora-cinco-anos-com-aulao\/","name":"BEM 360 comemora cinco anos com \u201caul\u00e3o\u201d - A Not\u00edcia Online","description":"Os cinco anos do Grupo BEM 360 foram comemorados com um \u201caul\u00e3o\u201d fitness. Realizada na \u00faltima quinta-feira (30), na \"Pra\u00e7a do Trabalhador\", a aula reuniu cerca de cem pessoas, que puderam praticar e conhecer diversas atividades f\u00edsicas oferecidas na BEM 360. Houve ainda sorteio de brindes para o p\u00fablico, doados por empresas parceiras. O grupo","inLanguage":"pt-BR","isPartOf":{"@id":"https:\/\/anoticiaonline.com.br\/site\/#website"},"breadcrumb":{"@id":"https:\/\/anoticiaonline.com.br\/site\/bem-360-comemora-cinco-anos-com-aulao\/#breadcrumblist"},"author":{"@id":"https:\/\/anoticiaonline.com.br\/site\/author\/juliana\/#author"},"creator":{"@id":"https:\/\/anoticiaonline.com.br\/site\/author\/juliana\/#author"},"image":{"@type":"ImageObject","url":"https:\/\/anoticiaonline.com.br\/site\/wp-content\/uploads\/2017\/04\/DSC_6126.jpg","@id":"https:\/\/anoticiaonline.com.br\/site\/bem-360-comemora-cinco-anos-com-aulao\/#mainImage","width":640,"height":371},"primaryImageOfPage":{"@id":"https:\/\/anoticiaonline.com.br\/site\/bem-360-comemora-cinco-anos-com-aulao\/#mainImage"},"datePublished":"2017-04-06T09:17:01-03:00","dateModified":"2017-04-06T14:47:56-03:00"},{"@type":"WebSite","@id":"https:\/\/anoticiaonline.com.br\/site\/#website","url":"https:\/\/anoticiaonline.com.br\/site\/","name":"A Not\u00edcia Online","description":"Noticias de Muria\u00e9 e regi\u00e3o","inLanguage":"pt-BR","publisher":{"@id":"https:\/\/anoticiaonline.com.br\/site\/#organization"}}]},"og:locale":"pt_BR","og:site_name":"A Not\u00edcia Online - Noticias de Muria\u00e9 e regi\u00e3o","og:type":"article","og:title":"BEM 360 comemora cinco anos com \u201caul\u00e3o\u201d - A Not\u00edcia Online","og:description":"Os cinco anos do Grupo BEM 360 foram comemorados com um \u201caul\u00e3o\u201d fitness. Realizada na \u00faltima quinta-feira (30), na &quot;Pra\u00e7a do Trabalhador&quot;, a aula reuniu cerca de cem pessoas, que puderam praticar e conhecer diversas atividades f\u00edsicas oferecidas na BEM 360. Houve ainda sorteio de brindes para o p\u00fablico, doados por empresas parceiras. O grupo","og:url":"https:\/\/anoticiaonline.com.br\/site\/bem-360-comemora-cinco-anos-com-aulao\/","og:image":"https:\/\/scontent-gig4-1.xx.fbcdn.net\/v\/t39.30808-1\/270437624_4564083193639691_6907940295614233970_n.jpg?stp=dst-jpg_s200x200_tt6&#038;_nc_cat=111&#038;ccb=1-7&#038;_nc_sid=f907e8&#038;_nc_ohc=SM1wRlP3lJwQ7kNvwEPuBYA&#038;_nc_oc=AdnqrjDN_BNjSSHWO-GbkIWH6fkGMLw4bqvL_NH6e2wMveX7G-rP2dAqsDSq1mJMOaY&#038;_nc_zt=24&#038;_nc_ht=scontent-gig4-1.xx&#038;_nc_gid=AoBFJeGrT1hVaew_6rchkQ&#038;oh=00_AfX7QmFGhQhG2jAllVgXCiM1ZrWgvtp80-Bfppyexh1QEg&#038;oe=689E923C","og:image:secure_url":"https:\/\/scontent-gig4-1.xx.fbcdn.net\/v\/t39.30808-1\/270437624_4564083193639691_6907940295614233970_n.jpg?stp=dst-jpg_s200x200_tt6&#038;_nc_cat=111&#038;ccb=1-7&#038;_nc_sid=f907e8&#038;_nc_ohc=SM1wRlP3lJwQ7kNvwEPuBYA&#038;_nc_oc=AdnqrjDN_BNjSSHWO-GbkIWH6fkGMLw4bqvL_NH6e2wMveX7G-rP2dAqsDSq1mJMOaY&#038;_nc_zt=24&#038;_nc_ht=scontent-gig4-1.xx&#038;_nc_gid=AoBFJeGrT1hVaew_6rchkQ&#038;oh=00_AfX7QmFGhQhG2jAllVgXCiM1ZrWgvtp80-Bfppyexh1QEg&#038;oe=689E923C","article:published_time":"2017-04-06T12:17:01+00:00","article:modified_time":"2017-04-06T17:47:56+00:00","twitter:card":"summary_large_image","twitter:title":"BEM 360 comemora cinco anos com \u201caul\u00e3o\u201d - A Not\u00edcia Online","twitter:description":"Os cinco anos do Grupo BEM 360 foram comemorados com um \u201caul\u00e3o\u201d fitness. Realizada na \u00faltima quinta-feira (30), na &quot;Pra\u00e7a do Trabalhador&quot;, a aula reuniu cerca de cem pessoas, que puderam praticar e conhecer diversas atividades f\u00edsicas oferecidas na BEM 360. Houve ainda sorteio de brindes para o p\u00fablico, doados por empresas parceiras. O grupo","twitter:image":"https:\/\/scontent-gig4-1.xx.fbcdn.net\/v\/t39.30808-1\/270437624_4564083193639691_6907940295614233970_n.jpg?stp=dst-jpg_s200x200_tt6&_nc_cat=111&ccb=1-7&_nc_sid=f907e8&_nc_ohc=SM1wRlP3lJwQ7kNvwEPuBYA&_nc_oc=AdnqrjDN_BNjSSHWO-GbkIWH6fkGMLw4bqvL_NH6e2wMveX7G-rP2dAqsDSq1mJMOaY&_nc_zt=24&_nc_ht=scontent-gig4-1.xx&_nc_gid=AoBFJeGrT1hVaew_6rchkQ&oh=00_AfX7QmFGhQhG2jAllVgXCiM1ZrWgvtp80-Bfppyexh1QEg&oe=689E923C"},"aioseo_meta_data":{"post_id":"27447","title":null,"description":null,"keywords":null,"keyphrases":null,"primary_term":null,"canonical_url":null,"og_title":null,"og_description":null,"og_object_type":"default","og_image_type":"default","og_image_url":null,"og_image_width":null,"og_image_height":null,"og_image_custom_url":null,"og_image_custom_fields":null,"og_video":null,"og_custom_url":null,"og_article_section":null,"og_article_tags":null,"twitter_use_og":false,"twitter_card":"default","twitter_image_type":"default","twitter_image_url":null,"twitter_image_custom_url":null,"twitter_image_custom_fields":null,"twitter_title":null,"twitter_description":null,"schema":{"blockGraphs":[],"customGraphs":[],"default":{"data":{"Article":[],"Course":[],"Dataset":[],"FAQPage":[],"Movie":[],"Person":[],"Product":[],"ProductReview":[],"Car":[],"Recipe":[],"Service":[],"SoftwareApplication":[],"WebPage":[]},"graphName":"","isEnabled":true},"graphs":[]},"schema_type":"default","schema_type_options":null,"pillar_content":false,"robots_default":true,"robots_noindex":false,"robots_noarchive":false,"robots_nosnippet":false,"robots_nofollow":false,"robots_noimageindex":false,"robots_noodp":false,"robots_notranslate":false,"robots_max_snippet":null,"robots_max_videopreview":null,"robots_max_imagepreview":"large","priority":null,"frequency":null,"local_seo":null,"breadcrumb_settings":null,"limit_modified_date":false,"ai":null,"created":"2025-08-16 18:09:25","updated":"2025-08-16 18:09:25","focus_keyword":null,"additional_keywords":null,"truseo_locale":null,"seo_analyzer_scan_date":null},"aioseo_breadcrumb":"<div class=\"aioseo-breadcrumbs\"><span class=\"aioseo-breadcrumb\">\n\t\t\t<a href=\"https:\/\/anoticiaonline.com.br\/site\" title=\"Home\">Home<\/a>\n\t\t<\/span><span class=\"aioseo-breadcrumb-separator\">&raquo;<\/span><span class=\"aioseo-breadcrumb\">\n\t\t\t<a href=\"https:\/\/anoticiaonline.com.br\/site\/categoria\/eventos\/\" title=\"Eventos\">Eventos<\/a>\n\t\t<\/span><span class=\"aioseo-breadcrumb-separator\">&raquo;<\/span><span class=\"aioseo-breadcrumb\">\n\t\t\tBEM 360 comemora cinco anos com \u201caul\u00e3o\u201d\n\t\t<\/span><\/div>","aioseo_breadcrumb_json":[{"label":"Home","link":"https:\/\/anoticiaonline.com.br\/site"},{"label":"Eventos","link":"https:\/\/anoticiaonline.com.br\/site\/categoria\/eventos\/"},{"label":"BEM 360 comemora cinco anos com \u201caul\u00e3o\u201d","link":"https:\/\/anoticiaonline.com.br\/site\/bem-360-comemora-cinco-anos-com-aulao\/"}],"views":130,"_links":{"self":[{"href":"https:\/\/anoticiaonline.com.br\/site\/wp-json\/wp\/v2\/posts\/27447","targetHints":{"allow":["GET"]}}],"collection":[{"href":"https:\/\/anoticiaonline.com.br\/site\/wp-json\/wp\/v2\/posts"}],"about":[{"href":"https:\/\/anoticiaonline.com.br\/site\/wp-json\/wp\/v2\/types\/post"}],"author":[{"embeddable":true,"href":"https:\/\/anoticiaonline.com.br\/site\/wp-json\/wp\/v2\/users\/2"}],"replies":[{"embeddable":true,"href":"https:\/\/anoticiaonline.com.br\/site\/wp-json\/wp\/v2\/comments?post=27447"}],"version-history":[{"count":0,"href":"https:\/\/anoticiaonline.com.br\/site\/wp-json\/wp\/v2\/posts\/27447\/revisions"}],"wp:featuredmedia":[{"embeddable":true,"href":"https:\/\/anoticiaonline.com.br\/site\/wp-json\/wp\/v2\/media\/27448"}],"wp:attachment":[{"href":"https:\/\/anoticiaonline.com.br\/site\/wp-json\/wp\/v2\/media?parent=27447"}],"wp:term":[{"taxonomy":"category","embeddable":true,"href":"https:\/\/anoticiaonline.com.br\/site\/wp-json\/wp\/v2\/categories?post=27447"},{"taxonomy":"post_tag","embeddable":true,"href":"https:\/\/anoticiaonline.com.br\/site\/wp-json\/wp\/v2\/tags?post=27447"}],"curies":[{"name":"wp","href":"https:\/\/api.w.org\/{rel}","templated":true}]}}