{"id":27365,"date":"2017-04-06T08:53:35","date_gmt":"2017-04-06T11:53:35","guid":{"rendered":"http:\/\/anoticiaonline.com.br\/site\/?p=27365"},"modified":"2017-04-06T18:48:09","modified_gmt":"2017-04-06T21:48:09","slug":"eloisio-cunha-e-empossado-prefeito-de-ervalia","status":"publish","type":"post","link":"https:\/\/anoticiaonline.com.br\/site\/eloisio-cunha-e-empossado-prefeito-de-ervalia\/","title":{"rendered":"Elo\u00edsio Cunha \u00e9 empossado prefeito de Erv\u00e1lia"},"content":{"rendered":"<p><a href=\"https:\/\/anoticiaonline.com.br\/site\/wp-content\/uploads\/2017\/04\/DSC_0006.jpg\"><img fetchpriority=\"high\" decoding=\"async\" class=\" size-medium wp-image-27366 alignleft\" src=\"https:\/\/anoticiaonline.com.br\/site\/wp-content\/uploads\/2017\/04\/DSC_0006-300x236.jpg\" alt=\"DSC_0006\" width=\"300\" height=\"236\" srcset=\"https:\/\/anoticiaonline.com.br\/site\/wp-content\/uploads\/2017\/04\/DSC_0006-300x236.jpg 300w, https:\/\/anoticiaonline.com.br\/site\/wp-content\/uploads\/2017\/04\/DSC_0006.jpg 640w\" sizes=\"(max-width: 300px) 100vw, 300px\" \/><\/a>Elo\u00edsio Cunha (DEM) e Mauro Godinho foram empossados, respectivamente, prefeito e vice-prefeito de Erv\u00e1lia. A solenidade aconteceu no domingo (2), na C\u00e2mara de Vereadores daquela cidade.<\/p>\n<p>O novo prefeito e o vice venceram a elei\u00e7\u00e3o extempor\u00e2nea, realizada no dia 12 de mar\u00e7o, com 7.233 votos (54,33% dos votos). Elo\u00edsio concorreu nas elei\u00e7\u00f5es de outubro de 2016 como vice na chapa que venceu nas urnas. Por\u00e9m, o ent\u00e3o candidato a prefeito, Edson Rezende (DEM), teve seu registro indeferido pela Justi\u00e7a Eleitoral em raz\u00e3o de contas p\u00fablicas rejeitadas, o que ensejou um novo pleito.<\/p>\n<p>A diploma\u00e7\u00e3o foi realizada na \u00faltima sexta-feira (31), no Cart\u00f3rio Eleitoral de Erv\u00e1lia. J\u00e1 no domingo, ap\u00f3s a sess\u00e3o solene de posse, houve uma comemora\u00e7\u00e3o no Parque de Exposi\u00e7\u00f5es \u201cTatic\u00e3o\u201d, com o show da Banda Chapahalls, respons\u00e1vel pelo jingle da campanha, e participa\u00e7\u00e3o de DJ. Milhares de pessoas e autoridades participaram da festa, como os deputados estaduais Durval \u00c2ngelo e Dirceu Ribeiro e o presidente da C\u00e2mara de Erv\u00e1lia, Jo\u00e3o Arena.<\/p>\n<p>\u201cHoje \u00e9 uma data muito importante para mim. Os ervalenses podem ter certeza de que n\u00e3o vamos medir esfor\u00e7os para fazer um bom trabalho. Vamos trabalhar muito. O nosso governo ser\u00e1 feito para o povo\u201d, diz o prefeito Elo\u00edsio Cunha.<\/p>\n<p>O vice-prefeito, Mauro Godinho, refor\u00e7a o compromisso de fazer uma gest\u00e3o em prol da popula\u00e7\u00e3o. \u201cViemos com a proposta de fazer o melhor trabalho para a nossa cidade e suas comunidades rurais\u201d, frisa.<\/p>\n<p>Os novos gestores municipais j\u00e1 come\u00e7aram a atuar. Na segunda-feira (3), foram a Belo Horizonte para buscar um novo \u00f4nibus escolar. Na quarta-feira (5), seguiram para Bras\u00edlia, para tentar conseguir recursos junto a deputados federais.<\/p>\n<p><strong>GALERIA DE FOTOS:<\/strong><\/p>\n<p><img decoding=\"async\" class=\"ngg_displayed_gallery mceItem\" src=\"https:\/\/anoticiaonline.com.br\/site\/nextgen-attach_to_post\/preview\/id--27445\" alt=\"\" \/><\/p>\n","protected":false},"excerpt":{"rendered":"<p>Elo\u00edsio Cunha (DEM) e Mauro Godinho foram empossados, respectivamente, prefeito e vice-prefeito de Erv\u00e1lia. A solenidade aconteceu no domingo (2), na C\u00e2mara de Vereadores daquela cidade. O novo prefeito e o vice venceram a elei\u00e7\u00e3o extempor\u00e2nea, realizada no dia 12 de mar\u00e7o, com 7.233 votos (54,33% dos votos). Elo\u00edsio concorreu nas elei\u00e7\u00f5es de outubro de &#8230; <a title=\"Elo\u00edsio Cunha \u00e9 empossado prefeito de Erv\u00e1lia\" class=\"read-more\" href=\"https:\/\/anoticiaonline.com.br\/site\/eloisio-cunha-e-empossado-prefeito-de-ervalia\/\" aria-label=\"Read more about Elo\u00edsio Cunha \u00e9 empossado prefeito de Erv\u00e1lia\">Ler mais<\/a><\/p>\n","protected":false},"author":2,"featured_media":27366,"comment_status":"open","ping_status":"open","sticky":false,"template":"","format":"standard","meta":{"_acf_changed":false,"_monsterinsights_skip_tracking":false,"footnotes":""},"categories":[6],"tags":[3],"class_list":["post-27365","post","type-post","status-publish","format-standard","has-post-thumbnail","hentry","category-regiao","tag-slide"],"acf":[],"aioseo_notices":[],"aioseo_head":"\n\t\t<!-- All in One SEO 5.0.0.1 - aioseo.com -->\n\t<meta name=\"description\" content=\"Elo\u00edsio Cunha (DEM) e Mauro Godinho foram empossados, respectivamente, prefeito e vice-prefeito de Erv\u00e1lia. A solenidade aconteceu no domingo (2), na C\u00e2mara de Vereadores daquela cidade. O novo prefeito e o vice venceram a elei\u00e7\u00e3o extempor\u00e2nea, realizada no dia 12 de mar\u00e7o, com 7.233 votos (54,33% dos votos). Elo\u00edsio concorreu nas elei\u00e7\u00f5es de outubro de\" \/>\n\t<meta name=\"robots\" content=\"max-image-preview:large\" \/>\n\t<meta name=\"author\" content=\"Juliana Laviola\"\/>\n\t<link rel=\"canonical\" href=\"https:\/\/anoticiaonline.com.br\/site\/eloisio-cunha-e-empossado-prefeito-de-ervalia\/\" \/>\n\t<meta name=\"generator\" content=\"All in One SEO (AIOSEO) 5.0.0.1\" \/>\n\t\t<meta property=\"og:locale\" content=\"pt_BR\" \/>\n\t\t<meta property=\"og:site_name\" content=\"A Not\u00edcia Online - Noticias de Muria\u00e9 e regi\u00e3o\" \/>\n\t\t<meta property=\"og:type\" content=\"article\" \/>\n\t\t<meta property=\"og:title\" content=\"Elo\u00edsio Cunha \u00e9 empossado prefeito de Erv\u00e1lia - A Not\u00edcia Online\" \/>\n\t\t<meta property=\"og:description\" content=\"Elo\u00edsio Cunha (DEM) e Mauro Godinho foram empossados, respectivamente, prefeito e vice-prefeito de Erv\u00e1lia. A solenidade aconteceu no domingo (2), na C\u00e2mara de Vereadores daquela cidade. O novo prefeito e o vice venceram a elei\u00e7\u00e3o extempor\u00e2nea, realizada no dia 12 de mar\u00e7o, com 7.233 votos (54,33% dos votos). Elo\u00edsio concorreu nas elei\u00e7\u00f5es de outubro de\" \/>\n\t\t<meta property=\"og:url\" content=\"https:\/\/anoticiaonline.com.br\/site\/eloisio-cunha-e-empossado-prefeito-de-ervalia\/\" \/>\n\t\t<meta property=\"og:image\" content=\"https:\/\/scontent-gig4-1.xx.fbcdn.net\/v\/t39.30808-1\/270437624_4564083193639691_6907940295614233970_n.jpg?stp=dst-jpg_s200x200_tt6&#038;_nc_cat=111&#038;ccb=1-7&#038;_nc_sid=f907e8&#038;_nc_ohc=SM1wRlP3lJwQ7kNvwEPuBYA&#038;_nc_oc=AdnqrjDN_BNjSSHWO-GbkIWH6fkGMLw4bqvL_NH6e2wMveX7G-rP2dAqsDSq1mJMOaY&#038;_nc_zt=24&#038;_nc_ht=scontent-gig4-1.xx&#038;_nc_gid=AoBFJeGrT1hVaew_6rchkQ&#038;oh=00_AfX7QmFGhQhG2jAllVgXCiM1ZrWgvtp80-Bfppyexh1QEg&#038;oe=689E923C\" \/>\n\t\t<meta property=\"og:image:secure_url\" content=\"https:\/\/scontent-gig4-1.xx.fbcdn.net\/v\/t39.30808-1\/270437624_4564083193639691_6907940295614233970_n.jpg?stp=dst-jpg_s200x200_tt6&#038;_nc_cat=111&#038;ccb=1-7&#038;_nc_sid=f907e8&#038;_nc_ohc=SM1wRlP3lJwQ7kNvwEPuBYA&#038;_nc_oc=AdnqrjDN_BNjSSHWO-GbkIWH6fkGMLw4bqvL_NH6e2wMveX7G-rP2dAqsDSq1mJMOaY&#038;_nc_zt=24&#038;_nc_ht=scontent-gig4-1.xx&#038;_nc_gid=AoBFJeGrT1hVaew_6rchkQ&#038;oh=00_AfX7QmFGhQhG2jAllVgXCiM1ZrWgvtp80-Bfppyexh1QEg&#038;oe=689E923C\" \/>\n\t\t<meta property=\"article:published_time\" content=\"2017-04-06T11:53:35+00:00\" \/>\n\t\t<meta property=\"article:modified_time\" content=\"2017-04-06T21:48:09+00:00\" \/>\n\t\t<meta name=\"twitter:card\" content=\"summary_large_image\" \/>\n\t\t<meta name=\"twitter:title\" content=\"Elo\u00edsio Cunha \u00e9 empossado prefeito de Erv\u00e1lia - A Not\u00edcia Online\" \/>\n\t\t<meta name=\"twitter:description\" content=\"Elo\u00edsio Cunha (DEM) e Mauro Godinho foram empossados, respectivamente, prefeito e vice-prefeito de Erv\u00e1lia. A solenidade aconteceu no domingo (2), na C\u00e2mara de Vereadores daquela cidade. O novo prefeito e o vice venceram a elei\u00e7\u00e3o extempor\u00e2nea, realizada no dia 12 de mar\u00e7o, com 7.233 votos (54,33% dos votos). Elo\u00edsio concorreu nas elei\u00e7\u00f5es de outubro de\" \/>\n\t\t<meta name=\"twitter:image\" content=\"https:\/\/scontent-gig4-1.xx.fbcdn.net\/v\/t39.30808-1\/270437624_4564083193639691_6907940295614233970_n.jpg?stp=dst-jpg_s200x200_tt6&amp;_nc_cat=111&amp;ccb=1-7&amp;_nc_sid=f907e8&amp;_nc_ohc=SM1wRlP3lJwQ7kNvwEPuBYA&amp;_nc_oc=AdnqrjDN_BNjSSHWO-GbkIWH6fkGMLw4bqvL_NH6e2wMveX7G-rP2dAqsDSq1mJMOaY&amp;_nc_zt=24&amp;_nc_ht=scontent-gig4-1.xx&amp;_nc_gid=AoBFJeGrT1hVaew_6rchkQ&amp;oh=00_AfX7QmFGhQhG2jAllVgXCiM1ZrWgvtp80-Bfppyexh1QEg&amp;oe=689E923C\" \/>\n\t\t<script type=\"application\/ld+json\" class=\"aioseo-schema\">\n\t\t\t{\"@context\":\"https:\\\/\\\/schema.org\",\"@graph\":[{\"@type\":\"BlogPosting\",\"@id\":\"https:\\\/\\\/anoticiaonline.com.br\\\/site\\\/eloisio-cunha-e-empossado-prefeito-de-ervalia\\\/#blogposting\",\"name\":\"Elo\\u00edsio Cunha \\u00e9 empossado prefeito de Erv\\u00e1lia - A Not\\u00edcia Online\",\"headline\":\"Elo\\u00edsio Cunha \\u00e9 empossado prefeito de Erv\\u00e1lia\",\"author\":{\"@id\":\"https:\\\/\\\/anoticiaonline.com.br\\\/site\\\/author\\\/juliana\\\/#author\"},\"publisher\":{\"@id\":\"https:\\\/\\\/anoticiaonline.com.br\\\/site\\\/#organization\"},\"image\":{\"@type\":\"ImageObject\",\"url\":\"https:\\\/\\\/anoticiaonline.com.br\\\/site\\\/wp-content\\\/uploads\\\/2017\\\/04\\\/DSC_0006.jpg\",\"width\":640,\"height\":503},\"datePublished\":\"2017-04-06T08:53:35-03:00\",\"dateModified\":\"2017-04-06T18:48:09-03:00\",\"inLanguage\":\"pt-BR\",\"mainEntityOfPage\":{\"@id\":\"https:\\\/\\\/anoticiaonline.com.br\\\/site\\\/eloisio-cunha-e-empossado-prefeito-de-ervalia\\\/#webpage\"},\"isPartOf\":{\"@id\":\"https:\\\/\\\/anoticiaonline.com.br\\\/site\\\/eloisio-cunha-e-empossado-prefeito-de-ervalia\\\/#webpage\"},\"articleSection\":\"Regi\\u00e3o, slide\"},{\"@type\":\"BreadcrumbList\",\"@id\":\"https:\\\/\\\/anoticiaonline.com.br\\\/site\\\/eloisio-cunha-e-empossado-prefeito-de-ervalia\\\/#breadcrumblist\",\"itemListElement\":[{\"@type\":\"ListItem\",\"@id\":\"https:\\\/\\\/anoticiaonline.com.br\\\/site#listItem\",\"position\":1,\"name\":\"Home\",\"item\":\"https:\\\/\\\/anoticiaonline.com.br\\\/site\",\"nextItem\":{\"@type\":\"ListItem\",\"@id\":\"https:\\\/\\\/anoticiaonline.com.br\\\/site\\\/categoria\\\/regiao\\\/#listItem\",\"name\":\"Regi\\u00e3o\"}},{\"@type\":\"ListItem\",\"@id\":\"https:\\\/\\\/anoticiaonline.com.br\\\/site\\\/categoria\\\/regiao\\\/#listItem\",\"position\":2,\"name\":\"Regi\\u00e3o\",\"item\":\"https:\\\/\\\/anoticiaonline.com.br\\\/site\\\/categoria\\\/regiao\\\/\",\"nextItem\":{\"@type\":\"ListItem\",\"@id\":\"https:\\\/\\\/anoticiaonline.com.br\\\/site\\\/eloisio-cunha-e-empossado-prefeito-de-ervalia\\\/#listItem\",\"name\":\"Elo\\u00edsio Cunha \\u00e9 empossado prefeito de Erv\\u00e1lia\"},\"previousItem\":{\"@type\":\"ListItem\",\"@id\":\"https:\\\/\\\/anoticiaonline.com.br\\\/site#listItem\",\"name\":\"Home\"}},{\"@type\":\"ListItem\",\"@id\":\"https:\\\/\\\/anoticiaonline.com.br\\\/site\\\/eloisio-cunha-e-empossado-prefeito-de-ervalia\\\/#listItem\",\"position\":3,\"name\":\"Elo\\u00edsio Cunha \\u00e9 empossado prefeito de Erv\\u00e1lia\",\"previousItem\":{\"@type\":\"ListItem\",\"@id\":\"https:\\\/\\\/anoticiaonline.com.br\\\/site\\\/categoria\\\/regiao\\\/#listItem\",\"name\":\"Regi\\u00e3o\"}}]},{\"@type\":\"Organization\",\"@id\":\"https:\\\/\\\/anoticiaonline.com.br\\\/site\\\/#organization\",\"name\":\"A Not\\u00edcia Online\",\"description\":\"Noticias de Muria\\u00e9 e regi\\u00e3o\",\"url\":\"https:\\\/\\\/anoticiaonline.com.br\\\/site\\\/\",\"logo\":{\"@type\":\"ImageObject\",\"url\":\"https:\\\/\\\/scontent-gig4-1.xx.fbcdn.net\\\/v\\\/t39.30808-1\\\/270437624_4564083193639691_6907940295614233970_n.jpg?stp=dst-jpg_s200x200_tt6&_nc_cat=111&ccb=1-7&_nc_sid=f907e8&_nc_ohc=SM1wRlP3lJwQ7kNvwEPuBYA&_nc_oc=AdnqrjDN_BNjSSHWO-GbkIWH6fkGMLw4bqvL_NH6e2wMveX7G-rP2dAqsDSq1mJMOaY&_nc_zt=24&_nc_ht=scontent-gig4-1.xx&_nc_gid=AoBFJeGrT1hVaew_6rchkQ&oh=00_AfX7QmFGhQhG2jAllVgXCiM1ZrWgvtp80-Bfppyexh1QEg&oe=689E923C\",\"@id\":\"https:\\\/\\\/anoticiaonline.com.br\\\/site\\\/eloisio-cunha-e-empossado-prefeito-de-ervalia\\\/#organizationLogo\"},\"image\":{\"@id\":\"https:\\\/\\\/anoticiaonline.com.br\\\/site\\\/eloisio-cunha-e-empossado-prefeito-de-ervalia\\\/#organizationLogo\"}},{\"@type\":\"Person\",\"@id\":\"https:\\\/\\\/anoticiaonline.com.br\\\/site\\\/author\\\/juliana\\\/#author\",\"url\":\"https:\\\/\\\/anoticiaonline.com.br\\\/site\\\/author\\\/juliana\\\/\",\"name\":\"Juliana Laviola\",\"image\":{\"@type\":\"ImageObject\",\"@id\":\"https:\\\/\\\/anoticiaonline.com.br\\\/site\\\/eloisio-cunha-e-empossado-prefeito-de-ervalia\\\/#authorImage\",\"url\":\"https:\\\/\\\/secure.gravatar.com\\\/avatar\\\/b8d45f5c699b100dfaf0e543582f38f38bf94cb7ae3a5e9abf8d891a34773335?s=96&d=mm&r=g\",\"width\":96,\"height\":96,\"caption\":\"Juliana Laviola\"}},{\"@type\":\"WebPage\",\"@id\":\"https:\\\/\\\/anoticiaonline.com.br\\\/site\\\/eloisio-cunha-e-empossado-prefeito-de-ervalia\\\/#webpage\",\"url\":\"https:\\\/\\\/anoticiaonline.com.br\\\/site\\\/eloisio-cunha-e-empossado-prefeito-de-ervalia\\\/\",\"name\":\"Elo\\u00edsio Cunha \\u00e9 empossado prefeito de Erv\\u00e1lia - A Not\\u00edcia Online\",\"description\":\"Elo\\u00edsio Cunha (DEM) e Mauro Godinho foram empossados, respectivamente, prefeito e vice-prefeito de Erv\\u00e1lia. A solenidade aconteceu no domingo (2), na C\\u00e2mara de Vereadores daquela cidade. O novo prefeito e o vice venceram a elei\\u00e7\\u00e3o extempor\\u00e2nea, realizada no dia 12 de mar\\u00e7o, com 7.233 votos (54,33% dos votos). Elo\\u00edsio concorreu nas elei\\u00e7\\u00f5es de outubro de\",\"inLanguage\":\"pt-BR\",\"isPartOf\":{\"@id\":\"https:\\\/\\\/anoticiaonline.com.br\\\/site\\\/#website\"},\"breadcrumb\":{\"@id\":\"https:\\\/\\\/anoticiaonline.com.br\\\/site\\\/eloisio-cunha-e-empossado-prefeito-de-ervalia\\\/#breadcrumblist\"},\"author\":{\"@id\":\"https:\\\/\\\/anoticiaonline.com.br\\\/site\\\/author\\\/juliana\\\/#author\"},\"creator\":{\"@id\":\"https:\\\/\\\/anoticiaonline.com.br\\\/site\\\/author\\\/juliana\\\/#author\"},\"image\":{\"@type\":\"ImageObject\",\"url\":\"https:\\\/\\\/anoticiaonline.com.br\\\/site\\\/wp-content\\\/uploads\\\/2017\\\/04\\\/DSC_0006.jpg\",\"@id\":\"https:\\\/\\\/anoticiaonline.com.br\\\/site\\\/eloisio-cunha-e-empossado-prefeito-de-ervalia\\\/#mainImage\",\"width\":640,\"height\":503},\"primaryImageOfPage\":{\"@id\":\"https:\\\/\\\/anoticiaonline.com.br\\\/site\\\/eloisio-cunha-e-empossado-prefeito-de-ervalia\\\/#mainImage\"},\"datePublished\":\"2017-04-06T08:53:35-03:00\",\"dateModified\":\"2017-04-06T18:48:09-03:00\"},{\"@type\":\"WebSite\",\"@id\":\"https:\\\/\\\/anoticiaonline.com.br\\\/site\\\/#website\",\"url\":\"https:\\\/\\\/anoticiaonline.com.br\\\/site\\\/\",\"name\":\"A Not\\u00edcia Online\",\"description\":\"Noticias de Muria\\u00e9 e regi\\u00e3o\",\"inLanguage\":\"pt-BR\",\"publisher\":{\"@id\":\"https:\\\/\\\/anoticiaonline.com.br\\\/site\\\/#organization\"}}]}\n\t\t<\/script>\n\t\t<!-- All in One SEO -->\n\n","aioseo_head_json":{"title":"Elo\u00edsio Cunha \u00e9 empossado prefeito de Erv\u00e1lia - A Not\u00edcia Online","description":"Elo\u00edsio Cunha (DEM) e Mauro Godinho foram empossados, respectivamente, prefeito e vice-prefeito de Erv\u00e1lia. A solenidade aconteceu no domingo (2), na C\u00e2mara de Vereadores daquela cidade. O novo prefeito e o vice venceram a elei\u00e7\u00e3o extempor\u00e2nea, realizada no dia 12 de mar\u00e7o, com 7.233 votos (54,33% dos votos). Elo\u00edsio concorreu nas elei\u00e7\u00f5es de outubro de","canonical_url":"https:\/\/anoticiaonline.com.br\/site\/eloisio-cunha-e-empossado-prefeito-de-ervalia\/","robots":"max-image-preview:large","keywords":"","webmasterTools":{"miscellaneous":""},"schema":{"@context":"https:\/\/schema.org","@graph":[{"@type":"BlogPosting","@id":"https:\/\/anoticiaonline.com.br\/site\/eloisio-cunha-e-empossado-prefeito-de-ervalia\/#blogposting","name":"Elo\u00edsio Cunha \u00e9 empossado prefeito de Erv\u00e1lia - A Not\u00edcia Online","headline":"Elo\u00edsio Cunha \u00e9 empossado prefeito de Erv\u00e1lia","author":{"@id":"https:\/\/anoticiaonline.com.br\/site\/author\/juliana\/#author"},"publisher":{"@id":"https:\/\/anoticiaonline.com.br\/site\/#organization"},"image":{"@type":"ImageObject","url":"https:\/\/anoticiaonline.com.br\/site\/wp-content\/uploads\/2017\/04\/DSC_0006.jpg","width":640,"height":503},"datePublished":"2017-04-06T08:53:35-03:00","dateModified":"2017-04-06T18:48:09-03:00","inLanguage":"pt-BR","mainEntityOfPage":{"@id":"https:\/\/anoticiaonline.com.br\/site\/eloisio-cunha-e-empossado-prefeito-de-ervalia\/#webpage"},"isPartOf":{"@id":"https:\/\/anoticiaonline.com.br\/site\/eloisio-cunha-e-empossado-prefeito-de-ervalia\/#webpage"},"articleSection":"Regi\u00e3o, slide"},{"@type":"BreadcrumbList","@id":"https:\/\/anoticiaonline.com.br\/site\/eloisio-cunha-e-empossado-prefeito-de-ervalia\/#breadcrumblist","itemListElement":[{"@type":"ListItem","@id":"https:\/\/anoticiaonline.com.br\/site#listItem","position":1,"name":"Home","item":"https:\/\/anoticiaonline.com.br\/site","nextItem":{"@type":"ListItem","@id":"https:\/\/anoticiaonline.com.br\/site\/categoria\/regiao\/#listItem","name":"Regi\u00e3o"}},{"@type":"ListItem","@id":"https:\/\/anoticiaonline.com.br\/site\/categoria\/regiao\/#listItem","position":2,"name":"Regi\u00e3o","item":"https:\/\/anoticiaonline.com.br\/site\/categoria\/regiao\/","nextItem":{"@type":"ListItem","@id":"https:\/\/anoticiaonline.com.br\/site\/eloisio-cunha-e-empossado-prefeito-de-ervalia\/#listItem","name":"Elo\u00edsio Cunha \u00e9 empossado prefeito de Erv\u00e1lia"},"previousItem":{"@type":"ListItem","@id":"https:\/\/anoticiaonline.com.br\/site#listItem","name":"Home"}},{"@type":"ListItem","@id":"https:\/\/anoticiaonline.com.br\/site\/eloisio-cunha-e-empossado-prefeito-de-ervalia\/#listItem","position":3,"name":"Elo\u00edsio Cunha \u00e9 empossado prefeito de Erv\u00e1lia","previousItem":{"@type":"ListItem","@id":"https:\/\/anoticiaonline.com.br\/site\/categoria\/regiao\/#listItem","name":"Regi\u00e3o"}}]},{"@type":"Organization","@id":"https:\/\/anoticiaonline.com.br\/site\/#organization","name":"A Not\u00edcia Online","description":"Noticias de Muria\u00e9 e regi\u00e3o","url":"https:\/\/anoticiaonline.com.br\/site\/","logo":{"@type":"ImageObject","url":"https:\/\/scontent-gig4-1.xx.fbcdn.net\/v\/t39.30808-1\/270437624_4564083193639691_6907940295614233970_n.jpg?stp=dst-jpg_s200x200_tt6&_nc_cat=111&ccb=1-7&_nc_sid=f907e8&_nc_ohc=SM1wRlP3lJwQ7kNvwEPuBYA&_nc_oc=AdnqrjDN_BNjSSHWO-GbkIWH6fkGMLw4bqvL_NH6e2wMveX7G-rP2dAqsDSq1mJMOaY&_nc_zt=24&_nc_ht=scontent-gig4-1.xx&_nc_gid=AoBFJeGrT1hVaew_6rchkQ&oh=00_AfX7QmFGhQhG2jAllVgXCiM1ZrWgvtp80-Bfppyexh1QEg&oe=689E923C","@id":"https:\/\/anoticiaonline.com.br\/site\/eloisio-cunha-e-empossado-prefeito-de-ervalia\/#organizationLogo"},"image":{"@id":"https:\/\/anoticiaonline.com.br\/site\/eloisio-cunha-e-empossado-prefeito-de-ervalia\/#organizationLogo"}},{"@type":"Person","@id":"https:\/\/anoticiaonline.com.br\/site\/author\/juliana\/#author","url":"https:\/\/anoticiaonline.com.br\/site\/author\/juliana\/","name":"Juliana Laviola","image":{"@type":"ImageObject","@id":"https:\/\/anoticiaonline.com.br\/site\/eloisio-cunha-e-empossado-prefeito-de-ervalia\/#authorImage","url":"https:\/\/secure.gravatar.com\/avatar\/b8d45f5c699b100dfaf0e543582f38f38bf94cb7ae3a5e9abf8d891a34773335?s=96&d=mm&r=g","width":96,"height":96,"caption":"Juliana Laviola"}},{"@type":"WebPage","@id":"https:\/\/anoticiaonline.com.br\/site\/eloisio-cunha-e-empossado-prefeito-de-ervalia\/#webpage","url":"https:\/\/anoticiaonline.com.br\/site\/eloisio-cunha-e-empossado-prefeito-de-ervalia\/","name":"Elo\u00edsio Cunha \u00e9 empossado prefeito de Erv\u00e1lia - A Not\u00edcia Online","description":"Elo\u00edsio Cunha (DEM) e Mauro Godinho foram empossados, respectivamente, prefeito e vice-prefeito de Erv\u00e1lia. A solenidade aconteceu no domingo (2), na C\u00e2mara de Vereadores daquela cidade. O novo prefeito e o vice venceram a elei\u00e7\u00e3o extempor\u00e2nea, realizada no dia 12 de mar\u00e7o, com 7.233 votos (54,33% dos votos). Elo\u00edsio concorreu nas elei\u00e7\u00f5es de outubro de","inLanguage":"pt-BR","isPartOf":{"@id":"https:\/\/anoticiaonline.com.br\/site\/#website"},"breadcrumb":{"@id":"https:\/\/anoticiaonline.com.br\/site\/eloisio-cunha-e-empossado-prefeito-de-ervalia\/#breadcrumblist"},"author":{"@id":"https:\/\/anoticiaonline.com.br\/site\/author\/juliana\/#author"},"creator":{"@id":"https:\/\/anoticiaonline.com.br\/site\/author\/juliana\/#author"},"image":{"@type":"ImageObject","url":"https:\/\/anoticiaonline.com.br\/site\/wp-content\/uploads\/2017\/04\/DSC_0006.jpg","@id":"https:\/\/anoticiaonline.com.br\/site\/eloisio-cunha-e-empossado-prefeito-de-ervalia\/#mainImage","width":640,"height":503},"primaryImageOfPage":{"@id":"https:\/\/anoticiaonline.com.br\/site\/eloisio-cunha-e-empossado-prefeito-de-ervalia\/#mainImage"},"datePublished":"2017-04-06T08:53:35-03:00","dateModified":"2017-04-06T18:48:09-03:00"},{"@type":"WebSite","@id":"https:\/\/anoticiaonline.com.br\/site\/#website","url":"https:\/\/anoticiaonline.com.br\/site\/","name":"A Not\u00edcia Online","description":"Noticias de Muria\u00e9 e regi\u00e3o","inLanguage":"pt-BR","publisher":{"@id":"https:\/\/anoticiaonline.com.br\/site\/#organization"}}]},"og:locale":"pt_BR","og:site_name":"A Not\u00edcia Online - Noticias de Muria\u00e9 e regi\u00e3o","og:type":"article","og:title":"Elo\u00edsio Cunha \u00e9 empossado prefeito de Erv\u00e1lia - A Not\u00edcia Online","og:description":"Elo\u00edsio Cunha (DEM) e Mauro Godinho foram empossados, respectivamente, prefeito e vice-prefeito de Erv\u00e1lia. A solenidade aconteceu no domingo (2), na C\u00e2mara de Vereadores daquela cidade. O novo prefeito e o vice venceram a elei\u00e7\u00e3o extempor\u00e2nea, realizada no dia 12 de mar\u00e7o, com 7.233 votos (54,33% dos votos). Elo\u00edsio concorreu nas elei\u00e7\u00f5es de outubro de","og:url":"https:\/\/anoticiaonline.com.br\/site\/eloisio-cunha-e-empossado-prefeito-de-ervalia\/","og:image":"https:\/\/scontent-gig4-1.xx.fbcdn.net\/v\/t39.30808-1\/270437624_4564083193639691_6907940295614233970_n.jpg?stp=dst-jpg_s200x200_tt6&#038;_nc_cat=111&#038;ccb=1-7&#038;_nc_sid=f907e8&#038;_nc_ohc=SM1wRlP3lJwQ7kNvwEPuBYA&#038;_nc_oc=AdnqrjDN_BNjSSHWO-GbkIWH6fkGMLw4bqvL_NH6e2wMveX7G-rP2dAqsDSq1mJMOaY&#038;_nc_zt=24&#038;_nc_ht=scontent-gig4-1.xx&#038;_nc_gid=AoBFJeGrT1hVaew_6rchkQ&#038;oh=00_AfX7QmFGhQhG2jAllVgXCiM1ZrWgvtp80-Bfppyexh1QEg&#038;oe=689E923C","og:image:secure_url":"https:\/\/scontent-gig4-1.xx.fbcdn.net\/v\/t39.30808-1\/270437624_4564083193639691_6907940295614233970_n.jpg?stp=dst-jpg_s200x200_tt6&#038;_nc_cat=111&#038;ccb=1-7&#038;_nc_sid=f907e8&#038;_nc_ohc=SM1wRlP3lJwQ7kNvwEPuBYA&#038;_nc_oc=AdnqrjDN_BNjSSHWO-GbkIWH6fkGMLw4bqvL_NH6e2wMveX7G-rP2dAqsDSq1mJMOaY&#038;_nc_zt=24&#038;_nc_ht=scontent-gig4-1.xx&#038;_nc_gid=AoBFJeGrT1hVaew_6rchkQ&#038;oh=00_AfX7QmFGhQhG2jAllVgXCiM1ZrWgvtp80-Bfppyexh1QEg&#038;oe=689E923C","article:published_time":"2017-04-06T11:53:35+00:00","article:modified_time":"2017-04-06T21:48:09+00:00","twitter:card":"summary_large_image","twitter:title":"Elo\u00edsio Cunha \u00e9 empossado prefeito de Erv\u00e1lia - A Not\u00edcia Online","twitter:description":"Elo\u00edsio Cunha (DEM) e Mauro Godinho foram empossados, respectivamente, prefeito e vice-prefeito de Erv\u00e1lia. A solenidade aconteceu no domingo (2), na C\u00e2mara de Vereadores daquela cidade. O novo prefeito e o vice venceram a elei\u00e7\u00e3o extempor\u00e2nea, realizada no dia 12 de mar\u00e7o, com 7.233 votos (54,33% dos votos). Elo\u00edsio concorreu nas elei\u00e7\u00f5es de outubro de","twitter:image":"https:\/\/scontent-gig4-1.xx.fbcdn.net\/v\/t39.30808-1\/270437624_4564083193639691_6907940295614233970_n.jpg?stp=dst-jpg_s200x200_tt6&_nc_cat=111&ccb=1-7&_nc_sid=f907e8&_nc_ohc=SM1wRlP3lJwQ7kNvwEPuBYA&_nc_oc=AdnqrjDN_BNjSSHWO-GbkIWH6fkGMLw4bqvL_NH6e2wMveX7G-rP2dAqsDSq1mJMOaY&_nc_zt=24&_nc_ht=scontent-gig4-1.xx&_nc_gid=AoBFJeGrT1hVaew_6rchkQ&oh=00_AfX7QmFGhQhG2jAllVgXCiM1ZrWgvtp80-Bfppyexh1QEg&oe=689E923C"},"aioseo_meta_data":{"post_id":"27365","title":null,"description":null,"keywords":null,"keyphrases":null,"primary_term":null,"canonical_url":null,"og_title":null,"og_description":null,"og_object_type":"default","og_image_type":"default","og_image_url":null,"og_image_width":null,"og_image_height":null,"og_image_custom_url":null,"og_image_custom_fields":null,"og_video":null,"og_custom_url":null,"og_article_section":null,"og_article_tags":null,"twitter_use_og":false,"twitter_card":"default","twitter_image_type":"default","twitter_image_url":null,"twitter_image_custom_url":null,"twitter_image_custom_fields":null,"twitter_title":null,"twitter_description":null,"schema":{"blockGraphs":[],"customGraphs":[],"default":{"data":{"Article":[],"Course":[],"Dataset":[],"FAQPage":[],"Movie":[],"Person":[],"Product":[],"ProductReview":[],"Car":[],"Recipe":[],"Service":[],"SoftwareApplication":[],"WebPage":[]},"graphName":"","isEnabled":true},"graphs":[]},"schema_type":"default","schema_type_options":null,"pillar_content":false,"robots_default":true,"robots_noindex":false,"robots_noarchive":false,"robots_nosnippet":false,"robots_nofollow":false,"robots_noimageindex":false,"robots_noodp":false,"robots_notranslate":false,"robots_max_snippet":null,"robots_max_videopreview":null,"robots_max_imagepreview":"large","priority":null,"frequency":null,"local_seo":null,"breadcrumb_settings":null,"limit_modified_date":false,"ai":null,"created":"2025-08-16 18:09:25","updated":"2025-08-16 18:09:25","focus_keyword":null,"additional_keywords":null,"truseo_locale":null,"seo_analyzer_scan_date":null},"aioseo_breadcrumb":"<div class=\"aioseo-breadcrumbs\"><span class=\"aioseo-breadcrumb\">\n\t\t\t<a href=\"https:\/\/anoticiaonline.com.br\/site\" title=\"Home\">Home<\/a>\n\t\t<\/span><span class=\"aioseo-breadcrumb-separator\">&raquo;<\/span><span class=\"aioseo-breadcrumb\">\n\t\t\t<a href=\"https:\/\/anoticiaonline.com.br\/site\/categoria\/regiao\/\" title=\"Regi\u00e3o\">Regi\u00e3o<\/a>\n\t\t<\/span><span class=\"aioseo-breadcrumb-separator\">&raquo;<\/span><span class=\"aioseo-breadcrumb\">\n\t\t\tElo\u00edsio Cunha \u00e9 empossado prefeito de Erv\u00e1lia\n\t\t<\/span><\/div>","aioseo_breadcrumb_json":[{"label":"Home","link":"https:\/\/anoticiaonline.com.br\/site"},{"label":"Regi\u00e3o","link":"https:\/\/anoticiaonline.com.br\/site\/categoria\/regiao\/"},{"label":"Elo\u00edsio Cunha \u00e9 empossado prefeito de Erv\u00e1lia","link":"https:\/\/anoticiaonline.com.br\/site\/eloisio-cunha-e-empossado-prefeito-de-ervalia\/"}],"views":167,"_links":{"self":[{"href":"https:\/\/anoticiaonline.com.br\/site\/wp-json\/wp\/v2\/posts\/27365","targetHints":{"allow":["GET"]}}],"collection":[{"href":"https:\/\/anoticiaonline.com.br\/site\/wp-json\/wp\/v2\/posts"}],"about":[{"href":"https:\/\/anoticiaonline.com.br\/site\/wp-json\/wp\/v2\/types\/post"}],"author":[{"embeddable":true,"href":"https:\/\/anoticiaonline.com.br\/site\/wp-json\/wp\/v2\/users\/2"}],"replies":[{"embeddable":true,"href":"https:\/\/anoticiaonline.com.br\/site\/wp-json\/wp\/v2\/comments?post=27365"}],"version-history":[{"count":0,"href":"https:\/\/anoticiaonline.com.br\/site\/wp-json\/wp\/v2\/posts\/27365\/revisions"}],"wp:featuredmedia":[{"embeddable":true,"href":"https:\/\/anoticiaonline.com.br\/site\/wp-json\/wp\/v2\/media\/27366"}],"wp:attachment":[{"href":"https:\/\/anoticiaonline.com.br\/site\/wp-json\/wp\/v2\/media?parent=27365"}],"wp:term":[{"taxonomy":"category","embeddable":true,"href":"https:\/\/anoticiaonline.com.br\/site\/wp-json\/wp\/v2\/categories?post=27365"},{"taxonomy":"post_tag","embeddable":true,"href":"https:\/\/anoticiaonline.com.br\/site\/wp-json\/wp\/v2\/tags?post=27365"}],"curies":[{"name":"wp","href":"https:\/\/api.w.org\/{rel}","templated":true}]}}